{"id":836683,"date":"2021-08-15T17:33:25","date_gmt":"2021-08-15T20:33:25","guid":{"rendered":"https:\/\/www.estrategiaconcursos.com.br\/blog\/?p=836683"},"modified":"2021-08-16T08:33:15","modified_gmt":"2021-08-16T11:33:15","slug":"gabarito-extraoficial-sefaz-ce-direito-tributario","status":"publish","type":"post","link":"https:\/\/www.estrategiaconcursos.com.br\/blog\/gabarito-extraoficial-sefaz-ce-direito-tributario\/","title":{"rendered":"Gabarito Extraoficial SEFAZ-CE \u2013 Direito Tribut\u00e1rio"},"content":{"rendered":"\n<p>Fala Pessoal, tudo bem com voc\u00eas?<\/p>\n\n\n\n<p>Aqui \u00e9 o Fernando Mauricio, professor de Direito Tribut\u00e1rio do Estrat\u00e9gia Concursos.<\/p>\n\n\n\n<p>Abaixo trago para voc\u00eas a resolu\u00e7\u00e3o das quest\u00f5es de Direito Tribut\u00e1rio da prova da SEFAZ-CE deste domingo, 15\/08\/2021.<\/p>\n\n\n\n<p>E para quem ainda n\u00e3o me segue nas redes sociais, meu Instagram \u00e9 <em>@proffernandom.<\/em><\/p>\n\n\n\n<p>.<span class=\"has-inline-color has-white-color\">.<\/span><\/p>\n\n\n\n<p>Ent\u00e3o Vamos l\u00e1!<\/p>\n\n\n\n<p>Resolu\u00e7\u00e3o das quest\u00f5es de Direito Tribut\u00e1rio SEFAZ-CE 2021:<\/p>\n\n\n\n<p><span class=\"has-inline-color has-white-color\">.<\/span>.<\/p>\n\n\n\n<p>Considerando a doutrina cl\u00e1ssica e majorit\u00e1ria de Direito Tribut\u00e1rio, julgue os itens que se segue.<\/p>\n\n\n\n<p><strong>117-)<\/strong> O efeito extrafiscal de um tributo pode tanto ser uma decorr\u00eancia secund\u00e1ria da tributa\u00e7\u00e3o como ser deliberadamente planejado para dissuadir ou estimular certas condutas econ\u00f4micas.<\/p>\n\n\n\n<p><strong>Gabarito<\/strong>: Certo<\/p>\n\n\n\n<p>De fato, o efeito extrafiscal de um tributo (aquele em que a tributa\u00e7\u00e3o tem como fun\u00e7\u00e3o principal a interven\u00e7\u00e3o na Economia do pa\u00eds) pode ser o verdadeiramente planejado pelo Poder P\u00fablico, como tamb\u00e9m pode ser uma consequ\u00eancia indireta da tributa\u00e7\u00e3o (por exemplo um tributo que tenha por objetivo principal a arrecada\u00e7\u00e3o, mas que acaba indiretamente regulando\/intervindo na Economia do pa\u00eds). <\/p>\n\n\n\n<p>&nbsp;.      <\/p>\n\n\n\n<p><strong>118-)<\/strong> Isen\u00e7\u00f5es tribut\u00e1rias se distinguem das imunidades tribut\u00e1rias por serem normas negativas de compet\u00eancia tribut\u00e1ria, enquanto as imunidades s\u00e3o benef\u00edcios fiscais que pressup\u00f5e a exist\u00eancia da compet\u00eancia tribut\u00e1ria.<\/p>\n\n\n\n<p><strong>Gabarito<\/strong>: Errado<\/p>\n\n\n\n<p>Os conceitos est\u00e3o invertidos. Na realidade, as imunidades s\u00e3o consideradas como impedimentos ao exerc\u00edcio da compet\u00eancia tribut\u00e1ria pela Constitui\u00e7\u00e3o Federal (uma incompet\u00eancia tribut\u00e1ria),&nbsp; enquanto a isen\u00e7\u00e3o \u00e9 considerada um benef\u00edcio tribut\u00e1rio, concedido atrav\u00e9s de Lei, em que existe a compet\u00eancia tribut\u00e1ria.<\/p>\n\n\n\n<p><span class=\"has-inline-color has-white-color\">.<\/span>.        <\/p>\n\n\n\n<p><strong>119-)<\/strong> Entende-se por princ\u00edpio da n\u00e3o afeta\u00e7\u00e3o a caracter\u00edstica dos impostos de terem por fato gerador uma situa\u00e7\u00e3o que n\u00e3o precisa estar ligada a uma atividade estatal espec\u00edfica e divis\u00edvel.<\/p>\n\n\n\n<p><strong>Gabarito<\/strong>: Errado<\/p>\n\n\n\n<p>O Princ\u00edpio da N\u00e3o Afeta\u00e7\u00e3o relaciona-se \u00e0 veda\u00e7\u00e3o\/proibi\u00e7\u00e3o da vincula\u00e7\u00e3o da receita a determinado fim;&nbsp; e n\u00e3o em rela\u00e7\u00e3o \u00e0 vincula\u00e7\u00e3o da tributa\u00e7\u00e3o a uma atividade estatal espec\u00edfica.<\/p>\n\n\n\n<p>Considerando o Disposto na Constitui\u00e7\u00e3o Federal e no C\u00f3digo Tribut\u00e1rio Nacional (CTN), julgue os itens a seguir.<\/p>\n\n\n\n<p>.<\/p>\n\n\n\n<p><strong>120-)<\/strong> Os decretos podem ser considerados legisla\u00e7\u00e3o tribut\u00e1ria, para os efeitos do CTN.<\/p>\n\n\n\n<p><strong>Gabarito<\/strong>: Certo<\/p>\n\n\n\n<p>De fato, a express\u00e3o &#8220;legisla\u00e7\u00e3o tribut\u00e1ria&#8221; compreende os decretos, conforme prev\u00ea o Artigo 96 do CTN:<\/p>\n\n\n\n<p><strong><em>CTN Art. 96<\/em><\/strong><em>. <u>A express\u00e3o &#8220;legisla\u00e7\u00e3o tribut\u00e1ria&#8221; compreende<\/u> as leis, os tratados e as conven\u00e7\u00f5es internacionais, <u>os <strong>decretos<\/strong><\/u> e as normas complementares que versem, no todo ou em parte, sobre tributos e rela\u00e7\u00f5es jur\u00eddicas a eles pertinentes.<\/em><\/p>\n\n\n\n<p>.<\/p>\n\n\n\n<p><strong>121-)<\/strong> A Obriga\u00e7\u00e3o Tribut\u00e1ria principal pode ter por objeto tanto o pagamento de um tributo, como o de uma penalidade pecuni\u00e1ria.<\/p>\n\n\n\n<p><strong>Gabarito<\/strong>: Certo<\/p>\n\n\n\n<p>Quest\u00e3o praticamente literal do CTN, em seu Artigo 113. Sempre que falamos em Obriga\u00e7\u00e3o Tribut\u00e1ria <strong>Principal<\/strong>, devemos associar a <strong>Pagamento<\/strong>, seja ele de tributo, ou mesmo de penalidade pecuni\u00e1ria.<\/p>\n\n\n\n<p>Vejamos:<\/p>\n\n\n\n<p><strong><em>Art. 113. \u00a7 1\u00ba. <\/em><\/strong><em>A obriga\u00e7\u00e3o principal surge com a ocorr\u00eancia do fato gerador, tem por objeto o <u>pagamento de tributo ou penalidade pecuni\u00e1ria<\/u> e extingue-se juntamente com o cr\u00e9dito dela decorrente.<\/em><\/p>\n\n\n\n<p>.<\/p>\n\n\n\n<p><strong>122-)<\/strong> S\u00e3o exemplos de tributos de compet\u00eancia estadual o imposto sobre transmiss\u00e3o causa mortis e o imposto sobre doa\u00e7\u00e3o.<\/p>\n\n\n\n<p><strong>Gabarito<\/strong>: Certo*<\/p>\n\n\n\n<p>O ITCMD &#8211; Imposto sobre Transmiss\u00e3o Causa Mortis e Doa\u00e7\u00e3o, de quaisquer bens ou direitos, assim denominado pela CF\/88, \u00e9 um dos tributos previstos na Carta Magna de compet\u00eancia Estadual, e que possui Fatos Geradores distintos, quais sejam, a transmiss\u00e3o causa mortis e a transmiss\u00e3o por doa\u00e7\u00e3o (n\u00e3o onerosa). Assim, entendemos que a alternativa est\u00e1 correta.<\/p>\n\n\n\n<p><strong>*Obs<\/strong>. Se por acaso o examinador, ao desmembrar no enunciado o ITCMD em \u201cimposto sobre transmiss\u00e3o <em>causa mortis<\/em>\u201d e \u201cimposto sobre a doa\u00e7\u00e3o\u201d, teve por inten\u00e7\u00e3o fazer refer\u00eancia a exist\u00eancia de dois impostos distintos, a quest\u00e3o estaria Errada, tendo em vista que o ITCMD \u00e9 apenas um \u00fanico imposto. (Mas n\u00e3o acreditamos que tenha sido esta a real inten\u00e7\u00e3o do examinador).<\/p>\n\n\n\n<p>.<\/p>\n\n\n\n<p><strong>123-)<\/strong> O sucessor apenas responde polos tributos devidos pelo <em>de cujus<\/em> que tenham sido lan\u00e7ados at\u00e9 a data do falecimento.<\/p>\n\n\n\n<p><strong>Gabarito<\/strong>: Errado<\/p>\n\n\n\n<p>O sucessor \u00e9 pessoalmente respons\u00e1vel pelos tributos devidos pelo \u201cde cujus\u201d at\u00e9 a data da partilha ou adjudica\u00e7\u00e3o; e n\u00e3o apenas at\u00e9 a data da abertura da sucess\u00e3o (morte).<\/p>\n\n\n\n<p>Vejamos o que afirma o CTN sobre o assunto:<\/p>\n\n\n\n<p><strong><em>Art. 131.<\/em><\/strong><em> S\u00e3o pessoalmente respons\u00e1veis:<\/em><\/p>\n\n\n\n<p><strong><em>II &#8211;<\/em><\/strong><em> o sucessor a qualquer t\u00edtulo e o c\u00f4njuge meeiro, pelos tributos devidos pelo de cujus <u>at\u00e9 a data da partilha ou adjudica\u00e7\u00e3o<\/u>, limitada esta responsabilidade ao montante do quinh\u00e3o do legado ou da mea\u00e7\u00e3o;<\/em><\/p>\n\n\n\n<p>.<\/p>\n\n\n\n<p>Considerando o que preveem a Lei Complementar n.\u00ba 123\/2006 e a Lei Complementar n.\u00ba116\/2003 e suas altera\u00e7\u00f5es, julgue os itens a seguir.<\/p>\n\n\n\n<p>.<span class=\"has-inline-color has-white-color\">..  <\/span><\/p>\n\n\n\n<p><strong>124-)<\/strong> No caso de opera\u00e7\u00f5es de cr\u00e9dito realizadas por institui\u00e7\u00f5es financeiras, o ISSQN somente incide sobre os juros e respectivos acr\u00e9scimos morat\u00f3rios, n\u00e3o sobre o principal.<\/p>\n\n\n\n<p><strong>Gabarito<\/strong>: Errado<\/p>\n\n\n\n<p>Conforme prev\u00ea a LC 116\/03, o ISS n\u00e3o incide sobre o principal, os juros e os&nbsp; acr\u00e9scimos morat\u00f3rios relativos a opera\u00e7\u00f5es de cr\u00e9dito realizadas por institui\u00e7\u00f5es financeiras.<\/p>\n\n\n\n<p>Vejamos o Art. 2\u00ba, Inciso III da LC 116\/03:<\/p>\n\n\n\n<p><strong><em>Art. 2\u00ba<\/em><\/strong><em>&nbsp; O imposto <strong><u>n\u00e3o incide<\/u><\/strong><u> sobre:<\/u><\/em><\/p>\n\n\n\n<p><strong><em>III \u2013<\/em><\/strong><em> o valor intermediado no mercado de t\u00edtulos e valores mobili\u00e1rios, o valor dos dep\u00f3sitos banc\u00e1rios, o principal, <u>juros e acr\u00e9scimos morat\u00f3rios<\/u> relativos a opera\u00e7\u00f5es de cr\u00e9dito realizadas por institui\u00e7\u00f5es financeiras.<\/em><\/p>\n\n\n\n<p>.<\/p>\n\n\n\n<p><strong>125-)<\/strong> As cooperativas de consumo podem aderir ao regime tribut\u00e1rio diferenciado do Simples.<\/p>\n\n\n\n<p><strong>Gabarito<\/strong>: Certo<\/p>\n\n\n\n<p>A LC 123\/06 prega que as cooperativas n\u00e3o poder\u00e3o se beneficiar do tratamento jur\u00eddico diferenciado previsto nesta Lei Complementar, contudo faz uma ressalva quanto as cooperativas de consumo. Vejamos:&nbsp;<\/p>\n\n\n\n<p><strong><em>LC 123\/06<\/em><\/strong><\/p>\n\n\n\n<p><strong><em>Art. 3\u00ba, \u00a7 4\u00ba<\/em><\/strong><em> <u>N\u00e3o poder\u00e1 se beneficiar do tratamento jur\u00eddico diferenciado<\/u> previsto nesta Lei Complementar, inclu\u00eddo o regime de que trata o art. 12 desta Lei Complementar, para nenhum efeito legal, a pessoa jur\u00eddica:<\/em><\/p>\n\n\n\n<p><strong><em>VI &#8211; <\/em><\/strong><em>constitu\u00edda sob a forma de <u>cooperativas<\/u>, <strong>salvo as de consumo<\/strong>;<\/em><\/p>\n\n\n\n<p>.<\/p>\n\n\n\n<p><span class=\"has-inline-color has-white-color\">.<\/span>.<span class=\"has-inline-color has-white-color\">.       <\/span><\/p>\n\n\n\n<p>Ent\u00e3o \u00e9 isso a\u00ed pessoal!<\/p>\n\n\n\n<p>Espero que voc\u00ea tenha realizado uma \u00f3tima prova!<\/p>\n\n\n\n<p>E qualquer coisa, \u00e9 s\u00f3 chamar no meu Instagram <em>@proffernandom<\/em><\/p>\n\n\n\n<p>.<span class=\"has-inline-color has-white-color\"> .  <\/span><\/p>\n\n\n\n<p>Um grande abra\u00e7o, fiquem com DEUS!<\/p>\n\n\n\n<p>Prof. Fernando Mauricio<\/p>\n","protected":false},"excerpt":{"rendered":"<p>Fala Pessoal, tudo bem com voc\u00eas? Aqui \u00e9 o Fernando Mauricio, professor de Direito Tribut\u00e1rio do Estrat\u00e9gia Concursos. Abaixo trago para voc\u00eas a resolu\u00e7\u00e3o das quest\u00f5es de Direito Tribut\u00e1rio da prova da SEFAZ-CE deste domingo, 15\/08\/2021. E para quem ainda n\u00e3o me segue nas redes sociais, meu Instagram \u00e9 @proffernandom. .. Ent\u00e3o Vamos l\u00e1! Resolu\u00e7\u00e3o [&hellip;]<\/p>\n","protected":false},"author":402,"featured_media":789170,"comment_status":"open","ping_status":"closed","sticky":false,"template":"","format":"standard","meta":{"post_tipo":"article","footnotes":""},"categories":[1983],"tags":[8,661],"tax_estado":[219969],"class_list":["post-836683","post","type-post","status-publish","format-standard","has-post-thumbnail","hentry","category-fiscal-estadual","tag-recurso","tag-recursos","tax_estado-ce"],"acf":[],"yoast_head":"<!-- This site is optimized with the Yoast SEO Premium plugin v27.2 (Yoast SEO v27.2) - https:\/\/yoast.com\/product\/yoast-seo-premium-wordpress\/ -->\n<title>Gabarito Extraoficial SEFAZ-CE \u2013 Direito Tribut\u00e1rio<\/title>\n<meta name=\"robots\" content=\"index, follow, max-snippet:-1, max-image-preview:large, max-video-preview:-1\" \/>\n<link rel=\"canonical\" href=\"https:\/\/www.estrategiaconcursos.com.br\/blog\/gabarito-extraoficial-sefaz-ce-direito-tributario\/\" \/>\n<meta property=\"og:locale\" content=\"pt_BR\" \/>\n<meta property=\"og:type\" content=\"article\" \/>\n<meta property=\"og:title\" content=\"Gabarito Extraoficial SEFAZ-CE \u2013 Direito Tribut\u00e1rio\" \/>\n<meta property=\"og:description\" content=\"Fala Pessoal, tudo bem com voc\u00eas? Aqui \u00e9 o Fernando Mauricio, professor de Direito Tribut\u00e1rio do Estrat\u00e9gia Concursos. Abaixo trago para voc\u00eas a resolu\u00e7\u00e3o das quest\u00f5es de Direito Tribut\u00e1rio da prova da SEFAZ-CE deste domingo, 15\/08\/2021. E para quem ainda n\u00e3o me segue nas redes sociais, meu Instagram \u00e9 @proffernandom. .. Ent\u00e3o Vamos l\u00e1! Resolu\u00e7\u00e3o [&hellip;]\" \/>\n<meta property=\"og:url\" content=\"https:\/\/www.estrategiaconcursos.com.br\/blog\/gabarito-extraoficial-sefaz-ce-direito-tributario\/\" \/>\n<meta property=\"og:site_name\" content=\"Estrat\u00e9gia Concursos\" \/>\n<meta property=\"article:published_time\" content=\"2021-08-15T20:33:25+00:00\" \/>\n<meta property=\"article:modified_time\" content=\"2021-08-16T11:33:15+00:00\" \/>\n<meta property=\"og:image\" content=\"https:\/\/dhg1h5j42swfq.cloudfront.net\/2021\/07\/07105220\/sefaz-ce_2-1024x536-1.jpg\" \/>\n\t<meta property=\"og:image:width\" content=\"1024\" \/>\n\t<meta property=\"og:image:height\" content=\"536\" \/>\n\t<meta property=\"og:image:type\" content=\"image\/jpeg\" \/>\n<meta name=\"author\" content=\"Fernando Mauricio Correa\" \/>\n<meta name=\"twitter:card\" content=\"summary_large_image\" \/>\n<meta name=\"twitter:creator\" content=\"@EstratConcursos\" \/>\n<meta name=\"twitter:site\" content=\"@EstratConcursos\" \/>\n<meta name=\"twitter:label1\" content=\"Escrito por\" \/>\n\t<meta name=\"twitter:data1\" content=\"Fernando Mauricio Correa\" \/>\n\t<meta name=\"twitter:label2\" content=\"Est. tempo de leitura\" \/>\n\t<meta name=\"twitter:data2\" content=\"5 minutos\" \/>\n<script type=\"application\/ld+json\" class=\"yoast-schema-graph\">{\"@context\":\"https:\/\/schema.org\",\"@graph\":[{\"@type\":\"NewsArticle\",\"@id\":\"https:\/\/www.estrategiaconcursos.com.br\/blog\/gabarito-extraoficial-sefaz-ce-direito-tributario\/#article\",\"isPartOf\":{\"@id\":\"https:\/\/www.estrategiaconcursos.com.br\/blog\/gabarito-extraoficial-sefaz-ce-direito-tributario\/\"},\"author\":{\"name\":\"Fernando Mauricio Correa\",\"@id\":\"https:\/\/www.estrategiaconcursos.com.br\/blog\/#\/schema\/person\/4cdc552e3e257646afc9e6506c7a9851\"},\"headline\":\"Gabarito Extraoficial SEFAZ-CE \u2013 Direito Tribut\u00e1rio\",\"datePublished\":\"2021-08-15T20:33:25+00:00\",\"dateModified\":\"2021-08-16T11:33:15+00:00\",\"mainEntityOfPage\":{\"@id\":\"https:\/\/www.estrategiaconcursos.com.br\/blog\/gabarito-extraoficial-sefaz-ce-direito-tributario\/\"},\"wordCount\":1100,\"commentCount\":0,\"publisher\":{\"@id\":\"https:\/\/www.estrategiaconcursos.com.br\/blog\/#organization\"},\"image\":{\"@id\":\"https:\/\/www.estrategiaconcursos.com.br\/blog\/gabarito-extraoficial-sefaz-ce-direito-tributario\/#primaryimage\"},\"thumbnailUrl\":\"https:\/\/dhg1h5j42swfq.cloudfront.net\/2021\/07\/07105220\/sefaz-ce_2-1024x536-1.jpg\",\"keywords\":[\"Recurso\",\"Recursos\"],\"articleSection\":[\"Fiscal - Estadual (ICMS)\"],\"inLanguage\":\"pt-BR\",\"potentialAction\":[{\"@type\":\"CommentAction\",\"name\":\"Comment\",\"target\":[\"https:\/\/www.estrategiaconcursos.com.br\/blog\/gabarito-extraoficial-sefaz-ce-direito-tributario\/#respond\"]}],\"copyrightYear\":\"2021\",\"copyrightHolder\":{\"@id\":\"https:\/\/www.estrategiaconcursos.com.br\/blog\/#organization\"}},{\"@type\":\"WebPage\",\"@id\":\"https:\/\/www.estrategiaconcursos.com.br\/blog\/gabarito-extraoficial-sefaz-ce-direito-tributario\/\",\"url\":\"https:\/\/www.estrategiaconcursos.com.br\/blog\/gabarito-extraoficial-sefaz-ce-direito-tributario\/\",\"name\":\"Gabarito Extraoficial SEFAZ-CE \u2013 Direito Tribut\u00e1rio\",\"isPartOf\":{\"@id\":\"https:\/\/www.estrategiaconcursos.com.br\/blog\/#website\"},\"primaryImageOfPage\":{\"@id\":\"https:\/\/www.estrategiaconcursos.com.br\/blog\/gabarito-extraoficial-sefaz-ce-direito-tributario\/#primaryimage\"},\"image\":{\"@id\":\"https:\/\/www.estrategiaconcursos.com.br\/blog\/gabarito-extraoficial-sefaz-ce-direito-tributario\/#primaryimage\"},\"thumbnailUrl\":\"https:\/\/dhg1h5j42swfq.cloudfront.net\/2021\/07\/07105220\/sefaz-ce_2-1024x536-1.jpg\",\"datePublished\":\"2021-08-15T20:33:25+00:00\",\"dateModified\":\"2021-08-16T11:33:15+00:00\",\"breadcrumb\":{\"@id\":\"https:\/\/www.estrategiaconcursos.com.br\/blog\/gabarito-extraoficial-sefaz-ce-direito-tributario\/#breadcrumb\"},\"inLanguage\":\"pt-BR\",\"potentialAction\":[{\"@type\":\"ReadAction\",\"target\":[\"https:\/\/www.estrategiaconcursos.com.br\/blog\/gabarito-extraoficial-sefaz-ce-direito-tributario\/\"]}]},{\"@type\":\"ImageObject\",\"inLanguage\":\"pt-BR\",\"@id\":\"https:\/\/www.estrategiaconcursos.com.br\/blog\/gabarito-extraoficial-sefaz-ce-direito-tributario\/#primaryimage\",\"url\":\"https:\/\/dhg1h5j42swfq.cloudfront.net\/2021\/07\/07105220\/sefaz-ce_2-1024x536-1.jpg\",\"contentUrl\":\"https:\/\/dhg1h5j42swfq.cloudfront.net\/2021\/07\/07105220\/sefaz-ce_2-1024x536-1.jpg\",\"width\":1024,\"height\":536,\"caption\":\"sefaz ce gabaritos\"},{\"@type\":\"BreadcrumbList\",\"@id\":\"https:\/\/www.estrategiaconcursos.com.br\/blog\/gabarito-extraoficial-sefaz-ce-direito-tributario\/#breadcrumb\",\"itemListElement\":[{\"@type\":\"ListItem\",\"position\":1,\"name\":\"In\u00edcio\",\"item\":\"https:\/\/www.estrategiaconcursos.com.br\/blog\/\"},{\"@type\":\"ListItem\",\"position\":2,\"name\":\"Gabarito Extraoficial SEFAZ-CE \u2013 Direito Tribut\u00e1rio\"}]},{\"@type\":\"WebSite\",\"@id\":\"https:\/\/www.estrategiaconcursos.com.br\/blog\/#website\",\"url\":\"https:\/\/www.estrategiaconcursos.com.br\/blog\/\",\"name\":\"Estrat\u00e9gia Concursos\",\"description\":\"O blog da Estrat\u00e9gia Concursos traz not\u00edcias sobre concursos e artigos de professores oferecendo cursos para concursos (pdf + videaulas) no site.\",\"publisher\":{\"@id\":\"https:\/\/www.estrategiaconcursos.com.br\/blog\/#organization\"},\"potentialAction\":[{\"@type\":\"SearchAction\",\"target\":{\"@type\":\"EntryPoint\",\"urlTemplate\":\"https:\/\/www.estrategiaconcursos.com.br\/blog\/?s={search_term_string}\"},\"query-input\":{\"@type\":\"PropertyValueSpecification\",\"valueRequired\":true,\"valueName\":\"search_term_string\"}}],\"inLanguage\":\"pt-BR\"},{\"@type\":\"Organization\",\"@id\":\"https:\/\/www.estrategiaconcursos.com.br\/blog\/#organization\",\"name\":\"Estrat\u00e9gia Concursos\",\"url\":\"https:\/\/www.estrategiaconcursos.com.br\/blog\/\",\"logo\":{\"@type\":\"ImageObject\",\"inLanguage\":\"pt-BR\",\"@id\":\"https:\/\/www.estrategiaconcursos.com.br\/blog\/#\/schema\/logo\/image\/\",\"url\":\"https:\/\/dhg1h5j42swfq.cloudfront.net\/2025\/06\/03203428\/logo_concursos-1.jpg\",\"contentUrl\":\"https:\/\/dhg1h5j42swfq.cloudfront.net\/2025\/06\/03203428\/logo_concursos-1.jpg\",\"width\":230,\"height\":60,\"caption\":\"Estrat\u00e9gia Concursos\"},\"image\":{\"@id\":\"https:\/\/www.estrategiaconcursos.com.br\/blog\/#\/schema\/logo\/image\/\"},\"sameAs\":[\"https:\/\/x.com\/EstratConcursos\"]},{\"@type\":\"Person\",\"@id\":\"https:\/\/www.estrategiaconcursos.com.br\/blog\/#\/schema\/person\/4cdc552e3e257646afc9e6506c7a9851\",\"name\":\"Fernando Mauricio Correa\",\"image\":{\"@type\":\"ImageObject\",\"inLanguage\":\"pt-BR\",\"@id\":\"https:\/\/secure.gravatar.com\/avatar\/8c36ab6f81139c903457bcc92b411ff282ac34975bf10c6b29c3bc52e647211c?s=96&d=mm&r=g\",\"url\":\"https:\/\/secure.gravatar.com\/avatar\/8c36ab6f81139c903457bcc92b411ff282ac34975bf10c6b29c3bc52e647211c?s=96&d=mm&r=g\",\"contentUrl\":\"https:\/\/secure.gravatar.com\/avatar\/8c36ab6f81139c903457bcc92b411ff282ac34975bf10c6b29c3bc52e647211c?s=96&d=mm&r=g\",\"caption\":\"Fernando Mauricio Correa\"},\"url\":\"https:\/\/www.estrategiaconcursos.com.br\/blog\/author\/fernandomauricioestrategiaconcursos-com-br\/\"}]}<\/script>\n<!-- \/ Yoast SEO Premium plugin. -->","yoast_head_json":{"title":"Gabarito Extraoficial SEFAZ-CE \u2013 Direito Tribut\u00e1rio","robots":{"index":"index","follow":"follow","max-snippet":"max-snippet:-1","max-image-preview":"max-image-preview:large","max-video-preview":"max-video-preview:-1"},"canonical":"https:\/\/www.estrategiaconcursos.com.br\/blog\/gabarito-extraoficial-sefaz-ce-direito-tributario\/","og_locale":"pt_BR","og_type":"article","og_title":"Gabarito Extraoficial SEFAZ-CE \u2013 Direito Tribut\u00e1rio","og_description":"Fala Pessoal, tudo bem com voc\u00eas? Aqui \u00e9 o Fernando Mauricio, professor de Direito Tribut\u00e1rio do Estrat\u00e9gia Concursos. Abaixo trago para voc\u00eas a resolu\u00e7\u00e3o das quest\u00f5es de Direito Tribut\u00e1rio da prova da SEFAZ-CE deste domingo, 15\/08\/2021. E para quem ainda n\u00e3o me segue nas redes sociais, meu Instagram \u00e9 @proffernandom. .. Ent\u00e3o Vamos l\u00e1! Resolu\u00e7\u00e3o [&hellip;]","og_url":"https:\/\/www.estrategiaconcursos.com.br\/blog\/gabarito-extraoficial-sefaz-ce-direito-tributario\/","og_site_name":"Estrat\u00e9gia Concursos","article_published_time":"2021-08-15T20:33:25+00:00","article_modified_time":"2021-08-16T11:33:15+00:00","og_image":[{"width":1024,"height":536,"url":"https:\/\/dhg1h5j42swfq.cloudfront.net\/2021\/07\/07105220\/sefaz-ce_2-1024x536-1.jpg","type":"image\/jpeg"}],"author":"Fernando Mauricio Correa","twitter_card":"summary_large_image","twitter_creator":"@EstratConcursos","twitter_site":"@EstratConcursos","twitter_misc":{"Escrito por":"Fernando Mauricio Correa","Est. tempo de leitura":"5 minutos"},"schema":{"@context":"https:\/\/schema.org","@graph":[{"@type":"NewsArticle","@id":"https:\/\/www.estrategiaconcursos.com.br\/blog\/gabarito-extraoficial-sefaz-ce-direito-tributario\/#article","isPartOf":{"@id":"https:\/\/www.estrategiaconcursos.com.br\/blog\/gabarito-extraoficial-sefaz-ce-direito-tributario\/"},"author":{"name":"Fernando Mauricio Correa","@id":"https:\/\/www.estrategiaconcursos.com.br\/blog\/#\/schema\/person\/4cdc552e3e257646afc9e6506c7a9851"},"headline":"Gabarito Extraoficial SEFAZ-CE \u2013 Direito Tribut\u00e1rio","datePublished":"2021-08-15T20:33:25+00:00","dateModified":"2021-08-16T11:33:15+00:00","mainEntityOfPage":{"@id":"https:\/\/www.estrategiaconcursos.com.br\/blog\/gabarito-extraoficial-sefaz-ce-direito-tributario\/"},"wordCount":1100,"commentCount":0,"publisher":{"@id":"https:\/\/www.estrategiaconcursos.com.br\/blog\/#organization"},"image":{"@id":"https:\/\/www.estrategiaconcursos.com.br\/blog\/gabarito-extraoficial-sefaz-ce-direito-tributario\/#primaryimage"},"thumbnailUrl":"https:\/\/dhg1h5j42swfq.cloudfront.net\/2021\/07\/07105220\/sefaz-ce_2-1024x536-1.jpg","keywords":["Recurso","Recursos"],"articleSection":["Fiscal - Estadual (ICMS)"],"inLanguage":"pt-BR","potentialAction":[{"@type":"CommentAction","name":"Comment","target":["https:\/\/www.estrategiaconcursos.com.br\/blog\/gabarito-extraoficial-sefaz-ce-direito-tributario\/#respond"]}],"copyrightYear":"2021","copyrightHolder":{"@id":"https:\/\/www.estrategiaconcursos.com.br\/blog\/#organization"}},{"@type":"WebPage","@id":"https:\/\/www.estrategiaconcursos.com.br\/blog\/gabarito-extraoficial-sefaz-ce-direito-tributario\/","url":"https:\/\/www.estrategiaconcursos.com.br\/blog\/gabarito-extraoficial-sefaz-ce-direito-tributario\/","name":"Gabarito Extraoficial SEFAZ-CE \u2013 Direito Tribut\u00e1rio","isPartOf":{"@id":"https:\/\/www.estrategiaconcursos.com.br\/blog\/#website"},"primaryImageOfPage":{"@id":"https:\/\/www.estrategiaconcursos.com.br\/blog\/gabarito-extraoficial-sefaz-ce-direito-tributario\/#primaryimage"},"image":{"@id":"https:\/\/www.estrategiaconcursos.com.br\/blog\/gabarito-extraoficial-sefaz-ce-direito-tributario\/#primaryimage"},"thumbnailUrl":"https:\/\/dhg1h5j42swfq.cloudfront.net\/2021\/07\/07105220\/sefaz-ce_2-1024x536-1.jpg","datePublished":"2021-08-15T20:33:25+00:00","dateModified":"2021-08-16T11:33:15+00:00","breadcrumb":{"@id":"https:\/\/www.estrategiaconcursos.com.br\/blog\/gabarito-extraoficial-sefaz-ce-direito-tributario\/#breadcrumb"},"inLanguage":"pt-BR","potentialAction":[{"@type":"ReadAction","target":["https:\/\/www.estrategiaconcursos.com.br\/blog\/gabarito-extraoficial-sefaz-ce-direito-tributario\/"]}]},{"@type":"ImageObject","inLanguage":"pt-BR","@id":"https:\/\/www.estrategiaconcursos.com.br\/blog\/gabarito-extraoficial-sefaz-ce-direito-tributario\/#primaryimage","url":"https:\/\/dhg1h5j42swfq.cloudfront.net\/2021\/07\/07105220\/sefaz-ce_2-1024x536-1.jpg","contentUrl":"https:\/\/dhg1h5j42swfq.cloudfront.net\/2021\/07\/07105220\/sefaz-ce_2-1024x536-1.jpg","width":1024,"height":536,"caption":"sefaz ce gabaritos"},{"@type":"BreadcrumbList","@id":"https:\/\/www.estrategiaconcursos.com.br\/blog\/gabarito-extraoficial-sefaz-ce-direito-tributario\/#breadcrumb","itemListElement":[{"@type":"ListItem","position":1,"name":"In\u00edcio","item":"https:\/\/www.estrategiaconcursos.com.br\/blog\/"},{"@type":"ListItem","position":2,"name":"Gabarito Extraoficial SEFAZ-CE \u2013 Direito Tribut\u00e1rio"}]},{"@type":"WebSite","@id":"https:\/\/www.estrategiaconcursos.com.br\/blog\/#website","url":"https:\/\/www.estrategiaconcursos.com.br\/blog\/","name":"Estrat\u00e9gia Concursos","description":"O blog da Estrat\u00e9gia Concursos traz not\u00edcias sobre concursos e artigos de professores oferecendo cursos para concursos (pdf + videaulas) no site.","publisher":{"@id":"https:\/\/www.estrategiaconcursos.com.br\/blog\/#organization"},"potentialAction":[{"@type":"SearchAction","target":{"@type":"EntryPoint","urlTemplate":"https:\/\/www.estrategiaconcursos.com.br\/blog\/?s={search_term_string}"},"query-input":{"@type":"PropertyValueSpecification","valueRequired":true,"valueName":"search_term_string"}}],"inLanguage":"pt-BR"},{"@type":"Organization","@id":"https:\/\/www.estrategiaconcursos.com.br\/blog\/#organization","name":"Estrat\u00e9gia Concursos","url":"https:\/\/www.estrategiaconcursos.com.br\/blog\/","logo":{"@type":"ImageObject","inLanguage":"pt-BR","@id":"https:\/\/www.estrategiaconcursos.com.br\/blog\/#\/schema\/logo\/image\/","url":"https:\/\/dhg1h5j42swfq.cloudfront.net\/2025\/06\/03203428\/logo_concursos-1.jpg","contentUrl":"https:\/\/dhg1h5j42swfq.cloudfront.net\/2025\/06\/03203428\/logo_concursos-1.jpg","width":230,"height":60,"caption":"Estrat\u00e9gia Concursos"},"image":{"@id":"https:\/\/www.estrategiaconcursos.com.br\/blog\/#\/schema\/logo\/image\/"},"sameAs":["https:\/\/x.com\/EstratConcursos"]},{"@type":"Person","@id":"https:\/\/www.estrategiaconcursos.com.br\/blog\/#\/schema\/person\/4cdc552e3e257646afc9e6506c7a9851","name":"Fernando Mauricio Correa","image":{"@type":"ImageObject","inLanguage":"pt-BR","@id":"https:\/\/secure.gravatar.com\/avatar\/8c36ab6f81139c903457bcc92b411ff282ac34975bf10c6b29c3bc52e647211c?s=96&d=mm&r=g","url":"https:\/\/secure.gravatar.com\/avatar\/8c36ab6f81139c903457bcc92b411ff282ac34975bf10c6b29c3bc52e647211c?s=96&d=mm&r=g","contentUrl":"https:\/\/secure.gravatar.com\/avatar\/8c36ab6f81139c903457bcc92b411ff282ac34975bf10c6b29c3bc52e647211c?s=96&d=mm&r=g","caption":"Fernando Mauricio Correa"},"url":"https:\/\/www.estrategiaconcursos.com.br\/blog\/author\/fernandomauricioestrategiaconcursos-com-br\/"}]}},"_links":{"self":[{"href":"https:\/\/www.estrategiaconcursos.com.br\/blog\/wp-json\/wp\/v2\/posts\/836683","targetHints":{"allow":["GET"]}}],"collection":[{"href":"https:\/\/www.estrategiaconcursos.com.br\/blog\/wp-json\/wp\/v2\/posts"}],"about":[{"href":"https:\/\/www.estrategiaconcursos.com.br\/blog\/wp-json\/wp\/v2\/types\/post"}],"author":[{"embeddable":true,"href":"https:\/\/www.estrategiaconcursos.com.br\/blog\/wp-json\/wp\/v2\/users\/402"}],"replies":[{"embeddable":true,"href":"https:\/\/www.estrategiaconcursos.com.br\/blog\/wp-json\/wp\/v2\/comments?post=836683"}],"version-history":[{"count":9,"href":"https:\/\/www.estrategiaconcursos.com.br\/blog\/wp-json\/wp\/v2\/posts\/836683\/revisions"}],"predecessor-version":[{"id":837071,"href":"https:\/\/www.estrategiaconcursos.com.br\/blog\/wp-json\/wp\/v2\/posts\/836683\/revisions\/837071"}],"wp:featuredmedia":[{"embeddable":true,"href":"https:\/\/www.estrategiaconcursos.com.br\/blog\/wp-json\/wp\/v2\/media\/789170"}],"wp:attachment":[{"href":"https:\/\/www.estrategiaconcursos.com.br\/blog\/wp-json\/wp\/v2\/media?parent=836683"}],"wp:term":[{"taxonomy":"category","embeddable":true,"href":"https:\/\/www.estrategiaconcursos.com.br\/blog\/wp-json\/wp\/v2\/categories?post=836683"},{"taxonomy":"post_tag","embeddable":true,"href":"https:\/\/www.estrategiaconcursos.com.br\/blog\/wp-json\/wp\/v2\/tags?post=836683"},{"taxonomy":"tax_estado","embeddable":true,"href":"https:\/\/www.estrategiaconcursos.com.br\/blog\/wp-json\/wp\/v2\/tax_estado?post=836683"}],"curies":[{"name":"wp","href":"https:\/\/api.w.org\/{rel}","templated":true}]}}