{"id":836648,"date":"2021-08-23T14:23:37","date_gmt":"2021-08-23T17:23:37","guid":{"rendered":"https:\/\/www.estrategiaconcursos.com.br\/blog\/?p=836648"},"modified":"2021-08-23T14:23:39","modified_gmt":"2021-08-23T17:23:39","slug":"resumo-final-lc-160-2017-sefaz-es","status":"publish","type":"post","link":"https:\/\/www.estrategiaconcursos.com.br\/blog\/resumo-final-lc-160-2017-sefaz-es\/","title":{"rendered":"Resumo FINAL da LC 160\/2017 para SEFAZ-ES &#8211; Direito Tribut\u00e1rio"},"content":{"rendered":"\n<p>Ol\u00e1, pessoal. Tudo certo? No artigo de hoje veremos o Resumo da LC 160\/2017 para SEFAZ-ES.<\/p>\n\n\n\n<p>A Lei complementar disp\u00f5e sobre conv\u00eanio que permite aos Estados e ao Distrito Federal deliberar sobre a remiss\u00e3o dos cr\u00e9ditos tribut\u00e1rios, constitu\u00eddos ou n\u00e3o, decorrentes das isen\u00e7\u00f5es, dos incentivos e dos benef\u00edcios fiscais ou financeiro-fiscais institu\u00eddos em desacordo com a Constitui\u00e7\u00e3o Federal (Art. 55, \u00a72\u00ba, II, \u201cg\u201d) e a reinstitui\u00e7\u00e3o das respectivas isen\u00e7\u00f5es, incentivos e benef\u00edcios fiscais ou financeiro-fiscais.<\/p>\n\n\n\n<p>Trata-se de uma lei bem espec\u00edfica e por isso <strong>h\u00e1 uma grande probabilidade de ser cobrada em prova.<\/strong><\/p>\n\n\n\n<p>Vamos conhec\u00ea-la?<\/p>\n\n\n\n<h2 class=\"wp-block-heading\">Considera\u00e7\u00f5es iniciais<\/h2>\n\n\n\n<p>Come\u00e7amos o artigo sobre o Resumo da LC 160\/2017 para SEFAZ-ES dizendo que a LC 160\/2017 disp\u00f5e sobre o conv\u00eanio que permite aos Estados deliberar sobre remiss\u00e3o de cr\u00e9ditos tribut\u00e1rios institu\u00eddos em desacordo com a Constitui\u00e7\u00e3o Federal e a <a href=\"http:\/\/www.planalto.gov.br\/ccivil_03\/leis\/lcp\/Lcp24.htm\">LC 24\/75<\/a>.<\/p>\n\n\n\n<p>Nesse sentido, o projeto tem por objetivo sanar ou ao menos diminuir a \u201cguerra fiscal\u201d, ou seja, as concess\u00f5es de benef\u00edcios fiscais do ICMS sem a autoriza\u00e7\u00e3o no \u00e2mbito do CONFAZ.<\/p>\n\n\n\n<p><span class=\"has-inline-color has-vivid-cyan-blue-color\"><strong>Objetivo da Lei<\/strong> <\/span>\u2013 Mediante conv\u00eanio, os estados possam deliberar sobre (Art. 1):<\/p>\n\n\n\n<ul class=\"wp-block-list\"><li>I &#8211; <span class=\"has-inline-color has-vivid-green-cyan-color\">a <strong>remiss\u00e3o<\/strong> <strong>dos cr\u00e9ditos<\/strong> <strong>tribut\u00e1rios<\/strong><\/span>, <span style=\"text-decoration: underline;\">constitu\u00eddos ou <strong><u>n\u00e3o<\/u><\/strong><\/span>, <strong>decorrentes<\/strong> das isen\u00e7\u00f5es, dos incentivos e dos <strong>benef\u00edcios fiscais <\/strong>ou financeiro-fiscais <strong>institu\u00eddos em desacordo<\/strong> com o disposto na&nbsp;<a href=\"http:\/\/www.planalto.gov.br\/ccivil_03\/Constituicao\/Constituicao.htm#art155%C2%A72xiig\">al\u00ednea \u201cg\u201d do inciso XII do \u00a7 2<sup>o<\/sup>&nbsp;do art. 155 da Constitui\u00e7\u00e3o Federal<\/a>&nbsp;por legisla\u00e7\u00e3o estadual publicada <strong><u>at\u00e9<\/u> a data de in\u00edcio de produ\u00e7\u00e3o de efeitos desta Lei Complementar<\/strong>;&nbsp;&#8211;<strong>&gt; benef\u00edcios \u00e0 revelia<\/strong><\/li><li>II &#8211; a <strong><span class=\"has-inline-color has-vivid-green-cyan-color\">reinstitui\u00e7\u00e3o <\/span><\/strong>das isen\u00e7\u00f5es, dos incentivos e dos <strong><span class=\"has-inline-color has-vivid-green-cyan-color\">benef\u00edcios fiscais<\/span><\/strong> ou financeiro-fiscais referidos no inciso I deste artigo <strong>que<\/strong> <strong>ainda se encontrem<\/strong> <strong>em vigor<\/strong>.&nbsp;<\/li><\/ul>\n\n\n\n<h2 class=\"wp-block-heading\">Aprova\u00e7\u00e3o do conv\u00eanio<\/h2>\n\n\n\n<p><strong><span class=\"has-inline-color has-vivid-red-color\">Aten\u00e7\u00e3o m\u00e1xima<\/span><\/strong> nessa parte, pois o qu\u00f3rum de aprova\u00e7\u00e3o da LC 160 \u00e9 diferenciado dos demais conv\u00eanios de ICMS.<\/p>\n\n\n\n<p><strong><span class=\"has-inline-color has-vivid-cyan-blue-color\">Qu\u00f3rum da LC 160\/17 <\/span><\/strong>(Art. 2)<\/p>\n\n\n\n<ul class=\"wp-block-list\"><li>I &#8211; <strong>2\/3<\/strong> das <strong>unidades federadas<\/strong>;<\/li><li>II &#8211; <strong>1\/3<\/strong> das <strong>unidades federadas integrantes<\/strong> de cada uma das <strong>5 regi\u00f5es do Pa\u00eds.&nbsp;<\/strong><\/li><\/ul>\n\n\n\n<div class=\"wp-block-image\"><figure class=\"aligncenter size-large\"><img loading=\"lazy\" decoding=\"async\" width=\"240\" height=\"169\" src=\"https:\/\/dhg1h5j42swfq.cloudfront.net\/2021\/08\/15155843\/image-291.png\" alt=\"Resumo da LC 160\/2017 para SEFAZ-ES\" class=\"wp-image-836650\"\/><figcaption>Resumo da LC 160\/2017 para SEFAZ-ES<\/figcaption><\/figure><\/div>\n\n\n\n<p>Apenas a t\u00edtulo de compara\u00e7\u00e3o, lembre-se do Qu\u00f3rum da LC 24\/75.<\/p>\n\n\n\n<p><strong><span class=\"has-inline-color has-vivid-green-cyan-color\">Qu\u00f3rum da LC 24\/75<\/span><\/strong>&nbsp;(Art. 2, \u00a72\u00ba): Decis\u00e3o un\u00e2nime dos representados (presentes)<\/p>\n\n\n\n<h3 class=\"wp-block-heading\">Requisitos para aprova\u00e7\u00e3o<\/h3>\n\n\n\n<p>Obviamente que n\u00e3o basta o qu\u00f3rum de aprova\u00e7\u00e3o para aprova\u00e7\u00e3o do conv\u00eanio, deve-se respeitar outras condicionantes, nesse sentido vejamos. <\/p>\n\n\n\n<p><strong><span class=\"has-inline-color has-vivid-cyan-blue-color\">Requisitos\/condicionantes<\/span><\/strong> (Art. 3)<\/p>\n\n\n\n<ul class=\"wp-block-list\"><li>I &#8211; <strong>publicar<\/strong>, em seus respectivos <strong>di\u00e1rios oficiais<\/strong>, rela\u00e7\u00e3o com a identifica\u00e7\u00e3o de <strong>todos os atos normativos relativos<\/strong> \u00e0s isen\u00e7\u00f5es, aos incentivos e aos <strong>benef\u00edcios fiscais<\/strong> ou financeiro-fiscais abrangidos pelo art. 1<sup>o<\/sup>&nbsp;desta Lei Complementar;&nbsp;<\/li><li>II &#8211; <strong>efetuar o registro e o dep\u00f3sito<\/strong>, na <strong>Secretaria Executiva<\/strong> do Conselho Nacional de Pol\u00edtica Fazend\u00e1ria (<strong>Confaz<\/strong>), da <strong>documenta\u00e7\u00e3o comprobat\u00f3ria<\/strong> correspondente aos <strong>atos concessivos<\/strong> das isen\u00e7\u00f5es, dos incentivos e dos <strong>benef\u00edcios fiscais<\/strong> ou financeiro-fiscais mencionados no inciso I deste artigo, que ser\u00e3o publicados no Portal Nacional da Transpar\u00eancia Tribut\u00e1ria, que ser\u00e1 institu\u00eddo pelo Confaz e disponibilizado em seu s\u00edtio eletr\u00f4nico.&nbsp;<\/li><\/ul>\n\n\n\n<p>Obviamente que a LC <strong><span class=\"has-inline-color has-vivid-green-cyan-color\">n\u00e3o se aplica<\/span><\/strong> aos <strong>benef\u00edcios fiscais de ICMS cujas exig\u00eancias n\u00e3o tenham sido atendidas<\/strong>, devendo ser revogados os respectivos atos concessivos (Art 3, \u00a71\u00ba).<\/p>\n\n\n\n<p>Ainda, as <strong><span class=\"has-inline-color has-vivid-purple-color\">unidades federadas dever\u00e3o<\/span><\/strong> <strong>prestar informa\u00e7\u00f5es<\/strong> sobre os benef\u00edcios fiscais vinculados ao ICMS e <strong>mant\u00ea-las atualizadas no Portal Nacional da Transpar\u00eancia Tribut\u00e1ria <\/strong>(Art. 3, \u00a76<sup>o<\/sup>).<\/p>\n\n\n\n<h3 class=\"wp-block-heading\">Concess\u00e3o e prorroga\u00e7\u00e3o<\/h3>\n\n\n\n<p>Caso a UF tenha <strong><span class=\"has-inline-color has-vivid-cyan-blue-color\">atendido todas as exig\u00eancias<\/span> <\/strong>(entre elas publica\u00e7\u00e3o, registro e dep\u00f3sito), \u00e9 <strong>autorizada a conceder os benef\u00edcios<\/strong> e at\u00e9 mesmo<span class=\"has-inline-color has-vivid-green-cyan-color\"> <strong>prorrog\u00e1-los<\/strong><\/span><span style=\"text-decoration: underline;\">, n\u00e3o podendo seu prazo de frui\u00e7\u00e3o ultrapassar<\/span> (Art. 3, \u00a72\u00ba):<\/p>\n\n\n\n<ul class=\"wp-block-list\"><li>I \u2013 <strong>31\/12 do 15\u00ba<\/strong> ano posterior \u00e0 produ\u00e7\u00e3o de efeitos do respectivo conv\u00eanio, quanto \u00e0queles destinados ao fomento das <strong>atividades agropecu\u00e1ria e industrial<\/strong>, inclusive agroindustrial, e ao <strong>investimento em infraestrutura<\/strong> rodovi\u00e1ria, aquavi\u00e1ria, ferrovi\u00e1ria, portu\u00e1ria, aeroportu\u00e1ria e de <strong>transporte urbano<\/strong>, bem como quanto \u00e0queles <strong>destinados a templos<\/strong> de qualquer culto e a <strong>entidades beneficentes de assist\u00eancia social<\/strong>;&nbsp;&nbsp;&nbsp;&nbsp;&nbsp;&nbsp;&nbsp;&nbsp;&nbsp;&nbsp;<\/li><li>II \u2013 <strong>31\/12 8\u00ba ano<\/strong> posterior \u00e0 produ\u00e7\u00e3o de efeitos do respectivo conv\u00eanio, quanto \u00e0queles destinados \u00e0 manuten\u00e7\u00e3o ou ao incremento das <strong>atividades portu\u00e1ria e aeroportu\u00e1ria<\/strong> <strong>vinculadas ao com\u00e9rcio internacional<\/strong>, inclu\u00edda a opera\u00e7\u00e3o subsequente \u00e0 da importa\u00e7\u00e3o, praticada pelo contribuinte importador;&nbsp;<\/li><li>III &#8211; <strong>31\/12 5\u00ba ano<\/strong> posterior \u00e0 produ\u00e7\u00e3o de efeitos do respectivo conv\u00eanio, quanto \u00e0queles destinados \u00e0 manuten\u00e7\u00e3o ou ao incremento das <strong>atividades comerciais<\/strong>, desde que o benefici\u00e1rio seja o real remetente da mercadoria;&nbsp;<\/li><li>IV &#8211; <strong>31\/12 3\u00ba ano<\/strong> posterior \u00e0 produ\u00e7\u00e3o de efeitos do respectivo conv\u00eanio, quanto \u00e0queles destinados \u00e0s <strong>opera\u00e7\u00f5es e presta\u00e7\u00f5es interestaduais com produtos agropecu\u00e1rios<\/strong> e extrativos vegetais&nbsp;<strong>in natura<\/strong>;&nbsp;<\/li><li>V &#8211; <strong>31\/12 1\u00ba ano<\/strong> posterior \u00e0 produ\u00e7\u00e3o de efeitos do respectivo conv\u00eanio, <strong>quanto aos demais.<\/strong>&nbsp;<\/li><\/ul>\n\n\n\n<h3 class=\"wp-block-heading\" id=\"h-demais-benef-cios-do-conv-nio\">Demais benef\u00edcios do conv\u00eanio<\/h3>\n\n\n\n<p>Al\u00e9m da prorroga\u00e7\u00e3o, conhe\u00e7amos outras possibilidades.<\/p>\n\n\n\n<ul class=\"wp-block-list\"><li><span class=\"has-inline-color has-vivid-green-cyan-color\"><strong>Altera\u00e7\u00e3o do alcance<\/strong> <\/span>(Art. 3, \u00a74\u00ba): A UF poder\u00e1 revogar ou modificar o ato concessivo ou reduzir o seu alcance ou o montante dos benef\u00edcios fiscais <strong>antes<\/strong> do termo final de frui\u00e7\u00e3o, <strong><span class=\"has-inline-color has-vivid-purple-color\">desde que n\u00e3o resulte <\/span>em benef\u00edcios fiscais superiores ao que o contribuinte podia usufruir antes da modifica\u00e7\u00e3o do ato concessivo<\/strong> (Art. 3, \u00a75\u00ba).<\/li><\/ul>\n\n\n\n<ul class=\"wp-block-list\"><li><span class=\"has-inline-color has-vivid-green-cyan-color\"><strong>Aderir benef\u00edcios fiscais de outras UFs<\/strong> <\/span>(Art. 3, \u00a78\u00ba): As unidades federadas poder\u00e3o aderir \u00e0s isen\u00e7\u00f5es, aos incentivos e aos benef\u00edcios fiscais ou financeiro-fiscais concedidos ou prorrogados por <strong>outra unidade federada da mesma regi\u00e3o<\/strong>, <strong>enquanto vigentes<\/strong>.&nbsp;<\/li><\/ul>\n\n\n\n<h2 class=\"wp-block-heading\">O conv\u00eanio e as demais leis<\/h2>\n\n\n\n<p>Para viabilizar materialmente o conv\u00eanio, a LC 160 teve que afastar as restri\u00e7\u00f5es decorrentes da aplica\u00e7\u00e3o do art. 14 da LC 101\/2000 (Art. 4), em outras palavras, a LC afastou as restri\u00e7\u00f5es de ren\u00fancia de receita da<span class=\"has-inline-color has-vivid-cyan-blue-color\"> <strong>Lei de Responsabilidade Fiscal<\/strong><\/span>.<\/p>\n\n\n\n<p>Mas aten\u00e7\u00e3o, pois <strong>apenas o artigo 14 foi afastado<\/strong>, n\u00e3o toda a LRF. Lembremos este importante artigo da LRF:<\/p>\n\n\n\n<p><em>Art. 14.&nbsp;A concess\u00e3o ou amplia\u00e7\u00e3o de incentivo ou benef\u00edcio de natureza tribut\u00e1ria da qual decorra ren\u00fancia de receita dever\u00e1 estar acompanhada de estimativa do impacto or\u00e7ament\u00e1rio-financeiro no exerc\u00edcio em que deva iniciar sua vig\u00eancia e nos dois seguintes, atender ao disposto na lei de diretrizes or\u00e7ament\u00e1rias e a pelo menos uma das seguintes condi\u00e7\u00f5es:&nbsp;&nbsp;&nbsp;&nbsp;&nbsp;&nbsp;&nbsp;&nbsp;&nbsp;&nbsp;&nbsp;&nbsp; &nbsp;&nbsp;<\/em><\/p>\n\n\n\n<p><em>I &#8211; demonstra\u00e7\u00e3o pelo proponente de que a ren\u00fancia foi considerada na estimativa de receita da lei or\u00e7ament\u00e1ria, na forma do art. 12, e de que n\u00e3o afetar\u00e1 as metas de resultados fiscais previstas no anexo pr\u00f3prio da lei de diretrizes or\u00e7ament\u00e1rias;<\/em><\/p>\n\n\n\n<p><em>II &#8211; estar acompanhada de medidas de compensa\u00e7\u00e3o, no per\u00edodo mencionado no&nbsp;caput, por meio do aumento de receita, proveniente da eleva\u00e7\u00e3o de al\u00edquotas, amplia\u00e7\u00e3o da base de c\u00e1lculo, majora\u00e7\u00e3o ou cria\u00e7\u00e3o de tributo ou contribui\u00e7\u00e3o.<\/em><\/p>\n\n\n\n<p>As <strong>san\u00e7\u00f5es do artigo 8\u00ba<\/strong> da <strong><span class=\"has-inline-color has-vivid-cyan-blue-color\">LC 24\/75<\/span><\/strong> tamb\u00e9m <strong>foram afastadas<\/strong> <strong>retroativamente <\/strong>\u00e0 data original de concess\u00e3o<span style=\"text-decoration: underline;\"><strong>, <\/strong>vedadas a restitui\u00e7\u00e3o e a compensa\u00e7\u00e3o de tributo e a apropria\u00e7\u00e3o de cr\u00e9dito <\/span><span class=\"has-inline-color has-vivid-red-color\"><strong><u>extempor\u00e2neo<\/u><\/strong> <\/span>por sujeito passivo (Art. 5).<\/p>\n\n\n\n<h3 class=\"wp-block-heading\">Penalidades<\/h3>\n\n\n\n<p>Ressalvado as exce\u00e7\u00f5es nesta LC, a concess\u00e3o de <strong><span class=\"has-inline-color has-vivid-cyan-blue-color\">benef\u00edcios fiscais em desacordo<\/span><\/strong> com a LC 24\/75 <strong>sujeita a UF aos impedimentos da LRF <\/strong>(Art. 6), como, por exemplo, receber transfer\u00eancias volunt\u00e1rias, contratar opera\u00e7\u00f5es de cr\u00e9dito e etc.<\/p>\n\n\n\n<p><strong><span class=\"has-inline-color has-vivid-green-cyan-color\">Requisitos para aplica\u00e7\u00e3o da penalidade<\/span><\/strong> (Art. 6, \u00a71\u00ba): condicionada ao acolhimento, pelo Ministro da Fazenda e de representa\u00e7\u00e3o apresentada pelo Governador.<\/p>\n\n\n\n<p>Assim, <strong>admitida a representa\u00e7\u00e3o e ouvida<\/strong>, no prazo de <strong>30 dias<\/strong>, a <strong>unidade federada interessada<\/strong>, o <strong>Ministro<\/strong> de Estado da <strong>Fazenda<\/strong>, em <strong>at\u00e9<\/strong> <strong>90 dias <\/strong>(Art. 6, \u00a72\u00ba):&nbsp;<\/p>\n\n\n\n<ul class=\"wp-block-list\"><li>I &#8211;<span class=\"has-inline-color has-vivid-purple-color\"> <strong>determinar\u00e1 o arquivamento<\/strong><\/span> da representa\u00e7\u00e3o, caso n\u00e3o seja constatada a infra\u00e7\u00e3o;&nbsp;<\/li><li>II &#8211; <strong>editar\u00e1 portaria<\/strong> <span class=\"has-inline-color has-vivid-purple-color\"><strong>declarando<\/strong> <\/span>a exist\u00eancia da <strong><span class=\"has-inline-color has-vivid-purple-color\">infra\u00e7\u00e3o<\/span><\/strong>, a qual produzir\u00e1 efeitos a partir de sua publica\u00e7\u00e3o.&nbsp;<\/li><\/ul>\n\n\n\n<h2 class=\"wp-block-heading\">Demais disposi\u00e7\u00f5es<\/h2>\n\n\n\n<p>Para finalizar o Resumo da LC 160\/2017 para SEFAZ-ES, tenhamos em mente que:<\/p>\n\n\n\n<ul class=\"wp-block-list\"><li><strong><span class=\"has-inline-color has-vivid-green-cyan-color\">LC 24\/75 \u00e9 utilizada de forma subsidi\u00e1ria<\/span><\/strong> (Art. 7): aplicam-se os demais<strong> preceitos que n\u00e3o sejam contr\u00e1rios <\/strong>aos dispositivos desta Lei Complementar.<\/li><li><span class=\"has-inline-color has-vivid-green-cyan-color\"><strong>Prazo para aprovar o conv\u00eanio<\/strong> <\/span>(Art. 8): <strong>180 dias<\/strong>, a contar da data de publica\u00e7\u00e3o desta Lei Complementar<span class=\"has-inline-color has-luminous-vivid-amber-color\">*<\/span>, <strong>sob pena de perderem efic\u00e1cia.<\/strong><\/li><\/ul>\n\n\n\n<p><span class=\"has-inline-color has-luminous-vivid-amber-color\">*<\/span> O prazo j\u00e1 passou, pois a Lei \u00e9 de 2017. E afinal o dito conv\u00eanio foi editado? Sim, foi. <\/p>\n\n\n\n<p>Trata-se do <a href=\"https:\/\/www.confaz.fazenda.gov.br\/legislacao\/convenios\/2017\/CV190_17\">Conv\u00eanio ICMS n\u00ba 190, de 15 de dezembro de 2017<\/a>. Um passo importante no combate \u00e0 guerra fiscal.<\/p>\n\n\n\n<h2 class=\"wp-block-heading\">Considera\u00e7\u00f5es Finais<\/h2>\n\n\n\n<p>Pessoal, chegamos ao final do Resumo da LC 160\/2017 para SEFAZ-ES, espero que tenham gostado.<\/p>\n\n\n\n<p>Voc\u00ea deve ter percebido que a LC 160\/2017 \u00e9 estritamente ligada com a LC 24\/75, assim aproveite a oportunidade e revise o conte\u00fado por um dos nossos artigos.<\/p>\n\n\n\n<p class=\"has-text-align-center\"><a href=\"https:\/\/www.estrategiaconcursos.com.br\/blog\/lei-complementar-24-de-1975\/\">Lei Complementar 24 de 1975 \u2013 Benef\u00edcios fiscais de ICMS<\/a><\/p>\n\n\n\n<p>Para mais resumos como esse @resumospassarin<\/p>\n\n\n\n<h2 class=\"has-text-align-center wp-block-heading\" id=\"h-cursos-e-assinaturas\">Cursos e Assinaturas<\/h2>\n\n\n\n<div class=\"container\" id=\"boxes\">\n  <div class=\"row\">\n\n    <div class=\"col-sm\">\n      <div class=\"estrategia\" id=\"box-assinatura\">\n        <h3 class=\"titulo-assinatura\">Assinatura Concursos<\/h3>\n        <p class=\"subtitulo-assinatura\">Assinatura de 1 ano ou 2 anos<\/p>\n        <div class=\"box-botao\">\n          <a class=\"btn-assinatura\" target=\"_blank\" href=\"https:\/\/www.estrategiaconcursos.com.br\/assinaturas\/\" role=\"button\" rel=\"noopener noreferrer\">ASSINE AGORA<\/a>\n        <\/div>\n      <\/div><\/div><\/div><\/div>\n\n\n\n<div class=\"container\" id=\"boxes\">\n  <div class=\"row\">\n\n    <div class=\"col-sm\" id=\"boxes-concursos\">\n      <div style=\"background-color: #005DAD;\" class=\"conteudo-concursos\" id=\"box-concursos\">\n        <h3 class=\"titulo-assinatura\">Concursos Abertos<\/h3>\n        <p class=\"subtitulo-assinatura\">Os editais publicados<\/p>\n        <div class=\"box-botao\">\n          <a class=\"btn-assinatura\" target=\"_blank\" href=\"https:\/\/www.estrategiaconcursos.com.br\/blog\/concursos-abertos\/\" role=\"button\" rel=\"noopener noreferrer\">Conhe\u00e7a Agora<\/a>\n        <\/div>\n      <\/div>\n    <\/div>\n\n    <div class=\"col-sm\" id=\"boxes-concursos\">\n      <div style=\"background-color: #1A7ED5;\" class=\"conteudo-concursos\" id=\"box-concursos\">\n        <h3 class=\"titulo-assinatura\">Concursos 2021<\/h3>\n        <p class=\"subtitulo-assinatura\">As oportunidades previstas<\/p>\n        <div class=\"box-botao\">\n          <a class=\"btn-assinatura\" target=\"_blank\" href=\"https:\/\/www.estrategiaconcursos.com.br\/blog\/concursos-2021\/\" role=\"button\" rel=\"noopener noreferrer\">Conhe\u00e7a Agora<\/a>\n        <\/div>\n      <\/div>\n    <\/div>\n\n    <div class=\"col-sm\" id=\"boxes-concursos\">\n      <div style=\"background-color: #419FF0;\" class=\"conteudo-concursos\" id=\"box-concursos\">\n        <h3 class=\"titulo-assinatura\">Concursos 2022<\/h3>\n        <p class=\"subtitulo-assinatura\">Vagas para o pr\u00f3ximo ano<\/p>\n        <div class=\"box-botao\">\n          <a class=\"btn-assinatura\" target=\"_blank\" href=\"https:\/\/www.estrategiaconcursos.com.br\/blog\/concursos-2022\/\" role=\"button\" rel=\"noopener noreferrer\">Conhe\u00e7a Agora<\/a>\n        <\/div>\n      <\/div>\n    <\/div>\n\n  <\/div>\n<\/div>\n\n\n\n<div class=\"container\" id=\"boxes\">\n  <div class=\"row\">\n\n    <div class=\"col-sm\">\n      <div class=\"banner-tribunal\" id=\"box-assinatura\">\n        <h3 class=\"titulo-assinatura\">Cursos para Carreiras Jur\u00eddicas<\/h3>\n        <p class=\"subtitulo-assinatura\">Conhe\u00e7a os cursos<\/p>\n        <div class=\"box-botao\">\n          <a class=\"btn-assinatura\" target=\"_blank\" href=\"https:\/\/www.estrategiaconcursos.com.br\/cursosPorConcurso\/assinaturas-carreira-juridica\/\" rel=\"noopener noreferrer\">Conhe\u00e7a mais<\/a>\n        <\/div>\n      <\/div>\n      <p class=\"texto-auxiliar\">Prepare-se com o melhor material e com quem mais aprova em Concursos P\u00fablicos em todo o pa\u00eds.<\/p>\n    <\/div>\n\n  <\/div>\n<\/div>\n\n\n\n<p>At\u00e9 mais e bons estudos!<\/p>\n","protected":false},"excerpt":{"rendered":"<p>Ol\u00e1, pessoal. Tudo certo? No artigo de hoje veremos o Resumo da LC 160\/2017 para SEFAZ-ES. A Lei complementar disp\u00f5e sobre conv\u00eanio que permite aos Estados e ao Distrito Federal deliberar sobre a remiss\u00e3o dos cr\u00e9ditos tribut\u00e1rios, constitu\u00eddos ou n\u00e3o, decorrentes das isen\u00e7\u00f5es, dos incentivos e dos benef\u00edcios fiscais ou financeiro-fiscais institu\u00eddos em desacordo com [&hellip;]<\/p>\n","protected":false},"author":1763,"featured_media":428576,"comment_status":"open","ping_status":"closed","sticky":false,"template":"","format":"standard","meta":{"post_tipo":"article","footnotes":""},"categories":[1983],"tags":[],"tax_estado":[219971],"class_list":["post-836648","post","type-post","status-publish","format-standard","has-post-thumbnail","hentry","category-fiscal-estadual","tax_estado-es"],"acf":[],"yoast_head":"<!-- This site is optimized with the Yoast SEO Premium plugin v27.2 (Yoast SEO v27.2) - https:\/\/yoast.com\/product\/yoast-seo-premium-wordpress\/ -->\n<title>Resumo FINAL da LC 160\/2017 para SEFAZ-ES - Direito Tribut\u00e1rio<\/title>\n<meta name=\"description\" content=\"LC 160\/2017 p\/ SEFAZ-ES. Disp\u00f5e sobre conv\u00eanio que permite \u00e0s UFs deliberar sobre remiss\u00e3o de cr\u00e9ditos de benef\u00edcios em desacordo com a CF.\" \/>\n<meta name=\"robots\" content=\"index, follow, max-snippet:-1, max-image-preview:large, max-video-preview:-1\" \/>\n<link rel=\"canonical\" href=\"https:\/\/www.estrategiaconcursos.com.br\/blog\/resumo-final-lc-160-2017-sefaz-es\/\" \/>\n<meta property=\"og:locale\" content=\"pt_BR\" \/>\n<meta property=\"og:type\" content=\"article\" \/>\n<meta property=\"og:title\" content=\"Resumo FINAL da LC 160\/2017 para SEFAZ-ES - Direito Tribut\u00e1rio\" \/>\n<meta property=\"og:description\" content=\"LC 160\/2017 p\/ SEFAZ-ES. Disp\u00f5e sobre conv\u00eanio que permite \u00e0s UFs deliberar sobre remiss\u00e3o de cr\u00e9ditos de benef\u00edcios em desacordo com a CF.\" \/>\n<meta property=\"og:url\" content=\"https:\/\/www.estrategiaconcursos.com.br\/blog\/resumo-final-lc-160-2017-sefaz-es\/\" \/>\n<meta property=\"og:site_name\" content=\"Estrat\u00e9gia Concursos\" \/>\n<meta property=\"article:published_time\" content=\"2021-08-23T17:23:37+00:00\" \/>\n<meta property=\"article:modified_time\" content=\"2021-08-23T17:23:39+00:00\" \/>\n<meta property=\"og:image\" content=\"https:\/\/dhg1h5j42swfq.cloudfront.net\/2019\/10\/01111919\/SEFAZ-ES.jpg\" \/>\n\t<meta property=\"og:image:width\" content=\"1200\" \/>\n\t<meta property=\"og:image:height\" content=\"628\" \/>\n\t<meta property=\"og:image:type\" content=\"image\/jpeg\" \/>\n<meta name=\"author\" content=\"Leonardo Menezes Passarin\" \/>\n<meta name=\"twitter:card\" content=\"summary_large_image\" \/>\n<meta name=\"twitter:creator\" content=\"@EstratConcursos\" \/>\n<meta name=\"twitter:site\" content=\"@EstratConcursos\" \/>\n<meta name=\"twitter:label1\" content=\"Escrito por\" \/>\n\t<meta name=\"twitter:data1\" content=\"Leonardo Menezes Passarin\" \/>\n\t<meta name=\"twitter:label2\" content=\"Est. tempo de leitura\" \/>\n\t<meta name=\"twitter:data2\" content=\"7 minutos\" \/>\n<script type=\"application\/ld+json\" class=\"yoast-schema-graph\">{\"@context\":\"https:\/\/schema.org\",\"@graph\":[{\"@type\":\"NewsArticle\",\"@id\":\"https:\/\/www.estrategiaconcursos.com.br\/blog\/resumo-final-lc-160-2017-sefaz-es\/#article\",\"isPartOf\":{\"@id\":\"https:\/\/www.estrategiaconcursos.com.br\/blog\/resumo-final-lc-160-2017-sefaz-es\/\"},\"author\":{\"name\":\"Leonardo Menezes Passarin\",\"@id\":\"https:\/\/www.estrategiaconcursos.com.br\/blog\/#\/schema\/person\/245b44e43eb13f0dbd04a7a078cd0d0d\"},\"headline\":\"Resumo FINAL da LC 160\/2017 para SEFAZ-ES &#8211; Direito Tribut\u00e1rio\",\"datePublished\":\"2021-08-23T17:23:37+00:00\",\"dateModified\":\"2021-08-23T17:23:39+00:00\",\"mainEntityOfPage\":{\"@id\":\"https:\/\/www.estrategiaconcursos.com.br\/blog\/resumo-final-lc-160-2017-sefaz-es\/\"},\"wordCount\":1610,\"commentCount\":0,\"publisher\":{\"@id\":\"https:\/\/www.estrategiaconcursos.com.br\/blog\/#organization\"},\"image\":{\"@id\":\"https:\/\/www.estrategiaconcursos.com.br\/blog\/resumo-final-lc-160-2017-sefaz-es\/#primaryimage\"},\"thumbnailUrl\":\"https:\/\/dhg1h5j42swfq.cloudfront.net\/2019\/10\/01111919\/SEFAZ-ES.jpg\",\"articleSection\":[\"Fiscal - Estadual (ICMS)\"],\"inLanguage\":\"pt-BR\",\"potentialAction\":[{\"@type\":\"CommentAction\",\"name\":\"Comment\",\"target\":[\"https:\/\/www.estrategiaconcursos.com.br\/blog\/resumo-final-lc-160-2017-sefaz-es\/#respond\"]}],\"copyrightYear\":\"2021\",\"copyrightHolder\":{\"@id\":\"https:\/\/www.estrategiaconcursos.com.br\/blog\/#organization\"}},{\"@type\":\"WebPage\",\"@id\":\"https:\/\/www.estrategiaconcursos.com.br\/blog\/resumo-final-lc-160-2017-sefaz-es\/\",\"url\":\"https:\/\/www.estrategiaconcursos.com.br\/blog\/resumo-final-lc-160-2017-sefaz-es\/\",\"name\":\"Resumo FINAL da LC 160\/2017 para SEFAZ-ES - Direito Tribut\u00e1rio\",\"isPartOf\":{\"@id\":\"https:\/\/www.estrategiaconcursos.com.br\/blog\/#website\"},\"primaryImageOfPage\":{\"@id\":\"https:\/\/www.estrategiaconcursos.com.br\/blog\/resumo-final-lc-160-2017-sefaz-es\/#primaryimage\"},\"image\":{\"@id\":\"https:\/\/www.estrategiaconcursos.com.br\/blog\/resumo-final-lc-160-2017-sefaz-es\/#primaryimage\"},\"thumbnailUrl\":\"https:\/\/dhg1h5j42swfq.cloudfront.net\/2019\/10\/01111919\/SEFAZ-ES.jpg\",\"datePublished\":\"2021-08-23T17:23:37+00:00\",\"dateModified\":\"2021-08-23T17:23:39+00:00\",\"description\":\"LC 160\/2017 p\/ SEFAZ-ES. Disp\u00f5e sobre conv\u00eanio que permite \u00e0s UFs deliberar sobre remiss\u00e3o de cr\u00e9ditos de benef\u00edcios em desacordo com a CF.\",\"breadcrumb\":{\"@id\":\"https:\/\/www.estrategiaconcursos.com.br\/blog\/resumo-final-lc-160-2017-sefaz-es\/#breadcrumb\"},\"inLanguage\":\"pt-BR\",\"potentialAction\":[{\"@type\":\"ReadAction\",\"target\":[\"https:\/\/www.estrategiaconcursos.com.br\/blog\/resumo-final-lc-160-2017-sefaz-es\/\"]}]},{\"@type\":\"ImageObject\",\"inLanguage\":\"pt-BR\",\"@id\":\"https:\/\/www.estrategiaconcursos.com.br\/blog\/resumo-final-lc-160-2017-sefaz-es\/#primaryimage\",\"url\":\"https:\/\/dhg1h5j42swfq.cloudfront.net\/2019\/10\/01111919\/SEFAZ-ES.jpg\",\"contentUrl\":\"https:\/\/dhg1h5j42swfq.cloudfront.net\/2019\/10\/01111919\/SEFAZ-ES.jpg\",\"width\":1200,\"height\":628,\"caption\":\"Sefaz ES Esp\u00edrito Santo\"},{\"@type\":\"BreadcrumbList\",\"@id\":\"https:\/\/www.estrategiaconcursos.com.br\/blog\/resumo-final-lc-160-2017-sefaz-es\/#breadcrumb\",\"itemListElement\":[{\"@type\":\"ListItem\",\"position\":1,\"name\":\"In\u00edcio\",\"item\":\"https:\/\/www.estrategiaconcursos.com.br\/blog\/\"},{\"@type\":\"ListItem\",\"position\":2,\"name\":\"Resumo FINAL da LC 160\/2017 para SEFAZ-ES &#8211; Direito Tribut\u00e1rio\"}]},{\"@type\":\"WebSite\",\"@id\":\"https:\/\/www.estrategiaconcursos.com.br\/blog\/#website\",\"url\":\"https:\/\/www.estrategiaconcursos.com.br\/blog\/\",\"name\":\"Estrat\u00e9gia Concursos\",\"description\":\"O blog da Estrat\u00e9gia Concursos traz not\u00edcias sobre concursos e artigos de professores oferecendo cursos para concursos (pdf + videaulas) no site.\",\"publisher\":{\"@id\":\"https:\/\/www.estrategiaconcursos.com.br\/blog\/#organization\"},\"potentialAction\":[{\"@type\":\"SearchAction\",\"target\":{\"@type\":\"EntryPoint\",\"urlTemplate\":\"https:\/\/www.estrategiaconcursos.com.br\/blog\/?s={search_term_string}\"},\"query-input\":{\"@type\":\"PropertyValueSpecification\",\"valueRequired\":true,\"valueName\":\"search_term_string\"}}],\"inLanguage\":\"pt-BR\"},{\"@type\":\"Organization\",\"@id\":\"https:\/\/www.estrategiaconcursos.com.br\/blog\/#organization\",\"name\":\"Estrat\u00e9gia Concursos\",\"url\":\"https:\/\/www.estrategiaconcursos.com.br\/blog\/\",\"logo\":{\"@type\":\"ImageObject\",\"inLanguage\":\"pt-BR\",\"@id\":\"https:\/\/www.estrategiaconcursos.com.br\/blog\/#\/schema\/logo\/image\/\",\"url\":\"https:\/\/dhg1h5j42swfq.cloudfront.net\/2025\/06\/03203428\/logo_concursos-1.jpg\",\"contentUrl\":\"https:\/\/dhg1h5j42swfq.cloudfront.net\/2025\/06\/03203428\/logo_concursos-1.jpg\",\"width\":230,\"height\":60,\"caption\":\"Estrat\u00e9gia Concursos\"},\"image\":{\"@id\":\"https:\/\/www.estrategiaconcursos.com.br\/blog\/#\/schema\/logo\/image\/\"},\"sameAs\":[\"https:\/\/x.com\/EstratConcursos\"]},{\"@type\":\"Person\",\"@id\":\"https:\/\/www.estrategiaconcursos.com.br\/blog\/#\/schema\/person\/245b44e43eb13f0dbd04a7a078cd0d0d\",\"name\":\"Leonardo Menezes Passarin\",\"image\":{\"@type\":\"ImageObject\",\"inLanguage\":\"pt-BR\",\"@id\":\"https:\/\/secure.gravatar.com\/avatar\/fc0e5714ceaa97f24e6e6a30eab74ba8a701c2b62f8cab100ffdb22c6d8f42c3?s=96&d=mm&r=g\",\"url\":\"https:\/\/secure.gravatar.com\/avatar\/fc0e5714ceaa97f24e6e6a30eab74ba8a701c2b62f8cab100ffdb22c6d8f42c3?s=96&d=mm&r=g\",\"contentUrl\":\"https:\/\/secure.gravatar.com\/avatar\/fc0e5714ceaa97f24e6e6a30eab74ba8a701c2b62f8cab100ffdb22c6d8f42c3?s=96&d=mm&r=g\",\"caption\":\"Leonardo Menezes Passarin\"},\"url\":\"https:\/\/www.estrategiaconcursos.com.br\/blog\/author\/passarin-leonardohotmail-com\/\"}]}<\/script>\n<!-- \/ Yoast SEO Premium plugin. -->","yoast_head_json":{"title":"Resumo FINAL da LC 160\/2017 para SEFAZ-ES - Direito Tribut\u00e1rio","description":"LC 160\/2017 p\/ SEFAZ-ES. Disp\u00f5e sobre conv\u00eanio que permite \u00e0s UFs deliberar sobre remiss\u00e3o de cr\u00e9ditos de benef\u00edcios em desacordo com a CF.","robots":{"index":"index","follow":"follow","max-snippet":"max-snippet:-1","max-image-preview":"max-image-preview:large","max-video-preview":"max-video-preview:-1"},"canonical":"https:\/\/www.estrategiaconcursos.com.br\/blog\/resumo-final-lc-160-2017-sefaz-es\/","og_locale":"pt_BR","og_type":"article","og_title":"Resumo FINAL da LC 160\/2017 para SEFAZ-ES - Direito Tribut\u00e1rio","og_description":"LC 160\/2017 p\/ SEFAZ-ES. Disp\u00f5e sobre conv\u00eanio que permite \u00e0s UFs deliberar sobre remiss\u00e3o de cr\u00e9ditos de benef\u00edcios em desacordo com a CF.","og_url":"https:\/\/www.estrategiaconcursos.com.br\/blog\/resumo-final-lc-160-2017-sefaz-es\/","og_site_name":"Estrat\u00e9gia Concursos","article_published_time":"2021-08-23T17:23:37+00:00","article_modified_time":"2021-08-23T17:23:39+00:00","og_image":[{"width":1200,"height":628,"url":"https:\/\/dhg1h5j42swfq.cloudfront.net\/2019\/10\/01111919\/SEFAZ-ES.jpg","type":"image\/jpeg"}],"author":"Leonardo Menezes Passarin","twitter_card":"summary_large_image","twitter_creator":"@EstratConcursos","twitter_site":"@EstratConcursos","twitter_misc":{"Escrito por":"Leonardo Menezes Passarin","Est. tempo de leitura":"7 minutos"},"schema":{"@context":"https:\/\/schema.org","@graph":[{"@type":"NewsArticle","@id":"https:\/\/www.estrategiaconcursos.com.br\/blog\/resumo-final-lc-160-2017-sefaz-es\/#article","isPartOf":{"@id":"https:\/\/www.estrategiaconcursos.com.br\/blog\/resumo-final-lc-160-2017-sefaz-es\/"},"author":{"name":"Leonardo Menezes Passarin","@id":"https:\/\/www.estrategiaconcursos.com.br\/blog\/#\/schema\/person\/245b44e43eb13f0dbd04a7a078cd0d0d"},"headline":"Resumo FINAL da LC 160\/2017 para SEFAZ-ES &#8211; Direito Tribut\u00e1rio","datePublished":"2021-08-23T17:23:37+00:00","dateModified":"2021-08-23T17:23:39+00:00","mainEntityOfPage":{"@id":"https:\/\/www.estrategiaconcursos.com.br\/blog\/resumo-final-lc-160-2017-sefaz-es\/"},"wordCount":1610,"commentCount":0,"publisher":{"@id":"https:\/\/www.estrategiaconcursos.com.br\/blog\/#organization"},"image":{"@id":"https:\/\/www.estrategiaconcursos.com.br\/blog\/resumo-final-lc-160-2017-sefaz-es\/#primaryimage"},"thumbnailUrl":"https:\/\/dhg1h5j42swfq.cloudfront.net\/2019\/10\/01111919\/SEFAZ-ES.jpg","articleSection":["Fiscal - Estadual (ICMS)"],"inLanguage":"pt-BR","potentialAction":[{"@type":"CommentAction","name":"Comment","target":["https:\/\/www.estrategiaconcursos.com.br\/blog\/resumo-final-lc-160-2017-sefaz-es\/#respond"]}],"copyrightYear":"2021","copyrightHolder":{"@id":"https:\/\/www.estrategiaconcursos.com.br\/blog\/#organization"}},{"@type":"WebPage","@id":"https:\/\/www.estrategiaconcursos.com.br\/blog\/resumo-final-lc-160-2017-sefaz-es\/","url":"https:\/\/www.estrategiaconcursos.com.br\/blog\/resumo-final-lc-160-2017-sefaz-es\/","name":"Resumo FINAL da LC 160\/2017 para SEFAZ-ES - Direito Tribut\u00e1rio","isPartOf":{"@id":"https:\/\/www.estrategiaconcursos.com.br\/blog\/#website"},"primaryImageOfPage":{"@id":"https:\/\/www.estrategiaconcursos.com.br\/blog\/resumo-final-lc-160-2017-sefaz-es\/#primaryimage"},"image":{"@id":"https:\/\/www.estrategiaconcursos.com.br\/blog\/resumo-final-lc-160-2017-sefaz-es\/#primaryimage"},"thumbnailUrl":"https:\/\/dhg1h5j42swfq.cloudfront.net\/2019\/10\/01111919\/SEFAZ-ES.jpg","datePublished":"2021-08-23T17:23:37+00:00","dateModified":"2021-08-23T17:23:39+00:00","description":"LC 160\/2017 p\/ SEFAZ-ES. Disp\u00f5e sobre conv\u00eanio que permite \u00e0s UFs deliberar sobre remiss\u00e3o de cr\u00e9ditos de benef\u00edcios em desacordo com a CF.","breadcrumb":{"@id":"https:\/\/www.estrategiaconcursos.com.br\/blog\/resumo-final-lc-160-2017-sefaz-es\/#breadcrumb"},"inLanguage":"pt-BR","potentialAction":[{"@type":"ReadAction","target":["https:\/\/www.estrategiaconcursos.com.br\/blog\/resumo-final-lc-160-2017-sefaz-es\/"]}]},{"@type":"ImageObject","inLanguage":"pt-BR","@id":"https:\/\/www.estrategiaconcursos.com.br\/blog\/resumo-final-lc-160-2017-sefaz-es\/#primaryimage","url":"https:\/\/dhg1h5j42swfq.cloudfront.net\/2019\/10\/01111919\/SEFAZ-ES.jpg","contentUrl":"https:\/\/dhg1h5j42swfq.cloudfront.net\/2019\/10\/01111919\/SEFAZ-ES.jpg","width":1200,"height":628,"caption":"Sefaz ES Esp\u00edrito Santo"},{"@type":"BreadcrumbList","@id":"https:\/\/www.estrategiaconcursos.com.br\/blog\/resumo-final-lc-160-2017-sefaz-es\/#breadcrumb","itemListElement":[{"@type":"ListItem","position":1,"name":"In\u00edcio","item":"https:\/\/www.estrategiaconcursos.com.br\/blog\/"},{"@type":"ListItem","position":2,"name":"Resumo FINAL da LC 160\/2017 para SEFAZ-ES &#8211; Direito Tribut\u00e1rio"}]},{"@type":"WebSite","@id":"https:\/\/www.estrategiaconcursos.com.br\/blog\/#website","url":"https:\/\/www.estrategiaconcursos.com.br\/blog\/","name":"Estrat\u00e9gia Concursos","description":"O blog da Estrat\u00e9gia Concursos traz not\u00edcias sobre concursos e artigos de professores oferecendo cursos para concursos (pdf + videaulas) no site.","publisher":{"@id":"https:\/\/www.estrategiaconcursos.com.br\/blog\/#organization"},"potentialAction":[{"@type":"SearchAction","target":{"@type":"EntryPoint","urlTemplate":"https:\/\/www.estrategiaconcursos.com.br\/blog\/?s={search_term_string}"},"query-input":{"@type":"PropertyValueSpecification","valueRequired":true,"valueName":"search_term_string"}}],"inLanguage":"pt-BR"},{"@type":"Organization","@id":"https:\/\/www.estrategiaconcursos.com.br\/blog\/#organization","name":"Estrat\u00e9gia Concursos","url":"https:\/\/www.estrategiaconcursos.com.br\/blog\/","logo":{"@type":"ImageObject","inLanguage":"pt-BR","@id":"https:\/\/www.estrategiaconcursos.com.br\/blog\/#\/schema\/logo\/image\/","url":"https:\/\/dhg1h5j42swfq.cloudfront.net\/2025\/06\/03203428\/logo_concursos-1.jpg","contentUrl":"https:\/\/dhg1h5j42swfq.cloudfront.net\/2025\/06\/03203428\/logo_concursos-1.jpg","width":230,"height":60,"caption":"Estrat\u00e9gia Concursos"},"image":{"@id":"https:\/\/www.estrategiaconcursos.com.br\/blog\/#\/schema\/logo\/image\/"},"sameAs":["https:\/\/x.com\/EstratConcursos"]},{"@type":"Person","@id":"https:\/\/www.estrategiaconcursos.com.br\/blog\/#\/schema\/person\/245b44e43eb13f0dbd04a7a078cd0d0d","name":"Leonardo Menezes Passarin","image":{"@type":"ImageObject","inLanguage":"pt-BR","@id":"https:\/\/secure.gravatar.com\/avatar\/fc0e5714ceaa97f24e6e6a30eab74ba8a701c2b62f8cab100ffdb22c6d8f42c3?s=96&d=mm&r=g","url":"https:\/\/secure.gravatar.com\/avatar\/fc0e5714ceaa97f24e6e6a30eab74ba8a701c2b62f8cab100ffdb22c6d8f42c3?s=96&d=mm&r=g","contentUrl":"https:\/\/secure.gravatar.com\/avatar\/fc0e5714ceaa97f24e6e6a30eab74ba8a701c2b62f8cab100ffdb22c6d8f42c3?s=96&d=mm&r=g","caption":"Leonardo Menezes Passarin"},"url":"https:\/\/www.estrategiaconcursos.com.br\/blog\/author\/passarin-leonardohotmail-com\/"}]}},"_links":{"self":[{"href":"https:\/\/www.estrategiaconcursos.com.br\/blog\/wp-json\/wp\/v2\/posts\/836648","targetHints":{"allow":["GET"]}}],"collection":[{"href":"https:\/\/www.estrategiaconcursos.com.br\/blog\/wp-json\/wp\/v2\/posts"}],"about":[{"href":"https:\/\/www.estrategiaconcursos.com.br\/blog\/wp-json\/wp\/v2\/types\/post"}],"author":[{"embeddable":true,"href":"https:\/\/www.estrategiaconcursos.com.br\/blog\/wp-json\/wp\/v2\/users\/1763"}],"replies":[{"embeddable":true,"href":"https:\/\/www.estrategiaconcursos.com.br\/blog\/wp-json\/wp\/v2\/comments?post=836648"}],"version-history":[{"count":7,"href":"https:\/\/www.estrategiaconcursos.com.br\/blog\/wp-json\/wp\/v2\/posts\/836648\/revisions"}],"predecessor-version":[{"id":843311,"href":"https:\/\/www.estrategiaconcursos.com.br\/blog\/wp-json\/wp\/v2\/posts\/836648\/revisions\/843311"}],"wp:featuredmedia":[{"embeddable":true,"href":"https:\/\/www.estrategiaconcursos.com.br\/blog\/wp-json\/wp\/v2\/media\/428576"}],"wp:attachment":[{"href":"https:\/\/www.estrategiaconcursos.com.br\/blog\/wp-json\/wp\/v2\/media?parent=836648"}],"wp:term":[{"taxonomy":"category","embeddable":true,"href":"https:\/\/www.estrategiaconcursos.com.br\/blog\/wp-json\/wp\/v2\/categories?post=836648"},{"taxonomy":"post_tag","embeddable":true,"href":"https:\/\/www.estrategiaconcursos.com.br\/blog\/wp-json\/wp\/v2\/tags?post=836648"},{"taxonomy":"tax_estado","embeddable":true,"href":"https:\/\/www.estrategiaconcursos.com.br\/blog\/wp-json\/wp\/v2\/tax_estado?post=836648"}],"curies":[{"name":"wp","href":"https:\/\/api.w.org\/{rel}","templated":true}]}}