{"id":836617,"date":"2021-08-15T15:15:43","date_gmt":"2021-08-15T18:15:43","guid":{"rendered":"https:\/\/www.estrategiaconcursos.com.br\/blog\/?p=836617"},"modified":"2021-08-16T15:40:29","modified_gmt":"2021-08-16T18:40:29","slug":"gabarito-extraoficial-direito-constitucional-sefaz-ce","status":"publish","type":"post","link":"https:\/\/www.estrategiaconcursos.com.br\/blog\/gabarito-extraoficial-direito-constitucional-sefaz-ce\/","title":{"rendered":"Gabarito Extraoficial SEFAZ CE &#8211; Direito Constitucional"},"content":{"rendered":"\n<p>Ol\u00e1, pessoal! Aqui \u00e9 a Professora Nelma Fontana, tudo bem com voc\u00eas?<\/p>\n\n\n\n<p>Venho neste artigo trazer o gabarito extraoficial e tecer alguns coment\u00e1rios sobre a prova de Direito Constitucional, cargo de Auditor Fiscal, do concurso <strong>SEFAZ CE<\/strong>. N\u00e3o custa lembrar que \u00e9 necess\u00e1rio aguardar o gabarito oficial preliminar a ser liberado pela banca CEBRASPE e que a numera\u00e7\u00e3o das quest\u00f5es pode variar com o seu tipo de prova.<\/p>\n\n\n\n<p>Vamos l\u00e1?<\/p>\n\n\n\n<hr class=\"wp-block-separator\"\/>\n\n\n\n<p><strong>131.<\/strong> O prazo decadencial afasta do titular inerte o direito ao benef\u00edcio previdenci\u00e1rio.<\/p>\n\n\n\n<p><strong>Gabarito: Errado.<\/strong><\/p>\n\n\n\n<p>Conforme entendimento do STF, prazo decadencial para concess\u00e3o de benef\u00edcio \u00e9 inconstitucional (ADI 6096).<\/p>\n\n\n\n<p><em>\u201cO n\u00facleo essencial do direito fundamental \u00e0 previd\u00eancia social \u00e9 imprescrit\u00edvel, irrenunci\u00e1vel e indispon\u00edvel, motivo pelo qual pode ser exercido a qualquer tempo, sem preju\u00edzo do benefici\u00e1rio ou segurado que se quedou inerte.\u201d<\/em><\/p>\n\n\n\n<p><strong>132<\/strong>. O dever de sigilo fiscal \u00e9 extens\u00edvel aos \u00f3rg\u00e3os de persecu\u00e7\u00e3o penal que legalmente receberem da autoridade fazend\u00e1ria competente informa\u00e7\u00f5es assim classificadas.<\/p>\n\n\n\n<p><strong>Gabarito: Certo.<\/strong><\/p>\n\n\n\n<p>Os \u00f3rg\u00e3os de persecu\u00e7\u00e3o penal, embora recebam dados fiscais dos contribuintes transferidos pela autoridade fazend\u00e1ria, t\u00eam o dever de observ\u00e2ncia do disposto no artigo 5\u00ba, inciso XII, da CF\/88, segundo o qual \u00e9 inviol\u00e1vel o sigilo de dados.<\/p>\n\n\n\n<p><em>\u201c1. \u00c9 constitucional o compartilhamento dos relat\u00f3rios de intelig\u00eancia financeira da UIF e da \u00edntegra do procedimento fiscalizat\u00f3rio da Receita Federal do Brasil, que define o lan\u00e7amento do tributo, com os \u00f3rg\u00e3os de persecu\u00e7\u00e3o penal para fins criminais, sem a obrigatoriedade de pr\u00e9via autoriza\u00e7\u00e3o judicial, <strong>devendo ser resguardado o sigilo das informa\u00e7\u00f5es em procedimentos formalmente instaurados e sujeitos a posterior controle jurisdicional.<\/strong> 2. O compartilhamento pela UIF e pela RFB, referente ao item anterior, deve ser feito unicamente por meio de comunica\u00e7\u00f5es formais, com garantia de sigilo, certifica\u00e7\u00e3o do destinat\u00e1rio e estabelecimento de instrumentos efetivos de apura\u00e7\u00e3o e corre\u00e7\u00e3o de eventuais desvios.\u201d<\/em> (RE 1.055.941). Grifo.<\/p>\n\n\n\n<p><strong>133.<\/strong> Admite-se exce\u00e7\u00e3o ao dever de sigilo banc\u00e1rio quando utilizado para ocultar pr\u00e1tica de crimes.<\/p>\n\n\n\n<p><strong>Gabarito: Certo.<\/strong><\/p>\n\n\n\n<p>Os direitos fundamentais n\u00e3o s\u00e3o absolutos e podem ser relativizados nas situa\u00e7\u00f5es de razoabilidade, como \u00e9 o caso da pr\u00e1tica de crimes. Dessa sorte, o sigilo banc\u00e1rio, nos termos da Lei Complementar 105\/2001 e da jurisprud\u00eancia do STF, poder\u00e1 ser quebrado por determina\u00e7\u00e3o do Judici\u00e1rio e de Comiss\u00e3o Parlamentar de Inqu\u00e9rito.<\/p>\n\n\n\n<p><strong>134.<\/strong> A divulga\u00e7\u00e3o de nomes e vencimentos pecuni\u00e1rios de servidores p\u00fablicos civis em s\u00edtio eletr\u00f4nico da administra\u00e7\u00e3o p\u00fablica correspondente viola o princ\u00edpio da publicidade.<\/p>\n\n\n\n<p><strong>Gabarito: Errado.<\/strong><\/p>\n\n\n\n<p>Segundo entendimento do STF, \u201c\u00e9 leg\u00edtima a publica\u00e7\u00e3o, inclusive em s\u00edtio eletr\u00f4nico mantido pela Administra\u00e7\u00e3o P\u00fablica, dos nomes dos seus servidores e do valor dos correspondentes vencimentos e vantagens pecuni\u00e1rias.\u201d (RE 652.777 AgR).<\/p>\n\n\n\n<p><strong>135.<\/strong> O princ\u00edpio constitucional da livre iniciativa assegura aos empres\u00e1rios o direito de eleger as suas pr\u00f3prias estrat\u00e9gias empresariais, como a terceiriza\u00e7\u00e3o das atividades-fim de sua empresa.<\/p>\n\n\n\n<p><strong>Gabarito: Certo.<\/strong><\/p>\n\n\n\n<p>O STF, na ADPF 324 e no RE 958.252, declarou a constitucionalidade da terceiriza\u00e7\u00e3o em todas as atividades da empresa.<\/p>\n\n\n\n<p>\u201c\u00c9 l\u00edcita a terceiriza\u00e7\u00e3o ou qualquer outra forma de divis\u00e3o do trabalho entre pessoas jur\u00eddicas distintas, independentemente do objeto social das empresas envolvidas, mantida a responsabilidade subsidi\u00e1ria da empresa contratante.\u201d<\/p>\n\n\n\n<hr class=\"wp-block-separator\"\/>\n\n\n\n<p>Espero que tenham ido bem!<\/p>\n\n\n\n<p>Abra\u00e7os a todos.<\/p>\n","protected":false},"excerpt":{"rendered":"<p>Ol\u00e1, pessoal! Aqui \u00e9 a Professora Nelma Fontana, tudo bem com voc\u00eas? Venho neste artigo trazer o gabarito extraoficial e tecer alguns coment\u00e1rios sobre a prova de Direito Constitucional, cargo de Auditor Fiscal, do concurso SEFAZ CE. N\u00e3o custa lembrar que \u00e9 necess\u00e1rio aguardar o gabarito oficial preliminar a ser liberado pela banca CEBRASPE e [&hellip;]<\/p>\n","protected":false},"author":492,"featured_media":836619,"comment_status":"open","ping_status":"closed","sticky":false,"template":"","format":"standard","meta":{"post_tipo":"article","footnotes":""},"categories":[1983],"tags":[8,661],"tax_estado":[219969],"class_list":["post-836617","post","type-post","status-publish","format-standard","has-post-thumbnail","hentry","category-fiscal-estadual","tag-recurso","tag-recursos","tax_estado-ce"],"acf":[],"yoast_head":"<!-- This site is optimized with the Yoast SEO Premium plugin v27.2 (Yoast SEO v27.2) - https:\/\/yoast.com\/product\/yoast-seo-premium-wordpress\/ -->\n<title>Gabarito Extraoficial SEFAZ CE - Direito Constitucional<\/title>\n<meta name=\"description\" content=\"Confira neste artigo o gabarito extraoficial e a corre\u00e7\u00e3o da prova de Direito Constitucional do cargo de Auditor Fiscal da SEFAZ CE.\" \/>\n<meta name=\"robots\" content=\"index, follow, max-snippet:-1, max-image-preview:large, max-video-preview:-1\" \/>\n<link rel=\"canonical\" href=\"https:\/\/www.estrategiaconcursos.com.br\/blog\/gabarito-extraoficial-direito-constitucional-sefaz-ce\/\" \/>\n<meta property=\"og:locale\" content=\"pt_BR\" \/>\n<meta property=\"og:type\" content=\"article\" \/>\n<meta property=\"og:title\" content=\"Gabarito Extraoficial SEFAZ CE - Direito Constitucional\" \/>\n<meta property=\"og:description\" content=\"Confira neste artigo o gabarito extraoficial e a corre\u00e7\u00e3o da prova de Direito Constitucional do cargo de Auditor Fiscal da SEFAZ CE.\" \/>\n<meta property=\"og:url\" content=\"https:\/\/www.estrategiaconcursos.com.br\/blog\/gabarito-extraoficial-direito-constitucional-sefaz-ce\/\" \/>\n<meta property=\"og:site_name\" content=\"Estrat\u00e9gia Concursos\" \/>\n<meta property=\"article:published_time\" content=\"2021-08-15T18:15:43+00:00\" \/>\n<meta property=\"article:modified_time\" content=\"2021-08-16T18:40:29+00:00\" \/>\n<meta property=\"og:image\" content=\"https:\/\/dhg1h5j42swfq.cloudfront.net\/2021\/08\/15151418\/sefaz-ce_2-1024x536-1.jpg\" \/>\n\t<meta property=\"og:image:width\" content=\"1024\" \/>\n\t<meta property=\"og:image:height\" content=\"536\" \/>\n\t<meta property=\"og:image:type\" content=\"image\/jpeg\" \/>\n<meta name=\"author\" content=\"Nelma Fontana\" \/>\n<meta name=\"twitter:card\" content=\"summary_large_image\" \/>\n<meta name=\"twitter:creator\" content=\"@EstratConcursos\" \/>\n<meta name=\"twitter:site\" content=\"@EstratConcursos\" \/>\n<meta name=\"twitter:label1\" content=\"Escrito por\" \/>\n\t<meta name=\"twitter:data1\" content=\"Nelma Fontana\" \/>\n\t<meta name=\"twitter:label2\" content=\"Est. tempo de leitura\" \/>\n\t<meta name=\"twitter:data2\" content=\"3 minutos\" \/>\n<script type=\"application\/ld+json\" class=\"yoast-schema-graph\">{\"@context\":\"https:\/\/schema.org\",\"@graph\":[{\"@type\":\"NewsArticle\",\"@id\":\"https:\/\/www.estrategiaconcursos.com.br\/blog\/gabarito-extraoficial-direito-constitucional-sefaz-ce\/#article\",\"isPartOf\":{\"@id\":\"https:\/\/www.estrategiaconcursos.com.br\/blog\/gabarito-extraoficial-direito-constitucional-sefaz-ce\/\"},\"author\":{\"name\":\"Nelma Fontana\",\"@id\":\"https:\/\/www.estrategiaconcursos.com.br\/blog\/#\/schema\/person\/09924ae9dae935885ef15db075a3be15\"},\"headline\":\"Gabarito Extraoficial SEFAZ CE &#8211; Direito Constitucional\",\"datePublished\":\"2021-08-15T18:15:43+00:00\",\"dateModified\":\"2021-08-16T18:40:29+00:00\",\"mainEntityOfPage\":{\"@id\":\"https:\/\/www.estrategiaconcursos.com.br\/blog\/gabarito-extraoficial-direito-constitucional-sefaz-ce\/\"},\"wordCount\":578,\"commentCount\":0,\"publisher\":{\"@id\":\"https:\/\/www.estrategiaconcursos.com.br\/blog\/#organization\"},\"image\":{\"@id\":\"https:\/\/www.estrategiaconcursos.com.br\/blog\/gabarito-extraoficial-direito-constitucional-sefaz-ce\/#primaryimage\"},\"thumbnailUrl\":\"https:\/\/dhg1h5j42swfq.cloudfront.net\/2021\/08\/15151418\/sefaz-ce_2-1024x536-1.jpg\",\"keywords\":[\"Recurso\",\"Recursos\"],\"articleSection\":[\"Fiscal - Estadual (ICMS)\"],\"inLanguage\":\"pt-BR\",\"potentialAction\":[{\"@type\":\"CommentAction\",\"name\":\"Comment\",\"target\":[\"https:\/\/www.estrategiaconcursos.com.br\/blog\/gabarito-extraoficial-direito-constitucional-sefaz-ce\/#respond\"]}],\"copyrightYear\":\"2021\",\"copyrightHolder\":{\"@id\":\"https:\/\/www.estrategiaconcursos.com.br\/blog\/#organization\"}},{\"@type\":\"WebPage\",\"@id\":\"https:\/\/www.estrategiaconcursos.com.br\/blog\/gabarito-extraoficial-direito-constitucional-sefaz-ce\/\",\"url\":\"https:\/\/www.estrategiaconcursos.com.br\/blog\/gabarito-extraoficial-direito-constitucional-sefaz-ce\/\",\"name\":\"Gabarito Extraoficial SEFAZ CE - Direito Constitucional\",\"isPartOf\":{\"@id\":\"https:\/\/www.estrategiaconcursos.com.br\/blog\/#website\"},\"primaryImageOfPage\":{\"@id\":\"https:\/\/www.estrategiaconcursos.com.br\/blog\/gabarito-extraoficial-direito-constitucional-sefaz-ce\/#primaryimage\"},\"image\":{\"@id\":\"https:\/\/www.estrategiaconcursos.com.br\/blog\/gabarito-extraoficial-direito-constitucional-sefaz-ce\/#primaryimage\"},\"thumbnailUrl\":\"https:\/\/dhg1h5j42swfq.cloudfront.net\/2021\/08\/15151418\/sefaz-ce_2-1024x536-1.jpg\",\"datePublished\":\"2021-08-15T18:15:43+00:00\",\"dateModified\":\"2021-08-16T18:40:29+00:00\",\"description\":\"Confira neste artigo o gabarito extraoficial e a corre\u00e7\u00e3o da prova de Direito Constitucional do cargo de Auditor Fiscal da SEFAZ CE.\",\"breadcrumb\":{\"@id\":\"https:\/\/www.estrategiaconcursos.com.br\/blog\/gabarito-extraoficial-direito-constitucional-sefaz-ce\/#breadcrumb\"},\"inLanguage\":\"pt-BR\",\"potentialAction\":[{\"@type\":\"ReadAction\",\"target\":[\"https:\/\/www.estrategiaconcursos.com.br\/blog\/gabarito-extraoficial-direito-constitucional-sefaz-ce\/\"]}]},{\"@type\":\"ImageObject\",\"inLanguage\":\"pt-BR\",\"@id\":\"https:\/\/www.estrategiaconcursos.com.br\/blog\/gabarito-extraoficial-direito-constitucional-sefaz-ce\/#primaryimage\",\"url\":\"https:\/\/dhg1h5j42swfq.cloudfront.net\/2021\/08\/15151418\/sefaz-ce_2-1024x536-1.jpg\",\"contentUrl\":\"https:\/\/dhg1h5j42swfq.cloudfront.net\/2021\/08\/15151418\/sefaz-ce_2-1024x536-1.jpg\",\"width\":1024,\"height\":536,\"caption\":\"Sefaz CE convoca\u00e7\u00e3o\"},{\"@type\":\"BreadcrumbList\",\"@id\":\"https:\/\/www.estrategiaconcursos.com.br\/blog\/gabarito-extraoficial-direito-constitucional-sefaz-ce\/#breadcrumb\",\"itemListElement\":[{\"@type\":\"ListItem\",\"position\":1,\"name\":\"In\u00edcio\",\"item\":\"https:\/\/www.estrategiaconcursos.com.br\/blog\/\"},{\"@type\":\"ListItem\",\"position\":2,\"name\":\"Gabarito Extraoficial SEFAZ CE &#8211; Direito Constitucional\"}]},{\"@type\":\"WebSite\",\"@id\":\"https:\/\/www.estrategiaconcursos.com.br\/blog\/#website\",\"url\":\"https:\/\/www.estrategiaconcursos.com.br\/blog\/\",\"name\":\"Estrat\u00e9gia Concursos\",\"description\":\"O blog da Estrat\u00e9gia Concursos traz not\u00edcias sobre concursos e artigos de professores oferecendo cursos para concursos (pdf + videaulas) no site.\",\"publisher\":{\"@id\":\"https:\/\/www.estrategiaconcursos.com.br\/blog\/#organization\"},\"potentialAction\":[{\"@type\":\"SearchAction\",\"target\":{\"@type\":\"EntryPoint\",\"urlTemplate\":\"https:\/\/www.estrategiaconcursos.com.br\/blog\/?s={search_term_string}\"},\"query-input\":{\"@type\":\"PropertyValueSpecification\",\"valueRequired\":true,\"valueName\":\"search_term_string\"}}],\"inLanguage\":\"pt-BR\"},{\"@type\":\"Organization\",\"@id\":\"https:\/\/www.estrategiaconcursos.com.br\/blog\/#organization\",\"name\":\"Estrat\u00e9gia Concursos\",\"url\":\"https:\/\/www.estrategiaconcursos.com.br\/blog\/\",\"logo\":{\"@type\":\"ImageObject\",\"inLanguage\":\"pt-BR\",\"@id\":\"https:\/\/www.estrategiaconcursos.com.br\/blog\/#\/schema\/logo\/image\/\",\"url\":\"https:\/\/dhg1h5j42swfq.cloudfront.net\/2025\/06\/03203428\/logo_concursos-1.jpg\",\"contentUrl\":\"https:\/\/dhg1h5j42swfq.cloudfront.net\/2025\/06\/03203428\/logo_concursos-1.jpg\",\"width\":230,\"height\":60,\"caption\":\"Estrat\u00e9gia Concursos\"},\"image\":{\"@id\":\"https:\/\/www.estrategiaconcursos.com.br\/blog\/#\/schema\/logo\/image\/\"},\"sameAs\":[\"https:\/\/x.com\/EstratConcursos\"]},{\"@type\":\"Person\",\"@id\":\"https:\/\/www.estrategiaconcursos.com.br\/blog\/#\/schema\/person\/09924ae9dae935885ef15db075a3be15\",\"name\":\"Nelma Fontana\",\"image\":{\"@type\":\"ImageObject\",\"inLanguage\":\"pt-BR\",\"@id\":\"https:\/\/secure.gravatar.com\/avatar\/a2b4071a40b0ae857a4dfe2308130289bde3d65cc7674fb758d21a8b645071e5?s=96&d=mm&r=g\",\"url\":\"https:\/\/secure.gravatar.com\/avatar\/a2b4071a40b0ae857a4dfe2308130289bde3d65cc7674fb758d21a8b645071e5?s=96&d=mm&r=g\",\"contentUrl\":\"https:\/\/secure.gravatar.com\/avatar\/a2b4071a40b0ae857a4dfe2308130289bde3d65cc7674fb758d21a8b645071e5?s=96&d=mm&r=g\",\"caption\":\"Nelma Fontana\"},\"url\":\"https:\/\/www.estrategiaconcursos.com.br\/blog\/author\/fontananelmagmail-com\/\"}]}<\/script>\n<!-- \/ Yoast SEO Premium plugin. -->","yoast_head_json":{"title":"Gabarito Extraoficial SEFAZ CE - Direito Constitucional","description":"Confira neste artigo o gabarito extraoficial e a corre\u00e7\u00e3o da prova de Direito Constitucional do cargo de Auditor Fiscal da SEFAZ CE.","robots":{"index":"index","follow":"follow","max-snippet":"max-snippet:-1","max-image-preview":"max-image-preview:large","max-video-preview":"max-video-preview:-1"},"canonical":"https:\/\/www.estrategiaconcursos.com.br\/blog\/gabarito-extraoficial-direito-constitucional-sefaz-ce\/","og_locale":"pt_BR","og_type":"article","og_title":"Gabarito Extraoficial SEFAZ CE - Direito Constitucional","og_description":"Confira neste artigo o gabarito extraoficial e a corre\u00e7\u00e3o da prova de Direito Constitucional do cargo de Auditor Fiscal da SEFAZ CE.","og_url":"https:\/\/www.estrategiaconcursos.com.br\/blog\/gabarito-extraoficial-direito-constitucional-sefaz-ce\/","og_site_name":"Estrat\u00e9gia Concursos","article_published_time":"2021-08-15T18:15:43+00:00","article_modified_time":"2021-08-16T18:40:29+00:00","og_image":[{"width":1024,"height":536,"url":"https:\/\/dhg1h5j42swfq.cloudfront.net\/2021\/08\/15151418\/sefaz-ce_2-1024x536-1.jpg","type":"image\/jpeg"}],"author":"Nelma Fontana","twitter_card":"summary_large_image","twitter_creator":"@EstratConcursos","twitter_site":"@EstratConcursos","twitter_misc":{"Escrito por":"Nelma Fontana","Est. tempo de leitura":"3 minutos"},"schema":{"@context":"https:\/\/schema.org","@graph":[{"@type":"NewsArticle","@id":"https:\/\/www.estrategiaconcursos.com.br\/blog\/gabarito-extraoficial-direito-constitucional-sefaz-ce\/#article","isPartOf":{"@id":"https:\/\/www.estrategiaconcursos.com.br\/blog\/gabarito-extraoficial-direito-constitucional-sefaz-ce\/"},"author":{"name":"Nelma Fontana","@id":"https:\/\/www.estrategiaconcursos.com.br\/blog\/#\/schema\/person\/09924ae9dae935885ef15db075a3be15"},"headline":"Gabarito Extraoficial SEFAZ CE &#8211; Direito Constitucional","datePublished":"2021-08-15T18:15:43+00:00","dateModified":"2021-08-16T18:40:29+00:00","mainEntityOfPage":{"@id":"https:\/\/www.estrategiaconcursos.com.br\/blog\/gabarito-extraoficial-direito-constitucional-sefaz-ce\/"},"wordCount":578,"commentCount":0,"publisher":{"@id":"https:\/\/www.estrategiaconcursos.com.br\/blog\/#organization"},"image":{"@id":"https:\/\/www.estrategiaconcursos.com.br\/blog\/gabarito-extraoficial-direito-constitucional-sefaz-ce\/#primaryimage"},"thumbnailUrl":"https:\/\/dhg1h5j42swfq.cloudfront.net\/2021\/08\/15151418\/sefaz-ce_2-1024x536-1.jpg","keywords":["Recurso","Recursos"],"articleSection":["Fiscal - Estadual (ICMS)"],"inLanguage":"pt-BR","potentialAction":[{"@type":"CommentAction","name":"Comment","target":["https:\/\/www.estrategiaconcursos.com.br\/blog\/gabarito-extraoficial-direito-constitucional-sefaz-ce\/#respond"]}],"copyrightYear":"2021","copyrightHolder":{"@id":"https:\/\/www.estrategiaconcursos.com.br\/blog\/#organization"}},{"@type":"WebPage","@id":"https:\/\/www.estrategiaconcursos.com.br\/blog\/gabarito-extraoficial-direito-constitucional-sefaz-ce\/","url":"https:\/\/www.estrategiaconcursos.com.br\/blog\/gabarito-extraoficial-direito-constitucional-sefaz-ce\/","name":"Gabarito Extraoficial SEFAZ CE - Direito Constitucional","isPartOf":{"@id":"https:\/\/www.estrategiaconcursos.com.br\/blog\/#website"},"primaryImageOfPage":{"@id":"https:\/\/www.estrategiaconcursos.com.br\/blog\/gabarito-extraoficial-direito-constitucional-sefaz-ce\/#primaryimage"},"image":{"@id":"https:\/\/www.estrategiaconcursos.com.br\/blog\/gabarito-extraoficial-direito-constitucional-sefaz-ce\/#primaryimage"},"thumbnailUrl":"https:\/\/dhg1h5j42swfq.cloudfront.net\/2021\/08\/15151418\/sefaz-ce_2-1024x536-1.jpg","datePublished":"2021-08-15T18:15:43+00:00","dateModified":"2021-08-16T18:40:29+00:00","description":"Confira neste artigo o gabarito extraoficial e a corre\u00e7\u00e3o da prova de Direito Constitucional do cargo de Auditor Fiscal da SEFAZ CE.","breadcrumb":{"@id":"https:\/\/www.estrategiaconcursos.com.br\/blog\/gabarito-extraoficial-direito-constitucional-sefaz-ce\/#breadcrumb"},"inLanguage":"pt-BR","potentialAction":[{"@type":"ReadAction","target":["https:\/\/www.estrategiaconcursos.com.br\/blog\/gabarito-extraoficial-direito-constitucional-sefaz-ce\/"]}]},{"@type":"ImageObject","inLanguage":"pt-BR","@id":"https:\/\/www.estrategiaconcursos.com.br\/blog\/gabarito-extraoficial-direito-constitucional-sefaz-ce\/#primaryimage","url":"https:\/\/dhg1h5j42swfq.cloudfront.net\/2021\/08\/15151418\/sefaz-ce_2-1024x536-1.jpg","contentUrl":"https:\/\/dhg1h5j42swfq.cloudfront.net\/2021\/08\/15151418\/sefaz-ce_2-1024x536-1.jpg","width":1024,"height":536,"caption":"Sefaz CE convoca\u00e7\u00e3o"},{"@type":"BreadcrumbList","@id":"https:\/\/www.estrategiaconcursos.com.br\/blog\/gabarito-extraoficial-direito-constitucional-sefaz-ce\/#breadcrumb","itemListElement":[{"@type":"ListItem","position":1,"name":"In\u00edcio","item":"https:\/\/www.estrategiaconcursos.com.br\/blog\/"},{"@type":"ListItem","position":2,"name":"Gabarito Extraoficial SEFAZ CE &#8211; Direito Constitucional"}]},{"@type":"WebSite","@id":"https:\/\/www.estrategiaconcursos.com.br\/blog\/#website","url":"https:\/\/www.estrategiaconcursos.com.br\/blog\/","name":"Estrat\u00e9gia Concursos","description":"O blog da Estrat\u00e9gia Concursos traz not\u00edcias sobre concursos e artigos de professores oferecendo cursos para concursos (pdf + videaulas) no site.","publisher":{"@id":"https:\/\/www.estrategiaconcursos.com.br\/blog\/#organization"},"potentialAction":[{"@type":"SearchAction","target":{"@type":"EntryPoint","urlTemplate":"https:\/\/www.estrategiaconcursos.com.br\/blog\/?s={search_term_string}"},"query-input":{"@type":"PropertyValueSpecification","valueRequired":true,"valueName":"search_term_string"}}],"inLanguage":"pt-BR"},{"@type":"Organization","@id":"https:\/\/www.estrategiaconcursos.com.br\/blog\/#organization","name":"Estrat\u00e9gia Concursos","url":"https:\/\/www.estrategiaconcursos.com.br\/blog\/","logo":{"@type":"ImageObject","inLanguage":"pt-BR","@id":"https:\/\/www.estrategiaconcursos.com.br\/blog\/#\/schema\/logo\/image\/","url":"https:\/\/dhg1h5j42swfq.cloudfront.net\/2025\/06\/03203428\/logo_concursos-1.jpg","contentUrl":"https:\/\/dhg1h5j42swfq.cloudfront.net\/2025\/06\/03203428\/logo_concursos-1.jpg","width":230,"height":60,"caption":"Estrat\u00e9gia Concursos"},"image":{"@id":"https:\/\/www.estrategiaconcursos.com.br\/blog\/#\/schema\/logo\/image\/"},"sameAs":["https:\/\/x.com\/EstratConcursos"]},{"@type":"Person","@id":"https:\/\/www.estrategiaconcursos.com.br\/blog\/#\/schema\/person\/09924ae9dae935885ef15db075a3be15","name":"Nelma Fontana","image":{"@type":"ImageObject","inLanguage":"pt-BR","@id":"https:\/\/secure.gravatar.com\/avatar\/a2b4071a40b0ae857a4dfe2308130289bde3d65cc7674fb758d21a8b645071e5?s=96&d=mm&r=g","url":"https:\/\/secure.gravatar.com\/avatar\/a2b4071a40b0ae857a4dfe2308130289bde3d65cc7674fb758d21a8b645071e5?s=96&d=mm&r=g","contentUrl":"https:\/\/secure.gravatar.com\/avatar\/a2b4071a40b0ae857a4dfe2308130289bde3d65cc7674fb758d21a8b645071e5?s=96&d=mm&r=g","caption":"Nelma Fontana"},"url":"https:\/\/www.estrategiaconcursos.com.br\/blog\/author\/fontananelmagmail-com\/"}]}},"_links":{"self":[{"href":"https:\/\/www.estrategiaconcursos.com.br\/blog\/wp-json\/wp\/v2\/posts\/836617","targetHints":{"allow":["GET"]}}],"collection":[{"href":"https:\/\/www.estrategiaconcursos.com.br\/blog\/wp-json\/wp\/v2\/posts"}],"about":[{"href":"https:\/\/www.estrategiaconcursos.com.br\/blog\/wp-json\/wp\/v2\/types\/post"}],"author":[{"embeddable":true,"href":"https:\/\/www.estrategiaconcursos.com.br\/blog\/wp-json\/wp\/v2\/users\/492"}],"replies":[{"embeddable":true,"href":"https:\/\/www.estrategiaconcursos.com.br\/blog\/wp-json\/wp\/v2\/comments?post=836617"}],"version-history":[{"count":1,"href":"https:\/\/www.estrategiaconcursos.com.br\/blog\/wp-json\/wp\/v2\/posts\/836617\/revisions"}],"predecessor-version":[{"id":836623,"href":"https:\/\/www.estrategiaconcursos.com.br\/blog\/wp-json\/wp\/v2\/posts\/836617\/revisions\/836623"}],"wp:featuredmedia":[{"embeddable":true,"href":"https:\/\/www.estrategiaconcursos.com.br\/blog\/wp-json\/wp\/v2\/media\/836619"}],"wp:attachment":[{"href":"https:\/\/www.estrategiaconcursos.com.br\/blog\/wp-json\/wp\/v2\/media?parent=836617"}],"wp:term":[{"taxonomy":"category","embeddable":true,"href":"https:\/\/www.estrategiaconcursos.com.br\/blog\/wp-json\/wp\/v2\/categories?post=836617"},{"taxonomy":"post_tag","embeddable":true,"href":"https:\/\/www.estrategiaconcursos.com.br\/blog\/wp-json\/wp\/v2\/tags?post=836617"},{"taxonomy":"tax_estado","embeddable":true,"href":"https:\/\/www.estrategiaconcursos.com.br\/blog\/wp-json\/wp\/v2\/tax_estado?post=836617"}],"curies":[{"name":"wp","href":"https:\/\/api.w.org\/{rel}","templated":true}]}}