{"id":836592,"date":"2021-08-15T15:50:26","date_gmt":"2021-08-15T18:50:26","guid":{"rendered":"https:\/\/www.estrategiaconcursos.com.br\/blog\/?p=836592"},"modified":"2021-08-18T01:47:37","modified_gmt":"2021-08-18T04:47:37","slug":"gabarito-extraoficial-sefaz-ce-economia-e-financas-publicas","status":"publish","type":"post","link":"https:\/\/www.estrategiaconcursos.com.br\/blog\/gabarito-extraoficial-sefaz-ce-economia-e-financas-publicas\/","title":{"rendered":"Gabarito Extraoficial Sefaz\/CE &#8211; Economia e Finan\u00e7as P\u00fablicas (+Recursos):"},"content":{"rendered":"\n<p>Edit 18\/08\/2021: com a publica\u00e7\u00e3o do gabarito preliminar, atualizei o artigo com possibilidade de recursos nas quest\u00f5es 50, 53, 54, 56 e 57. Na minha opini\u00e3o, s\u00e3o erros evidentes, com direito a autores consagrados afirmando exatamente o oposto e extrapola\u00e7\u00e3o do edital.<\/p>\n\n\n\n<p>Qualquer coisa, fale comigo no IG: <a href=\"https:\/\/www.instagram.com\/profcelsonatale\/\">@profcelsonatale<\/a>.<\/p>\n\n\n\n<hr class=\"wp-block-separator\"\/>\n\n\n\n<p>Fala ilustre! Tudo certo?<\/p>\n\n\n\n<p>Aqui \u00e9 o Prof. Celso Natale, e vou comentar brevemente as quest\u00f5es aplicadas para o cargo de Auditor Fiscal da Sefaz\/CE, dando meu gabarito extraoficial (antes da publica\u00e7\u00e3o do gabarito da banca), para ajudar a aplacar um pouco a ansiedade.<\/p>\n\n\n\n<p>Vamos l\u00e1!<\/p>\n\n\n\n<hr class=\"wp-block-separator\"\/>\n\n\n\n<h3 class=\"wp-block-heading\" id=\"h-finan-as-p-blicas\">Finan\u00e7as P\u00fablicas<\/h3>\n\n\n\n<blockquote class=\"wp-block-quote is-layout-flow wp-block-quote-is-layout-flow\"><p>24. A Aloca\u00e7\u00e3o eficiente dos recursos produtivos garante maior equidade social.<\/p><\/blockquote>\n\n\n\n<p><strong>Gabarito<\/strong>: Errado<\/p>\n\n\n\n<p><strong>Coment\u00e1rios<\/strong>: uma situa\u00e7\u00e3o pode ser eficiente mas socialmente injusta (desigual). Afinal, efici\u00eancia significa que n\u00e3o \u00e9 poss\u00edvel melhorar a situa\u00e7\u00e3o de uma parte sem piorar a situa\u00e7\u00e3o de outra. Sendo assim, numa situa\u00e7\u00e3o extrema na qual um indiv\u00edduo det\u00e9m toda a renda da economia e outro n\u00e3o det\u00e9m nada, temos efici\u00eancia &#8211; pois s\u00f3 \u00e9 poss\u00edvel melhorar a situa\u00e7\u00e3o do indiv\u00edduo que n\u00e3o tem nada piorando a situa\u00e7\u00e3o do indiv\u00edduo que tem tudo &#8211; e uma extrema desigualdade.<\/p>\n\n\n\n<hr class=\"wp-block-separator\"\/>\n\n\n\n<blockquote class=\"wp-block-quote is-layout-flow wp-block-quote-is-layout-flow\"><p><strong>25<\/strong>. Na presen\u00e7a de benef\u00edcios externos, a aloca\u00e7\u00e3o de mercado \u00e9 ineficiente, o que justifica a interven\u00e7\u00e3o do Estado.<\/p><\/blockquote>\n\n\n\n<p><strong>Gabarito<\/strong>: Certo<\/p>\n\n\n\n<p><strong>Coment\u00e1rios<\/strong>: &#8220;Benef\u00edcios externos&#8221; \u00e9 uma forma de fazer refer\u00eancia \u00e0s externalidades positivas, um tipo de falha de mercado que leva \u00e0 inefici\u00eancia produtiva. Na presen\u00e7a de externalidades, a produ\u00e7\u00e3o e consumo tendem a ficam abaixo do n\u00edvel \u00f3timo, pois as escolhas individuais n\u00e3o levam em conta os benef\u00edcios sociais. Exemplo: vacinas.<\/p>\n\n\n\n<hr class=\"wp-block-separator\"\/>\n\n\n\n<blockquote class=\"wp-block-quote is-layout-flow wp-block-quote-is-layout-flow\"><p>26. Considera-se que, em uma solu\u00e7\u00e3o de mercado competitivo, a interven\u00e7\u00e3o governamental gera inefici\u00eancia.<\/p><\/blockquote>\n\n\n\n<p><strong>Gabarito<\/strong>: Certo<\/p>\n\n\n\n<p><strong>Coment\u00e1rios<\/strong>: Apesar de parecer uma das mais simples da prova, a quest\u00e3o guarda certa margem para interpreta\u00e7\u00e3o. Sabemos que a situa\u00e7\u00e3o de equil\u00edbrio competitivo \u00e9 eficiente, e uma interven\u00e7\u00e3o do governo pode causar peso morto (inefici\u00eancia). Contudo, a interven\u00e7\u00e3o tamb\u00e9m pode ser sem efeito, como quando o governo determina um pre\u00e7o m\u00ednimo que \u00e9 superior ao pre\u00e7o de mercado. Mas como a quest\u00e3o n\u00e3o fala que a interven\u00e7\u00e3o SEMPRE gera inefici\u00eancia, acredito que deve ser considerada correta.<\/p>\n\n\n\n<hr class=\"wp-block-separator\"\/>\n\n\n\n<h3 class=\"wp-block-heading\" id=\"h-economia\">ECONOMIA<\/h3>\n\n\n\n<blockquote class=\"wp-block-quote is-layout-flow wp-block-quote-is-layout-flow\"><p>49. O PAEG promoveu abertura da economia ao capital estrangeiro como forma de minimizar os efeitos adversos do balan\u00e7o de pagamentos.<\/p><\/blockquote>\n\n\n\n<p><strong>Gabarito<\/strong>: Certo<\/p>\n\n\n\n<p><strong>Coment\u00e1rios<\/strong>: O PAEG buscava corrigir os problemas no Balan\u00e7o de Pagamentos, sendo um de seus objetivos (trechos do curso):<\/p>\n\n\n\n<p>&#8220;corrigir a tend\u00eancia a d\u00e9ficits descontrolados do balan\u00e7o de pagamentos, que amea\u00e7a a continuidade do processo de desenvolvimento econ\u00f4mico, pelo estrangulamento peri\u00f3dico da capacidade para importar.&#8221;<\/p>\n\n\n\n<p>Para tanto, no mercado externo, o PAEG desfrutou de condi\u00e7\u00f5es favor\u00e1veis, tais como:<br \/>\u25b6 ingresso de capitais na forma de investimentos diretos;<br \/>\u25b6 juros internacionais relativamente baixos;<br \/>\u25b6 aumento no pre\u00e7o de commodities;<br \/>\u25b6 expans\u00e3o do com\u00e9rcio mundial;<br \/>\u25b6 a \u201csimpatia\u201d dos Estados Unidos pelo governo militar.<\/p>\n\n\n\n<blockquote class=\"wp-block-quote is-layout-flow wp-block-quote-is-layout-flow\"><p>Outro aspecto importante das reformas de 1964-66 foi a amplia\u00e7\u00e3o do grau de abertura da economia ao capital externo, de risco (investimentos diretos) e, principalmente, de empr\u00e9stimo. Os principais expedientes criados para atrair esses recursos foram os seguintes: (1) regulamenta\u00e7\u00e3o de alguns t\u00f3picos da Lei no 4.131 (de 1962), de forma a permitir a capta\u00e7\u00e3o direta de recursos externos por empresas privadas nacionais; (2) Resolu\u00e7\u00e3o 63 do Bacen, que regulamentou a capta\u00e7\u00e3o de empr\u00e9stimos externos pelos bancos nacionais para repasse \u00e0s empresas dom\u00e9sticas; (3) mudan\u00e7a na legisla\u00e7\u00e3o sobre investimentos estrangeiros no pa\u00eds, de modo a facilitar as remessas de lucros ao exterior \u2014 o objetivo era tornar o mercado brasileiro mais competitivo na capta\u00e7\u00e3o de investimentos diretos.<\/p><cite>Giambiagi, Fabio; Castro, Lav\u00ednia; Hermann, Jennifer; Villela, Andr\u00e9. Economia Brasileira Contempor\u00e2nea . GEN Atlas. Edi\u00e7\u00e3o do Kindle.<\/cite><\/blockquote>\n\n\n\n<hr class=\"wp-block-separator\"\/>\n\n\n\n<blockquote class=\"wp-block-quote is-layout-flow wp-block-quote-is-layout-flow\"><p><strong>50<\/strong>. O PAEG teve inspira\u00e7\u00e3o heterodoxa e usou como instrumento de combate \u00e0 infla\u00e7\u00e3o o corte de despesas e a conten\u00e7\u00e3o de sal\u00e1rios, que passaram a crescer com a produtividade da economia.<\/p><\/blockquote>\n\n\n\n<p><strong>Gabarito<\/strong>: Errado<\/p>\n\n\n\n<p><strong>Gabarito preliminar da banca<\/strong>: Certo<\/p>\n\n\n\n<p><strong>Coment\u00e1rios<\/strong>: A conten\u00e7\u00e3o da demanda agregada \u00e9 a medida de cunho ortodoxo por excel\u00eancia, no que diz respeito ao combate da infla\u00e7\u00e3o. Portanto, o erro da quest\u00e3o est\u00e1 em trocar &#8220;ortodoxa&#8221; por &#8220;heterodoxa&#8221;, e apenas nisso, j\u00e1 que o restante est\u00e1 correto em rela\u00e7\u00e3o ao PAEG.<\/p>\n\n\n\n<p><strong>Recurso<\/strong>: Solicita-se a altera\u00e7\u00e3o do gabarito para errado, uma vez que o PAEG foi um de inspira\u00e7\u00e3o ortodoxa:<\/p>\n\n\n\n<p>&#8220;Os anos 1964-67 foram marcados pela implementa\u00e7\u00e3o de um plano de estabiliza\u00e7\u00e3o de pre\u00e7os de inspira\u00e7\u00e3o ortodoxa \u2014 o Plano de A\u00e7\u00e3o Econ\u00f4mica do Governo (Paeg)&#8221;<\/p>\n\n\n\n<p>Giambiagi, Fabio; Castro, Lav\u00ednia; Hermann, Jennifer; Villela, Andr\u00e9. Economia Brasileira Contempor\u00e2nea . GEN Atlas.<\/p>\n\n\n\n<p>Na mesma linha, diversos autores destacam o diagn\u00f3stico da infla\u00e7\u00e3o baseado na ortodoxia:<\/p>\n\n\n\n<p>&#8220;Quanto \u00e0 infla\u00e7\u00e3o, a avalia\u00e7\u00e3o de Campos era de que \u201ca responsabilidade primordial do processo inflacion\u00e1rio cabe aos d\u00e9ficits governamentais e \u00e0 cont\u00ednua press\u00e3o salarial\u201d.4 Os d\u00e9ficits alimentavam a expans\u00e3o dos meios de pagamento que, por sua vez, sancionavam os aumentos de sal\u00e1rios. Esse diagn\u00f3stico inspirou as principais medidas do Paeg&#8221;<\/p>\n\n\n\n<p>Giambiagi, Fabio; Castro, Lav\u00ednia; Hermann, Jennifer; Villela, Andr\u00e9. Economia Brasileira Contempor\u00e2nea <\/p>\n\n\n\n<p>&#8220;Medidas de combate \u00e0 infla\u00e7\u00e3o do Paeg<\/p>\n\n\n\n<p>O diagn\u00f3stico sobre a infla\u00e7\u00e3o, que havia subido para 83,2% a.a. em 1963, centrava-se no excesso de demanda.&#8221;<\/p>\n\n\n\n<p>Gremaud, Amaury Patrick; Vasconcellos, Marco Antonio Sandoval de; Toneto Jr., Rudinei. Economia Brasileira Contempor\u00e2nea (p. 414).<\/p>\n\n\n\n<p>Por fim, ainda que alguns autores busquem afirmar que o PAEG n\u00e3o era totalmente ortodoxo, \u00e9 ineg\u00e1vel a preval\u00eancia da ortodoxia no plano:<\/p>\n\n\n\n<p>&#8220;O Paeg mantinha os objetivos b\u00e1sicos dos discursos desenvolvimentistas (&#8230;). O diagn\u00f3stico do processo inflacion\u00e1rio brasileiro era embasado na ortodoxia monetarista: o excesso de demanda seria causado pela monetiza\u00e7\u00e3o dos d\u00e9ficits p\u00fablicos, pela expans\u00e3o do cr\u00e9dito \u00e0s empresas e pelos aumentos salariais superiores ao aumento da produtividade.&#8221;<\/p>\n\n\n\n<p>Apesar de autores como Lara Resende procurarem distinguir aspectos n\u00e3o ortodoxos nesse diagn\u00f3stico, cabe registrar que o \u00fanico fator que poderia n\u00e3o se enquadrar na ortodoxia era a proposta de uma estabiliza\u00e7\u00e3o a ser alcan\u00e7ada de forma gradativa: pretendia-se a redu\u00e7\u00e3o gradual do d\u00e9ficit p\u00fablico e da infla\u00e7\u00e3o, a qual deveria atingir 10% em 1966.&#8221;<\/p>\n\n\n\n<p>ROSA MARIA MARQUES E JOS\u00c9 MARCIO REGO (ORGS.). ECONOMIA BRASILEIRA (Locais do Kindle 2130-2143). Editora Saraiva. Edi\u00e7\u00e3o do Kindle.<\/p>\n\n\n\n<hr class=\"wp-block-separator\"\/>\n\n\n\n<blockquote class=\"wp-block-quote is-layout-flow wp-block-quote-is-layout-flow\"><p><strong>51<\/strong>. Os metalistas defendiam a manuten\u00e7\u00e3o do padr\u00e3o-ouro (&#8230;)<\/p><\/blockquote>\n\n\n\n<p><strong>Gabarito<\/strong>: Certo<\/p>\n\n\n\n<p><strong>Coment\u00e1rios<\/strong>: a quest\u00e3o est\u00e1 correta quanto \u00e0 defesa dos metalistas ao padr\u00e3o-ouro, sendo um grupo afetado negativamente pela desvaloriza\u00e7\u00e3o cambial proposta pelo papelismo os importadores (enquanto os exportadores seriam favorecidos e, por serem mais fortes, acabaram levando). O ministro da Fazenda antes de Ruy Barbosa, Conselheiro Francisco Beliz\u00e1rio, \u00e9 um dos mais destacados defensores do metalismo de seu tempo.<\/p>\n\n\n\n<hr class=\"wp-block-separator\"\/>\n\n\n\n<blockquote class=\"wp-block-quote is-layout-flow wp-block-quote-is-layout-flow\"><p><strong>52<\/strong>. Os papelistas defendiam a conten\u00e7\u00e3o do cr\u00e9dito banc\u00e1rio como forma de controlar a infla\u00e7\u00e3o.<\/p><\/blockquote>\n\n\n\n<p><strong>Gabarito<\/strong>: Errado<\/p>\n\n\n\n<p><strong>Coment\u00e1rios<\/strong>: Ruy Barbosa, o ministro da fazenda papelista, promoveu uma enorme expans\u00e3o monet\u00e1ria por meio de expans\u00e3o do cr\u00e9dito. A preocupa\u00e7\u00e3o era com a escassez de moeda diante da explos\u00e3o da demanda provocada pelo trabalho assalariado, e n\u00e3o a infla\u00e7\u00e3o. Mesmo entre os metalistas, a preocupa\u00e7\u00e3o direta n\u00e3o era a infla\u00e7\u00e3o, mas sim a taxa de c\u00e2mbio.<\/p>\n\n\n\n<hr class=\"wp-block-separator\"\/>\n\n\n\n<blockquote class=\"wp-block-quote is-layout-flow wp-block-quote-is-layout-flow\"><p>53. \u00c0 \u00e9poca, os impostos de exporta\u00e7\u00e3o ficavam a cargo dos estados, enquanto os de importa\u00e7\u00e3o eram de dom\u00ednio do governo federal.<\/p><\/blockquote>\n\n\n\n<p><strong>Gabarito<\/strong>: Errado<\/p>\n\n\n\n<p><strong>Gabarito preliminar da banca<\/strong>: Certo<\/p>\n\n\n\n<p><strong>Coment\u00e1rios<\/strong>: Essa ser\u00e1 problem\u00e1tica, pois &#8220;\u00e0 \u00e9poca&#8221; faz refer\u00eancia a que per\u00edodo?<\/p>\n\n\n\n<p>Para come\u00e7ar, o debate entre papelistas e metalistas se d\u00e1 na segunda metade do s\u00e9culo XIX. Ent\u00e3o, n\u00e3o havia estados, e sim prov\u00edncias. Nesse per\u00edodo durante o imp\u00e9rio e antes primeira rep\u00fablica (1989), o governo central e as prov\u00edncias taxavam as exporta\u00e7\u00f5es, enquanto as importa\u00e7\u00f5es concentravam-se na compet\u00eancia do governo central (e n\u00e3o federal, j\u00e1 que n\u00e3o havia federa\u00e7\u00e3o, n\u00e9?).  Houve ainda um per\u00edodo consider\u00e1vel do imp\u00e9rio em que o governo central concentrou ambos.<\/p>\n\n\n\n<p>Mais tarde, a partir da constitui\u00e7\u00e3o republicana (1891), j\u00e1 nos &#8220;Estados Unidos do Brasil&#8221;, a compet\u00eancia ocorre como comentado na quest\u00e3o, Estados com exporta\u00e7\u00e3o, Governo Federal com importa\u00e7\u00e3o.<\/p>\n\n\n\n<p>Ent\u00e3o, eu considero essa quest\u00e3o errada, mas acho que a banca vai ignorar que o per\u00edodo que ela mesma estabeleceu no enunciado contempla o imp\u00e9rio, e a\u00ed vai dar gabarito certo. \u00c9 esperar para ver e, se for o caso, fazer o recurso.<\/p>\n\n\n\n<hr class=\"wp-block-separator\"\/>\n\n\n\n<p><em>Edit 18\/08\/2021: Conforme adiantei, a banca colocou o gabarito como &#8220;certo&#8221;, o que discordo diante do per\u00edodo contemplado pelo enunciado. Abaixo, minha proposta de recurso (n\u00e3o copiem e colem, ou ser\u00e1 indeferido):<\/em><\/p>\n\n\n\n<p><strong>Recurso<\/strong>: Embora seja pac\u00edfico que a partir da Constitui\u00e7\u00e3o Republicana de 1891 as compet\u00eancias tribut\u00e1rias tenham sido distribu\u00eddas conforme consta na quest\u00e3o, no enunciado h\u00e1 refer\u00eancia ao per\u00edodo que se inicia com o &#8220;debate entre papelistas e metalistas&#8221;, que ocorreu, no Brasil, &#8220;no per\u00edodo das \u00faltimas d\u00e9cadas do Imp\u00e9rio \u00e0s primeiras d\u00e9cadas da Rep\u00fablica&#8221; (FONSECA e MOLO, 2012).<\/p>\n\n\n\n<p>Sendo assim, o per\u00edodo contempla o Imp\u00e9rio, per\u00edodo em que os termos do enunciado &#8220;estados&#8221; e &#8220;governo federal&#8221; n\u00e3o fazem sentido, posto que havia &#8220;prov\u00edncias&#8221; e &#8220;governo central&#8221;, tornando a alternativa errada. Ademais, &#8220;durante todo o Imp\u00e9rio a receita do governo central dependeu crucialmente dos impostos relacionados ao com\u00e9rcio externo, principalmente sobre importa\u00e7\u00f5es e exporta\u00e7\u00f5es.&#8221; (Abreu, 2014 apud Straten-Ponthoz, 1854), deixando claro que o governo central, an\u00e1logo ao governo federal, tributava as exporta\u00e7\u00f5es.<\/p>\n\n\n\n<p>Portanto, solicita-se a altera\u00e7\u00e3o do gabarito preliminar de &#8220;certo&#8221; para &#8220;errado&#8221;, j\u00e1 que durante o imp\u00e9rio os impostos de exporta\u00e7\u00e3o tamb\u00e9m eram de dom\u00ednio do governo central. <\/p>\n\n\n\n<p>Abreu, Marcelo. A Ordem do Progresso Edi\u00e7\u00e3o Atualizada (p. 22). Elsevier Editora Ltda.. Edi\u00e7\u00e3o do Kindle.<\/p>\n\n\n\n<p>Fonseca, Paulo e Mollo, Maria. Metalistas x papelistas: origens te\u00f3ricas e antecedentes do debate entre monetaristas e desenvolvimentistas. Dispon\u00edvel em: https:\/\/www.scielo.br\/j\/neco\/a\/JKyqqQ8XNckwjm7jYwmCwGd\/?lang=pt<\/p>\n\n\n\n<p><\/p>\n\n\n\n<hr class=\"wp-block-separator\"\/>\n\n\n\n<blockquote class=\"wp-block-quote is-layout-flow wp-block-quote-is-layout-flow\"><p>54. A baixa elasticidade-pre\u00e7o do caf\u00e9 associada \u00e0 expans\u00e3o da oferta do produto levou \u00e0 necessidade de cria\u00e7\u00e3o de medidas de prote\u00e7\u00e3o definidas pelo Conv\u00eanio de Taubat\u00e9 &#8211; como resultado, o governo comprou estoques de caf\u00e9 financiados com a cria\u00e7\u00e3o de um imposto de exporta\u00e7\u00e3o.<\/p><\/blockquote>\n\n\n\n<p><strong>Gabarito<\/strong>: Errado<\/p>\n\n\n\n<p><strong>Gabarito preliminar da banca<\/strong>: Certo<\/p>\n\n\n\n<p><strong>Coment\u00e1rios<\/strong>: Tudo certo, menos a parte do financiamento, que ocorreu via cr\u00e9dito externo.<\/p>\n\n\n\n<hr class=\"wp-block-separator\"\/>\n\n\n\n<p>Edit 18\/08\/2021: Mais um erro do Cebraspe, na minha opini\u00e3o, embora desta vez seja ainda mais claro.<\/p>\n\n\n\n<p><strong>Recurso<\/strong>: Respeitosamente, solicita-se a altera\u00e7\u00e3o do gabarito para &#8220;errado&#8221;, uma vez que o financiamento das atividades definidas no conv\u00eanio de Taubat\u00e9 ocorreram, conforme a principal bibliografia sobre o assunto (A Ordem do Progresso), por meio de cr\u00e9dito externo, inicialmente de grandes importadores, e depois de bancos estrangeiros:<\/p>\n\n\n\n<p>&#8220;Embora pressionado pelos interesses ligados ao caf\u00e9 no sentido de garantir um empr\u00e9stimo externo que permitisse retirar temporariamente os excedentes do mercado, como acertado entre os principais estados produtores no chamado Conv\u00eanio de Taubat\u00e9, o governo federal negou-se a dar tal garantia. A reten\u00e7\u00e3o dos estoques <strong>foi inicialmente financiada com cr\u00e9ditos banc\u00e1rios de grandes importadores estrangeiros<\/strong>.<\/p>\n\n\n\n<p>(&#8230;)<\/p>\n\n\n\n<p>Nessas circunst\u00e2ncias, o governo federal acabou por decidir avalizar, junto a seus <strong>banqueiros de Londres, um empr\u00e9stimo<\/strong> que permitisse financiar a desova dos estoques de caf\u00e9 em prazo mais longo e, portanto, garantir a estabilidade de pre\u00e7os a curto prazo. A decis\u00e3o de apoiar a valoriza\u00e7\u00e3o do caf\u00e9 como forma de garantir a estabilidade macroecon\u00f4mica foi coroada de sucesso.&#8221;<\/p>\n\n\n\n<p>Abreu, Marcelo. A Ordem do Progresso Edi\u00e7\u00e3o Atualizada (p. 51). Elsevier Editora Ltda.. Edi\u00e7\u00e3o do Kindle.<\/p>\n\n\n\n<p>Na mesma linha, temos Celso Furtado:<\/p>\n\n\n\n<p>No conv\u00eanio celebrado em Taubat\u00e9 em fevereiro de 1906, definem-se as bases do que se chamaria pol\u00edtica de \u201cvaloriza\u00e7\u00e3o\u201d do produto. Em ess\u00eancia, essa pol\u00edtica consistia no seguinte: a) com o fim de restabelecer o equil\u00edbrio entre oferta e procura de caf\u00e9, o governo interviria no mercado para comprar os excedentes; <strong>b) o financiamento dessas compras se faria com empr\u00e9stimos estrangeiros;<\/strong><\/p>\n\n\n\n<p>Furtado, Celso. Forma\u00e7\u00e3o econ\u00f4mica do Brasil (pp. 225-226). Companhia das Letras. Edi\u00e7\u00e3o do Kindle.<\/p>\n\n\n\n<p>Portanto, ainda que o servi\u00e7o dos empr\u00e9stimos fosse pago com impostos sobre exporta\u00e7\u00f5es, a quest\u00e3o fala literalmente no financiamento, que ocorre via endividamento.<\/p>\n\n\n\n<hr class=\"wp-block-separator\"\/>\n\n\n\n<blockquote class=\"wp-block-quote is-layout-flow wp-block-quote-is-layout-flow\"><p><strong>55<\/strong>. De acordo com o modelo ricardiano, as vantagens decorrentes do com\u00e9rcio internacional s\u00e3o afastadas na hip\u00f3tese de um pa\u00eds ser relativamente menos produtivo que outro em todas as ind\u00fastrias.<\/p><\/blockquote>\n\n\n\n<p><strong>Gabarito<\/strong>: Errado<\/p>\n\n\n\n<p><strong>Coment\u00e1rios<\/strong>: Pelo contr\u00e1rio, o modelo ricardiano de vantagens comparativas explica porque mesmo quando um pa\u00eds possui vantagens absolutas em todos os produtos, ou seja, mesmo quando ele \u00e9 mais eficiente, ainda \u00e9 ben\u00e9fico o com\u00e9rcio exterior, pois o que importa s\u00e3o os custos relativos.<\/p>\n\n\n\n<hr class=\"wp-block-separator\"\/>\n\n\n\n<blockquote class=\"wp-block-quote is-layout-flow wp-block-quote-is-layout-flow\"><p>56. Na teoria Hecksher-Ohlin, o com\u00e9rcio internacional (&#8230;)<\/p><\/blockquote>\n\n\n\n<p><strong>Gabarito<\/strong>: Errado<\/p>\n\n\n\n<p><strong>Gabarito preliminar da banca<\/strong>: Certo<\/p>\n\n\n\n<p><strong>Coment\u00e1rios<\/strong>: O modelo descrito no enunciado \u00e9 o Hecksher-Ohlin-<strong>Samuelson<\/strong>: o <strong>modelo de equaliza\u00e7\u00e3o de pre\u00e7os<\/strong>. Apesar de termos visto esse modelo em aula, ele n\u00e3o est\u00e1 previsto expressamente no edital. Mas o modelo Hecksher-Ohlin est\u00e1 previsto, ent\u00e3o n\u00e3o vejo como obter sucesso com recurso aqui.<\/p>\n\n\n\n<p>Edit: 18\/08\/2021: a banca confundiu os modelos. Vamos ao recurso, que recomendo bem objetivo.<\/p>\n\n\n\n<p><strong>Recurso<\/strong>: Solicita-se a altera\u00e7\u00e3o do gabarito para &#8220;errado&#8221;, uma vez que o modelo de equaliza\u00e7\u00e3o de pre\u00e7os, descrito na quest\u00e3o, \u00e9 o modelo &#8220;Hecksher-Ohlin-Samuelson&#8221;, distinto do modelo &#8220;Hecksher-Ohlin&#8221;:<\/p>\n\n\n\n<p>&#8220;Em 1948 e 1949, Samuelson formalizou de forma definitiva o teorema de equaliza\u00e7\u00e3o de pre\u00e7os de fatores, o que fez com que o teorema de equaliza\u00e7\u00e3o de pre\u00e7os de fatores passasse a ser frequentemente referido como teorema Heckscher-Ohlin-Samuelson.&#8221;<\/p>\n\n\n\n<p>Gon\u00e7alves, Reinaldo; Neves, Renato. Economia Internacional . Elsevier Editora Ltda.. Edi\u00e7\u00e3o do Kindle<\/p>\n\n\n\n<p>Portanto, para estar correta, a quest\u00e3o deveria falar no modelo subsequente, formalizado por Paul Samuelson, n\u00e3o mencionado na quest\u00e3o.<\/p>\n\n\n\n<p>Gon\u00e7alves, Reinaldo; Neves, Renato. Economia Internacional . Elsevier Editora Ltda.. Edi\u00e7\u00e3o do Kindle.<\/p>\n\n\n\n<hr class=\"wp-block-separator\"\/>\n\n\n\n<blockquote class=\"wp-block-quote is-layout-flow wp-block-quote-is-layout-flow\"><p>57. As barreiras comerciais impostas sobre os produtos (&#8230;)<\/p><\/blockquote>\n\n\n\n<p><strong>Gabarito<\/strong>: Certo*<\/p>\n\n\n\n<p><strong>Coment\u00e1rios<\/strong>: O enunciado descreve corretamente o Teorema de Stolper-Samuelson. O problema \u00e9 que esse modelo n\u00e3o est\u00e1 previsto no edital, ent\u00e3o sugiro recurso para anula\u00e7\u00e3o da quest\u00e3o a quem se sentir prejudicado.<\/p>\n\n\n\n<p><strong>Recurso<\/strong>: o modelo de fatores espec\u00edficos, ou &#8220;modelo de Stoper-Samuelson&#8221; n\u00e3o est\u00e1 previsto no edital, cujo \u00fanico modelo de m\u00faltiplos fatores previstos foi o de &#8220;Hecksher-Ohlin&#8221;, de forma que solicito, respeitosamente, a anula\u00e7\u00e3o da quest\u00e3o.<\/p>\n\n\n\n<p>&#8220;Teorema de Stolper-Samuelson A formula\u00e7\u00e3o mais frequentemente associada \u00e0 l\u00f3gica de equaliza\u00e7\u00e3o de pre\u00e7os dos fatores de produ\u00e7\u00e3o como resultado do com\u00e9rcio internacional \u00e9 a de Wolfgang Stolper e Paul Samuelson.&#8221;<\/p>\n\n\n\n<p>Gon\u00e7alves, Reinaldo; Neves, Renato. Economia Internacional . Elsevier Editora Ltda.. Edi\u00e7\u00e3o do Kindle.<\/p>\n\n\n\n<p>Krugman, ainda que atribua a outro co-autor, deixa claro se tratar de outro modelo:<\/p>\n\n\n\n<p>&#8220;O modelo de fatores espec\u00edficos foi desenvolvido por Paul Samuelson e Ronald Jones.&#8221;<\/p>\n\n\n\n<p>Krugman, Paul R.. Economia Internacional (p. 43). Edi\u00e7\u00e3o do Kindle.<\/p>\n\n\n\n<p>Portanto, ratifica-se que o modelo n\u00e3o est\u00e1 previsto no edital, de forma que a quest\u00e3o deve ser anulada por n\u00e3o atender ao instrumento convocat\u00f3rio, em afronta \u00e0s normas do direito.<\/p>\n\n\n\n<hr class=\"wp-block-separator\"\/>\n\n\n\n<blockquote class=\"wp-block-quote is-layout-flow wp-block-quote-is-layout-flow\"><p><strong>58<\/strong>. A pol\u00edtica monet\u00e1ria expansionista atinge sua m\u00e1xima efic\u00e1cia (&#8230;)<\/p><\/blockquote>\n\n\n\n<p><strong>Gabarito<\/strong>: Certo<\/p>\n\n\n\n<p><strong>Coment\u00e1rios<\/strong>: <\/p>\n\n\n\n<figure class=\"wp-block-table\"><table><tbody><tr><td>1. A economia est\u00e1 em equil\u00edbrio no mercado real, no mercado monet\u00e1rio, e no BP \u2013 pois as taxas de juros e n\u00edvel de renda, neste patamar, t\u00eam esse efeito.<\/td><\/tr><tr><td>2. A pol\u00edtica monet\u00e1ria expansionista promovida pela Banco Central desloca a curva LM para a direita, causando queda nos juros internos que, quando menores que os juros externos, provocam sa\u00edda de capitais e desvaloriza\u00e7\u00e3o da moeda dom\u00e9stica (aumento da taxa de c\u00e2mbio).<\/td><\/tr><tr><td>3. Com a moeda desvalorizada, h\u00e1 aumento das exporta\u00e7\u00f5es. Com o resto do mundo comprando mais de nossos produtos, aumenta a renda nacional, deslocando a curva IS para a direita.<\/td><\/tr><tr><td>Assim, conclu\u00edmos que a pol\u00edtica monet\u00e1ria \u00e9 totalmente eficaz para aumentar a renda em uma economia aberta com livre mobilidade de capital e c\u00e2mbio flex\u00edvel.<\/td><\/tr><\/tbody><\/table><\/figure>\n\n\n\n<hr class=\"wp-block-separator\"\/>\n\n\n\n<blockquote class=\"wp-block-quote is-layout-flow wp-block-quote-is-layout-flow\"><p><strong>59<\/strong>. A pol\u00edtica fiscal expansionista \u00e9 mais eficaz para aumentar (&#8230;)<\/p><\/blockquote>\n\n\n\n<p><strong>Gabarito<\/strong>: Errado<\/p>\n\n\n\n<p><strong>Coment\u00e1rios<\/strong>: Essa \u00e9 boa e dif\u00edcil, mas a verdade \u00e9 que a efic\u00e1cia ser\u00e1 id\u00eantica nos dois cen\u00e1rios. Fico devendo uma explica\u00e7\u00e3o mais completa no coment\u00e1rio em v\u00eddeo, mas com perfeita elasticidade da demanda por moeda aos juros, a LM ser\u00e1 horizontal, e n\u00e3o haver\u00e1 nenhum crowding-out, equiparando o efeito do deslocamento da LM diante da pol\u00edtica fiscal expansionista na economia aberta.<\/p>\n\n\n\n<hr class=\"wp-block-separator\"\/>\n\n\n\n<div class=\"wp-block-columns is-layout-flex wp-container-core-columns-is-layout-28f84493 wp-block-columns-is-layout-flex\">\n<div class=\"wp-block-column is-layout-flow wp-block-column-is-layout-flow\" style=\"flex-basis:100%\">\n<blockquote class=\"wp-block-quote is-layout-flow wp-block-quote-is-layout-flow\"><p><strong>60<\/strong>. Caso n\u00e3o existam custos de transa\u00e7\u00e3o e os bens sejam (&#8230;)<\/p><\/blockquote>\n<\/div>\n<\/div>\n\n\n\n<p><strong>Gabarito<\/strong>: Errado<\/p>\n\n\n\n<p><strong>Coment\u00e1rios<\/strong>: quem postula isso \u00e9 a PPC <strong>absoluta<\/strong>, e ainda depende da aus\u00eancia de barreiras comerciais, algo n\u00e3o mencionado na quest\u00e3o.<\/p>\n\n\n\n<hr class=\"wp-block-separator\"\/>\n\n\n\n<p>Bem pessoal, \u00e9 isso. De forma geral, uma prova de alto n\u00edvel como esperado, com uma dose de pol\u00eamica pra gente discutir enquanto h\u00e1 tempo. O gabarito preliminar oficial pode trazer mais pontos para discutirmos, ent\u00e3o fique \u00e0 vontade para deixar seu coment\u00e1rio e debater comigo e com os colegas.<\/p>\n\n\n\n<p>Abra\u00e7o!<\/p>\n\n\n\n<p>Prof. Celso Natale<\/p>\n\n\n\n<p><a href=\"https:\/\/www.instagram.com\/profcelsonatale\/\" target=\"_blank\" rel=\"noreferrer noopener\">@profcelsonatale<\/a><\/p>\n","protected":false},"excerpt":{"rendered":"<p>Edit 18\/08\/2021: com a publica\u00e7\u00e3o do gabarito preliminar, atualizei o artigo com possibilidade de recursos nas quest\u00f5es 50, 53, 54, 56 e 57. Na minha opini\u00e3o, s\u00e3o erros evidentes, com direito a autores consagrados afirmando exatamente o oposto e extrapola\u00e7\u00e3o do edital. Qualquer coisa, fale comigo no IG: @profcelsonatale. Fala ilustre! Tudo certo? Aqui \u00e9 [&hellip;]<\/p>\n","protected":false},"author":1186,"featured_media":789170,"comment_status":"open","ping_status":"closed","sticky":false,"template":"","format":"standard","meta":{"post_tipo":"article","footnotes":""},"categories":[1983],"tags":[8,661],"tax_estado":[219969],"class_list":["post-836592","post","type-post","status-publish","format-standard","has-post-thumbnail","hentry","category-fiscal-estadual","tag-recurso","tag-recursos","tax_estado-ce"],"acf":[],"yoast_head":"<!-- This site is optimized with the Yoast SEO Premium plugin v27.2 (Yoast SEO v27.2) - https:\/\/yoast.com\/product\/yoast-seo-premium-wordpress\/ -->\n<title>Gabarito Extraoficial Sefaz\/CE - Economia e Finan\u00e7as P\u00fablicas (+Recursos):<\/title>\n<meta name=\"robots\" content=\"index, follow, max-snippet:-1, max-image-preview:large, max-video-preview:-1\" \/>\n<link rel=\"canonical\" href=\"https:\/\/www.estrategiaconcursos.com.br\/blog\/gabarito-extraoficial-sefaz-ce-economia-e-financas-publicas\/\" \/>\n<meta property=\"og:locale\" content=\"pt_BR\" \/>\n<meta property=\"og:type\" content=\"article\" \/>\n<meta property=\"og:title\" content=\"Gabarito Extraoficial Sefaz\/CE - Economia e Finan\u00e7as P\u00fablicas (+Recursos):\" \/>\n<meta property=\"og:description\" content=\"Edit 18\/08\/2021: com a publica\u00e7\u00e3o do gabarito preliminar, atualizei o artigo com possibilidade de recursos nas quest\u00f5es 50, 53, 54, 56 e 57. Na minha opini\u00e3o, s\u00e3o erros evidentes, com direito a autores consagrados afirmando exatamente o oposto e extrapola\u00e7\u00e3o do edital. Qualquer coisa, fale comigo no IG: @profcelsonatale. Fala ilustre! Tudo certo? Aqui \u00e9 [&hellip;]\" \/>\n<meta property=\"og:url\" content=\"https:\/\/www.estrategiaconcursos.com.br\/blog\/gabarito-extraoficial-sefaz-ce-economia-e-financas-publicas\/\" \/>\n<meta property=\"og:site_name\" content=\"Estrat\u00e9gia Concursos\" \/>\n<meta property=\"article:published_time\" content=\"2021-08-15T18:50:26+00:00\" \/>\n<meta property=\"article:modified_time\" content=\"2021-08-18T04:47:37+00:00\" \/>\n<meta property=\"og:image\" content=\"https:\/\/dhg1h5j42swfq.cloudfront.net\/2021\/07\/07105220\/sefaz-ce_2-1024x536-1.jpg\" \/>\n\t<meta property=\"og:image:width\" content=\"1024\" \/>\n\t<meta property=\"og:image:height\" content=\"536\" \/>\n\t<meta property=\"og:image:type\" content=\"image\/jpeg\" \/>\n<meta name=\"author\" content=\"Celso Natale\" \/>\n<meta name=\"twitter:card\" content=\"summary_large_image\" \/>\n<meta name=\"twitter:creator\" content=\"@EstratConcursos\" \/>\n<meta name=\"twitter:site\" content=\"@EstratConcursos\" \/>\n<meta name=\"twitter:label1\" content=\"Escrito por\" \/>\n\t<meta name=\"twitter:data1\" content=\"Celso Natale\" \/>\n\t<meta name=\"twitter:label2\" content=\"Est. tempo de leitura\" \/>\n\t<meta name=\"twitter:data2\" content=\"12 minutos\" \/>\n<script type=\"application\/ld+json\" class=\"yoast-schema-graph\">{\"@context\":\"https:\/\/schema.org\",\"@graph\":[{\"@type\":\"NewsArticle\",\"@id\":\"https:\/\/www.estrategiaconcursos.com.br\/blog\/gabarito-extraoficial-sefaz-ce-economia-e-financas-publicas\/#article\",\"isPartOf\":{\"@id\":\"https:\/\/www.estrategiaconcursos.com.br\/blog\/gabarito-extraoficial-sefaz-ce-economia-e-financas-publicas\/\"},\"author\":{\"name\":\"Celso Natale\",\"@id\":\"https:\/\/www.estrategiaconcursos.com.br\/blog\/#\/schema\/person\/8d088d35995a851f83b2256633153f3b\"},\"headline\":\"Gabarito Extraoficial Sefaz\/CE &#8211; Economia e Finan\u00e7as P\u00fablicas (+Recursos):\",\"datePublished\":\"2021-08-15T18:50:26+00:00\",\"dateModified\":\"2021-08-18T04:47:37+00:00\",\"mainEntityOfPage\":{\"@id\":\"https:\/\/www.estrategiaconcursos.com.br\/blog\/gabarito-extraoficial-sefaz-ce-economia-e-financas-publicas\/\"},\"wordCount\":2985,\"commentCount\":0,\"publisher\":{\"@id\":\"https:\/\/www.estrategiaconcursos.com.br\/blog\/#organization\"},\"image\":{\"@id\":\"https:\/\/www.estrategiaconcursos.com.br\/blog\/gabarito-extraoficial-sefaz-ce-economia-e-financas-publicas\/#primaryimage\"},\"thumbnailUrl\":\"https:\/\/dhg1h5j42swfq.cloudfront.net\/2021\/07\/07105220\/sefaz-ce_2-1024x536-1.jpg\",\"keywords\":[\"Recurso\",\"Recursos\"],\"articleSection\":[\"Fiscal - Estadual (ICMS)\"],\"inLanguage\":\"pt-BR\",\"potentialAction\":[{\"@type\":\"CommentAction\",\"name\":\"Comment\",\"target\":[\"https:\/\/www.estrategiaconcursos.com.br\/blog\/gabarito-extraoficial-sefaz-ce-economia-e-financas-publicas\/#respond\"]}],\"copyrightYear\":\"2021\",\"copyrightHolder\":{\"@id\":\"https:\/\/www.estrategiaconcursos.com.br\/blog\/#organization\"}},{\"@type\":\"WebPage\",\"@id\":\"https:\/\/www.estrategiaconcursos.com.br\/blog\/gabarito-extraoficial-sefaz-ce-economia-e-financas-publicas\/\",\"url\":\"https:\/\/www.estrategiaconcursos.com.br\/blog\/gabarito-extraoficial-sefaz-ce-economia-e-financas-publicas\/\",\"name\":\"Gabarito Extraoficial Sefaz\/CE - Economia e Finan\u00e7as P\u00fablicas (+Recursos):\",\"isPartOf\":{\"@id\":\"https:\/\/www.estrategiaconcursos.com.br\/blog\/#website\"},\"primaryImageOfPage\":{\"@id\":\"https:\/\/www.estrategiaconcursos.com.br\/blog\/gabarito-extraoficial-sefaz-ce-economia-e-financas-publicas\/#primaryimage\"},\"image\":{\"@id\":\"https:\/\/www.estrategiaconcursos.com.br\/blog\/gabarito-extraoficial-sefaz-ce-economia-e-financas-publicas\/#primaryimage\"},\"thumbnailUrl\":\"https:\/\/dhg1h5j42swfq.cloudfront.net\/2021\/07\/07105220\/sefaz-ce_2-1024x536-1.jpg\",\"datePublished\":\"2021-08-15T18:50:26+00:00\",\"dateModified\":\"2021-08-18T04:47:37+00:00\",\"breadcrumb\":{\"@id\":\"https:\/\/www.estrategiaconcursos.com.br\/blog\/gabarito-extraoficial-sefaz-ce-economia-e-financas-publicas\/#breadcrumb\"},\"inLanguage\":\"pt-BR\",\"potentialAction\":[{\"@type\":\"ReadAction\",\"target\":[\"https:\/\/www.estrategiaconcursos.com.br\/blog\/gabarito-extraoficial-sefaz-ce-economia-e-financas-publicas\/\"]}]},{\"@type\":\"ImageObject\",\"inLanguage\":\"pt-BR\",\"@id\":\"https:\/\/www.estrategiaconcursos.com.br\/blog\/gabarito-extraoficial-sefaz-ce-economia-e-financas-publicas\/#primaryimage\",\"url\":\"https:\/\/dhg1h5j42swfq.cloudfront.net\/2021\/07\/07105220\/sefaz-ce_2-1024x536-1.jpg\",\"contentUrl\":\"https:\/\/dhg1h5j42swfq.cloudfront.net\/2021\/07\/07105220\/sefaz-ce_2-1024x536-1.jpg\",\"width\":1024,\"height\":536,\"caption\":\"sefaz ce gabaritos\"},{\"@type\":\"BreadcrumbList\",\"@id\":\"https:\/\/www.estrategiaconcursos.com.br\/blog\/gabarito-extraoficial-sefaz-ce-economia-e-financas-publicas\/#breadcrumb\",\"itemListElement\":[{\"@type\":\"ListItem\",\"position\":1,\"name\":\"In\u00edcio\",\"item\":\"https:\/\/www.estrategiaconcursos.com.br\/blog\/\"},{\"@type\":\"ListItem\",\"position\":2,\"name\":\"Gabarito Extraoficial Sefaz\/CE &#8211; Economia e Finan\u00e7as P\u00fablicas (+Recursos):\"}]},{\"@type\":\"WebSite\",\"@id\":\"https:\/\/www.estrategiaconcursos.com.br\/blog\/#website\",\"url\":\"https:\/\/www.estrategiaconcursos.com.br\/blog\/\",\"name\":\"Estrat\u00e9gia Concursos\",\"description\":\"O blog da Estrat\u00e9gia Concursos traz not\u00edcias sobre concursos e artigos de professores oferecendo cursos para concursos (pdf + videaulas) no site.\",\"publisher\":{\"@id\":\"https:\/\/www.estrategiaconcursos.com.br\/blog\/#organization\"},\"potentialAction\":[{\"@type\":\"SearchAction\",\"target\":{\"@type\":\"EntryPoint\",\"urlTemplate\":\"https:\/\/www.estrategiaconcursos.com.br\/blog\/?s={search_term_string}\"},\"query-input\":{\"@type\":\"PropertyValueSpecification\",\"valueRequired\":true,\"valueName\":\"search_term_string\"}}],\"inLanguage\":\"pt-BR\"},{\"@type\":\"Organization\",\"@id\":\"https:\/\/www.estrategiaconcursos.com.br\/blog\/#organization\",\"name\":\"Estrat\u00e9gia Concursos\",\"url\":\"https:\/\/www.estrategiaconcursos.com.br\/blog\/\",\"logo\":{\"@type\":\"ImageObject\",\"inLanguage\":\"pt-BR\",\"@id\":\"https:\/\/www.estrategiaconcursos.com.br\/blog\/#\/schema\/logo\/image\/\",\"url\":\"https:\/\/dhg1h5j42swfq.cloudfront.net\/2025\/06\/03203428\/logo_concursos-1.jpg\",\"contentUrl\":\"https:\/\/dhg1h5j42swfq.cloudfront.net\/2025\/06\/03203428\/logo_concursos-1.jpg\",\"width\":230,\"height\":60,\"caption\":\"Estrat\u00e9gia Concursos\"},\"image\":{\"@id\":\"https:\/\/www.estrategiaconcursos.com.br\/blog\/#\/schema\/logo\/image\/\"},\"sameAs\":[\"https:\/\/x.com\/EstratConcursos\"]},{\"@type\":\"Person\",\"@id\":\"https:\/\/www.estrategiaconcursos.com.br\/blog\/#\/schema\/person\/8d088d35995a851f83b2256633153f3b\",\"name\":\"Celso Natale\",\"image\":{\"@type\":\"ImageObject\",\"inLanguage\":\"pt-BR\",\"@id\":\"https:\/\/secure.gravatar.com\/avatar\/c8fbdcaa043a22980f0e38d9de732508e2163cd4ee3835f9403347be9a456cc8?s=96&d=mm&r=g\",\"url\":\"https:\/\/secure.gravatar.com\/avatar\/c8fbdcaa043a22980f0e38d9de732508e2163cd4ee3835f9403347be9a456cc8?s=96&d=mm&r=g\",\"contentUrl\":\"https:\/\/secure.gravatar.com\/avatar\/c8fbdcaa043a22980f0e38d9de732508e2163cd4ee3835f9403347be9a456cc8?s=96&d=mm&r=g\",\"caption\":\"Celso Natale\"},\"url\":\"https:\/\/www.estrategiaconcursos.com.br\/blog\/author\/celsonatalegmail-com\/\"}]}<\/script>\n<!-- \/ Yoast SEO Premium plugin. -->","yoast_head_json":{"title":"Gabarito Extraoficial Sefaz\/CE - Economia e Finan\u00e7as P\u00fablicas (+Recursos):","robots":{"index":"index","follow":"follow","max-snippet":"max-snippet:-1","max-image-preview":"max-image-preview:large","max-video-preview":"max-video-preview:-1"},"canonical":"https:\/\/www.estrategiaconcursos.com.br\/blog\/gabarito-extraoficial-sefaz-ce-economia-e-financas-publicas\/","og_locale":"pt_BR","og_type":"article","og_title":"Gabarito Extraoficial Sefaz\/CE - Economia e Finan\u00e7as P\u00fablicas (+Recursos):","og_description":"Edit 18\/08\/2021: com a publica\u00e7\u00e3o do gabarito preliminar, atualizei o artigo com possibilidade de recursos nas quest\u00f5es 50, 53, 54, 56 e 57. Na minha opini\u00e3o, s\u00e3o erros evidentes, com direito a autores consagrados afirmando exatamente o oposto e extrapola\u00e7\u00e3o do edital. Qualquer coisa, fale comigo no IG: @profcelsonatale. Fala ilustre! Tudo certo? Aqui \u00e9 [&hellip;]","og_url":"https:\/\/www.estrategiaconcursos.com.br\/blog\/gabarito-extraoficial-sefaz-ce-economia-e-financas-publicas\/","og_site_name":"Estrat\u00e9gia Concursos","article_published_time":"2021-08-15T18:50:26+00:00","article_modified_time":"2021-08-18T04:47:37+00:00","og_image":[{"width":1024,"height":536,"url":"https:\/\/dhg1h5j42swfq.cloudfront.net\/2021\/07\/07105220\/sefaz-ce_2-1024x536-1.jpg","type":"image\/jpeg"}],"author":"Celso Natale","twitter_card":"summary_large_image","twitter_creator":"@EstratConcursos","twitter_site":"@EstratConcursos","twitter_misc":{"Escrito por":"Celso Natale","Est. tempo de leitura":"12 minutos"},"schema":{"@context":"https:\/\/schema.org","@graph":[{"@type":"NewsArticle","@id":"https:\/\/www.estrategiaconcursos.com.br\/blog\/gabarito-extraoficial-sefaz-ce-economia-e-financas-publicas\/#article","isPartOf":{"@id":"https:\/\/www.estrategiaconcursos.com.br\/blog\/gabarito-extraoficial-sefaz-ce-economia-e-financas-publicas\/"},"author":{"name":"Celso Natale","@id":"https:\/\/www.estrategiaconcursos.com.br\/blog\/#\/schema\/person\/8d088d35995a851f83b2256633153f3b"},"headline":"Gabarito Extraoficial Sefaz\/CE &#8211; Economia e Finan\u00e7as P\u00fablicas (+Recursos):","datePublished":"2021-08-15T18:50:26+00:00","dateModified":"2021-08-18T04:47:37+00:00","mainEntityOfPage":{"@id":"https:\/\/www.estrategiaconcursos.com.br\/blog\/gabarito-extraoficial-sefaz-ce-economia-e-financas-publicas\/"},"wordCount":2985,"commentCount":0,"publisher":{"@id":"https:\/\/www.estrategiaconcursos.com.br\/blog\/#organization"},"image":{"@id":"https:\/\/www.estrategiaconcursos.com.br\/blog\/gabarito-extraoficial-sefaz-ce-economia-e-financas-publicas\/#primaryimage"},"thumbnailUrl":"https:\/\/dhg1h5j42swfq.cloudfront.net\/2021\/07\/07105220\/sefaz-ce_2-1024x536-1.jpg","keywords":["Recurso","Recursos"],"articleSection":["Fiscal - Estadual (ICMS)"],"inLanguage":"pt-BR","potentialAction":[{"@type":"CommentAction","name":"Comment","target":["https:\/\/www.estrategiaconcursos.com.br\/blog\/gabarito-extraoficial-sefaz-ce-economia-e-financas-publicas\/#respond"]}],"copyrightYear":"2021","copyrightHolder":{"@id":"https:\/\/www.estrategiaconcursos.com.br\/blog\/#organization"}},{"@type":"WebPage","@id":"https:\/\/www.estrategiaconcursos.com.br\/blog\/gabarito-extraoficial-sefaz-ce-economia-e-financas-publicas\/","url":"https:\/\/www.estrategiaconcursos.com.br\/blog\/gabarito-extraoficial-sefaz-ce-economia-e-financas-publicas\/","name":"Gabarito Extraoficial Sefaz\/CE - Economia e Finan\u00e7as P\u00fablicas (+Recursos):","isPartOf":{"@id":"https:\/\/www.estrategiaconcursos.com.br\/blog\/#website"},"primaryImageOfPage":{"@id":"https:\/\/www.estrategiaconcursos.com.br\/blog\/gabarito-extraoficial-sefaz-ce-economia-e-financas-publicas\/#primaryimage"},"image":{"@id":"https:\/\/www.estrategiaconcursos.com.br\/blog\/gabarito-extraoficial-sefaz-ce-economia-e-financas-publicas\/#primaryimage"},"thumbnailUrl":"https:\/\/dhg1h5j42swfq.cloudfront.net\/2021\/07\/07105220\/sefaz-ce_2-1024x536-1.jpg","datePublished":"2021-08-15T18:50:26+00:00","dateModified":"2021-08-18T04:47:37+00:00","breadcrumb":{"@id":"https:\/\/www.estrategiaconcursos.com.br\/blog\/gabarito-extraoficial-sefaz-ce-economia-e-financas-publicas\/#breadcrumb"},"inLanguage":"pt-BR","potentialAction":[{"@type":"ReadAction","target":["https:\/\/www.estrategiaconcursos.com.br\/blog\/gabarito-extraoficial-sefaz-ce-economia-e-financas-publicas\/"]}]},{"@type":"ImageObject","inLanguage":"pt-BR","@id":"https:\/\/www.estrategiaconcursos.com.br\/blog\/gabarito-extraoficial-sefaz-ce-economia-e-financas-publicas\/#primaryimage","url":"https:\/\/dhg1h5j42swfq.cloudfront.net\/2021\/07\/07105220\/sefaz-ce_2-1024x536-1.jpg","contentUrl":"https:\/\/dhg1h5j42swfq.cloudfront.net\/2021\/07\/07105220\/sefaz-ce_2-1024x536-1.jpg","width":1024,"height":536,"caption":"sefaz ce gabaritos"},{"@type":"BreadcrumbList","@id":"https:\/\/www.estrategiaconcursos.com.br\/blog\/gabarito-extraoficial-sefaz-ce-economia-e-financas-publicas\/#breadcrumb","itemListElement":[{"@type":"ListItem","position":1,"name":"In\u00edcio","item":"https:\/\/www.estrategiaconcursos.com.br\/blog\/"},{"@type":"ListItem","position":2,"name":"Gabarito Extraoficial Sefaz\/CE &#8211; Economia e Finan\u00e7as P\u00fablicas (+Recursos):"}]},{"@type":"WebSite","@id":"https:\/\/www.estrategiaconcursos.com.br\/blog\/#website","url":"https:\/\/www.estrategiaconcursos.com.br\/blog\/","name":"Estrat\u00e9gia Concursos","description":"O blog da Estrat\u00e9gia Concursos traz not\u00edcias sobre concursos e artigos de professores oferecendo cursos para concursos (pdf + videaulas) no site.","publisher":{"@id":"https:\/\/www.estrategiaconcursos.com.br\/blog\/#organization"},"potentialAction":[{"@type":"SearchAction","target":{"@type":"EntryPoint","urlTemplate":"https:\/\/www.estrategiaconcursos.com.br\/blog\/?s={search_term_string}"},"query-input":{"@type":"PropertyValueSpecification","valueRequired":true,"valueName":"search_term_string"}}],"inLanguage":"pt-BR"},{"@type":"Organization","@id":"https:\/\/www.estrategiaconcursos.com.br\/blog\/#organization","name":"Estrat\u00e9gia Concursos","url":"https:\/\/www.estrategiaconcursos.com.br\/blog\/","logo":{"@type":"ImageObject","inLanguage":"pt-BR","@id":"https:\/\/www.estrategiaconcursos.com.br\/blog\/#\/schema\/logo\/image\/","url":"https:\/\/dhg1h5j42swfq.cloudfront.net\/2025\/06\/03203428\/logo_concursos-1.jpg","contentUrl":"https:\/\/dhg1h5j42swfq.cloudfront.net\/2025\/06\/03203428\/logo_concursos-1.jpg","width":230,"height":60,"caption":"Estrat\u00e9gia Concursos"},"image":{"@id":"https:\/\/www.estrategiaconcursos.com.br\/blog\/#\/schema\/logo\/image\/"},"sameAs":["https:\/\/x.com\/EstratConcursos"]},{"@type":"Person","@id":"https:\/\/www.estrategiaconcursos.com.br\/blog\/#\/schema\/person\/8d088d35995a851f83b2256633153f3b","name":"Celso Natale","image":{"@type":"ImageObject","inLanguage":"pt-BR","@id":"https:\/\/secure.gravatar.com\/avatar\/c8fbdcaa043a22980f0e38d9de732508e2163cd4ee3835f9403347be9a456cc8?s=96&d=mm&r=g","url":"https:\/\/secure.gravatar.com\/avatar\/c8fbdcaa043a22980f0e38d9de732508e2163cd4ee3835f9403347be9a456cc8?s=96&d=mm&r=g","contentUrl":"https:\/\/secure.gravatar.com\/avatar\/c8fbdcaa043a22980f0e38d9de732508e2163cd4ee3835f9403347be9a456cc8?s=96&d=mm&r=g","caption":"Celso Natale"},"url":"https:\/\/www.estrategiaconcursos.com.br\/blog\/author\/celsonatalegmail-com\/"}]}},"_links":{"self":[{"href":"https:\/\/www.estrategiaconcursos.com.br\/blog\/wp-json\/wp\/v2\/posts\/836592","targetHints":{"allow":["GET"]}}],"collection":[{"href":"https:\/\/www.estrategiaconcursos.com.br\/blog\/wp-json\/wp\/v2\/posts"}],"about":[{"href":"https:\/\/www.estrategiaconcursos.com.br\/blog\/wp-json\/wp\/v2\/types\/post"}],"author":[{"embeddable":true,"href":"https:\/\/www.estrategiaconcursos.com.br\/blog\/wp-json\/wp\/v2\/users\/1186"}],"replies":[{"embeddable":true,"href":"https:\/\/www.estrategiaconcursos.com.br\/blog\/wp-json\/wp\/v2\/comments?post=836592"}],"version-history":[{"count":12,"href":"https:\/\/www.estrategiaconcursos.com.br\/blog\/wp-json\/wp\/v2\/posts\/836592\/revisions"}],"predecessor-version":[{"id":839007,"href":"https:\/\/www.estrategiaconcursos.com.br\/blog\/wp-json\/wp\/v2\/posts\/836592\/revisions\/839007"}],"wp:featuredmedia":[{"embeddable":true,"href":"https:\/\/www.estrategiaconcursos.com.br\/blog\/wp-json\/wp\/v2\/media\/789170"}],"wp:attachment":[{"href":"https:\/\/www.estrategiaconcursos.com.br\/blog\/wp-json\/wp\/v2\/media?parent=836592"}],"wp:term":[{"taxonomy":"category","embeddable":true,"href":"https:\/\/www.estrategiaconcursos.com.br\/blog\/wp-json\/wp\/v2\/categories?post=836592"},{"taxonomy":"post_tag","embeddable":true,"href":"https:\/\/www.estrategiaconcursos.com.br\/blog\/wp-json\/wp\/v2\/tags?post=836592"},{"taxonomy":"tax_estado","embeddable":true,"href":"https:\/\/www.estrategiaconcursos.com.br\/blog\/wp-json\/wp\/v2\/tax_estado?post=836592"}],"curies":[{"name":"wp","href":"https:\/\/api.w.org\/{rel}","templated":true}]}}