{"id":836381,"date":"2021-08-14T14:41:00","date_gmt":"2021-08-14T17:41:00","guid":{"rendered":"https:\/\/www.estrategiaconcursos.com.br\/blog\/?p=836381"},"modified":"2021-08-14T15:42:38","modified_gmt":"2021-08-14T18:42:38","slug":"concursos-mt-certames-em-fase-de-formacao-de-comissoes","status":"publish","type":"post","link":"https:\/\/www.estrategiaconcursos.com.br\/blog\/concursos-mt-certames-em-fase-de-formacao-de-comissoes\/","title":{"rendered":"Concursos MT: certames em fase de forma\u00e7\u00e3o de comiss\u00f5es"},"content":{"rendered":"\n<p>A Secretaria de Planejamento e Gest\u00e3o do Mato Grosso (SEPLAG MT) est\u00e1 trabalhando para publicar os editais dos concursos da \u00e1rea de seguran\u00e7a p\u00fablica anunciados pelo governador Mauro Mendes. De acordo com informa\u00e7\u00f5es da pasta, os procedimentos necess\u00e1rios para a realiza\u00e7\u00e3o do certame ainda est\u00e3o em fase inicial.<\/p>\n\n\n\n<p>Os certames est\u00e3o na fase de forma\u00e7\u00e3o das comiss\u00f5es respons\u00e1veis pelo acompanhamento das atividades dos processos seletivos. A expectativa da SEPLAG \u00e9 de que os editais de concursos de Pol\u00edcia Civil, Pol\u00edcia Militar, Corpo de Bombeiros e Per\u00edcia Oficial e Identifica\u00e7\u00e3o T\u00e9cnica (Politec) sejam publicados neste segundo semestre.<\/p>\n\n\n\n<p>De acordo com o chefe do executivo mato grossense n\u00e3o h\u00e1 entraves or\u00e7ament\u00e1rios que possam dificultar a realiza\u00e7\u00e3o das sele\u00e7\u00f5es, o que refor\u00e7a a possibilidade de os editais serem publicados ainda neste ano.<\/p>\n\n\n\n<p>Nesta semana o governador do Mato Grosso anunciou que novos concursos policiais ser\u00e3o realizados ao longo deste segundo semestre:<\/p>\n\n\n\n<p><em>\u201dN\u00f3s temos hoje uma grande necessidade, que \u00e9 a falta de pessoal na seguran\u00e7a p\u00fablica do estado. T\u00ednhamos limita\u00e7\u00f5es, por quest\u00f5es or\u00e7ament\u00e1rias, n\u00e3o pod\u00edamos contratar para n\u00e3o aumentar despesa com pessoal. N\u00f3s constru\u00edmos novamente o equil\u00edbrio fiscal de Mato Grosso, e a boa not\u00edcia \u00e9 que no segundo semestre deste ano n\u00f3s vamos soltar um novo concurso\u201d<\/em>, afirmou o governador.<\/p>\n\n\n\n<p class=\"has-text-align-center\">Para saber todos os detalhes sobre os concursos do estado do Mato Grosso acesse o artigo abaixo:<\/p>\n\n\n\n<p class=\"has-text-align-center has-cyan-bluish-gray-background-color has-background\"><strong>Saiba mais: <a href=\"https:\/\/www.estrategiaconcursos.com.br\/blog\/concurso-pc-mt\/\" target=\"_blank\" rel=\"noreferrer noopener\">concursos MT<\/a><\/strong><\/p>\n\n\n\n<h2 class=\"has-text-align-center wp-block-heading\" id=\"cursos-assinatura\">Quer estudar para os concursos MT com o Estrat\u00e9gia?<\/h2>\n\n\n\n<div class=\"container\" id=\"boxes\">\n  <div class=\"row\">\n\n    <div class=\"col-sm\">\n      <div class=\"banner-estrategia\" id=\"box-assinatura\">\n        <h3 class=\"titulo-assinatura\">Cursos para concursos MT<\/h3>\n        <p class=\"subtitulo-assinatura\">Estude conosco<\/p>\n        <div class=\"box-botao\">\n          <a class=\"btn-assinatura\" target=\"_blank\" href=\"https:\/\/www.estrategiaconcursos.com.br\/cursos\/\" role=\"button\" rel=\"noopener noreferrer\">Conhe\u00e7a os cursos<\/a>\n        <\/div>\n      <\/div>\n     \n    <\/div>\n\n  <\/div>\n<\/div>\n\n\n\n<div class=\"container\" id=\"boxes\">\n  <div class=\"row\">\n\n    <div class=\"col-sm\">\n      <div class=\"estrategia\" id=\"box-assinatura\">\n        <h3 class=\"titulo-assinatura\">Assinatura Concursos<\/h3>\n        <p class=\"subtitulo-assinatura\">Assinatura de 1 ano ou 2 anos<\/p>\n        <div class=\"box-botao\">\n          <a class=\"btn-assinatura\" target=\"_blank\" href=\"https:\/\/www.estrategiaconcursos.com.br\/assinaturas\/\" role=\"button\" rel=\"noopener noreferrer\">ASSINE AGORA<\/a>\n        <\/div>\n      <\/div>\n     \n    <\/div>\n\n    <div class=\"col-sm\">\n      <div class=\"questoes\" id=\"box-assinatura\">\n        <h3 class=\"titulo-assinatura\">Sistema de Quest\u00f5es<\/h3>\n        <p class=\"subtitulo-assinatura\">Assinatura de 1 ano ou 2 anos\n<\/p>\n        <div class=\"box-botao\">\n          <a class=\"btn-assinatura\" target=\"_blank\" href=\"https:\/\/questoes.estrategiaconcursos.com.br\/\" role=\"button\" rel=\"noopener noreferrer\">ASSINE AGORA<\/a>\n        <\/div>\n      <\/div>\n    \n    <\/div>\n  <\/div>\n<\/div>\n\n\n\n<div class=\"container\" id=\"boxes\">\n  <div class=\"row\">\n\n    <div class=\"col-sm\" id=\"boxes-concursos\">\n      <div style=\"background-color: #005DAD;\" class=\"conteudo-concursos\" id=\"box-concursos\">\n        <h3 class=\"titulo-assinatura\">Concursos Abertos<\/h3>\n        <p class=\"subtitulo-assinatura\">Confira os editais publicados<\/p>\n        <div class=\"box-botao\">\n          <a class=\"btn-assinatura\" target=\"_blank\" href=\"https:\/\/www.estrategiaconcursos.com.br\/blog\/concursos-abertos\/\" role=\"button\" rel=\"noopener noreferrer\">Conhe\u00e7a Agora<\/a>\n        <\/div>\n      <\/div>\n    <\/div>\n\n    <div class=\"col-sm\" id=\"boxes-concursos\">\n      <div style=\"background-color: #419FF0;\" class=\"conteudo-concursos\" id=\"box-concursos\">\n        <h3 class=\"titulo-assinatura\">Concursos 2021<\/h3>\n        <p class=\"subtitulo-assinatura\">Confira as oportunidades previstas<\/p>\n        <div class=\"box-botao\">\n          <a class=\"btn-assinatura\" target=\"_blank\" href=\"https:\/\/www.estrategiaconcursos.com.br\/blog\/concursos-2021\/\" role=\"button\" rel=\"noopener noreferrer\">Conhe\u00e7a Agora<\/a>\n        <\/div>\n      <\/div>\n    <\/div>\n\n  <\/div>\n<\/div>\n","protected":false},"excerpt":{"rendered":"<p>A Secretaria de Planejamento e Gest\u00e3o do Mato Grosso (SEPLAG MT) est\u00e1 trabalhando para publicar os editais dos concursos da \u00e1rea de seguran\u00e7a p\u00fablica anunciados pelo governador Mauro Mendes. De acordo com informa\u00e7\u00f5es da pasta, os procedimentos necess\u00e1rios para a realiza\u00e7\u00e3o do certame ainda est\u00e3o em fase inicial. Os certames est\u00e3o na fase de forma\u00e7\u00e3o [&hellip;]<\/p>\n","protected":false},"author":1,"featured_media":726250,"comment_status":"open","ping_status":"closed","sticky":false,"template":"","format":"standard","meta":{"post_tipo":"news","footnotes":""},"categories":[1,220194,1988,220190,220186,220187,220219],"tags":[],"tax_estado":[219976],"class_list":["post-836381","post","type-post","status-publish","format-standard","has-post-thumbnail","hentry","category-cursos-e-concursos","category-delegado","category-policia","category-policial-peritos","category-policial-oficial","category-policial-pracas","category-noticias","tax_estado-mt"],"acf":[],"yoast_head":"<!-- This site is optimized with the Yoast SEO Premium plugin v27.2 (Yoast SEO v27.2) - https:\/\/yoast.com\/product\/yoast-seo-premium-wordpress\/ -->\n<title>Concursos MT: certames em fase de forma\u00e7\u00e3o de comiss\u00f5es<\/title>\n<meta name=\"description\" content=\"Os concursos MT da \u00e1rea de seguran\u00e7a p\u00fablica anunciados pelo governador Mauro Mendes est\u00e3o em fase de forma\u00e7\u00e3o das comiss\u00f5es organizadoras.\" \/>\n<meta name=\"robots\" content=\"index, follow, max-snippet:-1, max-image-preview:large, max-video-preview:-1\" \/>\n<link rel=\"canonical\" href=\"https:\/\/www.estrategiaconcursos.com.br\/blog\/concursos-mt-certames-em-fase-de-formacao-de-comissoes\/\" \/>\n<meta property=\"og:locale\" content=\"pt_BR\" \/>\n<meta property=\"og:type\" content=\"article\" \/>\n<meta property=\"og:title\" content=\"Concursos MT: certames em fase de forma\u00e7\u00e3o de comiss\u00f5es\" \/>\n<meta property=\"og:description\" content=\"Os concursos MT da \u00e1rea de seguran\u00e7a p\u00fablica anunciados pelo governador Mauro Mendes est\u00e3o em fase de forma\u00e7\u00e3o das comiss\u00f5es organizadoras.\" \/>\n<meta property=\"og:url\" content=\"https:\/\/www.estrategiaconcursos.com.br\/blog\/concursos-mt-certames-em-fase-de-formacao-de-comissoes\/\" \/>\n<meta property=\"og:site_name\" content=\"Estrat\u00e9gia Concursos\" \/>\n<meta property=\"article:author\" content=\"https:\/\/www.facebook.com\/EstrategiaConcursos\" \/>\n<meta property=\"article:published_time\" content=\"2021-08-14T17:41:00+00:00\" \/>\n<meta property=\"article:modified_time\" content=\"2021-08-14T18:42:38+00:00\" \/>\n<meta property=\"og:image\" content=\"https:\/\/dhg1h5j42swfq.cloudfront.net\/2021\/02\/28200115\/concursos-mt.jpg\" \/>\n\t<meta property=\"og:image:width\" content=\"768\" \/>\n\t<meta property=\"og:image:height\" content=\"432\" \/>\n\t<meta property=\"og:image:type\" content=\"image\/jpeg\" \/>\n<meta name=\"author\" content=\"Coordena\u00e7\u00e3o\" \/>\n<meta name=\"twitter:card\" content=\"summary_large_image\" \/>\n<meta name=\"twitter:creator\" content=\"@EstratConcursos\" \/>\n<meta name=\"twitter:site\" content=\"@EstratConcursos\" \/>\n<meta name=\"twitter:label1\" content=\"Escrito por\" \/>\n\t<meta name=\"twitter:data1\" content=\"Coordena\u00e7\u00e3o\" \/>\n\t<meta name=\"twitter:label2\" content=\"Est. tempo de leitura\" \/>\n\t<meta name=\"twitter:data2\" content=\"2 minutos\" \/>\n<script type=\"application\/ld+json\" class=\"yoast-schema-graph\">{\"@context\":\"https:\/\/schema.org\",\"@graph\":[{\"@type\":\"NewsArticle\",\"@id\":\"https:\/\/www.estrategiaconcursos.com.br\/blog\/concursos-mt-certames-em-fase-de-formacao-de-comissoes\/#article\",\"isPartOf\":{\"@id\":\"https:\/\/www.estrategiaconcursos.com.br\/blog\/concursos-mt-certames-em-fase-de-formacao-de-comissoes\/\"},\"author\":{\"name\":\"Coordena\u00e7\u00e3o\",\"@id\":\"https:\/\/www.estrategiaconcursos.com.br\/blog\/#\/schema\/person\/b4a388c97673c5f483d72185668afa1f\"},\"headline\":\"Concursos MT: certames em fase de forma\u00e7\u00e3o de comiss\u00f5es\",\"datePublished\":\"2021-08-14T17:41:00+00:00\",\"dateModified\":\"2021-08-14T18:42:38+00:00\",\"mainEntityOfPage\":{\"@id\":\"https:\/\/www.estrategiaconcursos.com.br\/blog\/concursos-mt-certames-em-fase-de-formacao-de-comissoes\/\"},\"wordCount\":333,\"commentCount\":0,\"publisher\":{\"@id\":\"https:\/\/www.estrategiaconcursos.com.br\/blog\/#organization\"},\"image\":{\"@id\":\"https:\/\/www.estrategiaconcursos.com.br\/blog\/concursos-mt-certames-em-fase-de-formacao-de-comissoes\/#primaryimage\"},\"thumbnailUrl\":\"https:\/\/dhg1h5j42swfq.cloudfront.net\/2021\/02\/28200115\/concursos-mt.jpg\",\"articleSection\":[\"Concursos P\u00fablicos\",\"Jur\u00eddico - Delegado\",\"Policial (Agente, Escriv\u00e3o e Investigador)\",\"Policial (Peritos, Papiloscopistas)\",\"Policial (PM\/BM - Oficial)\",\"Policial (PM\/BM - Pra\u00e7as)\",\"\u00daltimas not\u00edcias\"],\"inLanguage\":\"pt-BR\",\"potentialAction\":[{\"@type\":\"CommentAction\",\"name\":\"Comment\",\"target\":[\"https:\/\/www.estrategiaconcursos.com.br\/blog\/concursos-mt-certames-em-fase-de-formacao-de-comissoes\/#respond\"]}],\"copyrightYear\":\"2021\",\"copyrightHolder\":{\"@id\":\"https:\/\/www.estrategiaconcursos.com.br\/blog\/#organization\"}},{\"@type\":\"WebPage\",\"@id\":\"https:\/\/www.estrategiaconcursos.com.br\/blog\/concursos-mt-certames-em-fase-de-formacao-de-comissoes\/\",\"url\":\"https:\/\/www.estrategiaconcursos.com.br\/blog\/concursos-mt-certames-em-fase-de-formacao-de-comissoes\/\",\"name\":\"Concursos MT: certames em fase de forma\u00e7\u00e3o de comiss\u00f5es\",\"isPartOf\":{\"@id\":\"https:\/\/www.estrategiaconcursos.com.br\/blog\/#website\"},\"primaryImageOfPage\":{\"@id\":\"https:\/\/www.estrategiaconcursos.com.br\/blog\/concursos-mt-certames-em-fase-de-formacao-de-comissoes\/#primaryimage\"},\"image\":{\"@id\":\"https:\/\/www.estrategiaconcursos.com.br\/blog\/concursos-mt-certames-em-fase-de-formacao-de-comissoes\/#primaryimage\"},\"thumbnailUrl\":\"https:\/\/dhg1h5j42swfq.cloudfront.net\/2021\/02\/28200115\/concursos-mt.jpg\",\"datePublished\":\"2021-08-14T17:41:00+00:00\",\"dateModified\":\"2021-08-14T18:42:38+00:00\",\"description\":\"Os concursos MT da \u00e1rea de seguran\u00e7a p\u00fablica anunciados pelo governador Mauro Mendes est\u00e3o em fase de forma\u00e7\u00e3o das comiss\u00f5es organizadoras.\",\"breadcrumb\":{\"@id\":\"https:\/\/www.estrategiaconcursos.com.br\/blog\/concursos-mt-certames-em-fase-de-formacao-de-comissoes\/#breadcrumb\"},\"inLanguage\":\"pt-BR\",\"potentialAction\":[{\"@type\":\"ReadAction\",\"target\":[\"https:\/\/www.estrategiaconcursos.com.br\/blog\/concursos-mt-certames-em-fase-de-formacao-de-comissoes\/\"]}]},{\"@type\":\"ImageObject\",\"inLanguage\":\"pt-BR\",\"@id\":\"https:\/\/www.estrategiaconcursos.com.br\/blog\/concursos-mt-certames-em-fase-de-formacao-de-comissoes\/#primaryimage\",\"url\":\"https:\/\/dhg1h5j42swfq.cloudfront.net\/2021\/02\/28200115\/concursos-mt.jpg\",\"contentUrl\":\"https:\/\/dhg1h5j42swfq.cloudfront.net\/2021\/02\/28200115\/concursos-mt.jpg\",\"width\":768,\"height\":432,\"caption\":\"Concurso Procon MT\"},{\"@type\":\"BreadcrumbList\",\"@id\":\"https:\/\/www.estrategiaconcursos.com.br\/blog\/concursos-mt-certames-em-fase-de-formacao-de-comissoes\/#breadcrumb\",\"itemListElement\":[{\"@type\":\"ListItem\",\"position\":1,\"name\":\"In\u00edcio\",\"item\":\"https:\/\/www.estrategiaconcursos.com.br\/blog\/\"},{\"@type\":\"ListItem\",\"position\":2,\"name\":\"Concursos MT: certames em fase de forma\u00e7\u00e3o de comiss\u00f5es\"}]},{\"@type\":\"WebSite\",\"@id\":\"https:\/\/www.estrategiaconcursos.com.br\/blog\/#website\",\"url\":\"https:\/\/www.estrategiaconcursos.com.br\/blog\/\",\"name\":\"Estrat\u00e9gia Concursos\",\"description\":\"O blog da Estrat\u00e9gia Concursos traz not\u00edcias sobre concursos e artigos de professores oferecendo cursos para concursos (pdf + videaulas) no site.\",\"publisher\":{\"@id\":\"https:\/\/www.estrategiaconcursos.com.br\/blog\/#organization\"},\"potentialAction\":[{\"@type\":\"SearchAction\",\"target\":{\"@type\":\"EntryPoint\",\"urlTemplate\":\"https:\/\/www.estrategiaconcursos.com.br\/blog\/?s={search_term_string}\"},\"query-input\":{\"@type\":\"PropertyValueSpecification\",\"valueRequired\":true,\"valueName\":\"search_term_string\"}}],\"inLanguage\":\"pt-BR\"},{\"@type\":\"Organization\",\"@id\":\"https:\/\/www.estrategiaconcursos.com.br\/blog\/#organization\",\"name\":\"Estrat\u00e9gia Concursos\",\"url\":\"https:\/\/www.estrategiaconcursos.com.br\/blog\/\",\"logo\":{\"@type\":\"ImageObject\",\"inLanguage\":\"pt-BR\",\"@id\":\"https:\/\/www.estrategiaconcursos.com.br\/blog\/#\/schema\/logo\/image\/\",\"url\":\"https:\/\/dhg1h5j42swfq.cloudfront.net\/2025\/06\/03203428\/logo_concursos-1.jpg\",\"contentUrl\":\"https:\/\/dhg1h5j42swfq.cloudfront.net\/2025\/06\/03203428\/logo_concursos-1.jpg\",\"width\":230,\"height\":60,\"caption\":\"Estrat\u00e9gia Concursos\"},\"image\":{\"@id\":\"https:\/\/www.estrategiaconcursos.com.br\/blog\/#\/schema\/logo\/image\/\"},\"sameAs\":[\"https:\/\/x.com\/EstratConcursos\"]},{\"@type\":\"Person\",\"@id\":\"https:\/\/www.estrategiaconcursos.com.br\/blog\/#\/schema\/person\/b4a388c97673c5f483d72185668afa1f\",\"name\":\"Coordena\u00e7\u00e3o\",\"image\":{\"@type\":\"ImageObject\",\"inLanguage\":\"pt-BR\",\"@id\":\"https:\/\/secure.gravatar.com\/avatar\/b720319e4c9a967eb58678d110f4fe35452fc5d5f97b202bac7b8acceb18c6ad?s=96&d=mm&r=g\",\"url\":\"https:\/\/secure.gravatar.com\/avatar\/b720319e4c9a967eb58678d110f4fe35452fc5d5f97b202bac7b8acceb18c6ad?s=96&d=mm&r=g\",\"contentUrl\":\"https:\/\/secure.gravatar.com\/avatar\/b720319e4c9a967eb58678d110f4fe35452fc5d5f97b202bac7b8acceb18c6ad?s=96&d=mm&r=g\",\"caption\":\"Coordena\u00e7\u00e3o\"},\"sameAs\":[\"https:\/\/www.facebook.com\/EstrategiaConcursos\",\"https:\/\/x.com\/EstratConcursos\"],\"url\":\"https:\/\/www.estrategiaconcursos.com.br\/blog\/author\/estrategia2013\/\"}]}<\/script>\n<!-- \/ Yoast SEO Premium plugin. -->","yoast_head_json":{"title":"Concursos MT: certames em fase de forma\u00e7\u00e3o de comiss\u00f5es","description":"Os concursos MT da \u00e1rea de seguran\u00e7a p\u00fablica anunciados pelo governador Mauro Mendes est\u00e3o em fase de forma\u00e7\u00e3o das comiss\u00f5es organizadoras.","robots":{"index":"index","follow":"follow","max-snippet":"max-snippet:-1","max-image-preview":"max-image-preview:large","max-video-preview":"max-video-preview:-1"},"canonical":"https:\/\/www.estrategiaconcursos.com.br\/blog\/concursos-mt-certames-em-fase-de-formacao-de-comissoes\/","og_locale":"pt_BR","og_type":"article","og_title":"Concursos MT: certames em fase de forma\u00e7\u00e3o de comiss\u00f5es","og_description":"Os concursos MT da \u00e1rea de seguran\u00e7a p\u00fablica anunciados pelo governador Mauro Mendes est\u00e3o em fase de forma\u00e7\u00e3o das comiss\u00f5es organizadoras.","og_url":"https:\/\/www.estrategiaconcursos.com.br\/blog\/concursos-mt-certames-em-fase-de-formacao-de-comissoes\/","og_site_name":"Estrat\u00e9gia Concursos","article_author":"https:\/\/www.facebook.com\/EstrategiaConcursos","article_published_time":"2021-08-14T17:41:00+00:00","article_modified_time":"2021-08-14T18:42:38+00:00","og_image":[{"width":768,"height":432,"url":"https:\/\/dhg1h5j42swfq.cloudfront.net\/2021\/02\/28200115\/concursos-mt.jpg","type":"image\/jpeg"}],"author":"Coordena\u00e7\u00e3o","twitter_card":"summary_large_image","twitter_creator":"@EstratConcursos","twitter_site":"@EstratConcursos","twitter_misc":{"Escrito por":"Coordena\u00e7\u00e3o","Est. tempo de leitura":"2 minutos"},"schema":{"@context":"https:\/\/schema.org","@graph":[{"@type":"NewsArticle","@id":"https:\/\/www.estrategiaconcursos.com.br\/blog\/concursos-mt-certames-em-fase-de-formacao-de-comissoes\/#article","isPartOf":{"@id":"https:\/\/www.estrategiaconcursos.com.br\/blog\/concursos-mt-certames-em-fase-de-formacao-de-comissoes\/"},"author":{"name":"Coordena\u00e7\u00e3o","@id":"https:\/\/www.estrategiaconcursos.com.br\/blog\/#\/schema\/person\/b4a388c97673c5f483d72185668afa1f"},"headline":"Concursos MT: certames em fase de forma\u00e7\u00e3o de comiss\u00f5es","datePublished":"2021-08-14T17:41:00+00:00","dateModified":"2021-08-14T18:42:38+00:00","mainEntityOfPage":{"@id":"https:\/\/www.estrategiaconcursos.com.br\/blog\/concursos-mt-certames-em-fase-de-formacao-de-comissoes\/"},"wordCount":333,"commentCount":0,"publisher":{"@id":"https:\/\/www.estrategiaconcursos.com.br\/blog\/#organization"},"image":{"@id":"https:\/\/www.estrategiaconcursos.com.br\/blog\/concursos-mt-certames-em-fase-de-formacao-de-comissoes\/#primaryimage"},"thumbnailUrl":"https:\/\/dhg1h5j42swfq.cloudfront.net\/2021\/02\/28200115\/concursos-mt.jpg","articleSection":["Concursos P\u00fablicos","Jur\u00eddico - Delegado","Policial (Agente, Escriv\u00e3o e Investigador)","Policial (Peritos, Papiloscopistas)","Policial (PM\/BM - Oficial)","Policial (PM\/BM - Pra\u00e7as)","\u00daltimas not\u00edcias"],"inLanguage":"pt-BR","potentialAction":[{"@type":"CommentAction","name":"Comment","target":["https:\/\/www.estrategiaconcursos.com.br\/blog\/concursos-mt-certames-em-fase-de-formacao-de-comissoes\/#respond"]}],"copyrightYear":"2021","copyrightHolder":{"@id":"https:\/\/www.estrategiaconcursos.com.br\/blog\/#organization"}},{"@type":"WebPage","@id":"https:\/\/www.estrategiaconcursos.com.br\/blog\/concursos-mt-certames-em-fase-de-formacao-de-comissoes\/","url":"https:\/\/www.estrategiaconcursos.com.br\/blog\/concursos-mt-certames-em-fase-de-formacao-de-comissoes\/","name":"Concursos MT: certames em fase de forma\u00e7\u00e3o de comiss\u00f5es","isPartOf":{"@id":"https:\/\/www.estrategiaconcursos.com.br\/blog\/#website"},"primaryImageOfPage":{"@id":"https:\/\/www.estrategiaconcursos.com.br\/blog\/concursos-mt-certames-em-fase-de-formacao-de-comissoes\/#primaryimage"},"image":{"@id":"https:\/\/www.estrategiaconcursos.com.br\/blog\/concursos-mt-certames-em-fase-de-formacao-de-comissoes\/#primaryimage"},"thumbnailUrl":"https:\/\/dhg1h5j42swfq.cloudfront.net\/2021\/02\/28200115\/concursos-mt.jpg","datePublished":"2021-08-14T17:41:00+00:00","dateModified":"2021-08-14T18:42:38+00:00","description":"Os concursos MT da \u00e1rea de seguran\u00e7a p\u00fablica anunciados pelo governador Mauro Mendes est\u00e3o em fase de forma\u00e7\u00e3o das comiss\u00f5es organizadoras.","breadcrumb":{"@id":"https:\/\/www.estrategiaconcursos.com.br\/blog\/concursos-mt-certames-em-fase-de-formacao-de-comissoes\/#breadcrumb"},"inLanguage":"pt-BR","potentialAction":[{"@type":"ReadAction","target":["https:\/\/www.estrategiaconcursos.com.br\/blog\/concursos-mt-certames-em-fase-de-formacao-de-comissoes\/"]}]},{"@type":"ImageObject","inLanguage":"pt-BR","@id":"https:\/\/www.estrategiaconcursos.com.br\/blog\/concursos-mt-certames-em-fase-de-formacao-de-comissoes\/#primaryimage","url":"https:\/\/dhg1h5j42swfq.cloudfront.net\/2021\/02\/28200115\/concursos-mt.jpg","contentUrl":"https:\/\/dhg1h5j42swfq.cloudfront.net\/2021\/02\/28200115\/concursos-mt.jpg","width":768,"height":432,"caption":"Concurso Procon MT"},{"@type":"BreadcrumbList","@id":"https:\/\/www.estrategiaconcursos.com.br\/blog\/concursos-mt-certames-em-fase-de-formacao-de-comissoes\/#breadcrumb","itemListElement":[{"@type":"ListItem","position":1,"name":"In\u00edcio","item":"https:\/\/www.estrategiaconcursos.com.br\/blog\/"},{"@type":"ListItem","position":2,"name":"Concursos MT: certames em fase de forma\u00e7\u00e3o de comiss\u00f5es"}]},{"@type":"WebSite","@id":"https:\/\/www.estrategiaconcursos.com.br\/blog\/#website","url":"https:\/\/www.estrategiaconcursos.com.br\/blog\/","name":"Estrat\u00e9gia Concursos","description":"O blog da Estrat\u00e9gia Concursos traz not\u00edcias sobre concursos e artigos de professores oferecendo cursos para concursos (pdf + videaulas) no site.","publisher":{"@id":"https:\/\/www.estrategiaconcursos.com.br\/blog\/#organization"},"potentialAction":[{"@type":"SearchAction","target":{"@type":"EntryPoint","urlTemplate":"https:\/\/www.estrategiaconcursos.com.br\/blog\/?s={search_term_string}"},"query-input":{"@type":"PropertyValueSpecification","valueRequired":true,"valueName":"search_term_string"}}],"inLanguage":"pt-BR"},{"@type":"Organization","@id":"https:\/\/www.estrategiaconcursos.com.br\/blog\/#organization","name":"Estrat\u00e9gia Concursos","url":"https:\/\/www.estrategiaconcursos.com.br\/blog\/","logo":{"@type":"ImageObject","inLanguage":"pt-BR","@id":"https:\/\/www.estrategiaconcursos.com.br\/blog\/#\/schema\/logo\/image\/","url":"https:\/\/dhg1h5j42swfq.cloudfront.net\/2025\/06\/03203428\/logo_concursos-1.jpg","contentUrl":"https:\/\/dhg1h5j42swfq.cloudfront.net\/2025\/06\/03203428\/logo_concursos-1.jpg","width":230,"height":60,"caption":"Estrat\u00e9gia Concursos"},"image":{"@id":"https:\/\/www.estrategiaconcursos.com.br\/blog\/#\/schema\/logo\/image\/"},"sameAs":["https:\/\/x.com\/EstratConcursos"]},{"@type":"Person","@id":"https:\/\/www.estrategiaconcursos.com.br\/blog\/#\/schema\/person\/b4a388c97673c5f483d72185668afa1f","name":"Coordena\u00e7\u00e3o","image":{"@type":"ImageObject","inLanguage":"pt-BR","@id":"https:\/\/secure.gravatar.com\/avatar\/b720319e4c9a967eb58678d110f4fe35452fc5d5f97b202bac7b8acceb18c6ad?s=96&d=mm&r=g","url":"https:\/\/secure.gravatar.com\/avatar\/b720319e4c9a967eb58678d110f4fe35452fc5d5f97b202bac7b8acceb18c6ad?s=96&d=mm&r=g","contentUrl":"https:\/\/secure.gravatar.com\/avatar\/b720319e4c9a967eb58678d110f4fe35452fc5d5f97b202bac7b8acceb18c6ad?s=96&d=mm&r=g","caption":"Coordena\u00e7\u00e3o"},"sameAs":["https:\/\/www.facebook.com\/EstrategiaConcursos","https:\/\/x.com\/EstratConcursos"],"url":"https:\/\/www.estrategiaconcursos.com.br\/blog\/author\/estrategia2013\/"}]}},"_links":{"self":[{"href":"https:\/\/www.estrategiaconcursos.com.br\/blog\/wp-json\/wp\/v2\/posts\/836381","targetHints":{"allow":["GET"]}}],"collection":[{"href":"https:\/\/www.estrategiaconcursos.com.br\/blog\/wp-json\/wp\/v2\/posts"}],"about":[{"href":"https:\/\/www.estrategiaconcursos.com.br\/blog\/wp-json\/wp\/v2\/types\/post"}],"author":[{"embeddable":true,"href":"https:\/\/www.estrategiaconcursos.com.br\/blog\/wp-json\/wp\/v2\/users\/1"}],"replies":[{"embeddable":true,"href":"https:\/\/www.estrategiaconcursos.com.br\/blog\/wp-json\/wp\/v2\/comments?post=836381"}],"version-history":[{"count":8,"href":"https:\/\/www.estrategiaconcursos.com.br\/blog\/wp-json\/wp\/v2\/posts\/836381\/revisions"}],"predecessor-version":[{"id":836407,"href":"https:\/\/www.estrategiaconcursos.com.br\/blog\/wp-json\/wp\/v2\/posts\/836381\/revisions\/836407"}],"wp:featuredmedia":[{"embeddable":true,"href":"https:\/\/www.estrategiaconcursos.com.br\/blog\/wp-json\/wp\/v2\/media\/726250"}],"wp:attachment":[{"href":"https:\/\/www.estrategiaconcursos.com.br\/blog\/wp-json\/wp\/v2\/media?parent=836381"}],"wp:term":[{"taxonomy":"category","embeddable":true,"href":"https:\/\/www.estrategiaconcursos.com.br\/blog\/wp-json\/wp\/v2\/categories?post=836381"},{"taxonomy":"post_tag","embeddable":true,"href":"https:\/\/www.estrategiaconcursos.com.br\/blog\/wp-json\/wp\/v2\/tags?post=836381"},{"taxonomy":"tax_estado","embeddable":true,"href":"https:\/\/www.estrategiaconcursos.com.br\/blog\/wp-json\/wp\/v2\/tax_estado?post=836381"}],"curies":[{"name":"wp","href":"https:\/\/api.w.org\/{rel}","templated":true}]}}