{"id":836319,"date":"2021-08-14T11:54:59","date_gmt":"2021-08-14T14:54:59","guid":{"rendered":"https:\/\/www.estrategiaconcursos.com.br\/blog\/?p=836319"},"modified":"2021-08-16T16:08:46","modified_gmt":"2021-08-16T19:08:46","slug":"bombeiro-rj-edital-temporarios-inscricoes-prorrogadas","status":"publish","type":"post","link":"https:\/\/www.estrategiaconcursos.com.br\/blog\/bombeiro-rj-edital-temporarios-inscricoes-prorrogadas\/","title":{"rendered":"Bombeiro RJ: edital para tempor\u00e1rios tem inscri\u00e7\u00f5es prorrogadas"},"content":{"rendered":"\n<p>Foram oficialmente prorrogadas as inscri\u00e7\u00f5es para o <strong>concurso Bombeiro RJ<\/strong>&nbsp;<strong>com 3 mil vagas para tempor\u00e1rios<\/strong>. Agora, as inscri\u00e7\u00f5es poder\u00e3o ser solicitadas no site da banca organizadora, <strong>Funrio<\/strong>, at\u00e9 <strong>22 de agosto de 2021<\/strong>. O valor da inscri\u00e7\u00e3o ficou designado da seguinte forma:<\/p>\n\n\n\n<ul class=\"wp-block-list\"><li><strong>Soldado (m\u00e9dio):<\/strong>&nbsp;R$ 71,53<\/li><li><strong>Tenente (superior):<\/strong>&nbsp;R$ 95,31<\/li><\/ul>\n\n\n\n<div class=\"wp-block-image\"><figure class=\"aligncenter size-large\"><img loading=\"lazy\" decoding=\"async\" width=\"1024\" height=\"753\" src=\"https:\/\/dhg1h5j42swfq.cloudfront.net\/2021\/08\/14115338\/10089bombeiros-meier-2-scaled-2-1024x753.jpg\" alt=\"bombeiro inscri\u00e7\u00f5es prorrogadas\" class=\"wp-image-836326\" srcset=\"https:\/\/dhg1h5j42swfq.cloudfront.net\/2021\/08\/14115338\/10089bombeiros-meier-2-scaled-2-1024x753.jpg 1024w, https:\/\/dhg1h5j42swfq.cloudfront.net\/2021\/08\/14115338\/10089bombeiros-meier-2-scaled-2-300x221.jpg 300w, https:\/\/dhg1h5j42swfq.cloudfront.net\/2021\/08\/14115338\/10089bombeiros-meier-2-scaled-2-768x565.jpg 768w, https:\/\/dhg1h5j42swfq.cloudfront.net\/2021\/08\/14115338\/10089bombeiros-meier-2-scaled-2-1536x1130.jpg 1536w, https:\/\/dhg1h5j42swfq.cloudfront.net\/2021\/08\/14115338\/10089bombeiros-meier-2-scaled-2-2048x1506.jpg 2048w, https:\/\/dhg1h5j42swfq.cloudfront.net\/2021\/08\/14115338\/10089bombeiros-meier-2-scaled-2-610x449.jpg 610w\" sizes=\"auto, (max-width: 1024px) 100vw, 1024px\" \/><figcaption>Concurso Bombeiro RJ para tempor\u00e1rios tem inscri\u00e7\u00f5es prorrogadas | Imagem: CBMERJ <\/figcaption><\/figure><\/div>\n\n\n\n<p>As 3 mil vagas tempor\u00e1rias s\u00e3o distribu\u00eddas entre os cargos de <strong>Soldado <\/strong>(Combatente, Motorista, Guarda-Vidas e T\u00e9cnicos de Enfermagem e Socorrista) e <strong>Oficial <\/strong>(M\u00e9dicos, Enfermeiro, Assistente Social, Nutricionista, Psic\u00f3logo, Fisioterapeuta e Fonoaudi\u00f3logo). A remunera\u00e7\u00e3o ofertada varia de <strong>R$ 1.226,94<\/strong> (Soldado &#8211; 1\u00ba ano) a <strong>R$ 7.940,78<\/strong> (Tenente).<\/p>\n\n\n\n<h4 class=\"wp-block-heading\" id=\"h-regi-o-munic-pios\"><strong>Regi\u00e3o Munic\u00edpios<\/strong><\/h4>\n\n\n\n<ul class=\"wp-block-list\"><li>Regi\u00e3o 1: Rio de Janeiro<\/li><li>Regi\u00e3o 2: Petr\u00f3polis, Mag\u00e9, Nova Friburgo e Teres\u00f3polis<\/li><li>Regi\u00e3o 3: Volta Redonda, Barra Mansa,Resende, Barra do Pira\u00ed e Vassouras<\/li><li>Regi\u00e3o 4: Campos dos Goytacazes, Itaperuna eMiracema<\/li><li>Regi\u00e3o 5: Maca\u00e9 e Cabo Frio<\/li><li>Regi\u00e3o 6: Duque de Caxias, Nova Igua\u00e7u, S\u00e3o Jo\u00e3o de Meriti e Nil\u00f3polis<\/li><li>Regi\u00e3o 7: Angra dos Reis e Itagua\u00ed<\/li><li>Regi\u00e3o 8: Niter\u00f3i, S\u00e3o Gon\u00e7alo, Maric\u00e1 e Itabora\u00ed<\/li><\/ul>\n\n\n\n<h4 class=\"wp-block-heading\" id=\"h-principais-requisitos-do-concurso-bombeiro-rj\">Principais requisitos do concurso Bombeiro RJ<\/h4>\n\n\n\n<ul class=\"wp-block-list\"><li>ter nacionalidade brasileira e, no caso de nacionalidade portuguesa, estar amparado pelo estatuto de igualdade entre brasileiros e portugueses, com reconhecimento do gozo dos direitos pol\u00edticos;<\/li><li>estar quite com as obriga\u00e7\u00f5es militares e eleitorais;<\/li><li>ter idade de 18 anos ou mais no momento da contrata\u00e7\u00e3o ou de at\u00e9 35 anos at\u00e9 o \u00faltimo dia previsto para t\u00e9rmino da inscri\u00e7\u00e3o, para a vaga de 1\u00baTenente BM Tempor\u00e1rio Volunt\u00e1rio;<\/li><li>ter idade de 18 anos ou mais no momento da contrata\u00e7\u00e3o ou de at\u00e9 25 anos at\u00e9 o \u00faltimo dia previsto para t\u00e9rmino da inscri\u00e7\u00e3o, para a vaga de Soldado BM Tempor\u00e1rio Volunt\u00e1rio;<\/li><li>atender aos pr\u00e9-requisitos da fun\u00e7\u00e3o para a qual concorre.<\/li><\/ul>\n\n\n\n<p>Para mais informa\u00e7\u00f5es sobre o concurso <a href=\"https:\/\/www.cbmerj.rj.gov.br\/\" target=\"_blank\" rel=\"noreferrer noopener\">Bombeiro RJ<\/a> para tempor\u00e1rios, cujas inscri\u00e7\u00f5es foram prorrogadas, acesse o link abaixo:<\/p>\n\n\n\n<p class=\"has-text-align-center has-background\" style=\"background-color:#d5dbdd;font-size:clamp(14.642px, 0.915rem + ((1vw - 3.2px) * 0.721), 22px);px\"><strong><a href=\"https:\/\/www.estrategiaconcursos.com.br\/blog\/concurso-bombeiro-rj\/\" target=\"_blank\" rel=\"noreferrer noopener\">Concurso Bombeiro RJ<\/a><\/strong><\/p>\n\n\n\n<h2 class=\"has-text-align-center wp-block-heading\" id=\"curso\">Quer estudar para o concurso Bombeiro RJ?<\/h2>\n\n\n\n<div class=\"container\" id=\"boxes\">\n  <div class=\"row\">\n\n    <div class=\"col-sm\">\n      <div class=\"banner-policial\" id=\"box-assinatura\">\n        <h3 class=\"titulo-assinatura\">Concurso Bombeiro RJ<\/h3>\n        <p class=\"subtitulo-assinatura\">Conhe\u00e7a os cursos<\/p>\n        <div class=\"box-botao\">\n          <a class=\"btn-assinatura\" target=\"_blank\" href=\"https:\/\/www.estrategiaconcursos.com.br\/cursosPorConcurso\/corpo-de-bombeiros-militar-do-rio-de-janeiro-cbm-rj\/\" role=\"button\" rel=\"noopener noreferrer\">Conhe\u00e7a mais<\/a>\n        <\/div>\n      <\/div>\n     \n\n  <\/div>\n<\/div><\/div>\n\n\n\n<div class=\"container\" id=\"boxes\">\n  <div class=\"row\">\n\n    <div class=\"col-sm\">\n      <div class=\"estrategia\" id=\"box-assinatura\">\n        <h3 class=\"titulo-assinatura\">Assinatura Concursos<\/h3>\n        <p class=\"subtitulo-assinatura\">Assinatura de 1 ano ou 2 anos<\/p>\n        <div class=\"box-botao\">\n          <a class=\"btn-assinatura\" target=\"_blank\" href=\"https:\/\/www.estrategiaconcursos.com.br\/assinaturas\/\" role=\"button\" rel=\"noopener noreferrer\">ASSINE AGORA<\/a>\n        <\/div>\n      <\/div>\n     \n    <\/div><\/div><\/div>\n\n\n\n<div class=\"container\" id=\"boxes\">\n  <div class=\"row\">\n\n    <div class=\"col-sm\" id=\"boxes-concursos\">\n      <div style=\"background-color: #005DAD;\" class=\"conteudo-concursos\" id=\"box-concursos\">\n        <h3 class=\"titulo-assinatura\">Concursos Abertos<\/h3>\n        <p class=\"subtitulo-assinatura\">Os editais publicados<\/p>\n        <div class=\"box-botao\">\n          <a class=\"btn-assinatura\" target=\"_blank\" href=\"https:\/\/www.estrategiaconcursos.com.br\/blog\/concursos-abertos\/\" role=\"button\" rel=\"noopener noreferrer\">Conhe\u00e7a Agora<\/a>\n        <\/div>\n      <\/div>\n    <\/div>\n\n    <div class=\"col-sm\" id=\"boxes-concursos\">\n      <div style=\"background-color: #1A7ED5;\" class=\"conteudo-concursos\" id=\"box-concursos\">\n        <h3 class=\"titulo-assinatura\">Concursos 2021<\/h3>\n        <p class=\"subtitulo-assinatura\">As oportunidades previstas<\/p>\n        <div class=\"box-botao\">\n          <a class=\"btn-assinatura\" target=\"_blank\" href=\"https:\/\/www.estrategiaconcursos.com.br\/blog\/concursos-2021\/\" role=\"button\" rel=\"noopener noreferrer\">Conhe\u00e7a Agora<\/a>\n        <\/div>\n      <\/div>\n    <\/div>\n\n    <div class=\"col-sm\" id=\"boxes-concursos\">\n      <div style=\"background-color: #419FF0;\" class=\"conteudo-concursos\" id=\"box-concursos\">\n        <h3 class=\"titulo-assinatura\">Concursos 2022<\/h3>\n        <p class=\"subtitulo-assinatura\">Vagas para o pr\u00f3ximo ano<\/p>\n        <div class=\"box-botao\">\n          <a class=\"btn-assinatura\" target=\"_blank\" href=\"https:\/\/www.estrategiaconcursos.com.br\/blog\/concursos-2022\/\" role=\"button\" rel=\"noopener noreferrer\">Conhe\u00e7a Agora<\/a>\n        <\/div>\n      <\/div>\n    <\/div>\n\n  <\/div>\n<\/div>\n\n\n\n<p><\/p>\n","protected":false},"excerpt":{"rendered":"<p>Foram oficialmente prorrogadas as inscri\u00e7\u00f5es para o concurso Bombeiro RJ&nbsp;com 3 mil vagas para tempor\u00e1rios. Agora, as inscri\u00e7\u00f5es poder\u00e3o ser solicitadas no site da banca organizadora, Funrio, at\u00e9 22 de agosto de 2021. O valor da inscri\u00e7\u00e3o ficou designado da seguinte forma: Soldado (m\u00e9dio):&nbsp;R$ 71,53 Tenente (superior):&nbsp;R$ 95,31 As 3 mil vagas tempor\u00e1rias s\u00e3o distribu\u00eddas [&hellip;]<\/p>\n","protected":false},"author":1,"featured_media":763313,"comment_status":"open","ping_status":"closed","sticky":false,"template":"","format":"standard","meta":{"post_tipo":"news","footnotes":""},"categories":[220186,220187,220219],"tags":[],"tax_estado":[219982],"class_list":["post-836319","post","type-post","status-publish","format-standard","has-post-thumbnail","hentry","category-policial-oficial","category-policial-pracas","category-noticias","tax_estado-rj"],"acf":[],"yoast_head":"<!-- This site is optimized with the Yoast SEO Premium plugin v27.2 (Yoast SEO v27.2) - https:\/\/yoast.com\/product\/yoast-seo-premium-wordpress\/ -->\n<title>Bombeiro RJ: edital para tempor\u00e1rios tem inscri\u00e7\u00f5es prorrogadas<\/title>\n<meta name=\"description\" content=\"Foram oficialmente prorrogadas as inscri\u00e7\u00f5es para o concurso Bombeiro RJ com 3 mil vagas para tempor\u00e1rios. Confira as informa\u00e7\u00f5es!\" \/>\n<meta name=\"robots\" content=\"index, follow, max-snippet:-1, max-image-preview:large, max-video-preview:-1\" \/>\n<link rel=\"canonical\" href=\"https:\/\/www.estrategiaconcursos.com.br\/blog\/bombeiro-rj-edital-temporarios-inscricoes-prorrogadas\/\" \/>\n<meta property=\"og:locale\" content=\"pt_BR\" \/>\n<meta property=\"og:type\" content=\"article\" \/>\n<meta property=\"og:title\" content=\"Bombeiro RJ: edital para tempor\u00e1rios tem inscri\u00e7\u00f5es prorrogadas\" \/>\n<meta property=\"og:description\" content=\"Foram oficialmente prorrogadas as inscri\u00e7\u00f5es para o concurso Bombeiro RJ com 3 mil vagas para tempor\u00e1rios. Confira as informa\u00e7\u00f5es!\" \/>\n<meta property=\"og:url\" content=\"https:\/\/www.estrategiaconcursos.com.br\/blog\/bombeiro-rj-edital-temporarios-inscricoes-prorrogadas\/\" \/>\n<meta property=\"og:site_name\" content=\"Estrat\u00e9gia Concursos\" \/>\n<meta property=\"article:author\" content=\"https:\/\/www.facebook.com\/EstrategiaConcursos\" \/>\n<meta property=\"article:published_time\" content=\"2021-08-14T14:54:59+00:00\" \/>\n<meta property=\"article:modified_time\" content=\"2021-08-16T19:08:46+00:00\" \/>\n<meta property=\"og:image\" content=\"https:\/\/dhg1h5j42swfq.cloudfront.net\/2021\/05\/09164148\/bombeiro-rj.jpg\" \/>\n\t<meta property=\"og:image:width\" content=\"768\" \/>\n\t<meta property=\"og:image:height\" content=\"432\" \/>\n\t<meta property=\"og:image:type\" content=\"image\/jpeg\" \/>\n<meta name=\"author\" content=\"Coordena\u00e7\u00e3o\" \/>\n<meta name=\"twitter:card\" content=\"summary_large_image\" \/>\n<meta name=\"twitter:creator\" content=\"@EstratConcursos\" \/>\n<meta name=\"twitter:site\" content=\"@EstratConcursos\" \/>\n<meta name=\"twitter:label1\" content=\"Escrito por\" \/>\n\t<meta name=\"twitter:data1\" content=\"Coordena\u00e7\u00e3o\" \/>\n\t<meta name=\"twitter:label2\" content=\"Est. tempo de leitura\" \/>\n\t<meta name=\"twitter:data2\" content=\"2 minutos\" \/>\n<script type=\"application\/ld+json\" class=\"yoast-schema-graph\">{\"@context\":\"https:\/\/schema.org\",\"@graph\":[{\"@type\":\"NewsArticle\",\"@id\":\"https:\/\/www.estrategiaconcursos.com.br\/blog\/bombeiro-rj-edital-temporarios-inscricoes-prorrogadas\/#article\",\"isPartOf\":{\"@id\":\"https:\/\/www.estrategiaconcursos.com.br\/blog\/bombeiro-rj-edital-temporarios-inscricoes-prorrogadas\/\"},\"author\":{\"name\":\"Coordena\u00e7\u00e3o\",\"@id\":\"https:\/\/www.estrategiaconcursos.com.br\/blog\/#\/schema\/person\/b4a388c97673c5f483d72185668afa1f\"},\"headline\":\"Bombeiro RJ: edital para tempor\u00e1rios tem inscri\u00e7\u00f5es prorrogadas\",\"datePublished\":\"2021-08-14T14:54:59+00:00\",\"dateModified\":\"2021-08-16T19:08:46+00:00\",\"mainEntityOfPage\":{\"@id\":\"https:\/\/www.estrategiaconcursos.com.br\/blog\/bombeiro-rj-edital-temporarios-inscricoes-prorrogadas\/\"},\"wordCount\":407,\"commentCount\":0,\"publisher\":{\"@id\":\"https:\/\/www.estrategiaconcursos.com.br\/blog\/#organization\"},\"image\":{\"@id\":\"https:\/\/www.estrategiaconcursos.com.br\/blog\/bombeiro-rj-edital-temporarios-inscricoes-prorrogadas\/#primaryimage\"},\"thumbnailUrl\":\"https:\/\/dhg1h5j42swfq.cloudfront.net\/2021\/05\/09164148\/bombeiro-rj.jpg\",\"articleSection\":[\"Policial (PM\/BM - Oficial)\",\"Policial (PM\/BM - Pra\u00e7as)\",\"\u00daltimas not\u00edcias\"],\"inLanguage\":\"pt-BR\",\"potentialAction\":[{\"@type\":\"CommentAction\",\"name\":\"Comment\",\"target\":[\"https:\/\/www.estrategiaconcursos.com.br\/blog\/bombeiro-rj-edital-temporarios-inscricoes-prorrogadas\/#respond\"]}],\"copyrightYear\":\"2021\",\"copyrightHolder\":{\"@id\":\"https:\/\/www.estrategiaconcursos.com.br\/blog\/#organization\"}},{\"@type\":\"WebPage\",\"@id\":\"https:\/\/www.estrategiaconcursos.com.br\/blog\/bombeiro-rj-edital-temporarios-inscricoes-prorrogadas\/\",\"url\":\"https:\/\/www.estrategiaconcursos.com.br\/blog\/bombeiro-rj-edital-temporarios-inscricoes-prorrogadas\/\",\"name\":\"Bombeiro RJ: edital para tempor\u00e1rios tem inscri\u00e7\u00f5es prorrogadas\",\"isPartOf\":{\"@id\":\"https:\/\/www.estrategiaconcursos.com.br\/blog\/#website\"},\"primaryImageOfPage\":{\"@id\":\"https:\/\/www.estrategiaconcursos.com.br\/blog\/bombeiro-rj-edital-temporarios-inscricoes-prorrogadas\/#primaryimage\"},\"image\":{\"@id\":\"https:\/\/www.estrategiaconcursos.com.br\/blog\/bombeiro-rj-edital-temporarios-inscricoes-prorrogadas\/#primaryimage\"},\"thumbnailUrl\":\"https:\/\/dhg1h5j42swfq.cloudfront.net\/2021\/05\/09164148\/bombeiro-rj.jpg\",\"datePublished\":\"2021-08-14T14:54:59+00:00\",\"dateModified\":\"2021-08-16T19:08:46+00:00\",\"description\":\"Foram oficialmente prorrogadas as inscri\u00e7\u00f5es para o concurso Bombeiro RJ com 3 mil vagas para tempor\u00e1rios. Confira as informa\u00e7\u00f5es!\",\"breadcrumb\":{\"@id\":\"https:\/\/www.estrategiaconcursos.com.br\/blog\/bombeiro-rj-edital-temporarios-inscricoes-prorrogadas\/#breadcrumb\"},\"inLanguage\":\"pt-BR\",\"potentialAction\":[{\"@type\":\"ReadAction\",\"target\":[\"https:\/\/www.estrategiaconcursos.com.br\/blog\/bombeiro-rj-edital-temporarios-inscricoes-prorrogadas\/\"]}]},{\"@type\":\"ImageObject\",\"inLanguage\":\"pt-BR\",\"@id\":\"https:\/\/www.estrategiaconcursos.com.br\/blog\/bombeiro-rj-edital-temporarios-inscricoes-prorrogadas\/#primaryimage\",\"url\":\"https:\/\/dhg1h5j42swfq.cloudfront.net\/2021\/05\/09164148\/bombeiro-rj.jpg\",\"contentUrl\":\"https:\/\/dhg1h5j42swfq.cloudfront.net\/2021\/05\/09164148\/bombeiro-rj.jpg\",\"width\":768,\"height\":432,\"caption\":\"concurso Bombeiros RJ\"},{\"@type\":\"BreadcrumbList\",\"@id\":\"https:\/\/www.estrategiaconcursos.com.br\/blog\/bombeiro-rj-edital-temporarios-inscricoes-prorrogadas\/#breadcrumb\",\"itemListElement\":[{\"@type\":\"ListItem\",\"position\":1,\"name\":\"In\u00edcio\",\"item\":\"https:\/\/www.estrategiaconcursos.com.br\/blog\/\"},{\"@type\":\"ListItem\",\"position\":2,\"name\":\"Bombeiro RJ: edital para tempor\u00e1rios tem inscri\u00e7\u00f5es prorrogadas\"}]},{\"@type\":\"WebSite\",\"@id\":\"https:\/\/www.estrategiaconcursos.com.br\/blog\/#website\",\"url\":\"https:\/\/www.estrategiaconcursos.com.br\/blog\/\",\"name\":\"Estrat\u00e9gia Concursos\",\"description\":\"O blog da Estrat\u00e9gia Concursos traz not\u00edcias sobre concursos e artigos de professores oferecendo cursos para concursos (pdf + videaulas) no site.\",\"publisher\":{\"@id\":\"https:\/\/www.estrategiaconcursos.com.br\/blog\/#organization\"},\"potentialAction\":[{\"@type\":\"SearchAction\",\"target\":{\"@type\":\"EntryPoint\",\"urlTemplate\":\"https:\/\/www.estrategiaconcursos.com.br\/blog\/?s={search_term_string}\"},\"query-input\":{\"@type\":\"PropertyValueSpecification\",\"valueRequired\":true,\"valueName\":\"search_term_string\"}}],\"inLanguage\":\"pt-BR\"},{\"@type\":\"Organization\",\"@id\":\"https:\/\/www.estrategiaconcursos.com.br\/blog\/#organization\",\"name\":\"Estrat\u00e9gia Concursos\",\"url\":\"https:\/\/www.estrategiaconcursos.com.br\/blog\/\",\"logo\":{\"@type\":\"ImageObject\",\"inLanguage\":\"pt-BR\",\"@id\":\"https:\/\/www.estrategiaconcursos.com.br\/blog\/#\/schema\/logo\/image\/\",\"url\":\"https:\/\/dhg1h5j42swfq.cloudfront.net\/2025\/06\/03203428\/logo_concursos-1.jpg\",\"contentUrl\":\"https:\/\/dhg1h5j42swfq.cloudfront.net\/2025\/06\/03203428\/logo_concursos-1.jpg\",\"width\":230,\"height\":60,\"caption\":\"Estrat\u00e9gia Concursos\"},\"image\":{\"@id\":\"https:\/\/www.estrategiaconcursos.com.br\/blog\/#\/schema\/logo\/image\/\"},\"sameAs\":[\"https:\/\/x.com\/EstratConcursos\"]},{\"@type\":\"Person\",\"@id\":\"https:\/\/www.estrategiaconcursos.com.br\/blog\/#\/schema\/person\/b4a388c97673c5f483d72185668afa1f\",\"name\":\"Coordena\u00e7\u00e3o\",\"image\":{\"@type\":\"ImageObject\",\"inLanguage\":\"pt-BR\",\"@id\":\"https:\/\/secure.gravatar.com\/avatar\/b720319e4c9a967eb58678d110f4fe35452fc5d5f97b202bac7b8acceb18c6ad?s=96&d=mm&r=g\",\"url\":\"https:\/\/secure.gravatar.com\/avatar\/b720319e4c9a967eb58678d110f4fe35452fc5d5f97b202bac7b8acceb18c6ad?s=96&d=mm&r=g\",\"contentUrl\":\"https:\/\/secure.gravatar.com\/avatar\/b720319e4c9a967eb58678d110f4fe35452fc5d5f97b202bac7b8acceb18c6ad?s=96&d=mm&r=g\",\"caption\":\"Coordena\u00e7\u00e3o\"},\"sameAs\":[\"https:\/\/www.facebook.com\/EstrategiaConcursos\",\"https:\/\/x.com\/EstratConcursos\"],\"url\":\"https:\/\/www.estrategiaconcursos.com.br\/blog\/author\/estrategia2013\/\"}]}<\/script>\n<!-- \/ Yoast SEO Premium plugin. -->","yoast_head_json":{"title":"Bombeiro RJ: edital para tempor\u00e1rios tem inscri\u00e7\u00f5es prorrogadas","description":"Foram oficialmente prorrogadas as inscri\u00e7\u00f5es para o concurso Bombeiro RJ com 3 mil vagas para tempor\u00e1rios. Confira as informa\u00e7\u00f5es!","robots":{"index":"index","follow":"follow","max-snippet":"max-snippet:-1","max-image-preview":"max-image-preview:large","max-video-preview":"max-video-preview:-1"},"canonical":"https:\/\/www.estrategiaconcursos.com.br\/blog\/bombeiro-rj-edital-temporarios-inscricoes-prorrogadas\/","og_locale":"pt_BR","og_type":"article","og_title":"Bombeiro RJ: edital para tempor\u00e1rios tem inscri\u00e7\u00f5es prorrogadas","og_description":"Foram oficialmente prorrogadas as inscri\u00e7\u00f5es para o concurso Bombeiro RJ com 3 mil vagas para tempor\u00e1rios. Confira as informa\u00e7\u00f5es!","og_url":"https:\/\/www.estrategiaconcursos.com.br\/blog\/bombeiro-rj-edital-temporarios-inscricoes-prorrogadas\/","og_site_name":"Estrat\u00e9gia Concursos","article_author":"https:\/\/www.facebook.com\/EstrategiaConcursos","article_published_time":"2021-08-14T14:54:59+00:00","article_modified_time":"2021-08-16T19:08:46+00:00","og_image":[{"width":768,"height":432,"url":"https:\/\/dhg1h5j42swfq.cloudfront.net\/2021\/05\/09164148\/bombeiro-rj.jpg","type":"image\/jpeg"}],"author":"Coordena\u00e7\u00e3o","twitter_card":"summary_large_image","twitter_creator":"@EstratConcursos","twitter_site":"@EstratConcursos","twitter_misc":{"Escrito por":"Coordena\u00e7\u00e3o","Est. tempo de leitura":"2 minutos"},"schema":{"@context":"https:\/\/schema.org","@graph":[{"@type":"NewsArticle","@id":"https:\/\/www.estrategiaconcursos.com.br\/blog\/bombeiro-rj-edital-temporarios-inscricoes-prorrogadas\/#article","isPartOf":{"@id":"https:\/\/www.estrategiaconcursos.com.br\/blog\/bombeiro-rj-edital-temporarios-inscricoes-prorrogadas\/"},"author":{"name":"Coordena\u00e7\u00e3o","@id":"https:\/\/www.estrategiaconcursos.com.br\/blog\/#\/schema\/person\/b4a388c97673c5f483d72185668afa1f"},"headline":"Bombeiro RJ: edital para tempor\u00e1rios tem inscri\u00e7\u00f5es prorrogadas","datePublished":"2021-08-14T14:54:59+00:00","dateModified":"2021-08-16T19:08:46+00:00","mainEntityOfPage":{"@id":"https:\/\/www.estrategiaconcursos.com.br\/blog\/bombeiro-rj-edital-temporarios-inscricoes-prorrogadas\/"},"wordCount":407,"commentCount":0,"publisher":{"@id":"https:\/\/www.estrategiaconcursos.com.br\/blog\/#organization"},"image":{"@id":"https:\/\/www.estrategiaconcursos.com.br\/blog\/bombeiro-rj-edital-temporarios-inscricoes-prorrogadas\/#primaryimage"},"thumbnailUrl":"https:\/\/dhg1h5j42swfq.cloudfront.net\/2021\/05\/09164148\/bombeiro-rj.jpg","articleSection":["Policial (PM\/BM - Oficial)","Policial (PM\/BM - Pra\u00e7as)","\u00daltimas not\u00edcias"],"inLanguage":"pt-BR","potentialAction":[{"@type":"CommentAction","name":"Comment","target":["https:\/\/www.estrategiaconcursos.com.br\/blog\/bombeiro-rj-edital-temporarios-inscricoes-prorrogadas\/#respond"]}],"copyrightYear":"2021","copyrightHolder":{"@id":"https:\/\/www.estrategiaconcursos.com.br\/blog\/#organization"}},{"@type":"WebPage","@id":"https:\/\/www.estrategiaconcursos.com.br\/blog\/bombeiro-rj-edital-temporarios-inscricoes-prorrogadas\/","url":"https:\/\/www.estrategiaconcursos.com.br\/blog\/bombeiro-rj-edital-temporarios-inscricoes-prorrogadas\/","name":"Bombeiro RJ: edital para tempor\u00e1rios tem inscri\u00e7\u00f5es prorrogadas","isPartOf":{"@id":"https:\/\/www.estrategiaconcursos.com.br\/blog\/#website"},"primaryImageOfPage":{"@id":"https:\/\/www.estrategiaconcursos.com.br\/blog\/bombeiro-rj-edital-temporarios-inscricoes-prorrogadas\/#primaryimage"},"image":{"@id":"https:\/\/www.estrategiaconcursos.com.br\/blog\/bombeiro-rj-edital-temporarios-inscricoes-prorrogadas\/#primaryimage"},"thumbnailUrl":"https:\/\/dhg1h5j42swfq.cloudfront.net\/2021\/05\/09164148\/bombeiro-rj.jpg","datePublished":"2021-08-14T14:54:59+00:00","dateModified":"2021-08-16T19:08:46+00:00","description":"Foram oficialmente prorrogadas as inscri\u00e7\u00f5es para o concurso Bombeiro RJ com 3 mil vagas para tempor\u00e1rios. Confira as informa\u00e7\u00f5es!","breadcrumb":{"@id":"https:\/\/www.estrategiaconcursos.com.br\/blog\/bombeiro-rj-edital-temporarios-inscricoes-prorrogadas\/#breadcrumb"},"inLanguage":"pt-BR","potentialAction":[{"@type":"ReadAction","target":["https:\/\/www.estrategiaconcursos.com.br\/blog\/bombeiro-rj-edital-temporarios-inscricoes-prorrogadas\/"]}]},{"@type":"ImageObject","inLanguage":"pt-BR","@id":"https:\/\/www.estrategiaconcursos.com.br\/blog\/bombeiro-rj-edital-temporarios-inscricoes-prorrogadas\/#primaryimage","url":"https:\/\/dhg1h5j42swfq.cloudfront.net\/2021\/05\/09164148\/bombeiro-rj.jpg","contentUrl":"https:\/\/dhg1h5j42swfq.cloudfront.net\/2021\/05\/09164148\/bombeiro-rj.jpg","width":768,"height":432,"caption":"concurso Bombeiros RJ"},{"@type":"BreadcrumbList","@id":"https:\/\/www.estrategiaconcursos.com.br\/blog\/bombeiro-rj-edital-temporarios-inscricoes-prorrogadas\/#breadcrumb","itemListElement":[{"@type":"ListItem","position":1,"name":"In\u00edcio","item":"https:\/\/www.estrategiaconcursos.com.br\/blog\/"},{"@type":"ListItem","position":2,"name":"Bombeiro RJ: edital para tempor\u00e1rios tem inscri\u00e7\u00f5es prorrogadas"}]},{"@type":"WebSite","@id":"https:\/\/www.estrategiaconcursos.com.br\/blog\/#website","url":"https:\/\/www.estrategiaconcursos.com.br\/blog\/","name":"Estrat\u00e9gia Concursos","description":"O blog da Estrat\u00e9gia Concursos traz not\u00edcias sobre concursos e artigos de professores oferecendo cursos para concursos (pdf + videaulas) no site.","publisher":{"@id":"https:\/\/www.estrategiaconcursos.com.br\/blog\/#organization"},"potentialAction":[{"@type":"SearchAction","target":{"@type":"EntryPoint","urlTemplate":"https:\/\/www.estrategiaconcursos.com.br\/blog\/?s={search_term_string}"},"query-input":{"@type":"PropertyValueSpecification","valueRequired":true,"valueName":"search_term_string"}}],"inLanguage":"pt-BR"},{"@type":"Organization","@id":"https:\/\/www.estrategiaconcursos.com.br\/blog\/#organization","name":"Estrat\u00e9gia Concursos","url":"https:\/\/www.estrategiaconcursos.com.br\/blog\/","logo":{"@type":"ImageObject","inLanguage":"pt-BR","@id":"https:\/\/www.estrategiaconcursos.com.br\/blog\/#\/schema\/logo\/image\/","url":"https:\/\/dhg1h5j42swfq.cloudfront.net\/2025\/06\/03203428\/logo_concursos-1.jpg","contentUrl":"https:\/\/dhg1h5j42swfq.cloudfront.net\/2025\/06\/03203428\/logo_concursos-1.jpg","width":230,"height":60,"caption":"Estrat\u00e9gia Concursos"},"image":{"@id":"https:\/\/www.estrategiaconcursos.com.br\/blog\/#\/schema\/logo\/image\/"},"sameAs":["https:\/\/x.com\/EstratConcursos"]},{"@type":"Person","@id":"https:\/\/www.estrategiaconcursos.com.br\/blog\/#\/schema\/person\/b4a388c97673c5f483d72185668afa1f","name":"Coordena\u00e7\u00e3o","image":{"@type":"ImageObject","inLanguage":"pt-BR","@id":"https:\/\/secure.gravatar.com\/avatar\/b720319e4c9a967eb58678d110f4fe35452fc5d5f97b202bac7b8acceb18c6ad?s=96&d=mm&r=g","url":"https:\/\/secure.gravatar.com\/avatar\/b720319e4c9a967eb58678d110f4fe35452fc5d5f97b202bac7b8acceb18c6ad?s=96&d=mm&r=g","contentUrl":"https:\/\/secure.gravatar.com\/avatar\/b720319e4c9a967eb58678d110f4fe35452fc5d5f97b202bac7b8acceb18c6ad?s=96&d=mm&r=g","caption":"Coordena\u00e7\u00e3o"},"sameAs":["https:\/\/www.facebook.com\/EstrategiaConcursos","https:\/\/x.com\/EstratConcursos"],"url":"https:\/\/www.estrategiaconcursos.com.br\/blog\/author\/estrategia2013\/"}]}},"_links":{"self":[{"href":"https:\/\/www.estrategiaconcursos.com.br\/blog\/wp-json\/wp\/v2\/posts\/836319","targetHints":{"allow":["GET"]}}],"collection":[{"href":"https:\/\/www.estrategiaconcursos.com.br\/blog\/wp-json\/wp\/v2\/posts"}],"about":[{"href":"https:\/\/www.estrategiaconcursos.com.br\/blog\/wp-json\/wp\/v2\/types\/post"}],"author":[{"embeddable":true,"href":"https:\/\/www.estrategiaconcursos.com.br\/blog\/wp-json\/wp\/v2\/users\/1"}],"replies":[{"embeddable":true,"href":"https:\/\/www.estrategiaconcursos.com.br\/blog\/wp-json\/wp\/v2\/comments?post=836319"}],"version-history":[{"count":5,"href":"https:\/\/www.estrategiaconcursos.com.br\/blog\/wp-json\/wp\/v2\/posts\/836319\/revisions"}],"predecessor-version":[{"id":837617,"href":"https:\/\/www.estrategiaconcursos.com.br\/blog\/wp-json\/wp\/v2\/posts\/836319\/revisions\/837617"}],"wp:featuredmedia":[{"embeddable":true,"href":"https:\/\/www.estrategiaconcursos.com.br\/blog\/wp-json\/wp\/v2\/media\/763313"}],"wp:attachment":[{"href":"https:\/\/www.estrategiaconcursos.com.br\/blog\/wp-json\/wp\/v2\/media?parent=836319"}],"wp:term":[{"taxonomy":"category","embeddable":true,"href":"https:\/\/www.estrategiaconcursos.com.br\/blog\/wp-json\/wp\/v2\/categories?post=836319"},{"taxonomy":"post_tag","embeddable":true,"href":"https:\/\/www.estrategiaconcursos.com.br\/blog\/wp-json\/wp\/v2\/tags?post=836319"},{"taxonomy":"tax_estado","embeddable":true,"href":"https:\/\/www.estrategiaconcursos.com.br\/blog\/wp-json\/wp\/v2\/tax_estado?post=836319"}],"curies":[{"name":"wp","href":"https:\/\/api.w.org\/{rel}","templated":true}]}}