{"id":835855,"date":"2021-08-15T18:44:00","date_gmt":"2021-08-15T21:44:00","guid":{"rendered":"https:\/\/www.estrategiaconcursos.com.br\/blog\/?p=835855"},"modified":"2023-03-13T10:57:02","modified_gmt":"2023-03-13T13:57:02","slug":"gabarito-extraoficial-pm-al-soldado","status":"publish","type":"post","link":"https:\/\/www.estrategiaconcursos.com.br\/blog\/gabarito-extraoficial-pm-al-soldado\/","title":{"rendered":"Gabarito Extraoficial PM AL &#8211; Soldado Combatente: 15\/08, \u00e0s 18h45!"},"content":{"rendered":"\n<p>Voc\u00eas sabem que n\u00f3s, do Estrat\u00e9gia, a todo o instante queremos estar perto de nossos alunos e daqueles que s\u00e3o amigos da Coruja. Por isso, ap\u00f3s a aplica\u00e7\u00e3o das provas objetivas do concurso da Pol\u00edcia Militar do Alagoas para o cargo de <strong>Soldado Combatente<\/strong>, neste domingo, 15 de agosto,&nbsp;<strong>realizaremos a corre\u00e7\u00e3o do<\/strong>&nbsp;<strong>gabarito extraoficial PM AL<\/strong>.<\/p>\n\n\n\n<p>O intuito \u00e9 o de ajudar a diminuir um pouco a ansiedade de descobrir se voc\u00ea foi bem ou n\u00e3o em um concurso t\u00e3o visado e importante como esse, logo no momento p\u00f3s-prova!<strong> <\/strong><\/p>\n\n\n\n<p>O <a href=\"https:\/\/www.cebraspe.org.br\/concursos\/PM_AL_21\" target=\"_blank\" rel=\"noreferrer noopener\">Cebraspe<\/a> (Centro Brasileiro de Pesquisa em Avalia\u00e7\u00e3o e Sele\u00e7\u00e3o e de Promo\u00e7\u00e3o de Eventos), banca organizadora do <strong>concurso PM AL<\/strong>, divulgou a demanda de inscritos do certame. De acordo com as informa\u00e7\u00f5es publicadas, foram registradas 61.455 inscri\u00e7\u00f5es para o cargo.<\/p>\n\n\n\n<p>O certame oferece <strong>1.000 vagas para o cargo de n\u00edvel m\u00e9dio<\/strong>, com sal\u00e1rio inicial de <strong>R$ 4.250,06, ap\u00f3s o curso de forma\u00e7\u00e3o<\/strong>. As provas objetivas foram constitu\u00eddas <strong>120 quest\u00f5es<\/strong>, sendo 50 de conhecimentos b\u00e1sicos e 70 de conhecimentos espec\u00edficos. O julgamento de cada item ser\u00e1 <strong>CERTO ou ERRADO<\/strong>. A prova teve dura\u00e7\u00e3o de <strong>3h30<\/strong>.<\/p>\n\n\n\n<p>Confira ent\u00e3o, antecipadamente, seu desempenho, no nosso <a href=\"https:\/\/youtu.be\/yAkfC1Zdrk0\" target=\"_blank\" rel=\"noreferrer noopener\">Gabarito Extraoficial PM AL &#8211; Soldado<\/a>, e ainda receba dicas de recursos (se houver necessidade, claro!). Lembramos que o gabarito oficial preliminar ser\u00e1 publicado pelo<strong> Cebraspe<\/strong> apenas na <strong>ter\u00e7a-feira, 17 de agosto, a partir das 19 horas.<\/strong> <\/p>\n\n\n\n<h2 class=\"wp-block-heading\" id=\"h-gabarito-pmal-participe-do-ranking\">Gabarito PMAL: participe do ranking<\/h2>\n\n\n\n<p class=\"has-text-align-center has-pale-cyan-blue-background-color has-background\"><strong><a href=\"https:\/\/docs.google.com\/forms\/d\/e\/1FAIpQLSfZSW7L1nSZMZHZP1CTNmaXxyNOlWPvN9VewZvCkCpcOSRjdg\/viewform\" target=\"_blank\" rel=\"noreferrer noopener\">Preencha o gabarito eletr\u00f4nico<\/a><\/strong><\/p>\n\n\n\n<p class=\"has-text-align-center has-pale-cyan-blue-background-color has-background\"><strong><a href=\"https:\/\/docs.google.com\/spreadsheets\/d\/1DwwGrp4WbijtDH4yqbRvE7t0BaeTkWP6snT4tmlfDr4\/edit?usp=drivesdk\" target=\"_blank\" rel=\"noreferrer noopener\">Ranking PM AL &#8211; Soldado <\/a><\/strong><\/p>\n\n\n\n<figure class=\"wp-block-table is-style-stripes\"><table class=\"has-background has-fixed-layout\" style=\"background-color:#e7f5fe\"><tbody><tr><td><strong>Disciplina<\/strong><\/td><td><strong>Professor<\/strong><\/td><\/tr><tr><td>No\u00e7\u00f5es de Direito Administrativo<\/td><td>Th\u00e1llius Moraes<\/td><\/tr><tr><td>Legisla\u00e7\u00e3o Pertinente ao Policial Militar de Alagoas<\/td><td>Marcos Gir\u00e3o<\/td><\/tr><tr><td>L\u00edngua Portuguesa<\/td><td>Jana\u00edna Arruda e Luiz<\/td><\/tr><tr><td>Matem\u00e1tica<\/td><td>Brunno Lima<\/td><\/tr><tr><td>No\u00e7\u00f5es de Inform\u00e1tica<\/td><td>Rani Passos<\/td><\/tr><tr><td>No\u00e7\u00f5es de Processo Penal<\/td><td>Renan Araujo<\/td><\/tr><tr><td>Ci\u00eancias Sociais<\/td><td>S\u00e9rgio Henrique<\/td><\/tr><tr><td>No\u00e7\u00f5es de Direitos Humanos<\/td><td>Lilian Novakoski<\/td><\/tr><tr><td>No\u00e7\u00f5es de Direito Constitucional<\/td><td>Adriane Fauth<\/td><\/tr><\/tbody><\/table><\/figure>\n\n\n\n<h3 class=\"wp-block-heading\" id=\"h-gabarito-extraoficial-pm-al-soldado\">Gabarito extraoficial: PM AL Soldado<\/h3>\n\n\n\n<p>Abaixo, voc\u00ea pode consultar o gabarito PM AL Soldado com as quest\u00f5es corrigidas pelos nossos professores. Como existem v\u00e1rios tipos de provas, voc\u00ea pode conferindo o in\u00edcio da quest\u00e3o.<\/p>\n\n\n\n<p class=\"has-text-align-left\"><strong>Quest\u00e3o 1:&nbsp;<\/strong>&#8220;Depreende-se do texto que as esculturas de mestra Irin\u00e9ia apresentam&#8230;&#8221;<br \/><strong><em>Resposta: <\/em><\/strong>CERTO<\/p>\n\n\n\n<p><strong>Quest\u00e3o 2:&nbsp;<\/strong>&#8220;Conclui-se das informa\u00e7\u00f5es do quinto par\u00e1grafo do texto que Mestra Irin\u00e9ia&#8230;&#8221;<br \/><strong><em>Resposta:<\/em><\/strong> ERRADO<\/p>\n\n\n\n<p><strong>Quest\u00e3o 3:&nbsp;<\/strong>&#8220;Conforme o texto, quanto mais encomendas dona Irin\u00e9ia recebia&#8230;&#8221;<br \/><strong><em>Resposta:<\/em><\/strong> CERTO<\/p>\n\n\n\n<p><strong>Quest\u00e3o 4:<\/strong> &#8220;As informa\u00e7\u00f5es veiculadas no texto permitem concluir que os \u00fanicos&#8230;&#8221;<br \/><strong><em>Resposta:<\/em><\/strong> ERRADO<\/p>\n\n\n\n<p><strong>Quest\u00e3o 5:<\/strong> &#8220;Conforme o texto, a produ\u00e7\u00e3o de cer\u00e2mica, em Muqu\u00e9m, \u00e9 uma atividade&#8230;&#8221;<br \/><strong><em>Resposta:<\/em><\/strong> ERRADO<\/p>\n\n\n\n<p><strong>Quest\u00e3o 6:&nbsp;<\/strong>&#8220;O pen\u00faltimo par\u00e1grafo do texto informa que a senhora que sofria com dor&#8230;&#8221;<br \/><strong><em>Resposta:<\/em><\/strong> ERRADO<\/p>\n\n\n\n<p><strong>Quest\u00e3o 7:&nbsp;<\/strong>&#8220;Em &#8216;A jaqueira se tornou objeto de mem\u00f3ria&#8217; (segundo par\u00e1grafo)&#8230;&#8221;<br \/><strong><em>Resposta:<\/em><\/strong> ERRADO<\/p>\n\n\n\n<p><strong>Quest\u00e3o 8:&nbsp;<\/strong>&#8220;O emprego das v\u00edrgulas logo depois dos trechos &#8216;Por volta dos vinte anos&#8230;&#8221;<br \/><strong><em>Resposta:<\/em><\/strong> CERTO<\/p>\n\n\n\n<p><strong>Quest\u00e3o 9:&nbsp;<\/strong>&#8220;Em &#8216;O manejo da mat\u00e9ria-prima \u00e9 feito com a retirada do barro que depois&#8230;&#8221;<br \/><strong><em>Resposta:<\/em><\/strong> CERTO <\/p>\n\n\n\n<p><strong>Quest\u00e3o 10:&nbsp;<\/strong>&#8220;No trecho &#8216;O povoado pertence ao munic\u00edpio de Uni\u00e3o dos Palmares&#8217;. <br \/><strong><em>Resposta:<\/em><\/strong> ERRADO <\/p>\n\n\n\n<p><strong>Quest\u00e3o 11:&nbsp;<\/strong>&#8220;O emprego do acento nas palavras &#8216;n\u00famero&#8217; e &#8216;cer\u00e2mica&#8217; justifica-se&#8230;&#8221;<br \/><strong><em>Resposta:<\/em><\/strong> CERTO<\/p>\n\n\n\n<p><strong>Quest\u00e3o 12:&nbsp;<\/strong>&#8220;No primeiro per\u00edodo do \u00faltimo par\u00e1grafo, o voc\u00e1bulo &#8216;onde&#8217; refere-se&#8230;&#8221;<br \/><strong><em>Resposta:<\/em><\/strong> CERTO<\/p>\n\n\n\n<p><strong>Quest\u00e3o 13:<\/strong> &#8220;Quanto a sua tipologia, \u00e9 correto afirmar que o texto classifica-se&#8230;&#8221;<br \/><strong><em>Resposta:<\/em><\/strong> ERRADO<\/p>\n\n\n\n<p><strong>Quest\u00e3o 14:&nbsp;<\/strong>&#8220;Mantendo-se a corre\u00e7\u00e3o gramatical do texto e as informa\u00e7\u00f5es nele&#8230;&#8221;<br \/><strong><em>Resposta:<\/em><\/strong> CERTO<\/p>\n\n\n\n<p><strong>Quest\u00e3o 15:&nbsp;<\/strong>O sujeito da ora\u00e7\u00e3o iniciada pela forma verbal &#8216;Chegou&#8217; \u00e9 a ora\u00e7\u00e3o&#8230;&#8221;<br \/><strong><em>Resposta:<\/em><\/strong> ERRADO<\/p>\n\n\n\n<p><strong>Quest\u00e3o 16:&nbsp;<\/strong>&#8220;Conclui-se do emprego do voc\u00e1bulo &#8216;singulares&#8217; no \u00faltimo per\u00edodo&#8230;&#8221;<br \/><strong><em>Resposta:<\/em><\/strong> ERRADO<\/p>\n\n\n\n<p><strong>Quest\u00e3o 17:&nbsp;<\/strong>&#8220;Prejudicaria o sentido original do texto, embora mantivesse sua corre\u00e7\u00e3o&#8230;&#8221;<br \/><strong><em>Resposta:<\/em><\/strong> CERTO<\/p>\n\n\n\n<p><strong>Quest\u00e3o 18:&nbsp;<\/strong>&#8220;No primeiro per\u00edodo do terceiro par\u00e1grafo, a substitui\u00e7\u00e3o do voc\u00e1bulo&#8230;&#8221;<br \/><strong><em>Resposta:<\/em><\/strong> CERTO<\/p>\n\n\n\n<p><strong>Quest\u00e3o 19:&nbsp;<\/strong>&#8220;No \u00faltimo per\u00edodo do segundo par\u00e1grafo, o termo &#8216;a qual&#8217; refere-se&#8230;&#8221;<br \/><strong><em>Resposta:<\/em><\/strong> CERTO<\/p>\n\n\n\n<p><strong>Quest\u00e3o 20:<\/strong> &#8220;Infere-se do poema que o eu l\u00edrico encontrou uma forma de reaver&#8230;&#8221;<br \/><strong><em>Resposta:<\/em><\/strong> ERRADO<\/p>\n\n\n\n<p><strong>Quest\u00e3o 21:&nbsp;<\/strong>&#8220;Em &#8216;na face ing\u00eanua das crian\u00e7as&#8217;, o termo &#8216;ing\u00eanua&#8217; est\u00e1 empregado&#8230;&#8221;<br \/><strong><em>Resposta:<\/em><\/strong> ERRADO<\/p>\n\n\n\n<p><strong>Quest\u00e3o 22:&nbsp;<\/strong>&#8220;No trecho &#8216;vest\u00edgios da minha inf\u00e2ncia feliz&#8217;, o termo &#8216;vest\u00edgios&#8217; tem o&#8230;&#8221;<br \/><strong><em>Resposta:<\/em><\/strong> ERRADO (PASS\u00cdVEL DE RECURSO)<\/p>\n\n\n\n<p><strong>Quest\u00e3o 23:&nbsp;<\/strong>&#8220;O termo &#8216;seu&#8217; no \u00faltimo verso do poema, refere-se a &#8216;minha inf\u00e2ncia feliz&#8230;&#8221;<br \/><strong><em>Resposta:<\/em><\/strong> ERRADO (PASS\u00cdVEL DE RECURSO)<\/p>\n\n\n\n<p><strong>Quest\u00e3o 24:<\/strong> &#8220;Em &#8216;Procuro descobrir, desesperada,\/na face ing\u00eanua das crian\u00e7as\/&#8230;&#8221;<br \/><strong><em>Resposta:<\/em><\/strong> ERRADO<\/p>\n\n\n\n<p><strong>Quest\u00e3o 25:&nbsp;<\/strong>&#8220;Para que o arquivo com nome original de&#8230;&#8221;<br \/><strong><em>Resposta:<\/em><\/strong> CERTO<\/p>\n\n\n\n<p><strong>Quest\u00e3o 26:&nbsp;<\/strong>&#8220;Para que seja feita a troca da senha do usu\u00e1rio, de nome jose&#8230;&#8221;<br \/><strong><em>Resposta:<\/em><\/strong> ERRADO<\/p>\n\n\n\n<p><strong>Quest\u00e3o 27:<\/strong> &#8220;Para criar um <em>link<\/em> simb\u00f3lico nomeado de&#8230;&#8221;<br \/><strong><em>Resposta:<\/em><\/strong> ERRADO<\/p>\n\n\n\n<p><strong>Quest\u00e3o 28:&nbsp;<\/strong>&#8220;Para inserir em uma apresenta\u00e7\u00e3o do PowerPoint, uma imagem&#8230;&#8221;<br \/><strong><em>Resposta:<\/em><\/strong> ERRADO <\/p>\n\n\n\n<p><strong>Quest\u00e3o 29:&nbsp;<\/strong>&#8220;Na cria\u00e7\u00e3o de um documento no Word, o usu\u00e1rio pode inserir&#8230;&#8221;<br \/><strong><em>Resposta:<\/em><\/strong> CERTO <\/p>\n\n\n\n<p><strong>Quest\u00e3o 30:&nbsp;<\/strong>&#8220;No Excel, a fun\u00e7\u00e3o PROCV \u00e9 utilizada para procurar valores&#8230;&#8221;<br \/><strong><em>Resposta:<\/em><\/strong> ERRADO<\/p>\n\n\n\n<p><strong>Quest\u00e3o 31:&nbsp;<\/strong>&#8220;Em uma comunica\u00e7\u00e3o TCP\/IP entre dois computadores&#8230;&#8221;<br \/><strong><em>Resposta:<\/em><\/strong> ERRADO<\/p>\n\n\n\n<p><strong>Quest\u00e3o 32:&nbsp;<\/strong>&#8220;O buscador Google tem um recurso que possibilita efetuar&#8230;&#8221;<br \/><strong><em>Resposta:<\/em><\/strong> CERTO <\/p>\n\n\n\n<p><strong>Quest\u00e3o 33:<\/strong> O LinkedIn \u00e9 uma solu\u00e7\u00e3o que proporciona a cria\u00e7\u00e3o de&#8230;&#8221;<br \/><strong><em>Resposta:<\/em><\/strong> ERRADO<\/p>\n\n\n\n<p><strong>Quest\u00e3o 34:&nbsp;<\/strong>&#8220;Uma caracter\u00edstica da computa\u00e7\u00e3o em nuvem \u00e9 o formato&#8230;&#8221;<br \/><strong><em>Resposta:<\/em><\/strong> ERRADO (PASS\u00cdVEL DE RECURSO)<\/p>\n\n\n\n<p><strong>Quest\u00e3o 35:&nbsp;<\/strong>&#8220;Uma infec\u00e7\u00e3o por <em>trojan<\/em> pode ser recebida automaticamente&#8230;&#8221;<br \/><strong><em>Resposta:<\/em><\/strong> CERTO &#8211; PARA A BANCA<strong>**<\/strong> (PASS\u00cdVEL DE RECURSO)<\/p>\n\n\n\n<p><strong>Quest\u00e3o 36:&nbsp;<\/strong>&#8220;Um <em>worm<\/em> \u00e9 um programa capaz de se propagar enviando c\u00f3pias&#8230;&#8221;<br \/><strong><em>Resposta:<\/em><\/strong> CERTO<\/p>\n\n\n\n<p><strong>Quest\u00e3o 37:&nbsp;<\/strong>&#8220;Para prevenir a\u00e7\u00f5es de programas que, de forma maliciosa, monitoram&#8230;&#8221;<br \/><strong><em>Resposta:<\/em><\/strong> CERTO &#8211; PARA A BANCA<strong>**<\/strong> (PASS\u00cdVEL DE RECURSO)<\/p>\n\n\n\n<p><strong>Quest\u00e3o 38:&nbsp;<\/strong>&#8220;Considere que uma empresa que possui uma rede de computadores&#8230;&#8221;<br \/><strong><em>Resposta:<\/em><\/strong> CERTO<\/p>\n\n\n\n<p><strong>Quest\u00e3o 39:&nbsp;<\/strong>&#8220;Um fugitivo tenta despistar policiais, realizando uma fuga entre tr\u00eas&#8230;&#8221;<br \/><strong><em>Resposta:<\/em><\/strong> CERTO<\/p>\n\n\n\n<p><strong>Quest\u00e3o 40:&nbsp;<\/strong>&#8220;Em uma cidade, existem tr\u00eas antenas de celular&#8230;&#8221;<br \/><strong><em>Resposta:<\/em><\/strong> CERTO<\/p>\n\n\n\n<p><strong>Quest\u00e3o 41:&nbsp;<\/strong>&#8220;Um corpo com temperatura inicial de 36\u00ba est\u00e1 em um ambiente&#8230;&#8221;<br \/><strong><em>Resposta:<\/em><\/strong> ERRADO<\/p>\n\n\n\n<p><strong>Quest\u00e3o 42:&nbsp;<\/strong>&#8220;Ao analisar a m\u00e9dia aritm\u00e9tica de ocorr\u00eancias criminais anuais&#8230;&#8221;<br \/><strong><em>Resposta:<\/em><\/strong> CERTO<\/p>\n\n\n\n<p><strong>Quest\u00e3o 43:&nbsp;<\/strong>&#8220;A soma dos \u00e2ngulos internos de um hept\u00e1gono regular \u00e9 720\u00ba&#8230;&#8221;<br \/><strong><em>Resposta:<\/em><\/strong> ERRADO<\/p>\n\n\n\n<p><strong>Quest\u00e3o 44:&nbsp;<\/strong>&#8220;Sendo ABC um tri\u00e2ngulo, em que A = 45\u00ba; B = 60\u00ba e AB =1&#8230;&#8221;<br \/><strong><em>Resposta:<\/em><\/strong> CERTO<\/p>\n\n\n\n<p><strong>Quest\u00e3o 45:&nbsp;<\/strong>&#8220;A \u00e1rea superficial de uma pir\u00e2mide de base quadrada regular&#8230;&#8221;<br \/><strong><em>Resposta:<\/em><\/strong> CERTO<\/p>\n\n\n\n<p><strong>Quest\u00e3o 46:<\/strong> &#8220;Dados os n\u00fameros complexos&#8230;&#8221;<br \/><strong><em>Resposta:<\/em><\/strong> ERRADO<\/p>\n\n\n\n<p><strong>Quest\u00e3o 47:&nbsp;<\/strong>&#8220;O resto da divis\u00e3o do polin\u00f4mio&#8230;&#8221;<br \/><strong><em>Resposta:<\/em><\/strong> ERRADO<\/p>\n\n\n\n<p><strong>Quest\u00e3o 48:&nbsp;<\/strong>&#8220;O maior valor da fun\u00e7\u00e3o trigonom\u00e9trica&#8230;&#8221;<br \/><strong><em>Resposta:<\/em><\/strong> CERTO<\/p>\n\n\n\n<p><strong>Quest\u00e3o 49:<\/strong> &#8220;Se a soma dos seis primeiros termos de uma progress\u00e3o aritm\u00e9tica&#8230;&#8221;<br \/><strong><em>Resposta:<\/em><\/strong> ERRADO <\/p>\n\n\n\n<p><strong>Quest\u00e3o 50:&nbsp;<\/strong>&#8220;Considerando-se que, em uma loja, 2 mesas e 3 cadeiras, juntas&#8230;&#8221; <br \/><strong><em>Resposta:<\/em><\/strong> ERRADO<\/p>\n\n\n\n<p><strong>Quest\u00e3o 51:&nbsp;<\/strong>&#8220;Enquanto a Revolu\u00e7\u00e3o Industrial brit\u00e2nica constituiu a economia&#8230;&#8221;<br \/><strong><em>Resposta:<\/em><\/strong> CERTO<\/p>\n\n\n\n<p><strong>Quest\u00e3o 52:&nbsp;<\/strong>&#8220;A Revolu\u00e7\u00e3o Industrial e a Revolu\u00e7\u00e3o Francesa, apesar da centralidadade&#8230;&#8221; <br \/><strong><em>Resposta:<\/em><\/strong> ERRADO<\/p>\n\n\n\n<p><strong>Quest\u00e3o 53:&nbsp;<\/strong>&#8220;A Revolu\u00e7\u00e3o Francesa foi eminentemente um levante da aristocracia&#8230;&#8221;<br \/><strong><em>Resposta:<\/em><\/strong> ERRADO <\/p>\n\n\n\n<p><strong>Quest\u00e3o 54:&nbsp;<\/strong>&#8220;A Lei \u00c1urea, que acabou com a escravid\u00e3o no Brasil em maio de 1988&#8230;&#8221;<br \/><strong><em>Resposta:<\/em><\/strong> ERRADO<\/p>\n\n\n\n<p><strong>Quest\u00e3o 55:&nbsp;<\/strong>&#8220;O escravismo era elemento central da sociedade brasileira do per\u00edodo&#8230;&#8221;<br \/><strong><em>Resposta:<\/em><\/strong> CERTO<\/p>\n\n\n\n<p><strong>Quest\u00e3o 56:&nbsp;<\/strong>&#8220;A aboli\u00e7\u00e3o da escravid\u00e3o deu in\u00edcio a um processo de inclus\u00e3o social&#8230;&#8221;<br \/><strong><em>Resposta:<\/em><\/strong> ERRADO<\/p>\n\n\n\n<p><strong>Quest\u00e3o 57: <\/strong>&#8220;Embora no Brasil tenha havido experi\u00eancias de imigra\u00e7\u00e3o no decorrer&#8230;&#8221;<br \/><strong><em>Resposta:<\/em><\/strong> ERRADO<\/p>\n\n\n\n<p><strong>Quest\u00e3o 58:&nbsp;<\/strong>&#8220;A op\u00e7\u00e3o pela escraviza\u00e7\u00e3o africana massiva foi consolidada pela Am\u00e9rica&#8230;&#8221;<br \/><strong><em>Resposta:<\/em><\/strong> CERTO<\/p>\n\n\n\n<p><strong>Quest\u00e3o 59:&nbsp;<\/strong>&#8220;Durante a Era Vargas, a garantia de direitos trabalhistas&#8230;&#8221;<br \/><strong><em>Resposta:<\/em><\/strong> CERTO<\/p>\n\n\n\n<p><strong>Quest\u00e3o 60:<\/strong> &#8220;O Estado Novo foi instaurado no Brasil em 1937, por meio de&#8230;&#8221;<br \/><strong><em>Resposta:<\/em><\/strong> CERTO<\/p>\n\n\n\n<p><strong>Quest\u00e3o 61:&nbsp;<\/strong>&#8220;Com a entrada do Brasil na Segunda Guerra Mundial, o governo&#8230;&#8221;<br \/><strong><em>Resposta: <\/em><\/strong>ERRADO<\/p>\n\n\n\n<p><strong>Quest\u00e3o 62:&nbsp;<\/strong>&#8220;Os anos de vig\u00eancia do Estado Novo se caracterizaram como um&#8230;&#8221;<br \/><strong><em>Resposta:<\/em><\/strong> CERTO<\/p>\n\n\n\n<p><strong>Quest\u00e3o 63:&nbsp;<\/strong>&#8220;A emancipa\u00e7\u00e3o pol\u00edtica de Alagoas, em 1817, ocorreu a partir&#8230;&#8221;<br \/><strong><em>Resposta:<\/em><\/strong> ERRADO<\/p>\n\n\n\n<p><strong>Quest\u00e3o 64:<\/strong> &#8220;A Revolu\u00e7\u00e3o do Haiti, entre 1791 e 1804, contribuiu para impulsionar&#8230;&#8221;<br \/><strong><em>Resposta:<\/em><\/strong> CERTO<\/p>\n\n\n\n<p><strong>Quest\u00e3o 65:<\/strong> &#8220;Alguns problemas sociais que assolam o territ\u00f3rio alagoano&#8230;&#8221;<br \/><strong><em>Resposta:<\/em><\/strong> CERTO<\/p>\n\n\n\n<p><strong>Quest\u00e3o 66:&nbsp;<\/strong>&#8220;Como elementos extra\u00eddos da natureza ser\u00e3o transformados&#8230;&#8221;<br \/><strong><em>Resposta:<\/em><\/strong> CERTO<\/p>\n\n\n\n<p><strong>Quest\u00e3o 67:&nbsp;<\/strong>&#8220;Para a qualidade de vida nas cidades brasileiras, aspectos econ\u00f4micos&#8230;&#8221;<br \/><strong><em>Resposta:<\/em><\/strong> ERRADO<\/p>\n\n\n\n<p><strong>Quest\u00e3o 68:&nbsp;<\/strong>&#8220;O espa\u00e7o urbano brasileiro, apesar de propiciar o crescimento&#8230;&#8221;<br \/><strong><em>Resposta:<\/em><\/strong> CERTO<\/p>\n\n\n\n<p><strong>Quest\u00e3o 69:&nbsp;<\/strong>&#8220;As queimadas no Pantanal e o desmatamento na Amaz\u00f4nia&#8230;&#8221;<br \/><strong><em>Resposta:<\/em><\/strong> CERTO<\/p>\n\n\n\n<p><strong>Quest\u00e3o 70:&nbsp;<\/strong>&#8220;A pandemia de Covid-19 gerou as desigualdades sociais verificadas&#8230;&#8221;<br \/><strong><em>Resposta:<\/em><\/strong> ERRADO<\/p>\n\n\n\n<p><strong>Quest\u00e3o 71:&nbsp;<\/strong>&#8220;Atualmente, existem no Brasil programas de assistencialismo social&#8230;&#8221;<br \/><strong><em>Resposta:<\/em><\/strong> ERRADO<\/p>\n\n\n\n<p><strong>Quest\u00e3o 72:&nbsp;<\/strong>&#8220;A popula\u00e7\u00e3o brasileira est\u00e1 atualmente em estagna\u00e7\u00e3o quanto ao&#8230;&#8221;<br \/><strong><em>Resposta:<\/em><\/strong> ERRADO<\/p>\n\n\n\n<p><strong>Quest\u00e3o 73:<\/strong> &#8220;As localidades mais pobres do campo e das grandes cidades brasileiras&#8230;&#8221;<br \/><strong><em>Resposta:<\/em><\/strong> CERTO<\/p>\n\n\n\n<p><strong>Quest\u00e3o 74:&nbsp;<\/strong>&#8220;No Brasil, a expectativa de vida tende a aumentar de forma gradativa&#8230;&#8221;<br \/><strong><em>Resposta:<\/em><\/strong> CERTO<\/p>\n\n\n\n<p><strong>Quest\u00e3o 75:&nbsp;<\/strong>&#8220;O encolhimento da popula\u00e7\u00e3o brasileira trar\u00e1 consequ\u00eancias catastr\u00f3ficas&#8230;&#8221;<br \/><strong><em>Resposta:<\/em><\/strong> ERRADO<\/p>\n\n\n\n<p><strong>Quest\u00e3o 76:&nbsp;<\/strong>&#8220;A linha litor\u00e2nea indicada pelo n\u00famero 1 envolve regi\u00f5es tur\u00edsticas importantes&#8230;&#8221;<br \/><strong><em>Resposta:<\/em><\/strong> CERTO<\/p>\n\n\n\n<p><strong>Quest\u00e3o 77:&nbsp;<\/strong>&#8220;Em raz\u00e3o da proximidade do Oceano Atl\u00e2ntico, a \u00e1rea indicada pelo n\u00famero 2&#8230;&#8221;<br \/><strong><em>Resposta:<\/em><\/strong> CERTO<\/p>\n\n\n\n<p><strong>Quest\u00e3o 78:&nbsp;<\/strong>&#8220;A regi\u00e3o indicada pelo n\u00famero 3 possui altas altimetrias, por isso seu relevo&#8230;&#8221;<br \/><strong><em>Resposta:<\/em><\/strong> CERTO (PASS\u00cdVEL DE RECURSO)<\/p>\n\n\n\n<p><strong>Quest\u00e3o 79:&nbsp;<\/strong>&#8220;Em compara\u00e7\u00e3o com as demais \u00e1reas do estado, a faixa formada pelas regi\u00f5es&#8230;&#8221;<br \/><strong><em>Resposta:<\/em><\/strong> CERTO<\/p>\n\n\n\n<p><strong>Quest\u00e3o 80:<\/strong> &#8220;Devido \u00e0 escassez de chuvas, o sert\u00e3o alagoano, indicado pelo n\u00famero 4&#8230;&#8221;<br \/><strong><em>Resposta:<\/em><\/strong> ERRADO<\/p>\n\n\n\n<p><strong>Quest\u00e3o 81:&nbsp;<\/strong>&#8220;Os conceitos de posto, gradua\u00e7\u00e3o e preced\u00eancia s\u00e3o&#8230;&#8221;<br \/><strong><em>Resposta:<\/em><\/strong> ERRADO <\/p>\n\n\n\n<p><strong>Quest\u00e3o 82:&nbsp;<\/strong>&#8220;S\u00e3o consideradas fun\u00e7\u00f5es policiais militares ou de interesse&#8230;&#8221;<br \/><strong><em>Resposta:<\/em><\/strong> ERRADO <\/p>\n\n\n\n<p><strong>Quest\u00e3o 83:&nbsp;<\/strong>&#8220;Considera-se de natureza civil o exerc\u00edcio, por policial militar&#8230;&#8221;<br \/><strong><em>Resposta:<\/em><\/strong> CERTO<\/p>\n\n\n\n<p><strong>Quest\u00e3o 84:<\/strong> &#8220;O licenciamento do servi\u00e7o ativo aplica-se somente \u00e0s pra\u00e7as&#8230;&#8221; <br \/><strong><em>Resposta:<\/em><\/strong> CERTO<\/p>\n\n\n\n<p><strong>Quest\u00e3o 85:&nbsp;<\/strong>&#8220;A gravidade da viola\u00e7\u00e3o dos deveres e das obriga\u00e7\u00f5es&#8230;&#8221; <br \/><strong><em>Resposta:<\/em><\/strong> CERTO<\/p>\n\n\n\n<p><strong>Quest\u00e3o 86:&nbsp;<\/strong>&#8220;O tr\u00e2nsito em julgado da senten\u00e7a penal condenat\u00f3ria&#8230;&#8221;<br \/><strong><em>Resposta:<\/em><\/strong> ERRADO<\/p>\n\n\n\n<p><strong>Quest\u00e3o 87:<\/strong> &#8220;Para efeitos penais, as aeronaves brasileiras de natureza&#8230;&#8221;<br \/><strong><em>Resposta:<\/em><\/strong> CERTO <\/p>\n\n\n\n<p><strong>Quest\u00e3o 88:&nbsp;<\/strong>&#8221; A leg\u00edtima defesa tamb\u00e9m poder\u00e1 incidir nas hip\u00f3teses&#8230;&#8221; <br \/><strong><em>Resposta:<\/em><\/strong> CERTO <\/p>\n\n\n\n<p><strong>Quest\u00e3o 89:&nbsp;<\/strong>&#8220;A hierarquia e a disciplina constituem a base constitucional&#8230;&#8221;<br \/><strong><em>Resposta:<\/em><\/strong> CERTO<\/p>\n\n\n\n<p><strong>Quest\u00e3o 90:&nbsp;<\/strong>&#8220;O policial militar deve obedi\u00eancia aos seus superiores&#8230;&#8221;<br \/><strong><em>Resposta:<\/em><\/strong> ERRADO <\/p>\n\n\n\n<p><strong>Quest\u00e3o 91:&nbsp;<\/strong>&#8220;O regime jur\u00eddico administrativo compreende as prerrogativas&#8230;&#8221;<br \/><strong><em>Resposta:<\/em><\/strong> CERTO <\/p>\n\n\n\n<p><strong>Quest\u00e3o 92:&nbsp;<\/strong>&#8220;O princ\u00edpio da hierarquia verifica-se na subordina\u00e7\u00e3o&#8230;&#8221;<br \/><strong><em>Resposta:<\/em><\/strong> ERRADO<\/p>\n\n\n\n<p><strong>Quest\u00e3o 93:<\/strong> &#8220;O poder de pol\u00edcia, dada sua potencial capacidade&#8230;&#8221;<br \/><strong><em>Resposta:<\/em><\/strong> ERRADO<\/p>\n\n\n\n<p><strong>Quest\u00e3o 94:&nbsp;<\/strong>&#8220;Pelo princ\u00edpio da autotutela, a administra\u00e7\u00e3o deve rever&#8230;&#8221;<br \/><strong><em>Resposta:<\/em><\/strong> CERTO<\/p>\n\n\n\n<p><strong>Quest\u00e3o 95:&nbsp;<\/strong>&#8220;O abuso de poder pode ser caracterizado ainda que o agente&#8230;&#8221;<br \/><strong><em>Resposta:<\/em><\/strong> CERTO<\/p>\n\n\n\n<p><strong>Quest\u00e3o 96:&nbsp;<\/strong>&#8220;A licen\u00e7a, a permiss\u00e3o e a autoriza\u00e7\u00e3o s\u00e3o atos administrativos&#8230;&#8221;<br \/><strong><em>Resposta:<\/em><\/strong> CERTO<\/p>\n\n\n\n<p><strong>Quest\u00e3o 97:&nbsp;<\/strong>&#8220;N\u00e3o h\u00e1 na doutrina majorit\u00e1ria quaisquer distin\u00e7\u00f5es&#8230;&#8221;<br \/><strong><em>Resposta:<\/em><\/strong> ERRADO <\/p>\n\n\n\n<p><strong>Quest\u00e3o 98:&nbsp;<\/strong>&#8220;A desconcentra\u00e7\u00e3o pode ser entendida como um desmembramento&#8230;&#8221;<br \/><strong><em>Resposta:<\/em><\/strong> CERTO <\/p>\n\n\n\n<p><strong>Quest\u00e3o 99:&nbsp;<\/strong>&#8220;Aplica-se a compensa\u00e7\u00e3o de culpas no caso de responsabiliza\u00e7\u00e3o&#8230;&#8221;<br \/><strong><em>Resposta:<\/em><\/strong> CERTO<\/p>\n\n\n\n<p><strong>Quest\u00e3o 100:&nbsp;<\/strong>&#8220;O controle dos atos da administra\u00e7\u00e3o p\u00fablica somente pode ser&#8230;&#8221; <br \/><strong><em>Resposta:<\/em><\/strong> ERRADO <\/p>\n\n\n\n<p><strong>Quest\u00e3o 101:&nbsp;<\/strong>&#8220;A CF autoriza a cria\u00e7\u00e3o de territ\u00f3rios federais, mas n\u00e3o a sua&#8230;&#8221;<br \/><strong><em>Resposta:<\/em><\/strong> ERRADO <\/p>\n\n\n\n<p><strong>Quest\u00e3o 102:&nbsp;<\/strong>&#8220;Os nascidos no estrangeiro que sejam filhos de pai e m\u00e3e&#8230;&#8221;<br \/><strong><em>Resposta:<\/em><\/strong> ERRADO<\/p>\n\n\n\n<p><strong>Quest\u00e3o 103:&nbsp;<\/strong>&#8220;Em qualquer hip\u00f3tese, ainda que haja determina\u00e7\u00e3o judicial&#8230;&#8221;<br \/><strong><em>Resposta:<\/em><\/strong> ERRADO <\/p>\n\n\n\n<p><strong>Quest\u00e3o 104:&nbsp;<\/strong>&#8220;\u00c9 compet\u00eancia da Uni\u00e3o, dos Estados e do Distrito Federal&#8230;&#8221;<br \/><strong><em>Resposta:<\/em><\/strong> CERTO<\/p>\n\n\n\n<p><strong>Quest\u00e3o 105:&nbsp;<\/strong>&#8220;Depende de autoriza\u00e7\u00e3o do poder p\u00fablico o direito \u00e0 reuni\u00e3o&#8230;&#8221;<br \/><strong><em>Resposta:<\/em><\/strong> ERRADO<\/p>\n\n\n\n<p><strong>Quest\u00e3o 106:<\/strong> &#8220;Atendidos os requisitos constitucionais exigidos, \u00e9 permitida a&#8230;&#8221;<br \/><strong><em>Resposta:<\/em><\/strong> CERTO<\/p>\n\n\n\n<p><strong>Quest\u00e3o 107:&nbsp;<\/strong>&#8220;Os direitos e as garantias fundamentais previstos pela CF&#8230;&#8221;<br \/><strong><em>Resposta:<\/em><\/strong> ERRADO<\/p>\n\n\n\n<p><strong>Quest\u00e3o 108:&nbsp;<\/strong>&#8220;As pol\u00edcias militares estaduais subordinam-se aos governadores&#8230;&#8221;<br \/><strong><em>Resposta:<\/em><\/strong> CERTO<\/p>\n\n\n\n<p><strong>Quest\u00e3o 109:<\/strong> &#8220;Decis\u00e3o do Conselho da Rep\u00fablica e do Conselho da Defesa&#8230;&#8221;<br \/><strong><em>Resposta:<\/em><\/strong> ERRADO<\/p>\n\n\n\n<p><strong>Quest\u00e3o 110:&nbsp;<\/strong>Os cargos p\u00fablicos somente s\u00e3o acess\u00edveis aos brasileiros&#8230;&#8221;<br \/><strong><em>Resposta:<\/em><\/strong> ERRADO <\/p>\n\n\n\n<p><strong>Quest\u00e3o 111:&nbsp;<\/strong>&#8220;O inqu\u00e9rito policial s\u00f3 poder\u00e1 ser iniciado a requerimento&#8230;&#8221;<br \/><strong><em>Resposta:<\/em><\/strong> ERRADA <\/p>\n\n\n\n<p><strong>Quest\u00e3o 112:&nbsp;<\/strong>&#8220;O indiciado poder\u00e1 ficar incomunic\u00e1vel a depender do despacho&#8230;&#8221;<br \/><strong><em>Resposta:<\/em><\/strong> ERRADA (PASS\u00cdVEL DE RECURSO)<\/p>\n\n\n\n<p><strong>Quest\u00e3o 113:&nbsp;<\/strong>&#8220;O direito de representa\u00e7\u00e3o pode ser exercido mediante declara\u00e7\u00e3o&#8230;&#8221;<br \/><strong><em>Resposta:<\/em><\/strong> CERTO<\/p>\n\n\n\n<p><strong>Quest\u00e3o 114:&nbsp;<\/strong>&#8220;A peremp\u00e7\u00e3o no processo penal apenas ocorre na a\u00e7\u00e3o penal privada&#8230;&#8221;<br \/><strong><em>Resposta:<\/em><\/strong> CERTO<\/p>\n\n\n\n<p><strong>Quest\u00e3o 115:&nbsp;<\/strong>&#8220;\u00c9 exemplo do princ\u00edpio da invisibilidade da a\u00e7\u00e3o penal privada&#8230;&#8221;<br \/><strong><em>Resposta:<\/em><\/strong> CERTO <\/p>\n\n\n\n<p><strong>Quest\u00e3o 116:&nbsp;<\/strong>&#8220;O c\u00f3digo de Hamurabi \u00e9 considerado um dos primeiros&#8230;&#8221;<br \/><strong><em>Resposta:<\/em><\/strong> CERTO<\/p>\n\n\n\n<p><strong>Quest\u00e3o 117: <\/strong>&#8220;Os direitos humanos s\u00e3o relativos, ou seja, n\u00e3o h\u00e1 direito&#8230;&#8221;<br \/><strong><em>Resposta:<\/em><\/strong> CERTO<\/p>\n\n\n\n<p><strong>Quest\u00e3o 118:&nbsp;<\/strong>&#8220;Os direitos humanos s\u00e3o normalmente associados ao plano&#8230;&#8221;<br \/><strong><em>Resposta:<\/em><\/strong> CERTO <\/p>\n\n\n\n<p><strong>Quest\u00e3o 119:&nbsp;<\/strong>&#8220;A Conven\u00e7\u00e3o Americana de Direitos Humanos veda qualquer restri\u00e7\u00e3o&#8230;&#8221;<br \/><strong><em>Resposta:<\/em><\/strong> ERRADO <\/p>\n\n\n\n<p><strong>Quest\u00e3o 120:<\/strong> &#8220;A Comiss\u00e3o Interamericana de Direitos Humanos faz parte do sistema&#8230;&#8221;<br \/><strong><em>Resposta:<\/em><\/strong> ERRADO <\/p>\n\n\n\n<p class=\"has-text-align-center has-cyan-bluish-gray-background-color has-background has-medium-font-size\"><strong>Saiba mais: <a href=\"https:\/\/www.estrategiaconcursos.com.br\/blog\/concurso-pm-al\/\" target=\"_blank\" rel=\"noreferrer noopener\">concurso PM AL<\/a><\/strong><\/p>\n\n\n\n<h2 class=\"has-text-align-center wp-block-heading\" id=\"cursos-assinatura\"><strong><em>Cursos e assinaturas<\/em><\/strong><\/h2>\n\n\n\n<div class=\"container\" id=\"boxes\">\n  <div class=\"row\">\n\n    <div class=\"col-sm\">\n      <div class=\"banner-policial\" id=\"box-assinatura\">\n        <h3 class=\"titulo-assinatura\">Concurso PM AL<\/h3>\n        <p class=\"subtitulo-assinatura\">Conhe\u00e7a os cursos<\/p>\n        <div class=\"box-botao\">\n          <a class=\"btn-assinatura\" target=\"_blank\" href=\"https:\/\/www.estrategiaconcursos.com.br\/cursosPorConcurso\/pm-al\/\" role=\"button\" rel=\"noopener noreferrer\">Conhe\u00e7a mais<\/a>\n        <\/div>\n      <\/div>\n  \n    <\/div>\n\n  <\/div>\n<\/div>\n\n\n\n<div class=\"container\" id=\"boxes\">\n  <div class=\"row\">\n\n    <div class=\"col-sm\">\n      <div class=\"estrategia\" id=\"box-assinatura\">\n        <h3 class=\"titulo-assinatura\">Assinatura Concursos<\/h3>\n        <p class=\"subtitulo-assinatura\">Assinatura de 1 ano ou 2 anos<\/p>\n        <div class=\"box-botao\">\n          <a class=\"btn-assinatura\" target=\"_blank\" href=\"https:\/\/www.estrategiaconcursos.com.br\/assinaturas\/\" role=\"button\" rel=\"noopener noreferrer\">ASSINE AGORA<\/a>\n        <\/div>\n      <\/div>\n     \n    <\/div><\/div><\/div>\n\n\n\n<div class=\"container\" id=\"boxes\">\n  <div class=\"row\">\n\n    <div class=\"col-sm\" id=\"boxes-concursos\">\n      <div style=\"background-color: #005DAD;\" class=\"conteudo-concursos\" id=\"box-concursos\">\n        <h3 class=\"titulo-assinatura\">Concursos Abertos<\/h3>\n        <p class=\"subtitulo-assinatura\">Os editais publicados<\/p>\n        <div class=\"box-botao\">\n          <a class=\"btn-assinatura\" target=\"_blank\" href=\"https:\/\/www.estrategiaconcursos.com.br\/blog\/concursos-abertos\/\" role=\"button\" rel=\"noopener noreferrer\">Conhe\u00e7a Agora<\/a>\n        <\/div>\n      <\/div>\n    <\/div>\n\n    <div class=\"col-sm\" id=\"boxes-concursos\">\n      <div style=\"background-color: #1A7ED5;\" class=\"conteudo-concursos\" id=\"box-concursos\">\n        <h3 class=\"titulo-assinatura\">Concursos 2021<\/h3>\n        <p class=\"subtitulo-assinatura\">As oportunidades previstas<\/p>\n        <div class=\"box-botao\">\n          <a class=\"btn-assinatura\" target=\"_blank\" href=\"https:\/\/www.estrategiaconcursos.com.br\/blog\/concursos-2021\/\" role=\"button\" rel=\"noopener noreferrer\">Conhe\u00e7a Agora<\/a>\n        <\/div>\n      <\/div>\n    <\/div>\n\n    <div class=\"col-sm\" id=\"boxes-concursos\">\n      <div style=\"background-color: #419FF0;\" class=\"conteudo-concursos\" id=\"box-concursos\">\n        <h3 class=\"titulo-assinatura\">Concursos 2022<\/h3>\n        <p class=\"subtitulo-assinatura\">Vagas para o pr\u00f3ximo ano<\/p>\n        <div class=\"box-botao\">\n          <a class=\"btn-assinatura\" target=\"_blank\" href=\"https:\/\/www.estrategiaconcursos.com.br\/blog\/concursos-2022\/\" role=\"button\" rel=\"noopener noreferrer\">Conhe\u00e7a Agora<\/a>\n        <\/div>\n      <\/div>\n    <\/div>\n\n  <\/div>\n<\/div>\n","protected":false},"excerpt":{"rendered":"<p>Voc\u00eas sabem que n\u00f3s, do Estrat\u00e9gia, a todo o instante queremos estar perto de nossos alunos e daqueles que s\u00e3o amigos da Coruja. Por isso, ap\u00f3s a aplica\u00e7\u00e3o das provas objetivas do concurso da Pol\u00edcia Militar do Alagoas para o cargo de Soldado Combatente, neste domingo, 15 de agosto,&nbsp;realizaremos a corre\u00e7\u00e3o do&nbsp;gabarito extraoficial PM AL. [&hellip;]<\/p>\n","protected":false},"author":1,"featured_media":835864,"comment_status":"open","ping_status":"closed","sticky":false,"template":"","format":"standard","meta":{"post_tipo":"news","footnotes":""},"categories":[1,220186,220187],"tags":[],"tax_estado":[219965],"class_list":["post-835855","post","type-post","status-publish","format-standard","has-post-thumbnail","hentry","category-cursos-e-concursos","category-policial-oficial","category-policial-pracas","tax_estado-al"],"acf":[],"yoast_head":"<!-- This site is optimized with the Yoast SEO Premium plugin v27.2 (Yoast SEO v27.2) - https:\/\/yoast.com\/product\/yoast-seo-premium-wordpress\/ -->\n<title>Gabarito Extraoficial PM AL - Soldado Combatente: 15\/08, \u00e0s 18h45!<\/title>\n<meta name=\"description\" content=\"Confira ao vivo, \u00e0s 18h45 deste domingo o Gabarito Extraoficial PM AL - Soldado disponibilizado na corre\u00e7\u00e3o gratuita do Estrat\u00e9gia Concursos.\" \/>\n<meta name=\"robots\" content=\"index, follow, max-snippet:-1, max-image-preview:large, max-video-preview:-1\" \/>\n<link rel=\"canonical\" href=\"https:\/\/www.estrategiaconcursos.com.br\/blog\/gabarito-extraoficial-pm-al-soldado\/\" \/>\n<meta property=\"og:locale\" content=\"pt_BR\" \/>\n<meta property=\"og:type\" content=\"article\" \/>\n<meta property=\"og:title\" content=\"Gabarito Extraoficial PM AL - Soldado Combatente: 15\/08, \u00e0s 18h45!\" \/>\n<meta property=\"og:description\" content=\"Confira ao vivo, \u00e0s 18h45 deste domingo o Gabarito Extraoficial PM AL - Soldado disponibilizado na corre\u00e7\u00e3o gratuita do Estrat\u00e9gia Concursos.\" \/>\n<meta property=\"og:url\" content=\"https:\/\/www.estrategiaconcursos.com.br\/blog\/gabarito-extraoficial-pm-al-soldado\/\" \/>\n<meta property=\"og:site_name\" content=\"Estrat\u00e9gia Concursos\" \/>\n<meta property=\"article:author\" content=\"https:\/\/www.facebook.com\/EstrategiaConcursos\" \/>\n<meta property=\"article:published_time\" content=\"2021-08-15T21:44:00+00:00\" \/>\n<meta property=\"article:modified_time\" content=\"2023-03-13T13:57:02+00:00\" \/>\n<meta property=\"og:image\" content=\"https:\/\/dhg1h5j42swfq.cloudfront.net\/2021\/08\/13171235\/1280-720-max-20.jpg\" \/>\n\t<meta property=\"og:image:width\" content=\"1280\" \/>\n\t<meta property=\"og:image:height\" content=\"720\" \/>\n\t<meta property=\"og:image:type\" content=\"image\/jpeg\" \/>\n<meta name=\"author\" content=\"Coordena\u00e7\u00e3o\" \/>\n<meta name=\"twitter:card\" content=\"summary_large_image\" \/>\n<meta name=\"twitter:creator\" content=\"@EstratConcursos\" \/>\n<meta name=\"twitter:site\" content=\"@EstratConcursos\" \/>\n<meta name=\"twitter:label1\" content=\"Escrito por\" \/>\n\t<meta name=\"twitter:data1\" content=\"Coordena\u00e7\u00e3o\" \/>\n\t<meta name=\"twitter:label2\" content=\"Est. tempo de leitura\" \/>\n\t<meta name=\"twitter:data2\" content=\"10 minutos\" \/>\n<script type=\"application\/ld+json\" class=\"yoast-schema-graph\">{\"@context\":\"https:\/\/schema.org\",\"@graph\":[{\"@type\":\"NewsArticle\",\"@id\":\"https:\/\/www.estrategiaconcursos.com.br\/blog\/gabarito-extraoficial-pm-al-soldado\/#article\",\"isPartOf\":{\"@id\":\"https:\/\/www.estrategiaconcursos.com.br\/blog\/gabarito-extraoficial-pm-al-soldado\/\"},\"author\":{\"name\":\"Coordena\u00e7\u00e3o\",\"@id\":\"https:\/\/www.estrategiaconcursos.com.br\/blog\/#\/schema\/person\/b4a388c97673c5f483d72185668afa1f\"},\"headline\":\"Gabarito Extraoficial PM AL &#8211; Soldado Combatente: 15\/08, \u00e0s 18h45!\",\"datePublished\":\"2021-08-15T21:44:00+00:00\",\"dateModified\":\"2023-03-13T13:57:02+00:00\",\"mainEntityOfPage\":{\"@id\":\"https:\/\/www.estrategiaconcursos.com.br\/blog\/gabarito-extraoficial-pm-al-soldado\/\"},\"wordCount\":2369,\"commentCount\":0,\"publisher\":{\"@id\":\"https:\/\/www.estrategiaconcursos.com.br\/blog\/#organization\"},\"image\":{\"@id\":\"https:\/\/www.estrategiaconcursos.com.br\/blog\/gabarito-extraoficial-pm-al-soldado\/#primaryimage\"},\"thumbnailUrl\":\"https:\/\/dhg1h5j42swfq.cloudfront.net\/2021\/08\/13171235\/1280-720-max-20.jpg\",\"articleSection\":[\"Concursos P\u00fablicos\",\"Policial (PM\/BM - Oficial)\",\"Policial (PM\/BM - Pra\u00e7as)\"],\"inLanguage\":\"pt-BR\",\"potentialAction\":[{\"@type\":\"CommentAction\",\"name\":\"Comment\",\"target\":[\"https:\/\/www.estrategiaconcursos.com.br\/blog\/gabarito-extraoficial-pm-al-soldado\/#respond\"]}],\"copyrightYear\":\"2021\",\"copyrightHolder\":{\"@id\":\"https:\/\/www.estrategiaconcursos.com.br\/blog\/#organization\"}},{\"@type\":\"WebPage\",\"@id\":\"https:\/\/www.estrategiaconcursos.com.br\/blog\/gabarito-extraoficial-pm-al-soldado\/\",\"url\":\"https:\/\/www.estrategiaconcursos.com.br\/blog\/gabarito-extraoficial-pm-al-soldado\/\",\"name\":\"Gabarito Extraoficial PM AL - Soldado Combatente: 15\/08, \u00e0s 18h45!\",\"isPartOf\":{\"@id\":\"https:\/\/www.estrategiaconcursos.com.br\/blog\/#website\"},\"primaryImageOfPage\":{\"@id\":\"https:\/\/www.estrategiaconcursos.com.br\/blog\/gabarito-extraoficial-pm-al-soldado\/#primaryimage\"},\"image\":{\"@id\":\"https:\/\/www.estrategiaconcursos.com.br\/blog\/gabarito-extraoficial-pm-al-soldado\/#primaryimage\"},\"thumbnailUrl\":\"https:\/\/dhg1h5j42swfq.cloudfront.net\/2021\/08\/13171235\/1280-720-max-20.jpg\",\"datePublished\":\"2021-08-15T21:44:00+00:00\",\"dateModified\":\"2023-03-13T13:57:02+00:00\",\"description\":\"Confira ao vivo, \u00e0s 18h45 deste domingo o Gabarito Extraoficial PM AL - Soldado disponibilizado na corre\u00e7\u00e3o gratuita do Estrat\u00e9gia Concursos.\",\"breadcrumb\":{\"@id\":\"https:\/\/www.estrategiaconcursos.com.br\/blog\/gabarito-extraoficial-pm-al-soldado\/#breadcrumb\"},\"inLanguage\":\"pt-BR\",\"potentialAction\":[{\"@type\":\"ReadAction\",\"target\":[\"https:\/\/www.estrategiaconcursos.com.br\/blog\/gabarito-extraoficial-pm-al-soldado\/\"]}]},{\"@type\":\"ImageObject\",\"inLanguage\":\"pt-BR\",\"@id\":\"https:\/\/www.estrategiaconcursos.com.br\/blog\/gabarito-extraoficial-pm-al-soldado\/#primaryimage\",\"url\":\"https:\/\/dhg1h5j42swfq.cloudfront.net\/2021\/08\/13171235\/1280-720-max-20.jpg\",\"contentUrl\":\"https:\/\/dhg1h5j42swfq.cloudfront.net\/2021\/08\/13171235\/1280-720-max-20.jpg\",\"width\":1280,\"height\":720,\"caption\":\"Gabarito Extraoficial PM AL\"},{\"@type\":\"BreadcrumbList\",\"@id\":\"https:\/\/www.estrategiaconcursos.com.br\/blog\/gabarito-extraoficial-pm-al-soldado\/#breadcrumb\",\"itemListElement\":[{\"@type\":\"ListItem\",\"position\":1,\"name\":\"In\u00edcio\",\"item\":\"https:\/\/www.estrategiaconcursos.com.br\/blog\/\"},{\"@type\":\"ListItem\",\"position\":2,\"name\":\"Gabarito Extraoficial PM AL &#8211; Soldado Combatente: 15\/08, \u00e0s 18h45!\"}]},{\"@type\":\"WebSite\",\"@id\":\"https:\/\/www.estrategiaconcursos.com.br\/blog\/#website\",\"url\":\"https:\/\/www.estrategiaconcursos.com.br\/blog\/\",\"name\":\"Estrat\u00e9gia Concursos\",\"description\":\"O blog da Estrat\u00e9gia Concursos traz not\u00edcias sobre concursos e artigos de professores oferecendo cursos para concursos (pdf + videaulas) no site.\",\"publisher\":{\"@id\":\"https:\/\/www.estrategiaconcursos.com.br\/blog\/#organization\"},\"potentialAction\":[{\"@type\":\"SearchAction\",\"target\":{\"@type\":\"EntryPoint\",\"urlTemplate\":\"https:\/\/www.estrategiaconcursos.com.br\/blog\/?s={search_term_string}\"},\"query-input\":{\"@type\":\"PropertyValueSpecification\",\"valueRequired\":true,\"valueName\":\"search_term_string\"}}],\"inLanguage\":\"pt-BR\"},{\"@type\":\"Organization\",\"@id\":\"https:\/\/www.estrategiaconcursos.com.br\/blog\/#organization\",\"name\":\"Estrat\u00e9gia Concursos\",\"url\":\"https:\/\/www.estrategiaconcursos.com.br\/blog\/\",\"logo\":{\"@type\":\"ImageObject\",\"inLanguage\":\"pt-BR\",\"@id\":\"https:\/\/www.estrategiaconcursos.com.br\/blog\/#\/schema\/logo\/image\/\",\"url\":\"https:\/\/dhg1h5j42swfq.cloudfront.net\/2025\/06\/03203428\/logo_concursos-1.jpg\",\"contentUrl\":\"https:\/\/dhg1h5j42swfq.cloudfront.net\/2025\/06\/03203428\/logo_concursos-1.jpg\",\"width\":230,\"height\":60,\"caption\":\"Estrat\u00e9gia Concursos\"},\"image\":{\"@id\":\"https:\/\/www.estrategiaconcursos.com.br\/blog\/#\/schema\/logo\/image\/\"},\"sameAs\":[\"https:\/\/x.com\/EstratConcursos\"]},{\"@type\":\"Person\",\"@id\":\"https:\/\/www.estrategiaconcursos.com.br\/blog\/#\/schema\/person\/b4a388c97673c5f483d72185668afa1f\",\"name\":\"Coordena\u00e7\u00e3o\",\"image\":{\"@type\":\"ImageObject\",\"inLanguage\":\"pt-BR\",\"@id\":\"https:\/\/secure.gravatar.com\/avatar\/b720319e4c9a967eb58678d110f4fe35452fc5d5f97b202bac7b8acceb18c6ad?s=96&d=mm&r=g\",\"url\":\"https:\/\/secure.gravatar.com\/avatar\/b720319e4c9a967eb58678d110f4fe35452fc5d5f97b202bac7b8acceb18c6ad?s=96&d=mm&r=g\",\"contentUrl\":\"https:\/\/secure.gravatar.com\/avatar\/b720319e4c9a967eb58678d110f4fe35452fc5d5f97b202bac7b8acceb18c6ad?s=96&d=mm&r=g\",\"caption\":\"Coordena\u00e7\u00e3o\"},\"sameAs\":[\"https:\/\/www.facebook.com\/EstrategiaConcursos\",\"https:\/\/x.com\/EstratConcursos\"],\"url\":\"https:\/\/www.estrategiaconcursos.com.br\/blog\/author\/estrategia2013\/\"}]}<\/script>\n<!-- \/ Yoast SEO Premium plugin. -->","yoast_head_json":{"title":"Gabarito Extraoficial PM AL - Soldado Combatente: 15\/08, \u00e0s 18h45!","description":"Confira ao vivo, \u00e0s 18h45 deste domingo o Gabarito Extraoficial PM AL - Soldado disponibilizado na corre\u00e7\u00e3o gratuita do Estrat\u00e9gia Concursos.","robots":{"index":"index","follow":"follow","max-snippet":"max-snippet:-1","max-image-preview":"max-image-preview:large","max-video-preview":"max-video-preview:-1"},"canonical":"https:\/\/www.estrategiaconcursos.com.br\/blog\/gabarito-extraoficial-pm-al-soldado\/","og_locale":"pt_BR","og_type":"article","og_title":"Gabarito Extraoficial PM AL - Soldado Combatente: 15\/08, \u00e0s 18h45!","og_description":"Confira ao vivo, \u00e0s 18h45 deste domingo o Gabarito Extraoficial PM AL - Soldado disponibilizado na corre\u00e7\u00e3o gratuita do Estrat\u00e9gia Concursos.","og_url":"https:\/\/www.estrategiaconcursos.com.br\/blog\/gabarito-extraoficial-pm-al-soldado\/","og_site_name":"Estrat\u00e9gia Concursos","article_author":"https:\/\/www.facebook.com\/EstrategiaConcursos","article_published_time":"2021-08-15T21:44:00+00:00","article_modified_time":"2023-03-13T13:57:02+00:00","og_image":[{"width":1280,"height":720,"url":"https:\/\/dhg1h5j42swfq.cloudfront.net\/2021\/08\/13171235\/1280-720-max-20.jpg","type":"image\/jpeg"}],"author":"Coordena\u00e7\u00e3o","twitter_card":"summary_large_image","twitter_creator":"@EstratConcursos","twitter_site":"@EstratConcursos","twitter_misc":{"Escrito por":"Coordena\u00e7\u00e3o","Est. tempo de leitura":"10 minutos"},"schema":{"@context":"https:\/\/schema.org","@graph":[{"@type":"NewsArticle","@id":"https:\/\/www.estrategiaconcursos.com.br\/blog\/gabarito-extraoficial-pm-al-soldado\/#article","isPartOf":{"@id":"https:\/\/www.estrategiaconcursos.com.br\/blog\/gabarito-extraoficial-pm-al-soldado\/"},"author":{"name":"Coordena\u00e7\u00e3o","@id":"https:\/\/www.estrategiaconcursos.com.br\/blog\/#\/schema\/person\/b4a388c97673c5f483d72185668afa1f"},"headline":"Gabarito Extraoficial PM AL &#8211; Soldado Combatente: 15\/08, \u00e0s 18h45!","datePublished":"2021-08-15T21:44:00+00:00","dateModified":"2023-03-13T13:57:02+00:00","mainEntityOfPage":{"@id":"https:\/\/www.estrategiaconcursos.com.br\/blog\/gabarito-extraoficial-pm-al-soldado\/"},"wordCount":2369,"commentCount":0,"publisher":{"@id":"https:\/\/www.estrategiaconcursos.com.br\/blog\/#organization"},"image":{"@id":"https:\/\/www.estrategiaconcursos.com.br\/blog\/gabarito-extraoficial-pm-al-soldado\/#primaryimage"},"thumbnailUrl":"https:\/\/dhg1h5j42swfq.cloudfront.net\/2021\/08\/13171235\/1280-720-max-20.jpg","articleSection":["Concursos P\u00fablicos","Policial (PM\/BM - Oficial)","Policial (PM\/BM - Pra\u00e7as)"],"inLanguage":"pt-BR","potentialAction":[{"@type":"CommentAction","name":"Comment","target":["https:\/\/www.estrategiaconcursos.com.br\/blog\/gabarito-extraoficial-pm-al-soldado\/#respond"]}],"copyrightYear":"2021","copyrightHolder":{"@id":"https:\/\/www.estrategiaconcursos.com.br\/blog\/#organization"}},{"@type":"WebPage","@id":"https:\/\/www.estrategiaconcursos.com.br\/blog\/gabarito-extraoficial-pm-al-soldado\/","url":"https:\/\/www.estrategiaconcursos.com.br\/blog\/gabarito-extraoficial-pm-al-soldado\/","name":"Gabarito Extraoficial PM AL - Soldado Combatente: 15\/08, \u00e0s 18h45!","isPartOf":{"@id":"https:\/\/www.estrategiaconcursos.com.br\/blog\/#website"},"primaryImageOfPage":{"@id":"https:\/\/www.estrategiaconcursos.com.br\/blog\/gabarito-extraoficial-pm-al-soldado\/#primaryimage"},"image":{"@id":"https:\/\/www.estrategiaconcursos.com.br\/blog\/gabarito-extraoficial-pm-al-soldado\/#primaryimage"},"thumbnailUrl":"https:\/\/dhg1h5j42swfq.cloudfront.net\/2021\/08\/13171235\/1280-720-max-20.jpg","datePublished":"2021-08-15T21:44:00+00:00","dateModified":"2023-03-13T13:57:02+00:00","description":"Confira ao vivo, \u00e0s 18h45 deste domingo o Gabarito Extraoficial PM AL - Soldado disponibilizado na corre\u00e7\u00e3o gratuita do Estrat\u00e9gia Concursos.","breadcrumb":{"@id":"https:\/\/www.estrategiaconcursos.com.br\/blog\/gabarito-extraoficial-pm-al-soldado\/#breadcrumb"},"inLanguage":"pt-BR","potentialAction":[{"@type":"ReadAction","target":["https:\/\/www.estrategiaconcursos.com.br\/blog\/gabarito-extraoficial-pm-al-soldado\/"]}]},{"@type":"ImageObject","inLanguage":"pt-BR","@id":"https:\/\/www.estrategiaconcursos.com.br\/blog\/gabarito-extraoficial-pm-al-soldado\/#primaryimage","url":"https:\/\/dhg1h5j42swfq.cloudfront.net\/2021\/08\/13171235\/1280-720-max-20.jpg","contentUrl":"https:\/\/dhg1h5j42swfq.cloudfront.net\/2021\/08\/13171235\/1280-720-max-20.jpg","width":1280,"height":720,"caption":"Gabarito Extraoficial PM AL"},{"@type":"BreadcrumbList","@id":"https:\/\/www.estrategiaconcursos.com.br\/blog\/gabarito-extraoficial-pm-al-soldado\/#breadcrumb","itemListElement":[{"@type":"ListItem","position":1,"name":"In\u00edcio","item":"https:\/\/www.estrategiaconcursos.com.br\/blog\/"},{"@type":"ListItem","position":2,"name":"Gabarito Extraoficial PM AL &#8211; Soldado Combatente: 15\/08, \u00e0s 18h45!"}]},{"@type":"WebSite","@id":"https:\/\/www.estrategiaconcursos.com.br\/blog\/#website","url":"https:\/\/www.estrategiaconcursos.com.br\/blog\/","name":"Estrat\u00e9gia Concursos","description":"O blog da Estrat\u00e9gia Concursos traz not\u00edcias sobre concursos e artigos de professores oferecendo cursos para concursos (pdf + videaulas) no site.","publisher":{"@id":"https:\/\/www.estrategiaconcursos.com.br\/blog\/#organization"},"potentialAction":[{"@type":"SearchAction","target":{"@type":"EntryPoint","urlTemplate":"https:\/\/www.estrategiaconcursos.com.br\/blog\/?s={search_term_string}"},"query-input":{"@type":"PropertyValueSpecification","valueRequired":true,"valueName":"search_term_string"}}],"inLanguage":"pt-BR"},{"@type":"Organization","@id":"https:\/\/www.estrategiaconcursos.com.br\/blog\/#organization","name":"Estrat\u00e9gia Concursos","url":"https:\/\/www.estrategiaconcursos.com.br\/blog\/","logo":{"@type":"ImageObject","inLanguage":"pt-BR","@id":"https:\/\/www.estrategiaconcursos.com.br\/blog\/#\/schema\/logo\/image\/","url":"https:\/\/dhg1h5j42swfq.cloudfront.net\/2025\/06\/03203428\/logo_concursos-1.jpg","contentUrl":"https:\/\/dhg1h5j42swfq.cloudfront.net\/2025\/06\/03203428\/logo_concursos-1.jpg","width":230,"height":60,"caption":"Estrat\u00e9gia Concursos"},"image":{"@id":"https:\/\/www.estrategiaconcursos.com.br\/blog\/#\/schema\/logo\/image\/"},"sameAs":["https:\/\/x.com\/EstratConcursos"]},{"@type":"Person","@id":"https:\/\/www.estrategiaconcursos.com.br\/blog\/#\/schema\/person\/b4a388c97673c5f483d72185668afa1f","name":"Coordena\u00e7\u00e3o","image":{"@type":"ImageObject","inLanguage":"pt-BR","@id":"https:\/\/secure.gravatar.com\/avatar\/b720319e4c9a967eb58678d110f4fe35452fc5d5f97b202bac7b8acceb18c6ad?s=96&d=mm&r=g","url":"https:\/\/secure.gravatar.com\/avatar\/b720319e4c9a967eb58678d110f4fe35452fc5d5f97b202bac7b8acceb18c6ad?s=96&d=mm&r=g","contentUrl":"https:\/\/secure.gravatar.com\/avatar\/b720319e4c9a967eb58678d110f4fe35452fc5d5f97b202bac7b8acceb18c6ad?s=96&d=mm&r=g","caption":"Coordena\u00e7\u00e3o"},"sameAs":["https:\/\/www.facebook.com\/EstrategiaConcursos","https:\/\/x.com\/EstratConcursos"],"url":"https:\/\/www.estrategiaconcursos.com.br\/blog\/author\/estrategia2013\/"}]}},"_links":{"self":[{"href":"https:\/\/www.estrategiaconcursos.com.br\/blog\/wp-json\/wp\/v2\/posts\/835855","targetHints":{"allow":["GET"]}}],"collection":[{"href":"https:\/\/www.estrategiaconcursos.com.br\/blog\/wp-json\/wp\/v2\/posts"}],"about":[{"href":"https:\/\/www.estrategiaconcursos.com.br\/blog\/wp-json\/wp\/v2\/types\/post"}],"author":[{"embeddable":true,"href":"https:\/\/www.estrategiaconcursos.com.br\/blog\/wp-json\/wp\/v2\/users\/1"}],"replies":[{"embeddable":true,"href":"https:\/\/www.estrategiaconcursos.com.br\/blog\/wp-json\/wp\/v2\/comments?post=835855"}],"version-history":[{"count":99,"href":"https:\/\/www.estrategiaconcursos.com.br\/blog\/wp-json\/wp\/v2\/posts\/835855\/revisions"}],"predecessor-version":[{"id":1185655,"href":"https:\/\/www.estrategiaconcursos.com.br\/blog\/wp-json\/wp\/v2\/posts\/835855\/revisions\/1185655"}],"wp:featuredmedia":[{"embeddable":true,"href":"https:\/\/www.estrategiaconcursos.com.br\/blog\/wp-json\/wp\/v2\/media\/835864"}],"wp:attachment":[{"href":"https:\/\/www.estrategiaconcursos.com.br\/blog\/wp-json\/wp\/v2\/media?parent=835855"}],"wp:term":[{"taxonomy":"category","embeddable":true,"href":"https:\/\/www.estrategiaconcursos.com.br\/blog\/wp-json\/wp\/v2\/categories?post=835855"},{"taxonomy":"post_tag","embeddable":true,"href":"https:\/\/www.estrategiaconcursos.com.br\/blog\/wp-json\/wp\/v2\/tags?post=835855"},{"taxonomy":"tax_estado","embeddable":true,"href":"https:\/\/www.estrategiaconcursos.com.br\/blog\/wp-json\/wp\/v2\/tax_estado?post=835855"}],"curies":[{"name":"wp","href":"https:\/\/api.w.org\/{rel}","templated":true}]}}