{"id":835223,"date":"2021-08-12T21:00:00","date_gmt":"2021-08-13T00:00:00","guid":{"rendered":"https:\/\/www.estrategiaconcursos.com.br\/blog\/?p=835223"},"modified":"2021-08-13T10:11:25","modified_gmt":"2021-08-13T13:11:25","slug":"concurso-prf-oficialmente-suspenso","status":"publish","type":"post","link":"https:\/\/www.estrategiaconcursos.com.br\/blog\/concurso-prf-oficialmente-suspenso\/","title":{"rendered":"Concurso PRF \u00e9 oficialmente SUSPENSO; Saiba mais!"},"content":{"rendered":"\n<p>O <strong>concurso p\u00fablico da Pol\u00edcia Rodovi\u00e1ria Federal (PRF) est\u00e1 oficialmente suspenso<\/strong>! Desta vez, a decis\u00e3o atende a uma determina\u00e7\u00e3o\u00a0da 3\u00aa Vara Federal de Sergipe, por meio do Minist\u00e9rio P\u00fablico Federal (MPF), a fim de regularizar a reserva de cotas no certame.<\/p>\n\n\n\n<p>Em comunicado divulgado em seu site, o <a href=\"https:\/\/www.cebraspe.org.br\/concursos\/PRF_21\" target=\"_blank\" rel=\"noreferrer noopener\">Cebraspe<\/a> se manifestou dizendo que o edital <em>&#8220;est\u00e1 suspenso por for\u00e7a de decis\u00e3o judicial proferida nos autos da A\u00e7\u00e3o Civil P\u00fablica (Processo n\u00ba 0803436-31.2021.4.05.8500).&#8221;<\/em><\/p>\n\n\n\n<h2 class=\"has-text-align-center has-cyan-bluish-gray-background-color has-background has-medium-font-size wp-block-heading\" id=\"h-comunicado-cebraspe-concurso-prf-suspenso\"><a href=\"https:\/\/dhg1h5j42swfq.cloudfront.net\/2021\/08\/13091307\/prf_comunicado_suspensao_links_parecer.pdf\" target=\"_blank\" rel=\"noreferrer noopener nofollow\">Comunicado Cebraspe &#8211; concurso PRF suspenso<\/a><\/h2>\n\n\n\n<div class=\"wp-block-image\"><figure class=\"aligncenter size-large\"><img loading=\"lazy\" decoding=\"async\" width=\"719\" height=\"531\" src=\"https:\/\/dhg1h5j42swfq.cloudfront.net\/2021\/08\/13100615\/prf.jpeg\" alt=\"\" class=\"wp-image-835249\" srcset=\"https:\/\/dhg1h5j42swfq.cloudfront.net\/2021\/08\/13100615\/prf.jpeg 719w, https:\/\/dhg1h5j42swfq.cloudfront.net\/2021\/08\/13100615\/prf-300x222.jpeg 300w, https:\/\/dhg1h5j42swfq.cloudfront.net\/2021\/08\/13100615\/prf-610x451.jpeg 610w\" sizes=\"auto, (max-width: 719px) 100vw, 719px\" \/><figcaption>Concurso PRF \u00e9 suspenso para regulariza\u00e7\u00e3o das cotas | Imagem: Governo Federal<\/figcaption><\/figure><\/div>\n\n\n\n<h2 class=\"wp-block-heading\" id=\"h-concurso-prf-suspenso-o-que-pede-o-mpf\">Concurso PRF suspenso. O que pede o MPF?<\/h2>\n\n\n\n<p>Em solicita\u00e7\u00e3o, o MPF requer da PRF, bem como da Uni\u00e3o e Cebraspe, que haja respeito em rela\u00e7\u00e3o \u00e0 reserva de vagas em todas as fases do concurso (e n\u00e3o somente na divulga\u00e7\u00e3o do resultado final). Dessa forma, as exig\u00eancias s\u00e3o:<\/p>\n\n\n\n<ul class=\"wp-block-list\"><li>que respeitem a reserva de vagas de negros em todas as fases do\u00a0concurso PRF, n\u00e3o somente na apura\u00e7\u00e3o do resultado final;<\/li><li>que retifiquem o edital explicando que os candidatos negros que obtiverem notas nas provas objetivas a ponto de terem as provas discursivas dentro da ampla concorr\u00eancia n\u00e3o mais ser\u00e3o contabilizados nas vagas reservas para negros na lista de corre\u00e7\u00e3o as discursivas dos cotistas;<\/li><li>que n\u00e3o considerem, no n\u00famero de corre\u00e7\u00f5es de provas discursivas para vagas reservadas para candidatos negros, aqueles candidatos negros que obtiveram nota suficiente para estarem no n\u00famero de corre\u00e7\u00f5es de provas discursivas para vagas de ampla concorr\u00eancia, na primeira etapa do concurso p\u00fablico em andamento, devendo realizar, ainda, a corre\u00e7\u00e3o das provas discursivas de candidatos autodeclarados negros aprovados e classificados dentro das vagas reservadas;<\/li><li>que, analisados os eventuais recursos, publiquem o resultado final da prova discursiva relativamente a esses candidatos e fa\u00e7am a convoca\u00e7\u00e3o para a prova de capacidade f\u00edsica dos que forem aprovados na prova discursiva;<\/li><li>a suspens\u00e3o do andamento do concurso p\u00fablico at\u00e9 que os candidatos que venham a ter suas provas discursivas corrigidas.<\/li><\/ul>\n\n\n\n<p>O juiz Edmilson da Silva Pimenta, respons\u00e1vel por expedir a\u00a0<a href=\"https:\/\/dhg1h5j42swfq.cloudfront.net\/2021\/08\/09162532\/documentosemloginhtml.pdf\" target=\"_blank\" rel=\"noreferrer noopener\"><strong>liminar<\/strong><\/a>,\u00a0concluiu, com base nos argumentos do Minist\u00e9rio P\u00fablico Federal, que:<\/p>\n\n\n\n<blockquote class=\"wp-block-quote is-layout-flow wp-block-quote-is-layout-flow\"><p><em>\u201cDesse modo, necess\u00e1ria a retifica\u00e7\u00e3o do edital de forma a prever que, em cada uma das etapas e fases do concurso, n\u00e3o sejam computados, para efeito de preenchimento do percentual de vagas reservadas a candidatos negros, os candidatos autodeclarados negros classificados ou aprovados dentro do n\u00famero de vagas oferecido para ampla concorr\u00eancia.<\/em><\/p><p><em>Al\u00e9m disso, devem esses candidatos constar tamb\u00e9m da lista dos aprovados para as vagas destinadas \u00e0 ampla concorr\u00eancia e da lista dos aprovados para as vagas reservadas a candidatos negros em todas as etapas do concurso.<\/em><\/p><p><em>Por fim, dever\u00e1 ser realizada a corre\u00e7\u00e3o das provas discursivas dos candidatos autodeclarados negros aprovados e classificados dentro das vagas reservadas, conforme o limite previsto no edital, no n\u00famero correspondente ao de candidatos autodeclarados negros classificados ou aprovados dentro do n\u00famero de vagas oferecidas para ampla concorr\u00eancia.\u201d<\/em><\/p><\/blockquote>\n\n\n\n<h2 class=\"has-text-align-center has-cyan-bluish-gray-background-color has-background has-medium-font-size wp-block-heading\" id=\"h-saiba-mais-concurso-prf\"><span class=\"has-inline-color has-black-color\">Saiba mais:<\/span> <a href=\"https:\/\/www.estrategiaconcursos.com.br\/blog\/concurso-prf-3\/\" target=\"_blank\" rel=\"noreferrer noopener\">Concurso PRF<\/a><\/h2>\n\n\n\n<hr class=\"wp-block-separator\"\/>\n\n\n\n<div class=\"container\" id=\"boxes\">\n  <div class=\"row\"> \n\n    <div class=\"col-sm\">\n      <div class=\"banner-policial\" id=\"box-assinatura\">\n        <h3 class=\"titulo-assinatura\">Concurso PRF<\/h3>\n        <p class=\"subtitulo-assinatura\">Conhe\u00e7a os cursos<\/p>\n        <div class=\"box-botao\">\n          <a class=\"btn-assinatura\" target=\"_blank\" href=\"https:\/\/www.estrategiaconcursos.com.br\/cursosPorConcurso\/prf-policial-rodoviario-federal\/\" role=\"button\" rel=\"noopener noreferrer\">Conhe\u00e7a mais<\/a>\n        <\/div>\n      <\/div>\n     \n\n  <\/div>\n<\/div><\/div>\n\n\n\n<div class=\"container\" id=\"boxes\">\n  <div class=\"row\">\n\n    <div class=\"col-sm\">\n      <div class=\"estrategia\" id=\"box-assinatura\">\n        <h3 class=\"titulo-assinatura\">Assinatura de Concursos<\/h3>\n        <p class=\"subtitulo-assinatura\">Assinatura de 1 ano ou 2 anos<\/p>\n        <div class=\"box-botao\">\n          <a class=\"btn-assinatura\" target=\"_blank\" href=\"https:\/\/www.estrategiaconcursos.com.br\/assinaturas\/\" role=\"button\" rel=\"noopener noreferrer\">ASSINE AGORA<\/a>\n        <\/div>\n      <\/div>\n     \n    <\/div><\/div><\/div>\n\n\n\n<div class=\"container\" id=\"boxes\">\n  <div class=\"row\">\n\n    <div class=\"col-sm\" id=\"boxes-concursos\">\n      <div style=\"background-color: #005DAD;\" class=\"conteudo-concursos\" id=\"box-concursos\">\n        <h3 class=\"titulo-assinatura\">Concursos Abertos<\/h3>\n        <p class=\"subtitulo-assinatura\">Os editais publicados<\/p>\n        <div class=\"box-botao\">\n          <a class=\"btn-assinatura\" target=\"_blank\" href=\"https:\/\/www.estrategiaconcursos.com.br\/blog\/concursos-abertos\/\" role=\"button\" rel=\"noopener noreferrer\">Conhe\u00e7a Agora<\/a>\n        <\/div>\n      <\/div>\n    <\/div>\n\n    <div class=\"col-sm\" id=\"boxes-concursos\">\n      <div style=\"background-color: #1A7ED5;\" class=\"conteudo-concursos\" id=\"box-concursos\">\n        <h3 class=\"titulo-assinatura\">Concursos 2021<\/h3>\n        <p class=\"subtitulo-assinatura\">As oportunidades previstas<\/p>\n        <div class=\"box-botao\">\n          <a class=\"btn-assinatura\" target=\"_blank\" href=\"https:\/\/www.estrategiaconcursos.com.br\/blog\/concursos-2021\/\" role=\"button\" rel=\"noopener noreferrer\">Conhe\u00e7a Agora<\/a>\n        <\/div>\n      <\/div>\n    <\/div>\n\n    <div class=\"col-sm\" id=\"boxes-concursos\">\n      <div style=\"background-color: #419FF0;\" class=\"conteudo-concursos\" id=\"box-concursos\">\n        <h3 class=\"titulo-assinatura\">Concursos 2022<\/h3>\n        <p class=\"subtitulo-assinatura\">Vagas para o pr\u00f3ximo ano<\/p>\n        <div class=\"box-botao\">\n          <a class=\"btn-assinatura\" target=\"_blank\" href=\"https:\/\/www.estrategiaconcursos.com.br\/blog\/concursos-2022\/\" role=\"button\" rel=\"noopener noreferrer\">Conhe\u00e7a Agora<\/a>\n        <\/div>\n      <\/div>\n    <\/div>\n\n  <\/div>\n<\/div>\n","protected":false},"excerpt":{"rendered":"<p>O concurso p\u00fablico da Pol\u00edcia Rodovi\u00e1ria Federal (PRF) est\u00e1 oficialmente suspenso! Desta vez, a decis\u00e3o atende a uma determina\u00e7\u00e3o\u00a0da 3\u00aa Vara Federal de Sergipe, por meio do Minist\u00e9rio P\u00fablico Federal (MPF), a fim de regularizar a reserva de cotas no certame. Em comunicado divulgado em seu site, o Cebraspe se manifestou dizendo que o edital [&hellip;]<\/p>\n","protected":false},"author":1206,"featured_media":720088,"comment_status":"open","ping_status":"closed","sticky":false,"template":"","format":"standard","meta":{"post_tipo":"news","footnotes":""},"categories":[1988],"tags":[],"tax_estado":[219963],"class_list":["post-835223","post","type-post","status-publish","format-standard","has-post-thumbnail","hentry","category-policia","tax_estado-concursos-federais"],"acf":[],"yoast_head":"<!-- This site is optimized with the Yoast SEO Premium plugin v27.2 (Yoast SEO v27.2) - https:\/\/yoast.com\/product\/yoast-seo-premium-wordpress\/ -->\n<title>Concurso PRF \u00e9 oficialmente SUSPENSO; Saiba mais!<\/title>\n<meta name=\"description\" content=\"Em comunicado, Cebraspe oficializa suspens\u00e3o do concurso PRF. Medida seguir\u00e1 vigente at\u00e9 regulariza\u00e7\u00e3o de cotas. Confira!\" \/>\n<meta name=\"robots\" content=\"index, follow, max-snippet:-1, max-image-preview:large, max-video-preview:-1\" \/>\n<link rel=\"canonical\" href=\"https:\/\/www.estrategiaconcursos.com.br\/blog\/concurso-prf-oficialmente-suspenso\/\" \/>\n<meta property=\"og:locale\" content=\"pt_BR\" \/>\n<meta property=\"og:type\" content=\"article\" \/>\n<meta property=\"og:title\" content=\"Concurso PRF \u00e9 oficialmente SUSPENSO; Saiba mais!\" \/>\n<meta property=\"og:description\" content=\"Em comunicado, Cebraspe oficializa suspens\u00e3o do concurso PRF. Medida seguir\u00e1 vigente at\u00e9 regulariza\u00e7\u00e3o de cotas. Confira!\" \/>\n<meta property=\"og:url\" content=\"https:\/\/www.estrategiaconcursos.com.br\/blog\/concurso-prf-oficialmente-suspenso\/\" \/>\n<meta property=\"og:site_name\" content=\"Estrat\u00e9gia Concursos\" \/>\n<meta property=\"article:published_time\" content=\"2021-08-13T00:00:00+00:00\" \/>\n<meta property=\"article:modified_time\" content=\"2021-08-13T13:11:25+00:00\" \/>\n<meta property=\"og:image\" content=\"https:\/\/dhg1h5j42swfq.cloudfront.net\/2021\/04\/20184744\/prf.jpg\" \/>\n\t<meta property=\"og:image:width\" content=\"1200\" \/>\n\t<meta property=\"og:image:height\" content=\"628\" \/>\n\t<meta property=\"og:image:type\" content=\"image\/jpeg\" \/>\n<meta name=\"author\" content=\"Bruna de Andrade Fran\u00e7a\" \/>\n<meta name=\"twitter:card\" content=\"summary_large_image\" \/>\n<meta name=\"twitter:creator\" content=\"@EstratConcursos\" \/>\n<meta name=\"twitter:site\" content=\"@EstratConcursos\" \/>\n<meta name=\"twitter:label1\" content=\"Escrito por\" \/>\n\t<meta name=\"twitter:data1\" content=\"Bruna de Andrade Fran\u00e7a\" \/>\n\t<meta name=\"twitter:label2\" content=\"Est. tempo de leitura\" \/>\n\t<meta name=\"twitter:data2\" content=\"3 minutos\" \/>\n<script type=\"application\/ld+json\" class=\"yoast-schema-graph\">{\"@context\":\"https:\/\/schema.org\",\"@graph\":[{\"@type\":\"NewsArticle\",\"@id\":\"https:\/\/www.estrategiaconcursos.com.br\/blog\/concurso-prf-oficialmente-suspenso\/#article\",\"isPartOf\":{\"@id\":\"https:\/\/www.estrategiaconcursos.com.br\/blog\/concurso-prf-oficialmente-suspenso\/\"},\"author\":{\"name\":\"Bruna de Andrade Fran\u00e7a\",\"@id\":\"https:\/\/www.estrategiaconcursos.com.br\/blog\/#\/schema\/person\/6630f91134abc08115cca62ce6372855\"},\"headline\":\"Concurso PRF \u00e9 oficialmente SUSPENSO; Saiba mais!\",\"datePublished\":\"2021-08-13T00:00:00+00:00\",\"dateModified\":\"2021-08-13T13:11:25+00:00\",\"mainEntityOfPage\":{\"@id\":\"https:\/\/www.estrategiaconcursos.com.br\/blog\/concurso-prf-oficialmente-suspenso\/\"},\"wordCount\":579,\"commentCount\":0,\"publisher\":{\"@id\":\"https:\/\/www.estrategiaconcursos.com.br\/blog\/#organization\"},\"image\":{\"@id\":\"https:\/\/www.estrategiaconcursos.com.br\/blog\/concurso-prf-oficialmente-suspenso\/#primaryimage\"},\"thumbnailUrl\":\"https:\/\/dhg1h5j42swfq.cloudfront.net\/2021\/04\/20184744\/prf.jpg\",\"articleSection\":[\"Policial (Agente, Escriv\u00e3o e Investigador)\"],\"inLanguage\":\"pt-BR\",\"potentialAction\":[{\"@type\":\"CommentAction\",\"name\":\"Comment\",\"target\":[\"https:\/\/www.estrategiaconcursos.com.br\/blog\/concurso-prf-oficialmente-suspenso\/#respond\"]}],\"copyrightYear\":\"2021\",\"copyrightHolder\":{\"@id\":\"https:\/\/www.estrategiaconcursos.com.br\/blog\/#organization\"}},{\"@type\":\"WebPage\",\"@id\":\"https:\/\/www.estrategiaconcursos.com.br\/blog\/concurso-prf-oficialmente-suspenso\/\",\"url\":\"https:\/\/www.estrategiaconcursos.com.br\/blog\/concurso-prf-oficialmente-suspenso\/\",\"name\":\"Concurso PRF \u00e9 oficialmente SUSPENSO; Saiba mais!\",\"isPartOf\":{\"@id\":\"https:\/\/www.estrategiaconcursos.com.br\/blog\/#website\"},\"primaryImageOfPage\":{\"@id\":\"https:\/\/www.estrategiaconcursos.com.br\/blog\/concurso-prf-oficialmente-suspenso\/#primaryimage\"},\"image\":{\"@id\":\"https:\/\/www.estrategiaconcursos.com.br\/blog\/concurso-prf-oficialmente-suspenso\/#primaryimage\"},\"thumbnailUrl\":\"https:\/\/dhg1h5j42swfq.cloudfront.net\/2021\/04\/20184744\/prf.jpg\",\"datePublished\":\"2021-08-13T00:00:00+00:00\",\"dateModified\":\"2021-08-13T13:11:25+00:00\",\"description\":\"Em comunicado, Cebraspe oficializa suspens\u00e3o do concurso PRF. Medida seguir\u00e1 vigente at\u00e9 regulariza\u00e7\u00e3o de cotas. Confira!\",\"breadcrumb\":{\"@id\":\"https:\/\/www.estrategiaconcursos.com.br\/blog\/concurso-prf-oficialmente-suspenso\/#breadcrumb\"},\"inLanguage\":\"pt-BR\",\"potentialAction\":[{\"@type\":\"ReadAction\",\"target\":[\"https:\/\/www.estrategiaconcursos.com.br\/blog\/concurso-prf-oficialmente-suspenso\/\"]}]},{\"@type\":\"ImageObject\",\"inLanguage\":\"pt-BR\",\"@id\":\"https:\/\/www.estrategiaconcursos.com.br\/blog\/concurso-prf-oficialmente-suspenso\/#primaryimage\",\"url\":\"https:\/\/dhg1h5j42swfq.cloudfront.net\/2021\/04\/20184744\/prf.jpg\",\"contentUrl\":\"https:\/\/dhg1h5j42swfq.cloudfront.net\/2021\/04\/20184744\/prf.jpg\",\"width\":1200,\"height\":628,\"caption\":\"prf\"},{\"@type\":\"BreadcrumbList\",\"@id\":\"https:\/\/www.estrategiaconcursos.com.br\/blog\/concurso-prf-oficialmente-suspenso\/#breadcrumb\",\"itemListElement\":[{\"@type\":\"ListItem\",\"position\":1,\"name\":\"In\u00edcio\",\"item\":\"https:\/\/www.estrategiaconcursos.com.br\/blog\/\"},{\"@type\":\"ListItem\",\"position\":2,\"name\":\"Concurso PRF \u00e9 oficialmente SUSPENSO; Saiba mais!\"}]},{\"@type\":\"WebSite\",\"@id\":\"https:\/\/www.estrategiaconcursos.com.br\/blog\/#website\",\"url\":\"https:\/\/www.estrategiaconcursos.com.br\/blog\/\",\"name\":\"Estrat\u00e9gia Concursos\",\"description\":\"O blog da Estrat\u00e9gia Concursos traz not\u00edcias sobre concursos e artigos de professores oferecendo cursos para concursos (pdf + videaulas) no site.\",\"publisher\":{\"@id\":\"https:\/\/www.estrategiaconcursos.com.br\/blog\/#organization\"},\"potentialAction\":[{\"@type\":\"SearchAction\",\"target\":{\"@type\":\"EntryPoint\",\"urlTemplate\":\"https:\/\/www.estrategiaconcursos.com.br\/blog\/?s={search_term_string}\"},\"query-input\":{\"@type\":\"PropertyValueSpecification\",\"valueRequired\":true,\"valueName\":\"search_term_string\"}}],\"inLanguage\":\"pt-BR\"},{\"@type\":\"Organization\",\"@id\":\"https:\/\/www.estrategiaconcursos.com.br\/blog\/#organization\",\"name\":\"Estrat\u00e9gia Concursos\",\"url\":\"https:\/\/www.estrategiaconcursos.com.br\/blog\/\",\"logo\":{\"@type\":\"ImageObject\",\"inLanguage\":\"pt-BR\",\"@id\":\"https:\/\/www.estrategiaconcursos.com.br\/blog\/#\/schema\/logo\/image\/\",\"url\":\"https:\/\/dhg1h5j42swfq.cloudfront.net\/2025\/06\/03203428\/logo_concursos-1.jpg\",\"contentUrl\":\"https:\/\/dhg1h5j42swfq.cloudfront.net\/2025\/06\/03203428\/logo_concursos-1.jpg\",\"width\":230,\"height\":60,\"caption\":\"Estrat\u00e9gia Concursos\"},\"image\":{\"@id\":\"https:\/\/www.estrategiaconcursos.com.br\/blog\/#\/schema\/logo\/image\/\"},\"sameAs\":[\"https:\/\/x.com\/EstratConcursos\"]},{\"@type\":\"Person\",\"@id\":\"https:\/\/www.estrategiaconcursos.com.br\/blog\/#\/schema\/person\/6630f91134abc08115cca62ce6372855\",\"name\":\"Bruna de Andrade Fran\u00e7a\",\"image\":{\"@type\":\"ImageObject\",\"inLanguage\":\"pt-BR\",\"@id\":\"https:\/\/secure.gravatar.com\/avatar\/d6316d36d50cea0fadae28ed3015b8870cc90a2d3d8a95c37b44006af36a00e3?s=96&d=mm&r=g\",\"url\":\"https:\/\/secure.gravatar.com\/avatar\/d6316d36d50cea0fadae28ed3015b8870cc90a2d3d8a95c37b44006af36a00e3?s=96&d=mm&r=g\",\"contentUrl\":\"https:\/\/secure.gravatar.com\/avatar\/d6316d36d50cea0fadae28ed3015b8870cc90a2d3d8a95c37b44006af36a00e3?s=96&d=mm&r=g\",\"caption\":\"Bruna de Andrade Fran\u00e7a\"},\"description\":\"Bruna de Andrade Fran\u00e7a \u00e9 publicit\u00e1ria com p\u00f3s-gradua\u00e7\u00e3o em Marketing &amp; Growth, atuando h\u00e1 mais de 6 anos no universo dos concursos p\u00fablicos. Desde 2021, lidera no Blog do Estrat\u00e9gia Concursos a cobertura editorial especializada em Concursos Policiais (PF, PRF, PM, PC, etc.), al\u00e9m das frentes de concursos banc\u00e1rios, de sa\u00fade e da \u00e1rea legislativa. Especialista em reda\u00e7\u00e3o, com pr\u00e1ticas de SEO e Copywriting, possui tamb\u00e9m atua\u00e7\u00e3o pr\u00e1tica de contato direto com \u00f3rg\u00e3os p\u00fablicos respons\u00e1veis por editais, permitindo acesso antecipado a informa\u00e7\u00f5es, desdobramentos importantes e atualiza\u00e7\u00e3o eficiente dos concursos p\u00fablicos.\",\"url\":\"https:\/\/www.estrategiaconcursos.com.br\/blog\/author\/bruna-andrade\/\"}]}<\/script>\n<!-- \/ Yoast SEO Premium plugin. -->","yoast_head_json":{"title":"Concurso PRF \u00e9 oficialmente SUSPENSO; Saiba mais!","description":"Em comunicado, Cebraspe oficializa suspens\u00e3o do concurso PRF. Medida seguir\u00e1 vigente at\u00e9 regulariza\u00e7\u00e3o de cotas. Confira!","robots":{"index":"index","follow":"follow","max-snippet":"max-snippet:-1","max-image-preview":"max-image-preview:large","max-video-preview":"max-video-preview:-1"},"canonical":"https:\/\/www.estrategiaconcursos.com.br\/blog\/concurso-prf-oficialmente-suspenso\/","og_locale":"pt_BR","og_type":"article","og_title":"Concurso PRF \u00e9 oficialmente SUSPENSO; Saiba mais!","og_description":"Em comunicado, Cebraspe oficializa suspens\u00e3o do concurso PRF. Medida seguir\u00e1 vigente at\u00e9 regulariza\u00e7\u00e3o de cotas. Confira!","og_url":"https:\/\/www.estrategiaconcursos.com.br\/blog\/concurso-prf-oficialmente-suspenso\/","og_site_name":"Estrat\u00e9gia Concursos","article_published_time":"2021-08-13T00:00:00+00:00","article_modified_time":"2021-08-13T13:11:25+00:00","og_image":[{"width":1200,"height":628,"url":"https:\/\/dhg1h5j42swfq.cloudfront.net\/2021\/04\/20184744\/prf.jpg","type":"image\/jpeg"}],"author":"Bruna de Andrade Fran\u00e7a","twitter_card":"summary_large_image","twitter_creator":"@EstratConcursos","twitter_site":"@EstratConcursos","twitter_misc":{"Escrito por":"Bruna de Andrade Fran\u00e7a","Est. tempo de leitura":"3 minutos"},"schema":{"@context":"https:\/\/schema.org","@graph":[{"@type":"NewsArticle","@id":"https:\/\/www.estrategiaconcursos.com.br\/blog\/concurso-prf-oficialmente-suspenso\/#article","isPartOf":{"@id":"https:\/\/www.estrategiaconcursos.com.br\/blog\/concurso-prf-oficialmente-suspenso\/"},"author":{"name":"Bruna de Andrade Fran\u00e7a","@id":"https:\/\/www.estrategiaconcursos.com.br\/blog\/#\/schema\/person\/6630f91134abc08115cca62ce6372855"},"headline":"Concurso PRF \u00e9 oficialmente SUSPENSO; Saiba mais!","datePublished":"2021-08-13T00:00:00+00:00","dateModified":"2021-08-13T13:11:25+00:00","mainEntityOfPage":{"@id":"https:\/\/www.estrategiaconcursos.com.br\/blog\/concurso-prf-oficialmente-suspenso\/"},"wordCount":579,"commentCount":0,"publisher":{"@id":"https:\/\/www.estrategiaconcursos.com.br\/blog\/#organization"},"image":{"@id":"https:\/\/www.estrategiaconcursos.com.br\/blog\/concurso-prf-oficialmente-suspenso\/#primaryimage"},"thumbnailUrl":"https:\/\/dhg1h5j42swfq.cloudfront.net\/2021\/04\/20184744\/prf.jpg","articleSection":["Policial (Agente, Escriv\u00e3o e Investigador)"],"inLanguage":"pt-BR","potentialAction":[{"@type":"CommentAction","name":"Comment","target":["https:\/\/www.estrategiaconcursos.com.br\/blog\/concurso-prf-oficialmente-suspenso\/#respond"]}],"copyrightYear":"2021","copyrightHolder":{"@id":"https:\/\/www.estrategiaconcursos.com.br\/blog\/#organization"}},{"@type":"WebPage","@id":"https:\/\/www.estrategiaconcursos.com.br\/blog\/concurso-prf-oficialmente-suspenso\/","url":"https:\/\/www.estrategiaconcursos.com.br\/blog\/concurso-prf-oficialmente-suspenso\/","name":"Concurso PRF \u00e9 oficialmente SUSPENSO; Saiba mais!","isPartOf":{"@id":"https:\/\/www.estrategiaconcursos.com.br\/blog\/#website"},"primaryImageOfPage":{"@id":"https:\/\/www.estrategiaconcursos.com.br\/blog\/concurso-prf-oficialmente-suspenso\/#primaryimage"},"image":{"@id":"https:\/\/www.estrategiaconcursos.com.br\/blog\/concurso-prf-oficialmente-suspenso\/#primaryimage"},"thumbnailUrl":"https:\/\/dhg1h5j42swfq.cloudfront.net\/2021\/04\/20184744\/prf.jpg","datePublished":"2021-08-13T00:00:00+00:00","dateModified":"2021-08-13T13:11:25+00:00","description":"Em comunicado, Cebraspe oficializa suspens\u00e3o do concurso PRF. Medida seguir\u00e1 vigente at\u00e9 regulariza\u00e7\u00e3o de cotas. Confira!","breadcrumb":{"@id":"https:\/\/www.estrategiaconcursos.com.br\/blog\/concurso-prf-oficialmente-suspenso\/#breadcrumb"},"inLanguage":"pt-BR","potentialAction":[{"@type":"ReadAction","target":["https:\/\/www.estrategiaconcursos.com.br\/blog\/concurso-prf-oficialmente-suspenso\/"]}]},{"@type":"ImageObject","inLanguage":"pt-BR","@id":"https:\/\/www.estrategiaconcursos.com.br\/blog\/concurso-prf-oficialmente-suspenso\/#primaryimage","url":"https:\/\/dhg1h5j42swfq.cloudfront.net\/2021\/04\/20184744\/prf.jpg","contentUrl":"https:\/\/dhg1h5j42swfq.cloudfront.net\/2021\/04\/20184744\/prf.jpg","width":1200,"height":628,"caption":"prf"},{"@type":"BreadcrumbList","@id":"https:\/\/www.estrategiaconcursos.com.br\/blog\/concurso-prf-oficialmente-suspenso\/#breadcrumb","itemListElement":[{"@type":"ListItem","position":1,"name":"In\u00edcio","item":"https:\/\/www.estrategiaconcursos.com.br\/blog\/"},{"@type":"ListItem","position":2,"name":"Concurso PRF \u00e9 oficialmente SUSPENSO; Saiba mais!"}]},{"@type":"WebSite","@id":"https:\/\/www.estrategiaconcursos.com.br\/blog\/#website","url":"https:\/\/www.estrategiaconcursos.com.br\/blog\/","name":"Estrat\u00e9gia Concursos","description":"O blog da Estrat\u00e9gia Concursos traz not\u00edcias sobre concursos e artigos de professores oferecendo cursos para concursos (pdf + videaulas) no site.","publisher":{"@id":"https:\/\/www.estrategiaconcursos.com.br\/blog\/#organization"},"potentialAction":[{"@type":"SearchAction","target":{"@type":"EntryPoint","urlTemplate":"https:\/\/www.estrategiaconcursos.com.br\/blog\/?s={search_term_string}"},"query-input":{"@type":"PropertyValueSpecification","valueRequired":true,"valueName":"search_term_string"}}],"inLanguage":"pt-BR"},{"@type":"Organization","@id":"https:\/\/www.estrategiaconcursos.com.br\/blog\/#organization","name":"Estrat\u00e9gia Concursos","url":"https:\/\/www.estrategiaconcursos.com.br\/blog\/","logo":{"@type":"ImageObject","inLanguage":"pt-BR","@id":"https:\/\/www.estrategiaconcursos.com.br\/blog\/#\/schema\/logo\/image\/","url":"https:\/\/dhg1h5j42swfq.cloudfront.net\/2025\/06\/03203428\/logo_concursos-1.jpg","contentUrl":"https:\/\/dhg1h5j42swfq.cloudfront.net\/2025\/06\/03203428\/logo_concursos-1.jpg","width":230,"height":60,"caption":"Estrat\u00e9gia Concursos"},"image":{"@id":"https:\/\/www.estrategiaconcursos.com.br\/blog\/#\/schema\/logo\/image\/"},"sameAs":["https:\/\/x.com\/EstratConcursos"]},{"@type":"Person","@id":"https:\/\/www.estrategiaconcursos.com.br\/blog\/#\/schema\/person\/6630f91134abc08115cca62ce6372855","name":"Bruna de Andrade Fran\u00e7a","image":{"@type":"ImageObject","inLanguage":"pt-BR","@id":"https:\/\/secure.gravatar.com\/avatar\/d6316d36d50cea0fadae28ed3015b8870cc90a2d3d8a95c37b44006af36a00e3?s=96&d=mm&r=g","url":"https:\/\/secure.gravatar.com\/avatar\/d6316d36d50cea0fadae28ed3015b8870cc90a2d3d8a95c37b44006af36a00e3?s=96&d=mm&r=g","contentUrl":"https:\/\/secure.gravatar.com\/avatar\/d6316d36d50cea0fadae28ed3015b8870cc90a2d3d8a95c37b44006af36a00e3?s=96&d=mm&r=g","caption":"Bruna de Andrade Fran\u00e7a"},"description":"Bruna de Andrade Fran\u00e7a \u00e9 publicit\u00e1ria com p\u00f3s-gradua\u00e7\u00e3o em Marketing &amp; Growth, atuando h\u00e1 mais de 6 anos no universo dos concursos p\u00fablicos. Desde 2021, lidera no Blog do Estrat\u00e9gia Concursos a cobertura editorial especializada em Concursos Policiais (PF, PRF, PM, PC, etc.), al\u00e9m das frentes de concursos banc\u00e1rios, de sa\u00fade e da \u00e1rea legislativa. Especialista em reda\u00e7\u00e3o, com pr\u00e1ticas de SEO e Copywriting, possui tamb\u00e9m atua\u00e7\u00e3o pr\u00e1tica de contato direto com \u00f3rg\u00e3os p\u00fablicos respons\u00e1veis por editais, permitindo acesso antecipado a informa\u00e7\u00f5es, desdobramentos importantes e atualiza\u00e7\u00e3o eficiente dos concursos p\u00fablicos.","url":"https:\/\/www.estrategiaconcursos.com.br\/blog\/author\/bruna-andrade\/"}]}},"_links":{"self":[{"href":"https:\/\/www.estrategiaconcursos.com.br\/blog\/wp-json\/wp\/v2\/posts\/835223","targetHints":{"allow":["GET"]}}],"collection":[{"href":"https:\/\/www.estrategiaconcursos.com.br\/blog\/wp-json\/wp\/v2\/posts"}],"about":[{"href":"https:\/\/www.estrategiaconcursos.com.br\/blog\/wp-json\/wp\/v2\/types\/post"}],"author":[{"embeddable":true,"href":"https:\/\/www.estrategiaconcursos.com.br\/blog\/wp-json\/wp\/v2\/users\/1206"}],"replies":[{"embeddable":true,"href":"https:\/\/www.estrategiaconcursos.com.br\/blog\/wp-json\/wp\/v2\/comments?post=835223"}],"version-history":[{"count":6,"href":"https:\/\/www.estrategiaconcursos.com.br\/blog\/wp-json\/wp\/v2\/posts\/835223\/revisions"}],"predecessor-version":[{"id":835259,"href":"https:\/\/www.estrategiaconcursos.com.br\/blog\/wp-json\/wp\/v2\/posts\/835223\/revisions\/835259"}],"wp:featuredmedia":[{"embeddable":true,"href":"https:\/\/www.estrategiaconcursos.com.br\/blog\/wp-json\/wp\/v2\/media\/720088"}],"wp:attachment":[{"href":"https:\/\/www.estrategiaconcursos.com.br\/blog\/wp-json\/wp\/v2\/media?parent=835223"}],"wp:term":[{"taxonomy":"category","embeddable":true,"href":"https:\/\/www.estrategiaconcursos.com.br\/blog\/wp-json\/wp\/v2\/categories?post=835223"},{"taxonomy":"post_tag","embeddable":true,"href":"https:\/\/www.estrategiaconcursos.com.br\/blog\/wp-json\/wp\/v2\/tags?post=835223"},{"taxonomy":"tax_estado","embeddable":true,"href":"https:\/\/www.estrategiaconcursos.com.br\/blog\/wp-json\/wp\/v2\/tax_estado?post=835223"}],"curies":[{"name":"wp","href":"https:\/\/api.w.org\/{rel}","templated":true}]}}