{"id":834853,"date":"2021-08-12T19:00:00","date_gmt":"2021-08-12T22:00:00","guid":{"rendered":"https:\/\/www.estrategiaconcursos.com.br\/blog\/?p=834853"},"modified":"2023-01-06T17:45:42","modified_gmt":"2023-01-06T20:45:42","slug":"prefeitura-cubatao-edital-publicado-67-vagas-para-a-educacao","status":"publish","type":"post","link":"https:\/\/www.estrategiaconcursos.com.br\/blog\/prefeitura-cubatao-edital-publicado-67-vagas-para-a-educacao\/","title":{"rendered":"Prefeitura Cubat\u00e3o: Edital publicado [67 vagas] para a Educa\u00e7\u00e3o"},"content":{"rendered":"\n<p>Aten\u00e7\u00e3o, Coruja da \u00e1rea da educa\u00e7\u00e3o! Que tal fazer jus a esse nome e aproveitar a noite para estudar? Temos mais um evento GRATUITO para voc\u00ea.<\/p>\n\n\n\n<p>Como a equipe de jornalismo do Estrat\u00e9gia Concursos j\u00e1 o informou, com inscri\u00e7\u00f5es encerradas, est\u00e1 em pra\u00e7a um concurso para cargos diversos promovido pela prefeitura de Cubat\u00e3o, do estado de S\u00e3o Paulo.<\/p>\n\n\n\n<p>No entanto, <strong><em>esse \u00e9 o momento para se animar,<\/em><\/strong> pois, se voc\u00ea perdeu tal oportunidade, poder\u00e1 ter acesso tamb\u00e9m a uma das <strong>67 vagas ofertadas em novo edital<\/strong>, dessa vez com especificidades para a educa\u00e7\u00e3o.<\/p>\n\n\n\n<p>Assim sendo, preparei uma <strong>aula especial apenas para analisar o in\u00e9dito edital de abertura<\/strong> e seus importantes pormenores. <strong>A transmiss\u00e3o s\u00edncrona via YouTube ficar\u00e1 dispon\u00edvel a partir das 20h.<\/strong><\/p>\n\n\n\n<p><em>Para o evento, voc\u00ea s\u00f3 precisar\u00e1 de um caderno, uma caneta e muita for\u00e7a de vontade para aprender para ensinar<\/em>. N\u00e3o deixe de anotar os principais pontos explanados e de seguir os aconselhamentos dados.<\/p>\n\n\n\n<p>Temos convic\u00e7\u00e3o de que alcan\u00e7ar\u00e1 os melhores resultados. At\u00e9 daqui a pouco!<\/p>\n\n\n\n<p class=\"has-text-align-center\"><em>Para ficar por dentro de todos os detalhes acerca do certame Prefeitura de Cubat\u00e3o (edital, datas e atualiza\u00e7\u00f5es fresquinhas), confira um artigo completo, de f\u00e1cil compreens\u00e3o, que elaboramos EXCLUSIVAMENTE para voc\u00ea!<\/em><\/p>\n\n\n\n<p class=\"has-text-align-center has-background\" id=\"h-mais-informa-es-concurso-prefeitura-de-cubat-o\" style=\"background-color:#e6d6f9;font-size:clamp(14.642px, 0.915rem + ((1vw - 3.2px) * 0.721), 22px);px\"><strong>Mais informa\u00e7\u00f5es: <a href=\"https:\/\/www.estrategiaconcursos.com.br\/blog\/concurso-prefeitura-de-cubatao\/\" target=\"_blank\" rel=\"noreferrer noopener\">Concurso Prefeitura de Cubat\u00e3o<\/a><\/strong><\/p>\n\n\n\n<p>Dica do dia: <em>Fique esperto com as apostilas de portugu\u00eas. Voc\u00ea poder\u00e1 se dar mal se usar uma apostila emprestada de amigos ou biblioteca p\u00fablica. Ela pode n\u00e3o estar atualizada com as novas regras da L\u00edngua Portuguesa.&nbsp;<\/em><\/p>\n\n\n\n<hr class=\"wp-block-separator has-css-opacity\"\/>\n\n\n\n<figure class=\"wp-block-image aligncenter size-large is-resized\"><img loading=\"lazy\" decoding=\"async\" src=\"https:\/\/dhg1h5j42swfq.cloudfront.net\/2020\/12\/11172928\/logo_estrategia_concursos.png\" alt=\"\" class=\"wp-image-629128\" width=\"50\" height=\"99\" srcset=\"https:\/\/dhg1h5j42swfq.cloudfront.net\/2020\/12\/11172928\/logo_estrategia_concursos.png 200w, https:\/\/dhg1h5j42swfq.cloudfront.net\/2020\/12\/11172928\/logo_estrategia_concursos-151x300.png 151w\" sizes=\"auto, (max-width: 50px) 100vw, 50px\" \/><\/figure>\n\n\n\n<h2 class=\"has-text-align-center wp-block-heading\" id=\"h-deseja-estudar-para-o-pss-da-prefeitura-de-cubatao-conheca-ja-os-melhores-cursos-e-assinaturas\">Deseja estudar para o pss da Prefeitura de Cubat\u00e3o? <em>Conhe\u00e7a j\u00e1 os melhores cursos e assinaturas!<\/em><\/h2>\n\n\n\n<div class=\"container\" id=\"boxes\">\n  <div class=\"row\">\n\n    <div class=\"col-sm\">\n      <div class=\"banner-estrategia\" id=\"box-assinatura\">\n        <h3 class=\"titulo-assinatura\">Cursos para concursos<\/h3>\n        <p class=\"subtitulo-assinatura\">Estude conosco<\/p>\n        <div class=\"box-botao\">\n          <a class=\"btn-assinatura\" target=\"_blank\" href=\"https:\/\/www.estrategiaconcursos.com.br\/cursos\/\" role=\"button\" rel=\"noopener noreferrer\">Conhe\u00e7a os cursos<\/a>\n        <\/div>\n      <\/div>\n     \n    <\/div>\n\n  <\/div>\n<\/div>\n\n\n\n<div class=\"container\" id=\"boxes\">\n  <div class=\"row\">\n\n    <div class=\"col-sm\">\n      <div class=\"estrategia\" id=\"box-assinatura\">\n        <h3 class=\"titulo-assinatura\">Assinatura Concursos<\/h3>\n        <p class=\"subtitulo-assinatura\">Assinatura de 1 ano ou 2 anos<\/p>\n        <div class=\"box-botao\">\n          <a class=\"btn-assinatura\" target=\"_blank\" href=\"https:\/\/www.estrategiaconcursos.com.br\/assinaturas\/\" role=\"button\" rel=\"noopener noreferrer\">ASSINE AGORA<\/a>\n        <\/div>\n      <\/div><\/div><\/div><\/div>\n\n\n\n<div class=\"container\" id=\"boxes\">\n  <div class=\"row\">\n\n    <div class=\"col-sm\" id=\"boxes-concursos\">\n      <div style=\"background-color: #005DAD;\" class=\"conteudo-concursos\" id=\"box-concursos\">\n        <h3 class=\"titulo-assinatura\">Concursos Abertos<\/h3>\n        <p class=\"subtitulo-assinatura\">Confira os editais publicados<\/p>\n        <div class=\"box-botao\">\n          <a class=\"btn-assinatura\" target=\"_blank\" href=\"https:\/\/www.estrategiaconcursos.com.br\/blog\/concursos-abertos\/\" role=\"button\" rel=\"noopener noreferrer\">Conhe\u00e7a Agora<\/a>\n        <\/div>\n      <\/div>\n    <\/div>\n\n    <div class=\"col-sm\" id=\"boxes-concursos\">\n      <div style=\"background-color: #1A7ED5;\" class=\"conteudo-concursos\" id=\"box-concursos\">\n        <h3 class=\"titulo-assinatura\">Concursos 2021<\/h3>\n        <p class=\"subtitulo-assinatura\">As oportunidades previstas<\/p>\n        <div class=\"box-botao\">\n          <a class=\"btn-assinatura\" target=\"_blank\" href=\"https:\/\/www.estrategiaconcursos.com.br\/blog\/concursos-2021\/\" role=\"button\" rel=\"noopener noreferrer\">Conhe\u00e7a Agora<\/a>\n        <\/div>\n      <\/div>\n    <\/div>\n\n    <div class=\"col-sm\" id=\"boxes-concursos\">\n      <div style=\"background-color: #419FF0;\" class=\"conteudo-concursos\" id=\"box-concursos\">\n        <h3 class=\"titulo-assinatura\">Concursos 2022<\/h3>\n        <p class=\"subtitulo-assinatura\">Vagas para o pr\u00f3ximo ano<\/p>\n        <div class=\"box-botao\">\n          <a class=\"btn-assinatura\" target=\"_blank\" href=\"https:\/\/www.estrategiaconcursos.com.br\/blog\/concursos-2022\/\" role=\"button\" rel=\"noopener noreferrer\">Conhe\u00e7a Agora<\/a>\n        <\/div>\n      <\/div>\n    <\/div>\n\n  <\/div>\n<\/div>\n","protected":false},"excerpt":{"rendered":"<p>Aten\u00e7\u00e3o, Coruja da \u00e1rea da educa\u00e7\u00e3o! Que tal fazer jus a esse nome e aproveitar a noite para estudar? Temos mais um evento GRATUITO para voc\u00ea. Como a equipe de jornalismo do Estrat\u00e9gia Concursos j\u00e1 o informou, com inscri\u00e7\u00f5es encerradas, est\u00e1 em pra\u00e7a um concurso para cargos diversos promovido pela prefeitura de Cubat\u00e3o, do estado [&hellip;]<\/p>\n","protected":false},"author":1428,"featured_media":834860,"comment_status":"open","ping_status":"closed","sticky":false,"template":"","format":"standard","meta":{"post_tipo":"news","footnotes":""},"categories":[3766,220219],"tags":[],"tax_estado":[219989],"class_list":["post-834853","post","type-post","status-publish","format-standard","has-post-thumbnail","hentry","category-educacional","category-noticias","tax_estado-sp"],"acf":[],"yoast_head":"<!-- This site is optimized with the Yoast SEO Premium plugin v27.2 (Yoast SEO v27.2) - https:\/\/yoast.com\/product\/yoast-seo-premium-wordpress\/ -->\n<title>Prefeitura Cubat\u00e3o: Edital publicado [67 vagas] para a Educa\u00e7\u00e3o<\/title>\n<meta name=\"description\" content=\"Novo edital promovido pela Prefeitura de Cubat\u00e3o contempla 67 vagas para as especificidades da educa\u00e7\u00e3o. Entenda mais em aula AO VIVO!\" \/>\n<meta name=\"robots\" content=\"index, follow, max-snippet:-1, max-image-preview:large, max-video-preview:-1\" \/>\n<link rel=\"canonical\" href=\"https:\/\/www.estrategiaconcursos.com.br\/blog\/prefeitura-cubatao-edital-publicado-67-vagas-para-a-educacao\/\" \/>\n<meta property=\"og:locale\" content=\"pt_BR\" \/>\n<meta property=\"og:type\" content=\"article\" \/>\n<meta property=\"og:title\" content=\"Prefeitura Cubat\u00e3o: Edital publicado [67 vagas] para a Educa\u00e7\u00e3o\" \/>\n<meta property=\"og:description\" content=\"Novo edital promovido pela Prefeitura de Cubat\u00e3o contempla 67 vagas para as especificidades da educa\u00e7\u00e3o. Entenda mais em aula AO VIVO!\" \/>\n<meta property=\"og:url\" content=\"https:\/\/www.estrategiaconcursos.com.br\/blog\/prefeitura-cubatao-edital-publicado-67-vagas-para-a-educacao\/\" \/>\n<meta property=\"og:site_name\" content=\"Estrat\u00e9gia Concursos\" \/>\n<meta property=\"article:published_time\" content=\"2021-08-12T22:00:00+00:00\" \/>\n<meta property=\"article:modified_time\" content=\"2023-01-06T20:45:42+00:00\" \/>\n<meta property=\"og:image\" content=\"https:\/\/dhg1h5j42swfq.cloudfront.net\/2021\/08\/12181428\/cubatao.png\" \/>\n\t<meta property=\"og:image:width\" content=\"645\" \/>\n\t<meta property=\"og:image:height\" content=\"541\" \/>\n\t<meta property=\"og:image:type\" content=\"image\/png\" \/>\n<meta name=\"author\" content=\"Jonathan Ariel Roitman\" \/>\n<meta name=\"twitter:card\" content=\"summary_large_image\" \/>\n<meta name=\"twitter:creator\" content=\"@EstratConcursos\" \/>\n<meta name=\"twitter:site\" content=\"@EstratConcursos\" \/>\n<meta name=\"twitter:label1\" content=\"Escrito por\" \/>\n\t<meta name=\"twitter:data1\" content=\"Jonathan Ariel Roitman\" \/>\n\t<meta name=\"twitter:label2\" content=\"Est. tempo de leitura\" \/>\n\t<meta name=\"twitter:data2\" content=\"2 minutos\" \/>\n<script type=\"application\/ld+json\" class=\"yoast-schema-graph\">{\"@context\":\"https:\/\/schema.org\",\"@graph\":[{\"@type\":\"NewsArticle\",\"@id\":\"https:\/\/www.estrategiaconcursos.com.br\/blog\/prefeitura-cubatao-edital-publicado-67-vagas-para-a-educacao\/#article\",\"isPartOf\":{\"@id\":\"https:\/\/www.estrategiaconcursos.com.br\/blog\/prefeitura-cubatao-edital-publicado-67-vagas-para-a-educacao\/\"},\"author\":{\"name\":\"Jonathan Ariel Roitman\",\"@id\":\"https:\/\/www.estrategiaconcursos.com.br\/blog\/#\/schema\/person\/9eaac2623f66472bb1b6522a50ab4cd1\"},\"headline\":\"Prefeitura Cubat\u00e3o: Edital publicado [67 vagas] para a Educa\u00e7\u00e3o\",\"datePublished\":\"2021-08-12T22:00:00+00:00\",\"dateModified\":\"2023-01-06T20:45:42+00:00\",\"mainEntityOfPage\":{\"@id\":\"https:\/\/www.estrategiaconcursos.com.br\/blog\/prefeitura-cubatao-edital-publicado-67-vagas-para-a-educacao\/\"},\"wordCount\":340,\"commentCount\":0,\"publisher\":{\"@id\":\"https:\/\/www.estrategiaconcursos.com.br\/blog\/#organization\"},\"image\":{\"@id\":\"https:\/\/www.estrategiaconcursos.com.br\/blog\/prefeitura-cubatao-edital-publicado-67-vagas-para-a-educacao\/#primaryimage\"},\"thumbnailUrl\":\"https:\/\/dhg1h5j42swfq.cloudfront.net\/2021\/08\/12181428\/cubatao.png\",\"articleSection\":[\"Educa\u00e7\u00e3o\",\"\u00daltimas not\u00edcias\"],\"inLanguage\":\"pt-BR\",\"potentialAction\":[{\"@type\":\"CommentAction\",\"name\":\"Comment\",\"target\":[\"https:\/\/www.estrategiaconcursos.com.br\/blog\/prefeitura-cubatao-edital-publicado-67-vagas-para-a-educacao\/#respond\"]}],\"copyrightYear\":\"2021\",\"copyrightHolder\":{\"@id\":\"https:\/\/www.estrategiaconcursos.com.br\/blog\/#organization\"}},{\"@type\":\"WebPage\",\"@id\":\"https:\/\/www.estrategiaconcursos.com.br\/blog\/prefeitura-cubatao-edital-publicado-67-vagas-para-a-educacao\/\",\"url\":\"https:\/\/www.estrategiaconcursos.com.br\/blog\/prefeitura-cubatao-edital-publicado-67-vagas-para-a-educacao\/\",\"name\":\"Prefeitura Cubat\u00e3o: Edital publicado [67 vagas] para a Educa\u00e7\u00e3o\",\"isPartOf\":{\"@id\":\"https:\/\/www.estrategiaconcursos.com.br\/blog\/#website\"},\"primaryImageOfPage\":{\"@id\":\"https:\/\/www.estrategiaconcursos.com.br\/blog\/prefeitura-cubatao-edital-publicado-67-vagas-para-a-educacao\/#primaryimage\"},\"image\":{\"@id\":\"https:\/\/www.estrategiaconcursos.com.br\/blog\/prefeitura-cubatao-edital-publicado-67-vagas-para-a-educacao\/#primaryimage\"},\"thumbnailUrl\":\"https:\/\/dhg1h5j42swfq.cloudfront.net\/2021\/08\/12181428\/cubatao.png\",\"datePublished\":\"2021-08-12T22:00:00+00:00\",\"dateModified\":\"2023-01-06T20:45:42+00:00\",\"description\":\"Novo edital promovido pela Prefeitura de Cubat\u00e3o contempla 67 vagas para as especificidades da educa\u00e7\u00e3o. Entenda mais em aula AO VIVO!\",\"breadcrumb\":{\"@id\":\"https:\/\/www.estrategiaconcursos.com.br\/blog\/prefeitura-cubatao-edital-publicado-67-vagas-para-a-educacao\/#breadcrumb\"},\"inLanguage\":\"pt-BR\",\"potentialAction\":[{\"@type\":\"ReadAction\",\"target\":[\"https:\/\/www.estrategiaconcursos.com.br\/blog\/prefeitura-cubatao-edital-publicado-67-vagas-para-a-educacao\/\"]}]},{\"@type\":\"ImageObject\",\"inLanguage\":\"pt-BR\",\"@id\":\"https:\/\/www.estrategiaconcursos.com.br\/blog\/prefeitura-cubatao-edital-publicado-67-vagas-para-a-educacao\/#primaryimage\",\"url\":\"https:\/\/dhg1h5j42swfq.cloudfront.net\/2021\/08\/12181428\/cubatao.png\",\"contentUrl\":\"https:\/\/dhg1h5j42swfq.cloudfront.net\/2021\/08\/12181428\/cubatao.png\",\"width\":645,\"height\":541},{\"@type\":\"BreadcrumbList\",\"@id\":\"https:\/\/www.estrategiaconcursos.com.br\/blog\/prefeitura-cubatao-edital-publicado-67-vagas-para-a-educacao\/#breadcrumb\",\"itemListElement\":[{\"@type\":\"ListItem\",\"position\":1,\"name\":\"In\u00edcio\",\"item\":\"https:\/\/www.estrategiaconcursos.com.br\/blog\/\"},{\"@type\":\"ListItem\",\"position\":2,\"name\":\"Prefeitura Cubat\u00e3o: Edital publicado [67 vagas] para a Educa\u00e7\u00e3o\"}]},{\"@type\":\"WebSite\",\"@id\":\"https:\/\/www.estrategiaconcursos.com.br\/blog\/#website\",\"url\":\"https:\/\/www.estrategiaconcursos.com.br\/blog\/\",\"name\":\"Estrat\u00e9gia Concursos\",\"description\":\"O blog da Estrat\u00e9gia Concursos traz not\u00edcias sobre concursos e artigos de professores oferecendo cursos para concursos (pdf + videaulas) no site.\",\"publisher\":{\"@id\":\"https:\/\/www.estrategiaconcursos.com.br\/blog\/#organization\"},\"potentialAction\":[{\"@type\":\"SearchAction\",\"target\":{\"@type\":\"EntryPoint\",\"urlTemplate\":\"https:\/\/www.estrategiaconcursos.com.br\/blog\/?s={search_term_string}\"},\"query-input\":{\"@type\":\"PropertyValueSpecification\",\"valueRequired\":true,\"valueName\":\"search_term_string\"}}],\"inLanguage\":\"pt-BR\"},{\"@type\":\"Organization\",\"@id\":\"https:\/\/www.estrategiaconcursos.com.br\/blog\/#organization\",\"name\":\"Estrat\u00e9gia Concursos\",\"url\":\"https:\/\/www.estrategiaconcursos.com.br\/blog\/\",\"logo\":{\"@type\":\"ImageObject\",\"inLanguage\":\"pt-BR\",\"@id\":\"https:\/\/www.estrategiaconcursos.com.br\/blog\/#\/schema\/logo\/image\/\",\"url\":\"https:\/\/dhg1h5j42swfq.cloudfront.net\/2025\/06\/03203428\/logo_concursos-1.jpg\",\"contentUrl\":\"https:\/\/dhg1h5j42swfq.cloudfront.net\/2025\/06\/03203428\/logo_concursos-1.jpg\",\"width\":230,\"height\":60,\"caption\":\"Estrat\u00e9gia Concursos\"},\"image\":{\"@id\":\"https:\/\/www.estrategiaconcursos.com.br\/blog\/#\/schema\/logo\/image\/\"},\"sameAs\":[\"https:\/\/x.com\/EstratConcursos\"]},{\"@type\":\"Person\",\"@id\":\"https:\/\/www.estrategiaconcursos.com.br\/blog\/#\/schema\/person\/9eaac2623f66472bb1b6522a50ab4cd1\",\"name\":\"Jonathan Ariel Roitman\",\"image\":{\"@type\":\"ImageObject\",\"inLanguage\":\"pt-BR\",\"@id\":\"https:\/\/secure.gravatar.com\/avatar\/84ec58ee57ca7d3ae78dea786786bfa38b8c07f9eac234b97cf39a887f0e98f7?s=96&d=mm&r=g\",\"url\":\"https:\/\/secure.gravatar.com\/avatar\/84ec58ee57ca7d3ae78dea786786bfa38b8c07f9eac234b97cf39a887f0e98f7?s=96&d=mm&r=g\",\"contentUrl\":\"https:\/\/secure.gravatar.com\/avatar\/84ec58ee57ca7d3ae78dea786786bfa38b8c07f9eac234b97cf39a887f0e98f7?s=96&d=mm&r=g\",\"caption\":\"Jonathan Ariel Roitman\"},\"url\":\"https:\/\/www.estrategiaconcursos.com.br\/blog\/author\/jonyufrjyahoo-com-br\/\"}]}<\/script>\n<!-- \/ Yoast SEO Premium plugin. -->","yoast_head_json":{"title":"Prefeitura Cubat\u00e3o: Edital publicado [67 vagas] para a Educa\u00e7\u00e3o","description":"Novo edital promovido pela Prefeitura de Cubat\u00e3o contempla 67 vagas para as especificidades da educa\u00e7\u00e3o. Entenda mais em aula AO VIVO!","robots":{"index":"index","follow":"follow","max-snippet":"max-snippet:-1","max-image-preview":"max-image-preview:large","max-video-preview":"max-video-preview:-1"},"canonical":"https:\/\/www.estrategiaconcursos.com.br\/blog\/prefeitura-cubatao-edital-publicado-67-vagas-para-a-educacao\/","og_locale":"pt_BR","og_type":"article","og_title":"Prefeitura Cubat\u00e3o: Edital publicado [67 vagas] para a Educa\u00e7\u00e3o","og_description":"Novo edital promovido pela Prefeitura de Cubat\u00e3o contempla 67 vagas para as especificidades da educa\u00e7\u00e3o. Entenda mais em aula AO VIVO!","og_url":"https:\/\/www.estrategiaconcursos.com.br\/blog\/prefeitura-cubatao-edital-publicado-67-vagas-para-a-educacao\/","og_site_name":"Estrat\u00e9gia Concursos","article_published_time":"2021-08-12T22:00:00+00:00","article_modified_time":"2023-01-06T20:45:42+00:00","og_image":[{"width":645,"height":541,"url":"https:\/\/dhg1h5j42swfq.cloudfront.net\/2021\/08\/12181428\/cubatao.png","type":"image\/png"}],"author":"Jonathan Ariel Roitman","twitter_card":"summary_large_image","twitter_creator":"@EstratConcursos","twitter_site":"@EstratConcursos","twitter_misc":{"Escrito por":"Jonathan Ariel Roitman","Est. tempo de leitura":"2 minutos"},"schema":{"@context":"https:\/\/schema.org","@graph":[{"@type":"NewsArticle","@id":"https:\/\/www.estrategiaconcursos.com.br\/blog\/prefeitura-cubatao-edital-publicado-67-vagas-para-a-educacao\/#article","isPartOf":{"@id":"https:\/\/www.estrategiaconcursos.com.br\/blog\/prefeitura-cubatao-edital-publicado-67-vagas-para-a-educacao\/"},"author":{"name":"Jonathan Ariel Roitman","@id":"https:\/\/www.estrategiaconcursos.com.br\/blog\/#\/schema\/person\/9eaac2623f66472bb1b6522a50ab4cd1"},"headline":"Prefeitura Cubat\u00e3o: Edital publicado [67 vagas] para a Educa\u00e7\u00e3o","datePublished":"2021-08-12T22:00:00+00:00","dateModified":"2023-01-06T20:45:42+00:00","mainEntityOfPage":{"@id":"https:\/\/www.estrategiaconcursos.com.br\/blog\/prefeitura-cubatao-edital-publicado-67-vagas-para-a-educacao\/"},"wordCount":340,"commentCount":0,"publisher":{"@id":"https:\/\/www.estrategiaconcursos.com.br\/blog\/#organization"},"image":{"@id":"https:\/\/www.estrategiaconcursos.com.br\/blog\/prefeitura-cubatao-edital-publicado-67-vagas-para-a-educacao\/#primaryimage"},"thumbnailUrl":"https:\/\/dhg1h5j42swfq.cloudfront.net\/2021\/08\/12181428\/cubatao.png","articleSection":["Educa\u00e7\u00e3o","\u00daltimas not\u00edcias"],"inLanguage":"pt-BR","potentialAction":[{"@type":"CommentAction","name":"Comment","target":["https:\/\/www.estrategiaconcursos.com.br\/blog\/prefeitura-cubatao-edital-publicado-67-vagas-para-a-educacao\/#respond"]}],"copyrightYear":"2021","copyrightHolder":{"@id":"https:\/\/www.estrategiaconcursos.com.br\/blog\/#organization"}},{"@type":"WebPage","@id":"https:\/\/www.estrategiaconcursos.com.br\/blog\/prefeitura-cubatao-edital-publicado-67-vagas-para-a-educacao\/","url":"https:\/\/www.estrategiaconcursos.com.br\/blog\/prefeitura-cubatao-edital-publicado-67-vagas-para-a-educacao\/","name":"Prefeitura Cubat\u00e3o: Edital publicado [67 vagas] para a Educa\u00e7\u00e3o","isPartOf":{"@id":"https:\/\/www.estrategiaconcursos.com.br\/blog\/#website"},"primaryImageOfPage":{"@id":"https:\/\/www.estrategiaconcursos.com.br\/blog\/prefeitura-cubatao-edital-publicado-67-vagas-para-a-educacao\/#primaryimage"},"image":{"@id":"https:\/\/www.estrategiaconcursos.com.br\/blog\/prefeitura-cubatao-edital-publicado-67-vagas-para-a-educacao\/#primaryimage"},"thumbnailUrl":"https:\/\/dhg1h5j42swfq.cloudfront.net\/2021\/08\/12181428\/cubatao.png","datePublished":"2021-08-12T22:00:00+00:00","dateModified":"2023-01-06T20:45:42+00:00","description":"Novo edital promovido pela Prefeitura de Cubat\u00e3o contempla 67 vagas para as especificidades da educa\u00e7\u00e3o. Entenda mais em aula AO VIVO!","breadcrumb":{"@id":"https:\/\/www.estrategiaconcursos.com.br\/blog\/prefeitura-cubatao-edital-publicado-67-vagas-para-a-educacao\/#breadcrumb"},"inLanguage":"pt-BR","potentialAction":[{"@type":"ReadAction","target":["https:\/\/www.estrategiaconcursos.com.br\/blog\/prefeitura-cubatao-edital-publicado-67-vagas-para-a-educacao\/"]}]},{"@type":"ImageObject","inLanguage":"pt-BR","@id":"https:\/\/www.estrategiaconcursos.com.br\/blog\/prefeitura-cubatao-edital-publicado-67-vagas-para-a-educacao\/#primaryimage","url":"https:\/\/dhg1h5j42swfq.cloudfront.net\/2021\/08\/12181428\/cubatao.png","contentUrl":"https:\/\/dhg1h5j42swfq.cloudfront.net\/2021\/08\/12181428\/cubatao.png","width":645,"height":541},{"@type":"BreadcrumbList","@id":"https:\/\/www.estrategiaconcursos.com.br\/blog\/prefeitura-cubatao-edital-publicado-67-vagas-para-a-educacao\/#breadcrumb","itemListElement":[{"@type":"ListItem","position":1,"name":"In\u00edcio","item":"https:\/\/www.estrategiaconcursos.com.br\/blog\/"},{"@type":"ListItem","position":2,"name":"Prefeitura Cubat\u00e3o: Edital publicado [67 vagas] para a Educa\u00e7\u00e3o"}]},{"@type":"WebSite","@id":"https:\/\/www.estrategiaconcursos.com.br\/blog\/#website","url":"https:\/\/www.estrategiaconcursos.com.br\/blog\/","name":"Estrat\u00e9gia Concursos","description":"O blog da Estrat\u00e9gia Concursos traz not\u00edcias sobre concursos e artigos de professores oferecendo cursos para concursos (pdf + videaulas) no site.","publisher":{"@id":"https:\/\/www.estrategiaconcursos.com.br\/blog\/#organization"},"potentialAction":[{"@type":"SearchAction","target":{"@type":"EntryPoint","urlTemplate":"https:\/\/www.estrategiaconcursos.com.br\/blog\/?s={search_term_string}"},"query-input":{"@type":"PropertyValueSpecification","valueRequired":true,"valueName":"search_term_string"}}],"inLanguage":"pt-BR"},{"@type":"Organization","@id":"https:\/\/www.estrategiaconcursos.com.br\/blog\/#organization","name":"Estrat\u00e9gia Concursos","url":"https:\/\/www.estrategiaconcursos.com.br\/blog\/","logo":{"@type":"ImageObject","inLanguage":"pt-BR","@id":"https:\/\/www.estrategiaconcursos.com.br\/blog\/#\/schema\/logo\/image\/","url":"https:\/\/dhg1h5j42swfq.cloudfront.net\/2025\/06\/03203428\/logo_concursos-1.jpg","contentUrl":"https:\/\/dhg1h5j42swfq.cloudfront.net\/2025\/06\/03203428\/logo_concursos-1.jpg","width":230,"height":60,"caption":"Estrat\u00e9gia Concursos"},"image":{"@id":"https:\/\/www.estrategiaconcursos.com.br\/blog\/#\/schema\/logo\/image\/"},"sameAs":["https:\/\/x.com\/EstratConcursos"]},{"@type":"Person","@id":"https:\/\/www.estrategiaconcursos.com.br\/blog\/#\/schema\/person\/9eaac2623f66472bb1b6522a50ab4cd1","name":"Jonathan Ariel Roitman","image":{"@type":"ImageObject","inLanguage":"pt-BR","@id":"https:\/\/secure.gravatar.com\/avatar\/84ec58ee57ca7d3ae78dea786786bfa38b8c07f9eac234b97cf39a887f0e98f7?s=96&d=mm&r=g","url":"https:\/\/secure.gravatar.com\/avatar\/84ec58ee57ca7d3ae78dea786786bfa38b8c07f9eac234b97cf39a887f0e98f7?s=96&d=mm&r=g","contentUrl":"https:\/\/secure.gravatar.com\/avatar\/84ec58ee57ca7d3ae78dea786786bfa38b8c07f9eac234b97cf39a887f0e98f7?s=96&d=mm&r=g","caption":"Jonathan Ariel Roitman"},"url":"https:\/\/www.estrategiaconcursos.com.br\/blog\/author\/jonyufrjyahoo-com-br\/"}]}},"_links":{"self":[{"href":"https:\/\/www.estrategiaconcursos.com.br\/blog\/wp-json\/wp\/v2\/posts\/834853","targetHints":{"allow":["GET"]}}],"collection":[{"href":"https:\/\/www.estrategiaconcursos.com.br\/blog\/wp-json\/wp\/v2\/posts"}],"about":[{"href":"https:\/\/www.estrategiaconcursos.com.br\/blog\/wp-json\/wp\/v2\/types\/post"}],"author":[{"embeddable":true,"href":"https:\/\/www.estrategiaconcursos.com.br\/blog\/wp-json\/wp\/v2\/users\/1428"}],"replies":[{"embeddable":true,"href":"https:\/\/www.estrategiaconcursos.com.br\/blog\/wp-json\/wp\/v2\/comments?post=834853"}],"version-history":[{"count":11,"href":"https:\/\/www.estrategiaconcursos.com.br\/blog\/wp-json\/wp\/v2\/posts\/834853\/revisions"}],"predecessor-version":[{"id":1148868,"href":"https:\/\/www.estrategiaconcursos.com.br\/blog\/wp-json\/wp\/v2\/posts\/834853\/revisions\/1148868"}],"wp:featuredmedia":[{"embeddable":true,"href":"https:\/\/www.estrategiaconcursos.com.br\/blog\/wp-json\/wp\/v2\/media\/834860"}],"wp:attachment":[{"href":"https:\/\/www.estrategiaconcursos.com.br\/blog\/wp-json\/wp\/v2\/media?parent=834853"}],"wp:term":[{"taxonomy":"category","embeddable":true,"href":"https:\/\/www.estrategiaconcursos.com.br\/blog\/wp-json\/wp\/v2\/categories?post=834853"},{"taxonomy":"post_tag","embeddable":true,"href":"https:\/\/www.estrategiaconcursos.com.br\/blog\/wp-json\/wp\/v2\/tags?post=834853"},{"taxonomy":"tax_estado","embeddable":true,"href":"https:\/\/www.estrategiaconcursos.com.br\/blog\/wp-json\/wp\/v2\/tax_estado?post=834853"}],"curies":[{"name":"wp","href":"https:\/\/api.w.org\/{rel}","templated":true}]}}