{"id":83431,"date":"2017-08-01T21:13:46","date_gmt":"2017-08-02T00:13:46","guid":{"rendered":"https:\/\/www.estrategiaconcursos.com.br\/blog\/?p=83431"},"modified":"2017-08-01T21:18:17","modified_gmt":"2017-08-02T00:18:17","slug":"concurso-ufrj-abre-vagas-para-biomedicos","status":"publish","type":"post","link":"https:\/\/www.estrategiaconcursos.com.br\/blog\/concurso-ufrj-abre-vagas-para-biomedicos\/","title":{"rendered":"Concurso UFRJ abre vagas para Biom\u00e9dicos."},"content":{"rendered":"<p style=\"text-align: justify\">A Universidade Federal do Rio de Janeiro abre 153 vagas, sendo o cargo para Biom\u00e9dico contemplado neste certame. (<a href=\"https:\/\/concursos.pr4.ufrj.br\/images\/stories\/_concursos_PR4\/edital-455-2017\/editais-e-anexos\/Edital%20n.%20455%20de%2017.07.2017.pdf\">Veja o edital completo aqui<\/a>).<br \/>\nO Concurso P\u00fablico ser\u00e1 coordenado e organizado pela Comiss\u00e3o Executiva, sendo constitu\u00edda por, no m\u00ednimo, quatro membros nomeados pelo Reitor da Universidade.<br \/>\nPara o cargo A-109 referente ao profissional Biom\u00e9dico foram abertas duas vagas, sendo que existe ainda uma expectativa de mais nomea\u00e7\u00f5es durante a vig\u00eancia do concurso que \u00e9 de um ano, prorrog\u00e1vel por mais um ano.<br \/>\nPara que o candidato possa concorrer \u00e9 exigido o diploma de gradua\u00e7\u00e3o completa em Ci\u00eancias Biol\u00f3gicas modalidade M\u00e9dica; ou gradua\u00e7\u00e3o Completa em Ci\u00eancias Biol\u00f3gicas modalidade Biom\u00e9dica; ou ent\u00e3o gradua\u00e7\u00e3o completa em Biomedicina e registro no CRBM.<br \/>\nA remunera\u00e7\u00e3o para este cargo inicialmente \u00e9 de at\u00e9 R$ 4.180,66, al\u00e9m do direito a aux\u00edlio alimenta\u00e7\u00e3o (R$ 458,00) transporte (vari\u00e1vel conforme lei espec\u00edfica), aux\u00edlio-creche (R$321 para quem tem dependentes at\u00e9 5 anos).<br \/>\nAs inscri\u00e7\u00f5es ser\u00e3o efetuadas por meio do site <a href=\"https:\/\/concursos.pr4.ufrj.br\/\">concursos.pr4.ufrj.br<\/a>, no per\u00edodo compreendido entre as 10 horas do dia 15 de agosto 2017 e as 23 horas e 59 minutos do dia 03 de setembro de 2017, sendo a taxa para o cargo de R$170,00.<br \/>\nA prova objetiva ser\u00e1 eliminat\u00f3ria e classificat\u00f3ria sendo composta de quest\u00f5es de m\u00faltipla escolha. Esta fase ocorrer\u00e1 nos munic\u00edpios do Rio de Janeiro e de Maca\u00e9 com data prevista em edital para o dia 4 de fevereiro de 2018.<br \/>\nO candidato dever\u00e1 se prepara para uma prova com 20 quest\u00f5es de l\u00edngua portuguesa, 10 quest\u00f5es de regime jur\u00eddico e 30 quest\u00f5es espec\u00edficas, as quais possuem valor dobrado se comparado com as outras quest\u00f5es. Lembrando que em cada disciplina o candidato dever\u00e1 acertar 50% das quest\u00f5es para obter classifica\u00e7\u00e3o m\u00ednima.<br \/>\nA parte espec\u00edfica para prova de Biom\u00e9dico ser\u00e1 constitu\u00edda por quest\u00f5es de bioqu\u00edmica; hematologia; imunologia; microbiologia da \u00e1gua e dos alimentos; microbiologia m\u00e9dica; gen\u00e9tica e biologia molecular; biosseguran\u00e7a; urin\u00e1lise; escolha, coleta e conserva\u00e7\u00e3o de amostra para diagn\u00f3stico; equipamentos; preparo de vidraria; reagentes e solu\u00e7\u00f5es.<br \/>\nEste concurso \u00e9 uma grande oportunidade analisando a remunera\u00e7\u00e3o oferecida com seus benef\u00edcios, e o conte\u00fado cobrado em rela\u00e7\u00e3o ao tempo at\u00e9 a prova, ou seja, o candidato ter\u00e1 um tempo razo\u00e1vel para se preparar para o certame.<br \/>\nSe voc\u00ea se interessou nessa oportunidade confira j\u00e1 os nossos cursos espec\u00edficos para concurso nas \u00e1reas de An\u00e1lises Cl\u00ednicas e garanta a sua aprova\u00e7\u00e3o!<\/p>\n<p style=\"text-align: center\"><a href=\"https:\/\/www.estrategiaconcursos.com.br\/cursosPorMateria\/biomedicina-311\/\">Cursos preparat\u00f3rios para Biom\u00e9dicos &#8211; Estrat\u00e9gia Concursos<\/a><\/p>\n<p>&nbsp;<\/p>\n<p>Abra\u00e7os,<br \/>\nProfessora Thaiana Cirqueira<\/p>\n","protected":false},"excerpt":{"rendered":"<p>A Universidade Federal do Rio de Janeiro abre 153 vagas, sendo o cargo para Biom\u00e9dico contemplado neste certame. (Veja o edital completo aqui). O Concurso P\u00fablico ser\u00e1 coordenado e organizado pela Comiss\u00e3o Executiva, sendo constitu\u00edda por, no m\u00ednimo, quatro membros nomeados pelo Reitor da Universidade. Para o cargo A-109 referente ao profissional Biom\u00e9dico foram abertas [&hellip;]<\/p>\n","protected":false},"author":246,"featured_media":0,"comment_status":"open","ping_status":"open","sticky":false,"template":"","format":"standard","meta":{"post_tipo":"article","footnotes":""},"categories":[1],"tags":[],"tax_estado":[],"class_list":["post-83431","post","type-post","status-publish","format-standard","hentry","category-cursos-e-concursos"],"acf":[],"yoast_head":"<!-- This site is optimized with the Yoast SEO Premium plugin v27.2 (Yoast SEO v27.2) - https:\/\/yoast.com\/product\/yoast-seo-premium-wordpress\/ -->\n<title>Concurso UFRJ abre vagas para Biom\u00e9dicos.<\/title>\n<meta name=\"robots\" content=\"index, follow, max-snippet:-1, max-image-preview:large, max-video-preview:-1\" \/>\n<link rel=\"canonical\" href=\"https:\/\/www.estrategiaconcursos.com.br\/blog\/concurso-ufrj-abre-vagas-para-biomedicos\/\" \/>\n<meta property=\"og:locale\" content=\"pt_BR\" \/>\n<meta property=\"og:type\" content=\"article\" \/>\n<meta property=\"og:title\" content=\"Concurso UFRJ abre vagas para Biom\u00e9dicos.\" \/>\n<meta property=\"og:description\" content=\"A Universidade Federal do Rio de Janeiro abre 153 vagas, sendo o cargo para Biom\u00e9dico contemplado neste certame. (Veja o edital completo aqui). O Concurso P\u00fablico ser\u00e1 coordenado e organizado pela Comiss\u00e3o Executiva, sendo constitu\u00edda por, no m\u00ednimo, quatro membros nomeados pelo Reitor da Universidade. Para o cargo A-109 referente ao profissional Biom\u00e9dico foram abertas [&hellip;]\" \/>\n<meta property=\"og:url\" content=\"https:\/\/www.estrategiaconcursos.com.br\/blog\/concurso-ufrj-abre-vagas-para-biomedicos\/\" \/>\n<meta property=\"og:site_name\" content=\"Estrat\u00e9gia Concursos\" \/>\n<meta property=\"article:published_time\" content=\"2017-08-02T00:13:46+00:00\" \/>\n<meta property=\"article:modified_time\" content=\"2017-08-02T00:18:17+00:00\" \/>\n<meta name=\"author\" content=\"Thaiana Cirqueira\" \/>\n<meta name=\"twitter:card\" content=\"summary_large_image\" \/>\n<meta name=\"twitter:creator\" content=\"@EstratConcursos\" \/>\n<meta name=\"twitter:site\" content=\"@EstratConcursos\" \/>\n<meta name=\"twitter:label1\" content=\"Escrito por\" \/>\n\t<meta name=\"twitter:data1\" content=\"Thaiana Cirqueira\" \/>\n\t<meta name=\"twitter:label2\" content=\"Est. tempo de leitura\" \/>\n\t<meta name=\"twitter:data2\" content=\"2 minutos\" \/>\n<script type=\"application\/ld+json\" class=\"yoast-schema-graph\">{\"@context\":\"https:\/\/schema.org\",\"@graph\":[{\"@type\":\"NewsArticle\",\"@id\":\"https:\/\/www.estrategiaconcursos.com.br\/blog\/concurso-ufrj-abre-vagas-para-biomedicos\/#article\",\"isPartOf\":{\"@id\":\"https:\/\/www.estrategiaconcursos.com.br\/blog\/concurso-ufrj-abre-vagas-para-biomedicos\/\"},\"author\":{\"name\":\"Thaiana Cirqueira\",\"@id\":\"https:\/\/www.estrategiaconcursos.com.br\/blog\/#\/schema\/person\/d8d00b5994dc115d5e44e3d35ea49f14\"},\"headline\":\"Concurso UFRJ abre vagas para Biom\u00e9dicos.\",\"datePublished\":\"2017-08-02T00:13:46+00:00\",\"dateModified\":\"2017-08-02T00:18:17+00:00\",\"mainEntityOfPage\":{\"@id\":\"https:\/\/www.estrategiaconcursos.com.br\/blog\/concurso-ufrj-abre-vagas-para-biomedicos\/\"},\"wordCount\":459,\"commentCount\":0,\"publisher\":{\"@id\":\"https:\/\/www.estrategiaconcursos.com.br\/blog\/#organization\"},\"articleSection\":[\"Concursos P\u00fablicos\"],\"inLanguage\":\"pt-BR\",\"potentialAction\":[{\"@type\":\"CommentAction\",\"name\":\"Comment\",\"target\":[\"https:\/\/www.estrategiaconcursos.com.br\/blog\/concurso-ufrj-abre-vagas-para-biomedicos\/#respond\"]}],\"copyrightYear\":\"2017\",\"copyrightHolder\":{\"@id\":\"https:\/\/www.estrategiaconcursos.com.br\/blog\/#organization\"}},{\"@type\":\"WebPage\",\"@id\":\"https:\/\/www.estrategiaconcursos.com.br\/blog\/concurso-ufrj-abre-vagas-para-biomedicos\/\",\"url\":\"https:\/\/www.estrategiaconcursos.com.br\/blog\/concurso-ufrj-abre-vagas-para-biomedicos\/\",\"name\":\"Concurso UFRJ abre vagas para Biom\u00e9dicos.\",\"isPartOf\":{\"@id\":\"https:\/\/www.estrategiaconcursos.com.br\/blog\/#website\"},\"datePublished\":\"2017-08-02T00:13:46+00:00\",\"dateModified\":\"2017-08-02T00:18:17+00:00\",\"breadcrumb\":{\"@id\":\"https:\/\/www.estrategiaconcursos.com.br\/blog\/concurso-ufrj-abre-vagas-para-biomedicos\/#breadcrumb\"},\"inLanguage\":\"pt-BR\",\"potentialAction\":[{\"@type\":\"ReadAction\",\"target\":[\"https:\/\/www.estrategiaconcursos.com.br\/blog\/concurso-ufrj-abre-vagas-para-biomedicos\/\"]}]},{\"@type\":\"BreadcrumbList\",\"@id\":\"https:\/\/www.estrategiaconcursos.com.br\/blog\/concurso-ufrj-abre-vagas-para-biomedicos\/#breadcrumb\",\"itemListElement\":[{\"@type\":\"ListItem\",\"position\":1,\"name\":\"In\u00edcio\",\"item\":\"https:\/\/www.estrategiaconcursos.com.br\/blog\/\"},{\"@type\":\"ListItem\",\"position\":2,\"name\":\"Concurso UFRJ abre vagas para Biom\u00e9dicos.\"}]},{\"@type\":\"WebSite\",\"@id\":\"https:\/\/www.estrategiaconcursos.com.br\/blog\/#website\",\"url\":\"https:\/\/www.estrategiaconcursos.com.br\/blog\/\",\"name\":\"Estrat\u00e9gia Concursos\",\"description\":\"O blog da Estrat\u00e9gia Concursos traz not\u00edcias sobre concursos e artigos de professores oferecendo cursos para concursos (pdf + videaulas) no site.\",\"publisher\":{\"@id\":\"https:\/\/www.estrategiaconcursos.com.br\/blog\/#organization\"},\"potentialAction\":[{\"@type\":\"SearchAction\",\"target\":{\"@type\":\"EntryPoint\",\"urlTemplate\":\"https:\/\/www.estrategiaconcursos.com.br\/blog\/?s={search_term_string}\"},\"query-input\":{\"@type\":\"PropertyValueSpecification\",\"valueRequired\":true,\"valueName\":\"search_term_string\"}}],\"inLanguage\":\"pt-BR\"},{\"@type\":\"Organization\",\"@id\":\"https:\/\/www.estrategiaconcursos.com.br\/blog\/#organization\",\"name\":\"Estrat\u00e9gia Concursos\",\"url\":\"https:\/\/www.estrategiaconcursos.com.br\/blog\/\",\"logo\":{\"@type\":\"ImageObject\",\"inLanguage\":\"pt-BR\",\"@id\":\"https:\/\/www.estrategiaconcursos.com.br\/blog\/#\/schema\/logo\/image\/\",\"url\":\"https:\/\/dhg1h5j42swfq.cloudfront.net\/2025\/06\/03203428\/logo_concursos-1.jpg\",\"contentUrl\":\"https:\/\/dhg1h5j42swfq.cloudfront.net\/2025\/06\/03203428\/logo_concursos-1.jpg\",\"width\":230,\"height\":60,\"caption\":\"Estrat\u00e9gia Concursos\"},\"image\":{\"@id\":\"https:\/\/www.estrategiaconcursos.com.br\/blog\/#\/schema\/logo\/image\/\"},\"sameAs\":[\"https:\/\/x.com\/EstratConcursos\"]},{\"@type\":\"Person\",\"@id\":\"https:\/\/www.estrategiaconcursos.com.br\/blog\/#\/schema\/person\/d8d00b5994dc115d5e44e3d35ea49f14\",\"name\":\"Thaiana Cirqueira\",\"image\":{\"@type\":\"ImageObject\",\"inLanguage\":\"pt-BR\",\"@id\":\"https:\/\/secure.gravatar.com\/avatar\/1e5f76d067b30563b9c5f64855c9edd631b902728187d49ad2b5e51899710c6b?s=96&d=mm&r=g\",\"url\":\"https:\/\/secure.gravatar.com\/avatar\/1e5f76d067b30563b9c5f64855c9edd631b902728187d49ad2b5e51899710c6b?s=96&d=mm&r=g\",\"contentUrl\":\"https:\/\/secure.gravatar.com\/avatar\/1e5f76d067b30563b9c5f64855c9edd631b902728187d49ad2b5e51899710c6b?s=96&d=mm&r=g\",\"caption\":\"Thaiana Cirqueira\"},\"url\":\"https:\/\/www.estrategiaconcursos.com.br\/blog\/author\/thaianacirqueiraestrategiaconcursos-com-br\/\"}]}<\/script>\n<!-- \/ Yoast SEO Premium plugin. -->","yoast_head_json":{"title":"Concurso UFRJ abre vagas para Biom\u00e9dicos.","robots":{"index":"index","follow":"follow","max-snippet":"max-snippet:-1","max-image-preview":"max-image-preview:large","max-video-preview":"max-video-preview:-1"},"canonical":"https:\/\/www.estrategiaconcursos.com.br\/blog\/concurso-ufrj-abre-vagas-para-biomedicos\/","og_locale":"pt_BR","og_type":"article","og_title":"Concurso UFRJ abre vagas para Biom\u00e9dicos.","og_description":"A Universidade Federal do Rio de Janeiro abre 153 vagas, sendo o cargo para Biom\u00e9dico contemplado neste certame. (Veja o edital completo aqui). O Concurso P\u00fablico ser\u00e1 coordenado e organizado pela Comiss\u00e3o Executiva, sendo constitu\u00edda por, no m\u00ednimo, quatro membros nomeados pelo Reitor da Universidade. Para o cargo A-109 referente ao profissional Biom\u00e9dico foram abertas [&hellip;]","og_url":"https:\/\/www.estrategiaconcursos.com.br\/blog\/concurso-ufrj-abre-vagas-para-biomedicos\/","og_site_name":"Estrat\u00e9gia Concursos","article_published_time":"2017-08-02T00:13:46+00:00","article_modified_time":"2017-08-02T00:18:17+00:00","author":"Thaiana Cirqueira","twitter_card":"summary_large_image","twitter_creator":"@EstratConcursos","twitter_site":"@EstratConcursos","twitter_misc":{"Escrito por":"Thaiana Cirqueira","Est. tempo de leitura":"2 minutos"},"schema":{"@context":"https:\/\/schema.org","@graph":[{"@type":"NewsArticle","@id":"https:\/\/www.estrategiaconcursos.com.br\/blog\/concurso-ufrj-abre-vagas-para-biomedicos\/#article","isPartOf":{"@id":"https:\/\/www.estrategiaconcursos.com.br\/blog\/concurso-ufrj-abre-vagas-para-biomedicos\/"},"author":{"name":"Thaiana Cirqueira","@id":"https:\/\/www.estrategiaconcursos.com.br\/blog\/#\/schema\/person\/d8d00b5994dc115d5e44e3d35ea49f14"},"headline":"Concurso UFRJ abre vagas para Biom\u00e9dicos.","datePublished":"2017-08-02T00:13:46+00:00","dateModified":"2017-08-02T00:18:17+00:00","mainEntityOfPage":{"@id":"https:\/\/www.estrategiaconcursos.com.br\/blog\/concurso-ufrj-abre-vagas-para-biomedicos\/"},"wordCount":459,"commentCount":0,"publisher":{"@id":"https:\/\/www.estrategiaconcursos.com.br\/blog\/#organization"},"articleSection":["Concursos P\u00fablicos"],"inLanguage":"pt-BR","potentialAction":[{"@type":"CommentAction","name":"Comment","target":["https:\/\/www.estrategiaconcursos.com.br\/blog\/concurso-ufrj-abre-vagas-para-biomedicos\/#respond"]}],"copyrightYear":"2017","copyrightHolder":{"@id":"https:\/\/www.estrategiaconcursos.com.br\/blog\/#organization"}},{"@type":"WebPage","@id":"https:\/\/www.estrategiaconcursos.com.br\/blog\/concurso-ufrj-abre-vagas-para-biomedicos\/","url":"https:\/\/www.estrategiaconcursos.com.br\/blog\/concurso-ufrj-abre-vagas-para-biomedicos\/","name":"Concurso UFRJ abre vagas para Biom\u00e9dicos.","isPartOf":{"@id":"https:\/\/www.estrategiaconcursos.com.br\/blog\/#website"},"datePublished":"2017-08-02T00:13:46+00:00","dateModified":"2017-08-02T00:18:17+00:00","breadcrumb":{"@id":"https:\/\/www.estrategiaconcursos.com.br\/blog\/concurso-ufrj-abre-vagas-para-biomedicos\/#breadcrumb"},"inLanguage":"pt-BR","potentialAction":[{"@type":"ReadAction","target":["https:\/\/www.estrategiaconcursos.com.br\/blog\/concurso-ufrj-abre-vagas-para-biomedicos\/"]}]},{"@type":"BreadcrumbList","@id":"https:\/\/www.estrategiaconcursos.com.br\/blog\/concurso-ufrj-abre-vagas-para-biomedicos\/#breadcrumb","itemListElement":[{"@type":"ListItem","position":1,"name":"In\u00edcio","item":"https:\/\/www.estrategiaconcursos.com.br\/blog\/"},{"@type":"ListItem","position":2,"name":"Concurso UFRJ abre vagas para Biom\u00e9dicos."}]},{"@type":"WebSite","@id":"https:\/\/www.estrategiaconcursos.com.br\/blog\/#website","url":"https:\/\/www.estrategiaconcursos.com.br\/blog\/","name":"Estrat\u00e9gia Concursos","description":"O blog da Estrat\u00e9gia Concursos traz not\u00edcias sobre concursos e artigos de professores oferecendo cursos para concursos (pdf + videaulas) no site.","publisher":{"@id":"https:\/\/www.estrategiaconcursos.com.br\/blog\/#organization"},"potentialAction":[{"@type":"SearchAction","target":{"@type":"EntryPoint","urlTemplate":"https:\/\/www.estrategiaconcursos.com.br\/blog\/?s={search_term_string}"},"query-input":{"@type":"PropertyValueSpecification","valueRequired":true,"valueName":"search_term_string"}}],"inLanguage":"pt-BR"},{"@type":"Organization","@id":"https:\/\/www.estrategiaconcursos.com.br\/blog\/#organization","name":"Estrat\u00e9gia Concursos","url":"https:\/\/www.estrategiaconcursos.com.br\/blog\/","logo":{"@type":"ImageObject","inLanguage":"pt-BR","@id":"https:\/\/www.estrategiaconcursos.com.br\/blog\/#\/schema\/logo\/image\/","url":"https:\/\/dhg1h5j42swfq.cloudfront.net\/2025\/06\/03203428\/logo_concursos-1.jpg","contentUrl":"https:\/\/dhg1h5j42swfq.cloudfront.net\/2025\/06\/03203428\/logo_concursos-1.jpg","width":230,"height":60,"caption":"Estrat\u00e9gia Concursos"},"image":{"@id":"https:\/\/www.estrategiaconcursos.com.br\/blog\/#\/schema\/logo\/image\/"},"sameAs":["https:\/\/x.com\/EstratConcursos"]},{"@type":"Person","@id":"https:\/\/www.estrategiaconcursos.com.br\/blog\/#\/schema\/person\/d8d00b5994dc115d5e44e3d35ea49f14","name":"Thaiana Cirqueira","image":{"@type":"ImageObject","inLanguage":"pt-BR","@id":"https:\/\/secure.gravatar.com\/avatar\/1e5f76d067b30563b9c5f64855c9edd631b902728187d49ad2b5e51899710c6b?s=96&d=mm&r=g","url":"https:\/\/secure.gravatar.com\/avatar\/1e5f76d067b30563b9c5f64855c9edd631b902728187d49ad2b5e51899710c6b?s=96&d=mm&r=g","contentUrl":"https:\/\/secure.gravatar.com\/avatar\/1e5f76d067b30563b9c5f64855c9edd631b902728187d49ad2b5e51899710c6b?s=96&d=mm&r=g","caption":"Thaiana Cirqueira"},"url":"https:\/\/www.estrategiaconcursos.com.br\/blog\/author\/thaianacirqueiraestrategiaconcursos-com-br\/"}]}},"_links":{"self":[{"href":"https:\/\/www.estrategiaconcursos.com.br\/blog\/wp-json\/wp\/v2\/posts\/83431","targetHints":{"allow":["GET"]}}],"collection":[{"href":"https:\/\/www.estrategiaconcursos.com.br\/blog\/wp-json\/wp\/v2\/posts"}],"about":[{"href":"https:\/\/www.estrategiaconcursos.com.br\/blog\/wp-json\/wp\/v2\/types\/post"}],"author":[{"embeddable":true,"href":"https:\/\/www.estrategiaconcursos.com.br\/blog\/wp-json\/wp\/v2\/users\/246"}],"replies":[{"embeddable":true,"href":"https:\/\/www.estrategiaconcursos.com.br\/blog\/wp-json\/wp\/v2\/comments?post=83431"}],"version-history":[{"count":2,"href":"https:\/\/www.estrategiaconcursos.com.br\/blog\/wp-json\/wp\/v2\/posts\/83431\/revisions"}],"predecessor-version":[{"id":83626,"href":"https:\/\/www.estrategiaconcursos.com.br\/blog\/wp-json\/wp\/v2\/posts\/83431\/revisions\/83626"}],"wp:attachment":[{"href":"https:\/\/www.estrategiaconcursos.com.br\/blog\/wp-json\/wp\/v2\/media?parent=83431"}],"wp:term":[{"taxonomy":"category","embeddable":true,"href":"https:\/\/www.estrategiaconcursos.com.br\/blog\/wp-json\/wp\/v2\/categories?post=83431"},{"taxonomy":"post_tag","embeddable":true,"href":"https:\/\/www.estrategiaconcursos.com.br\/blog\/wp-json\/wp\/v2\/tags?post=83431"},{"taxonomy":"tax_estado","embeddable":true,"href":"https:\/\/www.estrategiaconcursos.com.br\/blog\/wp-json\/wp\/v2\/tax_estado?post=83431"}],"curies":[{"name":"wp","href":"https:\/\/api.w.org\/{rel}","templated":true}]}}