{"id":834195,"date":"2021-08-12T11:00:00","date_gmt":"2021-08-12T14:00:00","guid":{"rendered":"https:\/\/www.estrategiaconcursos.com.br\/blog\/?p=834195"},"modified":"2021-08-12T11:37:02","modified_gmt":"2021-08-12T14:37:02","slug":"sefaz-ce-horarios-provas","status":"publish","type":"post","link":"https:\/\/www.estrategiaconcursos.com.br\/blog\/sefaz-ce-horarios-provas\/","title":{"rendered":"Concurso Sefaz CE: quais os hor\u00e1rios das provas?"},"content":{"rendered":"\n<p>As provas do&nbsp;concurso <strong><em>Sefaz CE<\/em><\/strong> para o provimento do cargo de <strong>Auditor Fisca<\/strong>l, em diversas especialidades, seguem confirmadas para o pr\u00f3ximo domingo, <strong>dia 15 de agosto<\/strong>. A sele\u00e7\u00e3o \u00e9 bastante esperada, visto que o edital oferta 94 vagas com remunera\u00e7\u00e3o inicial de R$ 16.045,30.<\/p>\n\n\n\n<div class=\"wp-block-image\"><figure class=\"aligncenter size-large is-resized\"><img loading=\"lazy\" decoding=\"async\" src=\"https:\/\/dhg1h5j42swfq.cloudfront.net\/2021\/08\/12100607\/predio-sefaz.png\" alt=\"Edif\u00edcio Sefaz CE | Imagem: divulga\u00e7\u00e3o\" class=\"wp-image-834220\" width=\"524\" height=\"428\" srcset=\"https:\/\/dhg1h5j42swfq.cloudfront.net\/2021\/08\/12100607\/predio-sefaz.png 823w, https:\/\/dhg1h5j42swfq.cloudfront.net\/2021\/08\/12100607\/predio-sefaz-300x245.png 300w, https:\/\/dhg1h5j42swfq.cloudfront.net\/2021\/08\/12100607\/predio-sefaz-768x627.png 768w, https:\/\/dhg1h5j42swfq.cloudfront.net\/2021\/08\/12100607\/predio-sefaz-610x498.png 610w\" sizes=\"auto, (max-width: 524px) 100vw, 524px\" \/><figcaption>Edif\u00edcio Sefaz CE | Imagem: divulga\u00e7\u00e3o<\/figcaption><\/figure><\/div>\n\n\n\n<p>Desta forma, as Provas Objetivas do concurso Sefaz CE ter\u00e3o dura\u00e7\u00e3o de <strong>4 horas e 30 minutos<\/strong> e ser\u00e3o realizadas no per\u00edodo matutino, precisamente <strong>\u00e0s 8h&nbsp;(hor\u00e1rio local)<\/strong>. Para consultar os <a href=\"https:\/\/www.estrategiaconcursos.com.br\/blog\/concurso-sefaz-ce-consulta-locais-de-prova\/\" target=\"_blank\" rel=\"noreferrer noopener\">locais da prova<\/a> do<strong><em>&nbsp;concurso Sefaz CE<\/em><\/strong>, basta acessar o site da banca organizadora, o&nbsp;<strong><a href=\"https:\/\/www.cebraspe.org.br\/concursos\/sefaz_ce_21\" target=\"_blank\" rel=\"noreferrer noopener\">Cebraspe<\/a><\/strong>, j\u00e1 que, o acesso deve ser feito de forma individual, ou diretamente pelo link abaixo: <\/p>\n\n\n\n<p class=\"has-text-align-center has-background\" style=\"background-color:#cad3da\"><a href=\"https:\/\/security.cebraspe.org.br\/SEFAZ_CE_21\/LocalHorario_OBJ_11401A80-EB0B-4093-B76E-B6B1503107FA\/Default.aspx\" target=\"_blank\" rel=\"noreferrer noopener\"><strong>Locais das provas<\/strong><\/a><\/p>\n\n\n\n<p>O Cebraspe orienta que o candidato dever\u00e1 comparecer com&nbsp;caneta esferogr\u00e1fica de tinta preta fabricada em material transparente, do comprovante de inscri\u00e7\u00e3o e do documento de identidade original. \u00c9 primordial que voc\u00ea, estrategista, saiba o que \u00e9 <a href=\"https:\/\/www.estrategiaconcursos.com.br\/blog\/sefaz-ce-levar-dia-da-prova\/\" target=\"_blank\" rel=\"noreferrer noopener\">autorizado levar<\/a>, principalmente, o que \u00e9 proibido, a fim de evitar poss\u00edveis transtornos.<\/p>\n\n\n\n<h3 class=\"wp-block-heading\" id=\"h-medidas-preventivas-para-evitar-a-transmiss-o-do-coronav-rus\">Medidas preventivas para evitar a transmiss\u00e3o do coronav\u00edrus <\/h3>\n\n\n\n<p>Atendendo a um <a href=\"https:\/\/www.estrategiaconcursos.com.br\/blog\/concurso-sefaz-ce-candidatos-negativo-covid\/\" target=\"_blank\" rel=\"noreferrer noopener\">pedido do governo do Cear\u00e1<\/a>, a Justi\u00e7a Federal determinou que viajantes que cheguem ao Cear\u00e1, atrav\u00e9s do\u00a0Aeroporto Internacional de Fortaleza, comprovem que\u00a0<strong>est\u00e3o vacinados contra a Covid-19<\/strong>\u00a0(com duas doses ou dose \u00fanica) ou\u00a0<strong>apresentem realiza\u00e7\u00e3o de teste para detec\u00e7\u00e3o do coronav\u00edrus<\/strong>, feito em at\u00e9 72 horas antes do voo.<\/p>\n\n\n\n<p class=\"has-text-align-center\"><em>Para mais detalhes do concurso Sefaz CE, cujo artigo especifica os hor\u00e1rios das provas, acesse o link abaixo. Preparamos um artigo completo, separado por t\u00f3picos, para que facilite a sua compreens\u00e3o:<\/em><\/p>\n\n\n\n<p class=\"has-text-align-center has-luminous-vivid-amber-background-color has-background has-medium-font-size\"><strong>Saiba mais: <a href=\"https:\/\/www.estrategiaconcursos.com.br\/blog\/concurso-sefaz-ce\/\" target=\"_blank\" rel=\"noreferrer noopener\">concurso Sefaz CE<\/a><\/strong><\/p>\n\n\n\n<hr class=\"wp-block-separator\"\/>\n\n\n\n<h2 class=\"has-text-align-center wp-block-heading\" id=\"h-quer-estudar-para-o-concurso-sefaz-ce\"><strong><em>Quer estudar para <\/em><\/strong>o <strong><em>concurso Sefaz CE?<\/em><\/strong><\/h2>\n\n\n\n<div class=\"container\" id=\"boxes\">\n  <div class=\"row\">\n\n    <div class=\"col-sm\">\n      <div class=\"banner-fiscal-01\" id=\"box-assinatura\">\n        <h3 class=\"titulo-assinatura\">Concurso Sefaz CE<\/h3>\n        <p class=\"subtitulo-assinatura\">Conhe\u00e7a os cursos<\/p>\n        <div class=\"box-botao\">\n          <a class=\"btn-assinatura\" target=\"_blank\" href=\"https:\/\/www.estrategiaconcursos.com.br\/cursosPorConcurso\/sefaz-ce\/\" role=\"button\" rel=\"noopener noreferrer\">Conhe\u00e7a mais<\/a>\n        <\/div>\n      <\/div>\n      \n    <\/div>\n\n  <\/div>\n<\/div>\n\n\n\n<div class=\"container\" id=\"boxes\">\n  <div class=\"row\">\n\n    <div class=\"col-sm\">\n      <div class=\"estrategia\" id=\"box-assinatura\">\n        <h3 class=\"titulo-assinatura\">Assinatura Concursos<\/h3>\n        <p class=\"subtitulo-assinatura\">Assinatura de 1 ano ou 2 anos<\/p>\n        <div class=\"box-botao\">\n          <a class=\"btn-assinatura\" target=\"_blank\" href=\"https:\/\/www.estrategiaconcursos.com.br\/assinaturas\/\" role=\"button\" rel=\"noopener noreferrer\">ASSINE AGORA<\/a>\n        <\/div>\n      <\/div><\/div><\/div><\/div>\n\n\n\n<div class=\"container\" id=\"boxes\">\n  <div class=\"row\">\n\n    <div class=\"col-sm\" id=\"boxes-concursos\">\n      <div style=\"background-color: #005DAD;\" class=\"conteudo-concursos\" id=\"box-concursos\">\n        <h3 class=\"titulo-assinatura\">Concursos Abertos<\/h3>\n        <p class=\"subtitulo-assinatura\">Confira os editais publicados<\/p>\n        <div class=\"box-botao\">\n          <a class=\"btn-assinatura\" target=\"_blank\" href=\"https:\/\/www.estrategiaconcursos.com.br\/blog\/concursos-abertos\/\" role=\"button\" rel=\"noopener noreferrer\">Conhe\u00e7a Agora<\/a>\n        <\/div>\n      <\/div>\n    <\/div>\n\n    <div class=\"col-sm\" id=\"boxes-concursos\">\n      <div style=\"background-color: #1A7ED5;\" class=\"conteudo-concursos\" id=\"box-concursos\">\n        <h3 class=\"titulo-assinatura\">Concursos 2021<\/h3>\n        <p class=\"subtitulo-assinatura\">As oportunidades previstas<\/p>\n        <div class=\"box-botao\">\n          <a class=\"btn-assinatura\" target=\"_blank\" href=\"https:\/\/www.estrategiaconcursos.com.br\/blog\/concursos-2021\/\" role=\"button\" rel=\"noopener noreferrer\">Conhe\u00e7a Agora<\/a>\n        <\/div>\n      <\/div>\n    <\/div>\n\n    <div class=\"col-sm\" id=\"boxes-concursos\">\n      <div style=\"background-color: #419FF0;\" class=\"conteudo-concursos\" id=\"box-concursos\">\n        <h3 class=\"titulo-assinatura\">Concursos 2022<\/h3>\n        <p class=\"subtitulo-assinatura\">Vagas para o pr\u00f3ximo ano<\/p>\n        <div class=\"box-botao\">\n          <a class=\"btn-assinatura\" target=\"_blank\" href=\"https:\/\/www.estrategiaconcursos.com.br\/blog\/concursos-2022\/\" role=\"button\" rel=\"noopener noreferrer\">Conhe\u00e7a Agora<\/a>\n        <\/div>\n      <\/div>\n    <\/div>\n\n  <\/div>\n<\/div>\n\n\n\n<p><\/p>\n","protected":false},"excerpt":{"rendered":"<p>As provas do&nbsp;concurso Sefaz CE para o provimento do cargo de Auditor Fiscal, em diversas especialidades, seguem confirmadas para o pr\u00f3ximo domingo, dia 15 de agosto. A sele\u00e7\u00e3o \u00e9 bastante esperada, visto que o edital oferta 94 vagas com remunera\u00e7\u00e3o inicial de R$ 16.045,30. Desta forma, as Provas Objetivas do concurso Sefaz CE ter\u00e3o dura\u00e7\u00e3o [&hellip;]<\/p>\n","protected":false},"author":2018,"featured_media":698518,"comment_status":"open","ping_status":"closed","sticky":false,"template":"","format":"standard","meta":{"post_tipo":"news","footnotes":""},"categories":[1983,220219],"tags":[],"tax_estado":[219969],"class_list":["post-834195","post","type-post","status-publish","format-standard","has-post-thumbnail","hentry","category-fiscal-estadual","category-noticias","tax_estado-ce"],"acf":[],"yoast_head":"<!-- This site is optimized with the Yoast SEO Premium plugin v27.2 (Yoast SEO v27.2) - https:\/\/yoast.com\/product\/yoast-seo-premium-wordpress\/ -->\n<title>Concurso Sefaz CE: quais os hor\u00e1rios das provas?<\/title>\n<meta name=\"description\" content=\"Concurso Sefaz CE: provas ser\u00e3o realizadas no pr\u00f3ximo domingo, 15\/08. Com isso, saiba o hor\u00e1rio que iniciar\u00e3o as avalia\u00e7\u00f5es.\" \/>\n<meta name=\"robots\" content=\"index, follow, max-snippet:-1, max-image-preview:large, max-video-preview:-1\" \/>\n<link rel=\"canonical\" href=\"https:\/\/www.estrategiaconcursos.com.br\/blog\/sefaz-ce-horarios-provas\/\" \/>\n<meta property=\"og:locale\" content=\"pt_BR\" \/>\n<meta property=\"og:type\" content=\"article\" \/>\n<meta property=\"og:title\" content=\"Concurso Sefaz CE: quais os hor\u00e1rios das provas?\" \/>\n<meta property=\"og:description\" content=\"Concurso Sefaz CE: provas ser\u00e3o realizadas no pr\u00f3ximo domingo, 15\/08. Com isso, saiba o hor\u00e1rio que iniciar\u00e3o as avalia\u00e7\u00f5es.\" \/>\n<meta property=\"og:url\" content=\"https:\/\/www.estrategiaconcursos.com.br\/blog\/sefaz-ce-horarios-provas\/\" \/>\n<meta property=\"og:site_name\" content=\"Estrat\u00e9gia Concursos\" \/>\n<meta property=\"article:published_time\" content=\"2021-08-12T14:00:00+00:00\" \/>\n<meta property=\"article:modified_time\" content=\"2021-08-12T14:37:02+00:00\" \/>\n<meta property=\"og:image\" content=\"https:\/\/dhg1h5j42swfq.cloudfront.net\/2021\/03\/22154714\/sefaz-ce_2.jpg\" \/>\n\t<meta property=\"og:image:width\" content=\"1200\" \/>\n\t<meta property=\"og:image:height\" content=\"628\" \/>\n\t<meta property=\"og:image:type\" content=\"image\/jpeg\" \/>\n<meta name=\"author\" content=\"B\u00e1rbara Carvalho Santos\" \/>\n<meta name=\"twitter:card\" content=\"summary_large_image\" \/>\n<meta name=\"twitter:creator\" content=\"@EstratConcursos\" \/>\n<meta name=\"twitter:site\" content=\"@EstratConcursos\" \/>\n<meta name=\"twitter:label1\" content=\"Escrito por\" \/>\n\t<meta name=\"twitter:data1\" content=\"B\u00e1rbara Carvalho Santos\" \/>\n\t<meta name=\"twitter:label2\" content=\"Est. tempo de leitura\" \/>\n\t<meta name=\"twitter:data2\" content=\"2 minutos\" \/>\n<script type=\"application\/ld+json\" class=\"yoast-schema-graph\">{\"@context\":\"https:\/\/schema.org\",\"@graph\":[{\"@type\":\"NewsArticle\",\"@id\":\"https:\/\/www.estrategiaconcursos.com.br\/blog\/sefaz-ce-horarios-provas\/#article\",\"isPartOf\":{\"@id\":\"https:\/\/www.estrategiaconcursos.com.br\/blog\/sefaz-ce-horarios-provas\/\"},\"author\":{\"name\":\"B\u00e1rbara Carvalho Santos\",\"@id\":\"https:\/\/www.estrategiaconcursos.com.br\/blog\/#\/schema\/person\/e3882259fa157d54c44c21f4ee4e0e60\"},\"headline\":\"Concurso Sefaz CE: quais os hor\u00e1rios das provas?\",\"datePublished\":\"2021-08-12T14:00:00+00:00\",\"dateModified\":\"2021-08-12T14:37:02+00:00\",\"mainEntityOfPage\":{\"@id\":\"https:\/\/www.estrategiaconcursos.com.br\/blog\/sefaz-ce-horarios-provas\/\"},\"wordCount\":343,\"commentCount\":0,\"publisher\":{\"@id\":\"https:\/\/www.estrategiaconcursos.com.br\/blog\/#organization\"},\"image\":{\"@id\":\"https:\/\/www.estrategiaconcursos.com.br\/blog\/sefaz-ce-horarios-provas\/#primaryimage\"},\"thumbnailUrl\":\"https:\/\/dhg1h5j42swfq.cloudfront.net\/2021\/03\/22154714\/sefaz-ce_2.jpg\",\"articleSection\":[\"Fiscal - Estadual (ICMS)\",\"\u00daltimas not\u00edcias\"],\"inLanguage\":\"pt-BR\",\"potentialAction\":[{\"@type\":\"CommentAction\",\"name\":\"Comment\",\"target\":[\"https:\/\/www.estrategiaconcursos.com.br\/blog\/sefaz-ce-horarios-provas\/#respond\"]}],\"copyrightYear\":\"2021\",\"copyrightHolder\":{\"@id\":\"https:\/\/www.estrategiaconcursos.com.br\/blog\/#organization\"}},{\"@type\":\"WebPage\",\"@id\":\"https:\/\/www.estrategiaconcursos.com.br\/blog\/sefaz-ce-horarios-provas\/\",\"url\":\"https:\/\/www.estrategiaconcursos.com.br\/blog\/sefaz-ce-horarios-provas\/\",\"name\":\"Concurso Sefaz CE: quais os hor\u00e1rios das provas?\",\"isPartOf\":{\"@id\":\"https:\/\/www.estrategiaconcursos.com.br\/blog\/#website\"},\"primaryImageOfPage\":{\"@id\":\"https:\/\/www.estrategiaconcursos.com.br\/blog\/sefaz-ce-horarios-provas\/#primaryimage\"},\"image\":{\"@id\":\"https:\/\/www.estrategiaconcursos.com.br\/blog\/sefaz-ce-horarios-provas\/#primaryimage\"},\"thumbnailUrl\":\"https:\/\/dhg1h5j42swfq.cloudfront.net\/2021\/03\/22154714\/sefaz-ce_2.jpg\",\"datePublished\":\"2021-08-12T14:00:00+00:00\",\"dateModified\":\"2021-08-12T14:37:02+00:00\",\"description\":\"Concurso Sefaz CE: provas ser\u00e3o realizadas no pr\u00f3ximo domingo, 15\/08. Com isso, saiba o hor\u00e1rio que iniciar\u00e3o as avalia\u00e7\u00f5es.\",\"breadcrumb\":{\"@id\":\"https:\/\/www.estrategiaconcursos.com.br\/blog\/sefaz-ce-horarios-provas\/#breadcrumb\"},\"inLanguage\":\"pt-BR\",\"potentialAction\":[{\"@type\":\"ReadAction\",\"target\":[\"https:\/\/www.estrategiaconcursos.com.br\/blog\/sefaz-ce-horarios-provas\/\"]}]},{\"@type\":\"ImageObject\",\"inLanguage\":\"pt-BR\",\"@id\":\"https:\/\/www.estrategiaconcursos.com.br\/blog\/sefaz-ce-horarios-provas\/#primaryimage\",\"url\":\"https:\/\/dhg1h5j42swfq.cloudfront.net\/2021\/03\/22154714\/sefaz-ce_2.jpg\",\"contentUrl\":\"https:\/\/dhg1h5j42swfq.cloudfront.net\/2021\/03\/22154714\/sefaz-ce_2.jpg\",\"width\":1200,\"height\":628,\"caption\":\"Inscri\u00e7\u00f5es Sefaz CE\"},{\"@type\":\"BreadcrumbList\",\"@id\":\"https:\/\/www.estrategiaconcursos.com.br\/blog\/sefaz-ce-horarios-provas\/#breadcrumb\",\"itemListElement\":[{\"@type\":\"ListItem\",\"position\":1,\"name\":\"In\u00edcio\",\"item\":\"https:\/\/www.estrategiaconcursos.com.br\/blog\/\"},{\"@type\":\"ListItem\",\"position\":2,\"name\":\"Concurso Sefaz CE: quais os hor\u00e1rios das provas?\"}]},{\"@type\":\"WebSite\",\"@id\":\"https:\/\/www.estrategiaconcursos.com.br\/blog\/#website\",\"url\":\"https:\/\/www.estrategiaconcursos.com.br\/blog\/\",\"name\":\"Estrat\u00e9gia Concursos\",\"description\":\"O blog da Estrat\u00e9gia Concursos traz not\u00edcias sobre concursos e artigos de professores oferecendo cursos para concursos (pdf + videaulas) no site.\",\"publisher\":{\"@id\":\"https:\/\/www.estrategiaconcursos.com.br\/blog\/#organization\"},\"potentialAction\":[{\"@type\":\"SearchAction\",\"target\":{\"@type\":\"EntryPoint\",\"urlTemplate\":\"https:\/\/www.estrategiaconcursos.com.br\/blog\/?s={search_term_string}\"},\"query-input\":{\"@type\":\"PropertyValueSpecification\",\"valueRequired\":true,\"valueName\":\"search_term_string\"}}],\"inLanguage\":\"pt-BR\"},{\"@type\":\"Organization\",\"@id\":\"https:\/\/www.estrategiaconcursos.com.br\/blog\/#organization\",\"name\":\"Estrat\u00e9gia Concursos\",\"url\":\"https:\/\/www.estrategiaconcursos.com.br\/blog\/\",\"logo\":{\"@type\":\"ImageObject\",\"inLanguage\":\"pt-BR\",\"@id\":\"https:\/\/www.estrategiaconcursos.com.br\/blog\/#\/schema\/logo\/image\/\",\"url\":\"https:\/\/dhg1h5j42swfq.cloudfront.net\/2025\/06\/03203428\/logo_concursos-1.jpg\",\"contentUrl\":\"https:\/\/dhg1h5j42swfq.cloudfront.net\/2025\/06\/03203428\/logo_concursos-1.jpg\",\"width\":230,\"height\":60,\"caption\":\"Estrat\u00e9gia Concursos\"},\"image\":{\"@id\":\"https:\/\/www.estrategiaconcursos.com.br\/blog\/#\/schema\/logo\/image\/\"},\"sameAs\":[\"https:\/\/x.com\/EstratConcursos\"]},{\"@type\":\"Person\",\"@id\":\"https:\/\/www.estrategiaconcursos.com.br\/blog\/#\/schema\/person\/e3882259fa157d54c44c21f4ee4e0e60\",\"name\":\"B\u00e1rbara Carvalho Santos\",\"image\":{\"@type\":\"ImageObject\",\"inLanguage\":\"pt-BR\",\"@id\":\"https:\/\/secure.gravatar.com\/avatar\/353300f73140f779692b9be2b39f434d1341e4e34c7f55bd5a990fe29ef352eb?s=96&d=mm&r=g\",\"url\":\"https:\/\/secure.gravatar.com\/avatar\/353300f73140f779692b9be2b39f434d1341e4e34c7f55bd5a990fe29ef352eb?s=96&d=mm&r=g\",\"contentUrl\":\"https:\/\/secure.gravatar.com\/avatar\/353300f73140f779692b9be2b39f434d1341e4e34c7f55bd5a990fe29ef352eb?s=96&d=mm&r=g\",\"caption\":\"B\u00e1rbara Carvalho Santos\"},\"description\":\"M\u00e3e e jornalista formada pela UNIP, possui ampla experi\u00eancia na cobertura de entretenimento em grandes ve\u00edculos, como o site da CNN, RedeTV! e Estrat\u00e9gia Educacional. Atuou tamb\u00e9m em ag\u00eancias de marketing, produtoras musicais e assessorias de imprensa, com foco especial no trabalho com personalidades p\u00fablicas. Atualmente, integra a equipe do Estrat\u00e9gia Concursos, onde \u00e9 respons\u00e1vel pela produ\u00e7\u00e3o de conte\u00fados estrat\u00e9gicos voltados para o setor de concursos p\u00fablicos, com destaque para a \u00e1rea fiscal, gest\u00e3o, controle, concursos administrativos e Minist\u00e9rios participantes do CNU, al\u00e9m de diversos \u00f3rg\u00e3os federais. Tem como miss\u00e3o transformar informa\u00e7\u00f5es complexas em conte\u00fados acess\u00edveis, relevantes e de alto valor para quem sonha com uma carreira no servi\u00e7o p\u00fablico.\",\"url\":\"https:\/\/www.estrategiaconcursos.com.br\/blog\/author\/barbara-santos\/\"}]}<\/script>\n<!-- \/ Yoast SEO Premium plugin. -->","yoast_head_json":{"title":"Concurso Sefaz CE: quais os hor\u00e1rios das provas?","description":"Concurso Sefaz CE: provas ser\u00e3o realizadas no pr\u00f3ximo domingo, 15\/08. Com isso, saiba o hor\u00e1rio que iniciar\u00e3o as avalia\u00e7\u00f5es.","robots":{"index":"index","follow":"follow","max-snippet":"max-snippet:-1","max-image-preview":"max-image-preview:large","max-video-preview":"max-video-preview:-1"},"canonical":"https:\/\/www.estrategiaconcursos.com.br\/blog\/sefaz-ce-horarios-provas\/","og_locale":"pt_BR","og_type":"article","og_title":"Concurso Sefaz CE: quais os hor\u00e1rios das provas?","og_description":"Concurso Sefaz CE: provas ser\u00e3o realizadas no pr\u00f3ximo domingo, 15\/08. Com isso, saiba o hor\u00e1rio que iniciar\u00e3o as avalia\u00e7\u00f5es.","og_url":"https:\/\/www.estrategiaconcursos.com.br\/blog\/sefaz-ce-horarios-provas\/","og_site_name":"Estrat\u00e9gia Concursos","article_published_time":"2021-08-12T14:00:00+00:00","article_modified_time":"2021-08-12T14:37:02+00:00","og_image":[{"width":1200,"height":628,"url":"https:\/\/dhg1h5j42swfq.cloudfront.net\/2021\/03\/22154714\/sefaz-ce_2.jpg","type":"image\/jpeg"}],"author":"B\u00e1rbara Carvalho Santos","twitter_card":"summary_large_image","twitter_creator":"@EstratConcursos","twitter_site":"@EstratConcursos","twitter_misc":{"Escrito por":"B\u00e1rbara Carvalho Santos","Est. tempo de leitura":"2 minutos"},"schema":{"@context":"https:\/\/schema.org","@graph":[{"@type":"NewsArticle","@id":"https:\/\/www.estrategiaconcursos.com.br\/blog\/sefaz-ce-horarios-provas\/#article","isPartOf":{"@id":"https:\/\/www.estrategiaconcursos.com.br\/blog\/sefaz-ce-horarios-provas\/"},"author":{"name":"B\u00e1rbara Carvalho Santos","@id":"https:\/\/www.estrategiaconcursos.com.br\/blog\/#\/schema\/person\/e3882259fa157d54c44c21f4ee4e0e60"},"headline":"Concurso Sefaz CE: quais os hor\u00e1rios das provas?","datePublished":"2021-08-12T14:00:00+00:00","dateModified":"2021-08-12T14:37:02+00:00","mainEntityOfPage":{"@id":"https:\/\/www.estrategiaconcursos.com.br\/blog\/sefaz-ce-horarios-provas\/"},"wordCount":343,"commentCount":0,"publisher":{"@id":"https:\/\/www.estrategiaconcursos.com.br\/blog\/#organization"},"image":{"@id":"https:\/\/www.estrategiaconcursos.com.br\/blog\/sefaz-ce-horarios-provas\/#primaryimage"},"thumbnailUrl":"https:\/\/dhg1h5j42swfq.cloudfront.net\/2021\/03\/22154714\/sefaz-ce_2.jpg","articleSection":["Fiscal - Estadual (ICMS)","\u00daltimas not\u00edcias"],"inLanguage":"pt-BR","potentialAction":[{"@type":"CommentAction","name":"Comment","target":["https:\/\/www.estrategiaconcursos.com.br\/blog\/sefaz-ce-horarios-provas\/#respond"]}],"copyrightYear":"2021","copyrightHolder":{"@id":"https:\/\/www.estrategiaconcursos.com.br\/blog\/#organization"}},{"@type":"WebPage","@id":"https:\/\/www.estrategiaconcursos.com.br\/blog\/sefaz-ce-horarios-provas\/","url":"https:\/\/www.estrategiaconcursos.com.br\/blog\/sefaz-ce-horarios-provas\/","name":"Concurso Sefaz CE: quais os hor\u00e1rios das provas?","isPartOf":{"@id":"https:\/\/www.estrategiaconcursos.com.br\/blog\/#website"},"primaryImageOfPage":{"@id":"https:\/\/www.estrategiaconcursos.com.br\/blog\/sefaz-ce-horarios-provas\/#primaryimage"},"image":{"@id":"https:\/\/www.estrategiaconcursos.com.br\/blog\/sefaz-ce-horarios-provas\/#primaryimage"},"thumbnailUrl":"https:\/\/dhg1h5j42swfq.cloudfront.net\/2021\/03\/22154714\/sefaz-ce_2.jpg","datePublished":"2021-08-12T14:00:00+00:00","dateModified":"2021-08-12T14:37:02+00:00","description":"Concurso Sefaz CE: provas ser\u00e3o realizadas no pr\u00f3ximo domingo, 15\/08. Com isso, saiba o hor\u00e1rio que iniciar\u00e3o as avalia\u00e7\u00f5es.","breadcrumb":{"@id":"https:\/\/www.estrategiaconcursos.com.br\/blog\/sefaz-ce-horarios-provas\/#breadcrumb"},"inLanguage":"pt-BR","potentialAction":[{"@type":"ReadAction","target":["https:\/\/www.estrategiaconcursos.com.br\/blog\/sefaz-ce-horarios-provas\/"]}]},{"@type":"ImageObject","inLanguage":"pt-BR","@id":"https:\/\/www.estrategiaconcursos.com.br\/blog\/sefaz-ce-horarios-provas\/#primaryimage","url":"https:\/\/dhg1h5j42swfq.cloudfront.net\/2021\/03\/22154714\/sefaz-ce_2.jpg","contentUrl":"https:\/\/dhg1h5j42swfq.cloudfront.net\/2021\/03\/22154714\/sefaz-ce_2.jpg","width":1200,"height":628,"caption":"Inscri\u00e7\u00f5es Sefaz CE"},{"@type":"BreadcrumbList","@id":"https:\/\/www.estrategiaconcursos.com.br\/blog\/sefaz-ce-horarios-provas\/#breadcrumb","itemListElement":[{"@type":"ListItem","position":1,"name":"In\u00edcio","item":"https:\/\/www.estrategiaconcursos.com.br\/blog\/"},{"@type":"ListItem","position":2,"name":"Concurso Sefaz CE: quais os hor\u00e1rios das provas?"}]},{"@type":"WebSite","@id":"https:\/\/www.estrategiaconcursos.com.br\/blog\/#website","url":"https:\/\/www.estrategiaconcursos.com.br\/blog\/","name":"Estrat\u00e9gia Concursos","description":"O blog da Estrat\u00e9gia Concursos traz not\u00edcias sobre concursos e artigos de professores oferecendo cursos para concursos (pdf + videaulas) no site.","publisher":{"@id":"https:\/\/www.estrategiaconcursos.com.br\/blog\/#organization"},"potentialAction":[{"@type":"SearchAction","target":{"@type":"EntryPoint","urlTemplate":"https:\/\/www.estrategiaconcursos.com.br\/blog\/?s={search_term_string}"},"query-input":{"@type":"PropertyValueSpecification","valueRequired":true,"valueName":"search_term_string"}}],"inLanguage":"pt-BR"},{"@type":"Organization","@id":"https:\/\/www.estrategiaconcursos.com.br\/blog\/#organization","name":"Estrat\u00e9gia Concursos","url":"https:\/\/www.estrategiaconcursos.com.br\/blog\/","logo":{"@type":"ImageObject","inLanguage":"pt-BR","@id":"https:\/\/www.estrategiaconcursos.com.br\/blog\/#\/schema\/logo\/image\/","url":"https:\/\/dhg1h5j42swfq.cloudfront.net\/2025\/06\/03203428\/logo_concursos-1.jpg","contentUrl":"https:\/\/dhg1h5j42swfq.cloudfront.net\/2025\/06\/03203428\/logo_concursos-1.jpg","width":230,"height":60,"caption":"Estrat\u00e9gia Concursos"},"image":{"@id":"https:\/\/www.estrategiaconcursos.com.br\/blog\/#\/schema\/logo\/image\/"},"sameAs":["https:\/\/x.com\/EstratConcursos"]},{"@type":"Person","@id":"https:\/\/www.estrategiaconcursos.com.br\/blog\/#\/schema\/person\/e3882259fa157d54c44c21f4ee4e0e60","name":"B\u00e1rbara Carvalho Santos","image":{"@type":"ImageObject","inLanguage":"pt-BR","@id":"https:\/\/secure.gravatar.com\/avatar\/353300f73140f779692b9be2b39f434d1341e4e34c7f55bd5a990fe29ef352eb?s=96&d=mm&r=g","url":"https:\/\/secure.gravatar.com\/avatar\/353300f73140f779692b9be2b39f434d1341e4e34c7f55bd5a990fe29ef352eb?s=96&d=mm&r=g","contentUrl":"https:\/\/secure.gravatar.com\/avatar\/353300f73140f779692b9be2b39f434d1341e4e34c7f55bd5a990fe29ef352eb?s=96&d=mm&r=g","caption":"B\u00e1rbara Carvalho Santos"},"description":"M\u00e3e e jornalista formada pela UNIP, possui ampla experi\u00eancia na cobertura de entretenimento em grandes ve\u00edculos, como o site da CNN, RedeTV! e Estrat\u00e9gia Educacional. Atuou tamb\u00e9m em ag\u00eancias de marketing, produtoras musicais e assessorias de imprensa, com foco especial no trabalho com personalidades p\u00fablicas. Atualmente, integra a equipe do Estrat\u00e9gia Concursos, onde \u00e9 respons\u00e1vel pela produ\u00e7\u00e3o de conte\u00fados estrat\u00e9gicos voltados para o setor de concursos p\u00fablicos, com destaque para a \u00e1rea fiscal, gest\u00e3o, controle, concursos administrativos e Minist\u00e9rios participantes do CNU, al\u00e9m de diversos \u00f3rg\u00e3os federais. Tem como miss\u00e3o transformar informa\u00e7\u00f5es complexas em conte\u00fados acess\u00edveis, relevantes e de alto valor para quem sonha com uma carreira no servi\u00e7o p\u00fablico.","url":"https:\/\/www.estrategiaconcursos.com.br\/blog\/author\/barbara-santos\/"}]}},"_links":{"self":[{"href":"https:\/\/www.estrategiaconcursos.com.br\/blog\/wp-json\/wp\/v2\/posts\/834195","targetHints":{"allow":["GET"]}}],"collection":[{"href":"https:\/\/www.estrategiaconcursos.com.br\/blog\/wp-json\/wp\/v2\/posts"}],"about":[{"href":"https:\/\/www.estrategiaconcursos.com.br\/blog\/wp-json\/wp\/v2\/types\/post"}],"author":[{"embeddable":true,"href":"https:\/\/www.estrategiaconcursos.com.br\/blog\/wp-json\/wp\/v2\/users\/2018"}],"replies":[{"embeddable":true,"href":"https:\/\/www.estrategiaconcursos.com.br\/blog\/wp-json\/wp\/v2\/comments?post=834195"}],"version-history":[{"count":15,"href":"https:\/\/www.estrategiaconcursos.com.br\/blog\/wp-json\/wp\/v2\/posts\/834195\/revisions"}],"predecessor-version":[{"id":834337,"href":"https:\/\/www.estrategiaconcursos.com.br\/blog\/wp-json\/wp\/v2\/posts\/834195\/revisions\/834337"}],"wp:featuredmedia":[{"embeddable":true,"href":"https:\/\/www.estrategiaconcursos.com.br\/blog\/wp-json\/wp\/v2\/media\/698518"}],"wp:attachment":[{"href":"https:\/\/www.estrategiaconcursos.com.br\/blog\/wp-json\/wp\/v2\/media?parent=834195"}],"wp:term":[{"taxonomy":"category","embeddable":true,"href":"https:\/\/www.estrategiaconcursos.com.br\/blog\/wp-json\/wp\/v2\/categories?post=834195"},{"taxonomy":"post_tag","embeddable":true,"href":"https:\/\/www.estrategiaconcursos.com.br\/blog\/wp-json\/wp\/v2\/tags?post=834195"},{"taxonomy":"tax_estado","embeddable":true,"href":"https:\/\/www.estrategiaconcursos.com.br\/blog\/wp-json\/wp\/v2\/tax_estado?post=834195"}],"curies":[{"name":"wp","href":"https:\/\/api.w.org\/{rel}","templated":true}]}}