{"id":833610,"date":"2021-08-11T15:43:40","date_gmt":"2021-08-11T18:43:40","guid":{"rendered":"https:\/\/www.estrategiaconcursos.com.br\/blog\/?p=833610"},"modified":"2021-08-11T15:57:56","modified_gmt":"2021-08-11T18:57:56","slug":"sefaz-pr-auditor-fiscal","status":"publish","type":"post","link":"https:\/\/www.estrategiaconcursos.com.br\/blog\/sefaz-pr-auditor-fiscal\/","title":{"rendered":"Concurso Sefaz PR: Comiss\u00e3o para Auditor Fiscal em breve!"},"content":{"rendered":"\n<p>Ap\u00f3s ter oficializado uma comiss\u00e3o para o cargo de Agente Fazend\u00e1rio, a Sefaz PR deve anunciar nas pr\u00f3ximas semanas um grupo de trabalho para a fun\u00e7\u00e3o de Auditor Fiscal. A informa\u00e7\u00e3o foi obtida, <strong>exclusivamente, <\/strong>pelo jornalismo do Estrat\u00e9gia, atrav\u00e9s de contato com o \u00f3rg\u00e3o. <\/p>\n\n\n\n<p>Portanto,<strong> o concurso Sefaz PR ofertar\u00e1 vagas para ambas as fun\u00e7\u00f5es<\/strong>, assim como era previsto no ano de 2019, antes das atividades do certame terem sido suspensas. Inclusive, as novas comiss\u00f5es devem aproveitar, na medida do poss\u00edvel, os trabalhos realizados pela anterior, institu\u00edda pela Resolu\u00e7\u00e3o SEFA n. 679\/2019. <\/p>\n\n\n\n<p>A comiss\u00e3o \u00e9 respons\u00e1vel pela atualiza\u00e7\u00e3o de estudo sobre a proje\u00e7\u00e3o futura do quadro de pessoal da Secretaria da Fazenda, bem como pela indica\u00e7\u00e3o, com base no estudo realizado, do n\u00famero de contrata\u00e7\u00f5es futuras necess\u00e1rias \u00e0 continuidade dos servi\u00e7os prestados pela <a href=\"https:\/\/www.fazenda.pr.gov.br\/\" target=\"_blank\" rel=\"noreferrer noopener\">SEFA<\/a>.<\/p>\n\n\n\n<div class=\"wp-block-image\"><figure class=\"aligncenter size-large is-resized\"><img loading=\"lazy\" decoding=\"async\" src=\"https:\/\/dhg1h5j42swfq.cloudfront.net\/2021\/08\/11154216\/sefaz-pr.jpg\" alt=\"Sefaz PR Auditor Fiscal\" class=\"wp-image-833677\" width=\"599\" height=\"399\" srcset=\"https:\/\/dhg1h5j42swfq.cloudfront.net\/2021\/08\/11154216\/sefaz-pr.jpg 512w, https:\/\/dhg1h5j42swfq.cloudfront.net\/2021\/08\/11154216\/sefaz-pr-300x200.jpg 300w\" sizes=\"auto, (max-width: 599px) 100vw, 599px\" \/><figcaption>Foto da Secretaria de Estado da Fazenda do Cear\u00e1 <\/figcaption><\/figure><\/div>\n\n\n\n<p>Vale lembrar que tanto o cargo de Agente Fazend\u00e1rio como de Auditor Fiscal exigem, respectivamente, n\u00edvel superior em qualquer \u00e1rea de forma\u00e7\u00e3o. Os <strong>sal\u00e1rios iniciais <\/strong>podem chegar a mais de R$ 20 mil, contando com as gratifica\u00e7\u00f5es e adicionais ao vencimento base. <\/p>\n\n\n\n<p>At\u00e9 o momento, ainda n\u00e3o se t\u00eam informa\u00e7\u00f5es a respeito do quantitativo de vagas que ser\u00e3o ofertadas, uma vez que as novas comiss\u00f5es ter\u00e3o que reavaliar o d\u00e9ficit no quadro de pessoal, bem como a atual necessidade do \u00f3rg\u00e3o na reposi\u00e7\u00e3o dos servidores. <\/p>\n\n\n\n<h3 class=\"wp-block-heading\" id=\"h-sefaz-pr-auditor-fiscal-principais-atribui-es-do-cargo\">Sefaz PR Auditor Fiscal: principais atribui\u00e7\u00f5es do cargo <\/h3>\n\n\n\n<p>Confira abaixo algumas das atribui\u00e7\u00f5es do cargo de Auditor Fiscal na Sefaz PR:<\/p>\n\n\n\n<ul class=\"wp-block-list\"><li>Planejar e coordenar a execu\u00e7\u00e3o das atividades de fiscaliza\u00e7\u00e3o;<\/li><li>Efetuar a previs\u00e3o da arrecada\u00e7\u00e3o dos tributos estaduais, analisar o seu desempenho, proceder ao controle e promover a cobran\u00e7a administrativa dos d\u00e9bitos tribut\u00e1rios;<\/li><li>Realizar dilig\u00eancias e plant\u00f5es fiscais em estabelecimentos de contribuintes e em outros locais onde se efetuem opera\u00e7\u00f5es ou presta\u00e7\u00f5es sujeitas aos tributos estaduais;<\/li><li>Examinar a inscri\u00e7\u00e3o e os dados cadastrais do contribuinte, a fim de verificar sua regularidade;<\/li><li>Efetuar auditoria e verifica\u00e7\u00f5es em escritas fiscais e cont\u00e1beis de contribuintes, usu\u00e1rios ou n\u00e3o de escritura\u00e7\u00e3o fiscal digital \u2013 EFD e escritura\u00e7\u00e3o cont\u00e1bil digital \u2013 ECD, bem como em quaisquer documentos necess\u00e1rios \u00e0 implementa\u00e7\u00e3o da a\u00e7\u00e3o fiscal, objetivando a fiscaliza\u00e7\u00e3o de tributos estaduais;<\/li><li>Conferir a exatid\u00e3o de lan\u00e7amentos fiscais e cont\u00e1beis, \u00e0 vista dos documentos de entrada e sa\u00edda de mercadorias ou de presta\u00e7\u00e3o de servi\u00e7os, inclusive eletr\u00f4nicos;<\/li><li>Efetuar auditorias de estoques de mercadorias, de mat\u00e9rias primas, materiais secund\u00e1rios, embalagens e outros bens, confrontando os registros cont\u00e1beis e fiscais com a quantidade f\u00edsica;<\/li><li>Requisitar, examinar e receber informa\u00e7\u00f5es das institui\u00e7\u00f5es financeiras e equiparadas, sobre as contas de dep\u00f3sito e aplica\u00e7\u00f5es das empresas fiscalizadas, resguardando o sigilo, na forma da legisla\u00e7\u00e3o espec\u00edfica, entre outras atribui\u00e7\u00f5es.<\/li><\/ul>\n\n\n\n<p class=\"has-text-align-center\"><em>Ficou interessado nas informa\u00e7\u00f5es dispon\u00edveis at\u00e9 aqui sobre o concurso Sefaz PR Auditor e Agente? Quer\u00a0saber mais detalhes acerca dos cargos? \u00c9 f\u00e1cil, acesse o link abaixo e confira o artigo exclusivo que preparamos para voc\u00ea.  <\/em><\/p>\n\n\n\n<p class=\"has-text-align-center has-luminous-vivid-amber-background-color has-background\" style=\"font-size:clamp(14.642px, 0.915rem + ((1vw - 3.2px) * 0.721), 22px);px\"><strong>Saiba mais: <a href=\"https:\/\/www.estrategiaconcursos.com.br\/blog\/concurso-sefaz-pr\/\" target=\"_blank\" rel=\"noreferrer noopener\">Concurso Sefaz PR<\/a><\/strong><\/p>\n\n\n\n<hr class=\"wp-block-separator\"\/>\n\n\n\n<h2 class=\"has-text-align-center wp-block-heading\" id=\"cursos-assinatura\">Cursos e Assinaturas para o concurso Sefaz PR Auditor Fiscal e Agente Fazend\u00e1rio<\/h2>\n\n\n\n<div id=\"boxes\" class=\"container\">\n<div class=\"row\">\n<div class=\"col-sm\">\n<div id=\"box-assinatura\" class=\"banner-fiscal-01\">\n<h3 class=\"titulo-assinatura\">Carreiras Fiscais<\/h3>\n<p class=\"subtitulo-assinatura\">Conhe\u00e7a os cursos para Sefaz PR<\/p>\n<div class=\"box-botao\"><a class=\"btn-assinatura\" role=\"button\" href=\"https:\/\/www.estrategiaconcursos.com.br\/cursosPorConcurso\/secretaria-da-fazenda-do-estado-do-parana-sefaz-pr\/\" target=\"_blank\" rel=\"noopener noreferrer\">Conhe\u00e7a mais<\/a><\/div>\n<\/div>\n<\/div>\n<\/div>\n<\/div>\n\n\n\n<div class=\"container\" id=\"boxes\">\n  <div class=\"row\">\n\n    <div class=\"col-sm\">\n      <div class=\"estrategia\" id=\"box-assinatura\">\n        <h3 class=\"titulo-assinatura\">Assinatura Concursos<\/h3>\n        <p class=\"subtitulo-assinatura\">Assinatura de 1 ano ou 2 anos<\/p>\n        <div class=\"box-botao\">\n          <a class=\"btn-assinatura\" target=\"_blank\" href=\"https:\/\/www.estrategiaconcursos.com.br\/assinaturas\/\" role=\"button\" rel=\"noopener noreferrer\">ASSINE AGORA<\/a>\n        <\/div>\n      <\/div><\/div><\/div><\/div>\n\n\n\n<div class=\"container\" id=\"boxes\">\n  <div class=\"row\">\n\n    <div class=\"col-sm\" id=\"boxes-concursos\">\n      <div style=\"background-color: #005DAD;\" class=\"conteudo-concursos\" id=\"box-concursos\">\n        <h3 class=\"titulo-assinatura\">Concursos Abertos<\/h3>\n        <p class=\"subtitulo-assinatura\">Confira os editais publicados<\/p>\n        <div class=\"box-botao\">\n          <a class=\"btn-assinatura\" target=\"_blank\" href=\"https:\/\/www.estrategiaconcursos.com.br\/blog\/concursos-abertos\/\" role=\"button\" rel=\"noopener noreferrer\">Conhe\u00e7a Agora<\/a>\n        <\/div>\n      <\/div>\n    <\/div>\n\n    <div class=\"col-sm\" id=\"boxes-concursos\">\n      <div style=\"background-color: #1A7ED5;\" class=\"conteudo-concursos\" id=\"box-concursos\">\n        <h3 class=\"titulo-assinatura\">Concursos 2021<\/h3>\n        <p class=\"subtitulo-assinatura\">As oportunidades previstas<\/p>\n        <div class=\"box-botao\">\n          <a class=\"btn-assinatura\" target=\"_blank\" href=\"https:\/\/www.estrategiaconcursos.com.br\/blog\/concursos-2021\/\" role=\"button\" rel=\"noopener noreferrer\">Conhe\u00e7a Agora<\/a>\n        <\/div>\n      <\/div>\n    <\/div>\n\n    <div class=\"col-sm\" id=\"boxes-concursos\">\n      <div style=\"background-color: #419FF0;\" class=\"conteudo-concursos\" id=\"box-concursos\">\n        <h3 class=\"titulo-assinatura\">Concursos 2022<\/h3>\n        <p class=\"subtitulo-assinatura\">Vagas para o pr\u00f3ximo ano<\/p>\n        <div class=\"box-botao\">\n          <a class=\"btn-assinatura\" target=\"_blank\" href=\"https:\/\/www.estrategiaconcursos.com.br\/blog\/concursos-2022\/\" role=\"button\" rel=\"noopener noreferrer\">Conhe\u00e7a Agora<\/a>\n        <\/div>\n      <\/div>\n    <\/div>\n\n  <\/div>\n<\/div>\n","protected":false},"excerpt":{"rendered":"<p>Ap\u00f3s ter oficializado uma comiss\u00e3o para o cargo de Agente Fazend\u00e1rio, a Sefaz PR deve anunciar nas pr\u00f3ximas semanas um grupo de trabalho para a fun\u00e7\u00e3o de Auditor Fiscal. A informa\u00e7\u00e3o foi obtida, exclusivamente, pelo jornalismo do Estrat\u00e9gia, atrav\u00e9s de contato com o \u00f3rg\u00e3o. Portanto, o concurso Sefaz PR ofertar\u00e1 vagas para ambas as fun\u00e7\u00f5es, [&hellip;]<\/p>\n","protected":false},"author":656,"featured_media":700049,"comment_status":"open","ping_status":"closed","sticky":false,"template":"","format":"standard","meta":{"post_tipo":"news","footnotes":""},"categories":[1983,220219],"tags":[],"tax_estado":[219981],"class_list":["post-833610","post","type-post","status-publish","format-standard","has-post-thumbnail","hentry","category-fiscal-estadual","category-noticias","tax_estado-pr"],"acf":[],"yoast_head":"<!-- This site is optimized with the Yoast SEO Premium plugin v27.2 (Yoast SEO v27.2) - https:\/\/yoast.com\/product\/yoast-seo-premium-wordpress\/ -->\n<title>Concurso Sefaz PR: Comiss\u00e3o para Auditor Fiscal em breve!<\/title>\n<meta name=\"description\" content=\"Concurso Sefaz PR Auditor Fiscal: Comiss\u00e3o respons\u00e1vel pelos trabalhos acerca do cargo ser\u00e1 formado nos pr\u00f3ximos dias. Acesse e saiba mais!\" \/>\n<meta name=\"robots\" content=\"index, follow, max-snippet:-1, max-image-preview:large, max-video-preview:-1\" \/>\n<link rel=\"canonical\" href=\"https:\/\/www.estrategiaconcursos.com.br\/blog\/sefaz-pr-auditor-fiscal\/\" \/>\n<meta property=\"og:locale\" content=\"pt_BR\" \/>\n<meta property=\"og:type\" content=\"article\" \/>\n<meta property=\"og:title\" content=\"Concurso Sefaz PR: Comiss\u00e3o para Auditor Fiscal em breve!\" \/>\n<meta property=\"og:description\" content=\"Concurso Sefaz PR Auditor Fiscal: Comiss\u00e3o respons\u00e1vel pelos trabalhos acerca do cargo ser\u00e1 formado nos pr\u00f3ximos dias. Acesse e saiba mais!\" \/>\n<meta property=\"og:url\" content=\"https:\/\/www.estrategiaconcursos.com.br\/blog\/sefaz-pr-auditor-fiscal\/\" \/>\n<meta property=\"og:site_name\" content=\"Estrat\u00e9gia Concursos\" \/>\n<meta property=\"article:published_time\" content=\"2021-08-11T18:43:40+00:00\" \/>\n<meta property=\"article:modified_time\" content=\"2021-08-11T18:57:56+00:00\" \/>\n<meta property=\"og:image\" content=\"https:\/\/dhg1h5j42swfq.cloudfront.net\/2021\/03\/24101943\/sefaz-pr.jpg\" \/>\n\t<meta property=\"og:image:width\" content=\"1200\" \/>\n\t<meta property=\"og:image:height\" content=\"628\" \/>\n\t<meta property=\"og:image:type\" content=\"image\/jpeg\" \/>\n<meta name=\"author\" content=\"F\u00e1bio Scaldelai\" \/>\n<meta name=\"twitter:card\" content=\"summary_large_image\" \/>\n<meta name=\"twitter:creator\" content=\"@EstratConcursos\" \/>\n<meta name=\"twitter:site\" content=\"@EstratConcursos\" \/>\n<meta name=\"twitter:label1\" content=\"Escrito por\" \/>\n\t<meta name=\"twitter:data1\" content=\"F\u00e1bio Scaldelai\" \/>\n\t<meta name=\"twitter:label2\" content=\"Est. tempo de leitura\" \/>\n\t<meta name=\"twitter:data2\" content=\"3 minutos\" \/>\n<script type=\"application\/ld+json\" class=\"yoast-schema-graph\">{\"@context\":\"https:\/\/schema.org\",\"@graph\":[{\"@type\":\"NewsArticle\",\"@id\":\"https:\/\/www.estrategiaconcursos.com.br\/blog\/sefaz-pr-auditor-fiscal\/#article\",\"isPartOf\":{\"@id\":\"https:\/\/www.estrategiaconcursos.com.br\/blog\/sefaz-pr-auditor-fiscal\/\"},\"author\":{\"name\":\"F\u00e1bio Scaldelai\",\"@id\":\"https:\/\/www.estrategiaconcursos.com.br\/blog\/#\/schema\/person\/e3b6b7ce0192dd4ad270655969d61750\"},\"headline\":\"Concurso Sefaz PR: Comiss\u00e3o para Auditor Fiscal em breve!\",\"datePublished\":\"2021-08-11T18:43:40+00:00\",\"dateModified\":\"2021-08-11T18:57:56+00:00\",\"mainEntityOfPage\":{\"@id\":\"https:\/\/www.estrategiaconcursos.com.br\/blog\/sefaz-pr-auditor-fiscal\/\"},\"wordCount\":629,\"commentCount\":0,\"publisher\":{\"@id\":\"https:\/\/www.estrategiaconcursos.com.br\/blog\/#organization\"},\"image\":{\"@id\":\"https:\/\/www.estrategiaconcursos.com.br\/blog\/sefaz-pr-auditor-fiscal\/#primaryimage\"},\"thumbnailUrl\":\"https:\/\/dhg1h5j42swfq.cloudfront.net\/2021\/03\/24101943\/sefaz-pr.jpg\",\"articleSection\":[\"Fiscal - Estadual (ICMS)\",\"\u00daltimas not\u00edcias\"],\"inLanguage\":\"pt-BR\",\"potentialAction\":[{\"@type\":\"CommentAction\",\"name\":\"Comment\",\"target\":[\"https:\/\/www.estrategiaconcursos.com.br\/blog\/sefaz-pr-auditor-fiscal\/#respond\"]}],\"copyrightYear\":\"2021\",\"copyrightHolder\":{\"@id\":\"https:\/\/www.estrategiaconcursos.com.br\/blog\/#organization\"}},{\"@type\":\"WebPage\",\"@id\":\"https:\/\/www.estrategiaconcursos.com.br\/blog\/sefaz-pr-auditor-fiscal\/\",\"url\":\"https:\/\/www.estrategiaconcursos.com.br\/blog\/sefaz-pr-auditor-fiscal\/\",\"name\":\"Concurso Sefaz PR: Comiss\u00e3o para Auditor Fiscal em breve!\",\"isPartOf\":{\"@id\":\"https:\/\/www.estrategiaconcursos.com.br\/blog\/#website\"},\"primaryImageOfPage\":{\"@id\":\"https:\/\/www.estrategiaconcursos.com.br\/blog\/sefaz-pr-auditor-fiscal\/#primaryimage\"},\"image\":{\"@id\":\"https:\/\/www.estrategiaconcursos.com.br\/blog\/sefaz-pr-auditor-fiscal\/#primaryimage\"},\"thumbnailUrl\":\"https:\/\/dhg1h5j42swfq.cloudfront.net\/2021\/03\/24101943\/sefaz-pr.jpg\",\"datePublished\":\"2021-08-11T18:43:40+00:00\",\"dateModified\":\"2021-08-11T18:57:56+00:00\",\"description\":\"Concurso Sefaz PR Auditor Fiscal: Comiss\u00e3o respons\u00e1vel pelos trabalhos acerca do cargo ser\u00e1 formado nos pr\u00f3ximos dias. Acesse e saiba mais!\",\"breadcrumb\":{\"@id\":\"https:\/\/www.estrategiaconcursos.com.br\/blog\/sefaz-pr-auditor-fiscal\/#breadcrumb\"},\"inLanguage\":\"pt-BR\",\"potentialAction\":[{\"@type\":\"ReadAction\",\"target\":[\"https:\/\/www.estrategiaconcursos.com.br\/blog\/sefaz-pr-auditor-fiscal\/\"]}]},{\"@type\":\"ImageObject\",\"inLanguage\":\"pt-BR\",\"@id\":\"https:\/\/www.estrategiaconcursos.com.br\/blog\/sefaz-pr-auditor-fiscal\/#primaryimage\",\"url\":\"https:\/\/dhg1h5j42swfq.cloudfront.net\/2021\/03\/24101943\/sefaz-pr.jpg\",\"contentUrl\":\"https:\/\/dhg1h5j42swfq.cloudfront.net\/2021\/03\/24101943\/sefaz-pr.jpg\",\"width\":1200,\"height\":628,\"caption\":\"Concurso Sefaz PR: divulgado resultado final da discursiva!\"},{\"@type\":\"BreadcrumbList\",\"@id\":\"https:\/\/www.estrategiaconcursos.com.br\/blog\/sefaz-pr-auditor-fiscal\/#breadcrumb\",\"itemListElement\":[{\"@type\":\"ListItem\",\"position\":1,\"name\":\"In\u00edcio\",\"item\":\"https:\/\/www.estrategiaconcursos.com.br\/blog\/\"},{\"@type\":\"ListItem\",\"position\":2,\"name\":\"Concurso Sefaz PR: Comiss\u00e3o para Auditor Fiscal em breve!\"}]},{\"@type\":\"WebSite\",\"@id\":\"https:\/\/www.estrategiaconcursos.com.br\/blog\/#website\",\"url\":\"https:\/\/www.estrategiaconcursos.com.br\/blog\/\",\"name\":\"Estrat\u00e9gia Concursos\",\"description\":\"O blog da Estrat\u00e9gia Concursos traz not\u00edcias sobre concursos e artigos de professores oferecendo cursos para concursos (pdf + videaulas) no site.\",\"publisher\":{\"@id\":\"https:\/\/www.estrategiaconcursos.com.br\/blog\/#organization\"},\"potentialAction\":[{\"@type\":\"SearchAction\",\"target\":{\"@type\":\"EntryPoint\",\"urlTemplate\":\"https:\/\/www.estrategiaconcursos.com.br\/blog\/?s={search_term_string}\"},\"query-input\":{\"@type\":\"PropertyValueSpecification\",\"valueRequired\":true,\"valueName\":\"search_term_string\"}}],\"inLanguage\":\"pt-BR\"},{\"@type\":\"Organization\",\"@id\":\"https:\/\/www.estrategiaconcursos.com.br\/blog\/#organization\",\"name\":\"Estrat\u00e9gia Concursos\",\"url\":\"https:\/\/www.estrategiaconcursos.com.br\/blog\/\",\"logo\":{\"@type\":\"ImageObject\",\"inLanguage\":\"pt-BR\",\"@id\":\"https:\/\/www.estrategiaconcursos.com.br\/blog\/#\/schema\/logo\/image\/\",\"url\":\"https:\/\/dhg1h5j42swfq.cloudfront.net\/2025\/06\/03203428\/logo_concursos-1.jpg\",\"contentUrl\":\"https:\/\/dhg1h5j42swfq.cloudfront.net\/2025\/06\/03203428\/logo_concursos-1.jpg\",\"width\":230,\"height\":60,\"caption\":\"Estrat\u00e9gia Concursos\"},\"image\":{\"@id\":\"https:\/\/www.estrategiaconcursos.com.br\/blog\/#\/schema\/logo\/image\/\"},\"sameAs\":[\"https:\/\/x.com\/EstratConcursos\"]},{\"@type\":\"Person\",\"@id\":\"https:\/\/www.estrategiaconcursos.com.br\/blog\/#\/schema\/person\/e3b6b7ce0192dd4ad270655969d61750\",\"name\":\"F\u00e1bio Scaldelai\",\"image\":{\"@type\":\"ImageObject\",\"inLanguage\":\"pt-BR\",\"@id\":\"https:\/\/secure.gravatar.com\/avatar\/8ed7492c4d88d8495bc0cb24cda6847b8ae23eec459a919e08e77d0ca0fd79ec?s=96&d=mm&r=g\",\"url\":\"https:\/\/secure.gravatar.com\/avatar\/8ed7492c4d88d8495bc0cb24cda6847b8ae23eec459a919e08e77d0ca0fd79ec?s=96&d=mm&r=g\",\"contentUrl\":\"https:\/\/secure.gravatar.com\/avatar\/8ed7492c4d88d8495bc0cb24cda6847b8ae23eec459a919e08e77d0ca0fd79ec?s=96&d=mm&r=g\",\"caption\":\"F\u00e1bio Scaldelai\"},\"description\":\"Jornalista no Estrat\u00e9gia Concursos e Produtor de Televis\u00e3o, formado em Jornalismo, R\u00e1dio e TV pela Faculdade Integrada Rio Branco, com especializa\u00e7\u00f5es em Gest\u00e3o Empresarial e Marketing pelo M\u00f3dulo. Atuou como produtor no SBT, TV Bandeirantes e R\u00e1dio Band FM, al\u00e9m de acumular tr\u00eas anos de experi\u00eancia no setor de concursos p\u00fablicos pela LFG (Luiz Fl\u00e1vio Gomes). No Estrat\u00e9gia Concursos, atua na apura\u00e7\u00e3o de not\u00edcias da \u00e1rea fiscal, al\u00e9m de coberturas sobre concursos das \u00e1reas de controle (TCU, TCE, etc), concurso AFT, \u00e1rea de gest\u00e3o e administrativa, bem como dos \u00f3rg\u00e3os participantes do CNU. Tamb\u00e9m possui experi\u00eancia em link building e an\u00e1lise de m\u00eddia, adquirida durante sua atua\u00e7\u00e3o na ag\u00eancia SEO Marketing.\",\"url\":\"https:\/\/www.estrategiaconcursos.com.br\/blog\/author\/fabio-scaldelaiestrategiaconcursos-com-br\/\"}]}<\/script>\n<!-- \/ Yoast SEO Premium plugin. -->","yoast_head_json":{"title":"Concurso Sefaz PR: Comiss\u00e3o para Auditor Fiscal em breve!","description":"Concurso Sefaz PR Auditor Fiscal: Comiss\u00e3o respons\u00e1vel pelos trabalhos acerca do cargo ser\u00e1 formado nos pr\u00f3ximos dias. Acesse e saiba mais!","robots":{"index":"index","follow":"follow","max-snippet":"max-snippet:-1","max-image-preview":"max-image-preview:large","max-video-preview":"max-video-preview:-1"},"canonical":"https:\/\/www.estrategiaconcursos.com.br\/blog\/sefaz-pr-auditor-fiscal\/","og_locale":"pt_BR","og_type":"article","og_title":"Concurso Sefaz PR: Comiss\u00e3o para Auditor Fiscal em breve!","og_description":"Concurso Sefaz PR Auditor Fiscal: Comiss\u00e3o respons\u00e1vel pelos trabalhos acerca do cargo ser\u00e1 formado nos pr\u00f3ximos dias. Acesse e saiba mais!","og_url":"https:\/\/www.estrategiaconcursos.com.br\/blog\/sefaz-pr-auditor-fiscal\/","og_site_name":"Estrat\u00e9gia Concursos","article_published_time":"2021-08-11T18:43:40+00:00","article_modified_time":"2021-08-11T18:57:56+00:00","og_image":[{"width":1200,"height":628,"url":"https:\/\/dhg1h5j42swfq.cloudfront.net\/2021\/03\/24101943\/sefaz-pr.jpg","type":"image\/jpeg"}],"author":"F\u00e1bio Scaldelai","twitter_card":"summary_large_image","twitter_creator":"@EstratConcursos","twitter_site":"@EstratConcursos","twitter_misc":{"Escrito por":"F\u00e1bio Scaldelai","Est. tempo de leitura":"3 minutos"},"schema":{"@context":"https:\/\/schema.org","@graph":[{"@type":"NewsArticle","@id":"https:\/\/www.estrategiaconcursos.com.br\/blog\/sefaz-pr-auditor-fiscal\/#article","isPartOf":{"@id":"https:\/\/www.estrategiaconcursos.com.br\/blog\/sefaz-pr-auditor-fiscal\/"},"author":{"name":"F\u00e1bio Scaldelai","@id":"https:\/\/www.estrategiaconcursos.com.br\/blog\/#\/schema\/person\/e3b6b7ce0192dd4ad270655969d61750"},"headline":"Concurso Sefaz PR: Comiss\u00e3o para Auditor Fiscal em breve!","datePublished":"2021-08-11T18:43:40+00:00","dateModified":"2021-08-11T18:57:56+00:00","mainEntityOfPage":{"@id":"https:\/\/www.estrategiaconcursos.com.br\/blog\/sefaz-pr-auditor-fiscal\/"},"wordCount":629,"commentCount":0,"publisher":{"@id":"https:\/\/www.estrategiaconcursos.com.br\/blog\/#organization"},"image":{"@id":"https:\/\/www.estrategiaconcursos.com.br\/blog\/sefaz-pr-auditor-fiscal\/#primaryimage"},"thumbnailUrl":"https:\/\/dhg1h5j42swfq.cloudfront.net\/2021\/03\/24101943\/sefaz-pr.jpg","articleSection":["Fiscal - Estadual (ICMS)","\u00daltimas not\u00edcias"],"inLanguage":"pt-BR","potentialAction":[{"@type":"CommentAction","name":"Comment","target":["https:\/\/www.estrategiaconcursos.com.br\/blog\/sefaz-pr-auditor-fiscal\/#respond"]}],"copyrightYear":"2021","copyrightHolder":{"@id":"https:\/\/www.estrategiaconcursos.com.br\/blog\/#organization"}},{"@type":"WebPage","@id":"https:\/\/www.estrategiaconcursos.com.br\/blog\/sefaz-pr-auditor-fiscal\/","url":"https:\/\/www.estrategiaconcursos.com.br\/blog\/sefaz-pr-auditor-fiscal\/","name":"Concurso Sefaz PR: Comiss\u00e3o para Auditor Fiscal em breve!","isPartOf":{"@id":"https:\/\/www.estrategiaconcursos.com.br\/blog\/#website"},"primaryImageOfPage":{"@id":"https:\/\/www.estrategiaconcursos.com.br\/blog\/sefaz-pr-auditor-fiscal\/#primaryimage"},"image":{"@id":"https:\/\/www.estrategiaconcursos.com.br\/blog\/sefaz-pr-auditor-fiscal\/#primaryimage"},"thumbnailUrl":"https:\/\/dhg1h5j42swfq.cloudfront.net\/2021\/03\/24101943\/sefaz-pr.jpg","datePublished":"2021-08-11T18:43:40+00:00","dateModified":"2021-08-11T18:57:56+00:00","description":"Concurso Sefaz PR Auditor Fiscal: Comiss\u00e3o respons\u00e1vel pelos trabalhos acerca do cargo ser\u00e1 formado nos pr\u00f3ximos dias. Acesse e saiba mais!","breadcrumb":{"@id":"https:\/\/www.estrategiaconcursos.com.br\/blog\/sefaz-pr-auditor-fiscal\/#breadcrumb"},"inLanguage":"pt-BR","potentialAction":[{"@type":"ReadAction","target":["https:\/\/www.estrategiaconcursos.com.br\/blog\/sefaz-pr-auditor-fiscal\/"]}]},{"@type":"ImageObject","inLanguage":"pt-BR","@id":"https:\/\/www.estrategiaconcursos.com.br\/blog\/sefaz-pr-auditor-fiscal\/#primaryimage","url":"https:\/\/dhg1h5j42swfq.cloudfront.net\/2021\/03\/24101943\/sefaz-pr.jpg","contentUrl":"https:\/\/dhg1h5j42swfq.cloudfront.net\/2021\/03\/24101943\/sefaz-pr.jpg","width":1200,"height":628,"caption":"Concurso Sefaz PR: divulgado resultado final da discursiva!"},{"@type":"BreadcrumbList","@id":"https:\/\/www.estrategiaconcursos.com.br\/blog\/sefaz-pr-auditor-fiscal\/#breadcrumb","itemListElement":[{"@type":"ListItem","position":1,"name":"In\u00edcio","item":"https:\/\/www.estrategiaconcursos.com.br\/blog\/"},{"@type":"ListItem","position":2,"name":"Concurso Sefaz PR: Comiss\u00e3o para Auditor Fiscal em breve!"}]},{"@type":"WebSite","@id":"https:\/\/www.estrategiaconcursos.com.br\/blog\/#website","url":"https:\/\/www.estrategiaconcursos.com.br\/blog\/","name":"Estrat\u00e9gia Concursos","description":"O blog da Estrat\u00e9gia Concursos traz not\u00edcias sobre concursos e artigos de professores oferecendo cursos para concursos (pdf + videaulas) no site.","publisher":{"@id":"https:\/\/www.estrategiaconcursos.com.br\/blog\/#organization"},"potentialAction":[{"@type":"SearchAction","target":{"@type":"EntryPoint","urlTemplate":"https:\/\/www.estrategiaconcursos.com.br\/blog\/?s={search_term_string}"},"query-input":{"@type":"PropertyValueSpecification","valueRequired":true,"valueName":"search_term_string"}}],"inLanguage":"pt-BR"},{"@type":"Organization","@id":"https:\/\/www.estrategiaconcursos.com.br\/blog\/#organization","name":"Estrat\u00e9gia Concursos","url":"https:\/\/www.estrategiaconcursos.com.br\/blog\/","logo":{"@type":"ImageObject","inLanguage":"pt-BR","@id":"https:\/\/www.estrategiaconcursos.com.br\/blog\/#\/schema\/logo\/image\/","url":"https:\/\/dhg1h5j42swfq.cloudfront.net\/2025\/06\/03203428\/logo_concursos-1.jpg","contentUrl":"https:\/\/dhg1h5j42swfq.cloudfront.net\/2025\/06\/03203428\/logo_concursos-1.jpg","width":230,"height":60,"caption":"Estrat\u00e9gia Concursos"},"image":{"@id":"https:\/\/www.estrategiaconcursos.com.br\/blog\/#\/schema\/logo\/image\/"},"sameAs":["https:\/\/x.com\/EstratConcursos"]},{"@type":"Person","@id":"https:\/\/www.estrategiaconcursos.com.br\/blog\/#\/schema\/person\/e3b6b7ce0192dd4ad270655969d61750","name":"F\u00e1bio Scaldelai","image":{"@type":"ImageObject","inLanguage":"pt-BR","@id":"https:\/\/secure.gravatar.com\/avatar\/8ed7492c4d88d8495bc0cb24cda6847b8ae23eec459a919e08e77d0ca0fd79ec?s=96&d=mm&r=g","url":"https:\/\/secure.gravatar.com\/avatar\/8ed7492c4d88d8495bc0cb24cda6847b8ae23eec459a919e08e77d0ca0fd79ec?s=96&d=mm&r=g","contentUrl":"https:\/\/secure.gravatar.com\/avatar\/8ed7492c4d88d8495bc0cb24cda6847b8ae23eec459a919e08e77d0ca0fd79ec?s=96&d=mm&r=g","caption":"F\u00e1bio Scaldelai"},"description":"Jornalista no Estrat\u00e9gia Concursos e Produtor de Televis\u00e3o, formado em Jornalismo, R\u00e1dio e TV pela Faculdade Integrada Rio Branco, com especializa\u00e7\u00f5es em Gest\u00e3o Empresarial e Marketing pelo M\u00f3dulo. Atuou como produtor no SBT, TV Bandeirantes e R\u00e1dio Band FM, al\u00e9m de acumular tr\u00eas anos de experi\u00eancia no setor de concursos p\u00fablicos pela LFG (Luiz Fl\u00e1vio Gomes). No Estrat\u00e9gia Concursos, atua na apura\u00e7\u00e3o de not\u00edcias da \u00e1rea fiscal, al\u00e9m de coberturas sobre concursos das \u00e1reas de controle (TCU, TCE, etc), concurso AFT, \u00e1rea de gest\u00e3o e administrativa, bem como dos \u00f3rg\u00e3os participantes do CNU. Tamb\u00e9m possui experi\u00eancia em link building e an\u00e1lise de m\u00eddia, adquirida durante sua atua\u00e7\u00e3o na ag\u00eancia SEO Marketing.","url":"https:\/\/www.estrategiaconcursos.com.br\/blog\/author\/fabio-scaldelaiestrategiaconcursos-com-br\/"}]}},"_links":{"self":[{"href":"https:\/\/www.estrategiaconcursos.com.br\/blog\/wp-json\/wp\/v2\/posts\/833610","targetHints":{"allow":["GET"]}}],"collection":[{"href":"https:\/\/www.estrategiaconcursos.com.br\/blog\/wp-json\/wp\/v2\/posts"}],"about":[{"href":"https:\/\/www.estrategiaconcursos.com.br\/blog\/wp-json\/wp\/v2\/types\/post"}],"author":[{"embeddable":true,"href":"https:\/\/www.estrategiaconcursos.com.br\/blog\/wp-json\/wp\/v2\/users\/656"}],"replies":[{"embeddable":true,"href":"https:\/\/www.estrategiaconcursos.com.br\/blog\/wp-json\/wp\/v2\/comments?post=833610"}],"version-history":[{"count":16,"href":"https:\/\/www.estrategiaconcursos.com.br\/blog\/wp-json\/wp\/v2\/posts\/833610\/revisions"}],"predecessor-version":[{"id":833709,"href":"https:\/\/www.estrategiaconcursos.com.br\/blog\/wp-json\/wp\/v2\/posts\/833610\/revisions\/833709"}],"wp:featuredmedia":[{"embeddable":true,"href":"https:\/\/www.estrategiaconcursos.com.br\/blog\/wp-json\/wp\/v2\/media\/700049"}],"wp:attachment":[{"href":"https:\/\/www.estrategiaconcursos.com.br\/blog\/wp-json\/wp\/v2\/media?parent=833610"}],"wp:term":[{"taxonomy":"category","embeddable":true,"href":"https:\/\/www.estrategiaconcursos.com.br\/blog\/wp-json\/wp\/v2\/categories?post=833610"},{"taxonomy":"post_tag","embeddable":true,"href":"https:\/\/www.estrategiaconcursos.com.br\/blog\/wp-json\/wp\/v2\/tags?post=833610"},{"taxonomy":"tax_estado","embeddable":true,"href":"https:\/\/www.estrategiaconcursos.com.br\/blog\/wp-json\/wp\/v2\/tax_estado?post=833610"}],"curies":[{"name":"wp","href":"https:\/\/api.w.org\/{rel}","templated":true}]}}