{"id":833560,"date":"2021-08-11T15:11:19","date_gmt":"2021-08-11T18:11:19","guid":{"rendered":"https:\/\/www.estrategiaconcursos.com.br\/blog\/?p=833560"},"modified":"2021-08-11T17:25:52","modified_gmt":"2021-08-11T20:25:52","slug":"concursos-rs-aprovado-plc-que-suspende-validade-de-editais","status":"publish","type":"post","link":"https:\/\/www.estrategiaconcursos.com.br\/blog\/concursos-rs-aprovado-plc-que-suspende-validade-de-editais\/","title":{"rendered":"Concursos RS: Aprovado PLC que suspende validade de editais"},"content":{"rendered":"\n<p>Ap\u00f3s cerca de um m\u00eas da aprova\u00e7\u00e3o un\u00e2nime do <a href=\"https:\/\/estado.rs.gov.br\/sancao-do-plc-165-2021\" target=\"_blank\" rel=\"noreferrer noopener\">projeto de Lei Complementar 165\/2021<\/a>, esse foi ontem (10) sancionado pelo Governador do Estado do Rio Grande do Sul, Eduardo Leite. Em sua forma mais simples, o PLC suspende o prazo de validade dos concursos p\u00fablicos durante o per\u00edodo do estado de calamidade sanit\u00e1ria no RS.<\/p>\n\n\n\n<p>A delibera\u00e7\u00e3o por evento h\u00edbrido, presencial e virtual, foi uma iniciativa dos deputados estaduais Luiz Fernando Mainardi e Neri o Carteiro, que posteriormente a articula\u00e7\u00e3o com o l\u00edder do governo, deputado Frederico Antunes, se transformou em uma proposta do Poder Executivo. <\/p>\n\n\n\n<p>Conforme destaque do titular da Secretaria de Planejamento, Governan\u00e7a e Gest\u00e3o, Claudio Gastal: <em>\u201cisso nos d\u00e1 um pulm\u00e3o para n\u00e3o ter que come\u00e7ar um concurso do zero, o que leva muito mais tempo, por isso, nos permite ter esse pulm\u00e3o caso venha a ser necess\u00e1rio e o espa\u00e7o fiscal do e Estado permita que se fa\u00e7a o chamamento<\/em>\u201d.<\/p>\n\n\n\n<div class=\"wp-block-image\"><figure class=\"aligncenter is-resized\"><img loading=\"lazy\" decoding=\"async\" src=\"https:\/\/estado.rs.gov.br\/upload\/recortes\/202108\/10140802_1987563_GDO.JPG\" alt=\"PLC VALIDADE CONCURSOS RS\" width=\"600\" height=\"400\"\/><figcaption><em><strong>Governador Eduardo Leite, secret\u00e1rios de Estado e parlamentares na assinatura do PLC &#8211;&nbsp;Foto: Felipe Dalla Valle\/Pal\u00e1cio Piratini<\/strong><\/em><\/figcaption><\/figure><\/div>\n\n\n\n<p>Notoriamente, o PLC permite tamb\u00e9m uma reorganiza\u00e7\u00e3o das nomea\u00e7\u00f5es ante aos impactos econ\u00f4micos do distanciamento social ao qual diversos setores ga\u00fachos est\u00e3o, hoje, acometidos.<\/p>\n\n\n\n<p>Dessa forma, ficam suspensos os prazos de validade dos processos seletivos estaduais do per\u00edodo entre 19 de mar\u00e7o e 31 de dezembro de 2020. Entretanto, vale ressaltar que o PLC 165\/2021 n\u00e3o impede a nomea\u00e7\u00e3o dos aprovados nos concursos p\u00fablicos RS, bem como a realiza\u00e7\u00e3o de seus passos restantes.<\/p>\n\n\n\n<p>Ademais, delineada pelo pessoal de governo juntamente com a Assembleia Legislativa, a raia vale para todos os concursos homologados pela administra\u00e7\u00e3o direta ou indireta do Estado at\u00e9 a data da emiss\u00e3o do Decreto Legislativo 11.220, de 19 de mar\u00e7o de 2020.<\/p>\n\n\n\n<p class=\"has-text-align-center\"><em>Para ficar por dentro de todas as atualiza\u00e7\u00f5es fresquinhas correspondentes aos concursos previstos do RS, confira um artigo completo, de f\u00e1cil compreens\u00e3o, que elaboramos exclusivamente para voc\u00ea!<\/em><\/p>\n\n\n\n<p class=\"has-text-align-center has-luminous-vivid-amber-background-color has-background\" style=\"font-size:clamp(14.642px, 0.915rem + ((1vw - 3.2px) * 0.721), 22px);px\"><strong>Mais informa\u00e7\u00f5es: <a href=\"https:\/\/www.estrategiaconcursos.com.br\/blog\/concursos-rs\/\" target=\"_blank\" rel=\"noreferrer noopener\">Concursos RS<\/a><\/strong><\/p>\n\n\n\n<hr class=\"wp-block-separator\"\/>\n\n\n\n<h2 class=\"has-text-align-center wp-block-heading\" id=\"h-quer-estudar-para-um-concurso-conhe-a-os-melhores-cursos-e-assinaturas\">Quer estudar para um concurso? <em>Conhe\u00e7a os melhores cursos e assinaturas!<\/em><\/h2>\n\n\n\n<div class=\"container\" id=\"boxes\">\n  <div class=\"row\">\n\n    <div class=\"col-sm\">\n      <div class=\"banner-estrategia\" id=\"box-assinatura\">\n        <h3 class=\"titulo-assinatura\">Cursos para concursos<\/h3>\n        <p class=\"subtitulo-assinatura\">Estude conosco<\/p>\n        <div class=\"box-botao\">\n          <a class=\"btn-assinatura\" target=\"_blank\" href=\"https:\/\/www.estrategiaconcursos.com.br\/cursos\/\" role=\"button\" rel=\"noopener noreferrer\">Conhe\u00e7a os cursos<\/a>\n        <\/div>\n      <\/div>\n     \n    <\/div>\n\n  <\/div>\n<\/div>\n\n\n\n<div class=\"container\" id=\"boxes\">\n  <div class=\"row\">\n\n    <div class=\"col-sm\">\n      <div class=\"estrategia\" id=\"box-assinatura\">\n        <h3 class=\"titulo-assinatura\">Assinatura Concursos<\/h3>\n        <p class=\"subtitulo-assinatura\">Assinatura de 1 ano ou 2 anos<\/p>\n        <div class=\"box-botao\">\n          <a class=\"btn-assinatura\" target=\"_blank\" href=\"https:\/\/www.estrategiaconcursos.com.br\/assinaturas\/\" role=\"button\" rel=\"noopener noreferrer\">ASSINE AGORA<\/a>\n        <\/div>\n      <\/div><\/div><\/div><\/div>\n\n\n\n<div class=\"container\" id=\"boxes\">\n  <div class=\"row\">\n\n    <div class=\"col-sm\" id=\"boxes-concursos\">\n      <div style=\"background-color: #005DAD;\" class=\"conteudo-concursos\" id=\"box-concursos\">\n        <h3 class=\"titulo-assinatura\">Concursos Abertos<\/h3>\n        <p class=\"subtitulo-assinatura\">Confira os editais publicados<\/p>\n        <div class=\"box-botao\">\n          <a class=\"btn-assinatura\" target=\"_blank\" href=\"https:\/\/www.estrategiaconcursos.com.br\/blog\/concursos-abertos\/\" role=\"button\" rel=\"noopener noreferrer\">Conhe\u00e7a Agora<\/a>\n        <\/div>\n      <\/div>\n    <\/div>\n\n    <div class=\"col-sm\" id=\"boxes-concursos\">\n      <div style=\"background-color: #1A7ED5;\" class=\"conteudo-concursos\" id=\"box-concursos\">\n        <h3 class=\"titulo-assinatura\">Concursos 2021<\/h3>\n        <p class=\"subtitulo-assinatura\">As oportunidades previstas<\/p>\n        <div class=\"box-botao\">\n          <a class=\"btn-assinatura\" target=\"_blank\" href=\"https:\/\/www.estrategiaconcursos.com.br\/blog\/concursos-2021\/\" role=\"button\" rel=\"noopener noreferrer\">Conhe\u00e7a Agora<\/a>\n        <\/div>\n      <\/div>\n    <\/div>\n\n    <div class=\"col-sm\" id=\"boxes-concursos\">\n      <div style=\"background-color: #419FF0;\" class=\"conteudo-concursos\" id=\"box-concursos\">\n        <h3 class=\"titulo-assinatura\">Concursos 2022<\/h3>\n        <p class=\"subtitulo-assinatura\">Vagas para o pr\u00f3ximo ano<\/p>\n        <div class=\"box-botao\">\n          <a class=\"btn-assinatura\" target=\"_blank\" href=\"https:\/\/www.estrategiaconcursos.com.br\/blog\/concursos-2022\/\" role=\"button\" rel=\"noopener noreferrer\">Conhe\u00e7a Agora<\/a>\n        <\/div>\n      <\/div>\n    <\/div>\n\n  <\/div>\n<\/div>\n","protected":false},"excerpt":{"rendered":"<p>Ap\u00f3s cerca de um m\u00eas da aprova\u00e7\u00e3o un\u00e2nime do projeto de Lei Complementar 165\/2021, esse foi ontem (10) sancionado pelo Governador do Estado do Rio Grande do Sul, Eduardo Leite. Em sua forma mais simples, o PLC suspende o prazo de validade dos concursos p\u00fablicos durante o per\u00edodo do estado de calamidade sanit\u00e1ria no RS. [&hellip;]<\/p>\n","protected":false},"author":2099,"featured_media":698480,"comment_status":"open","ping_status":"closed","sticky":false,"template":"","format":"standard","meta":{"post_tipo":"news","footnotes":""},"categories":[1,220219],"tags":[],"tax_estado":[219986],"class_list":["post-833560","post","type-post","status-publish","format-standard","has-post-thumbnail","hentry","category-cursos-e-concursos","category-noticias","tax_estado-rs"],"acf":[],"yoast_head":"<!-- This site is optimized with the Yoast SEO Premium plugin v27.2 (Yoast SEO v27.2) - https:\/\/yoast.com\/product\/yoast-seo-premium-wordpress\/ -->\n<title>Concursos RS: Aprovado PLC que suspende validade de editais<\/title>\n<meta name=\"description\" content=\"Por novo PLC, ficam suspensos os prazos de validade dos concursos RS do per\u00edodo entre 19 de mar\u00e7o e 31 de dezembro do ano de 2020. Entenda!\" \/>\n<meta name=\"robots\" content=\"index, follow, max-snippet:-1, max-image-preview:large, max-video-preview:-1\" \/>\n<link rel=\"canonical\" href=\"https:\/\/www.estrategiaconcursos.com.br\/blog\/concursos-rs-aprovado-plc-que-suspende-validade-de-editais\/\" \/>\n<meta property=\"og:locale\" content=\"pt_BR\" \/>\n<meta property=\"og:type\" content=\"article\" \/>\n<meta property=\"og:title\" content=\"Concursos RS: Aprovado PLC que suspende validade de editais\" \/>\n<meta property=\"og:description\" content=\"Por novo PLC, ficam suspensos os prazos de validade dos concursos RS do per\u00edodo entre 19 de mar\u00e7o e 31 de dezembro do ano de 2020. Entenda!\" \/>\n<meta property=\"og:url\" content=\"https:\/\/www.estrategiaconcursos.com.br\/blog\/concursos-rs-aprovado-plc-que-suspende-validade-de-editais\/\" \/>\n<meta property=\"og:site_name\" content=\"Estrat\u00e9gia Concursos\" \/>\n<meta property=\"article:published_time\" content=\"2021-08-11T18:11:19+00:00\" \/>\n<meta property=\"article:modified_time\" content=\"2021-08-11T20:25:52+00:00\" \/>\n<meta property=\"og:image\" content=\"https:\/\/dhg1h5j42swfq.cloudfront.net\/2021\/03\/22153510\/concursos-rio-grande-do-sul.jpg\" \/>\n\t<meta property=\"og:image:width\" content=\"1200\" \/>\n\t<meta property=\"og:image:height\" content=\"628\" \/>\n\t<meta property=\"og:image:type\" content=\"image\/jpeg\" \/>\n<meta name=\"author\" content=\"Elo\u00edsa da Rosa Ferro\" \/>\n<meta name=\"twitter:card\" content=\"summary_large_image\" \/>\n<meta name=\"twitter:creator\" content=\"@EstratConcursos\" \/>\n<meta name=\"twitter:site\" content=\"@EstratConcursos\" \/>\n<meta name=\"twitter:label1\" content=\"Escrito por\" \/>\n\t<meta name=\"twitter:data1\" content=\"Elo\u00edsa da Rosa Ferro\" \/>\n\t<meta name=\"twitter:label2\" content=\"Est. tempo de leitura\" \/>\n\t<meta name=\"twitter:data2\" content=\"2 minutos\" \/>\n<script type=\"application\/ld+json\" class=\"yoast-schema-graph\">{\"@context\":\"https:\/\/schema.org\",\"@graph\":[{\"@type\":\"NewsArticle\",\"@id\":\"https:\/\/www.estrategiaconcursos.com.br\/blog\/concursos-rs-aprovado-plc-que-suspende-validade-de-editais\/#article\",\"isPartOf\":{\"@id\":\"https:\/\/www.estrategiaconcursos.com.br\/blog\/concursos-rs-aprovado-plc-que-suspende-validade-de-editais\/\"},\"author\":{\"name\":\"Elo\u00edsa da Rosa Ferro\",\"@id\":\"https:\/\/www.estrategiaconcursos.com.br\/blog\/#\/schema\/person\/57d9394bb68400dbec62ff8a943ab201\"},\"headline\":\"Concursos RS: Aprovado PLC que suspende validade de editais\",\"datePublished\":\"2021-08-11T18:11:19+00:00\",\"dateModified\":\"2021-08-11T20:25:52+00:00\",\"mainEntityOfPage\":{\"@id\":\"https:\/\/www.estrategiaconcursos.com.br\/blog\/concursos-rs-aprovado-plc-que-suspende-validade-de-editais\/\"},\"wordCount\":416,\"commentCount\":0,\"publisher\":{\"@id\":\"https:\/\/www.estrategiaconcursos.com.br\/blog\/#organization\"},\"image\":{\"@id\":\"https:\/\/www.estrategiaconcursos.com.br\/blog\/concursos-rs-aprovado-plc-que-suspende-validade-de-editais\/#primaryimage\"},\"thumbnailUrl\":\"https:\/\/dhg1h5j42swfq.cloudfront.net\/2021\/03\/22153510\/concursos-rio-grande-do-sul.jpg\",\"articleSection\":[\"Concursos P\u00fablicos\",\"\u00daltimas not\u00edcias\"],\"inLanguage\":\"pt-BR\",\"potentialAction\":[{\"@type\":\"CommentAction\",\"name\":\"Comment\",\"target\":[\"https:\/\/www.estrategiaconcursos.com.br\/blog\/concursos-rs-aprovado-plc-que-suspende-validade-de-editais\/#respond\"]}],\"copyrightYear\":\"2021\",\"copyrightHolder\":{\"@id\":\"https:\/\/www.estrategiaconcursos.com.br\/blog\/#organization\"}},{\"@type\":\"WebPage\",\"@id\":\"https:\/\/www.estrategiaconcursos.com.br\/blog\/concursos-rs-aprovado-plc-que-suspende-validade-de-editais\/\",\"url\":\"https:\/\/www.estrategiaconcursos.com.br\/blog\/concursos-rs-aprovado-plc-que-suspende-validade-de-editais\/\",\"name\":\"Concursos RS: Aprovado PLC que suspende validade de editais\",\"isPartOf\":{\"@id\":\"https:\/\/www.estrategiaconcursos.com.br\/blog\/#website\"},\"primaryImageOfPage\":{\"@id\":\"https:\/\/www.estrategiaconcursos.com.br\/blog\/concursos-rs-aprovado-plc-que-suspende-validade-de-editais\/#primaryimage\"},\"image\":{\"@id\":\"https:\/\/www.estrategiaconcursos.com.br\/blog\/concursos-rs-aprovado-plc-que-suspende-validade-de-editais\/#primaryimage\"},\"thumbnailUrl\":\"https:\/\/dhg1h5j42swfq.cloudfront.net\/2021\/03\/22153510\/concursos-rio-grande-do-sul.jpg\",\"datePublished\":\"2021-08-11T18:11:19+00:00\",\"dateModified\":\"2021-08-11T20:25:52+00:00\",\"description\":\"Por novo PLC, ficam suspensos os prazos de validade dos concursos RS do per\u00edodo entre 19 de mar\u00e7o e 31 de dezembro do ano de 2020. Entenda!\",\"breadcrumb\":{\"@id\":\"https:\/\/www.estrategiaconcursos.com.br\/blog\/concursos-rs-aprovado-plc-que-suspende-validade-de-editais\/#breadcrumb\"},\"inLanguage\":\"pt-BR\",\"potentialAction\":[{\"@type\":\"ReadAction\",\"target\":[\"https:\/\/www.estrategiaconcursos.com.br\/blog\/concursos-rs-aprovado-plc-que-suspende-validade-de-editais\/\"]}]},{\"@type\":\"ImageObject\",\"inLanguage\":\"pt-BR\",\"@id\":\"https:\/\/www.estrategiaconcursos.com.br\/blog\/concursos-rs-aprovado-plc-que-suspende-validade-de-editais\/#primaryimage\",\"url\":\"https:\/\/dhg1h5j42swfq.cloudfront.net\/2021\/03\/22153510\/concursos-rio-grande-do-sul.jpg\",\"contentUrl\":\"https:\/\/dhg1h5j42swfq.cloudfront.net\/2021\/03\/22153510\/concursos-rio-grande-do-sul.jpg\",\"width\":1200,\"height\":628,\"caption\":\"Concurso Consisa\"},{\"@type\":\"BreadcrumbList\",\"@id\":\"https:\/\/www.estrategiaconcursos.com.br\/blog\/concursos-rs-aprovado-plc-que-suspende-validade-de-editais\/#breadcrumb\",\"itemListElement\":[{\"@type\":\"ListItem\",\"position\":1,\"name\":\"In\u00edcio\",\"item\":\"https:\/\/www.estrategiaconcursos.com.br\/blog\/\"},{\"@type\":\"ListItem\",\"position\":2,\"name\":\"Concursos RS: Aprovado PLC que suspende validade de editais\"}]},{\"@type\":\"WebSite\",\"@id\":\"https:\/\/www.estrategiaconcursos.com.br\/blog\/#website\",\"url\":\"https:\/\/www.estrategiaconcursos.com.br\/blog\/\",\"name\":\"Estrat\u00e9gia Concursos\",\"description\":\"O blog da Estrat\u00e9gia Concursos traz not\u00edcias sobre concursos e artigos de professores oferecendo cursos para concursos (pdf + videaulas) no site.\",\"publisher\":{\"@id\":\"https:\/\/www.estrategiaconcursos.com.br\/blog\/#organization\"},\"potentialAction\":[{\"@type\":\"SearchAction\",\"target\":{\"@type\":\"EntryPoint\",\"urlTemplate\":\"https:\/\/www.estrategiaconcursos.com.br\/blog\/?s={search_term_string}\"},\"query-input\":{\"@type\":\"PropertyValueSpecification\",\"valueRequired\":true,\"valueName\":\"search_term_string\"}}],\"inLanguage\":\"pt-BR\"},{\"@type\":\"Organization\",\"@id\":\"https:\/\/www.estrategiaconcursos.com.br\/blog\/#organization\",\"name\":\"Estrat\u00e9gia Concursos\",\"url\":\"https:\/\/www.estrategiaconcursos.com.br\/blog\/\",\"logo\":{\"@type\":\"ImageObject\",\"inLanguage\":\"pt-BR\",\"@id\":\"https:\/\/www.estrategiaconcursos.com.br\/blog\/#\/schema\/logo\/image\/\",\"url\":\"https:\/\/dhg1h5j42swfq.cloudfront.net\/2025\/06\/03203428\/logo_concursos-1.jpg\",\"contentUrl\":\"https:\/\/dhg1h5j42swfq.cloudfront.net\/2025\/06\/03203428\/logo_concursos-1.jpg\",\"width\":230,\"height\":60,\"caption\":\"Estrat\u00e9gia Concursos\"},\"image\":{\"@id\":\"https:\/\/www.estrategiaconcursos.com.br\/blog\/#\/schema\/logo\/image\/\"},\"sameAs\":[\"https:\/\/x.com\/EstratConcursos\"]},{\"@type\":\"Person\",\"@id\":\"https:\/\/www.estrategiaconcursos.com.br\/blog\/#\/schema\/person\/57d9394bb68400dbec62ff8a943ab201\",\"name\":\"Elo\u00edsa da Rosa Ferro\",\"image\":{\"@type\":\"ImageObject\",\"inLanguage\":\"pt-BR\",\"@id\":\"https:\/\/secure.gravatar.com\/avatar\/?s=96&d=mm&r=g\",\"url\":\"https:\/\/secure.gravatar.com\/avatar\/?s=96&d=mm&r=g\",\"contentUrl\":\"https:\/\/secure.gravatar.com\/avatar\/?s=96&d=mm&r=g\",\"caption\":\"Elo\u00edsa da Rosa Ferro\"},\"url\":\"https:\/\/www.estrategiaconcursos.com.br\/blog\/author\/eloisa-ferro\/\"}]}<\/script>\n<!-- \/ Yoast SEO Premium plugin. -->","yoast_head_json":{"title":"Concursos RS: Aprovado PLC que suspende validade de editais","description":"Por novo PLC, ficam suspensos os prazos de validade dos concursos RS do per\u00edodo entre 19 de mar\u00e7o e 31 de dezembro do ano de 2020. Entenda!","robots":{"index":"index","follow":"follow","max-snippet":"max-snippet:-1","max-image-preview":"max-image-preview:large","max-video-preview":"max-video-preview:-1"},"canonical":"https:\/\/www.estrategiaconcursos.com.br\/blog\/concursos-rs-aprovado-plc-que-suspende-validade-de-editais\/","og_locale":"pt_BR","og_type":"article","og_title":"Concursos RS: Aprovado PLC que suspende validade de editais","og_description":"Por novo PLC, ficam suspensos os prazos de validade dos concursos RS do per\u00edodo entre 19 de mar\u00e7o e 31 de dezembro do ano de 2020. Entenda!","og_url":"https:\/\/www.estrategiaconcursos.com.br\/blog\/concursos-rs-aprovado-plc-que-suspende-validade-de-editais\/","og_site_name":"Estrat\u00e9gia Concursos","article_published_time":"2021-08-11T18:11:19+00:00","article_modified_time":"2021-08-11T20:25:52+00:00","og_image":[{"width":1200,"height":628,"url":"https:\/\/dhg1h5j42swfq.cloudfront.net\/2021\/03\/22153510\/concursos-rio-grande-do-sul.jpg","type":"image\/jpeg"}],"author":"Elo\u00edsa da Rosa Ferro","twitter_card":"summary_large_image","twitter_creator":"@EstratConcursos","twitter_site":"@EstratConcursos","twitter_misc":{"Escrito por":"Elo\u00edsa da Rosa Ferro","Est. tempo de leitura":"2 minutos"},"schema":{"@context":"https:\/\/schema.org","@graph":[{"@type":"NewsArticle","@id":"https:\/\/www.estrategiaconcursos.com.br\/blog\/concursos-rs-aprovado-plc-que-suspende-validade-de-editais\/#article","isPartOf":{"@id":"https:\/\/www.estrategiaconcursos.com.br\/blog\/concursos-rs-aprovado-plc-que-suspende-validade-de-editais\/"},"author":{"name":"Elo\u00edsa da Rosa Ferro","@id":"https:\/\/www.estrategiaconcursos.com.br\/blog\/#\/schema\/person\/57d9394bb68400dbec62ff8a943ab201"},"headline":"Concursos RS: Aprovado PLC que suspende validade de editais","datePublished":"2021-08-11T18:11:19+00:00","dateModified":"2021-08-11T20:25:52+00:00","mainEntityOfPage":{"@id":"https:\/\/www.estrategiaconcursos.com.br\/blog\/concursos-rs-aprovado-plc-que-suspende-validade-de-editais\/"},"wordCount":416,"commentCount":0,"publisher":{"@id":"https:\/\/www.estrategiaconcursos.com.br\/blog\/#organization"},"image":{"@id":"https:\/\/www.estrategiaconcursos.com.br\/blog\/concursos-rs-aprovado-plc-que-suspende-validade-de-editais\/#primaryimage"},"thumbnailUrl":"https:\/\/dhg1h5j42swfq.cloudfront.net\/2021\/03\/22153510\/concursos-rio-grande-do-sul.jpg","articleSection":["Concursos P\u00fablicos","\u00daltimas not\u00edcias"],"inLanguage":"pt-BR","potentialAction":[{"@type":"CommentAction","name":"Comment","target":["https:\/\/www.estrategiaconcursos.com.br\/blog\/concursos-rs-aprovado-plc-que-suspende-validade-de-editais\/#respond"]}],"copyrightYear":"2021","copyrightHolder":{"@id":"https:\/\/www.estrategiaconcursos.com.br\/blog\/#organization"}},{"@type":"WebPage","@id":"https:\/\/www.estrategiaconcursos.com.br\/blog\/concursos-rs-aprovado-plc-que-suspende-validade-de-editais\/","url":"https:\/\/www.estrategiaconcursos.com.br\/blog\/concursos-rs-aprovado-plc-que-suspende-validade-de-editais\/","name":"Concursos RS: Aprovado PLC que suspende validade de editais","isPartOf":{"@id":"https:\/\/www.estrategiaconcursos.com.br\/blog\/#website"},"primaryImageOfPage":{"@id":"https:\/\/www.estrategiaconcursos.com.br\/blog\/concursos-rs-aprovado-plc-que-suspende-validade-de-editais\/#primaryimage"},"image":{"@id":"https:\/\/www.estrategiaconcursos.com.br\/blog\/concursos-rs-aprovado-plc-que-suspende-validade-de-editais\/#primaryimage"},"thumbnailUrl":"https:\/\/dhg1h5j42swfq.cloudfront.net\/2021\/03\/22153510\/concursos-rio-grande-do-sul.jpg","datePublished":"2021-08-11T18:11:19+00:00","dateModified":"2021-08-11T20:25:52+00:00","description":"Por novo PLC, ficam suspensos os prazos de validade dos concursos RS do per\u00edodo entre 19 de mar\u00e7o e 31 de dezembro do ano de 2020. Entenda!","breadcrumb":{"@id":"https:\/\/www.estrategiaconcursos.com.br\/blog\/concursos-rs-aprovado-plc-que-suspende-validade-de-editais\/#breadcrumb"},"inLanguage":"pt-BR","potentialAction":[{"@type":"ReadAction","target":["https:\/\/www.estrategiaconcursos.com.br\/blog\/concursos-rs-aprovado-plc-que-suspende-validade-de-editais\/"]}]},{"@type":"ImageObject","inLanguage":"pt-BR","@id":"https:\/\/www.estrategiaconcursos.com.br\/blog\/concursos-rs-aprovado-plc-que-suspende-validade-de-editais\/#primaryimage","url":"https:\/\/dhg1h5j42swfq.cloudfront.net\/2021\/03\/22153510\/concursos-rio-grande-do-sul.jpg","contentUrl":"https:\/\/dhg1h5j42swfq.cloudfront.net\/2021\/03\/22153510\/concursos-rio-grande-do-sul.jpg","width":1200,"height":628,"caption":"Concurso Consisa"},{"@type":"BreadcrumbList","@id":"https:\/\/www.estrategiaconcursos.com.br\/blog\/concursos-rs-aprovado-plc-que-suspende-validade-de-editais\/#breadcrumb","itemListElement":[{"@type":"ListItem","position":1,"name":"In\u00edcio","item":"https:\/\/www.estrategiaconcursos.com.br\/blog\/"},{"@type":"ListItem","position":2,"name":"Concursos RS: Aprovado PLC que suspende validade de editais"}]},{"@type":"WebSite","@id":"https:\/\/www.estrategiaconcursos.com.br\/blog\/#website","url":"https:\/\/www.estrategiaconcursos.com.br\/blog\/","name":"Estrat\u00e9gia Concursos","description":"O blog da Estrat\u00e9gia Concursos traz not\u00edcias sobre concursos e artigos de professores oferecendo cursos para concursos (pdf + videaulas) no site.","publisher":{"@id":"https:\/\/www.estrategiaconcursos.com.br\/blog\/#organization"},"potentialAction":[{"@type":"SearchAction","target":{"@type":"EntryPoint","urlTemplate":"https:\/\/www.estrategiaconcursos.com.br\/blog\/?s={search_term_string}"},"query-input":{"@type":"PropertyValueSpecification","valueRequired":true,"valueName":"search_term_string"}}],"inLanguage":"pt-BR"},{"@type":"Organization","@id":"https:\/\/www.estrategiaconcursos.com.br\/blog\/#organization","name":"Estrat\u00e9gia Concursos","url":"https:\/\/www.estrategiaconcursos.com.br\/blog\/","logo":{"@type":"ImageObject","inLanguage":"pt-BR","@id":"https:\/\/www.estrategiaconcursos.com.br\/blog\/#\/schema\/logo\/image\/","url":"https:\/\/dhg1h5j42swfq.cloudfront.net\/2025\/06\/03203428\/logo_concursos-1.jpg","contentUrl":"https:\/\/dhg1h5j42swfq.cloudfront.net\/2025\/06\/03203428\/logo_concursos-1.jpg","width":230,"height":60,"caption":"Estrat\u00e9gia Concursos"},"image":{"@id":"https:\/\/www.estrategiaconcursos.com.br\/blog\/#\/schema\/logo\/image\/"},"sameAs":["https:\/\/x.com\/EstratConcursos"]},{"@type":"Person","@id":"https:\/\/www.estrategiaconcursos.com.br\/blog\/#\/schema\/person\/57d9394bb68400dbec62ff8a943ab201","name":"Elo\u00edsa da Rosa Ferro","image":{"@type":"ImageObject","inLanguage":"pt-BR","@id":"https:\/\/secure.gravatar.com\/avatar\/?s=96&d=mm&r=g","url":"https:\/\/secure.gravatar.com\/avatar\/?s=96&d=mm&r=g","contentUrl":"https:\/\/secure.gravatar.com\/avatar\/?s=96&d=mm&r=g","caption":"Elo\u00edsa da Rosa Ferro"},"url":"https:\/\/www.estrategiaconcursos.com.br\/blog\/author\/eloisa-ferro\/"}]}},"_links":{"self":[{"href":"https:\/\/www.estrategiaconcursos.com.br\/blog\/wp-json\/wp\/v2\/posts\/833560","targetHints":{"allow":["GET"]}}],"collection":[{"href":"https:\/\/www.estrategiaconcursos.com.br\/blog\/wp-json\/wp\/v2\/posts"}],"about":[{"href":"https:\/\/www.estrategiaconcursos.com.br\/blog\/wp-json\/wp\/v2\/types\/post"}],"author":[{"embeddable":true,"href":"https:\/\/www.estrategiaconcursos.com.br\/blog\/wp-json\/wp\/v2\/users\/2099"}],"replies":[{"embeddable":true,"href":"https:\/\/www.estrategiaconcursos.com.br\/blog\/wp-json\/wp\/v2\/comments?post=833560"}],"version-history":[{"count":11,"href":"https:\/\/www.estrategiaconcursos.com.br\/blog\/wp-json\/wp\/v2\/posts\/833560\/revisions"}],"predecessor-version":[{"id":833871,"href":"https:\/\/www.estrategiaconcursos.com.br\/blog\/wp-json\/wp\/v2\/posts\/833560\/revisions\/833871"}],"wp:featuredmedia":[{"embeddable":true,"href":"https:\/\/www.estrategiaconcursos.com.br\/blog\/wp-json\/wp\/v2\/media\/698480"}],"wp:attachment":[{"href":"https:\/\/www.estrategiaconcursos.com.br\/blog\/wp-json\/wp\/v2\/media?parent=833560"}],"wp:term":[{"taxonomy":"category","embeddable":true,"href":"https:\/\/www.estrategiaconcursos.com.br\/blog\/wp-json\/wp\/v2\/categories?post=833560"},{"taxonomy":"post_tag","embeddable":true,"href":"https:\/\/www.estrategiaconcursos.com.br\/blog\/wp-json\/wp\/v2\/tags?post=833560"},{"taxonomy":"tax_estado","embeddable":true,"href":"https:\/\/www.estrategiaconcursos.com.br\/blog\/wp-json\/wp\/v2\/tax_estado?post=833560"}],"curies":[{"name":"wp","href":"https:\/\/api.w.org\/{rel}","templated":true}]}}