{"id":831779,"date":"2021-08-26T10:00:00","date_gmt":"2021-08-26T13:00:00","guid":{"rendered":"https:\/\/www.estrategiaconcursos.com.br\/blog\/?p=831779"},"modified":"2022-09-13T16:21:32","modified_gmt":"2022-09-13T19:21:32","slug":"edital-sefaz-rr-2021","status":"publish","type":"post","link":"https:\/\/www.estrategiaconcursos.com.br\/blog\/edital-sefaz-rr-2021\/","title":{"rendered":"Edital Sefaz RR: inscri\u00e7\u00f5es abertas at\u00e9 24 de setembro!"},"content":{"rendered":"\n<p>Est\u00e3o abertas as inscri\u00e7\u00f5es do <strong>edital Sefaz RR<\/strong> (Secretaria de Estado da Fazenda de Roraima). Sob organiza\u00e7\u00e3o do <strong><a href=\"https:\/\/www.cebraspe.org.br\/concursos\/SEFAZ_RR_21\" target=\"_blank\" rel=\"noreferrer noopener\">Cebraspe<\/a><\/strong>, as inscri\u00e7\u00f5es ficam abertas at\u00e9<strong> 24 de setembro<\/strong>. Tamb\u00e9m \u00e9 necess\u00e1rio pagar uma taxa que foi fixada em R$ 110,00.<\/p>\n\n\n\n<p>Conforme j\u00e1 previsto, s\u00e3o ofertadas 20 vagas imediatas, bem como forma\u00e7\u00e3o de cadastro de reserva, para o cargo de <strong><a href=\"https:\/\/www.estrategiaconcursos.com.br\/cursosPorConcurso\/secretaria-da-fazenda-do-estado-de-roraima-sefaz-rr\/\" target=\"_blank\" rel=\"noreferrer noopener\">Auditor Fiscal de Tributos Estaduais<\/a><\/strong>.<\/p>\n\n\n\n<p>Para ingressar no cargo, \u00e9 necess\u00e1rio possuir <strong>n\u00edvel superior em qualquer \u00e1rea de forma\u00e7\u00e3o<\/strong>. A remunera\u00e7\u00e3o inicial, conforme o edital de abertura, \u00e9 de <strong><em>R$ 2.412,97<\/em><\/strong>, acrescida de Gratifica\u00e7\u00e3o de Est\u00edmulo \u00e0 Produtividade.<\/p>\n\n\n\n<p>Entretanto, n\u00e3o se deixe enganar por esse baixo valor, pois o valor real \u00e9 10 vezes maior, isso j\u00e1 contando com os descontos obrigat\u00f3rios!<\/p>\n\n\n\n<p>A avalia\u00e7\u00e3o dos candidatos ser\u00e1 realizada atrav\u00e9s de duas etapas, sendo uma <strong>Prova Objetiva<\/strong>, prevista para o primeiro domingo de novembro (7), e um <strong>Curso de Forma\u00e7\u00e3o<\/strong>.<\/p>\n\n\n\n<p>Ao longo deste artigo reunimos as principais informa\u00e7\u00f5es sobre o edital do concurso Sefaz RR. Acompanhe e n\u00e3o perca nada!<\/p>\n\n\n<figure class=\"wp-block-embed-youtube wp-block-embed is-type-video is-provider-youtube wp-embed-aspect-16-9 wp-has-aspect-ratio\"><div class=\"lyte-wrapper\" style=\"width:853px;max-width:100%;margin:5px;\"><div class=\"lyMe\" id=\"WYL_WoRVuQibEhk\"><div id=\"lyte_WoRVuQibEhk\" data-src=\"\/\/i.ytimg.com\/vi\/WoRVuQibEhk\/hqdefault.jpg\" class=\"pL\"><div class=\"tC\"><div class=\"tT\"><\/div><\/div><div class=\"play\"><\/div><div class=\"ctrl\"><div class=\"Lctrl\"><\/div><div class=\"Rctrl\"><\/div><\/div><\/div><noscript><a href=\"https:\/\/youtu.be\/WoRVuQibEhk\" rel=\"nofollow\"><img loading=\"lazy\" decoding=\"async\" src=\"https:\/\/i.ytimg.com\/vi\/WoRVuQibEhk\/0.jpg\" alt=\"YouTube video thumbnail\" width=\"853\" height=\"460\" \/><br \/>Assista a este v\u00eddeo no YouTube<\/a><\/noscript><\/div><\/div><div class=\"lL\" style=\"max-width:100%;width:853px;margin:5px;\"><\/div><figcaption><\/figcaption><\/figure>\n\n\n<div class=\"container\" id=\"boxes\">\n  <div class=\"row\">\n\n    <div class=\"col-sm\">\n      <div class=\"banner-estrategia\" id=\"box-assinatura\">\n        <h3 class=\"titulo-assinatura\">Concurso Sefaz RR<\/h3>\n        <p class=\"subtitulo-assinatura\">Conhe\u00e7a os cursos<\/p>\n        <div class=\"box-botao\">\n          <a class=\"btn-assinatura\" target=\"_blank\" href=\"https:\/\/www.estrategiaconcursos.com.br\/cursosPorConcurso\/secretaria-da-fazenda-do-estado-de-roraima-sefaz-rr\/\" role=\"button\" rel=\"noopener noreferrer\">Conhe\u00e7a mais<\/a>\n        <\/div>\n      <\/div><\/div><\/div><\/div>\n\n\n\n<h2 class=\"wp-block-heading\" id=\"h-datas-do-edital-sefaz-rr\">Datas do Edital Sefaz RR<\/h2>\n\n\n\n<ul class=\"wp-block-list\" id=\"block-b4e4558b-9f06-4b03-a1c8-a9ea7824a702\"><li><strong>Inscri\u00e7\u00f5es:<\/strong> 26\/08 a 24\/09\/21<\/li><li><strong>Isen\u00e7\u00e3o da taxa:<\/strong> 26\/08 a 24\/09\/21<\/li><li><strong>Pagamento da taxa:<\/strong> at\u00e9 13\/10\/21<\/li><li><strong>Data da prova:<\/strong> 07\/11\/21<\/li><\/ul>\n\n\n\n<h2 class=\"wp-block-heading\" id=\"vagas\">Distribui\u00e7\u00e3o das vagas de Auditor<\/h2>\n\n\n\n<figure class=\"wp-block-table is-style-stripes\"><table class=\"has-background has-fixed-layout\" style=\"background-color:#e7f5fe\"><thead><tr><th class=\"has-text-align-center\" data-align=\"center\">Tipo de vaga<\/th><th class=\"has-text-align-center\" data-align=\"center\">Vagas <\/th><\/tr><\/thead><tbody><tr><td class=\"has-text-align-center\" data-align=\"center\">Ampla concorr\u00eancia<\/td><td class=\"has-text-align-center\" data-align=\"center\">18 + CR<\/td><\/tr><tr><td class=\"has-text-align-center\" data-align=\"center\">PcD<\/td><td class=\"has-text-align-center\" data-align=\"center\">02 + CR<\/td><\/tr><tr><td class=\"has-text-align-center\" data-align=\"center\"><strong>TOTAL<\/strong><\/td><td class=\"has-text-align-center\" data-align=\"center\"><strong>20<\/strong><\/td><\/tr><\/tbody><\/table><\/figure>\n\n\n\n<h2 class=\"wp-block-heading\" id=\"etapas\">Etapas do Edital Sefaz RR 2021<\/h2>\n\n\n\n<p>O concurso da Secretaria da Fazenda de Roraima se valer\u00e1 de duas etapas de car\u00e1ter eliminat\u00f3rio e classificat\u00f3rio:<\/p>\n\n\n\n<ul class=\"wp-block-list\"><li>Prova Objetiva (50 quest\u00f5es de conhecimentos gerais e 50 de espec\u00edficos);<\/li><li>Curso de forma\u00e7\u00e3o profissional.<\/li><\/ul>\n\n\n\n<div class=\"wp-block-columns is-layout-flex wp-container-core-columns-is-layout-28f84493 wp-block-columns-is-layout-flex\">\n<div class=\"wp-block-column is-layout-flow wp-block-column-is-layout-flow\">\n<h3 class=\"wp-block-heading\" id=\"objetiva\">Prova Objetiva<\/h3>\n\n\n\n<p>As provas objetivas ter\u00e3o a dura\u00e7\u00e3o de&nbsp;<strong>5 horas&nbsp;<\/strong>e ser\u00e3o aplicadas no turno da manh\u00e3. Ser\u00e3o, no total&nbsp;<strong>100 quest\u00f5es<\/strong>, sendo 50 de conhecimentos gerais e 50 de conhecimentos espec\u00edficos.<\/p>\n\n\n\n<p>Os itens ser\u00e3o do tipo&nbsp;<strong>m\u00faltipla escolha<\/strong>, com cinco alternativas de resposta (A, B, C, D, E).<\/p>\n\n\n\n<figure class=\"wp-block-image aligncenter size-large\"><img loading=\"lazy\" decoding=\"async\" width=\"589\" height=\"320\" src=\"https:\/\/dhg1h5j42swfq.cloudfront.net\/2021\/08\/20182812\/image-413.png\" alt=\"\" class=\"wp-image-841707\" srcset=\"https:\/\/dhg1h5j42swfq.cloudfront.net\/2021\/08\/20182812\/image-413.png 589w, https:\/\/dhg1h5j42swfq.cloudfront.net\/2021\/08\/20182812\/image-413-300x163.png 300w\" sizes=\"auto, (max-width: 589px) 100vw, 589px\" \/><\/figure>\n<\/div>\n<\/div>\n\n\n\n<h3 class=\"wp-block-heading\" id=\"curso\">Curso de Forma\u00e7\u00e3o<\/h3>\n\n\n\n<p>Os candidatos aprovados e classificados na primeira fase do certame ser\u00e3o submetidos ao <strong>Curso de Treinamento <\/strong>com carga hor\u00e1ria de <strong>88 horas<\/strong>, de participa\u00e7\u00e3o obrigat\u00f3ria, com <strong>aproveitamento m\u00ednimo de 30%<\/strong> por disciplina ministrada.<\/p>\n\n\n\n<p><strong>Conte\u00fado program\u00e1tico do curso de forma\u00e7\u00e3o: <\/strong><\/p>\n\n\n\n<ul class=\"wp-block-list\"><li>Direito Tribut\u00e1rio e Direito Penal \u2013 carga hor\u00e1ria total de 24 horas: Abordagem gen\u00e9rica do Direito Tribut\u00e1rio Brasileiro, com \u00eanfase na compet\u00eancia tribut\u00e1ria estadual e Direito Tribut\u00e1rio Penal, com \u00eanfase nos crimes contra a ordem tribut\u00e1ria.<\/li><li>Legisla\u00e7\u00e3o Tribut\u00e1ria 1 \u2013 carga hor\u00e1ria total de 24 horas: Abordagem da Legisla\u00e7\u00e3o Tribut\u00e1ria Estadual, com \u00eanfase nos documentos eletr\u00f4nicos e sistema de escritura\u00e7\u00e3o digital (NFe, CTe, MDFe, BPe, NF3e e SPED).<\/li><li>Legisla\u00e7\u00e3o Tribut\u00e1ria 2 e Contabilidade Geral \u2013 carga hor\u00e1ria total de 24 horas: Abordagem da Legisla\u00e7\u00e3o Tribut\u00e1ria com \u00eanfase nos dispositivos legais da a\u00e7\u00e3o fiscal (art. 840 a 906 do RICMS-RR) e contabilidade com \u00eanfase em auditoria fiscal e tribut\u00e1ria.<\/li><li>Administra\u00e7\u00e3o P\u00fablica \u2013 carga hor\u00e1ria total de 16 horas: Abordagem do Regime Jur\u00eddico do Grupo TAF (LC 008\/94), LC 053\/2001, Estrutura Organizacional da SEFAZ-RR (Regimento Interno da SEFAZ-RR), Lei 072\/94 (Contencioso Administrativo Fiscal), Lei 773\/2010 (Corregedoria Fazend\u00e1ria) e \u00e9tica no servi\u00e7o p\u00fablico.<\/li><\/ul>\n\n\n\n<h3 class=\"wp-block-heading\" id=\"estrategico\">Edital Estrat\u00e9gico Sefaz RR<\/h3>\n\n\n\n<p><strong>O que \u00e9 o Edital Estrat\u00e9gico?<\/strong>&nbsp;Trata-se de uma planilha com recursos para ajud\u00e1-los no registro das diferentes tarefas de estudo: teoria, revis\u00e3o e exerc\u00edcios. O registro de cada tarefa ser\u00e1 feito para cada assunto exigido no conte\u00fado program\u00e1tico do edital.<\/p>\n\n\n\n<ul class=\"wp-block-list\"><li><a href=\"https:\/\/docs.google.com\/spreadsheets\/u\/1\/d\/1YFmCYcBpSAgMSHo6QUXhK9FEAceC9KP1\/edit?usp=sharing&amp;ouid=117192946593289605908&amp;rtpof=true&amp;sd=true\" target=\"_blank\" rel=\"noreferrer noopener\"><strong>Auditor Fiscal de Tributos Estaduais<\/strong><\/a>.<\/li><\/ul>\n\n\n\n<p class=\"has-text-align-center has-luminous-vivid-amber-background-color has-background has-medium-font-size\"><strong>Mais informa\u00e7\u00f5es: <a href=\"https:\/\/www.estrategiaconcursos.com.br\/blog\/concurso-sefaz-rr\/\" target=\"_blank\" rel=\"noreferrer noopener\">Concurso Sefaz RR<\/a><\/strong><\/p>\n\n\n\n<h3 class=\"wp-block-heading\" id=\"guia\">Guia de Estudos para Sefaz RR<\/h3>\n\n\n\n<p>Os&nbsp;Guias&nbsp;s\u00e3o artigos postados no site do Estrat\u00e9gia Concursos com links para&nbsp;Cadernos de Quest\u00f5es, por&nbsp;Mat\u00e9ria, customizados de acordo com o conte\u00fado program\u00e1tico de cada edital.<\/p>\n\n\n\n<p class=\"has-text-align-center has-background\" id=\"block-e50198be-95d6-41df-aed5-56f36fe8b1c7\" style=\"background-color:#e0e5e9\"><strong><a href=\"https:\/\/www.estrategiaconcursos.com.br\/blog\/guia-de-estudos-sefaz-rr-2021\/\" target=\"_blank\" rel=\"noreferrer noopener\">Guia de Estudos \u2013 Sefaz RR<\/a><\/strong><\/p>\n\n\n\n<hr class=\"wp-block-separator has-css-opacity\"\/>\n\n\n\n<h2 class=\"has-text-align-center wp-block-heading\" id=\"quer\">Quer estudar para o concurso Sefaz RR?<\/h2>\n\n\n\n<div class=\"container\" id=\"boxes\">\n  <div class=\"row\">\n\n    <div class=\"col-sm\">\n      <div class=\"banner-estrategia\" id=\"box-assinatura\">\n        <h3 class=\"titulo-assinatura\">Concurso Sefaz RR<\/h3>\n        <p class=\"subtitulo-assinatura\">Conhe\u00e7a os cursos<\/p>\n        <div class=\"box-botao\">\n          <a class=\"btn-assinatura\" target=\"_blank\" href=\"https:\/\/www.estrategiaconcursos.com.br\/cursosPorConcurso\/secretaria-da-fazenda-do-estado-de-roraima-sefaz-rr\/\" role=\"button\" rel=\"noopener noreferrer\">Conhe\u00e7a mais<\/a>\n        <\/div>\n      <\/div><\/div><\/div><\/div>\n\n\n\n<div class=\"container\" id=\"boxes\">\n  <div class=\"row\">\n\n    <div class=\"col-sm\">\n      <div class=\"estrategia\" id=\"box-assinatura\">\n        <h3 class=\"titulo-assinatura\">Assinatura Concursos<\/h3>\n        <p class=\"subtitulo-assinatura\">Assinatura de 1 ano ou 2 anos<\/p>\n        <div class=\"box-botao\">\n          <a class=\"btn-assinatura\" target=\"_blank\" href=\"https:\/\/www.estrategiaconcursos.com.br\/assinaturas\/\" role=\"button\" rel=\"noopener noreferrer\">ASSINE AGORA<\/a>\n        <\/div>\n      <\/div><\/div><\/div><\/div>\n\n\n\n<p class=\"has-text-align-center\" id=\"block-1627f801-39be-4532-899c-bee7486d8f71\"><em><strong>Caso voc\u00ea queira acompanhar de perto as novidades nos concursos p\u00fablicos, recomendamos visitar os seguintes artigos<\/strong><\/em>:<\/p>\n\n\n\n<div class=\"container\" id=\"boxes\">\n  <div class=\"row\">\n\n    <div class=\"col-sm\" id=\"boxes-concursos\">\n      <div style=\"background-color: #005DAD;\" class=\"conteudo-concursos\" id=\"box-concursos\">\n        <h3 class=\"titulo-assinatura\">Concursos Abertos<\/h3>\n        <p class=\"subtitulo-assinatura\">Confira os editais publicados<\/p>\n        <div class=\"box-botao\">\n          <a class=\"btn-assinatura\" target=\"_blank\" href=\"https:\/\/www.estrategiaconcursos.com.br\/blog\/concursos-abertos\/\" role=\"button\" rel=\"noopener noreferrer\">Conhe\u00e7a Agora<\/a>\n        <\/div>\n      <\/div>\n    <\/div>\n\n    <div class=\"col-sm\" id=\"boxes-concursos\">\n      <div style=\"background-color: #1A7ED5;\" class=\"conteudo-concursos\" id=\"box-concursos\">\n        <h3 class=\"titulo-assinatura\">Concursos 2021<\/h3>\n        <p class=\"subtitulo-assinatura\">As oportunidades previstas<\/p>\n        <div class=\"box-botao\">\n          <a class=\"btn-assinatura\" target=\"_blank\" href=\"https:\/\/www.estrategiaconcursos.com.br\/blog\/concursos-2021\/\" role=\"button\" rel=\"noopener noreferrer\">Conhe\u00e7a Agora<\/a>\n        <\/div>\n      <\/div>\n    <\/div>\n\n    <div class=\"col-sm\" id=\"boxes-concursos\">\n      <div style=\"background-color: #419FF0;\" class=\"conteudo-concursos\" id=\"box-concursos\">\n        <h3 class=\"titulo-assinatura\">Concursos 2022<\/h3>\n        <p class=\"subtitulo-assinatura\">Vagas para o pr\u00f3ximo ano<\/p>\n        <div class=\"box-botao\">\n          <a class=\"btn-assinatura\" target=\"_blank\" href=\"https:\/\/www.estrategiaconcursos.com.br\/blog\/concursos-2022\/\" role=\"button\" rel=\"noopener noreferrer\">Conhe\u00e7a Agora<\/a>\n        <\/div>\n      <\/div>\n    <\/div>\n\n  <\/div>\n<\/div>\n\n\n\n<figure class=\"wp-block-image size-large is-resized\"><img loading=\"lazy\" decoding=\"async\" src=\"https:\/\/dhg1h5j42swfq.cloudfront.net\/2021\/04\/16143008\/ficha-tecnica-141-1024x632.png\" alt=\"Ficha t\u00e9cnica do edital Sefaz RR\" class=\"wp-image-715694\" width=\"269\" height=\"166\" srcset=\"https:\/\/dhg1h5j42swfq.cloudfront.net\/2021\/04\/16143008\/ficha-tecnica-141-1024x632.png 1024w, https:\/\/dhg1h5j42swfq.cloudfront.net\/2021\/04\/16143008\/ficha-tecnica-141-300x185.png 300w, https:\/\/dhg1h5j42swfq.cloudfront.net\/2021\/04\/16143008\/ficha-tecnica-141-768x474.png 768w, https:\/\/dhg1h5j42swfq.cloudfront.net\/2021\/04\/16143008\/ficha-tecnica-141-1536x948.png 1536w, https:\/\/dhg1h5j42swfq.cloudfront.net\/2021\/04\/16143008\/ficha-tecnica-141-610x377.png 610w, https:\/\/dhg1h5j42swfq.cloudfront.net\/2021\/04\/16143008\/ficha-tecnica-141.png 1571w\" sizes=\"auto, (max-width: 269px) 100vw, 269px\" \/><\/figure>\n\n\n\n<h3 class=\"wp-block-heading\" id=\"ficha-tecnica\">Informa\u00e7\u00f5es do concurso Sefaz RR<\/h3>\n\n\n\n<ul class=\"wp-block-list\"><li><strong>Inscri\u00e7\u00f5es:<\/strong> 26\/08 a 24\/09\/21<\/li><li><strong>Data da prova: <\/strong>07\/11<\/li><li><strong>Vagas: <\/strong>20 + CR<\/li><li><strong>Cargos<\/strong>: Auditor Fiscal de Tributos Estaduais<\/li><li><strong>Banca: <\/strong>Cebraspe<\/li><li><strong>Escolaridade: <\/strong>N\u00edvel superior <\/li><li><strong>Edital:<\/strong> <a href=\"https:\/\/dhg1h5j42swfq.cloudfront.net\/2021\/08\/20170403\/ed_1_sefaz_rr_abertura-2.pdf\" target=\"_blank\" rel=\"noreferrer noopener nofollow\">Concurso Sefaz RR 2021<\/a><\/li><\/ul>\n","protected":false},"excerpt":{"rendered":"<p>Est\u00e3o abertas as inscri\u00e7\u00f5es do edital Sefaz RR (Secretaria de Estado da Fazenda de Roraima). Sob organiza\u00e7\u00e3o do Cebraspe, as inscri\u00e7\u00f5es ficam abertas at\u00e9 24 de setembro. Tamb\u00e9m \u00e9 necess\u00e1rio pagar uma taxa que foi fixada em R$ 110,00. Conforme j\u00e1 previsto, s\u00e3o ofertadas 20 vagas imediatas, bem como forma\u00e7\u00e3o de cadastro de reserva, para [&hellip;]<\/p>\n","protected":false},"author":1276,"featured_media":698527,"comment_status":"open","ping_status":"closed","sticky":false,"template":"","format":"standard","meta":{"post_tipo":"news","footnotes":""},"categories":[1983,220219],"tags":[],"tax_estado":[219985],"class_list":["post-831779","post","type-post","status-publish","format-standard","has-post-thumbnail","hentry","category-fiscal-estadual","category-noticias","tax_estado-rr"],"acf":[],"yoast_head":"<!-- This site is optimized with the Yoast SEO Premium plugin v27.2 (Yoast SEO v27.2) - https:\/\/yoast.com\/product\/yoast-seo-premium-wordpress\/ -->\n<title>Edital Sefaz RR: inscri\u00e7\u00f5es abertas at\u00e9 24 de setembro!<\/title>\n<meta name=\"description\" content=\"Concurso Sefaz RR: inscri\u00e7\u00f5es abertas com 20 vagas imediatas mais forma\u00e7\u00e3o de cadastro reserva. Provas em novembro! Confira mais detalhes.\" \/>\n<meta name=\"robots\" content=\"index, follow, max-snippet:-1, max-image-preview:large, max-video-preview:-1\" \/>\n<link rel=\"canonical\" href=\"https:\/\/www.estrategiaconcursos.com.br\/blog\/edital-sefaz-rr-2021\/\" \/>\n<meta property=\"og:locale\" content=\"pt_BR\" \/>\n<meta property=\"og:type\" content=\"article\" \/>\n<meta property=\"og:title\" content=\"Edital Sefaz RR: inscri\u00e7\u00f5es abertas at\u00e9 24 de setembro!\" \/>\n<meta property=\"og:description\" content=\"Concurso Sefaz RR: inscri\u00e7\u00f5es abertas com 20 vagas imediatas mais forma\u00e7\u00e3o de cadastro reserva. Provas em novembro! Confira mais detalhes.\" \/>\n<meta property=\"og:url\" content=\"https:\/\/www.estrategiaconcursos.com.br\/blog\/edital-sefaz-rr-2021\/\" \/>\n<meta property=\"og:site_name\" content=\"Estrat\u00e9gia Concursos\" \/>\n<meta property=\"article:published_time\" content=\"2021-08-26T13:00:00+00:00\" \/>\n<meta property=\"article:modified_time\" content=\"2022-09-13T19:21:32+00:00\" \/>\n<meta property=\"og:image\" content=\"https:\/\/dhg1h5j42swfq.cloudfront.net\/2021\/03\/22154929\/sefaz-rr.jpg\" \/>\n\t<meta property=\"og:image:width\" content=\"1200\" \/>\n\t<meta property=\"og:image:height\" content=\"628\" \/>\n\t<meta property=\"og:image:type\" content=\"image\/jpeg\" \/>\n<meta name=\"author\" content=\"Victor Shinichi Tanaka\" \/>\n<meta name=\"twitter:card\" content=\"summary_large_image\" \/>\n<meta name=\"twitter:creator\" content=\"@EstratConcursos\" \/>\n<meta name=\"twitter:site\" content=\"@EstratConcursos\" \/>\n<meta name=\"twitter:label1\" content=\"Escrito por\" \/>\n\t<meta name=\"twitter:data1\" content=\"Victor Shinichi Tanaka\" \/>\n\t<meta name=\"twitter:label2\" content=\"Est. tempo de leitura\" \/>\n\t<meta name=\"twitter:data2\" content=\"4 minutos\" \/>\n<script type=\"application\/ld+json\" class=\"yoast-schema-graph\">{\"@context\":\"https:\/\/schema.org\",\"@graph\":[{\"@type\":\"NewsArticle\",\"@id\":\"https:\/\/www.estrategiaconcursos.com.br\/blog\/edital-sefaz-rr-2021\/#article\",\"isPartOf\":{\"@id\":\"https:\/\/www.estrategiaconcursos.com.br\/blog\/edital-sefaz-rr-2021\/\"},\"author\":{\"name\":\"Victor Shinichi Tanaka\",\"@id\":\"https:\/\/www.estrategiaconcursos.com.br\/blog\/#\/schema\/person\/602a4eaf2bed921c107675da3a65b0e0\"},\"headline\":\"Edital Sefaz RR: inscri\u00e7\u00f5es abertas at\u00e9 24 de setembro!\",\"datePublished\":\"2021-08-26T13:00:00+00:00\",\"dateModified\":\"2022-09-13T19:21:32+00:00\",\"mainEntityOfPage\":{\"@id\":\"https:\/\/www.estrategiaconcursos.com.br\/blog\/edital-sefaz-rr-2021\/\"},\"wordCount\":764,\"commentCount\":0,\"publisher\":{\"@id\":\"https:\/\/www.estrategiaconcursos.com.br\/blog\/#organization\"},\"image\":{\"@id\":\"https:\/\/www.estrategiaconcursos.com.br\/blog\/edital-sefaz-rr-2021\/#primaryimage\"},\"thumbnailUrl\":\"https:\/\/dhg1h5j42swfq.cloudfront.net\/2021\/03\/22154929\/sefaz-rr.jpg\",\"articleSection\":[\"Fiscal - Estadual (ICMS)\",\"\u00daltimas not\u00edcias\"],\"inLanguage\":\"pt-BR\",\"potentialAction\":[{\"@type\":\"CommentAction\",\"name\":\"Comment\",\"target\":[\"https:\/\/www.estrategiaconcursos.com.br\/blog\/edital-sefaz-rr-2021\/#respond\"]}],\"copyrightYear\":\"2021\",\"copyrightHolder\":{\"@id\":\"https:\/\/www.estrategiaconcursos.com.br\/blog\/#organization\"}},{\"@type\":\"WebPage\",\"@id\":\"https:\/\/www.estrategiaconcursos.com.br\/blog\/edital-sefaz-rr-2021\/\",\"url\":\"https:\/\/www.estrategiaconcursos.com.br\/blog\/edital-sefaz-rr-2021\/\",\"name\":\"Edital Sefaz RR: inscri\u00e7\u00f5es abertas at\u00e9 24 de setembro!\",\"isPartOf\":{\"@id\":\"https:\/\/www.estrategiaconcursos.com.br\/blog\/#website\"},\"primaryImageOfPage\":{\"@id\":\"https:\/\/www.estrategiaconcursos.com.br\/blog\/edital-sefaz-rr-2021\/#primaryimage\"},\"image\":{\"@id\":\"https:\/\/www.estrategiaconcursos.com.br\/blog\/edital-sefaz-rr-2021\/#primaryimage\"},\"thumbnailUrl\":\"https:\/\/dhg1h5j42swfq.cloudfront.net\/2021\/03\/22154929\/sefaz-rr.jpg\",\"datePublished\":\"2021-08-26T13:00:00+00:00\",\"dateModified\":\"2022-09-13T19:21:32+00:00\",\"description\":\"Concurso Sefaz RR: inscri\u00e7\u00f5es abertas com 20 vagas imediatas mais forma\u00e7\u00e3o de cadastro reserva. Provas em novembro! Confira mais detalhes.\",\"breadcrumb\":{\"@id\":\"https:\/\/www.estrategiaconcursos.com.br\/blog\/edital-sefaz-rr-2021\/#breadcrumb\"},\"inLanguage\":\"pt-BR\",\"potentialAction\":[{\"@type\":\"ReadAction\",\"target\":[\"https:\/\/www.estrategiaconcursos.com.br\/blog\/edital-sefaz-rr-2021\/\"]}]},{\"@type\":\"ImageObject\",\"inLanguage\":\"pt-BR\",\"@id\":\"https:\/\/www.estrategiaconcursos.com.br\/blog\/edital-sefaz-rr-2021\/#primaryimage\",\"url\":\"https:\/\/dhg1h5j42swfq.cloudfront.net\/2021\/03\/22154929\/sefaz-rr.jpg\",\"contentUrl\":\"https:\/\/dhg1h5j42swfq.cloudfront.net\/2021\/03\/22154929\/sefaz-rr.jpg\",\"width\":1200,\"height\":628,\"caption\":\"Concurso Sefaz RR recursos\"},{\"@type\":\"BreadcrumbList\",\"@id\":\"https:\/\/www.estrategiaconcursos.com.br\/blog\/edital-sefaz-rr-2021\/#breadcrumb\",\"itemListElement\":[{\"@type\":\"ListItem\",\"position\":1,\"name\":\"In\u00edcio\",\"item\":\"https:\/\/www.estrategiaconcursos.com.br\/blog\/\"},{\"@type\":\"ListItem\",\"position\":2,\"name\":\"Edital Sefaz RR: inscri\u00e7\u00f5es abertas at\u00e9 24 de setembro!\"}]},{\"@type\":\"WebSite\",\"@id\":\"https:\/\/www.estrategiaconcursos.com.br\/blog\/#website\",\"url\":\"https:\/\/www.estrategiaconcursos.com.br\/blog\/\",\"name\":\"Estrat\u00e9gia Concursos\",\"description\":\"O blog da Estrat\u00e9gia Concursos traz not\u00edcias sobre concursos e artigos de professores oferecendo cursos para concursos (pdf + videaulas) no site.\",\"publisher\":{\"@id\":\"https:\/\/www.estrategiaconcursos.com.br\/blog\/#organization\"},\"potentialAction\":[{\"@type\":\"SearchAction\",\"target\":{\"@type\":\"EntryPoint\",\"urlTemplate\":\"https:\/\/www.estrategiaconcursos.com.br\/blog\/?s={search_term_string}\"},\"query-input\":{\"@type\":\"PropertyValueSpecification\",\"valueRequired\":true,\"valueName\":\"search_term_string\"}}],\"inLanguage\":\"pt-BR\"},{\"@type\":\"Organization\",\"@id\":\"https:\/\/www.estrategiaconcursos.com.br\/blog\/#organization\",\"name\":\"Estrat\u00e9gia Concursos\",\"url\":\"https:\/\/www.estrategiaconcursos.com.br\/blog\/\",\"logo\":{\"@type\":\"ImageObject\",\"inLanguage\":\"pt-BR\",\"@id\":\"https:\/\/www.estrategiaconcursos.com.br\/blog\/#\/schema\/logo\/image\/\",\"url\":\"https:\/\/dhg1h5j42swfq.cloudfront.net\/2025\/06\/03203428\/logo_concursos-1.jpg\",\"contentUrl\":\"https:\/\/dhg1h5j42swfq.cloudfront.net\/2025\/06\/03203428\/logo_concursos-1.jpg\",\"width\":230,\"height\":60,\"caption\":\"Estrat\u00e9gia Concursos\"},\"image\":{\"@id\":\"https:\/\/www.estrategiaconcursos.com.br\/blog\/#\/schema\/logo\/image\/\"},\"sameAs\":[\"https:\/\/x.com\/EstratConcursos\"]},{\"@type\":\"Person\",\"@id\":\"https:\/\/www.estrategiaconcursos.com.br\/blog\/#\/schema\/person\/602a4eaf2bed921c107675da3a65b0e0\",\"name\":\"Victor Shinichi Tanaka\",\"image\":{\"@type\":\"ImageObject\",\"inLanguage\":\"pt-BR\",\"@id\":\"https:\/\/secure.gravatar.com\/avatar\/3772723eea77b2e6a2231e357d6339c6c129c6fb65cda4d02d0f3ca700221333?s=96&d=mm&r=g\",\"url\":\"https:\/\/secure.gravatar.com\/avatar\/3772723eea77b2e6a2231e357d6339c6c129c6fb65cda4d02d0f3ca700221333?s=96&d=mm&r=g\",\"contentUrl\":\"https:\/\/secure.gravatar.com\/avatar\/3772723eea77b2e6a2231e357d6339c6c129c6fb65cda4d02d0f3ca700221333?s=96&d=mm&r=g\",\"caption\":\"Victor Shinichi Tanaka\"},\"url\":\"https:\/\/www.estrategiaconcursos.com.br\/blog\/author\/victorstanakagmail-com\/\"}]}<\/script>\n<!-- \/ Yoast SEO Premium plugin. -->","yoast_head_json":{"title":"Edital Sefaz RR: inscri\u00e7\u00f5es abertas at\u00e9 24 de setembro!","description":"Concurso Sefaz RR: inscri\u00e7\u00f5es abertas com 20 vagas imediatas mais forma\u00e7\u00e3o de cadastro reserva. Provas em novembro! Confira mais detalhes.","robots":{"index":"index","follow":"follow","max-snippet":"max-snippet:-1","max-image-preview":"max-image-preview:large","max-video-preview":"max-video-preview:-1"},"canonical":"https:\/\/www.estrategiaconcursos.com.br\/blog\/edital-sefaz-rr-2021\/","og_locale":"pt_BR","og_type":"article","og_title":"Edital Sefaz RR: inscri\u00e7\u00f5es abertas at\u00e9 24 de setembro!","og_description":"Concurso Sefaz RR: inscri\u00e7\u00f5es abertas com 20 vagas imediatas mais forma\u00e7\u00e3o de cadastro reserva. Provas em novembro! Confira mais detalhes.","og_url":"https:\/\/www.estrategiaconcursos.com.br\/blog\/edital-sefaz-rr-2021\/","og_site_name":"Estrat\u00e9gia Concursos","article_published_time":"2021-08-26T13:00:00+00:00","article_modified_time":"2022-09-13T19:21:32+00:00","og_image":[{"width":1200,"height":628,"url":"https:\/\/dhg1h5j42swfq.cloudfront.net\/2021\/03\/22154929\/sefaz-rr.jpg","type":"image\/jpeg"}],"author":"Victor Shinichi Tanaka","twitter_card":"summary_large_image","twitter_creator":"@EstratConcursos","twitter_site":"@EstratConcursos","twitter_misc":{"Escrito por":"Victor Shinichi Tanaka","Est. tempo de leitura":"4 minutos"},"schema":{"@context":"https:\/\/schema.org","@graph":[{"@type":"NewsArticle","@id":"https:\/\/www.estrategiaconcursos.com.br\/blog\/edital-sefaz-rr-2021\/#article","isPartOf":{"@id":"https:\/\/www.estrategiaconcursos.com.br\/blog\/edital-sefaz-rr-2021\/"},"author":{"name":"Victor Shinichi Tanaka","@id":"https:\/\/www.estrategiaconcursos.com.br\/blog\/#\/schema\/person\/602a4eaf2bed921c107675da3a65b0e0"},"headline":"Edital Sefaz RR: inscri\u00e7\u00f5es abertas at\u00e9 24 de setembro!","datePublished":"2021-08-26T13:00:00+00:00","dateModified":"2022-09-13T19:21:32+00:00","mainEntityOfPage":{"@id":"https:\/\/www.estrategiaconcursos.com.br\/blog\/edital-sefaz-rr-2021\/"},"wordCount":764,"commentCount":0,"publisher":{"@id":"https:\/\/www.estrategiaconcursos.com.br\/blog\/#organization"},"image":{"@id":"https:\/\/www.estrategiaconcursos.com.br\/blog\/edital-sefaz-rr-2021\/#primaryimage"},"thumbnailUrl":"https:\/\/dhg1h5j42swfq.cloudfront.net\/2021\/03\/22154929\/sefaz-rr.jpg","articleSection":["Fiscal - Estadual (ICMS)","\u00daltimas not\u00edcias"],"inLanguage":"pt-BR","potentialAction":[{"@type":"CommentAction","name":"Comment","target":["https:\/\/www.estrategiaconcursos.com.br\/blog\/edital-sefaz-rr-2021\/#respond"]}],"copyrightYear":"2021","copyrightHolder":{"@id":"https:\/\/www.estrategiaconcursos.com.br\/blog\/#organization"}},{"@type":"WebPage","@id":"https:\/\/www.estrategiaconcursos.com.br\/blog\/edital-sefaz-rr-2021\/","url":"https:\/\/www.estrategiaconcursos.com.br\/blog\/edital-sefaz-rr-2021\/","name":"Edital Sefaz RR: inscri\u00e7\u00f5es abertas at\u00e9 24 de setembro!","isPartOf":{"@id":"https:\/\/www.estrategiaconcursos.com.br\/blog\/#website"},"primaryImageOfPage":{"@id":"https:\/\/www.estrategiaconcursos.com.br\/blog\/edital-sefaz-rr-2021\/#primaryimage"},"image":{"@id":"https:\/\/www.estrategiaconcursos.com.br\/blog\/edital-sefaz-rr-2021\/#primaryimage"},"thumbnailUrl":"https:\/\/dhg1h5j42swfq.cloudfront.net\/2021\/03\/22154929\/sefaz-rr.jpg","datePublished":"2021-08-26T13:00:00+00:00","dateModified":"2022-09-13T19:21:32+00:00","description":"Concurso Sefaz RR: inscri\u00e7\u00f5es abertas com 20 vagas imediatas mais forma\u00e7\u00e3o de cadastro reserva. Provas em novembro! Confira mais detalhes.","breadcrumb":{"@id":"https:\/\/www.estrategiaconcursos.com.br\/blog\/edital-sefaz-rr-2021\/#breadcrumb"},"inLanguage":"pt-BR","potentialAction":[{"@type":"ReadAction","target":["https:\/\/www.estrategiaconcursos.com.br\/blog\/edital-sefaz-rr-2021\/"]}]},{"@type":"ImageObject","inLanguage":"pt-BR","@id":"https:\/\/www.estrategiaconcursos.com.br\/blog\/edital-sefaz-rr-2021\/#primaryimage","url":"https:\/\/dhg1h5j42swfq.cloudfront.net\/2021\/03\/22154929\/sefaz-rr.jpg","contentUrl":"https:\/\/dhg1h5j42swfq.cloudfront.net\/2021\/03\/22154929\/sefaz-rr.jpg","width":1200,"height":628,"caption":"Concurso Sefaz RR recursos"},{"@type":"BreadcrumbList","@id":"https:\/\/www.estrategiaconcursos.com.br\/blog\/edital-sefaz-rr-2021\/#breadcrumb","itemListElement":[{"@type":"ListItem","position":1,"name":"In\u00edcio","item":"https:\/\/www.estrategiaconcursos.com.br\/blog\/"},{"@type":"ListItem","position":2,"name":"Edital Sefaz RR: inscri\u00e7\u00f5es abertas at\u00e9 24 de setembro!"}]},{"@type":"WebSite","@id":"https:\/\/www.estrategiaconcursos.com.br\/blog\/#website","url":"https:\/\/www.estrategiaconcursos.com.br\/blog\/","name":"Estrat\u00e9gia Concursos","description":"O blog da Estrat\u00e9gia Concursos traz not\u00edcias sobre concursos e artigos de professores oferecendo cursos para concursos (pdf + videaulas) no site.","publisher":{"@id":"https:\/\/www.estrategiaconcursos.com.br\/blog\/#organization"},"potentialAction":[{"@type":"SearchAction","target":{"@type":"EntryPoint","urlTemplate":"https:\/\/www.estrategiaconcursos.com.br\/blog\/?s={search_term_string}"},"query-input":{"@type":"PropertyValueSpecification","valueRequired":true,"valueName":"search_term_string"}}],"inLanguage":"pt-BR"},{"@type":"Organization","@id":"https:\/\/www.estrategiaconcursos.com.br\/blog\/#organization","name":"Estrat\u00e9gia Concursos","url":"https:\/\/www.estrategiaconcursos.com.br\/blog\/","logo":{"@type":"ImageObject","inLanguage":"pt-BR","@id":"https:\/\/www.estrategiaconcursos.com.br\/blog\/#\/schema\/logo\/image\/","url":"https:\/\/dhg1h5j42swfq.cloudfront.net\/2025\/06\/03203428\/logo_concursos-1.jpg","contentUrl":"https:\/\/dhg1h5j42swfq.cloudfront.net\/2025\/06\/03203428\/logo_concursos-1.jpg","width":230,"height":60,"caption":"Estrat\u00e9gia Concursos"},"image":{"@id":"https:\/\/www.estrategiaconcursos.com.br\/blog\/#\/schema\/logo\/image\/"},"sameAs":["https:\/\/x.com\/EstratConcursos"]},{"@type":"Person","@id":"https:\/\/www.estrategiaconcursos.com.br\/blog\/#\/schema\/person\/602a4eaf2bed921c107675da3a65b0e0","name":"Victor Shinichi Tanaka","image":{"@type":"ImageObject","inLanguage":"pt-BR","@id":"https:\/\/secure.gravatar.com\/avatar\/3772723eea77b2e6a2231e357d6339c6c129c6fb65cda4d02d0f3ca700221333?s=96&d=mm&r=g","url":"https:\/\/secure.gravatar.com\/avatar\/3772723eea77b2e6a2231e357d6339c6c129c6fb65cda4d02d0f3ca700221333?s=96&d=mm&r=g","contentUrl":"https:\/\/secure.gravatar.com\/avatar\/3772723eea77b2e6a2231e357d6339c6c129c6fb65cda4d02d0f3ca700221333?s=96&d=mm&r=g","caption":"Victor Shinichi Tanaka"},"url":"https:\/\/www.estrategiaconcursos.com.br\/blog\/author\/victorstanakagmail-com\/"}]}},"_links":{"self":[{"href":"https:\/\/www.estrategiaconcursos.com.br\/blog\/wp-json\/wp\/v2\/posts\/831779","targetHints":{"allow":["GET"]}}],"collection":[{"href":"https:\/\/www.estrategiaconcursos.com.br\/blog\/wp-json\/wp\/v2\/posts"}],"about":[{"href":"https:\/\/www.estrategiaconcursos.com.br\/blog\/wp-json\/wp\/v2\/types\/post"}],"author":[{"embeddable":true,"href":"https:\/\/www.estrategiaconcursos.com.br\/blog\/wp-json\/wp\/v2\/users\/1276"}],"replies":[{"embeddable":true,"href":"https:\/\/www.estrategiaconcursos.com.br\/blog\/wp-json\/wp\/v2\/comments?post=831779"}],"version-history":[{"count":24,"href":"https:\/\/www.estrategiaconcursos.com.br\/blog\/wp-json\/wp\/v2\/posts\/831779\/revisions"}],"predecessor-version":[{"id":1093998,"href":"https:\/\/www.estrategiaconcursos.com.br\/blog\/wp-json\/wp\/v2\/posts\/831779\/revisions\/1093998"}],"wp:featuredmedia":[{"embeddable":true,"href":"https:\/\/www.estrategiaconcursos.com.br\/blog\/wp-json\/wp\/v2\/media\/698527"}],"wp:attachment":[{"href":"https:\/\/www.estrategiaconcursos.com.br\/blog\/wp-json\/wp\/v2\/media?parent=831779"}],"wp:term":[{"taxonomy":"category","embeddable":true,"href":"https:\/\/www.estrategiaconcursos.com.br\/blog\/wp-json\/wp\/v2\/categories?post=831779"},{"taxonomy":"post_tag","embeddable":true,"href":"https:\/\/www.estrategiaconcursos.com.br\/blog\/wp-json\/wp\/v2\/tags?post=831779"},{"taxonomy":"tax_estado","embeddable":true,"href":"https:\/\/www.estrategiaconcursos.com.br\/blog\/wp-json\/wp\/v2\/tax_estado?post=831779"}],"curies":[{"name":"wp","href":"https:\/\/api.w.org\/{rel}","templated":true}]}}