{"id":831618,"date":"2021-10-25T17:00:00","date_gmt":"2021-10-25T20:00:00","guid":{"rendered":"https:\/\/www.estrategiaconcursos.com.br\/blog\/?p=831618"},"modified":"2021-12-13T14:08:19","modified_gmt":"2021-12-13T17:08:19","slug":"edital-crp-mg","status":"publish","type":"post","link":"https:\/\/www.estrategiaconcursos.com.br\/blog\/edital-crp-mg\/","title":{"rendered":"Edital CRP MG: saiu o resultado preliminar da discursiva"},"content":{"rendered":"\n<p>J\u00e1 se encontra dispon\u00edvel para acesso <a href=\"https:\/\/dhg1h5j42swfq.cloudfront.net\/2021\/12\/13140506\/2_crp-mg_concurso_publico_2021_resultado_preliminar_prova_discursiva.pdf\" target=\"_blank\" rel=\"noreferrer noopener\">o resultado preliminar da prova discursiva<\/a> do <strong>concurso CRP MG<\/strong>. Al\u00e9m disso j\u00e1 foi publicado o <a href=\"https:\/\/dhg1h5j42swfq.cloudfront.net\/2021\/12\/13140628\/1_crp-mg_concurso_publico_2021_resultado_definitivo_prova_objetiva.pdf\" target=\"_blank\" rel=\"noreferrer noopener\">resultado definitivo<\/a> da prova objetiva. <\/p>\n\n\n\n<ul id=\"block-abe31e86-d48c-4064-ba2b-0439f9df6efa\" class=\"has-very-light-gray-to-cyan-bluish-gray-gradient-background has-background wp-block-list\"><li><strong>Concurso CRP MG<\/strong><\/li><li><strong>Status<\/strong>: resultado preliminar da prova discursiva<\/li><li><strong>Banca:<\/strong> Instituto Quadrix <\/li><li><strong>Vagas:<\/strong>&nbsp;2 + 428 CR<\/li><li><strong>Sal\u00e1rio:<\/strong>&nbsp;R$ 2.422,71 a R$ 4.594,39<\/li><li><strong>Edital<\/strong>:&nbsp;<a href=\"https:\/\/dhg1h5j42swfq.cloudfront.net\/2021\/08\/09132847\/1_crp-mg_concurso_publico_2021_edital_1.pdf\" target=\"_blank\" rel=\"noreferrer noopener nofollow\"><strong>Edital CRP MG 2021<\/strong><\/a><\/li><\/ul>\n\n\n\n<p>O certame oferta 2 vagas imediatas mais 428 em CR divididas em vagas para ampla concorr\u00eancia, para negros e para pessoas com defici\u00eancia, nas cidades de Belo Horizonte, Divin\u00f3polis, Governador Valadares, Juiz de Fora, Montes Claros, Pouso Alegre e Uberl\u00e2ndia.<\/p>\n\n\n\n<p>O \u00f3rg\u00e3o divulgou o novo prazo de vig\u00eancia do contrato firmado com o Instituto Quadrix, que passa a ter vig\u00eancia de 1\u00ba de julho de 2021 at\u00e9 30 de junho de 2022. Para n\u00edvel m\u00e9dio os sal\u00e1rios se iniciam em R$ 2.422,71, e os de n\u00edvel t\u00e9cnico, em R$ 3.079,21. J\u00e1 para os graduados, os ganhos ser\u00e3o de R$ 2.871,50, R$ 3.445,80 e R$ 4.594,39.<\/p>\n\n\n\n<div class=\"col-sm\">\n      <div class=\"banner-estrategia\" id=\"box-assinatura\">\n        <h3 class=\"titulo-assinatura\">Cursos para CRP-MG<\/h3>\n        <p class=\"subtitulo-assinatura\">Conhe\u00e7a os cursos<\/p>\n        <div class=\"box-botao\">\n          <a class=\"btn-assinatura\" target=\"_blank\" href=\"https:\/\/www.estrategiaconcursos.com.br\/cursosPorConcurso\/conselho-regional-de-psicologia-de-minas-gerais-crp-mg\/\" role=\"button\" rel=\"noopener noreferrer\">Conhe\u00e7a mais<\/a>\n        <\/div>\n      <\/div>\n      <p class=\"texto-auxiliar\">Prepare-se com o melhor material e com quem mais aprova em Concursos P\u00fablicos em todo o pa\u00eds.<\/p>\n    <\/div>\n\n\n\n<h2 class=\"wp-block-heading\" id=\"atual\">Edital CRP MG: Situa\u00e7\u00e3o atual <\/h2>\n\n\n\n<h3 class=\"wp-block-heading\" id=\"resultados\">Resultados <\/h3>\n\n\n\n<p>O Instituto Quadrix divulgou em seu portal eletr\u00f4nico o acesso aos <a href=\"http:\/\/www.quadrix.org.br\/todos-os-concursos\/proximos-concursos\/crpmg2020\/publicacoes\/provas-aplicadas.aspx\" target=\"_blank\" rel=\"noreferrer noopener\">cadernos de provas<\/a> realizadas no domingo, 24 de outubro e tamb\u00e9m o seu gabarito preliminar. Confira no quadro abaixo: <\/p>\n\n\n\n<p class=\"has-text-align-center has-pale-cyan-blue-background-color has-background\"><strong><a href=\"https:\/\/dhg1h5j42swfq.cloudfront.net\/2021\/10\/26124303\/1_crp-mg_concurso_publico_2021_gabarito_preliminar.pdf\" target=\"_blank\" rel=\"noreferrer noopener nofollow\">GABARITO PRELIMINAR<\/a> <\/strong><\/p>\n\n\n\n<p>A contrata\u00e7\u00e3o do Instituto Quadrix para organiza\u00e7\u00e3o do edital CRP MG foi firmada por dispensa de licita\u00e7\u00e3o. A banca prestar\u00e1 na servi\u00e7os t\u00e9cnicos especializados destinados \u00e0 realiza\u00e7\u00e3o do certame p\u00fablico. Os cargos e a quantidade de vagas ofertados ainda n\u00e3o foram definidos. <\/p>\n\n\n\n<div class=\"wp-block-image\"><figure class=\"aligncenter size-large is-resized\"><img loading=\"lazy\" decoding=\"async\" src=\"https:\/\/dhg1h5j42swfq.cloudfront.net\/2020\/07\/14112217\/CRP-MG.png\" alt=\"Concurso CRP MG\" class=\"wp-image-541848\" width=\"480\" height=\"124\" srcset=\"https:\/\/dhg1h5j42swfq.cloudfront.net\/2020\/07\/14112217\/CRP-MG.png 992w, https:\/\/dhg1h5j42swfq.cloudfront.net\/2020\/07\/14112217\/CRP-MG-300x78.png 300w, https:\/\/dhg1h5j42swfq.cloudfront.net\/2020\/07\/14112217\/CRP-MG-768x200.png 768w, https:\/\/dhg1h5j42swfq.cloudfront.net\/2020\/07\/14112217\/CRP-MG-610x159.png 610w\" sizes=\"auto, (max-width: 480px) 100vw, 480px\" \/><\/figure><\/div>\n\n\n\n<h2 class=\"wp-block-heading\" id=\"carreira\">Edital CRP MG: Carreira<\/h2>\n\n\n\n<h3 class=\"wp-block-heading\" id=\"cargo\">Cargos ofertados<\/h3>\n\n\n\n<p><strong>N\u00edvel M\u00e9dio:&nbsp;<\/strong>Assistente Administrativo, Assistente Financeiro\/Cont\u00e1bil e Assistente de T.I.<\/p>\n\n\n\n<p><strong>N\u00edvel Superior:&nbsp;<\/strong>Advogado, Analista de T.I., Bibliotec\u00e1rio, Contador, Jornalista, Publicit\u00e1rio, Rela\u00e7\u00f5es P\u00fablicas e Psic\u00f3logo<\/p>\n\n\n\n<p class=\"has-medium-font-size\"><strong>SEDE \/ Cidade de Lota\u00e7\u00e3o: BELO HORIZONTE\/MG<\/strong><\/p>\n\n\n\n<figure class=\"wp-block-table alignleft is-style-stripes\"><table class=\"has-background has-fixed-layout\" style=\"background-color:#e7f5fe\"><tbody><tr><td class=\"has-text-align-center\" data-align=\"center\"><strong>Cargo<\/strong><\/td><td class=\"has-text-align-center\" data-align=\"center\"><strong>Escolaridade<\/strong><\/td><td class=\"has-text-align-center\" data-align=\"center\"><strong>Vagas A\/C<\/strong><\/td><td class=\"has-text-align-center\" data-align=\"center\"><strong>Vagas PPP<\/strong><\/td><td class=\"has-text-align-center\" data-align=\"center\"><strong>Vagas PcD<\/strong><\/td><td class=\"has-text-align-center\" data-align=\"center\"><strong>Total de vagas<\/strong><\/td><td class=\"has-text-align-center\" data-align=\"center\"><strong>Sal\u00e1rio<\/strong><\/td><\/tr><tr><td class=\"has-text-align-center\" data-align=\"center\">Assistente Administrativo <\/td><td class=\"has-text-align-center\" data-align=\"center\">N\u00edvel m\u00e9dio<\/td><td class=\"has-text-align-center\" data-align=\"center\">22<\/td><td class=\"has-text-align-center\" data-align=\"center\">6<\/td><td class=\"has-text-align-center\" data-align=\"center\">2<\/td><td class=\"has-text-align-center\" data-align=\"center\">30<\/td><td class=\"has-text-align-center\" data-align=\"center\">R$ 2.422,71<\/td><\/tr><tr><td class=\"has-text-align-center\" data-align=\"center\">Assistente Especializado<br \/>Financeiro\/ Cont\u00e1bil<\/td><td class=\"has-text-align-center\" data-align=\"center\">N\u00edvel t\u00e9cnico<\/td><td class=\"has-text-align-center\" data-align=\"center\">22<\/td><td class=\"has-text-align-center\" data-align=\"center\">6<\/td><td class=\"has-text-align-center\" data-align=\"center\">2<\/td><td class=\"has-text-align-center\" data-align=\"center\">30<\/td><td class=\"has-text-align-center\" data-align=\"center\">R$ 3.079,21<\/td><\/tr><tr><td class=\"has-text-align-center\" data-align=\"center\">Assistente Especializado em Tecnologia de Informa\u00e7\u00e3o<\/td><td class=\"has-text-align-center\" data-align=\"center\">N\u00edvel t\u00e9cnico<\/td><td class=\"has-text-align-center\" data-align=\"center\">22<\/td><td class=\"has-text-align-center\" data-align=\"center\">6<\/td><td class=\"has-text-align-center\" data-align=\"center\">2<\/td><td class=\"has-text-align-center\" data-align=\"center\">30<\/td><td class=\"has-text-align-center\" data-align=\"center\">R$ 3.079,21<\/td><\/tr><tr><td class=\"has-text-align-center\" data-align=\"center\">Advogado<\/td><td class=\"has-text-align-center\" data-align=\"center\">N\u00edvel superior<\/td><td class=\"has-text-align-center\" data-align=\"center\">7<\/td><td class=\"has-text-align-center\" data-align=\"center\">2<\/td><td class=\"has-text-align-center\" data-align=\"center\">1<\/td><td class=\"has-text-align-center\" data-align=\"center\">10<\/td><td class=\"has-text-align-center\" data-align=\"center\">R$ 4.594,39<\/td><\/tr><tr><td class=\"has-text-align-center\" data-align=\"center\">Analista de Desenvolvime nto de Sistemas e Informa\u00e7\u00e3o<\/td><td class=\"has-text-align-center\" data-align=\"center\">N\u00edvel superior<\/td><td class=\"has-text-align-center\" data-align=\"center\">7<\/td><td class=\"has-text-align-center\" data-align=\"center\">2<\/td><td class=\"has-text-align-center\" data-align=\"center\">1<\/td><td class=\"has-text-align-center\" data-align=\"center\">10<\/td><td class=\"has-text-align-center\" data-align=\"center\">R$ 4.594,39<\/td><\/tr><tr><td class=\"has-text-align-center\" data-align=\"center\">Bibliotec\u00e1rio<\/td><td class=\"has-text-align-center\" data-align=\"center\">N\u00edvel superior<\/td><td class=\"has-text-align-center\" data-align=\"center\">7<\/td><td class=\"has-text-align-center\" data-align=\"center\">2<\/td><td class=\"has-text-align-center\" data-align=\"center\">1<\/td><td class=\"has-text-align-center\" data-align=\"center\">10<\/td><td class=\"has-text-align-center\" data-align=\"center\">R$ 4.594,39<\/td><\/tr><tr><td class=\"has-text-align-center\" data-align=\"center\">Contador<\/td><td class=\"has-text-align-center\" data-align=\"center\">N\u00edvel superior<\/td><td class=\"has-text-align-center\" data-align=\"center\">7<\/td><td class=\"has-text-align-center\" data-align=\"center\">2<\/td><td class=\"has-text-align-center\" data-align=\"center\">1<\/td><td class=\"has-text-align-center\" data-align=\"center\">10<\/td><td class=\"has-text-align-center\" data-align=\"center\">R$ 4.594,39<\/td><\/tr><tr><td class=\"has-text-align-center\" data-align=\"center\">Jornalista<\/td><td class=\"has-text-align-center\" data-align=\"center\">N\u00edvel superior<\/td><td class=\"has-text-align-center\" data-align=\"center\">7<\/td><td class=\"has-text-align-center\" data-align=\"center\">2<\/td><td class=\"has-text-align-center\" data-align=\"center\">1<\/td><td class=\"has-text-align-center\" data-align=\"center\">10<\/td><td class=\"has-text-align-center\" data-align=\"center\">R$ 2.871,50<\/td><\/tr><tr><td class=\"has-text-align-center\" data-align=\"center\">Publicit\u00e1rio<\/td><td class=\"has-text-align-center\" data-align=\"center\">N\u00edvel superior<\/td><td class=\"has-text-align-center\" data-align=\"center\">7<\/td><td class=\"has-text-align-center\" data-align=\"center\">2<\/td><td class=\"has-text-align-center\" data-align=\"center\">1<\/td><td class=\"has-text-align-center\" data-align=\"center\">10<\/td><td class=\"has-text-align-center\" data-align=\"center\">R$ 4.594,39<\/td><\/tr><tr><td class=\"has-text-align-center\" data-align=\"center\">Rela\u00e7\u00f5es P\u00fablicas<\/td><td class=\"has-text-align-center\" data-align=\"center\">N\u00edvel superior<\/td><td class=\"has-text-align-center\" data-align=\"center\">7<\/td><td class=\"has-text-align-center\" data-align=\"center\">2<\/td><td class=\"has-text-align-center\" data-align=\"center\">1<\/td><td class=\"has-text-align-center\" data-align=\"center\">10<\/td><td class=\"has-text-align-center\" data-align=\"center\">R$ 4.594,39<\/td><\/tr><tr><td class=\"has-text-align-center\" data-align=\"center\">Psic\u00f3logo<\/td><td class=\"has-text-align-center\" data-align=\"center\">N\u00edvel superior<\/td><td class=\"has-text-align-center\" data-align=\"center\">7<\/td><td class=\"has-text-align-center\" data-align=\"center\">2<\/td><td class=\"has-text-align-center\" data-align=\"center\">1<\/td><td class=\"has-text-align-center\" data-align=\"center\">10<\/td><td class=\"has-text-align-center\" data-align=\"center\">R$ 3.445,80<\/td><\/tr><\/tbody><\/table><\/figure>\n\n\n\n<p class=\"has-medium-font-size\"><strong><\/strong><strong>SUBSEDE CENTRO-OESTE \/ Cidade de Lota\u00e7\u00e3o: DIVIN\u00d3POLIS\/MG<\/strong><\/p>\n\n\n\n<figure class=\"wp-block-table alignleft is-style-stripes\"><table class=\"has-background has-fixed-layout\" style=\"background-color:#e7f5fe\"><tbody><tr><td class=\"has-text-align-center\" data-align=\"center\"><strong>Cargo<\/strong><\/td><td class=\"has-text-align-center\" data-align=\"center\"><strong>Escolaridade<\/strong><\/td><td class=\"has-text-align-center\" data-align=\"center\"><strong>Vagas A\/C<\/strong><\/td><td class=\"has-text-align-center\" data-align=\"center\"><strong>Vagas PPP<\/strong><\/td><td class=\"has-text-align-center\" data-align=\"center\"><strong>Vagas PcD<\/strong><\/td><td class=\"has-text-align-center\" data-align=\"center\"><strong>Total de vagas<\/strong><\/td><td class=\"has-text-align-center\" data-align=\"center\"><strong>Sal\u00e1rio<\/strong><\/td><\/tr><tr><td class=\"has-text-align-center\" data-align=\"center\">Assistente Administrativo <\/td><td class=\"has-text-align-center\" data-align=\"center\">N\u00edvel m\u00e9dio<\/td><td class=\"has-text-align-center\" data-align=\"center\">22<\/td><td class=\"has-text-align-center\" data-align=\"center\">6<\/td><td class=\"has-text-align-center\" data-align=\"center\">2<\/td><td class=\"has-text-align-center\" data-align=\"center\">30<\/td><td class=\"has-text-align-center\" data-align=\"center\">R$ 2.422,71<\/td><\/tr><tr><td class=\"has-text-align-center\" data-align=\"center\">Psic\u00f3logo<\/td><td class=\"has-text-align-center\" data-align=\"center\">N\u00edvel superior<\/td><td class=\"has-text-align-center\" data-align=\"center\">7<\/td><td class=\"has-text-align-center\" data-align=\"center\">2<\/td><td class=\"has-text-align-center\" data-align=\"center\">1<\/td><td class=\"has-text-align-center\" data-align=\"center\">10<\/td><td class=\"has-text-align-center\" data-align=\"center\">R$ 3.445,80<\/td><\/tr><\/tbody><\/table><\/figure>\n\n\n\n<p class=\"has-medium-font-size\"><strong><\/strong><strong>SUBSEDE LESTE \/ Cidade de Lota\u00e7\u00e3o: GOVERNADOR VALADARES\/MG<\/strong><\/p>\n\n\n\n<figure class=\"wp-block-table alignleft is-style-stripes\"><table class=\"has-background has-fixed-layout\" style=\"background-color:#e7f5fe\"><tbody><tr><td class=\"has-text-align-center\" data-align=\"center\"><strong>Cargo<\/strong><\/td><td class=\"has-text-align-center\" data-align=\"center\"><strong>Escolaridade<\/strong><\/td><td class=\"has-text-align-center\" data-align=\"center\"><strong>Vagas A\/C<\/strong><\/td><td class=\"has-text-align-center\" data-align=\"center\"><strong>Vagas PPP<\/strong><\/td><td class=\"has-text-align-center\" data-align=\"center\"><strong>Vagas PcD<\/strong><\/td><td class=\"has-text-align-center\" data-align=\"center\"><strong>Total de vagas<\/strong><\/td><td class=\"has-text-align-center\" data-align=\"center\"><strong>Sal\u00e1rio<\/strong><\/td><\/tr><tr><td class=\"has-text-align-center\" data-align=\"center\">Assistente Administrativo <\/td><td class=\"has-text-align-center\" data-align=\"center\">N\u00edvel m\u00e9dio<\/td><td class=\"has-text-align-center\" data-align=\"center\">22<\/td><td class=\"has-text-align-center\" data-align=\"center\">6<\/td><td class=\"has-text-align-center\" data-align=\"center\">2<\/td><td class=\"has-text-align-center\" data-align=\"center\">30<\/td><td class=\"has-text-align-center\" data-align=\"center\">R$ 2.422,71<\/td><\/tr><tr><td class=\"has-text-align-center\" data-align=\"center\">Psic\u00f3logo<\/td><td class=\"has-text-align-center\" data-align=\"center\">N\u00edvel superior<\/td><td class=\"has-text-align-center\" data-align=\"center\">7<\/td><td class=\"has-text-align-center\" data-align=\"center\">2<\/td><td class=\"has-text-align-center\" data-align=\"center\">1<\/td><td class=\"has-text-align-center\" data-align=\"center\">10<\/td><td class=\"has-text-align-center\" data-align=\"center\">R$ 3.445,80<\/td><\/tr><\/tbody><\/table><\/figure>\n\n\n\n<p class=\"has-medium-font-size\"><strong><\/strong><strong>SUBSEDE SUDESTE \/ Cidade de Lota\u00e7\u00e3o: JUIZ DE FORA\/MG<\/strong><\/p>\n\n\n\n<figure class=\"wp-block-table alignleft is-style-stripes\"><table class=\"has-background has-fixed-layout\" style=\"background-color:#e7f5fe\"><tbody><tr><td class=\"has-text-align-center\" data-align=\"center\"><strong>Cargo<\/strong><\/td><td class=\"has-text-align-center\" data-align=\"center\"><strong>Escolaridade<\/strong><\/td><td class=\"has-text-align-center\" data-align=\"center\"><strong>Vagas A\/C<\/strong><\/td><td class=\"has-text-align-center\" data-align=\"center\"><strong>Vagas PPP<\/strong><\/td><td class=\"has-text-align-center\" data-align=\"center\"><strong>Vagas PcD<\/strong><\/td><td class=\"has-text-align-center\" data-align=\"center\"><strong>Total de vagas<\/strong><\/td><td class=\"has-text-align-center\" data-align=\"center\"><strong>Sal\u00e1rio<\/strong><\/td><\/tr><tr><td class=\"has-text-align-center\" data-align=\"center\">Assistente Administrativo <\/td><td class=\"has-text-align-center\" data-align=\"center\">N\u00edvel m\u00e9dio<\/td><td class=\"has-text-align-center\" data-align=\"center\">22<\/td><td class=\"has-text-align-center\" data-align=\"center\">6<\/td><td class=\"has-text-align-center\" data-align=\"center\">2<\/td><td class=\"has-text-align-center\" data-align=\"center\">30<\/td><td class=\"has-text-align-center\" data-align=\"center\">R$ 2.422,71<\/td><\/tr><tr><td class=\"has-text-align-center\" data-align=\"center\">Psic\u00f3logo<\/td><td class=\"has-text-align-center\" data-align=\"center\">N\u00edvel superior<\/td><td class=\"has-text-align-center\" data-align=\"center\">7<\/td><td class=\"has-text-align-center\" data-align=\"center\">2<\/td><td class=\"has-text-align-center\" data-align=\"center\">1<\/td><td class=\"has-text-align-center\" data-align=\"center\">10<\/td><td class=\"has-text-align-center\" data-align=\"center\">R$ 3.445,80<\/td><\/tr><\/tbody><\/table><\/figure>\n\n\n\n<p><\/p>\n\n\n\n<p class=\"has-medium-font-size\"><strong><\/strong><strong>SUBSEDE NORTE \/ Cidade de Lota\u00e7\u00e3o: MONTES CLAROS\/MG<\/strong><\/p>\n\n\n\n<figure class=\"wp-block-table alignleft is-style-stripes\"><table class=\"has-background has-fixed-layout\" style=\"background-color:#e7f5fe\"><tbody><tr><td class=\"has-text-align-center\" data-align=\"center\"><strong>Cargo<\/strong><\/td><td class=\"has-text-align-center\" data-align=\"center\"><strong>Escolaridade<\/strong><\/td><td class=\"has-text-align-center\" data-align=\"center\"><strong>Vagas A\/C<\/strong><\/td><td class=\"has-text-align-center\" data-align=\"center\"><strong>Vagas PPP<\/strong><\/td><td class=\"has-text-align-center\" data-align=\"center\"><strong>Vagas PcD<\/strong><\/td><td class=\"has-text-align-center\" data-align=\"center\"><strong>Total de vagas<\/strong><\/td><td class=\"has-text-align-center\" data-align=\"center\"><strong>Sal\u00e1rio<\/strong><\/td><\/tr><tr><td class=\"has-text-align-center\" data-align=\"center\">Assistente Administrativo <\/td><td class=\"has-text-align-center\" data-align=\"center\">N\u00edvel m\u00e9dio<\/td><td class=\"has-text-align-center\" data-align=\"center\">22<\/td><td class=\"has-text-align-center\" data-align=\"center\">6<\/td><td class=\"has-text-align-center\" data-align=\"center\">2<\/td><td class=\"has-text-align-center\" data-align=\"center\">30<\/td><td class=\"has-text-align-center\" data-align=\"center\">R$ 2.422,71<\/td><\/tr><tr><td class=\"has-text-align-center\" data-align=\"center\">Psic\u00f3logo<\/td><td class=\"has-text-align-center\" data-align=\"center\">N\u00edvel superior<\/td><td class=\"has-text-align-center\" data-align=\"center\">7<\/td><td class=\"has-text-align-center\" data-align=\"center\">2<\/td><td class=\"has-text-align-center\" data-align=\"center\">1<\/td><td class=\"has-text-align-center\" data-align=\"center\">10<\/td><td class=\"has-text-align-center\" data-align=\"center\">R$ 3.445,80<\/td><\/tr><\/tbody><\/table><\/figure>\n\n\n\n<p class=\"has-medium-font-size\"><strong><\/strong><strong>SUBSEDE SUL \/ Cidade de Lota\u00e7\u00e3o: POUSO ALEGRE\/MG<\/strong><\/p>\n\n\n\n<figure class=\"wp-block-table alignleft is-style-stripes\"><table class=\"has-background has-fixed-layout\" style=\"background-color:#e7f5fe\"><tbody><tr><td class=\"has-text-align-center\" data-align=\"center\"><strong>Cargo<\/strong><\/td><td class=\"has-text-align-center\" data-align=\"center\"><strong>Escolaridade<\/strong><\/td><td class=\"has-text-align-center\" data-align=\"center\"><strong>Vagas A\/C<\/strong><\/td><td class=\"has-text-align-center\" data-align=\"center\"><strong>Vagas PPP<\/strong><\/td><td class=\"has-text-align-center\" data-align=\"center\"><strong>Vagas PcD<\/strong><\/td><td class=\"has-text-align-center\" data-align=\"center\"><strong>Total de vagas<\/strong><\/td><td class=\"has-text-align-center\" data-align=\"center\"><strong>Sal\u00e1rio<\/strong><\/td><\/tr><tr><td class=\"has-text-align-center\" data-align=\"center\">Assistente Administrativo <\/td><td class=\"has-text-align-center\" data-align=\"center\">N\u00edvel m\u00e9dio<\/td><td class=\"has-text-align-center\" data-align=\"center\">22<\/td><td class=\"has-text-align-center\" data-align=\"center\">6<\/td><td class=\"has-text-align-center\" data-align=\"center\">2<\/td><td class=\"has-text-align-center\" data-align=\"center\">30<\/td><td class=\"has-text-align-center\" data-align=\"center\">R$ 2.422,71<\/td><\/tr><tr><td class=\"has-text-align-center\" data-align=\"center\">Psic\u00f3logo<\/td><td class=\"has-text-align-center\" data-align=\"center\">N\u00edvel superior<\/td><td class=\"has-text-align-center\" data-align=\"center\">7<\/td><td class=\"has-text-align-center\" data-align=\"center\">2<\/td><td class=\"has-text-align-center\" data-align=\"center\">1<\/td><td class=\"has-text-align-center\" data-align=\"center\">10<\/td><td class=\"has-text-align-center\" data-align=\"center\">R$ 3.445,80<\/td><\/tr><\/tbody><\/table><\/figure>\n\n\n\n<p class=\"has-medium-font-size\"><strong><\/strong><strong>SUBSEDE TRI\u00c2NGULO \/ Cidade de Lota\u00e7\u00e3o: UBERL\u00c2NDIA\/MG<\/strong><\/p>\n\n\n\n<figure class=\"wp-block-table alignleft is-style-stripes\"><table class=\"has-background has-fixed-layout\" style=\"background-color:#e7f5fe\"><tbody><tr><td class=\"has-text-align-center\" data-align=\"center\"><strong>Cargo<\/strong><\/td><td class=\"has-text-align-center\" data-align=\"center\"><strong>Escolaridade<\/strong><\/td><td class=\"has-text-align-center\" data-align=\"center\"><strong>Vagas A\/C<\/strong><\/td><td class=\"has-text-align-center\" data-align=\"center\"><strong>Vagas PPP<\/strong><\/td><td class=\"has-text-align-center\" data-align=\"center\"><strong>Vagas PcD<\/strong><\/td><td class=\"has-text-align-center\" data-align=\"center\"><strong>Total de vagas<\/strong><\/td><td class=\"has-text-align-center\" data-align=\"center\"><strong>Sal\u00e1rio<\/strong><\/td><\/tr><tr><td class=\"has-text-align-center\" data-align=\"center\">Assistente Administrativo <\/td><td class=\"has-text-align-center\" data-align=\"center\">N\u00edvel m\u00e9dio<\/td><td class=\"has-text-align-center\" data-align=\"center\">22<\/td><td class=\"has-text-align-center\" data-align=\"center\">6<\/td><td class=\"has-text-align-center\" data-align=\"center\">2<\/td><td class=\"has-text-align-center\" data-align=\"center\">30<\/td><td class=\"has-text-align-center\" data-align=\"center\">R$ 2.422,71<\/td><\/tr><tr><td class=\"has-text-align-center\" data-align=\"center\">Psic\u00f3logo<\/td><td class=\"has-text-align-center\" data-align=\"center\">N\u00edvel superior<\/td><td class=\"has-text-align-center\" data-align=\"center\">7<\/td><td class=\"has-text-align-center\" data-align=\"center\">2<\/td><td class=\"has-text-align-center\" data-align=\"center\">1<\/td><td class=\"has-text-align-center\" data-align=\"center\">10<\/td><td class=\"has-text-align-center\" data-align=\"center\">R$ 3.445,80<\/td><\/tr><\/tbody><\/table><\/figure>\n\n\n\n<h4 class=\"wp-block-heading\" id=\"sal\u00e1rio\">Sal\u00e1rios e Benef\u00edcios<\/h4>\n\n\n\n<ul class=\"wp-block-list\"><li><strong>N\u00edvel M\u00e9dio &#8211;<\/strong> R$ 2.422,71 a R$ 3.079,21<\/li><li><strong>N\u00edvel Superior &#8211; <\/strong>R$ 2.871,50 a R$ 4.594,39<\/li><\/ul>\n\n\n\n<h2 class=\"wp-block-heading\" id=\"\u00faltimo\">Edital CRP MG: Etapas de provas<\/h2>\n\n\n\n<p>O concurso CRP MG ser\u00e1 composto de duas etapas que ser\u00e3o aplicadas em conjunto, no per\u00edodo da tarde, no dia <strong>24 de outubro de 2021<\/strong>, com dura\u00e7\u00e3o de <strong>4 horas<\/strong> no total, a saber: <\/p>\n\n\n\n<ul class=\"wp-block-list\" id=\"block-6151a5ac-32b6-497d-8b6d-c3c28232a966\"><li><strong>Prova Objetiva<\/strong>: de car\u00e1ter eliminat\u00f3rio e classificat\u00f3rio; <\/li><li><strong>Prova de Reda\u00e7\u00e3o<\/strong>: de car\u00e1ter eliminat\u00f3rio e classificat\u00f3rio. <\/li><\/ul>\n\n\n\n<h3 class=\"wp-block-heading\" id=\"objetiva\">Prova Objetiva<\/h3>\n\n\n\n<p>A prova objetiva ser\u00e1 composta de <strong>50 quest\u00f5es<\/strong> de m\u00faltipla escolha, com 5 alternativas para escolha de uma \u00fanica resposta; com pontua\u00e7\u00e3o total m\u00e1xima de <strong>100,00 pontos<\/strong>; e ter\u00e1 car\u00e1ter eliminat\u00f3rio e classificat\u00f3rio. As quest\u00f5es ser\u00e3o espec\u00edficas para o cargo em quest\u00e3o, em grau de dificuldade compat\u00edvel com o n\u00edvel de escolaridade m\u00ednimo exigido: <\/p>\n\n\n\n<h4 class=\"wp-block-heading\" id=\"h-assistente-especializado-em-tecnologia-de-informa-o-analista-de-desenvolvimento-de-sistemas-e-informa-o\">Assistente Especializado em Tecnologia de Informa\u00e7\u00e3o \/ <br \/>Analista de Desenvolvimento de Sistemas e Informa\u00e7\u00e3o<\/h4>\n\n\n\n<figure class=\"wp-block-table is-style-stripes\"><table class=\"has-background has-fixed-layout\" style=\"background-color:#fcf0ef\"><tbody><tr><td class=\"has-text-align-center\" data-align=\"center\"><strong>Disciplina<\/strong><\/td><td class=\"has-text-align-center\" data-align=\"center\"><strong>N\u00famero de quest\u00f5es<\/strong><\/td><td class=\"has-text-align-center\" data-align=\"center\"><strong>Peso<\/strong><\/td><td class=\"has-text-align-center\" data-align=\"center\"><strong>Pontos<\/strong><\/td><\/tr><tr><td class=\"has-text-align-center\" data-align=\"center\"><strong>Conhecimentos B\u00e1sicos<\/strong><\/td><td class=\"has-text-align-center\" data-align=\"center\"><\/td><td class=\"has-text-align-center\" data-align=\"center\"><\/td><td class=\"has-text-align-center\" data-align=\"center\"><\/td><\/tr><tr><td class=\"has-text-align-center\" data-align=\"center\">L\u00edngua Portuguesa<\/td><td class=\"has-text-align-center\" data-align=\"center\">10<\/td><td class=\"has-text-align-center\" data-align=\"center\">2<\/td><td class=\"has-text-align-center\" data-align=\"center\">20,00<\/td><\/tr><tr><td class=\"has-text-align-center\" data-align=\"center\">Racioc\u00ednio L\u00f3gico e Matem\u00e1tico<\/td><td class=\"has-text-align-center\" data-align=\"center\">5<\/td><td class=\"has-text-align-center\" data-align=\"center\">1<\/td><td class=\"has-text-align-center\" data-align=\"center\">5,00<\/td><\/tr><tr><td class=\"has-text-align-center\" data-align=\"center\">L\u00edngua Inglesa<\/td><td class=\"has-text-align-center\" data-align=\"center\">5<\/td><td class=\"has-text-align-center\" data-align=\"center\">1<\/td><td class=\"has-text-align-center\" data-align=\"center\">5,00<\/td><\/tr><tr><td class=\"has-text-align-center\" data-align=\"center\"><strong>Conhecimentos Complementares<\/strong><\/td><td class=\"has-text-align-center\" data-align=\"center\"><\/td><td class=\"has-text-align-center\" data-align=\"center\"><\/td><td class=\"has-text-align-center\" data-align=\"center\"><\/td><\/tr><tr><td class=\"has-text-align-center\" data-align=\"center\">Atualidades<\/td><td class=\"has-text-align-center\" data-align=\"center\">5<\/td><td class=\"has-text-align-center\" data-align=\"center\">1<\/td><td class=\"has-text-align-center\" data-align=\"center\">5,00<\/td><\/tr><tr><td class=\"has-text-align-center\" data-align=\"center\">\u00c9tica no Servi\u00e7o P\u00fablico<\/td><td class=\"has-text-align-center\" data-align=\"center\">5<\/td><td class=\"has-text-align-center\" data-align=\"center\">1<\/td><td class=\"has-text-align-center\" data-align=\"center\">5,00<\/td><\/tr><tr><td class=\"has-text-align-center\" data-align=\"center\">Legisla\u00e7\u00e3o espec\u00edfica<\/td><td class=\"has-text-align-center\" data-align=\"center\">10<\/td><td class=\"has-text-align-center\" data-align=\"center\">2<\/td><td class=\"has-text-align-center\" data-align=\"center\">20,00<\/td><\/tr><tr><td class=\"has-text-align-center\" data-align=\"center\"><strong>Conhecimentos Espec\u00edficos do cargo<\/strong><\/td><td class=\"has-text-align-center\" data-align=\"center\">10<\/td><td class=\"has-text-align-center\" data-align=\"center\">4<\/td><td class=\"has-text-align-center\" data-align=\"center\">40,00<\/td><\/tr><tr><td class=\"has-text-align-center\" data-align=\"center\"><strong>TOTAL<\/strong><\/td><td class=\"has-text-align-center\" data-align=\"center\"><strong>50<\/strong><\/td><td class=\"has-text-align-center\" data-align=\"center\"><\/td><td class=\"has-text-align-center\" data-align=\"center\"><strong>100,00<\/strong><\/td><\/tr><\/tbody><\/table><\/figure>\n\n\n\n<h4 class=\"wp-block-heading\" id=\"h-demais-cargos\">Demais cargos <\/h4>\n\n\n\n<figure class=\"wp-block-table is-style-stripes\"><table class=\"has-background has-fixed-layout\" style=\"background-color:#fcf0ef\"><tbody><tr><td class=\"has-text-align-center\" data-align=\"center\"><strong>Disciplina<\/strong><\/td><td class=\"has-text-align-center\" data-align=\"center\"><strong>N\u00famero de quest\u00f5es<\/strong><\/td><td class=\"has-text-align-center\" data-align=\"center\"><strong>Peso<\/strong><\/td><td class=\"has-text-align-center\" data-align=\"center\"><strong>Pontos<\/strong><\/td><\/tr><tr><td class=\"has-text-align-center\" data-align=\"center\"><strong>Conhecimentos B\u00e1sicos<\/strong><\/td><td class=\"has-text-align-center\" data-align=\"center\"><\/td><td class=\"has-text-align-center\" data-align=\"center\"><\/td><td class=\"has-text-align-center\" data-align=\"center\"><\/td><\/tr><tr><td class=\"has-text-align-center\" data-align=\"center\">L\u00edngua Portuguesa<\/td><td class=\"has-text-align-center\" data-align=\"center\">10<\/td><td class=\"has-text-align-center\" data-align=\"center\">2<\/td><td class=\"has-text-align-center\" data-align=\"center\">20,00<\/td><\/tr><tr><td class=\"has-text-align-center\" data-align=\"center\">Racioc\u00ednio L\u00f3gico e Matem\u00e1tico<\/td><td class=\"has-text-align-center\" data-align=\"center\">5<\/td><td class=\"has-text-align-center\" data-align=\"center\">1<\/td><td class=\"has-text-align-center\" data-align=\"center\">5,00<\/td><\/tr><tr><td class=\"has-text-align-center\" data-align=\"center\">No\u00e7\u00f5es de Inform\u00e1tica<\/td><td class=\"has-text-align-center\" data-align=\"center\">5<\/td><td class=\"has-text-align-center\" data-align=\"center\">1<\/td><td class=\"has-text-align-center\" data-align=\"center\">5,00<\/td><\/tr><tr><td class=\"has-text-align-center\" data-align=\"center\">Atualidades<\/td><td class=\"has-text-align-center\" data-align=\"center\">5<\/td><td class=\"has-text-align-center\" data-align=\"center\">1<\/td><td class=\"has-text-align-center\" data-align=\"center\">5,00<\/td><\/tr><tr><td class=\"has-text-align-center\" data-align=\"center\"><strong>Conhecimentos Complementares<\/strong><\/td><td class=\"has-text-align-center\" data-align=\"center\"><\/td><td class=\"has-text-align-center\" data-align=\"center\"><\/td><td class=\"has-text-align-center\" data-align=\"center\"><\/td><\/tr><tr><td class=\"has-text-align-center\" data-align=\"center\">\u00c9tica no Servi\u00e7o P\u00fablico<\/td><td class=\"has-text-align-center\" data-align=\"center\">5<\/td><td class=\"has-text-align-center\" data-align=\"center\">1<\/td><td class=\"has-text-align-center\" data-align=\"center\">5,00<\/td><\/tr><tr><td class=\"has-text-align-center\" data-align=\"center\">Legisla\u00e7\u00e3o espec\u00edfica<\/td><td class=\"has-text-align-center\" data-align=\"center\">10<\/td><td class=\"has-text-align-center\" data-align=\"center\">2<\/td><td class=\"has-text-align-center\" data-align=\"center\">20,00<\/td><\/tr><tr><td class=\"has-text-align-center\" data-align=\"center\"><strong>Conhecimentos Espec\u00edficos do cargo<\/strong><\/td><td class=\"has-text-align-center\" data-align=\"center\">10<\/td><td class=\"has-text-align-center\" data-align=\"center\">4<\/td><td class=\"has-text-align-center\" data-align=\"center\">40,00<\/td><\/tr><tr><td class=\"has-text-align-center\" data-align=\"center\"><strong>TOTAL<\/strong><\/td><td class=\"has-text-align-center\" data-align=\"center\"><strong>50<\/strong><\/td><td class=\"has-text-align-center\" data-align=\"center\"><\/td><td class=\"has-text-align-center\" data-align=\"center\"><strong>100,00<\/strong><\/td><\/tr><\/tbody><\/table><\/figure>\n\n\n\n<p>A nota de cada candidato na prova objetiva ser\u00e1 obtida pela multiplica\u00e7\u00e3o da quantidade de quest\u00f5es acertadas, conforme o gabarito oficial definitivo, pelo peso de cada quest\u00e3o.<br \/><br \/>Ser\u00e1 aprovado na prova objetiva o candidato que, <em><strong>cumulativamente<\/strong><\/em>:<br \/>a) obtiver <strong>nota igual ou superior a 17,00 <\/strong>pontos na \u00e1rea de Conhecimentos B\u00e1sicos;<br \/>b) obtiver <strong>nota igual ou superior a 12,00 <\/strong>pontos na \u00e1rea de Conhecimentos Complementares;<br \/>c) obtiver n<strong>ota igual ou superior a 20,00<\/strong> pontos na \u00e1rea de Conhecimentos Espec\u00edficos; e<br \/>d) estiver classificada(o) para a corre\u00e7\u00e3o da prova discursiva, de acordo com o quantitativo estabelecido abaixo: <\/p>\n\n\n\n<figure class=\"wp-block-table is-style-stripes\"><table class=\"has-background has-fixed-layout\" style=\"background-color:#e9fbe5\"><tbody><tr><td class=\"has-text-align-center\" data-align=\"center\"><strong>Cargo\/Ocupa\u00e7\u00e3o<\/strong><br \/><strong>(em todas as lota\u00e7\u00f5es)<\/strong><\/td><td class=\"has-text-align-center\" data-align=\"center\"><strong>Ampla Concorr\u00eancia<br \/>classificados at\u00e9 a posi\u00e7\u00e3o<\/strong><\/td><td class=\"has-text-align-center\" data-align=\"center\"><strong>Candidatos negros<br \/>classificados at\u00e9 a posi\u00e7\u00e3o<\/strong><\/td><td class=\"has-text-align-center\" data-align=\"center\"><strong>Candidatos com<br \/>defici\u00eancia classificados<br \/>at\u00e9 a posi\u00e7\u00e3o<\/strong><\/td><td class=\"has-text-align-center\" data-align=\"center\"><strong>Total<\/strong><\/td><\/tr><tr><td class=\"has-text-align-center\" data-align=\"center\">Assistente Administrativo <\/td><td class=\"has-text-align-center\" data-align=\"center\">44<\/td><td class=\"has-text-align-center\" data-align=\"center\">12<\/td><td class=\"has-text-align-center\" data-align=\"center\">4<\/td><td class=\"has-text-align-center\" data-align=\"center\">60<\/td><\/tr><tr><td class=\"has-text-align-center\" data-align=\"center\">Assistente Especializado Financeiro\/Cont\u00e1bil<\/td><td class=\"has-text-align-center\" data-align=\"center\">44<\/td><td class=\"has-text-align-center\" data-align=\"center\">12<\/td><td class=\"has-text-align-center\" data-align=\"center\">4<\/td><td class=\"has-text-align-center\" data-align=\"center\">60<\/td><\/tr><tr><td class=\"has-text-align-center\" data-align=\"center\">Assistente Especializado em Tecnologia de Informa\u00e7\u00e3o<\/td><td class=\"has-text-align-center\" data-align=\"center\">44<\/td><td class=\"has-text-align-center\" data-align=\"center\">12<\/td><td class=\"has-text-align-center\" data-align=\"center\">4<\/td><td class=\"has-text-align-center\" data-align=\"center\">60<\/td><\/tr><tr><td class=\"has-text-align-center\" data-align=\"center\">Advogado<\/td><td class=\"has-text-align-center\" data-align=\"center\">14<\/td><td class=\"has-text-align-center\" data-align=\"center\">4<\/td><td class=\"has-text-align-center\" data-align=\"center\">2<\/td><td class=\"has-text-align-center\" data-align=\"center\">20<\/td><\/tr><tr><td class=\"has-text-align-center\" data-align=\"center\">Analista de Desenvolvimento de Sistemas e Informa\u00e7\u00e3o<\/td><td class=\"has-text-align-center\" data-align=\"center\">14<\/td><td class=\"has-text-align-center\" data-align=\"center\">4<\/td><td class=\"has-text-align-center\" data-align=\"center\">2<\/td><td class=\"has-text-align-center\" data-align=\"center\">20<\/td><\/tr><tr><td class=\"has-text-align-center\" data-align=\"center\">Bibliotec\u00e1rio<\/td><td class=\"has-text-align-center\" data-align=\"center\">14<\/td><td class=\"has-text-align-center\" data-align=\"center\">4<\/td><td class=\"has-text-align-center\" data-align=\"center\">2<\/td><td class=\"has-text-align-center\" data-align=\"center\">20<\/td><\/tr><tr><td class=\"has-text-align-center\" data-align=\"center\">Contador<\/td><td class=\"has-text-align-center\" data-align=\"center\">14<\/td><td class=\"has-text-align-center\" data-align=\"center\">4<\/td><td class=\"has-text-align-center\" data-align=\"center\">2<\/td><td class=\"has-text-align-center\" data-align=\"center\">20<\/td><\/tr><tr><td class=\"has-text-align-center\" data-align=\"center\">Jornalista<\/td><td class=\"has-text-align-center\" data-align=\"center\">14<\/td><td class=\"has-text-align-center\" data-align=\"center\">4<\/td><td class=\"has-text-align-center\" data-align=\"center\">2<\/td><td class=\"has-text-align-center\" data-align=\"center\">20<\/td><\/tr><tr><td class=\"has-text-align-center\" data-align=\"center\">Publicit\u00e1rio<\/td><td class=\"has-text-align-center\" data-align=\"center\">14<\/td><td class=\"has-text-align-center\" data-align=\"center\">4<\/td><td class=\"has-text-align-center\" data-align=\"center\">2<\/td><td class=\"has-text-align-center\" data-align=\"center\">20<\/td><\/tr><tr><td class=\"has-text-align-center\" data-align=\"center\">Rela\u00e7\u00f5es P\u00fablicas<\/td><td class=\"has-text-align-center\" data-align=\"center\">14<\/td><td class=\"has-text-align-center\" data-align=\"center\">4<\/td><td class=\"has-text-align-center\" data-align=\"center\">2<\/td><td class=\"has-text-align-center\" data-align=\"center\">20<\/td><\/tr><tr><td class=\"has-text-align-center\" data-align=\"center\">Psic\u00f3logo<\/td><td class=\"has-text-align-center\" data-align=\"center\">14<\/td><td class=\"has-text-align-center\" data-align=\"center\">4<\/td><td class=\"has-text-align-center\" data-align=\"center\">2<\/td><td class=\"has-text-align-center\" data-align=\"center\">20<\/td><\/tr><\/tbody><\/table><\/figure>\n\n\n\n<h3 class=\"wp-block-heading\" id=\"discursiva\">Prova Discursiva<\/h3>\n\n\n\n<p>A prova discursiva, de car\u00e1ter eliminat\u00f3rio e classificat\u00f3rio, ser\u00e1 aplicada para todos os cargos no <strong>mesmo dia e dentro dos prazos de dura\u00e7\u00e3o previstos para a realiza\u00e7\u00e3o da prova objetiva<\/strong> e valer\u00e1 <strong>10,00 pontos<\/strong>.<br \/><br \/>Para os <strong>cargos de n\u00edvel superior<\/strong>, a prova discursiva consistir\u00e1 em <strong>reda\u00e7\u00e3o de texto dissertativo, de at\u00e9 30 linhas<\/strong>, acerca de tema baseado nos<strong> conhecimentos espec\u00edficos do respectivo cargo<\/strong>, conforme os conte\u00fados program\u00e1ticos constantes no edital.<br \/><br \/>Para os <strong>cargos de n\u00edvel m\u00e9dio e n\u00edvel m\u00e9dio\/t\u00e9cnico<\/strong>, a prova discursiva consistir\u00e1 em <strong>reda\u00e7\u00e3o de texto de g\u00eaneros<br \/>textuais\/discursivos, de at\u00e9 30 linhas<\/strong>, acerca de tema baseado nos <strong>principais acontecimentos e assuntos da atualidade que envolvem o Brasil e o mundo<\/strong>.<\/p>\n\n\n\n<p>A prova discursiva ser\u00e1 avaliada quanto ao dom\u00ednio do conte\u00fado dos aspectos formais, textuais e t\u00e9cnicos, bem como quanto \u00e0 capacidade de express\u00e3o na modalidade escrita, por meio do uso das normas do registro formal culto da L\u00edngua Portuguesa.<\/p>\n\n\n\n<p><strong>I. ASPECTOS FORMAIS E TEXTUAIS (valor: 10,00 pontos)<\/strong><br \/><strong>a) Coer\u00eancia (CR)<\/strong>: Ser\u00e1 verificada a coer\u00eancia de sentido, de constru\u00e7\u00e3o e global. A pontua\u00e7\u00e3o total ser\u00e1 no m\u00e1ximo de 2,50 pontos;<br \/><strong>b) Coes\u00e3o (CS)<\/strong>: Ser\u00e1 verificada a conex\u00e3o entre os elementos formadores do texto (par\u00e1grafos, ideias, per\u00edodos, ora\u00e7\u00f5es e argumentos). A pontua\u00e7\u00e3o total ser\u00e1 no m\u00e1ximo de 2,50 pontos;<br \/><strong>c) Texto (TX)<\/strong>: Ser\u00e1 verificada a estrutura textual adequada ao g\u00eanero proposto, al\u00e9m da pr\u00f3pria adequa\u00e7\u00e3o ao g\u00eanero. A pontua\u00e7\u00e3o total ser\u00e1 no m\u00e1ximo de 2,50 pontos; e<br \/><strong>d) Linguagem (LG):<\/strong> Ser\u00e1 verificado o uso adequado da l\u00edngua portuguesa em seu padr\u00e3o culto. A pontua\u00e7\u00e3o total ser\u00e1 no m\u00e1ximo de 2,50 pontos.<br \/><br \/>II. ASPECTOS T\u00c9CNICOS (valor: 10,00 pontos)<br \/><strong>a) Tema (TM):<\/strong> Ser\u00e1 verificada a adequa\u00e7\u00e3o e pertin\u00eancia ao tema proposto, \u00e0 ordem de desenvolvimento, qualidade e for\u00e7a dos argumentos. A pontua\u00e7\u00e3o total ser\u00e1 no m\u00e1ximo de 10 pontos.<br \/><br \/>O candidato receber\u00e1 nota zero na prova discursiva em casos de fuga ao tema ou ao g\u00eanero proposto, de haver texto com quantidade inferior a 10 linhas, de n\u00e3o haver texto, de n\u00e3o haver respeito \u00e0 estrutura textual, de identifica\u00e7\u00e3o em local indevido, se o texto for escrito a l\u00e1pis ou caneta de cor diferente da especificada no subitem 11.4 deste edital, ou apresentar letra ileg\u00edvel.<br \/><br \/>Ser\u00e1 desconsiderado, para efeito de avalia\u00e7\u00e3o, qualquer fragmento de texto que for escrito fora do local apropriado ou que ultrapassar a extens\u00e3o m\u00e1xima permitida. A prova discursiva ter\u00e1 a seguinte f\u00f3rmula de pontos: [(TM x 2) + (CR + CS + TX + LG)] \/ 3.  Ser\u00e1 considerada(o) aprovado na prova discursiva o candidato que <strong>obtiver nota igual ou superior a 5,00 pontos.<\/strong><\/p>\n\n\n\n<p><strong>DA NOTA FINAL E DA CLASSIFICA\u00c7\u00c3O NO CONCURSO P\u00daBLICO<\/strong><br \/><br \/>A nota final no Concurso P\u00fablico ser\u00e1 igual \u00e0 soma das notas obtidas em todas as fases.<br \/>Os candidatos aprovados em todas as fases ser\u00e3o ordenados, por cargo, de acordo com os valores decrescentes da nota final. Todos os c\u00e1lculos ser\u00e3o considerados at\u00e9 a segunda casa decimal, arredondando-se o n\u00famero para cima, se o algarismo da terceira casa decimal for igual ou superior a 5.<\/p>\n\n\n\n<h2 class=\"wp-block-heading\" id=\"h-edital-estrat-gico-crp-mg-baixe-gratuitamente\">Edital Estrat\u00e9gico CRP MG: baixe gratuitamente<\/h2>\n\n\n\n<p>Dando um espa\u00e7o para o Edital Estrat\u00e9gico entrar em sua rotina de estudos, ser\u00e1 poss\u00edvel acompanhar seu desempenho atrav\u00e9s de gr\u00e1ficos, garantindo uma vis\u00e3o completa das mat\u00e9rias que necessitam de mais revis\u00f5es.<\/p>\n\n\n\n<p>O registro de cada tarefa ser\u00e1 feito para cada assunto exigido no conte\u00fado program\u00e1tico do edital. A partir das informa\u00e7\u00f5es preenchidas pelo aluno, uma \u201caba\u201d do Edital Estrat\u00e9gico ir\u00e1 demonstrar a progress\u00e3o em cada tarefa e assunto.<\/p>\n\n\n\n<p>A edi\u00e7\u00e3o poder\u00e1 ser realizada apenas na 3\u00aa aba, relativa ao preenchimento do progresso nas disciplinas. Caso voc\u00ea queira fazer outras modifica\u00e7\u00f5es no arquivo, \u00e9 s\u00f3 usar a&nbsp;senha \u201cadmin\u201d&nbsp;na op\u00e7\u00e3o&nbsp;<em><strong>desproteger<\/strong><\/em>&nbsp;planilha do Excel.<\/p>\n\n\n\n<p class=\"has-text-align-center has-black-color has-cyan-bluish-gray-background-color has-text-color has-background has-medium-font-size\"><a href=\"https:\/\/dhg1h5j42swfq.cloudfront.net\/2021\/08\/10202616\/edital-estrategico_crp-mg_advogado.xlsx\" target=\"_blank\" rel=\"noreferrer noopener\">Advogado<\/a><\/p>\n\n\n\n<p class=\"has-text-align-center has-black-color has-cyan-bluish-gray-background-color has-text-color has-background has-medium-font-size\"><a href=\"https:\/\/dhg1h5j42swfq.cloudfront.net\/2021\/08\/10202658\/edital-estrategico_crp-mg_analista-de-desenvolvimento-de-sistemas-e-informacao.xlsx\" target=\"_blank\" rel=\"noreferrer noopener\">Analista de Desenvolvimento<\/a><\/p>\n\n\n\n<p class=\"has-text-align-center has-black-color has-cyan-bluish-gray-background-color has-text-color has-background has-medium-font-size\"><a href=\"https:\/\/dhg1h5j42swfq.cloudfront.net\/2021\/08\/10202749\/edital-estrategico_crp-mg_assistente-administrativo.xlsx\" target=\"_blank\" rel=\"noreferrer noopener\">Assistente ADM<\/a><\/p>\n\n\n\n<p class=\"has-text-align-center has-black-color has-cyan-bluish-gray-background-color has-text-color has-background has-medium-font-size\"><a href=\"https:\/\/dhg1h5j42swfq.cloudfront.net\/2021\/08\/10202735\/edital-estrategico_crp-mg_assistente-especializado-em-ti.xlsx\" target=\"_blank\" rel=\"noreferrer noopener\">Assistente Especializado em TI<\/a><\/p>\n\n\n\n<p class=\"has-text-align-center has-black-color has-cyan-bluish-gray-background-color has-text-color has-background has-medium-font-size\"><a href=\"https:\/\/dhg1h5j42swfq.cloudfront.net\/2021\/08\/10202803\/edital-estrategico_crp-mg_assistente-especializado-financeiro-contabil.xlsx\" target=\"_blank\" rel=\"noreferrer noopener\">Assistente Especializado Financeiro-Cont\u00e1bil<\/a><\/p>\n\n\n\n<p class=\"has-text-align-center has-black-color has-cyan-bluish-gray-background-color has-text-color has-background has-medium-font-size\"><a href=\"https:\/\/dhg1h5j42swfq.cloudfront.net\/2021\/08\/10202826\/edital-estrategico_crp-mg_contador.xlsx\" target=\"_blank\" rel=\"noreferrer noopener\">Contador<\/a><\/p>\n\n\n\n<p><strong>IMPORTANTE:&nbsp;<\/strong>Ao clicar nos links acima, vai ser aberta uma janela do Google Drive que tentar\u00e1 carregar a visualiza\u00e7\u00e3o da planilha no seu navegador. N\u00e3o h\u00e1 necessidade de esperar essa visualiza\u00e7\u00e3o (talvez at\u00e9 nem carregue, j\u00e1 que os arquivos s\u00e3o pesados).<\/p>\n\n\n\n<p>Fa\u00e7a o download clicando na seta para baixo no canto superior direito da janela do Google Drive que vai ser aberta ao clicar nos links acima.<\/p>\n\n\n\n<p>Todos os arquivos foram testados em diferentes computadores e celulares e est\u00e3o ok. Talvez alguma incompatibilidade (ou mensagem de erro, como \u201carquivo inv\u00e1lido\u201d) ocorra em virtude do seu pr\u00f3prio computador ou do tamanho dos arquivos que possuem mais conte\u00fado.<\/p>\n\n\n\n<h2 class=\"has-text-align-center wp-block-heading\" id=\"cursos\">Quer estudar para o edital CRP MG?<\/h2>\n\n\n\n<p class=\"has-text-align-center\">Achou interessante a oportunidade e quer iniciar ou retomar seus estudos para concurso? Clique no link abaixo e acompanhe nossos cursos! <\/p>\n\n\n\n<div class=\"col-sm\">\n      <div class=\"banner-estrategia\" id=\"box-assinatura\">\n        <h3 class=\"titulo-assinatura\">Cursos para CRP-MG<\/h3>\n        <p class=\"subtitulo-assinatura\">Conhe\u00e7a os cursos<\/p>\n        <div class=\"box-botao\">\n          <a class=\"btn-assinatura\" target=\"_blank\" href=\"https:\/\/www.estrategiaconcursos.com.br\/cursosPorConcurso\/conselho-regional-de-psicologia-de-minas-gerais-crp-mg\/\" role=\"button\" rel=\"noopener noreferrer\">Conhe\u00e7a mais<\/a>\n        <\/div>\n      <\/div>\n      <p class=\"texto-auxiliar\">Prepare-se com o melhor material e com quem mais aprova em Concursos P\u00fablicos em todo o pa\u00eds.<\/p>\n    <\/div>\n\n\n\n<div class=\"container\" id=\"boxes\">\n  <div class=\"row\">\n\n    <div class=\"col-sm\">\n      <div class=\"estrategia\" id=\"box-assinatura\">\n        <h3 class=\"titulo-assinatura\">Assinatura Concursos<\/h3>\n        <p class=\"subtitulo-assinatura\">Assinatura de 1 ano ou 2 anos<\/p>\n        <div class=\"box-botao\">\n          <a class=\"btn-assinatura\" target=\"_blank\" href=\"https:\/\/www.estrategiaconcursos.com.br\/assinaturas\/\" role=\"button\" rel=\"noopener noreferrer\">ASSINE AGORA<\/a>\n        <\/div>\n      <\/div>\n     \n    <\/div><\/div><\/div>\n\n\n\n<div class=\"container\" id=\"boxes\">\n  <div class=\"row\">\n\n    <div class=\"col-sm\" id=\"boxes-concursos\">\n      <div style=\"background-color: #005DAD;\" class=\"conteudo-concursos\" id=\"box-concursos\">\n        <h3 class=\"titulo-assinatura\">Concursos Abertos<\/h3>\n        <p class=\"subtitulo-assinatura\">Os editais publicados<\/p>\n        <div class=\"box-botao\">\n          <a class=\"btn-assinatura\" target=\"_blank\" href=\"https:\/\/www.estrategiaconcursos.com.br\/blog\/concursos-abertos\/\" role=\"button\" rel=\"noopener noreferrer\">Conhe\u00e7a Agora<\/a>\n        <\/div>\n      <\/div>\n    <\/div>\n\n    <div class=\"col-sm\" id=\"boxes-concursos\">\n      <div style=\"background-color: #1A7ED5;\" class=\"conteudo-concursos\" id=\"box-concursos\">\n        <h3 class=\"titulo-assinatura\">Concursos 2021<\/h3>\n        <p class=\"subtitulo-assinatura\">As oportunidades previstas<\/p>\n        <div class=\"box-botao\">\n          <a class=\"btn-assinatura\" target=\"_blank\" href=\"https:\/\/www.estrategiaconcursos.com.br\/blog\/concursos-2021\/\" role=\"button\" rel=\"noopener noreferrer\">Conhe\u00e7a Agora<\/a>\n        <\/div>\n      <\/div>\n    <\/div>\n\n    <div class=\"col-sm\" id=\"boxes-concursos\">\n      <div style=\"background-color: #419FF0;\" class=\"conteudo-concursos\" id=\"box-concursos\">\n        <h3 class=\"titulo-assinatura\">Concursos 2022<\/h3>\n        <p class=\"subtitulo-assinatura\">Vagas para o pr\u00f3ximo ano<\/p>\n        <div class=\"box-botao\">\n          <a class=\"btn-assinatura\" target=\"_blank\" href=\"https:\/\/www.estrategiaconcursos.com.br\/blog\/concursos-2022\/\" role=\"button\" rel=\"noopener noreferrer\">Conhe\u00e7a Agora<\/a>\n        <\/div>\n      <\/div>\n    <\/div>\n\n  <\/div>\n<\/div>\n\n\n\n<figure class=\"wp-block-image size-large is-resized\"><img loading=\"lazy\" decoding=\"async\" src=\"https:\/\/dhg1h5j42swfq.cloudfront.net\/2021\/04\/05165740\/ficha-tecnica-30-1024x632.png\" alt=\"\" class=\"wp-image-707803\" width=\"169\" height=\"103\" srcset=\"https:\/\/dhg1h5j42swfq.cloudfront.net\/2021\/04\/05165740\/ficha-tecnica-30-1024x632.png 1024w, https:\/\/dhg1h5j42swfq.cloudfront.net\/2021\/04\/05165740\/ficha-tecnica-30-300x185.png 300w, https:\/\/dhg1h5j42swfq.cloudfront.net\/2021\/04\/05165740\/ficha-tecnica-30-768x474.png 768w, https:\/\/dhg1h5j42swfq.cloudfront.net\/2021\/04\/05165740\/ficha-tecnica-30-1536x948.png 1536w, https:\/\/dhg1h5j42swfq.cloudfront.net\/2021\/04\/05165740\/ficha-tecnica-30-610x377.png 610w, https:\/\/dhg1h5j42swfq.cloudfront.net\/2021\/04\/05165740\/ficha-tecnica-30.png 1571w\" sizes=\"auto, (max-width: 169px) 100vw, 169px\" \/><\/figure>\n\n\n\n<h3 class=\"wp-block-heading\" id=\"ficha-tecnica\">Ficha t\u00e9cnica do edital CRP MG<\/h3>\n\n\n\n<p>\u25ba<strong>Data prevista<\/strong>: 24 de outubro de 2021<br \/>\u25ba<strong>Vagas<\/strong>: 430<br \/>\u25ba<strong>Escolaridade<\/strong>: m\u00e9dio, t\u00e9cnico e superior <br \/>\u25ba<strong>Banca<\/strong>: Instituto Quadrix <br \/>\u25ba<strong>Edital<\/strong>: <a href=\"https:\/\/dhg1h5j42swfq.cloudfront.net\/2021\/08\/09132847\/1_crp-mg_concurso_publico_2021_edital_1.pdf\" target=\"_blank\" rel=\"noreferrer noopener\"><strong>Edital CRP MG 2021<\/strong><\/a><br \/>\u25ba<strong>Cronograma<\/strong>: <a href=\"https:\/\/dhg1h5j42swfq.cloudfront.net\/2021\/08\/09132927\/1_crp-mg_concurso_publico_2021_cronograma.pdf\" target=\"_blank\" rel=\"noreferrer noopener\"><strong>Cronograma CRP MG 2021<\/strong><\/a><\/p>\n\n\n\n<p>\u25ba<strong>\u00daltimo Edital<\/strong>: <a rel=\"noreferrer noopener\" href=\"https:\/\/dhg1h5j42swfq.cloudfront.net\/2020\/07\/14115528\/crpmg_concurso_publico_2015_edital_v1.pdf\" target=\"_blank\">Edital CRP MG 2015<\/a><\/p>\n","protected":false},"excerpt":{"rendered":"<p>J\u00e1 se encontra dispon\u00edvel para acesso o resultado preliminar da prova discursiva do concurso CRP MG. Al\u00e9m disso j\u00e1 foi publicado o resultado definitivo da prova objetiva. Concurso CRP MG Status: resultado preliminar da prova discursiva Banca: Instituto Quadrix Vagas:&nbsp;2 + 428 CR Sal\u00e1rio:&nbsp;R$ 2.422,71 a R$ 4.594,39 Edital:&nbsp;Edital CRP MG 2021 O certame oferta [&hellip;]<\/p>\n","protected":false},"author":1,"featured_media":831620,"comment_status":"open","ping_status":"closed","sticky":false,"template":"","format":"standard","meta":{"post_tipo":"news","footnotes":""},"categories":[214992],"tags":[],"tax_estado":[219974],"class_list":["post-831618","post","type-post","status-publish","format-standard","has-post-thumbnail","hentry","category-concursos-administrativos","tax_estado-mg"],"acf":[],"yoast_head":"<!-- This site is optimized with the Yoast SEO Premium plugin v27.2 (Yoast SEO v27.2) - https:\/\/yoast.com\/product\/yoast-seo-premium-wordpress\/ -->\n<title>Edital CRP MG: saiu o resultado preliminar da discursiva<\/title>\n<meta name=\"description\" content=\"Edital CRP MG: resultado preliminar da discursiva! Edital oferta 430 vagas para cargos de n\u00edvel m\u00e9dio, t\u00e9cnico e superior no conselho.\" \/>\n<meta name=\"robots\" content=\"index, follow, max-snippet:-1, max-image-preview:large, max-video-preview:-1\" \/>\n<link rel=\"canonical\" href=\"https:\/\/www.estrategiaconcursos.com.br\/blog\/edital-crp-mg\/\" \/>\n<meta property=\"og:locale\" content=\"pt_BR\" \/>\n<meta property=\"og:type\" content=\"article\" \/>\n<meta property=\"og:title\" content=\"Edital CRP MG: saiu o resultado preliminar da discursiva\" \/>\n<meta property=\"og:description\" content=\"Edital CRP MG: resultado preliminar da discursiva! Edital oferta 430 vagas para cargos de n\u00edvel m\u00e9dio, t\u00e9cnico e superior no conselho.\" \/>\n<meta property=\"og:url\" content=\"https:\/\/www.estrategiaconcursos.com.br\/blog\/edital-crp-mg\/\" \/>\n<meta property=\"og:site_name\" content=\"Estrat\u00e9gia Concursos\" \/>\n<meta property=\"article:author\" content=\"https:\/\/www.facebook.com\/EstrategiaConcursos\" \/>\n<meta property=\"article:published_time\" content=\"2021-10-25T20:00:00+00:00\" \/>\n<meta property=\"article:modified_time\" content=\"2021-12-13T17:08:19+00:00\" \/>\n<meta property=\"og:image\" content=\"https:\/\/dhg1h5j42swfq.cloudfront.net\/2021\/08\/09141929\/crp-mg.jpg\" \/>\n\t<meta property=\"og:image:width\" content=\"1200\" \/>\n\t<meta property=\"og:image:height\" content=\"628\" \/>\n\t<meta property=\"og:image:type\" content=\"image\/jpeg\" \/>\n<meta name=\"author\" content=\"Coordena\u00e7\u00e3o\" \/>\n<meta name=\"twitter:card\" content=\"summary_large_image\" \/>\n<meta name=\"twitter:creator\" content=\"@EstratConcursos\" \/>\n<meta name=\"twitter:site\" content=\"@EstratConcursos\" \/>\n<meta name=\"twitter:label1\" content=\"Escrito por\" \/>\n\t<meta name=\"twitter:data1\" content=\"Coordena\u00e7\u00e3o\" \/>\n\t<meta name=\"twitter:label2\" content=\"Est. tempo de leitura\" \/>\n\t<meta name=\"twitter:data2\" content=\"10 minutos\" \/>\n<script type=\"application\/ld+json\" class=\"yoast-schema-graph\">{\"@context\":\"https:\/\/schema.org\",\"@graph\":[{\"@type\":\"NewsArticle\",\"@id\":\"https:\/\/www.estrategiaconcursos.com.br\/blog\/edital-crp-mg\/#article\",\"isPartOf\":{\"@id\":\"https:\/\/www.estrategiaconcursos.com.br\/blog\/edital-crp-mg\/\"},\"author\":{\"name\":\"Coordena\u00e7\u00e3o\",\"@id\":\"https:\/\/www.estrategiaconcursos.com.br\/blog\/#\/schema\/person\/b4a388c97673c5f483d72185668afa1f\"},\"headline\":\"Edital CRP MG: saiu o resultado preliminar da discursiva\",\"datePublished\":\"2021-10-25T20:00:00+00:00\",\"dateModified\":\"2021-12-13T17:08:19+00:00\",\"mainEntityOfPage\":{\"@id\":\"https:\/\/www.estrategiaconcursos.com.br\/blog\/edital-crp-mg\/\"},\"wordCount\":2006,\"commentCount\":0,\"publisher\":{\"@id\":\"https:\/\/www.estrategiaconcursos.com.br\/blog\/#organization\"},\"image\":{\"@id\":\"https:\/\/www.estrategiaconcursos.com.br\/blog\/edital-crp-mg\/#primaryimage\"},\"thumbnailUrl\":\"https:\/\/dhg1h5j42swfq.cloudfront.net\/2021\/08\/09141929\/crp-mg.jpg\",\"articleSection\":[\"Executivo (Administrativa)\"],\"inLanguage\":\"pt-BR\",\"potentialAction\":[{\"@type\":\"CommentAction\",\"name\":\"Comment\",\"target\":[\"https:\/\/www.estrategiaconcursos.com.br\/blog\/edital-crp-mg\/#respond\"]}],\"copyrightYear\":\"2021\",\"copyrightHolder\":{\"@id\":\"https:\/\/www.estrategiaconcursos.com.br\/blog\/#organization\"}},{\"@type\":\"WebPage\",\"@id\":\"https:\/\/www.estrategiaconcursos.com.br\/blog\/edital-crp-mg\/\",\"url\":\"https:\/\/www.estrategiaconcursos.com.br\/blog\/edital-crp-mg\/\",\"name\":\"Edital CRP MG: saiu o resultado preliminar da discursiva\",\"isPartOf\":{\"@id\":\"https:\/\/www.estrategiaconcursos.com.br\/blog\/#website\"},\"primaryImageOfPage\":{\"@id\":\"https:\/\/www.estrategiaconcursos.com.br\/blog\/edital-crp-mg\/#primaryimage\"},\"image\":{\"@id\":\"https:\/\/www.estrategiaconcursos.com.br\/blog\/edital-crp-mg\/#primaryimage\"},\"thumbnailUrl\":\"https:\/\/dhg1h5j42swfq.cloudfront.net\/2021\/08\/09141929\/crp-mg.jpg\",\"datePublished\":\"2021-10-25T20:00:00+00:00\",\"dateModified\":\"2021-12-13T17:08:19+00:00\",\"description\":\"Edital CRP MG: resultado preliminar da discursiva! Edital oferta 430 vagas para cargos de n\u00edvel m\u00e9dio, t\u00e9cnico e superior no conselho.\",\"breadcrumb\":{\"@id\":\"https:\/\/www.estrategiaconcursos.com.br\/blog\/edital-crp-mg\/#breadcrumb\"},\"inLanguage\":\"pt-BR\",\"potentialAction\":[{\"@type\":\"ReadAction\",\"target\":[\"https:\/\/www.estrategiaconcursos.com.br\/blog\/edital-crp-mg\/\"]}]},{\"@type\":\"ImageObject\",\"inLanguage\":\"pt-BR\",\"@id\":\"https:\/\/www.estrategiaconcursos.com.br\/blog\/edital-crp-mg\/#primaryimage\",\"url\":\"https:\/\/dhg1h5j42swfq.cloudfront.net\/2021\/08\/09141929\/crp-mg.jpg\",\"contentUrl\":\"https:\/\/dhg1h5j42swfq.cloudfront.net\/2021\/08\/09141929\/crp-mg.jpg\",\"width\":1200,\"height\":628,\"caption\":\"Edital CRP MG\"},{\"@type\":\"BreadcrumbList\",\"@id\":\"https:\/\/www.estrategiaconcursos.com.br\/blog\/edital-crp-mg\/#breadcrumb\",\"itemListElement\":[{\"@type\":\"ListItem\",\"position\":1,\"name\":\"In\u00edcio\",\"item\":\"https:\/\/www.estrategiaconcursos.com.br\/blog\/\"},{\"@type\":\"ListItem\",\"position\":2,\"name\":\"Edital CRP MG: saiu o resultado preliminar da discursiva\"}]},{\"@type\":\"WebSite\",\"@id\":\"https:\/\/www.estrategiaconcursos.com.br\/blog\/#website\",\"url\":\"https:\/\/www.estrategiaconcursos.com.br\/blog\/\",\"name\":\"Estrat\u00e9gia Concursos\",\"description\":\"O blog da Estrat\u00e9gia Concursos traz not\u00edcias sobre concursos e artigos de professores oferecendo cursos para concursos (pdf + videaulas) no site.\",\"publisher\":{\"@id\":\"https:\/\/www.estrategiaconcursos.com.br\/blog\/#organization\"},\"potentialAction\":[{\"@type\":\"SearchAction\",\"target\":{\"@type\":\"EntryPoint\",\"urlTemplate\":\"https:\/\/www.estrategiaconcursos.com.br\/blog\/?s={search_term_string}\"},\"query-input\":{\"@type\":\"PropertyValueSpecification\",\"valueRequired\":true,\"valueName\":\"search_term_string\"}}],\"inLanguage\":\"pt-BR\"},{\"@type\":\"Organization\",\"@id\":\"https:\/\/www.estrategiaconcursos.com.br\/blog\/#organization\",\"name\":\"Estrat\u00e9gia Concursos\",\"url\":\"https:\/\/www.estrategiaconcursos.com.br\/blog\/\",\"logo\":{\"@type\":\"ImageObject\",\"inLanguage\":\"pt-BR\",\"@id\":\"https:\/\/www.estrategiaconcursos.com.br\/blog\/#\/schema\/logo\/image\/\",\"url\":\"https:\/\/dhg1h5j42swfq.cloudfront.net\/2025\/06\/03203428\/logo_concursos-1.jpg\",\"contentUrl\":\"https:\/\/dhg1h5j42swfq.cloudfront.net\/2025\/06\/03203428\/logo_concursos-1.jpg\",\"width\":230,\"height\":60,\"caption\":\"Estrat\u00e9gia Concursos\"},\"image\":{\"@id\":\"https:\/\/www.estrategiaconcursos.com.br\/blog\/#\/schema\/logo\/image\/\"},\"sameAs\":[\"https:\/\/x.com\/EstratConcursos\"]},{\"@type\":\"Person\",\"@id\":\"https:\/\/www.estrategiaconcursos.com.br\/blog\/#\/schema\/person\/b4a388c97673c5f483d72185668afa1f\",\"name\":\"Coordena\u00e7\u00e3o\",\"image\":{\"@type\":\"ImageObject\",\"inLanguage\":\"pt-BR\",\"@id\":\"https:\/\/secure.gravatar.com\/avatar\/b720319e4c9a967eb58678d110f4fe35452fc5d5f97b202bac7b8acceb18c6ad?s=96&d=mm&r=g\",\"url\":\"https:\/\/secure.gravatar.com\/avatar\/b720319e4c9a967eb58678d110f4fe35452fc5d5f97b202bac7b8acceb18c6ad?s=96&d=mm&r=g\",\"contentUrl\":\"https:\/\/secure.gravatar.com\/avatar\/b720319e4c9a967eb58678d110f4fe35452fc5d5f97b202bac7b8acceb18c6ad?s=96&d=mm&r=g\",\"caption\":\"Coordena\u00e7\u00e3o\"},\"sameAs\":[\"https:\/\/www.facebook.com\/EstrategiaConcursos\",\"https:\/\/x.com\/EstratConcursos\"],\"url\":\"https:\/\/www.estrategiaconcursos.com.br\/blog\/author\/estrategia2013\/\"}]}<\/script>\n<!-- \/ Yoast SEO Premium plugin. -->","yoast_head_json":{"title":"Edital CRP MG: saiu o resultado preliminar da discursiva","description":"Edital CRP MG: resultado preliminar da discursiva! Edital oferta 430 vagas para cargos de n\u00edvel m\u00e9dio, t\u00e9cnico e superior no conselho.","robots":{"index":"index","follow":"follow","max-snippet":"max-snippet:-1","max-image-preview":"max-image-preview:large","max-video-preview":"max-video-preview:-1"},"canonical":"https:\/\/www.estrategiaconcursos.com.br\/blog\/edital-crp-mg\/","og_locale":"pt_BR","og_type":"article","og_title":"Edital CRP MG: saiu o resultado preliminar da discursiva","og_description":"Edital CRP MG: resultado preliminar da discursiva! Edital oferta 430 vagas para cargos de n\u00edvel m\u00e9dio, t\u00e9cnico e superior no conselho.","og_url":"https:\/\/www.estrategiaconcursos.com.br\/blog\/edital-crp-mg\/","og_site_name":"Estrat\u00e9gia Concursos","article_author":"https:\/\/www.facebook.com\/EstrategiaConcursos","article_published_time":"2021-10-25T20:00:00+00:00","article_modified_time":"2021-12-13T17:08:19+00:00","og_image":[{"width":1200,"height":628,"url":"https:\/\/dhg1h5j42swfq.cloudfront.net\/2021\/08\/09141929\/crp-mg.jpg","type":"image\/jpeg"}],"author":"Coordena\u00e7\u00e3o","twitter_card":"summary_large_image","twitter_creator":"@EstratConcursos","twitter_site":"@EstratConcursos","twitter_misc":{"Escrito por":"Coordena\u00e7\u00e3o","Est. tempo de leitura":"10 minutos"},"schema":{"@context":"https:\/\/schema.org","@graph":[{"@type":"NewsArticle","@id":"https:\/\/www.estrategiaconcursos.com.br\/blog\/edital-crp-mg\/#article","isPartOf":{"@id":"https:\/\/www.estrategiaconcursos.com.br\/blog\/edital-crp-mg\/"},"author":{"name":"Coordena\u00e7\u00e3o","@id":"https:\/\/www.estrategiaconcursos.com.br\/blog\/#\/schema\/person\/b4a388c97673c5f483d72185668afa1f"},"headline":"Edital CRP MG: saiu o resultado preliminar da discursiva","datePublished":"2021-10-25T20:00:00+00:00","dateModified":"2021-12-13T17:08:19+00:00","mainEntityOfPage":{"@id":"https:\/\/www.estrategiaconcursos.com.br\/blog\/edital-crp-mg\/"},"wordCount":2006,"commentCount":0,"publisher":{"@id":"https:\/\/www.estrategiaconcursos.com.br\/blog\/#organization"},"image":{"@id":"https:\/\/www.estrategiaconcursos.com.br\/blog\/edital-crp-mg\/#primaryimage"},"thumbnailUrl":"https:\/\/dhg1h5j42swfq.cloudfront.net\/2021\/08\/09141929\/crp-mg.jpg","articleSection":["Executivo (Administrativa)"],"inLanguage":"pt-BR","potentialAction":[{"@type":"CommentAction","name":"Comment","target":["https:\/\/www.estrategiaconcursos.com.br\/blog\/edital-crp-mg\/#respond"]}],"copyrightYear":"2021","copyrightHolder":{"@id":"https:\/\/www.estrategiaconcursos.com.br\/blog\/#organization"}},{"@type":"WebPage","@id":"https:\/\/www.estrategiaconcursos.com.br\/blog\/edital-crp-mg\/","url":"https:\/\/www.estrategiaconcursos.com.br\/blog\/edital-crp-mg\/","name":"Edital CRP MG: saiu o resultado preliminar da discursiva","isPartOf":{"@id":"https:\/\/www.estrategiaconcursos.com.br\/blog\/#website"},"primaryImageOfPage":{"@id":"https:\/\/www.estrategiaconcursos.com.br\/blog\/edital-crp-mg\/#primaryimage"},"image":{"@id":"https:\/\/www.estrategiaconcursos.com.br\/blog\/edital-crp-mg\/#primaryimage"},"thumbnailUrl":"https:\/\/dhg1h5j42swfq.cloudfront.net\/2021\/08\/09141929\/crp-mg.jpg","datePublished":"2021-10-25T20:00:00+00:00","dateModified":"2021-12-13T17:08:19+00:00","description":"Edital CRP MG: resultado preliminar da discursiva! Edital oferta 430 vagas para cargos de n\u00edvel m\u00e9dio, t\u00e9cnico e superior no conselho.","breadcrumb":{"@id":"https:\/\/www.estrategiaconcursos.com.br\/blog\/edital-crp-mg\/#breadcrumb"},"inLanguage":"pt-BR","potentialAction":[{"@type":"ReadAction","target":["https:\/\/www.estrategiaconcursos.com.br\/blog\/edital-crp-mg\/"]}]},{"@type":"ImageObject","inLanguage":"pt-BR","@id":"https:\/\/www.estrategiaconcursos.com.br\/blog\/edital-crp-mg\/#primaryimage","url":"https:\/\/dhg1h5j42swfq.cloudfront.net\/2021\/08\/09141929\/crp-mg.jpg","contentUrl":"https:\/\/dhg1h5j42swfq.cloudfront.net\/2021\/08\/09141929\/crp-mg.jpg","width":1200,"height":628,"caption":"Edital CRP MG"},{"@type":"BreadcrumbList","@id":"https:\/\/www.estrategiaconcursos.com.br\/blog\/edital-crp-mg\/#breadcrumb","itemListElement":[{"@type":"ListItem","position":1,"name":"In\u00edcio","item":"https:\/\/www.estrategiaconcursos.com.br\/blog\/"},{"@type":"ListItem","position":2,"name":"Edital CRP MG: saiu o resultado preliminar da discursiva"}]},{"@type":"WebSite","@id":"https:\/\/www.estrategiaconcursos.com.br\/blog\/#website","url":"https:\/\/www.estrategiaconcursos.com.br\/blog\/","name":"Estrat\u00e9gia Concursos","description":"O blog da Estrat\u00e9gia Concursos traz not\u00edcias sobre concursos e artigos de professores oferecendo cursos para concursos (pdf + videaulas) no site.","publisher":{"@id":"https:\/\/www.estrategiaconcursos.com.br\/blog\/#organization"},"potentialAction":[{"@type":"SearchAction","target":{"@type":"EntryPoint","urlTemplate":"https:\/\/www.estrategiaconcursos.com.br\/blog\/?s={search_term_string}"},"query-input":{"@type":"PropertyValueSpecification","valueRequired":true,"valueName":"search_term_string"}}],"inLanguage":"pt-BR"},{"@type":"Organization","@id":"https:\/\/www.estrategiaconcursos.com.br\/blog\/#organization","name":"Estrat\u00e9gia Concursos","url":"https:\/\/www.estrategiaconcursos.com.br\/blog\/","logo":{"@type":"ImageObject","inLanguage":"pt-BR","@id":"https:\/\/www.estrategiaconcursos.com.br\/blog\/#\/schema\/logo\/image\/","url":"https:\/\/dhg1h5j42swfq.cloudfront.net\/2025\/06\/03203428\/logo_concursos-1.jpg","contentUrl":"https:\/\/dhg1h5j42swfq.cloudfront.net\/2025\/06\/03203428\/logo_concursos-1.jpg","width":230,"height":60,"caption":"Estrat\u00e9gia Concursos"},"image":{"@id":"https:\/\/www.estrategiaconcursos.com.br\/blog\/#\/schema\/logo\/image\/"},"sameAs":["https:\/\/x.com\/EstratConcursos"]},{"@type":"Person","@id":"https:\/\/www.estrategiaconcursos.com.br\/blog\/#\/schema\/person\/b4a388c97673c5f483d72185668afa1f","name":"Coordena\u00e7\u00e3o","image":{"@type":"ImageObject","inLanguage":"pt-BR","@id":"https:\/\/secure.gravatar.com\/avatar\/b720319e4c9a967eb58678d110f4fe35452fc5d5f97b202bac7b8acceb18c6ad?s=96&d=mm&r=g","url":"https:\/\/secure.gravatar.com\/avatar\/b720319e4c9a967eb58678d110f4fe35452fc5d5f97b202bac7b8acceb18c6ad?s=96&d=mm&r=g","contentUrl":"https:\/\/secure.gravatar.com\/avatar\/b720319e4c9a967eb58678d110f4fe35452fc5d5f97b202bac7b8acceb18c6ad?s=96&d=mm&r=g","caption":"Coordena\u00e7\u00e3o"},"sameAs":["https:\/\/www.facebook.com\/EstrategiaConcursos","https:\/\/x.com\/EstratConcursos"],"url":"https:\/\/www.estrategiaconcursos.com.br\/blog\/author\/estrategia2013\/"}]}},"_links":{"self":[{"href":"https:\/\/www.estrategiaconcursos.com.br\/blog\/wp-json\/wp\/v2\/posts\/831618","targetHints":{"allow":["GET"]}}],"collection":[{"href":"https:\/\/www.estrategiaconcursos.com.br\/blog\/wp-json\/wp\/v2\/posts"}],"about":[{"href":"https:\/\/www.estrategiaconcursos.com.br\/blog\/wp-json\/wp\/v2\/types\/post"}],"author":[{"embeddable":true,"href":"https:\/\/www.estrategiaconcursos.com.br\/blog\/wp-json\/wp\/v2\/users\/1"}],"replies":[{"embeddable":true,"href":"https:\/\/www.estrategiaconcursos.com.br\/blog\/wp-json\/wp\/v2\/comments?post=831618"}],"version-history":[{"count":23,"href":"https:\/\/www.estrategiaconcursos.com.br\/blog\/wp-json\/wp\/v2\/posts\/831618\/revisions"}],"predecessor-version":[{"id":928197,"href":"https:\/\/www.estrategiaconcursos.com.br\/blog\/wp-json\/wp\/v2\/posts\/831618\/revisions\/928197"}],"wp:featuredmedia":[{"embeddable":true,"href":"https:\/\/www.estrategiaconcursos.com.br\/blog\/wp-json\/wp\/v2\/media\/831620"}],"wp:attachment":[{"href":"https:\/\/www.estrategiaconcursos.com.br\/blog\/wp-json\/wp\/v2\/media?parent=831618"}],"wp:term":[{"taxonomy":"category","embeddable":true,"href":"https:\/\/www.estrategiaconcursos.com.br\/blog\/wp-json\/wp\/v2\/categories?post=831618"},{"taxonomy":"post_tag","embeddable":true,"href":"https:\/\/www.estrategiaconcursos.com.br\/blog\/wp-json\/wp\/v2\/tags?post=831618"},{"taxonomy":"tax_estado","embeddable":true,"href":"https:\/\/www.estrategiaconcursos.com.br\/blog\/wp-json\/wp\/v2\/tax_estado?post=831618"}],"curies":[{"name":"wp","href":"https:\/\/api.w.org\/{rel}","templated":true}]}}