{"id":831138,"date":"2021-08-16T08:54:00","date_gmt":"2021-08-16T11:54:00","guid":{"rendered":"https:\/\/www.estrategiaconcursos.com.br\/blog\/?p=831138"},"modified":"2021-08-12T14:25:48","modified_gmt":"2021-08-12T17:25:48","slug":"resumo-de-ged-para-sefaz-es","status":"publish","type":"post","link":"https:\/\/www.estrategiaconcursos.com.br\/blog\/resumo-de-ged-para-sefaz-es\/","title":{"rendered":"Resumo da Gest\u00e3o Eletr\u00f4nica de Documentos GED para SEFAZ-ES"},"content":{"rendered":"\n<p>Ol\u00e1, pessoal. Tudo certo? No artigo de hoje veremos o Resumo da Gest\u00e3o Eletr\u00f4nica de Documentos GED para SEFAZ-ES.<\/p>\n\n\n\n<p>Podemos dizer que o GED tem por fun\u00e7\u00e3o a captura, gerenciamento, armazenamento e distribui\u00e7\u00e3o de documentos. Nesse sentido, vamos explorar os pontos que podem ser cobrados em prova.<\/p>\n\n\n\n<p>Temas que ser\u00e3o vistos:<\/p>\n\n\n\n<ul class=\"wp-block-list\"><li>Conceitos Gerais<\/li><li>Defini\u00e7\u00f5es<\/li><li>Ambiente t\u00edpico de GED<\/li><li>Fases de Implanta\u00e7\u00e3o de GED<\/li><li>M\u00f3dulos ou ferramentas de GED<\/li><\/ul>\n\n\n\n<p>Sem mais delongas, vamos l\u00e1.<\/p>\n\n\n\n<h2 class=\"wp-block-heading\" id=\"h-conceitos-gerais-ged\">Conceitos Gerais &#8211; GED<\/h2>\n\n\n\n<p>Iniciemos o Resumo da Gest\u00e3o Eletr\u00f4nica de Documentos GED para SEFAZ-ES por algumas defini\u00e7\u00f5es importantes sobre o tema.<\/p>\n\n\n\n<ul class=\"wp-block-list\"><li><span class=\"has-inline-color has-vivid-cyan-blue-color\"><strong>Gest\u00e3o de documentos<\/strong>:<\/span> busca <strong>assegurar acesso pleno \u00e0s informa\u00e7\u00f5es<\/strong> necess\u00e1rias \u00e0 tomada di\u00e1ria de decis\u00f5es e \u00e0 garantia de deveres e direitos,<\/li><\/ul>\n\n\n\n<ul class=\"wp-block-list\"><li><strong><span class=\"has-inline-color has-vivid-cyan-blue-color\">Gest\u00e3o Eletr\u00f4nica de Documentos<\/span> (GED):<\/strong> m\u00f3dulos interligados que <strong>permite<\/strong> uma empresa <strong>gerenciar<\/strong> <strong>documentos em forma f\u00edsica ou digital<\/strong> <strong><span class=\"has-inline-color has-vivid-purple-color\">-&gt; Poss\u00edvel documento f\u00edsico na GED<\/span><\/strong><\/li><\/ul>\n\n\n\n<p><strong><span class=\"has-inline-color has-luminous-vivid-amber-color\">Obs.:<\/span> <\/strong>Embora a GED aceite documento f\u00edsico, &#8220;aceite&#8221; defini\u00e7\u00f5es que citem somente documentos em meio digital ou eletr\u00f4nico.<\/p>\n\n\n\n<p>Ficamos com um resumo sobre as principais caracter\u00edsticas do GED apontadas pelo professor Ramon Souza.<\/p>\n\n\n\n<div class=\"wp-block-image\"><figure class=\"aligncenter size-large\"><img loading=\"lazy\" decoding=\"async\" width=\"671\" height=\"196\" src=\"https:\/\/dhg1h5j42swfq.cloudfront.net\/2021\/08\/08185636\/image-123.png\" alt=\"Resumo da Gest\u00e3o Eletr\u00f4nica de Documentos GED para SEFAZ-ES\" class=\"wp-image-831140\" srcset=\"https:\/\/dhg1h5j42swfq.cloudfront.net\/2021\/08\/08185636\/image-123.png 671w, https:\/\/dhg1h5j42swfq.cloudfront.net\/2021\/08\/08185636\/image-123-300x88.png 300w, https:\/\/dhg1h5j42swfq.cloudfront.net\/2021\/08\/08185636\/image-123-610x178.png 610w\" sizes=\"auto, (max-width: 671px) 100vw, 671px\" \/><figcaption>Resumo da Gest\u00e3o Eletr\u00f4nica de Documentos GED para SEFAZ-ES<\/figcaption><\/figure><\/div>\n\n\n\n<p>Dentro de um cen\u00e1rio de gerenciamento de documentos, a NC UFPR em 2019 trouxe uma defini\u00e7\u00e3o interessante \u2013 \u201cQuando o fluxo de trabalho \u00e9 digital, a produtividade aumenta, os custos diminuem, os requisitos s\u00e3o mais facilmente validados e a computa\u00e7\u00e3o verde se torna poss\u00edvel\u201d.<\/p>\n\n\n\n<h3 class=\"wp-block-heading\">Defini\u00e7\u00f5es<\/h3>\n\n\n\n<p>Ainda, \u00e9 importante reconhecer outros conceitos de assuntos correlatos, pois a banca poder\u00e1 tentar confundi-lo. <strong><\/strong><\/p>\n\n\n\n<ul class=\"wp-block-list\"><li><strong><span class=\"has-inline-color has-vivid-green-cyan-color\">Sistema informatizado de gest\u00e3o arquiv\u00edstica de documentos <\/span>(SIGAD): <\/strong>Procedimentos que visam o controle do <strong>ciclo de vida dos documentos <\/strong>(da produ\u00e7\u00e3o at\u00e9 a destina\u00e7\u00e3o final) a partir dos princ\u00edpios da gest\u00e3o arquiv\u00edstica.<\/li><\/ul>\n\n\n\n<p><strong><span class=\"has-inline-color has-cyan-bluish-gray-color\">SIGAD x GED<\/span><\/strong><br \/><span class=\"has-inline-color has-vivid-purple-color\"><strong>SIGAD:<\/strong> <\/span>Relacionado ao ciclo de vida do documento, aplicado ao documento arquiv\u00edstico.<br \/><span class=\"has-inline-color has-vivid-purple-color\"><strong>GED:<\/strong> <\/span>Relacionado ao compartilhamento;<\/p>\n\n\n\n<ul class=\"wp-block-list\"><li><strong><span class=\"has-inline-color has-vivid-green-cyan-color\">Dirks <\/span>(Designing and Implementing Recordkeeping Systems):&nbsp;<\/strong>metodologia de cria\u00e7\u00e3o de sistemas de gerenciamento de registros. <span class=\"has-inline-color has-vivid-purple-color\">-&gt; <strong>Implementa\u00e7\u00e3o de sistema de registros<\/strong><\/span><\/li><\/ul>\n\n\n\n<h2 class=\"wp-block-heading\">Ambiente t\u00edpico de GED<\/h2>\n\n\n\n<p>Vejamos um <span class=\"has-inline-color has-vivid-cyan-blue-color\"><strong>ambiente t\u00edpico de GED<\/strong> <\/span>apontado pelo professor Ramon Souza.<\/p>\n\n\n\n<div class=\"wp-block-image\"><figure class=\"aligncenter size-large\"><img loading=\"lazy\" decoding=\"async\" width=\"630\" height=\"362\" src=\"https:\/\/dhg1h5j42swfq.cloudfront.net\/2021\/08\/08185713\/image-125.png\" alt=\"\" class=\"wp-image-831142\" srcset=\"https:\/\/dhg1h5j42swfq.cloudfront.net\/2021\/08\/08185713\/image-125.png 630w, https:\/\/dhg1h5j42swfq.cloudfront.net\/2021\/08\/08185713\/image-125-300x172.png 300w, https:\/\/dhg1h5j42swfq.cloudfront.net\/2021\/08\/08185713\/image-125-610x351.png 610w\" sizes=\"auto, (max-width: 630px) 100vw, 630px\" \/><figcaption>Ambiente t\u00edpico de GED<\/figcaption><\/figure><\/div>\n\n\n\n<p>Bem auto explicativo, n\u00e3o?<\/p>\n\n\n\n<p>Do <span class=\"has-inline-color has-vivid-green-cyan-color\"><strong>documento<\/strong> <\/span>no \u00e2mbito do GED, devemos refor\u00e7ar que ele pode estar em <strong>papel<\/strong> <strong>ou<\/strong> ser nativamente <strong><span class=\"has-inline-color has-vivid-purple-color\">digital<\/span><\/strong>, e deste \u00faltimo devemos reconhecer suas caracter\u00edsticas.<\/p>\n\n\n\n<p><strong><span class=\"has-inline-color has-vivid-purple-color\">Caracter\u00edsticas do documento digital:<\/span><\/strong><\/p>\n\n\n\n<ul class=\"wp-block-list\"><li><strong>Necessita de metadados<\/strong> que descrevam a fun\u00e7\u00e3o da informa\u00e7\u00e3o registrada<\/li><li><strong>N\u00e3o<\/strong> <strong>tem alto grau de integridade do conte\u00fado<\/strong> com o <strong>suporte<\/strong> ex. leitores de pdf<\/li><\/ul>\n\n\n\n<p>Se estamos falando de documentos e do processo de digitaliza\u00e7\u00e3o, \u00e9 imperioso que conhe\u00e7amos alguns termos.<\/p>\n\n\n\n<ul class=\"wp-block-list\"><li><strong><span class=\"has-inline-color has-vivid-purple-color\">Minuta<\/span>:<\/strong> <strong>compila\u00e7\u00e3o tempor\u00e1ria<\/strong> de um documento que <strong>visa corre\u00e7\u00e3o<\/strong>.<\/li><li><strong><span class=\"has-inline-color has-vivid-purple-color\">C\u00f3pia<\/span>:<\/strong> <strong>reprodu\u00e7\u00e3o<\/strong> de um documento feita a partir de um <strong>original<\/strong>.<\/li><li><strong><span class=\"has-inline-color has-vivid-purple-color\">Original<\/span>:<\/strong> \u00e9 o primeiro documento completo e efetivo.<\/li><\/ul>\n\n\n\n<p>Ainda dentro do processo de Gest\u00e3o Eletr\u00f4nica de Documentos, tamb\u00e9m \u00e9 comum se deparar com as seguintes ferramentas.<\/p>\n\n\n\n<ul class=\"wp-block-list\"><li><strong><span class=\"has-inline-color has-vivid-green-cyan-color\">Intelligent Character Recognition (ICR)<\/span>:<\/strong> utilizado para <strong>reconhecimento \u00f3ptico de<\/strong> <strong>caracteres escritos \u00e0 m\u00e3o<\/strong>.<\/li><li><strong><span class=\"has-inline-color has-vivid-green-cyan-color\">Indexa\u00e7\u00e3o<\/span>:<\/strong> cria\u00e7\u00e3o de um modo de arquivamento organizado e eletr\u00f4nico, <strong>possibilitando a pesquisa<\/strong> futura de maneira simples e eficiente.<\/li><li><strong><span class=\"has-inline-color has-vivid-green-cyan-color\">Optical Character Recognition (ICR):<\/span><\/strong> utilizado para <strong>reconhecimento de caracteres de um texto escaneado<\/strong>.<\/li><\/ul>\n\n\n\n<h2 class=\"wp-block-heading\">Fases de Implanta\u00e7\u00e3o de GED<\/h2>\n\n\n\n<p>\u00c9 de se esperar que para a conseguir uma gest\u00e3o eficiente de documentos deve-se passar por fases de implementa\u00e7\u00e3o.<\/p>\n\n\n\n<p><strong><span class=\"has-inline-color has-vivid-cyan-blue-color\">Fases de Implanta\u00e7\u00e3o de GED:<\/span><\/strong><\/p>\n\n\n\n<ul class=\"wp-block-list\"><li><strong><span class=\"has-inline-color has-vivid-green-cyan-color\">Identifica\u00e7\u00e3o da demanda:<\/span> <\/strong>estudo do processo de cria\u00e7\u00e3o de documentos.<\/li><li><strong><span class=\"has-inline-color has-vivid-green-cyan-color\">Digitaliza\u00e7\u00e3o ou Escaneamento:<\/span> <\/strong>trata-se da captura do documento<\/li><li><span class=\"has-inline-color has-vivid-green-cyan-color\"><strong>Indexa\u00e7\u00e3o<\/strong>:<\/span> cria-se um modo de arquivamento organizado para r\u00e1pida recupera\u00e7\u00e3o<\/li><li><span class=\"has-inline-color has-vivid-green-cyan-color\"><strong>Armazenamento<\/strong>: <\/span>a guarda dos arquivos eletr\u00f4nicos em bancos de dados relacionais, DVD e etc.<\/li><li><span class=\"has-inline-color has-vivid-green-cyan-color\"><strong>Consulta<\/strong>: <\/span>pesquisa via indexador para encontrar imagens armazenadas na base de dados<\/li><li><span class=\"has-inline-color has-vivid-green-cyan-color\"><strong>Acesso<\/strong>: <\/span>possibilita a utiliza\u00e7\u00e3o do documento<\/li><\/ul>\n\n\n\n<p>Perceba que nada mais \u00e9 que um processo l\u00f3gico de passar um documento f\u00edsico at\u00e9 chegar ao eletr\u00f4nico e posteriormente a sua utiliza\u00e7\u00e3o. <\/p>\n\n\n\n<h2 class=\"wp-block-heading\">M\u00f3dulos ou ferramentas de GED<\/h2>\n\n\n\n<p>Para finalizar o Resumo da Gest\u00e3o Eletr\u00f4nica de Documentos GED para SEFAZ-ES, adentremos inicialmente nos principais M\u00f3dulos do GED.<\/p>\n\n\n\n<p><strong><span class=\"has-inline-color has-vivid-cyan-blue-color\">DM &#8211; Document Management <\/span>(Gerenciamento):&nbsp;<\/strong>Gerenciamento de documentos digitais. O DM controla o acesso f\u00edsico aos documentos.<\/p>\n\n\n\n<p><strong><span class=\"has-inline-color has-vivid-cyan-blue-color\">DI &#8211; Document Imaging <\/span>(Captura):&nbsp;<\/strong>Gerenciamento do processo de convers\u00e3o de papel para digital <span class=\"has-inline-color has-vivid-purple-color\">-&gt; <strong>digitaliza\u00e7\u00e3o<\/strong><\/span><\/p>\n\n\n\n<p><strong><span class=\"has-inline-color has-vivid-cyan-blue-color\">RIM \u2013 Records and Information Management <\/span>(Armazenamento):&nbsp;<\/strong>\u00c9 o gerenciamento do ciclo de vida do documento, de forma automatizada por meio de softwares espec\u00edficos, independentemente da m\u00eddia em que ele se encontra.&nbsp;<\/p>\n\n\n\n<p><strong><span class=\"has-inline-color has-vivid-cyan-blue-color\">Workflow <\/span>(distribui\u00e7\u00e3o):&nbsp;<\/strong>Trata-se da gest\u00e3o de forma proativa dos processos de neg\u00f3cio das empresas <strong><span class=\"has-inline-color has-vivid-purple-color\">-&gt; fluxo de trabalho<\/span><\/strong><\/p>\n\n\n\n<p>Obviamente existem outros m\u00f3dulos e ferramentas, assim vejamos tamb\u00e9m outras informa\u00e7\u00f5es importantes.<\/p>\n\n\n\n<ul class=\"wp-block-list\"><li><strong><span class=\"has-inline-color has-vivid-green-cyan-color\">Processamento de Formul\u00e1rios&nbsp;<\/span>(FORMS PROCESSING &#8211;&nbsp;OCR\/ICR):<\/strong> Possibilita que os <strong>relat\u00f3rios<\/strong> sejam gerados e gerenciados na forma digital.<\/li><\/ul>\n\n\n\n<ul class=\"wp-block-list\"><li><strong><span class=\"has-inline-color has-vivid-green-cyan-color\">Image Enable: <\/span><\/strong>busca anexar documentos a programas que precisam de informa\u00e7\u00f5es complementares.<\/li><\/ul>\n\n\n\n<ul class=\"wp-block-list\"><li><strong><span class=\"has-inline-color has-vivid-green-cyan-color\">Records and Information Management<\/span> (RIM): <\/strong>\u00e9 o gerenciamento do ciclo de vida de um documento &#8211; cria\u00e7\u00e3o, armazenamento, processamento, manuten\u00e7\u00e3o, disponibiliza\u00e7\u00e3o e descarte<\/li><\/ul>\n\n\n\n<ul class=\"wp-block-list\"><li><strong><span class=\"has-inline-color has-vivid-green-cyan-color\">Full Text Retrieval <\/span>(FTR): <\/strong>recuperar documentos a partir de qualquer palavra ou \u00edndice remissivo do conte\u00fado do texto.<\/li><\/ul>\n\n\n\n<h2 class=\"wp-block-heading\">Assertivas<\/h2>\n\n\n\n<p>O assunto de Gest\u00e3o Eletr\u00f4nica de Documentos n\u00e3o foi t\u00e3o explorado assim pela banca FGV, nesse sentido vamos conhecer alguns questionamentos apresentados pela banca examinadora.<\/p>\n\n\n\n<p><strong>FGV\/2013 &#8211; Funda\u00e7\u00e3o Biblioteca Nacional<\/strong><\/p>\n\n\n\n<p>Os documentos _____, considerando o pequeno espa\u00e7o _____ que ocupam, n\u00e3o s\u00e3o objeto das preocupa\u00e7\u00f5es imediatas das atividades _____.<\/p>\n\n\n\n<p>Assinale a alternativa que apresenta os termos que completam corretamente as lacunas.<\/p>\n\n\n\n<p>Eletr\u00f4nicos \/ f\u00edsico \/ arquiv\u00edsticas.<\/p>\n\n\n\n<p><strong>FGV\/2013 &#8211; TJ AM<\/strong><\/p>\n\n\n\n<p>O Gerenciamento de Eletr\u00f4nico de Documentos \u2013 GED \u00e9 o conjunto de tecnologias utilizadas para organiza\u00e7\u00e3o da informa\u00e7\u00e3o n\u00e3o estruturada de um \u00f3rg\u00e3o ou entidade, que pode ser dividido nas funcionalidades:<\/p>\n\n\n\n<p>Captura, gerenciamento, armazenamento e distribui\u00e7\u00e3o<\/p>\n\n\n\n<p><strong>FGV\/2008 &#8211; Senado Federal<\/strong><\/p>\n\n\n\n<p>Os atributos presentes na forma f\u00edsica e na intelectual do documento arquiv\u00edstico eletr\u00f4nico s\u00e3o, respectivamente:<\/p>\n\n\n\n<p>Texto, idioma, sinais especiais, selos, contexto tecnol\u00f3gico \/ configura\u00e7\u00e3o da informa\u00e7\u00e3o, articula\u00e7\u00e3o do conte\u00fado, anota\u00e7\u00f5es.<\/p>\n\n\n\n<h2 class=\"wp-block-heading\">Considera\u00e7\u00f5es Finais<\/h2>\n\n\n\n<p>Pessoal, chegamos ao final do Resumo da Gest\u00e3o Eletr\u00f4nica de Documentos GED para SEFAZ-ES.<\/p>\n\n\n\n<p>Como voc\u00eas devem saber, o artigo tem por objetivo apenas apresentar um resumo do conte\u00fado, assim n\u00e3o deixem de conferir nossos cursos.<\/p>\n\n\n\n<p class=\"has-text-align-center\"><a href=\"https:\/\/www.estrategiaconcursos.com.br\/pesquisa\/?q=tecnologia+da+informa%C3%A7%C3%A3o\">Cursos de TI \u2013 Estrat\u00e9gia Concursos<\/a><\/p>\n\n\n\n<p>Al\u00e9m disso, a pr\u00e1tica de exerc\u00edcios \u00e9 essencial para absor\u00e7\u00e3o e memoriza\u00e7\u00e3o de conte\u00fado, n\u00e3o vacile nesse ponto. Pensando nisso, o Estrat\u00e9gia concursos desenvolveu um Sistema de Quest\u00f5es (SQ) com uma gama gigantesca de quest\u00f5es comentadas.<\/p>\n\n\n\n<p class=\"has-text-align-center\"><a href=\"https:\/\/concursos.estrategiaeducacional.com.br\/cadernos-e-simulados\/cadernos\/10e07ec2-154c-42f7-b17f-455bec63949d\">Sistema de Quest\u00f5es \u2013 Estrat\u00e9gia<\/a><\/p>\n\n\n\n<p>Por fim, n\u00e3o deixe de acompanhar o blog para mais resumos para a Secretaria da Fazenda do Esp\u00edrito Santo e not\u00edcias de concurso p\u00fablico no geral.<\/p>\n\n\n\n<h2 class=\"has-text-align-center wp-block-heading\" id=\"h-cursos-e-assinaturas\">Cursos e Assinaturas<\/h2>\n\n\n\n<div class=\"container\" id=\"boxes\">\n  <div class=\"row\">\n\n    <div class=\"col-sm\">\n      <div class=\"estrategia\" id=\"box-assinatura\">\n        <h3 class=\"titulo-assinatura\">Assinatura Concursos<\/h3>\n        <p class=\"subtitulo-assinatura\">Assinatura de 1 ano ou 2 anos<\/p>\n        <div class=\"box-botao\">\n          <a class=\"btn-assinatura\" target=\"_blank\" href=\"https:\/\/www.estrategiaconcursos.com.br\/assinaturas\/\" role=\"button\" rel=\"noopener noreferrer\">ASSINE AGORA<\/a>\n        <\/div>\n      <\/div><\/div><\/div><\/div>\n\n\n\n<div class=\"container\" id=\"boxes\">\n  <div class=\"row\">\n\n    <div class=\"col-sm\" id=\"boxes-concursos\">\n      <div style=\"background-color: #005DAD;\" class=\"conteudo-concursos\" id=\"box-concursos\">\n        <h3 class=\"titulo-assinatura\">Concursos Abertos<\/h3>\n        <p class=\"subtitulo-assinatura\">Os editais publicados<\/p>\n        <div class=\"box-botao\">\n          <a class=\"btn-assinatura\" target=\"_blank\" href=\"https:\/\/www.estrategiaconcursos.com.br\/blog\/concursos-abertos\/\" role=\"button\" rel=\"noopener noreferrer\">Conhe\u00e7a Agora<\/a>\n        <\/div>\n      <\/div>\n    <\/div>\n\n    <div class=\"col-sm\" id=\"boxes-concursos\">\n      <div style=\"background-color: #1A7ED5;\" class=\"conteudo-concursos\" id=\"box-concursos\">\n        <h3 class=\"titulo-assinatura\">Concursos 2021<\/h3>\n        <p class=\"subtitulo-assinatura\">As oportunidades previstas<\/p>\n        <div class=\"box-botao\">\n          <a class=\"btn-assinatura\" target=\"_blank\" href=\"https:\/\/www.estrategiaconcursos.com.br\/blog\/concursos-2021\/\" role=\"button\" rel=\"noopener noreferrer\">Conhe\u00e7a Agora<\/a>\n        <\/div>\n      <\/div>\n    <\/div>\n\n    <div class=\"col-sm\" id=\"boxes-concursos\">\n      <div style=\"background-color: #419FF0;\" class=\"conteudo-concursos\" id=\"box-concursos\">\n        <h3 class=\"titulo-assinatura\">Concursos 2022<\/h3>\n        <p class=\"subtitulo-assinatura\">Vagas para o pr\u00f3ximo ano<\/p>\n        <div class=\"box-botao\">\n          <a class=\"btn-assinatura\" target=\"_blank\" href=\"https:\/\/www.estrategiaconcursos.com.br\/blog\/concursos-2022\/\" role=\"button\" rel=\"noopener noreferrer\">Conhe\u00e7a Agora<\/a>\n        <\/div>\n      <\/div>\n    <\/div>\n\n  <\/div>\n<\/div>\n\n\n\n<div class=\"container\" id=\"boxes\">\n  <div class=\"row\">\n\n    <div class=\"col-sm\">\n      <div class=\"banner-tribunal\" id=\"box-assinatura\">\n        <h3 class=\"titulo-assinatura\">Cursos para Carreiras Jur\u00eddicas<\/h3>\n        <p class=\"subtitulo-assinatura\">Conhe\u00e7a os cursos<\/p>\n        <div class=\"box-botao\">\n          <a class=\"btn-assinatura\" target=\"_blank\" href=\"https:\/\/www.estrategiaconcursos.com.br\/cursosPorConcurso\/assinaturas-carreira-juridica\/\" rel=\"noopener noreferrer\">Conhe\u00e7a mais<\/a>\n        <\/div>\n      <\/div>\n      <p class=\"texto-auxiliar\">Prepare-se com o melhor material e com quem mais aprova em Concursos P\u00fablicos em todo o pa\u00eds.<\/p>\n    <\/div>\n\n  <\/div>\n<\/div>\n\n\n\n<p>At\u00e9 mais e bons estudos!<\/p>\n","protected":false},"excerpt":{"rendered":"<p>Ol\u00e1, pessoal. Tudo certo? No artigo de hoje veremos o Resumo da Gest\u00e3o Eletr\u00f4nica de Documentos GED para SEFAZ-ES. Podemos dizer que o GED tem por fun\u00e7\u00e3o a captura, gerenciamento, armazenamento e distribui\u00e7\u00e3o de documentos. Nesse sentido, vamos explorar os pontos que podem ser cobrados em prova. Temas que ser\u00e3o vistos: Conceitos Gerais Defini\u00e7\u00f5es Ambiente [&hellip;]<\/p>\n","protected":false},"author":1763,"featured_media":831142,"comment_status":"open","ping_status":"closed","sticky":false,"template":"","format":"standard","meta":{"post_tipo":"article","footnotes":""},"categories":[1,1983],"tags":[],"tax_estado":[219971],"class_list":["post-831138","post","type-post","status-publish","format-standard","has-post-thumbnail","hentry","category-cursos-e-concursos","category-fiscal-estadual","tax_estado-es"],"acf":[],"yoast_head":"<!-- This site is optimized with the Yoast SEO Premium plugin v27.2 (Yoast SEO v27.2) - https:\/\/yoast.com\/product\/yoast-seo-premium-wordpress\/ -->\n<title>Resumo da Gest\u00e3o Eletr\u00f4nica de Documentos GED para SEFAZ-ES<\/title>\n<meta name=\"description\" content=\"Veja nesse artigo o resumo da GED para SEFAZ-ES, esse tem por fun\u00e7\u00e3o a captura, gerenciamento, armazenamento e distribui\u00e7\u00e3o de documentos.\" \/>\n<meta name=\"robots\" content=\"index, follow, max-snippet:-1, max-image-preview:large, max-video-preview:-1\" \/>\n<link rel=\"canonical\" href=\"https:\/\/www.estrategiaconcursos.com.br\/blog\/resumo-de-ged-para-sefaz-es\/\" \/>\n<meta property=\"og:locale\" content=\"pt_BR\" \/>\n<meta property=\"og:type\" content=\"article\" \/>\n<meta property=\"og:title\" content=\"Resumo da Gest\u00e3o Eletr\u00f4nica de Documentos GED para SEFAZ-ES\" \/>\n<meta property=\"og:description\" content=\"Veja nesse artigo o resumo da GED para SEFAZ-ES, esse tem por fun\u00e7\u00e3o a captura, gerenciamento, armazenamento e distribui\u00e7\u00e3o de documentos.\" \/>\n<meta property=\"og:url\" content=\"https:\/\/www.estrategiaconcursos.com.br\/blog\/resumo-de-ged-para-sefaz-es\/\" \/>\n<meta property=\"og:site_name\" content=\"Estrat\u00e9gia Concursos\" \/>\n<meta property=\"article:published_time\" content=\"2021-08-16T11:54:00+00:00\" \/>\n<meta property=\"og:image\" content=\"https:\/\/dhg1h5j42swfq.cloudfront.net\/2021\/08\/08185713\/image-125.png\" \/>\n\t<meta property=\"og:image:width\" content=\"630\" \/>\n\t<meta property=\"og:image:height\" content=\"362\" \/>\n\t<meta property=\"og:image:type\" content=\"image\/png\" \/>\n<meta name=\"author\" content=\"Leonardo Menezes Passarin\" \/>\n<meta name=\"twitter:card\" content=\"summary_large_image\" \/>\n<meta name=\"twitter:creator\" content=\"@EstratConcursos\" \/>\n<meta name=\"twitter:site\" content=\"@EstratConcursos\" \/>\n<meta name=\"twitter:label1\" content=\"Escrito por\" \/>\n\t<meta name=\"twitter:data1\" content=\"Leonardo Menezes Passarin\" \/>\n\t<meta name=\"twitter:label2\" content=\"Est. tempo de leitura\" \/>\n\t<meta name=\"twitter:data2\" content=\"6 minutos\" \/>\n<script type=\"application\/ld+json\" class=\"yoast-schema-graph\">{\"@context\":\"https:\/\/schema.org\",\"@graph\":[{\"@type\":\"NewsArticle\",\"@id\":\"https:\/\/www.estrategiaconcursos.com.br\/blog\/resumo-de-ged-para-sefaz-es\/#article\",\"isPartOf\":{\"@id\":\"https:\/\/www.estrategiaconcursos.com.br\/blog\/resumo-de-ged-para-sefaz-es\/\"},\"author\":{\"name\":\"Leonardo Menezes Passarin\",\"@id\":\"https:\/\/www.estrategiaconcursos.com.br\/blog\/#\/schema\/person\/245b44e43eb13f0dbd04a7a078cd0d0d\"},\"headline\":\"Resumo da Gest\u00e3o Eletr\u00f4nica de Documentos GED para SEFAZ-ES\",\"datePublished\":\"2021-08-16T11:54:00+00:00\",\"mainEntityOfPage\":{\"@id\":\"https:\/\/www.estrategiaconcursos.com.br\/blog\/resumo-de-ged-para-sefaz-es\/\"},\"wordCount\":1283,\"commentCount\":0,\"publisher\":{\"@id\":\"https:\/\/www.estrategiaconcursos.com.br\/blog\/#organization\"},\"image\":{\"@id\":\"https:\/\/www.estrategiaconcursos.com.br\/blog\/resumo-de-ged-para-sefaz-es\/#primaryimage\"},\"thumbnailUrl\":\"https:\/\/dhg1h5j42swfq.cloudfront.net\/2021\/08\/08185713\/image-125.png\",\"articleSection\":[\"Concursos P\u00fablicos\",\"Fiscal - Estadual (ICMS)\"],\"inLanguage\":\"pt-BR\",\"potentialAction\":[{\"@type\":\"CommentAction\",\"name\":\"Comment\",\"target\":[\"https:\/\/www.estrategiaconcursos.com.br\/blog\/resumo-de-ged-para-sefaz-es\/#respond\"]}],\"copyrightYear\":\"2021\",\"copyrightHolder\":{\"@id\":\"https:\/\/www.estrategiaconcursos.com.br\/blog\/#organization\"}},{\"@type\":\"WebPage\",\"@id\":\"https:\/\/www.estrategiaconcursos.com.br\/blog\/resumo-de-ged-para-sefaz-es\/\",\"url\":\"https:\/\/www.estrategiaconcursos.com.br\/blog\/resumo-de-ged-para-sefaz-es\/\",\"name\":\"Resumo da Gest\u00e3o Eletr\u00f4nica de Documentos GED para SEFAZ-ES\",\"isPartOf\":{\"@id\":\"https:\/\/www.estrategiaconcursos.com.br\/blog\/#website\"},\"primaryImageOfPage\":{\"@id\":\"https:\/\/www.estrategiaconcursos.com.br\/blog\/resumo-de-ged-para-sefaz-es\/#primaryimage\"},\"image\":{\"@id\":\"https:\/\/www.estrategiaconcursos.com.br\/blog\/resumo-de-ged-para-sefaz-es\/#primaryimage\"},\"thumbnailUrl\":\"https:\/\/dhg1h5j42swfq.cloudfront.net\/2021\/08\/08185713\/image-125.png\",\"datePublished\":\"2021-08-16T11:54:00+00:00\",\"description\":\"Veja nesse artigo o resumo da GED para SEFAZ-ES, esse tem por fun\u00e7\u00e3o a captura, gerenciamento, armazenamento e distribui\u00e7\u00e3o de documentos.\",\"breadcrumb\":{\"@id\":\"https:\/\/www.estrategiaconcursos.com.br\/blog\/resumo-de-ged-para-sefaz-es\/#breadcrumb\"},\"inLanguage\":\"pt-BR\",\"potentialAction\":[{\"@type\":\"ReadAction\",\"target\":[\"https:\/\/www.estrategiaconcursos.com.br\/blog\/resumo-de-ged-para-sefaz-es\/\"]}]},{\"@type\":\"ImageObject\",\"inLanguage\":\"pt-BR\",\"@id\":\"https:\/\/www.estrategiaconcursos.com.br\/blog\/resumo-de-ged-para-sefaz-es\/#primaryimage\",\"url\":\"https:\/\/dhg1h5j42swfq.cloudfront.net\/2021\/08\/08185713\/image-125.png\",\"contentUrl\":\"https:\/\/dhg1h5j42swfq.cloudfront.net\/2021\/08\/08185713\/image-125.png\",\"width\":630,\"height\":362},{\"@type\":\"BreadcrumbList\",\"@id\":\"https:\/\/www.estrategiaconcursos.com.br\/blog\/resumo-de-ged-para-sefaz-es\/#breadcrumb\",\"itemListElement\":[{\"@type\":\"ListItem\",\"position\":1,\"name\":\"In\u00edcio\",\"item\":\"https:\/\/www.estrategiaconcursos.com.br\/blog\/\"},{\"@type\":\"ListItem\",\"position\":2,\"name\":\"Resumo da Gest\u00e3o Eletr\u00f4nica de Documentos GED para SEFAZ-ES\"}]},{\"@type\":\"WebSite\",\"@id\":\"https:\/\/www.estrategiaconcursos.com.br\/blog\/#website\",\"url\":\"https:\/\/www.estrategiaconcursos.com.br\/blog\/\",\"name\":\"Estrat\u00e9gia Concursos\",\"description\":\"O blog da Estrat\u00e9gia Concursos traz not\u00edcias sobre concursos e artigos de professores oferecendo cursos para concursos (pdf + videaulas) no site.\",\"publisher\":{\"@id\":\"https:\/\/www.estrategiaconcursos.com.br\/blog\/#organization\"},\"potentialAction\":[{\"@type\":\"SearchAction\",\"target\":{\"@type\":\"EntryPoint\",\"urlTemplate\":\"https:\/\/www.estrategiaconcursos.com.br\/blog\/?s={search_term_string}\"},\"query-input\":{\"@type\":\"PropertyValueSpecification\",\"valueRequired\":true,\"valueName\":\"search_term_string\"}}],\"inLanguage\":\"pt-BR\"},{\"@type\":\"Organization\",\"@id\":\"https:\/\/www.estrategiaconcursos.com.br\/blog\/#organization\",\"name\":\"Estrat\u00e9gia Concursos\",\"url\":\"https:\/\/www.estrategiaconcursos.com.br\/blog\/\",\"logo\":{\"@type\":\"ImageObject\",\"inLanguage\":\"pt-BR\",\"@id\":\"https:\/\/www.estrategiaconcursos.com.br\/blog\/#\/schema\/logo\/image\/\",\"url\":\"https:\/\/dhg1h5j42swfq.cloudfront.net\/2025\/06\/03203428\/logo_concursos-1.jpg\",\"contentUrl\":\"https:\/\/dhg1h5j42swfq.cloudfront.net\/2025\/06\/03203428\/logo_concursos-1.jpg\",\"width\":230,\"height\":60,\"caption\":\"Estrat\u00e9gia Concursos\"},\"image\":{\"@id\":\"https:\/\/www.estrategiaconcursos.com.br\/blog\/#\/schema\/logo\/image\/\"},\"sameAs\":[\"https:\/\/x.com\/EstratConcursos\"]},{\"@type\":\"Person\",\"@id\":\"https:\/\/www.estrategiaconcursos.com.br\/blog\/#\/schema\/person\/245b44e43eb13f0dbd04a7a078cd0d0d\",\"name\":\"Leonardo Menezes Passarin\",\"image\":{\"@type\":\"ImageObject\",\"inLanguage\":\"pt-BR\",\"@id\":\"https:\/\/secure.gravatar.com\/avatar\/fc0e5714ceaa97f24e6e6a30eab74ba8a701c2b62f8cab100ffdb22c6d8f42c3?s=96&d=mm&r=g\",\"url\":\"https:\/\/secure.gravatar.com\/avatar\/fc0e5714ceaa97f24e6e6a30eab74ba8a701c2b62f8cab100ffdb22c6d8f42c3?s=96&d=mm&r=g\",\"contentUrl\":\"https:\/\/secure.gravatar.com\/avatar\/fc0e5714ceaa97f24e6e6a30eab74ba8a701c2b62f8cab100ffdb22c6d8f42c3?s=96&d=mm&r=g\",\"caption\":\"Leonardo Menezes Passarin\"},\"url\":\"https:\/\/www.estrategiaconcursos.com.br\/blog\/author\/passarin-leonardohotmail-com\/\"}]}<\/script>\n<!-- \/ Yoast SEO Premium plugin. -->","yoast_head_json":{"title":"Resumo da Gest\u00e3o Eletr\u00f4nica de Documentos GED para SEFAZ-ES","description":"Veja nesse artigo o resumo da GED para SEFAZ-ES, esse tem por fun\u00e7\u00e3o a captura, gerenciamento, armazenamento e distribui\u00e7\u00e3o de documentos.","robots":{"index":"index","follow":"follow","max-snippet":"max-snippet:-1","max-image-preview":"max-image-preview:large","max-video-preview":"max-video-preview:-1"},"canonical":"https:\/\/www.estrategiaconcursos.com.br\/blog\/resumo-de-ged-para-sefaz-es\/","og_locale":"pt_BR","og_type":"article","og_title":"Resumo da Gest\u00e3o Eletr\u00f4nica de Documentos GED para SEFAZ-ES","og_description":"Veja nesse artigo o resumo da GED para SEFAZ-ES, esse tem por fun\u00e7\u00e3o a captura, gerenciamento, armazenamento e distribui\u00e7\u00e3o de documentos.","og_url":"https:\/\/www.estrategiaconcursos.com.br\/blog\/resumo-de-ged-para-sefaz-es\/","og_site_name":"Estrat\u00e9gia Concursos","article_published_time":"2021-08-16T11:54:00+00:00","og_image":[{"width":630,"height":362,"url":"https:\/\/dhg1h5j42swfq.cloudfront.net\/2021\/08\/08185713\/image-125.png","type":"image\/png"}],"author":"Leonardo Menezes Passarin","twitter_card":"summary_large_image","twitter_creator":"@EstratConcursos","twitter_site":"@EstratConcursos","twitter_misc":{"Escrito por":"Leonardo Menezes Passarin","Est. tempo de leitura":"6 minutos"},"schema":{"@context":"https:\/\/schema.org","@graph":[{"@type":"NewsArticle","@id":"https:\/\/www.estrategiaconcursos.com.br\/blog\/resumo-de-ged-para-sefaz-es\/#article","isPartOf":{"@id":"https:\/\/www.estrategiaconcursos.com.br\/blog\/resumo-de-ged-para-sefaz-es\/"},"author":{"name":"Leonardo Menezes Passarin","@id":"https:\/\/www.estrategiaconcursos.com.br\/blog\/#\/schema\/person\/245b44e43eb13f0dbd04a7a078cd0d0d"},"headline":"Resumo da Gest\u00e3o Eletr\u00f4nica de Documentos GED para SEFAZ-ES","datePublished":"2021-08-16T11:54:00+00:00","mainEntityOfPage":{"@id":"https:\/\/www.estrategiaconcursos.com.br\/blog\/resumo-de-ged-para-sefaz-es\/"},"wordCount":1283,"commentCount":0,"publisher":{"@id":"https:\/\/www.estrategiaconcursos.com.br\/blog\/#organization"},"image":{"@id":"https:\/\/www.estrategiaconcursos.com.br\/blog\/resumo-de-ged-para-sefaz-es\/#primaryimage"},"thumbnailUrl":"https:\/\/dhg1h5j42swfq.cloudfront.net\/2021\/08\/08185713\/image-125.png","articleSection":["Concursos P\u00fablicos","Fiscal - Estadual (ICMS)"],"inLanguage":"pt-BR","potentialAction":[{"@type":"CommentAction","name":"Comment","target":["https:\/\/www.estrategiaconcursos.com.br\/blog\/resumo-de-ged-para-sefaz-es\/#respond"]}],"copyrightYear":"2021","copyrightHolder":{"@id":"https:\/\/www.estrategiaconcursos.com.br\/blog\/#organization"}},{"@type":"WebPage","@id":"https:\/\/www.estrategiaconcursos.com.br\/blog\/resumo-de-ged-para-sefaz-es\/","url":"https:\/\/www.estrategiaconcursos.com.br\/blog\/resumo-de-ged-para-sefaz-es\/","name":"Resumo da Gest\u00e3o Eletr\u00f4nica de Documentos GED para SEFAZ-ES","isPartOf":{"@id":"https:\/\/www.estrategiaconcursos.com.br\/blog\/#website"},"primaryImageOfPage":{"@id":"https:\/\/www.estrategiaconcursos.com.br\/blog\/resumo-de-ged-para-sefaz-es\/#primaryimage"},"image":{"@id":"https:\/\/www.estrategiaconcursos.com.br\/blog\/resumo-de-ged-para-sefaz-es\/#primaryimage"},"thumbnailUrl":"https:\/\/dhg1h5j42swfq.cloudfront.net\/2021\/08\/08185713\/image-125.png","datePublished":"2021-08-16T11:54:00+00:00","description":"Veja nesse artigo o resumo da GED para SEFAZ-ES, esse tem por fun\u00e7\u00e3o a captura, gerenciamento, armazenamento e distribui\u00e7\u00e3o de documentos.","breadcrumb":{"@id":"https:\/\/www.estrategiaconcursos.com.br\/blog\/resumo-de-ged-para-sefaz-es\/#breadcrumb"},"inLanguage":"pt-BR","potentialAction":[{"@type":"ReadAction","target":["https:\/\/www.estrategiaconcursos.com.br\/blog\/resumo-de-ged-para-sefaz-es\/"]}]},{"@type":"ImageObject","inLanguage":"pt-BR","@id":"https:\/\/www.estrategiaconcursos.com.br\/blog\/resumo-de-ged-para-sefaz-es\/#primaryimage","url":"https:\/\/dhg1h5j42swfq.cloudfront.net\/2021\/08\/08185713\/image-125.png","contentUrl":"https:\/\/dhg1h5j42swfq.cloudfront.net\/2021\/08\/08185713\/image-125.png","width":630,"height":362},{"@type":"BreadcrumbList","@id":"https:\/\/www.estrategiaconcursos.com.br\/blog\/resumo-de-ged-para-sefaz-es\/#breadcrumb","itemListElement":[{"@type":"ListItem","position":1,"name":"In\u00edcio","item":"https:\/\/www.estrategiaconcursos.com.br\/blog\/"},{"@type":"ListItem","position":2,"name":"Resumo da Gest\u00e3o Eletr\u00f4nica de Documentos GED para SEFAZ-ES"}]},{"@type":"WebSite","@id":"https:\/\/www.estrategiaconcursos.com.br\/blog\/#website","url":"https:\/\/www.estrategiaconcursos.com.br\/blog\/","name":"Estrat\u00e9gia Concursos","description":"O blog da Estrat\u00e9gia Concursos traz not\u00edcias sobre concursos e artigos de professores oferecendo cursos para concursos (pdf + videaulas) no site.","publisher":{"@id":"https:\/\/www.estrategiaconcursos.com.br\/blog\/#organization"},"potentialAction":[{"@type":"SearchAction","target":{"@type":"EntryPoint","urlTemplate":"https:\/\/www.estrategiaconcursos.com.br\/blog\/?s={search_term_string}"},"query-input":{"@type":"PropertyValueSpecification","valueRequired":true,"valueName":"search_term_string"}}],"inLanguage":"pt-BR"},{"@type":"Organization","@id":"https:\/\/www.estrategiaconcursos.com.br\/blog\/#organization","name":"Estrat\u00e9gia Concursos","url":"https:\/\/www.estrategiaconcursos.com.br\/blog\/","logo":{"@type":"ImageObject","inLanguage":"pt-BR","@id":"https:\/\/www.estrategiaconcursos.com.br\/blog\/#\/schema\/logo\/image\/","url":"https:\/\/dhg1h5j42swfq.cloudfront.net\/2025\/06\/03203428\/logo_concursos-1.jpg","contentUrl":"https:\/\/dhg1h5j42swfq.cloudfront.net\/2025\/06\/03203428\/logo_concursos-1.jpg","width":230,"height":60,"caption":"Estrat\u00e9gia Concursos"},"image":{"@id":"https:\/\/www.estrategiaconcursos.com.br\/blog\/#\/schema\/logo\/image\/"},"sameAs":["https:\/\/x.com\/EstratConcursos"]},{"@type":"Person","@id":"https:\/\/www.estrategiaconcursos.com.br\/blog\/#\/schema\/person\/245b44e43eb13f0dbd04a7a078cd0d0d","name":"Leonardo Menezes Passarin","image":{"@type":"ImageObject","inLanguage":"pt-BR","@id":"https:\/\/secure.gravatar.com\/avatar\/fc0e5714ceaa97f24e6e6a30eab74ba8a701c2b62f8cab100ffdb22c6d8f42c3?s=96&d=mm&r=g","url":"https:\/\/secure.gravatar.com\/avatar\/fc0e5714ceaa97f24e6e6a30eab74ba8a701c2b62f8cab100ffdb22c6d8f42c3?s=96&d=mm&r=g","contentUrl":"https:\/\/secure.gravatar.com\/avatar\/fc0e5714ceaa97f24e6e6a30eab74ba8a701c2b62f8cab100ffdb22c6d8f42c3?s=96&d=mm&r=g","caption":"Leonardo Menezes Passarin"},"url":"https:\/\/www.estrategiaconcursos.com.br\/blog\/author\/passarin-leonardohotmail-com\/"}]}},"_links":{"self":[{"href":"https:\/\/www.estrategiaconcursos.com.br\/blog\/wp-json\/wp\/v2\/posts\/831138","targetHints":{"allow":["GET"]}}],"collection":[{"href":"https:\/\/www.estrategiaconcursos.com.br\/blog\/wp-json\/wp\/v2\/posts"}],"about":[{"href":"https:\/\/www.estrategiaconcursos.com.br\/blog\/wp-json\/wp\/v2\/types\/post"}],"author":[{"embeddable":true,"href":"https:\/\/www.estrategiaconcursos.com.br\/blog\/wp-json\/wp\/v2\/users\/1763"}],"replies":[{"embeddable":true,"href":"https:\/\/www.estrategiaconcursos.com.br\/blog\/wp-json\/wp\/v2\/comments?post=831138"}],"version-history":[{"count":8,"href":"https:\/\/www.estrategiaconcursos.com.br\/blog\/wp-json\/wp\/v2\/posts\/831138\/revisions"}],"predecessor-version":[{"id":834489,"href":"https:\/\/www.estrategiaconcursos.com.br\/blog\/wp-json\/wp\/v2\/posts\/831138\/revisions\/834489"}],"wp:featuredmedia":[{"embeddable":true,"href":"https:\/\/www.estrategiaconcursos.com.br\/blog\/wp-json\/wp\/v2\/media\/831142"}],"wp:attachment":[{"href":"https:\/\/www.estrategiaconcursos.com.br\/blog\/wp-json\/wp\/v2\/media?parent=831138"}],"wp:term":[{"taxonomy":"category","embeddable":true,"href":"https:\/\/www.estrategiaconcursos.com.br\/blog\/wp-json\/wp\/v2\/categories?post=831138"},{"taxonomy":"post_tag","embeddable":true,"href":"https:\/\/www.estrategiaconcursos.com.br\/blog\/wp-json\/wp\/v2\/tags?post=831138"},{"taxonomy":"tax_estado","embeddable":true,"href":"https:\/\/www.estrategiaconcursos.com.br\/blog\/wp-json\/wp\/v2\/tax_estado?post=831138"}],"curies":[{"name":"wp","href":"https:\/\/api.w.org\/{rel}","templated":true}]}}