{"id":830658,"date":"2021-08-18T10:36:00","date_gmt":"2021-08-18T13:36:00","guid":{"rendered":"https:\/\/www.estrategiaconcursos.com.br\/blog\/?p=830658"},"modified":"2021-08-18T17:38:08","modified_gmt":"2021-08-18T20:38:08","slug":"tj-sp-escrevente-tecnico-regiao","status":"publish","type":"post","link":"https:\/\/www.estrategiaconcursos.com.br\/blog\/tj-sp-escrevente-tecnico-regiao\/","title":{"rendered":"TJ SP Escrevente T\u00e9cnico Judici\u00e1rio: qual regi\u00e3o escolher?"},"content":{"rendered":"\n<p>Foi publicado o <strong>edital do concurso TJ SP Escrevente T\u00e9cnico Judici\u00e1rio 2021.<\/strong> A sele\u00e7\u00e3o visa o preenchimento de<strong> 845<\/strong> vagas para o cargo de n\u00edvel m\u00e9dio, ofertado em <strong>10 Regi\u00f5es Administrativa Judici\u00e1ria do Estado.<\/strong> Do total de vagas, <strong>400 s\u00e3o para a capital e 445 para cidades do interior e grande S\u00e3o Paulo. <\/strong><\/p>\n\n\n\n<p>As<strong><em> <\/em>inscri\u00e7\u00f5es <\/strong>podem ser efetuadas no site da <strong>Vunesp at\u00e9 o dia 02 de setembro, <\/strong>mediante o pagamento da taxa fixada<strong> em <\/strong><strong>R$ 79,00<\/strong>, <em>at\u00e9 03 de setembro de 2021 <\/em><strong>. As provas<\/strong> est\u00e3o previstas para<strong> 31 de outubro<em>.<\/em><\/strong> <\/p>\n\n\n\n<p>\u00c9 importante salientar que as vagas ofertadas no concurso TJ SP Escrevente T\u00e9cnico Judici\u00e1rio s\u00e3o para contrata\u00e7\u00e3o imediata, o que possibilita que um n\u00famero maior de candidatos seja convocado ao longo da validade do concurso, visto que a vac\u00e2ncia no Tribunal hoje \u00e9 de <strong>6.074<\/strong> cargos de Escrevente. <\/p>\n\n\n\n<div class=\"wp-block-image\"><figure class=\"aligncenter is-resized\"><img loading=\"lazy\" decoding=\"async\" src=\"https:\/\/oabcampinas.org.br\/wp-content\/uploads\/2020\/02\/TJSP.jpg\" alt=\"Sede do TJSP \" width=\"648\" height=\"432\"\/><\/figure><\/div>\n\n\n\n<h2 class=\"wp-block-heading\" id=\"h-tj-sp-escrevente-t-cnico-judici-rio-vagas-e-comarcas\">TJ SP Escrevente T\u00e9cnico Judici\u00e1rio &#8211; vagas e comarcas <\/h2>\n\n\n\n<p>Para come\u00e7o de conversa, devemos rememorar que, em que pese o novo edital ter sido publicado abrangendo todas as regi\u00f5es administrativas do Estado, apenas a <strong>1\u00aa e a 4\u00aa Regi\u00f5es (Capital e Campinas) encontram-se com o \u00faltimo edital expirado<\/strong> ap\u00f3s duas prorroga\u00e7\u00f5es, sendo a \u00faltima objeto de muita pol\u00eamica, tanto em rela\u00e7\u00e3o a sua decreta\u00e7\u00e3o como no tocante \u00e0 sua expira\u00e7\u00e3o, que ocorreu antes do prazo previsto. <\/p>\n\n\n\n<p>As demais regi\u00f5es do interior (2\u00aa, 3\u00aa, 5\u00aa a 10\u00aa RAJs) encontram-se ainda com edital vigente, j\u00e1 que o concurso de 2017 foi homologado em 2019 e prorrogado at\u00e9 mar\u00e7o de 2021; e, devido \u00e0 pandemia de coronav\u00edrus que atingiu o pa\u00eds em 2020, a contagem do seu prazo de validade ficou suspensa de 28 de maio a 31 de dezembro de 2020 e de 14 de abril a 31 de dezembro de 2021. Dessa forma, a previs\u00e3o de expira\u00e7\u00e3o do certame \u00e9 apenas para <strong>junho de 2022<\/strong>, o que dever\u00e1 impactar o momento do chamamento dos candidatos aprovados nesta nova sele\u00e7\u00e3o de 2021. <\/p>\n\n\n\n<p>N\u00e3o obstante, abaixo apresentamos <strong>a voc\u00ea a quantidade de vagas que ser\u00e1 ofertada em cada RAJ nas respectivas Cidades Sedes da Circunscri\u00e7\u00e3o Judici\u00e1ria &#8211; CJ (que dividem a quantidade de vagas com cidades menores da Circunscri\u00e7\u00e3o) <\/strong>neste concurso e o quantitativo de candidatos que ser\u00e3o e convocados para a segunda etapa, consistente em uma prova de digita\u00e7\u00e3o, de car\u00e1ter apenas eliminat\u00f3rio. <\/p>\n\n\n\n<div class=\"wp-block-image\"><figure class=\"aligncenter is-resized\"><img loading=\"lazy\" decoding=\"async\" src=\"https:\/\/www.tjsp.jus.br\/Download\/Imagens\/MapaRegioesAdministrativas.jpg\" alt=\"Tribunal de Justi\u00e7a de S\u00e3o Paulo - Regi\u00f5es Administrativas\" width=\"779\" height=\"499\"\/><\/figure><\/div>\n\n\n\n<p>Apontaremos tamb\u00e9m as principais caracter\u00edsticas das Cidades Sede de cada uma das Regi\u00f5es Administrativas, tais como: dist\u00e2ncia da capital paulista, economia local, quantidade de habitantes, \u00edndice de desenvolvimento e infraestrutura, a fim de que voc\u00ea, ao escolher determinada regi\u00e3o, ainda especificamente uma cidade menor daquele grupo, que seja ou n\u00e3o a Sede da Circunscri\u00e7\u00e3o Judici\u00e1ria, esteja ciente de qual metr\u00f3pole ter\u00e1 por perto caso necessite de uma base ou uma maior infraestrutura local.<\/p>\n\n\n\n<h4 class=\"has-text-align-center wp-block-heading\" id=\"h-1-regi-o-administrativa-judici-ria-s-o-paulo-capital-sede-tj-sp-escrevente-t-cnico-judici-rio\"><strong>1\u00aa REGI\u00c3O ADMINISTRATIVA JUDICI\u00c1RIA \u2013 S\u00c3O PAULO &#8211; Capital (sede)<\/strong><br \/><strong>TJ SP Escrevente T\u00e9cnico Judici\u00e1rio<\/strong><\/h4>\n\n\n\n<p><strong>S\u00e3o Paulo<\/strong>&nbsp;\u00e9 o principal&nbsp;centro financeiro,&nbsp;corporativo&nbsp;e&nbsp;mercantil&nbsp;da&nbsp;Am\u00e9rica do Sul.&nbsp;\u00c9 a&nbsp;cidade mais populosa do Brasil,&nbsp;do continente americano, da&nbsp;lusofonia&nbsp;e&nbsp;de todo o hemisf\u00e9rio sul. \u00c9 a cidade brasileira mais influente no cen\u00e1rio global, sendo, em 2016, a 11.\u00aa cidade mais&nbsp;globalizada&nbsp;do planeta. O&nbsp;lema&nbsp;da cidade, presente em seu&nbsp;bras\u00e3o&nbsp;oficial, \u00e9&nbsp;<em>Non ducor, duco<\/em>, frase&nbsp;latina&nbsp;que significa &#8220;N\u00e3o sou conduzido, conduzo&#8221;.<\/p>\n\n\n\n<p>Fundada em 1554 por padres&nbsp;jesu\u00edtas, a cidade \u00e9 mundialmente conhecida e exerce significativa influ\u00eancia nacional e internacional, seja do ponto de vista&nbsp;cultural,&nbsp;econ\u00f4mico&nbsp;ou&nbsp;pol\u00edtico. Conta com importantes&nbsp;monumentos,&nbsp;parques&nbsp;e&nbsp;museus e eventos de grande repercuss\u00e3o, como a&nbsp;Bienal Internacional de Arte, o&nbsp;Grande Pr\u00eamio do Brasil&nbsp;de&nbsp;F\u00f3rmula 1, a&nbsp;S\u00e3o Paulo Fashion Week&nbsp;e a&nbsp;Parada do Orgulho LGBT.<\/p>\n\n\n\n<p>O munic\u00edpio possui o&nbsp;10.\u00ba maior PIB do mundo,&nbsp;representando, isoladamente,&nbsp;11% de todo o PIB brasileiro,&nbsp;34% do PIB do estado,<sup> <\/sup>bem como 36% de toda a sua&nbsp;produ\u00e7\u00e3o&nbsp;de bens e&nbsp;servi\u00e7os, al\u00e9m de ser sede de 63% das&nbsp;multinacionais&nbsp;estabelecidas no Brasil, sendo ainda respons\u00e1vel por 28% de toda a produ\u00e7\u00e3o cient\u00edfica nacional em 2005 e por mais de 40% das&nbsp;<a href=\"https:\/\/pt.wikipedia.org\/wiki\/Patente\">patentes<\/a>&nbsp;produzidas no pa\u00eds.<\/p>\n\n\n\n<p>\u00c9 a<strong>\u00a08.\u00aa mais populosa do planeta\u00a0e sua\u00a0regi\u00e3o metropolitana, com cerca de 21 milh\u00f5es de habitantes\u00a0\u00e9 a\u00a010.\u00aa maior aglomera\u00e7\u00e3o urbana do mundo<\/strong>.\u00a0A capital paulista tamb\u00e9m possui um car\u00e1ter\u00a0cosmopolita, dado que, em 2016, possu\u00eda moradores nativos de 196 pa\u00edses diferentes.\u00a0<\/p>\n\n\n\n<div class=\"wp-block-image\"><figure class=\"aligncenter is-resized\"><img loading=\"lazy\" decoding=\"async\" src=\"https:\/\/vemvoar.voeazul.com.br\/wp-content\/uploads\/2018\/11\/sao-paulo-conheca-mais-a-fundo-a-cidade-que-nunca-dorme.jpeg\" alt=\"TJ SP: Munic\u00edpio de S\u00e3o Paulo\" width=\"765\" height=\"510\"\/><\/figure><\/div>\n\n\n\n<p>Confira abaixo a distribui\u00e7\u00e3o de vagas em S\u00e3o Paulo e nas demais Cidades Sedes da Circunscri\u00e7\u00e3o Judici\u00e1ria tamb\u00e9m abrangidas por esta Regi\u00e3o Administrativa: <\/p>\n\n\n\n<figure class=\"wp-block-table aligncenter is-style-stripes\"><table class=\"has-subtle-pale-green-background-color has-fixed-layout has-background\"><tbody><tr><td class=\"has-text-align-center\" data-align=\"center\"><strong>COMARCAS<\/strong><\/td><td class=\"has-text-align-center\" data-align=\"center\"><strong>VAGAS LISTA GERAL <\/strong><\/td><td class=\"has-text-align-center\" data-align=\"center\"><strong>CONVOCADOS P\/ 2\u00aa FASE<\/strong><\/td><\/tr><tr><td class=\"has-text-align-center\" data-align=\"center\">S\u00c3O PAULO<\/td><td class=\"has-text-align-center\" data-align=\"center\">400<\/td><td class=\"has-text-align-center\" data-align=\"center\">1500<\/td><\/tr><tr><td class=\"has-text-align-center\" data-align=\"center\">S\u00c3O BERNARDO DO CAMPO (Sede)<br \/>&#8211; Diadema <\/td><td class=\"has-text-align-center\" data-align=\"center\">10<\/td><td class=\"has-text-align-center\" data-align=\"center\">120<\/td><\/tr><tr><td class=\"has-text-align-center\" data-align=\"center\">SANTO ANDR\u00c9 (Sede)<br \/>&#8211; Mau\u00e1<br \/>&#8211; Ribeir\u00e3o Pires<br \/>&#8211; Rio Grade da Serra <br \/>&#8211; S\u00e3o Caetano do Sul <\/td><td class=\"has-text-align-center\" data-align=\"center\">10<\/td><td class=\"has-text-align-center\" data-align=\"center\">120<\/td><\/tr><tr><td class=\"has-text-align-center\" data-align=\"center\">OSASCO (Sede) <br \/>&#8211; Barueri<br \/>&#8211; Carapicu\u00edba<br \/>&#8211; Jandira<br \/>&#8211; Santana de Parna\u00edba <\/td><td class=\"has-text-align-center\" data-align=\"center\">10<\/td><td class=\"has-text-align-center\" data-align=\"center\">120<\/td><\/tr><tr><td class=\"has-text-align-center\" data-align=\"center\">GUARULHOS (Sede) <br \/>&#8211; Aruj\u00e1<br \/>&#8211; Mairipor\u00e3<br \/>&#8211; Santa Isabel <\/td><td class=\"has-text-align-center\" data-align=\"center\">10<\/td><td class=\"has-text-align-center\" data-align=\"center\">120<\/td><\/tr><tr><td class=\"has-text-align-center\" data-align=\"center\">MOGI DAS CRUZES (Sede) <br \/>&#8211; Ferraz de Vasconcelos <br \/>&#8211; Guararema <br \/>&#8211; Itaquaquecetuba<br \/>&#8211; Po\u00e1<br \/>&#8211; Suzano<\/td><td class=\"has-text-align-center\" data-align=\"center\">10<\/td><td class=\"has-text-align-center\" data-align=\"center\">120<\/td><\/tr><tr><td class=\"has-text-align-center\" data-align=\"center\">ITAPECERICA DA SERRA (Sede)<br \/>&#8211; Cotia<br \/>&#8211; Embu das Artes<br \/>&#8211; Embu Gua\u00e7u<br \/>&#8211; Itapevi<br \/>&#8211; Tabo\u00e3o da Serra<br \/>&#8211; Vargem Grande Paulista <\/td><td class=\"has-text-align-center\" data-align=\"center\">10<\/td><td class=\"has-text-align-center\" data-align=\"center\">120<\/td><\/tr><\/tbody><\/table><\/figure>\n\n\n\n<h3 class=\"has-text-align-center wp-block-heading\" id=\"h-2-regi-o-administrativa-judici-ria-ara-atuba-sede-tj-sp-escrevente-t-cnico-judici-rio\"><strong>2\u00aa REGI\u00c3O ADMINISTRATIVA JUDICI\u00c1RIA \u2013 ARA\u00c7ATUBA (Sede)<\/strong><br \/><strong>TJ SP Escrevente T\u00e9cnico Judici\u00e1rio<\/strong><\/h3>\n\n\n\n<p>Uma das mais importantes cidades da regi\u00e3o noroeste paulista, <strong>Ara\u00e7atuba<\/strong> n\u00e3o tem fundador e se desenvolveu no entorno da antiga ferrovia, a Noroeste do Brasil que, no come\u00e7o do s\u00e9culo XX, passava pela cidade. Sua&nbsp;<strong>renda per capita&nbsp;\u00e9 a segunda maior da regi\u00e3o.<\/strong> A expectativa de vida \u00e9 de 75,46 anos e possui uma popula\u00e7\u00e3o pr\u00f3xima de <strong>200 mil habitantes<\/strong>. Est\u00e1 localizada h\u00e1 <strong>522 km da Capital Paulista<\/strong>. <\/p>\n\n\n\n<p>Seu nascimento remonta \u00e0 expans\u00e3o cafeeira e, e seguida, sua economia foi caracterizada pelo crescimento das lavouras de&nbsp;cana-de-a\u00e7\u00facar. A pecu\u00e1ria a tornou conhecida no pa\u00eds como&nbsp;<em>Capital do Boi Gordo<\/em>&nbsp;devido \u00e0s negocia\u00e7\u00f5es da arroba do boi realizadas na&nbsp;Pra\u00e7a Rui Barbosa. De economia diversificada, o setor de servi\u00e7os \u00e9 o predominante na cidade, mas caracteriza-se tamb\u00e9m por ser um polo&nbsp;universit\u00e1rio&nbsp;e&nbsp;gastron\u00f4mico&nbsp;da regi\u00e3o noroeste do estado. <\/p>\n\n\n\n<p>Pr\u00f3xima ao&nbsp;rio Rio Tiet\u00ea, considerado limpo na regi\u00e3o, \u00e9 a primeira cidade n\u00e3o ribeirinha do estado&nbsp;a captar&nbsp;\u00e1gua&nbsp;diretamente dele. Est\u00e1 sobre o&nbsp;Aqu\u00edfero Guarani, a maior reserva de \u00e1gua doce do mundo&nbsp;e \u00e9 cortada pelo&nbsp;Ribeir\u00e3o Bagua\u00e7\u00fa,&nbsp;que tamb\u00e9m a abastece. 100% do&nbsp;seu esgoto da cidade \u00e9 tratado antes de ser lan\u00e7ado nos cursos de \u00e1gua.<\/p>\n\n\n\n<div class=\"wp-block-image\"><figure class=\"aligncenter\"><img decoding=\"async\" src=\"http:\/\/s2.glbimg.com\/TmmNXUAkyvtCZ7GIZvJdMjKETR33UkH6RTQAuEhL7xZIoz-HdGixxa_8qOZvMp3w\/s.glbimg.com\/jo\/g1\/f\/original\/2012\/12\/01\/araca_1.jpg\" alt=\"TJ SP: Munic\u00edpio de Ara\u00e7atuba\/SP\"\/><\/figure><\/div>\n\n\n\n<p>Confira abaixo a distribui\u00e7\u00e3o de vagas em <strong>Ara\u00e7atuba<\/strong> e nas demais <strong>Cidades Sedes da Circunscri\u00e7\u00e3o Judici\u00e1ria tamb\u00e9m abrangidas por esta Regi\u00e3o Administrativa<\/strong>: <\/p>\n\n\n\n<figure class=\"wp-block-table aligncenter is-style-stripes\"><table class=\"has-subtle-pale-pink-background-color has-fixed-layout has-background\"><tbody><tr><td class=\"has-text-align-center\" data-align=\"center\"><strong>COMARCAS<\/strong><\/td><td class=\"has-text-align-center\" data-align=\"center\"><strong>VAGAS LISTA GERAL <\/strong><\/td><td class=\"has-text-align-center\" data-align=\"center\"><strong>CONVOCADOS P\/ 2\u00aa FASE<\/strong><\/td><\/tr><tr><td class=\"has-text-align-center\" data-align=\"center\">ARA\u00c7ATUBA (Sede)<br \/>&#8211; Bilac<br \/>-Birigui<br \/>&#8211; Buritama<br \/>&#8211; Guararapes<br \/>&#8211; Pen\u00e1polis <br \/>&#8211; Valpara\u00edso<\/td><td class=\"has-text-align-center\" data-align=\"center\">20<\/td><td class=\"has-text-align-center\" data-align=\"center\">150<\/td><\/tr><tr><td class=\"has-text-align-center\" data-align=\"center\">LINS (Sede): <br \/>&#8211; Cafel\u00e2ndia<br \/>&#8211; Getulina <br \/>&#8211; Promiss\u00e3o <\/td><td class=\"has-text-align-center\" data-align=\"center\">5<\/td><td class=\"has-text-align-center\" data-align=\"center\">90<\/td><\/tr><tr><td class=\"has-text-align-center\" data-align=\"center\">ANDRADINA (Sede)<br \/>&#8211; Ilha Solteira<br \/>&#8211; Mirand\u00f3polis<br \/>&#8211; Pereira Barreto <\/td><td class=\"has-text-align-center\" data-align=\"center\">5<\/td><td class=\"has-text-align-center\" data-align=\"center\">90<\/td><\/tr><tr><td class=\"has-text-align-center\" data-align=\"center\">JALES (Sede) <br \/>&#8211; Auriflama <br \/>&#8211; Palmeira D\u00b4oeste <br \/>&#8211; Santa F\u00e9 do Sul<br \/>&#8211; Ufr\u00e2nia<\/td><td class=\"has-text-align-center\" data-align=\"center\">5<\/td><td class=\"has-text-align-center\" data-align=\"center\">90<\/td><\/tr><\/tbody><\/table><\/figure>\n\n\n\n<h3 class=\"has-text-align-center wp-block-heading\" id=\"h-3-regi-o-administrativa-judici-ria-bauru-sede-tj-sp-escrevente-t-cnico-judici-rio\"><strong>3\u00aa REGI\u00c3O ADMINISTRATIVA JUDICI\u00c1RIA \u2013 BAURU (Sede)<\/strong><br \/><strong>TJ SP Escrevente T\u00e9cnico Judici\u00e1rio<\/strong><\/h3>\n\n\n\n<p><strong>Bauru<\/strong>&nbsp;\u00e9 o munic\u00edpio mais populoso do&nbsp;Centro-Oeste paulista, localizando-se a noroeste da&nbsp;capital do estado, distando desta cerca de 326&nbsp;km.&nbsp;Em 2020, sua popula\u00e7\u00e3o estimada pelo&nbsp;IBGE&nbsp;foi de <strong>379.297 habitantes<\/strong>, sendo o&nbsp;18\u00ba mais populoso de S\u00e3o Paulo.<\/p>\n\n\n\n<p>Bauru foi fundada em 1896, sendo que a&nbsp;Marcha para o Oeste, impulsionada pelo governo de&nbsp;Get\u00falio Vargas&nbsp;como incentivo ao progresso e a ocupa\u00e7\u00e3o da regi\u00e3o central do Brasil. A ind\u00fastria foi a principal respons\u00e1vel pela urbaniza\u00e7\u00e3o do munic\u00edpio e hoje \u00e9, junto com o&nbsp;setor terci\u00e1rio. <\/p>\n\n\n\n<p>A cidade vem registrando bons \u00edndices de desenvolvimento, recuperando \u00e1reas degradadas e hoje possui um parque industrial diversificado com m\u00e3o de obra qualificada, tendo localiza\u00e7\u00e3o privilegiada em termos de alternativas de transporte, com o maior entroncamento rodo-hidro-a\u00e9reo e ferrovi\u00e1rio do estado de S\u00e3o Paulo, oferta de energia e rede telef\u00f4nica.<\/p>\n\n\n\n<p>O&nbsp;<strong>\u00cdndice de Desenvolvimento Humano&nbsp;Municipal (IDH-M) de Bauru \u00e9 considerado muito elevado pelo Programa das Na\u00e7\u00f5es Unidas para o Desenvolvimento (PNUD)<\/strong>. Seu valor \u00e9 de 0,801, sendo o&nbsp;<strong>20\u00ba maior de todo o estado de S\u00e3o Paulo&nbsp;(em 645 munic\u00edpios); o 24\u00ba de toda Regi\u00e3o Sudeste do Brasil (em 1666) e o&nbsp;37\u00b0 de todo Brasil&nbsp;(entre 5565)<\/strong>. O munic\u00edpio possui a maioria dos indicadores muito elevados e acima com os da m\u00e9dia nacional segundo o PNUD<\/p>\n\n\n\n<div class=\"wp-block-image\"><figure class=\"aligncenter is-resized\"><img loading=\"lazy\" decoding=\"async\" src=\"https:\/\/upload.wikimedia.org\/wikipedia\/commons\/c\/c3\/Bauru.jpg\" alt=\"Munic\u00edpio de Bauru\/SP\" width=\"782\" height=\"439\"\/><\/figure><\/div>\n\n\n\n<p>Confira abaixo a distribui\u00e7\u00e3o de vagas em <strong>Bauru<\/strong> e nas demais <strong>Cidades Sedes da Circunscri\u00e7\u00e3o Judici\u00e1ria tamb\u00e9m abrangidas por esta Regi\u00e3o Administrativa: <\/strong><\/p>\n\n\n\n<figure class=\"wp-block-table aligncenter is-style-stripes\"><table class=\"has-subtle-pale-green-background-color has-fixed-layout has-background\"><tbody><tr><td class=\"has-text-align-center\" data-align=\"center\"><strong>COMARCAS<\/strong><\/td><td class=\"has-text-align-center\" data-align=\"center\"><strong>VAGAS LISTA GERAL <\/strong><\/td><td class=\"has-text-align-center\" data-align=\"center\"><strong>CONVOCADOS P\/ 2\u00aa FASE<\/strong><\/td><\/tr><tr><td class=\"has-text-align-center\" data-align=\"center\">BAURU (Sede) <br \/>&#8211; Agudos<br \/>&#8211; Duartina<br \/>&#8211; Len\u00e7\u00f3is Paulista <br \/>&#8211; Piraju\u00ed <br \/>&#8211; Piratininga<\/td><td class=\"has-text-align-center\" data-align=\"center\">20<\/td><td class=\"has-text-align-center\" data-align=\"center\">150<\/td><\/tr><tr><td class=\"has-text-align-center\" data-align=\"center\">AVAR\u00c9 (Sede)<br \/>&#8211; Cerqueira Cesar<br \/>&#8211; Fartura <br \/>&#8211; Ita\u00ed<br \/>&#8211; Paranapanema<br \/>&#8211; Taquarituba<\/td><td class=\"has-text-align-center\" data-align=\"center\">5<\/td><td class=\"has-text-align-center\" data-align=\"center\">90<\/td><\/tr><tr><td class=\"has-text-align-center\" data-align=\"center\">BOTUCATU (Sede)<br \/>&#8211; Conchas <br \/>&#8211; Itatinga <br \/>&#8211; S\u00e3o Manuel <\/td><td class=\"has-text-align-center\" data-align=\"center\">5<\/td><td class=\"has-text-align-center\" data-align=\"center\">90<\/td><\/tr><tr><td class=\"has-text-align-center\" data-align=\"center\">JA\u00da (Sede) <br \/>&#8211; Bariri <br \/>&#8211; Barra Bonita<br \/>&#8211; Dois C\u00f3rregos <br \/>&#8211; Macatuba<br \/>&#8211; Pederneiras<\/td><td class=\"has-text-align-center\" data-align=\"center\">5<\/td><td class=\"has-text-align-center\" data-align=\"center\">90<\/td><\/tr><tr><td class=\"has-text-align-center\" data-align=\"center\">OURINHOS (Sede) <br \/>&#8211; Chavantes <br \/>&#8211; Ipau\u00e7u<br \/>&#8211; Piraj\u00fa<br \/>&#8211; Santa Cruz do Rio Pardo<\/td><td class=\"has-text-align-center\" data-align=\"center\">5<\/td><td class=\"has-text-align-center\" data-align=\"center\">90<\/td><\/tr><\/tbody><\/table><\/figure>\n\n\n\n<h3 class=\"has-text-align-center wp-block-heading\" id=\"h-4-regi-o-administrativa-judici-ria-campinas-sede-tj-sp-escrevente-t-cnico-judici-rio\"><strong>4\u00aa REGI\u00c3O ADMINISTRATIVA JUDICI\u00c1RIA \u2013 CAMPINAS (sede)<\/strong><br \/><strong>TJ SP Escrevente T\u00e9cnico Judici\u00e1rio<\/strong><\/h3>\n\n\n\n<p><strong>Campinas<\/strong>\u00a0\u00e9 um munic\u00edpio <strong>distante 99\u00a0km a noroeste da capital estadual<\/strong>. Em 2020, sua popula\u00e7\u00e3o foi estimada pelo IBGE\u00a0em <strong>1.213.792 habitantes<\/strong>,\u00a0sendo o\u00a0terceiro munic\u00edpio mais populoso de S\u00e3o Paulo\u00a0(ficando atr\u00e1s de\u00a0Guarulhos\u00a0e da capital) e o\u00a0d\u00e9cimo quarto de todo o pa\u00eds. Aparece em quinto lugar entre 100 munic\u00edpios analisados pelo \u00cdndice das Melhores e Maiores Cidades Brasileiras, com base nos dados do Censo 2010 do IBGE e do\u00a0Ideb.<\/p>\n\n\n\n<p>Campinas foi fundada em 14 de julho de 1774 e teve o\u00a0caf\u00e9\u00a0e a\u00a0cana-de-a\u00e7\u00facar\u00a0como importantes atividades econ\u00f4micas. Por\u00e9m, desde a d\u00e9cada de 1930, a\u00a0ind\u00fastria\u00a0e o\u00a0com\u00e9rcio\u00a0s\u00e3o as principais fontes de renda, sendo considerada um polo industrial regional.<\/p>\n\n\n\n<p>D\u00e9cima cidade mais rica do Brasil, hoje \u00e9 respons\u00e1vel por pelo menos 15% de toda a\u00a0produ\u00e7\u00e3o cient\u00edfica\u00a0nacional, sendo o terceiro maior polo de\u00a0pesquisa\u00a0e desenvolvimento brasileiro. Possui tamb\u00e9m diversos atrativos tur\u00edsticos, com valor hist\u00f3rico, cultural ou cient\u00edfico, como museus, parques e teatros. A\u00a0Orquestra Sinf\u00f4nica Municipal de Campinas, fundada em 1974, \u00e9 considerada uma das principais do pa\u00eds.<\/p>\n\n\n\n<div class=\"wp-block-image\"><figure class=\"aligncenter is-resized\"><img loading=\"lazy\" decoding=\"async\" src=\"https:\/\/fdr.com.br\/wp-content\/uploads\/2020\/09\/campinas.png\" alt=\"Campinas (SP) \" width=\"778\" height=\"425\"\/><\/figure><\/div>\n\n\n\n<p>Confira abaixo a distribui\u00e7\u00e3o de vagas em <strong>Campinas<\/strong> e nas demais <strong>Cidades Sedes da Circunscri\u00e7\u00e3o Judici\u00e1ria tamb\u00e9m abrangidas por esta Regi\u00e3o Administrativa: <\/strong><\/p>\n\n\n\n<figure class=\"wp-block-table aligncenter is-style-stripes\"><table class=\"has-subtle-light-gray-background-color has-fixed-layout has-background\"><tbody><tr><td class=\"has-text-align-center\" data-align=\"center\"><strong>COMARCAS<\/strong><\/td><td class=\"has-text-align-center\" data-align=\"center\"><strong>VAGAS LISTA GERAL <\/strong><\/td><td class=\"has-text-align-center\" data-align=\"center\"><strong>CONVOCADOS P\/ 2\u00aa FASE<\/strong><\/td><\/tr><tr><td class=\"has-text-align-center\" data-align=\"center\">CAMPINAS (Sede) <br \/>&#8211; Cosm\u00f3polis<br \/>&#8211; Paul\u00ednia <br \/>&#8211; Valinhos<br \/>&#8211; Vila Mimosa: Foro Regional <\/td><td class=\"has-text-align-center\" data-align=\"center\">20<\/td><td class=\"has-text-align-center\" data-align=\"center\">150<\/td><\/tr><tr><td class=\"has-text-align-center\" data-align=\"center\">JUNDIA\u00cd (Sede)<br \/>&#8211; Caieiras<br \/>&#8211; Cajamar<br \/>&#8211; Campo Limpo Paulista<br \/>&#8211; Francisco Morato<br \/>&#8211; Franco da Rocha<br \/>&#8211; Itatiba<br \/>&#8211; Itupeva<br \/>&#8211; Louveira<br \/>&#8211; V\u00e1rzea Paulista<br \/>&#8211; Vinhedo <\/td><td class=\"has-text-align-center\" data-align=\"center\">5<\/td><td class=\"has-text-align-center\" data-align=\"center\">90<\/td><\/tr><tr><td class=\"has-text-align-center\" data-align=\"center\">BRAGAN\u00c7A PAULISTA (Sede)<br \/>&#8211; Atibaia<br \/>&#8211; Jarinu<br \/>&#8211; Nazar\u00e9 Paulista <br \/>&#8211; Pinhalzinho <br \/>&#8211; Piracaia <\/td><td class=\"has-text-align-center\" data-align=\"center\">5<\/td><td class=\"has-text-align-center\" data-align=\"center\">90<\/td><\/tr><tr><td class=\"has-text-align-center\" data-align=\"center\">MOGI MIRIM (Sede) <br \/>&#8211; Arthur Nogueira<br \/>&#8211; Conchal <br \/>&#8211; Itapira<br \/>&#8211; Mogi Gua\u00e7u<\/td><td class=\"has-text-align-center\" data-align=\"center\">5<\/td><td class=\"has-text-align-center\" data-align=\"center\">90<\/td><\/tr><tr><td class=\"has-text-align-center\" data-align=\"center\">RIO CLARO (Sede) <br \/>&#8211; Brotas<br \/>&#8211; Itirapina<\/td><td class=\"has-text-align-center\" data-align=\"center\">5<\/td><td class=\"has-text-align-center\" data-align=\"center\">90<\/td><\/tr><tr><td class=\"has-text-align-center\" data-align=\"center\">LIMEIRA (Sede) <br \/>&#8211; Araras <br \/>&#8211; Cordeir\u00f3polis<\/td><td class=\"has-text-align-center\" data-align=\"center\">5<\/td><td class=\"has-text-align-center\" data-align=\"center\">90<\/td><\/tr><tr><td class=\"has-text-align-center\" data-align=\"center\">PIRASSUNUNGA (Sede)<br \/>&#8211; Leme<br \/>&#8211; Porto Ferreira<br \/>&#8211; Santa Rita do Passa Quatro<\/td><td class=\"has-text-align-center\" data-align=\"center\">5<\/td><td class=\"has-text-align-center\" data-align=\"center\">90<\/td><\/tr><tr><td class=\"has-text-align-center\" data-align=\"center\">PIRACICABA (Sede)<br \/>&#8211; Capivari<br \/>&#8211; Cerquilho<br \/>&#8211; Laranjal Paulista<br \/>&#8211; Monte Mor<br \/>&#8211; Rio das Pedras<br \/>&#8211; S\u00e3o Pedro<br \/>&#8211; Tiet\u00ea<\/td><td class=\"has-text-align-center\" data-align=\"center\">5<\/td><td class=\"has-text-align-center\" data-align=\"center\">90<\/td><\/tr><tr><td class=\"has-text-align-center\" data-align=\"center\">S\u00c3O JO\u00c3O DA BOA VISTA (Sede)<br \/>&#8211; Agua\u00ed<br \/>&#8211; Esp\u00edrito Santo do Pinhal<br \/>&#8211; Vargem Grande do Sul <\/td><td class=\"has-text-align-center\" data-align=\"center\">5<\/td><td class=\"has-text-align-center\" data-align=\"center\">90<\/td><\/tr><tr><td class=\"has-text-align-center\" data-align=\"center\">AMERICANA (Sede)<br \/>&#8211; Hortol\u00e2ndia<br \/>&#8211; Nova Odessa<br \/>&#8211; Santa B\u00e1rbara D\u00b4oeste<br \/>&#8211; Sumar\u00e9<\/td><td class=\"has-text-align-center\" data-align=\"center\">5<\/td><td class=\"has-text-align-center\" data-align=\"center\">90<\/td><\/tr><tr><td class=\"has-text-align-center\" data-align=\"center\">AMPARO (Sede)<br \/>&#8211; \u00c1guas de Lindoia <br \/>&#8211; Jaguari\u00fana<br \/>&#8211; Pedreira<br \/>&#8211; Serra Negra<br \/>&#8211; Socorro<\/td><td class=\"has-text-align-center\" data-align=\"center\">5<\/td><td class=\"has-text-align-center\" data-align=\"center\">90<\/td><\/tr><\/tbody><\/table><\/figure>\n\n\n\n<h3 class=\"has-text-align-center wp-block-heading\" id=\"h-5-regi-o-administrativa-judici-ria-presidente-prudente-sede-tj-sp-escrevente-t-cnico-judici-rio\"><strong>5\u00aa REGI\u00c3O ADMINISTRATIVA JUDICI\u00c1RIA \u2013 PRESIDENTE PRUDENTE (Sede)<\/strong><br \/><strong>TJ SP Escrevente T\u00e9cnico Judici\u00e1rio<\/strong><\/h3>\n\n\n\n<p><strong>Presidente Prudente<\/strong>\u00a0\u00e9 um\u00a0munic\u00edpio brasileiro\u00a0no\u00a0interior\u00a0do\u00a0estado\u00a0de\u00a0S\u00e3o Paulo, distante <strong>558 quil\u00f4metros da capital<\/strong>. Sua popula\u00e7\u00e3o estimada no ano de 2020 era de <strong>230.371 habitantes,\u00a0sendo o\u00a036\u00ba mais populoso de S\u00e3o Paulo<\/strong>. <\/p>\n\n\n\n<p>O munic\u00edpio foi emancipado de\u00a0Concei\u00e7\u00e3o de Monte Alegre\u00a0(hoje\u00a0Paragua\u00e7u Paulista) na d\u00e9cada de 1910. Seu nome \u00e9 uma refer\u00eancia ao ex-presidente brasileiro\u00a0Prudente de Morais, que foi um\u00a0advogado\u00a0e\u00a0pol\u00edtico\u00a0brasileiro, tornando-se o primeiro governador paulista (1889-1890). Atualmente \u00e9 <strong>um dos principais polos industriais, culturais e de servi\u00e7os do oeste de S\u00e3o Paulo<\/strong>, tanto \u00e9 que passou a ser conhecida como a &#8220;Capital do\u00a0Oeste Paulista&#8221;. <\/p>\n\n\n\n<p>O munic\u00edpio conta ainda com uma importante tradi\u00e7\u00e3o cultural, que vai desde o seu artesanato at\u00e9 o teatro, a m\u00fasica e o esporte. O principal clube de futebol da cidade \u00e9 o\u00a0Gr\u00eamio Prudente, cujo est\u00e1dio \u00e9 o\u00a0Est\u00e1dio Paulo Constantino\u00a0(Prudent\u00e3o). Existem ainda o\u00a0Parque do Povo\u00a0e o\u00a0Teatro Municipal Proc\u00f3pio Ferreira, al\u00e9m de outros teatros e pequenos parques. Segundo pesquisa da\u00a0Funda\u00e7\u00e3o Get\u00falio Vargas, Presidente Prudente \u00e9 a <strong>27\u00aa colocada no ranking das cidades mais promissoras para se construir uma carreira profissional.<\/strong><\/p>\n\n\n\n<div class=\"wp-block-image\"><figure class=\"aligncenter is-resized\"><img loading=\"lazy\" decoding=\"async\" src=\"https:\/\/www.causp.gov.br\/wp-content\/uploads\/2018\/09\/Presidente-Prudente-Imagem-Prefeitura.jpg\" alt=\"Presidente Prudente\" width=\"672\" height=\"448\"\/><\/figure><\/div>\n\n\n\n<p>Confira abaixo a distribui\u00e7\u00e3o de vagas em <strong>Presidente Prudente<\/strong> e nas demais <strong>Cidades Sedes da Circunscri\u00e7\u00e3o Judici\u00e1ria tamb\u00e9m abrangidas por esta Regi\u00e3o Administrativa: <\/strong><\/p>\n\n\n\n<figure class=\"wp-block-table aligncenter is-style-stripes\"><table class=\"has-subtle-pale-blue-background-color has-fixed-layout has-background\"><tbody><tr><td class=\"has-text-align-center\" data-align=\"center\"><strong>COMARCAS<\/strong><\/td><td class=\"has-text-align-center\" data-align=\"center\"><strong>VAGAS LISTA GERAL <\/strong><\/td><td class=\"has-text-align-center\" data-align=\"center\"><strong>CONVOCADOS P\/ 2\u00aa FASE<\/strong><\/td><\/tr><tr><td class=\"has-text-align-center\" data-align=\"center\">PRESIDENTE PRUDENTE (Sede) <br \/>&#8211; Iep\u00ea<br \/>&#8211; Martin\u00f3polis<br \/>&#8211; Pirapozinho<br \/>&#8211; Presidente Bernardes<br \/>&#8211; Rancharia <br \/>&#8211; Regente Feij\u00f3<\/td><td class=\"has-text-align-center\" data-align=\"center\">20<\/td><td class=\"has-text-align-center\" data-align=\"center\">150<\/td><\/tr><tr><td class=\"has-text-align-center\" data-align=\"center\">ASSIS (Sede)<br \/>&#8211; C\u00e2ndido Mota<br \/>Maraca\u00ed<br \/>Palmital<br \/>Paragua\u00e7u Paulista<br \/>Quat\u00e1<\/td><td class=\"has-text-align-center\" data-align=\"center\">5<\/td><td class=\"has-text-align-center\" data-align=\"center\">90<\/td><\/tr><tr><td class=\"has-text-align-center\" data-align=\"center\">DRACENA (Sede)<br \/>&#8211; Junqueir\u00f3polis <br \/>&#8211; Pacaembu<br \/>&#8211; Panorama <br \/>&#8211; Tupi Paulista<\/td><td class=\"has-text-align-center\" data-align=\"center\">5<\/td><td class=\"has-text-align-center\" data-align=\"center\">90<\/td><\/tr><tr><td class=\"has-text-align-center\" data-align=\"center\">PRESIDENTE VENCESLAU (Sede) <br \/>&#8211; Mirante do Paranapanema <br \/>&#8211; Presidente Epit\u00e1cio<br \/>&#8211; Rosana <br \/>&#8211; Santo Anast\u00e1cio<br \/>&#8211; Teodoro Sampaio<\/td><td class=\"has-text-align-center\" data-align=\"center\">5<\/td><td class=\"has-text-align-center\" data-align=\"center\">90<\/td><\/tr><tr><td class=\"has-text-align-center\" data-align=\"center\">TUP\u00c3 (Sede) <br \/>&#8211; Adamantina <br \/>&#8211; Bastos<br \/>&#8211; Fl\u00f3rida Paulista<br \/>&#8211; Luc\u00e9lia<br \/>&#8211; Osvaldo Cruz <\/td><td class=\"has-text-align-center\" data-align=\"center\">5<\/td><td class=\"has-text-align-center\" data-align=\"center\">90<\/td><\/tr><tr><td class=\"has-text-align-center\" data-align=\"center\">MAR\u00cdLIA (SEDE)<br \/>&#8211; G\u00e1lia<br \/>&#8211; Gar\u00e7a <br \/>&#8211; Pomp\u00e9ia <\/td><td class=\"has-text-align-center\" data-align=\"center\">5<\/td><td class=\"has-text-align-center\" data-align=\"center\">90<\/td><\/tr><\/tbody><\/table><\/figure>\n\n\n\n<h3 class=\"has-text-align-center wp-block-heading\" id=\"h-6-regi-o-administrativa-judici-ria-ribeir-o-preto-sede-tj-sp-escrevente-t-cnico-judici-rio\"><strong>6\u00aa REGI\u00c3O ADMINISTRATIVA JUDICI\u00c1RIA \u2013 RIBEIR\u00c3O PRETO (Sede)<\/strong><br \/><strong>TJ SP Escrevente T\u00e9cnico Judici\u00e1rio<\/strong><\/h3>\n\n\n\n<p><strong>Ribeir\u00e3o Preto<\/strong>\u00a0\u00e9\u00a0sede da\u00a0Regi\u00e3o Metropolitana de Ribeir\u00e3o Preto\u00a0(RMRP), no\u00a0interior\u00a0do\u00a0estado\u00a0de\u00a0S\u00e3o Paulo,\u00a0Regi\u00e3o Sudeste\u00a0do pa\u00eds. Pertence \u00e0\u00a0Mesorregi\u00e3o\u00a0e\u00a0Microrregi\u00e3o de Ribeir\u00e3o Preto, localizando-se a nordeste\u00a0do estado, distando da Capital do Estado cerca de <strong>315\u00a0km<\/strong>. Com <strong>711\u00a0825 habitante<\/strong>s, \u00e9 a <strong>nona cidade mais populosa do Pa\u00eds<\/strong> <strong>sem contar as capitais<\/strong> \u2013 no geral \u00e9 a 27\u00aa no Brasil e a s\u00e9tima no Estado, incluindo a capital paulista, segundo estimativa populacional calculada pelo\u00a0IBGE\u00a0para 2020.<\/p>\n\n\n\n<p>O seu\u00a0\u00cdndice de Desenvolvimento Humano\u00a0(IDH) em 2010 era de 0,800,\u00a0considerando-se assim como elevado em rela\u00e7\u00e3o ao pa\u00eds, sendo o\u00a0vig\u00e9simo segundo maior do estado.<sup> <\/sup>V\u00e1rias rodovias ligam Ribeir\u00e3o Preto a diversas cidades paulistas, tais como a\u00a0Rodovia Anhanguera\u00a0e a\u00a0Rodovia C\u00e2ndido Portinari, havendo ainda disponibilidade de ferrovias e <strong>um aeroporto, denominado\u00a0Doutor Leite Lopes<\/strong>.<\/p>\n\n\n\n<p>Ribeir\u00e3o Preto foi fundada em\u00a01856, quando recebia muitos mineiros que sa\u00edam de suas terras j\u00e1 esgotadas para a minera\u00e7\u00e3o e procuravam pastagens para a cria\u00e7\u00e3o de gado. No come\u00e7o do s\u00e9culo XX, a cidade passou a atrair imigrantes, que foram trabalhar na agricultura ou nas ind\u00fastrias abertas na d\u00e9cada de 1910. Na segunda metade do s\u00e9culo XX foram incrementados investimentos nas \u00e1reas de\u00a0sa\u00fade,\u00a0biotecnologia,\u00a0bioenergia\u00a0e\u00a0tecnologia da informa\u00e7\u00e3o, sendo declarada em 2010 como &#8220;polo tecnol\u00f3gico&#8221;. Atualmente essas atividades fazem com que Ribeir\u00e3o tenha o\u00a0<strong>21\u00ba maior PIB brasileiro.<\/strong><\/p>\n\n\n\n<div class=\"wp-block-image\"><figure class=\"aligncenter is-resized\"><img loading=\"lazy\" decoding=\"async\" src=\"https:\/\/blog.vittaresidencial.com.br\/wp-content\/uploads\/2019\/06\/Image2.jpg\" alt=\"Ribeir\u00e3o Preto\/SP\" width=\"698\" height=\"531\"\/><\/figure><\/div>\n\n\n\n<p>Confira abaixo a distribui\u00e7\u00e3o de vagas em <strong>Ribeir\u00e3o Preto<\/strong> e nas demais <strong>Cidades Sedes da Circunscri\u00e7\u00e3o Judici\u00e1ria tamb\u00e9m abrangidas por esta Regi\u00e3o Administrativa: <\/strong><\/p>\n\n\n\n<figure class=\"wp-block-table aligncenter is-style-stripes\"><table class=\"has-subtle-pale-pink-background-color has-fixed-layout has-background\"><tbody><tr><td class=\"has-text-align-center\" data-align=\"center\"><strong>COMARCAS<\/strong><\/td><td class=\"has-text-align-center\" data-align=\"center\"><strong>VAGAS LISTA GERAL <\/strong><\/td><td class=\"has-text-align-center\" data-align=\"center\"><strong>CONVOCADOS P\/ 2\u00aa FASE<\/strong><\/td><\/tr><tr><td class=\"has-text-align-center\" data-align=\"center\">RIBEIR\u00c3O PRETO (Sede)<br \/>&#8211; Cajuru<br \/>&#8211; Cravinhos<br \/>&#8211; Jardin\u00f3polis<br \/>&#8211; Pontal<br \/>&#8211; Santa Rosa do Viterbo <br \/>&#8211; S\u00e3o Sim\u00e3o<br \/>&#8211; Serrana <br \/>&#8211; Sert\u00e3ozinho<\/td><td class=\"has-text-align-center\" data-align=\"center\">20<\/td><td class=\"has-text-align-center\" data-align=\"center\">150<\/td><\/tr><tr><td class=\"has-text-align-center\" data-align=\"center\">S\u00c3O CARLOS (Sede)<br \/>&#8211; Descalvado<br \/>&#8211; Ibat\u00e9<br \/>&#8211; Ribeir\u00e3o Bonito<\/td><td class=\"has-text-align-center\" data-align=\"center\">5<\/td><td class=\"has-text-align-center\" data-align=\"center\">90<\/td><\/tr><tr><td class=\"has-text-align-center\" data-align=\"center\">ARARQUARA (Sede)<br \/>&#8211; Am\u00e9rico Brasiliense<br \/>&#8211; Borborema<br \/>&#8211; Iacanga<br \/>&#8211; Ibitinga<br \/>&#8211; It\u00e1polis<br \/>&#8211; Mat\u00e3o <\/td><td class=\"has-text-align-center\" data-align=\"center\">5<\/td><td class=\"has-text-align-center\" data-align=\"center\">90<\/td><\/tr><tr><td class=\"has-text-align-center\" data-align=\"center\">FRANCA (Sede) <br \/>&#8211; Patroc\u00ednio Paulista <br \/>&#8211; Pedregulho <\/td><td class=\"has-text-align-center\" data-align=\"center\">5<\/td><td class=\"has-text-align-center\" data-align=\"center\">90<\/td><\/tr><tr><td class=\"has-text-align-center\" data-align=\"center\">BATATAIS (Sede) <br \/>&#8211; Altin\u00f3polis<br \/>&#8211; Brodowski<br \/>&#8211; Morro Agudo <br \/>&#8211; Nuporanga<br \/>&#8211; Orl\u00e2ndia <\/td><td class=\"has-text-align-center\" data-align=\"center\">5<\/td><td class=\"has-text-align-center\" data-align=\"center\">90<\/td><\/tr><tr><td class=\"has-text-align-center\" data-align=\"center\">ITUVERAVA (Sede) <br \/>&#8211; Guar\u00e1<br \/>&#8211; Igarapava<br \/>&#8211; Ipu\u00e3<br \/>&#8211; Miguel\u00f3polis<br \/>&#8211; S\u00e3o Joaquim da Barra <\/td><td class=\"has-text-align-center\" data-align=\"center\">5<\/td><td class=\"has-text-align-center\" data-align=\"center\">90<\/td><\/tr><tr><td class=\"has-text-align-center\" data-align=\"center\">JABOTICABAL (Sede)<br \/>&#8211; Guariba<br \/>&#8211; Monte Alto<br \/>&#8211; Embu Gua\u00e7u<br \/>&#8211; Pirangi<br \/>&#8211; Pitangueiras<br \/>&#8211; Taquaritinga<\/td><td class=\"has-text-align-center\" data-align=\"center\">5<\/td><td class=\"has-text-align-center\" data-align=\"center\">90<\/td><\/tr><tr><td class=\"has-text-align-center\" data-align=\"center\">CASA BRANCA (Sede)<br \/>&#8211; Caconde<br \/>&#8211; Mococa<br \/>&#8211; Santa Cruz das Palmeiras <br \/>&#8211; S\u00e3o Jos\u00e9 do Rio Pardo <br \/>&#8211; S\u00e3o Sebasti\u00e3o da Grama<br \/>&#8211; Tamba\u00fa<\/td><td class=\"has-text-align-center\" data-align=\"center\">5<\/td><td class=\"has-text-align-center\" data-align=\"center\">90<\/td><\/tr><\/tbody><\/table><\/figure>\n\n\n\n<h3 class=\"has-text-align-center wp-block-heading\" id=\"h-7-regi-o-administrativa-judici-ria-santos-sede-tj-sp-escrevente-t-cnico-judici-rio\"><strong>7\u00aa REGI\u00c3O ADMINISTRATIVA JUDICI\u00c1RIA \u2013 SANTOS (Sede)<\/strong><br \/><strong>TJ SP Escrevente T\u00e9cnico Judici\u00e1rio<\/strong><\/h3>\n\n\n\n<p>Santos\u00a0\u00e9 um\u00a0munic\u00edpio\u00a0portu\u00e1rio\u00a0sede da\u00a0Regi\u00e3o Metropolitana da Baixada Santista, localizado no\u00a0litoral\u00a0do\u00a0estado\u00a0de\u00a0S\u00e3o Paulo. \u00c9 uma das cidades mais antigas do pa\u00eds\u00a0e de grande valor hist\u00f3rico por acompanhar o crescimento e a evolu\u00e7\u00e3o do Brasil em seus primeiros\u00a0anos de col\u00f4nia\u00a0at\u00e9 os dias atuais, surgindo como um munic\u00edpio de valor\u00a0cosmopolita,\u00a0portu\u00e1rio,\u00a0ecol\u00f3gico\u00a0e\u00a0cultural.<\/p>\n\n\n\n<p>Com a maior participa\u00e7\u00e3o econ\u00f4mica da citada regi\u00e3o, abriga o\u00a0maior porto\u00a0da\u00a0Am\u00e9rica Latina,<sup> <\/sup>o principal respons\u00e1vel pela din\u00e2mica econ\u00f4mica da cidade ao lado do\u00a0turismo, da\u00a0pesca\u00a0e do\u00a0com\u00e9rcio, ocupando a <strong>5\u00aa coloca\u00e7\u00e3o entre as n\u00e3o capitais mais importantes para a economia brasileira\u00a0e 10\u00aa colocada segundo a qualidade de vida. <\/strong><\/p>\n\n\n\n<p>Santos possui uma economia crescente. Em 2016, a cidade era\u00a0a\u00a0<strong>33\u00aa mais rica do pa\u00eds<\/strong>. Sua origem econ\u00f4mica remonta a 1922, quando foi inaugurada a\u00a0Bolsa Oficial do Caf\u00e9, onde eram negociadas riquezas do mercado cafeeiro para o pa\u00eds. O local resultou no atual\u00a0<strong>Museu do Caf\u00e9<\/strong>,\u00a0abrigado no atual\u00a0<strong>Centro Hist\u00f3rico<\/strong>, espa\u00e7o que promove exposi\u00e7\u00f5es sobre a trajet\u00f3ria do produto pelo Brasil e pela cidade e que \u00e9 decorado com obras do artista\u00a0<strong>Benedito Calixto.<\/strong><\/p>\n\n\n\n<p>O\u00a0<strong>Livro dos Recordes<\/strong>\u00a0situa os\u00a0<strong>jardins da orla de Santos\u00a0como formadores do maior jardim frontal de praia em extens\u00e3o do mundo<\/strong>.<sup> <\/sup>A preserva\u00e7\u00e3o e o cuidado com a flora do ambiente praiano santista s\u00e3o resultados de um trabalho em conjunto dos departamentos de\u00a0meio ambiente\u00a0da regi\u00e3o, muitas vezes ligados a\u00a0universidades\u00a0ou a institui\u00e7\u00f5es cient\u00edficas.\u00a0A estimativa de popula\u00e7\u00e3o em 2020 era de<strong> 433.656 habitantes.<\/strong><\/p>\n\n\n\n<p>O\u00a0Programa das Na\u00e7\u00f5es Unidas para o Desenvolvimento\u00a0de 2010 posicionou a cidade de Santos em <strong>sexto lugar na\u00a0lista dos munic\u00edpios brasileiros por \u00edndice de desenvolvimento humano, e em terceiro lugar na\u00a0lista dos munic\u00edpios de S\u00e3o Paulo pelo mesmo \u00edndice.<sup> <\/sup><\/strong><\/p>\n\n\n\n<div class=\"wp-block-image\"><figure class=\"aligncenter is-resized\"><img loading=\"lazy\" decoding=\"async\" src=\"https:\/\/www.turismosantos.com.br\/static\/files_turismosantos\/styles\/large\/public\/acidadecapa.jpg?itok=3Bl8pgiZ\" alt=\"TJ SP: Munic\u00edpio de Santos\" width=\"823\" height=\"437\"\/><\/figure><\/div>\n\n\n\n<p>Confira abaixo a distribui\u00e7\u00e3o de vagas em <strong>Santos <\/strong>e nas demais <strong>Cidades Sedes da Circunscri\u00e7\u00e3o Judici\u00e1ria tamb\u00e9m abrangidas por esta Regi\u00e3o Administrativa: <\/strong><\/p>\n\n\n\n<figure class=\"wp-block-table aligncenter is-style-stripes\"><table class=\"has-subtle-pale-blue-background-color has-fixed-layout has-background\"><tbody><tr><td class=\"has-text-align-center\" data-align=\"center\"><strong>COMARCAS<\/strong><\/td><td class=\"has-text-align-center\" data-align=\"center\"><strong>VAGAS LISTA GERAL <\/strong><\/td><td class=\"has-text-align-center\" data-align=\"center\"><strong>CONVOCADOS P\/ 2\u00aa FASE<\/strong><\/td><\/tr><tr><td class=\"has-text-align-center\" data-align=\"center\">SANTOS (Sede)<br \/>&#8211; Bertioga<br \/>&#8211; Cubat\u00e3o<br \/>&#8211; Guaruj\u00e1<br \/>&#8211; Praia Grande <br \/>&#8211; S\u00e3o Vicente <\/td><td class=\"has-text-align-center\" data-align=\"center\">20<\/td><td class=\"has-text-align-center\" data-align=\"center\">150<\/td><\/tr><tr><td class=\"has-text-align-center\" data-align=\"center\">REGISTRO (Sede): <br \/>&#8211; Canan\u00e9ia <br \/>&#8211; Eldorado<br \/>&#8211; Iguape<br \/>&#8211; Jacupiranga <br \/>&#8211; Juqui\u00e1<br \/>&#8211; Miracatu<br \/> Pariquera-a\u00e7u<br \/>&#8211; Promiss\u00e3o <\/td><td class=\"has-text-align-center\" data-align=\"center\">5<\/td><td class=\"has-text-align-center\" data-align=\"center\">90<\/td><\/tr><tr><td class=\"has-text-align-center\" data-align=\"center\">ITANHA\u00c9M (Sede)<br \/>&#8211; Itariri<br \/>&#8211; Mongagu\u00e1<br \/>&#8211; Peru\u00edbe <\/td><td class=\"has-text-align-center\" data-align=\"center\">5<\/td><td class=\"has-text-align-center\" data-align=\"center\">90<\/td><\/tr><\/tbody><\/table><\/figure>\n\n\n\n<h3 class=\"has-text-align-center wp-block-heading\" id=\"h-8-regi-o-administrativa-judici-ria-s-o-jos-do-rio-preto-sede-tj-sp-escrevente-t-cnico-judici-rio\"><strong>8\u00aa REGI\u00c3O ADMINISTRATIVA JUDICI\u00c1RIA \u2013 S\u00c3O JOS\u00c9 DO RIO PRETO (Sede)<\/strong><br \/><strong>TJ SP Escrevente T\u00e9cnico Judici\u00e1rio<\/strong><\/h3>\n\n\n\n<p><strong>S\u00e3o Jos\u00e9 do Rio Preto<\/strong>\u00a0localiza-se a noroeste da\u00a0capital do estado, distando desta cerca de <strong>442\u00a0km<\/strong>.\u00a0A popula\u00e7\u00e3o estimada para 1.\u00ba de julho de 2020, segundo o\u00a0Instituto Brasileiro de Geografia e Estat\u00edstica, era de <strong>464.983 habitantes<\/strong>,<sup> <\/sup>sendo o\u00a0<strong>d\u00e9cimo primeiro mais populoso de S\u00e3o Paulo\u00a0e o\u00a052\u00ba do pa\u00eds<\/strong>.<\/p>\n\n\n\n<p>Emancipado de\u00a0Jaboticabal\u00a0na d\u00e9cada de 1850, o nome do munic\u00edpio \u00e9 uma mistura entre o padroeiro,\u00a0S\u00e3o Jos\u00e9, e o\u00a0Rio Preto, rio que banha o munic\u00edpio. \u00c9 <strong>um dos principais polos industriais, culturais e de servi\u00e7os do interior de S\u00e3o Paulo<\/strong>. Segundo pesquisa da\u00a0Funda\u00e7\u00e3o Get\u00falio Vargas, S\u00e3o Jos\u00e9 do Rio Preto \u00e9 a 18\u00aa colocada no ranking das cidades brasileiras mais promissoras para se construir uma carreira profissional.\u00a0<\/p>\n\n\n\n<p>O munic\u00edpio conta ainda com uma importante tradi\u00e7\u00e3o cultural, que vai desde o seu artesanato at\u00e9 o teatro, a m\u00fasica e o esporte. Dentre eles podem ser citados o Arquivo P\u00fablico Municipal, o\u00a0Est\u00e1dio An\u00edsio Haddad, o\u00a0Est\u00e1dio Benedito Teixeira, a Biblioteca P\u00fablica Municipal Dr. Fernando Costa e o Teatro Municipal Humberto Sinibaldi Neto.<\/p>\n\n\n\n<div class=\"wp-block-image\"><figure class=\"aligncenter is-resized\"><img loading=\"lazy\" decoding=\"async\" src=\"https:\/\/exame.com\/wp-content\/uploads\/2016\/09\/size_960_16_9_sao-jose-do-rio-preto-cidade4.jpg?quality=70&amp;strip=info\" alt=\"TJ SP: Munic\u00edpio de S\u00e3o Jos\u00e9 do Rio Preto\/SP\" width=\"833\" height=\"555\"\/><\/figure><\/div>\n\n\n\n<p>Confira abaixo a distribui\u00e7\u00e3o de vagas em <strong>S\u00e3o Jos\u00e9 do Rio Preto<\/strong> e nas demais <strong>Cidades Sedes da Circunscri\u00e7\u00e3o Judici\u00e1ria tamb\u00e9m abrangidas por esta Regi\u00e3o Administrativa: <\/strong><\/p>\n\n\n\n<figure class=\"wp-block-table aligncenter is-style-stripes\"><table class=\"has-subtle-pale-green-background-color has-fixed-layout has-background\"><tbody><tr><td class=\"has-text-align-center\" data-align=\"center\"><strong>COMARCAS<\/strong><\/td><td class=\"has-text-align-center\" data-align=\"center\"><strong>VAGAS LISTA GERAL <\/strong><\/td><td class=\"has-text-align-center\" data-align=\"center\"><strong>CONVOCADOS P\/ 2\u00aa FASE<\/strong><\/td><\/tr><tr><td class=\"has-text-align-center\" data-align=\"center\">S\u00c3O JOS\u00c9 DO RIO PRETO (Sede) <br \/>&#8211; Jos\u00e9 Bonif\u00e1cio <br \/>&#8211; Macaubal<br \/>&#8211; Mirassol <br \/>&#8211; Monte Apraz\u00edvel <br \/>&#8211; Neves Paulista <br \/>&#8211; Nova Granada<br \/>&#8211; Palestina<br \/>&#8211; Paulo de Faria <br \/>&#8211; Potirendaba <br \/>&#8211; Tanabi <\/td><td class=\"has-text-align-center\" data-align=\"center\">20<\/td><td class=\"has-text-align-center\" data-align=\"center\">150<\/td><\/tr><tr><td class=\"has-text-align-center\" data-align=\"center\">BARRETOS (Sede)<br \/>&#8211; Bebedouro<br \/>&#8211; Colina <br \/>&#8211; Gua\u00edra <br \/>&#8211; Monte Azul Paulista <br \/>&#8211; Ol\u00edmpia<br \/>&#8211; Viradouro<\/td><td class=\"has-text-align-center\" data-align=\"center\">5<\/td><td class=\"has-text-align-center\" data-align=\"center\">90<\/td><\/tr><tr><td class=\"has-text-align-center\" data-align=\"center\">CATANDUVA (Sede)<br \/>&#8211; Itajobi <br \/>&#8211; Novo Horizonte<br \/>&#8211; Santa Ad\u00e9lia <br \/>&#8211; Tabapu\u00e3<br \/>&#8211; Urup\u00eas<\/td><td class=\"has-text-align-center\" data-align=\"center\">5<\/td><td class=\"has-text-align-center\" data-align=\"center\">90<\/td><\/tr><tr><td class=\"has-text-align-center\" data-align=\"center\">VOTUPORANGA (Sede) <br \/>&#8211; Cardoso<br \/>&#8211; Nhandeara <\/td><td class=\"has-text-align-center\" data-align=\"center\">5<\/td><td class=\"has-text-align-center\" data-align=\"center\">90<\/td><\/tr><tr><td class=\"has-text-align-center\" data-align=\"center\">FERNAND\u00d3POLIS (Sede) <br \/>&#8211; Estrela D\u00b4Oeste <br \/>&#8211; General Salgado <br \/>&#8211; Ouroeste <\/td><td class=\"has-text-align-center\" data-align=\"center\">5<\/td><td class=\"has-text-align-center\" data-align=\"center\">90<\/td><\/tr><\/tbody><\/table><\/figure>\n\n\n\n<h3 class=\"has-text-align-center wp-block-heading\" id=\"h-9-regi-o-administrativa-judici-ria-s-o-jos-dos-campos-sede-tj-sp-escrevente-t-cnico-judici-rio\"><strong>9\u00aa REGI\u00c3O ADMINISTRATIVA JUDICI\u00c1RIA \u2013 S\u00c3O JOS\u00c9 DOS CAMPOS (Sede)<\/strong><br \/><strong>TJ SP Escrevente T\u00e9cnico Judici\u00e1rio<\/strong><\/h3>\n\n\n\n<p><strong>S\u00e3o Jos\u00e9 dos Campos<\/strong>\u00a0est\u00e1 situado no\u00a0Vale do Para\u00edba Paulista, a leste da\u00a0capital do estado, distando desta cerca de <strong>81\u00a0km<\/strong>. Em 2020, sua popula\u00e7\u00e3o foi estimada pelo\u00a0IBGE\u00a0em <strong>729.737 habitantes<\/strong>,\u00a0sendo o\u00a0<strong>quinto mais populoso de S\u00e3o Paulo\u00a0e o\u00a023.\u00ba de todo o pa\u00eds<\/strong>, al\u00e9m de ser o segundo munic\u00edpio mais populoso do interior do Brasil, ficando atr\u00e1s somente de\u00a0Campinas. <\/p>\n\n\n\n<p>\u00c9 um importante centro cultural do\u00a0Vale do Para\u00edba. A Reserva Ecol\u00f3gica\u00a0Augusto Ruschi, o distrito de\u00a0S\u00e3o Francisco Xavier\u00a0e o Banhado configuram-se como grandes \u00e1reas de preserva\u00e7\u00e3o ambiental, enquanto que o Parque Santos Dumont, o\u00a0Parque da Cidade\u00a0e o Parque Vicentina Aranha s\u00e3o relevantes pontos de visita\u00e7\u00e3o localizados na zona urbana, al\u00e9m dos projetos e eventos culturais realizados pela Funda\u00e7\u00e3o Cultural\u00a0Cassiano Ricardo\u00a0(FCCR), \u00f3rg\u00e3o respons\u00e1vel por projetar a vida cultural joseense.<\/p>\n\n\n\n<p>O munic\u00edpio est\u00e1 integrado \u2014 junto com as regi\u00f5es metropolitanas de\u00a0S\u00e3o Paulo,\u00a0Campinas,\u00a0Sorocaba\u00a0e\u00a0Baixada Santista\u00a0\u2014 ao\u00a0Complexo Metropolitano Expandido, uma\u00a0megal\u00f3pole\u00a0que ultrapassa os trinta milh\u00f5es de habitantes (cerca 75% da popula\u00e7\u00e3o paulista) e que \u00e9 a primeira aglomera\u00e7\u00e3o urbana do tipo no\u00a0hemisf\u00e9rio sul.<\/p>\n\n\n\n<p>Na segunda metade do s\u00e9culo XX a ind\u00fastria ganhou for\u00e7a, quando a cidade descobriu sua voca\u00e7\u00e3o para a \u00e1rea da tecnologia. O munic\u00edpio \u00e9 a sede de importantes empresas, como:\u00a0Panasonic,\u00a0Johnson &amp; Johnson,\u00a0Ericsson,\u00a0Philips, Ball Corporation,\u00a0General Motors\u00a0(GM),\u00a0Petrobras,\u00a0Monsanto,\u00a0Embraer\u00a0(sede), entre outras.<sup> <\/sup>Possui tamb\u00e9m relevantes centros de ensino e pesquisas, tais como: o\u00a0DCTA, o\u00a0INPE, a\u00a0UNESP, o\u00a0ITA, a\u00a0FATEC, e a\u00a0UNIFESP, sendo um importante\u00a0tecnopolo\u00a0de material b\u00e9lico, metal\u00fargico e sede do maior complexo aeroespacial da\u00a0Am\u00e9rica Latina.<\/p>\n\n\n\n<p>O\u00a0Parque Tecnol\u00f3gico de S\u00e3o Jos\u00e9 dos Campos, o maior do tipo no pa\u00eds, sedia unidades de pesquisa de grandes empresas, sendo a \u00fanica cidade do mundo com centros de pesquisas das tr\u00eas maiores fabricantes mundiais de aeronaves, a Embraer, a\u00a0Boeing\u00a0e a\u00a0Airbus. <\/p>\n\n\n\n<div class=\"wp-block-image\"><figure class=\"aligncenter is-resized\"><img loading=\"lazy\" decoding=\"async\" src=\"https:\/\/i1.wp.com\/catagua.com.br\/wp-content\/uploads\/2021\/03\/7-vantagens-de-morar-em-sao-jose-dos-campos-aqui.jpg\" alt=\"TJ SP: Munic\u00edpio de S\u00e3o Jos\u00e9 dos Campos \" width=\"827\" height=\"551\"\/><\/figure><\/div>\n\n\n\n<p>Confira abaixo a distribui\u00e7\u00e3o de vagas em <strong>S\u00e3o Jos\u00e9 dos Campos<\/strong> e nas demais <strong>Cidades Sedes da Circunscri\u00e7\u00e3o Judici\u00e1ria tamb\u00e9m abrangidas por esta Regi\u00e3o Administrativa: <\/strong><\/p>\n\n\n\n<figure class=\"wp-block-table aligncenter is-style-stripes\"><table class=\"has-subtle-pale-pink-background-color has-fixed-layout has-background\"><tbody><tr><td class=\"has-text-align-center\" data-align=\"center\"><strong>COMARCAS<\/strong><\/td><td class=\"has-text-align-center\" data-align=\"center\"><strong>VAGAS LISTA GERAL <\/strong><\/td><td class=\"has-text-align-center\" data-align=\"center\"><strong>CONVOCADOS P\/ 2\u00aa FASE<\/strong><\/td><\/tr><tr><td class=\"has-text-align-center\" data-align=\"center\">S\u00c3O JOSE DOS CAMPOS (Sede) <br \/>&#8211; Jacare\u00ed<br \/>&#8211; Paraibuna<br \/>&#8211; Sales\u00f3polis<br \/>&#8211; Santa Branca<\/td><td class=\"has-text-align-center\" data-align=\"center\">20<\/td><td class=\"has-text-align-center\" data-align=\"center\">150<\/td><\/tr><tr><td class=\"has-text-align-center\" data-align=\"center\">TAUBAT\u00c9 (Sede)<br \/>&#8211; Ca\u00e7apava<br \/>&#8211; Campos do Jord\u00e3o <br \/>&#8211; Pindamonhangaba<br \/>&#8211; S\u00e3o Bento do Sapuca\u00ed<br \/>&#8211; S\u00e3o Luiz do Paraitinga<br \/>&#8211; Trememb\u00e9<\/td><td class=\"has-text-align-center\" data-align=\"center\">5<\/td><td class=\"has-text-align-center\" data-align=\"center\">90<\/td><\/tr><tr><td class=\"has-text-align-center\" data-align=\"center\">GUARATINGUET\u00c1 (Sede)<br \/>&#8211; Aparecida<br \/>&#8211; Bananal<br \/>&#8211; Cachoeira Paulista<br \/>&#8211; Cruzeiro <br \/>&#8211; Cunha <br \/>&#8211; Lorena<br \/>&#8211; Piquete<br \/>&#8211; Queluz<br \/>&#8211; Roseira <\/td><td class=\"has-text-align-center\" data-align=\"center\">5<\/td><td class=\"has-text-align-center\" data-align=\"center\">90<\/td><\/tr><tr><td class=\"has-text-align-center\" data-align=\"center\">CARAGUATATUBA (Sede) <br \/>&#8211; Ilhabela<br \/>&#8211; S\u00e3o Sebasti\u00e3o <br \/>&#8211; Ubatuba <\/td><td class=\"has-text-align-center\" data-align=\"center\">5<\/td><td class=\"has-text-align-center\" data-align=\"center\">90<\/td><\/tr><\/tbody><\/table><\/figure>\n\n\n\n<h3 class=\"has-text-align-center wp-block-heading\" id=\"h-10-regi-o-administrativa-judici-ria-sorocaba-sede-tj-sp-escrevente-t-cnico-judici-rio\"><strong>10\u00aa REGI\u00c3O ADMINISTRATIVA JUDICI\u00c1RIA \u2013 SOROCABA (Sede)<\/strong><br \/><strong>TJ SP Escrevente T\u00e9cnico Judici\u00e1rio<\/strong><\/h3>\n\n\n\n<p><strong>Sorocaba<\/strong>\u00a0\u00e9 a quarta cidade mais populosa do\u00a0interior paulista\u00a0(precedida por\u00a0Campinas,\u00a0S\u00e3o Jos\u00e9 dos Campos\u00a0e\u00a0Ribeir\u00e3o Preto) e a mais populosa da regi\u00e3o sudeste paulista com uma popula\u00e7\u00e3o de<strong> 687.357 habitantes<\/strong>, estimada pelo\u00a0IBGE\u00a0para\u00a02020,<sup> <\/sup>sendo uma capital regional. Localiza-se a 87 km da capital paulista. <\/p>\n\n\n\n<p>A cidade \u00e9 <strong>um importante polo industrial do estado de S\u00e3o Paulo e do Brasil,<\/strong> sendo que sua produ\u00e7\u00e3o industrial <strong>chega a mais de 120 pa\u00edses, atingindo um PIB acima dos R$ 32 bilh\u00f5es<\/strong>, o <strong>d\u00e9cimo nono maior do pa\u00eds<\/strong>, a frente de capitais como\u00a0S\u00e3o Lu\u00eds,\u00a0Bel\u00e9m,\u00a0Vit\u00f3ria,\u00a0Natal\u00a0e\u00a0Florian\u00f3polis.\u00a0As principais bases de sua economia s\u00e3o os setores de ind\u00fastria, com\u00e9rcio e servi\u00e7os, com mais 22 mil empresas instaladas, sendo mais de duas mil delas ind\u00fastrias.<\/p>\n\n\n\n<p>As principais atividades econ\u00f4micas s\u00e3o: ind\u00fastrias de m\u00e1quinas, siderurgia e metalurgia pesada, ind\u00fastria automobil\u00edstica, autope\u00e7as, mec\u00e2nicas, ind\u00fastrias t\u00eaxteis, equipamentos agr\u00edcolas, qu\u00edmicas, petroqu\u00edmicas farmac\u00eauticas, papel e celulose, produ\u00e7\u00e3o de cimento, energia e\u00f3lica, eletr\u00f4nica, ferramentas, telecomunica\u00e7\u00f5es entre outras, tornando-se assim uma cidade din\u00e2mica e de boa situa\u00e7\u00e3o econ\u00f4mica.<\/p>\n\n\n\n<figure class=\"wp-block-image is-resized\"><img loading=\"lazy\" decoding=\"async\" src=\"https:\/\/s2.glbimg.com\/pQjIY-5Xrds2cG3-BA6a5z82ru8=\/0x0:2896x1944\/984x0\/smart\/filters:strip_icc()\/i.s3.glbimg.com\/v1\/AUTH_59edd422c0c84a879bd37670ae4f538a\/internal_photos\/bs\/2019\/e\/D\/aCVLJCTy2LnFBJob3fLw\/qualidade-de-vida-em-sorocaba.jpg\" alt=\"TJ SP: Munic\u00edpio de Sorocaba\/SP\" width=\"840\" height=\"564\"\/><\/figure>\n\n\n\n<p>Confira abaixo a distribui\u00e7\u00e3o de vagas em <strong>Sorocaba<\/strong> e nas demais <strong>Cidades Sedes da Circunscri\u00e7\u00e3o Judici\u00e1ria tamb\u00e9m abrangidas por esta Regi\u00e3o Administrativa: <\/strong><\/p>\n\n\n\n<figure class=\"wp-block-table aligncenter is-style-stripes\"><table class=\"has-subtle-pale-pink-background-color has-fixed-layout has-background\"><tbody><tr><td class=\"has-text-align-center\" data-align=\"center\"><strong>COMARCAS<\/strong><\/td><td class=\"has-text-align-center\" data-align=\"center\"><strong>VAGAS LISTA GERAL <\/strong><\/td><td class=\"has-text-align-center\" data-align=\"center\"><strong>CONVOCADOS P\/ 2\u00aa FASE<\/strong><\/td><\/tr><tr><td class=\"has-text-align-center\" data-align=\"center\">SOROCABA (Sede) <br \/>&#8211; Ibi\u00fana<br \/>&#8211; Mairinque<br \/>&#8211; Piedade<br \/>&#8211; Pilar do Sul<br \/>&#8211; Salto de Pirapora<br \/>&#8211; S\u00e3o Roque <br \/>&#8211; Votorantim<\/td><td class=\"has-text-align-center\" data-align=\"center\">20<\/td><td class=\"has-text-align-center\" data-align=\"center\">150<\/td><\/tr><tr><td class=\"has-text-align-center\" data-align=\"center\">ITU (Sede)<br \/>&#8211; Boituva<br \/>&#8211; Cabre\u00fava<br \/>&#8211; Indaiatuba<br \/>&#8211; Porto Feliz<br \/>&#8211; Salto<\/td><td class=\"has-text-align-center\" data-align=\"center\">5<\/td><td class=\"has-text-align-center\" data-align=\"center\">90<\/td><\/tr><tr><td class=\"has-text-align-center\" data-align=\"center\">ITAPETININGA (Sede)<br \/>&#8211; Angatuba<br \/>&#8211; Cap\u00e3o Bonito<br \/>&#8211; Ces\u00e1rio Lange<br \/>&#8211; Porangaba <br \/>&#8211; S\u00e3o Miguel Arcanjo<br \/>&#8211; Tatu\u00ed<\/td><td class=\"has-text-align-center\" data-align=\"center\">5<\/td><td class=\"has-text-align-center\" data-align=\"center\">90<\/td><\/tr><tr><td class=\"has-text-align-center\" data-align=\"center\">ITAPEVA (Sede) <br \/>&#8211; Apia\u00ed <br \/>&#8211; Buri <br \/>&#8211; Itaber\u00e1<br \/>&#8211; Itaporanga<br \/>&#8211; Itarar\u00e9 <\/td><td class=\"has-text-align-center\" data-align=\"center\">5<\/td><td class=\"has-text-align-center\" data-align=\"center\">90<\/td><\/tr><\/tbody><\/table><\/figure>\n\n\n\n<p class=\"has-text-align-center has-luminous-vivid-amber-background-color has-background has-medium-font-size\"><strong>Mais informa\u00e7\u00f5es: <a href=\"https:\/\/www.estrategiaconcursos.com.br\/blog\/concurso-tj-sp-2021\/\" target=\"_blank\" rel=\"noreferrer noopener\">Concurso TJ SP<\/a><\/strong><\/p>\n\n\n\n<h2 class=\"has-text-align-center wp-block-heading\" id=\"cursos-assinatura\">Quer estudar para o TJ SP?<\/h2>\n\n\n\n<div class=\"container\" id=\"boxes\">\n  <div class=\"row\">\n\n    <div class=\"col-sm\">\n      <div class=\"banner-tribunal\" id=\"box-assinatura\">\n        <h3 class=\"titulo-assinatura\">Curso TJ SP<\/h3>\n        <p class=\"subtitulo-assinatura\">Conhe\u00e7a os cursos<\/p>\n        <div class=\"box-botao\">\n          <a class=\"btn-assinatura\" target=\"_blank\" href=\"https:\/\/www.estrategiaconcursos.com.br\/cursosPorConcurso\/tj-sp-escrevente\/\" role=\"button\" rel=\"noopener noreferrer\">Conhe\u00e7a mais<\/a>\n        <\/div>\n      <\/div>\n      <p class=\"texto-auxiliar\">Prepare-se com o melhor material e com quem mais aprova em Concursos P\u00fablicos em todo o pa\u00eds.<\/p>\n    <\/div>\n\n  <\/div>\n<\/div>\n\n\n\n<div class=\"container\" id=\"boxes\">\n  <div class=\"row\">\n\n    <div class=\"col-sm\">\n      <div class=\"estrategia\" id=\"box-assinatura\">\n        <h3 class=\"titulo-assinatura\">Assinatura Concursos<\/h3>\n        <p class=\"subtitulo-assinatura\">Assinatura de 1 ano ou 2 anos<\/p>\n        <div class=\"box-botao\">\n          <a class=\"btn-assinatura\" target=\"_blank\" href=\"https:\/\/www.estrategiaconcursos.com.br\/assinaturas\/\" role=\"button\" rel=\"noopener noreferrer\">ASSINE AGORA<\/a>\n        <\/div>\n      <\/div>\n     \n    <\/div><\/div><\/div>\n\n\n\n<div class=\"container\" id=\"boxes\">\n  <div class=\"row\">\n\n    <div class=\"col-sm\" id=\"boxes-concursos\">\n      <div style=\"background-color: #005DAD;\" class=\"conteudo-concursos\" id=\"box-concursos\">\n        <h3 class=\"titulo-assinatura\">Concursos Abertos<\/h3>\n        <p class=\"subtitulo-assinatura\">Os editais publicados<\/p>\n        <div class=\"box-botao\">\n          <a class=\"btn-assinatura\" target=\"_blank\" href=\"https:\/\/www.estrategiaconcursos.com.br\/blog\/concursos-abertos\/\" role=\"button\" rel=\"noopener noreferrer\">Conhe\u00e7a Agora<\/a>\n        <\/div>\n      <\/div>\n    <\/div>\n\n    <div class=\"col-sm\" id=\"boxes-concursos\">\n      <div style=\"background-color: #1A7ED5;\" class=\"conteudo-concursos\" id=\"box-concursos\">\n        <h3 class=\"titulo-assinatura\">Concursos 2021<\/h3>\n        <p class=\"subtitulo-assinatura\">As oportunidades previstas<\/p>\n        <div class=\"box-botao\">\n          <a class=\"btn-assinatura\" target=\"_blank\" href=\"https:\/\/www.estrategiaconcursos.com.br\/blog\/concursos-2021\/\" role=\"button\" rel=\"noopener noreferrer\">Conhe\u00e7a Agora<\/a>\n        <\/div>\n      <\/div>\n    <\/div>\n\n    <div class=\"col-sm\" id=\"boxes-concursos\">\n      <div style=\"background-color: #419FF0;\" class=\"conteudo-concursos\" id=\"box-concursos\">\n        <h3 class=\"titulo-assinatura\">Concursos 2022<\/h3>\n        <p class=\"subtitulo-assinatura\">Vagas para o pr\u00f3ximo ano<\/p>\n        <div class=\"box-botao\">\n          <a class=\"btn-assinatura\" target=\"_blank\" href=\"https:\/\/www.estrategiaconcursos.com.br\/blog\/concursos-2022\/\" role=\"button\" rel=\"noopener noreferrer\">Conhe\u00e7a Agora<\/a>\n        <\/div>\n      <\/div>\n    <\/div>\n\n  <\/div>\n<\/div>\n","protected":false},"excerpt":{"rendered":"<p>Foi publicado o edital do concurso TJ SP Escrevente T\u00e9cnico Judici\u00e1rio 2021. A sele\u00e7\u00e3o visa o preenchimento de 845 vagas para o cargo de n\u00edvel m\u00e9dio, ofertado em 10 Regi\u00f5es Administrativa Judici\u00e1ria do Estado. Do total de vagas, 400 s\u00e3o para a capital e 445 para cidades do interior e grande S\u00e3o Paulo. As inscri\u00e7\u00f5es [&hellip;]<\/p>\n","protected":false},"author":1376,"featured_media":830663,"comment_status":"open","ping_status":"closed","sticky":false,"template":"","format":"standard","meta":{"post_tipo":"news","footnotes":""},"categories":[1984],"tags":[],"tax_estado":[219989],"class_list":["post-830658","post","type-post","status-publish","format-standard","has-post-thumbnail","hentry","category-tribunais","tax_estado-sp"],"acf":[],"yoast_head":"<!-- This site is optimized with the Yoast SEO Premium plugin v27.2 (Yoast SEO v27.2) - https:\/\/yoast.com\/product\/yoast-seo-premium-wordpress\/ -->\n<title>TJ SP Escrevente T\u00e9cnico Judici\u00e1rio: qual regi\u00e3o escolher?<\/title>\n<meta name=\"description\" content=\"Ap\u00f3s a publica\u00e7\u00e3o do concurso TJ SP Escrevente T\u00e9cnico Judici\u00e1rio voc\u00ea ainda n\u00e3o sabe qual cidade escolher? Analise o n\u00famero de vagas aqui!\" \/>\n<meta name=\"robots\" content=\"index, follow, max-snippet:-1, max-image-preview:large, max-video-preview:-1\" \/>\n<link rel=\"canonical\" href=\"https:\/\/www.estrategiaconcursos.com.br\/blog\/tj-sp-escrevente-tecnico-regiao\/\" \/>\n<meta property=\"og:locale\" content=\"pt_BR\" \/>\n<meta property=\"og:type\" content=\"article\" \/>\n<meta property=\"og:title\" content=\"TJ SP Escrevente T\u00e9cnico Judici\u00e1rio: qual regi\u00e3o escolher?\" \/>\n<meta property=\"og:description\" content=\"Ap\u00f3s a publica\u00e7\u00e3o do concurso TJ SP Escrevente T\u00e9cnico Judici\u00e1rio voc\u00ea ainda n\u00e3o sabe qual cidade escolher? Analise o n\u00famero de vagas aqui!\" \/>\n<meta property=\"og:url\" content=\"https:\/\/www.estrategiaconcursos.com.br\/blog\/tj-sp-escrevente-tecnico-regiao\/\" \/>\n<meta property=\"og:site_name\" content=\"Estrat\u00e9gia Concursos\" \/>\n<meta property=\"article:published_time\" content=\"2021-08-18T13:36:00+00:00\" \/>\n<meta property=\"article:modified_time\" content=\"2021-08-18T20:38:08+00:00\" \/>\n<meta property=\"og:image\" content=\"https:\/\/dhg1h5j42swfq.cloudfront.net\/2021\/08\/06224615\/tj-sp-4-1.jpg\" \/>\n\t<meta property=\"og:image:width\" content=\"1200\" \/>\n\t<meta property=\"og:image:height\" content=\"628\" \/>\n\t<meta property=\"og:image:type\" content=\"image\/jpeg\" \/>\n<meta name=\"author\" content=\"Mariana Cury Bunduky\" \/>\n<meta name=\"twitter:card\" content=\"summary_large_image\" \/>\n<meta name=\"twitter:creator\" content=\"@EstratConcursos\" \/>\n<meta name=\"twitter:site\" content=\"@EstratConcursos\" \/>\n<meta name=\"twitter:label1\" content=\"Escrito por\" \/>\n\t<meta name=\"twitter:data1\" content=\"Mariana Cury Bunduky\" \/>\n\t<meta name=\"twitter:label2\" content=\"Est. tempo de leitura\" \/>\n\t<meta name=\"twitter:data2\" content=\"19 minutos\" \/>\n<script type=\"application\/ld+json\" class=\"yoast-schema-graph\">{\"@context\":\"https:\/\/schema.org\",\"@graph\":[{\"@type\":\"NewsArticle\",\"@id\":\"https:\/\/www.estrategiaconcursos.com.br\/blog\/tj-sp-escrevente-tecnico-regiao\/#article\",\"isPartOf\":{\"@id\":\"https:\/\/www.estrategiaconcursos.com.br\/blog\/tj-sp-escrevente-tecnico-regiao\/\"},\"author\":{\"name\":\"Mariana Cury Bunduky\",\"@id\":\"https:\/\/www.estrategiaconcursos.com.br\/blog\/#\/schema\/person\/97594fe1216aa8a9cd2782ad241b7bac\"},\"headline\":\"TJ SP Escrevente T\u00e9cnico Judici\u00e1rio: qual regi\u00e3o escolher?\",\"datePublished\":\"2021-08-18T13:36:00+00:00\",\"dateModified\":\"2021-08-18T20:38:08+00:00\",\"mainEntityOfPage\":{\"@id\":\"https:\/\/www.estrategiaconcursos.com.br\/blog\/tj-sp-escrevente-tecnico-regiao\/\"},\"wordCount\":4339,\"commentCount\":0,\"publisher\":{\"@id\":\"https:\/\/www.estrategiaconcursos.com.br\/blog\/#organization\"},\"image\":{\"@id\":\"https:\/\/www.estrategiaconcursos.com.br\/blog\/tj-sp-escrevente-tecnico-regiao\/#primaryimage\"},\"thumbnailUrl\":\"https:\/\/dhg1h5j42swfq.cloudfront.net\/2021\/08\/06224615\/tj-sp-4-1.jpg\",\"articleSection\":[\"Tribunais\"],\"inLanguage\":\"pt-BR\",\"potentialAction\":[{\"@type\":\"CommentAction\",\"name\":\"Comment\",\"target\":[\"https:\/\/www.estrategiaconcursos.com.br\/blog\/tj-sp-escrevente-tecnico-regiao\/#respond\"]}],\"copyrightYear\":\"2021\",\"copyrightHolder\":{\"@id\":\"https:\/\/www.estrategiaconcursos.com.br\/blog\/#organization\"}},{\"@type\":\"WebPage\",\"@id\":\"https:\/\/www.estrategiaconcursos.com.br\/blog\/tj-sp-escrevente-tecnico-regiao\/\",\"url\":\"https:\/\/www.estrategiaconcursos.com.br\/blog\/tj-sp-escrevente-tecnico-regiao\/\",\"name\":\"TJ SP Escrevente T\u00e9cnico Judici\u00e1rio: qual regi\u00e3o escolher?\",\"isPartOf\":{\"@id\":\"https:\/\/www.estrategiaconcursos.com.br\/blog\/#website\"},\"primaryImageOfPage\":{\"@id\":\"https:\/\/www.estrategiaconcursos.com.br\/blog\/tj-sp-escrevente-tecnico-regiao\/#primaryimage\"},\"image\":{\"@id\":\"https:\/\/www.estrategiaconcursos.com.br\/blog\/tj-sp-escrevente-tecnico-regiao\/#primaryimage\"},\"thumbnailUrl\":\"https:\/\/dhg1h5j42swfq.cloudfront.net\/2021\/08\/06224615\/tj-sp-4-1.jpg\",\"datePublished\":\"2021-08-18T13:36:00+00:00\",\"dateModified\":\"2021-08-18T20:38:08+00:00\",\"description\":\"Ap\u00f3s a publica\u00e7\u00e3o do concurso TJ SP Escrevente T\u00e9cnico Judici\u00e1rio voc\u00ea ainda n\u00e3o sabe qual cidade escolher? Analise o n\u00famero de vagas aqui!\",\"breadcrumb\":{\"@id\":\"https:\/\/www.estrategiaconcursos.com.br\/blog\/tj-sp-escrevente-tecnico-regiao\/#breadcrumb\"},\"inLanguage\":\"pt-BR\",\"potentialAction\":[{\"@type\":\"ReadAction\",\"target\":[\"https:\/\/www.estrategiaconcursos.com.br\/blog\/tj-sp-escrevente-tecnico-regiao\/\"]}]},{\"@type\":\"ImageObject\",\"inLanguage\":\"pt-BR\",\"@id\":\"https:\/\/www.estrategiaconcursos.com.br\/blog\/tj-sp-escrevente-tecnico-regiao\/#primaryimage\",\"url\":\"https:\/\/dhg1h5j42swfq.cloudfront.net\/2021\/08\/06224615\/tj-sp-4-1.jpg\",\"contentUrl\":\"https:\/\/dhg1h5j42swfq.cloudfront.net\/2021\/08\/06224615\/tj-sp-4-1.jpg\",\"width\":1200,\"height\":628,\"caption\":\"TJ SP\"},{\"@type\":\"BreadcrumbList\",\"@id\":\"https:\/\/www.estrategiaconcursos.com.br\/blog\/tj-sp-escrevente-tecnico-regiao\/#breadcrumb\",\"itemListElement\":[{\"@type\":\"ListItem\",\"position\":1,\"name\":\"In\u00edcio\",\"item\":\"https:\/\/www.estrategiaconcursos.com.br\/blog\/\"},{\"@type\":\"ListItem\",\"position\":2,\"name\":\"TJ SP Escrevente T\u00e9cnico Judici\u00e1rio: qual regi\u00e3o escolher?\"}]},{\"@type\":\"WebSite\",\"@id\":\"https:\/\/www.estrategiaconcursos.com.br\/blog\/#website\",\"url\":\"https:\/\/www.estrategiaconcursos.com.br\/blog\/\",\"name\":\"Estrat\u00e9gia Concursos\",\"description\":\"O blog da Estrat\u00e9gia Concursos traz not\u00edcias sobre concursos e artigos de professores oferecendo cursos para concursos (pdf + videaulas) no site.\",\"publisher\":{\"@id\":\"https:\/\/www.estrategiaconcursos.com.br\/blog\/#organization\"},\"potentialAction\":[{\"@type\":\"SearchAction\",\"target\":{\"@type\":\"EntryPoint\",\"urlTemplate\":\"https:\/\/www.estrategiaconcursos.com.br\/blog\/?s={search_term_string}\"},\"query-input\":{\"@type\":\"PropertyValueSpecification\",\"valueRequired\":true,\"valueName\":\"search_term_string\"}}],\"inLanguage\":\"pt-BR\"},{\"@type\":\"Organization\",\"@id\":\"https:\/\/www.estrategiaconcursos.com.br\/blog\/#organization\",\"name\":\"Estrat\u00e9gia Concursos\",\"url\":\"https:\/\/www.estrategiaconcursos.com.br\/blog\/\",\"logo\":{\"@type\":\"ImageObject\",\"inLanguage\":\"pt-BR\",\"@id\":\"https:\/\/www.estrategiaconcursos.com.br\/blog\/#\/schema\/logo\/image\/\",\"url\":\"https:\/\/dhg1h5j42swfq.cloudfront.net\/2025\/06\/03203428\/logo_concursos-1.jpg\",\"contentUrl\":\"https:\/\/dhg1h5j42swfq.cloudfront.net\/2025\/06\/03203428\/logo_concursos-1.jpg\",\"width\":230,\"height\":60,\"caption\":\"Estrat\u00e9gia Concursos\"},\"image\":{\"@id\":\"https:\/\/www.estrategiaconcursos.com.br\/blog\/#\/schema\/logo\/image\/\"},\"sameAs\":[\"https:\/\/x.com\/EstratConcursos\"]},{\"@type\":\"Person\",\"@id\":\"https:\/\/www.estrategiaconcursos.com.br\/blog\/#\/schema\/person\/97594fe1216aa8a9cd2782ad241b7bac\",\"name\":\"Mariana Cury Bunduky\",\"image\":{\"@type\":\"ImageObject\",\"inLanguage\":\"pt-BR\",\"@id\":\"https:\/\/secure.gravatar.com\/avatar\/?s=96&d=mm&r=g\",\"url\":\"https:\/\/secure.gravatar.com\/avatar\/?s=96&d=mm&r=g\",\"contentUrl\":\"https:\/\/secure.gravatar.com\/avatar\/?s=96&d=mm&r=g\",\"caption\":\"Mariana Cury Bunduky\"},\"url\":\"https:\/\/www.estrategiaconcursos.com.br\/blog\/author\/mariana-bunduky\/\"}]}<\/script>\n<!-- \/ Yoast SEO Premium plugin. -->","yoast_head_json":{"title":"TJ SP Escrevente T\u00e9cnico Judici\u00e1rio: qual regi\u00e3o escolher?","description":"Ap\u00f3s a publica\u00e7\u00e3o do concurso TJ SP Escrevente T\u00e9cnico Judici\u00e1rio voc\u00ea ainda n\u00e3o sabe qual cidade escolher? Analise o n\u00famero de vagas aqui!","robots":{"index":"index","follow":"follow","max-snippet":"max-snippet:-1","max-image-preview":"max-image-preview:large","max-video-preview":"max-video-preview:-1"},"canonical":"https:\/\/www.estrategiaconcursos.com.br\/blog\/tj-sp-escrevente-tecnico-regiao\/","og_locale":"pt_BR","og_type":"article","og_title":"TJ SP Escrevente T\u00e9cnico Judici\u00e1rio: qual regi\u00e3o escolher?","og_description":"Ap\u00f3s a publica\u00e7\u00e3o do concurso TJ SP Escrevente T\u00e9cnico Judici\u00e1rio voc\u00ea ainda n\u00e3o sabe qual cidade escolher? Analise o n\u00famero de vagas aqui!","og_url":"https:\/\/www.estrategiaconcursos.com.br\/blog\/tj-sp-escrevente-tecnico-regiao\/","og_site_name":"Estrat\u00e9gia Concursos","article_published_time":"2021-08-18T13:36:00+00:00","article_modified_time":"2021-08-18T20:38:08+00:00","og_image":[{"width":1200,"height":628,"url":"https:\/\/dhg1h5j42swfq.cloudfront.net\/2021\/08\/06224615\/tj-sp-4-1.jpg","type":"image\/jpeg"}],"author":"Mariana Cury Bunduky","twitter_card":"summary_large_image","twitter_creator":"@EstratConcursos","twitter_site":"@EstratConcursos","twitter_misc":{"Escrito por":"Mariana Cury Bunduky","Est. tempo de leitura":"19 minutos"},"schema":{"@context":"https:\/\/schema.org","@graph":[{"@type":"NewsArticle","@id":"https:\/\/www.estrategiaconcursos.com.br\/blog\/tj-sp-escrevente-tecnico-regiao\/#article","isPartOf":{"@id":"https:\/\/www.estrategiaconcursos.com.br\/blog\/tj-sp-escrevente-tecnico-regiao\/"},"author":{"name":"Mariana Cury Bunduky","@id":"https:\/\/www.estrategiaconcursos.com.br\/blog\/#\/schema\/person\/97594fe1216aa8a9cd2782ad241b7bac"},"headline":"TJ SP Escrevente T\u00e9cnico Judici\u00e1rio: qual regi\u00e3o escolher?","datePublished":"2021-08-18T13:36:00+00:00","dateModified":"2021-08-18T20:38:08+00:00","mainEntityOfPage":{"@id":"https:\/\/www.estrategiaconcursos.com.br\/blog\/tj-sp-escrevente-tecnico-regiao\/"},"wordCount":4339,"commentCount":0,"publisher":{"@id":"https:\/\/www.estrategiaconcursos.com.br\/blog\/#organization"},"image":{"@id":"https:\/\/www.estrategiaconcursos.com.br\/blog\/tj-sp-escrevente-tecnico-regiao\/#primaryimage"},"thumbnailUrl":"https:\/\/dhg1h5j42swfq.cloudfront.net\/2021\/08\/06224615\/tj-sp-4-1.jpg","articleSection":["Tribunais"],"inLanguage":"pt-BR","potentialAction":[{"@type":"CommentAction","name":"Comment","target":["https:\/\/www.estrategiaconcursos.com.br\/blog\/tj-sp-escrevente-tecnico-regiao\/#respond"]}],"copyrightYear":"2021","copyrightHolder":{"@id":"https:\/\/www.estrategiaconcursos.com.br\/blog\/#organization"}},{"@type":"WebPage","@id":"https:\/\/www.estrategiaconcursos.com.br\/blog\/tj-sp-escrevente-tecnico-regiao\/","url":"https:\/\/www.estrategiaconcursos.com.br\/blog\/tj-sp-escrevente-tecnico-regiao\/","name":"TJ SP Escrevente T\u00e9cnico Judici\u00e1rio: qual regi\u00e3o escolher?","isPartOf":{"@id":"https:\/\/www.estrategiaconcursos.com.br\/blog\/#website"},"primaryImageOfPage":{"@id":"https:\/\/www.estrategiaconcursos.com.br\/blog\/tj-sp-escrevente-tecnico-regiao\/#primaryimage"},"image":{"@id":"https:\/\/www.estrategiaconcursos.com.br\/blog\/tj-sp-escrevente-tecnico-regiao\/#primaryimage"},"thumbnailUrl":"https:\/\/dhg1h5j42swfq.cloudfront.net\/2021\/08\/06224615\/tj-sp-4-1.jpg","datePublished":"2021-08-18T13:36:00+00:00","dateModified":"2021-08-18T20:38:08+00:00","description":"Ap\u00f3s a publica\u00e7\u00e3o do concurso TJ SP Escrevente T\u00e9cnico Judici\u00e1rio voc\u00ea ainda n\u00e3o sabe qual cidade escolher? Analise o n\u00famero de vagas aqui!","breadcrumb":{"@id":"https:\/\/www.estrategiaconcursos.com.br\/blog\/tj-sp-escrevente-tecnico-regiao\/#breadcrumb"},"inLanguage":"pt-BR","potentialAction":[{"@type":"ReadAction","target":["https:\/\/www.estrategiaconcursos.com.br\/blog\/tj-sp-escrevente-tecnico-regiao\/"]}]},{"@type":"ImageObject","inLanguage":"pt-BR","@id":"https:\/\/www.estrategiaconcursos.com.br\/blog\/tj-sp-escrevente-tecnico-regiao\/#primaryimage","url":"https:\/\/dhg1h5j42swfq.cloudfront.net\/2021\/08\/06224615\/tj-sp-4-1.jpg","contentUrl":"https:\/\/dhg1h5j42swfq.cloudfront.net\/2021\/08\/06224615\/tj-sp-4-1.jpg","width":1200,"height":628,"caption":"TJ SP"},{"@type":"BreadcrumbList","@id":"https:\/\/www.estrategiaconcursos.com.br\/blog\/tj-sp-escrevente-tecnico-regiao\/#breadcrumb","itemListElement":[{"@type":"ListItem","position":1,"name":"In\u00edcio","item":"https:\/\/www.estrategiaconcursos.com.br\/blog\/"},{"@type":"ListItem","position":2,"name":"TJ SP Escrevente T\u00e9cnico Judici\u00e1rio: qual regi\u00e3o escolher?"}]},{"@type":"WebSite","@id":"https:\/\/www.estrategiaconcursos.com.br\/blog\/#website","url":"https:\/\/www.estrategiaconcursos.com.br\/blog\/","name":"Estrat\u00e9gia Concursos","description":"O blog da Estrat\u00e9gia Concursos traz not\u00edcias sobre concursos e artigos de professores oferecendo cursos para concursos (pdf + videaulas) no site.","publisher":{"@id":"https:\/\/www.estrategiaconcursos.com.br\/blog\/#organization"},"potentialAction":[{"@type":"SearchAction","target":{"@type":"EntryPoint","urlTemplate":"https:\/\/www.estrategiaconcursos.com.br\/blog\/?s={search_term_string}"},"query-input":{"@type":"PropertyValueSpecification","valueRequired":true,"valueName":"search_term_string"}}],"inLanguage":"pt-BR"},{"@type":"Organization","@id":"https:\/\/www.estrategiaconcursos.com.br\/blog\/#organization","name":"Estrat\u00e9gia Concursos","url":"https:\/\/www.estrategiaconcursos.com.br\/blog\/","logo":{"@type":"ImageObject","inLanguage":"pt-BR","@id":"https:\/\/www.estrategiaconcursos.com.br\/blog\/#\/schema\/logo\/image\/","url":"https:\/\/dhg1h5j42swfq.cloudfront.net\/2025\/06\/03203428\/logo_concursos-1.jpg","contentUrl":"https:\/\/dhg1h5j42swfq.cloudfront.net\/2025\/06\/03203428\/logo_concursos-1.jpg","width":230,"height":60,"caption":"Estrat\u00e9gia Concursos"},"image":{"@id":"https:\/\/www.estrategiaconcursos.com.br\/blog\/#\/schema\/logo\/image\/"},"sameAs":["https:\/\/x.com\/EstratConcursos"]},{"@type":"Person","@id":"https:\/\/www.estrategiaconcursos.com.br\/blog\/#\/schema\/person\/97594fe1216aa8a9cd2782ad241b7bac","name":"Mariana Cury Bunduky","image":{"@type":"ImageObject","inLanguage":"pt-BR","@id":"https:\/\/secure.gravatar.com\/avatar\/?s=96&d=mm&r=g","url":"https:\/\/secure.gravatar.com\/avatar\/?s=96&d=mm&r=g","contentUrl":"https:\/\/secure.gravatar.com\/avatar\/?s=96&d=mm&r=g","caption":"Mariana Cury Bunduky"},"url":"https:\/\/www.estrategiaconcursos.com.br\/blog\/author\/mariana-bunduky\/"}]}},"_links":{"self":[{"href":"https:\/\/www.estrategiaconcursos.com.br\/blog\/wp-json\/wp\/v2\/posts\/830658","targetHints":{"allow":["GET"]}}],"collection":[{"href":"https:\/\/www.estrategiaconcursos.com.br\/blog\/wp-json\/wp\/v2\/posts"}],"about":[{"href":"https:\/\/www.estrategiaconcursos.com.br\/blog\/wp-json\/wp\/v2\/types\/post"}],"author":[{"embeddable":true,"href":"https:\/\/www.estrategiaconcursos.com.br\/blog\/wp-json\/wp\/v2\/users\/1376"}],"replies":[{"embeddable":true,"href":"https:\/\/www.estrategiaconcursos.com.br\/blog\/wp-json\/wp\/v2\/comments?post=830658"}],"version-history":[{"count":136,"href":"https:\/\/www.estrategiaconcursos.com.br\/blog\/wp-json\/wp\/v2\/posts\/830658\/revisions"}],"predecessor-version":[{"id":830800,"href":"https:\/\/www.estrategiaconcursos.com.br\/blog\/wp-json\/wp\/v2\/posts\/830658\/revisions\/830800"}],"wp:featuredmedia":[{"embeddable":true,"href":"https:\/\/www.estrategiaconcursos.com.br\/blog\/wp-json\/wp\/v2\/media\/830663"}],"wp:attachment":[{"href":"https:\/\/www.estrategiaconcursos.com.br\/blog\/wp-json\/wp\/v2\/media?parent=830658"}],"wp:term":[{"taxonomy":"category","embeddable":true,"href":"https:\/\/www.estrategiaconcursos.com.br\/blog\/wp-json\/wp\/v2\/categories?post=830658"},{"taxonomy":"post_tag","embeddable":true,"href":"https:\/\/www.estrategiaconcursos.com.br\/blog\/wp-json\/wp\/v2\/tags?post=830658"},{"taxonomy":"tax_estado","embeddable":true,"href":"https:\/\/www.estrategiaconcursos.com.br\/blog\/wp-json\/wp\/v2\/tax_estado?post=830658"}],"curies":[{"name":"wp","href":"https:\/\/api.w.org\/{rel}","templated":true}]}}