{"id":830315,"date":"2021-08-08T07:00:00","date_gmt":"2021-08-08T10:00:00","guid":{"rendered":"https:\/\/www.estrategiaconcursos.com.br\/blog\/?p=830315"},"modified":"2023-02-09T13:33:16","modified_gmt":"2023-02-09T16:33:16","slug":"revisao-turbo-sefaz-ce-temas-avancados-parte-ii","status":"publish","type":"post","link":"https:\/\/www.estrategiaconcursos.com.br\/blog\/revisao-turbo-sefaz-ce-temas-avancados-parte-ii\/","title":{"rendered":"Revis\u00e3o Turbo SEFAZ CE \u2013 Temas avan\u00e7ados \u2013 Parte II"},"content":{"rendered":"\n<p>Acordado em pleno domingo de manh\u00e3 para estudar? Com essa dedica\u00e7\u00e3o o sucesso fica mais que garantido!<\/p>\n\n\n\n<p>Como a equipe de jornalismo do Estrat\u00e9gia Concursos j\u00e1 os informou, est\u00e3o encerradas as inscri\u00e7\u00f5es para o concurso da Secretaria da Fazenda do estado do Cear\u00e1. S\u00e3o <strong>mais de 15 mil candidatos&nbsp;<\/strong>para disputar uma das <strong>94 vagas <\/strong>imediatas ofertadas no edital de abertura. Dessa forma, a concorr\u00eancia pode chegar a <strong>444 estudantes por vaga<\/strong>.<\/p>\n\n\n\n<p>Para turbinar os seus estudos de revis\u00e3o uma semana antes da avalia\u00e7\u00e3o, preparamos um evento especial que contemplar\u00e1 os conte\u00fados que devem ser o seu foco nessa reta final. Assim, ser\u00e1 pass\u00edvel que se destaque independentemente da quantidades de advers\u00e1rios com a qual se deparar. <em>N\u00e3o h\u00e1 necessidade de temer!<\/em><\/p>\n\n\n\n<h2 class=\"has-text-align-center wp-block-heading\" id=\"h-confira-a-programacao-completa\">Confira a programa\u00e7\u00e3o completa!<\/h2>\n\n\n\n<figure class=\"wp-block-table aligncenter is-style-stripes\"><table class=\"has-background has-fixed-layout\" style=\"background-color:#e7f5fe\"><thead><tr><th class=\"has-text-align-center\" data-align=\"center\"><strong>Data e hor\u00e1rio<\/strong><\/th><th class=\"has-text-align-center\" data-align=\"center\"><strong>Disciplina<\/strong><\/th><th class=\"has-text-align-center\" data-align=\"center\"><strong>Professor<\/strong><\/th><\/tr><\/thead><tbody><tr><td class=\"has-text-align-center\" data-align=\"center\">8h \u00e0s 10h<\/td><td class=\"has-text-align-center\" data-align=\"center\">ITCMD e PAT<\/td><td class=\"has-text-align-center\" data-align=\"center\">Rafael Rocha<\/td><\/tr><tr><td class=\"has-text-align-center\" data-align=\"center\">10h \u00e0s 12h<\/td><td class=\"has-text-align-center\" data-align=\"center\">Direito Tribut\u00e1rio<\/td><td class=\"has-text-align-center\" data-align=\"center\">F\u00e1bio Dutra<\/td><\/tr><tr><td class=\"has-text-align-center\" data-align=\"center\">13h \u00e0s 15h<\/td><td class=\"has-text-align-center\" data-align=\"center\">Economia Internacional<\/td><td class=\"has-text-align-center\" data-align=\"center\">Celso Natele<\/td><\/tr><tr><td class=\"has-text-align-center\" data-align=\"center\">15h \u00e0s 18h<\/td><td class=\"has-text-align-center\" data-align=\"center\">Auditoria Fiscal<\/td><td class=\"has-text-align-center\" data-align=\"center\">Guilherme Santanna<\/td><\/tr><\/tbody><\/table><\/figure>\n\n\n\n<p><strong>A transmiss\u00e3o s\u00edncrona ser\u00e1 transmitida via YouTube a partir das 08h<\/strong>. Para as aulas, voc\u00ea s\u00f3 precisar\u00e1 do seu caderno com as d\u00favidas finais, uma caneta e muita coragem para se sobressair. <em>Ou\u00e7a com aten\u00e7\u00e3o os aconselhamentos dos nossos professores capacitados. Temos convic\u00e7\u00e3o de que atingir\u00e1 os melhores resultados<\/em>. At\u00e9 logo!<\/p>\n\n\n\n<p class=\"has-text-align-center\"><em>Para ficar por dentro de todos os detalhes acerca do certame SEFAZ CE (edital, datas e atualiza\u00e7\u00f5es fresquinhas), confira um artigo completo, de f\u00e1cil compreens\u00e3o, que elaboramos EXCLUSIVAMENTE para voc\u00ea!<\/em><\/p>\n\n\n\n<p class=\"has-text-align-center has-pale-cyan-blue-background-color has-background\" style=\"font-size:clamp(14.642px, 0.915rem + ((1vw - 3.2px) * 0.721), 22px);px\"><strong>Mais informa\u00e7\u00f5es: <a href=\"https:\/\/www.estrategiaconcursos.com.br\/blog\/concurso-sefaz-ce\/\" target=\"_blank\" rel=\"noreferrer noopener\">Concurso SEFAZ CE<\/a><\/strong><\/p>\n\n\n\n<hr class=\"wp-block-separator has-css-opacity\"\/>\n\n\n\n<p class=\"has-text-align-center\">Momento curiosidade: <em>Voc\u00ea sabia que no concurso SEFAZ AL 2019, dos 60 aprovados para Auditor Fiscal,&nbsp;<strong>38 foram alunos do Estrat\u00e9gia (63%)<\/strong>?<\/em><\/p>\n\n\n\n<h2 class=\"has-text-align-center wp-block-heading\" id=\"h-deseja-trabalhar-para-a-sefaz-ce-estude-ja-com-o-material-que-mais-aprova\">Deseja trabalhar para a SEFAZ CE? <em>Estude j\u00e1 com o material que mais aprova!<\/em><\/h2>\n\n\n\n<div class=\"container\" id=\"boxes\">\n  <div class=\"row\">\n\n    <div class=\"col-sm\">\n      <div class=\"banner-fiscal-01\" id=\"box-assinatura\">\n        <h3 class=\"titulo-assinatura\">Concurso Sefaz CE<\/h3>\n        <p class=\"subtitulo-assinatura\">Estude conosco<\/p>\n        <div class=\"box-botao\">\n          <a class=\"btn-assinatura\" target=\"_blank\" href=\"https:\/\/www.estrategiaconcursos.com.br\/cursosPorConcurso\/sefaz-ce\/\" role=\"button\" rel=\"noopener noreferrer\">Conhe\u00e7a os cursos<\/a>\n        <\/div>\n      <\/div>\n      \n    <\/div>\n\n  <\/div>\n<\/div>\n\n\n\n<div class=\"container\" id=\"boxes\">\n  <div class=\"row\">\n\n    <div class=\"col-sm\">\n      <div class=\"estrategia\" id=\"box-assinatura\">\n        <h3 class=\"titulo-assinatura\">Assinatura Concursos<\/h3>\n        <p class=\"subtitulo-assinatura\">Assinatura de 1 ano ou 2 anos<\/p>\n        <div class=\"box-botao\">\n          <a class=\"btn-assinatura\" target=\"_blank\" href=\"https:\/\/www.estrategiaconcursos.com.br\/assinaturas\/\" role=\"button\" rel=\"noopener noreferrer\">ASSINE AGORA<\/a>\n        <\/div>\n      <\/div><\/div><\/div><\/div>\n\n\n\n<div class=\"container\" id=\"boxes\">\n  <div class=\"row\">\n\n    <div class=\"col-sm\" id=\"boxes-concursos\">\n      <div style=\"background-color: #005DAD;\" class=\"conteudo-concursos\" id=\"box-concursos\">\n        <h3 class=\"titulo-assinatura\">Concursos Abertos<\/h3>\n        <p class=\"subtitulo-assinatura\">Confira os editais publicados<\/p>\n        <div class=\"box-botao\">\n          <a class=\"btn-assinatura\" target=\"_blank\" href=\"https:\/\/www.estrategiaconcursos.com.br\/blog\/concursos-abertos\/\" role=\"button\" rel=\"noopener noreferrer\">Conhe\u00e7a Agora<\/a>\n        <\/div>\n      <\/div>\n    <\/div>\n\n    <div class=\"col-sm\" id=\"boxes-concursos\">\n      <div style=\"background-color: #1A7ED5;\" class=\"conteudo-concursos\" id=\"box-concursos\">\n        <h3 class=\"titulo-assinatura\">Concursos 2021<\/h3>\n        <p class=\"subtitulo-assinatura\">As oportunidades previstas<\/p>\n        <div class=\"box-botao\">\n          <a class=\"btn-assinatura\" target=\"_blank\" href=\"https:\/\/www.estrategiaconcursos.com.br\/blog\/concursos-2021\/\" role=\"button\" rel=\"noopener noreferrer\">Conhe\u00e7a Agora<\/a>\n        <\/div>\n      <\/div>\n    <\/div>\n\n    <div class=\"col-sm\" id=\"boxes-concursos\">\n      <div style=\"background-color: #419FF0;\" class=\"conteudo-concursos\" id=\"box-concursos\">\n        <h3 class=\"titulo-assinatura\">Concursos 2022<\/h3>\n        <p class=\"subtitulo-assinatura\">Vagas para o pr\u00f3ximo ano<\/p>\n        <div class=\"box-botao\">\n          <a class=\"btn-assinatura\" target=\"_blank\" href=\"https:\/\/www.estrategiaconcursos.com.br\/blog\/concursos-2022\/\" role=\"button\" rel=\"noopener noreferrer\">Conhe\u00e7a Agora<\/a>\n        <\/div>\n      <\/div>\n    <\/div>\n\n  <\/div>\n<\/div>\n","protected":false},"excerpt":{"rendered":"<p>Acordado em pleno domingo de manh\u00e3 para estudar? Com essa dedica\u00e7\u00e3o o sucesso fica mais que garantido! Como a equipe de jornalismo do Estrat\u00e9gia Concursos j\u00e1 os informou, est\u00e3o encerradas as inscri\u00e7\u00f5es para o concurso da Secretaria da Fazenda do estado do Cear\u00e1. S\u00e3o mais de 15 mil candidatos&nbsp;para disputar uma das 94 vagas imediatas [&hellip;]<\/p>\n","protected":false},"author":2099,"featured_media":830330,"comment_status":"open","ping_status":"closed","sticky":false,"template":"","format":"standard","meta":{"post_tipo":"news","footnotes":""},"categories":[1983,220219],"tags":[],"tax_estado":[219969],"class_list":["post-830315","post","type-post","status-publish","format-standard","has-post-thumbnail","hentry","category-fiscal-estadual","category-noticias","tax_estado-ce"],"acf":[],"yoast_head":"<!-- This site is optimized with the Yoast SEO Premium plugin v27.2 (Yoast SEO v27.2) - https:\/\/yoast.com\/product\/yoast-seo-premium-wordpress\/ -->\n<title>Revis\u00e3o Turbo SEFAZ CE \u2013 Temas avan\u00e7ados \u2013 Parte II<\/title>\n<meta name=\"description\" content=\"Para turbinar a sua revis\u00e3o de reta final, preparamos um evento AO VIVO, \u00e0s 8h, que contemplar\u00e1 os conte\u00fados que devem ser o seu foco agora.\" \/>\n<meta name=\"robots\" content=\"index, follow, max-snippet:-1, max-image-preview:large, max-video-preview:-1\" \/>\n<link rel=\"canonical\" href=\"https:\/\/www.estrategiaconcursos.com.br\/blog\/revisao-turbo-sefaz-ce-temas-avancados-parte-ii\/\" \/>\n<meta property=\"og:locale\" content=\"pt_BR\" \/>\n<meta property=\"og:type\" content=\"article\" \/>\n<meta property=\"og:title\" content=\"Revis\u00e3o Turbo SEFAZ CE \u2013 Temas avan\u00e7ados \u2013 Parte II\" \/>\n<meta property=\"og:description\" content=\"Para turbinar a sua revis\u00e3o de reta final, preparamos um evento AO VIVO, \u00e0s 8h, que contemplar\u00e1 os conte\u00fados que devem ser o seu foco agora.\" \/>\n<meta property=\"og:url\" content=\"https:\/\/www.estrategiaconcursos.com.br\/blog\/revisao-turbo-sefaz-ce-temas-avancados-parte-ii\/\" \/>\n<meta property=\"og:site_name\" content=\"Estrat\u00e9gia Concursos\" \/>\n<meta property=\"article:published_time\" content=\"2021-08-08T10:00:00+00:00\" \/>\n<meta property=\"article:modified_time\" content=\"2023-02-09T16:33:16+00:00\" \/>\n<meta property=\"og:image\" content=\"https:\/\/dhg1h5j42swfq.cloudfront.net\/2021\/08\/06155235\/sefaz-ce.png\" \/>\n\t<meta property=\"og:image:width\" content=\"1268\" \/>\n\t<meta property=\"og:image:height\" content=\"624\" \/>\n\t<meta property=\"og:image:type\" content=\"image\/png\" \/>\n<meta name=\"author\" content=\"Elo\u00edsa da Rosa Ferro\" \/>\n<meta name=\"twitter:card\" content=\"summary_large_image\" \/>\n<meta name=\"twitter:creator\" content=\"@EstratConcursos\" \/>\n<meta name=\"twitter:site\" content=\"@EstratConcursos\" \/>\n<meta name=\"twitter:label1\" content=\"Escrito por\" \/>\n\t<meta name=\"twitter:data1\" content=\"Elo\u00edsa da Rosa Ferro\" \/>\n\t<meta name=\"twitter:label2\" content=\"Est. tempo de leitura\" \/>\n\t<meta name=\"twitter:data2\" content=\"2 minutos\" \/>\n<script type=\"application\/ld+json\" class=\"yoast-schema-graph\">{\"@context\":\"https:\/\/schema.org\",\"@graph\":[{\"@type\":\"NewsArticle\",\"@id\":\"https:\/\/www.estrategiaconcursos.com.br\/blog\/revisao-turbo-sefaz-ce-temas-avancados-parte-ii\/#article\",\"isPartOf\":{\"@id\":\"https:\/\/www.estrategiaconcursos.com.br\/blog\/revisao-turbo-sefaz-ce-temas-avancados-parte-ii\/\"},\"author\":{\"name\":\"Elo\u00edsa da Rosa Ferro\",\"@id\":\"https:\/\/www.estrategiaconcursos.com.br\/blog\/#\/schema\/person\/57d9394bb68400dbec62ff8a943ab201\"},\"headline\":\"Revis\u00e3o Turbo SEFAZ CE \u2013 Temas avan\u00e7ados \u2013 Parte II\",\"datePublished\":\"2021-08-08T10:00:00+00:00\",\"dateModified\":\"2023-02-09T16:33:16+00:00\",\"mainEntityOfPage\":{\"@id\":\"https:\/\/www.estrategiaconcursos.com.br\/blog\/revisao-turbo-sefaz-ce-temas-avancados-parte-ii\/\"},\"wordCount\":358,\"commentCount\":0,\"publisher\":{\"@id\":\"https:\/\/www.estrategiaconcursos.com.br\/blog\/#organization\"},\"image\":{\"@id\":\"https:\/\/www.estrategiaconcursos.com.br\/blog\/revisao-turbo-sefaz-ce-temas-avancados-parte-ii\/#primaryimage\"},\"thumbnailUrl\":\"https:\/\/dhg1h5j42swfq.cloudfront.net\/2021\/08\/06155235\/sefaz-ce.png\",\"articleSection\":[\"Fiscal - Estadual (ICMS)\",\"\u00daltimas not\u00edcias\"],\"inLanguage\":\"pt-BR\",\"potentialAction\":[{\"@type\":\"CommentAction\",\"name\":\"Comment\",\"target\":[\"https:\/\/www.estrategiaconcursos.com.br\/blog\/revisao-turbo-sefaz-ce-temas-avancados-parte-ii\/#respond\"]}],\"copyrightYear\":\"2021\",\"copyrightHolder\":{\"@id\":\"https:\/\/www.estrategiaconcursos.com.br\/blog\/#organization\"}},{\"@type\":\"WebPage\",\"@id\":\"https:\/\/www.estrategiaconcursos.com.br\/blog\/revisao-turbo-sefaz-ce-temas-avancados-parte-ii\/\",\"url\":\"https:\/\/www.estrategiaconcursos.com.br\/blog\/revisao-turbo-sefaz-ce-temas-avancados-parte-ii\/\",\"name\":\"Revis\u00e3o Turbo SEFAZ CE \u2013 Temas avan\u00e7ados \u2013 Parte II\",\"isPartOf\":{\"@id\":\"https:\/\/www.estrategiaconcursos.com.br\/blog\/#website\"},\"primaryImageOfPage\":{\"@id\":\"https:\/\/www.estrategiaconcursos.com.br\/blog\/revisao-turbo-sefaz-ce-temas-avancados-parte-ii\/#primaryimage\"},\"image\":{\"@id\":\"https:\/\/www.estrategiaconcursos.com.br\/blog\/revisao-turbo-sefaz-ce-temas-avancados-parte-ii\/#primaryimage\"},\"thumbnailUrl\":\"https:\/\/dhg1h5j42swfq.cloudfront.net\/2021\/08\/06155235\/sefaz-ce.png\",\"datePublished\":\"2021-08-08T10:00:00+00:00\",\"dateModified\":\"2023-02-09T16:33:16+00:00\",\"description\":\"Para turbinar a sua revis\u00e3o de reta final, preparamos um evento AO VIVO, \u00e0s 8h, que contemplar\u00e1 os conte\u00fados que devem ser o seu foco agora.\",\"breadcrumb\":{\"@id\":\"https:\/\/www.estrategiaconcursos.com.br\/blog\/revisao-turbo-sefaz-ce-temas-avancados-parte-ii\/#breadcrumb\"},\"inLanguage\":\"pt-BR\",\"potentialAction\":[{\"@type\":\"ReadAction\",\"target\":[\"https:\/\/www.estrategiaconcursos.com.br\/blog\/revisao-turbo-sefaz-ce-temas-avancados-parte-ii\/\"]}]},{\"@type\":\"ImageObject\",\"inLanguage\":\"pt-BR\",\"@id\":\"https:\/\/www.estrategiaconcursos.com.br\/blog\/revisao-turbo-sefaz-ce-temas-avancados-parte-ii\/#primaryimage\",\"url\":\"https:\/\/dhg1h5j42swfq.cloudfront.net\/2021\/08\/06155235\/sefaz-ce.png\",\"contentUrl\":\"https:\/\/dhg1h5j42swfq.cloudfront.net\/2021\/08\/06155235\/sefaz-ce.png\",\"width\":1268,\"height\":624},{\"@type\":\"BreadcrumbList\",\"@id\":\"https:\/\/www.estrategiaconcursos.com.br\/blog\/revisao-turbo-sefaz-ce-temas-avancados-parte-ii\/#breadcrumb\",\"itemListElement\":[{\"@type\":\"ListItem\",\"position\":1,\"name\":\"In\u00edcio\",\"item\":\"https:\/\/www.estrategiaconcursos.com.br\/blog\/\"},{\"@type\":\"ListItem\",\"position\":2,\"name\":\"Revis\u00e3o Turbo SEFAZ CE \u2013 Temas avan\u00e7ados \u2013 Parte II\"}]},{\"@type\":\"WebSite\",\"@id\":\"https:\/\/www.estrategiaconcursos.com.br\/blog\/#website\",\"url\":\"https:\/\/www.estrategiaconcursos.com.br\/blog\/\",\"name\":\"Estrat\u00e9gia Concursos\",\"description\":\"O blog da Estrat\u00e9gia Concursos traz not\u00edcias sobre concursos e artigos de professores oferecendo cursos para concursos (pdf + videaulas) no site.\",\"publisher\":{\"@id\":\"https:\/\/www.estrategiaconcursos.com.br\/blog\/#organization\"},\"potentialAction\":[{\"@type\":\"SearchAction\",\"target\":{\"@type\":\"EntryPoint\",\"urlTemplate\":\"https:\/\/www.estrategiaconcursos.com.br\/blog\/?s={search_term_string}\"},\"query-input\":{\"@type\":\"PropertyValueSpecification\",\"valueRequired\":true,\"valueName\":\"search_term_string\"}}],\"inLanguage\":\"pt-BR\"},{\"@type\":\"Organization\",\"@id\":\"https:\/\/www.estrategiaconcursos.com.br\/blog\/#organization\",\"name\":\"Estrat\u00e9gia Concursos\",\"url\":\"https:\/\/www.estrategiaconcursos.com.br\/blog\/\",\"logo\":{\"@type\":\"ImageObject\",\"inLanguage\":\"pt-BR\",\"@id\":\"https:\/\/www.estrategiaconcursos.com.br\/blog\/#\/schema\/logo\/image\/\",\"url\":\"https:\/\/dhg1h5j42swfq.cloudfront.net\/2025\/06\/03203428\/logo_concursos-1.jpg\",\"contentUrl\":\"https:\/\/dhg1h5j42swfq.cloudfront.net\/2025\/06\/03203428\/logo_concursos-1.jpg\",\"width\":230,\"height\":60,\"caption\":\"Estrat\u00e9gia Concursos\"},\"image\":{\"@id\":\"https:\/\/www.estrategiaconcursos.com.br\/blog\/#\/schema\/logo\/image\/\"},\"sameAs\":[\"https:\/\/x.com\/EstratConcursos\"]},{\"@type\":\"Person\",\"@id\":\"https:\/\/www.estrategiaconcursos.com.br\/blog\/#\/schema\/person\/57d9394bb68400dbec62ff8a943ab201\",\"name\":\"Elo\u00edsa da Rosa Ferro\",\"image\":{\"@type\":\"ImageObject\",\"inLanguage\":\"pt-BR\",\"@id\":\"https:\/\/secure.gravatar.com\/avatar\/?s=96&d=mm&r=g\",\"url\":\"https:\/\/secure.gravatar.com\/avatar\/?s=96&d=mm&r=g\",\"contentUrl\":\"https:\/\/secure.gravatar.com\/avatar\/?s=96&d=mm&r=g\",\"caption\":\"Elo\u00edsa da Rosa Ferro\"},\"url\":\"https:\/\/www.estrategiaconcursos.com.br\/blog\/author\/eloisa-ferro\/\"}]}<\/script>\n<!-- \/ Yoast SEO Premium plugin. -->","yoast_head_json":{"title":"Revis\u00e3o Turbo SEFAZ CE \u2013 Temas avan\u00e7ados \u2013 Parte II","description":"Para turbinar a sua revis\u00e3o de reta final, preparamos um evento AO VIVO, \u00e0s 8h, que contemplar\u00e1 os conte\u00fados que devem ser o seu foco agora.","robots":{"index":"index","follow":"follow","max-snippet":"max-snippet:-1","max-image-preview":"max-image-preview:large","max-video-preview":"max-video-preview:-1"},"canonical":"https:\/\/www.estrategiaconcursos.com.br\/blog\/revisao-turbo-sefaz-ce-temas-avancados-parte-ii\/","og_locale":"pt_BR","og_type":"article","og_title":"Revis\u00e3o Turbo SEFAZ CE \u2013 Temas avan\u00e7ados \u2013 Parte II","og_description":"Para turbinar a sua revis\u00e3o de reta final, preparamos um evento AO VIVO, \u00e0s 8h, que contemplar\u00e1 os conte\u00fados que devem ser o seu foco agora.","og_url":"https:\/\/www.estrategiaconcursos.com.br\/blog\/revisao-turbo-sefaz-ce-temas-avancados-parte-ii\/","og_site_name":"Estrat\u00e9gia Concursos","article_published_time":"2021-08-08T10:00:00+00:00","article_modified_time":"2023-02-09T16:33:16+00:00","og_image":[{"width":1268,"height":624,"url":"https:\/\/dhg1h5j42swfq.cloudfront.net\/2021\/08\/06155235\/sefaz-ce.png","type":"image\/png"}],"author":"Elo\u00edsa da Rosa Ferro","twitter_card":"summary_large_image","twitter_creator":"@EstratConcursos","twitter_site":"@EstratConcursos","twitter_misc":{"Escrito por":"Elo\u00edsa da Rosa Ferro","Est. tempo de leitura":"2 minutos"},"schema":{"@context":"https:\/\/schema.org","@graph":[{"@type":"NewsArticle","@id":"https:\/\/www.estrategiaconcursos.com.br\/blog\/revisao-turbo-sefaz-ce-temas-avancados-parte-ii\/#article","isPartOf":{"@id":"https:\/\/www.estrategiaconcursos.com.br\/blog\/revisao-turbo-sefaz-ce-temas-avancados-parte-ii\/"},"author":{"name":"Elo\u00edsa da Rosa Ferro","@id":"https:\/\/www.estrategiaconcursos.com.br\/blog\/#\/schema\/person\/57d9394bb68400dbec62ff8a943ab201"},"headline":"Revis\u00e3o Turbo SEFAZ CE \u2013 Temas avan\u00e7ados \u2013 Parte II","datePublished":"2021-08-08T10:00:00+00:00","dateModified":"2023-02-09T16:33:16+00:00","mainEntityOfPage":{"@id":"https:\/\/www.estrategiaconcursos.com.br\/blog\/revisao-turbo-sefaz-ce-temas-avancados-parte-ii\/"},"wordCount":358,"commentCount":0,"publisher":{"@id":"https:\/\/www.estrategiaconcursos.com.br\/blog\/#organization"},"image":{"@id":"https:\/\/www.estrategiaconcursos.com.br\/blog\/revisao-turbo-sefaz-ce-temas-avancados-parte-ii\/#primaryimage"},"thumbnailUrl":"https:\/\/dhg1h5j42swfq.cloudfront.net\/2021\/08\/06155235\/sefaz-ce.png","articleSection":["Fiscal - Estadual (ICMS)","\u00daltimas not\u00edcias"],"inLanguage":"pt-BR","potentialAction":[{"@type":"CommentAction","name":"Comment","target":["https:\/\/www.estrategiaconcursos.com.br\/blog\/revisao-turbo-sefaz-ce-temas-avancados-parte-ii\/#respond"]}],"copyrightYear":"2021","copyrightHolder":{"@id":"https:\/\/www.estrategiaconcursos.com.br\/blog\/#organization"}},{"@type":"WebPage","@id":"https:\/\/www.estrategiaconcursos.com.br\/blog\/revisao-turbo-sefaz-ce-temas-avancados-parte-ii\/","url":"https:\/\/www.estrategiaconcursos.com.br\/blog\/revisao-turbo-sefaz-ce-temas-avancados-parte-ii\/","name":"Revis\u00e3o Turbo SEFAZ CE \u2013 Temas avan\u00e7ados \u2013 Parte II","isPartOf":{"@id":"https:\/\/www.estrategiaconcursos.com.br\/blog\/#website"},"primaryImageOfPage":{"@id":"https:\/\/www.estrategiaconcursos.com.br\/blog\/revisao-turbo-sefaz-ce-temas-avancados-parte-ii\/#primaryimage"},"image":{"@id":"https:\/\/www.estrategiaconcursos.com.br\/blog\/revisao-turbo-sefaz-ce-temas-avancados-parte-ii\/#primaryimage"},"thumbnailUrl":"https:\/\/dhg1h5j42swfq.cloudfront.net\/2021\/08\/06155235\/sefaz-ce.png","datePublished":"2021-08-08T10:00:00+00:00","dateModified":"2023-02-09T16:33:16+00:00","description":"Para turbinar a sua revis\u00e3o de reta final, preparamos um evento AO VIVO, \u00e0s 8h, que contemplar\u00e1 os conte\u00fados que devem ser o seu foco agora.","breadcrumb":{"@id":"https:\/\/www.estrategiaconcursos.com.br\/blog\/revisao-turbo-sefaz-ce-temas-avancados-parte-ii\/#breadcrumb"},"inLanguage":"pt-BR","potentialAction":[{"@type":"ReadAction","target":["https:\/\/www.estrategiaconcursos.com.br\/blog\/revisao-turbo-sefaz-ce-temas-avancados-parte-ii\/"]}]},{"@type":"ImageObject","inLanguage":"pt-BR","@id":"https:\/\/www.estrategiaconcursos.com.br\/blog\/revisao-turbo-sefaz-ce-temas-avancados-parte-ii\/#primaryimage","url":"https:\/\/dhg1h5j42swfq.cloudfront.net\/2021\/08\/06155235\/sefaz-ce.png","contentUrl":"https:\/\/dhg1h5j42swfq.cloudfront.net\/2021\/08\/06155235\/sefaz-ce.png","width":1268,"height":624},{"@type":"BreadcrumbList","@id":"https:\/\/www.estrategiaconcursos.com.br\/blog\/revisao-turbo-sefaz-ce-temas-avancados-parte-ii\/#breadcrumb","itemListElement":[{"@type":"ListItem","position":1,"name":"In\u00edcio","item":"https:\/\/www.estrategiaconcursos.com.br\/blog\/"},{"@type":"ListItem","position":2,"name":"Revis\u00e3o Turbo SEFAZ CE \u2013 Temas avan\u00e7ados \u2013 Parte II"}]},{"@type":"WebSite","@id":"https:\/\/www.estrategiaconcursos.com.br\/blog\/#website","url":"https:\/\/www.estrategiaconcursos.com.br\/blog\/","name":"Estrat\u00e9gia Concursos","description":"O blog da Estrat\u00e9gia Concursos traz not\u00edcias sobre concursos e artigos de professores oferecendo cursos para concursos (pdf + videaulas) no site.","publisher":{"@id":"https:\/\/www.estrategiaconcursos.com.br\/blog\/#organization"},"potentialAction":[{"@type":"SearchAction","target":{"@type":"EntryPoint","urlTemplate":"https:\/\/www.estrategiaconcursos.com.br\/blog\/?s={search_term_string}"},"query-input":{"@type":"PropertyValueSpecification","valueRequired":true,"valueName":"search_term_string"}}],"inLanguage":"pt-BR"},{"@type":"Organization","@id":"https:\/\/www.estrategiaconcursos.com.br\/blog\/#organization","name":"Estrat\u00e9gia Concursos","url":"https:\/\/www.estrategiaconcursos.com.br\/blog\/","logo":{"@type":"ImageObject","inLanguage":"pt-BR","@id":"https:\/\/www.estrategiaconcursos.com.br\/blog\/#\/schema\/logo\/image\/","url":"https:\/\/dhg1h5j42swfq.cloudfront.net\/2025\/06\/03203428\/logo_concursos-1.jpg","contentUrl":"https:\/\/dhg1h5j42swfq.cloudfront.net\/2025\/06\/03203428\/logo_concursos-1.jpg","width":230,"height":60,"caption":"Estrat\u00e9gia Concursos"},"image":{"@id":"https:\/\/www.estrategiaconcursos.com.br\/blog\/#\/schema\/logo\/image\/"},"sameAs":["https:\/\/x.com\/EstratConcursos"]},{"@type":"Person","@id":"https:\/\/www.estrategiaconcursos.com.br\/blog\/#\/schema\/person\/57d9394bb68400dbec62ff8a943ab201","name":"Elo\u00edsa da Rosa Ferro","image":{"@type":"ImageObject","inLanguage":"pt-BR","@id":"https:\/\/secure.gravatar.com\/avatar\/?s=96&d=mm&r=g","url":"https:\/\/secure.gravatar.com\/avatar\/?s=96&d=mm&r=g","contentUrl":"https:\/\/secure.gravatar.com\/avatar\/?s=96&d=mm&r=g","caption":"Elo\u00edsa da Rosa Ferro"},"url":"https:\/\/www.estrategiaconcursos.com.br\/blog\/author\/eloisa-ferro\/"}]}},"_links":{"self":[{"href":"https:\/\/www.estrategiaconcursos.com.br\/blog\/wp-json\/wp\/v2\/posts\/830315","targetHints":{"allow":["GET"]}}],"collection":[{"href":"https:\/\/www.estrategiaconcursos.com.br\/blog\/wp-json\/wp\/v2\/posts"}],"about":[{"href":"https:\/\/www.estrategiaconcursos.com.br\/blog\/wp-json\/wp\/v2\/types\/post"}],"author":[{"embeddable":true,"href":"https:\/\/www.estrategiaconcursos.com.br\/blog\/wp-json\/wp\/v2\/users\/2099"}],"replies":[{"embeddable":true,"href":"https:\/\/www.estrategiaconcursos.com.br\/blog\/wp-json\/wp\/v2\/comments?post=830315"}],"version-history":[{"count":17,"href":"https:\/\/www.estrategiaconcursos.com.br\/blog\/wp-json\/wp\/v2\/posts\/830315\/revisions"}],"predecessor-version":[{"id":1168497,"href":"https:\/\/www.estrategiaconcursos.com.br\/blog\/wp-json\/wp\/v2\/posts\/830315\/revisions\/1168497"}],"wp:featuredmedia":[{"embeddable":true,"href":"https:\/\/www.estrategiaconcursos.com.br\/blog\/wp-json\/wp\/v2\/media\/830330"}],"wp:attachment":[{"href":"https:\/\/www.estrategiaconcursos.com.br\/blog\/wp-json\/wp\/v2\/media?parent=830315"}],"wp:term":[{"taxonomy":"category","embeddable":true,"href":"https:\/\/www.estrategiaconcursos.com.br\/blog\/wp-json\/wp\/v2\/categories?post=830315"},{"taxonomy":"post_tag","embeddable":true,"href":"https:\/\/www.estrategiaconcursos.com.br\/blog\/wp-json\/wp\/v2\/tags?post=830315"},{"taxonomy":"tax_estado","embeddable":true,"href":"https:\/\/www.estrategiaconcursos.com.br\/blog\/wp-json\/wp\/v2\/tax_estado?post=830315"}],"curies":[{"name":"wp","href":"https:\/\/api.w.org\/{rel}","templated":true}]}}