{"id":82995,"date":"2017-07-30T08:43:48","date_gmt":"2017-07-30T11:43:48","guid":{"rendered":"https:\/\/www.estrategiaconcursos.com.br\/blog\/?p=82995"},"modified":"2017-07-28T16:48:39","modified_gmt":"2017-07-28T19:48:39","slug":"entrevista-adirley-alves-de-sa-aprovado-no-concurso-sedf","status":"publish","type":"post","link":"https:\/\/www.estrategiaconcursos.com.br\/blog\/entrevista-adirley-alves-de-sa-aprovado-no-concurso-sedf\/","title":{"rendered":"ENTREVISTA: Adirley Alves de S\u00e1 &#8211; Aprovado no concurso SEDF para o cargo de professor"},"content":{"rendered":"<p style=\"text-align: center;\"><span style=\"color: #000000;\"><em><strong><a href=\"https:\/\/dhg1h5j42swfq.cloudfront.net\/2017\/07\/28160625\/WP_20160224_0011.jpg\"><img loading=\"lazy\" decoding=\"async\" class=\"size-full wp-image-82992 alignleft\" src=\"https:\/\/dhg1h5j42swfq.cloudfront.net\/2017\/07\/28160625\/WP_20160224_0011.jpg\" width=\"300\" height=\"300\" srcset=\"https:\/\/dhg1h5j42swfq.cloudfront.net\/2017\/07\/28160625\/WP_20160224_0011.jpg 720w, https:\/\/dhg1h5j42swfq.cloudfront.net\/2017\/07\/28160625\/WP_20160224_0011.jpg 150w, https:\/\/dhg1h5j42swfq.cloudfront.net\/2017\/07\/28160625\/WP_20160224_0011.jpg 300w, https:\/\/dhg1h5j42swfq.cloudfront.net\/2017\/07\/28160625\/WP_20160224_0011.jpg 610w\" sizes=\"auto, (max-width: 300px) 100vw, 300px\" \/><\/a>&#8220;Acreditem que \u00e9 poss\u00edvel, mesmo quando outros duvidem. Tenha disciplina, perseveran\u00e7a e f\u00e9. Quem passa em concurso p\u00fablico s\u00e3o pessoas normais, basta ter dedica\u00e7\u00e3o&#8221;<\/strong><\/em><\/span><\/p>\n<p style=\"text-align: justify;\"><span style=\"color: #000000;\">Confira nossa entrevista com\u00a0Adirley Alves de S\u00e1, aprovado no concurso da Secretaria de Educa\u00e7\u00e3o do Distrito Federal para o cargo de professor:<\/span><\/p>\n<p style=\"text-align: justify;\"><span style=\"color: #000000;\"><strong>Estrat\u00e9gia Concursos: Conte-nos um pouco sobre voc\u00ea, para que as pessoas que nos assistem possam te conhecer melhor. Voc\u00ea \u00e9 formado em que \u00e1rea? Qual sua idade? De onde voc\u00ea \u00e9?<\/strong><\/span><\/p>\n<p style=\"text-align: justify;\"><span style=\"color: #000000;\">Adirley Alves de S\u00e1: Sou filho de Bras\u00edlia. Tenho 41 anos, na verdade, fiz 41 anos dia 09\/07. Sou formado em matem\u00e1tica e pedagogia, p\u00f3s-graduado em orienta\u00e7\u00e3o educacional.<\/span><\/p>\n<p style=\"text-align: justify;\"><span style=\"color: #000000;\"><strong>Estrat\u00e9gia: Durante sua caminhada como concurseiro, voc\u00ea trabalhava e estudava (como conciliava trabalho e estudos?), ou se dedicava inteiramente aos estudos?<\/strong><\/span><\/p>\n<p style=\"text-align: justify;\"><span style=\"color: #000000;\">Adirley: Passei no meu primeiro concurso em 1996, quando comecei a trabalhar nos correios (ECT), lugar que permaneci por 15 anos. Mas n\u00e3o era o cargo que eu queria, por\u00e9m permaneci por v\u00e1rios anos nele. Eu reclamava muito da vida (muito trabalho, pouco dinheiro), mas n\u00e3o fazia nada para mudar minha situa\u00e7\u00e3o. Ent\u00e3o em 2007 resolvi mudar de vida, a partir da\u00ed comecei a fazer faculdade. Fui me especializar, pois j\u00e1 havia notado que para aumentar minha renda precisaria me qualificar. Eu trabalhava durante o dia e a noite ia \u00e0 faculdade, quando estava, aproximadamente, na metade do curso de matem\u00e1tica comecei a prestar concursos p\u00fablicos, contudo, ainda n\u00e3o me dedicava aos concursos. Fazia as provas, mas sem me preparar para tanto. Foi a partir de 2012, com o t\u00e9rmino da faculdade, que comecei de fato a prepara\u00e7\u00e3o para os concursos. Nesse per\u00edodo, de 2012 at\u00e9 hoje, fiz v\u00e1rios, v\u00e1rios cursos presenciais e on-line. Prestei in\u00fameros concursos, em alguns fui bem e em outros nem tanto. Hoje me preparo para o concurso da PRF.<\/span><\/p>\n<p style=\"text-align: justify;\"><span style=\"color: #000000;\"><strong>Estrat\u00e9gia:\u00a0Quantos e em quais concursos j\u00e1 foi aprovado? Qual o \u00faltimo?<\/strong><\/span><\/p>\n<p style=\"text-align: justify;\"><span style=\"color: #000000;\">Adirley: Passei em alguns no cadastro de reserva, mas esse n\u00e3o contabilizo.<\/span><\/p>\n<p style=\"text-align: justify;\"><span style=\"color: #000000;\">Fui nomeado em quatro at\u00e9 agora:<\/span><\/p>\n<p style=\"text-align: justify;\"><span style=\"color: #000000;\">ECT \u2013 para o cargo de carteiro<\/span><\/p>\n<p style=\"text-align: justify;\"><span style=\"color: #000000;\">CEF \u2013 t\u00e9cnico banc\u00e1rio<\/span><\/p>\n<p style=\"text-align: justify;\"><span style=\"color: #000000;\">Banco do Brasil \u2013 t\u00e9cnico banc\u00e1rio<\/span><\/p>\n<p style=\"text-align: justify;\"><span style=\"color: #000000;\">SEDF \u2013 monitor de gest\u00e3o educacional, cargo que ocupo desde 2012,<\/span><\/p>\n<p style=\"text-align: justify;\"><span style=\"color: #000000;\">Agora, para professor, mas ainda n\u00e3o terminou o processo de sele\u00e7\u00e3o.<\/span><\/p>\n<p style=\"text-align: justify;\"><span style=\"color: #000000;\"><strong>Estrat\u00e9gia:\u00a0Qual foi sua sensa\u00e7\u00e3o ao ver seu nome na lista dos aprovados\/classificados?<\/strong><\/span><\/p>\n<p style=\"text-align: justify;\"><span style=\"color: #000000;\">Adirley: Sentimento de realiza\u00e7\u00e3o e compensa\u00e7\u00e3o de ver o resultado de tanto esfor\u00e7o, de dedica\u00e7\u00e3o, trabalho, noites acordado at\u00e9 tarde, finais de semana estudando, feriados longe da fam\u00edlia. Enfim \u00e9 muito bom ver seu nome no di\u00e1rio oficial.<\/span><\/p>\n<p style=\"text-align: justify;\"><span style=\"color: #000000;\"><strong>Estrat\u00e9gia:\u00a0Como era sua vida social durante a prepara\u00e7\u00e3o para concursos? Voc\u00ea sa\u00eda com amigos, fam\u00edlia, etc? Ou adotou uma postura radical, abdicando do conv\u00edvio social para passar no concurso o mais r\u00e1pido poss\u00edvel?<\/strong><\/span><\/p>\n<p style=\"text-align: justify;\"><span style=\"color: #000000;\">Adirley: Minha prepara\u00e7\u00e3o tem dois momentos: antes e depois do edital. Antes do edital estudava e estudo cerca de 3 horas di\u00e1rias, ent\u00e3o sobra um tempo para o lazer, mas somente aos finais de semana, porque trabalho o dia todo e estudo \u00e0 noite.<\/span><\/p>\n<p style=\"text-align: justify;\"><span style=\"color: #000000;\">Depois de publicado o edital, eu concentro minhas energias somente para prova. Nada de vida social.<\/span><\/p>\n<p style=\"text-align: justify;\"><span style=\"color: #000000;\"><strong>Estrat\u00e9gia:\u00a0Voc\u00ea \u00e9 casado? Tem filhos? Namora? Mora com seus pais? Sua fam\u00edlia entendeu e apoiou sua caminhada como concurseiro? Se sim, de que forma?<\/strong><\/span><\/p>\n<p style=\"text-align: justify;\"><span style=\"color: #000000;\">Adirley: Fui casado, mas infelizmente, durante essa vida de estudante, perdi um casamento de 15 anos. Tenho dois filhos. Ap\u00f3s a separa\u00e7\u00e3o fiquei com um filho e a ex-companheira ficou com o outro. Isso j\u00e1 faz 6 anos. Hoje tenho namorada, at\u00e9 agora ela tem entendido e aceitado bem a minha aus\u00eancia. Por parte dos meus filhos e minha m\u00e3e, eles apoiam bastante.<\/span><\/p>\n<p style=\"text-align: justify;\"><span style=\"color: #000000;\"><strong>Estrat\u00e9gia:\u00a0Ao longo de sua jornada, voc\u00ea tentou outros concursos, para treinar e se manter com uma alta motiva\u00e7\u00e3o ou decidiu manter o foco apenas naquele concurso que era o seu sonho?<\/strong><\/span><\/p>\n<p style=\"text-align: justify;\"><span style=\"color: #000000;\">Adirley: Tentei v\u00e1rios e v\u00e1rios concursos. Vi uma frase de um professor de cursinho que achei bem interessante \u201cn\u00e3o \u00e9 voc\u00ea que escolhe o cargo publico, mas sim ele o escolhe\u201d e trouxe para minha vida, desde ent\u00e3o fazia o que aparecia, no entanto, hoje, como j\u00e1 sou concursado e almejo melhores sal\u00e1rios. Vejo a necessidade de focar em uma \u00e1rea, visto que a concorr\u00eancia e bem mais seleta.<\/span><\/p>\n<p style=\"text-align: justify;\"><span style=\"color: #000000;\"><strong>Estrat\u00e9gia:\u00a0Voc\u00ea acha que vale a pena fazer outros concursos, com foco diferente daquele concurso que \u00e9 realmente seu objetivo maior?\u00a0<\/strong><\/span><\/p>\n<p style=\"text-align: justify;\"><span style=\"color: #000000;\">Adirley: Com certeza vale, pois quando voc\u00ea j\u00e1 \u00e9 concursado, se tem tranquilidade para poder se dedicar aos estudos. Tem dinheiro para adquirir bons materiais.<\/span><\/p>\n<p style=\"text-align: justify;\"><span style=\"color: #000000;\"><strong>Estrat\u00e9gia:\u00a0Voc\u00ea estudou por quanto tempo, contando toda a sua prepara\u00e7\u00e3o? Durante este tempo de estudo, como voc\u00ea fazia para manter a disciplina nos estudos mesmo naqueles per\u00edodos em que n\u00e3o havia edital na m\u00e3o?<\/strong><\/span><\/p>\n<p style=\"text-align: justify;\"><span style=\"color: #000000;\">Adirley: Para esse concurso de professor, preparei-me por um ano, nesse caso o edital j\u00e1 era previsto, ent\u00e3o a motiva\u00e7\u00e3o era maior. Em uma prepara\u00e7\u00e3o em longo prazo. Acho que o mais dif\u00edcil \u00e9 manter a cabe\u00e7a focada em estudar, digo isso, porque surgir\u00e3o muitas, muitas distra\u00e7\u00f5es.<\/span><\/p>\n<p style=\"text-align: justify;\"><span style=\"color: #000000;\"><strong>Estrat\u00e9gia:\u00a0Que materiais voc\u00ea usou em sua prepara\u00e7\u00e3o para o concurso? Aulas presenciais, telepresenciais, livros, cursos em PDF, videoaulas? Quais foram as principais vantagens e desvantagens de cada um?<\/strong><\/span><\/p>\n<p style=\"text-align: justify;\"><span style=\"color: #000000;\">Adirley: Fiz um cursinho presencial no in\u00edcio de 2016, depois comprei um livro de conhecimentos pedag\u00f3gicos, comprei tamb\u00e9m livros para o estudo de gram\u00e1tica, direito constitucional e administrativo. Quando o edital foi publicado fiz a aquisi\u00e7\u00e3o do material da parte espec\u00edfica, em pdf, com o curso do Estrat\u00e9gia. A maior desvantagem do curso presencial \u00e9 o deslocamento. O trajeto de ida e volta para o cursinho tomava muito o meu tempo. Hoje tenho estudo exclusivamente em casa e mesclo o estudo com v\u00eddeo aulas, pdfs e livros.<\/span><\/p>\n<p style=\"text-align: justify;\"><span style=\"color: #000000;\"><strong>Estrat\u00e9gia:\u00a0Como conheceu o Estrat\u00e9gia Concursos?<\/strong><\/span><\/p>\n<p style=\"text-align: justify;\"><span style=\"color: #000000;\">Adirley: Pela internet, eu estava buscando um material focado na mat\u00e9ria que iria cair no concurso e o material do Estrat\u00e9gia atendia bem as minhas necessidades<\/span><\/p>\n<p style=\"text-align: justify;\"><span style=\"color: #000000;\"><strong>Estrat\u00e9gia:\u00a0Uma das principais dificuldades de todo o concursando \u00e9 a quantidade de assuntos que deve ser memorizada. Como voc\u00ea fez para estudar todo o conte\u00fado do concurso? Falando de modo mais espec\u00edfico: voc\u00ea estudava v\u00e1rias mat\u00e9rias ao mesmo tempo? Quantas? Costumava fazer resumos? Focava mais em exerc\u00edcios, ou na leitura e re-leitura da teoria? Como montou seu plano de estudos?<\/strong><\/span><\/p>\n<p style=\"text-align: justify;\"><span style=\"color: #000000;\">Adirley: Fiz um plano de estudo por ciclo, visto no livro do Alexandre Meireles, alternando disciplinas, teoria e exerc\u00edcios, e claro, muitas e muitas revis\u00f5es.<\/span><\/p>\n<p style=\"text-align: justify;\"><span style=\"color: #000000;\"><strong>Estrat\u00e9gia:\u00a0Voc\u00ea tinha mais dificuldades em alguma(s) disciplina(s)? Quais? Como voc\u00ea fez para superar estas dificuldades?<\/strong><\/span><\/p>\n<p style=\"text-align: justify;\"><span style=\"color: #000000;\">Adirley: Sinto mais dificuldades em portugu\u00eas, luto todo os dias , leio e re-leio o material e fa\u00e7o muitos exerc\u00edcios.<\/span><\/p>\n<p style=\"text-align: justify;\"><span style=\"color: #000000;\"><strong>Estrat\u00e9gia:\u00a0A reta final \u00e9 sempre um per\u00edodo estressante. Como voc\u00ea levou seus estudos neste per\u00edodo? Voc\u00ea se concentrava nas mat\u00e9rias de maior peso ou distribu\u00eda seus estudos de maneira mais homog\u00eanea? Focava mais na re-leitura, em resumos, em exerc\u00edcios, etc ?<\/strong><\/span><\/p>\n<p style=\"text-align: justify;\"><span style=\"color: #000000;\">Adirley: Como nesse concurso as mat\u00e9rias tinham pesos iguais, foquei em exerc\u00edcios e resumos.<\/span><\/p>\n<p style=\"text-align: justify;\"><span style=\"color: #000000;\"><strong>Estrat\u00e9gia:\u00a0Na semana da prova, n\u00f3s sempre observamos v\u00e1rios candidatos assumindo uma verdadeira maratona de estudos (estudando intensamente dia e noite). Por outro lado, tamb\u00e9m vemos concurseiros que preferem desalecerar um pouco, para chegar no dia da prova com a mente mais descansada. O que voc\u00ea aconselha?<\/strong><\/span><\/p>\n<p style=\"text-align: justify;\"><span style=\"color: #000000;\">Adirley: Assunto dif\u00edcil, penso que cada pessoa deve se conhecer bem. No meu caso, estudava todo o tempo dispon\u00edvel. Nas semanas que antecederam a prova eu estava de f\u00e9rias, ent\u00e3o estudava o dia todo e parte da noite.<\/span><\/p>\n<p style=\"text-align: justify;\"><span style=\"color: #000000;\"><strong>Estrat\u00e9gia:\u00a0No seu concurso, tivemos, al\u00e9m das provas objetivas, as provas discursivas. Como foi seu estudo para esta importante parte do certame? O que voc\u00ea aconselha?<\/strong><\/span><\/p>\n<p style=\"text-align: justify;\"><span style=\"color: #000000;\">Adirley: Eu fiz um curso direcionado para a discursiva. Fazia uma reda\u00e7\u00e3o por semana. O meu conselho \u00e9 meio clich\u00ea, pois todos os professores de portugu\u00eas falam isso \u201cler bastante\u201d. Ent\u00e3o nas horas de lazer troque a telenovela, o filme, seriado por um bom livro. Confesso que ainda estou aprendendo a adquirir esse h\u00e1bito pela leitura.<\/span><\/p>\n<p style=\"text-align: justify;\"><span style=\"color: #000000;\"><strong>Estrat\u00e9gia:\u00a0Se voc\u00ea tivesse que apontar ERROS em sua prepara\u00e7\u00e3o (se \u00e9 que houve), quais seriam? Diga-nos tamb\u00e9m quais foram os maiores ACERTOS?<\/strong><\/span><\/p>\n<p style=\"text-align: justify;\"><span style=\"color: #000000;\">Adirley: Como j\u00e1 havia me frustrado em outros concursos tentei aprender com os erros. N\u00e3o deixe para estudar quando sair o edital, n\u00e3o procrastine. Acho que o mais importante \u00e9 ter disciplina.<\/span><\/p>\n<p style=\"text-align: justify;\"><span style=\"color: #000000;\"><strong>Estrat\u00e9gia:\u00a0Pela sua experi\u00eancia e contato com outros concurseiros, diga-nos quais s\u00e3o os maiores erros que as pessoas cometem quando decidem se preparar para concursos?<\/strong><\/span><\/p>\n<p style=\"text-align: justify;\"><span style=\"color: #000000;\">Adirley: Pensar que vai passar sem estudar;<\/span><\/p>\n<p style=\"text-align: justify;\"><span style=\"color: #000000;\">Querer ter uma vida social muito ativa;<\/span><\/p>\n<p style=\"text-align: justify;\"><span style=\"color: #000000;\">Procrastinar;<\/span><\/p>\n<p style=\"text-align: justify;\"><span style=\"color: #000000;\">Esperar para estudar depois do lan\u00e7amento do edital.<\/span><\/p>\n<p style=\"text-align: justify;\"><span style=\"color: #000000;\"><strong>Estrat\u00e9gia:\u00a0O que foi mais dif\u00edcil nessa caminhada rumo \u00e0 aprova\u00e7\u00e3o? E qual foi sua principal motiva\u00e7\u00e3o?<\/strong><\/span><\/p>\n<p style=\"text-align: justify;\"><span style=\"color: #000000;\">Adirley: Acho que me manter motivado, o nosso maior inimigo \u00e9 n\u00f3s mesmo.<\/span><\/p>\n<p style=\"text-align: justify;\"><span style=\"color: #000000;\">Adquirir a disciplina de estudar diariamente, tamb\u00e9m foi uma tarefa dif\u00edcil. Dizer n\u00e3o \u00e9 muito importante durante a prepara\u00e7\u00e3o.<\/span><\/p>\n<p style=\"text-align: justify;\"><span style=\"color: #000000;\">Acho que a melhor motiva\u00e7\u00e3o \u00e9 a de melhorar de vida, sucesso e realiza\u00e7\u00e3o pessoal.<\/span><\/p>\n<p style=\"text-align: justify;\"><span style=\"color: #000000;\"><strong>Estrat\u00e9gia:\u00a0Por fim, o que voc\u00ea aconselharia a algu\u00e9m que est\u00e1 iniciando seus estudos para concurso. Deixe-nos sua mensagem para todos aqueles que um dia almejam chegar aonde voc\u00ea chegou!<\/strong><\/span><\/p>\n<p style=\"text-align: justify;\"><span style=\"color: #000000;\">Adirley: Que acreditem que \u00e9 poss\u00edvel, mesmo quando outros duvidem. Tenha disciplina, perseveran\u00e7a e f\u00e9. Quem passa em concurso p\u00fablico s\u00e3o pessoas normais, basta ter dedica\u00e7\u00e3o. Somos brasileiros e n\u00e3o desistimos nunca, assim j\u00e1 dizia uma propaganda eleitoral.<\/span><\/p>\n<p style=\"text-align: justify;\"><span style=\"color: #000000;\"><strong>Outras entrevistas em:<\/strong><\/span><\/p>\n<p><a href=\"https:\/\/www.estrategiaconcursos.com.br\/depoimentos\/\" target=\"_blank\" rel=\"noopener\">Depoimentos de Aprovados<\/a><br \/>\n<a href=\"https:\/\/www.estrategiaconcursos.com.br\/cursos\/concurso\" target=\"_blank\" rel=\"noopener\">Cursos Online para Concursos<\/a><\/p>\n","protected":false},"excerpt":{"rendered":"<p>&#8220;Acreditem que \u00e9 poss\u00edvel, mesmo quando outros duvidem. Tenha disciplina, perseveran\u00e7a e f\u00e9. Quem passa em concurso p\u00fablico s\u00e3o pessoas normais, basta ter dedica\u00e7\u00e3o&#8221; Confira nossa entrevista com\u00a0Adirley Alves de S\u00e1, aprovado no concurso da Secretaria de Educa\u00e7\u00e3o do Distrito Federal para o cargo de professor: Estrat\u00e9gia Concursos: Conte-nos um pouco sobre voc\u00ea, para que [&hellip;]<\/p>\n","protected":false},"author":1,"featured_media":82992,"comment_status":"open","ping_status":"open","sticky":false,"template":"","format":"standard","meta":{"post_tipo":"news","footnotes":""},"categories":[1],"tags":[2802],"tax_estado":[],"class_list":["post-82995","post","type-post","status-publish","format-standard","has-post-thumbnail","hentry","category-cursos-e-concursos","tag-aprovado-concurso-sedf"],"acf":[],"yoast_head":"<!-- This site is optimized with the Yoast SEO Premium plugin v27.2 (Yoast SEO v27.2) - https:\/\/yoast.com\/product\/yoast-seo-premium-wordpress\/ -->\n<title>Entrevista com aprovado SEDF - Estrat\u00e9gia Concursos<\/title>\n<meta name=\"description\" content=\"Confira nossa entrevista com\u00a0Adirley Alves de S\u00e1, aprovado no concurso da Secretaria de Educa\u00e7\u00e3o do Distrito Federal para o cargo de professor\" \/>\n<meta name=\"robots\" content=\"index, follow, max-snippet:-1, max-image-preview:large, max-video-preview:-1\" \/>\n<link rel=\"canonical\" href=\"https:\/\/www.estrategiaconcursos.com.br\/blog\/entrevista-adirley-alves-de-sa-aprovado-no-concurso-sedf\/\" \/>\n<meta property=\"og:locale\" content=\"pt_BR\" \/>\n<meta property=\"og:type\" content=\"article\" \/>\n<meta property=\"og:title\" content=\"ENTREVISTA: Adirley Alves de S\u00e1 - Aprovado no concurso SEDF para o cargo de professor\" \/>\n<meta property=\"og:description\" content=\"Confira nossa entrevista com\u00a0Adirley Alves de S\u00e1, aprovado no concurso da Secretaria de Educa\u00e7\u00e3o do Distrito Federal para o cargo de professor\" \/>\n<meta property=\"og:url\" content=\"https:\/\/www.estrategiaconcursos.com.br\/blog\/entrevista-adirley-alves-de-sa-aprovado-no-concurso-sedf\/\" \/>\n<meta property=\"og:site_name\" content=\"Estrat\u00e9gia Concursos\" \/>\n<meta property=\"article:author\" content=\"https:\/\/www.facebook.com\/EstrategiaConcursos\" \/>\n<meta property=\"article:published_time\" content=\"2017-07-30T11:43:48+00:00\" \/>\n<meta property=\"og:image\" content=\"https:\/\/dhg1h5j42swfq.cloudfront.net\/2017\/07\/28160625\/WP_20160224_0011.jpg\" \/>\n\t<meta property=\"og:image:width\" content=\"720\" \/>\n\t<meta property=\"og:image:height\" content=\"720\" \/>\n\t<meta property=\"og:image:type\" content=\"image\/jpeg\" \/>\n<meta name=\"author\" content=\"Coordena\u00e7\u00e3o\" \/>\n<meta name=\"twitter:card\" content=\"summary_large_image\" \/>\n<meta name=\"twitter:creator\" content=\"@EstratConcursos\" \/>\n<meta name=\"twitter:site\" content=\"@EstratConcursos\" \/>\n<meta name=\"twitter:label1\" content=\"Escrito por\" \/>\n\t<meta name=\"twitter:data1\" content=\"Coordena\u00e7\u00e3o\" \/>\n\t<meta name=\"twitter:label2\" content=\"Est. tempo de leitura\" \/>\n\t<meta name=\"twitter:data2\" content=\"8 minutos\" \/>\n<script type=\"application\/ld+json\" class=\"yoast-schema-graph\">{\"@context\":\"https:\/\/schema.org\",\"@graph\":[{\"@type\":\"NewsArticle\",\"@id\":\"https:\/\/www.estrategiaconcursos.com.br\/blog\/entrevista-adirley-alves-de-sa-aprovado-no-concurso-sedf\/#article\",\"isPartOf\":{\"@id\":\"https:\/\/www.estrategiaconcursos.com.br\/blog\/entrevista-adirley-alves-de-sa-aprovado-no-concurso-sedf\/\"},\"author\":{\"name\":\"Coordena\u00e7\u00e3o\",\"@id\":\"https:\/\/www.estrategiaconcursos.com.br\/blog\/#\/schema\/person\/b4a388c97673c5f483d72185668afa1f\"},\"headline\":\"ENTREVISTA: Adirley Alves de S\u00e1 &#8211; Aprovado no concurso SEDF para o cargo de professor\",\"datePublished\":\"2017-07-30T11:43:48+00:00\",\"mainEntityOfPage\":{\"@id\":\"https:\/\/www.estrategiaconcursos.com.br\/blog\/entrevista-adirley-alves-de-sa-aprovado-no-concurso-sedf\/\"},\"wordCount\":1705,\"commentCount\":0,\"publisher\":{\"@id\":\"https:\/\/www.estrategiaconcursos.com.br\/blog\/#organization\"},\"image\":{\"@id\":\"https:\/\/www.estrategiaconcursos.com.br\/blog\/entrevista-adirley-alves-de-sa-aprovado-no-concurso-sedf\/#primaryimage\"},\"thumbnailUrl\":\"https:\/\/dhg1h5j42swfq.cloudfront.net\/2017\/07\/28160625\/WP_20160224_0011.jpg\",\"keywords\":[\"aprovado concurso SEDF\"],\"articleSection\":[\"Concursos P\u00fablicos\"],\"inLanguage\":\"pt-BR\",\"potentialAction\":[{\"@type\":\"CommentAction\",\"name\":\"Comment\",\"target\":[\"https:\/\/www.estrategiaconcursos.com.br\/blog\/entrevista-adirley-alves-de-sa-aprovado-no-concurso-sedf\/#respond\"]}],\"copyrightYear\":\"2017\",\"copyrightHolder\":{\"@id\":\"https:\/\/www.estrategiaconcursos.com.br\/blog\/#organization\"}},{\"@type\":\"WebPage\",\"@id\":\"https:\/\/www.estrategiaconcursos.com.br\/blog\/entrevista-adirley-alves-de-sa-aprovado-no-concurso-sedf\/\",\"url\":\"https:\/\/www.estrategiaconcursos.com.br\/blog\/entrevista-adirley-alves-de-sa-aprovado-no-concurso-sedf\/\",\"name\":\"Entrevista com aprovado SEDF - Estrat\u00e9gia Concursos\",\"isPartOf\":{\"@id\":\"https:\/\/www.estrategiaconcursos.com.br\/blog\/#website\"},\"primaryImageOfPage\":{\"@id\":\"https:\/\/www.estrategiaconcursos.com.br\/blog\/entrevista-adirley-alves-de-sa-aprovado-no-concurso-sedf\/#primaryimage\"},\"image\":{\"@id\":\"https:\/\/www.estrategiaconcursos.com.br\/blog\/entrevista-adirley-alves-de-sa-aprovado-no-concurso-sedf\/#primaryimage\"},\"thumbnailUrl\":\"https:\/\/dhg1h5j42swfq.cloudfront.net\/2017\/07\/28160625\/WP_20160224_0011.jpg\",\"datePublished\":\"2017-07-30T11:43:48+00:00\",\"description\":\"Confira nossa entrevista com\u00a0Adirley Alves de S\u00e1, aprovado no concurso da Secretaria de Educa\u00e7\u00e3o do Distrito Federal para o cargo de professor\",\"breadcrumb\":{\"@id\":\"https:\/\/www.estrategiaconcursos.com.br\/blog\/entrevista-adirley-alves-de-sa-aprovado-no-concurso-sedf\/#breadcrumb\"},\"inLanguage\":\"pt-BR\",\"potentialAction\":[{\"@type\":\"ReadAction\",\"target\":[\"https:\/\/www.estrategiaconcursos.com.br\/blog\/entrevista-adirley-alves-de-sa-aprovado-no-concurso-sedf\/\"]}]},{\"@type\":\"ImageObject\",\"inLanguage\":\"pt-BR\",\"@id\":\"https:\/\/www.estrategiaconcursos.com.br\/blog\/entrevista-adirley-alves-de-sa-aprovado-no-concurso-sedf\/#primaryimage\",\"url\":\"https:\/\/dhg1h5j42swfq.cloudfront.net\/2017\/07\/28160625\/WP_20160224_0011.jpg\",\"contentUrl\":\"https:\/\/dhg1h5j42swfq.cloudfront.net\/2017\/07\/28160625\/WP_20160224_0011.jpg\",\"width\":720,\"height\":720},{\"@type\":\"BreadcrumbList\",\"@id\":\"https:\/\/www.estrategiaconcursos.com.br\/blog\/entrevista-adirley-alves-de-sa-aprovado-no-concurso-sedf\/#breadcrumb\",\"itemListElement\":[{\"@type\":\"ListItem\",\"position\":1,\"name\":\"In\u00edcio\",\"item\":\"https:\/\/www.estrategiaconcursos.com.br\/blog\/\"},{\"@type\":\"ListItem\",\"position\":2,\"name\":\"ENTREVISTA: Adirley Alves de S\u00e1 &#8211; Aprovado no concurso SEDF para o cargo de professor\"}]},{\"@type\":\"WebSite\",\"@id\":\"https:\/\/www.estrategiaconcursos.com.br\/blog\/#website\",\"url\":\"https:\/\/www.estrategiaconcursos.com.br\/blog\/\",\"name\":\"Estrat\u00e9gia Concursos\",\"description\":\"O blog da Estrat\u00e9gia Concursos traz not\u00edcias sobre concursos e artigos de professores oferecendo cursos para concursos (pdf + videaulas) no site.\",\"publisher\":{\"@id\":\"https:\/\/www.estrategiaconcursos.com.br\/blog\/#organization\"},\"potentialAction\":[{\"@type\":\"SearchAction\",\"target\":{\"@type\":\"EntryPoint\",\"urlTemplate\":\"https:\/\/www.estrategiaconcursos.com.br\/blog\/?s={search_term_string}\"},\"query-input\":{\"@type\":\"PropertyValueSpecification\",\"valueRequired\":true,\"valueName\":\"search_term_string\"}}],\"inLanguage\":\"pt-BR\"},{\"@type\":\"Organization\",\"@id\":\"https:\/\/www.estrategiaconcursos.com.br\/blog\/#organization\",\"name\":\"Estrat\u00e9gia Concursos\",\"url\":\"https:\/\/www.estrategiaconcursos.com.br\/blog\/\",\"logo\":{\"@type\":\"ImageObject\",\"inLanguage\":\"pt-BR\",\"@id\":\"https:\/\/www.estrategiaconcursos.com.br\/blog\/#\/schema\/logo\/image\/\",\"url\":\"https:\/\/dhg1h5j42swfq.cloudfront.net\/2025\/06\/03203428\/logo_concursos-1.jpg\",\"contentUrl\":\"https:\/\/dhg1h5j42swfq.cloudfront.net\/2025\/06\/03203428\/logo_concursos-1.jpg\",\"width\":230,\"height\":60,\"caption\":\"Estrat\u00e9gia Concursos\"},\"image\":{\"@id\":\"https:\/\/www.estrategiaconcursos.com.br\/blog\/#\/schema\/logo\/image\/\"},\"sameAs\":[\"https:\/\/x.com\/EstratConcursos\"]},{\"@type\":\"Person\",\"@id\":\"https:\/\/www.estrategiaconcursos.com.br\/blog\/#\/schema\/person\/b4a388c97673c5f483d72185668afa1f\",\"name\":\"Coordena\u00e7\u00e3o\",\"image\":{\"@type\":\"ImageObject\",\"inLanguage\":\"pt-BR\",\"@id\":\"https:\/\/secure.gravatar.com\/avatar\/b720319e4c9a967eb58678d110f4fe35452fc5d5f97b202bac7b8acceb18c6ad?s=96&d=mm&r=g\",\"url\":\"https:\/\/secure.gravatar.com\/avatar\/b720319e4c9a967eb58678d110f4fe35452fc5d5f97b202bac7b8acceb18c6ad?s=96&d=mm&r=g\",\"contentUrl\":\"https:\/\/secure.gravatar.com\/avatar\/b720319e4c9a967eb58678d110f4fe35452fc5d5f97b202bac7b8acceb18c6ad?s=96&d=mm&r=g\",\"caption\":\"Coordena\u00e7\u00e3o\"},\"sameAs\":[\"https:\/\/www.facebook.com\/EstrategiaConcursos\",\"https:\/\/x.com\/EstratConcursos\"],\"url\":\"https:\/\/www.estrategiaconcursos.com.br\/blog\/author\/estrategia2013\/\"}]}<\/script>\n<!-- \/ Yoast SEO Premium plugin. -->","yoast_head_json":{"title":"Entrevista com aprovado SEDF - Estrat\u00e9gia Concursos","description":"Confira nossa entrevista com\u00a0Adirley Alves de S\u00e1, aprovado no concurso da Secretaria de Educa\u00e7\u00e3o do Distrito Federal para o cargo de professor","robots":{"index":"index","follow":"follow","max-snippet":"max-snippet:-1","max-image-preview":"max-image-preview:large","max-video-preview":"max-video-preview:-1"},"canonical":"https:\/\/www.estrategiaconcursos.com.br\/blog\/entrevista-adirley-alves-de-sa-aprovado-no-concurso-sedf\/","og_locale":"pt_BR","og_type":"article","og_title":"ENTREVISTA: Adirley Alves de S\u00e1 - Aprovado no concurso SEDF para o cargo de professor","og_description":"Confira nossa entrevista com\u00a0Adirley Alves de S\u00e1, aprovado no concurso da Secretaria de Educa\u00e7\u00e3o do Distrito Federal para o cargo de professor","og_url":"https:\/\/www.estrategiaconcursos.com.br\/blog\/entrevista-adirley-alves-de-sa-aprovado-no-concurso-sedf\/","og_site_name":"Estrat\u00e9gia Concursos","article_author":"https:\/\/www.facebook.com\/EstrategiaConcursos","article_published_time":"2017-07-30T11:43:48+00:00","og_image":[{"width":720,"height":720,"url":"https:\/\/dhg1h5j42swfq.cloudfront.net\/2017\/07\/28160625\/WP_20160224_0011.jpg","type":"image\/jpeg"}],"author":"Coordena\u00e7\u00e3o","twitter_card":"summary_large_image","twitter_creator":"@EstratConcursos","twitter_site":"@EstratConcursos","twitter_misc":{"Escrito por":"Coordena\u00e7\u00e3o","Est. tempo de leitura":"8 minutos"},"schema":{"@context":"https:\/\/schema.org","@graph":[{"@type":"NewsArticle","@id":"https:\/\/www.estrategiaconcursos.com.br\/blog\/entrevista-adirley-alves-de-sa-aprovado-no-concurso-sedf\/#article","isPartOf":{"@id":"https:\/\/www.estrategiaconcursos.com.br\/blog\/entrevista-adirley-alves-de-sa-aprovado-no-concurso-sedf\/"},"author":{"name":"Coordena\u00e7\u00e3o","@id":"https:\/\/www.estrategiaconcursos.com.br\/blog\/#\/schema\/person\/b4a388c97673c5f483d72185668afa1f"},"headline":"ENTREVISTA: Adirley Alves de S\u00e1 &#8211; Aprovado no concurso SEDF para o cargo de professor","datePublished":"2017-07-30T11:43:48+00:00","mainEntityOfPage":{"@id":"https:\/\/www.estrategiaconcursos.com.br\/blog\/entrevista-adirley-alves-de-sa-aprovado-no-concurso-sedf\/"},"wordCount":1705,"commentCount":0,"publisher":{"@id":"https:\/\/www.estrategiaconcursos.com.br\/blog\/#organization"},"image":{"@id":"https:\/\/www.estrategiaconcursos.com.br\/blog\/entrevista-adirley-alves-de-sa-aprovado-no-concurso-sedf\/#primaryimage"},"thumbnailUrl":"https:\/\/dhg1h5j42swfq.cloudfront.net\/2017\/07\/28160625\/WP_20160224_0011.jpg","keywords":["aprovado concurso SEDF"],"articleSection":["Concursos P\u00fablicos"],"inLanguage":"pt-BR","potentialAction":[{"@type":"CommentAction","name":"Comment","target":["https:\/\/www.estrategiaconcursos.com.br\/blog\/entrevista-adirley-alves-de-sa-aprovado-no-concurso-sedf\/#respond"]}],"copyrightYear":"2017","copyrightHolder":{"@id":"https:\/\/www.estrategiaconcursos.com.br\/blog\/#organization"}},{"@type":"WebPage","@id":"https:\/\/www.estrategiaconcursos.com.br\/blog\/entrevista-adirley-alves-de-sa-aprovado-no-concurso-sedf\/","url":"https:\/\/www.estrategiaconcursos.com.br\/blog\/entrevista-adirley-alves-de-sa-aprovado-no-concurso-sedf\/","name":"Entrevista com aprovado SEDF - Estrat\u00e9gia Concursos","isPartOf":{"@id":"https:\/\/www.estrategiaconcursos.com.br\/blog\/#website"},"primaryImageOfPage":{"@id":"https:\/\/www.estrategiaconcursos.com.br\/blog\/entrevista-adirley-alves-de-sa-aprovado-no-concurso-sedf\/#primaryimage"},"image":{"@id":"https:\/\/www.estrategiaconcursos.com.br\/blog\/entrevista-adirley-alves-de-sa-aprovado-no-concurso-sedf\/#primaryimage"},"thumbnailUrl":"https:\/\/dhg1h5j42swfq.cloudfront.net\/2017\/07\/28160625\/WP_20160224_0011.jpg","datePublished":"2017-07-30T11:43:48+00:00","description":"Confira nossa entrevista com\u00a0Adirley Alves de S\u00e1, aprovado no concurso da Secretaria de Educa\u00e7\u00e3o do Distrito Federal para o cargo de professor","breadcrumb":{"@id":"https:\/\/www.estrategiaconcursos.com.br\/blog\/entrevista-adirley-alves-de-sa-aprovado-no-concurso-sedf\/#breadcrumb"},"inLanguage":"pt-BR","potentialAction":[{"@type":"ReadAction","target":["https:\/\/www.estrategiaconcursos.com.br\/blog\/entrevista-adirley-alves-de-sa-aprovado-no-concurso-sedf\/"]}]},{"@type":"ImageObject","inLanguage":"pt-BR","@id":"https:\/\/www.estrategiaconcursos.com.br\/blog\/entrevista-adirley-alves-de-sa-aprovado-no-concurso-sedf\/#primaryimage","url":"https:\/\/dhg1h5j42swfq.cloudfront.net\/2017\/07\/28160625\/WP_20160224_0011.jpg","contentUrl":"https:\/\/dhg1h5j42swfq.cloudfront.net\/2017\/07\/28160625\/WP_20160224_0011.jpg","width":720,"height":720},{"@type":"BreadcrumbList","@id":"https:\/\/www.estrategiaconcursos.com.br\/blog\/entrevista-adirley-alves-de-sa-aprovado-no-concurso-sedf\/#breadcrumb","itemListElement":[{"@type":"ListItem","position":1,"name":"In\u00edcio","item":"https:\/\/www.estrategiaconcursos.com.br\/blog\/"},{"@type":"ListItem","position":2,"name":"ENTREVISTA: Adirley Alves de S\u00e1 &#8211; Aprovado no concurso SEDF para o cargo de professor"}]},{"@type":"WebSite","@id":"https:\/\/www.estrategiaconcursos.com.br\/blog\/#website","url":"https:\/\/www.estrategiaconcursos.com.br\/blog\/","name":"Estrat\u00e9gia Concursos","description":"O blog da Estrat\u00e9gia Concursos traz not\u00edcias sobre concursos e artigos de professores oferecendo cursos para concursos (pdf + videaulas) no site.","publisher":{"@id":"https:\/\/www.estrategiaconcursos.com.br\/blog\/#organization"},"potentialAction":[{"@type":"SearchAction","target":{"@type":"EntryPoint","urlTemplate":"https:\/\/www.estrategiaconcursos.com.br\/blog\/?s={search_term_string}"},"query-input":{"@type":"PropertyValueSpecification","valueRequired":true,"valueName":"search_term_string"}}],"inLanguage":"pt-BR"},{"@type":"Organization","@id":"https:\/\/www.estrategiaconcursos.com.br\/blog\/#organization","name":"Estrat\u00e9gia Concursos","url":"https:\/\/www.estrategiaconcursos.com.br\/blog\/","logo":{"@type":"ImageObject","inLanguage":"pt-BR","@id":"https:\/\/www.estrategiaconcursos.com.br\/blog\/#\/schema\/logo\/image\/","url":"https:\/\/dhg1h5j42swfq.cloudfront.net\/2025\/06\/03203428\/logo_concursos-1.jpg","contentUrl":"https:\/\/dhg1h5j42swfq.cloudfront.net\/2025\/06\/03203428\/logo_concursos-1.jpg","width":230,"height":60,"caption":"Estrat\u00e9gia Concursos"},"image":{"@id":"https:\/\/www.estrategiaconcursos.com.br\/blog\/#\/schema\/logo\/image\/"},"sameAs":["https:\/\/x.com\/EstratConcursos"]},{"@type":"Person","@id":"https:\/\/www.estrategiaconcursos.com.br\/blog\/#\/schema\/person\/b4a388c97673c5f483d72185668afa1f","name":"Coordena\u00e7\u00e3o","image":{"@type":"ImageObject","inLanguage":"pt-BR","@id":"https:\/\/secure.gravatar.com\/avatar\/b720319e4c9a967eb58678d110f4fe35452fc5d5f97b202bac7b8acceb18c6ad?s=96&d=mm&r=g","url":"https:\/\/secure.gravatar.com\/avatar\/b720319e4c9a967eb58678d110f4fe35452fc5d5f97b202bac7b8acceb18c6ad?s=96&d=mm&r=g","contentUrl":"https:\/\/secure.gravatar.com\/avatar\/b720319e4c9a967eb58678d110f4fe35452fc5d5f97b202bac7b8acceb18c6ad?s=96&d=mm&r=g","caption":"Coordena\u00e7\u00e3o"},"sameAs":["https:\/\/www.facebook.com\/EstrategiaConcursos","https:\/\/x.com\/EstratConcursos"],"url":"https:\/\/www.estrategiaconcursos.com.br\/blog\/author\/estrategia2013\/"}]}},"_links":{"self":[{"href":"https:\/\/www.estrategiaconcursos.com.br\/blog\/wp-json\/wp\/v2\/posts\/82995","targetHints":{"allow":["GET"]}}],"collection":[{"href":"https:\/\/www.estrategiaconcursos.com.br\/blog\/wp-json\/wp\/v2\/posts"}],"about":[{"href":"https:\/\/www.estrategiaconcursos.com.br\/blog\/wp-json\/wp\/v2\/types\/post"}],"author":[{"embeddable":true,"href":"https:\/\/www.estrategiaconcursos.com.br\/blog\/wp-json\/wp\/v2\/users\/1"}],"replies":[{"embeddable":true,"href":"https:\/\/www.estrategiaconcursos.com.br\/blog\/wp-json\/wp\/v2\/comments?post=82995"}],"version-history":[{"count":2,"href":"https:\/\/www.estrategiaconcursos.com.br\/blog\/wp-json\/wp\/v2\/posts\/82995\/revisions"}],"predecessor-version":[{"id":82997,"href":"https:\/\/www.estrategiaconcursos.com.br\/blog\/wp-json\/wp\/v2\/posts\/82995\/revisions\/82997"}],"wp:featuredmedia":[{"embeddable":true,"href":"https:\/\/www.estrategiaconcursos.com.br\/blog\/wp-json\/wp\/v2\/media\/82992"}],"wp:attachment":[{"href":"https:\/\/www.estrategiaconcursos.com.br\/blog\/wp-json\/wp\/v2\/media?parent=82995"}],"wp:term":[{"taxonomy":"category","embeddable":true,"href":"https:\/\/www.estrategiaconcursos.com.br\/blog\/wp-json\/wp\/v2\/categories?post=82995"},{"taxonomy":"post_tag","embeddable":true,"href":"https:\/\/www.estrategiaconcursos.com.br\/blog\/wp-json\/wp\/v2\/tags?post=82995"},{"taxonomy":"tax_estado","embeddable":true,"href":"https:\/\/www.estrategiaconcursos.com.br\/blog\/wp-json\/wp\/v2\/tax_estado?post=82995"}],"curies":[{"name":"wp","href":"https:\/\/api.w.org\/{rel}","templated":true}]}}