{"id":829761,"date":"2021-08-05T16:05:00","date_gmt":"2021-08-05T19:05:00","guid":{"rendered":"https:\/\/www.estrategiaconcursos.com.br\/blog\/?p=829761"},"modified":"2021-08-07T11:46:09","modified_gmt":"2021-08-07T14:46:09","slug":"pm-al-locais-de-provas","status":"publish","type":"post","link":"https:\/\/www.estrategiaconcursos.com.br\/blog\/pm-al-locais-de-provas\/","title":{"rendered":"PM AL divulgar\u00e1 locais de provas em 11\/08. Confira no site!"},"content":{"rendered":"\n<p>Os locais de provas do <strong>concurso PM AL<\/strong> ser\u00e3o divulgados aos candidatos no dia <strong>11 de agosto de 2021<\/strong>. Al\u00e9m disso, foram confirmados os hor\u00e1rios de provas para Oficial e Soldado. Confira o documento na <a href=\"https:\/\/dhg1h5j42swfq.cloudfront.net\/2021\/08\/05171232\/ed_5_pm_al_21_locais-1.pdf\" target=\"_blank\" rel=\"noreferrer noopener nofollow\">\u00edntegra<\/a>!<\/p>\n\n\n\n<ul class=\"wp-block-list\"><li>Oficial combatente (objetivas e discursivas) &#8211; 15 de agosto, \u00e0s 8h<\/li><li>Soldado combatente (objetivas) &#8211; 15 de agosto, \u00e0s 15h.<\/li><\/ul>\n\n\n\n<figure class=\"wp-block-image size-large\"><img loading=\"lazy\" decoding=\"async\" width=\"1024\" height=\"680\" src=\"https:\/\/dhg1h5j42swfq.cloudfront.net\/2021\/08\/05170651\/5fc425539f40e-scale-1200-1024x680.jpg\" alt=\"pm al locais\" class=\"wp-image-829773\" srcset=\"https:\/\/dhg1h5j42swfq.cloudfront.net\/2021\/08\/05170651\/5fc425539f40e-scale-1200-1024x680.jpg 1024w, https:\/\/dhg1h5j42swfq.cloudfront.net\/2021\/08\/05170651\/5fc425539f40e-scale-1200-300x199.jpg 300w, https:\/\/dhg1h5j42swfq.cloudfront.net\/2021\/08\/05170651\/5fc425539f40e-scale-1200-768x510.jpg 768w, https:\/\/dhg1h5j42swfq.cloudfront.net\/2021\/08\/05170651\/5fc425539f40e-scale-1200-610x405.jpg 610w, https:\/\/dhg1h5j42swfq.cloudfront.net\/2021\/08\/05170651\/5fc425539f40e-scale-1200.jpg 1200w\" sizes=\"auto, (max-width: 1024px) 100vw, 1024px\" \/><figcaption>Locais de prova ser\u00e3o revelados em 11 de agosto | Imagem: PM AL<\/figcaption><\/figure>\n\n\n\n<p>Conv\u00e9m ressaltar que j\u00e1 est\u00e3o encerradas as inscri\u00e7\u00f5es do certame! Todo o processo de candidatura p\u00f4de ser realizado at\u00e9 o dia 28 de junho, no site do Cebraspe. O <a href=\"https:\/\/cdn.cebraspe.org.br\/concursos\/pm_al_21\/arquivos\/ED_3_PM_AL_21_REABERTURA_PAGAMENTO.PDF\" target=\"_blank\" rel=\"noreferrer noopener\">prazo para pagamento<\/a> da taxa foi at\u00e9 12 de julho.<\/p>\n\n\n\n<p>S\u00e3o ofertadas, no total, <strong>1.060 vagas<\/strong>, distribu\u00eddas entre os cargos de Soldado e Oficial, ambos de n\u00edvel m\u00e9dio. Os sal\u00e1rios variam de R$ 4.250,06 e R$ 8.099,94, respectivamente, ap\u00f3s o curso de forma\u00e7\u00e3o. A aplica\u00e7\u00e3o da prova deve ocorrer na data prevista de <strong>15 de agosto<\/strong>.<\/p>\n\n\n\n<h3 class=\"wp-block-heading\">Sal\u00e1rios da PM AL<\/h3>\n\n\n\n<p><strong>Soldado<\/strong>: <\/p>\n\n\n\n<ul class=\"wp-block-list\"><li>Ap\u00f3s a conclus\u00e3o do Curso de Forma\u00e7\u00e3o de Pra\u00e7as: R$ 4.250,06;<\/li><li>Durante o per\u00edodo do Curso de Forma\u00e7\u00e3o de Pra\u00e7as: R$ 1.682,33.<\/li><\/ul>\n\n\n\n<p><strong>Oficial<\/strong>: <\/p>\n\n\n\n<ul class=\"wp-block-list\"><li>Durante o per\u00edodo do Curso de Forma\u00e7\u00e3o:<ul><li>Cadete 1\u00ba Ano \u2013 R$ 2.768,17<\/li><li>Cadete 2\u00ba Ano \u2013 R$ 2.971,91<\/li><li>Cadete 3\u00ba Ano \u2013 R$ 3.359,09<\/li><\/ul><\/li><li>Ap\u00f3s a conclus\u00e3o do Curso de Forma\u00e7\u00e3o de Oficiais: R$ 8.099,94.<\/li><\/ul>\n\n\n\n<p class=\"has-text-align-center has-black-color has-light-green-cyan-background-color has-text-color has-background\" style=\"font-size:clamp(14px, 0.875rem + ((1vw - 3.2px) * 0.392), 18px);px\"><strong>Saiba mais: <a href=\"https:\/\/www.estrategiaconcursos.com.br\/blog\/concurso-pm-al\/\" target=\"_blank\" rel=\"noreferrer noopener\">Concurso PM AL<\/a><\/strong><\/p>\n\n\n\n<h2 class=\"has-text-align-center wp-block-heading\" id=\"cursos-assinatura\"><strong><em>Quer estudar para Concurso PM AL?<\/em><\/strong><\/h2>\n\n\n\n<div class=\"container\" id=\"boxes\">\n  <div class=\"row\">\n\n    <div class=\"col-sm\">\n      <div class=\"banner-policial\" id=\"box-assinatura\">\n        <h3 class=\"titulo-assinatura\">Concurso PM AL<\/h3>\n        <p class=\"subtitulo-assinatura\">Conhe\u00e7a os cursos<\/p>\n        <div class=\"box-botao\">\n          <a class=\"btn-assinatura\" target=\"_blank\" href=\"https:\/\/www.estrategiaconcursos.com.br\/cursosPorConcurso\/pm-al\/\" role=\"button\" rel=\"noopener noreferrer\">Conhe\u00e7a mais<\/a>\n        <\/div>\n      <\/div>\n  \n    <\/div>\n\n  <\/div>\n<\/div>\n\n\n\n<div class=\"container\" id=\"boxes\">\n  <div class=\"row\">\n\n    <div class=\"col-sm\">\n      <div class=\"estrategia\" id=\"box-assinatura\">\n        <h3 class=\"titulo-assinatura\">Assinatura Concursos<\/h3>\n        <p class=\"subtitulo-assinatura\">Assinatura de 1 ano ou 2 anos<\/p>\n        <div class=\"box-botao\">\n          <a class=\"btn-assinatura\" target=\"_blank\" href=\"https:\/\/www.estrategiaconcursos.com.br\/assinaturas\/\" role=\"button\" rel=\"noopener noreferrer\">ASSINE AGORA<\/a>\n        <\/div>\n      <\/div>\n     \n    <\/div><\/div><\/div>\n\n\n\n<div class=\"container\" id=\"boxes\">\n  <div class=\"row\">\n\n    <div class=\"col-sm\" id=\"boxes-concursos\">\n      <div style=\"background-color: #005DAD;\" class=\"conteudo-concursos\" id=\"box-concursos\">\n        <h3 class=\"titulo-assinatura\">Concursos Abertos<\/h3>\n        <p class=\"subtitulo-assinatura\">Os editais publicados<\/p>\n        <div class=\"box-botao\">\n          <a class=\"btn-assinatura\" target=\"_blank\" href=\"https:\/\/www.estrategiaconcursos.com.br\/blog\/concursos-abertos\/\" role=\"button\" rel=\"noopener noreferrer\">Conhe\u00e7a Agora<\/a>\n        <\/div>\n      <\/div>\n    <\/div>\n\n    <div class=\"col-sm\" id=\"boxes-concursos\">\n      <div style=\"background-color: #1A7ED5;\" class=\"conteudo-concursos\" id=\"box-concursos\">\n        <h3 class=\"titulo-assinatura\">Concursos 2021<\/h3>\n        <p class=\"subtitulo-assinatura\">As oportunidades previstas<\/p>\n        <div class=\"box-botao\">\n          <a class=\"btn-assinatura\" target=\"_blank\" href=\"https:\/\/www.estrategiaconcursos.com.br\/blog\/concursos-2021\/\" role=\"button\" rel=\"noopener noreferrer\">Conhe\u00e7a Agora<\/a>\n        <\/div>\n      <\/div>\n    <\/div>\n\n    <div class=\"col-sm\" id=\"boxes-concursos\">\n      <div style=\"background-color: #419FF0;\" class=\"conteudo-concursos\" id=\"box-concursos\">\n        <h3 class=\"titulo-assinatura\">Concursos 2022<\/h3>\n        <p class=\"subtitulo-assinatura\">Vagas para o pr\u00f3ximo ano<\/p>\n        <div class=\"box-botao\">\n          <a class=\"btn-assinatura\" target=\"_blank\" href=\"https:\/\/www.estrategiaconcursos.com.br\/blog\/concursos-2022\/\" role=\"button\" rel=\"noopener noreferrer\">Conhe\u00e7a Agora<\/a>\n        <\/div>\n      <\/div>\n    <\/div>\n\n  <\/div>\n<\/div>\n\n\n\n<p><\/p>\n","protected":false},"excerpt":{"rendered":"<p>Os locais de provas do concurso PM AL ser\u00e3o divulgados aos candidatos no dia 11 de agosto de 2021. Al\u00e9m disso, foram confirmados os hor\u00e1rios de provas para Oficial e Soldado. Confira o documento na \u00edntegra! Oficial combatente (objetivas e discursivas) &#8211; 15 de agosto, \u00e0s 8h Soldado combatente (objetivas) &#8211; 15 de agosto, \u00e0s [&hellip;]<\/p>\n","protected":false},"author":1,"featured_media":740957,"comment_status":"open","ping_status":"closed","sticky":false,"template":"","format":"standard","meta":{"post_tipo":"news","footnotes":""},"categories":[220186,220187],"tags":[],"tax_estado":[219965],"class_list":["post-829761","post","type-post","status-publish","format-standard","has-post-thumbnail","hentry","category-policial-oficial","category-policial-pracas","tax_estado-al"],"acf":[],"yoast_head":"<!-- This site is optimized with the Yoast SEO Premium plugin v27.2 (Yoast SEO v27.2) - https:\/\/yoast.com\/product\/yoast-seo-premium-wordpress\/ -->\n<title>PM AL divulgar\u00e1 locais de provas em 11\/08. Confira no site!<\/title>\n<meta name=\"description\" content=\"Os locais de provas do concurso PM AL ser\u00e3o divulgados aos candidatos no dia 11 de agosto de 2021. Confira mais informa\u00e7\u00f5es no site!\" \/>\n<meta name=\"robots\" content=\"index, follow, max-snippet:-1, max-image-preview:large, max-video-preview:-1\" \/>\n<link rel=\"canonical\" href=\"https:\/\/www.estrategiaconcursos.com.br\/blog\/pm-al-locais-de-provas\/\" \/>\n<meta property=\"og:locale\" content=\"pt_BR\" \/>\n<meta property=\"og:type\" content=\"article\" \/>\n<meta property=\"og:title\" content=\"PM AL divulgar\u00e1 locais de provas em 11\/08. Confira no site!\" \/>\n<meta property=\"og:description\" content=\"Os locais de provas do concurso PM AL ser\u00e3o divulgados aos candidatos no dia 11 de agosto de 2021. Confira mais informa\u00e7\u00f5es no site!\" \/>\n<meta property=\"og:url\" content=\"https:\/\/www.estrategiaconcursos.com.br\/blog\/pm-al-locais-de-provas\/\" \/>\n<meta property=\"og:site_name\" content=\"Estrat\u00e9gia Concursos\" \/>\n<meta property=\"article:author\" content=\"https:\/\/www.facebook.com\/EstrategiaConcursos\" \/>\n<meta property=\"article:published_time\" content=\"2021-08-05T19:05:00+00:00\" \/>\n<meta property=\"article:modified_time\" content=\"2021-08-07T14:46:09+00:00\" \/>\n<meta property=\"og:image\" content=\"https:\/\/dhg1h5j42swfq.cloudfront.net\/2021\/05\/14121551\/pm-al.jpg\" \/>\n\t<meta property=\"og:image:width\" content=\"768\" \/>\n\t<meta property=\"og:image:height\" content=\"432\" \/>\n\t<meta property=\"og:image:type\" content=\"image\/jpeg\" \/>\n<meta name=\"author\" content=\"Coordena\u00e7\u00e3o\" \/>\n<meta name=\"twitter:card\" content=\"summary_large_image\" \/>\n<meta name=\"twitter:creator\" content=\"@EstratConcursos\" \/>\n<meta name=\"twitter:site\" content=\"@EstratConcursos\" \/>\n<meta name=\"twitter:label1\" content=\"Escrito por\" \/>\n\t<meta name=\"twitter:data1\" content=\"Coordena\u00e7\u00e3o\" \/>\n\t<meta name=\"twitter:label2\" content=\"Est. tempo de leitura\" \/>\n\t<meta name=\"twitter:data2\" content=\"2 minutos\" \/>\n<script type=\"application\/ld+json\" class=\"yoast-schema-graph\">{\"@context\":\"https:\/\/schema.org\",\"@graph\":[{\"@type\":\"NewsArticle\",\"@id\":\"https:\/\/www.estrategiaconcursos.com.br\/blog\/pm-al-locais-de-provas\/#article\",\"isPartOf\":{\"@id\":\"https:\/\/www.estrategiaconcursos.com.br\/blog\/pm-al-locais-de-provas\/\"},\"author\":{\"name\":\"Coordena\u00e7\u00e3o\",\"@id\":\"https:\/\/www.estrategiaconcursos.com.br\/blog\/#\/schema\/person\/b4a388c97673c5f483d72185668afa1f\"},\"headline\":\"PM AL divulgar\u00e1 locais de provas em 11\/08. Confira no site!\",\"datePublished\":\"2021-08-05T19:05:00+00:00\",\"dateModified\":\"2021-08-07T14:46:09+00:00\",\"mainEntityOfPage\":{\"@id\":\"https:\/\/www.estrategiaconcursos.com.br\/blog\/pm-al-locais-de-provas\/\"},\"wordCount\":288,\"commentCount\":0,\"publisher\":{\"@id\":\"https:\/\/www.estrategiaconcursos.com.br\/blog\/#organization\"},\"image\":{\"@id\":\"https:\/\/www.estrategiaconcursos.com.br\/blog\/pm-al-locais-de-provas\/#primaryimage\"},\"thumbnailUrl\":\"https:\/\/dhg1h5j42swfq.cloudfront.net\/2021\/05\/14121551\/pm-al.jpg\",\"articleSection\":[\"Policial (PM\/BM - Oficial)\",\"Policial (PM\/BM - Pra\u00e7as)\"],\"inLanguage\":\"pt-BR\",\"potentialAction\":[{\"@type\":\"CommentAction\",\"name\":\"Comment\",\"target\":[\"https:\/\/www.estrategiaconcursos.com.br\/blog\/pm-al-locais-de-provas\/#respond\"]}],\"copyrightYear\":\"2021\",\"copyrightHolder\":{\"@id\":\"https:\/\/www.estrategiaconcursos.com.br\/blog\/#organization\"}},{\"@type\":\"WebPage\",\"@id\":\"https:\/\/www.estrategiaconcursos.com.br\/blog\/pm-al-locais-de-provas\/\",\"url\":\"https:\/\/www.estrategiaconcursos.com.br\/blog\/pm-al-locais-de-provas\/\",\"name\":\"PM AL divulgar\u00e1 locais de provas em 11\/08. Confira no site!\",\"isPartOf\":{\"@id\":\"https:\/\/www.estrategiaconcursos.com.br\/blog\/#website\"},\"primaryImageOfPage\":{\"@id\":\"https:\/\/www.estrategiaconcursos.com.br\/blog\/pm-al-locais-de-provas\/#primaryimage\"},\"image\":{\"@id\":\"https:\/\/www.estrategiaconcursos.com.br\/blog\/pm-al-locais-de-provas\/#primaryimage\"},\"thumbnailUrl\":\"https:\/\/dhg1h5j42swfq.cloudfront.net\/2021\/05\/14121551\/pm-al.jpg\",\"datePublished\":\"2021-08-05T19:05:00+00:00\",\"dateModified\":\"2021-08-07T14:46:09+00:00\",\"description\":\"Os locais de provas do concurso PM AL ser\u00e3o divulgados aos candidatos no dia 11 de agosto de 2021. Confira mais informa\u00e7\u00f5es no site!\",\"breadcrumb\":{\"@id\":\"https:\/\/www.estrategiaconcursos.com.br\/blog\/pm-al-locais-de-provas\/#breadcrumb\"},\"inLanguage\":\"pt-BR\",\"potentialAction\":[{\"@type\":\"ReadAction\",\"target\":[\"https:\/\/www.estrategiaconcursos.com.br\/blog\/pm-al-locais-de-provas\/\"]}]},{\"@type\":\"ImageObject\",\"inLanguage\":\"pt-BR\",\"@id\":\"https:\/\/www.estrategiaconcursos.com.br\/blog\/pm-al-locais-de-provas\/#primaryimage\",\"url\":\"https:\/\/dhg1h5j42swfq.cloudfront.net\/2021\/05\/14121551\/pm-al.jpg\",\"contentUrl\":\"https:\/\/dhg1h5j42swfq.cloudfront.net\/2021\/05\/14121551\/pm-al.jpg\",\"width\":768,\"height\":432,\"caption\":\"PM AL\"},{\"@type\":\"BreadcrumbList\",\"@id\":\"https:\/\/www.estrategiaconcursos.com.br\/blog\/pm-al-locais-de-provas\/#breadcrumb\",\"itemListElement\":[{\"@type\":\"ListItem\",\"position\":1,\"name\":\"In\u00edcio\",\"item\":\"https:\/\/www.estrategiaconcursos.com.br\/blog\/\"},{\"@type\":\"ListItem\",\"position\":2,\"name\":\"PM AL divulgar\u00e1 locais de provas em 11\/08. Confira no site!\"}]},{\"@type\":\"WebSite\",\"@id\":\"https:\/\/www.estrategiaconcursos.com.br\/blog\/#website\",\"url\":\"https:\/\/www.estrategiaconcursos.com.br\/blog\/\",\"name\":\"Estrat\u00e9gia Concursos\",\"description\":\"O blog da Estrat\u00e9gia Concursos traz not\u00edcias sobre concursos e artigos de professores oferecendo cursos para concursos (pdf + videaulas) no site.\",\"publisher\":{\"@id\":\"https:\/\/www.estrategiaconcursos.com.br\/blog\/#organization\"},\"potentialAction\":[{\"@type\":\"SearchAction\",\"target\":{\"@type\":\"EntryPoint\",\"urlTemplate\":\"https:\/\/www.estrategiaconcursos.com.br\/blog\/?s={search_term_string}\"},\"query-input\":{\"@type\":\"PropertyValueSpecification\",\"valueRequired\":true,\"valueName\":\"search_term_string\"}}],\"inLanguage\":\"pt-BR\"},{\"@type\":\"Organization\",\"@id\":\"https:\/\/www.estrategiaconcursos.com.br\/blog\/#organization\",\"name\":\"Estrat\u00e9gia Concursos\",\"url\":\"https:\/\/www.estrategiaconcursos.com.br\/blog\/\",\"logo\":{\"@type\":\"ImageObject\",\"inLanguage\":\"pt-BR\",\"@id\":\"https:\/\/www.estrategiaconcursos.com.br\/blog\/#\/schema\/logo\/image\/\",\"url\":\"https:\/\/dhg1h5j42swfq.cloudfront.net\/2025\/06\/03203428\/logo_concursos-1.jpg\",\"contentUrl\":\"https:\/\/dhg1h5j42swfq.cloudfront.net\/2025\/06\/03203428\/logo_concursos-1.jpg\",\"width\":230,\"height\":60,\"caption\":\"Estrat\u00e9gia Concursos\"},\"image\":{\"@id\":\"https:\/\/www.estrategiaconcursos.com.br\/blog\/#\/schema\/logo\/image\/\"},\"sameAs\":[\"https:\/\/x.com\/EstratConcursos\"]},{\"@type\":\"Person\",\"@id\":\"https:\/\/www.estrategiaconcursos.com.br\/blog\/#\/schema\/person\/b4a388c97673c5f483d72185668afa1f\",\"name\":\"Coordena\u00e7\u00e3o\",\"image\":{\"@type\":\"ImageObject\",\"inLanguage\":\"pt-BR\",\"@id\":\"https:\/\/secure.gravatar.com\/avatar\/b720319e4c9a967eb58678d110f4fe35452fc5d5f97b202bac7b8acceb18c6ad?s=96&d=mm&r=g\",\"url\":\"https:\/\/secure.gravatar.com\/avatar\/b720319e4c9a967eb58678d110f4fe35452fc5d5f97b202bac7b8acceb18c6ad?s=96&d=mm&r=g\",\"contentUrl\":\"https:\/\/secure.gravatar.com\/avatar\/b720319e4c9a967eb58678d110f4fe35452fc5d5f97b202bac7b8acceb18c6ad?s=96&d=mm&r=g\",\"caption\":\"Coordena\u00e7\u00e3o\"},\"sameAs\":[\"https:\/\/www.facebook.com\/EstrategiaConcursos\",\"https:\/\/x.com\/EstratConcursos\"],\"url\":\"https:\/\/www.estrategiaconcursos.com.br\/blog\/author\/estrategia2013\/\"}]}<\/script>\n<!-- \/ Yoast SEO Premium plugin. -->","yoast_head_json":{"title":"PM AL divulgar\u00e1 locais de provas em 11\/08. Confira no site!","description":"Os locais de provas do concurso PM AL ser\u00e3o divulgados aos candidatos no dia 11 de agosto de 2021. Confira mais informa\u00e7\u00f5es no site!","robots":{"index":"index","follow":"follow","max-snippet":"max-snippet:-1","max-image-preview":"max-image-preview:large","max-video-preview":"max-video-preview:-1"},"canonical":"https:\/\/www.estrategiaconcursos.com.br\/blog\/pm-al-locais-de-provas\/","og_locale":"pt_BR","og_type":"article","og_title":"PM AL divulgar\u00e1 locais de provas em 11\/08. Confira no site!","og_description":"Os locais de provas do concurso PM AL ser\u00e3o divulgados aos candidatos no dia 11 de agosto de 2021. Confira mais informa\u00e7\u00f5es no site!","og_url":"https:\/\/www.estrategiaconcursos.com.br\/blog\/pm-al-locais-de-provas\/","og_site_name":"Estrat\u00e9gia Concursos","article_author":"https:\/\/www.facebook.com\/EstrategiaConcursos","article_published_time":"2021-08-05T19:05:00+00:00","article_modified_time":"2021-08-07T14:46:09+00:00","og_image":[{"width":768,"height":432,"url":"https:\/\/dhg1h5j42swfq.cloudfront.net\/2021\/05\/14121551\/pm-al.jpg","type":"image\/jpeg"}],"author":"Coordena\u00e7\u00e3o","twitter_card":"summary_large_image","twitter_creator":"@EstratConcursos","twitter_site":"@EstratConcursos","twitter_misc":{"Escrito por":"Coordena\u00e7\u00e3o","Est. tempo de leitura":"2 minutos"},"schema":{"@context":"https:\/\/schema.org","@graph":[{"@type":"NewsArticle","@id":"https:\/\/www.estrategiaconcursos.com.br\/blog\/pm-al-locais-de-provas\/#article","isPartOf":{"@id":"https:\/\/www.estrategiaconcursos.com.br\/blog\/pm-al-locais-de-provas\/"},"author":{"name":"Coordena\u00e7\u00e3o","@id":"https:\/\/www.estrategiaconcursos.com.br\/blog\/#\/schema\/person\/b4a388c97673c5f483d72185668afa1f"},"headline":"PM AL divulgar\u00e1 locais de provas em 11\/08. Confira no site!","datePublished":"2021-08-05T19:05:00+00:00","dateModified":"2021-08-07T14:46:09+00:00","mainEntityOfPage":{"@id":"https:\/\/www.estrategiaconcursos.com.br\/blog\/pm-al-locais-de-provas\/"},"wordCount":288,"commentCount":0,"publisher":{"@id":"https:\/\/www.estrategiaconcursos.com.br\/blog\/#organization"},"image":{"@id":"https:\/\/www.estrategiaconcursos.com.br\/blog\/pm-al-locais-de-provas\/#primaryimage"},"thumbnailUrl":"https:\/\/dhg1h5j42swfq.cloudfront.net\/2021\/05\/14121551\/pm-al.jpg","articleSection":["Policial (PM\/BM - Oficial)","Policial (PM\/BM - Pra\u00e7as)"],"inLanguage":"pt-BR","potentialAction":[{"@type":"CommentAction","name":"Comment","target":["https:\/\/www.estrategiaconcursos.com.br\/blog\/pm-al-locais-de-provas\/#respond"]}],"copyrightYear":"2021","copyrightHolder":{"@id":"https:\/\/www.estrategiaconcursos.com.br\/blog\/#organization"}},{"@type":"WebPage","@id":"https:\/\/www.estrategiaconcursos.com.br\/blog\/pm-al-locais-de-provas\/","url":"https:\/\/www.estrategiaconcursos.com.br\/blog\/pm-al-locais-de-provas\/","name":"PM AL divulgar\u00e1 locais de provas em 11\/08. Confira no site!","isPartOf":{"@id":"https:\/\/www.estrategiaconcursos.com.br\/blog\/#website"},"primaryImageOfPage":{"@id":"https:\/\/www.estrategiaconcursos.com.br\/blog\/pm-al-locais-de-provas\/#primaryimage"},"image":{"@id":"https:\/\/www.estrategiaconcursos.com.br\/blog\/pm-al-locais-de-provas\/#primaryimage"},"thumbnailUrl":"https:\/\/dhg1h5j42swfq.cloudfront.net\/2021\/05\/14121551\/pm-al.jpg","datePublished":"2021-08-05T19:05:00+00:00","dateModified":"2021-08-07T14:46:09+00:00","description":"Os locais de provas do concurso PM AL ser\u00e3o divulgados aos candidatos no dia 11 de agosto de 2021. Confira mais informa\u00e7\u00f5es no site!","breadcrumb":{"@id":"https:\/\/www.estrategiaconcursos.com.br\/blog\/pm-al-locais-de-provas\/#breadcrumb"},"inLanguage":"pt-BR","potentialAction":[{"@type":"ReadAction","target":["https:\/\/www.estrategiaconcursos.com.br\/blog\/pm-al-locais-de-provas\/"]}]},{"@type":"ImageObject","inLanguage":"pt-BR","@id":"https:\/\/www.estrategiaconcursos.com.br\/blog\/pm-al-locais-de-provas\/#primaryimage","url":"https:\/\/dhg1h5j42swfq.cloudfront.net\/2021\/05\/14121551\/pm-al.jpg","contentUrl":"https:\/\/dhg1h5j42swfq.cloudfront.net\/2021\/05\/14121551\/pm-al.jpg","width":768,"height":432,"caption":"PM AL"},{"@type":"BreadcrumbList","@id":"https:\/\/www.estrategiaconcursos.com.br\/blog\/pm-al-locais-de-provas\/#breadcrumb","itemListElement":[{"@type":"ListItem","position":1,"name":"In\u00edcio","item":"https:\/\/www.estrategiaconcursos.com.br\/blog\/"},{"@type":"ListItem","position":2,"name":"PM AL divulgar\u00e1 locais de provas em 11\/08. Confira no site!"}]},{"@type":"WebSite","@id":"https:\/\/www.estrategiaconcursos.com.br\/blog\/#website","url":"https:\/\/www.estrategiaconcursos.com.br\/blog\/","name":"Estrat\u00e9gia Concursos","description":"O blog da Estrat\u00e9gia Concursos traz not\u00edcias sobre concursos e artigos de professores oferecendo cursos para concursos (pdf + videaulas) no site.","publisher":{"@id":"https:\/\/www.estrategiaconcursos.com.br\/blog\/#organization"},"potentialAction":[{"@type":"SearchAction","target":{"@type":"EntryPoint","urlTemplate":"https:\/\/www.estrategiaconcursos.com.br\/blog\/?s={search_term_string}"},"query-input":{"@type":"PropertyValueSpecification","valueRequired":true,"valueName":"search_term_string"}}],"inLanguage":"pt-BR"},{"@type":"Organization","@id":"https:\/\/www.estrategiaconcursos.com.br\/blog\/#organization","name":"Estrat\u00e9gia Concursos","url":"https:\/\/www.estrategiaconcursos.com.br\/blog\/","logo":{"@type":"ImageObject","inLanguage":"pt-BR","@id":"https:\/\/www.estrategiaconcursos.com.br\/blog\/#\/schema\/logo\/image\/","url":"https:\/\/dhg1h5j42swfq.cloudfront.net\/2025\/06\/03203428\/logo_concursos-1.jpg","contentUrl":"https:\/\/dhg1h5j42swfq.cloudfront.net\/2025\/06\/03203428\/logo_concursos-1.jpg","width":230,"height":60,"caption":"Estrat\u00e9gia Concursos"},"image":{"@id":"https:\/\/www.estrategiaconcursos.com.br\/blog\/#\/schema\/logo\/image\/"},"sameAs":["https:\/\/x.com\/EstratConcursos"]},{"@type":"Person","@id":"https:\/\/www.estrategiaconcursos.com.br\/blog\/#\/schema\/person\/b4a388c97673c5f483d72185668afa1f","name":"Coordena\u00e7\u00e3o","image":{"@type":"ImageObject","inLanguage":"pt-BR","@id":"https:\/\/secure.gravatar.com\/avatar\/b720319e4c9a967eb58678d110f4fe35452fc5d5f97b202bac7b8acceb18c6ad?s=96&d=mm&r=g","url":"https:\/\/secure.gravatar.com\/avatar\/b720319e4c9a967eb58678d110f4fe35452fc5d5f97b202bac7b8acceb18c6ad?s=96&d=mm&r=g","contentUrl":"https:\/\/secure.gravatar.com\/avatar\/b720319e4c9a967eb58678d110f4fe35452fc5d5f97b202bac7b8acceb18c6ad?s=96&d=mm&r=g","caption":"Coordena\u00e7\u00e3o"},"sameAs":["https:\/\/www.facebook.com\/EstrategiaConcursos","https:\/\/x.com\/EstratConcursos"],"url":"https:\/\/www.estrategiaconcursos.com.br\/blog\/author\/estrategia2013\/"}]}},"_links":{"self":[{"href":"https:\/\/www.estrategiaconcursos.com.br\/blog\/wp-json\/wp\/v2\/posts\/829761","targetHints":{"allow":["GET"]}}],"collection":[{"href":"https:\/\/www.estrategiaconcursos.com.br\/blog\/wp-json\/wp\/v2\/posts"}],"about":[{"href":"https:\/\/www.estrategiaconcursos.com.br\/blog\/wp-json\/wp\/v2\/types\/post"}],"author":[{"embeddable":true,"href":"https:\/\/www.estrategiaconcursos.com.br\/blog\/wp-json\/wp\/v2\/users\/1"}],"replies":[{"embeddable":true,"href":"https:\/\/www.estrategiaconcursos.com.br\/blog\/wp-json\/wp\/v2\/comments?post=829761"}],"version-history":[{"count":8,"href":"https:\/\/www.estrategiaconcursos.com.br\/blog\/wp-json\/wp\/v2\/posts\/829761\/revisions"}],"predecessor-version":[{"id":830964,"href":"https:\/\/www.estrategiaconcursos.com.br\/blog\/wp-json\/wp\/v2\/posts\/829761\/revisions\/830964"}],"wp:featuredmedia":[{"embeddable":true,"href":"https:\/\/www.estrategiaconcursos.com.br\/blog\/wp-json\/wp\/v2\/media\/740957"}],"wp:attachment":[{"href":"https:\/\/www.estrategiaconcursos.com.br\/blog\/wp-json\/wp\/v2\/media?parent=829761"}],"wp:term":[{"taxonomy":"category","embeddable":true,"href":"https:\/\/www.estrategiaconcursos.com.br\/blog\/wp-json\/wp\/v2\/categories?post=829761"},{"taxonomy":"post_tag","embeddable":true,"href":"https:\/\/www.estrategiaconcursos.com.br\/blog\/wp-json\/wp\/v2\/tags?post=829761"},{"taxonomy":"tax_estado","embeddable":true,"href":"https:\/\/www.estrategiaconcursos.com.br\/blog\/wp-json\/wp\/v2\/tax_estado?post=829761"}],"curies":[{"name":"wp","href":"https:\/\/api.w.org\/{rel}","templated":true}]}}