{"id":829605,"date":"2021-08-05T15:30:56","date_gmt":"2021-08-05T18:30:56","guid":{"rendered":"https:\/\/www.estrategiaconcursos.com.br\/blog\/?p=829605"},"modified":"2023-02-06T16:15:49","modified_gmt":"2023-02-06T19:15:49","slug":"ultimo-concurso-sefaz-am","status":"publish","type":"post","link":"https:\/\/www.estrategiaconcursos.com.br\/blog\/ultimo-concurso-sefaz-am\/","title":{"rendered":"Como foi o \u00faltimo concurso Sefaz AM? Saiba todos os detalhes!"},"content":{"rendered":"\n<p>Ap\u00f3s a <strong><a href=\"https:\/\/www.estrategiaconcursos.com.br\/blog\/concurso-sefaz-am-comissao-formada\/\" target=\"_blank\" rel=\"noreferrer noopener\">comiss\u00e3o<\/a> <\/strong>ser formada para o pr\u00f3ximo concurso da Secretaria de Estado da Fazenda do Amazonas, os candidatos provavelmente ir\u00e3o correr atr\u00e1s para saber os detalhes do \u00faltimo concurso <strong><em>Sefaz AM<\/em><\/strong>. Afinal, a \u00faltima sele\u00e7\u00e3o trar\u00e1 informa\u00e7\u00f5es important\u00edssimas, que guiar\u00e3o os estudos pr\u00e9-edital.<\/p>\n\n\n\n<figure class=\"wp-block-image aligncenter size-large is-resized\"><img loading=\"lazy\" decoding=\"async\" src=\"https:\/\/dhg1h5j42swfq.cloudfront.net\/2021\/08\/05151057\/04-15_at_12-07-33-768x512-1-1.jpeg\" alt=\"Edif\u00edcio Sefaz AM | Imagem: divulga\u00e7\u00e3o\n\" class=\"wp-image-829616\" width=\"525\" height=\"350\" srcset=\"https:\/\/dhg1h5j42swfq.cloudfront.net\/2021\/08\/05151057\/04-15_at_12-07-33-768x512-1-1.jpeg 768w, https:\/\/dhg1h5j42swfq.cloudfront.net\/2021\/08\/05151057\/04-15_at_12-07-33-768x512-1-1-300x200.jpeg 300w, https:\/\/dhg1h5j42swfq.cloudfront.net\/2021\/08\/05151057\/04-15_at_12-07-33-768x512-1-1-610x407.jpeg 610w\" sizes=\"auto, (max-width: 525px) 100vw, 525px\" \/><figcaption class=\"wp-element-caption\">Edif\u00edcio Sefaz AM | Imagem: divulga\u00e7\u00e3o<\/figcaption><\/figure>\n\n\n\n<p>Sendo assim, elaboramos este artigo a fim de elucidar o <strong>\u00faltimo concurso Sefaz AM<\/strong>, realizado em 2005, priorizando as principais informa\u00e7\u00f5es, tais como, cargos, vagas, valor de taxa, etapas, entre outros pontos. Afinal, a tend\u00eancia \u00e9 de que o \u00f3rg\u00e3o mantenha a mesma estrutura!<\/p>\n\n\n\n<h2 class=\"wp-block-heading\" id=\"h-ultimo-concurso-sefaz-am\">\u00daltimo concurso Sefaz AM<\/h2>\n\n\n\n<p>O \u00faltimo concurso Sefaz AM foi realizado em <strong>2005<\/strong>, sob organiza\u00e7\u00e3o da <strong><a href=\"https:\/\/concursos.pr4.ufrj.br\/\" target=\"_blank\" rel=\"noreferrer noopener\">URFJ<\/a><\/strong>. Na ocasi\u00e3o, foram ofertadas <strong>390 vagas<\/strong>&nbsp;para o quadro efetivo do \u00f3rg\u00e3o, distribu\u00eddas da seguinte forma:<\/p>\n\n\n\n<figure class=\"wp-block-table is-style-stripes\"><table class=\"has-background has-fixed-layout\" style=\"background-color:#e7f5fe\"><thead><tr><th class=\"has-text-align-center\" data-align=\"center\">Cargos<\/th><th class=\"has-text-align-center\" data-align=\"center\">Vagas<\/th><\/tr><\/thead><tbody><tr><td class=\"has-text-align-center\" data-align=\"center\">Analista de Tecnologia da Informa\u00e7\u00e3o da Fazenda Estadual<\/td><td class=\"has-text-align-center\" data-align=\"center\">15<\/td><\/tr><tr><td class=\"has-text-align-center\" data-align=\"center\">Analista do Tesouro Estadual<\/td><td class=\"has-text-align-center\" data-align=\"center\">25<\/td><\/tr><tr><td class=\"has-text-align-center\" data-align=\"center\">Auditor Fiscal de Tributos&nbsp;Estaduais<\/td><td class=\"has-text-align-center\" data-align=\"center\">100<\/td><\/tr><tr><td class=\"has-text-align-center\" data-align=\"center\">T\u00e9cnico da Fazenda Estadual<\/td><td class=\"has-text-align-center\" data-align=\"center\">50<\/td><\/tr><tr><td class=\"has-text-align-center\" data-align=\"center\">T\u00e9cnico&nbsp;de Arrecada\u00e7\u00e3o de Tributos Estaduais<\/td><td class=\"has-text-align-center\" data-align=\"center\">20<\/td><\/tr><tr><td class=\"has-text-align-center\" data-align=\"center\">Assistente Administrativo da&nbsp;Fazenda Estadual<\/td><td class=\"has-text-align-center\" data-align=\"center\">180<\/td><\/tr><\/tbody><\/table><\/figure>\n\n\n\n<p>Os interessados na sele\u00e7\u00e3o precisaram realizar o pagamento da taxa de inscri\u00e7\u00e3o, que ficou designada da seguinte forma: <\/p>\n\n\n\n<figure class=\"wp-block-image aligncenter size-large\"><img loading=\"lazy\" decoding=\"async\" width=\"544\" height=\"117\" src=\"https:\/\/dhg1h5j42swfq.cloudfront.net\/2021\/08\/05152308\/image-90.png\" alt=\"taxa de inscri\u00e7\u00e3o ultimo concurso sefaz am\" class=\"wp-image-829631\" srcset=\"https:\/\/dhg1h5j42swfq.cloudfront.net\/2021\/08\/05152308\/image-90.png 544w, https:\/\/dhg1h5j42swfq.cloudfront.net\/2021\/08\/05152308\/image-90-300x65.png 300w\" sizes=\"auto, (max-width: 544px) 100vw, 544px\" \/><\/figure>\n\n\n\n<p><strong>O certame foi composto pelas seguintes etapas:<\/strong><\/p>\n\n\n\n<ol class=\"wp-block-list\">\n<li><strong>Prova Objetiva<\/strong>, de car\u00e1ter eliminat\u00f3rio e classificat\u00f3rio, para os candidatos a todos os cargos; e<\/li>\n\n\n\n<li><strong>Curso de Forma\u00e7\u00e3o<\/strong>, espec\u00edfico para cada cargo<strong>,<\/strong>&nbsp;de car\u00e1ter eliminat\u00f3rio e classificat\u00f3rio, para os candidatos a todos&nbsp;os cargos.<\/li>\n<\/ol>\n\n\n\n<h3 class=\"wp-block-heading\" id=\"objetiva\">P<strong>rova Objetiva<\/strong><\/h3>\n\n\n\n<p>A Prova Objetiva contou com quest\u00f5es do tipo m\u00faltipla escolha com&nbsp;cinco alternativas e somente uma correta, versando da seguinte forma para cada cargo:<\/p>\n\n\n\n<h4 class=\"wp-block-heading\" id=\"h-auditor-fiscal\"><em><strong>Auditor Fiscal<\/strong><\/em><\/h4>\n\n\n\n<ul class=\"wp-block-list\">\n<li>L\u00edngua portuguesa \u2013 10 quest\u00f5es<\/li>\n\n\n\n<li>L\u00edngua Inglesa \u2013 06 quest\u00f5es<\/li>\n\n\n\n<li>Conhecimentos de Inform\u00e1tica \u2013 06 quest\u00f5es<\/li>\n\n\n\n<li>Contabilidade \u2013 24 quest\u00f5es<\/li>\n\n\n\n<li>Direito Tribut\u00e1rio \u2013 20 quest\u00f5es<\/li>\n\n\n\n<li>Legisla\u00e7\u00e3o Tribut\u00e1ria Estadual \u2013 20 quest\u00f5es<\/li>\n\n\n\n<li>Direito Administrativo \u2013 07 quest\u00f5es<\/li>\n\n\n\n<li>Direito Constitucional \u2013 07 quest\u00f5es<\/li>\n<\/ul>\n\n\n\n<h3 class=\"wp-block-heading\" id=\"h-requisitos\">Requisitos<\/h3>\n\n\n\n<p>Para os cargos de&nbsp;<strong>Auditor Fiscal de Tributos Estaduais \u2013 AFTE<\/strong>,&nbsp;<strong>T\u00e9cnico da Fazenda Estadual \u2013 TFE<\/strong>,&nbsp;<strong>Analista do Tesouro Estadual \u2013 ATE<\/strong>,&nbsp;<strong>Analista de Tecnologia da Informa\u00e7\u00e3o da Fazenda Estadual \u2013 ATIFE<\/strong>&nbsp;e&nbsp;<strong>T\u00e9cnico de Arrecada\u00e7\u00e3o de Tributos Estaduais \u2013 TATE<\/strong>, os <a href=\"https:\/\/www.estrategiaconcursos.com.br\/blog\/sefaz-am-requisitos\/\" target=\"_blank\" rel=\"noreferrer noopener\">requisitos <\/a>s\u00e3o os mesmos:<\/p>\n\n\n\n<ul class=\"wp-block-list\">\n<li><strong>a)<\/strong>&nbsp;Ter sido aprovado e classificado em todas as etapas;<\/li>\n\n\n\n<li><strong>b)&nbsp;<\/strong>Ter nacionalidade brasileira e, no caso de nacionalidade portuguesa, estar amparado pelo estatuto de igualdade entre brasileiros e portugueses, com reconhecimento do gozo dos direitos pol\u00edticos, nos termos do par\u00e1grafo 1\u00ba do artigo 12 da Constitui\u00e7\u00e3o da Rep\u00fablica Federativa do Brasil e na forma do disposto no artigo 13 do Decreto no<\/li>\n\n\n\n<li>70.436, de 18 de abril de 1972;<\/li>\n\n\n\n<li><strong>c)<\/strong>&nbsp;Ter idade m\u00ednima de 18 anos completos;<\/li>\n\n\n\n<li><strong>d)<\/strong>&nbsp;Estar em gozo dos direitos pol\u00edticos;<\/li>\n\n\n\n<li><strong>e)&nbsp;<\/strong>Estar quite com as obriga\u00e7\u00f5es militares e eleitorais;<\/li>\n\n\n\n<li><strong>f)&nbsp;<\/strong>Firmar declara\u00e7\u00e3o de n\u00e3o estar cumprindo san\u00e7\u00e3o por inidoneidade, aplicada por qualquer \u00f3rg\u00e3o p\u00fablico ou entidade da esfera federal, estadual ou municipal;<\/li>\n\n\n\n<li><strong>g)<\/strong>&nbsp;Possuir diploma de conclus\u00e3o de curso de gradua\u00e7\u00e3o de n\u00edvel superior em qualquer \u00e1rea de forma\u00e7\u00e3o;<\/li>\n\n\n\n<li><strong>h)&nbsp;<\/strong>Ser considerado APTO no exame m\u00e9dico pr\u00e9-admissional a ser realizado por meio de servi\u00e7os m\u00e9dicos credenciados ou contratados pela Secretaria de Estado da Fazenda, devendo o candidato apresentar os exames cl\u00ednicos e laboratoriais.<\/li>\n<\/ul>\n\n\n\n<p>J\u00e1 para a fun\u00e7\u00e3o de&nbsp;<strong>Assistente Administrativo da Fazenda Estadual \u2013 AAFE<\/strong>&nbsp;\u00e9 necess\u00e1rio possuir, al\u00e9m dos requisitos b\u00e1sicos, citados acima, certificado de conclus\u00e3o de curso de n\u00edvel m\u00e9dio (antigo segundo grau).<\/p>\n\n\n\n<p class=\"has-text-align-center\"><em>Para mais detalhes do certame, cujo artigo especifica detalhes do \u00faltimo concurso Sefaz AM, acesse o link abaixo. Preparamos um artigo completo, separado por t\u00f3picos, para que facilite a sua compreens\u00e3o:<\/em><\/p>\n\n\n\n<p class=\"has-text-align-center has-luminous-vivid-amber-background-color has-background\" style=\"font-size:clamp(15.197px, 0.95rem + ((1vw - 3.2px) * 0.765), 23px);px\"><strong>Saiba mais: <a href=\"https:\/\/www.estrategiaconcursos.com.br\/blog\/concurso-sefaz-am\/\" target=\"_blank\" rel=\"noreferrer noopener\">concurso Sefaz AM<\/a><\/strong><\/p>\n\n\n\n<hr class=\"wp-block-separator has-css-opacity\"\/>\n\n\n\n<h2 class=\"has-text-align-center wp-block-heading\" id=\"cursos\">Quer estudar para o concurso Sefaz AM?<\/h2>\n\n\n\n<div class=\"container\" id=\"boxes\">\n  <div class=\"row\">\n\n    <div class=\"col-sm\">\n      <div class=\"banner-fiscal-01\" id=\"box-assinatura\">\n        <h3 class=\"titulo-assinatura\">Concurso Sefaz AM<\/h3>\n        <p class=\"subtitulo-assinatura\">Conhe\u00e7a os cursos<\/p>\n        <div class=\"box-botao\">\n          <a class=\"btn-assinatura\" target=\"_blank\" href=\"https:\/\/www.estrategiaconcursos.com.br\/cursosPorConcurso\/sefaz-am-247\/\" role=\"button\" rel=\"noopener noreferrer\">Conhe\u00e7a mais<\/a>\n        <\/div>\n      <\/div>\n    \n    <\/div>\n\n  <\/div>\n<\/div>\n\n\n\n<div class=\"container\" id=\"boxes\">\n  <div class=\"row\">\n\n    <div class=\"col-sm\">\n      <div class=\"estrategia\" id=\"box-assinatura\">\n        <h3 class=\"titulo-assinatura\">Assinatura Concursos<\/h3>\n        <p class=\"subtitulo-assinatura\">Assinatura de 1 ano ou 2 anos<\/p>\n        <div class=\"box-botao\">\n          <a class=\"btn-assinatura\" target=\"_blank\" href=\"https:\/\/www.estrategiaconcursos.com.br\/assinaturas\/\" role=\"button\" rel=\"noopener noreferrer\">ASSINE AGORA<\/a>\n        <\/div>\n      <\/div>\n     \n    <\/div><\/div><\/div>\n\n\n\n<div class=\"container\" id=\"boxes\">\n  <div class=\"row\">\n\n    <div class=\"col-sm\" id=\"boxes-concursos\">\n      <div style=\"background-color: #005DAD;\" class=\"conteudo-concursos\" id=\"box-concursos\">\n        <h3 class=\"titulo-assinatura\">Concursos Abertos<\/h3>\n        <p class=\"subtitulo-assinatura\">Confira os editais publicados<\/p>\n        <div class=\"box-botao\">\n          <a class=\"btn-assinatura\" target=\"_blank\" href=\"https:\/\/www.estrategiaconcursos.com.br\/blog\/concursos-abertos\/\" role=\"button\" rel=\"noopener noreferrer\">Conhe\u00e7a Agora<\/a>\n        <\/div>\n      <\/div>\n    <\/div>\n\n    <div class=\"col-sm\" id=\"boxes-concursos\">\n      <div style=\"background-color: #1A7ED5;\" class=\"conteudo-concursos\" id=\"box-concursos\">\n        <h3 class=\"titulo-assinatura\">Concursos 2021<\/h3>\n        <p class=\"subtitulo-assinatura\">As oportunidades previstas<\/p>\n        <div class=\"box-botao\">\n          <a class=\"btn-assinatura\" target=\"_blank\" href=\"https:\/\/www.estrategiaconcursos.com.br\/blog\/concursos-2021\/\" role=\"button\" rel=\"noopener noreferrer\">Conhe\u00e7a Agora<\/a>\n        <\/div>\n      <\/div>\n    <\/div>\n\n    <div class=\"col-sm\" id=\"boxes-concursos\">\n      <div style=\"background-color: #419FF0;\" class=\"conteudo-concursos\" id=\"box-concursos\">\n        <h3 class=\"titulo-assinatura\">Concursos 2022<\/h3>\n        <p class=\"subtitulo-assinatura\">Vagas para o pr\u00f3ximo ano<\/p>\n        <div class=\"box-botao\">\n          <a class=\"btn-assinatura\" target=\"_blank\" href=\"https:\/\/www.estrategiaconcursos.com.br\/blog\/concursos-2022\/\" role=\"button\" rel=\"noopener noreferrer\">Conhe\u00e7a Agora<\/a>\n        <\/div>\n      <\/div>\n    <\/div>\n\n  <\/div>\n<\/div>\n\n\n\n<p><\/p>\n","protected":false},"excerpt":{"rendered":"<p>Ap\u00f3s a comiss\u00e3o ser formada para o pr\u00f3ximo concurso da Secretaria de Estado da Fazenda do Amazonas, os candidatos provavelmente ir\u00e3o correr atr\u00e1s para saber os detalhes do \u00faltimo concurso Sefaz AM. Afinal, a \u00faltima sele\u00e7\u00e3o trar\u00e1 informa\u00e7\u00f5es important\u00edssimas, que guiar\u00e3o os estudos pr\u00e9-edital. Sendo assim, elaboramos este artigo a fim de elucidar o \u00faltimo [&hellip;]<\/p>\n","protected":false},"author":2018,"featured_media":729964,"comment_status":"open","ping_status":"closed","sticky":false,"template":"","format":"standard","meta":{"post_tipo":"news","footnotes":""},"categories":[1983,220219],"tags":[],"tax_estado":[219966],"class_list":["post-829605","post","type-post","status-publish","format-standard","has-post-thumbnail","hentry","category-fiscal-estadual","category-noticias","tax_estado-am"],"acf":[],"yoast_head":"<!-- This site is optimized with the Yoast SEO Premium plugin v27.2 (Yoast SEO v27.2) - https:\/\/yoast.com\/product\/yoast-seo-premium-wordpress\/ -->\n<title>Como foi o \u00faltimo concurso Sefaz AM? Saiba todos os detalhes!<\/title>\n<meta name=\"description\" content=\"Saiba as principais informa\u00e7\u00f5es sobre o \u00faltimo concurso Sefaz AM, realizado em 2005. Al\u00e9m disso, atualize-se com todas as novidades!\" \/>\n<meta name=\"robots\" content=\"index, follow, max-snippet:-1, max-image-preview:large, max-video-preview:-1\" \/>\n<link rel=\"canonical\" href=\"https:\/\/www.estrategiaconcursos.com.br\/blog\/ultimo-concurso-sefaz-am\/\" \/>\n<meta property=\"og:locale\" content=\"pt_BR\" \/>\n<meta property=\"og:type\" content=\"article\" \/>\n<meta property=\"og:title\" content=\"Como foi o \u00faltimo concurso Sefaz AM? Saiba todos os detalhes!\" \/>\n<meta property=\"og:description\" content=\"Saiba as principais informa\u00e7\u00f5es sobre o \u00faltimo concurso Sefaz AM, realizado em 2005. Al\u00e9m disso, atualize-se com todas as novidades!\" \/>\n<meta property=\"og:url\" content=\"https:\/\/www.estrategiaconcursos.com.br\/blog\/ultimo-concurso-sefaz-am\/\" \/>\n<meta property=\"og:site_name\" content=\"Estrat\u00e9gia Concursos\" \/>\n<meta property=\"article:published_time\" content=\"2021-08-05T18:30:56+00:00\" \/>\n<meta property=\"article:modified_time\" content=\"2023-02-06T19:15:49+00:00\" \/>\n<meta property=\"og:image\" content=\"https:\/\/dhg1h5j42swfq.cloudfront.net\/2021\/04\/03153919\/sefaz-am.jpg\" \/>\n\t<meta property=\"og:image:width\" content=\"768\" \/>\n\t<meta property=\"og:image:height\" content=\"432\" \/>\n\t<meta property=\"og:image:type\" content=\"image\/jpeg\" \/>\n<meta name=\"author\" content=\"B\u00e1rbara Carvalho Santos\" \/>\n<meta name=\"twitter:card\" content=\"summary_large_image\" \/>\n<meta name=\"twitter:creator\" content=\"@EstratConcursos\" \/>\n<meta name=\"twitter:site\" content=\"@EstratConcursos\" \/>\n<meta name=\"twitter:label1\" content=\"Escrito por\" \/>\n\t<meta name=\"twitter:data1\" content=\"B\u00e1rbara Carvalho Santos\" \/>\n\t<meta name=\"twitter:label2\" content=\"Est. tempo de leitura\" \/>\n\t<meta name=\"twitter:data2\" content=\"4 minutos\" \/>\n<script type=\"application\/ld+json\" class=\"yoast-schema-graph\">{\"@context\":\"https:\/\/schema.org\",\"@graph\":[{\"@type\":\"NewsArticle\",\"@id\":\"https:\/\/www.estrategiaconcursos.com.br\/blog\/ultimo-concurso-sefaz-am\/#article\",\"isPartOf\":{\"@id\":\"https:\/\/www.estrategiaconcursos.com.br\/blog\/ultimo-concurso-sefaz-am\/\"},\"author\":{\"name\":\"B\u00e1rbara Carvalho Santos\",\"@id\":\"https:\/\/www.estrategiaconcursos.com.br\/blog\/#\/schema\/person\/e3882259fa157d54c44c21f4ee4e0e60\"},\"headline\":\"Como foi o \u00faltimo concurso Sefaz AM? Saiba todos os detalhes!\",\"datePublished\":\"2021-08-05T18:30:56+00:00\",\"dateModified\":\"2023-02-06T19:15:49+00:00\",\"mainEntityOfPage\":{\"@id\":\"https:\/\/www.estrategiaconcursos.com.br\/blog\/ultimo-concurso-sefaz-am\/\"},\"wordCount\":708,\"commentCount\":0,\"publisher\":{\"@id\":\"https:\/\/www.estrategiaconcursos.com.br\/blog\/#organization\"},\"image\":{\"@id\":\"https:\/\/www.estrategiaconcursos.com.br\/blog\/ultimo-concurso-sefaz-am\/#primaryimage\"},\"thumbnailUrl\":\"https:\/\/dhg1h5j42swfq.cloudfront.net\/2021\/04\/03153919\/sefaz-am.jpg\",\"articleSection\":[\"Fiscal - Estadual (ICMS)\",\"\u00daltimas not\u00edcias\"],\"inLanguage\":\"pt-BR\",\"potentialAction\":[{\"@type\":\"CommentAction\",\"name\":\"Comment\",\"target\":[\"https:\/\/www.estrategiaconcursos.com.br\/blog\/ultimo-concurso-sefaz-am\/#respond\"]}],\"copyrightYear\":\"2021\",\"copyrightHolder\":{\"@id\":\"https:\/\/www.estrategiaconcursos.com.br\/blog\/#organization\"}},{\"@type\":\"WebPage\",\"@id\":\"https:\/\/www.estrategiaconcursos.com.br\/blog\/ultimo-concurso-sefaz-am\/\",\"url\":\"https:\/\/www.estrategiaconcursos.com.br\/blog\/ultimo-concurso-sefaz-am\/\",\"name\":\"Como foi o \u00faltimo concurso Sefaz AM? Saiba todos os detalhes!\",\"isPartOf\":{\"@id\":\"https:\/\/www.estrategiaconcursos.com.br\/blog\/#website\"},\"primaryImageOfPage\":{\"@id\":\"https:\/\/www.estrategiaconcursos.com.br\/blog\/ultimo-concurso-sefaz-am\/#primaryimage\"},\"image\":{\"@id\":\"https:\/\/www.estrategiaconcursos.com.br\/blog\/ultimo-concurso-sefaz-am\/#primaryimage\"},\"thumbnailUrl\":\"https:\/\/dhg1h5j42swfq.cloudfront.net\/2021\/04\/03153919\/sefaz-am.jpg\",\"datePublished\":\"2021-08-05T18:30:56+00:00\",\"dateModified\":\"2023-02-06T19:15:49+00:00\",\"description\":\"Saiba as principais informa\u00e7\u00f5es sobre o \u00faltimo concurso Sefaz AM, realizado em 2005. Al\u00e9m disso, atualize-se com todas as novidades!\",\"breadcrumb\":{\"@id\":\"https:\/\/www.estrategiaconcursos.com.br\/blog\/ultimo-concurso-sefaz-am\/#breadcrumb\"},\"inLanguage\":\"pt-BR\",\"potentialAction\":[{\"@type\":\"ReadAction\",\"target\":[\"https:\/\/www.estrategiaconcursos.com.br\/blog\/ultimo-concurso-sefaz-am\/\"]}]},{\"@type\":\"ImageObject\",\"inLanguage\":\"pt-BR\",\"@id\":\"https:\/\/www.estrategiaconcursos.com.br\/blog\/ultimo-concurso-sefaz-am\/#primaryimage\",\"url\":\"https:\/\/dhg1h5j42swfq.cloudfront.net\/2021\/04\/03153919\/sefaz-am.jpg\",\"contentUrl\":\"https:\/\/dhg1h5j42swfq.cloudfront.net\/2021\/04\/03153919\/sefaz-am.jpg\",\"width\":768,\"height\":432,\"caption\":\"Inscritos Sefaz AM\"},{\"@type\":\"BreadcrumbList\",\"@id\":\"https:\/\/www.estrategiaconcursos.com.br\/blog\/ultimo-concurso-sefaz-am\/#breadcrumb\",\"itemListElement\":[{\"@type\":\"ListItem\",\"position\":1,\"name\":\"In\u00edcio\",\"item\":\"https:\/\/www.estrategiaconcursos.com.br\/blog\/\"},{\"@type\":\"ListItem\",\"position\":2,\"name\":\"Como foi o \u00faltimo concurso Sefaz AM? Saiba todos os detalhes!\"}]},{\"@type\":\"WebSite\",\"@id\":\"https:\/\/www.estrategiaconcursos.com.br\/blog\/#website\",\"url\":\"https:\/\/www.estrategiaconcursos.com.br\/blog\/\",\"name\":\"Estrat\u00e9gia Concursos\",\"description\":\"O blog da Estrat\u00e9gia Concursos traz not\u00edcias sobre concursos e artigos de professores oferecendo cursos para concursos (pdf + videaulas) no site.\",\"publisher\":{\"@id\":\"https:\/\/www.estrategiaconcursos.com.br\/blog\/#organization\"},\"potentialAction\":[{\"@type\":\"SearchAction\",\"target\":{\"@type\":\"EntryPoint\",\"urlTemplate\":\"https:\/\/www.estrategiaconcursos.com.br\/blog\/?s={search_term_string}\"},\"query-input\":{\"@type\":\"PropertyValueSpecification\",\"valueRequired\":true,\"valueName\":\"search_term_string\"}}],\"inLanguage\":\"pt-BR\"},{\"@type\":\"Organization\",\"@id\":\"https:\/\/www.estrategiaconcursos.com.br\/blog\/#organization\",\"name\":\"Estrat\u00e9gia Concursos\",\"url\":\"https:\/\/www.estrategiaconcursos.com.br\/blog\/\",\"logo\":{\"@type\":\"ImageObject\",\"inLanguage\":\"pt-BR\",\"@id\":\"https:\/\/www.estrategiaconcursos.com.br\/blog\/#\/schema\/logo\/image\/\",\"url\":\"https:\/\/dhg1h5j42swfq.cloudfront.net\/2025\/06\/03203428\/logo_concursos-1.jpg\",\"contentUrl\":\"https:\/\/dhg1h5j42swfq.cloudfront.net\/2025\/06\/03203428\/logo_concursos-1.jpg\",\"width\":230,\"height\":60,\"caption\":\"Estrat\u00e9gia Concursos\"},\"image\":{\"@id\":\"https:\/\/www.estrategiaconcursos.com.br\/blog\/#\/schema\/logo\/image\/\"},\"sameAs\":[\"https:\/\/x.com\/EstratConcursos\"]},{\"@type\":\"Person\",\"@id\":\"https:\/\/www.estrategiaconcursos.com.br\/blog\/#\/schema\/person\/e3882259fa157d54c44c21f4ee4e0e60\",\"name\":\"B\u00e1rbara Carvalho Santos\",\"image\":{\"@type\":\"ImageObject\",\"inLanguage\":\"pt-BR\",\"@id\":\"https:\/\/secure.gravatar.com\/avatar\/353300f73140f779692b9be2b39f434d1341e4e34c7f55bd5a990fe29ef352eb?s=96&d=mm&r=g\",\"url\":\"https:\/\/secure.gravatar.com\/avatar\/353300f73140f779692b9be2b39f434d1341e4e34c7f55bd5a990fe29ef352eb?s=96&d=mm&r=g\",\"contentUrl\":\"https:\/\/secure.gravatar.com\/avatar\/353300f73140f779692b9be2b39f434d1341e4e34c7f55bd5a990fe29ef352eb?s=96&d=mm&r=g\",\"caption\":\"B\u00e1rbara Carvalho Santos\"},\"description\":\"M\u00e3e e jornalista formada pela UNIP, possui ampla experi\u00eancia na cobertura de entretenimento em grandes ve\u00edculos, como o site da CNN, RedeTV! e Estrat\u00e9gia Educacional. Atuou tamb\u00e9m em ag\u00eancias de marketing, produtoras musicais e assessorias de imprensa, com foco especial no trabalho com personalidades p\u00fablicas. Atualmente, integra a equipe do Estrat\u00e9gia Concursos, onde \u00e9 respons\u00e1vel pela produ\u00e7\u00e3o de conte\u00fados estrat\u00e9gicos voltados para o setor de concursos p\u00fablicos, com destaque para a \u00e1rea fiscal, gest\u00e3o, controle, concursos administrativos e Minist\u00e9rios participantes do CNU, al\u00e9m de diversos \u00f3rg\u00e3os federais. Tem como miss\u00e3o transformar informa\u00e7\u00f5es complexas em conte\u00fados acess\u00edveis, relevantes e de alto valor para quem sonha com uma carreira no servi\u00e7o p\u00fablico.\",\"url\":\"https:\/\/www.estrategiaconcursos.com.br\/blog\/author\/barbara-santos\/\"}]}<\/script>\n<!-- \/ Yoast SEO Premium plugin. -->","yoast_head_json":{"title":"Como foi o \u00faltimo concurso Sefaz AM? Saiba todos os detalhes!","description":"Saiba as principais informa\u00e7\u00f5es sobre o \u00faltimo concurso Sefaz AM, realizado em 2005. Al\u00e9m disso, atualize-se com todas as novidades!","robots":{"index":"index","follow":"follow","max-snippet":"max-snippet:-1","max-image-preview":"max-image-preview:large","max-video-preview":"max-video-preview:-1"},"canonical":"https:\/\/www.estrategiaconcursos.com.br\/blog\/ultimo-concurso-sefaz-am\/","og_locale":"pt_BR","og_type":"article","og_title":"Como foi o \u00faltimo concurso Sefaz AM? Saiba todos os detalhes!","og_description":"Saiba as principais informa\u00e7\u00f5es sobre o \u00faltimo concurso Sefaz AM, realizado em 2005. Al\u00e9m disso, atualize-se com todas as novidades!","og_url":"https:\/\/www.estrategiaconcursos.com.br\/blog\/ultimo-concurso-sefaz-am\/","og_site_name":"Estrat\u00e9gia Concursos","article_published_time":"2021-08-05T18:30:56+00:00","article_modified_time":"2023-02-06T19:15:49+00:00","og_image":[{"width":768,"height":432,"url":"https:\/\/dhg1h5j42swfq.cloudfront.net\/2021\/04\/03153919\/sefaz-am.jpg","type":"image\/jpeg"}],"author":"B\u00e1rbara Carvalho Santos","twitter_card":"summary_large_image","twitter_creator":"@EstratConcursos","twitter_site":"@EstratConcursos","twitter_misc":{"Escrito por":"B\u00e1rbara Carvalho Santos","Est. tempo de leitura":"4 minutos"},"schema":{"@context":"https:\/\/schema.org","@graph":[{"@type":"NewsArticle","@id":"https:\/\/www.estrategiaconcursos.com.br\/blog\/ultimo-concurso-sefaz-am\/#article","isPartOf":{"@id":"https:\/\/www.estrategiaconcursos.com.br\/blog\/ultimo-concurso-sefaz-am\/"},"author":{"name":"B\u00e1rbara Carvalho Santos","@id":"https:\/\/www.estrategiaconcursos.com.br\/blog\/#\/schema\/person\/e3882259fa157d54c44c21f4ee4e0e60"},"headline":"Como foi o \u00faltimo concurso Sefaz AM? Saiba todos os detalhes!","datePublished":"2021-08-05T18:30:56+00:00","dateModified":"2023-02-06T19:15:49+00:00","mainEntityOfPage":{"@id":"https:\/\/www.estrategiaconcursos.com.br\/blog\/ultimo-concurso-sefaz-am\/"},"wordCount":708,"commentCount":0,"publisher":{"@id":"https:\/\/www.estrategiaconcursos.com.br\/blog\/#organization"},"image":{"@id":"https:\/\/www.estrategiaconcursos.com.br\/blog\/ultimo-concurso-sefaz-am\/#primaryimage"},"thumbnailUrl":"https:\/\/dhg1h5j42swfq.cloudfront.net\/2021\/04\/03153919\/sefaz-am.jpg","articleSection":["Fiscal - Estadual (ICMS)","\u00daltimas not\u00edcias"],"inLanguage":"pt-BR","potentialAction":[{"@type":"CommentAction","name":"Comment","target":["https:\/\/www.estrategiaconcursos.com.br\/blog\/ultimo-concurso-sefaz-am\/#respond"]}],"copyrightYear":"2021","copyrightHolder":{"@id":"https:\/\/www.estrategiaconcursos.com.br\/blog\/#organization"}},{"@type":"WebPage","@id":"https:\/\/www.estrategiaconcursos.com.br\/blog\/ultimo-concurso-sefaz-am\/","url":"https:\/\/www.estrategiaconcursos.com.br\/blog\/ultimo-concurso-sefaz-am\/","name":"Como foi o \u00faltimo concurso Sefaz AM? Saiba todos os detalhes!","isPartOf":{"@id":"https:\/\/www.estrategiaconcursos.com.br\/blog\/#website"},"primaryImageOfPage":{"@id":"https:\/\/www.estrategiaconcursos.com.br\/blog\/ultimo-concurso-sefaz-am\/#primaryimage"},"image":{"@id":"https:\/\/www.estrategiaconcursos.com.br\/blog\/ultimo-concurso-sefaz-am\/#primaryimage"},"thumbnailUrl":"https:\/\/dhg1h5j42swfq.cloudfront.net\/2021\/04\/03153919\/sefaz-am.jpg","datePublished":"2021-08-05T18:30:56+00:00","dateModified":"2023-02-06T19:15:49+00:00","description":"Saiba as principais informa\u00e7\u00f5es sobre o \u00faltimo concurso Sefaz AM, realizado em 2005. Al\u00e9m disso, atualize-se com todas as novidades!","breadcrumb":{"@id":"https:\/\/www.estrategiaconcursos.com.br\/blog\/ultimo-concurso-sefaz-am\/#breadcrumb"},"inLanguage":"pt-BR","potentialAction":[{"@type":"ReadAction","target":["https:\/\/www.estrategiaconcursos.com.br\/blog\/ultimo-concurso-sefaz-am\/"]}]},{"@type":"ImageObject","inLanguage":"pt-BR","@id":"https:\/\/www.estrategiaconcursos.com.br\/blog\/ultimo-concurso-sefaz-am\/#primaryimage","url":"https:\/\/dhg1h5j42swfq.cloudfront.net\/2021\/04\/03153919\/sefaz-am.jpg","contentUrl":"https:\/\/dhg1h5j42swfq.cloudfront.net\/2021\/04\/03153919\/sefaz-am.jpg","width":768,"height":432,"caption":"Inscritos Sefaz AM"},{"@type":"BreadcrumbList","@id":"https:\/\/www.estrategiaconcursos.com.br\/blog\/ultimo-concurso-sefaz-am\/#breadcrumb","itemListElement":[{"@type":"ListItem","position":1,"name":"In\u00edcio","item":"https:\/\/www.estrategiaconcursos.com.br\/blog\/"},{"@type":"ListItem","position":2,"name":"Como foi o \u00faltimo concurso Sefaz AM? Saiba todos os detalhes!"}]},{"@type":"WebSite","@id":"https:\/\/www.estrategiaconcursos.com.br\/blog\/#website","url":"https:\/\/www.estrategiaconcursos.com.br\/blog\/","name":"Estrat\u00e9gia Concursos","description":"O blog da Estrat\u00e9gia Concursos traz not\u00edcias sobre concursos e artigos de professores oferecendo cursos para concursos (pdf + videaulas) no site.","publisher":{"@id":"https:\/\/www.estrategiaconcursos.com.br\/blog\/#organization"},"potentialAction":[{"@type":"SearchAction","target":{"@type":"EntryPoint","urlTemplate":"https:\/\/www.estrategiaconcursos.com.br\/blog\/?s={search_term_string}"},"query-input":{"@type":"PropertyValueSpecification","valueRequired":true,"valueName":"search_term_string"}}],"inLanguage":"pt-BR"},{"@type":"Organization","@id":"https:\/\/www.estrategiaconcursos.com.br\/blog\/#organization","name":"Estrat\u00e9gia Concursos","url":"https:\/\/www.estrategiaconcursos.com.br\/blog\/","logo":{"@type":"ImageObject","inLanguage":"pt-BR","@id":"https:\/\/www.estrategiaconcursos.com.br\/blog\/#\/schema\/logo\/image\/","url":"https:\/\/dhg1h5j42swfq.cloudfront.net\/2025\/06\/03203428\/logo_concursos-1.jpg","contentUrl":"https:\/\/dhg1h5j42swfq.cloudfront.net\/2025\/06\/03203428\/logo_concursos-1.jpg","width":230,"height":60,"caption":"Estrat\u00e9gia Concursos"},"image":{"@id":"https:\/\/www.estrategiaconcursos.com.br\/blog\/#\/schema\/logo\/image\/"},"sameAs":["https:\/\/x.com\/EstratConcursos"]},{"@type":"Person","@id":"https:\/\/www.estrategiaconcursos.com.br\/blog\/#\/schema\/person\/e3882259fa157d54c44c21f4ee4e0e60","name":"B\u00e1rbara Carvalho Santos","image":{"@type":"ImageObject","inLanguage":"pt-BR","@id":"https:\/\/secure.gravatar.com\/avatar\/353300f73140f779692b9be2b39f434d1341e4e34c7f55bd5a990fe29ef352eb?s=96&d=mm&r=g","url":"https:\/\/secure.gravatar.com\/avatar\/353300f73140f779692b9be2b39f434d1341e4e34c7f55bd5a990fe29ef352eb?s=96&d=mm&r=g","contentUrl":"https:\/\/secure.gravatar.com\/avatar\/353300f73140f779692b9be2b39f434d1341e4e34c7f55bd5a990fe29ef352eb?s=96&d=mm&r=g","caption":"B\u00e1rbara Carvalho Santos"},"description":"M\u00e3e e jornalista formada pela UNIP, possui ampla experi\u00eancia na cobertura de entretenimento em grandes ve\u00edculos, como o site da CNN, RedeTV! e Estrat\u00e9gia Educacional. Atuou tamb\u00e9m em ag\u00eancias de marketing, produtoras musicais e assessorias de imprensa, com foco especial no trabalho com personalidades p\u00fablicas. Atualmente, integra a equipe do Estrat\u00e9gia Concursos, onde \u00e9 respons\u00e1vel pela produ\u00e7\u00e3o de conte\u00fados estrat\u00e9gicos voltados para o setor de concursos p\u00fablicos, com destaque para a \u00e1rea fiscal, gest\u00e3o, controle, concursos administrativos e Minist\u00e9rios participantes do CNU, al\u00e9m de diversos \u00f3rg\u00e3os federais. Tem como miss\u00e3o transformar informa\u00e7\u00f5es complexas em conte\u00fados acess\u00edveis, relevantes e de alto valor para quem sonha com uma carreira no servi\u00e7o p\u00fablico.","url":"https:\/\/www.estrategiaconcursos.com.br\/blog\/author\/barbara-santos\/"}]}},"_links":{"self":[{"href":"https:\/\/www.estrategiaconcursos.com.br\/blog\/wp-json\/wp\/v2\/posts\/829605","targetHints":{"allow":["GET"]}}],"collection":[{"href":"https:\/\/www.estrategiaconcursos.com.br\/blog\/wp-json\/wp\/v2\/posts"}],"about":[{"href":"https:\/\/www.estrategiaconcursos.com.br\/blog\/wp-json\/wp\/v2\/types\/post"}],"author":[{"embeddable":true,"href":"https:\/\/www.estrategiaconcursos.com.br\/blog\/wp-json\/wp\/v2\/users\/2018"}],"replies":[{"embeddable":true,"href":"https:\/\/www.estrategiaconcursos.com.br\/blog\/wp-json\/wp\/v2\/comments?post=829605"}],"version-history":[{"count":10,"href":"https:\/\/www.estrategiaconcursos.com.br\/blog\/wp-json\/wp\/v2\/posts\/829605\/revisions"}],"predecessor-version":[{"id":1165920,"href":"https:\/\/www.estrategiaconcursos.com.br\/blog\/wp-json\/wp\/v2\/posts\/829605\/revisions\/1165920"}],"wp:featuredmedia":[{"embeddable":true,"href":"https:\/\/www.estrategiaconcursos.com.br\/blog\/wp-json\/wp\/v2\/media\/729964"}],"wp:attachment":[{"href":"https:\/\/www.estrategiaconcursos.com.br\/blog\/wp-json\/wp\/v2\/media?parent=829605"}],"wp:term":[{"taxonomy":"category","embeddable":true,"href":"https:\/\/www.estrategiaconcursos.com.br\/blog\/wp-json\/wp\/v2\/categories?post=829605"},{"taxonomy":"post_tag","embeddable":true,"href":"https:\/\/www.estrategiaconcursos.com.br\/blog\/wp-json\/wp\/v2\/tags?post=829605"},{"taxonomy":"tax_estado","embeddable":true,"href":"https:\/\/www.estrategiaconcursos.com.br\/blog\/wp-json\/wp\/v2\/tax_estado?post=829605"}],"curies":[{"name":"wp","href":"https:\/\/api.w.org\/{rel}","templated":true}]}}