{"id":829347,"date":"2021-08-05T11:00:00","date_gmt":"2021-08-05T14:00:00","guid":{"rendered":"https:\/\/www.estrategiaconcursos.com.br\/blog\/?p=829347"},"modified":"2021-08-06T13:56:42","modified_gmt":"2021-08-06T16:56:42","slug":"emdec-validade-prorrogada","status":"publish","type":"post","link":"https:\/\/www.estrategiaconcursos.com.br\/blog\/emdec-validade-prorrogada\/","title":{"rendered":"EMDEC tem validade prorrogada at\u00e9 2023; Saiba mais!"},"content":{"rendered":"\n<p>Aten\u00e7\u00e3o, corujinhas! De acordo com documento publicado no Di\u00e1rio Oficial de Campinas, nesta quinta-feira, 05 de agosto de 2021, o concurso p\u00fablico da&nbsp;Empresa Municipal de Desenvolvimento de Campinas&nbsp;(<strong>EMDEC<\/strong>) teve sua validade prorrogada.<\/p>\n\n\n\n<p><strong>Confira na \u00edntegra: <\/strong><\/p>\n\n\n\n<div class=\"wp-block-image\"><figure class=\"aligncenter size-large is-resized\"><img loading=\"lazy\" decoding=\"async\" src=\"https:\/\/dhg1h5j42swfq.cloudfront.net\/2021\/08\/05143434\/image-80-1.png\" alt=\"EMDEC tem validade prorrogada at\u00e9 2023 \" class=\"wp-image-829575\" width=\"611\" height=\"236\" srcset=\"https:\/\/dhg1h5j42swfq.cloudfront.net\/2021\/08\/05143434\/image-80-1.png 712w, https:\/\/dhg1h5j42swfq.cloudfront.net\/2021\/08\/05143434\/image-80-1-300x116.png 300w, https:\/\/dhg1h5j42swfq.cloudfront.net\/2021\/08\/05143434\/image-80-1-610x236.png 610w\" sizes=\"auto, (max-width: 611px) 100vw, 611px\" \/><\/figure><\/div>\n\n\n\n<p>Desta forma, as sele\u00e7\u00f5es seguem&nbsp;<strong>vigentes at\u00e9 2022 e 2023<\/strong>. Tal decis\u00e3o foi necess\u00e1ria por conta do per\u00edodo de suspens\u00e3o de ambos os certames, que iniciou em 1\u00ba de janeiro e ir\u00e1 at\u00e9 31 de dezembro de 2021. <\/p>\n\n\n\n<div class=\"wp-block-image\"><figure class=\"aligncenter size-large is-resized\"><img loading=\"lazy\" decoding=\"async\" src=\"https:\/\/dhg1h5j42swfq.cloudfront.net\/2021\/08\/05144132\/86e16b475f3b0399c31f344a824749f3.jpg\" alt=\"Entrada da sede da Empresa Municipal de Desenvolvimento de Campinas (Emdec) | Imagem: divulga\u00e7\u00e3o\n\" class=\"wp-image-829586\" width=\"500\" height=\"375\" srcset=\"https:\/\/dhg1h5j42swfq.cloudfront.net\/2021\/08\/05144132\/86e16b475f3b0399c31f344a824749f3.jpg 640w, https:\/\/dhg1h5j42swfq.cloudfront.net\/2021\/08\/05144132\/86e16b475f3b0399c31f344a824749f3-300x225.jpg 300w, https:\/\/dhg1h5j42swfq.cloudfront.net\/2021\/08\/05144132\/86e16b475f3b0399c31f344a824749f3-610x458.jpg 610w\" sizes=\"auto, (max-width: 500px) 100vw, 500px\" \/><figcaption>Entrada da sede da Empresa Municipal de Desenvolvimento de Campinas (Emdec) | Imagem: divulga\u00e7\u00e3o<br \/><\/figcaption><\/figure><\/div>\n\n\n\n<p>Vale refor\u00e7ar que o \u00faltimo concurso EMDEC Campinas foi realizado em 2019. Na ocasi\u00e3o, <strong>18 vagas<\/strong>&nbsp;foram ofertadas para diversos cargos de n\u00edveis m\u00e9dio, t\u00e9cnico e superior. A organiza\u00e7\u00e3o ficou por conta do Instituto Brasileiro de Forma\u00e7\u00e3o e Capacita\u00e7\u00e3o (<a href=\"https:\/\/www.ibfc.org.br\/concurso\/concurso_selecionado\/342\" target=\"_blank\" rel=\"noreferrer noopener\">IBFC<\/a>).<\/p>\n\n\n\n<p>A sele\u00e7\u00e3o constou de <strong>Prova Objetiva<\/strong> para todos os cargos, com dura\u00e7\u00e3o de 03 horas. Al\u00e9m disso, houve a cobran\u00e7a de&nbsp;<strong>Avalia\u00e7\u00e3o Psicol\u00f3gica<\/strong>&nbsp;para os inscritos nos cargos de Agente da Mobilidade Urbana Jr e Controlador de Tr\u00e2nsito e Transporte Jr. E, ainda,&nbsp;<strong>Teste de Aptid\u00e3o F\u00edsica<\/strong>&nbsp;para os cargos de Oficial de Manuten\u00e7\u00e3o Jr e Agente de Mobilidade Urbana Jr. <\/p>\n\n\n\n<h2 class=\"wp-block-heading\" id=\"h-sobre-a-emdec\">Sobre a EMDEC<\/h2>\n\n\n\n<p>A Empresa Municipal de Desenvolvimento de Campinas (Emdec) \u00e9 uma sociedade de economia mista que executa, direta ou indiretamente, os servi\u00e7os, atividades e fun\u00e7\u00f5es da Secretaria Municipal de Transportes de Campinas-SP. A Emdec integra a Administra\u00e7\u00e3o Indireta do munic\u00edpio.<\/p>\n\n\n\n<p>O \u00f3rg\u00e3o realiza a gest\u00e3o do tr\u00e2nsito de Campinas, \u00fanica metr\u00f3pole brasileira que n\u00e3o \u00e9 capital. O munic\u00edpio possui aproximadamente 1,2 milh\u00e3o de habitantes e mais de 900 mil ve\u00edculos licenciados.&nbsp;<\/p>\n\n\n\n<p>As a\u00e7\u00f5es de planejamento, opera\u00e7\u00e3o e educa\u00e7\u00e3o t\u00eam por objetivo garantir uma circula\u00e7\u00e3o segura, eficiente e sustent\u00e1vel. Entre as atribui\u00e7\u00f5es da Emdec, incluem-se projetos vi\u00e1rios\/sinaliza\u00e7\u00e3o, fiscaliza\u00e7\u00e3o, monitoramento\/operacionaliza\u00e7\u00e3o de tr\u00e2nsito e campanhas de conscientiza\u00e7\u00e3o.&nbsp;<\/p>\n\n\n\n<p class=\"has-text-align-center\"><em>Para mais detalhes do concurso EMDEC, cuja sele\u00e7\u00e3o teve validade prorrogada at\u00e9 2023, acesse o link abaixo. Preparamos um artigo completo, separado por t\u00f3picos, para que facilite a sua compreens\u00e3o:<\/em><\/p>\n\n\n\n<p class=\"has-text-align-center has-luminous-vivid-amber-background-color has-background\" style=\"font-size:clamp(14px, 0.875rem + ((1vw - 3.2px) * 0.392), 18px);px\"><strong>Saiba mais: <a href=\"https:\/\/www.estrategiaconcursos.com.br\/blog\/concurso-emdec-campinas\/\" target=\"_blank\" rel=\"noreferrer noopener\">concurso EMDEC<\/a><\/strong><\/p>\n\n\n\n<hr class=\"wp-block-separator\"\/>\n\n\n\n<h2 class=\"has-text-align-center wp-block-heading\" id=\"assinatura-e-cursos\">Assinatura e cursos para o concurso EMDEC<\/h2>\n\n\n\n<div class=\"container\" id=\"boxes\">\n  <div class=\"row\">\n\n    <div class=\"col-sm\">\n      <div class=\"banner-estrategia\" id=\"box-assinatura\">\n        <h3 class=\"titulo-assinatura\">Cursos para concursos<\/h3>\n        <p class=\"subtitulo-assinatura\">Estude conosco<\/p>\n        <div class=\"box-botao\">\n          <a class=\"btn-assinatura\" target=\"_blank\" href=\"https:\/\/www.estrategiaconcursos.com.br\/cursosPorConcurso\/empresa-municipal-de-desenvolvimento-de-campinas-emdec-campinas\/\" role=\"button\" rel=\"noopener noreferrer\">Conhe\u00e7a os cursos<\/a>\n        <\/div>\n      <\/div>\n     \n    <\/div>\n\n  <\/div>\n<\/div>\n\n\n\n<div class=\"container\" id=\"boxes\">\n  <div class=\"row\">\n\n    <div class=\"col-sm\">\n      <div class=\"estrategia\" id=\"box-assinatura\">\n        <h3 class=\"titulo-assinatura\">Assinatura Concursos<\/h3>\n        <p class=\"subtitulo-assinatura\">Assinatura de 1 ano ou 2 anos<\/p>\n        <div class=\"box-botao\">\n          <a class=\"btn-assinatura\" target=\"_blank\" href=\"https:\/\/www.estrategiaconcursos.com.br\/assinaturas\/\" role=\"button\" rel=\"noopener noreferrer\">ASSINE AGORA<\/a>\n        <\/div>\n      <\/div><\/div><\/div><\/div>\n\n\n\n<div class=\"container\" id=\"boxes\">\n  <div class=\"row\">\n\n    <div class=\"col-sm\" id=\"boxes-concursos\">\n      <div style=\"background-color: #005DAD;\" class=\"conteudo-concursos\" id=\"box-concursos\">\n        <h3 class=\"titulo-assinatura\">Concursos Abertos<\/h3>\n        <p class=\"subtitulo-assinatura\">Confira os editais publicados<\/p>\n        <div class=\"box-botao\">\n          <a class=\"btn-assinatura\" target=\"_blank\" href=\"https:\/\/www.estrategiaconcursos.com.br\/blog\/concursos-abertos\/\" role=\"button\" rel=\"noopener noreferrer\">Conhe\u00e7a Agora<\/a>\n        <\/div>\n      <\/div>\n    <\/div>\n\n    <div class=\"col-sm\" id=\"boxes-concursos\">\n      <div style=\"background-color: #1A7ED5;\" class=\"conteudo-concursos\" id=\"box-concursos\">\n        <h3 class=\"titulo-assinatura\">Concursos 2021<\/h3>\n        <p class=\"subtitulo-assinatura\">As oportunidades previstas<\/p>\n        <div class=\"box-botao\">\n          <a class=\"btn-assinatura\" target=\"_blank\" href=\"https:\/\/www.estrategiaconcursos.com.br\/blog\/concursos-2021\/\" role=\"button\" rel=\"noopener noreferrer\">Conhe\u00e7a Agora<\/a>\n        <\/div>\n      <\/div>\n    <\/div>\n\n    <div class=\"col-sm\" id=\"boxes-concursos\">\n      <div style=\"background-color: #419FF0;\" class=\"conteudo-concursos\" id=\"box-concursos\">\n        <h3 class=\"titulo-assinatura\">Concursos 2022<\/h3>\n        <p class=\"subtitulo-assinatura\">Vagas para o pr\u00f3ximo ano<\/p>\n        <div class=\"box-botao\">\n          <a class=\"btn-assinatura\" target=\"_blank\" href=\"https:\/\/www.estrategiaconcursos.com.br\/blog\/concursos-2022\/\" role=\"button\" rel=\"noopener noreferrer\">Conhe\u00e7a Agora<\/a>\n        <\/div>\n      <\/div>\n    <\/div>\n\n  <\/div>\n<\/div>\n","protected":false},"excerpt":{"rendered":"<p>Aten\u00e7\u00e3o, corujinhas! De acordo com documento publicado no Di\u00e1rio Oficial de Campinas, nesta quinta-feira, 05 de agosto de 2021, o concurso p\u00fablico da&nbsp;Empresa Municipal de Desenvolvimento de Campinas&nbsp;(EMDEC) teve sua validade prorrogada. Confira na \u00edntegra: Desta forma, as sele\u00e7\u00f5es seguem&nbsp;vigentes at\u00e9 2022 e 2023. Tal decis\u00e3o foi necess\u00e1ria por conta do per\u00edodo de suspens\u00e3o de [&hellip;]<\/p>\n","protected":false},"author":2018,"featured_media":830195,"comment_status":"open","ping_status":"closed","sticky":false,"template":"","format":"standard","meta":{"post_tipo":"news","footnotes":""},"categories":[214992,220219],"tags":[],"tax_estado":[219989],"class_list":["post-829347","post","type-post","status-publish","format-standard","has-post-thumbnail","hentry","category-concursos-administrativos","category-noticias","tax_estado-sp"],"acf":[],"yoast_head":"<!-- This site is optimized with the Yoast SEO Premium plugin v27.2 (Yoast SEO v27.2) - https:\/\/yoast.com\/product\/yoast-seo-premium-wordpress\/ -->\n<title>EMDEC tem validade prorrogada at\u00e9 2023; Saiba mais!<\/title>\n<meta name=\"description\" content=\"Concurso EMDEC: validade prorrogada at\u00e9 2023! Edital ofertou, em 2019, 18 vagas para cargos de n\u00edveis m\u00e9dio, t\u00e9cnico e superior. Veja!\" \/>\n<meta name=\"robots\" content=\"index, follow, max-snippet:-1, max-image-preview:large, max-video-preview:-1\" \/>\n<link rel=\"canonical\" href=\"https:\/\/www.estrategiaconcursos.com.br\/blog\/emdec-validade-prorrogada\/\" \/>\n<meta property=\"og:locale\" content=\"pt_BR\" \/>\n<meta property=\"og:type\" content=\"article\" \/>\n<meta property=\"og:title\" content=\"EMDEC tem validade prorrogada at\u00e9 2023; Saiba mais!\" \/>\n<meta property=\"og:description\" content=\"Concurso EMDEC: validade prorrogada at\u00e9 2023! Edital ofertou, em 2019, 18 vagas para cargos de n\u00edveis m\u00e9dio, t\u00e9cnico e superior. Veja!\" \/>\n<meta property=\"og:url\" content=\"https:\/\/www.estrategiaconcursos.com.br\/blog\/emdec-validade-prorrogada\/\" \/>\n<meta property=\"og:site_name\" content=\"Estrat\u00e9gia Concursos\" \/>\n<meta property=\"article:published_time\" content=\"2021-08-05T14:00:00+00:00\" \/>\n<meta property=\"article:modified_time\" content=\"2021-08-06T16:56:42+00:00\" \/>\n<meta property=\"og:image\" content=\"https:\/\/dhg1h5j42swfq.cloudfront.net\/2021\/08\/06135623\/emdec-campinas.jpg\" \/>\n\t<meta property=\"og:image:width\" content=\"768\" \/>\n\t<meta property=\"og:image:height\" content=\"432\" \/>\n\t<meta property=\"og:image:type\" content=\"image\/jpeg\" \/>\n<meta name=\"author\" content=\"B\u00e1rbara Carvalho Santos\" \/>\n<meta name=\"twitter:card\" content=\"summary_large_image\" \/>\n<meta name=\"twitter:creator\" content=\"@EstratConcursos\" \/>\n<meta name=\"twitter:site\" content=\"@EstratConcursos\" \/>\n<meta name=\"twitter:label1\" content=\"Escrito por\" \/>\n\t<meta name=\"twitter:data1\" content=\"B\u00e1rbara Carvalho Santos\" \/>\n\t<meta name=\"twitter:label2\" content=\"Est. tempo de leitura\" \/>\n\t<meta name=\"twitter:data2\" content=\"3 minutos\" \/>\n<script type=\"application\/ld+json\" class=\"yoast-schema-graph\">{\"@context\":\"https:\/\/schema.org\",\"@graph\":[{\"@type\":\"NewsArticle\",\"@id\":\"https:\/\/www.estrategiaconcursos.com.br\/blog\/emdec-validade-prorrogada\/#article\",\"isPartOf\":{\"@id\":\"https:\/\/www.estrategiaconcursos.com.br\/blog\/emdec-validade-prorrogada\/\"},\"author\":{\"name\":\"B\u00e1rbara Carvalho Santos\",\"@id\":\"https:\/\/www.estrategiaconcursos.com.br\/blog\/#\/schema\/person\/e3882259fa157d54c44c21f4ee4e0e60\"},\"headline\":\"EMDEC tem validade prorrogada at\u00e9 2023; Saiba mais!\",\"datePublished\":\"2021-08-05T14:00:00+00:00\",\"dateModified\":\"2021-08-06T16:56:42+00:00\",\"mainEntityOfPage\":{\"@id\":\"https:\/\/www.estrategiaconcursos.com.br\/blog\/emdec-validade-prorrogada\/\"},\"wordCount\":439,\"commentCount\":0,\"publisher\":{\"@id\":\"https:\/\/www.estrategiaconcursos.com.br\/blog\/#organization\"},\"image\":{\"@id\":\"https:\/\/www.estrategiaconcursos.com.br\/blog\/emdec-validade-prorrogada\/#primaryimage\"},\"thumbnailUrl\":\"https:\/\/dhg1h5j42swfq.cloudfront.net\/2021\/08\/06135623\/emdec-campinas.jpg\",\"articleSection\":[\"Executivo (Administrativa)\",\"\u00daltimas not\u00edcias\"],\"inLanguage\":\"pt-BR\",\"potentialAction\":[{\"@type\":\"CommentAction\",\"name\":\"Comment\",\"target\":[\"https:\/\/www.estrategiaconcursos.com.br\/blog\/emdec-validade-prorrogada\/#respond\"]}],\"copyrightYear\":\"2021\",\"copyrightHolder\":{\"@id\":\"https:\/\/www.estrategiaconcursos.com.br\/blog\/#organization\"}},{\"@type\":\"WebPage\",\"@id\":\"https:\/\/www.estrategiaconcursos.com.br\/blog\/emdec-validade-prorrogada\/\",\"url\":\"https:\/\/www.estrategiaconcursos.com.br\/blog\/emdec-validade-prorrogada\/\",\"name\":\"EMDEC tem validade prorrogada at\u00e9 2023; Saiba mais!\",\"isPartOf\":{\"@id\":\"https:\/\/www.estrategiaconcursos.com.br\/blog\/#website\"},\"primaryImageOfPage\":{\"@id\":\"https:\/\/www.estrategiaconcursos.com.br\/blog\/emdec-validade-prorrogada\/#primaryimage\"},\"image\":{\"@id\":\"https:\/\/www.estrategiaconcursos.com.br\/blog\/emdec-validade-prorrogada\/#primaryimage\"},\"thumbnailUrl\":\"https:\/\/dhg1h5j42swfq.cloudfront.net\/2021\/08\/06135623\/emdec-campinas.jpg\",\"datePublished\":\"2021-08-05T14:00:00+00:00\",\"dateModified\":\"2021-08-06T16:56:42+00:00\",\"description\":\"Concurso EMDEC: validade prorrogada at\u00e9 2023! Edital ofertou, em 2019, 18 vagas para cargos de n\u00edveis m\u00e9dio, t\u00e9cnico e superior. Veja!\",\"breadcrumb\":{\"@id\":\"https:\/\/www.estrategiaconcursos.com.br\/blog\/emdec-validade-prorrogada\/#breadcrumb\"},\"inLanguage\":\"pt-BR\",\"potentialAction\":[{\"@type\":\"ReadAction\",\"target\":[\"https:\/\/www.estrategiaconcursos.com.br\/blog\/emdec-validade-prorrogada\/\"]}]},{\"@type\":\"ImageObject\",\"inLanguage\":\"pt-BR\",\"@id\":\"https:\/\/www.estrategiaconcursos.com.br\/blog\/emdec-validade-prorrogada\/#primaryimage\",\"url\":\"https:\/\/dhg1h5j42swfq.cloudfront.net\/2021\/08\/06135623\/emdec-campinas.jpg\",\"contentUrl\":\"https:\/\/dhg1h5j42swfq.cloudfront.net\/2021\/08\/06135623\/emdec-campinas.jpg\",\"width\":768,\"height\":432},{\"@type\":\"BreadcrumbList\",\"@id\":\"https:\/\/www.estrategiaconcursos.com.br\/blog\/emdec-validade-prorrogada\/#breadcrumb\",\"itemListElement\":[{\"@type\":\"ListItem\",\"position\":1,\"name\":\"In\u00edcio\",\"item\":\"https:\/\/www.estrategiaconcursos.com.br\/blog\/\"},{\"@type\":\"ListItem\",\"position\":2,\"name\":\"EMDEC tem validade prorrogada at\u00e9 2023; Saiba mais!\"}]},{\"@type\":\"WebSite\",\"@id\":\"https:\/\/www.estrategiaconcursos.com.br\/blog\/#website\",\"url\":\"https:\/\/www.estrategiaconcursos.com.br\/blog\/\",\"name\":\"Estrat\u00e9gia Concursos\",\"description\":\"O blog da Estrat\u00e9gia Concursos traz not\u00edcias sobre concursos e artigos de professores oferecendo cursos para concursos (pdf + videaulas) no site.\",\"publisher\":{\"@id\":\"https:\/\/www.estrategiaconcursos.com.br\/blog\/#organization\"},\"potentialAction\":[{\"@type\":\"SearchAction\",\"target\":{\"@type\":\"EntryPoint\",\"urlTemplate\":\"https:\/\/www.estrategiaconcursos.com.br\/blog\/?s={search_term_string}\"},\"query-input\":{\"@type\":\"PropertyValueSpecification\",\"valueRequired\":true,\"valueName\":\"search_term_string\"}}],\"inLanguage\":\"pt-BR\"},{\"@type\":\"Organization\",\"@id\":\"https:\/\/www.estrategiaconcursos.com.br\/blog\/#organization\",\"name\":\"Estrat\u00e9gia Concursos\",\"url\":\"https:\/\/www.estrategiaconcursos.com.br\/blog\/\",\"logo\":{\"@type\":\"ImageObject\",\"inLanguage\":\"pt-BR\",\"@id\":\"https:\/\/www.estrategiaconcursos.com.br\/blog\/#\/schema\/logo\/image\/\",\"url\":\"https:\/\/dhg1h5j42swfq.cloudfront.net\/2025\/06\/03203428\/logo_concursos-1.jpg\",\"contentUrl\":\"https:\/\/dhg1h5j42swfq.cloudfront.net\/2025\/06\/03203428\/logo_concursos-1.jpg\",\"width\":230,\"height\":60,\"caption\":\"Estrat\u00e9gia Concursos\"},\"image\":{\"@id\":\"https:\/\/www.estrategiaconcursos.com.br\/blog\/#\/schema\/logo\/image\/\"},\"sameAs\":[\"https:\/\/x.com\/EstratConcursos\"]},{\"@type\":\"Person\",\"@id\":\"https:\/\/www.estrategiaconcursos.com.br\/blog\/#\/schema\/person\/e3882259fa157d54c44c21f4ee4e0e60\",\"name\":\"B\u00e1rbara Carvalho Santos\",\"image\":{\"@type\":\"ImageObject\",\"inLanguage\":\"pt-BR\",\"@id\":\"https:\/\/secure.gravatar.com\/avatar\/353300f73140f779692b9be2b39f434d1341e4e34c7f55bd5a990fe29ef352eb?s=96&d=mm&r=g\",\"url\":\"https:\/\/secure.gravatar.com\/avatar\/353300f73140f779692b9be2b39f434d1341e4e34c7f55bd5a990fe29ef352eb?s=96&d=mm&r=g\",\"contentUrl\":\"https:\/\/secure.gravatar.com\/avatar\/353300f73140f779692b9be2b39f434d1341e4e34c7f55bd5a990fe29ef352eb?s=96&d=mm&r=g\",\"caption\":\"B\u00e1rbara Carvalho Santos\"},\"description\":\"M\u00e3e e jornalista formada pela UNIP, possui ampla experi\u00eancia na cobertura de entretenimento em grandes ve\u00edculos, como o site da CNN, RedeTV! e Estrat\u00e9gia Educacional. Atuou tamb\u00e9m em ag\u00eancias de marketing, produtoras musicais e assessorias de imprensa, com foco especial no trabalho com personalidades p\u00fablicas. Atualmente, integra a equipe do Estrat\u00e9gia Concursos, onde \u00e9 respons\u00e1vel pela produ\u00e7\u00e3o de conte\u00fados estrat\u00e9gicos voltados para o setor de concursos p\u00fablicos, com destaque para a \u00e1rea fiscal, gest\u00e3o, controle, concursos administrativos e Minist\u00e9rios participantes do CNU, al\u00e9m de diversos \u00f3rg\u00e3os federais. Tem como miss\u00e3o transformar informa\u00e7\u00f5es complexas em conte\u00fados acess\u00edveis, relevantes e de alto valor para quem sonha com uma carreira no servi\u00e7o p\u00fablico.\",\"url\":\"https:\/\/www.estrategiaconcursos.com.br\/blog\/author\/barbara-santos\/\"}]}<\/script>\n<!-- \/ Yoast SEO Premium plugin. -->","yoast_head_json":{"title":"EMDEC tem validade prorrogada at\u00e9 2023; Saiba mais!","description":"Concurso EMDEC: validade prorrogada at\u00e9 2023! Edital ofertou, em 2019, 18 vagas para cargos de n\u00edveis m\u00e9dio, t\u00e9cnico e superior. Veja!","robots":{"index":"index","follow":"follow","max-snippet":"max-snippet:-1","max-image-preview":"max-image-preview:large","max-video-preview":"max-video-preview:-1"},"canonical":"https:\/\/www.estrategiaconcursos.com.br\/blog\/emdec-validade-prorrogada\/","og_locale":"pt_BR","og_type":"article","og_title":"EMDEC tem validade prorrogada at\u00e9 2023; Saiba mais!","og_description":"Concurso EMDEC: validade prorrogada at\u00e9 2023! Edital ofertou, em 2019, 18 vagas para cargos de n\u00edveis m\u00e9dio, t\u00e9cnico e superior. Veja!","og_url":"https:\/\/www.estrategiaconcursos.com.br\/blog\/emdec-validade-prorrogada\/","og_site_name":"Estrat\u00e9gia Concursos","article_published_time":"2021-08-05T14:00:00+00:00","article_modified_time":"2021-08-06T16:56:42+00:00","og_image":[{"width":768,"height":432,"url":"https:\/\/dhg1h5j42swfq.cloudfront.net\/2021\/08\/06135623\/emdec-campinas.jpg","type":"image\/jpeg"}],"author":"B\u00e1rbara Carvalho Santos","twitter_card":"summary_large_image","twitter_creator":"@EstratConcursos","twitter_site":"@EstratConcursos","twitter_misc":{"Escrito por":"B\u00e1rbara Carvalho Santos","Est. tempo de leitura":"3 minutos"},"schema":{"@context":"https:\/\/schema.org","@graph":[{"@type":"NewsArticle","@id":"https:\/\/www.estrategiaconcursos.com.br\/blog\/emdec-validade-prorrogada\/#article","isPartOf":{"@id":"https:\/\/www.estrategiaconcursos.com.br\/blog\/emdec-validade-prorrogada\/"},"author":{"name":"B\u00e1rbara Carvalho Santos","@id":"https:\/\/www.estrategiaconcursos.com.br\/blog\/#\/schema\/person\/e3882259fa157d54c44c21f4ee4e0e60"},"headline":"EMDEC tem validade prorrogada at\u00e9 2023; Saiba mais!","datePublished":"2021-08-05T14:00:00+00:00","dateModified":"2021-08-06T16:56:42+00:00","mainEntityOfPage":{"@id":"https:\/\/www.estrategiaconcursos.com.br\/blog\/emdec-validade-prorrogada\/"},"wordCount":439,"commentCount":0,"publisher":{"@id":"https:\/\/www.estrategiaconcursos.com.br\/blog\/#organization"},"image":{"@id":"https:\/\/www.estrategiaconcursos.com.br\/blog\/emdec-validade-prorrogada\/#primaryimage"},"thumbnailUrl":"https:\/\/dhg1h5j42swfq.cloudfront.net\/2021\/08\/06135623\/emdec-campinas.jpg","articleSection":["Executivo (Administrativa)","\u00daltimas not\u00edcias"],"inLanguage":"pt-BR","potentialAction":[{"@type":"CommentAction","name":"Comment","target":["https:\/\/www.estrategiaconcursos.com.br\/blog\/emdec-validade-prorrogada\/#respond"]}],"copyrightYear":"2021","copyrightHolder":{"@id":"https:\/\/www.estrategiaconcursos.com.br\/blog\/#organization"}},{"@type":"WebPage","@id":"https:\/\/www.estrategiaconcursos.com.br\/blog\/emdec-validade-prorrogada\/","url":"https:\/\/www.estrategiaconcursos.com.br\/blog\/emdec-validade-prorrogada\/","name":"EMDEC tem validade prorrogada at\u00e9 2023; Saiba mais!","isPartOf":{"@id":"https:\/\/www.estrategiaconcursos.com.br\/blog\/#website"},"primaryImageOfPage":{"@id":"https:\/\/www.estrategiaconcursos.com.br\/blog\/emdec-validade-prorrogada\/#primaryimage"},"image":{"@id":"https:\/\/www.estrategiaconcursos.com.br\/blog\/emdec-validade-prorrogada\/#primaryimage"},"thumbnailUrl":"https:\/\/dhg1h5j42swfq.cloudfront.net\/2021\/08\/06135623\/emdec-campinas.jpg","datePublished":"2021-08-05T14:00:00+00:00","dateModified":"2021-08-06T16:56:42+00:00","description":"Concurso EMDEC: validade prorrogada at\u00e9 2023! Edital ofertou, em 2019, 18 vagas para cargos de n\u00edveis m\u00e9dio, t\u00e9cnico e superior. Veja!","breadcrumb":{"@id":"https:\/\/www.estrategiaconcursos.com.br\/blog\/emdec-validade-prorrogada\/#breadcrumb"},"inLanguage":"pt-BR","potentialAction":[{"@type":"ReadAction","target":["https:\/\/www.estrategiaconcursos.com.br\/blog\/emdec-validade-prorrogada\/"]}]},{"@type":"ImageObject","inLanguage":"pt-BR","@id":"https:\/\/www.estrategiaconcursos.com.br\/blog\/emdec-validade-prorrogada\/#primaryimage","url":"https:\/\/dhg1h5j42swfq.cloudfront.net\/2021\/08\/06135623\/emdec-campinas.jpg","contentUrl":"https:\/\/dhg1h5j42swfq.cloudfront.net\/2021\/08\/06135623\/emdec-campinas.jpg","width":768,"height":432},{"@type":"BreadcrumbList","@id":"https:\/\/www.estrategiaconcursos.com.br\/blog\/emdec-validade-prorrogada\/#breadcrumb","itemListElement":[{"@type":"ListItem","position":1,"name":"In\u00edcio","item":"https:\/\/www.estrategiaconcursos.com.br\/blog\/"},{"@type":"ListItem","position":2,"name":"EMDEC tem validade prorrogada at\u00e9 2023; Saiba mais!"}]},{"@type":"WebSite","@id":"https:\/\/www.estrategiaconcursos.com.br\/blog\/#website","url":"https:\/\/www.estrategiaconcursos.com.br\/blog\/","name":"Estrat\u00e9gia Concursos","description":"O blog da Estrat\u00e9gia Concursos traz not\u00edcias sobre concursos e artigos de professores oferecendo cursos para concursos (pdf + videaulas) no site.","publisher":{"@id":"https:\/\/www.estrategiaconcursos.com.br\/blog\/#organization"},"potentialAction":[{"@type":"SearchAction","target":{"@type":"EntryPoint","urlTemplate":"https:\/\/www.estrategiaconcursos.com.br\/blog\/?s={search_term_string}"},"query-input":{"@type":"PropertyValueSpecification","valueRequired":true,"valueName":"search_term_string"}}],"inLanguage":"pt-BR"},{"@type":"Organization","@id":"https:\/\/www.estrategiaconcursos.com.br\/blog\/#organization","name":"Estrat\u00e9gia Concursos","url":"https:\/\/www.estrategiaconcursos.com.br\/blog\/","logo":{"@type":"ImageObject","inLanguage":"pt-BR","@id":"https:\/\/www.estrategiaconcursos.com.br\/blog\/#\/schema\/logo\/image\/","url":"https:\/\/dhg1h5j42swfq.cloudfront.net\/2025\/06\/03203428\/logo_concursos-1.jpg","contentUrl":"https:\/\/dhg1h5j42swfq.cloudfront.net\/2025\/06\/03203428\/logo_concursos-1.jpg","width":230,"height":60,"caption":"Estrat\u00e9gia Concursos"},"image":{"@id":"https:\/\/www.estrategiaconcursos.com.br\/blog\/#\/schema\/logo\/image\/"},"sameAs":["https:\/\/x.com\/EstratConcursos"]},{"@type":"Person","@id":"https:\/\/www.estrategiaconcursos.com.br\/blog\/#\/schema\/person\/e3882259fa157d54c44c21f4ee4e0e60","name":"B\u00e1rbara Carvalho Santos","image":{"@type":"ImageObject","inLanguage":"pt-BR","@id":"https:\/\/secure.gravatar.com\/avatar\/353300f73140f779692b9be2b39f434d1341e4e34c7f55bd5a990fe29ef352eb?s=96&d=mm&r=g","url":"https:\/\/secure.gravatar.com\/avatar\/353300f73140f779692b9be2b39f434d1341e4e34c7f55bd5a990fe29ef352eb?s=96&d=mm&r=g","contentUrl":"https:\/\/secure.gravatar.com\/avatar\/353300f73140f779692b9be2b39f434d1341e4e34c7f55bd5a990fe29ef352eb?s=96&d=mm&r=g","caption":"B\u00e1rbara Carvalho Santos"},"description":"M\u00e3e e jornalista formada pela UNIP, possui ampla experi\u00eancia na cobertura de entretenimento em grandes ve\u00edculos, como o site da CNN, RedeTV! e Estrat\u00e9gia Educacional. Atuou tamb\u00e9m em ag\u00eancias de marketing, produtoras musicais e assessorias de imprensa, com foco especial no trabalho com personalidades p\u00fablicas. Atualmente, integra a equipe do Estrat\u00e9gia Concursos, onde \u00e9 respons\u00e1vel pela produ\u00e7\u00e3o de conte\u00fados estrat\u00e9gicos voltados para o setor de concursos p\u00fablicos, com destaque para a \u00e1rea fiscal, gest\u00e3o, controle, concursos administrativos e Minist\u00e9rios participantes do CNU, al\u00e9m de diversos \u00f3rg\u00e3os federais. Tem como miss\u00e3o transformar informa\u00e7\u00f5es complexas em conte\u00fados acess\u00edveis, relevantes e de alto valor para quem sonha com uma carreira no servi\u00e7o p\u00fablico.","url":"https:\/\/www.estrategiaconcursos.com.br\/blog\/author\/barbara-santos\/"}]}},"_links":{"self":[{"href":"https:\/\/www.estrategiaconcursos.com.br\/blog\/wp-json\/wp\/v2\/posts\/829347","targetHints":{"allow":["GET"]}}],"collection":[{"href":"https:\/\/www.estrategiaconcursos.com.br\/blog\/wp-json\/wp\/v2\/posts"}],"about":[{"href":"https:\/\/www.estrategiaconcursos.com.br\/blog\/wp-json\/wp\/v2\/types\/post"}],"author":[{"embeddable":true,"href":"https:\/\/www.estrategiaconcursos.com.br\/blog\/wp-json\/wp\/v2\/users\/2018"}],"replies":[{"embeddable":true,"href":"https:\/\/www.estrategiaconcursos.com.br\/blog\/wp-json\/wp\/v2\/comments?post=829347"}],"version-history":[{"count":6,"href":"https:\/\/www.estrategiaconcursos.com.br\/blog\/wp-json\/wp\/v2\/posts\/829347\/revisions"}],"predecessor-version":[{"id":829672,"href":"https:\/\/www.estrategiaconcursos.com.br\/blog\/wp-json\/wp\/v2\/posts\/829347\/revisions\/829672"}],"wp:featuredmedia":[{"embeddable":true,"href":"https:\/\/www.estrategiaconcursos.com.br\/blog\/wp-json\/wp\/v2\/media\/830195"}],"wp:attachment":[{"href":"https:\/\/www.estrategiaconcursos.com.br\/blog\/wp-json\/wp\/v2\/media?parent=829347"}],"wp:term":[{"taxonomy":"category","embeddable":true,"href":"https:\/\/www.estrategiaconcursos.com.br\/blog\/wp-json\/wp\/v2\/categories?post=829347"},{"taxonomy":"post_tag","embeddable":true,"href":"https:\/\/www.estrategiaconcursos.com.br\/blog\/wp-json\/wp\/v2\/tags?post=829347"},{"taxonomy":"tax_estado","embeddable":true,"href":"https:\/\/www.estrategiaconcursos.com.br\/blog\/wp-json\/wp\/v2\/tax_estado?post=829347"}],"curies":[{"name":"wp","href":"https:\/\/api.w.org\/{rel}","templated":true}]}}