{"id":829087,"date":"2021-08-04T19:07:34","date_gmt":"2021-08-04T22:07:34","guid":{"rendered":"https:\/\/www.estrategiaconcursos.com.br\/blog\/?p=829087"},"modified":"2021-08-05T15:46:18","modified_gmt":"2021-08-05T18:46:18","slug":"concurso-setec-campinas-tem-provas-adiadas-saiba-mais","status":"publish","type":"post","link":"https:\/\/www.estrategiaconcursos.com.br\/blog\/concurso-setec-campinas-tem-provas-adiadas-saiba-mais\/","title":{"rendered":"Concurso SETEC Campinas tem provas adiadas; Saiba mais!"},"content":{"rendered":"\n<p>Com provas adiadas, o cronograma do concurso<strong>&nbsp;SETEC Campinas<\/strong>&nbsp;passou por uma nova altera\u00e7\u00e3o. Dessa vez, as provas previstas para os dias 15 e 22 de agosto foram alteradas para os dias<strong>&nbsp;22 de agosto e 03 de outubro<\/strong>. Importante ressaltar que a mudan\u00e7a consta apenas para o edital 01, correspondente aos cargos gerais.<\/p>\n\n\n\n<p>Confira abaixo todos os documentos oficiais:<\/p>\n\n\n\n<ul class=\"has-background wp-block-list\" style=\"background:linear-gradient(135deg,rgb(255,245,203) 0%,rgb(182,227,212) 46%,rgb(51,167,181) 100%)\"><li><strong>Para <a href=\"https:\/\/www.institutomais.org.br\/ckfinder\/userfiles\/files\/Edital de Convoca\u00e7\u00e3o_SETEC-CP 02-2020.pdf\" target=\"_blank\" rel=\"noreferrer noopener\">Procurador<\/a> a prova segue prevista para dia 15<\/strong><\/li><li><strong><a href=\"https:\/\/www.institutomais.org.br\/ckfinder\/userfiles\/files\/CP 01_2020_Comunicado 04_altera\u00e7\u00e3o data da prova_publica\u00e7\u00e3o 03-08-2021.pdf\" target=\"_blank\" rel=\"noreferrer noopener nofollow\">Nova data para cargos do outro edital<\/a><\/strong><\/li><li><strong><a href=\"https:\/\/www.institutomais.org.br\/ckfinder\/userfiles\/files\/Edital de Convoca\u00e7\u00e3o_SETEC-CP 01-2020_ 22-08-2021.pdf\" target=\"_blank\" rel=\"noreferrer noopener nofollow\">Convoca\u00e7\u00e3o do dia 22<\/a><\/strong><\/li><\/ul>\n\n\n\n<p>Assim, em contrapartida, o segundo edital, com vagas para&nbsp;a fun\u00e7\u00e3o de <strong>Procurador<\/strong>, segue o cronograma previsto at\u00e9 o momento. Inclusive, os candidatos j\u00e1 podem&nbsp;<a href=\"https:\/\/dhg1h5j42swfq.cloudfront.net\/2021\/08\/04112245\/edital-de-convocacao_setec-cp-02-2020.pdf\" target=\"_blank\" rel=\"noreferrer noopener nofollow\"><strong>consultar os locais de prova<\/strong><\/a>&nbsp;do pr\u00f3ximo domingo, 15 de agosto. Ent\u00e3o, o cronograma de avalia\u00e7\u00f5es fica da seguinte forma:<\/p>\n\n\n\n<ul class=\"wp-block-list\"><li><strong>Cargo de Procurador (edital 02):<\/strong><\/li><\/ul>\n\n\n\n<figure class=\"wp-block-table aligncenter is-style-stripes\"><table class=\"has-subtle-pale-green-background-color has-fixed-layout has-background\"><thead><tr><th class=\"has-text-align-center\" data-align=\"center\"><strong>15 de agosto de 2021 (MANH\u00c3)<\/strong><\/th><th class=\"has-text-align-center\" data-align=\"center\"><strong>15 de agosto de 2021 (TARDE)<\/strong><\/th><\/tr><\/thead><tbody><tr><td class=\"has-text-align-center\" data-align=\"center\">Prova Objetiva e de T\u00edtulos \u2013 sem consulta<\/td><td class=\"has-text-align-center\" data-align=\"center\">Prova Pr\u00e1tico \u2013 Profissional<\/td><\/tr><\/tbody><\/table><\/figure>\n\n\n\n<ul class=\"wp-block-list\"><li><strong>Demais cargos (edital 01):<\/strong><\/li><\/ul>\n\n\n\n<figure class=\"wp-block-table aligncenter is-style-stripes\"><table class=\"has-subtle-pale-green-background-color has-fixed-layout has-background\"><thead><tr><th class=\"has-text-align-center\" data-align=\"center\"><strong>22 de agosto (MANH\u00c3)<\/strong><\/th><th class=\"has-text-align-center\" data-align=\"center\"><strong>22 de agosto (TARDE)<\/strong><\/th><th class=\"has-text-align-center\" data-align=\"center\"><strong>03 de outubro (MANH\u00c3)<\/strong><\/th><th class=\"has-text-align-center\" data-align=\"center\"><strong>03 de outubro (TARDE)<\/strong><\/th><\/tr><\/thead><tbody><tr><td class=\"has-text-align-center\" data-align=\"center\">AGENTE DE SUPORTE FUNER\u00c1RIO<\/td><td class=\"has-text-align-center\" data-align=\"center\">ANALISTA T\u00c9CNICO (INFORM\u00c1TICA)<\/td><td class=\"has-text-align-center\" data-align=\"center\">AGENTE ADMINISTRATIVO<\/td><td class=\"has-text-align-center\" data-align=\"center\">AGENTE DE FISCALIZA\u00c7\u00c3O<\/td><\/tr><tr><td class=\"has-text-align-center\" data-align=\"center\">AGENTE FUNER\u00c1RIO<\/td><td class=\"has-text-align-center\" data-align=\"center\">ENGENHEIRO CIVIL<\/td><td class=\"has-text-align-center\" data-align=\"center\">\u2013<\/td><td class=\"has-text-align-center\" data-align=\"center\">AGENTE DE SUPORTE T\u00c9CNICO<\/td><\/tr><tr><td class=\"has-text-align-center\" data-align=\"center\">CONDUTOR DE VE\u00cdCULOS E M\u00c1QUINAS<\/td><td class=\"has-text-align-center\" data-align=\"center\">\u2013<\/td><td class=\"has-text-align-center\" data-align=\"center\">\u2013<\/td><td class=\"has-text-align-center\" data-align=\"center\">ASSISTENTE DE SVO<\/td><\/tr><tr><td class=\"has-text-align-center\" data-align=\"center\">MOTORISTA ESPECIALIZADO<\/td><td class=\"has-text-align-center\" data-align=\"center\">\u2013<\/td><\/tr><\/tbody><\/table><\/figure>\n\n\n\n<h2 class=\"wp-block-heading\" id=\"h-concurso-setec-campinas\">Concurso SETEC Campinas<\/h2>\n\n\n\n<p>Com inscri\u00e7\u00f5es encerradas em maio, o concurso SETEC Campinas est\u00e1 em andamento e contempla <strong>32<\/strong> oportunidades para as fun\u00e7\u00f5es de Agente de Suporte Funer\u00e1rio, Agente Funer\u00e1rio, Condutor de Ve\u00edculos e M\u00e1quinas, Motorista Especializado e Procurador. Em rela\u00e7\u00e3o aos vencimentos iniciais, h\u00e1 uma varia\u00e7\u00e3o de <strong><em>R$ 1.864,44 a R$ 8.286,45<\/em><\/strong>. <\/p>\n\n\n\n<p>No adendo, as etapas previstas para determinar a classifica\u00e7\u00e3o e a elimina\u00e7\u00e3o dos candidatos varia conforme o cargo almejado:<\/p>\n\n\n\n<ul class=\"wp-block-list\"><li><strong>Prova Objetiva<\/strong>&nbsp;para todos os cargos (eliminat\u00f3rio e classificat\u00f3rio);<\/li><li><strong>Prova Pr\u00e1tica&nbsp;<\/strong>para os cargos de Agente Funer\u00e1rio, Assistente de SVO (eliminat\u00f3rio);<\/li><li><strong>Prova Pr\u00e1tico-Profissional&nbsp;<\/strong>para o cargo de Procurador (eliminat\u00f3rio e classificat\u00f3rio);<\/li><li><strong>Avalia\u00e7\u00e3o de T\u00edtulos&nbsp;<\/strong>para o cargo de Procurador (classificat\u00f3rio);<\/li><li><strong>Teste de Robustez F\u00edsica&nbsp;<\/strong>para os cargos de Condutor de Ve\u00edculos e Motorista (eliminat\u00f3rio);<\/li><li><strong>Pr\u00e1tica de Dire\u00e7\u00e3o Veicular<\/strong>&nbsp;para os cargos de Condutor de Ve\u00edculos e Motorista (eliminat\u00f3rio);<\/li><li><strong>Teste de Aptid\u00e3o F\u00edsica<\/strong>&nbsp;para o cargo de Agente de Fiscaliza\u00e7\u00e3o (eliminat\u00f3rio).<\/li><\/ul>\n\n\n\n<p class=\"has-text-align-center\"><em>Para ficar por dentro de todos os demais detalhes acerca do certame SETEC Campinas (edital, datas das provas adiadas e atualiza\u00e7\u00f5es fresquinhas), leia um artigo completo, de f\u00e1cil compreens\u00e3o, que elaboramos EXCLUSIVAMENTE para voc\u00ea!<\/em><\/p>\n\n\n\n<p class=\"has-text-align-center has-background\" style=\"background-color:#2fb8ba;font-size:clamp(14.642px, 0.915rem + ((1vw - 3.2px) * 0.721), 22px);px\"><strong>Mais informa\u00e7\u00f5es: <a href=\"https:\/\/www.estrategiaconcursos.com.br\/blog\/concurso-setec-campinas\/\" target=\"_blank\" rel=\"noreferrer noopener\">Concurso SETEC Campinas<\/a><\/strong><\/p>\n\n\n\n<hr class=\"wp-block-separator\"\/>\n\n\n\n<h2 class=\"has-text-align-center wp-block-heading\" id=\"h-quer-estudar-para-o-concurso-setec-campinas\">Quer estudar para o concurso SETEC Campinas?<\/h2>\n\n\n\n<div class=\"container\" id=\"boxes\">\n  <div class=\"row\">\n\n    <div class=\"col-sm\">\n      <div class=\"banner-estrategia\" id=\"box-assinatura\">\n        <h3 class=\"titulo-assinatura\">Concurso SETEC Campinas<\/h3>\n        <p class=\"subtitulo-assinatura\">Estude conosco<\/p>\n        <div class=\"box-botao\">\n          <a class=\"btn-assinatura\" target=\"_blank\" href=\"https:\/\/www.estrategiaconcursos.com.br\/cursos\/\" role=\"button\" rel=\"noopener noreferrer\">Conhe\u00e7a os cursos<\/a>\n        <\/div>\n      <\/div>\n     \n    <\/div>\n\n  <\/div>\n<\/div>\n\n\n\n<div class=\"container\" id=\"boxes\">\n  <div class=\"row\">\n\n    <div class=\"col-sm\">\n      <div class=\"estrategia\" id=\"box-assinatura\">\n        <h3 class=\"titulo-assinatura\">Assinatura Concursos<\/h3>\n        <p class=\"subtitulo-assinatura\">Assinatura de 1 ano ou 2 anos<\/p>\n        <div class=\"box-botao\">\n          <a class=\"btn-assinatura\" target=\"_blank\" href=\"https:\/\/www.estrategiaconcursos.com.br\/assinaturas\/\" role=\"button\" rel=\"noopener noreferrer\">ASSINE AGORA<\/a>\n        <\/div>\n      <\/div><\/div><\/div><\/div>\n\n\n\n<div class=\"container\" id=\"boxes\">\n  <div class=\"row\">\n\n    <div class=\"col-sm\" id=\"boxes-concursos\">\n      <div style=\"background-color: #005DAD;\" class=\"conteudo-concursos\" id=\"box-concursos\">\n        <h3 class=\"titulo-assinatura\">Concursos Abertos<\/h3>\n        <p class=\"subtitulo-assinatura\">Confira os editais publicados<\/p>\n        <div class=\"box-botao\">\n          <a class=\"btn-assinatura\" target=\"_blank\" href=\"https:\/\/www.estrategiaconcursos.com.br\/blog\/concursos-abertos\/\" role=\"button\" rel=\"noopener noreferrer\">Conhe\u00e7a Agora<\/a>\n        <\/div>\n      <\/div>\n    <\/div>\n\n    <div class=\"col-sm\" id=\"boxes-concursos\">\n      <div style=\"background-color: #1A7ED5;\" class=\"conteudo-concursos\" id=\"box-concursos\">\n        <h3 class=\"titulo-assinatura\">Concursos 2021<\/h3>\n        <p class=\"subtitulo-assinatura\">As oportunidades previstas<\/p>\n        <div class=\"box-botao\">\n          <a class=\"btn-assinatura\" target=\"_blank\" href=\"https:\/\/www.estrategiaconcursos.com.br\/blog\/concursos-2021\/\" role=\"button\" rel=\"noopener noreferrer\">Conhe\u00e7a Agora<\/a>\n        <\/div>\n      <\/div>\n    <\/div>\n\n    <div class=\"col-sm\" id=\"boxes-concursos\">\n      <div style=\"background-color: #419FF0;\" class=\"conteudo-concursos\" id=\"box-concursos\">\n        <h3 class=\"titulo-assinatura\">Concursos 2022<\/h3>\n        <p class=\"subtitulo-assinatura\">Vagas para o pr\u00f3ximo ano<\/p>\n        <div class=\"box-botao\">\n          <a class=\"btn-assinatura\" target=\"_blank\" href=\"https:\/\/www.estrategiaconcursos.com.br\/blog\/concursos-2022\/\" role=\"button\" rel=\"noopener noreferrer\">Conhe\u00e7a Agora<\/a>\n        <\/div>\n      <\/div>\n    <\/div>\n\n  <\/div>\n<\/div>\n","protected":false},"excerpt":{"rendered":"<p>Com provas adiadas, o cronograma do concurso&nbsp;SETEC Campinas&nbsp;passou por uma nova altera\u00e7\u00e3o. Dessa vez, as provas previstas para os dias 15 e 22 de agosto foram alteradas para os dias&nbsp;22 de agosto e 03 de outubro. Importante ressaltar que a mudan\u00e7a consta apenas para o edital 01, correspondente aos cargos gerais. Confira abaixo todos os [&hellip;]<\/p>\n","protected":false},"author":2099,"featured_media":773641,"comment_status":"open","ping_status":"closed","sticky":false,"template":"","format":"standard","meta":{"post_tipo":"news","footnotes":""},"categories":[214992,220219],"tags":[],"tax_estado":[219989],"class_list":["post-829087","post","type-post","status-publish","format-standard","has-post-thumbnail","hentry","category-concursos-administrativos","category-noticias","tax_estado-sp"],"acf":[],"yoast_head":"<!-- This site is optimized with the Yoast SEO Premium plugin v27.2 (Yoast SEO v27.2) - https:\/\/yoast.com\/product\/yoast-seo-premium-wordpress\/ -->\n<title>Concurso SETEC Campinas tem provas adiadas; Saiba mais!<\/title>\n<meta name=\"description\" content=\"Com cronograma alterado, apenas as provas para Procurador (15\/08) n\u00e3o foram adiadas no SETEC Campinas, as demais ser\u00e3o em 22\/08 e 03\/10.\" \/>\n<meta name=\"robots\" content=\"index, follow, max-snippet:-1, max-image-preview:large, max-video-preview:-1\" \/>\n<link rel=\"canonical\" href=\"https:\/\/www.estrategiaconcursos.com.br\/blog\/concurso-setec-campinas-tem-provas-adiadas-saiba-mais\/\" \/>\n<meta property=\"og:locale\" content=\"pt_BR\" \/>\n<meta property=\"og:type\" content=\"article\" \/>\n<meta property=\"og:title\" content=\"Concurso SETEC Campinas tem provas adiadas; Saiba mais!\" \/>\n<meta property=\"og:description\" content=\"Com cronograma alterado, apenas as provas para Procurador (15\/08) n\u00e3o foram adiadas no SETEC Campinas, as demais ser\u00e3o em 22\/08 e 03\/10.\" \/>\n<meta property=\"og:url\" content=\"https:\/\/www.estrategiaconcursos.com.br\/blog\/concurso-setec-campinas-tem-provas-adiadas-saiba-mais\/\" \/>\n<meta property=\"og:site_name\" content=\"Estrat\u00e9gia Concursos\" \/>\n<meta property=\"article:published_time\" content=\"2021-08-04T22:07:34+00:00\" \/>\n<meta property=\"article:modified_time\" content=\"2021-08-05T18:46:18+00:00\" \/>\n<meta property=\"og:image\" content=\"https:\/\/dhg1h5j42swfq.cloudfront.net\/2021\/06\/22104336\/setec-campinas.jpg\" \/>\n\t<meta property=\"og:image:width\" content=\"768\" \/>\n\t<meta property=\"og:image:height\" content=\"432\" \/>\n\t<meta property=\"og:image:type\" content=\"image\/jpeg\" \/>\n<meta name=\"author\" content=\"Elo\u00edsa da Rosa Ferro\" \/>\n<meta name=\"twitter:card\" content=\"summary_large_image\" \/>\n<meta name=\"twitter:creator\" content=\"@EstratConcursos\" \/>\n<meta name=\"twitter:site\" content=\"@EstratConcursos\" \/>\n<meta name=\"twitter:label1\" content=\"Escrito por\" \/>\n\t<meta name=\"twitter:data1\" content=\"Elo\u00edsa da Rosa Ferro\" \/>\n\t<meta name=\"twitter:label2\" content=\"Est. tempo de leitura\" \/>\n\t<meta name=\"twitter:data2\" content=\"2 minutos\" \/>\n<script type=\"application\/ld+json\" class=\"yoast-schema-graph\">{\"@context\":\"https:\/\/schema.org\",\"@graph\":[{\"@type\":\"NewsArticle\",\"@id\":\"https:\/\/www.estrategiaconcursos.com.br\/blog\/concurso-setec-campinas-tem-provas-adiadas-saiba-mais\/#article\",\"isPartOf\":{\"@id\":\"https:\/\/www.estrategiaconcursos.com.br\/blog\/concurso-setec-campinas-tem-provas-adiadas-saiba-mais\/\"},\"author\":{\"name\":\"Elo\u00edsa da Rosa Ferro\",\"@id\":\"https:\/\/www.estrategiaconcursos.com.br\/blog\/#\/schema\/person\/57d9394bb68400dbec62ff8a943ab201\"},\"headline\":\"Concurso SETEC Campinas tem provas adiadas; Saiba mais!\",\"datePublished\":\"2021-08-04T22:07:34+00:00\",\"dateModified\":\"2021-08-05T18:46:18+00:00\",\"mainEntityOfPage\":{\"@id\":\"https:\/\/www.estrategiaconcursos.com.br\/blog\/concurso-setec-campinas-tem-provas-adiadas-saiba-mais\/\"},\"wordCount\":496,\"commentCount\":0,\"publisher\":{\"@id\":\"https:\/\/www.estrategiaconcursos.com.br\/blog\/#organization\"},\"image\":{\"@id\":\"https:\/\/www.estrategiaconcursos.com.br\/blog\/concurso-setec-campinas-tem-provas-adiadas-saiba-mais\/#primaryimage\"},\"thumbnailUrl\":\"https:\/\/dhg1h5j42swfq.cloudfront.net\/2021\/06\/22104336\/setec-campinas.jpg\",\"articleSection\":[\"Executivo (Administrativa)\",\"\u00daltimas not\u00edcias\"],\"inLanguage\":\"pt-BR\",\"potentialAction\":[{\"@type\":\"CommentAction\",\"name\":\"Comment\",\"target\":[\"https:\/\/www.estrategiaconcursos.com.br\/blog\/concurso-setec-campinas-tem-provas-adiadas-saiba-mais\/#respond\"]}],\"copyrightYear\":\"2021\",\"copyrightHolder\":{\"@id\":\"https:\/\/www.estrategiaconcursos.com.br\/blog\/#organization\"}},{\"@type\":\"WebPage\",\"@id\":\"https:\/\/www.estrategiaconcursos.com.br\/blog\/concurso-setec-campinas-tem-provas-adiadas-saiba-mais\/\",\"url\":\"https:\/\/www.estrategiaconcursos.com.br\/blog\/concurso-setec-campinas-tem-provas-adiadas-saiba-mais\/\",\"name\":\"Concurso SETEC Campinas tem provas adiadas; Saiba mais!\",\"isPartOf\":{\"@id\":\"https:\/\/www.estrategiaconcursos.com.br\/blog\/#website\"},\"primaryImageOfPage\":{\"@id\":\"https:\/\/www.estrategiaconcursos.com.br\/blog\/concurso-setec-campinas-tem-provas-adiadas-saiba-mais\/#primaryimage\"},\"image\":{\"@id\":\"https:\/\/www.estrategiaconcursos.com.br\/blog\/concurso-setec-campinas-tem-provas-adiadas-saiba-mais\/#primaryimage\"},\"thumbnailUrl\":\"https:\/\/dhg1h5j42swfq.cloudfront.net\/2021\/06\/22104336\/setec-campinas.jpg\",\"datePublished\":\"2021-08-04T22:07:34+00:00\",\"dateModified\":\"2021-08-05T18:46:18+00:00\",\"description\":\"Com cronograma alterado, apenas as provas para Procurador (15\/08) n\u00e3o foram adiadas no SETEC Campinas, as demais ser\u00e3o em 22\/08 e 03\/10.\",\"breadcrumb\":{\"@id\":\"https:\/\/www.estrategiaconcursos.com.br\/blog\/concurso-setec-campinas-tem-provas-adiadas-saiba-mais\/#breadcrumb\"},\"inLanguage\":\"pt-BR\",\"potentialAction\":[{\"@type\":\"ReadAction\",\"target\":[\"https:\/\/www.estrategiaconcursos.com.br\/blog\/concurso-setec-campinas-tem-provas-adiadas-saiba-mais\/\"]}]},{\"@type\":\"ImageObject\",\"inLanguage\":\"pt-BR\",\"@id\":\"https:\/\/www.estrategiaconcursos.com.br\/blog\/concurso-setec-campinas-tem-provas-adiadas-saiba-mais\/#primaryimage\",\"url\":\"https:\/\/dhg1h5j42swfq.cloudfront.net\/2021\/06\/22104336\/setec-campinas.jpg\",\"contentUrl\":\"https:\/\/dhg1h5j42swfq.cloudfront.net\/2021\/06\/22104336\/setec-campinas.jpg\",\"width\":768,\"height\":432,\"caption\":\"concurso setec campinas locais\"},{\"@type\":\"BreadcrumbList\",\"@id\":\"https:\/\/www.estrategiaconcursos.com.br\/blog\/concurso-setec-campinas-tem-provas-adiadas-saiba-mais\/#breadcrumb\",\"itemListElement\":[{\"@type\":\"ListItem\",\"position\":1,\"name\":\"In\u00edcio\",\"item\":\"https:\/\/www.estrategiaconcursos.com.br\/blog\/\"},{\"@type\":\"ListItem\",\"position\":2,\"name\":\"Concurso SETEC Campinas tem provas adiadas; Saiba mais!\"}]},{\"@type\":\"WebSite\",\"@id\":\"https:\/\/www.estrategiaconcursos.com.br\/blog\/#website\",\"url\":\"https:\/\/www.estrategiaconcursos.com.br\/blog\/\",\"name\":\"Estrat\u00e9gia Concursos\",\"description\":\"O blog da Estrat\u00e9gia Concursos traz not\u00edcias sobre concursos e artigos de professores oferecendo cursos para concursos (pdf + videaulas) no site.\",\"publisher\":{\"@id\":\"https:\/\/www.estrategiaconcursos.com.br\/blog\/#organization\"},\"potentialAction\":[{\"@type\":\"SearchAction\",\"target\":{\"@type\":\"EntryPoint\",\"urlTemplate\":\"https:\/\/www.estrategiaconcursos.com.br\/blog\/?s={search_term_string}\"},\"query-input\":{\"@type\":\"PropertyValueSpecification\",\"valueRequired\":true,\"valueName\":\"search_term_string\"}}],\"inLanguage\":\"pt-BR\"},{\"@type\":\"Organization\",\"@id\":\"https:\/\/www.estrategiaconcursos.com.br\/blog\/#organization\",\"name\":\"Estrat\u00e9gia Concursos\",\"url\":\"https:\/\/www.estrategiaconcursos.com.br\/blog\/\",\"logo\":{\"@type\":\"ImageObject\",\"inLanguage\":\"pt-BR\",\"@id\":\"https:\/\/www.estrategiaconcursos.com.br\/blog\/#\/schema\/logo\/image\/\",\"url\":\"https:\/\/dhg1h5j42swfq.cloudfront.net\/2025\/06\/03203428\/logo_concursos-1.jpg\",\"contentUrl\":\"https:\/\/dhg1h5j42swfq.cloudfront.net\/2025\/06\/03203428\/logo_concursos-1.jpg\",\"width\":230,\"height\":60,\"caption\":\"Estrat\u00e9gia Concursos\"},\"image\":{\"@id\":\"https:\/\/www.estrategiaconcursos.com.br\/blog\/#\/schema\/logo\/image\/\"},\"sameAs\":[\"https:\/\/x.com\/EstratConcursos\"]},{\"@type\":\"Person\",\"@id\":\"https:\/\/www.estrategiaconcursos.com.br\/blog\/#\/schema\/person\/57d9394bb68400dbec62ff8a943ab201\",\"name\":\"Elo\u00edsa da Rosa Ferro\",\"image\":{\"@type\":\"ImageObject\",\"inLanguage\":\"pt-BR\",\"@id\":\"https:\/\/secure.gravatar.com\/avatar\/?s=96&d=mm&r=g\",\"url\":\"https:\/\/secure.gravatar.com\/avatar\/?s=96&d=mm&r=g\",\"contentUrl\":\"https:\/\/secure.gravatar.com\/avatar\/?s=96&d=mm&r=g\",\"caption\":\"Elo\u00edsa da Rosa Ferro\"},\"url\":\"https:\/\/www.estrategiaconcursos.com.br\/blog\/author\/eloisa-ferro\/\"}]}<\/script>\n<!-- \/ Yoast SEO Premium plugin. -->","yoast_head_json":{"title":"Concurso SETEC Campinas tem provas adiadas; Saiba mais!","description":"Com cronograma alterado, apenas as provas para Procurador (15\/08) n\u00e3o foram adiadas no SETEC Campinas, as demais ser\u00e3o em 22\/08 e 03\/10.","robots":{"index":"index","follow":"follow","max-snippet":"max-snippet:-1","max-image-preview":"max-image-preview:large","max-video-preview":"max-video-preview:-1"},"canonical":"https:\/\/www.estrategiaconcursos.com.br\/blog\/concurso-setec-campinas-tem-provas-adiadas-saiba-mais\/","og_locale":"pt_BR","og_type":"article","og_title":"Concurso SETEC Campinas tem provas adiadas; Saiba mais!","og_description":"Com cronograma alterado, apenas as provas para Procurador (15\/08) n\u00e3o foram adiadas no SETEC Campinas, as demais ser\u00e3o em 22\/08 e 03\/10.","og_url":"https:\/\/www.estrategiaconcursos.com.br\/blog\/concurso-setec-campinas-tem-provas-adiadas-saiba-mais\/","og_site_name":"Estrat\u00e9gia Concursos","article_published_time":"2021-08-04T22:07:34+00:00","article_modified_time":"2021-08-05T18:46:18+00:00","og_image":[{"width":768,"height":432,"url":"https:\/\/dhg1h5j42swfq.cloudfront.net\/2021\/06\/22104336\/setec-campinas.jpg","type":"image\/jpeg"}],"author":"Elo\u00edsa da Rosa Ferro","twitter_card":"summary_large_image","twitter_creator":"@EstratConcursos","twitter_site":"@EstratConcursos","twitter_misc":{"Escrito por":"Elo\u00edsa da Rosa Ferro","Est. tempo de leitura":"2 minutos"},"schema":{"@context":"https:\/\/schema.org","@graph":[{"@type":"NewsArticle","@id":"https:\/\/www.estrategiaconcursos.com.br\/blog\/concurso-setec-campinas-tem-provas-adiadas-saiba-mais\/#article","isPartOf":{"@id":"https:\/\/www.estrategiaconcursos.com.br\/blog\/concurso-setec-campinas-tem-provas-adiadas-saiba-mais\/"},"author":{"name":"Elo\u00edsa da Rosa Ferro","@id":"https:\/\/www.estrategiaconcursos.com.br\/blog\/#\/schema\/person\/57d9394bb68400dbec62ff8a943ab201"},"headline":"Concurso SETEC Campinas tem provas adiadas; Saiba mais!","datePublished":"2021-08-04T22:07:34+00:00","dateModified":"2021-08-05T18:46:18+00:00","mainEntityOfPage":{"@id":"https:\/\/www.estrategiaconcursos.com.br\/blog\/concurso-setec-campinas-tem-provas-adiadas-saiba-mais\/"},"wordCount":496,"commentCount":0,"publisher":{"@id":"https:\/\/www.estrategiaconcursos.com.br\/blog\/#organization"},"image":{"@id":"https:\/\/www.estrategiaconcursos.com.br\/blog\/concurso-setec-campinas-tem-provas-adiadas-saiba-mais\/#primaryimage"},"thumbnailUrl":"https:\/\/dhg1h5j42swfq.cloudfront.net\/2021\/06\/22104336\/setec-campinas.jpg","articleSection":["Executivo (Administrativa)","\u00daltimas not\u00edcias"],"inLanguage":"pt-BR","potentialAction":[{"@type":"CommentAction","name":"Comment","target":["https:\/\/www.estrategiaconcursos.com.br\/blog\/concurso-setec-campinas-tem-provas-adiadas-saiba-mais\/#respond"]}],"copyrightYear":"2021","copyrightHolder":{"@id":"https:\/\/www.estrategiaconcursos.com.br\/blog\/#organization"}},{"@type":"WebPage","@id":"https:\/\/www.estrategiaconcursos.com.br\/blog\/concurso-setec-campinas-tem-provas-adiadas-saiba-mais\/","url":"https:\/\/www.estrategiaconcursos.com.br\/blog\/concurso-setec-campinas-tem-provas-adiadas-saiba-mais\/","name":"Concurso SETEC Campinas tem provas adiadas; Saiba mais!","isPartOf":{"@id":"https:\/\/www.estrategiaconcursos.com.br\/blog\/#website"},"primaryImageOfPage":{"@id":"https:\/\/www.estrategiaconcursos.com.br\/blog\/concurso-setec-campinas-tem-provas-adiadas-saiba-mais\/#primaryimage"},"image":{"@id":"https:\/\/www.estrategiaconcursos.com.br\/blog\/concurso-setec-campinas-tem-provas-adiadas-saiba-mais\/#primaryimage"},"thumbnailUrl":"https:\/\/dhg1h5j42swfq.cloudfront.net\/2021\/06\/22104336\/setec-campinas.jpg","datePublished":"2021-08-04T22:07:34+00:00","dateModified":"2021-08-05T18:46:18+00:00","description":"Com cronograma alterado, apenas as provas para Procurador (15\/08) n\u00e3o foram adiadas no SETEC Campinas, as demais ser\u00e3o em 22\/08 e 03\/10.","breadcrumb":{"@id":"https:\/\/www.estrategiaconcursos.com.br\/blog\/concurso-setec-campinas-tem-provas-adiadas-saiba-mais\/#breadcrumb"},"inLanguage":"pt-BR","potentialAction":[{"@type":"ReadAction","target":["https:\/\/www.estrategiaconcursos.com.br\/blog\/concurso-setec-campinas-tem-provas-adiadas-saiba-mais\/"]}]},{"@type":"ImageObject","inLanguage":"pt-BR","@id":"https:\/\/www.estrategiaconcursos.com.br\/blog\/concurso-setec-campinas-tem-provas-adiadas-saiba-mais\/#primaryimage","url":"https:\/\/dhg1h5j42swfq.cloudfront.net\/2021\/06\/22104336\/setec-campinas.jpg","contentUrl":"https:\/\/dhg1h5j42swfq.cloudfront.net\/2021\/06\/22104336\/setec-campinas.jpg","width":768,"height":432,"caption":"concurso setec campinas locais"},{"@type":"BreadcrumbList","@id":"https:\/\/www.estrategiaconcursos.com.br\/blog\/concurso-setec-campinas-tem-provas-adiadas-saiba-mais\/#breadcrumb","itemListElement":[{"@type":"ListItem","position":1,"name":"In\u00edcio","item":"https:\/\/www.estrategiaconcursos.com.br\/blog\/"},{"@type":"ListItem","position":2,"name":"Concurso SETEC Campinas tem provas adiadas; Saiba mais!"}]},{"@type":"WebSite","@id":"https:\/\/www.estrategiaconcursos.com.br\/blog\/#website","url":"https:\/\/www.estrategiaconcursos.com.br\/blog\/","name":"Estrat\u00e9gia Concursos","description":"O blog da Estrat\u00e9gia Concursos traz not\u00edcias sobre concursos e artigos de professores oferecendo cursos para concursos (pdf + videaulas) no site.","publisher":{"@id":"https:\/\/www.estrategiaconcursos.com.br\/blog\/#organization"},"potentialAction":[{"@type":"SearchAction","target":{"@type":"EntryPoint","urlTemplate":"https:\/\/www.estrategiaconcursos.com.br\/blog\/?s={search_term_string}"},"query-input":{"@type":"PropertyValueSpecification","valueRequired":true,"valueName":"search_term_string"}}],"inLanguage":"pt-BR"},{"@type":"Organization","@id":"https:\/\/www.estrategiaconcursos.com.br\/blog\/#organization","name":"Estrat\u00e9gia Concursos","url":"https:\/\/www.estrategiaconcursos.com.br\/blog\/","logo":{"@type":"ImageObject","inLanguage":"pt-BR","@id":"https:\/\/www.estrategiaconcursos.com.br\/blog\/#\/schema\/logo\/image\/","url":"https:\/\/dhg1h5j42swfq.cloudfront.net\/2025\/06\/03203428\/logo_concursos-1.jpg","contentUrl":"https:\/\/dhg1h5j42swfq.cloudfront.net\/2025\/06\/03203428\/logo_concursos-1.jpg","width":230,"height":60,"caption":"Estrat\u00e9gia Concursos"},"image":{"@id":"https:\/\/www.estrategiaconcursos.com.br\/blog\/#\/schema\/logo\/image\/"},"sameAs":["https:\/\/x.com\/EstratConcursos"]},{"@type":"Person","@id":"https:\/\/www.estrategiaconcursos.com.br\/blog\/#\/schema\/person\/57d9394bb68400dbec62ff8a943ab201","name":"Elo\u00edsa da Rosa Ferro","image":{"@type":"ImageObject","inLanguage":"pt-BR","@id":"https:\/\/secure.gravatar.com\/avatar\/?s=96&d=mm&r=g","url":"https:\/\/secure.gravatar.com\/avatar\/?s=96&d=mm&r=g","contentUrl":"https:\/\/secure.gravatar.com\/avatar\/?s=96&d=mm&r=g","caption":"Elo\u00edsa da Rosa Ferro"},"url":"https:\/\/www.estrategiaconcursos.com.br\/blog\/author\/eloisa-ferro\/"}]}},"_links":{"self":[{"href":"https:\/\/www.estrategiaconcursos.com.br\/blog\/wp-json\/wp\/v2\/posts\/829087","targetHints":{"allow":["GET"]}}],"collection":[{"href":"https:\/\/www.estrategiaconcursos.com.br\/blog\/wp-json\/wp\/v2\/posts"}],"about":[{"href":"https:\/\/www.estrategiaconcursos.com.br\/blog\/wp-json\/wp\/v2\/types\/post"}],"author":[{"embeddable":true,"href":"https:\/\/www.estrategiaconcursos.com.br\/blog\/wp-json\/wp\/v2\/users\/2099"}],"replies":[{"embeddable":true,"href":"https:\/\/www.estrategiaconcursos.com.br\/blog\/wp-json\/wp\/v2\/comments?post=829087"}],"version-history":[{"count":10,"href":"https:\/\/www.estrategiaconcursos.com.br\/blog\/wp-json\/wp\/v2\/posts\/829087\/revisions"}],"predecessor-version":[{"id":829667,"href":"https:\/\/www.estrategiaconcursos.com.br\/blog\/wp-json\/wp\/v2\/posts\/829087\/revisions\/829667"}],"wp:featuredmedia":[{"embeddable":true,"href":"https:\/\/www.estrategiaconcursos.com.br\/blog\/wp-json\/wp\/v2\/media\/773641"}],"wp:attachment":[{"href":"https:\/\/www.estrategiaconcursos.com.br\/blog\/wp-json\/wp\/v2\/media?parent=829087"}],"wp:term":[{"taxonomy":"category","embeddable":true,"href":"https:\/\/www.estrategiaconcursos.com.br\/blog\/wp-json\/wp\/v2\/categories?post=829087"},{"taxonomy":"post_tag","embeddable":true,"href":"https:\/\/www.estrategiaconcursos.com.br\/blog\/wp-json\/wp\/v2\/tags?post=829087"},{"taxonomy":"tax_estado","embeddable":true,"href":"https:\/\/www.estrategiaconcursos.com.br\/blog\/wp-json\/wp\/v2\/tax_estado?post=829087"}],"curies":[{"name":"wp","href":"https:\/\/api.w.org\/{rel}","templated":true}]}}