{"id":829050,"date":"2021-08-04T18:21:45","date_gmt":"2021-08-04T21:21:45","guid":{"rendered":"https:\/\/www.estrategiaconcursos.com.br\/blog\/?p=829050"},"modified":"2021-08-05T15:49:11","modified_gmt":"2021-08-05T18:49:11","slug":"cronograma-do-concurso-sao-joao-da-ponte-e-retificado","status":"publish","type":"post","link":"https:\/\/www.estrategiaconcursos.com.br\/blog\/cronograma-do-concurso-sao-joao-da-ponte-e-retificado\/","title":{"rendered":"Cronograma do concurso S\u00e3o Jo\u00e3o da Ponte \u00e9 retificado"},"content":{"rendered":"\n<p>Foi publicada ontem (03) a primeira retifica\u00e7\u00e3o do edital para provimento de cargos efetivos do concurso S\u00e3o Jo\u00e3o da Ponte, que altera, em primeira inst\u00e2ncia, o cronograma do processo seletivo. Al\u00e9m do dito, houve tamb\u00e9m eleva\u00e7\u00e3o do n\u00famero de vagas para uma das fun\u00e7\u00f5es, bem como outras importantes implica\u00e7\u00f5es.<\/p>\n\n\n\n<p class=\"has-text-align-center has-pale-cyan-blue-color has-black-background-color has-text-color has-background\"><a href=\"https:\/\/dhg1h5j42swfq.cloudfront.net\/2021\/08\/04173557\/1a_retificacao-1.pdf\" target=\"_blank\" rel=\"noreferrer noopener\"><strong>Comunicado Oficial de Retifica\u00e7\u00e3o<\/strong><\/a><\/p>\n\n\n\n<p>Em primeiro lugar, das principais retifica\u00e7\u00f5es presentes no cronograma do concurso S\u00e3o Jo\u00e3o da Ponte, nota-se que a <strong>aplica\u00e7\u00e3o das provas objetivas<\/strong> passou do dia 28 de novembro para <strong>5 de dezembro<\/strong>, cujas localidades avaliativas s\u00f3 ser\u00e3o comunicadas no dia 29 de novembro. <strong>Resultado<\/strong> das objetivas em <strong>28 de dezembro<\/strong>. <\/p>\n\n\n\n<p>Em segundo lugar,<strong> o cargo de Dentista acresceu de mais 5 vagas<\/strong>, passando para um total de 13 oportunidades. Nesse sentido, altera-se idem a quantidade de vagas do certame para 311. <\/p>\n\n\n\n<p>No adendo, vale ressaltar que o cargo de <strong>Supervisor Pedag\u00f3gico <\/strong>sofreu altera\u00e7\u00e3o na atribui\u00e7\u00e3o de 40 horas semanas para <strong>30 horas semanais<\/strong>, o que pode animar em tanto os candidatos correspondentes a tal. <\/p>\n\n\n\n<p>Outra poss\u00edvel boa not\u00edcia \u00e9 a de que<strong> n\u00e3o ser\u00e1 mais cobrada matem\u00e1tica <\/strong>nas provas para <strong>Agente Comunit\u00e1rio de Sa\u00fade e Agente de Controle de Endemias<\/strong>, apenas No\u00e7\u00f5es de Inform\u00e1tica que, inclusive, j\u00e1 constavam nos anexos III e IV do edital de abertura. <\/p>\n\n\n\n<div class=\"wp-block-image\"><figure class=\"aligncenter\"><img decoding=\"async\" src=\"https:\/\/www.hojeemdia.com.br\/polopoly_fs\/1.126102!\/image\/image.jpg_gen\/derivatives\/landscape_653\/image.jpg\" alt=\"cronograma s\u00e3o jo\u00e3o ponte\"\/><figcaption><em>Cronograma, n\u00famero de vagas e outras importantes altera\u00e7\u00f5es s\u00e3o definidas em edital de retifica\u00e7\u00e3o do concurso S\u00e3o Jo\u00e3o da Ponte<\/em><\/figcaption><\/figure><\/div>\n\n\n\n<h2 class=\"wp-block-heading\" id=\"h-concurso-s-o-jo-o-da-ponte\">Concurso S\u00e3o Jo\u00e3o da Ponte<\/h2>\n\n\n\n<p>Caso voc\u00ea tenha se interessado pelo concurso, o <strong>per\u00edodo de inscri\u00e7\u00f5es<\/strong>, inalterado, ainda est\u00e1 previsto para <strong>23 de setembro a 27 de outubro<\/strong> no site da banca organizadora, a <a href=\"https:\/\/cotec.fadenor.com.br\/\" target=\"_blank\" rel=\"noreferrer noopener\">Cotec<\/a>. S\u00e3o 311 vagas administrativas de atribui\u00e7\u00f5es diversas com uma varia\u00e7\u00e3o salarial de <strong><em>R$ 1.100,00 a R$ 13.550,00<\/em><\/strong>. <\/p>\n\n\n\n<p>Ademais, a avalia\u00e7\u00e3o dos candidatos se dividir\u00e1 da seguinte forma:<\/p>\n\n\n\n<ol class=\"wp-block-list\"><li><strong>Prova Objetiva<\/strong>&nbsp;de M\u00faltipla Escolha, de car\u00e1ter eliminat\u00f3rio e classificat\u00f3rio;<\/li><li><strong>Prova Pr\u00e1tica<\/strong>&nbsp;para os cargos: Operador de Ve\u00edculos Pesados \u2013 Carregadeiras, Operador de Ve\u00edculos Pesados \u2013 Patrol e Operador de Ve\u00edculos Pesados \u2013 Escavadeira Hidr\u00e1ulica, de car\u00e1ter eliminat\u00f3rio;<\/li><li><strong>Curso Introdut\u00f3rio de Forma\u00e7\u00e3o Inicial<\/strong>, de car\u00e1ter eliminat\u00f3rio, para o cargo de Agente Comunit\u00e1rio de Sa\u00fade.<\/li><\/ol>\n\n\n\n<p class=\"has-text-align-center\"><em>Para ficar por dentro de todos os demais detalhes acerca do concurso S\u00e3o Jo\u00e3o da Ponte (edital, cronograma retificado e atualiza\u00e7\u00f5es fresquinhas), confira um artigo completo, de f\u00e1cil compreens\u00e3o, que elaboramos EXCLUSIVAMENTE para voc\u00ea!<\/em><\/p>\n\n\n\n<p class=\"has-text-align-center has-black-color has-pale-cyan-blue-background-color has-text-color has-background\" style=\"font-size:clamp(14.642px, 0.915rem + ((1vw - 3.2px) * 0.721), 22px);px\"><strong>Mais informa\u00e7\u00f5es: <a href=\"https:\/\/www.estrategiaconcursos.com.br\/blog\/concurso-prefeitura-sao-joao-da-ponte\/\" target=\"_blank\" rel=\"noreferrer noopener\">Concurso da Prefeitura de S\u00e3o Jo\u00e3o da Ponte<\/a><\/strong><\/p>\n\n\n\n<hr class=\"wp-block-separator\"\/>\n\n\n\n<h2 class=\"has-text-align-center wp-block-heading\" id=\"h-quer-estudar-para-o-concurso-s-o-jo-o-da-ponte\">Quer estudar para o concurso S\u00e3o Jo\u00e3o da Ponte?<\/h2>\n\n\n\n<div class=\"container\" id=\"boxes\">\n  <div class=\"row\">\n\n    <div class=\"col-sm\">\n      <div class=\"banner-estrategia\" id=\"box-assinatura\">\n        <h3 class=\"titulo-assinatura\">Cursos para concursos<\/h3>\n        <p class=\"subtitulo-assinatura\">Estude conosco<\/p>\n        <div class=\"box-botao\">\n          <a class=\"btn-assinatura\" target=\"_blank\" href=\"https:\/\/www.estrategiaconcursos.com.br\/cursos\/\" role=\"button\" rel=\"noopener noreferrer\">Conhe\u00e7a os cursos<\/a>\n        <\/div>\n      <\/div>\n     \n    <\/div>\n\n  <\/div>\n<\/div>\n\n\n\n<div class=\"container\" id=\"boxes\">\n  <div class=\"row\">\n\n    <div class=\"col-sm\">\n      <div class=\"estrategia\" id=\"box-assinatura\">\n        <h3 class=\"titulo-assinatura\">Assinatura Concursos<\/h3>\n        <p class=\"subtitulo-assinatura\">Assinatura de 1 ano ou 2 anos<\/p>\n        <div class=\"box-botao\">\n          <a class=\"btn-assinatura\" target=\"_blank\" href=\"https:\/\/www.estrategiaconcursos.com.br\/assinaturas\/\" role=\"button\" rel=\"noopener noreferrer\">ASSINE AGORA<\/a>\n        <\/div>\n      <\/div><\/div><\/div><\/div>\n\n\n\n<div class=\"container\" id=\"boxes\">\n  <div class=\"row\">\n\n    <div class=\"col-sm\" id=\"boxes-concursos\">\n      <div style=\"background-color: #005DAD;\" class=\"conteudo-concursos\" id=\"box-concursos\">\n        <h3 class=\"titulo-assinatura\">Concursos Abertos<\/h3>\n        <p class=\"subtitulo-assinatura\">Confira os editais publicados<\/p>\n        <div class=\"box-botao\">\n          <a class=\"btn-assinatura\" target=\"_blank\" href=\"https:\/\/www.estrategiaconcursos.com.br\/blog\/concursos-abertos\/\" role=\"button\" rel=\"noopener noreferrer\">Conhe\u00e7a Agora<\/a>\n        <\/div>\n      <\/div>\n    <\/div>\n\n    <div class=\"col-sm\" id=\"boxes-concursos\">\n      <div style=\"background-color: #1A7ED5;\" class=\"conteudo-concursos\" id=\"box-concursos\">\n        <h3 class=\"titulo-assinatura\">Concursos 2021<\/h3>\n        <p class=\"subtitulo-assinatura\">As oportunidades previstas<\/p>\n        <div class=\"box-botao\">\n          <a class=\"btn-assinatura\" target=\"_blank\" href=\"https:\/\/www.estrategiaconcursos.com.br\/blog\/concursos-2021\/\" role=\"button\" rel=\"noopener noreferrer\">Conhe\u00e7a Agora<\/a>\n        <\/div>\n      <\/div>\n    <\/div>\n\n    <div class=\"col-sm\" id=\"boxes-concursos\">\n      <div style=\"background-color: #419FF0;\" class=\"conteudo-concursos\" id=\"box-concursos\">\n        <h3 class=\"titulo-assinatura\">Concursos 2022<\/h3>\n        <p class=\"subtitulo-assinatura\">Vagas para o pr\u00f3ximo ano<\/p>\n        <div class=\"box-botao\">\n          <a class=\"btn-assinatura\" target=\"_blank\" href=\"https:\/\/www.estrategiaconcursos.com.br\/blog\/concursos-2022\/\" role=\"button\" rel=\"noopener noreferrer\">Conhe\u00e7a Agora<\/a>\n        <\/div>\n      <\/div>\n    <\/div>\n\n  <\/div>\n<\/div>\n","protected":false},"excerpt":{"rendered":"<p>Foi publicada ontem (03) a primeira retifica\u00e7\u00e3o do edital para provimento de cargos efetivos do concurso S\u00e3o Jo\u00e3o da Ponte, que altera, em primeira inst\u00e2ncia, o cronograma do processo seletivo. Al\u00e9m do dito, houve tamb\u00e9m eleva\u00e7\u00e3o do n\u00famero de vagas para uma das fun\u00e7\u00f5es, bem como outras importantes implica\u00e7\u00f5es. Comunicado Oficial de Retifica\u00e7\u00e3o Em primeiro [&hellip;]<\/p>\n","protected":false},"author":2099,"featured_media":823616,"comment_status":"open","ping_status":"closed","sticky":false,"template":"","format":"standard","meta":{"post_tipo":"news","footnotes":""},"categories":[214992,220219],"tags":[],"tax_estado":[219974],"class_list":["post-829050","post","type-post","status-publish","format-standard","has-post-thumbnail","hentry","category-concursos-administrativos","category-noticias","tax_estado-mg"],"acf":[],"yoast_head":"<!-- This site is optimized with the Yoast SEO Premium plugin v27.2 (Yoast SEO v27.2) - https:\/\/yoast.com\/product\/yoast-seo-premium-wordpress\/ -->\n<title>Cronograma do concurso S\u00e3o Jo\u00e3o da Ponte \u00e9 retificado<\/title>\n<meta name=\"description\" content=\"Em retifica\u00e7\u00e3o, o concurso S\u00e3o Jo\u00e3o da Ponte tem n\u00famero de vagas acrescido, cronograma alterado e outras importantes modifica\u00e7\u00f5es.\" \/>\n<meta name=\"robots\" content=\"index, follow, max-snippet:-1, max-image-preview:large, max-video-preview:-1\" \/>\n<link rel=\"canonical\" href=\"https:\/\/www.estrategiaconcursos.com.br\/blog\/cronograma-do-concurso-sao-joao-da-ponte-e-retificado\/\" \/>\n<meta property=\"og:locale\" content=\"pt_BR\" \/>\n<meta property=\"og:type\" content=\"article\" \/>\n<meta property=\"og:title\" content=\"Cronograma do concurso S\u00e3o Jo\u00e3o da Ponte \u00e9 retificado\" \/>\n<meta property=\"og:description\" content=\"Em retifica\u00e7\u00e3o, o concurso S\u00e3o Jo\u00e3o da Ponte tem n\u00famero de vagas acrescido, cronograma alterado e outras importantes modifica\u00e7\u00f5es.\" \/>\n<meta property=\"og:url\" content=\"https:\/\/www.estrategiaconcursos.com.br\/blog\/cronograma-do-concurso-sao-joao-da-ponte-e-retificado\/\" \/>\n<meta property=\"og:site_name\" content=\"Estrat\u00e9gia Concursos\" \/>\n<meta property=\"article:published_time\" content=\"2021-08-04T21:21:45+00:00\" \/>\n<meta property=\"article:modified_time\" content=\"2021-08-05T18:49:11+00:00\" \/>\n<meta property=\"og:image\" content=\"https:\/\/dhg1h5j42swfq.cloudfront.net\/2021\/07\/28103124\/prefeitura-sao-joao-da-ponte-mg.jpg\" \/>\n\t<meta property=\"og:image:width\" content=\"768\" \/>\n\t<meta property=\"og:image:height\" content=\"432\" \/>\n\t<meta property=\"og:image:type\" content=\"image\/jpeg\" \/>\n<meta name=\"author\" content=\"Elo\u00edsa da Rosa Ferro\" \/>\n<meta name=\"twitter:card\" content=\"summary_large_image\" \/>\n<meta name=\"twitter:creator\" content=\"@EstratConcursos\" \/>\n<meta name=\"twitter:site\" content=\"@EstratConcursos\" \/>\n<meta name=\"twitter:label1\" content=\"Escrito por\" \/>\n\t<meta name=\"twitter:data1\" content=\"Elo\u00edsa da Rosa Ferro\" \/>\n\t<meta name=\"twitter:label2\" content=\"Est. tempo de leitura\" \/>\n\t<meta name=\"twitter:data2\" content=\"3 minutos\" \/>\n<script type=\"application\/ld+json\" class=\"yoast-schema-graph\">{\"@context\":\"https:\/\/schema.org\",\"@graph\":[{\"@type\":\"NewsArticle\",\"@id\":\"https:\/\/www.estrategiaconcursos.com.br\/blog\/cronograma-do-concurso-sao-joao-da-ponte-e-retificado\/#article\",\"isPartOf\":{\"@id\":\"https:\/\/www.estrategiaconcursos.com.br\/blog\/cronograma-do-concurso-sao-joao-da-ponte-e-retificado\/\"},\"author\":{\"name\":\"Elo\u00edsa da Rosa Ferro\",\"@id\":\"https:\/\/www.estrategiaconcursos.com.br\/blog\/#\/schema\/person\/57d9394bb68400dbec62ff8a943ab201\"},\"headline\":\"Cronograma do concurso S\u00e3o Jo\u00e3o da Ponte \u00e9 retificado\",\"datePublished\":\"2021-08-04T21:21:45+00:00\",\"dateModified\":\"2021-08-05T18:49:11+00:00\",\"mainEntityOfPage\":{\"@id\":\"https:\/\/www.estrategiaconcursos.com.br\/blog\/cronograma-do-concurso-sao-joao-da-ponte-e-retificado\/\"},\"wordCount\":504,\"commentCount\":0,\"publisher\":{\"@id\":\"https:\/\/www.estrategiaconcursos.com.br\/blog\/#organization\"},\"image\":{\"@id\":\"https:\/\/www.estrategiaconcursos.com.br\/blog\/cronograma-do-concurso-sao-joao-da-ponte-e-retificado\/#primaryimage\"},\"thumbnailUrl\":\"https:\/\/dhg1h5j42swfq.cloudfront.net\/2021\/07\/28103124\/prefeitura-sao-joao-da-ponte-mg.jpg\",\"articleSection\":[\"Executivo (Administrativa)\",\"\u00daltimas not\u00edcias\"],\"inLanguage\":\"pt-BR\",\"potentialAction\":[{\"@type\":\"CommentAction\",\"name\":\"Comment\",\"target\":[\"https:\/\/www.estrategiaconcursos.com.br\/blog\/cronograma-do-concurso-sao-joao-da-ponte-e-retificado\/#respond\"]}],\"copyrightYear\":\"2021\",\"copyrightHolder\":{\"@id\":\"https:\/\/www.estrategiaconcursos.com.br\/blog\/#organization\"}},{\"@type\":\"WebPage\",\"@id\":\"https:\/\/www.estrategiaconcursos.com.br\/blog\/cronograma-do-concurso-sao-joao-da-ponte-e-retificado\/\",\"url\":\"https:\/\/www.estrategiaconcursos.com.br\/blog\/cronograma-do-concurso-sao-joao-da-ponte-e-retificado\/\",\"name\":\"Cronograma do concurso S\u00e3o Jo\u00e3o da Ponte \u00e9 retificado\",\"isPartOf\":{\"@id\":\"https:\/\/www.estrategiaconcursos.com.br\/blog\/#website\"},\"primaryImageOfPage\":{\"@id\":\"https:\/\/www.estrategiaconcursos.com.br\/blog\/cronograma-do-concurso-sao-joao-da-ponte-e-retificado\/#primaryimage\"},\"image\":{\"@id\":\"https:\/\/www.estrategiaconcursos.com.br\/blog\/cronograma-do-concurso-sao-joao-da-ponte-e-retificado\/#primaryimage\"},\"thumbnailUrl\":\"https:\/\/dhg1h5j42swfq.cloudfront.net\/2021\/07\/28103124\/prefeitura-sao-joao-da-ponte-mg.jpg\",\"datePublished\":\"2021-08-04T21:21:45+00:00\",\"dateModified\":\"2021-08-05T18:49:11+00:00\",\"description\":\"Em retifica\u00e7\u00e3o, o concurso S\u00e3o Jo\u00e3o da Ponte tem n\u00famero de vagas acrescido, cronograma alterado e outras importantes modifica\u00e7\u00f5es.\",\"breadcrumb\":{\"@id\":\"https:\/\/www.estrategiaconcursos.com.br\/blog\/cronograma-do-concurso-sao-joao-da-ponte-e-retificado\/#breadcrumb\"},\"inLanguage\":\"pt-BR\",\"potentialAction\":[{\"@type\":\"ReadAction\",\"target\":[\"https:\/\/www.estrategiaconcursos.com.br\/blog\/cronograma-do-concurso-sao-joao-da-ponte-e-retificado\/\"]}]},{\"@type\":\"ImageObject\",\"inLanguage\":\"pt-BR\",\"@id\":\"https:\/\/www.estrategiaconcursos.com.br\/blog\/cronograma-do-concurso-sao-joao-da-ponte-e-retificado\/#primaryimage\",\"url\":\"https:\/\/dhg1h5j42swfq.cloudfront.net\/2021\/07\/28103124\/prefeitura-sao-joao-da-ponte-mg.jpg\",\"contentUrl\":\"https:\/\/dhg1h5j42swfq.cloudfront.net\/2021\/07\/28103124\/prefeitura-sao-joao-da-ponte-mg.jpg\",\"width\":768,\"height\":432,\"caption\":\"cronograma s\u00e3o jo\u00e3o ponte\"},{\"@type\":\"BreadcrumbList\",\"@id\":\"https:\/\/www.estrategiaconcursos.com.br\/blog\/cronograma-do-concurso-sao-joao-da-ponte-e-retificado\/#breadcrumb\",\"itemListElement\":[{\"@type\":\"ListItem\",\"position\":1,\"name\":\"In\u00edcio\",\"item\":\"https:\/\/www.estrategiaconcursos.com.br\/blog\/\"},{\"@type\":\"ListItem\",\"position\":2,\"name\":\"Cronograma do concurso S\u00e3o Jo\u00e3o da Ponte \u00e9 retificado\"}]},{\"@type\":\"WebSite\",\"@id\":\"https:\/\/www.estrategiaconcursos.com.br\/blog\/#website\",\"url\":\"https:\/\/www.estrategiaconcursos.com.br\/blog\/\",\"name\":\"Estrat\u00e9gia Concursos\",\"description\":\"O blog da Estrat\u00e9gia Concursos traz not\u00edcias sobre concursos e artigos de professores oferecendo cursos para concursos (pdf + videaulas) no site.\",\"publisher\":{\"@id\":\"https:\/\/www.estrategiaconcursos.com.br\/blog\/#organization\"},\"potentialAction\":[{\"@type\":\"SearchAction\",\"target\":{\"@type\":\"EntryPoint\",\"urlTemplate\":\"https:\/\/www.estrategiaconcursos.com.br\/blog\/?s={search_term_string}\"},\"query-input\":{\"@type\":\"PropertyValueSpecification\",\"valueRequired\":true,\"valueName\":\"search_term_string\"}}],\"inLanguage\":\"pt-BR\"},{\"@type\":\"Organization\",\"@id\":\"https:\/\/www.estrategiaconcursos.com.br\/blog\/#organization\",\"name\":\"Estrat\u00e9gia Concursos\",\"url\":\"https:\/\/www.estrategiaconcursos.com.br\/blog\/\",\"logo\":{\"@type\":\"ImageObject\",\"inLanguage\":\"pt-BR\",\"@id\":\"https:\/\/www.estrategiaconcursos.com.br\/blog\/#\/schema\/logo\/image\/\",\"url\":\"https:\/\/dhg1h5j42swfq.cloudfront.net\/2025\/06\/03203428\/logo_concursos-1.jpg\",\"contentUrl\":\"https:\/\/dhg1h5j42swfq.cloudfront.net\/2025\/06\/03203428\/logo_concursos-1.jpg\",\"width\":230,\"height\":60,\"caption\":\"Estrat\u00e9gia Concursos\"},\"image\":{\"@id\":\"https:\/\/www.estrategiaconcursos.com.br\/blog\/#\/schema\/logo\/image\/\"},\"sameAs\":[\"https:\/\/x.com\/EstratConcursos\"]},{\"@type\":\"Person\",\"@id\":\"https:\/\/www.estrategiaconcursos.com.br\/blog\/#\/schema\/person\/57d9394bb68400dbec62ff8a943ab201\",\"name\":\"Elo\u00edsa da Rosa Ferro\",\"image\":{\"@type\":\"ImageObject\",\"inLanguage\":\"pt-BR\",\"@id\":\"https:\/\/secure.gravatar.com\/avatar\/?s=96&d=mm&r=g\",\"url\":\"https:\/\/secure.gravatar.com\/avatar\/?s=96&d=mm&r=g\",\"contentUrl\":\"https:\/\/secure.gravatar.com\/avatar\/?s=96&d=mm&r=g\",\"caption\":\"Elo\u00edsa da Rosa Ferro\"},\"url\":\"https:\/\/www.estrategiaconcursos.com.br\/blog\/author\/eloisa-ferro\/\"}]}<\/script>\n<!-- \/ Yoast SEO Premium plugin. -->","yoast_head_json":{"title":"Cronograma do concurso S\u00e3o Jo\u00e3o da Ponte \u00e9 retificado","description":"Em retifica\u00e7\u00e3o, o concurso S\u00e3o Jo\u00e3o da Ponte tem n\u00famero de vagas acrescido, cronograma alterado e outras importantes modifica\u00e7\u00f5es.","robots":{"index":"index","follow":"follow","max-snippet":"max-snippet:-1","max-image-preview":"max-image-preview:large","max-video-preview":"max-video-preview:-1"},"canonical":"https:\/\/www.estrategiaconcursos.com.br\/blog\/cronograma-do-concurso-sao-joao-da-ponte-e-retificado\/","og_locale":"pt_BR","og_type":"article","og_title":"Cronograma do concurso S\u00e3o Jo\u00e3o da Ponte \u00e9 retificado","og_description":"Em retifica\u00e7\u00e3o, o concurso S\u00e3o Jo\u00e3o da Ponte tem n\u00famero de vagas acrescido, cronograma alterado e outras importantes modifica\u00e7\u00f5es.","og_url":"https:\/\/www.estrategiaconcursos.com.br\/blog\/cronograma-do-concurso-sao-joao-da-ponte-e-retificado\/","og_site_name":"Estrat\u00e9gia Concursos","article_published_time":"2021-08-04T21:21:45+00:00","article_modified_time":"2021-08-05T18:49:11+00:00","og_image":[{"width":768,"height":432,"url":"https:\/\/dhg1h5j42swfq.cloudfront.net\/2021\/07\/28103124\/prefeitura-sao-joao-da-ponte-mg.jpg","type":"image\/jpeg"}],"author":"Elo\u00edsa da Rosa Ferro","twitter_card":"summary_large_image","twitter_creator":"@EstratConcursos","twitter_site":"@EstratConcursos","twitter_misc":{"Escrito por":"Elo\u00edsa da Rosa Ferro","Est. tempo de leitura":"3 minutos"},"schema":{"@context":"https:\/\/schema.org","@graph":[{"@type":"NewsArticle","@id":"https:\/\/www.estrategiaconcursos.com.br\/blog\/cronograma-do-concurso-sao-joao-da-ponte-e-retificado\/#article","isPartOf":{"@id":"https:\/\/www.estrategiaconcursos.com.br\/blog\/cronograma-do-concurso-sao-joao-da-ponte-e-retificado\/"},"author":{"name":"Elo\u00edsa da Rosa Ferro","@id":"https:\/\/www.estrategiaconcursos.com.br\/blog\/#\/schema\/person\/57d9394bb68400dbec62ff8a943ab201"},"headline":"Cronograma do concurso S\u00e3o Jo\u00e3o da Ponte \u00e9 retificado","datePublished":"2021-08-04T21:21:45+00:00","dateModified":"2021-08-05T18:49:11+00:00","mainEntityOfPage":{"@id":"https:\/\/www.estrategiaconcursos.com.br\/blog\/cronograma-do-concurso-sao-joao-da-ponte-e-retificado\/"},"wordCount":504,"commentCount":0,"publisher":{"@id":"https:\/\/www.estrategiaconcursos.com.br\/blog\/#organization"},"image":{"@id":"https:\/\/www.estrategiaconcursos.com.br\/blog\/cronograma-do-concurso-sao-joao-da-ponte-e-retificado\/#primaryimage"},"thumbnailUrl":"https:\/\/dhg1h5j42swfq.cloudfront.net\/2021\/07\/28103124\/prefeitura-sao-joao-da-ponte-mg.jpg","articleSection":["Executivo (Administrativa)","\u00daltimas not\u00edcias"],"inLanguage":"pt-BR","potentialAction":[{"@type":"CommentAction","name":"Comment","target":["https:\/\/www.estrategiaconcursos.com.br\/blog\/cronograma-do-concurso-sao-joao-da-ponte-e-retificado\/#respond"]}],"copyrightYear":"2021","copyrightHolder":{"@id":"https:\/\/www.estrategiaconcursos.com.br\/blog\/#organization"}},{"@type":"WebPage","@id":"https:\/\/www.estrategiaconcursos.com.br\/blog\/cronograma-do-concurso-sao-joao-da-ponte-e-retificado\/","url":"https:\/\/www.estrategiaconcursos.com.br\/blog\/cronograma-do-concurso-sao-joao-da-ponte-e-retificado\/","name":"Cronograma do concurso S\u00e3o Jo\u00e3o da Ponte \u00e9 retificado","isPartOf":{"@id":"https:\/\/www.estrategiaconcursos.com.br\/blog\/#website"},"primaryImageOfPage":{"@id":"https:\/\/www.estrategiaconcursos.com.br\/blog\/cronograma-do-concurso-sao-joao-da-ponte-e-retificado\/#primaryimage"},"image":{"@id":"https:\/\/www.estrategiaconcursos.com.br\/blog\/cronograma-do-concurso-sao-joao-da-ponte-e-retificado\/#primaryimage"},"thumbnailUrl":"https:\/\/dhg1h5j42swfq.cloudfront.net\/2021\/07\/28103124\/prefeitura-sao-joao-da-ponte-mg.jpg","datePublished":"2021-08-04T21:21:45+00:00","dateModified":"2021-08-05T18:49:11+00:00","description":"Em retifica\u00e7\u00e3o, o concurso S\u00e3o Jo\u00e3o da Ponte tem n\u00famero de vagas acrescido, cronograma alterado e outras importantes modifica\u00e7\u00f5es.","breadcrumb":{"@id":"https:\/\/www.estrategiaconcursos.com.br\/blog\/cronograma-do-concurso-sao-joao-da-ponte-e-retificado\/#breadcrumb"},"inLanguage":"pt-BR","potentialAction":[{"@type":"ReadAction","target":["https:\/\/www.estrategiaconcursos.com.br\/blog\/cronograma-do-concurso-sao-joao-da-ponte-e-retificado\/"]}]},{"@type":"ImageObject","inLanguage":"pt-BR","@id":"https:\/\/www.estrategiaconcursos.com.br\/blog\/cronograma-do-concurso-sao-joao-da-ponte-e-retificado\/#primaryimage","url":"https:\/\/dhg1h5j42swfq.cloudfront.net\/2021\/07\/28103124\/prefeitura-sao-joao-da-ponte-mg.jpg","contentUrl":"https:\/\/dhg1h5j42swfq.cloudfront.net\/2021\/07\/28103124\/prefeitura-sao-joao-da-ponte-mg.jpg","width":768,"height":432,"caption":"cronograma s\u00e3o jo\u00e3o ponte"},{"@type":"BreadcrumbList","@id":"https:\/\/www.estrategiaconcursos.com.br\/blog\/cronograma-do-concurso-sao-joao-da-ponte-e-retificado\/#breadcrumb","itemListElement":[{"@type":"ListItem","position":1,"name":"In\u00edcio","item":"https:\/\/www.estrategiaconcursos.com.br\/blog\/"},{"@type":"ListItem","position":2,"name":"Cronograma do concurso S\u00e3o Jo\u00e3o da Ponte \u00e9 retificado"}]},{"@type":"WebSite","@id":"https:\/\/www.estrategiaconcursos.com.br\/blog\/#website","url":"https:\/\/www.estrategiaconcursos.com.br\/blog\/","name":"Estrat\u00e9gia Concursos","description":"O blog da Estrat\u00e9gia Concursos traz not\u00edcias sobre concursos e artigos de professores oferecendo cursos para concursos (pdf + videaulas) no site.","publisher":{"@id":"https:\/\/www.estrategiaconcursos.com.br\/blog\/#organization"},"potentialAction":[{"@type":"SearchAction","target":{"@type":"EntryPoint","urlTemplate":"https:\/\/www.estrategiaconcursos.com.br\/blog\/?s={search_term_string}"},"query-input":{"@type":"PropertyValueSpecification","valueRequired":true,"valueName":"search_term_string"}}],"inLanguage":"pt-BR"},{"@type":"Organization","@id":"https:\/\/www.estrategiaconcursos.com.br\/blog\/#organization","name":"Estrat\u00e9gia Concursos","url":"https:\/\/www.estrategiaconcursos.com.br\/blog\/","logo":{"@type":"ImageObject","inLanguage":"pt-BR","@id":"https:\/\/www.estrategiaconcursos.com.br\/blog\/#\/schema\/logo\/image\/","url":"https:\/\/dhg1h5j42swfq.cloudfront.net\/2025\/06\/03203428\/logo_concursos-1.jpg","contentUrl":"https:\/\/dhg1h5j42swfq.cloudfront.net\/2025\/06\/03203428\/logo_concursos-1.jpg","width":230,"height":60,"caption":"Estrat\u00e9gia Concursos"},"image":{"@id":"https:\/\/www.estrategiaconcursos.com.br\/blog\/#\/schema\/logo\/image\/"},"sameAs":["https:\/\/x.com\/EstratConcursos"]},{"@type":"Person","@id":"https:\/\/www.estrategiaconcursos.com.br\/blog\/#\/schema\/person\/57d9394bb68400dbec62ff8a943ab201","name":"Elo\u00edsa da Rosa Ferro","image":{"@type":"ImageObject","inLanguage":"pt-BR","@id":"https:\/\/secure.gravatar.com\/avatar\/?s=96&d=mm&r=g","url":"https:\/\/secure.gravatar.com\/avatar\/?s=96&d=mm&r=g","contentUrl":"https:\/\/secure.gravatar.com\/avatar\/?s=96&d=mm&r=g","caption":"Elo\u00edsa da Rosa Ferro"},"url":"https:\/\/www.estrategiaconcursos.com.br\/blog\/author\/eloisa-ferro\/"}]}},"_links":{"self":[{"href":"https:\/\/www.estrategiaconcursos.com.br\/blog\/wp-json\/wp\/v2\/posts\/829050","targetHints":{"allow":["GET"]}}],"collection":[{"href":"https:\/\/www.estrategiaconcursos.com.br\/blog\/wp-json\/wp\/v2\/posts"}],"about":[{"href":"https:\/\/www.estrategiaconcursos.com.br\/blog\/wp-json\/wp\/v2\/types\/post"}],"author":[{"embeddable":true,"href":"https:\/\/www.estrategiaconcursos.com.br\/blog\/wp-json\/wp\/v2\/users\/2099"}],"replies":[{"embeddable":true,"href":"https:\/\/www.estrategiaconcursos.com.br\/blog\/wp-json\/wp\/v2\/comments?post=829050"}],"version-history":[{"count":16,"href":"https:\/\/www.estrategiaconcursos.com.br\/blog\/wp-json\/wp\/v2\/posts\/829050\/revisions"}],"predecessor-version":[{"id":829670,"href":"https:\/\/www.estrategiaconcursos.com.br\/blog\/wp-json\/wp\/v2\/posts\/829050\/revisions\/829670"}],"wp:featuredmedia":[{"embeddable":true,"href":"https:\/\/www.estrategiaconcursos.com.br\/blog\/wp-json\/wp\/v2\/media\/823616"}],"wp:attachment":[{"href":"https:\/\/www.estrategiaconcursos.com.br\/blog\/wp-json\/wp\/v2\/media?parent=829050"}],"wp:term":[{"taxonomy":"category","embeddable":true,"href":"https:\/\/www.estrategiaconcursos.com.br\/blog\/wp-json\/wp\/v2\/categories?post=829050"},{"taxonomy":"post_tag","embeddable":true,"href":"https:\/\/www.estrategiaconcursos.com.br\/blog\/wp-json\/wp\/v2\/tags?post=829050"},{"taxonomy":"tax_estado","embeddable":true,"href":"https:\/\/www.estrategiaconcursos.com.br\/blog\/wp-json\/wp\/v2\/tax_estado?post=829050"}],"curies":[{"name":"wp","href":"https:\/\/api.w.org\/{rel}","templated":true}]}}