{"id":82841,"date":"2017-07-27T17:45:13","date_gmt":"2017-07-27T20:45:13","guid":{"rendered":"https:\/\/www.estrategiaconcursos.com.br\/blog\/?p=82841"},"modified":"2017-07-27T15:12:40","modified_gmt":"2017-07-27T18:12:40","slug":"direito-previdenciario-novo-prazo-do-empregado-contratado-por-empresa-de-trabalho-temporario","status":"publish","type":"post","link":"https:\/\/www.estrategiaconcursos.com.br\/blog\/direito-previdenciario-novo-prazo-do-empregado-contratado-por-empresa-de-trabalho-temporario\/","title":{"rendered":"Direito Previdenci\u00e1rio: Novo Prazo do Empregado Contratado por Empresa de Trabalho Tempor\u00e1rio."},"content":{"rendered":"<p style=\"text-align: justify\"><span style=\"font-family: verdana, geneva, sans-serif\">Ol\u00e1 pessoal.<\/span><\/p>\n<p style=\"text-align: justify\"><span style=\"font-family: verdana, geneva, sans-serif\">Como \u00e9 de conhecimentos de todos, enquadra-se como segurado empregado aquele que, contratado por<strong> empresa de trabalho tempor\u00e1rio (ETT)<\/strong>, definida em legisla\u00e7\u00e3o espec\u00edfica, presta servi\u00e7o para atender \u00e0 necessidade transit\u00f3ria de substitui\u00e7\u00e3o de pessoal regular e permanente ou a acr\u00e9scimo extraordin\u00e1rio de servi\u00e7os de outras empresas.<\/span><\/p>\n<p style=\"text-align: justify\"><span style=\"font-family: verdana, geneva, sans-serif\">Por sua vez, at\u00e9 bem pouco tempo atr\u00e1s, o prazo m\u00e1ximo que podia se trabalhar em ETT <span style=\"color: #0000ff\"><strong>ERA DE 3 MESES<\/strong><\/span>, prorrog\u00e1veis por igual per\u00edodo. Entretanto a Lei n.\u00ba 13.429\/2017 alterou a Lei n.\u00ba 6.019\/1974 (Lei do Trabalho Tempor\u00e1rio), que ficou com a seguinte reda\u00e7\u00e3o:<\/span><\/p>\n<p style=\"text-align: justify\"><span style=\"font-family: verdana, geneva, sans-serif\">Art. 10. Qualquer que seja o ramo da empresa tomadora de servi\u00e7os, n\u00e3o existe v\u00ednculo de emprego entre ela e os trabalhadores contratados pelas empresas de trabalho tempor\u00e1rio.<\/span><\/p>\n<p style=\"text-align: justify\"><span style=\"font-family: verdana, geneva, sans-serif\">\u00a7 1.\u00ba O contrato de trabalho tempor\u00e1rio, com rela\u00e7\u00e3o ao mesmo empregador, <span style=\"color: #ff0000\"><strong>N\u00c3O PODER\u00c1 EXCEDER AO PRAZO DE 180 DIAS<\/strong><\/span>, consecutivos ou n\u00e3o.<\/span><\/p>\n<p style=\"text-align: justify\"><span style=\"font-family: verdana, geneva, sans-serif\">\u00a7 2.\u00ba O contrato poder\u00e1 ser <span style=\"color: #ff0000\"><strong>PRORROGADO POR AT\u00c9 90 DIAS<\/strong><\/span>, consecutivos ou n\u00e3o, al\u00e9m do prazo estabelecido no \u00a7 1.\u00ba deste artigo, quando comprovada a manuten\u00e7\u00e3o das condi\u00e7\u00f5es que o ensejaram.<\/span><\/p>\n<p style=\"text-align: justify\"><span style=\"font-family: verdana, geneva, sans-serif\">Fica a dica, pessoal! =)<\/span><\/p>\n<p style=\"text-align: justify\"><span style=\"font-family: verdana, geneva, sans-serif\">Bons Estudos! Fiquem com Deus!<\/span><\/p>\n<p style=\"text-align: justify\"><span style=\"font-family: verdana, geneva, sans-serif\">Grande abra\u00e7o!<\/span><\/p>\n<p style=\"text-align: justify\"><strong><span style=\"font-family: verdana, geneva, sans-serif\">Prof. Ali Mohamad Jaha<\/span><\/strong><br \/>\n<strong><span style=\"font-family: verdana, geneva, sans-serif\"> Direito Previdenci\u00e1rio<\/span><\/strong><\/p>\n<p style=\"text-align: justify\"><strong><span style=\"font-family: verdana, geneva, sans-serif\">ali.previdenciario@gmail.com<\/span><\/strong><br \/>\n<strong><span style=\"font-family: verdana, geneva, sans-serif\"> www.fb.com\/amjaha<\/span><\/strong><br \/>\n<strong><span style=\"font-family: verdana, geneva, sans-serif\"> www.fb.com\/amjahafp<\/span><\/strong><br \/>\n<strong><span style=\"font-family: verdana, geneva, sans-serif\"> profalijaha &#8211; Instagram<\/span><\/strong><br \/>\n<strong><span style=\"font-family: verdana, geneva, sans-serif\"> @amjaha &#8211; Periscope<\/span><\/strong><\/p>\n","protected":false},"excerpt":{"rendered":"<p>Ol\u00e1 pessoal. Como \u00e9 de conhecimentos de todos, enquadra-se como segurado empregado aquele que, contratado por empresa de trabalho tempor\u00e1rio (ETT), definida em legisla\u00e7\u00e3o espec\u00edfica, presta servi\u00e7o para atender \u00e0 necessidade transit\u00f3ria de substitui\u00e7\u00e3o de pessoal regular e permanente ou a acr\u00e9scimo extraordin\u00e1rio de servi\u00e7os de outras empresas. Por sua vez, at\u00e9 bem pouco tempo [&hellip;]<\/p>\n","protected":false},"author":45,"featured_media":0,"comment_status":"open","ping_status":"open","sticky":false,"template":"","format":"standard","meta":{"post_tipo":"article","footnotes":""},"categories":[1],"tags":[],"tax_estado":[],"class_list":["post-82841","post","type-post","status-publish","format-standard","hentry","category-cursos-e-concursos"],"acf":[],"yoast_head":"<!-- This site is optimized with the Yoast SEO Premium plugin v27.2 (Yoast SEO v27.2) - https:\/\/yoast.com\/product\/yoast-seo-premium-wordpress\/ -->\n<title>Direito Previdenci\u00e1rio: Novo Prazo do Empregado Contratado por Empresa de Trabalho Tempor\u00e1rio.<\/title>\n<meta name=\"robots\" content=\"index, follow, max-snippet:-1, max-image-preview:large, max-video-preview:-1\" \/>\n<link rel=\"canonical\" href=\"https:\/\/www.estrategiaconcursos.com.br\/blog\/direito-previdenciario-novo-prazo-do-empregado-contratado-por-empresa-de-trabalho-temporario\/\" \/>\n<meta property=\"og:locale\" content=\"pt_BR\" \/>\n<meta property=\"og:type\" content=\"article\" \/>\n<meta property=\"og:title\" content=\"Direito Previdenci\u00e1rio: Novo Prazo do Empregado Contratado por Empresa de Trabalho Tempor\u00e1rio.\" \/>\n<meta property=\"og:description\" content=\"Ol\u00e1 pessoal. Como \u00e9 de conhecimentos de todos, enquadra-se como segurado empregado aquele que, contratado por empresa de trabalho tempor\u00e1rio (ETT), definida em legisla\u00e7\u00e3o espec\u00edfica, presta servi\u00e7o para atender \u00e0 necessidade transit\u00f3ria de substitui\u00e7\u00e3o de pessoal regular e permanente ou a acr\u00e9scimo extraordin\u00e1rio de servi\u00e7os de outras empresas. Por sua vez, at\u00e9 bem pouco tempo [&hellip;]\" \/>\n<meta property=\"og:url\" content=\"https:\/\/www.estrategiaconcursos.com.br\/blog\/direito-previdenciario-novo-prazo-do-empregado-contratado-por-empresa-de-trabalho-temporario\/\" \/>\n<meta property=\"og:site_name\" content=\"Estrat\u00e9gia Concursos\" \/>\n<meta property=\"article:author\" content=\"http:\/\/www.facebook.com\/amjaha\" \/>\n<meta property=\"article:published_time\" content=\"2017-07-27T20:45:13+00:00\" \/>\n<meta name=\"author\" content=\"Ali Mohamad Jaha\" \/>\n<meta name=\"twitter:card\" content=\"summary_large_image\" \/>\n<meta name=\"twitter:creator\" content=\"@EstratConcursos\" \/>\n<meta name=\"twitter:site\" content=\"@EstratConcursos\" \/>\n<meta name=\"twitter:label1\" content=\"Escrito por\" \/>\n\t<meta name=\"twitter:data1\" content=\"Ali Mohamad Jaha\" \/>\n\t<meta name=\"twitter:label2\" content=\"Est. tempo de leitura\" \/>\n\t<meta name=\"twitter:data2\" content=\"1 minuto\" \/>\n<script type=\"application\/ld+json\" class=\"yoast-schema-graph\">{\"@context\":\"https:\/\/schema.org\",\"@graph\":[{\"@type\":\"NewsArticle\",\"@id\":\"https:\/\/www.estrategiaconcursos.com.br\/blog\/direito-previdenciario-novo-prazo-do-empregado-contratado-por-empresa-de-trabalho-temporario\/#article\",\"isPartOf\":{\"@id\":\"https:\/\/www.estrategiaconcursos.com.br\/blog\/direito-previdenciario-novo-prazo-do-empregado-contratado-por-empresa-de-trabalho-temporario\/\"},\"author\":{\"name\":\"Ali Mohamad Jaha\",\"@id\":\"https:\/\/www.estrategiaconcursos.com.br\/blog\/#\/schema\/person\/5caef5684d9fe56108eff29afc128dca\"},\"headline\":\"Direito Previdenci\u00e1rio: Novo Prazo do Empregado Contratado por Empresa de Trabalho Tempor\u00e1rio.\",\"datePublished\":\"2017-07-27T20:45:13+00:00\",\"mainEntityOfPage\":{\"@id\":\"https:\/\/www.estrategiaconcursos.com.br\/blog\/direito-previdenciario-novo-prazo-do-empregado-contratado-por-empresa-de-trabalho-temporario\/\"},\"wordCount\":240,\"commentCount\":8,\"publisher\":{\"@id\":\"https:\/\/www.estrategiaconcursos.com.br\/blog\/#organization\"},\"articleSection\":[\"Concursos P\u00fablicos\"],\"inLanguage\":\"pt-BR\",\"potentialAction\":[{\"@type\":\"CommentAction\",\"name\":\"Comment\",\"target\":[\"https:\/\/www.estrategiaconcursos.com.br\/blog\/direito-previdenciario-novo-prazo-do-empregado-contratado-por-empresa-de-trabalho-temporario\/#respond\"]}],\"copyrightYear\":\"2017\",\"copyrightHolder\":{\"@id\":\"https:\/\/www.estrategiaconcursos.com.br\/blog\/#organization\"}},{\"@type\":\"WebPage\",\"@id\":\"https:\/\/www.estrategiaconcursos.com.br\/blog\/direito-previdenciario-novo-prazo-do-empregado-contratado-por-empresa-de-trabalho-temporario\/\",\"url\":\"https:\/\/www.estrategiaconcursos.com.br\/blog\/direito-previdenciario-novo-prazo-do-empregado-contratado-por-empresa-de-trabalho-temporario\/\",\"name\":\"Direito Previdenci\u00e1rio: Novo Prazo do Empregado Contratado por Empresa de Trabalho Tempor\u00e1rio.\",\"isPartOf\":{\"@id\":\"https:\/\/www.estrategiaconcursos.com.br\/blog\/#website\"},\"datePublished\":\"2017-07-27T20:45:13+00:00\",\"breadcrumb\":{\"@id\":\"https:\/\/www.estrategiaconcursos.com.br\/blog\/direito-previdenciario-novo-prazo-do-empregado-contratado-por-empresa-de-trabalho-temporario\/#breadcrumb\"},\"inLanguage\":\"pt-BR\",\"potentialAction\":[{\"@type\":\"ReadAction\",\"target\":[\"https:\/\/www.estrategiaconcursos.com.br\/blog\/direito-previdenciario-novo-prazo-do-empregado-contratado-por-empresa-de-trabalho-temporario\/\"]}]},{\"@type\":\"BreadcrumbList\",\"@id\":\"https:\/\/www.estrategiaconcursos.com.br\/blog\/direito-previdenciario-novo-prazo-do-empregado-contratado-por-empresa-de-trabalho-temporario\/#breadcrumb\",\"itemListElement\":[{\"@type\":\"ListItem\",\"position\":1,\"name\":\"In\u00edcio\",\"item\":\"https:\/\/www.estrategiaconcursos.com.br\/blog\/\"},{\"@type\":\"ListItem\",\"position\":2,\"name\":\"Direito Previdenci\u00e1rio: Novo Prazo do Empregado Contratado por Empresa de Trabalho Tempor\u00e1rio.\"}]},{\"@type\":\"WebSite\",\"@id\":\"https:\/\/www.estrategiaconcursos.com.br\/blog\/#website\",\"url\":\"https:\/\/www.estrategiaconcursos.com.br\/blog\/\",\"name\":\"Estrat\u00e9gia Concursos\",\"description\":\"O blog da Estrat\u00e9gia Concursos traz not\u00edcias sobre concursos e artigos de professores oferecendo cursos para concursos (pdf + videaulas) no site.\",\"publisher\":{\"@id\":\"https:\/\/www.estrategiaconcursos.com.br\/blog\/#organization\"},\"potentialAction\":[{\"@type\":\"SearchAction\",\"target\":{\"@type\":\"EntryPoint\",\"urlTemplate\":\"https:\/\/www.estrategiaconcursos.com.br\/blog\/?s={search_term_string}\"},\"query-input\":{\"@type\":\"PropertyValueSpecification\",\"valueRequired\":true,\"valueName\":\"search_term_string\"}}],\"inLanguage\":\"pt-BR\"},{\"@type\":\"Organization\",\"@id\":\"https:\/\/www.estrategiaconcursos.com.br\/blog\/#organization\",\"name\":\"Estrat\u00e9gia Concursos\",\"url\":\"https:\/\/www.estrategiaconcursos.com.br\/blog\/\",\"logo\":{\"@type\":\"ImageObject\",\"inLanguage\":\"pt-BR\",\"@id\":\"https:\/\/www.estrategiaconcursos.com.br\/blog\/#\/schema\/logo\/image\/\",\"url\":\"https:\/\/dhg1h5j42swfq.cloudfront.net\/2025\/06\/03203428\/logo_concursos-1.jpg\",\"contentUrl\":\"https:\/\/dhg1h5j42swfq.cloudfront.net\/2025\/06\/03203428\/logo_concursos-1.jpg\",\"width\":230,\"height\":60,\"caption\":\"Estrat\u00e9gia Concursos\"},\"image\":{\"@id\":\"https:\/\/www.estrategiaconcursos.com.br\/blog\/#\/schema\/logo\/image\/\"},\"sameAs\":[\"https:\/\/x.com\/EstratConcursos\"]},{\"@type\":\"Person\",\"@id\":\"https:\/\/www.estrategiaconcursos.com.br\/blog\/#\/schema\/person\/5caef5684d9fe56108eff29afc128dca\",\"name\":\"Ali Mohamad Jaha\",\"image\":{\"@type\":\"ImageObject\",\"inLanguage\":\"pt-BR\",\"@id\":\"https:\/\/secure.gravatar.com\/avatar\/d2d32b2c5ba0b3d1fcbc7c351539c7f9052f5e52461adc4d346787a9c2579056?s=96&d=mm&r=g\",\"url\":\"https:\/\/secure.gravatar.com\/avatar\/d2d32b2c5ba0b3d1fcbc7c351539c7f9052f5e52461adc4d346787a9c2579056?s=96&d=mm&r=g\",\"contentUrl\":\"https:\/\/secure.gravatar.com\/avatar\/d2d32b2c5ba0b3d1fcbc7c351539c7f9052f5e52461adc4d346787a9c2579056?s=96&d=mm&r=g\",\"caption\":\"Ali Mohamad Jaha\"},\"description\":\"Professor de Direito Previdenci\u00e1rio, Legisla\u00e7\u00e3o Previdenci\u00e1ria, Legisla\u00e7\u00e3o da Sa\u00fade, Legisla\u00e7\u00e3o Espec\u00edfica e Discursivas. Auditor-Fiscal da Receita Federal do Brasil \u2013 DRF-Cascavel\/PR. Especialista em Administra\u00e7\u00e3o Tribut\u00e1ria pela Universidade Castelo Branco\/RJ. Especialista em Gest\u00e3o de Pol\u00edticas P\u00fablicas pela Universidade do Iva\u00ed\/PR. Bacharel em Engenharia Civil pela Universidade Estadual de Maring\u00e1\/PR.\",\"sameAs\":[\"http:\/\/www.facebook.com\/amjaha\"],\"url\":\"https:\/\/www.estrategiaconcursos.com.br\/blog\/author\/alijahaestrategiaconcursos-com-br\/\"}]}<\/script>\n<!-- \/ Yoast SEO Premium plugin. -->","yoast_head_json":{"title":"Direito Previdenci\u00e1rio: Novo Prazo do Empregado Contratado por Empresa de Trabalho Tempor\u00e1rio.","robots":{"index":"index","follow":"follow","max-snippet":"max-snippet:-1","max-image-preview":"max-image-preview:large","max-video-preview":"max-video-preview:-1"},"canonical":"https:\/\/www.estrategiaconcursos.com.br\/blog\/direito-previdenciario-novo-prazo-do-empregado-contratado-por-empresa-de-trabalho-temporario\/","og_locale":"pt_BR","og_type":"article","og_title":"Direito Previdenci\u00e1rio: Novo Prazo do Empregado Contratado por Empresa de Trabalho Tempor\u00e1rio.","og_description":"Ol\u00e1 pessoal. Como \u00e9 de conhecimentos de todos, enquadra-se como segurado empregado aquele que, contratado por empresa de trabalho tempor\u00e1rio (ETT), definida em legisla\u00e7\u00e3o espec\u00edfica, presta servi\u00e7o para atender \u00e0 necessidade transit\u00f3ria de substitui\u00e7\u00e3o de pessoal regular e permanente ou a acr\u00e9scimo extraordin\u00e1rio de servi\u00e7os de outras empresas. Por sua vez, at\u00e9 bem pouco tempo [&hellip;]","og_url":"https:\/\/www.estrategiaconcursos.com.br\/blog\/direito-previdenciario-novo-prazo-do-empregado-contratado-por-empresa-de-trabalho-temporario\/","og_site_name":"Estrat\u00e9gia Concursos","article_author":"http:\/\/www.facebook.com\/amjaha","article_published_time":"2017-07-27T20:45:13+00:00","author":"Ali Mohamad Jaha","twitter_card":"summary_large_image","twitter_creator":"@EstratConcursos","twitter_site":"@EstratConcursos","twitter_misc":{"Escrito por":"Ali Mohamad Jaha","Est. tempo de leitura":"1 minuto"},"schema":{"@context":"https:\/\/schema.org","@graph":[{"@type":"NewsArticle","@id":"https:\/\/www.estrategiaconcursos.com.br\/blog\/direito-previdenciario-novo-prazo-do-empregado-contratado-por-empresa-de-trabalho-temporario\/#article","isPartOf":{"@id":"https:\/\/www.estrategiaconcursos.com.br\/blog\/direito-previdenciario-novo-prazo-do-empregado-contratado-por-empresa-de-trabalho-temporario\/"},"author":{"name":"Ali Mohamad Jaha","@id":"https:\/\/www.estrategiaconcursos.com.br\/blog\/#\/schema\/person\/5caef5684d9fe56108eff29afc128dca"},"headline":"Direito Previdenci\u00e1rio: Novo Prazo do Empregado Contratado por Empresa de Trabalho Tempor\u00e1rio.","datePublished":"2017-07-27T20:45:13+00:00","mainEntityOfPage":{"@id":"https:\/\/www.estrategiaconcursos.com.br\/blog\/direito-previdenciario-novo-prazo-do-empregado-contratado-por-empresa-de-trabalho-temporario\/"},"wordCount":240,"commentCount":8,"publisher":{"@id":"https:\/\/www.estrategiaconcursos.com.br\/blog\/#organization"},"articleSection":["Concursos P\u00fablicos"],"inLanguage":"pt-BR","potentialAction":[{"@type":"CommentAction","name":"Comment","target":["https:\/\/www.estrategiaconcursos.com.br\/blog\/direito-previdenciario-novo-prazo-do-empregado-contratado-por-empresa-de-trabalho-temporario\/#respond"]}],"copyrightYear":"2017","copyrightHolder":{"@id":"https:\/\/www.estrategiaconcursos.com.br\/blog\/#organization"}},{"@type":"WebPage","@id":"https:\/\/www.estrategiaconcursos.com.br\/blog\/direito-previdenciario-novo-prazo-do-empregado-contratado-por-empresa-de-trabalho-temporario\/","url":"https:\/\/www.estrategiaconcursos.com.br\/blog\/direito-previdenciario-novo-prazo-do-empregado-contratado-por-empresa-de-trabalho-temporario\/","name":"Direito Previdenci\u00e1rio: Novo Prazo do Empregado Contratado por Empresa de Trabalho Tempor\u00e1rio.","isPartOf":{"@id":"https:\/\/www.estrategiaconcursos.com.br\/blog\/#website"},"datePublished":"2017-07-27T20:45:13+00:00","breadcrumb":{"@id":"https:\/\/www.estrategiaconcursos.com.br\/blog\/direito-previdenciario-novo-prazo-do-empregado-contratado-por-empresa-de-trabalho-temporario\/#breadcrumb"},"inLanguage":"pt-BR","potentialAction":[{"@type":"ReadAction","target":["https:\/\/www.estrategiaconcursos.com.br\/blog\/direito-previdenciario-novo-prazo-do-empregado-contratado-por-empresa-de-trabalho-temporario\/"]}]},{"@type":"BreadcrumbList","@id":"https:\/\/www.estrategiaconcursos.com.br\/blog\/direito-previdenciario-novo-prazo-do-empregado-contratado-por-empresa-de-trabalho-temporario\/#breadcrumb","itemListElement":[{"@type":"ListItem","position":1,"name":"In\u00edcio","item":"https:\/\/www.estrategiaconcursos.com.br\/blog\/"},{"@type":"ListItem","position":2,"name":"Direito Previdenci\u00e1rio: Novo Prazo do Empregado Contratado por Empresa de Trabalho Tempor\u00e1rio."}]},{"@type":"WebSite","@id":"https:\/\/www.estrategiaconcursos.com.br\/blog\/#website","url":"https:\/\/www.estrategiaconcursos.com.br\/blog\/","name":"Estrat\u00e9gia Concursos","description":"O blog da Estrat\u00e9gia Concursos traz not\u00edcias sobre concursos e artigos de professores oferecendo cursos para concursos (pdf + videaulas) no site.","publisher":{"@id":"https:\/\/www.estrategiaconcursos.com.br\/blog\/#organization"},"potentialAction":[{"@type":"SearchAction","target":{"@type":"EntryPoint","urlTemplate":"https:\/\/www.estrategiaconcursos.com.br\/blog\/?s={search_term_string}"},"query-input":{"@type":"PropertyValueSpecification","valueRequired":true,"valueName":"search_term_string"}}],"inLanguage":"pt-BR"},{"@type":"Organization","@id":"https:\/\/www.estrategiaconcursos.com.br\/blog\/#organization","name":"Estrat\u00e9gia Concursos","url":"https:\/\/www.estrategiaconcursos.com.br\/blog\/","logo":{"@type":"ImageObject","inLanguage":"pt-BR","@id":"https:\/\/www.estrategiaconcursos.com.br\/blog\/#\/schema\/logo\/image\/","url":"https:\/\/dhg1h5j42swfq.cloudfront.net\/2025\/06\/03203428\/logo_concursos-1.jpg","contentUrl":"https:\/\/dhg1h5j42swfq.cloudfront.net\/2025\/06\/03203428\/logo_concursos-1.jpg","width":230,"height":60,"caption":"Estrat\u00e9gia Concursos"},"image":{"@id":"https:\/\/www.estrategiaconcursos.com.br\/blog\/#\/schema\/logo\/image\/"},"sameAs":["https:\/\/x.com\/EstratConcursos"]},{"@type":"Person","@id":"https:\/\/www.estrategiaconcursos.com.br\/blog\/#\/schema\/person\/5caef5684d9fe56108eff29afc128dca","name":"Ali Mohamad Jaha","image":{"@type":"ImageObject","inLanguage":"pt-BR","@id":"https:\/\/secure.gravatar.com\/avatar\/d2d32b2c5ba0b3d1fcbc7c351539c7f9052f5e52461adc4d346787a9c2579056?s=96&d=mm&r=g","url":"https:\/\/secure.gravatar.com\/avatar\/d2d32b2c5ba0b3d1fcbc7c351539c7f9052f5e52461adc4d346787a9c2579056?s=96&d=mm&r=g","contentUrl":"https:\/\/secure.gravatar.com\/avatar\/d2d32b2c5ba0b3d1fcbc7c351539c7f9052f5e52461adc4d346787a9c2579056?s=96&d=mm&r=g","caption":"Ali Mohamad Jaha"},"description":"Professor de Direito Previdenci\u00e1rio, Legisla\u00e7\u00e3o Previdenci\u00e1ria, Legisla\u00e7\u00e3o da Sa\u00fade, Legisla\u00e7\u00e3o Espec\u00edfica e Discursivas. Auditor-Fiscal da Receita Federal do Brasil \u2013 DRF-Cascavel\/PR. Especialista em Administra\u00e7\u00e3o Tribut\u00e1ria pela Universidade Castelo Branco\/RJ. Especialista em Gest\u00e3o de Pol\u00edticas P\u00fablicas pela Universidade do Iva\u00ed\/PR. Bacharel em Engenharia Civil pela Universidade Estadual de Maring\u00e1\/PR.","sameAs":["http:\/\/www.facebook.com\/amjaha"],"url":"https:\/\/www.estrategiaconcursos.com.br\/blog\/author\/alijahaestrategiaconcursos-com-br\/"}]}},"_links":{"self":[{"href":"https:\/\/www.estrategiaconcursos.com.br\/blog\/wp-json\/wp\/v2\/posts\/82841","targetHints":{"allow":["GET"]}}],"collection":[{"href":"https:\/\/www.estrategiaconcursos.com.br\/blog\/wp-json\/wp\/v2\/posts"}],"about":[{"href":"https:\/\/www.estrategiaconcursos.com.br\/blog\/wp-json\/wp\/v2\/types\/post"}],"author":[{"embeddable":true,"href":"https:\/\/www.estrategiaconcursos.com.br\/blog\/wp-json\/wp\/v2\/users\/45"}],"replies":[{"embeddable":true,"href":"https:\/\/www.estrategiaconcursos.com.br\/blog\/wp-json\/wp\/v2\/comments?post=82841"}],"version-history":[{"count":1,"href":"https:\/\/www.estrategiaconcursos.com.br\/blog\/wp-json\/wp\/v2\/posts\/82841\/revisions"}],"predecessor-version":[{"id":82842,"href":"https:\/\/www.estrategiaconcursos.com.br\/blog\/wp-json\/wp\/v2\/posts\/82841\/revisions\/82842"}],"wp:attachment":[{"href":"https:\/\/www.estrategiaconcursos.com.br\/blog\/wp-json\/wp\/v2\/media?parent=82841"}],"wp:term":[{"taxonomy":"category","embeddable":true,"href":"https:\/\/www.estrategiaconcursos.com.br\/blog\/wp-json\/wp\/v2\/categories?post=82841"},{"taxonomy":"post_tag","embeddable":true,"href":"https:\/\/www.estrategiaconcursos.com.br\/blog\/wp-json\/wp\/v2\/tags?post=82841"},{"taxonomy":"tax_estado","embeddable":true,"href":"https:\/\/www.estrategiaconcursos.com.br\/blog\/wp-json\/wp\/v2\/tax_estado?post=82841"}],"curies":[{"name":"wp","href":"https:\/\/api.w.org\/{rel}","templated":true}]}}