{"id":828213,"date":"2021-08-03T17:21:00","date_gmt":"2021-08-03T20:21:00","guid":{"rendered":"https:\/\/www.estrategiaconcursos.com.br\/blog\/?p=828213"},"modified":"2023-08-09T16:38:54","modified_gmt":"2023-08-09T19:38:54","slug":"procurador-pgm-criciuma-edital-publicado","status":"publish","type":"post","link":"https:\/\/www.estrategiaconcursos.com.br\/blog\/procurador-pgm-criciuma-edital-publicado\/","title":{"rendered":"Procurador PGM Crici\u00fama: Edital publicado! &#8211; Saiba mais Hoje"},"content":{"rendered":"\n<p>Nesta ter\u00e7a-feira, <strong>3 de agosto<\/strong> de <strong>2021<\/strong>, \u00e0s <strong>18:00<\/strong>, os professores <strong><\/strong><strong>Felipe Cavalcante e Thiago Leite&nbsp;<\/strong> apresentar\u00e3o o evento <em>&#8220;Procurador PGM Crici\u00fama: Edital publicado!<\/em>&#8220;, exclusivamente para voc\u00ea que est\u00e1 prestes a prestar o certame. Acompanhe ao vivo e gratuitamente pelo canal do Estrat\u00e9gia Carreira Jur\u00eddica no YouTube.<\/p>\n\n\n\n<h3 class=\"wp-block-heading\" id=\"h-procurador-pgm-criciuma-edital-publicado-cronograma\">Procurador PGM Crici\u00fama: Edital publicado! &#8211; Cronograma<\/h3>\n\n\n\n<p class=\"has-very-light-gray-background-color has-background\"><strong>Data: <\/strong>3 de agosto de 2021<strong><br \/>Hor\u00e1rio: <\/strong>18:00<strong><br \/>Onde: <\/strong><a href=\"https:\/\/www.youtube.com\/channel\/UClbMGuYbj2Mh1m3w144ETWQ\" target=\"_blank\" rel=\"noreferrer noopener\">Canal do Estrat\u00e9gia Carreira Jur\u00eddica no Youtube<\/a><br \/><strong>Professores: <\/strong><strong><\/strong><strong>Felipe Cavalcante e Thiago Leite<\/strong><\/p>\n\n\n\n<h3 class=\"wp-block-heading\" id=\"h-procurador-pgm-criciuma-curiosidades\">Procurador PGM Crici\u00fama &#8211; Curiosidades<\/h3>\n\n\n\n<p>Foi publicado o edital do <strong>concurso PGM Crici\u00fama<\/strong>, no estado de Santa Catarina, sendo ofertada 1 vaga \u00e9 para o cargo de Procurado Municipal, com exig\u00eancia de n\u00edvel superior em Direito e inscri\u00e7\u00e3o regular na ordem dos advogados do Brasil. O certame n\u00e3o exige comprova\u00e7\u00e3o de tempo de atividade jur\u00eddica. <\/p>\n\n\n\n<p>Os interessados em participar da sele\u00e7\u00e3o devem realizar as inscri\u00e7\u00f5es no per\u00edodo de <strong>02 a 31 de agosto de 2021<\/strong>, no site da UNESC, banca organizadora da sele\u00e7\u00e3o, ao custo de R$ 100,00. As provas objetivas est\u00e3o previstas para o dia <strong>12 de setembro de 2021.<\/strong><\/p>\n\n\n\n<p>A sele\u00e7\u00e3o ser\u00e1 composta tr\u00eas etapas, sendo elas: uma prova objetiva, de car\u00e1ter classificat\u00f3rio e eliminat\u00f3rio; uma prova discursiva e pr\u00e1tica, de car\u00e1ter classificat\u00f3rio e eliminat\u00f3rio e; uma prova de t\u00edtulos, de car\u00e1ter classificat\u00f3rio. <\/p>\n\n\n\n<p>A prova objetiva, de car\u00e1ter eliminat\u00f3rio e classificat\u00f3rio, ser\u00e1 composta de 100 quest\u00f5es de m\u00faltipla escolha, divididas em 10 quest\u00f5es de L\u00edngua Portuguesa e de 90 quest\u00f5es de conhecimentos espec\u00edficos para o cargo, com 05 alternativas, de \u201cA\u201d a \u201cE\u201d, sendo uma \u00fanica a correta. <\/p>\n\n\n\n<p class=\"has-text-align-center has-pale-pink-background-color has-background has-medium-font-size\"><strong>Mais informa\u00e7\u00f5es: <a href=\"https:\/\/www.estrategiaconcursos.com.br\/blog\/concurso-pgm-criciuma\" target=\"_blank\" rel=\"noreferrer noopener\">Concurso PGM Crici\u00fama<\/a><\/strong><\/p>\n\n\n\n<h2 class=\"wp-block-heading has-text-align-center\" id=\"cursos-assinatura\">Cursos e assinaturas<\/h2>\n\n\n\n<div class=\"container\" id=\"boxes\">\n  <div class=\"row\">\n\n    <div class=\"col-sm\">\n      <div class=\"banner-estrategia\" id=\"box-assinatura\">\n        <h3 class=\"titulo-assinatura\">Cursos PGM Crici\u00fama<\/h3>\n        <p class=\"subtitulo-assinatura\">Conhe\u00e7a os cursos<\/p>\n        <div class=\"box-botao\">\n          <a class=\"btn-assinatura\" target=\"_blank\" href=\"https:\/\/www.estrategiaconcursos.com.br\/cursos\/\" role=\"button\" rel=\"noopener noreferrer\">Conhe\u00e7a mais<\/a>\n        <\/div>\n      <\/div>\n     \n    <\/div>\n\n  <\/div>\n<\/div>\n\n\n\n<div class=\"container\" id=\"boxes\">\n  <div class=\"row\">\n\n    <div class=\"col-sm\">\n      <div class=\"estrategia\" id=\"box-assinatura\">\n        <h3 class=\"titulo-assinatura\">Assinatura Concursos<\/h3>\n        <p class=\"subtitulo-assinatura\">Assinatura de 1 ano ou 2 anos<\/p>\n        <div class=\"box-botao\">\n          <a class=\"btn-assinatura\" target=\"_blank\" href=\"https:\/\/www.estrategiaconcursos.com.br\/assinaturas\/\" role=\"button\" rel=\"noopener noreferrer\">ASSINE AGORA<\/a>\n        <\/div>\n      <\/div><\/div><\/div><\/div>\n\n\n\n<div class=\"container\" id=\"boxes\">\n  <div class=\"row\">\n\n    <div class=\"col-sm\" id=\"boxes-concursos\">\n      <div style=\"background-color: #005DAD;\" class=\"conteudo-concursos\" id=\"box-concursos\">\n        <h3 class=\"titulo-assinatura\">Concursos Abertos<\/h3>\n        <p class=\"subtitulo-assinatura\">Os editais publicados<\/p>\n        <div class=\"box-botao\">\n          <a class=\"btn-assinatura\" target=\"_blank\" href=\"https:\/\/www.estrategiaconcursos.com.br\/blog\/concursos-abertos\/\" role=\"button\" rel=\"noopener noreferrer\">Conhe\u00e7a Agora<\/a>\n        <\/div>\n      <\/div>\n    <\/div>\n\n    <div class=\"col-sm\" id=\"boxes-concursos\">\n      <div style=\"background-color: #1A7ED5;\" class=\"conteudo-concursos\" id=\"box-concursos\">\n        <h3 class=\"titulo-assinatura\">Concursos 2021<\/h3>\n        <p class=\"subtitulo-assinatura\">As oportunidades previstas<\/p>\n        <div class=\"box-botao\">\n          <a class=\"btn-assinatura\" target=\"_blank\" href=\"https:\/\/www.estrategiaconcursos.com.br\/blog\/concursos-2021\/\" role=\"button\" rel=\"noopener noreferrer\">Conhe\u00e7a Agora<\/a>\n        <\/div>\n      <\/div>\n    <\/div>\n\n    <div class=\"col-sm\" id=\"boxes-concursos\">\n      <div style=\"background-color: #419FF0;\" class=\"conteudo-concursos\" id=\"box-concursos\">\n        <h3 class=\"titulo-assinatura\">Concursos 2022<\/h3>\n        <p class=\"subtitulo-assinatura\">Vagas para o pr\u00f3ximo ano<\/p>\n        <div class=\"box-botao\">\n          <a class=\"btn-assinatura\" target=\"_blank\" href=\"https:\/\/www.estrategiaconcursos.com.br\/blog\/concursos-2022\/\" role=\"button\" rel=\"noopener noreferrer\">Conhe\u00e7a Agora<\/a>\n        <\/div>\n      <\/div>\n    <\/div>\n\n  <\/div>\n<\/div>\n","protected":false},"excerpt":{"rendered":"<p>Nesta ter\u00e7a-feira, 3 de agosto de 2021, \u00e0s 18:00, os professores Felipe Cavalcante e Thiago Leite&nbsp; apresentar\u00e3o o evento &#8220;Procurador PGM Crici\u00fama: Edital publicado!&#8220;, exclusivamente para voc\u00ea que est\u00e1 prestes a prestar o certame. Acompanhe ao vivo e gratuitamente pelo canal do Estrat\u00e9gia Carreira Jur\u00eddica no YouTube. Procurador PGM Crici\u00fama: Edital publicado! &#8211; Cronograma Data: [&hellip;]<\/p>\n","protected":false},"author":180,"featured_media":828230,"comment_status":"open","ping_status":"closed","sticky":false,"template":"","format":"standard","meta":{"post_tipo":"news","footnotes":""},"categories":[220196],"tags":[],"tax_estado":[219987],"class_list":["post-828213","post","type-post","status-publish","format-standard","has-post-thumbnail","hentry","category-procuradorias","tax_estado-sc"],"acf":[],"yoast_head":"<!-- This site is optimized with the Yoast SEO Premium plugin v27.2 (Yoast SEO v27.2) - https:\/\/yoast.com\/product\/yoast-seo-premium-wordpress\/ -->\n<title>Procurador PGM Crici\u00fama: Edital publicado! - Saiba mais Hoje<\/title>\n<meta name=\"description\" content=\"Os professores Felipe Cavalcante e Thiago Leite apresentam hoje, ter\u00e7a-feira, o evento Procurador PGM Crici\u00fama: Edital Publicado! N\u00e3o perca!\" \/>\n<meta name=\"robots\" content=\"index, follow, max-snippet:-1, max-image-preview:large, max-video-preview:-1\" \/>\n<link rel=\"canonical\" href=\"https:\/\/www.estrategiaconcursos.com.br\/blog\/procurador-pgm-criciuma-edital-publicado\/\" \/>\n<meta property=\"og:locale\" content=\"pt_BR\" \/>\n<meta property=\"og:type\" content=\"article\" \/>\n<meta property=\"og:title\" content=\"Procurador PGM Crici\u00fama: Edital publicado! - Saiba mais Hoje\" \/>\n<meta property=\"og:description\" content=\"Os professores Felipe Cavalcante e Thiago Leite apresentam hoje, ter\u00e7a-feira, o evento Procurador PGM Crici\u00fama: Edital Publicado! N\u00e3o perca!\" \/>\n<meta property=\"og:url\" content=\"https:\/\/www.estrategiaconcursos.com.br\/blog\/procurador-pgm-criciuma-edital-publicado\/\" \/>\n<meta property=\"og:site_name\" content=\"Estrat\u00e9gia Concursos\" \/>\n<meta property=\"article:author\" content=\"https:\/\/www.facebook.com\/ricardo.s.torques\" \/>\n<meta property=\"article:published_time\" content=\"2021-08-03T20:21:00+00:00\" \/>\n<meta property=\"article:modified_time\" content=\"2023-08-09T19:38:54+00:00\" \/>\n<meta property=\"og:image\" content=\"https:\/\/dhg1h5j42swfq.cloudfront.net\/2021\/08\/03174841\/1280-720-max-2.jpg\" \/>\n\t<meta property=\"og:image:width\" content=\"1280\" \/>\n\t<meta property=\"og:image:height\" content=\"720\" \/>\n\t<meta property=\"og:image:type\" content=\"image\/jpeg\" \/>\n<meta name=\"author\" content=\"Ricardo Torques\" \/>\n<meta name=\"twitter:card\" content=\"summary_large_image\" \/>\n<meta name=\"twitter:creator\" content=\"@EstratConcursos\" \/>\n<meta name=\"twitter:site\" content=\"@EstratConcursos\" \/>\n<meta name=\"twitter:label1\" content=\"Escrito por\" \/>\n\t<meta name=\"twitter:data1\" content=\"Ricardo Torques\" \/>\n\t<meta name=\"twitter:label2\" content=\"Est. tempo de leitura\" \/>\n\t<meta name=\"twitter:data2\" content=\"2 minutos\" \/>\n<script type=\"application\/ld+json\" class=\"yoast-schema-graph\">{\"@context\":\"https:\/\/schema.org\",\"@graph\":[{\"@type\":\"NewsArticle\",\"@id\":\"https:\/\/www.estrategiaconcursos.com.br\/blog\/procurador-pgm-criciuma-edital-publicado\/#article\",\"isPartOf\":{\"@id\":\"https:\/\/www.estrategiaconcursos.com.br\/blog\/procurador-pgm-criciuma-edital-publicado\/\"},\"author\":{\"name\":\"Ricardo Torques\",\"@id\":\"https:\/\/www.estrategiaconcursos.com.br\/blog\/#\/schema\/person\/aa39cf5ddb518e5bdce27c35788405e2\"},\"headline\":\"Procurador PGM Crici\u00fama: Edital publicado! &#8211; Saiba mais Hoje\",\"datePublished\":\"2021-08-03T20:21:00+00:00\",\"dateModified\":\"2023-08-09T19:38:54+00:00\",\"mainEntityOfPage\":{\"@id\":\"https:\/\/www.estrategiaconcursos.com.br\/blog\/procurador-pgm-criciuma-edital-publicado\/\"},\"wordCount\":347,\"commentCount\":0,\"publisher\":{\"@id\":\"https:\/\/www.estrategiaconcursos.com.br\/blog\/#organization\"},\"image\":{\"@id\":\"https:\/\/www.estrategiaconcursos.com.br\/blog\/procurador-pgm-criciuma-edital-publicado\/#primaryimage\"},\"thumbnailUrl\":\"https:\/\/dhg1h5j42swfq.cloudfront.net\/2021\/08\/03174841\/1280-720-max-2.jpg\",\"articleSection\":[\"Jur\u00eddico - Procuradorias\"],\"inLanguage\":\"pt-BR\",\"potentialAction\":[{\"@type\":\"CommentAction\",\"name\":\"Comment\",\"target\":[\"https:\/\/www.estrategiaconcursos.com.br\/blog\/procurador-pgm-criciuma-edital-publicado\/#respond\"]}],\"copyrightYear\":\"2021\",\"copyrightHolder\":{\"@id\":\"https:\/\/www.estrategiaconcursos.com.br\/blog\/#organization\"}},{\"@type\":\"WebPage\",\"@id\":\"https:\/\/www.estrategiaconcursos.com.br\/blog\/procurador-pgm-criciuma-edital-publicado\/\",\"url\":\"https:\/\/www.estrategiaconcursos.com.br\/blog\/procurador-pgm-criciuma-edital-publicado\/\",\"name\":\"Procurador PGM Crici\u00fama: Edital publicado! - Saiba mais Hoje\",\"isPartOf\":{\"@id\":\"https:\/\/www.estrategiaconcursos.com.br\/blog\/#website\"},\"primaryImageOfPage\":{\"@id\":\"https:\/\/www.estrategiaconcursos.com.br\/blog\/procurador-pgm-criciuma-edital-publicado\/#primaryimage\"},\"image\":{\"@id\":\"https:\/\/www.estrategiaconcursos.com.br\/blog\/procurador-pgm-criciuma-edital-publicado\/#primaryimage\"},\"thumbnailUrl\":\"https:\/\/dhg1h5j42swfq.cloudfront.net\/2021\/08\/03174841\/1280-720-max-2.jpg\",\"datePublished\":\"2021-08-03T20:21:00+00:00\",\"dateModified\":\"2023-08-09T19:38:54+00:00\",\"description\":\"Os professores Felipe Cavalcante e Thiago Leite apresentam hoje, ter\u00e7a-feira, o evento Procurador PGM Crici\u00fama: Edital Publicado! N\u00e3o perca!\",\"breadcrumb\":{\"@id\":\"https:\/\/www.estrategiaconcursos.com.br\/blog\/procurador-pgm-criciuma-edital-publicado\/#breadcrumb\"},\"inLanguage\":\"pt-BR\",\"potentialAction\":[{\"@type\":\"ReadAction\",\"target\":[\"https:\/\/www.estrategiaconcursos.com.br\/blog\/procurador-pgm-criciuma-edital-publicado\/\"]}]},{\"@type\":\"ImageObject\",\"inLanguage\":\"pt-BR\",\"@id\":\"https:\/\/www.estrategiaconcursos.com.br\/blog\/procurador-pgm-criciuma-edital-publicado\/#primaryimage\",\"url\":\"https:\/\/dhg1h5j42swfq.cloudfront.net\/2021\/08\/03174841\/1280-720-max-2.jpg\",\"contentUrl\":\"https:\/\/dhg1h5j42swfq.cloudfront.net\/2021\/08\/03174841\/1280-720-max-2.jpg\",\"width\":1280,\"height\":720,\"caption\":\"Procurador PGM Crici\u00fama: Edital\"},{\"@type\":\"BreadcrumbList\",\"@id\":\"https:\/\/www.estrategiaconcursos.com.br\/blog\/procurador-pgm-criciuma-edital-publicado\/#breadcrumb\",\"itemListElement\":[{\"@type\":\"ListItem\",\"position\":1,\"name\":\"In\u00edcio\",\"item\":\"https:\/\/www.estrategiaconcursos.com.br\/blog\/\"},{\"@type\":\"ListItem\",\"position\":2,\"name\":\"Procurador PGM Crici\u00fama: Edital publicado! &#8211; Saiba mais Hoje\"}]},{\"@type\":\"WebSite\",\"@id\":\"https:\/\/www.estrategiaconcursos.com.br\/blog\/#website\",\"url\":\"https:\/\/www.estrategiaconcursos.com.br\/blog\/\",\"name\":\"Estrat\u00e9gia Concursos\",\"description\":\"O blog da Estrat\u00e9gia Concursos traz not\u00edcias sobre concursos e artigos de professores oferecendo cursos para concursos (pdf + videaulas) no site.\",\"publisher\":{\"@id\":\"https:\/\/www.estrategiaconcursos.com.br\/blog\/#organization\"},\"potentialAction\":[{\"@type\":\"SearchAction\",\"target\":{\"@type\":\"EntryPoint\",\"urlTemplate\":\"https:\/\/www.estrategiaconcursos.com.br\/blog\/?s={search_term_string}\"},\"query-input\":{\"@type\":\"PropertyValueSpecification\",\"valueRequired\":true,\"valueName\":\"search_term_string\"}}],\"inLanguage\":\"pt-BR\"},{\"@type\":\"Organization\",\"@id\":\"https:\/\/www.estrategiaconcursos.com.br\/blog\/#organization\",\"name\":\"Estrat\u00e9gia Concursos\",\"url\":\"https:\/\/www.estrategiaconcursos.com.br\/blog\/\",\"logo\":{\"@type\":\"ImageObject\",\"inLanguage\":\"pt-BR\",\"@id\":\"https:\/\/www.estrategiaconcursos.com.br\/blog\/#\/schema\/logo\/image\/\",\"url\":\"https:\/\/dhg1h5j42swfq.cloudfront.net\/2025\/06\/03203428\/logo_concursos-1.jpg\",\"contentUrl\":\"https:\/\/dhg1h5j42swfq.cloudfront.net\/2025\/06\/03203428\/logo_concursos-1.jpg\",\"width\":230,\"height\":60,\"caption\":\"Estrat\u00e9gia Concursos\"},\"image\":{\"@id\":\"https:\/\/www.estrategiaconcursos.com.br\/blog\/#\/schema\/logo\/image\/\"},\"sameAs\":[\"https:\/\/x.com\/EstratConcursos\"]},{\"@type\":\"Person\",\"@id\":\"https:\/\/www.estrategiaconcursos.com.br\/blog\/#\/schema\/person\/aa39cf5ddb518e5bdce27c35788405e2\",\"name\":\"Ricardo Torques\",\"image\":{\"@type\":\"ImageObject\",\"inLanguage\":\"pt-BR\",\"@id\":\"https:\/\/secure.gravatar.com\/avatar\/ce9ac6c3cff25fe86d15ed568ebc64d1724baf5c0693133bcb1f6073f712f92a?s=96&d=mm&r=g\",\"url\":\"https:\/\/secure.gravatar.com\/avatar\/ce9ac6c3cff25fe86d15ed568ebc64d1724baf5c0693133bcb1f6073f712f92a?s=96&d=mm&r=g\",\"contentUrl\":\"https:\/\/secure.gravatar.com\/avatar\/ce9ac6c3cff25fe86d15ed568ebc64d1724baf5c0693133bcb1f6073f712f92a?s=96&d=mm&r=g\",\"caption\":\"Ricardo Torques\"},\"sameAs\":[\"https:\/\/www.facebook.com\/ricardo.s.torques\"],\"url\":\"https:\/\/www.estrategiaconcursos.com.br\/blog\/author\/ricardotorquesestrategiaconcursos-com-br\/\"}]}<\/script>\n<!-- \/ Yoast SEO Premium plugin. -->","yoast_head_json":{"title":"Procurador PGM Crici\u00fama: Edital publicado! - Saiba mais Hoje","description":"Os professores Felipe Cavalcante e Thiago Leite apresentam hoje, ter\u00e7a-feira, o evento Procurador PGM Crici\u00fama: Edital Publicado! N\u00e3o perca!","robots":{"index":"index","follow":"follow","max-snippet":"max-snippet:-1","max-image-preview":"max-image-preview:large","max-video-preview":"max-video-preview:-1"},"canonical":"https:\/\/www.estrategiaconcursos.com.br\/blog\/procurador-pgm-criciuma-edital-publicado\/","og_locale":"pt_BR","og_type":"article","og_title":"Procurador PGM Crici\u00fama: Edital publicado! - Saiba mais Hoje","og_description":"Os professores Felipe Cavalcante e Thiago Leite apresentam hoje, ter\u00e7a-feira, o evento Procurador PGM Crici\u00fama: Edital Publicado! N\u00e3o perca!","og_url":"https:\/\/www.estrategiaconcursos.com.br\/blog\/procurador-pgm-criciuma-edital-publicado\/","og_site_name":"Estrat\u00e9gia Concursos","article_author":"https:\/\/www.facebook.com\/ricardo.s.torques","article_published_time":"2021-08-03T20:21:00+00:00","article_modified_time":"2023-08-09T19:38:54+00:00","og_image":[{"width":1280,"height":720,"url":"https:\/\/dhg1h5j42swfq.cloudfront.net\/2021\/08\/03174841\/1280-720-max-2.jpg","type":"image\/jpeg"}],"author":"Ricardo Torques","twitter_card":"summary_large_image","twitter_creator":"@EstratConcursos","twitter_site":"@EstratConcursos","twitter_misc":{"Escrito por":"Ricardo Torques","Est. tempo de leitura":"2 minutos"},"schema":{"@context":"https:\/\/schema.org","@graph":[{"@type":"NewsArticle","@id":"https:\/\/www.estrategiaconcursos.com.br\/blog\/procurador-pgm-criciuma-edital-publicado\/#article","isPartOf":{"@id":"https:\/\/www.estrategiaconcursos.com.br\/blog\/procurador-pgm-criciuma-edital-publicado\/"},"author":{"name":"Ricardo Torques","@id":"https:\/\/www.estrategiaconcursos.com.br\/blog\/#\/schema\/person\/aa39cf5ddb518e5bdce27c35788405e2"},"headline":"Procurador PGM Crici\u00fama: Edital publicado! &#8211; Saiba mais Hoje","datePublished":"2021-08-03T20:21:00+00:00","dateModified":"2023-08-09T19:38:54+00:00","mainEntityOfPage":{"@id":"https:\/\/www.estrategiaconcursos.com.br\/blog\/procurador-pgm-criciuma-edital-publicado\/"},"wordCount":347,"commentCount":0,"publisher":{"@id":"https:\/\/www.estrategiaconcursos.com.br\/blog\/#organization"},"image":{"@id":"https:\/\/www.estrategiaconcursos.com.br\/blog\/procurador-pgm-criciuma-edital-publicado\/#primaryimage"},"thumbnailUrl":"https:\/\/dhg1h5j42swfq.cloudfront.net\/2021\/08\/03174841\/1280-720-max-2.jpg","articleSection":["Jur\u00eddico - Procuradorias"],"inLanguage":"pt-BR","potentialAction":[{"@type":"CommentAction","name":"Comment","target":["https:\/\/www.estrategiaconcursos.com.br\/blog\/procurador-pgm-criciuma-edital-publicado\/#respond"]}],"copyrightYear":"2021","copyrightHolder":{"@id":"https:\/\/www.estrategiaconcursos.com.br\/blog\/#organization"}},{"@type":"WebPage","@id":"https:\/\/www.estrategiaconcursos.com.br\/blog\/procurador-pgm-criciuma-edital-publicado\/","url":"https:\/\/www.estrategiaconcursos.com.br\/blog\/procurador-pgm-criciuma-edital-publicado\/","name":"Procurador PGM Crici\u00fama: Edital publicado! - Saiba mais Hoje","isPartOf":{"@id":"https:\/\/www.estrategiaconcursos.com.br\/blog\/#website"},"primaryImageOfPage":{"@id":"https:\/\/www.estrategiaconcursos.com.br\/blog\/procurador-pgm-criciuma-edital-publicado\/#primaryimage"},"image":{"@id":"https:\/\/www.estrategiaconcursos.com.br\/blog\/procurador-pgm-criciuma-edital-publicado\/#primaryimage"},"thumbnailUrl":"https:\/\/dhg1h5j42swfq.cloudfront.net\/2021\/08\/03174841\/1280-720-max-2.jpg","datePublished":"2021-08-03T20:21:00+00:00","dateModified":"2023-08-09T19:38:54+00:00","description":"Os professores Felipe Cavalcante e Thiago Leite apresentam hoje, ter\u00e7a-feira, o evento Procurador PGM Crici\u00fama: Edital Publicado! N\u00e3o perca!","breadcrumb":{"@id":"https:\/\/www.estrategiaconcursos.com.br\/blog\/procurador-pgm-criciuma-edital-publicado\/#breadcrumb"},"inLanguage":"pt-BR","potentialAction":[{"@type":"ReadAction","target":["https:\/\/www.estrategiaconcursos.com.br\/blog\/procurador-pgm-criciuma-edital-publicado\/"]}]},{"@type":"ImageObject","inLanguage":"pt-BR","@id":"https:\/\/www.estrategiaconcursos.com.br\/blog\/procurador-pgm-criciuma-edital-publicado\/#primaryimage","url":"https:\/\/dhg1h5j42swfq.cloudfront.net\/2021\/08\/03174841\/1280-720-max-2.jpg","contentUrl":"https:\/\/dhg1h5j42swfq.cloudfront.net\/2021\/08\/03174841\/1280-720-max-2.jpg","width":1280,"height":720,"caption":"Procurador PGM Crici\u00fama: Edital"},{"@type":"BreadcrumbList","@id":"https:\/\/www.estrategiaconcursos.com.br\/blog\/procurador-pgm-criciuma-edital-publicado\/#breadcrumb","itemListElement":[{"@type":"ListItem","position":1,"name":"In\u00edcio","item":"https:\/\/www.estrategiaconcursos.com.br\/blog\/"},{"@type":"ListItem","position":2,"name":"Procurador PGM Crici\u00fama: Edital publicado! &#8211; Saiba mais Hoje"}]},{"@type":"WebSite","@id":"https:\/\/www.estrategiaconcursos.com.br\/blog\/#website","url":"https:\/\/www.estrategiaconcursos.com.br\/blog\/","name":"Estrat\u00e9gia Concursos","description":"O blog da Estrat\u00e9gia Concursos traz not\u00edcias sobre concursos e artigos de professores oferecendo cursos para concursos (pdf + videaulas) no site.","publisher":{"@id":"https:\/\/www.estrategiaconcursos.com.br\/blog\/#organization"},"potentialAction":[{"@type":"SearchAction","target":{"@type":"EntryPoint","urlTemplate":"https:\/\/www.estrategiaconcursos.com.br\/blog\/?s={search_term_string}"},"query-input":{"@type":"PropertyValueSpecification","valueRequired":true,"valueName":"search_term_string"}}],"inLanguage":"pt-BR"},{"@type":"Organization","@id":"https:\/\/www.estrategiaconcursos.com.br\/blog\/#organization","name":"Estrat\u00e9gia Concursos","url":"https:\/\/www.estrategiaconcursos.com.br\/blog\/","logo":{"@type":"ImageObject","inLanguage":"pt-BR","@id":"https:\/\/www.estrategiaconcursos.com.br\/blog\/#\/schema\/logo\/image\/","url":"https:\/\/dhg1h5j42swfq.cloudfront.net\/2025\/06\/03203428\/logo_concursos-1.jpg","contentUrl":"https:\/\/dhg1h5j42swfq.cloudfront.net\/2025\/06\/03203428\/logo_concursos-1.jpg","width":230,"height":60,"caption":"Estrat\u00e9gia Concursos"},"image":{"@id":"https:\/\/www.estrategiaconcursos.com.br\/blog\/#\/schema\/logo\/image\/"},"sameAs":["https:\/\/x.com\/EstratConcursos"]},{"@type":"Person","@id":"https:\/\/www.estrategiaconcursos.com.br\/blog\/#\/schema\/person\/aa39cf5ddb518e5bdce27c35788405e2","name":"Ricardo Torques","image":{"@type":"ImageObject","inLanguage":"pt-BR","@id":"https:\/\/secure.gravatar.com\/avatar\/ce9ac6c3cff25fe86d15ed568ebc64d1724baf5c0693133bcb1f6073f712f92a?s=96&d=mm&r=g","url":"https:\/\/secure.gravatar.com\/avatar\/ce9ac6c3cff25fe86d15ed568ebc64d1724baf5c0693133bcb1f6073f712f92a?s=96&d=mm&r=g","contentUrl":"https:\/\/secure.gravatar.com\/avatar\/ce9ac6c3cff25fe86d15ed568ebc64d1724baf5c0693133bcb1f6073f712f92a?s=96&d=mm&r=g","caption":"Ricardo Torques"},"sameAs":["https:\/\/www.facebook.com\/ricardo.s.torques"],"url":"https:\/\/www.estrategiaconcursos.com.br\/blog\/author\/ricardotorquesestrategiaconcursos-com-br\/"}]}},"_links":{"self":[{"href":"https:\/\/www.estrategiaconcursos.com.br\/blog\/wp-json\/wp\/v2\/posts\/828213","targetHints":{"allow":["GET"]}}],"collection":[{"href":"https:\/\/www.estrategiaconcursos.com.br\/blog\/wp-json\/wp\/v2\/posts"}],"about":[{"href":"https:\/\/www.estrategiaconcursos.com.br\/blog\/wp-json\/wp\/v2\/types\/post"}],"author":[{"embeddable":true,"href":"https:\/\/www.estrategiaconcursos.com.br\/blog\/wp-json\/wp\/v2\/users\/180"}],"replies":[{"embeddable":true,"href":"https:\/\/www.estrategiaconcursos.com.br\/blog\/wp-json\/wp\/v2\/comments?post=828213"}],"version-history":[{"count":19,"href":"https:\/\/www.estrategiaconcursos.com.br\/blog\/wp-json\/wp\/v2\/posts\/828213\/revisions"}],"predecessor-version":[{"id":1262455,"href":"https:\/\/www.estrategiaconcursos.com.br\/blog\/wp-json\/wp\/v2\/posts\/828213\/revisions\/1262455"}],"wp:featuredmedia":[{"embeddable":true,"href":"https:\/\/www.estrategiaconcursos.com.br\/blog\/wp-json\/wp\/v2\/media\/828230"}],"wp:attachment":[{"href":"https:\/\/www.estrategiaconcursos.com.br\/blog\/wp-json\/wp\/v2\/media?parent=828213"}],"wp:term":[{"taxonomy":"category","embeddable":true,"href":"https:\/\/www.estrategiaconcursos.com.br\/blog\/wp-json\/wp\/v2\/categories?post=828213"},{"taxonomy":"post_tag","embeddable":true,"href":"https:\/\/www.estrategiaconcursos.com.br\/blog\/wp-json\/wp\/v2\/tags?post=828213"},{"taxonomy":"tax_estado","embeddable":true,"href":"https:\/\/www.estrategiaconcursos.com.br\/blog\/wp-json\/wp\/v2\/tax_estado?post=828213"}],"curies":[{"name":"wp","href":"https:\/\/api.w.org\/{rel}","templated":true}]}}