{"id":828090,"date":"2021-08-03T16:59:37","date_gmt":"2021-08-03T19:59:37","guid":{"rendered":"https:\/\/www.estrategiaconcursos.com.br\/blog\/?p=828090"},"modified":"2021-08-03T16:59:39","modified_gmt":"2021-08-03T19:59:39","slug":"concursos-fiscais-2021-comissao-formada-mg-am","status":"publish","type":"post","link":"https:\/\/www.estrategiaconcursos.com.br\/blog\/concursos-fiscais-2021-comissao-formada-mg-am\/","title":{"rendered":"Concursos Fiscais 2021: Comiss\u00e3o formada em MG e AM!"},"content":{"rendered":"\n<p>Essa ter\u00e7a-feira foi excelente para os concurseiros da \u00e1rea fiscal! Isso porque, dois grandes fiscos estaduais tiveram <strong>Comiss\u00e3o <\/strong>institu\u00edda. Foram eles as Secretaria de Estado da Fazenda de <a href=\"http:\/\/www.fazenda.mg.gov.br\/\" target=\"_blank\" rel=\"noreferrer noopener\">Minas Gerais<\/a> e do <a href=\"http:\/\/www.sefaz.am.gov.br\/\" target=\"_blank\" rel=\"noreferrer noopener\">Amazonas<\/a>, ambos no radar para esse segundo semestre de 2021.<\/p>\n\n\n\n<h2 class=\"wp-block-heading\" id=\"h-concurso-sefaz-mg-comiss-o-formada\"><a href=\"https:\/\/www.estrategiaconcursos.com.br\/blog\/concurso-sefaz-mg\/\" target=\"_blank\" rel=\"noreferrer noopener\">Concurso Sefaz MG<\/a> &#8211; Comiss\u00e3o formada<\/h2>\n\n\n\n<p>Foi institu\u00eddo o Grupo de Trabalho respons\u00e1vel pelo acompanhamento e execu\u00e7\u00e3o do<em><strong>\u00a0<\/strong><\/em>concurso da<em><strong> <\/strong><\/em>Secretaria de Fazenda de Minas Gerais. Formam a equipe\u00a0<strong>seis servidores<\/strong>, que ser\u00e3o respons\u00e1veis pela contrata\u00e7\u00e3o da banca, acompanhamento dos prazos e verifica\u00e7\u00e3o do or\u00e7amento.<\/p>\n\n\n\n<p>Anteriormente, a Comiss\u00e3o de Finan\u00e7as (COFIN) da Sefaz MG\u00a0concordou em\u00a0aprovar a realiza\u00e7\u00e3o\u00a0de um novo\u00a0certame\u00a0para AFRE com <strong>at\u00e9\u00a0317 vagas<\/strong>. Sendo necess\u00e1rio, antes, uma\u00a0adequa\u00e7\u00e3o \u00e0s regras da<strong> Lei de Responsabilidade Fiscal\u00a0<\/strong>(LRF).<\/p>\n\n\n\n<ul class=\"wp-block-list\" id=\"block-ee678516-e9d1-48bd-b327-7b9acd55f0fd\"><li><strong>Status:<\/strong>\u00a0Grupo de Trabalho formado<\/li><li><strong>Banca:\u00a0<\/strong>a definir<\/li><li><strong>Vagas:\u00a0<\/strong>at\u00e9 317 previstas<\/li><li><strong>Sal\u00e1rio inicial:<\/strong>\u00a0mais de R$ 20 mil (Transpar\u00eancia)<\/li><\/ul>\n\n\n\n<h2 class=\"wp-block-heading\" id=\"h-concurso-sefaz-am-comiss-o-formada\"><a href=\"https:\/\/www.estrategiaconcursos.com.br\/blog\/concurso-sefaz-am\/\" target=\"_blank\" rel=\"noreferrer noopener\">Concurso Sefaz AM<\/a> &#8211; Comiss\u00e3o formada<\/h2>\n\n\n\n<p>A informa\u00e7\u00e3o foi confirmada atrav\u00e9s da Portaria N\u00ba 0252\/2021-GSEFAZ, publicada no dia 02 de agosto. Segundo a Portaria, o grupo tem o<strong>\u00a0prazo de 15 dias corridos<\/strong>, ou seja, at\u00e9 17 de agosto, para conclus\u00e3o dos trabalhos. Esse prazo poder\u00e1 ser prorrogado, se necess\u00e1rio.<\/p>\n\n\n\n<p>Anteriormente, em contato exclusivo com o Estrat\u00e9gia, o \u00f3rg\u00e3o j\u00e1 havia informado sua inten\u00e7\u00e3o em realizar um novo certame ainda no\u00a0<strong>segundo semestre de 2021<\/strong>.<\/p>\n\n\n\n<ul class=\"wp-block-list\" id=\"block-ee678516-e9d1-48bd-b327-7b9acd55f0fd\"><li><strong>Status:<\/strong>\u00a0Comiss\u00e3o formada<\/li><li><strong>Banca:\u00a0<\/strong>a definir<\/li><li><strong>Vagas:\u00a0<\/strong>a definir<\/li><li><strong>Sal\u00e1rio inicial:<\/strong>\u00a0mais de R$ 20.000,00 (Transpar\u00eancia)<\/li><\/ul>\n\n\n\n<p class=\"has-text-align-center\"><em>Quer conferir mais informa\u00e7\u00f5es sobre esses e outros concursos fiscais com comiss\u00e3o formada, banca definida e previstos? Ent\u00e3o n\u00e3o deixe de conferir nossos artigos completos:<\/em><\/p>\n\n\n\n<p class=\"has-text-align-center has-luminous-vivid-amber-background-color has-background has-medium-font-size\"><strong>Mais informa\u00e7\u00f5es: <a href=\"https:\/\/www.estrategiaconcursos.com.br\/blog\/concurso-sefaz-mg\/\" target=\"_blank\" rel=\"noreferrer noopener\">Concurso Sefaz MG<\/a> | <a href=\"https:\/\/www.estrategiaconcursos.com.br\/blog\/concurso-sefaz-am\/\" target=\"_blank\" rel=\"noreferrer noopener\">Concurso Sefaz AM<\/a> | <a href=\"https:\/\/www.estrategiaconcursos.com.br\/blog\/concursos-fiscais-2021\/\" target=\"_blank\" rel=\"noreferrer noopener\">Concursos Fiscais<\/a><\/strong><\/p>\n\n\n\n<div class=\"wp-block-image\"><figure class=\"aligncenter size-large is-resized\"><img loading=\"lazy\" decoding=\"async\" src=\"https:\/\/dhg1h5j42swfq.cloudfront.net\/2020\/09\/18141901\/Coruja_Concursos%404x-506x1024.png\" alt=\"Concursos Fiscais 2021: Comiss\u00e3o formada em MG e AM!\" class=\"wp-image-574355\" width=\"35\" height=\"70\" srcset=\"https:\/\/dhg1h5j42swfq.cloudfront.net\/2020\/09\/18141901\/Coruja_Concursos%404x-506x1024.png 506w, https:\/\/dhg1h5j42swfq.cloudfront.net\/2020\/09\/18141901\/Coruja_Concursos%404x-148x300.png 148w, https:\/\/dhg1h5j42swfq.cloudfront.net\/2020\/09\/18141901\/Coruja_Concursos%404x-610x1236.png 610w, https:\/\/dhg1h5j42swfq.cloudfront.net\/2020\/09\/18141901\/Coruja_Concursos%404x.png 745w\" sizes=\"auto, (max-width: 35px) 100vw, 35px\" \/><\/figure><\/div>\n\n\n\n<div id=\"boxes\" class=\"container\">\n<div class=\"row\">\n<div class=\"col-sm\">\n<div id=\"box-assinatura\" class=\"banner-fiscal-01\">\n<h3 class=\"titulo-assinatura\">Carreiras Fiscais<\/h3>\n<p class=\"subtitulo-assinatura\">Conhe\u00e7a os cursos<\/p>\n<div class=\"box-botao\"><a class=\"btn-assinatura\" role=\"button\" href=\"https:\/\/www.estrategiaconcursos.com.br\/cursosPorConcurso\/area-fiscal-fiscos-estaduais-e-municipais-410\/\" target=\"_blank\" rel=\"noopener noreferrer\">Conhe\u00e7a mais<\/a><\/div>\n<\/div>\n<\/div>\n<\/div>\n<\/div>\n\n\n\n<div id=\"boxes\" class=\"container\">\n<div class=\"row\">\n<div class=\"col-sm\">\n<div id=\"box-assinatura\" class=\"estrategia\">\n<h3 class=\"titulo-assinatura\">Assinatura Concursos<\/h3>\n<p class=\"subtitulo-assinatura\">Assinatura de 1 ano ou 2 anos<\/p>\n<div class=\"box-botao\"><a class=\"btn-assinatura\" role=\"button\" href=\"https:\/\/www.estrategiaconcursos.com.br\/assinaturas\/\" target=\"_blank\" rel=\"noopener noreferrer\">ASSINE AGORA<\/a><\/div>\n<\/div><\/div><\/div><\/div>\n\n\n\n<div class=\"container\" id=\"boxes\">\n  <div class=\"row\">\n\n    <div class=\"col-sm\" id=\"boxes-concursos\">\n      <div style=\"background-color: #005DAD;\" class=\"conteudo-concursos\" id=\"box-concursos\">\n        <h3 class=\"titulo-assinatura\">Concursos Abertos<\/h3>\n        <p class=\"subtitulo-assinatura\">Confira os editais publicados<\/p>\n        <div class=\"box-botao\">\n          <a class=\"btn-assinatura\" target=\"_blank\" href=\"https:\/\/www.estrategiaconcursos.com.br\/blog\/concursos-abertos\/\" role=\"button\" rel=\"noopener noreferrer\">Conhe\u00e7a Agora<\/a>\n        <\/div>\n      <\/div>\n    <\/div>\n\n    <div class=\"col-sm\" id=\"boxes-concursos\">\n      <div style=\"background-color: #1A7ED5;\" class=\"conteudo-concursos\" id=\"box-concursos\">\n        <h3 class=\"titulo-assinatura\">Concursos 2021<\/h3>\n        <p class=\"subtitulo-assinatura\">As oportunidades previstas<\/p>\n        <div class=\"box-botao\">\n          <a class=\"btn-assinatura\" target=\"_blank\" href=\"https:\/\/www.estrategiaconcursos.com.br\/blog\/concursos-2021\/\" role=\"button\" rel=\"noopener noreferrer\">Conhe\u00e7a Agora<\/a>\n        <\/div>\n      <\/div>\n    <\/div>\n\n    <div class=\"col-sm\" id=\"boxes-concursos\">\n      <div style=\"background-color: #419FF0;\" class=\"conteudo-concursos\" id=\"box-concursos\">\n        <h3 class=\"titulo-assinatura\">Concursos 2022<\/h3>\n        <p class=\"subtitulo-assinatura\">Vagas para o pr\u00f3ximo ano<\/p>\n        <div class=\"box-botao\">\n          <a class=\"btn-assinatura\" target=\"_blank\" href=\"https:\/\/www.estrategiaconcursos.com.br\/blog\/concursos-2022\/\" role=\"button\" rel=\"noopener noreferrer\">Conhe\u00e7a Agora<\/a>\n        <\/div>\n      <\/div>\n    <\/div>\n\n  <\/div>\n<\/div>\n","protected":false},"excerpt":{"rendered":"<p>Essa ter\u00e7a-feira foi excelente para os concurseiros da \u00e1rea fiscal! Isso porque, dois grandes fiscos estaduais tiveram Comiss\u00e3o institu\u00edda. Foram eles as Secretaria de Estado da Fazenda de Minas Gerais e do Amazonas, ambos no radar para esse segundo semestre de 2021. Concurso Sefaz MG &#8211; Comiss\u00e3o formada Foi institu\u00eddo o Grupo de Trabalho respons\u00e1vel [&hellip;]<\/p>\n","protected":false},"author":659,"featured_media":789236,"comment_status":"open","ping_status":"closed","sticky":false,"template":"","format":"standard","meta":{"post_tipo":"news","footnotes":""},"categories":[1983,220219],"tags":[],"tax_estado":[219966,219974],"class_list":["post-828090","post","type-post","status-publish","format-standard","has-post-thumbnail","hentry","category-fiscal-estadual","category-noticias","tax_estado-am","tax_estado-mg"],"acf":[],"yoast_head":"<!-- This site is optimized with the Yoast SEO Premium plugin v27.2 (Yoast SEO v27.2) - https:\/\/yoast.com\/product\/yoast-seo-premium-wordpress\/ -->\n<title>Concursos Fiscais 2021: Comiss\u00e3o formada em MG e AM!<\/title>\n<meta name=\"description\" content=\"Concurso p\u00fablico 2021: dois concursos fiscais tiveram Comiss\u00e3o formada nesta ter\u00e7a-feira, 03 de agosto. Confira aqui mais detalhes!\" \/>\n<meta name=\"robots\" content=\"index, follow, max-snippet:-1, max-image-preview:large, max-video-preview:-1\" \/>\n<link rel=\"canonical\" href=\"https:\/\/www.estrategiaconcursos.com.br\/blog\/concursos-fiscais-2021-comissao-formada-mg-am\/\" \/>\n<meta property=\"og:locale\" content=\"pt_BR\" \/>\n<meta property=\"og:type\" content=\"article\" \/>\n<meta property=\"og:title\" content=\"Concursos Fiscais 2021: Comiss\u00e3o formada em MG e AM!\" \/>\n<meta property=\"og:description\" content=\"Concurso p\u00fablico 2021: dois concursos fiscais tiveram Comiss\u00e3o formada nesta ter\u00e7a-feira, 03 de agosto. Confira aqui mais detalhes!\" \/>\n<meta property=\"og:url\" content=\"https:\/\/www.estrategiaconcursos.com.br\/blog\/concursos-fiscais-2021-comissao-formada-mg-am\/\" \/>\n<meta property=\"og:site_name\" content=\"Estrat\u00e9gia Concursos\" \/>\n<meta property=\"article:published_time\" content=\"2021-08-03T19:59:37+00:00\" \/>\n<meta property=\"article:modified_time\" content=\"2021-08-03T19:59:39+00:00\" \/>\n<meta property=\"og:image\" content=\"https:\/\/dhg1h5j42swfq.cloudfront.net\/2021\/07\/07113042\/concursos-fiscais.jpg\" \/>\n\t<meta property=\"og:image:width\" content=\"1200\" \/>\n\t<meta property=\"og:image:height\" content=\"628\" \/>\n\t<meta property=\"og:image:type\" content=\"image\/jpeg\" \/>\n<meta name=\"author\" content=\"Camila Leite\" \/>\n<meta name=\"twitter:card\" content=\"summary_large_image\" \/>\n<meta name=\"twitter:creator\" content=\"@EstratConcursos\" \/>\n<meta name=\"twitter:site\" content=\"@EstratConcursos\" \/>\n<meta name=\"twitter:label1\" content=\"Escrito por\" \/>\n\t<meta name=\"twitter:data1\" content=\"Camila Leite\" \/>\n\t<meta name=\"twitter:label2\" content=\"Est. tempo de leitura\" \/>\n\t<meta name=\"twitter:data2\" content=\"2 minutos\" \/>\n<script type=\"application\/ld+json\" class=\"yoast-schema-graph\">{\"@context\":\"https:\/\/schema.org\",\"@graph\":[{\"@type\":\"NewsArticle\",\"@id\":\"https:\/\/www.estrategiaconcursos.com.br\/blog\/concursos-fiscais-2021-comissao-formada-mg-am\/#article\",\"isPartOf\":{\"@id\":\"https:\/\/www.estrategiaconcursos.com.br\/blog\/concursos-fiscais-2021-comissao-formada-mg-am\/\"},\"author\":{\"name\":\"Camila Leite\",\"@id\":\"https:\/\/www.estrategiaconcursos.com.br\/blog\/#\/schema\/person\/84ecdc6eb58d3cf1689bf76c5cd8fb38\"},\"headline\":\"Concursos Fiscais 2021: Comiss\u00e3o formada em MG e AM!\",\"datePublished\":\"2021-08-03T19:59:37+00:00\",\"dateModified\":\"2021-08-03T19:59:39+00:00\",\"mainEntityOfPage\":{\"@id\":\"https:\/\/www.estrategiaconcursos.com.br\/blog\/concursos-fiscais-2021-comissao-formada-mg-am\/\"},\"wordCount\":349,\"commentCount\":0,\"publisher\":{\"@id\":\"https:\/\/www.estrategiaconcursos.com.br\/blog\/#organization\"},\"image\":{\"@id\":\"https:\/\/www.estrategiaconcursos.com.br\/blog\/concursos-fiscais-2021-comissao-formada-mg-am\/#primaryimage\"},\"thumbnailUrl\":\"https:\/\/dhg1h5j42swfq.cloudfront.net\/2021\/07\/07113042\/concursos-fiscais.jpg\",\"articleSection\":[\"Fiscal - Estadual (ICMS)\",\"\u00daltimas not\u00edcias\"],\"inLanguage\":\"pt-BR\",\"potentialAction\":[{\"@type\":\"CommentAction\",\"name\":\"Comment\",\"target\":[\"https:\/\/www.estrategiaconcursos.com.br\/blog\/concursos-fiscais-2021-comissao-formada-mg-am\/#respond\"]}],\"copyrightYear\":\"2021\",\"copyrightHolder\":{\"@id\":\"https:\/\/www.estrategiaconcursos.com.br\/blog\/#organization\"}},{\"@type\":\"WebPage\",\"@id\":\"https:\/\/www.estrategiaconcursos.com.br\/blog\/concursos-fiscais-2021-comissao-formada-mg-am\/\",\"url\":\"https:\/\/www.estrategiaconcursos.com.br\/blog\/concursos-fiscais-2021-comissao-formada-mg-am\/\",\"name\":\"Concursos Fiscais 2021: Comiss\u00e3o formada em MG e AM!\",\"isPartOf\":{\"@id\":\"https:\/\/www.estrategiaconcursos.com.br\/blog\/#website\"},\"primaryImageOfPage\":{\"@id\":\"https:\/\/www.estrategiaconcursos.com.br\/blog\/concursos-fiscais-2021-comissao-formada-mg-am\/#primaryimage\"},\"image\":{\"@id\":\"https:\/\/www.estrategiaconcursos.com.br\/blog\/concursos-fiscais-2021-comissao-formada-mg-am\/#primaryimage\"},\"thumbnailUrl\":\"https:\/\/dhg1h5j42swfq.cloudfront.net\/2021\/07\/07113042\/concursos-fiscais.jpg\",\"datePublished\":\"2021-08-03T19:59:37+00:00\",\"dateModified\":\"2021-08-03T19:59:39+00:00\",\"description\":\"Concurso p\u00fablico 2021: dois concursos fiscais tiveram Comiss\u00e3o formada nesta ter\u00e7a-feira, 03 de agosto. Confira aqui mais detalhes!\",\"breadcrumb\":{\"@id\":\"https:\/\/www.estrategiaconcursos.com.br\/blog\/concursos-fiscais-2021-comissao-formada-mg-am\/#breadcrumb\"},\"inLanguage\":\"pt-BR\",\"potentialAction\":[{\"@type\":\"ReadAction\",\"target\":[\"https:\/\/www.estrategiaconcursos.com.br\/blog\/concursos-fiscais-2021-comissao-formada-mg-am\/\"]}]},{\"@type\":\"ImageObject\",\"inLanguage\":\"pt-BR\",\"@id\":\"https:\/\/www.estrategiaconcursos.com.br\/blog\/concursos-fiscais-2021-comissao-formada-mg-am\/#primaryimage\",\"url\":\"https:\/\/dhg1h5j42swfq.cloudfront.net\/2021\/07\/07113042\/concursos-fiscais.jpg\",\"contentUrl\":\"https:\/\/dhg1h5j42swfq.cloudfront.net\/2021\/07\/07113042\/concursos-fiscais.jpg\",\"width\":1200,\"height\":628,\"caption\":\"Concurso ISS Nova Igua\u00e7u\"},{\"@type\":\"BreadcrumbList\",\"@id\":\"https:\/\/www.estrategiaconcursos.com.br\/blog\/concursos-fiscais-2021-comissao-formada-mg-am\/#breadcrumb\",\"itemListElement\":[{\"@type\":\"ListItem\",\"position\":1,\"name\":\"In\u00edcio\",\"item\":\"https:\/\/www.estrategiaconcursos.com.br\/blog\/\"},{\"@type\":\"ListItem\",\"position\":2,\"name\":\"Concursos Fiscais 2021: Comiss\u00e3o formada em MG e AM!\"}]},{\"@type\":\"WebSite\",\"@id\":\"https:\/\/www.estrategiaconcursos.com.br\/blog\/#website\",\"url\":\"https:\/\/www.estrategiaconcursos.com.br\/blog\/\",\"name\":\"Estrat\u00e9gia Concursos\",\"description\":\"O blog da Estrat\u00e9gia Concursos traz not\u00edcias sobre concursos e artigos de professores oferecendo cursos para concursos (pdf + videaulas) no site.\",\"publisher\":{\"@id\":\"https:\/\/www.estrategiaconcursos.com.br\/blog\/#organization\"},\"potentialAction\":[{\"@type\":\"SearchAction\",\"target\":{\"@type\":\"EntryPoint\",\"urlTemplate\":\"https:\/\/www.estrategiaconcursos.com.br\/blog\/?s={search_term_string}\"},\"query-input\":{\"@type\":\"PropertyValueSpecification\",\"valueRequired\":true,\"valueName\":\"search_term_string\"}}],\"inLanguage\":\"pt-BR\"},{\"@type\":\"Organization\",\"@id\":\"https:\/\/www.estrategiaconcursos.com.br\/blog\/#organization\",\"name\":\"Estrat\u00e9gia Concursos\",\"url\":\"https:\/\/www.estrategiaconcursos.com.br\/blog\/\",\"logo\":{\"@type\":\"ImageObject\",\"inLanguage\":\"pt-BR\",\"@id\":\"https:\/\/www.estrategiaconcursos.com.br\/blog\/#\/schema\/logo\/image\/\",\"url\":\"https:\/\/dhg1h5j42swfq.cloudfront.net\/2025\/06\/03203428\/logo_concursos-1.jpg\",\"contentUrl\":\"https:\/\/dhg1h5j42swfq.cloudfront.net\/2025\/06\/03203428\/logo_concursos-1.jpg\",\"width\":230,\"height\":60,\"caption\":\"Estrat\u00e9gia Concursos\"},\"image\":{\"@id\":\"https:\/\/www.estrategiaconcursos.com.br\/blog\/#\/schema\/logo\/image\/\"},\"sameAs\":[\"https:\/\/x.com\/EstratConcursos\"]},{\"@type\":\"Person\",\"@id\":\"https:\/\/www.estrategiaconcursos.com.br\/blog\/#\/schema\/person\/84ecdc6eb58d3cf1689bf76c5cd8fb38\",\"name\":\"Camila Leite\",\"image\":{\"@type\":\"ImageObject\",\"inLanguage\":\"pt-BR\",\"@id\":\"https:\/\/secure.gravatar.com\/avatar\/f2f8faef639c8a2bfb7fb909912a56917f4c3a0aed064500168e2fb8ea55cf61?s=96&d=mm&r=g\",\"url\":\"https:\/\/secure.gravatar.com\/avatar\/f2f8faef639c8a2bfb7fb909912a56917f4c3a0aed064500168e2fb8ea55cf61?s=96&d=mm&r=g\",\"contentUrl\":\"https:\/\/secure.gravatar.com\/avatar\/f2f8faef639c8a2bfb7fb909912a56917f4c3a0aed064500168e2fb8ea55cf61?s=96&d=mm&r=g\",\"caption\":\"Camila Leite\"},\"description\":\"Formada em Design Gr\u00e1fico e em Propaganda e Marketing pela UNIP, integra a equipe de jornalismo do Estrat\u00e9gia Concursos desde 2018. Ao longo dos anos, construiu uma s\u00f3lida experi\u00eancia na produ\u00e7\u00e3o de conte\u00fado informativo e relevante para concurseiros. Desde 2020, atua na cobertura das \u00e1reas Fiscal \u2014 com \u00eanfase nas Secretarias de Fazenda (Sefaz) das regi\u00f5es Sul e Sudeste \u2014, al\u00e9m da cobertura de concursos federais, como CNU, Petrobras, CGU, Receita Federal, ag\u00eancias reguladoras (Anvisa, ANAC, entre outras) e INSS. Mant\u00e9m contato direto com os principais \u00f3rg\u00e3os p\u00fablicos, acompanhando editais, atualiza\u00e7\u00f5es e movimenta\u00e7\u00f5es importantes para os candidatos.\",\"sameAs\":[\"https:\/\/www.linkedin.com\/in\/camila-pinheiro-leite-9ba135b6\/\"],\"url\":\"https:\/\/www.estrategiaconcursos.com.br\/blog\/author\/camila-leiteestrategiaconcursos-com-br\/\"}]}<\/script>\n<!-- \/ Yoast SEO Premium plugin. -->","yoast_head_json":{"title":"Concursos Fiscais 2021: Comiss\u00e3o formada em MG e AM!","description":"Concurso p\u00fablico 2021: dois concursos fiscais tiveram Comiss\u00e3o formada nesta ter\u00e7a-feira, 03 de agosto. Confira aqui mais detalhes!","robots":{"index":"index","follow":"follow","max-snippet":"max-snippet:-1","max-image-preview":"max-image-preview:large","max-video-preview":"max-video-preview:-1"},"canonical":"https:\/\/www.estrategiaconcursos.com.br\/blog\/concursos-fiscais-2021-comissao-formada-mg-am\/","og_locale":"pt_BR","og_type":"article","og_title":"Concursos Fiscais 2021: Comiss\u00e3o formada em MG e AM!","og_description":"Concurso p\u00fablico 2021: dois concursos fiscais tiveram Comiss\u00e3o formada nesta ter\u00e7a-feira, 03 de agosto. Confira aqui mais detalhes!","og_url":"https:\/\/www.estrategiaconcursos.com.br\/blog\/concursos-fiscais-2021-comissao-formada-mg-am\/","og_site_name":"Estrat\u00e9gia Concursos","article_published_time":"2021-08-03T19:59:37+00:00","article_modified_time":"2021-08-03T19:59:39+00:00","og_image":[{"width":1200,"height":628,"url":"https:\/\/dhg1h5j42swfq.cloudfront.net\/2021\/07\/07113042\/concursos-fiscais.jpg","type":"image\/jpeg"}],"author":"Camila Leite","twitter_card":"summary_large_image","twitter_creator":"@EstratConcursos","twitter_site":"@EstratConcursos","twitter_misc":{"Escrito por":"Camila Leite","Est. tempo de leitura":"2 minutos"},"schema":{"@context":"https:\/\/schema.org","@graph":[{"@type":"NewsArticle","@id":"https:\/\/www.estrategiaconcursos.com.br\/blog\/concursos-fiscais-2021-comissao-formada-mg-am\/#article","isPartOf":{"@id":"https:\/\/www.estrategiaconcursos.com.br\/blog\/concursos-fiscais-2021-comissao-formada-mg-am\/"},"author":{"name":"Camila Leite","@id":"https:\/\/www.estrategiaconcursos.com.br\/blog\/#\/schema\/person\/84ecdc6eb58d3cf1689bf76c5cd8fb38"},"headline":"Concursos Fiscais 2021: Comiss\u00e3o formada em MG e AM!","datePublished":"2021-08-03T19:59:37+00:00","dateModified":"2021-08-03T19:59:39+00:00","mainEntityOfPage":{"@id":"https:\/\/www.estrategiaconcursos.com.br\/blog\/concursos-fiscais-2021-comissao-formada-mg-am\/"},"wordCount":349,"commentCount":0,"publisher":{"@id":"https:\/\/www.estrategiaconcursos.com.br\/blog\/#organization"},"image":{"@id":"https:\/\/www.estrategiaconcursos.com.br\/blog\/concursos-fiscais-2021-comissao-formada-mg-am\/#primaryimage"},"thumbnailUrl":"https:\/\/dhg1h5j42swfq.cloudfront.net\/2021\/07\/07113042\/concursos-fiscais.jpg","articleSection":["Fiscal - Estadual (ICMS)","\u00daltimas not\u00edcias"],"inLanguage":"pt-BR","potentialAction":[{"@type":"CommentAction","name":"Comment","target":["https:\/\/www.estrategiaconcursos.com.br\/blog\/concursos-fiscais-2021-comissao-formada-mg-am\/#respond"]}],"copyrightYear":"2021","copyrightHolder":{"@id":"https:\/\/www.estrategiaconcursos.com.br\/blog\/#organization"}},{"@type":"WebPage","@id":"https:\/\/www.estrategiaconcursos.com.br\/blog\/concursos-fiscais-2021-comissao-formada-mg-am\/","url":"https:\/\/www.estrategiaconcursos.com.br\/blog\/concursos-fiscais-2021-comissao-formada-mg-am\/","name":"Concursos Fiscais 2021: Comiss\u00e3o formada em MG e AM!","isPartOf":{"@id":"https:\/\/www.estrategiaconcursos.com.br\/blog\/#website"},"primaryImageOfPage":{"@id":"https:\/\/www.estrategiaconcursos.com.br\/blog\/concursos-fiscais-2021-comissao-formada-mg-am\/#primaryimage"},"image":{"@id":"https:\/\/www.estrategiaconcursos.com.br\/blog\/concursos-fiscais-2021-comissao-formada-mg-am\/#primaryimage"},"thumbnailUrl":"https:\/\/dhg1h5j42swfq.cloudfront.net\/2021\/07\/07113042\/concursos-fiscais.jpg","datePublished":"2021-08-03T19:59:37+00:00","dateModified":"2021-08-03T19:59:39+00:00","description":"Concurso p\u00fablico 2021: dois concursos fiscais tiveram Comiss\u00e3o formada nesta ter\u00e7a-feira, 03 de agosto. Confira aqui mais detalhes!","breadcrumb":{"@id":"https:\/\/www.estrategiaconcursos.com.br\/blog\/concursos-fiscais-2021-comissao-formada-mg-am\/#breadcrumb"},"inLanguage":"pt-BR","potentialAction":[{"@type":"ReadAction","target":["https:\/\/www.estrategiaconcursos.com.br\/blog\/concursos-fiscais-2021-comissao-formada-mg-am\/"]}]},{"@type":"ImageObject","inLanguage":"pt-BR","@id":"https:\/\/www.estrategiaconcursos.com.br\/blog\/concursos-fiscais-2021-comissao-formada-mg-am\/#primaryimage","url":"https:\/\/dhg1h5j42swfq.cloudfront.net\/2021\/07\/07113042\/concursos-fiscais.jpg","contentUrl":"https:\/\/dhg1h5j42swfq.cloudfront.net\/2021\/07\/07113042\/concursos-fiscais.jpg","width":1200,"height":628,"caption":"Concurso ISS Nova Igua\u00e7u"},{"@type":"BreadcrumbList","@id":"https:\/\/www.estrategiaconcursos.com.br\/blog\/concursos-fiscais-2021-comissao-formada-mg-am\/#breadcrumb","itemListElement":[{"@type":"ListItem","position":1,"name":"In\u00edcio","item":"https:\/\/www.estrategiaconcursos.com.br\/blog\/"},{"@type":"ListItem","position":2,"name":"Concursos Fiscais 2021: Comiss\u00e3o formada em MG e AM!"}]},{"@type":"WebSite","@id":"https:\/\/www.estrategiaconcursos.com.br\/blog\/#website","url":"https:\/\/www.estrategiaconcursos.com.br\/blog\/","name":"Estrat\u00e9gia Concursos","description":"O blog da Estrat\u00e9gia Concursos traz not\u00edcias sobre concursos e artigos de professores oferecendo cursos para concursos (pdf + videaulas) no site.","publisher":{"@id":"https:\/\/www.estrategiaconcursos.com.br\/blog\/#organization"},"potentialAction":[{"@type":"SearchAction","target":{"@type":"EntryPoint","urlTemplate":"https:\/\/www.estrategiaconcursos.com.br\/blog\/?s={search_term_string}"},"query-input":{"@type":"PropertyValueSpecification","valueRequired":true,"valueName":"search_term_string"}}],"inLanguage":"pt-BR"},{"@type":"Organization","@id":"https:\/\/www.estrategiaconcursos.com.br\/blog\/#organization","name":"Estrat\u00e9gia Concursos","url":"https:\/\/www.estrategiaconcursos.com.br\/blog\/","logo":{"@type":"ImageObject","inLanguage":"pt-BR","@id":"https:\/\/www.estrategiaconcursos.com.br\/blog\/#\/schema\/logo\/image\/","url":"https:\/\/dhg1h5j42swfq.cloudfront.net\/2025\/06\/03203428\/logo_concursos-1.jpg","contentUrl":"https:\/\/dhg1h5j42swfq.cloudfront.net\/2025\/06\/03203428\/logo_concursos-1.jpg","width":230,"height":60,"caption":"Estrat\u00e9gia Concursos"},"image":{"@id":"https:\/\/www.estrategiaconcursos.com.br\/blog\/#\/schema\/logo\/image\/"},"sameAs":["https:\/\/x.com\/EstratConcursos"]},{"@type":"Person","@id":"https:\/\/www.estrategiaconcursos.com.br\/blog\/#\/schema\/person\/84ecdc6eb58d3cf1689bf76c5cd8fb38","name":"Camila Leite","image":{"@type":"ImageObject","inLanguage":"pt-BR","@id":"https:\/\/secure.gravatar.com\/avatar\/f2f8faef639c8a2bfb7fb909912a56917f4c3a0aed064500168e2fb8ea55cf61?s=96&d=mm&r=g","url":"https:\/\/secure.gravatar.com\/avatar\/f2f8faef639c8a2bfb7fb909912a56917f4c3a0aed064500168e2fb8ea55cf61?s=96&d=mm&r=g","contentUrl":"https:\/\/secure.gravatar.com\/avatar\/f2f8faef639c8a2bfb7fb909912a56917f4c3a0aed064500168e2fb8ea55cf61?s=96&d=mm&r=g","caption":"Camila Leite"},"description":"Formada em Design Gr\u00e1fico e em Propaganda e Marketing pela UNIP, integra a equipe de jornalismo do Estrat\u00e9gia Concursos desde 2018. Ao longo dos anos, construiu uma s\u00f3lida experi\u00eancia na produ\u00e7\u00e3o de conte\u00fado informativo e relevante para concurseiros. Desde 2020, atua na cobertura das \u00e1reas Fiscal \u2014 com \u00eanfase nas Secretarias de Fazenda (Sefaz) das regi\u00f5es Sul e Sudeste \u2014, al\u00e9m da cobertura de concursos federais, como CNU, Petrobras, CGU, Receita Federal, ag\u00eancias reguladoras (Anvisa, ANAC, entre outras) e INSS. Mant\u00e9m contato direto com os principais \u00f3rg\u00e3os p\u00fablicos, acompanhando editais, atualiza\u00e7\u00f5es e movimenta\u00e7\u00f5es importantes para os candidatos.","sameAs":["https:\/\/www.linkedin.com\/in\/camila-pinheiro-leite-9ba135b6\/"],"url":"https:\/\/www.estrategiaconcursos.com.br\/blog\/author\/camila-leiteestrategiaconcursos-com-br\/"}]}},"_links":{"self":[{"href":"https:\/\/www.estrategiaconcursos.com.br\/blog\/wp-json\/wp\/v2\/posts\/828090","targetHints":{"allow":["GET"]}}],"collection":[{"href":"https:\/\/www.estrategiaconcursos.com.br\/blog\/wp-json\/wp\/v2\/posts"}],"about":[{"href":"https:\/\/www.estrategiaconcursos.com.br\/blog\/wp-json\/wp\/v2\/types\/post"}],"author":[{"embeddable":true,"href":"https:\/\/www.estrategiaconcursos.com.br\/blog\/wp-json\/wp\/v2\/users\/659"}],"replies":[{"embeddable":true,"href":"https:\/\/www.estrategiaconcursos.com.br\/blog\/wp-json\/wp\/v2\/comments?post=828090"}],"version-history":[{"count":5,"href":"https:\/\/www.estrategiaconcursos.com.br\/blog\/wp-json\/wp\/v2\/posts\/828090\/revisions"}],"predecessor-version":[{"id":828145,"href":"https:\/\/www.estrategiaconcursos.com.br\/blog\/wp-json\/wp\/v2\/posts\/828090\/revisions\/828145"}],"wp:featuredmedia":[{"embeddable":true,"href":"https:\/\/www.estrategiaconcursos.com.br\/blog\/wp-json\/wp\/v2\/media\/789236"}],"wp:attachment":[{"href":"https:\/\/www.estrategiaconcursos.com.br\/blog\/wp-json\/wp\/v2\/media?parent=828090"}],"wp:term":[{"taxonomy":"category","embeddable":true,"href":"https:\/\/www.estrategiaconcursos.com.br\/blog\/wp-json\/wp\/v2\/categories?post=828090"},{"taxonomy":"post_tag","embeddable":true,"href":"https:\/\/www.estrategiaconcursos.com.br\/blog\/wp-json\/wp\/v2\/tags?post=828090"},{"taxonomy":"tax_estado","embeddable":true,"href":"https:\/\/www.estrategiaconcursos.com.br\/blog\/wp-json\/wp\/v2\/tax_estado?post=828090"}],"curies":[{"name":"wp","href":"https:\/\/api.w.org\/{rel}","templated":true}]}}