{"id":827834,"date":"2021-08-03T16:00:00","date_gmt":"2021-08-03T19:00:00","guid":{"rendered":"https:\/\/www.estrategiaconcursos.com.br\/blog\/?p=827834"},"modified":"2021-08-03T17:37:20","modified_gmt":"2021-08-03T20:37:20","slug":"sefaz-mg-cargo-auditor","status":"publish","type":"post","link":"https:\/\/www.estrategiaconcursos.com.br\/blog\/sefaz-mg-cargo-auditor\/","title":{"rendered":"Sefaz MG: saiba tudo sobre o cargo de Auditor Fiscal"},"content":{"rendered":"\n<p>O concurso <strong>Sefaz MG<\/strong> est\u00e1 cada vez mais pr\u00f3ximo de acontecer! Isso porque, foi institu\u00eddo o Grupo de Trabalho respons\u00e1vel pelo acompanhamento e execu\u00e7\u00e3o do certame. Ao todo, <strong>seis servidores<\/strong> ser\u00e3o respons\u00e1veis pela contrata\u00e7\u00e3o da banca, acompanhamento dos prazos e verifica\u00e7\u00e3o do or\u00e7amento para que assim, efetivamente, o edital ser publicado. <\/p>\n\n\n\n<div class=\"wp-block-image\"><figure class=\"aligncenter size-large is-resized\"><img loading=\"lazy\" decoding=\"async\" src=\"https:\/\/dhg1h5j42swfq.cloudfront.net\/2021\/08\/03144347\/sefaz-mg-metodo-4-2-de-revisao.jpg\" alt=\"Edif\u00edcio Sefaz MG | Imagem: divulga\u00e7\u00e3o\n\nSefaz MG: saiba tudo sobre o cargo de Auditor Fiscal\" class=\"wp-image-827900\" width=\"591\" height=\"332\" srcset=\"https:\/\/dhg1h5j42swfq.cloudfront.net\/2021\/08\/03144347\/sefaz-mg-metodo-4-2-de-revisao.jpg 984w, https:\/\/dhg1h5j42swfq.cloudfront.net\/2021\/08\/03144347\/sefaz-mg-metodo-4-2-de-revisao-300x169.jpg 300w, https:\/\/dhg1h5j42swfq.cloudfront.net\/2021\/08\/03144347\/sefaz-mg-metodo-4-2-de-revisao-768x432.jpg 768w, https:\/\/dhg1h5j42swfq.cloudfront.net\/2021\/08\/03144347\/sefaz-mg-metodo-4-2-de-revisao-610x343.jpg 610w\" sizes=\"auto, (max-width: 591px) 100vw, 591px\" \/><figcaption>Edif\u00edcio Sefaz MG | Imagem: divulga\u00e7\u00e3o<\/figcaption><\/figure><\/div>\n\n\n\n<p>Inclusive, anteriormente, a Comiss\u00e3o de Finan\u00e7as (COFIN) da <a href=\"http:\/\/www.fazenda.mg.gov.br\/\" target=\"_blank\" rel=\"noreferrer noopener\">Sefaz MG<\/a>\u00a0concordou em\u00a0aprovar a realiza\u00e7\u00e3o\u00a0de um novo\u00a0certame\u00a0para AFRE com at\u00e9\u00a0<strong>317 vagas.<\/strong> Sendo necess\u00e1rio, antes, uma\u00a0adequa\u00e7\u00e3o \u00e0s regras da LRF. <\/p>\n\n\n\n<p>Com isso, as 317 vagas de Auditor Fiscal ser\u00e3o distribu\u00eddas entre as \u00e1reas de<strong> Tecnologia da Informa\u00e7\u00e3o, Tributa\u00e7\u00e3o <\/strong>e <strong>Auditoria. <\/strong>Contudo, ainda n\u00e3o se sabe a distribui\u00e7\u00e3o para cada \u00e1rea. Desta forma, saiba quais ser\u00e3o os requisitos, atribui\u00e7\u00f5es para a carreira em espec\u00edfico. <\/p>\n\n\n\n<h3 class=\"wp-block-heading\" id=\"h-sefaz-mg-auditor-fiscal\">Sefaz MG: Auditor Fiscal <\/h3>\n\n\n\n<h3 class=\"wp-block-heading\" id=\"h-requisitos\">Requisitos<\/h3>\n\n\n\n<p>O candidato dever\u00e1 atender, cumulativamente, para investidura no cargo, aos seguintes requisitos:<\/p>\n\n\n\n<ul class=\"wp-block-list\"><li><strong>a)<\/strong> Ter sido aprovado e classificado no certame;<\/li><li><strong>b)<\/strong> Ter nacionalidade brasileira ou, no caso de nacionalidade portuguesa, estar amparado pelo estatuto de igualdade entre brasileiros e portugueses, com reconhecimento do gozo dos direitos pol\u00edticos, nos termos do par\u00e1grafo 1\u00ba do art. 12 da Constitui\u00e7\u00e3o da Rep\u00fablica Federativa do Brasil e na forma do disposto no art. 13 do Decreto n\u00ba 70.436, de 18 de abril de 1972;<\/li><li><strong>c) <\/strong>Ter idade m\u00ednima de 18 anos completos;<\/li><li><strong>d)<\/strong> Estar em gozo dos direitos pol\u00edticos;<\/li><li><strong>e)<\/strong> Estar quite com as obriga\u00e7\u00f5es militares e eleitorais;<\/li><li><strong>f)<\/strong> Firmar declara\u00e7\u00e3o de n\u00e3o estar cumprindo san\u00e7\u00e3o por inidoneidade, aplicada por qualquer \u00f3rg\u00e3o p\u00fablico ou entidade da esfera federal, estadual ou municipal;<\/li><li><strong>g) <\/strong>N\u00e3o possuir antecedentes criminais ou civis incompat\u00edveis com o ingresso na carreira;<\/li><li><strong>h)<\/strong> Ter aptid\u00e3o f\u00edsica e mental para o exerc\u00edcio das atribui\u00e7\u00f5es do cargo, a ser aferida em per\u00edcia m\u00e9dica oficial, realizada por unidade pericial competente, nos termos da legisla\u00e7\u00e3o em vigor;<\/li><li><strong>i) <\/strong>N\u00e3o ter sido demitido a bem do servi\u00e7o p\u00fablico, conforme art. 250 da Lei n\u00ba 869\/52;<\/li><li><strong>j)<\/strong> Apresentar declara\u00e7\u00e3o de n\u00e3o-acumula\u00e7\u00e3o de cargos;<\/li><li><strong>k)<\/strong> Apresentar certid\u00f5es negativas de antecedentes da Pol\u00edcia Federal e da Pol\u00edcia Civil do Estado onde<\/li><li>residiu nos \u00faltimos 5 anos.<\/li><li><strong>l)<\/strong> Apresentar certid\u00f5es negativas de d\u00e9bitos fiscais (Federal, Estadual e Municipal);<\/li><li><strong>m)<\/strong> Apresentar declara\u00e7\u00e3o de bens com dados at\u00e9 a data da posse;<\/li><li><strong>n)<\/strong> Apresentar outros documentos que se fizerem necess\u00e1rios, \u00e0 \u00e9poca da posse, se solicitados pela Secretaria de Estado de Fazenda.<\/li><\/ul>\n\n\n\n<h3 class=\"wp-block-heading\" id=\"h-atribui-es\">Atribui\u00e7\u00f5es<\/h3>\n\n\n\n<ul class=\"wp-block-list\"><li><strong>a)<\/strong> Constituir, mediante lan\u00e7amento, o cr\u00e9dito tribut\u00e1rio, aplicar penalidades e arrecadar tributos;<\/li><li><strong>b)<\/strong> Executar procedimentos fiscais objetivando verificar o cumprimento das obriga\u00e7\u00f5es tribut\u00e1rias pelo sujeito passivo, praticando todos os atos definidos na legisla\u00e7\u00e3o espec\u00edfica, inclu\u00eddos os relativos \u00e0 apreens\u00e3o de mercadorias, livros, documentos e arquivos e meios eletr\u00f4nicos ou quaisquer outros bens e coisas m\u00f3veis necess\u00e1rias a comprova\u00e7\u00e3o de infra\u00e7\u00e3o \u00e0 legisla\u00e7\u00e3o tribut\u00e1ria;<\/li><li><strong>c) <\/strong>Exercer controle sobre atividades dos contribuintes inscritos ou n\u00e3o no cadastro de contribuinte e no cadastro de produtor rural da SEF;<\/li><li><strong>d)<\/strong> Elaborar pareceres que envolvam mat\u00e9rias relacionadas \u00e0 fiscaliza\u00e7\u00e3o;<\/li><li><strong>e)<\/strong> Proceder \u00e0 orienta\u00e7\u00e3o do contribuinte no tocante aos aspectos fiscais;<\/li><li><strong>f)<\/strong> Atuar em per\u00edcias fiscais;<\/li><li><strong>g)<\/strong> Atuar no Conselho de Contribuintes na condi\u00e7\u00e3o de conselheiro indicado pela SEF;<\/li><li><strong>h)<\/strong> Executar os procedimentos de forma\u00e7\u00e3o e instru\u00e7\u00e3o de auto de not\u00edcia-crime;<\/li><li><strong>i)<\/strong> Exercer a fiscaliza\u00e7\u00e3o de outros tributos que n\u00e3o os institu\u00eddos pelo Estado cuja compet\u00eancia lhe seja delegada por ente tribut\u00e1rio, mediante conv\u00eanio.<\/li><\/ul>\n\n\n\n<h3 class=\"wp-block-heading\" id=\"h-sal-rio-b-sico\">Sal\u00e1rio b\u00e1sico<\/h3>\n\n\n\n<p>Segundo a Lei 20748 de 25\/06\/2013, confira abaixo a tabela de sal\u00e1rio b\u00e1sico da carreira de Auditor Fiscal da Receita Estadual \u2013 AFRE, cuja carga hor\u00e1ria \u00e9 de 40 horas semanais.<\/p>\n\n\n\n<figure class=\"wp-block-table is-style-stripes\"><table class=\"has-subtle-pale-blue-background-color has-background\"><thead><tr><th class=\"has-text-align-center\" data-align=\"center\">N\u00cdVEL\/<strong>GRAU<\/strong><\/th><th class=\"has-text-align-center\" data-align=\"center\">A<\/th><th class=\"has-text-align-center\" data-align=\"center\">B<\/th><th class=\"has-text-align-center\" data-align=\"center\">C<\/th><th class=\"has-text-align-center\" data-align=\"center\">D<\/th><th class=\"has-text-align-center\" data-align=\"center\">E<\/th><\/tr><\/thead><tbody><tr><td class=\"has-text-align-center\" data-align=\"center\"><strong>I<\/strong><\/td><td class=\"has-text-align-center\" data-align=\"center\">R$ 5.189,31<\/td><td class=\"has-text-align-center\" data-align=\"center\">R$ 5.344,99<\/td><td class=\"has-text-align-center\" data-align=\"center\">R$ 5.505,34<\/td><td class=\"has-text-align-center\" data-align=\"center\">R$ 5.670,50<\/td><td class=\"has-text-align-center\" data-align=\"center\">R$ 5.840,62<\/td><\/tr><tr><td class=\"has-text-align-center\" data-align=\"center\"><strong>II<\/strong><\/td><td class=\"has-text-align-center\" data-align=\"center\">R$ 6.486,64<\/td><td class=\"has-text-align-center\" data-align=\"center\">R$ 6.746,10<\/td><td class=\"has-text-align-center\" data-align=\"center\">R$ 7.015,94<\/td><td class=\"has-text-align-center\" data-align=\"center\">R$ 7.296,58<\/td><td class=\"has-text-align-center\" data-align=\"center\">R$ 7.588,44<\/td><\/tr><\/tbody><\/table><\/figure>\n\n\n\n<figure class=\"wp-block-table is-style-stripes\"><table class=\"has-subtle-pale-blue-background-color has-background\"><thead><tr><th class=\"has-text-align-center\" data-align=\"center\">N\u00cdVEL\/<strong>GRAU<\/strong><\/th><th class=\"has-text-align-center\" data-align=\"center\">F<\/th><th class=\"has-text-align-center\" data-align=\"center\">G<\/th><th class=\"has-text-align-center\" data-align=\"center\">H<\/th><th class=\"has-text-align-center\" data-align=\"center\">I<\/th><th class=\"has-text-align-center\" data-align=\"center\">J<\/th><\/tr><\/thead><tbody><tr><td class=\"has-text-align-center\" data-align=\"center\"><strong>I<\/strong><\/td><td class=\"has-text-align-center\" data-align=\"center\">R$ 6.015,83<\/td><td class=\"has-text-align-center\" data-align=\"center\">R$ 6.196,30<\/td><td class=\"has-text-align-center\" data-align=\"center\">R$ 6.382,19<\/td><td class=\"has-text-align-center\" data-align=\"center\">R$ 6.573,66<\/td><td class=\"has-text-align-center\" data-align=\"center\">R$ 6.770,87<\/td><\/tr><tr><td class=\"has-text-align-center\" data-align=\"center\"><strong>II<\/strong><\/td><td class=\"has-text-align-center\" data-align=\"center\">R$ 7.891,98<\/td><td class=\"has-text-align-center\" data-align=\"center\">R$ 8.207,66<\/td><td class=\"has-text-align-center\" data-align=\"center\">R$ 8.535,97<\/td><td class=\"has-text-align-center\" data-align=\"center\">R$ 8.877,41<\/td><td class=\"has-text-align-center\" data-align=\"center\">R$ 9.232,51<\/td><\/tr><\/tbody><\/table><\/figure>\n\n\n\n<p>Em 2005, aconteceu o \u00faltimo concurso Sefaz MG para os cargos de Auditor Fiscal da Receita Estadual e Gestor Fazend\u00e1rio. Ao todo, foram ofertadas 500 vagas, sendo 100 para Auditor e 400 para Gestor.<\/p>\n\n\n\n<p class=\"has-text-align-center\"><em>Para mais detalhes do concurso Sefaz MG, cujo artigo especifica os detalhes sobre o cargo de Auditor Fiscal, acesse o link abaixo:<\/em><\/p>\n\n\n\n<p class=\"has-text-align-center has-luminous-vivid-amber-background-color has-background has-medium-font-size\"><strong>Saiba mais: <a href=\"https:\/\/www.estrategiaconcursos.com.br\/blog\/concurso-sefaz-mg\/\" target=\"_blank\" rel=\"noreferrer noopener\">Concurso Sefaz MG<\/a><\/strong><\/p>\n\n\n\n<hr class=\"wp-block-separator\"\/>\n\n\n\n<h2 class=\"has-text-align-center wp-block-heading\" id=\"cursos-assinatura\"><em>Quer estudar para o concurso Sefaz MG?<\/em><\/h2>\n\n\n\n<div class=\"container\" id=\"boxes\">\n  <div class=\"row\">\n\n    <div class=\"col-sm\">\n      <div class=\"banner-fiscal-01\" id=\"box-assinatura\">\n        <h3 class=\"titulo-assinatura\">Concurso Sefaz MG<\/h3>\n        <p class=\"subtitulo-assinatura\">Estude conosco<\/p>\n        <div class=\"box-botao\">\n          <a class=\"btn-assinatura\" target=\"_blank\" href=\"https:\/\/www.estrategiaconcursos.com.br\/cursosPorConcurso\/secretaria-da-fazenda-do-estado-de-minas-gerais-sefaz-mg\/\" role=\"button\" rel=\"noopener noreferrer\">Conhe\u00e7a os cursos<\/a>\n        <\/div>\n      <\/div>\n      \n    <\/div>\n\n  <\/div>\n<\/div>\n\n\n\n<div class=\"container\" id=\"boxes\">\n  <div class=\"row\">\n\n    <div class=\"col-sm\">\n      <div class=\"estrategia\" id=\"box-assinatura\">\n        <h3 class=\"titulo-assinatura\">Assinatura Concursos<\/h3>\n        <p class=\"subtitulo-assinatura\">Assinatura de 1 ano ou 2 anos<\/p>\n        <div class=\"box-botao\">\n          <a class=\"btn-assinatura\" target=\"_blank\" href=\"https:\/\/www.estrategiaconcursos.com.br\/assinaturas\/\" role=\"button\" rel=\"noopener noreferrer\">ASSINE AGORA<\/a>\n        <\/div>\n      <\/div><\/div><\/div><\/div>\n\n\n\n<div class=\"container\" id=\"boxes\">\n  <div class=\"row\">\n\n    <div class=\"col-sm\" id=\"boxes-concursos\">\n      <div style=\"background-color: #005DAD;\" class=\"conteudo-concursos\" id=\"box-concursos\">\n        <h3 class=\"titulo-assinatura\">Concursos Abertos<\/h3>\n        <p class=\"subtitulo-assinatura\">Confira os editais publicados<\/p>\n        <div class=\"box-botao\">\n          <a class=\"btn-assinatura\" target=\"_blank\" href=\"https:\/\/www.estrategiaconcursos.com.br\/blog\/concursos-abertos\/\" role=\"button\" rel=\"noopener noreferrer\">Conhe\u00e7a Agora<\/a>\n        <\/div>\n      <\/div>\n    <\/div>\n\n    <div class=\"col-sm\" id=\"boxes-concursos\">\n      <div style=\"background-color: #1A7ED5;\" class=\"conteudo-concursos\" id=\"box-concursos\">\n        <h3 class=\"titulo-assinatura\">Concursos 2021<\/h3>\n        <p class=\"subtitulo-assinatura\">As oportunidades previstas<\/p>\n        <div class=\"box-botao\">\n          <a class=\"btn-assinatura\" target=\"_blank\" href=\"https:\/\/www.estrategiaconcursos.com.br\/blog\/concursos-2021\/\" role=\"button\" rel=\"noopener noreferrer\">Conhe\u00e7a Agora<\/a>\n        <\/div>\n      <\/div>\n    <\/div>\n\n    <div class=\"col-sm\" id=\"boxes-concursos\">\n      <div style=\"background-color: #419FF0;\" class=\"conteudo-concursos\" id=\"box-concursos\">\n        <h3 class=\"titulo-assinatura\">Concursos 2022<\/h3>\n        <p class=\"subtitulo-assinatura\">Vagas para o pr\u00f3ximo ano<\/p>\n        <div class=\"box-botao\">\n          <a class=\"btn-assinatura\" target=\"_blank\" href=\"https:\/\/www.estrategiaconcursos.com.br\/blog\/concursos-2022\/\" role=\"button\" rel=\"noopener noreferrer\">Conhe\u00e7a Agora<\/a>\n        <\/div>\n      <\/div>\n    <\/div>\n\n  <\/div>\n<\/div>\n","protected":false},"excerpt":{"rendered":"<p>O concurso Sefaz MG est\u00e1 cada vez mais pr\u00f3ximo de acontecer! Isso porque, foi institu\u00eddo o Grupo de Trabalho respons\u00e1vel pelo acompanhamento e execu\u00e7\u00e3o do certame. Ao todo, seis servidores ser\u00e3o respons\u00e1veis pela contrata\u00e7\u00e3o da banca, acompanhamento dos prazos e verifica\u00e7\u00e3o do or\u00e7amento para que assim, efetivamente, o edital ser publicado. Inclusive, anteriormente, a Comiss\u00e3o [&hellip;]<\/p>\n","protected":false},"author":2018,"featured_media":729633,"comment_status":"open","ping_status":"closed","sticky":false,"template":"","format":"standard","meta":{"post_tipo":"news","footnotes":""},"categories":[1983,220219],"tags":[],"tax_estado":[219974],"class_list":["post-827834","post","type-post","status-publish","format-standard","has-post-thumbnail","hentry","category-fiscal-estadual","category-noticias","tax_estado-mg"],"acf":[],"yoast_head":"<!-- This site is optimized with the Yoast SEO Premium plugin v27.2 (Yoast SEO v27.2) - https:\/\/yoast.com\/product\/yoast-seo-premium-wordpress\/ -->\n<title>Sefaz MG: saiba tudo sobre o cargo de Auditor Fiscal<\/title>\n<meta name=\"description\" content=\"Concurso Sefaz MG: conhe\u00e7a os requisitos, atribui\u00e7\u00f5es e todos os detalhes sobre a carreira de Auditor Fiscal no site do Estrat\u00e9gia!\" \/>\n<meta name=\"robots\" content=\"index, follow, max-snippet:-1, max-image-preview:large, max-video-preview:-1\" \/>\n<link rel=\"canonical\" href=\"https:\/\/www.estrategiaconcursos.com.br\/blog\/sefaz-mg-cargo-auditor\/\" \/>\n<meta property=\"og:locale\" content=\"pt_BR\" \/>\n<meta property=\"og:type\" content=\"article\" \/>\n<meta property=\"og:title\" content=\"Sefaz MG: saiba tudo sobre o cargo de Auditor Fiscal\" \/>\n<meta property=\"og:description\" content=\"Concurso Sefaz MG: conhe\u00e7a os requisitos, atribui\u00e7\u00f5es e todos os detalhes sobre a carreira de Auditor Fiscal no site do Estrat\u00e9gia!\" \/>\n<meta property=\"og:url\" content=\"https:\/\/www.estrategiaconcursos.com.br\/blog\/sefaz-mg-cargo-auditor\/\" \/>\n<meta property=\"og:site_name\" content=\"Estrat\u00e9gia Concursos\" \/>\n<meta property=\"article:published_time\" content=\"2021-08-03T19:00:00+00:00\" \/>\n<meta property=\"article:modified_time\" content=\"2021-08-03T20:37:20+00:00\" \/>\n<meta property=\"og:image\" content=\"https:\/\/dhg1h5j42swfq.cloudfront.net\/2021\/04\/03110217\/sefaz-mg.jpg\" \/>\n\t<meta property=\"og:image:width\" content=\"768\" \/>\n\t<meta property=\"og:image:height\" content=\"432\" \/>\n\t<meta property=\"og:image:type\" content=\"image\/jpeg\" \/>\n<meta name=\"author\" content=\"B\u00e1rbara Carvalho Santos\" \/>\n<meta name=\"twitter:card\" content=\"summary_large_image\" \/>\n<meta name=\"twitter:creator\" content=\"@EstratConcursos\" \/>\n<meta name=\"twitter:site\" content=\"@EstratConcursos\" \/>\n<meta name=\"twitter:label1\" content=\"Escrito por\" \/>\n\t<meta name=\"twitter:data1\" content=\"B\u00e1rbara Carvalho Santos\" \/>\n\t<meta name=\"twitter:label2\" content=\"Est. tempo de leitura\" \/>\n\t<meta name=\"twitter:data2\" content=\"4 minutos\" \/>\n<script type=\"application\/ld+json\" class=\"yoast-schema-graph\">{\"@context\":\"https:\/\/schema.org\",\"@graph\":[{\"@type\":\"NewsArticle\",\"@id\":\"https:\/\/www.estrategiaconcursos.com.br\/blog\/sefaz-mg-cargo-auditor\/#article\",\"isPartOf\":{\"@id\":\"https:\/\/www.estrategiaconcursos.com.br\/blog\/sefaz-mg-cargo-auditor\/\"},\"author\":{\"name\":\"B\u00e1rbara Carvalho Santos\",\"@id\":\"https:\/\/www.estrategiaconcursos.com.br\/blog\/#\/schema\/person\/e3882259fa157d54c44c21f4ee4e0e60\"},\"headline\":\"Sefaz MG: saiba tudo sobre o cargo de Auditor Fiscal\",\"datePublished\":\"2021-08-03T19:00:00+00:00\",\"dateModified\":\"2021-08-03T20:37:20+00:00\",\"mainEntityOfPage\":{\"@id\":\"https:\/\/www.estrategiaconcursos.com.br\/blog\/sefaz-mg-cargo-auditor\/\"},\"wordCount\":822,\"commentCount\":0,\"publisher\":{\"@id\":\"https:\/\/www.estrategiaconcursos.com.br\/blog\/#organization\"},\"image\":{\"@id\":\"https:\/\/www.estrategiaconcursos.com.br\/blog\/sefaz-mg-cargo-auditor\/#primaryimage\"},\"thumbnailUrl\":\"https:\/\/dhg1h5j42swfq.cloudfront.net\/2021\/04\/03110217\/sefaz-mg.jpg\",\"articleSection\":[\"Fiscal - Estadual (ICMS)\",\"\u00daltimas not\u00edcias\"],\"inLanguage\":\"pt-BR\",\"potentialAction\":[{\"@type\":\"CommentAction\",\"name\":\"Comment\",\"target\":[\"https:\/\/www.estrategiaconcursos.com.br\/blog\/sefaz-mg-cargo-auditor\/#respond\"]}],\"copyrightYear\":\"2021\",\"copyrightHolder\":{\"@id\":\"https:\/\/www.estrategiaconcursos.com.br\/blog\/#organization\"}},{\"@type\":\"WebPage\",\"@id\":\"https:\/\/www.estrategiaconcursos.com.br\/blog\/sefaz-mg-cargo-auditor\/\",\"url\":\"https:\/\/www.estrategiaconcursos.com.br\/blog\/sefaz-mg-cargo-auditor\/\",\"name\":\"Sefaz MG: saiba tudo sobre o cargo de Auditor Fiscal\",\"isPartOf\":{\"@id\":\"https:\/\/www.estrategiaconcursos.com.br\/blog\/#website\"},\"primaryImageOfPage\":{\"@id\":\"https:\/\/www.estrategiaconcursos.com.br\/blog\/sefaz-mg-cargo-auditor\/#primaryimage\"},\"image\":{\"@id\":\"https:\/\/www.estrategiaconcursos.com.br\/blog\/sefaz-mg-cargo-auditor\/#primaryimage\"},\"thumbnailUrl\":\"https:\/\/dhg1h5j42swfq.cloudfront.net\/2021\/04\/03110217\/sefaz-mg.jpg\",\"datePublished\":\"2021-08-03T19:00:00+00:00\",\"dateModified\":\"2021-08-03T20:37:20+00:00\",\"description\":\"Concurso Sefaz MG: conhe\u00e7a os requisitos, atribui\u00e7\u00f5es e todos os detalhes sobre a carreira de Auditor Fiscal no site do Estrat\u00e9gia!\",\"breadcrumb\":{\"@id\":\"https:\/\/www.estrategiaconcursos.com.br\/blog\/sefaz-mg-cargo-auditor\/#breadcrumb\"},\"inLanguage\":\"pt-BR\",\"potentialAction\":[{\"@type\":\"ReadAction\",\"target\":[\"https:\/\/www.estrategiaconcursos.com.br\/blog\/sefaz-mg-cargo-auditor\/\"]}]},{\"@type\":\"ImageObject\",\"inLanguage\":\"pt-BR\",\"@id\":\"https:\/\/www.estrategiaconcursos.com.br\/blog\/sefaz-mg-cargo-auditor\/#primaryimage\",\"url\":\"https:\/\/dhg1h5j42swfq.cloudfront.net\/2021\/04\/03110217\/sefaz-mg.jpg\",\"contentUrl\":\"https:\/\/dhg1h5j42swfq.cloudfront.net\/2021\/04\/03110217\/sefaz-mg.jpg\",\"width\":768,\"height\":432,\"caption\":\"SEFAZ MG: Resumo da Incid\u00eancia do ICMS no Decreto (RICMS)\"},{\"@type\":\"BreadcrumbList\",\"@id\":\"https:\/\/www.estrategiaconcursos.com.br\/blog\/sefaz-mg-cargo-auditor\/#breadcrumb\",\"itemListElement\":[{\"@type\":\"ListItem\",\"position\":1,\"name\":\"In\u00edcio\",\"item\":\"https:\/\/www.estrategiaconcursos.com.br\/blog\/\"},{\"@type\":\"ListItem\",\"position\":2,\"name\":\"Sefaz MG: saiba tudo sobre o cargo de Auditor Fiscal\"}]},{\"@type\":\"WebSite\",\"@id\":\"https:\/\/www.estrategiaconcursos.com.br\/blog\/#website\",\"url\":\"https:\/\/www.estrategiaconcursos.com.br\/blog\/\",\"name\":\"Estrat\u00e9gia Concursos\",\"description\":\"O blog da Estrat\u00e9gia Concursos traz not\u00edcias sobre concursos e artigos de professores oferecendo cursos para concursos (pdf + videaulas) no site.\",\"publisher\":{\"@id\":\"https:\/\/www.estrategiaconcursos.com.br\/blog\/#organization\"},\"potentialAction\":[{\"@type\":\"SearchAction\",\"target\":{\"@type\":\"EntryPoint\",\"urlTemplate\":\"https:\/\/www.estrategiaconcursos.com.br\/blog\/?s={search_term_string}\"},\"query-input\":{\"@type\":\"PropertyValueSpecification\",\"valueRequired\":true,\"valueName\":\"search_term_string\"}}],\"inLanguage\":\"pt-BR\"},{\"@type\":\"Organization\",\"@id\":\"https:\/\/www.estrategiaconcursos.com.br\/blog\/#organization\",\"name\":\"Estrat\u00e9gia Concursos\",\"url\":\"https:\/\/www.estrategiaconcursos.com.br\/blog\/\",\"logo\":{\"@type\":\"ImageObject\",\"inLanguage\":\"pt-BR\",\"@id\":\"https:\/\/www.estrategiaconcursos.com.br\/blog\/#\/schema\/logo\/image\/\",\"url\":\"https:\/\/dhg1h5j42swfq.cloudfront.net\/2025\/06\/03203428\/logo_concursos-1.jpg\",\"contentUrl\":\"https:\/\/dhg1h5j42swfq.cloudfront.net\/2025\/06\/03203428\/logo_concursos-1.jpg\",\"width\":230,\"height\":60,\"caption\":\"Estrat\u00e9gia Concursos\"},\"image\":{\"@id\":\"https:\/\/www.estrategiaconcursos.com.br\/blog\/#\/schema\/logo\/image\/\"},\"sameAs\":[\"https:\/\/x.com\/EstratConcursos\"]},{\"@type\":\"Person\",\"@id\":\"https:\/\/www.estrategiaconcursos.com.br\/blog\/#\/schema\/person\/e3882259fa157d54c44c21f4ee4e0e60\",\"name\":\"B\u00e1rbara Carvalho Santos\",\"image\":{\"@type\":\"ImageObject\",\"inLanguage\":\"pt-BR\",\"@id\":\"https:\/\/secure.gravatar.com\/avatar\/353300f73140f779692b9be2b39f434d1341e4e34c7f55bd5a990fe29ef352eb?s=96&d=mm&r=g\",\"url\":\"https:\/\/secure.gravatar.com\/avatar\/353300f73140f779692b9be2b39f434d1341e4e34c7f55bd5a990fe29ef352eb?s=96&d=mm&r=g\",\"contentUrl\":\"https:\/\/secure.gravatar.com\/avatar\/353300f73140f779692b9be2b39f434d1341e4e34c7f55bd5a990fe29ef352eb?s=96&d=mm&r=g\",\"caption\":\"B\u00e1rbara Carvalho Santos\"},\"description\":\"M\u00e3e e jornalista formada pela UNIP, possui ampla experi\u00eancia na cobertura de entretenimento em grandes ve\u00edculos, como o site da CNN, RedeTV! e Estrat\u00e9gia Educacional. Atuou tamb\u00e9m em ag\u00eancias de marketing, produtoras musicais e assessorias de imprensa, com foco especial no trabalho com personalidades p\u00fablicas. Atualmente, integra a equipe do Estrat\u00e9gia Concursos, onde \u00e9 respons\u00e1vel pela produ\u00e7\u00e3o de conte\u00fados estrat\u00e9gicos voltados para o setor de concursos p\u00fablicos, com destaque para a \u00e1rea fiscal, gest\u00e3o, controle, concursos administrativos e Minist\u00e9rios participantes do CNU, al\u00e9m de diversos \u00f3rg\u00e3os federais. Tem como miss\u00e3o transformar informa\u00e7\u00f5es complexas em conte\u00fados acess\u00edveis, relevantes e de alto valor para quem sonha com uma carreira no servi\u00e7o p\u00fablico.\",\"url\":\"https:\/\/www.estrategiaconcursos.com.br\/blog\/author\/barbara-santos\/\"}]}<\/script>\n<!-- \/ Yoast SEO Premium plugin. -->","yoast_head_json":{"title":"Sefaz MG: saiba tudo sobre o cargo de Auditor Fiscal","description":"Concurso Sefaz MG: conhe\u00e7a os requisitos, atribui\u00e7\u00f5es e todos os detalhes sobre a carreira de Auditor Fiscal no site do Estrat\u00e9gia!","robots":{"index":"index","follow":"follow","max-snippet":"max-snippet:-1","max-image-preview":"max-image-preview:large","max-video-preview":"max-video-preview:-1"},"canonical":"https:\/\/www.estrategiaconcursos.com.br\/blog\/sefaz-mg-cargo-auditor\/","og_locale":"pt_BR","og_type":"article","og_title":"Sefaz MG: saiba tudo sobre o cargo de Auditor Fiscal","og_description":"Concurso Sefaz MG: conhe\u00e7a os requisitos, atribui\u00e7\u00f5es e todos os detalhes sobre a carreira de Auditor Fiscal no site do Estrat\u00e9gia!","og_url":"https:\/\/www.estrategiaconcursos.com.br\/blog\/sefaz-mg-cargo-auditor\/","og_site_name":"Estrat\u00e9gia Concursos","article_published_time":"2021-08-03T19:00:00+00:00","article_modified_time":"2021-08-03T20:37:20+00:00","og_image":[{"width":768,"height":432,"url":"https:\/\/dhg1h5j42swfq.cloudfront.net\/2021\/04\/03110217\/sefaz-mg.jpg","type":"image\/jpeg"}],"author":"B\u00e1rbara Carvalho Santos","twitter_card":"summary_large_image","twitter_creator":"@EstratConcursos","twitter_site":"@EstratConcursos","twitter_misc":{"Escrito por":"B\u00e1rbara Carvalho Santos","Est. tempo de leitura":"4 minutos"},"schema":{"@context":"https:\/\/schema.org","@graph":[{"@type":"NewsArticle","@id":"https:\/\/www.estrategiaconcursos.com.br\/blog\/sefaz-mg-cargo-auditor\/#article","isPartOf":{"@id":"https:\/\/www.estrategiaconcursos.com.br\/blog\/sefaz-mg-cargo-auditor\/"},"author":{"name":"B\u00e1rbara Carvalho Santos","@id":"https:\/\/www.estrategiaconcursos.com.br\/blog\/#\/schema\/person\/e3882259fa157d54c44c21f4ee4e0e60"},"headline":"Sefaz MG: saiba tudo sobre o cargo de Auditor Fiscal","datePublished":"2021-08-03T19:00:00+00:00","dateModified":"2021-08-03T20:37:20+00:00","mainEntityOfPage":{"@id":"https:\/\/www.estrategiaconcursos.com.br\/blog\/sefaz-mg-cargo-auditor\/"},"wordCount":822,"commentCount":0,"publisher":{"@id":"https:\/\/www.estrategiaconcursos.com.br\/blog\/#organization"},"image":{"@id":"https:\/\/www.estrategiaconcursos.com.br\/blog\/sefaz-mg-cargo-auditor\/#primaryimage"},"thumbnailUrl":"https:\/\/dhg1h5j42swfq.cloudfront.net\/2021\/04\/03110217\/sefaz-mg.jpg","articleSection":["Fiscal - Estadual (ICMS)","\u00daltimas not\u00edcias"],"inLanguage":"pt-BR","potentialAction":[{"@type":"CommentAction","name":"Comment","target":["https:\/\/www.estrategiaconcursos.com.br\/blog\/sefaz-mg-cargo-auditor\/#respond"]}],"copyrightYear":"2021","copyrightHolder":{"@id":"https:\/\/www.estrategiaconcursos.com.br\/blog\/#organization"}},{"@type":"WebPage","@id":"https:\/\/www.estrategiaconcursos.com.br\/blog\/sefaz-mg-cargo-auditor\/","url":"https:\/\/www.estrategiaconcursos.com.br\/blog\/sefaz-mg-cargo-auditor\/","name":"Sefaz MG: saiba tudo sobre o cargo de Auditor Fiscal","isPartOf":{"@id":"https:\/\/www.estrategiaconcursos.com.br\/blog\/#website"},"primaryImageOfPage":{"@id":"https:\/\/www.estrategiaconcursos.com.br\/blog\/sefaz-mg-cargo-auditor\/#primaryimage"},"image":{"@id":"https:\/\/www.estrategiaconcursos.com.br\/blog\/sefaz-mg-cargo-auditor\/#primaryimage"},"thumbnailUrl":"https:\/\/dhg1h5j42swfq.cloudfront.net\/2021\/04\/03110217\/sefaz-mg.jpg","datePublished":"2021-08-03T19:00:00+00:00","dateModified":"2021-08-03T20:37:20+00:00","description":"Concurso Sefaz MG: conhe\u00e7a os requisitos, atribui\u00e7\u00f5es e todos os detalhes sobre a carreira de Auditor Fiscal no site do Estrat\u00e9gia!","breadcrumb":{"@id":"https:\/\/www.estrategiaconcursos.com.br\/blog\/sefaz-mg-cargo-auditor\/#breadcrumb"},"inLanguage":"pt-BR","potentialAction":[{"@type":"ReadAction","target":["https:\/\/www.estrategiaconcursos.com.br\/blog\/sefaz-mg-cargo-auditor\/"]}]},{"@type":"ImageObject","inLanguage":"pt-BR","@id":"https:\/\/www.estrategiaconcursos.com.br\/blog\/sefaz-mg-cargo-auditor\/#primaryimage","url":"https:\/\/dhg1h5j42swfq.cloudfront.net\/2021\/04\/03110217\/sefaz-mg.jpg","contentUrl":"https:\/\/dhg1h5j42swfq.cloudfront.net\/2021\/04\/03110217\/sefaz-mg.jpg","width":768,"height":432,"caption":"SEFAZ MG: Resumo da Incid\u00eancia do ICMS no Decreto (RICMS)"},{"@type":"BreadcrumbList","@id":"https:\/\/www.estrategiaconcursos.com.br\/blog\/sefaz-mg-cargo-auditor\/#breadcrumb","itemListElement":[{"@type":"ListItem","position":1,"name":"In\u00edcio","item":"https:\/\/www.estrategiaconcursos.com.br\/blog\/"},{"@type":"ListItem","position":2,"name":"Sefaz MG: saiba tudo sobre o cargo de Auditor Fiscal"}]},{"@type":"WebSite","@id":"https:\/\/www.estrategiaconcursos.com.br\/blog\/#website","url":"https:\/\/www.estrategiaconcursos.com.br\/blog\/","name":"Estrat\u00e9gia Concursos","description":"O blog da Estrat\u00e9gia Concursos traz not\u00edcias sobre concursos e artigos de professores oferecendo cursos para concursos (pdf + videaulas) no site.","publisher":{"@id":"https:\/\/www.estrategiaconcursos.com.br\/blog\/#organization"},"potentialAction":[{"@type":"SearchAction","target":{"@type":"EntryPoint","urlTemplate":"https:\/\/www.estrategiaconcursos.com.br\/blog\/?s={search_term_string}"},"query-input":{"@type":"PropertyValueSpecification","valueRequired":true,"valueName":"search_term_string"}}],"inLanguage":"pt-BR"},{"@type":"Organization","@id":"https:\/\/www.estrategiaconcursos.com.br\/blog\/#organization","name":"Estrat\u00e9gia Concursos","url":"https:\/\/www.estrategiaconcursos.com.br\/blog\/","logo":{"@type":"ImageObject","inLanguage":"pt-BR","@id":"https:\/\/www.estrategiaconcursos.com.br\/blog\/#\/schema\/logo\/image\/","url":"https:\/\/dhg1h5j42swfq.cloudfront.net\/2025\/06\/03203428\/logo_concursos-1.jpg","contentUrl":"https:\/\/dhg1h5j42swfq.cloudfront.net\/2025\/06\/03203428\/logo_concursos-1.jpg","width":230,"height":60,"caption":"Estrat\u00e9gia Concursos"},"image":{"@id":"https:\/\/www.estrategiaconcursos.com.br\/blog\/#\/schema\/logo\/image\/"},"sameAs":["https:\/\/x.com\/EstratConcursos"]},{"@type":"Person","@id":"https:\/\/www.estrategiaconcursos.com.br\/blog\/#\/schema\/person\/e3882259fa157d54c44c21f4ee4e0e60","name":"B\u00e1rbara Carvalho Santos","image":{"@type":"ImageObject","inLanguage":"pt-BR","@id":"https:\/\/secure.gravatar.com\/avatar\/353300f73140f779692b9be2b39f434d1341e4e34c7f55bd5a990fe29ef352eb?s=96&d=mm&r=g","url":"https:\/\/secure.gravatar.com\/avatar\/353300f73140f779692b9be2b39f434d1341e4e34c7f55bd5a990fe29ef352eb?s=96&d=mm&r=g","contentUrl":"https:\/\/secure.gravatar.com\/avatar\/353300f73140f779692b9be2b39f434d1341e4e34c7f55bd5a990fe29ef352eb?s=96&d=mm&r=g","caption":"B\u00e1rbara Carvalho Santos"},"description":"M\u00e3e e jornalista formada pela UNIP, possui ampla experi\u00eancia na cobertura de entretenimento em grandes ve\u00edculos, como o site da CNN, RedeTV! e Estrat\u00e9gia Educacional. Atuou tamb\u00e9m em ag\u00eancias de marketing, produtoras musicais e assessorias de imprensa, com foco especial no trabalho com personalidades p\u00fablicas. Atualmente, integra a equipe do Estrat\u00e9gia Concursos, onde \u00e9 respons\u00e1vel pela produ\u00e7\u00e3o de conte\u00fados estrat\u00e9gicos voltados para o setor de concursos p\u00fablicos, com destaque para a \u00e1rea fiscal, gest\u00e3o, controle, concursos administrativos e Minist\u00e9rios participantes do CNU, al\u00e9m de diversos \u00f3rg\u00e3os federais. Tem como miss\u00e3o transformar informa\u00e7\u00f5es complexas em conte\u00fados acess\u00edveis, relevantes e de alto valor para quem sonha com uma carreira no servi\u00e7o p\u00fablico.","url":"https:\/\/www.estrategiaconcursos.com.br\/blog\/author\/barbara-santos\/"}]}},"_links":{"self":[{"href":"https:\/\/www.estrategiaconcursos.com.br\/blog\/wp-json\/wp\/v2\/posts\/827834","targetHints":{"allow":["GET"]}}],"collection":[{"href":"https:\/\/www.estrategiaconcursos.com.br\/blog\/wp-json\/wp\/v2\/posts"}],"about":[{"href":"https:\/\/www.estrategiaconcursos.com.br\/blog\/wp-json\/wp\/v2\/types\/post"}],"author":[{"embeddable":true,"href":"https:\/\/www.estrategiaconcursos.com.br\/blog\/wp-json\/wp\/v2\/users\/2018"}],"replies":[{"embeddable":true,"href":"https:\/\/www.estrategiaconcursos.com.br\/blog\/wp-json\/wp\/v2\/comments?post=827834"}],"version-history":[{"count":8,"href":"https:\/\/www.estrategiaconcursos.com.br\/blog\/wp-json\/wp\/v2\/posts\/827834\/revisions"}],"predecessor-version":[{"id":828197,"href":"https:\/\/www.estrategiaconcursos.com.br\/blog\/wp-json\/wp\/v2\/posts\/827834\/revisions\/828197"}],"wp:featuredmedia":[{"embeddable":true,"href":"https:\/\/www.estrategiaconcursos.com.br\/blog\/wp-json\/wp\/v2\/media\/729633"}],"wp:attachment":[{"href":"https:\/\/www.estrategiaconcursos.com.br\/blog\/wp-json\/wp\/v2\/media?parent=827834"}],"wp:term":[{"taxonomy":"category","embeddable":true,"href":"https:\/\/www.estrategiaconcursos.com.br\/blog\/wp-json\/wp\/v2\/categories?post=827834"},{"taxonomy":"post_tag","embeddable":true,"href":"https:\/\/www.estrategiaconcursos.com.br\/blog\/wp-json\/wp\/v2\/tags?post=827834"},{"taxonomy":"tax_estado","embeddable":true,"href":"https:\/\/www.estrategiaconcursos.com.br\/blog\/wp-json\/wp\/v2\/tax_estado?post=827834"}],"curies":[{"name":"wp","href":"https:\/\/api.w.org\/{rel}","templated":true}]}}