{"id":82698,"date":"2024-05-31T10:42:00","date_gmt":"2024-05-31T13:42:00","guid":{"rendered":"https:\/\/www.estrategiaconcursos.com.br\/blog\/?p=82698"},"modified":"2024-05-31T12:08:24","modified_gmt":"2024-05-31T15:08:24","slug":"concurso-crf-rs","status":"publish","type":"post","link":"https:\/\/www.estrategiaconcursos.com.br\/blog\/concurso-crf-rs\/","title":{"rendered":"Concurso CRF RS: inscri\u00e7\u00f5es prorrogadas! Ganhe at\u00e9 R$ 7,5 mil"},"content":{"rendered":"\n<p>Foi publicado o edital do novo concurso para o<a href=\"https:\/\/www.estrategiaconcursos.com.br\/assinaturas\" target=\"_blank\" rel=\"noreferrer noopener\"> <strong>Conselho Regional de Farm\u00e1cia do Rio Grande do Sul<\/strong><\/a> (<strong>CRF RS<\/strong>), e as inscri\u00e7\u00f5es foram prorrogadas!<\/p>\n\n\n\n<p>Segundo o documento, o edital oferta 07 vagas imediatas, al\u00e9m de forma\u00e7\u00e3o de cadastro cadastro de reserva, para cargos de N\u00edveis Fundamental, M\u00e9dio, T\u00e9cnico e Superior de escolaridade, com sal\u00e1rios iniciais de <strong>R$ 1.687,50<\/strong> a <strong>R$ 7.564,03<\/strong>.<\/p>\n\n\n\n<p>Agora, os interessados em participar da sele\u00e7\u00e3o poder\u00e3o se candidatar <strong>at\u00e9 30 de junho de 2024, <\/strong>atrav\u00e9s do site da banca organizadora do certame, Instituto Fundatec.<\/p>\n\n\n\n<p>Os valores da taxa de inscri\u00e7\u00e3o s\u00e3o:<\/p>\n\n\n\n<ul class=\"wp-block-list\">\n<li>N\u00edvel Superior Completo: R$ 100,00;<\/li>\n\n\n\n<li>N\u00edvel T\u00e9cnico Completo: R$ 70,00;<\/li>\n\n\n\n<li>N\u00edvel M\u00e9dio Completo: R$ 70,00;<\/li>\n\n\n\n<li>N\u00edvel Fundamental Completo: R$ 50,00.<\/li>\n<\/ul>\n\n\n\n<p>Ap\u00f3s a prorroga\u00e7\u00e3o das inscri\u00e7\u00f5es, a nova data de provas ser\u00e1 divulgada posteriormente atrav\u00e9s da banca do concurso. Confira mais informa\u00e7\u00f5es no decorrer do artigo!<\/p>\n\n\n\n<ul style=\"background:linear-gradient(135deg,rgb(255,245,203) 0%,rgb(182,227,212) 0%,rgb(51,167,181) 100%)\" class=\"has-background wp-block-list\">\n<li><strong>Concurso CRF RS<\/strong><\/li>\n\n\n\n<li><strong>Status:<\/strong> inscri\u00e7\u00f5es abertas<\/li>\n\n\n\n<li><strong>Banca:<\/strong> Fundatec<\/li>\n\n\n\n<li><strong>Vagas:<\/strong> 07 + CR<\/li>\n\n\n\n<li><strong>Sal\u00e1rio inicial:<\/strong> R$ 1.687,50 a R$ 7.564,03<\/li>\n\n\n\n<li><strong>Edital:<\/strong> <strong><a href=\"https:\/\/www.in.gov.br\/web\/dou\/-\/edital-n-1-de-16-de-maio-de-2024-560437233\" target=\"_blank\" rel=\"noreferrer noopener\">CRF RS 2024<\/a><\/strong> \/ <a href=\"https:\/\/dhg1h5j42swfq.cloudfront.net\/2024\/05\/31120620\/image-2024-05-31t120343-871.png\" target=\"_blank\" rel=\"noreferrer noopener nofollow\">Comunicado de altera\u00e7\u00e3o do cronograma<\/a><\/li>\n<\/ul>\n\n\n\n<p>Elaboramos este artigo com as principais informa\u00e7\u00f5es e novidades sobre o concurso para te manter 100% informado. Acompanhe os t\u00f3picos abaixo e n\u00e3o perca nenhum detalhe:<\/p>\n\n\n\n<ul class=\"wp-block-list\">\n<li><a href=\"#situa\u00e7\u00e3o-atual\">Situa\u00e7\u00e3o atual<\/a>\n<ul class=\"wp-block-list\">\n<li><a href=\"#h-principais-datas\">Principais datas<\/a><\/li>\n<\/ul>\n<\/li>\n\n\n\n<li><a href=\"#h-cargos-e-vagas\">Cargos e vagas<\/a>\n<ul class=\"wp-block-list\">\n<li><a href=\"#h-nivel-fundamental\">Fundamental<\/a><\/li>\n\n\n\n<li><a href=\"#h-nivel-medio-tecnico\">M\u00e9dio<\/a><\/li>\n\n\n\n<li><a href=\"#h-nivel-superior\">Superior<\/a><\/li>\n<\/ul>\n<\/li>\n\n\n\n<li><a href=\"#h-etapas-e-provas\">Etapas e provas<\/a>\n<ul class=\"wp-block-list\">\n<li><a href=\"#objetiva\">Prova objetiva<\/a><\/li>\n<\/ul>\n<\/li>\n\n\n\n<li><a href=\"#cursos-assinatura\">Cursos e assinaturas<\/a><\/li>\n\n\n\n<li><a href=\"#ficha\">Ficha t\u00e9cnica<\/a><\/li>\n<\/ul>\n\n\n\n<div class=\"container\" id=\"boxes\">\n  <div class=\"row\">\n\n    <div class=\"col-sm\">\n      <div class=\"banner-estrategia\" id=\"box-assinatura\">\n        <h3 class=\"titulo-assinatura\">Cursos para CRF RS<\/h3>\n        <p class=\"subtitulo-assinatura\">Conhe\u00e7a os cursos<\/p>\n        <div class=\"box-botao\">\n          <a class=\"btn-assinatura\" target=\"_blank\" href=\"https:\/\/www.estrategiaconcursos.com.br\/cursosPorConcurso\/conselho-regional-de-farmacia-do-rio-grande-do-sul-crf-rs\/\" role=\"button\" rel=\"noopener noreferrer\">Conhe\u00e7a mais<\/a>\n        <\/div>\n      <\/div>\n     \n    <\/div>\n\n  <\/div>\n<\/div>\n\n\n\n<h2 class=\"wp-block-heading\" id=\"situa\u00e7\u00e3o-atual\">Concurso CRF RS: situa\u00e7\u00e3o atual<\/h2>\n\n\n\n<h3 class=\"wp-block-heading\" id=\"h-principais-datas\">Principais datas<\/h3>\n\n\n\n<ul class=\"wp-block-list\">\n<li><strong>Inscri\u00e7\u00f5es:<\/strong> at\u00e9 30\/06<\/li>\n\n\n\n<li><strong>\u00daltimo dia para pagamento:<\/strong> 03\/06<\/li>\n\n\n\n<li><strong>Prova:<\/strong> a ser divulgada<\/li>\n<\/ul>\n\n\n\n<h2 class=\"wp-block-heading\" id=\"h-cargos-e-vagas\">Cargos e vagas<\/h2>\n\n\n\n<h3 class=\"wp-block-heading\" id=\"h-nivel-fundamental\">N\u00edvel Fundamental<\/h3>\n\n\n\n<figure class=\"wp-block-table is-style-stripes\"><table class=\"has-background has-fixed-layout\" style=\"background:linear-gradient(135deg,rgb(255,245,203) 0%,rgb(182,227,212) 0%,rgb(51,167,181) 100%)\"><thead><tr><th class=\"has-text-align-center\" data-align=\"center\">CARGOS<\/th><th class=\"has-text-align-center\" data-align=\"center\">VAGAS<\/th><th class=\"has-text-align-center\" data-align=\"center\">SAL\u00c1RIO*<\/th><\/tr><\/thead><tbody><tr><td class=\"has-text-align-center\" data-align=\"center\">Copeira<\/td><td class=\"has-text-align-center\" data-align=\"center\">CR<\/td><td class=\"has-text-align-center\" data-align=\"center\">R$ 1.851,94<\/td><\/tr><\/tbody><\/table><figcaption class=\"wp-element-caption\">Cargos, vagas e sal\u00e1rios.<\/figcaption><\/figure>\n\n\n\n<h3 class=\"wp-block-heading\" id=\"h-nivel-medio-tecnico\">N\u00edvel M\u00e9dio\/ T\u00e9cnico<\/h3>\n\n\n\n<figure class=\"wp-block-table is-style-stripes\"><table class=\"has-background has-fixed-layout\" style=\"background:linear-gradient(135deg,rgb(255,245,203) 0%,rgb(182,227,212) 0%,rgb(51,167,181) 100%)\"><thead><tr><th class=\"has-text-align-center\" data-align=\"center\">CARGOS<\/th><th class=\"has-text-align-center\" data-align=\"center\">VAGAS<\/th><th class=\"has-text-align-center\" data-align=\"center\">SAL\u00c1RIO*<\/th><\/tr><\/thead><tbody><tr><td class=\"has-text-align-center\" data-align=\"center\">T\u00e9cnico de Inform\u00e1tica<\/td><td class=\"has-text-align-center\" data-align=\"center\">CR<\/td><td class=\"has-text-align-center\" data-align=\"center\">R$ 3.454,62<\/td><\/tr><tr><td class=\"has-text-align-center\" data-align=\"center\">Agente Administrativo<\/td><td class=\"has-text-align-center\" data-align=\"center\">02 + CR<\/td><td class=\"has-text-align-center\" data-align=\"center\">R$ 3.021,73<\/td><\/tr><tr><td class=\"has-text-align-center\" data-align=\"center\">Agente de Teleatendimento<\/td><td class=\"has-text-align-center\" data-align=\"center\">CR<\/td><td class=\"has-text-align-center\" data-align=\"center\">R$ 2.273,63<\/td><\/tr><\/tbody><\/table><figcaption class=\"wp-element-caption\">Cargos, vagas e sal\u00e1rios.<\/figcaption><\/figure>\n\n\n\n<h3 class=\"wp-block-heading\" id=\"h-nivel-superior\">N\u00edvel superior<\/h3>\n\n\n\n<figure class=\"wp-block-table is-style-stripes\"><table class=\"has-background has-fixed-layout\" style=\"background:linear-gradient(135deg,rgb(255,245,203) 0%,rgb(182,227,212) 0%,rgb(51,167,181) 100%)\"><thead><tr><th class=\"has-text-align-center\" data-align=\"center\">CARGOS<\/th><th class=\"has-text-align-center\" data-align=\"center\">VAGAS<\/th><th class=\"has-text-align-center\" data-align=\"center\">SAL\u00c1RIO*<\/th><\/tr><\/thead><tbody><tr><td class=\"has-text-align-center\" data-align=\"center\">Advogado<\/td><td class=\"has-text-align-center\" data-align=\"center\">CR<\/td><td class=\"has-text-align-center\" data-align=\"center\">R$ 7.356,81<\/td><\/tr><tr><td class=\"has-text-align-center\" data-align=\"center\">Arquivista<\/td><td class=\"has-text-align-center\" data-align=\"center\">01 + CR<\/td><td class=\"has-text-align-center\" data-align=\"center\">R$ 1.687,50<\/td><\/tr><tr><td class=\"has-text-align-center\" data-align=\"center\">Assistente de Recursos Humanos<\/td><td class=\"has-text-align-center\" data-align=\"center\">CR<\/td><td class=\"has-text-align-center\" data-align=\"center\">R$ 4.972,02<\/td><\/tr><tr><td class=\"has-text-align-center\" data-align=\"center\">Contador<\/td><td class=\"has-text-align-center\" data-align=\"center\">01 + CR<\/td><td class=\"has-text-align-center\" data-align=\"center\">R$ 5.580,59<\/td><\/tr><tr><td class=\"has-text-align-center\" data-align=\"center\">Comunicador Social\/Designer<br \/>Gr\u00e1fico<\/td><td class=\"has-text-align-center\" data-align=\"center\">CR<\/td><td class=\"has-text-align-center\" data-align=\"center\">R$ 2.700,00<\/td><\/tr><tr><td class=\"has-text-align-center\" data-align=\"center\">Farmac\u00eautico<\/td><td class=\"has-text-align-center\" data-align=\"center\">01 + CR<\/td><td class=\"has-text-align-center\" data-align=\"center\">R$ 7.564,03<\/td><\/tr><tr><td class=\"has-text-align-center\" data-align=\"center\">Jornalista<\/td><td class=\"has-text-align-center\" data-align=\"center\">CR<\/td><td class=\"has-text-align-center\" data-align=\"center\">R$ 4.972,02<\/td><\/tr><tr><td class=\"has-text-align-center\" data-align=\"center\">Programador<\/td><td class=\"has-text-align-center\" data-align=\"center\">02 + CR<\/td><td class=\"has-text-align-center\" data-align=\"center\">R$ 4.972,02<\/td><\/tr><\/tbody><\/table><figcaption class=\"wp-element-caption\">Cargos, vagas e sal\u00e1rios.<\/figcaption><\/figure>\n\n\n\n<p>* O CRF RS oferecer\u00e1 aos candidatos admitidos por meio deste concurso p\u00fablico, desde que preenchidos os requisitos legais, os seguintes benef\u00edcios:<\/p>\n\n\n\n<ul class=\"wp-block-list\">\n<li>Vale Alimenta\u00e7\u00e3o ou Refei\u00e7\u00e3o (valor: R$ 31,00\/dia, R$ 682,00 mensais);<\/li>\n\n\n\n<li>Vale Cultura (R$ 50,00 mensais);<\/li>\n\n\n\n<li>Plano de Sa\u00fade e Odontol\u00f3gico.<\/li>\n<\/ul>\n\n\n\n<h2 class=\"wp-block-heading\" id=\"h-etapas-e-provas\">Etapas e provas<\/h2>\n\n\n\n<p>Os candidatos ser\u00e3o avaliados pelas seguintes etapas e provas:<\/p>\n\n\n\n<ul class=\"wp-block-list\">\n<li>Prova objetiva, de car\u00e1ter eliminat\u00f3rio e classificat\u00f3rio, para todos os cargos;<\/li>\n\n\n\n<li>Prova discursiva, de car\u00e1ter classificat\u00f3rio e eliminat\u00f3rio, para o cargo de Farmac\u00eautico.<\/li>\n<\/ul>\n\n\n\n<p>As provas objetivas e discursivas ser\u00e3o aplicadas em data prov\u00e1vel a ser divulgada, com dura\u00e7\u00e3o m\u00e1xima de 3 (tr\u00eas) horas e 30 (trinta) minutos.<\/p>\n\n\n\n<h3 class=\"wp-block-heading\" id=\"objetiva\">Provas Objetivas<\/h3>\n\n\n\n<p>A prova objetiva ser\u00e1 composta por 40 quest\u00f5es objetivas de m\u00faltipla escolha contendo 05 (cinco) alternativas (do tipo A, B, C, D e E) cada, das quais apenas uma \u00e9 correta.<\/p>\n\n\n\n<p>Confira abaixo as disciplinas:<\/p>\n\n\n\n<ul class=\"wp-block-list\">\n<li>L\u00edngua Portuguesa;<\/li>\n\n\n\n<li>Legisla\u00e7\u00e3o;<\/li>\n\n\n\n<li>No\u00e7\u00f5es de Inform\u00e1tica;<\/li>\n\n\n\n<li>Matem\u00e1tica\/Racioc\u00ednio L\u00f3gico;<\/li>\n\n\n\n<li>Conhecimentos Espec\u00edficos.<\/li>\n<\/ul>\n\n\n\n<h3 class=\"wp-block-heading\" id=\"h-prova-discursiva\">Prova discursiva<\/h3>\n\n\n\n<p>Somente ter\u00e3o as quest\u00f5es das Provas Discursivas corrigidas dos primeiros candidatos classificados na Prova Te\u00f3rico-Objetiva. A etapa ser\u00e1 composta de 1 (uma) quest\u00e3o, totalizando com pontua\u00e7\u00e3o m\u00e1xima de 100,00 pontos, na qual o candidato precisa se posicionar a respeito de um tema ou uma situa\u00e7\u00e3o apresentada pela Banca.<\/p>\n\n\n\n<h2 class=\"wp-block-heading\" id=\"cargos-vagas\">\u00daltimo concurso<\/h2>\n\n\n\n<p><span style=\"color: #000000;\">O \u00faltimo edital de concurso CRF RS foi publicado em 2017 com vagas de n\u00edvel Fundamental, M\u00e9dio e Superior. Foram 11 vagas imediatas e quase 800 para cadastro de reserva.<\/span><\/p>\n\n\n\n<p><span style=\"color: #000000;\">Os sal\u00e1rios variavam entre R$ 1.426,83 a R$ 5.221,55 na \u00e9poca, para uma carga hor\u00e1ria de 30h a 40h semanais, al\u00e9m de benef\u00edcios como: Vale Refei\u00e7\u00e3o, no valor de R$ 25,92 por dia, Plano de Sa\u00fade, Assist\u00eancia odontol\u00f3gica e Aux\u00edlio Transporte.<\/span><\/p>\n\n\n\n<h3 class=\"wp-block-heading\" id=\"h-cargos-e-vagas-0\">Cargos e vagas<\/h3>\n\n\n\n<figure class=\"wp-block-image aligncenter\"><img loading=\"lazy\" decoding=\"async\" width=\"922\" height=\"662\" src=\"https:\/\/dhg1h5j42swfq.cloudfront.net\/2017\/07\/26112256\/crf-rs-vagas.png\" alt=\"\" class=\"wp-image-82701\" srcset=\"https:\/\/dhg1h5j42swfq.cloudfront.net\/2017\/07\/26112256\/crf-rs-vagas.png 922w, https:\/\/dhg1h5j42swfq.cloudfront.net\/2017\/07\/26112256\/crf-rs-vagas.png 300w, https:\/\/dhg1h5j42swfq.cloudfront.net\/2017\/07\/26112256\/crf-rs-vagas.png 768w, https:\/\/dhg1h5j42swfq.cloudfront.net\/2017\/07\/26112256\/crf-rs-vagas.png 610w\" sizes=\"auto, (max-width: 922px) 100vw, 922px\" \/><\/figure>\n\n\n\n<figure class=\"wp-block-image aligncenter\"><img loading=\"lazy\" decoding=\"async\" width=\"911\" height=\"587\" src=\"https:\/\/dhg1h5j42swfq.cloudfront.net\/2017\/07\/26112254\/crf-rs-vagas.1.png\" alt=\"Concurso CRF RS\" class=\"wp-image-82700\" srcset=\"https:\/\/dhg1h5j42swfq.cloudfront.net\/2017\/07\/26112254\/crf-rs-vagas.1.png 911w, https:\/\/dhg1h5j42swfq.cloudfront.net\/2017\/07\/26112254\/crf-rs-vagas.1.png 300w, https:\/\/dhg1h5j42swfq.cloudfront.net\/2017\/07\/26112254\/crf-rs-vagas.1.png 768w, https:\/\/dhg1h5j42swfq.cloudfront.net\/2017\/07\/26112254\/crf-rs-vagas.1.png 610w\" sizes=\"auto, (max-width: 911px) 100vw, 911px\" \/><\/figure>\n\n\n\n<h3 class=\"wp-block-heading\" id=\"h-fases-do-nbsp-concurso-crf-rs\">Fases do&nbsp;concurso CRF RS<\/h3>\n\n\n\n<figure class=\"wp-block-image aligncenter\"><img loading=\"lazy\" decoding=\"async\" width=\"941\" height=\"664\" src=\"https:\/\/dhg1h5j42swfq.cloudfront.net\/2017\/07\/26112432\/crf-rs-fases.png\" alt=\"Concurso CRF RS\" class=\"wp-image-82702\" srcset=\"https:\/\/dhg1h5j42swfq.cloudfront.net\/2017\/07\/26112432\/crf-rs-fases.png 941w, https:\/\/dhg1h5j42swfq.cloudfront.net\/2017\/07\/26112432\/crf-rs-fases.png 300w, https:\/\/dhg1h5j42swfq.cloudfront.net\/2017\/07\/26112432\/crf-rs-fases.png 768w, https:\/\/dhg1h5j42swfq.cloudfront.net\/2017\/07\/26112432\/crf-rs-fases.png 610w\" sizes=\"auto, (max-width: 941px) 100vw, 941px\" \/><\/figure>\n\n\n\n<h2 class=\"wp-block-heading has-text-align-center\" id=\"h-quer-saber-tudo-sobre-concursos-previstos-confira-nossos-artigos\">Quer saber tudo sobre concursos previstos?<br \/>Confira  nossos artigos!<\/h2>\n\n\n\n<ul class=\"wp-block-list\">\n<li><a href=\"https:\/\/www.estrategiaconcursos.com.br\/blog\/concursos-abertos\/\" target=\"_blank\" rel=\"noreferrer noopener\">Concursos abertos<\/a><\/li>\n\n\n\n<li><a href=\"https:\/\/www.estrategiaconcursos.com.br\/blog\/concursos-2024\/\" target=\"_blank\" rel=\"noreferrer noopener\">Concursos 2024<\/a><\/li>\n<\/ul>\n\n\n\n<h2 class=\"wp-block-heading has-text-align-center\" id=\"cursos-assinatura\">Quer estudar para o concurso?<\/h2>\n\n\n\n<div class=\"container\" id=\"boxes\">\n  <div class=\"row\">\n\n    <div class=\"col-sm\">\n      <div class=\"banner-estrategia\" id=\"box-assinatura\">\n        <h3 class=\"titulo-assinatura\">Cursos para CRF RS<\/h3>\n        <p class=\"subtitulo-assinatura\">Conhe\u00e7a os cursos<\/p>\n        <div class=\"box-botao\">\n          <a class=\"btn-assinatura\" target=\"_blank\" href=\"https:\/\/www.estrategiaconcursos.com.br\/cursosPorConcurso\/conselho-regional-de-farmacia-do-rio-grande-do-sul-crf-rs\/\" role=\"button\" rel=\"noopener noreferrer\">Conhe\u00e7a mais<\/a>\n        <\/div>\n      <\/div>\n     \n    <\/div>\n\n  <\/div>\n<\/div>\n\n\n\n<div class=\"container\" id=\"boxes\">\n  <div class=\"row\">\n\n    <div class=\"col-sm\">\n      <div class=\"estrategia\" id=\"box-assinatura\">\n        <h3 class=\"titulo-assinatura\">Assinatura Concursos<\/h3>\n        <p class=\"subtitulo-assinatura\">Assinatura de 1 ano ou 2 anos<\/p>\n        <div class=\"box-botao\">\n          <a class=\"btn-assinatura\" target=\"_blank\" href=\"https:\/\/www.estrategiaconcursos.com.br\/assinaturas\/\" role=\"button\" rel=\"noopener noreferrer\">ASSINE AGORA<\/a>\n        <\/div>\n      <\/div><\/div><\/div><\/div>\n\n\n\n<figure class=\"wp-block-image size-large is-resized\"><img loading=\"lazy\" decoding=\"async\" width=\"1024\" height=\"632\" src=\"https:\/\/dhg1h5j42swfq.cloudfront.net\/2025\/06\/27101122\/ficha-tecnica-1-1024x632.png\" alt=\"\" class=\"wp-image-702728\" style=\"width:269px;height:166px\" srcset=\"https:\/\/dhg1h5j42swfq.cloudfront.net\/2025\/06\/27101122\/ficha-tecnica-1-1024x632.png 1024w, https:\/\/dhg1h5j42swfq.cloudfront.net\/2025\/06\/27101122\/ficha-tecnica-1-300x185.png 300w, https:\/\/dhg1h5j42swfq.cloudfront.net\/2025\/06\/27101122\/ficha-tecnica-1-768x474.png 768w, https:\/\/dhg1h5j42swfq.cloudfront.net\/2025\/06\/27101122\/ficha-tecnica-1-1536x948.png 1536w, https:\/\/dhg1h5j42swfq.cloudfront.net\/2025\/06\/27101122\/ficha-tecnica-1-610x377.png 610w, https:\/\/dhg1h5j42swfq.cloudfront.net\/2025\/06\/27101122\/ficha-tecnica-1.png 1571w\" sizes=\"auto, (max-width: 1024px) 100vw, 1024px\" \/><\/figure>\n\n\n\n<h3 class=\"wp-block-heading\" id=\"ficha\">Informa\u00e7\u00f5es do concurso CRF RS<\/h3>\n\n\n\n<ul class=\"wp-block-list\">\n<li><strong>Inscri\u00e7\u00f5es<\/strong>: at\u00e9 30\/06<\/li>\n\n\n\n<li><strong>Provas<\/strong>: a ser divulgado<\/li>\n\n\n\n<li><strong>Vagas<\/strong>: 07 + CR<\/li>\n\n\n\n<li><strong>Cargos<\/strong>: diversos<\/li>\n\n\n\n<li><strong>Banca<\/strong>: Fundatec<\/li>\n\n\n\n<li><strong>Escolaridade<\/strong>: N\u00edvel Fundamental, M\u00e9dio e Superior<\/li>\n\n\n\n<li><strong>Edital<\/strong>:&nbsp;<strong><a href=\"https:\/\/www.in.gov.br\/web\/dou\/-\/edital-n-1-de-16-de-maio-de-2024-560437233\" target=\"_blank\" rel=\"noreferrer noopener\">CRF RS 2024<\/a><\/strong><\/li>\n<\/ul>\n\n\n\n<ul class=\"wp-block-list\">\n<li><strong>Informa\u00e7\u00f5es do \u00faltimo Concurso<\/strong><\/li>\n\n\n\n<li><strong>Data da prova:<\/strong> 08 de outubro<\/li>\n\n\n\n<li><strong>Vagas:<\/strong>&nbsp;805<\/li>\n\n\n\n<li><strong>Lota\u00e7\u00f5es:&nbsp;<\/strong>Estado do Rio Grande do Sul<\/li>\n\n\n\n<li><strong>Remunera\u00e7\u00e3o inicial:<\/strong>&nbsp;R$ 1.426,83 a R$ 5.221,55<\/li>\n\n\n\n<li><strong>Banca:<\/strong> Quadrix<\/li>\n\n\n\n<li><strong>Escolaridade:<\/strong>&nbsp;Ensino Fundamenta, M\u00e9dio e Ensino Superior<\/li>\n\n\n\n<li><strong>Edital:&nbsp;<a href=\"https:\/\/www.estrategiaconcursos.com.br\/blog\/wp-content\/uploads\/2017\/07\/1_CRF_RS_edital_normativo.pdf\" target=\"_blank\" rel=\"noreferrer noopener nofollow\">Edital CRF RS 2017<\/a><\/strong><\/li>\n<\/ul>\n","protected":false},"excerpt":{"rendered":"<p>Foi publicado o edital do novo concurso para o Conselho Regional de Farm\u00e1cia do Rio Grande do Sul (CRF RS), e as inscri\u00e7\u00f5es foram prorrogadas! Segundo o documento, o edital oferta 07 vagas imediatas, al\u00e9m de forma\u00e7\u00e3o de cadastro cadastro de reserva, para cargos de N\u00edveis Fundamental, M\u00e9dio, T\u00e9cnico e Superior de escolaridade, com sal\u00e1rios [&hellip;]<\/p>\n","protected":false},"author":1,"featured_media":82706,"comment_status":"open","ping_status":"open","sticky":false,"template":"","format":"standard","meta":{"post_tipo":"news_page","footnotes":""},"categories":[214992,220219],"tags":[2792],"tax_estado":[219986],"class_list":["post-82698","post","type-post","status-publish","format-standard","has-post-thumbnail","hentry","category-concursos-administrativos","category-noticias","tag-concurso-crf-rs","tax_estado-rs"],"acf":[],"yoast_head":"<!-- This site is optimized with the Yoast SEO Premium plugin v27.2 (Yoast SEO v27.2) - https:\/\/yoast.com\/product\/yoast-seo-premium-wordpress\/ -->\n<title>Concurso CRF RS<\/title>\n<meta name=\"description\" content=\"Concurso CRF RS: Conselho lan\u00e7a novo edital com vagas de N\u00edveis Fundamental, M\u00e9dio e Superior. Confira todos os detalhes!\" \/>\n<meta name=\"robots\" content=\"index, follow, max-snippet:-1, max-image-preview:large, max-video-preview:-1\" \/>\n<link rel=\"canonical\" href=\"https:\/\/www.estrategiaconcursos.com.br\/blog\/concurso-crf-rs\/\" \/>\n<meta property=\"og:locale\" content=\"pt_BR\" \/>\n<meta property=\"og:type\" content=\"article\" \/>\n<meta property=\"og:title\" content=\"Concurso CRF RS: inscri\u00e7\u00f5es prorrogadas! Ganhe at\u00e9 R$ 7,5 mil\" \/>\n<meta property=\"og:description\" content=\"Concurso CRF RS: Conselho lan\u00e7a novo edital com vagas de N\u00edveis Fundamental, M\u00e9dio e Superior. Confira todos os detalhes!\" \/>\n<meta property=\"og:url\" content=\"https:\/\/www.estrategiaconcursos.com.br\/blog\/concurso-crf-rs\/\" \/>\n<meta property=\"og:site_name\" content=\"Estrat\u00e9gia Concursos\" \/>\n<meta property=\"article:author\" content=\"https:\/\/www.facebook.com\/EstrategiaConcursos\" \/>\n<meta property=\"article:published_time\" content=\"2024-05-31T13:42:00+00:00\" \/>\n<meta property=\"article:modified_time\" content=\"2024-05-31T15:08:24+00:00\" \/>\n<meta property=\"og:image\" content=\"https:\/\/dhg1h5j42swfq.cloudfront.net\/2017\/07\/26121213\/CRF-RS1-e1501081942888.jpg\" \/>\n\t<meta property=\"og:image:width\" content=\"400\" \/>\n\t<meta property=\"og:image:height\" content=\"209\" \/>\n\t<meta property=\"og:image:type\" content=\"image\/jpeg\" \/>\n<meta name=\"author\" content=\"Coordena\u00e7\u00e3o\" \/>\n<meta name=\"twitter:card\" content=\"summary_large_image\" \/>\n<meta name=\"twitter:creator\" content=\"@EstratConcursos\" \/>\n<meta name=\"twitter:site\" content=\"@EstratConcursos\" \/>\n<meta name=\"twitter:label1\" content=\"Escrito por\" \/>\n\t<meta name=\"twitter:data1\" content=\"Coordena\u00e7\u00e3o\" \/>\n\t<meta name=\"twitter:label2\" content=\"Est. tempo de leitura\" \/>\n\t<meta name=\"twitter:data2\" content=\"4 minutos\" \/>\n<script type=\"application\/ld+json\" class=\"yoast-schema-graph\">{\"@context\":\"https:\/\/schema.org\",\"@graph\":[{\"@type\":\"NewsArticle\",\"@id\":\"https:\/\/www.estrategiaconcursos.com.br\/blog\/concurso-crf-rs\/#article\",\"isPartOf\":{\"@id\":\"https:\/\/www.estrategiaconcursos.com.br\/blog\/concurso-crf-rs\/\"},\"author\":{\"name\":\"Coordena\u00e7\u00e3o\",\"@id\":\"https:\/\/www.estrategiaconcursos.com.br\/blog\/#\/schema\/person\/b4a388c97673c5f483d72185668afa1f\"},\"headline\":\"Concurso CRF RS: inscri\u00e7\u00f5es prorrogadas! Ganhe at\u00e9 R$ 7,5 mil\",\"datePublished\":\"2024-05-31T13:42:00+00:00\",\"dateModified\":\"2024-05-31T15:08:24+00:00\",\"mainEntityOfPage\":{\"@id\":\"https:\/\/www.estrategiaconcursos.com.br\/blog\/concurso-crf-rs\/\"},\"wordCount\":788,\"commentCount\":0,\"publisher\":{\"@id\":\"https:\/\/www.estrategiaconcursos.com.br\/blog\/#organization\"},\"image\":{\"@id\":\"https:\/\/www.estrategiaconcursos.com.br\/blog\/concurso-crf-rs\/#primaryimage\"},\"thumbnailUrl\":\"https:\/\/dhg1h5j42swfq.cloudfront.net\/2017\/07\/26121213\/CRF-RS1-e1501081942888.jpg\",\"keywords\":[\"Concurso CRF RS\"],\"articleSection\":[\"Executivo (Administrativa)\",\"\u00daltimas not\u00edcias\"],\"inLanguage\":\"pt-BR\",\"potentialAction\":[{\"@type\":\"CommentAction\",\"name\":\"Comment\",\"target\":[\"https:\/\/www.estrategiaconcursos.com.br\/blog\/concurso-crf-rs\/#respond\"]}],\"copyrightYear\":\"2024\",\"copyrightHolder\":{\"@id\":\"https:\/\/www.estrategiaconcursos.com.br\/blog\/#organization\"}},{\"@type\":\"WebPage\",\"@id\":\"https:\/\/www.estrategiaconcursos.com.br\/blog\/concurso-crf-rs\/\",\"url\":\"https:\/\/www.estrategiaconcursos.com.br\/blog\/concurso-crf-rs\/\",\"name\":\"Concurso CRF RS\",\"isPartOf\":{\"@id\":\"https:\/\/www.estrategiaconcursos.com.br\/blog\/#website\"},\"primaryImageOfPage\":{\"@id\":\"https:\/\/www.estrategiaconcursos.com.br\/blog\/concurso-crf-rs\/#primaryimage\"},\"image\":{\"@id\":\"https:\/\/www.estrategiaconcursos.com.br\/blog\/concurso-crf-rs\/#primaryimage\"},\"thumbnailUrl\":\"https:\/\/dhg1h5j42swfq.cloudfront.net\/2017\/07\/26121213\/CRF-RS1-e1501081942888.jpg\",\"datePublished\":\"2024-05-31T13:42:00+00:00\",\"dateModified\":\"2024-05-31T15:08:24+00:00\",\"description\":\"Concurso CRF RS: Conselho lan\u00e7a novo edital com vagas de N\u00edveis Fundamental, M\u00e9dio e Superior. Confira todos os detalhes!\",\"breadcrumb\":{\"@id\":\"https:\/\/www.estrategiaconcursos.com.br\/blog\/concurso-crf-rs\/#breadcrumb\"},\"inLanguage\":\"pt-BR\",\"potentialAction\":[{\"@type\":\"ReadAction\",\"target\":[\"https:\/\/www.estrategiaconcursos.com.br\/blog\/concurso-crf-rs\/\"]}]},{\"@type\":\"ImageObject\",\"inLanguage\":\"pt-BR\",\"@id\":\"https:\/\/www.estrategiaconcursos.com.br\/blog\/concurso-crf-rs\/#primaryimage\",\"url\":\"https:\/\/dhg1h5j42swfq.cloudfront.net\/2017\/07\/26121213\/CRF-RS1-e1501081942888.jpg\",\"contentUrl\":\"https:\/\/dhg1h5j42swfq.cloudfront.net\/2017\/07\/26121213\/CRF-RS1-e1501081942888.jpg\",\"width\":400,\"height\":209,\"caption\":\"Concurso CRF RS\"},{\"@type\":\"BreadcrumbList\",\"@id\":\"https:\/\/www.estrategiaconcursos.com.br\/blog\/concurso-crf-rs\/#breadcrumb\",\"itemListElement\":[{\"@type\":\"ListItem\",\"position\":1,\"name\":\"In\u00edcio\",\"item\":\"https:\/\/www.estrategiaconcursos.com.br\/blog\/\"},{\"@type\":\"ListItem\",\"position\":2,\"name\":\"Concurso CRF RS: inscri\u00e7\u00f5es prorrogadas! Ganhe at\u00e9 R$ 7,5 mil\"}]},{\"@type\":\"WebSite\",\"@id\":\"https:\/\/www.estrategiaconcursos.com.br\/blog\/#website\",\"url\":\"https:\/\/www.estrategiaconcursos.com.br\/blog\/\",\"name\":\"Estrat\u00e9gia Concursos\",\"description\":\"O blog da Estrat\u00e9gia Concursos traz not\u00edcias sobre concursos e artigos de professores oferecendo cursos para concursos (pdf + videaulas) no site.\",\"publisher\":{\"@id\":\"https:\/\/www.estrategiaconcursos.com.br\/blog\/#organization\"},\"potentialAction\":[{\"@type\":\"SearchAction\",\"target\":{\"@type\":\"EntryPoint\",\"urlTemplate\":\"https:\/\/www.estrategiaconcursos.com.br\/blog\/?s={search_term_string}\"},\"query-input\":{\"@type\":\"PropertyValueSpecification\",\"valueRequired\":true,\"valueName\":\"search_term_string\"}}],\"inLanguage\":\"pt-BR\"},{\"@type\":\"Organization\",\"@id\":\"https:\/\/www.estrategiaconcursos.com.br\/blog\/#organization\",\"name\":\"Estrat\u00e9gia Concursos\",\"url\":\"https:\/\/www.estrategiaconcursos.com.br\/blog\/\",\"logo\":{\"@type\":\"ImageObject\",\"inLanguage\":\"pt-BR\",\"@id\":\"https:\/\/www.estrategiaconcursos.com.br\/blog\/#\/schema\/logo\/image\/\",\"url\":\"https:\/\/dhg1h5j42swfq.cloudfront.net\/2025\/06\/03203428\/logo_concursos-1.jpg\",\"contentUrl\":\"https:\/\/dhg1h5j42swfq.cloudfront.net\/2025\/06\/03203428\/logo_concursos-1.jpg\",\"width\":230,\"height\":60,\"caption\":\"Estrat\u00e9gia Concursos\"},\"image\":{\"@id\":\"https:\/\/www.estrategiaconcursos.com.br\/blog\/#\/schema\/logo\/image\/\"},\"sameAs\":[\"https:\/\/x.com\/EstratConcursos\"]},{\"@type\":\"Person\",\"@id\":\"https:\/\/www.estrategiaconcursos.com.br\/blog\/#\/schema\/person\/b4a388c97673c5f483d72185668afa1f\",\"name\":\"Coordena\u00e7\u00e3o\",\"image\":{\"@type\":\"ImageObject\",\"inLanguage\":\"pt-BR\",\"@id\":\"https:\/\/secure.gravatar.com\/avatar\/b720319e4c9a967eb58678d110f4fe35452fc5d5f97b202bac7b8acceb18c6ad?s=96&d=mm&r=g\",\"url\":\"https:\/\/secure.gravatar.com\/avatar\/b720319e4c9a967eb58678d110f4fe35452fc5d5f97b202bac7b8acceb18c6ad?s=96&d=mm&r=g\",\"contentUrl\":\"https:\/\/secure.gravatar.com\/avatar\/b720319e4c9a967eb58678d110f4fe35452fc5d5f97b202bac7b8acceb18c6ad?s=96&d=mm&r=g\",\"caption\":\"Coordena\u00e7\u00e3o\"},\"sameAs\":[\"https:\/\/www.facebook.com\/EstrategiaConcursos\",\"https:\/\/x.com\/EstratConcursos\"],\"url\":\"https:\/\/www.estrategiaconcursos.com.br\/blog\/author\/estrategia2013\/\"}]}<\/script>\n<!-- \/ Yoast SEO Premium plugin. -->","yoast_head_json":{"title":"Concurso CRF RS","description":"Concurso CRF RS: Conselho lan\u00e7a novo edital com vagas de N\u00edveis Fundamental, M\u00e9dio e Superior. Confira todos os detalhes!","robots":{"index":"index","follow":"follow","max-snippet":"max-snippet:-1","max-image-preview":"max-image-preview:large","max-video-preview":"max-video-preview:-1"},"canonical":"https:\/\/www.estrategiaconcursos.com.br\/blog\/concurso-crf-rs\/","og_locale":"pt_BR","og_type":"article","og_title":"Concurso CRF RS: inscri\u00e7\u00f5es prorrogadas! Ganhe at\u00e9 R$ 7,5 mil","og_description":"Concurso CRF RS: Conselho lan\u00e7a novo edital com vagas de N\u00edveis Fundamental, M\u00e9dio e Superior. Confira todos os detalhes!","og_url":"https:\/\/www.estrategiaconcursos.com.br\/blog\/concurso-crf-rs\/","og_site_name":"Estrat\u00e9gia Concursos","article_author":"https:\/\/www.facebook.com\/EstrategiaConcursos","article_published_time":"2024-05-31T13:42:00+00:00","article_modified_time":"2024-05-31T15:08:24+00:00","og_image":[{"width":400,"height":209,"url":"https:\/\/dhg1h5j42swfq.cloudfront.net\/2017\/07\/26121213\/CRF-RS1-e1501081942888.jpg","type":"image\/jpeg"}],"author":"Coordena\u00e7\u00e3o","twitter_card":"summary_large_image","twitter_creator":"@EstratConcursos","twitter_site":"@EstratConcursos","twitter_misc":{"Escrito por":"Coordena\u00e7\u00e3o","Est. tempo de leitura":"4 minutos"},"schema":{"@context":"https:\/\/schema.org","@graph":[{"@type":"NewsArticle","@id":"https:\/\/www.estrategiaconcursos.com.br\/blog\/concurso-crf-rs\/#article","isPartOf":{"@id":"https:\/\/www.estrategiaconcursos.com.br\/blog\/concurso-crf-rs\/"},"author":{"name":"Coordena\u00e7\u00e3o","@id":"https:\/\/www.estrategiaconcursos.com.br\/blog\/#\/schema\/person\/b4a388c97673c5f483d72185668afa1f"},"headline":"Concurso CRF RS: inscri\u00e7\u00f5es prorrogadas! Ganhe at\u00e9 R$ 7,5 mil","datePublished":"2024-05-31T13:42:00+00:00","dateModified":"2024-05-31T15:08:24+00:00","mainEntityOfPage":{"@id":"https:\/\/www.estrategiaconcursos.com.br\/blog\/concurso-crf-rs\/"},"wordCount":788,"commentCount":0,"publisher":{"@id":"https:\/\/www.estrategiaconcursos.com.br\/blog\/#organization"},"image":{"@id":"https:\/\/www.estrategiaconcursos.com.br\/blog\/concurso-crf-rs\/#primaryimage"},"thumbnailUrl":"https:\/\/dhg1h5j42swfq.cloudfront.net\/2017\/07\/26121213\/CRF-RS1-e1501081942888.jpg","keywords":["Concurso CRF RS"],"articleSection":["Executivo (Administrativa)","\u00daltimas not\u00edcias"],"inLanguage":"pt-BR","potentialAction":[{"@type":"CommentAction","name":"Comment","target":["https:\/\/www.estrategiaconcursos.com.br\/blog\/concurso-crf-rs\/#respond"]}],"copyrightYear":"2024","copyrightHolder":{"@id":"https:\/\/www.estrategiaconcursos.com.br\/blog\/#organization"}},{"@type":"WebPage","@id":"https:\/\/www.estrategiaconcursos.com.br\/blog\/concurso-crf-rs\/","url":"https:\/\/www.estrategiaconcursos.com.br\/blog\/concurso-crf-rs\/","name":"Concurso CRF RS","isPartOf":{"@id":"https:\/\/www.estrategiaconcursos.com.br\/blog\/#website"},"primaryImageOfPage":{"@id":"https:\/\/www.estrategiaconcursos.com.br\/blog\/concurso-crf-rs\/#primaryimage"},"image":{"@id":"https:\/\/www.estrategiaconcursos.com.br\/blog\/concurso-crf-rs\/#primaryimage"},"thumbnailUrl":"https:\/\/dhg1h5j42swfq.cloudfront.net\/2017\/07\/26121213\/CRF-RS1-e1501081942888.jpg","datePublished":"2024-05-31T13:42:00+00:00","dateModified":"2024-05-31T15:08:24+00:00","description":"Concurso CRF RS: Conselho lan\u00e7a novo edital com vagas de N\u00edveis Fundamental, M\u00e9dio e Superior. Confira todos os detalhes!","breadcrumb":{"@id":"https:\/\/www.estrategiaconcursos.com.br\/blog\/concurso-crf-rs\/#breadcrumb"},"inLanguage":"pt-BR","potentialAction":[{"@type":"ReadAction","target":["https:\/\/www.estrategiaconcursos.com.br\/blog\/concurso-crf-rs\/"]}]},{"@type":"ImageObject","inLanguage":"pt-BR","@id":"https:\/\/www.estrategiaconcursos.com.br\/blog\/concurso-crf-rs\/#primaryimage","url":"https:\/\/dhg1h5j42swfq.cloudfront.net\/2017\/07\/26121213\/CRF-RS1-e1501081942888.jpg","contentUrl":"https:\/\/dhg1h5j42swfq.cloudfront.net\/2017\/07\/26121213\/CRF-RS1-e1501081942888.jpg","width":400,"height":209,"caption":"Concurso CRF RS"},{"@type":"BreadcrumbList","@id":"https:\/\/www.estrategiaconcursos.com.br\/blog\/concurso-crf-rs\/#breadcrumb","itemListElement":[{"@type":"ListItem","position":1,"name":"In\u00edcio","item":"https:\/\/www.estrategiaconcursos.com.br\/blog\/"},{"@type":"ListItem","position":2,"name":"Concurso CRF RS: inscri\u00e7\u00f5es prorrogadas! Ganhe at\u00e9 R$ 7,5 mil"}]},{"@type":"WebSite","@id":"https:\/\/www.estrategiaconcursos.com.br\/blog\/#website","url":"https:\/\/www.estrategiaconcursos.com.br\/blog\/","name":"Estrat\u00e9gia Concursos","description":"O blog da Estrat\u00e9gia Concursos traz not\u00edcias sobre concursos e artigos de professores oferecendo cursos para concursos (pdf + videaulas) no site.","publisher":{"@id":"https:\/\/www.estrategiaconcursos.com.br\/blog\/#organization"},"potentialAction":[{"@type":"SearchAction","target":{"@type":"EntryPoint","urlTemplate":"https:\/\/www.estrategiaconcursos.com.br\/blog\/?s={search_term_string}"},"query-input":{"@type":"PropertyValueSpecification","valueRequired":true,"valueName":"search_term_string"}}],"inLanguage":"pt-BR"},{"@type":"Organization","@id":"https:\/\/www.estrategiaconcursos.com.br\/blog\/#organization","name":"Estrat\u00e9gia Concursos","url":"https:\/\/www.estrategiaconcursos.com.br\/blog\/","logo":{"@type":"ImageObject","inLanguage":"pt-BR","@id":"https:\/\/www.estrategiaconcursos.com.br\/blog\/#\/schema\/logo\/image\/","url":"https:\/\/dhg1h5j42swfq.cloudfront.net\/2025\/06\/03203428\/logo_concursos-1.jpg","contentUrl":"https:\/\/dhg1h5j42swfq.cloudfront.net\/2025\/06\/03203428\/logo_concursos-1.jpg","width":230,"height":60,"caption":"Estrat\u00e9gia Concursos"},"image":{"@id":"https:\/\/www.estrategiaconcursos.com.br\/blog\/#\/schema\/logo\/image\/"},"sameAs":["https:\/\/x.com\/EstratConcursos"]},{"@type":"Person","@id":"https:\/\/www.estrategiaconcursos.com.br\/blog\/#\/schema\/person\/b4a388c97673c5f483d72185668afa1f","name":"Coordena\u00e7\u00e3o","image":{"@type":"ImageObject","inLanguage":"pt-BR","@id":"https:\/\/secure.gravatar.com\/avatar\/b720319e4c9a967eb58678d110f4fe35452fc5d5f97b202bac7b8acceb18c6ad?s=96&d=mm&r=g","url":"https:\/\/secure.gravatar.com\/avatar\/b720319e4c9a967eb58678d110f4fe35452fc5d5f97b202bac7b8acceb18c6ad?s=96&d=mm&r=g","contentUrl":"https:\/\/secure.gravatar.com\/avatar\/b720319e4c9a967eb58678d110f4fe35452fc5d5f97b202bac7b8acceb18c6ad?s=96&d=mm&r=g","caption":"Coordena\u00e7\u00e3o"},"sameAs":["https:\/\/www.facebook.com\/EstrategiaConcursos","https:\/\/x.com\/EstratConcursos"],"url":"https:\/\/www.estrategiaconcursos.com.br\/blog\/author\/estrategia2013\/"}]}},"_links":{"self":[{"href":"https:\/\/www.estrategiaconcursos.com.br\/blog\/wp-json\/wp\/v2\/posts\/82698","targetHints":{"allow":["GET"]}}],"collection":[{"href":"https:\/\/www.estrategiaconcursos.com.br\/blog\/wp-json\/wp\/v2\/posts"}],"about":[{"href":"https:\/\/www.estrategiaconcursos.com.br\/blog\/wp-json\/wp\/v2\/types\/post"}],"author":[{"embeddable":true,"href":"https:\/\/www.estrategiaconcursos.com.br\/blog\/wp-json\/wp\/v2\/users\/1"}],"replies":[{"embeddable":true,"href":"https:\/\/www.estrategiaconcursos.com.br\/blog\/wp-json\/wp\/v2\/comments?post=82698"}],"version-history":[{"count":21,"href":"https:\/\/www.estrategiaconcursos.com.br\/blog\/wp-json\/wp\/v2\/posts\/82698\/revisions"}],"predecessor-version":[{"id":1407699,"href":"https:\/\/www.estrategiaconcursos.com.br\/blog\/wp-json\/wp\/v2\/posts\/82698\/revisions\/1407699"}],"wp:featuredmedia":[{"embeddable":true,"href":"https:\/\/www.estrategiaconcursos.com.br\/blog\/wp-json\/wp\/v2\/media\/82706"}],"wp:attachment":[{"href":"https:\/\/www.estrategiaconcursos.com.br\/blog\/wp-json\/wp\/v2\/media?parent=82698"}],"wp:term":[{"taxonomy":"category","embeddable":true,"href":"https:\/\/www.estrategiaconcursos.com.br\/blog\/wp-json\/wp\/v2\/categories?post=82698"},{"taxonomy":"post_tag","embeddable":true,"href":"https:\/\/www.estrategiaconcursos.com.br\/blog\/wp-json\/wp\/v2\/tags?post=82698"},{"taxonomy":"tax_estado","embeddable":true,"href":"https:\/\/www.estrategiaconcursos.com.br\/blog\/wp-json\/wp\/v2\/tax_estado?post=82698"}],"curies":[{"name":"wp","href":"https:\/\/api.w.org\/{rel}","templated":true}]}}