{"id":826416,"date":"2021-11-11T23:59:00","date_gmt":"2021-11-12T02:59:00","guid":{"rendered":"https:\/\/www.estrategiaconcursos.com.br\/blog\/?p=826416"},"modified":"2021-12-01T10:52:32","modified_gmt":"2021-12-01T13:52:32","slug":"edital-age-pa","status":"publish","type":"post","link":"https:\/\/www.estrategiaconcursos.com.br\/blog\/edital-age-pa\/","title":{"rendered":"EDITAL AGE PA: retifica\u00e7\u00f5es publicadas. Veja!"},"content":{"rendered":"\n<p>A Auditoria-Geral do Par\u00e1 tornou p\u00fablicas as primeiras retifica\u00e7\u00f5es no edital do<strong>&nbsp;concurso AGE PA<\/strong>. De acordo com a publica\u00e7\u00e3o no&nbsp;Di\u00e1rio Oficial, as altera\u00e7\u00f5es s\u00e3o acerca de disposi\u00e7\u00f5es relacionadas aos candidatos PcDs. Confira, detalhadamente, pelo link abaixo:<\/p>\n\n\n\n<p class=\"has-text-align-center has-background\" style=\"background-color:#cdd6dd\"><a href=\"https:\/\/dhg1h5j42swfq.cloudfront.net\/2021\/09\/28074302\/diariooficial-1-11-12-paginas-1-1.pdf\" target=\"_blank\" rel=\"noreferrer noopener nofollow\"><strong>Retifica\u00e7\u00f5es<\/strong><\/a><\/p>\n\n\n\n<p>Ao todo, o edital da <strong>Auditoria Geral do Estado do Par\u00e1&nbsp;<\/strong>(<strong>AGE PA)<\/strong> oferta <strong>21 vagas<\/strong>, al\u00e9m de forma\u00e7\u00e3o de cadastro de reserva, sendo: <br \/><\/p>\n\n\n\n<ul class=\"has-very-light-gray-to-cyan-bluish-gray-gradient-background has-background wp-block-list\"><li><strong>Auditor de Finan\u00e7as e Controle<\/strong> (19 e CR);<\/li><li><strong>Assistente Administrativo<\/strong> (1 e CR); e <\/li><li><strong>T\u00e9cnico em Gest\u00e3o de Inform\u00e1tica<\/strong> (1 e CR). <\/li><\/ul>\n\n\n\n<p>O cadastro de reserva est\u00e1 limitado a 02 (duas) vezes o quantitativo de vagas estabelecidas para cada cargo de provimento imediato.<\/p>\n\n\n\n<p>Os candidatos interessados no certame puderam se inscrever no per\u00edodo de 28 de setembro a 11 de novembro de 2021. As provas provas ser\u00e3o organizadas pelo&nbsp;<a href=\"https:\/\/www.cetapnet.com.br\/\" target=\"_blank\" rel=\"noreferrer noopener\"><\/a><a href=\"https:\/\/www.fundacaocetap.com.br\/\" target=\"_blank\" rel=\"noreferrer noopener\">Funda\u00e7\u00e3o Cetap<\/a>.<\/p>\n\n\n\n<h2 class=\"wp-block-heading\" id=\"h-principais-datas-do-edital-age-pa\">Principais datas do edital&nbsp;AGE PA<\/h2>\n\n\n\n<p class=\"has-background\" style=\"background-color:#becad4\"><strong>Inscri\u00e7\u00f5es<\/strong>: <s>28\/09 a 11\/11\/2021<\/s><br \/><strong>Isen\u00e7\u00e3o da taxa<\/strong>: <s>28 a 30\/09\/2021<\/s><br \/><strong>Prova<\/strong>: 16\/01\/2022<\/p>\n\n\n\n<h2 class=\"wp-block-heading\" id=\"h-cargos-vagas-e-remunera-es-do-edital-age-pa\">Cargos, vagas e remunera\u00e7\u00f5es do edital AGE PA<\/h2>\n\n\n\n<figure class=\"wp-block-table is-style-stripes\"><table class=\"has-background has-fixed-layout\" style=\"background-color:#e7f5fe\"><thead><tr><th class=\"has-text-align-center\" data-align=\"center\">Cargos<\/th><th class=\"has-text-align-center\" data-align=\"center\">Vagas<\/th><th class=\"has-text-align-center\" data-align=\"center\">Escolaridade<\/th><th class=\"has-text-align-center\" data-align=\"center\">Remunera\u00e7\u00e3o<\/th><\/tr><\/thead><tbody><tr><td class=\"has-text-align-center\" data-align=\"center\"><strong><a href=\"https:\/\/www.estrategiaconcursos.com.br\/curso\/age-pa-auditor-de-financa-e-controle-pacote-cetap-pre-edital\/\" target=\"_blank\" rel=\"noreferrer noopener\">Auditor de Finan\u00e7as e Controle<\/a><\/strong><\/td><td class=\"has-text-align-center\" data-align=\"center\">19 + CR<\/td><td class=\"has-text-align-center\" data-align=\"center\">N\u00edvel superior<\/td><td class=\"has-text-align-center\" data-align=\"center\">R$ 5.026,81<\/td><\/tr><tr><td class=\"has-text-align-center\" data-align=\"center\"><strong><a href=\"https:\/\/www.estrategiaconcursos.com.br\/curso\/age-pa-tecnico-em-gestao-de-informatica-pacote-cetap-pre-edital\/\" target=\"_blank\" rel=\"noreferrer noopener\">T\u00e9cnico em Gest\u00e3o de Inform\u00e1tica<\/a><\/strong><\/td><td class=\"has-text-align-center\" data-align=\"center\">01  + CR<\/td><td class=\"has-text-align-center\" data-align=\"center\">N\u00edvel superior<\/td><td class=\"has-text-align-center\" data-align=\"center\">R$ 2.809,37<\/td><\/tr><tr><td class=\"has-text-align-center\" data-align=\"center\"><strong><a href=\"https:\/\/www.estrategiaconcursos.com.br\/curso\/age-pa-assistente-administrativo-pacote-2021-pos-edital\/\" target=\"_blank\" rel=\"noreferrer noopener\">Assistente Administrativo<\/a><\/strong><\/td><td class=\"has-text-align-center\" data-align=\"center\">01 + CR<\/td><td class=\"has-text-align-center\" data-align=\"center\">N\u00edvel m\u00e9dio<\/td><td class=\"has-text-align-center\" data-align=\"center\">R$ 1.200,00<\/td><\/tr><\/tbody><\/table><\/figure>\n\n\n\n<h2 class=\"wp-block-heading\" id=\"h-etapas-do-edital-age-pa\">Etapas do edital AGE PA<\/h2>\n\n\n\n<p>A avalia\u00e7\u00e3o dos candidatos ser\u00e1 realizada atrav\u00e9s de at\u00e9 duas etapas, conforme a escolaridade do cargo, todas realizadas na cidade de Bel\u00e9m\/PA.<\/p>\n\n\n\n<ul class=\"wp-block-list\"><li><strong>1\u00aa Etapa \u2013&nbsp;<\/strong>Exame de Avalia\u00e7\u00e3o de Conhecimentos, com Prova Objetiva e Discursiva, de car\u00e1ter eliminat\u00f3rio e classificat\u00f3rio; e<\/li><li><strong>2\u00aa Etapa \u2013&nbsp;<\/strong>Avalia\u00e7\u00e3o de T\u00edtulos, de car\u00e1ter classificat\u00f3rio, a ser realizada apenas para os cargos de N\u00edvel Superior.<\/li><\/ul>\n\n\n\n<h3 class=\"wp-block-heading\" id=\"h-prova-objetiva\">Prova Objetiva<\/h3>\n\n\n\n<p>A Prova Objetiva de m\u00faltipla escolha, de car\u00e1ter eliminat\u00f3rio e classificat\u00f3rio, ser\u00e1 aplicada a todos os candidatos inscritos. Ser\u00e1 atribu\u00edda nota de 0 a 10 pontos. <\/p>\n\n\n\n<p>Esta etapa ser\u00e1 composta de 60 quest\u00f5es conforme as tabelas seguintes:<\/p>\n\n\n\n<ul class=\"wp-block-list\"><li><strong>Assistente Administrativo (N\u00edvel M\u00e9dio):<\/strong><\/li><\/ul>\n\n\n\n<div class=\"wp-block-image\"><figure class=\"aligncenter size-full is-resized\"><img loading=\"lazy\" decoding=\"async\" src=\"https:\/\/dhg1h5j42swfq.cloudfront.net\/2021\/09\/14064442\/image-232.png\" alt=\"provas edital AGE PA\" class=\"wp-image-860438\" width=\"563\" height=\"449\" srcset=\"https:\/\/dhg1h5j42swfq.cloudfront.net\/2021\/09\/14064442\/image-232.png 691w, https:\/\/dhg1h5j42swfq.cloudfront.net\/2021\/09\/14064442\/image-232-300x239.png 300w, https:\/\/dhg1h5j42swfq.cloudfront.net\/2021\/09\/14064442\/image-232-610x486.png 610w\" sizes=\"auto, (max-width: 563px) 100vw, 563px\" \/><\/figure><\/div>\n\n\n\n<ul class=\"wp-block-list\"><li><strong>Auditor de Finan\u00e7as e Controle (N\u00edvel Superior):<\/strong><\/li><\/ul>\n\n\n\n<div class=\"wp-block-image\"><figure class=\"aligncenter size-full is-resized\"><img loading=\"lazy\" decoding=\"async\" src=\"https:\/\/dhg1h5j42swfq.cloudfront.net\/2021\/09\/14064529\/image-233.png\" alt=\"provas edital AGE PA\" class=\"wp-image-860439\" width=\"580\" height=\"374\" srcset=\"https:\/\/dhg1h5j42swfq.cloudfront.net\/2021\/09\/14064529\/image-233.png 688w, https:\/\/dhg1h5j42swfq.cloudfront.net\/2021\/09\/14064529\/image-233-300x194.png 300w, https:\/\/dhg1h5j42swfq.cloudfront.net\/2021\/09\/14064529\/image-233-610x394.png 610w\" sizes=\"auto, (max-width: 580px) 100vw, 580px\" \/><\/figure><\/div>\n\n\n\n<ul class=\"wp-block-list\"><li><strong>T\u00e9cnico em Gest\u00e3o de Inform\u00e1tica (N\u00edvel Superior):<\/strong><\/li><\/ul>\n\n\n\n<div class=\"wp-block-image\"><figure class=\"aligncenter size-full is-resized\"><img loading=\"lazy\" decoding=\"async\" src=\"https:\/\/dhg1h5j42swfq.cloudfront.net\/2021\/09\/14064605\/image-234.png\" alt=\"provas edital AGE PA\" class=\"wp-image-860440\" width=\"572\" height=\"338\" srcset=\"https:\/\/dhg1h5j42swfq.cloudfront.net\/2021\/09\/14064605\/image-234.png 687w, https:\/\/dhg1h5j42swfq.cloudfront.net\/2021\/09\/14064605\/image-234-300x177.png 300w, https:\/\/dhg1h5j42swfq.cloudfront.net\/2021\/09\/14064605\/image-234-610x360.png 610w\" sizes=\"auto, (max-width: 572px) 100vw, 572px\" \/><\/figure><\/div>\n\n\n\n<p>Para cada quest\u00e3o, existir\u00e3o 04 (quatro) alternativas de resposta (A, B, C e D), da qual apenas uma ser\u00e1 correta, de acordo com o comando da quest\u00e3o.<\/p>\n\n\n\n<h3 class=\"wp-block-heading\" id=\"h-prova-discursiva\">Prova Discursiva <\/h3>\n\n\n\n<p>A Prova Discursiva ser\u00e1 aplicada no mesmo dia, turno e dentro dos prazos de dura\u00e7\u00e3o previstos para a realiza\u00e7\u00e3o da Prova Objetiva. Somente ser\u00e3o corrigidas as Provas Discursivas dos candidatos APROVADOS na Prova Objetiva.<\/p>\n\n\n\n<p>\u00c0 esta etapa, ser\u00e1 atribu\u00edda nota de 0 a 10 pontos e consistir\u00e1 na elabora\u00e7\u00e3o de texto dissertativo e (ou) argumentativo, com extens\u00e3o m\u00ednima de 20 linhas e m\u00e1xima de 30 linhas, com base em tema formulado pela banca examinadora, primando pela clareza, precis\u00e3o, consist\u00eancia e concis\u00e3o.<\/p>\n\n\n\n<div class=\"wp-block-image\"><figure class=\"aligncenter size-full is-resized\"><img loading=\"lazy\" decoding=\"async\" src=\"https:\/\/dhg1h5j42swfq.cloudfront.net\/2021\/09\/14064837\/image-235.png\" alt=\"prova discursiva edital AGE PA\" class=\"wp-image-860442\" width=\"621\" height=\"342\" srcset=\"https:\/\/dhg1h5j42swfq.cloudfront.net\/2021\/09\/14064837\/image-235.png 689w, https:\/\/dhg1h5j42swfq.cloudfront.net\/2021\/09\/14064837\/image-235-300x165.png 300w, https:\/\/dhg1h5j42swfq.cloudfront.net\/2021\/09\/14064837\/image-235-610x336.png 610w\" sizes=\"auto, (max-width: 621px) 100vw, 621px\" \/><\/figure><\/div>\n\n\n\n<h3 class=\"wp-block-heading\" id=\"h-avalia-o-de-t-tulos\">Avalia\u00e7\u00e3o de T\u00edtulos<\/h3>\n\n\n\n<p>A Prova de T\u00edtulos, de car\u00e1ter exclusivamente classificat\u00f3rio, ser\u00e1 aplicada aos candidatos inscritos nos cargos de n\u00edvel superior. Esta etapa valer\u00e1 3,0 pontos, ainda que a soma dos valores dos t\u00edtulos apresentados seja superior a esse valor.<\/p>\n\n\n\n<p>Somente ser\u00e3o aceitos os t\u00edtulos a seguir relacionados, expedidos at\u00e9 a data da entrega, observados os limites de pontos do quadro a seguir:<\/p>\n\n\n\n<div class=\"wp-block-image\"><figure class=\"aligncenter size-full is-resized\"><img loading=\"lazy\" decoding=\"async\" src=\"https:\/\/dhg1h5j42swfq.cloudfront.net\/2021\/09\/14065017\/image-236.png\" alt=\"avalia\u00e7\u00e3o de t\u00edtulos \" class=\"wp-image-860443\" width=\"653\" height=\"247\" srcset=\"https:\/\/dhg1h5j42swfq.cloudfront.net\/2021\/09\/14065017\/image-236.png 687w, https:\/\/dhg1h5j42swfq.cloudfront.net\/2021\/09\/14065017\/image-236-300x114.png 300w, https:\/\/dhg1h5j42swfq.cloudfront.net\/2021\/09\/14065017\/image-236-610x232.png 610w\" sizes=\"auto, (max-width: 653px) 100vw, 653px\" \/><\/figure><\/div>\n\n\n\n<h2 class=\"wp-block-heading\" id=\"baixe\">Edital Estrat\u00e9gico AGE PA: baixe gratuitamente<\/h2>\n\n\n\n<p><strong>O que \u00e9 o Edital Estrat\u00e9gico?<\/strong>&nbsp;Trata-se de uma planilha com recursos para ajud\u00e1-los no registro das diferentes tarefas de estudo: teoria, revis\u00e3o e exerc\u00edcios. O registro de cada tarefa ser\u00e1 feito para cada assunto exigido no conte\u00fado program\u00e1tico do edital.<\/p>\n\n\n\n<ul class=\"wp-block-list\"><li><a href=\"https:\/\/dhg1h5j42swfq.cloudfront.net\/2021\/09\/14094234\/edital-estrategico_age-pa_auditor-de-financas-e-controle-1.xlsx\" target=\"_blank\" rel=\"noreferrer noopener nofollow\"><strong>Auditor de Finan\u00e7as e Controle<\/strong><\/a><\/li><li><a href=\"https:\/\/dhg1h5j42swfq.cloudfront.net\/2021\/09\/14094251\/edital-estrategico_age-pa_tecnico-em-gestao-de-informatica.xlsx\" target=\"_blank\" rel=\"noreferrer noopener nofollow\"><strong>T\u00e9cnico em Gest\u00e3o de Inform\u00e1tica<\/strong><\/a><\/li><li><strong><a href=\"https:\/\/dhg1h5j42swfq.cloudfront.net\/2021\/09\/14094309\/edital-estrategico_age-pa_assistente-administrativo.xlsx\" target=\"_blank\" rel=\"noreferrer noopener nofollow\">Assistente Administrativo<\/a><\/strong><\/li><\/ul>\n\n\n\n<hr class=\"wp-block-separator\"\/>\n\n\n\n<h2 class=\"has-text-align-center wp-block-heading\" id=\"cursos\">Quer estudar para o concurso AGE PA?<\/h2>\n\n\n\n<div class=\"container\" id=\"boxes\">\n  <div class=\"row\">\n\n    <div class=\"col-sm\">\n      <div class=\"banner-tcg\" id=\"box-assinatura\">\n        <h3 class=\"titulo-assinatura\">Concurso AGE PA<\/h3>\n        <p class=\"subtitulo-assinatura\">Conhe\u00e7a os cursos<\/p>\n        <div class=\"box-botao\">\n          <a class=\"btn-assinatura\" target=\"_blank\" href=\"https:\/\/www.estrategiaconcursos.com.br\/cursosPorConcurso\/auditoria-geral-do-estado-do-para-age-pa\/\" role=\"button\" rel=\"noopener noreferrer\">Conhe\u00e7a mais<\/a>\n        <\/div>\n      <\/div>\n      \n    <\/div>\n\n  <\/div>\n<\/div>\n\n\n\n<div class=\"container\" id=\"boxes\">\n  <div class=\"row\">\n\n    <div class=\"col-sm\">\n      <div class=\"estrategia\" id=\"box-assinatura\">\n        <h3 class=\"titulo-assinatura\">Assinatura Concursos<\/h3>\n        <p class=\"subtitulo-assinatura\">Assinatura de 1 ano ou 2 anos<\/p>\n        <div class=\"box-botao\">\n          <a class=\"btn-assinatura\" target=\"_blank\" href=\"https:\/\/www.estrategiaconcursos.com.br\/assinaturas\/\" role=\"button\" rel=\"noopener noreferrer\">ASSINE AGORA<\/a>\n        <\/div>\n      <\/div><\/div><\/div><\/div>\n\n\n\n<h2 class=\"has-text-align-center wp-block-heading\" id=\"h-quer-saber-tudo-sobre-concursos-previstos-confira-nossos-artigos\">Quer saber tudo sobre concursos previstos?<br \/>Confira nossos artigos!<\/h2>\n\n\n\n<ul class=\"wp-block-list\"><li><a href=\"https:\/\/www.estrategiaconcursos.com.br\/blog\/concursos-abertos\/\" target=\"_blank\" rel=\"noreferrer noopener\">Concursos abertos<\/a><\/li><li><a href=\"https:\/\/www.estrategiaconcursos.com.br\/blog\/concursos-2021\/\" target=\"_blank\" rel=\"noreferrer noopener\">Concursos 2021<\/a><\/li><li><a href=\"https:\/\/www.estrategiaconcursos.com.br\/blog\/concursos-2022\/\" target=\"_blank\" rel=\"noreferrer noopener\">Concursos 2022<\/a><\/li><\/ul>\n\n\n\n<figure class=\"wp-block-image size-large is-resized\"><img loading=\"lazy\" decoding=\"async\" src=\"https:\/\/dhg1h5j42swfq.cloudfront.net\/2021\/05\/13172440\/ficha-tecnica-1-1024x632-1-13.png\" alt=\"Ficha t\u00e9cnica \" class=\"wp-image-740170\" width=\"260\" height=\"161\" srcset=\"https:\/\/dhg1h5j42swfq.cloudfront.net\/2021\/05\/13172440\/ficha-tecnica-1-1024x632-1-13.png 1024w, https:\/\/dhg1h5j42swfq.cloudfront.net\/2021\/05\/13172440\/ficha-tecnica-1-1024x632-1-13-300x185.png 300w, https:\/\/dhg1h5j42swfq.cloudfront.net\/2021\/05\/13172440\/ficha-tecnica-1-1024x632-1-13-768x474.png 768w, https:\/\/dhg1h5j42swfq.cloudfront.net\/2021\/05\/13172440\/ficha-tecnica-1-1024x632-1-13-610x376.png 610w\" sizes=\"auto, (max-width: 260px) 100vw, 260px\" \/><\/figure>\n\n\n\n<h3 class=\"wp-block-heading\" id=\"ficha-tecnica\">\u25ba<strong>Informa\u00e7\u00f5es do Concurso AGE PA<\/strong><\/h3>\n\n\n\n<ul class=\"wp-block-list\"><li><strong>Data da prova:<\/strong>&nbsp;16\/01\/2022<\/li><li><strong>Vagas<\/strong>: 21<\/li><li><strong>Cargos<\/strong>: Auditor de Finan\u00e7as e Controle; T\u00e9cnico em Gest\u00e3o de Inform\u00e1tica; Assistente Administrativo<\/li><li><strong>Escolaridade<\/strong>: N\u00edveis m\u00e9dio e superior<\/li><li><strong>Banca<\/strong>: Funda\u00e7\u00e3o Cetap<\/li><li><strong>Edital<\/strong>: <a href=\"https:\/\/dhg1h5j42swfq.cloudfront.net\/2021\/09\/14065541\/2021-09-14-doe-13-27.pdf\" target=\"_blank\" rel=\"noreferrer noopener nofollow\">Edital AGE PA 2021<\/a><\/li><\/ul>\n","protected":false},"excerpt":{"rendered":"<p>A Auditoria-Geral do Par\u00e1 tornou p\u00fablicas as primeiras retifica\u00e7\u00f5es no edital do&nbsp;concurso AGE PA. De acordo com a publica\u00e7\u00e3o no&nbsp;Di\u00e1rio Oficial, as altera\u00e7\u00f5es s\u00e3o acerca de disposi\u00e7\u00f5es relacionadas aos candidatos PcDs. Confira, detalhadamente, pelo link abaixo: Retifica\u00e7\u00f5es Ao todo, o edital da Auditoria Geral do Estado do Par\u00e1&nbsp;(AGE PA) oferta 21 vagas, al\u00e9m de forma\u00e7\u00e3o [&hellip;]<\/p>\n","protected":false},"author":1,"featured_media":860344,"comment_status":"open","ping_status":"closed","sticky":false,"template":"","format":"standard","meta":{"post_tipo":"news","footnotes":""},"categories":[220180,220219],"tags":[],"tax_estado":[219977],"class_list":["post-826416","post","type-post","status-publish","format-standard","has-post-thumbnail","hentry","category-controle-gestao","category-noticias","tax_estado-pa"],"acf":[],"yoast_head":"<!-- This site is optimized with the Yoast SEO Premium plugin v27.2 (Yoast SEO v27.2) - https:\/\/yoast.com\/product\/yoast-seo-premium-wordpress\/ -->\n<title>EDITAL AGE PA: retifica\u00e7\u00f5es publicadas. Veja!<\/title>\n<meta name=\"description\" content=\"Edital AGE PA: novas retifica\u00e7\u00f5es publicadas e inscri\u00e7\u00f5es encerradas! S\u00e3o ofertadas 21 vagas para cargos de n\u00edveis m\u00e9dio superior.\" \/>\n<meta name=\"robots\" content=\"index, follow, max-snippet:-1, max-image-preview:large, max-video-preview:-1\" \/>\n<link rel=\"canonical\" href=\"https:\/\/www.estrategiaconcursos.com.br\/blog\/edital-age-pa\/\" \/>\n<meta property=\"og:locale\" content=\"pt_BR\" \/>\n<meta property=\"og:type\" content=\"article\" \/>\n<meta property=\"og:title\" content=\"EDITAL AGE PA: retifica\u00e7\u00f5es publicadas. Veja!\" \/>\n<meta property=\"og:description\" content=\"Edital AGE PA: novas retifica\u00e7\u00f5es publicadas e inscri\u00e7\u00f5es encerradas! S\u00e3o ofertadas 21 vagas para cargos de n\u00edveis m\u00e9dio superior.\" \/>\n<meta property=\"og:url\" content=\"https:\/\/www.estrategiaconcursos.com.br\/blog\/edital-age-pa\/\" \/>\n<meta property=\"og:site_name\" content=\"Estrat\u00e9gia Concursos\" \/>\n<meta property=\"article:author\" content=\"https:\/\/www.facebook.com\/EstrategiaConcursos\" \/>\n<meta property=\"article:published_time\" content=\"2021-11-12T02:59:00+00:00\" \/>\n<meta property=\"article:modified_time\" content=\"2021-12-01T13:52:32+00:00\" \/>\n<meta property=\"og:image\" content=\"https:\/\/dhg1h5j42swfq.cloudfront.net\/2021\/09\/13204023\/12-1.jpg\" \/>\n\t<meta property=\"og:image:width\" content=\"1200\" \/>\n\t<meta property=\"og:image:height\" content=\"628\" \/>\n\t<meta property=\"og:image:type\" content=\"image\/jpeg\" \/>\n<meta name=\"author\" content=\"Coordena\u00e7\u00e3o\" \/>\n<meta name=\"twitter:card\" content=\"summary_large_image\" \/>\n<meta name=\"twitter:creator\" content=\"@EstratConcursos\" \/>\n<meta name=\"twitter:site\" content=\"@EstratConcursos\" \/>\n<meta name=\"twitter:label1\" content=\"Escrito por\" \/>\n\t<meta name=\"twitter:data1\" content=\"Coordena\u00e7\u00e3o\" \/>\n\t<meta name=\"twitter:label2\" content=\"Est. tempo de leitura\" \/>\n\t<meta name=\"twitter:data2\" content=\"4 minutos\" \/>\n<script type=\"application\/ld+json\" class=\"yoast-schema-graph\">{\"@context\":\"https:\/\/schema.org\",\"@graph\":[{\"@type\":\"NewsArticle\",\"@id\":\"https:\/\/www.estrategiaconcursos.com.br\/blog\/edital-age-pa\/#article\",\"isPartOf\":{\"@id\":\"https:\/\/www.estrategiaconcursos.com.br\/blog\/edital-age-pa\/\"},\"author\":{\"name\":\"Coordena\u00e7\u00e3o\",\"@id\":\"https:\/\/www.estrategiaconcursos.com.br\/blog\/#\/schema\/person\/b4a388c97673c5f483d72185668afa1f\"},\"headline\":\"EDITAL AGE PA: retifica\u00e7\u00f5es publicadas. Veja!\",\"datePublished\":\"2021-11-12T02:59:00+00:00\",\"dateModified\":\"2021-12-01T13:52:32+00:00\",\"mainEntityOfPage\":{\"@id\":\"https:\/\/www.estrategiaconcursos.com.br\/blog\/edital-age-pa\/\"},\"wordCount\":701,\"commentCount\":0,\"publisher\":{\"@id\":\"https:\/\/www.estrategiaconcursos.com.br\/blog\/#organization\"},\"image\":{\"@id\":\"https:\/\/www.estrategiaconcursos.com.br\/blog\/edital-age-pa\/#primaryimage\"},\"thumbnailUrl\":\"https:\/\/dhg1h5j42swfq.cloudfront.net\/2021\/09\/13204023\/12-1.jpg\",\"articleSection\":[\"Controladorias\/Gest\u00e3o (CGU, CGE, STN, EPPGG)\",\"\u00daltimas not\u00edcias\"],\"inLanguage\":\"pt-BR\",\"potentialAction\":[{\"@type\":\"CommentAction\",\"name\":\"Comment\",\"target\":[\"https:\/\/www.estrategiaconcursos.com.br\/blog\/edital-age-pa\/#respond\"]}],\"copyrightYear\":\"2021\",\"copyrightHolder\":{\"@id\":\"https:\/\/www.estrategiaconcursos.com.br\/blog\/#organization\"}},{\"@type\":\"WebPage\",\"@id\":\"https:\/\/www.estrategiaconcursos.com.br\/blog\/edital-age-pa\/\",\"url\":\"https:\/\/www.estrategiaconcursos.com.br\/blog\/edital-age-pa\/\",\"name\":\"EDITAL AGE PA: retifica\u00e7\u00f5es publicadas. Veja!\",\"isPartOf\":{\"@id\":\"https:\/\/www.estrategiaconcursos.com.br\/blog\/#website\"},\"primaryImageOfPage\":{\"@id\":\"https:\/\/www.estrategiaconcursos.com.br\/blog\/edital-age-pa\/#primaryimage\"},\"image\":{\"@id\":\"https:\/\/www.estrategiaconcursos.com.br\/blog\/edital-age-pa\/#primaryimage\"},\"thumbnailUrl\":\"https:\/\/dhg1h5j42swfq.cloudfront.net\/2021\/09\/13204023\/12-1.jpg\",\"datePublished\":\"2021-11-12T02:59:00+00:00\",\"dateModified\":\"2021-12-01T13:52:32+00:00\",\"description\":\"Edital AGE PA: novas retifica\u00e7\u00f5es publicadas e inscri\u00e7\u00f5es encerradas! S\u00e3o ofertadas 21 vagas para cargos de n\u00edveis m\u00e9dio superior.\",\"breadcrumb\":{\"@id\":\"https:\/\/www.estrategiaconcursos.com.br\/blog\/edital-age-pa\/#breadcrumb\"},\"inLanguage\":\"pt-BR\",\"potentialAction\":[{\"@type\":\"ReadAction\",\"target\":[\"https:\/\/www.estrategiaconcursos.com.br\/blog\/edital-age-pa\/\"]}]},{\"@type\":\"ImageObject\",\"inLanguage\":\"pt-BR\",\"@id\":\"https:\/\/www.estrategiaconcursos.com.br\/blog\/edital-age-pa\/#primaryimage\",\"url\":\"https:\/\/dhg1h5j42swfq.cloudfront.net\/2021\/09\/13204023\/12-1.jpg\",\"contentUrl\":\"https:\/\/dhg1h5j42swfq.cloudfront.net\/2021\/09\/13204023\/12-1.jpg\",\"width\":1200,\"height\":628,\"caption\":\"Concurso AGE PA resultado\"},{\"@type\":\"BreadcrumbList\",\"@id\":\"https:\/\/www.estrategiaconcursos.com.br\/blog\/edital-age-pa\/#breadcrumb\",\"itemListElement\":[{\"@type\":\"ListItem\",\"position\":1,\"name\":\"In\u00edcio\",\"item\":\"https:\/\/www.estrategiaconcursos.com.br\/blog\/\"},{\"@type\":\"ListItem\",\"position\":2,\"name\":\"EDITAL AGE PA: retifica\u00e7\u00f5es publicadas. Veja!\"}]},{\"@type\":\"WebSite\",\"@id\":\"https:\/\/www.estrategiaconcursos.com.br\/blog\/#website\",\"url\":\"https:\/\/www.estrategiaconcursos.com.br\/blog\/\",\"name\":\"Estrat\u00e9gia Concursos\",\"description\":\"O blog da Estrat\u00e9gia Concursos traz not\u00edcias sobre concursos e artigos de professores oferecendo cursos para concursos (pdf + videaulas) no site.\",\"publisher\":{\"@id\":\"https:\/\/www.estrategiaconcursos.com.br\/blog\/#organization\"},\"potentialAction\":[{\"@type\":\"SearchAction\",\"target\":{\"@type\":\"EntryPoint\",\"urlTemplate\":\"https:\/\/www.estrategiaconcursos.com.br\/blog\/?s={search_term_string}\"},\"query-input\":{\"@type\":\"PropertyValueSpecification\",\"valueRequired\":true,\"valueName\":\"search_term_string\"}}],\"inLanguage\":\"pt-BR\"},{\"@type\":\"Organization\",\"@id\":\"https:\/\/www.estrategiaconcursos.com.br\/blog\/#organization\",\"name\":\"Estrat\u00e9gia Concursos\",\"url\":\"https:\/\/www.estrategiaconcursos.com.br\/blog\/\",\"logo\":{\"@type\":\"ImageObject\",\"inLanguage\":\"pt-BR\",\"@id\":\"https:\/\/www.estrategiaconcursos.com.br\/blog\/#\/schema\/logo\/image\/\",\"url\":\"https:\/\/dhg1h5j42swfq.cloudfront.net\/2025\/06\/03203428\/logo_concursos-1.jpg\",\"contentUrl\":\"https:\/\/dhg1h5j42swfq.cloudfront.net\/2025\/06\/03203428\/logo_concursos-1.jpg\",\"width\":230,\"height\":60,\"caption\":\"Estrat\u00e9gia Concursos\"},\"image\":{\"@id\":\"https:\/\/www.estrategiaconcursos.com.br\/blog\/#\/schema\/logo\/image\/\"},\"sameAs\":[\"https:\/\/x.com\/EstratConcursos\"]},{\"@type\":\"Person\",\"@id\":\"https:\/\/www.estrategiaconcursos.com.br\/blog\/#\/schema\/person\/b4a388c97673c5f483d72185668afa1f\",\"name\":\"Coordena\u00e7\u00e3o\",\"image\":{\"@type\":\"ImageObject\",\"inLanguage\":\"pt-BR\",\"@id\":\"https:\/\/secure.gravatar.com\/avatar\/b720319e4c9a967eb58678d110f4fe35452fc5d5f97b202bac7b8acceb18c6ad?s=96&d=mm&r=g\",\"url\":\"https:\/\/secure.gravatar.com\/avatar\/b720319e4c9a967eb58678d110f4fe35452fc5d5f97b202bac7b8acceb18c6ad?s=96&d=mm&r=g\",\"contentUrl\":\"https:\/\/secure.gravatar.com\/avatar\/b720319e4c9a967eb58678d110f4fe35452fc5d5f97b202bac7b8acceb18c6ad?s=96&d=mm&r=g\",\"caption\":\"Coordena\u00e7\u00e3o\"},\"sameAs\":[\"https:\/\/www.facebook.com\/EstrategiaConcursos\",\"https:\/\/x.com\/EstratConcursos\"],\"url\":\"https:\/\/www.estrategiaconcursos.com.br\/blog\/author\/estrategia2013\/\"}]}<\/script>\n<!-- \/ Yoast SEO Premium plugin. -->","yoast_head_json":{"title":"EDITAL AGE PA: retifica\u00e7\u00f5es publicadas. Veja!","description":"Edital AGE PA: novas retifica\u00e7\u00f5es publicadas e inscri\u00e7\u00f5es encerradas! S\u00e3o ofertadas 21 vagas para cargos de n\u00edveis m\u00e9dio superior.","robots":{"index":"index","follow":"follow","max-snippet":"max-snippet:-1","max-image-preview":"max-image-preview:large","max-video-preview":"max-video-preview:-1"},"canonical":"https:\/\/www.estrategiaconcursos.com.br\/blog\/edital-age-pa\/","og_locale":"pt_BR","og_type":"article","og_title":"EDITAL AGE PA: retifica\u00e7\u00f5es publicadas. Veja!","og_description":"Edital AGE PA: novas retifica\u00e7\u00f5es publicadas e inscri\u00e7\u00f5es encerradas! S\u00e3o ofertadas 21 vagas para cargos de n\u00edveis m\u00e9dio superior.","og_url":"https:\/\/www.estrategiaconcursos.com.br\/blog\/edital-age-pa\/","og_site_name":"Estrat\u00e9gia Concursos","article_author":"https:\/\/www.facebook.com\/EstrategiaConcursos","article_published_time":"2021-11-12T02:59:00+00:00","article_modified_time":"2021-12-01T13:52:32+00:00","og_image":[{"width":1200,"height":628,"url":"https:\/\/dhg1h5j42swfq.cloudfront.net\/2021\/09\/13204023\/12-1.jpg","type":"image\/jpeg"}],"author":"Coordena\u00e7\u00e3o","twitter_card":"summary_large_image","twitter_creator":"@EstratConcursos","twitter_site":"@EstratConcursos","twitter_misc":{"Escrito por":"Coordena\u00e7\u00e3o","Est. tempo de leitura":"4 minutos"},"schema":{"@context":"https:\/\/schema.org","@graph":[{"@type":"NewsArticle","@id":"https:\/\/www.estrategiaconcursos.com.br\/blog\/edital-age-pa\/#article","isPartOf":{"@id":"https:\/\/www.estrategiaconcursos.com.br\/blog\/edital-age-pa\/"},"author":{"name":"Coordena\u00e7\u00e3o","@id":"https:\/\/www.estrategiaconcursos.com.br\/blog\/#\/schema\/person\/b4a388c97673c5f483d72185668afa1f"},"headline":"EDITAL AGE PA: retifica\u00e7\u00f5es publicadas. Veja!","datePublished":"2021-11-12T02:59:00+00:00","dateModified":"2021-12-01T13:52:32+00:00","mainEntityOfPage":{"@id":"https:\/\/www.estrategiaconcursos.com.br\/blog\/edital-age-pa\/"},"wordCount":701,"commentCount":0,"publisher":{"@id":"https:\/\/www.estrategiaconcursos.com.br\/blog\/#organization"},"image":{"@id":"https:\/\/www.estrategiaconcursos.com.br\/blog\/edital-age-pa\/#primaryimage"},"thumbnailUrl":"https:\/\/dhg1h5j42swfq.cloudfront.net\/2021\/09\/13204023\/12-1.jpg","articleSection":["Controladorias\/Gest\u00e3o (CGU, CGE, STN, EPPGG)","\u00daltimas not\u00edcias"],"inLanguage":"pt-BR","potentialAction":[{"@type":"CommentAction","name":"Comment","target":["https:\/\/www.estrategiaconcursos.com.br\/blog\/edital-age-pa\/#respond"]}],"copyrightYear":"2021","copyrightHolder":{"@id":"https:\/\/www.estrategiaconcursos.com.br\/blog\/#organization"}},{"@type":"WebPage","@id":"https:\/\/www.estrategiaconcursos.com.br\/blog\/edital-age-pa\/","url":"https:\/\/www.estrategiaconcursos.com.br\/blog\/edital-age-pa\/","name":"EDITAL AGE PA: retifica\u00e7\u00f5es publicadas. Veja!","isPartOf":{"@id":"https:\/\/www.estrategiaconcursos.com.br\/blog\/#website"},"primaryImageOfPage":{"@id":"https:\/\/www.estrategiaconcursos.com.br\/blog\/edital-age-pa\/#primaryimage"},"image":{"@id":"https:\/\/www.estrategiaconcursos.com.br\/blog\/edital-age-pa\/#primaryimage"},"thumbnailUrl":"https:\/\/dhg1h5j42swfq.cloudfront.net\/2021\/09\/13204023\/12-1.jpg","datePublished":"2021-11-12T02:59:00+00:00","dateModified":"2021-12-01T13:52:32+00:00","description":"Edital AGE PA: novas retifica\u00e7\u00f5es publicadas e inscri\u00e7\u00f5es encerradas! S\u00e3o ofertadas 21 vagas para cargos de n\u00edveis m\u00e9dio superior.","breadcrumb":{"@id":"https:\/\/www.estrategiaconcursos.com.br\/blog\/edital-age-pa\/#breadcrumb"},"inLanguage":"pt-BR","potentialAction":[{"@type":"ReadAction","target":["https:\/\/www.estrategiaconcursos.com.br\/blog\/edital-age-pa\/"]}]},{"@type":"ImageObject","inLanguage":"pt-BR","@id":"https:\/\/www.estrategiaconcursos.com.br\/blog\/edital-age-pa\/#primaryimage","url":"https:\/\/dhg1h5j42swfq.cloudfront.net\/2021\/09\/13204023\/12-1.jpg","contentUrl":"https:\/\/dhg1h5j42swfq.cloudfront.net\/2021\/09\/13204023\/12-1.jpg","width":1200,"height":628,"caption":"Concurso AGE PA resultado"},{"@type":"BreadcrumbList","@id":"https:\/\/www.estrategiaconcursos.com.br\/blog\/edital-age-pa\/#breadcrumb","itemListElement":[{"@type":"ListItem","position":1,"name":"In\u00edcio","item":"https:\/\/www.estrategiaconcursos.com.br\/blog\/"},{"@type":"ListItem","position":2,"name":"EDITAL AGE PA: retifica\u00e7\u00f5es publicadas. Veja!"}]},{"@type":"WebSite","@id":"https:\/\/www.estrategiaconcursos.com.br\/blog\/#website","url":"https:\/\/www.estrategiaconcursos.com.br\/blog\/","name":"Estrat\u00e9gia Concursos","description":"O blog da Estrat\u00e9gia Concursos traz not\u00edcias sobre concursos e artigos de professores oferecendo cursos para concursos (pdf + videaulas) no site.","publisher":{"@id":"https:\/\/www.estrategiaconcursos.com.br\/blog\/#organization"},"potentialAction":[{"@type":"SearchAction","target":{"@type":"EntryPoint","urlTemplate":"https:\/\/www.estrategiaconcursos.com.br\/blog\/?s={search_term_string}"},"query-input":{"@type":"PropertyValueSpecification","valueRequired":true,"valueName":"search_term_string"}}],"inLanguage":"pt-BR"},{"@type":"Organization","@id":"https:\/\/www.estrategiaconcursos.com.br\/blog\/#organization","name":"Estrat\u00e9gia Concursos","url":"https:\/\/www.estrategiaconcursos.com.br\/blog\/","logo":{"@type":"ImageObject","inLanguage":"pt-BR","@id":"https:\/\/www.estrategiaconcursos.com.br\/blog\/#\/schema\/logo\/image\/","url":"https:\/\/dhg1h5j42swfq.cloudfront.net\/2025\/06\/03203428\/logo_concursos-1.jpg","contentUrl":"https:\/\/dhg1h5j42swfq.cloudfront.net\/2025\/06\/03203428\/logo_concursos-1.jpg","width":230,"height":60,"caption":"Estrat\u00e9gia Concursos"},"image":{"@id":"https:\/\/www.estrategiaconcursos.com.br\/blog\/#\/schema\/logo\/image\/"},"sameAs":["https:\/\/x.com\/EstratConcursos"]},{"@type":"Person","@id":"https:\/\/www.estrategiaconcursos.com.br\/blog\/#\/schema\/person\/b4a388c97673c5f483d72185668afa1f","name":"Coordena\u00e7\u00e3o","image":{"@type":"ImageObject","inLanguage":"pt-BR","@id":"https:\/\/secure.gravatar.com\/avatar\/b720319e4c9a967eb58678d110f4fe35452fc5d5f97b202bac7b8acceb18c6ad?s=96&d=mm&r=g","url":"https:\/\/secure.gravatar.com\/avatar\/b720319e4c9a967eb58678d110f4fe35452fc5d5f97b202bac7b8acceb18c6ad?s=96&d=mm&r=g","contentUrl":"https:\/\/secure.gravatar.com\/avatar\/b720319e4c9a967eb58678d110f4fe35452fc5d5f97b202bac7b8acceb18c6ad?s=96&d=mm&r=g","caption":"Coordena\u00e7\u00e3o"},"sameAs":["https:\/\/www.facebook.com\/EstrategiaConcursos","https:\/\/x.com\/EstratConcursos"],"url":"https:\/\/www.estrategiaconcursos.com.br\/blog\/author\/estrategia2013\/"}]}},"_links":{"self":[{"href":"https:\/\/www.estrategiaconcursos.com.br\/blog\/wp-json\/wp\/v2\/posts\/826416","targetHints":{"allow":["GET"]}}],"collection":[{"href":"https:\/\/www.estrategiaconcursos.com.br\/blog\/wp-json\/wp\/v2\/posts"}],"about":[{"href":"https:\/\/www.estrategiaconcursos.com.br\/blog\/wp-json\/wp\/v2\/types\/post"}],"author":[{"embeddable":true,"href":"https:\/\/www.estrategiaconcursos.com.br\/blog\/wp-json\/wp\/v2\/users\/1"}],"replies":[{"embeddable":true,"href":"https:\/\/www.estrategiaconcursos.com.br\/blog\/wp-json\/wp\/v2\/comments?post=826416"}],"version-history":[{"count":18,"href":"https:\/\/www.estrategiaconcursos.com.br\/blog\/wp-json\/wp\/v2\/posts\/826416\/revisions"}],"predecessor-version":[{"id":919869,"href":"https:\/\/www.estrategiaconcursos.com.br\/blog\/wp-json\/wp\/v2\/posts\/826416\/revisions\/919869"}],"wp:featuredmedia":[{"embeddable":true,"href":"https:\/\/www.estrategiaconcursos.com.br\/blog\/wp-json\/wp\/v2\/media\/860344"}],"wp:attachment":[{"href":"https:\/\/www.estrategiaconcursos.com.br\/blog\/wp-json\/wp\/v2\/media?parent=826416"}],"wp:term":[{"taxonomy":"category","embeddable":true,"href":"https:\/\/www.estrategiaconcursos.com.br\/blog\/wp-json\/wp\/v2\/categories?post=826416"},{"taxonomy":"post_tag","embeddable":true,"href":"https:\/\/www.estrategiaconcursos.com.br\/blog\/wp-json\/wp\/v2\/tags?post=826416"},{"taxonomy":"tax_estado","embeddable":true,"href":"https:\/\/www.estrategiaconcursos.com.br\/blog\/wp-json\/wp\/v2\/tax_estado?post=826416"}],"curies":[{"name":"wp","href":"https:\/\/api.w.org\/{rel}","templated":true}]}}