{"id":82563,"date":"2017-07-25T09:10:37","date_gmt":"2017-07-25T12:10:37","guid":{"rendered":"https:\/\/www.estrategiaconcursos.com.br\/blog\/?p=82563"},"modified":"2017-07-25T09:10:37","modified_gmt":"2017-07-25T12:10:37","slug":"voce-nao-e-especial-ainda-bem","status":"publish","type":"post","link":"https:\/\/www.estrategiaconcursos.com.br\/blog\/voce-nao-e-especial-ainda-bem\/","title":{"rendered":"Voc\u00ea N\u00c3O \u00e9 especial. Ainda bem!"},"content":{"rendered":"<p class=\"font_8\" style=\"text-align: justify\"><span style=\"font-family: verdana, geneva, sans-serif;color: #000080\"><strong>Lembra de quando voc\u00ea teve sua primeira paix\u00e3o da adolesc\u00eancia? Lembra de como voc\u00ea tinha a mais plena certeza de que NINGU\u00c9M NO MUNDO j\u00e1 tinha se sentido daquela forma? Que NINGU\u00c9M poderia entender a magnitude daquele sentimento t\u00e3\u00e3\u00e3\u00e3o bom? E lembra de quando voc\u00ea &#8220;desgostou&#8221; do primeiro amor e vieram o segundo, o terceiro, o quarto&#8230; que foram t\u00e3o ou at\u00e9 mais especiais? Ent\u00e3o. Isso s\u00f3 prova que tudo o que a gente sente a\u00a0esmagadora maioria das pessoas j\u00e1 sentiu parecido. De bom e de ruim.\u00a0Caso contr\u00e1rio, como voc\u00ea poderia ser &#8220;Par Perfeito&#8221; daquela galera toda?\u00a0<\/strong><\/span><\/p>\n<p class=\"font_8\" style=\"text-align: justify\"><span style=\"font-family: verdana, geneva, sans-serif\"><strong>\u00a0<\/strong><\/span><\/p>\n<p class=\"font_8\" style=\"text-align: justify\"><span style=\"font-family: verdana, geneva, sans-serif\"><strong><span style=\"color: #ff0000\">As desilus\u00f5es seguem a mesma l\u00f3gica.\u00a0<\/span><\/strong>Pensa no primeiro t\u00e9rmino de namoro. Aquele fim do qual parecia que voc\u00ea nunca iria se recuperar. NINGU\u00c9M poderia entender o tamanho do seu sofrimento&#8230; at\u00e9 que voc\u00ea e seus amigos passaram por ele umas 300 vezes.<strong>\u00a0<span style=\"color: #0000ff\">Foi a\u00ed que voc\u00ea come\u00e7ou a notar um padr\u00e3o, n\u00e3o?\u00a0<\/span><\/strong>Come\u00e7ou a perceber que seus sentimentos s\u00e3o bem parecidos com os dos seus amigos. O que voc\u00ea n\u00e3o imaginava ainda \u00e9 que tamb\u00e9m s\u00e3o extremamente similares aos de pessoas que voc\u00ea nem conhece.<\/span><\/p>\n<p class=\"font_8\" style=\"text-align: justify\"><span style=\"font-family: verdana, geneva, sans-serif\"><strong>\u00a0<\/strong><\/span><\/p>\n<p class=\"font_8\" style=\"text-align: justify\"><span style=\"font-family: verdana, geneva, sans-serif;color: #0000ff\"><strong>Quando eu era concurseira eu achava que S\u00d3 EU esquecia mat\u00e9ria, chorava, tinha dificuldade com cercas bancas, conseguia a proeza de errar um monte de quest\u00f5es que tinha acertado um m\u00eas antes. A \u00daNICA DO BRASIL que sofria por n\u00e3o ter nenhuma garantia no processo, que passava raiva com perguntas inconvenientes de conhecidos, que perdia a f\u00e9 de vez em quando. S\u00d3 EU, GABI, que achava o material de estudo caro, que ficava arrasada quando eu comparava minha vida com a dos outros e que dava sangue, suor e l\u00e1grimas diariamente para me sentir um fracasso toda noite que n\u00e3o batia meta. S\u00d3 EU lia devagar, me embolava para manter as revis\u00f5es em dia. S\u00d3 EU quase enfartava com not\u00edcias falsas de que o edital tinha sa\u00eddo antes do previsto. Eu me achava MUITO ESPECIAL! N\u00e3o especial no sentido de melhor do que os outros. Especial no sentido de que eu achava meus sentimentos \u00daNICOS. N\u00e3o eram. N\u00e3o s\u00e3o. N\u00e3o ser\u00e3o.<\/strong><\/span><\/p>\n<p class=\"font_8\" style=\"text-align: justify\"><span style=\"font-family: verdana, geneva, sans-serif\"><strong>\u00a0<\/strong><\/span><\/p>\n<p class=\"font_8\" style=\"text-align: justify\"><span style=\"font-family: verdana, geneva, sans-serif\"><strong><span style=\"color: #ff0000\">Da\u00ed eu passei e me tornei professora de voc\u00eas. Eu sempre recebi muitos emails com d\u00favidas e milhares com desabafos. Para minha surpresa, a &#8220;voz&#8221; em cada email soava exatamente como a minha anos atr\u00e1s.<\/span>\u00a0<\/strong>Da\u00ed eu me tornei coach em 2013 e fiquei mais perto ainda de voc\u00eas. Mergulhada na realidade dos meus coachees e bem perto da realidade dos que me leem e me escrevem.\u00a0<span style=\"color: #0000ff\"><strong>Foi a\u00ed que tive a mais absoluta convic\u00e7\u00e3o de que &#8211; mesmo com todas as particularidades &#8211; SOMOS TODOS IGUAIS.\u00a0<\/strong><\/span>O que voc\u00ea sente seu concorrente tamb\u00e9m sente. Desde a\u00a0euforia do &#8220;acho que vai dar p\u00e9&#8221; at\u00e9\u00a0o medo de &#8220;concurso n\u00e3o \u00e9 para mim&#8221;.\u00a0<\/span><\/p>\n<p class=\"font_8\" style=\"text-align: justify\"><span style=\"font-family: verdana, geneva, sans-serif\"><strong>\u00a0<\/strong><\/span><\/p>\n<p class=\"font_8\" style=\"text-align: justify\"><span style=\"font-family: verdana, geneva, sans-serif\">Quer outra prova de que &#8211; gra\u00e7as a Deus &#8211; n\u00e3o somos especiais? Alguns de voc\u00eas ficam chocados com alguns artigos e juram que eu tenho poderes medi\u00fanicos. Na verdade, eu n\u00e3o adivinho o que voc\u00eas sentem. Eu s\u00f3 conto o que EU senti.\u00a0<span style=\"color: #0000ff\"><strong>E sabe porque voc\u00eas gostam de ler artigos assim e se sentem amparados e mais tranquilos? Porque percebem que N\u00c3O S\u00c3O ESPECIAIS. Que o\u00a0que sentem \u00e9 leg\u00edtimo, n\u00e3o um del\u00edrio\/frescura\/fraqueza. Voc\u00ea sente\u00a0o que qualquer ser humano sentiria no seu lugar. Situa\u00e7\u00f5es parecidas. Sentimentos parecidos.\u00a0<\/strong><\/span><\/span><\/p>\n<p class=\"font_8\" style=\"text-align: justify\"><strong><span style=\"font-family: verdana, geneva, sans-serif\">\u00a0<\/span><\/strong><\/p>\n<p class=\"font_8\" style=\"text-align: justify\"><span style=\"font-family: verdana, geneva, sans-serif\"><span style=\"color: #ff0000\"><strong>Fica tranquilo. Voc\u00ea n\u00e3o \u00e9 PIOR OU MAIS FRACO do que ningu\u00e9m.<\/strong><\/span>\u00a0Em tempos de instagram com postagem de carga hor\u00e1ria de estudo do dia, voc\u00ea compara sua realidade \u00e0 realidade parcial (a escolhida para ser exposta) do outro. Essa concorr\u00eancia sim \u00e9 desleal. Eu que estou &#8220;nos bastidores&#8221; te conto a real:\u00a0<span style=\"color: #0000ff\"><strong>TODOS VOC\u00caS, eu, os auditores da Receita, os Ju\u00edzes Federais, seu vizinho sem no\u00e7\u00e3o, sua prima chata, o primeiro lugar no concurso&#8230; SOMOS TODOS IGUAIZINHOS. Ainda bem, n\u00e9?\u00a0<\/strong><\/span><\/span><\/p>\n<p class=\"font_8\" style=\"text-align: justify\"><span style=\"font-family: verdana, geneva, sans-serif\"><strong>\u00a0<\/strong><\/span><\/p>\n<p class=\"font_8\" style=\"text-align: justify\"><span style=\"font-family: verdana, geneva, sans-serif\"><strong><span class=\"color_2\">Beijo!<\/span><\/strong><\/span><\/p>\n<p class=\"font_8\" style=\"text-align: justify\"><span style=\"font-family: verdana, geneva, sans-serif\"><strong>\u00a0<\/strong><\/span><\/p>\n<p class=\"font_8\" style=\"text-align: justify\"><span style=\"font-family: verdana, geneva, sans-serif\"><strong><span class=\"color_2\">Gabi<\/span><\/strong><\/span><\/p>\n","protected":false},"excerpt":{"rendered":"<p>Lembra de quando voc\u00ea teve sua primeira paix\u00e3o da adolesc\u00eancia? Lembra de como voc\u00ea tinha a mais plena certeza de que NINGU\u00c9M NO MUNDO j\u00e1 tinha se sentido daquela forma? Que NINGU\u00c9M poderia entender a magnitude daquele sentimento t\u00e3\u00e3\u00e3\u00e3o bom? E lembra de quando voc\u00ea &#8220;desgostou&#8221; do primeiro amor e vieram o segundo, o terceiro, [&hellip;]<\/p>\n","protected":false},"author":423,"featured_media":0,"comment_status":"open","ping_status":"open","sticky":false,"template":"","format":"standard","meta":{"post_tipo":"article","footnotes":""},"categories":[1],"tags":[],"tax_estado":[],"class_list":["post-82563","post","type-post","status-publish","format-standard","hentry","category-cursos-e-concursos"],"acf":[],"yoast_head":"<!-- This site is optimized with the Yoast SEO Premium plugin v27.2 (Yoast SEO v27.2) - https:\/\/yoast.com\/product\/yoast-seo-premium-wordpress\/ -->\n<title>Voc\u00ea N\u00c3O \u00e9 especial. Ainda bem!<\/title>\n<meta name=\"robots\" content=\"index, follow, max-snippet:-1, max-image-preview:large, max-video-preview:-1\" \/>\n<link rel=\"canonical\" href=\"https:\/\/www.estrategiaconcursos.com.br\/blog\/voce-nao-e-especial-ainda-bem\/\" \/>\n<meta property=\"og:locale\" content=\"pt_BR\" \/>\n<meta property=\"og:type\" content=\"article\" \/>\n<meta property=\"og:title\" content=\"Voc\u00ea N\u00c3O \u00e9 especial. Ainda bem!\" \/>\n<meta property=\"og:description\" content=\"Lembra de quando voc\u00ea teve sua primeira paix\u00e3o da adolesc\u00eancia? Lembra de como voc\u00ea tinha a mais plena certeza de que NINGU\u00c9M NO MUNDO j\u00e1 tinha se sentido daquela forma? Que NINGU\u00c9M poderia entender a magnitude daquele sentimento t\u00e3\u00e3\u00e3\u00e3o bom? E lembra de quando voc\u00ea &#8220;desgostou&#8221; do primeiro amor e vieram o segundo, o terceiro, [&hellip;]\" \/>\n<meta property=\"og:url\" content=\"https:\/\/www.estrategiaconcursos.com.br\/blog\/voce-nao-e-especial-ainda-bem\/\" \/>\n<meta property=\"og:site_name\" content=\"Estrat\u00e9gia Concursos\" \/>\n<meta property=\"article:published_time\" content=\"2017-07-25T12:10:37+00:00\" \/>\n<meta name=\"author\" content=\"Gabriela Knoblauch\" \/>\n<meta name=\"twitter:card\" content=\"summary_large_image\" \/>\n<meta name=\"twitter:creator\" content=\"@EstratConcursos\" \/>\n<meta name=\"twitter:site\" content=\"@EstratConcursos\" \/>\n<meta name=\"twitter:label1\" content=\"Escrito por\" \/>\n\t<meta name=\"twitter:data1\" content=\"Gabriela Knoblauch\" \/>\n\t<meta name=\"twitter:label2\" content=\"Est. tempo de leitura\" \/>\n\t<meta name=\"twitter:data2\" content=\"3 minutos\" \/>\n<script type=\"application\/ld+json\" class=\"yoast-schema-graph\">{\"@context\":\"https:\/\/schema.org\",\"@graph\":[{\"@type\":\"NewsArticle\",\"@id\":\"https:\/\/www.estrategiaconcursos.com.br\/blog\/voce-nao-e-especial-ainda-bem\/#article\",\"isPartOf\":{\"@id\":\"https:\/\/www.estrategiaconcursos.com.br\/blog\/voce-nao-e-especial-ainda-bem\/\"},\"author\":{\"name\":\"Gabriela Knoblauch\",\"@id\":\"https:\/\/www.estrategiaconcursos.com.br\/blog\/#\/schema\/person\/622d93253cb9ef3af014a0ce658d184a\"},\"headline\":\"Voc\u00ea N\u00c3O \u00e9 especial. Ainda bem!\",\"datePublished\":\"2017-07-25T12:10:37+00:00\",\"mainEntityOfPage\":{\"@id\":\"https:\/\/www.estrategiaconcursos.com.br\/blog\/voce-nao-e-especial-ainda-bem\/\"},\"wordCount\":694,\"commentCount\":26,\"publisher\":{\"@id\":\"https:\/\/www.estrategiaconcursos.com.br\/blog\/#organization\"},\"articleSection\":[\"Concursos P\u00fablicos\"],\"inLanguage\":\"pt-BR\",\"potentialAction\":[{\"@type\":\"CommentAction\",\"name\":\"Comment\",\"target\":[\"https:\/\/www.estrategiaconcursos.com.br\/blog\/voce-nao-e-especial-ainda-bem\/#respond\"]}],\"copyrightYear\":\"2017\",\"copyrightHolder\":{\"@id\":\"https:\/\/www.estrategiaconcursos.com.br\/blog\/#organization\"}},{\"@type\":\"WebPage\",\"@id\":\"https:\/\/www.estrategiaconcursos.com.br\/blog\/voce-nao-e-especial-ainda-bem\/\",\"url\":\"https:\/\/www.estrategiaconcursos.com.br\/blog\/voce-nao-e-especial-ainda-bem\/\",\"name\":\"Voc\u00ea N\u00c3O \u00e9 especial. Ainda bem!\",\"isPartOf\":{\"@id\":\"https:\/\/www.estrategiaconcursos.com.br\/blog\/#website\"},\"datePublished\":\"2017-07-25T12:10:37+00:00\",\"breadcrumb\":{\"@id\":\"https:\/\/www.estrategiaconcursos.com.br\/blog\/voce-nao-e-especial-ainda-bem\/#breadcrumb\"},\"inLanguage\":\"pt-BR\",\"potentialAction\":[{\"@type\":\"ReadAction\",\"target\":[\"https:\/\/www.estrategiaconcursos.com.br\/blog\/voce-nao-e-especial-ainda-bem\/\"]}]},{\"@type\":\"BreadcrumbList\",\"@id\":\"https:\/\/www.estrategiaconcursos.com.br\/blog\/voce-nao-e-especial-ainda-bem\/#breadcrumb\",\"itemListElement\":[{\"@type\":\"ListItem\",\"position\":1,\"name\":\"In\u00edcio\",\"item\":\"https:\/\/www.estrategiaconcursos.com.br\/blog\/\"},{\"@type\":\"ListItem\",\"position\":2,\"name\":\"Voc\u00ea N\u00c3O \u00e9 especial. Ainda bem!\"}]},{\"@type\":\"WebSite\",\"@id\":\"https:\/\/www.estrategiaconcursos.com.br\/blog\/#website\",\"url\":\"https:\/\/www.estrategiaconcursos.com.br\/blog\/\",\"name\":\"Estrat\u00e9gia Concursos\",\"description\":\"O blog da Estrat\u00e9gia Concursos traz not\u00edcias sobre concursos e artigos de professores oferecendo cursos para concursos (pdf + videaulas) no site.\",\"publisher\":{\"@id\":\"https:\/\/www.estrategiaconcursos.com.br\/blog\/#organization\"},\"potentialAction\":[{\"@type\":\"SearchAction\",\"target\":{\"@type\":\"EntryPoint\",\"urlTemplate\":\"https:\/\/www.estrategiaconcursos.com.br\/blog\/?s={search_term_string}\"},\"query-input\":{\"@type\":\"PropertyValueSpecification\",\"valueRequired\":true,\"valueName\":\"search_term_string\"}}],\"inLanguage\":\"pt-BR\"},{\"@type\":\"Organization\",\"@id\":\"https:\/\/www.estrategiaconcursos.com.br\/blog\/#organization\",\"name\":\"Estrat\u00e9gia Concursos\",\"url\":\"https:\/\/www.estrategiaconcursos.com.br\/blog\/\",\"logo\":{\"@type\":\"ImageObject\",\"inLanguage\":\"pt-BR\",\"@id\":\"https:\/\/www.estrategiaconcursos.com.br\/blog\/#\/schema\/logo\/image\/\",\"url\":\"https:\/\/dhg1h5j42swfq.cloudfront.net\/2025\/06\/03203428\/logo_concursos-1.jpg\",\"contentUrl\":\"https:\/\/dhg1h5j42swfq.cloudfront.net\/2025\/06\/03203428\/logo_concursos-1.jpg\",\"width\":230,\"height\":60,\"caption\":\"Estrat\u00e9gia Concursos\"},\"image\":{\"@id\":\"https:\/\/www.estrategiaconcursos.com.br\/blog\/#\/schema\/logo\/image\/\"},\"sameAs\":[\"https:\/\/x.com\/EstratConcursos\"]},{\"@type\":\"Person\",\"@id\":\"https:\/\/www.estrategiaconcursos.com.br\/blog\/#\/schema\/person\/622d93253cb9ef3af014a0ce658d184a\",\"name\":\"Gabriela Knoblauch\",\"image\":{\"@type\":\"ImageObject\",\"inLanguage\":\"pt-BR\",\"@id\":\"https:\/\/secure.gravatar.com\/avatar\/d26c5a121c8db2de08ffbc428752dadaae2055eefb797f261688ca1ac09b241f?s=96&d=mm&r=g\",\"url\":\"https:\/\/secure.gravatar.com\/avatar\/d26c5a121c8db2de08ffbc428752dadaae2055eefb797f261688ca1ac09b241f?s=96&d=mm&r=g\",\"contentUrl\":\"https:\/\/secure.gravatar.com\/avatar\/d26c5a121c8db2de08ffbc428752dadaae2055eefb797f261688ca1ac09b241f?s=96&d=mm&r=g\",\"caption\":\"Gabriela Knoblauch\"},\"description\":\"Acredito no poder da persist\u00eancia e na import\u00e2ncia da estrat\u00e9gia nos estudos para acelerar a aprova\u00e7\u00e3o. No meu curso de Coaching trabalho em 2 frentes: 1 - T\u00e9cnicas de estudo 2 - Intelig\u00eancia emocional para concursos Entendo que ambas s\u00e3o fundamentais para obter um resultado excelente em qualquer certame. Toda ter\u00e7a posto artigo no site sobre os temas citados. N\u00e3o perca! :)\",\"url\":\"https:\/\/www.estrategiaconcursos.com.br\/blog\/author\/gabrielaknobluachestrategiaconcursos-com-br\/\"}]}<\/script>\n<!-- \/ Yoast SEO Premium plugin. -->","yoast_head_json":{"title":"Voc\u00ea N\u00c3O \u00e9 especial. Ainda bem!","robots":{"index":"index","follow":"follow","max-snippet":"max-snippet:-1","max-image-preview":"max-image-preview:large","max-video-preview":"max-video-preview:-1"},"canonical":"https:\/\/www.estrategiaconcursos.com.br\/blog\/voce-nao-e-especial-ainda-bem\/","og_locale":"pt_BR","og_type":"article","og_title":"Voc\u00ea N\u00c3O \u00e9 especial. Ainda bem!","og_description":"Lembra de quando voc\u00ea teve sua primeira paix\u00e3o da adolesc\u00eancia? Lembra de como voc\u00ea tinha a mais plena certeza de que NINGU\u00c9M NO MUNDO j\u00e1 tinha se sentido daquela forma? Que NINGU\u00c9M poderia entender a magnitude daquele sentimento t\u00e3\u00e3\u00e3\u00e3o bom? E lembra de quando voc\u00ea &#8220;desgostou&#8221; do primeiro amor e vieram o segundo, o terceiro, [&hellip;]","og_url":"https:\/\/www.estrategiaconcursos.com.br\/blog\/voce-nao-e-especial-ainda-bem\/","og_site_name":"Estrat\u00e9gia Concursos","article_published_time":"2017-07-25T12:10:37+00:00","author":"Gabriela Knoblauch","twitter_card":"summary_large_image","twitter_creator":"@EstratConcursos","twitter_site":"@EstratConcursos","twitter_misc":{"Escrito por":"Gabriela Knoblauch","Est. tempo de leitura":"3 minutos"},"schema":{"@context":"https:\/\/schema.org","@graph":[{"@type":"NewsArticle","@id":"https:\/\/www.estrategiaconcursos.com.br\/blog\/voce-nao-e-especial-ainda-bem\/#article","isPartOf":{"@id":"https:\/\/www.estrategiaconcursos.com.br\/blog\/voce-nao-e-especial-ainda-bem\/"},"author":{"name":"Gabriela Knoblauch","@id":"https:\/\/www.estrategiaconcursos.com.br\/blog\/#\/schema\/person\/622d93253cb9ef3af014a0ce658d184a"},"headline":"Voc\u00ea N\u00c3O \u00e9 especial. Ainda bem!","datePublished":"2017-07-25T12:10:37+00:00","mainEntityOfPage":{"@id":"https:\/\/www.estrategiaconcursos.com.br\/blog\/voce-nao-e-especial-ainda-bem\/"},"wordCount":694,"commentCount":26,"publisher":{"@id":"https:\/\/www.estrategiaconcursos.com.br\/blog\/#organization"},"articleSection":["Concursos P\u00fablicos"],"inLanguage":"pt-BR","potentialAction":[{"@type":"CommentAction","name":"Comment","target":["https:\/\/www.estrategiaconcursos.com.br\/blog\/voce-nao-e-especial-ainda-bem\/#respond"]}],"copyrightYear":"2017","copyrightHolder":{"@id":"https:\/\/www.estrategiaconcursos.com.br\/blog\/#organization"}},{"@type":"WebPage","@id":"https:\/\/www.estrategiaconcursos.com.br\/blog\/voce-nao-e-especial-ainda-bem\/","url":"https:\/\/www.estrategiaconcursos.com.br\/blog\/voce-nao-e-especial-ainda-bem\/","name":"Voc\u00ea N\u00c3O \u00e9 especial. Ainda bem!","isPartOf":{"@id":"https:\/\/www.estrategiaconcursos.com.br\/blog\/#website"},"datePublished":"2017-07-25T12:10:37+00:00","breadcrumb":{"@id":"https:\/\/www.estrategiaconcursos.com.br\/blog\/voce-nao-e-especial-ainda-bem\/#breadcrumb"},"inLanguage":"pt-BR","potentialAction":[{"@type":"ReadAction","target":["https:\/\/www.estrategiaconcursos.com.br\/blog\/voce-nao-e-especial-ainda-bem\/"]}]},{"@type":"BreadcrumbList","@id":"https:\/\/www.estrategiaconcursos.com.br\/blog\/voce-nao-e-especial-ainda-bem\/#breadcrumb","itemListElement":[{"@type":"ListItem","position":1,"name":"In\u00edcio","item":"https:\/\/www.estrategiaconcursos.com.br\/blog\/"},{"@type":"ListItem","position":2,"name":"Voc\u00ea N\u00c3O \u00e9 especial. Ainda bem!"}]},{"@type":"WebSite","@id":"https:\/\/www.estrategiaconcursos.com.br\/blog\/#website","url":"https:\/\/www.estrategiaconcursos.com.br\/blog\/","name":"Estrat\u00e9gia Concursos","description":"O blog da Estrat\u00e9gia Concursos traz not\u00edcias sobre concursos e artigos de professores oferecendo cursos para concursos (pdf + videaulas) no site.","publisher":{"@id":"https:\/\/www.estrategiaconcursos.com.br\/blog\/#organization"},"potentialAction":[{"@type":"SearchAction","target":{"@type":"EntryPoint","urlTemplate":"https:\/\/www.estrategiaconcursos.com.br\/blog\/?s={search_term_string}"},"query-input":{"@type":"PropertyValueSpecification","valueRequired":true,"valueName":"search_term_string"}}],"inLanguage":"pt-BR"},{"@type":"Organization","@id":"https:\/\/www.estrategiaconcursos.com.br\/blog\/#organization","name":"Estrat\u00e9gia Concursos","url":"https:\/\/www.estrategiaconcursos.com.br\/blog\/","logo":{"@type":"ImageObject","inLanguage":"pt-BR","@id":"https:\/\/www.estrategiaconcursos.com.br\/blog\/#\/schema\/logo\/image\/","url":"https:\/\/dhg1h5j42swfq.cloudfront.net\/2025\/06\/03203428\/logo_concursos-1.jpg","contentUrl":"https:\/\/dhg1h5j42swfq.cloudfront.net\/2025\/06\/03203428\/logo_concursos-1.jpg","width":230,"height":60,"caption":"Estrat\u00e9gia Concursos"},"image":{"@id":"https:\/\/www.estrategiaconcursos.com.br\/blog\/#\/schema\/logo\/image\/"},"sameAs":["https:\/\/x.com\/EstratConcursos"]},{"@type":"Person","@id":"https:\/\/www.estrategiaconcursos.com.br\/blog\/#\/schema\/person\/622d93253cb9ef3af014a0ce658d184a","name":"Gabriela Knoblauch","image":{"@type":"ImageObject","inLanguage":"pt-BR","@id":"https:\/\/secure.gravatar.com\/avatar\/d26c5a121c8db2de08ffbc428752dadaae2055eefb797f261688ca1ac09b241f?s=96&d=mm&r=g","url":"https:\/\/secure.gravatar.com\/avatar\/d26c5a121c8db2de08ffbc428752dadaae2055eefb797f261688ca1ac09b241f?s=96&d=mm&r=g","contentUrl":"https:\/\/secure.gravatar.com\/avatar\/d26c5a121c8db2de08ffbc428752dadaae2055eefb797f261688ca1ac09b241f?s=96&d=mm&r=g","caption":"Gabriela Knoblauch"},"description":"Acredito no poder da persist\u00eancia e na import\u00e2ncia da estrat\u00e9gia nos estudos para acelerar a aprova\u00e7\u00e3o. No meu curso de Coaching trabalho em 2 frentes: 1 - T\u00e9cnicas de estudo 2 - Intelig\u00eancia emocional para concursos Entendo que ambas s\u00e3o fundamentais para obter um resultado excelente em qualquer certame. Toda ter\u00e7a posto artigo no site sobre os temas citados. N\u00e3o perca! :)","url":"https:\/\/www.estrategiaconcursos.com.br\/blog\/author\/gabrielaknobluachestrategiaconcursos-com-br\/"}]}},"_links":{"self":[{"href":"https:\/\/www.estrategiaconcursos.com.br\/blog\/wp-json\/wp\/v2\/posts\/82563","targetHints":{"allow":["GET"]}}],"collection":[{"href":"https:\/\/www.estrategiaconcursos.com.br\/blog\/wp-json\/wp\/v2\/posts"}],"about":[{"href":"https:\/\/www.estrategiaconcursos.com.br\/blog\/wp-json\/wp\/v2\/types\/post"}],"author":[{"embeddable":true,"href":"https:\/\/www.estrategiaconcursos.com.br\/blog\/wp-json\/wp\/v2\/users\/423"}],"replies":[{"embeddable":true,"href":"https:\/\/www.estrategiaconcursos.com.br\/blog\/wp-json\/wp\/v2\/comments?post=82563"}],"version-history":[{"count":1,"href":"https:\/\/www.estrategiaconcursos.com.br\/blog\/wp-json\/wp\/v2\/posts\/82563\/revisions"}],"predecessor-version":[{"id":82564,"href":"https:\/\/www.estrategiaconcursos.com.br\/blog\/wp-json\/wp\/v2\/posts\/82563\/revisions\/82564"}],"wp:attachment":[{"href":"https:\/\/www.estrategiaconcursos.com.br\/blog\/wp-json\/wp\/v2\/media?parent=82563"}],"wp:term":[{"taxonomy":"category","embeddable":true,"href":"https:\/\/www.estrategiaconcursos.com.br\/blog\/wp-json\/wp\/v2\/categories?post=82563"},{"taxonomy":"post_tag","embeddable":true,"href":"https:\/\/www.estrategiaconcursos.com.br\/blog\/wp-json\/wp\/v2\/tags?post=82563"},{"taxonomy":"tax_estado","embeddable":true,"href":"https:\/\/www.estrategiaconcursos.com.br\/blog\/wp-json\/wp\/v2\/tax_estado?post=82563"}],"curies":[{"name":"wp","href":"https:\/\/api.w.org\/{rel}","templated":true}]}}