{"id":824954,"date":"2021-07-29T17:00:00","date_gmt":"2021-07-29T20:00:00","guid":{"rendered":"https:\/\/www.estrategiaconcursos.com.br\/blog\/?p=824954"},"modified":"2023-05-12T14:51:58","modified_gmt":"2023-05-12T17:51:58","slug":"tj-sp-e-tjm-mg-conciliar-os-estudos","status":"publish","type":"post","link":"https:\/\/www.estrategiaconcursos.com.br\/blog\/tj-sp-e-tjm-mg-conciliar-os-estudos\/","title":{"rendered":"TJ SP e TJM MG: Saiba como conciliar os estudos p\u00f3s editais!"},"content":{"rendered":"\n<p>Aten\u00e7\u00e3o, coruja, est\u00e1 sabendo das mais novas sobre os concursos TJ SP E TJM MG?!<\/p>\n\n\n\n<p>Sob organiza\u00e7\u00e3o da <a href=\"https:\/\/www.consulplan.net\/\" target=\"_blank\" rel=\"noreferrer noopener\">Consulplan<\/a>, foi publicado o edital do novo concurso TJM MG pelo\u00a0<strong>Tribunal de Justi\u00e7a Militar de Minas Gerais<\/strong>, com oferta de <strong>27 vagas<\/strong> para cargos de\u00a0<strong>n\u00edvel m\u00e9dio e superior <\/strong>de escolaridade para servidores, com remunera\u00e7\u00f5es que variam de<strong><em> R$ 2.986,57<\/em> a <em>R$ 4.677,09<\/em><\/strong>. <em><strong>As provas est\u00e3o previstas para 05 de dezembro. <\/strong><\/em><\/p>\n\n\n\n<p>Logo em seguida e, sob a organiza\u00e7\u00e3o da Vunesp, o&nbsp;<a href=\"https:\/\/www.estrategiaconcursos.com.br\/cursosPorConcurso\/tj-sp-escrevente\/\" target=\"_blank\" rel=\"noreferrer noopener\">Tribunal de Justi\u00e7a de S\u00e3o Paulo<\/a>&nbsp;publicou o edital do seu novo concurso, que visa o preenchimento de 845 vagas para o cargo de Escrevente T\u00e9cnico Judici\u00e1rio cargo de n\u00edvel m\u00e9dio, para 10 regi\u00f5es, sendo&nbsp;<strong>400 vagas para a capital e 445 para o interior.<\/strong> As<strong><em>&nbsp;inscri\u00e7\u00f5es come\u00e7am em 30 de julho e seguir\u00e3o at\u00e9 o dia 02 de setembro. As provas est\u00e3o previstas para 31 de outubro.<\/em><\/strong><\/p>\n\n\n\n<p>Por isso, se voc\u00ea presta estes tipos de concursos e pensa em abra\u00e7ar ambas as oportunidades e arrasar nas avalia\u00e7\u00f5es que possuem partes comuns no edital, \u00e9 imprescind\u00edvel focar e organizar seus estudos. E <em>para otimizar o seu pouco temp<\/em>o at\u00e9 a realiza\u00e7\u00e3o das provas, preparamos um conte\u00fado exclusivo pra hoje com <em>o melhor plano de estudos<\/em> baseado totalmente nos editais de abertura!<\/p>\n\n\n\n<p><strong>A transmiss\u00e3o via YouTube est\u00e1 prevista para \u00e0s 18h<\/strong> e, ao ser completamente GRATUITA,<em> tudo o que precisar\u00e1 ter consigo para a aula \u00e9 um caderno, uma caneta e muita vontade de vencer<\/em>. Ademais, o professor respons\u00e1vel pelo evento \u00e9 o <em>Tiago Zanolla<\/em>. Temos convic\u00e7\u00e3o de que atingir\u00e1 os melhores resultados. At\u00e9 logo!<\/p>\n\n\n\n<p class=\"has-text-align-center\"><em>Para ficar por dentro de todos os detalhes acerca dos certames TJ SP e TJM MG (edital, datas e atualiza\u00e7\u00f5es fresquinhas), confira os artigos completos, de f\u00e1cil compreens\u00e3o, que elaboramos EXCLUSIVAMENTE para voc\u00ea!<\/em><\/p>\n\n\n\n<p class=\"has-text-align-center has-luminous-vivid-amber-background-color has-background\" style=\"font-size:clamp(14.642px, 0.915rem + ((1vw - 3.2px) * 0.721), 22px);px\"><strong>Saiba mais: <\/strong><br \/><strong><a href=\"https:\/\/www.estrategiaconcursos.com.br\/blog\/concurso-tjm-mg\/\" target=\"_blank\" rel=\"noreferrer noopener\">Concurso TJM MG<\/a><\/strong><br \/><strong><a href=\"https:\/\/www.estrategiaconcursos.com.br\/blog\/concurso-tj-sp-2021\/\" target=\"_blank\" rel=\"noreferrer noopener\">Concurso TJ SP<\/a><\/strong><\/p>\n\n\n\n<p class=\"has-text-align-left\">Dica do dia: <em>Quer se dar bem na reda\u00e7\u00e3o? A melhor dica \u00e9 adquirir o h\u00e1bito de leitura. Experimente ler o jornal do dia, mas nunca esque\u00e7a de escritores j\u00e1 c\u00e2nones como Machado de Assis. Al\u00e9m do dito, ler ajudar\u00e1 voc\u00ea a ordenar o pensamento e se expressar melhor ao adquirir um vocabul\u00e1rio mais amplo.<\/em><\/p>\n\n\n\n<hr class=\"wp-block-separator has-css-opacity\"\/>\n\n\n\n<h2 class=\"wp-block-heading has-text-align-center\" id=\"h-cursos-e-assinaturas\">Cursos e assinaturas<\/h2>\n\n\n\n<div class=\"container\" id=\"boxes\">\n  <div class=\"row\">\n\n    <div class=\"col-sm\">\n      <div class=\"banner-tribunal\" id=\"box-assinatura\">\n        <h3 class=\"titulo-assinatura\">Cursos para TJM MG<\/h3>\n        <p class=\"subtitulo-assinatura\">Conhe\u00e7a os cursos<\/p>\n        <div class=\"box-botao\">\n          <a class=\"btn-assinatura\" target=\"_blank\" href=\"https:\/\/www.estrategiaconcursos.com.br\/cursosPorConcurso\/promocao-pacotes-para-tjm-mg\/\" role=\"button\" rel=\"noopener noreferrer\">Conhe\u00e7a mais<\/a>\n        <\/div>\n      <\/div>\n      <p class=\"texto-auxiliar\"><\/p>\n    <\/div>\n\n  <\/div>\n<\/div>\n\n\n\n<div class=\"container\" id=\"boxes\">\n  <div class=\"row\">\n\n    <div class=\"col-sm\">\n      <div class=\"banner-tribunal\" id=\"box-assinatura\">\n        <h3 class=\"titulo-assinatura\">Curso TJ SP<\/h3>\n        <p class=\"subtitulo-assinatura\">Conhe\u00e7a os cursos<\/p>\n        <div class=\"box-botao\">\n          <a class=\"btn-assinatura\" target=\"_blank\" href=\"https:\/\/www.estrategiaconcursos.com.br\/cursosPorConcurso\/tj-sp-escrevente\/\" role=\"button\" rel=\"noopener noreferrer\">Conhe\u00e7a mais<\/a>\n        <\/div>\n      <\/div>\n      <p class=\"texto-auxiliar\">Prepare-se com o melhor material e com quem mais aprova em Concursos P\u00fablicos em todo o pa\u00eds.<\/p>\n    <\/div>\n\n  <\/div>\n<\/div>\n\n\n\n<div class=\"container\" id=\"boxes\">\n  <div class=\"row\">\n\n    <div class=\"col-sm\">\n      <div class=\"estrategia\" id=\"box-assinatura\">\n        <h3 class=\"titulo-assinatura\">Assinatura Concursos<\/h3>\n        <p class=\"subtitulo-assinatura\">Assinatura de 1 ano ou 2 anos<\/p>\n        <div class=\"box-botao\">\n          <a class=\"btn-assinatura\" target=\"_blank\" href=\"https:\/\/www.estrategiaconcursos.com.br\/assinaturas\/\" role=\"button\" rel=\"noopener noreferrer\">ASSINE AGORA<\/a>\n        <\/div>\n      <\/div>\n     \n    <\/div><\/div><\/div>\n\n\n\n<div class=\"container\" id=\"boxes\">\n  <div class=\"row\">\n\n    <div class=\"col-sm\" id=\"boxes-concursos\">\n      <div style=\"background-color: #005DAD;\" class=\"conteudo-concursos\" id=\"box-concursos\">\n        <h3 class=\"titulo-assinatura\">Concursos Abertos<\/h3>\n        <p class=\"subtitulo-assinatura\">Os editais publicados<\/p>\n        <div class=\"box-botao\">\n          <a class=\"btn-assinatura\" target=\"_blank\" href=\"https:\/\/www.estrategiaconcursos.com.br\/blog\/concursos-abertos\/\" role=\"button\" rel=\"noopener noreferrer\">Conhe\u00e7a Agora<\/a>\n        <\/div>\n      <\/div>\n    <\/div>\n\n    <div class=\"col-sm\" id=\"boxes-concursos\">\n      <div style=\"background-color: #1A7ED5;\" class=\"conteudo-concursos\" id=\"box-concursos\">\n        <h3 class=\"titulo-assinatura\">Concursos 2021<\/h3>\n        <p class=\"subtitulo-assinatura\">As oportunidades previstas<\/p>\n        <div class=\"box-botao\">\n          <a class=\"btn-assinatura\" target=\"_blank\" href=\"https:\/\/www.estrategiaconcursos.com.br\/blog\/concursos-2021\/\" role=\"button\" rel=\"noopener noreferrer\">Conhe\u00e7a Agora<\/a>\n        <\/div>\n      <\/div>\n    <\/div>\n\n    <div class=\"col-sm\" id=\"boxes-concursos\">\n      <div style=\"background-color: #419FF0;\" class=\"conteudo-concursos\" id=\"box-concursos\">\n        <h3 class=\"titulo-assinatura\">Concursos 2022<\/h3>\n        <p class=\"subtitulo-assinatura\">Vagas para o pr\u00f3ximo ano<\/p>\n        <div class=\"box-botao\">\n          <a class=\"btn-assinatura\" target=\"_blank\" href=\"https:\/\/www.estrategiaconcursos.com.br\/blog\/concursos-2022\/\" role=\"button\" rel=\"noopener noreferrer\">Conhe\u00e7a Agora<\/a>\n        <\/div>\n      <\/div>\n    <\/div>\n\n  <\/div>\n<\/div>\n","protected":false},"excerpt":{"rendered":"<p>Aten\u00e7\u00e3o, coruja, est\u00e1 sabendo das mais novas sobre os concursos TJ SP E TJM MG?! Sob organiza\u00e7\u00e3o da Consulplan, foi publicado o edital do novo concurso TJM MG pelo\u00a0Tribunal de Justi\u00e7a Militar de Minas Gerais, com oferta de 27 vagas para cargos de\u00a0n\u00edvel m\u00e9dio e superior de escolaridade para servidores, com remunera\u00e7\u00f5es que variam de [&hellip;]<\/p>\n","protected":false},"author":2099,"featured_media":825248,"comment_status":"open","ping_status":"closed","sticky":false,"template":"","format":"standard","meta":{"post_tipo":"news","footnotes":""},"categories":[1984,220219],"tags":[],"tax_estado":[219974,219989],"class_list":["post-824954","post","type-post","status-publish","format-standard","has-post-thumbnail","hentry","category-tribunais","category-noticias","tax_estado-mg","tax_estado-sp"],"acf":[],"yoast_head":"<!-- This site is optimized with the Yoast SEO Premium plugin v27.2 (Yoast SEO v27.2) - https:\/\/yoast.com\/product\/yoast-seo-premium-wordpress\/ -->\n<title>TJ SP e TJM MG: Saiba como conciliar os estudos p\u00f3s editais!<\/title>\n<meta name=\"description\" content=\"Saiu o edital do concurso TJM MG e as provas est\u00e3o marcadas para 05\/12 . Descubra j\u00e1 o melhor plano de estudos para otimizar seu tempo!\" \/>\n<meta name=\"robots\" content=\"index, follow, max-snippet:-1, max-image-preview:large, max-video-preview:-1\" \/>\n<link rel=\"canonical\" href=\"https:\/\/www.estrategiaconcursos.com.br\/blog\/tj-sp-e-tjm-mg-conciliar-os-estudos\/\" \/>\n<meta property=\"og:locale\" content=\"pt_BR\" \/>\n<meta property=\"og:type\" content=\"article\" \/>\n<meta property=\"og:title\" content=\"TJ SP e TJM MG: Saiba como conciliar os estudos p\u00f3s editais!\" \/>\n<meta property=\"og:description\" content=\"Saiu o edital do concurso TJM MG e as provas est\u00e3o marcadas para 05\/12 . Descubra j\u00e1 o melhor plano de estudos para otimizar seu tempo!\" \/>\n<meta property=\"og:url\" content=\"https:\/\/www.estrategiaconcursos.com.br\/blog\/tj-sp-e-tjm-mg-conciliar-os-estudos\/\" \/>\n<meta property=\"og:site_name\" content=\"Estrat\u00e9gia Concursos\" \/>\n<meta property=\"article:published_time\" content=\"2021-07-29T20:00:00+00:00\" \/>\n<meta property=\"article:modified_time\" content=\"2023-05-12T17:51:58+00:00\" \/>\n<meta property=\"og:image\" content=\"https:\/\/dhg1h5j42swfq.cloudfront.net\/2021\/07\/29173236\/1280-720-max-2-6.jpg\" \/>\n\t<meta property=\"og:image:width\" content=\"1280\" \/>\n\t<meta property=\"og:image:height\" content=\"720\" \/>\n\t<meta property=\"og:image:type\" content=\"image\/jpeg\" \/>\n<meta name=\"author\" content=\"Elo\u00edsa da Rosa Ferro\" \/>\n<meta name=\"twitter:card\" content=\"summary_large_image\" \/>\n<meta name=\"twitter:creator\" content=\"@EstratConcursos\" \/>\n<meta name=\"twitter:site\" content=\"@EstratConcursos\" \/>\n<meta name=\"twitter:label1\" content=\"Escrito por\" \/>\n\t<meta name=\"twitter:data1\" content=\"Elo\u00edsa da Rosa Ferro\" \/>\n\t<meta name=\"twitter:label2\" content=\"Est. tempo de leitura\" \/>\n\t<meta name=\"twitter:data2\" content=\"2 minutos\" \/>\n<script type=\"application\/ld+json\" class=\"yoast-schema-graph\">{\"@context\":\"https:\/\/schema.org\",\"@graph\":[{\"@type\":\"NewsArticle\",\"@id\":\"https:\/\/www.estrategiaconcursos.com.br\/blog\/tj-sp-e-tjm-mg-conciliar-os-estudos\/#article\",\"isPartOf\":{\"@id\":\"https:\/\/www.estrategiaconcursos.com.br\/blog\/tj-sp-e-tjm-mg-conciliar-os-estudos\/\"},\"author\":{\"name\":\"Elo\u00edsa da Rosa Ferro\",\"@id\":\"https:\/\/www.estrategiaconcursos.com.br\/blog\/#\/schema\/person\/57d9394bb68400dbec62ff8a943ab201\"},\"headline\":\"TJ SP e TJM MG: Saiba como conciliar os estudos p\u00f3s editais!\",\"datePublished\":\"2021-07-29T20:00:00+00:00\",\"dateModified\":\"2023-05-12T17:51:58+00:00\",\"mainEntityOfPage\":{\"@id\":\"https:\/\/www.estrategiaconcursos.com.br\/blog\/tj-sp-e-tjm-mg-conciliar-os-estudos\/\"},\"wordCount\":475,\"commentCount\":0,\"publisher\":{\"@id\":\"https:\/\/www.estrategiaconcursos.com.br\/blog\/#organization\"},\"image\":{\"@id\":\"https:\/\/www.estrategiaconcursos.com.br\/blog\/tj-sp-e-tjm-mg-conciliar-os-estudos\/#primaryimage\"},\"thumbnailUrl\":\"https:\/\/dhg1h5j42swfq.cloudfront.net\/2021\/07\/29173236\/1280-720-max-2-6.jpg\",\"articleSection\":[\"Tribunais\",\"\u00daltimas not\u00edcias\"],\"inLanguage\":\"pt-BR\",\"potentialAction\":[{\"@type\":\"CommentAction\",\"name\":\"Comment\",\"target\":[\"https:\/\/www.estrategiaconcursos.com.br\/blog\/tj-sp-e-tjm-mg-conciliar-os-estudos\/#respond\"]}],\"copyrightYear\":\"2021\",\"copyrightHolder\":{\"@id\":\"https:\/\/www.estrategiaconcursos.com.br\/blog\/#organization\"}},{\"@type\":\"WebPage\",\"@id\":\"https:\/\/www.estrategiaconcursos.com.br\/blog\/tj-sp-e-tjm-mg-conciliar-os-estudos\/\",\"url\":\"https:\/\/www.estrategiaconcursos.com.br\/blog\/tj-sp-e-tjm-mg-conciliar-os-estudos\/\",\"name\":\"TJ SP e TJM MG: Saiba como conciliar os estudos p\u00f3s editais!\",\"isPartOf\":{\"@id\":\"https:\/\/www.estrategiaconcursos.com.br\/blog\/#website\"},\"primaryImageOfPage\":{\"@id\":\"https:\/\/www.estrategiaconcursos.com.br\/blog\/tj-sp-e-tjm-mg-conciliar-os-estudos\/#primaryimage\"},\"image\":{\"@id\":\"https:\/\/www.estrategiaconcursos.com.br\/blog\/tj-sp-e-tjm-mg-conciliar-os-estudos\/#primaryimage\"},\"thumbnailUrl\":\"https:\/\/dhg1h5j42swfq.cloudfront.net\/2021\/07\/29173236\/1280-720-max-2-6.jpg\",\"datePublished\":\"2021-07-29T20:00:00+00:00\",\"dateModified\":\"2023-05-12T17:51:58+00:00\",\"description\":\"Saiu o edital do concurso TJM MG e as provas est\u00e3o marcadas para 05\/12 . Descubra j\u00e1 o melhor plano de estudos para otimizar seu tempo!\",\"breadcrumb\":{\"@id\":\"https:\/\/www.estrategiaconcursos.com.br\/blog\/tj-sp-e-tjm-mg-conciliar-os-estudos\/#breadcrumb\"},\"inLanguage\":\"pt-BR\",\"potentialAction\":[{\"@type\":\"ReadAction\",\"target\":[\"https:\/\/www.estrategiaconcursos.com.br\/blog\/tj-sp-e-tjm-mg-conciliar-os-estudos\/\"]}]},{\"@type\":\"ImageObject\",\"inLanguage\":\"pt-BR\",\"@id\":\"https:\/\/www.estrategiaconcursos.com.br\/blog\/tj-sp-e-tjm-mg-conciliar-os-estudos\/#primaryimage\",\"url\":\"https:\/\/dhg1h5j42swfq.cloudfront.net\/2021\/07\/29173236\/1280-720-max-2-6.jpg\",\"contentUrl\":\"https:\/\/dhg1h5j42swfq.cloudfront.net\/2021\/07\/29173236\/1280-720-max-2-6.jpg\",\"width\":1280,\"height\":720,\"caption\":\"TJ SP e TJM MG\"},{\"@type\":\"BreadcrumbList\",\"@id\":\"https:\/\/www.estrategiaconcursos.com.br\/blog\/tj-sp-e-tjm-mg-conciliar-os-estudos\/#breadcrumb\",\"itemListElement\":[{\"@type\":\"ListItem\",\"position\":1,\"name\":\"In\u00edcio\",\"item\":\"https:\/\/www.estrategiaconcursos.com.br\/blog\/\"},{\"@type\":\"ListItem\",\"position\":2,\"name\":\"TJ SP e TJM MG: Saiba como conciliar os estudos p\u00f3s editais!\"}]},{\"@type\":\"WebSite\",\"@id\":\"https:\/\/www.estrategiaconcursos.com.br\/blog\/#website\",\"url\":\"https:\/\/www.estrategiaconcursos.com.br\/blog\/\",\"name\":\"Estrat\u00e9gia Concursos\",\"description\":\"O blog da Estrat\u00e9gia Concursos traz not\u00edcias sobre concursos e artigos de professores oferecendo cursos para concursos (pdf + videaulas) no site.\",\"publisher\":{\"@id\":\"https:\/\/www.estrategiaconcursos.com.br\/blog\/#organization\"},\"potentialAction\":[{\"@type\":\"SearchAction\",\"target\":{\"@type\":\"EntryPoint\",\"urlTemplate\":\"https:\/\/www.estrategiaconcursos.com.br\/blog\/?s={search_term_string}\"},\"query-input\":{\"@type\":\"PropertyValueSpecification\",\"valueRequired\":true,\"valueName\":\"search_term_string\"}}],\"inLanguage\":\"pt-BR\"},{\"@type\":\"Organization\",\"@id\":\"https:\/\/www.estrategiaconcursos.com.br\/blog\/#organization\",\"name\":\"Estrat\u00e9gia Concursos\",\"url\":\"https:\/\/www.estrategiaconcursos.com.br\/blog\/\",\"logo\":{\"@type\":\"ImageObject\",\"inLanguage\":\"pt-BR\",\"@id\":\"https:\/\/www.estrategiaconcursos.com.br\/blog\/#\/schema\/logo\/image\/\",\"url\":\"https:\/\/dhg1h5j42swfq.cloudfront.net\/2025\/06\/03203428\/logo_concursos-1.jpg\",\"contentUrl\":\"https:\/\/dhg1h5j42swfq.cloudfront.net\/2025\/06\/03203428\/logo_concursos-1.jpg\",\"width\":230,\"height\":60,\"caption\":\"Estrat\u00e9gia Concursos\"},\"image\":{\"@id\":\"https:\/\/www.estrategiaconcursos.com.br\/blog\/#\/schema\/logo\/image\/\"},\"sameAs\":[\"https:\/\/x.com\/EstratConcursos\"]},{\"@type\":\"Person\",\"@id\":\"https:\/\/www.estrategiaconcursos.com.br\/blog\/#\/schema\/person\/57d9394bb68400dbec62ff8a943ab201\",\"name\":\"Elo\u00edsa da Rosa Ferro\",\"image\":{\"@type\":\"ImageObject\",\"inLanguage\":\"pt-BR\",\"@id\":\"https:\/\/secure.gravatar.com\/avatar\/?s=96&d=mm&r=g\",\"url\":\"https:\/\/secure.gravatar.com\/avatar\/?s=96&d=mm&r=g\",\"contentUrl\":\"https:\/\/secure.gravatar.com\/avatar\/?s=96&d=mm&r=g\",\"caption\":\"Elo\u00edsa da Rosa Ferro\"},\"url\":\"https:\/\/www.estrategiaconcursos.com.br\/blog\/author\/eloisa-ferro\/\"}]}<\/script>\n<!-- \/ Yoast SEO Premium plugin. -->","yoast_head_json":{"title":"TJ SP e TJM MG: Saiba como conciliar os estudos p\u00f3s editais!","description":"Saiu o edital do concurso TJM MG e as provas est\u00e3o marcadas para 05\/12 . Descubra j\u00e1 o melhor plano de estudos para otimizar seu tempo!","robots":{"index":"index","follow":"follow","max-snippet":"max-snippet:-1","max-image-preview":"max-image-preview:large","max-video-preview":"max-video-preview:-1"},"canonical":"https:\/\/www.estrategiaconcursos.com.br\/blog\/tj-sp-e-tjm-mg-conciliar-os-estudos\/","og_locale":"pt_BR","og_type":"article","og_title":"TJ SP e TJM MG: Saiba como conciliar os estudos p\u00f3s editais!","og_description":"Saiu o edital do concurso TJM MG e as provas est\u00e3o marcadas para 05\/12 . Descubra j\u00e1 o melhor plano de estudos para otimizar seu tempo!","og_url":"https:\/\/www.estrategiaconcursos.com.br\/blog\/tj-sp-e-tjm-mg-conciliar-os-estudos\/","og_site_name":"Estrat\u00e9gia Concursos","article_published_time":"2021-07-29T20:00:00+00:00","article_modified_time":"2023-05-12T17:51:58+00:00","og_image":[{"width":1280,"height":720,"url":"https:\/\/dhg1h5j42swfq.cloudfront.net\/2021\/07\/29173236\/1280-720-max-2-6.jpg","type":"image\/jpeg"}],"author":"Elo\u00edsa da Rosa Ferro","twitter_card":"summary_large_image","twitter_creator":"@EstratConcursos","twitter_site":"@EstratConcursos","twitter_misc":{"Escrito por":"Elo\u00edsa da Rosa Ferro","Est. tempo de leitura":"2 minutos"},"schema":{"@context":"https:\/\/schema.org","@graph":[{"@type":"NewsArticle","@id":"https:\/\/www.estrategiaconcursos.com.br\/blog\/tj-sp-e-tjm-mg-conciliar-os-estudos\/#article","isPartOf":{"@id":"https:\/\/www.estrategiaconcursos.com.br\/blog\/tj-sp-e-tjm-mg-conciliar-os-estudos\/"},"author":{"name":"Elo\u00edsa da Rosa Ferro","@id":"https:\/\/www.estrategiaconcursos.com.br\/blog\/#\/schema\/person\/57d9394bb68400dbec62ff8a943ab201"},"headline":"TJ SP e TJM MG: Saiba como conciliar os estudos p\u00f3s editais!","datePublished":"2021-07-29T20:00:00+00:00","dateModified":"2023-05-12T17:51:58+00:00","mainEntityOfPage":{"@id":"https:\/\/www.estrategiaconcursos.com.br\/blog\/tj-sp-e-tjm-mg-conciliar-os-estudos\/"},"wordCount":475,"commentCount":0,"publisher":{"@id":"https:\/\/www.estrategiaconcursos.com.br\/blog\/#organization"},"image":{"@id":"https:\/\/www.estrategiaconcursos.com.br\/blog\/tj-sp-e-tjm-mg-conciliar-os-estudos\/#primaryimage"},"thumbnailUrl":"https:\/\/dhg1h5j42swfq.cloudfront.net\/2021\/07\/29173236\/1280-720-max-2-6.jpg","articleSection":["Tribunais","\u00daltimas not\u00edcias"],"inLanguage":"pt-BR","potentialAction":[{"@type":"CommentAction","name":"Comment","target":["https:\/\/www.estrategiaconcursos.com.br\/blog\/tj-sp-e-tjm-mg-conciliar-os-estudos\/#respond"]}],"copyrightYear":"2021","copyrightHolder":{"@id":"https:\/\/www.estrategiaconcursos.com.br\/blog\/#organization"}},{"@type":"WebPage","@id":"https:\/\/www.estrategiaconcursos.com.br\/blog\/tj-sp-e-tjm-mg-conciliar-os-estudos\/","url":"https:\/\/www.estrategiaconcursos.com.br\/blog\/tj-sp-e-tjm-mg-conciliar-os-estudos\/","name":"TJ SP e TJM MG: Saiba como conciliar os estudos p\u00f3s editais!","isPartOf":{"@id":"https:\/\/www.estrategiaconcursos.com.br\/blog\/#website"},"primaryImageOfPage":{"@id":"https:\/\/www.estrategiaconcursos.com.br\/blog\/tj-sp-e-tjm-mg-conciliar-os-estudos\/#primaryimage"},"image":{"@id":"https:\/\/www.estrategiaconcursos.com.br\/blog\/tj-sp-e-tjm-mg-conciliar-os-estudos\/#primaryimage"},"thumbnailUrl":"https:\/\/dhg1h5j42swfq.cloudfront.net\/2021\/07\/29173236\/1280-720-max-2-6.jpg","datePublished":"2021-07-29T20:00:00+00:00","dateModified":"2023-05-12T17:51:58+00:00","description":"Saiu o edital do concurso TJM MG e as provas est\u00e3o marcadas para 05\/12 . Descubra j\u00e1 o melhor plano de estudos para otimizar seu tempo!","breadcrumb":{"@id":"https:\/\/www.estrategiaconcursos.com.br\/blog\/tj-sp-e-tjm-mg-conciliar-os-estudos\/#breadcrumb"},"inLanguage":"pt-BR","potentialAction":[{"@type":"ReadAction","target":["https:\/\/www.estrategiaconcursos.com.br\/blog\/tj-sp-e-tjm-mg-conciliar-os-estudos\/"]}]},{"@type":"ImageObject","inLanguage":"pt-BR","@id":"https:\/\/www.estrategiaconcursos.com.br\/blog\/tj-sp-e-tjm-mg-conciliar-os-estudos\/#primaryimage","url":"https:\/\/dhg1h5j42swfq.cloudfront.net\/2021\/07\/29173236\/1280-720-max-2-6.jpg","contentUrl":"https:\/\/dhg1h5j42swfq.cloudfront.net\/2021\/07\/29173236\/1280-720-max-2-6.jpg","width":1280,"height":720,"caption":"TJ SP e TJM MG"},{"@type":"BreadcrumbList","@id":"https:\/\/www.estrategiaconcursos.com.br\/blog\/tj-sp-e-tjm-mg-conciliar-os-estudos\/#breadcrumb","itemListElement":[{"@type":"ListItem","position":1,"name":"In\u00edcio","item":"https:\/\/www.estrategiaconcursos.com.br\/blog\/"},{"@type":"ListItem","position":2,"name":"TJ SP e TJM MG: Saiba como conciliar os estudos p\u00f3s editais!"}]},{"@type":"WebSite","@id":"https:\/\/www.estrategiaconcursos.com.br\/blog\/#website","url":"https:\/\/www.estrategiaconcursos.com.br\/blog\/","name":"Estrat\u00e9gia Concursos","description":"O blog da Estrat\u00e9gia Concursos traz not\u00edcias sobre concursos e artigos de professores oferecendo cursos para concursos (pdf + videaulas) no site.","publisher":{"@id":"https:\/\/www.estrategiaconcursos.com.br\/blog\/#organization"},"potentialAction":[{"@type":"SearchAction","target":{"@type":"EntryPoint","urlTemplate":"https:\/\/www.estrategiaconcursos.com.br\/blog\/?s={search_term_string}"},"query-input":{"@type":"PropertyValueSpecification","valueRequired":true,"valueName":"search_term_string"}}],"inLanguage":"pt-BR"},{"@type":"Organization","@id":"https:\/\/www.estrategiaconcursos.com.br\/blog\/#organization","name":"Estrat\u00e9gia Concursos","url":"https:\/\/www.estrategiaconcursos.com.br\/blog\/","logo":{"@type":"ImageObject","inLanguage":"pt-BR","@id":"https:\/\/www.estrategiaconcursos.com.br\/blog\/#\/schema\/logo\/image\/","url":"https:\/\/dhg1h5j42swfq.cloudfront.net\/2025\/06\/03203428\/logo_concursos-1.jpg","contentUrl":"https:\/\/dhg1h5j42swfq.cloudfront.net\/2025\/06\/03203428\/logo_concursos-1.jpg","width":230,"height":60,"caption":"Estrat\u00e9gia Concursos"},"image":{"@id":"https:\/\/www.estrategiaconcursos.com.br\/blog\/#\/schema\/logo\/image\/"},"sameAs":["https:\/\/x.com\/EstratConcursos"]},{"@type":"Person","@id":"https:\/\/www.estrategiaconcursos.com.br\/blog\/#\/schema\/person\/57d9394bb68400dbec62ff8a943ab201","name":"Elo\u00edsa da Rosa Ferro","image":{"@type":"ImageObject","inLanguage":"pt-BR","@id":"https:\/\/secure.gravatar.com\/avatar\/?s=96&d=mm&r=g","url":"https:\/\/secure.gravatar.com\/avatar\/?s=96&d=mm&r=g","contentUrl":"https:\/\/secure.gravatar.com\/avatar\/?s=96&d=mm&r=g","caption":"Elo\u00edsa da Rosa Ferro"},"url":"https:\/\/www.estrategiaconcursos.com.br\/blog\/author\/eloisa-ferro\/"}]}},"_links":{"self":[{"href":"https:\/\/www.estrategiaconcursos.com.br\/blog\/wp-json\/wp\/v2\/posts\/824954","targetHints":{"allow":["GET"]}}],"collection":[{"href":"https:\/\/www.estrategiaconcursos.com.br\/blog\/wp-json\/wp\/v2\/posts"}],"about":[{"href":"https:\/\/www.estrategiaconcursos.com.br\/blog\/wp-json\/wp\/v2\/types\/post"}],"author":[{"embeddable":true,"href":"https:\/\/www.estrategiaconcursos.com.br\/blog\/wp-json\/wp\/v2\/users\/2099"}],"replies":[{"embeddable":true,"href":"https:\/\/www.estrategiaconcursos.com.br\/blog\/wp-json\/wp\/v2\/comments?post=824954"}],"version-history":[{"count":16,"href":"https:\/\/www.estrategiaconcursos.com.br\/blog\/wp-json\/wp\/v2\/posts\/824954\/revisions"}],"predecessor-version":[{"id":1215441,"href":"https:\/\/www.estrategiaconcursos.com.br\/blog\/wp-json\/wp\/v2\/posts\/824954\/revisions\/1215441"}],"wp:featuredmedia":[{"embeddable":true,"href":"https:\/\/www.estrategiaconcursos.com.br\/blog\/wp-json\/wp\/v2\/media\/825248"}],"wp:attachment":[{"href":"https:\/\/www.estrategiaconcursos.com.br\/blog\/wp-json\/wp\/v2\/media?parent=824954"}],"wp:term":[{"taxonomy":"category","embeddable":true,"href":"https:\/\/www.estrategiaconcursos.com.br\/blog\/wp-json\/wp\/v2\/categories?post=824954"},{"taxonomy":"post_tag","embeddable":true,"href":"https:\/\/www.estrategiaconcursos.com.br\/blog\/wp-json\/wp\/v2\/tags?post=824954"},{"taxonomy":"tax_estado","embeddable":true,"href":"https:\/\/www.estrategiaconcursos.com.br\/blog\/wp-json\/wp\/v2\/tax_estado?post=824954"}],"curies":[{"name":"wp","href":"https:\/\/api.w.org\/{rel}","templated":true}]}}