{"id":824581,"date":"2021-07-28T17:23:00","date_gmt":"2021-07-28T20:23:00","guid":{"rendered":"https:\/\/www.estrategiaconcursos.com.br\/blog\/?p=824581"},"modified":"2021-07-29T02:29:13","modified_gmt":"2021-07-29T05:29:13","slug":"sme-vitoria-es-46-concursados-educacao","status":"publish","type":"post","link":"https:\/\/www.estrategiaconcursos.com.br\/blog\/sme-vitoria-es-46-concursados-educacao\/","title":{"rendered":"SME Vit\u00f3ria ES convoca 46 concursados na \u00e1rea da educa\u00e7\u00e3o"},"content":{"rendered":"\n<p>De acordo com uma publica\u00e7\u00e3o de 28 de julho, no Di\u00e1rio Oficial de Vit\u00f3ria, no Esp\u00edrito Santo, a Secretaria de Educa\u00e7\u00e3o do Munic\u00edpio convocou 46 candidatos aprovados no \u00faltimo concurso SME Vit\u00f3ria ES, sendo 38 professores, 5 pedagogos, 2 dinamizadores de Educa\u00e7\u00e3o F\u00edsica e 1 coordenador de turno para tomarem posse em seus cargos efetivos junto \u00e0 rede de ensino. <\/p>\n\n\n\n<p>Dos 38 professores convocados, 17 ir\u00e3o atuar nos anos iniciais do Ensino Fundamental, 11 na Educa\u00e7\u00e3o Infantil, 4 dar\u00e3o aulas de L\u00edngua Portuguesa, 2 de L\u00edngua Inglesa, 2 de Artes e 1 de Educa\u00e7\u00e3o F\u00edsica. Para tomar posse nos cargos \u00e9 necess\u00e1rio apresentar a respectiva documenta\u00e7\u00e3o no atendimento dos Recursos Humanos da Ger\u00eancia de Recrutamento, Sele\u00e7\u00e3o e Registro, da Secretaria de Gest\u00e3o e Planejamento localizada no Pal\u00e1cio Municipal. <\/p>\n\n\n\n<p>Segundo a Secret\u00e1ria de Educa\u00e7\u00e3o do Munic\u00edpio, Juliana Rohsner, <\/p>\n\n\n\n<blockquote class=\"wp-block-quote is-layout-flow wp-block-quote-is-layout-flow\"><p>&#8220;<em>\u00c9 uma alegria poder convocar novos profissionais para a rede municipal. Vit\u00f3ria j\u00e1 tem um alto \u00edndice de efetivos na educa\u00e7\u00e3o, 83% dos professores em reg\u00eancia de classe s\u00e3o concursados. Isso \u00e9 importante, n\u00f3s sabemos que ter profissionais que possam desenvolver trabalhos de longo prazo na escola repercute positivamente na aprendizagem de nossos estudantes<\/em>.&#8221;<\/p><\/blockquote>\n\n\n\n<p id=\"block-dd106b22-40a9-4563-8895-01ebb45f11f2\">Recentemente, a Prefeitura de Vit\u00f3ria, no Estado do Esp\u00edrito Santo publicou o edital do Processo Seletivo Simplificado com oferta de <strong>01 vagas direta mais forma\u00e7\u00e3o de cadastro de reserva<\/strong> <strong>para contrata\u00e7\u00e3o tempor\u00e1ria<\/strong> de <strong>Professor da Educa\u00e7\u00e3o B\u00e1sica <\/strong>(<a href=\"https:\/\/dhg1h5j42swfq.cloudfront.net\/2021\/06\/18161905\/edital_pss_vitoria_es_2021.pdf\" target=\"_blank\" rel=\"noreferrer noopener\">PSS SME Vit\u00f3ria ES<\/a>). A\u00a0<strong>sele\u00e7\u00e3o ser\u00e1 feita por an\u00e1lise de t\u00edtulos e curr\u00edculo<\/strong> e as remunera\u00e7\u00f5es ofertadas variam<strong> entre R$2.099,41 e R$2.792,88<\/strong>, dependendo dos t\u00edtulos de cada candidato.<\/p>\n\n\n\n<p id=\"block-dd106b22-40a9-4563-8895-01ebb45f11f2\">O <strong>prazo de validade do Processo Seletivo ser\u00e1 de 6 meses<\/strong>, a contar da publica\u00e7\u00e3o da sua homologa\u00e7\u00e3o, podendo ser prorrogado, uma \u00fanica vez, por igual per\u00edodo. Para concorrer aos cargos, os interessados devem possuir licenciatura plena em Pedagogia ou normal superior, com habilita\u00e7\u00e3o em Educa\u00e7\u00e3o Infantil. A jornada de trabalho ser\u00e1 de 25 horas e os contratados<strong> ir\u00e3o suprir as vagas que surgiram por afastamentos de profissionais efetivos.<\/strong><\/p>\n\n\n\n<h2 class=\"has-text-align-center wp-block-heading\" id=\"curso\">Quer estudar para SME Vit\u00f3ria ES?<\/h2>\n\n\n\n<p class=\"has-text-align-center\">Gostou desta oportunidade e deseja come\u00e7ar se preparar agora mesmo? Ent\u00e3o, confira os nossos cursos e comece a estudar para SME Vit\u00f3ria ES:<\/p>\n\n\n\n<div class=\"col-sm\">\n      <div class=\"banner-estrategia\" id=\"box-assinatura\">\n        <h3 class=\"titulo-assinatura\">Cursos para SME Vit\u00f3ria ES<\/h3>\n        <p class=\"subtitulo-assinatura\">Conhe\u00e7a os cursos<\/p>\n        <div class=\"box-botao\">\n          <a class=\"btn-assinatura\" target=\"_blank\" href=\"https:\/\/www.estrategiaconcursos.com.br\/cursos\/concurso\/\" role=\"button\" rel=\"noopener noreferrer\">Conhe\u00e7a mais<\/a>\n        <\/div>\n      <\/div>\n      <p class=\"texto-auxiliar\">Prepare-se com o melhor material e com quem mais aprova em Concursos P\u00fablicos em todo o pa\u00eds.<\/p>\n    <\/div>\n\n\n\n<div class=\"container\" id=\"boxes\">\n  <div class=\"row\">\n\n    <div class=\"col-sm\">\n      <div class=\"estrategia\" id=\"box-assinatura\">\n        <h3 class=\"titulo-assinatura\">Assinatura Concursos<\/h3>\n        <p class=\"subtitulo-assinatura\">Assinatura de 1 ano ou 2 anos<\/p>\n        <div class=\"box-botao\">\n          <a class=\"btn-assinatura\" target=\"_blank\" href=\"https:\/\/www.estrategiaconcursos.com.br\/assinaturas\/\" role=\"button\" rel=\"noopener noreferrer\">ASSINE AGORA<\/a>\n        <\/div>\n      <\/div>\n     \n    <\/div><\/div><\/div>\n\n\n\n<div class=\"container\" id=\"boxes\">\n  <div class=\"row\">\n\n    <div class=\"col-sm\" id=\"boxes-concursos\">\n      <div style=\"background-color: #005DAD;\" class=\"conteudo-concursos\" id=\"box-concursos\">\n        <h3 class=\"titulo-assinatura\">Concursos Abertos<\/h3>\n        <p class=\"subtitulo-assinatura\">Confira os editais publicados<\/p>\n        <div class=\"box-botao\">\n          <a class=\"btn-assinatura\" target=\"_blank\" href=\"https:\/\/www.estrategiaconcursos.com.br\/blog\/concursos-abertos\/\" role=\"button\" rel=\"noopener noreferrer\">Conhe\u00e7a Agora<\/a>\n        <\/div>\n      <\/div>\n    <\/div>\n\n    <div class=\"col-sm\" id=\"boxes-concursos\">\n      <div style=\"background-color: #1A7ED5;\" class=\"conteudo-concursos\" id=\"box-concursos\">\n        <h3 class=\"titulo-assinatura\">Concursos 2021<\/h3>\n        <p class=\"subtitulo-assinatura\">As oportunidades previstas<\/p>\n        <div class=\"box-botao\">\n          <a class=\"btn-assinatura\" target=\"_blank\" href=\"https:\/\/www.estrategiaconcursos.com.br\/blog\/concursos-2021\/\" role=\"button\" rel=\"noopener noreferrer\">Conhe\u00e7a Agora<\/a>\n        <\/div>\n      <\/div>\n    <\/div>\n\n    <div class=\"col-sm\" id=\"boxes-concursos\">\n      <div style=\"background-color: #419FF0;\" class=\"conteudo-concursos\" id=\"box-concursos\">\n        <h3 class=\"titulo-assinatura\">Concursos 2022<\/h3>\n        <p class=\"subtitulo-assinatura\">Vagas para o pr\u00f3ximo ano<\/p>\n        <div class=\"box-botao\">\n          <a class=\"btn-assinatura\" target=\"_blank\" href=\"https:\/\/www.estrategiaconcursos.com.br\/blog\/concursos-2022\/\" role=\"button\" rel=\"noopener noreferrer\">Conhe\u00e7a Agora<\/a>\n        <\/div>\n      <\/div>\n    <\/div>\n\n  <\/div>\n<\/div>\n","protected":false},"excerpt":{"rendered":"<p>De acordo com uma publica\u00e7\u00e3o de 28 de julho, no Di\u00e1rio Oficial de Vit\u00f3ria, no Esp\u00edrito Santo, a Secretaria de Educa\u00e7\u00e3o do Munic\u00edpio convocou 46 candidatos aprovados no \u00faltimo concurso SME Vit\u00f3ria ES, sendo 38 professores, 5 pedagogos, 2 dinamizadores de Educa\u00e7\u00e3o F\u00edsica e 1 coordenador de turno para tomarem posse em seus cargos efetivos [&hellip;]<\/p>\n","protected":false},"author":1376,"featured_media":824585,"comment_status":"open","ping_status":"closed","sticky":false,"template":"","format":"standard","meta":{"post_tipo":"news","footnotes":""},"categories":[3766],"tags":[],"tax_estado":[219971],"class_list":["post-824581","post","type-post","status-publish","format-standard","has-post-thumbnail","hentry","category-educacional","tax_estado-es"],"acf":[],"yoast_head":"<!-- This site is optimized with the Yoast SEO Premium plugin v27.2 (Yoast SEO v27.2) - https:\/\/yoast.com\/product\/yoast-seo-premium-wordpress\/ -->\n<title>SME Vit\u00f3ria ES convoca 46 concursados na \u00e1rea da educa\u00e7\u00e3o<\/title>\n<meta name=\"description\" content=\"A Secretaria de Educa\u00e7\u00e3o de Vit\u00f3ria convocou 46 aprovados no \u00faltimo concurso SME Vit\u00f3ria ES para tomarem posse. Confira aqui!\" \/>\n<meta name=\"robots\" content=\"index, follow, max-snippet:-1, max-image-preview:large, max-video-preview:-1\" \/>\n<link rel=\"canonical\" href=\"https:\/\/www.estrategiaconcursos.com.br\/blog\/sme-vitoria-es-46-concursados-educacao\/\" \/>\n<meta property=\"og:locale\" content=\"pt_BR\" \/>\n<meta property=\"og:type\" content=\"article\" \/>\n<meta property=\"og:title\" content=\"SME Vit\u00f3ria ES convoca 46 concursados na \u00e1rea da educa\u00e7\u00e3o\" \/>\n<meta property=\"og:description\" content=\"A Secretaria de Educa\u00e7\u00e3o de Vit\u00f3ria convocou 46 aprovados no \u00faltimo concurso SME Vit\u00f3ria ES para tomarem posse. Confira aqui!\" \/>\n<meta property=\"og:url\" content=\"https:\/\/www.estrategiaconcursos.com.br\/blog\/sme-vitoria-es-46-concursados-educacao\/\" \/>\n<meta property=\"og:site_name\" content=\"Estrat\u00e9gia Concursos\" \/>\n<meta property=\"article:published_time\" content=\"2021-07-28T20:23:00+00:00\" \/>\n<meta property=\"article:modified_time\" content=\"2021-07-29T05:29:13+00:00\" \/>\n<meta property=\"og:image\" content=\"https:\/\/dhg1h5j42swfq.cloudfront.net\/2021\/07\/29020049\/educacao-1.jpg\" \/>\n\t<meta property=\"og:image:width\" content=\"1200\" \/>\n\t<meta property=\"og:image:height\" content=\"628\" \/>\n\t<meta property=\"og:image:type\" content=\"image\/jpeg\" \/>\n<meta name=\"author\" content=\"Mariana Cury Bunduky\" \/>\n<meta name=\"twitter:card\" content=\"summary_large_image\" \/>\n<meta name=\"twitter:creator\" content=\"@EstratConcursos\" \/>\n<meta name=\"twitter:site\" content=\"@EstratConcursos\" \/>\n<meta name=\"twitter:label1\" content=\"Escrito por\" \/>\n\t<meta name=\"twitter:data1\" content=\"Mariana Cury Bunduky\" \/>\n\t<meta name=\"twitter:label2\" content=\"Est. tempo de leitura\" \/>\n\t<meta name=\"twitter:data2\" content=\"2 minutos\" \/>\n<script type=\"application\/ld+json\" class=\"yoast-schema-graph\">{\"@context\":\"https:\/\/schema.org\",\"@graph\":[{\"@type\":\"NewsArticle\",\"@id\":\"https:\/\/www.estrategiaconcursos.com.br\/blog\/sme-vitoria-es-46-concursados-educacao\/#article\",\"isPartOf\":{\"@id\":\"https:\/\/www.estrategiaconcursos.com.br\/blog\/sme-vitoria-es-46-concursados-educacao\/\"},\"author\":{\"name\":\"Mariana Cury Bunduky\",\"@id\":\"https:\/\/www.estrategiaconcursos.com.br\/blog\/#\/schema\/person\/97594fe1216aa8a9cd2782ad241b7bac\"},\"headline\":\"SME Vit\u00f3ria ES convoca 46 concursados na \u00e1rea da educa\u00e7\u00e3o\",\"datePublished\":\"2021-07-28T20:23:00+00:00\",\"dateModified\":\"2021-07-29T05:29:13+00:00\",\"mainEntityOfPage\":{\"@id\":\"https:\/\/www.estrategiaconcursos.com.br\/blog\/sme-vitoria-es-46-concursados-educacao\/\"},\"wordCount\":466,\"commentCount\":0,\"publisher\":{\"@id\":\"https:\/\/www.estrategiaconcursos.com.br\/blog\/#organization\"},\"image\":{\"@id\":\"https:\/\/www.estrategiaconcursos.com.br\/blog\/sme-vitoria-es-46-concursados-educacao\/#primaryimage\"},\"thumbnailUrl\":\"https:\/\/dhg1h5j42swfq.cloudfront.net\/2021\/07\/29020049\/educacao-1.jpg\",\"articleSection\":[\"Educa\u00e7\u00e3o\"],\"inLanguage\":\"pt-BR\",\"potentialAction\":[{\"@type\":\"CommentAction\",\"name\":\"Comment\",\"target\":[\"https:\/\/www.estrategiaconcursos.com.br\/blog\/sme-vitoria-es-46-concursados-educacao\/#respond\"]}],\"copyrightYear\":\"2021\",\"copyrightHolder\":{\"@id\":\"https:\/\/www.estrategiaconcursos.com.br\/blog\/#organization\"}},{\"@type\":\"WebPage\",\"@id\":\"https:\/\/www.estrategiaconcursos.com.br\/blog\/sme-vitoria-es-46-concursados-educacao\/\",\"url\":\"https:\/\/www.estrategiaconcursos.com.br\/blog\/sme-vitoria-es-46-concursados-educacao\/\",\"name\":\"SME Vit\u00f3ria ES convoca 46 concursados na \u00e1rea da educa\u00e7\u00e3o\",\"isPartOf\":{\"@id\":\"https:\/\/www.estrategiaconcursos.com.br\/blog\/#website\"},\"primaryImageOfPage\":{\"@id\":\"https:\/\/www.estrategiaconcursos.com.br\/blog\/sme-vitoria-es-46-concursados-educacao\/#primaryimage\"},\"image\":{\"@id\":\"https:\/\/www.estrategiaconcursos.com.br\/blog\/sme-vitoria-es-46-concursados-educacao\/#primaryimage\"},\"thumbnailUrl\":\"https:\/\/dhg1h5j42swfq.cloudfront.net\/2021\/07\/29020049\/educacao-1.jpg\",\"datePublished\":\"2021-07-28T20:23:00+00:00\",\"dateModified\":\"2021-07-29T05:29:13+00:00\",\"description\":\"A Secretaria de Educa\u00e7\u00e3o de Vit\u00f3ria convocou 46 aprovados no \u00faltimo concurso SME Vit\u00f3ria ES para tomarem posse. Confira aqui!\",\"breadcrumb\":{\"@id\":\"https:\/\/www.estrategiaconcursos.com.br\/blog\/sme-vitoria-es-46-concursados-educacao\/#breadcrumb\"},\"inLanguage\":\"pt-BR\",\"potentialAction\":[{\"@type\":\"ReadAction\",\"target\":[\"https:\/\/www.estrategiaconcursos.com.br\/blog\/sme-vitoria-es-46-concursados-educacao\/\"]}]},{\"@type\":\"ImageObject\",\"inLanguage\":\"pt-BR\",\"@id\":\"https:\/\/www.estrategiaconcursos.com.br\/blog\/sme-vitoria-es-46-concursados-educacao\/#primaryimage\",\"url\":\"https:\/\/dhg1h5j42swfq.cloudfront.net\/2021\/07\/29020049\/educacao-1.jpg\",\"contentUrl\":\"https:\/\/dhg1h5j42swfq.cloudfront.net\/2021\/07\/29020049\/educacao-1.jpg\",\"width\":1200,\"height\":628,\"caption\":\"SME Vit\u00f3ria ES\"},{\"@type\":\"BreadcrumbList\",\"@id\":\"https:\/\/www.estrategiaconcursos.com.br\/blog\/sme-vitoria-es-46-concursados-educacao\/#breadcrumb\",\"itemListElement\":[{\"@type\":\"ListItem\",\"position\":1,\"name\":\"In\u00edcio\",\"item\":\"https:\/\/www.estrategiaconcursos.com.br\/blog\/\"},{\"@type\":\"ListItem\",\"position\":2,\"name\":\"SME Vit\u00f3ria ES convoca 46 concursados na \u00e1rea da educa\u00e7\u00e3o\"}]},{\"@type\":\"WebSite\",\"@id\":\"https:\/\/www.estrategiaconcursos.com.br\/blog\/#website\",\"url\":\"https:\/\/www.estrategiaconcursos.com.br\/blog\/\",\"name\":\"Estrat\u00e9gia Concursos\",\"description\":\"O blog da Estrat\u00e9gia Concursos traz not\u00edcias sobre concursos e artigos de professores oferecendo cursos para concursos (pdf + videaulas) no site.\",\"publisher\":{\"@id\":\"https:\/\/www.estrategiaconcursos.com.br\/blog\/#organization\"},\"potentialAction\":[{\"@type\":\"SearchAction\",\"target\":{\"@type\":\"EntryPoint\",\"urlTemplate\":\"https:\/\/www.estrategiaconcursos.com.br\/blog\/?s={search_term_string}\"},\"query-input\":{\"@type\":\"PropertyValueSpecification\",\"valueRequired\":true,\"valueName\":\"search_term_string\"}}],\"inLanguage\":\"pt-BR\"},{\"@type\":\"Organization\",\"@id\":\"https:\/\/www.estrategiaconcursos.com.br\/blog\/#organization\",\"name\":\"Estrat\u00e9gia Concursos\",\"url\":\"https:\/\/www.estrategiaconcursos.com.br\/blog\/\",\"logo\":{\"@type\":\"ImageObject\",\"inLanguage\":\"pt-BR\",\"@id\":\"https:\/\/www.estrategiaconcursos.com.br\/blog\/#\/schema\/logo\/image\/\",\"url\":\"https:\/\/dhg1h5j42swfq.cloudfront.net\/2025\/06\/03203428\/logo_concursos-1.jpg\",\"contentUrl\":\"https:\/\/dhg1h5j42swfq.cloudfront.net\/2025\/06\/03203428\/logo_concursos-1.jpg\",\"width\":230,\"height\":60,\"caption\":\"Estrat\u00e9gia Concursos\"},\"image\":{\"@id\":\"https:\/\/www.estrategiaconcursos.com.br\/blog\/#\/schema\/logo\/image\/\"},\"sameAs\":[\"https:\/\/x.com\/EstratConcursos\"]},{\"@type\":\"Person\",\"@id\":\"https:\/\/www.estrategiaconcursos.com.br\/blog\/#\/schema\/person\/97594fe1216aa8a9cd2782ad241b7bac\",\"name\":\"Mariana Cury Bunduky\",\"image\":{\"@type\":\"ImageObject\",\"inLanguage\":\"pt-BR\",\"@id\":\"https:\/\/secure.gravatar.com\/avatar\/?s=96&d=mm&r=g\",\"url\":\"https:\/\/secure.gravatar.com\/avatar\/?s=96&d=mm&r=g\",\"contentUrl\":\"https:\/\/secure.gravatar.com\/avatar\/?s=96&d=mm&r=g\",\"caption\":\"Mariana Cury Bunduky\"},\"url\":\"https:\/\/www.estrategiaconcursos.com.br\/blog\/author\/mariana-bunduky\/\"}]}<\/script>\n<!-- \/ Yoast SEO Premium plugin. -->","yoast_head_json":{"title":"SME Vit\u00f3ria ES convoca 46 concursados na \u00e1rea da educa\u00e7\u00e3o","description":"A Secretaria de Educa\u00e7\u00e3o de Vit\u00f3ria convocou 46 aprovados no \u00faltimo concurso SME Vit\u00f3ria ES para tomarem posse. Confira aqui!","robots":{"index":"index","follow":"follow","max-snippet":"max-snippet:-1","max-image-preview":"max-image-preview:large","max-video-preview":"max-video-preview:-1"},"canonical":"https:\/\/www.estrategiaconcursos.com.br\/blog\/sme-vitoria-es-46-concursados-educacao\/","og_locale":"pt_BR","og_type":"article","og_title":"SME Vit\u00f3ria ES convoca 46 concursados na \u00e1rea da educa\u00e7\u00e3o","og_description":"A Secretaria de Educa\u00e7\u00e3o de Vit\u00f3ria convocou 46 aprovados no \u00faltimo concurso SME Vit\u00f3ria ES para tomarem posse. Confira aqui!","og_url":"https:\/\/www.estrategiaconcursos.com.br\/blog\/sme-vitoria-es-46-concursados-educacao\/","og_site_name":"Estrat\u00e9gia Concursos","article_published_time":"2021-07-28T20:23:00+00:00","article_modified_time":"2021-07-29T05:29:13+00:00","og_image":[{"width":1200,"height":628,"url":"https:\/\/dhg1h5j42swfq.cloudfront.net\/2021\/07\/29020049\/educacao-1.jpg","type":"image\/jpeg"}],"author":"Mariana Cury Bunduky","twitter_card":"summary_large_image","twitter_creator":"@EstratConcursos","twitter_site":"@EstratConcursos","twitter_misc":{"Escrito por":"Mariana Cury Bunduky","Est. tempo de leitura":"2 minutos"},"schema":{"@context":"https:\/\/schema.org","@graph":[{"@type":"NewsArticle","@id":"https:\/\/www.estrategiaconcursos.com.br\/blog\/sme-vitoria-es-46-concursados-educacao\/#article","isPartOf":{"@id":"https:\/\/www.estrategiaconcursos.com.br\/blog\/sme-vitoria-es-46-concursados-educacao\/"},"author":{"name":"Mariana Cury Bunduky","@id":"https:\/\/www.estrategiaconcursos.com.br\/blog\/#\/schema\/person\/97594fe1216aa8a9cd2782ad241b7bac"},"headline":"SME Vit\u00f3ria ES convoca 46 concursados na \u00e1rea da educa\u00e7\u00e3o","datePublished":"2021-07-28T20:23:00+00:00","dateModified":"2021-07-29T05:29:13+00:00","mainEntityOfPage":{"@id":"https:\/\/www.estrategiaconcursos.com.br\/blog\/sme-vitoria-es-46-concursados-educacao\/"},"wordCount":466,"commentCount":0,"publisher":{"@id":"https:\/\/www.estrategiaconcursos.com.br\/blog\/#organization"},"image":{"@id":"https:\/\/www.estrategiaconcursos.com.br\/blog\/sme-vitoria-es-46-concursados-educacao\/#primaryimage"},"thumbnailUrl":"https:\/\/dhg1h5j42swfq.cloudfront.net\/2021\/07\/29020049\/educacao-1.jpg","articleSection":["Educa\u00e7\u00e3o"],"inLanguage":"pt-BR","potentialAction":[{"@type":"CommentAction","name":"Comment","target":["https:\/\/www.estrategiaconcursos.com.br\/blog\/sme-vitoria-es-46-concursados-educacao\/#respond"]}],"copyrightYear":"2021","copyrightHolder":{"@id":"https:\/\/www.estrategiaconcursos.com.br\/blog\/#organization"}},{"@type":"WebPage","@id":"https:\/\/www.estrategiaconcursos.com.br\/blog\/sme-vitoria-es-46-concursados-educacao\/","url":"https:\/\/www.estrategiaconcursos.com.br\/blog\/sme-vitoria-es-46-concursados-educacao\/","name":"SME Vit\u00f3ria ES convoca 46 concursados na \u00e1rea da educa\u00e7\u00e3o","isPartOf":{"@id":"https:\/\/www.estrategiaconcursos.com.br\/blog\/#website"},"primaryImageOfPage":{"@id":"https:\/\/www.estrategiaconcursos.com.br\/blog\/sme-vitoria-es-46-concursados-educacao\/#primaryimage"},"image":{"@id":"https:\/\/www.estrategiaconcursos.com.br\/blog\/sme-vitoria-es-46-concursados-educacao\/#primaryimage"},"thumbnailUrl":"https:\/\/dhg1h5j42swfq.cloudfront.net\/2021\/07\/29020049\/educacao-1.jpg","datePublished":"2021-07-28T20:23:00+00:00","dateModified":"2021-07-29T05:29:13+00:00","description":"A Secretaria de Educa\u00e7\u00e3o de Vit\u00f3ria convocou 46 aprovados no \u00faltimo concurso SME Vit\u00f3ria ES para tomarem posse. Confira aqui!","breadcrumb":{"@id":"https:\/\/www.estrategiaconcursos.com.br\/blog\/sme-vitoria-es-46-concursados-educacao\/#breadcrumb"},"inLanguage":"pt-BR","potentialAction":[{"@type":"ReadAction","target":["https:\/\/www.estrategiaconcursos.com.br\/blog\/sme-vitoria-es-46-concursados-educacao\/"]}]},{"@type":"ImageObject","inLanguage":"pt-BR","@id":"https:\/\/www.estrategiaconcursos.com.br\/blog\/sme-vitoria-es-46-concursados-educacao\/#primaryimage","url":"https:\/\/dhg1h5j42swfq.cloudfront.net\/2021\/07\/29020049\/educacao-1.jpg","contentUrl":"https:\/\/dhg1h5j42swfq.cloudfront.net\/2021\/07\/29020049\/educacao-1.jpg","width":1200,"height":628,"caption":"SME Vit\u00f3ria ES"},{"@type":"BreadcrumbList","@id":"https:\/\/www.estrategiaconcursos.com.br\/blog\/sme-vitoria-es-46-concursados-educacao\/#breadcrumb","itemListElement":[{"@type":"ListItem","position":1,"name":"In\u00edcio","item":"https:\/\/www.estrategiaconcursos.com.br\/blog\/"},{"@type":"ListItem","position":2,"name":"SME Vit\u00f3ria ES convoca 46 concursados na \u00e1rea da educa\u00e7\u00e3o"}]},{"@type":"WebSite","@id":"https:\/\/www.estrategiaconcursos.com.br\/blog\/#website","url":"https:\/\/www.estrategiaconcursos.com.br\/blog\/","name":"Estrat\u00e9gia Concursos","description":"O blog da Estrat\u00e9gia Concursos traz not\u00edcias sobre concursos e artigos de professores oferecendo cursos para concursos (pdf + videaulas) no site.","publisher":{"@id":"https:\/\/www.estrategiaconcursos.com.br\/blog\/#organization"},"potentialAction":[{"@type":"SearchAction","target":{"@type":"EntryPoint","urlTemplate":"https:\/\/www.estrategiaconcursos.com.br\/blog\/?s={search_term_string}"},"query-input":{"@type":"PropertyValueSpecification","valueRequired":true,"valueName":"search_term_string"}}],"inLanguage":"pt-BR"},{"@type":"Organization","@id":"https:\/\/www.estrategiaconcursos.com.br\/blog\/#organization","name":"Estrat\u00e9gia Concursos","url":"https:\/\/www.estrategiaconcursos.com.br\/blog\/","logo":{"@type":"ImageObject","inLanguage":"pt-BR","@id":"https:\/\/www.estrategiaconcursos.com.br\/blog\/#\/schema\/logo\/image\/","url":"https:\/\/dhg1h5j42swfq.cloudfront.net\/2025\/06\/03203428\/logo_concursos-1.jpg","contentUrl":"https:\/\/dhg1h5j42swfq.cloudfront.net\/2025\/06\/03203428\/logo_concursos-1.jpg","width":230,"height":60,"caption":"Estrat\u00e9gia Concursos"},"image":{"@id":"https:\/\/www.estrategiaconcursos.com.br\/blog\/#\/schema\/logo\/image\/"},"sameAs":["https:\/\/x.com\/EstratConcursos"]},{"@type":"Person","@id":"https:\/\/www.estrategiaconcursos.com.br\/blog\/#\/schema\/person\/97594fe1216aa8a9cd2782ad241b7bac","name":"Mariana Cury Bunduky","image":{"@type":"ImageObject","inLanguage":"pt-BR","@id":"https:\/\/secure.gravatar.com\/avatar\/?s=96&d=mm&r=g","url":"https:\/\/secure.gravatar.com\/avatar\/?s=96&d=mm&r=g","contentUrl":"https:\/\/secure.gravatar.com\/avatar\/?s=96&d=mm&r=g","caption":"Mariana Cury Bunduky"},"url":"https:\/\/www.estrategiaconcursos.com.br\/blog\/author\/mariana-bunduky\/"}]}},"_links":{"self":[{"href":"https:\/\/www.estrategiaconcursos.com.br\/blog\/wp-json\/wp\/v2\/posts\/824581","targetHints":{"allow":["GET"]}}],"collection":[{"href":"https:\/\/www.estrategiaconcursos.com.br\/blog\/wp-json\/wp\/v2\/posts"}],"about":[{"href":"https:\/\/www.estrategiaconcursos.com.br\/blog\/wp-json\/wp\/v2\/types\/post"}],"author":[{"embeddable":true,"href":"https:\/\/www.estrategiaconcursos.com.br\/blog\/wp-json\/wp\/v2\/users\/1376"}],"replies":[{"embeddable":true,"href":"https:\/\/www.estrategiaconcursos.com.br\/blog\/wp-json\/wp\/v2\/comments?post=824581"}],"version-history":[{"count":12,"href":"https:\/\/www.estrategiaconcursos.com.br\/blog\/wp-json\/wp\/v2\/posts\/824581\/revisions"}],"predecessor-version":[{"id":824597,"href":"https:\/\/www.estrategiaconcursos.com.br\/blog\/wp-json\/wp\/v2\/posts\/824581\/revisions\/824597"}],"wp:featuredmedia":[{"embeddable":true,"href":"https:\/\/www.estrategiaconcursos.com.br\/blog\/wp-json\/wp\/v2\/media\/824585"}],"wp:attachment":[{"href":"https:\/\/www.estrategiaconcursos.com.br\/blog\/wp-json\/wp\/v2\/media?parent=824581"}],"wp:term":[{"taxonomy":"category","embeddable":true,"href":"https:\/\/www.estrategiaconcursos.com.br\/blog\/wp-json\/wp\/v2\/categories?post=824581"},{"taxonomy":"post_tag","embeddable":true,"href":"https:\/\/www.estrategiaconcursos.com.br\/blog\/wp-json\/wp\/v2\/tags?post=824581"},{"taxonomy":"tax_estado","embeddable":true,"href":"https:\/\/www.estrategiaconcursos.com.br\/blog\/wp-json\/wp\/v2\/tax_estado?post=824581"}],"curies":[{"name":"wp","href":"https:\/\/api.w.org\/{rel}","templated":true}]}}