{"id":824416,"date":"2021-07-28T18:48:00","date_gmt":"2021-07-28T21:48:00","guid":{"rendered":"https:\/\/www.estrategiaconcursos.com.br\/blog\/?p=824416"},"modified":"2021-07-29T16:33:23","modified_gmt":"2021-07-29T19:33:23","slug":"comissao-do-concurso-mpac-promotor","status":"publish","type":"post","link":"https:\/\/www.estrategiaconcursos.com.br\/blog\/comissao-do-concurso-mpac-promotor\/","title":{"rendered":"Comiss\u00e3o do concurso MPAC Promotor delega etapas de prova \u00e0 banca!"},"content":{"rendered":"\n<p>De acordo com uma publica\u00e7\u00e3o no Di\u00e1rio Eletr\u00f4nico do Minist\u00e9rio P\u00fablico do Acre, de 27 de julho de 2021, durante a realiza\u00e7\u00e3o de sua primeira reuni\u00e3o, a comiss\u00e3o do concurso MPAC Promotor decidiu pela delega\u00e7\u00e3o das atividades de elabora\u00e7\u00e3o, corre\u00e7\u00e3o e aplica\u00e7\u00e3o das provas do XIII Concurso de Ingresso na carreira de Promotor de Justi\u00e7a, \u00e0 futura banca organizadora. <\/p>\n\n\n\n<p>A empresa tamb\u00e9m ser\u00e1 respons\u00e1vel pelos exames de sanidade f\u00edsica e mental, pela per\u00edcia m\u00e9dica para candidatos com defici\u00eancia e pelo procedimento de verifica\u00e7\u00e3o da condi\u00e7\u00e3o declarada para concorrer \u00e0s vagas reservadas para negros. A institui\u00e7\u00e3o ainda n\u00e3o foi definida mas, segundo a ata da reuni\u00e3o, dever\u00e1 possuir reconhecida capacidade e idoneidade, e ser situada no \u00e2mbito do territ\u00f3rio nacional. <\/p>\n\n\n\n<p>A delibera\u00e7\u00e3o se deu ap\u00f3s respeitosas discuss\u00f5es e pondera\u00e7\u00f5es que reconheceram a aus\u00eancia de <em>know how<\/em> interno e a op\u00e7\u00e3o por uma maior isen\u00e7\u00e3o do \u00f3rg\u00e3o na realiza\u00e7\u00e3o do processo seletivo. Foram iniciados os tr\u00e2mites de escolha da banca, que se dar\u00e1 por procedimento administrativo licitat\u00f3rio. <\/p>\n\n\n\n<p>Al\u00e9m disso, foi determinada, pela Comiss\u00e3o do concurso MPAC Promotor, a expedi\u00e7\u00e3o de ato declarando sua constitui\u00e7\u00e3o e indicando nominalmente seus integrantes com suas respectivas origens. Veja abaixo o nome dos integrantes que participaram da sess\u00e3o. <\/p>\n\n\n\n<ul class=\"wp-block-list\"><li>K\u00e1tia Rejane de Ara\u00fajo Rodrigues &#8211; Procuradora-Geral de Justi\u00e7a e Presidente da Comiss\u00e3o; <\/li><li>Danilo Lovisaro do Nascimento &#8211; Procurador de Justi\u00e7a e membro titular; <\/li><li>Almir Fernandes Branco &#8211; Promotor de Justi\u00e7a e membro titular; <\/li><li>Marco Aur\u00e9lio Ribeiro &#8211; Promotor de Justi\u00e7a e membro titular;<\/li><li>Gilcely Evangelista de Ara\u00fajo Souza &#8211; Procuradora de Justi\u00e7a e membro suplente; <\/li><li>Myrna Teixeira Mendoza &#8211; Promotora de Justi\u00e7a e membro suplente; <\/li><li>Laudivon de Oliveira Nogueira &#8211; Desembargador TJAC e membro titular;<\/li><li>Samoel Martins Evangelista &#8211; Desembargador TJAC e membro suplente;<\/li><li>Hil\u00e1rio de Castro Melo Junior &#8211; Advogado OAB AC e membro titular; <\/li><li>Emmily Teixeira de Ara\u00fajo &#8211; Advogado OAB AC e membro suplente. <\/li><\/ul>\n\n\n\n<p>Para acessar a publica\u00e7\u00e3o na \u00edntegra, clique <a href=\"https:\/\/dhg1h5j42swfq.cloudfront.net\/2021\/07\/29005027\/mp-ac-promotor-delegado.pdf\" target=\"_blank\" rel=\"noreferrer noopener nofollow\">aqui<\/a>. <\/p>\n\n\n\n<p>O concurso MPAC Promotor j\u00e1 teve seu regulamento publicado e ofertar\u00e1 10 vagas para Promotor de Justi\u00e7a Substituto, com remunera\u00e7\u00e3o de R$ 30.404,42. Para concorrer ao cargo \u00e9 necess\u00e1rio ter conclu\u00eddo curso de bacharelado em Direito e ter exercido atividade jur\u00eddica por, no m\u00ednimo, 3 anos at\u00e9 a data da inscri\u00e7\u00e3o definitiva, desempenhada exclusivamente ap\u00f3s a conclus\u00e3o do curso superior. <\/p>\n\n\n\n<p class=\"has-text-align-center has-background has-medium-font-size\" style=\"background-color:#80bfe5\"> <strong>Mais informa\u00e7\u00f5es: <a href=\"https:\/\/www.estrategiaconcursos.com.br\/blog\/concurso-mp-ac-promotor\" target=\"_blank\" rel=\"noreferrer noopener\">Concurso MP AC Promotor<\/a><\/strong><\/p>\n\n\n\n<h2 class=\"has-text-align-center wp-block-heading\" id=\"curso\">Cursos para o concurso MPAC Promotor<\/h2>\n\n\n\n<div class=\"container\" id=\"boxes\">\n  <div class=\"row\">\n\n    <div class=\"col-sm\">\n      <div class=\"banner-ecj\" id=\"box-assinatura\">\n        <h3 class=\"titulo-assinatura\">Curso para Concurso MP AC Promotor <\/h3>\n        <p class=\"subtitulo-assinatura\">Cursos focados no edital do concurso<\/p>\n        <div class=\"box-botao\">\n          <a class=\"btn-assinatura\" target=\"_blank\" href=\"https:\/\/www.estrategiaconcursos.com.br\/cursosPorConcurso\/ministerio-publico-do-acre-mp-ac\/\" role=\"button\" rel=\"noopener noreferrer\">Conhe\u00e7a mais<\/a>\n        <\/div>\n      <\/div>\n      <p class=\"texto-auxiliar\">Prepare-se com o melhor material e com quem mais aprova em concursos em todo o pa\u00eds. \n<\/p>\n    <\/div>\n\n  <\/div>\n<\/div>\n\n\n\n<div class=\"container\" id=\"boxes\">\n  <div class=\"row\">\n\n    <div class=\"col-sm\">\n      <div class=\"banner-ecj\" id=\"box-assinatura\">\n        <h3 class=\"titulo-assinatura\">Assinatura Jur\u00eddica <\/h3>\n        <p class=\"subtitulo-assinatura\">Conhe\u00e7a os planos<\/p>\n        <div class=\"box-botao\">\n          <a class=\"btn-assinatura\" target=\"_blank\" href=\"https:\/\/www.estrategiaconcursos.com.br\/assinaturas-ecj\/\" role=\"button\" rel=\"noopener noreferrer\">Conhe\u00e7a mais<\/a>\n        <\/div>\n      <\/div>\n      <p class=\"texto-auxiliar\">Prepare-se com o melhor material e com quem mais aprova em Concursos P\u00fablicos em todo o pa\u00eds. \n<\/p>\n    <\/div>\n\n  <\/div>\n<\/div>\n\n\n\n<div class=\"container\" id=\"boxes\">\n  <div class=\"row\">\n\n    <div class=\"col-sm\" id=\"boxes-concursos\">\n      <div style=\"background-color: #005DAD;\" class=\"conteudo-concursos\" id=\"box-concursos\">\n        <h3 class=\"titulo-assinatura\">Concursos Abertos<\/h3>\n        <p class=\"subtitulo-assinatura\">Os editais publicados<\/p>\n        <div class=\"box-botao\">\n          <a class=\"btn-assinatura\" target=\"_blank\" href=\"https:\/\/www.estrategiaconcursos.com.br\/blog\/concursos-abertos\/\" role=\"button\" rel=\"noopener noreferrer\">Conhe\u00e7a Agora<\/a>\n        <\/div>\n      <\/div>\n    <\/div>\n\n    <div class=\"col-sm\" id=\"boxes-concursos\">\n      <div style=\"background-color: #1A7ED5;\" class=\"conteudo-concursos\" id=\"box-concursos\">\n        <h3 class=\"titulo-assinatura\">Concursos 2021<\/h3>\n        <p class=\"subtitulo-assinatura\">As oportunidades previstas<\/p>\n        <div class=\"box-botao\">\n          <a class=\"btn-assinatura\" target=\"_blank\" href=\"https:\/\/www.estrategiaconcursos.com.br\/blog\/concursos-2021\/\" role=\"button\" rel=\"noopener noreferrer\">Conhe\u00e7a Agora<\/a>\n        <\/div>\n      <\/div>\n    <\/div>\n\n    <div class=\"col-sm\" id=\"boxes-concursos\">\n      <div style=\"background-color: #419FF0;\" class=\"conteudo-concursos\" id=\"box-concursos\">\n        <h3 class=\"titulo-assinatura\">Concursos 2022<\/h3>\n        <p class=\"subtitulo-assinatura\">Vagas para o pr\u00f3ximo ano<\/p>\n        <div class=\"box-botao\">\n          <a class=\"btn-assinatura\" target=\"_blank\" href=\"https:\/\/www.estrategiaconcursos.com.br\/blog\/concursos-2022\/\" role=\"button\" rel=\"noopener noreferrer\">Conhe\u00e7a Agora<\/a>\n        <\/div>\n      <\/div>\n    <\/div>\n\n  <\/div>\n<\/div>\n","protected":false},"excerpt":{"rendered":"<p>De acordo com uma publica\u00e7\u00e3o no Di\u00e1rio Eletr\u00f4nico do Minist\u00e9rio P\u00fablico do Acre, de 27 de julho de 2021, durante a realiza\u00e7\u00e3o de sua primeira reuni\u00e3o, a comiss\u00e3o do concurso MPAC Promotor decidiu pela delega\u00e7\u00e3o das atividades de elabora\u00e7\u00e3o, corre\u00e7\u00e3o e aplica\u00e7\u00e3o das provas do XIII Concurso de Ingresso na carreira de Promotor de Justi\u00e7a, [&hellip;]<\/p>\n","protected":false},"author":1376,"featured_media":824440,"comment_status":"open","ping_status":"closed","sticky":false,"template":"","format":"standard","meta":{"post_tipo":"news","footnotes":""},"categories":[220197],"tags":[],"tax_estado":[219964],"class_list":["post-824416","post","type-post","status-publish","format-standard","has-post-thumbnail","hentry","category-promotor-de-justica","tax_estado-ac"],"acf":[],"yoast_head":"<!-- This site is optimized with the Yoast SEO Premium plugin v27.2 (Yoast SEO v27.2) - https:\/\/yoast.com\/product\/yoast-seo-premium-wordpress\/ -->\n<title>Comiss\u00e3o do concurso MPAC Promotor delega etapas de prova \u00e0 banca!<\/title>\n<meta name=\"description\" content=\"A Comiss\u00e3o do concurso MPAC Promotor decidiu delegar a elabora\u00e7\u00e3o e aplica\u00e7\u00e3o das provas da sele\u00e7\u00e3o \u00e0 banca organizadora que ser\u00e1 contratada.\" \/>\n<meta name=\"robots\" content=\"index, follow, max-snippet:-1, max-image-preview:large, max-video-preview:-1\" \/>\n<link rel=\"canonical\" href=\"https:\/\/www.estrategiaconcursos.com.br\/blog\/comissao-do-concurso-mpac-promotor\/\" \/>\n<meta property=\"og:locale\" content=\"pt_BR\" \/>\n<meta property=\"og:type\" content=\"article\" \/>\n<meta property=\"og:title\" content=\"Comiss\u00e3o do concurso MPAC Promotor delega etapas de prova \u00e0 banca!\" \/>\n<meta property=\"og:description\" content=\"A Comiss\u00e3o do concurso MPAC Promotor decidiu delegar a elabora\u00e7\u00e3o e aplica\u00e7\u00e3o das provas da sele\u00e7\u00e3o \u00e0 banca organizadora que ser\u00e1 contratada.\" \/>\n<meta property=\"og:url\" content=\"https:\/\/www.estrategiaconcursos.com.br\/blog\/comissao-do-concurso-mpac-promotor\/\" \/>\n<meta property=\"og:site_name\" content=\"Estrat\u00e9gia Concursos\" \/>\n<meta property=\"article:published_time\" content=\"2021-07-28T21:48:00+00:00\" \/>\n<meta property=\"article:modified_time\" content=\"2021-07-29T19:33:23+00:00\" \/>\n<meta property=\"og:image\" content=\"https:\/\/dhg1h5j42swfq.cloudfront.net\/2021\/07\/28235653\/mp-ac-promotor.jpg\" \/>\n\t<meta property=\"og:image:width\" content=\"768\" \/>\n\t<meta property=\"og:image:height\" content=\"432\" \/>\n\t<meta property=\"og:image:type\" content=\"image\/jpeg\" \/>\n<meta name=\"author\" content=\"Mariana Cury Bunduky\" \/>\n<meta name=\"twitter:card\" content=\"summary_large_image\" \/>\n<meta name=\"twitter:creator\" content=\"@EstratConcursos\" \/>\n<meta name=\"twitter:site\" content=\"@EstratConcursos\" \/>\n<meta name=\"twitter:label1\" content=\"Escrito por\" \/>\n\t<meta name=\"twitter:data1\" content=\"Mariana Cury Bunduky\" \/>\n\t<meta name=\"twitter:label2\" content=\"Est. tempo de leitura\" \/>\n\t<meta name=\"twitter:data2\" content=\"2 minutos\" \/>\n<script type=\"application\/ld+json\" class=\"yoast-schema-graph\">{\"@context\":\"https:\/\/schema.org\",\"@graph\":[{\"@type\":\"NewsArticle\",\"@id\":\"https:\/\/www.estrategiaconcursos.com.br\/blog\/comissao-do-concurso-mpac-promotor\/#article\",\"isPartOf\":{\"@id\":\"https:\/\/www.estrategiaconcursos.com.br\/blog\/comissao-do-concurso-mpac-promotor\/\"},\"author\":{\"name\":\"Mariana Cury Bunduky\",\"@id\":\"https:\/\/www.estrategiaconcursos.com.br\/blog\/#\/schema\/person\/97594fe1216aa8a9cd2782ad241b7bac\"},\"headline\":\"Comiss\u00e3o do concurso MPAC Promotor delega etapas de prova \u00e0 banca!\",\"datePublished\":\"2021-07-28T21:48:00+00:00\",\"dateModified\":\"2021-07-29T19:33:23+00:00\",\"mainEntityOfPage\":{\"@id\":\"https:\/\/www.estrategiaconcursos.com.br\/blog\/comissao-do-concurso-mpac-promotor\/\"},\"wordCount\":544,\"commentCount\":0,\"publisher\":{\"@id\":\"https:\/\/www.estrategiaconcursos.com.br\/blog\/#organization\"},\"image\":{\"@id\":\"https:\/\/www.estrategiaconcursos.com.br\/blog\/comissao-do-concurso-mpac-promotor\/#primaryimage\"},\"thumbnailUrl\":\"https:\/\/dhg1h5j42swfq.cloudfront.net\/2021\/07\/28235653\/mp-ac-promotor.jpg\",\"articleSection\":[\"Jur\u00eddico - Promotor de Justi\u00e7a\"],\"inLanguage\":\"pt-BR\",\"potentialAction\":[{\"@type\":\"CommentAction\",\"name\":\"Comment\",\"target\":[\"https:\/\/www.estrategiaconcursos.com.br\/blog\/comissao-do-concurso-mpac-promotor\/#respond\"]}],\"copyrightYear\":\"2021\",\"copyrightHolder\":{\"@id\":\"https:\/\/www.estrategiaconcursos.com.br\/blog\/#organization\"}},{\"@type\":\"WebPage\",\"@id\":\"https:\/\/www.estrategiaconcursos.com.br\/blog\/comissao-do-concurso-mpac-promotor\/\",\"url\":\"https:\/\/www.estrategiaconcursos.com.br\/blog\/comissao-do-concurso-mpac-promotor\/\",\"name\":\"Comiss\u00e3o do concurso MPAC Promotor delega etapas de prova \u00e0 banca!\",\"isPartOf\":{\"@id\":\"https:\/\/www.estrategiaconcursos.com.br\/blog\/#website\"},\"primaryImageOfPage\":{\"@id\":\"https:\/\/www.estrategiaconcursos.com.br\/blog\/comissao-do-concurso-mpac-promotor\/#primaryimage\"},\"image\":{\"@id\":\"https:\/\/www.estrategiaconcursos.com.br\/blog\/comissao-do-concurso-mpac-promotor\/#primaryimage\"},\"thumbnailUrl\":\"https:\/\/dhg1h5j42swfq.cloudfront.net\/2021\/07\/28235653\/mp-ac-promotor.jpg\",\"datePublished\":\"2021-07-28T21:48:00+00:00\",\"dateModified\":\"2021-07-29T19:33:23+00:00\",\"description\":\"A Comiss\u00e3o do concurso MPAC Promotor decidiu delegar a elabora\u00e7\u00e3o e aplica\u00e7\u00e3o das provas da sele\u00e7\u00e3o \u00e0 banca organizadora que ser\u00e1 contratada.\",\"breadcrumb\":{\"@id\":\"https:\/\/www.estrategiaconcursos.com.br\/blog\/comissao-do-concurso-mpac-promotor\/#breadcrumb\"},\"inLanguage\":\"pt-BR\",\"potentialAction\":[{\"@type\":\"ReadAction\",\"target\":[\"https:\/\/www.estrategiaconcursos.com.br\/blog\/comissao-do-concurso-mpac-promotor\/\"]}]},{\"@type\":\"ImageObject\",\"inLanguage\":\"pt-BR\",\"@id\":\"https:\/\/www.estrategiaconcursos.com.br\/blog\/comissao-do-concurso-mpac-promotor\/#primaryimage\",\"url\":\"https:\/\/dhg1h5j42swfq.cloudfront.net\/2021\/07\/28235653\/mp-ac-promotor.jpg\",\"contentUrl\":\"https:\/\/dhg1h5j42swfq.cloudfront.net\/2021\/07\/28235653\/mp-ac-promotor.jpg\",\"width\":768,\"height\":432,\"caption\":\"Comiss\u00e3o do concurso MPAC Promotor\"},{\"@type\":\"BreadcrumbList\",\"@id\":\"https:\/\/www.estrategiaconcursos.com.br\/blog\/comissao-do-concurso-mpac-promotor\/#breadcrumb\",\"itemListElement\":[{\"@type\":\"ListItem\",\"position\":1,\"name\":\"In\u00edcio\",\"item\":\"https:\/\/www.estrategiaconcursos.com.br\/blog\/\"},{\"@type\":\"ListItem\",\"position\":2,\"name\":\"Comiss\u00e3o do concurso MPAC Promotor delega etapas de prova \u00e0 banca!\"}]},{\"@type\":\"WebSite\",\"@id\":\"https:\/\/www.estrategiaconcursos.com.br\/blog\/#website\",\"url\":\"https:\/\/www.estrategiaconcursos.com.br\/blog\/\",\"name\":\"Estrat\u00e9gia Concursos\",\"description\":\"O blog da Estrat\u00e9gia Concursos traz not\u00edcias sobre concursos e artigos de professores oferecendo cursos para concursos (pdf + videaulas) no site.\",\"publisher\":{\"@id\":\"https:\/\/www.estrategiaconcursos.com.br\/blog\/#organization\"},\"potentialAction\":[{\"@type\":\"SearchAction\",\"target\":{\"@type\":\"EntryPoint\",\"urlTemplate\":\"https:\/\/www.estrategiaconcursos.com.br\/blog\/?s={search_term_string}\"},\"query-input\":{\"@type\":\"PropertyValueSpecification\",\"valueRequired\":true,\"valueName\":\"search_term_string\"}}],\"inLanguage\":\"pt-BR\"},{\"@type\":\"Organization\",\"@id\":\"https:\/\/www.estrategiaconcursos.com.br\/blog\/#organization\",\"name\":\"Estrat\u00e9gia Concursos\",\"url\":\"https:\/\/www.estrategiaconcursos.com.br\/blog\/\",\"logo\":{\"@type\":\"ImageObject\",\"inLanguage\":\"pt-BR\",\"@id\":\"https:\/\/www.estrategiaconcursos.com.br\/blog\/#\/schema\/logo\/image\/\",\"url\":\"https:\/\/dhg1h5j42swfq.cloudfront.net\/2025\/06\/03203428\/logo_concursos-1.jpg\",\"contentUrl\":\"https:\/\/dhg1h5j42swfq.cloudfront.net\/2025\/06\/03203428\/logo_concursos-1.jpg\",\"width\":230,\"height\":60,\"caption\":\"Estrat\u00e9gia Concursos\"},\"image\":{\"@id\":\"https:\/\/www.estrategiaconcursos.com.br\/blog\/#\/schema\/logo\/image\/\"},\"sameAs\":[\"https:\/\/x.com\/EstratConcursos\"]},{\"@type\":\"Person\",\"@id\":\"https:\/\/www.estrategiaconcursos.com.br\/blog\/#\/schema\/person\/97594fe1216aa8a9cd2782ad241b7bac\",\"name\":\"Mariana Cury Bunduky\",\"image\":{\"@type\":\"ImageObject\",\"inLanguage\":\"pt-BR\",\"@id\":\"https:\/\/secure.gravatar.com\/avatar\/?s=96&d=mm&r=g\",\"url\":\"https:\/\/secure.gravatar.com\/avatar\/?s=96&d=mm&r=g\",\"contentUrl\":\"https:\/\/secure.gravatar.com\/avatar\/?s=96&d=mm&r=g\",\"caption\":\"Mariana Cury Bunduky\"},\"url\":\"https:\/\/www.estrategiaconcursos.com.br\/blog\/author\/mariana-bunduky\/\"}]}<\/script>\n<!-- \/ Yoast SEO Premium plugin. -->","yoast_head_json":{"title":"Comiss\u00e3o do concurso MPAC Promotor delega etapas de prova \u00e0 banca!","description":"A Comiss\u00e3o do concurso MPAC Promotor decidiu delegar a elabora\u00e7\u00e3o e aplica\u00e7\u00e3o das provas da sele\u00e7\u00e3o \u00e0 banca organizadora que ser\u00e1 contratada.","robots":{"index":"index","follow":"follow","max-snippet":"max-snippet:-1","max-image-preview":"max-image-preview:large","max-video-preview":"max-video-preview:-1"},"canonical":"https:\/\/www.estrategiaconcursos.com.br\/blog\/comissao-do-concurso-mpac-promotor\/","og_locale":"pt_BR","og_type":"article","og_title":"Comiss\u00e3o do concurso MPAC Promotor delega etapas de prova \u00e0 banca!","og_description":"A Comiss\u00e3o do concurso MPAC Promotor decidiu delegar a elabora\u00e7\u00e3o e aplica\u00e7\u00e3o das provas da sele\u00e7\u00e3o \u00e0 banca organizadora que ser\u00e1 contratada.","og_url":"https:\/\/www.estrategiaconcursos.com.br\/blog\/comissao-do-concurso-mpac-promotor\/","og_site_name":"Estrat\u00e9gia Concursos","article_published_time":"2021-07-28T21:48:00+00:00","article_modified_time":"2021-07-29T19:33:23+00:00","og_image":[{"width":768,"height":432,"url":"https:\/\/dhg1h5j42swfq.cloudfront.net\/2021\/07\/28235653\/mp-ac-promotor.jpg","type":"image\/jpeg"}],"author":"Mariana Cury Bunduky","twitter_card":"summary_large_image","twitter_creator":"@EstratConcursos","twitter_site":"@EstratConcursos","twitter_misc":{"Escrito por":"Mariana Cury Bunduky","Est. tempo de leitura":"2 minutos"},"schema":{"@context":"https:\/\/schema.org","@graph":[{"@type":"NewsArticle","@id":"https:\/\/www.estrategiaconcursos.com.br\/blog\/comissao-do-concurso-mpac-promotor\/#article","isPartOf":{"@id":"https:\/\/www.estrategiaconcursos.com.br\/blog\/comissao-do-concurso-mpac-promotor\/"},"author":{"name":"Mariana Cury Bunduky","@id":"https:\/\/www.estrategiaconcursos.com.br\/blog\/#\/schema\/person\/97594fe1216aa8a9cd2782ad241b7bac"},"headline":"Comiss\u00e3o do concurso MPAC Promotor delega etapas de prova \u00e0 banca!","datePublished":"2021-07-28T21:48:00+00:00","dateModified":"2021-07-29T19:33:23+00:00","mainEntityOfPage":{"@id":"https:\/\/www.estrategiaconcursos.com.br\/blog\/comissao-do-concurso-mpac-promotor\/"},"wordCount":544,"commentCount":0,"publisher":{"@id":"https:\/\/www.estrategiaconcursos.com.br\/blog\/#organization"},"image":{"@id":"https:\/\/www.estrategiaconcursos.com.br\/blog\/comissao-do-concurso-mpac-promotor\/#primaryimage"},"thumbnailUrl":"https:\/\/dhg1h5j42swfq.cloudfront.net\/2021\/07\/28235653\/mp-ac-promotor.jpg","articleSection":["Jur\u00eddico - Promotor de Justi\u00e7a"],"inLanguage":"pt-BR","potentialAction":[{"@type":"CommentAction","name":"Comment","target":["https:\/\/www.estrategiaconcursos.com.br\/blog\/comissao-do-concurso-mpac-promotor\/#respond"]}],"copyrightYear":"2021","copyrightHolder":{"@id":"https:\/\/www.estrategiaconcursos.com.br\/blog\/#organization"}},{"@type":"WebPage","@id":"https:\/\/www.estrategiaconcursos.com.br\/blog\/comissao-do-concurso-mpac-promotor\/","url":"https:\/\/www.estrategiaconcursos.com.br\/blog\/comissao-do-concurso-mpac-promotor\/","name":"Comiss\u00e3o do concurso MPAC Promotor delega etapas de prova \u00e0 banca!","isPartOf":{"@id":"https:\/\/www.estrategiaconcursos.com.br\/blog\/#website"},"primaryImageOfPage":{"@id":"https:\/\/www.estrategiaconcursos.com.br\/blog\/comissao-do-concurso-mpac-promotor\/#primaryimage"},"image":{"@id":"https:\/\/www.estrategiaconcursos.com.br\/blog\/comissao-do-concurso-mpac-promotor\/#primaryimage"},"thumbnailUrl":"https:\/\/dhg1h5j42swfq.cloudfront.net\/2021\/07\/28235653\/mp-ac-promotor.jpg","datePublished":"2021-07-28T21:48:00+00:00","dateModified":"2021-07-29T19:33:23+00:00","description":"A Comiss\u00e3o do concurso MPAC Promotor decidiu delegar a elabora\u00e7\u00e3o e aplica\u00e7\u00e3o das provas da sele\u00e7\u00e3o \u00e0 banca organizadora que ser\u00e1 contratada.","breadcrumb":{"@id":"https:\/\/www.estrategiaconcursos.com.br\/blog\/comissao-do-concurso-mpac-promotor\/#breadcrumb"},"inLanguage":"pt-BR","potentialAction":[{"@type":"ReadAction","target":["https:\/\/www.estrategiaconcursos.com.br\/blog\/comissao-do-concurso-mpac-promotor\/"]}]},{"@type":"ImageObject","inLanguage":"pt-BR","@id":"https:\/\/www.estrategiaconcursos.com.br\/blog\/comissao-do-concurso-mpac-promotor\/#primaryimage","url":"https:\/\/dhg1h5j42swfq.cloudfront.net\/2021\/07\/28235653\/mp-ac-promotor.jpg","contentUrl":"https:\/\/dhg1h5j42swfq.cloudfront.net\/2021\/07\/28235653\/mp-ac-promotor.jpg","width":768,"height":432,"caption":"Comiss\u00e3o do concurso MPAC Promotor"},{"@type":"BreadcrumbList","@id":"https:\/\/www.estrategiaconcursos.com.br\/blog\/comissao-do-concurso-mpac-promotor\/#breadcrumb","itemListElement":[{"@type":"ListItem","position":1,"name":"In\u00edcio","item":"https:\/\/www.estrategiaconcursos.com.br\/blog\/"},{"@type":"ListItem","position":2,"name":"Comiss\u00e3o do concurso MPAC Promotor delega etapas de prova \u00e0 banca!"}]},{"@type":"WebSite","@id":"https:\/\/www.estrategiaconcursos.com.br\/blog\/#website","url":"https:\/\/www.estrategiaconcursos.com.br\/blog\/","name":"Estrat\u00e9gia Concursos","description":"O blog da Estrat\u00e9gia Concursos traz not\u00edcias sobre concursos e artigos de professores oferecendo cursos para concursos (pdf + videaulas) no site.","publisher":{"@id":"https:\/\/www.estrategiaconcursos.com.br\/blog\/#organization"},"potentialAction":[{"@type":"SearchAction","target":{"@type":"EntryPoint","urlTemplate":"https:\/\/www.estrategiaconcursos.com.br\/blog\/?s={search_term_string}"},"query-input":{"@type":"PropertyValueSpecification","valueRequired":true,"valueName":"search_term_string"}}],"inLanguage":"pt-BR"},{"@type":"Organization","@id":"https:\/\/www.estrategiaconcursos.com.br\/blog\/#organization","name":"Estrat\u00e9gia Concursos","url":"https:\/\/www.estrategiaconcursos.com.br\/blog\/","logo":{"@type":"ImageObject","inLanguage":"pt-BR","@id":"https:\/\/www.estrategiaconcursos.com.br\/blog\/#\/schema\/logo\/image\/","url":"https:\/\/dhg1h5j42swfq.cloudfront.net\/2025\/06\/03203428\/logo_concursos-1.jpg","contentUrl":"https:\/\/dhg1h5j42swfq.cloudfront.net\/2025\/06\/03203428\/logo_concursos-1.jpg","width":230,"height":60,"caption":"Estrat\u00e9gia Concursos"},"image":{"@id":"https:\/\/www.estrategiaconcursos.com.br\/blog\/#\/schema\/logo\/image\/"},"sameAs":["https:\/\/x.com\/EstratConcursos"]},{"@type":"Person","@id":"https:\/\/www.estrategiaconcursos.com.br\/blog\/#\/schema\/person\/97594fe1216aa8a9cd2782ad241b7bac","name":"Mariana Cury Bunduky","image":{"@type":"ImageObject","inLanguage":"pt-BR","@id":"https:\/\/secure.gravatar.com\/avatar\/?s=96&d=mm&r=g","url":"https:\/\/secure.gravatar.com\/avatar\/?s=96&d=mm&r=g","contentUrl":"https:\/\/secure.gravatar.com\/avatar\/?s=96&d=mm&r=g","caption":"Mariana Cury Bunduky"},"url":"https:\/\/www.estrategiaconcursos.com.br\/blog\/author\/mariana-bunduky\/"}]}},"_links":{"self":[{"href":"https:\/\/www.estrategiaconcursos.com.br\/blog\/wp-json\/wp\/v2\/posts\/824416","targetHints":{"allow":["GET"]}}],"collection":[{"href":"https:\/\/www.estrategiaconcursos.com.br\/blog\/wp-json\/wp\/v2\/posts"}],"about":[{"href":"https:\/\/www.estrategiaconcursos.com.br\/blog\/wp-json\/wp\/v2\/types\/post"}],"author":[{"embeddable":true,"href":"https:\/\/www.estrategiaconcursos.com.br\/blog\/wp-json\/wp\/v2\/users\/1376"}],"replies":[{"embeddable":true,"href":"https:\/\/www.estrategiaconcursos.com.br\/blog\/wp-json\/wp\/v2\/comments?post=824416"}],"version-history":[{"count":31,"href":"https:\/\/www.estrategiaconcursos.com.br\/blog\/wp-json\/wp\/v2\/posts\/824416\/revisions"}],"predecessor-version":[{"id":825184,"href":"https:\/\/www.estrategiaconcursos.com.br\/blog\/wp-json\/wp\/v2\/posts\/824416\/revisions\/825184"}],"wp:featuredmedia":[{"embeddable":true,"href":"https:\/\/www.estrategiaconcursos.com.br\/blog\/wp-json\/wp\/v2\/media\/824440"}],"wp:attachment":[{"href":"https:\/\/www.estrategiaconcursos.com.br\/blog\/wp-json\/wp\/v2\/media?parent=824416"}],"wp:term":[{"taxonomy":"category","embeddable":true,"href":"https:\/\/www.estrategiaconcursos.com.br\/blog\/wp-json\/wp\/v2\/categories?post=824416"},{"taxonomy":"post_tag","embeddable":true,"href":"https:\/\/www.estrategiaconcursos.com.br\/blog\/wp-json\/wp\/v2\/tags?post=824416"},{"taxonomy":"tax_estado","embeddable":true,"href":"https:\/\/www.estrategiaconcursos.com.br\/blog\/wp-json\/wp\/v2\/tax_estado?post=824416"}],"curies":[{"name":"wp","href":"https:\/\/api.w.org\/{rel}","templated":true}]}}