{"id":824292,"date":"2021-10-31T00:00:00","date_gmt":"2021-10-31T03:00:00","guid":{"rendered":"https:\/\/www.estrategiaconcursos.com.br\/blog\/?p=824292"},"modified":"2024-05-21T23:38:28","modified_gmt":"2024-05-22T02:38:28","slug":"edital-tj-sp","status":"publish","type":"post","link":"https:\/\/www.estrategiaconcursos.com.br\/blog\/edital-tj-sp\/","title":{"rendered":"Edital TJ SP: saiu o gabarito da objetiva! Confira!"},"content":{"rendered":"\n<h3 class=\"wp-block-heading\" id=\"h-845-vagas-para-escrevente-r-5-mil\">845 vagas para Escrevente; R$ 5 mil!<\/h3>\n\n\n\n<p><strong>Foram divulgados os gabaritos da prova objetiva do concurso TJ SP<\/strong>. Com quatro vers\u00f5es, os exames foram realizados no dia 31\/10\/2021. Para conferir os gabaritos basta <a href=\"#resultados\">clicar aqui<\/a>! <\/p>\n\n\n\n<p>Agora <strong>os aprovados no exame ser\u00e3o convoca<\/strong>dos para a prova pr\u00e1tica. No t\u00f3pico &#8220;etapas de provas&#8221; colocamos todos os detalhes da prova. <\/p>\n\n\n\n<ul id=\"block-ee678516-e9d1-48bd-b327-7b9acd55f0fd\" class=\"has-pale-cyan-blue-background-color has-background wp-block-list\"><li><strong>TJ SP<\/strong>&nbsp;\u2013&nbsp;<strong>Escrevente T\u00e9cnico Judici\u00e1rio<\/strong><\/li><li><strong>Status:<\/strong>&nbsp;divulgados os gabaritos da prova objetiva<\/li><li><strong>Banca:&nbsp;<\/strong>Vunesp<\/li><li><strong>Vagas:&nbsp;<\/strong>845<\/li><li><strong>Sal\u00e1rio inicial:<\/strong>&nbsp;R$ 4.981,71<\/li><li><strong>Edital<\/strong>:&nbsp;<a href=\"https:\/\/dhg1h5j42swfq.cloudfront.net\/2021\/07\/29010300\/edital_tjsp_estrategia-1.pdf\" target=\"_blank\" rel=\"noreferrer noopener nofollow\">TJ SP Escrevente 2021<\/a><\/li><\/ul>\n\n\n\n<p><strong>Vale lembrar que o  Tribunal registrou 224.814 inscri\u00e7\u00f5es. <em>S\u00e3o ofertadas<\/em> 845<\/strong> vagas para o cargo de <a href=\"https:\/\/www.estrategiaconcursos.com.br\/blog\/concurso-tj-sp-quanto-ganha-um-escrevente\/\" target=\"_blank\" rel=\"noreferrer noopener\">Escrevente<\/a>, cargo de n\u00edvel m\u00e9dio, para 10 regi\u00f5es. Do total de vagas, <strong>400 s\u00e3o para a capital e 445 para o interior.<\/strong><\/p>\n\n\n\n<p>A remunera\u00e7\u00e3o b\u00e1sica da carreira \u00e9 de <strong>R$ 4.981,71<\/strong>, para uma carga hor\u00e1ria de 40 horas semanais. A este valor se somam alguns benef\u00edcios que fazem com que o sal\u00e1rio total inicial passe dos R$ 6 mil. <\/p>\n\n\n\n<p>Segundo os dados do <strong>m\u00eas de abril<\/strong>, o <strong>TJ SP tem 6.074 cargos vagos de <\/strong><a href=\"https:\/\/www.estrategiaconcursos.com.br\/cursosPorConcurso\/tj-sp-escrevente\/\" target=\"_blank\" rel=\"noreferrer noopener\"><strong>Escrevente T\u00e9cnico Judici\u00e1rio<\/strong>.<\/a> <\/p>\n\n\n\n<div class=\"container\" id=\"boxes\">\n  <div class=\"row\">\n\n    <div class=\"col-sm\">\n      <div class=\"banner-tribunal\" id=\"box-assinatura\">\n        <h3 class=\"titulo-assinatura\">Concurso TJ SP<\/h3>\n        <p class=\"subtitulo-assinatura\">Conhe\u00e7a os cursos<\/p>\n        <div class=\"box-botao\">\n          <a class=\"btn-assinatura\" target=\"_blank\" href=\"https:\/\/www.estrategiaconcursos.com.br\/cursosPorConcurso\/tj-sp-escrevente\/\" role=\"button\" rel=\"noopener noreferrer\">Conhe\u00e7a mais<\/a>\n        <\/div>\n      <\/div>\n     \n    <\/div>\n\n  <\/div>\n<\/div>\n\n\n\n<h2 class=\"wp-block-heading\" id=\"situacao\">Edital TJ SP: situa\u00e7\u00e3o atual do concurso<\/h2>\n\n\n\n<h3 class=\"wp-block-heading\" id=\"datas\">Principais datas do edital TJ SP<\/h3>\n\n\n\n<p class=\"has-very-light-gray-background-color has-background\"><strong>Inscri\u00e7\u00f5es<\/strong>: <s>30 de julho a 02 de setembro de 2021<\/s><br \/><strong>Isen\u00e7\u00e3o da taxa<\/strong>:<s> 30 de julho a 03 de agosto<\/s><br \/><strong>\u00daltimo dia para pagamento<\/strong>: <s>03 de setembro<\/s><br \/><strong>Prova<\/strong>: <s>31 de outubro<\/s><\/p>\n\n\n\n<h3 class=\"wp-block-heading\">Resultados<\/h3>\n\n\n\n<h4 class=\"wp-block-heading\">Tipos de provas e gabaritos TJ SP<\/h4>\n\n\n\n<ul class=\"wp-block-list\"><li><strong><a href=\"https:\/\/dhg1h5j42swfq.cloudfront.net\/2021\/11\/03130228\/pdf.pdf\" target=\"_blank\" rel=\"noreferrer noopener\">PROVA TJ SP \u2013 TIPO 1<\/a><\/strong><\/li><li><strong><a href=\"https:\/\/dhg1h5j42swfq.cloudfront.net\/2021\/11\/03125857\/mjm5odk1mq.pdf\" target=\"_blank\" rel=\"noreferrer noopener\">PROVA TJ SP \u2013 TIPO 2<\/a><\/strong><\/li><li><strong><a href=\"https:\/\/dhg1h5j42swfq.cloudfront.net\/2021\/11\/03110753\/1_4907049356005212644-1-1.pdf\" target=\"_blank\" rel=\"noreferrer noopener\">PROVA TJ SP \u2013 TIPO 3<\/a><\/strong><\/li><li><strong><a href=\"https:\/\/dhg1h5j42swfq.cloudfront.net\/2021\/11\/03130426\/pdf-1.pdf\" target=\"_blank\" rel=\"noreferrer noopener\">PROVA TJ SP \u2013 TIPO 4<\/a><\/strong><\/li><\/ul>\n\n\n\n<p><strong>Abaixo voc\u00ea confere os gabaritos da prova:<\/strong><\/p>\n\n\n\n<figure class=\"wp-block-image\"><img loading=\"lazy\" decoding=\"async\" width=\"1024\" height=\"314\" src=\"https:\/\/dhg1h5j42swfq.cloudfront.net\/2021\/11\/04073005\/captura-de-tela-2021-11-04-as-07-29-44-1024x314.png\" alt=\"\" class=\"wp-image-900160\" srcset=\"https:\/\/dhg1h5j42swfq.cloudfront.net\/2021\/11\/04073005\/captura-de-tela-2021-11-04-as-07-29-44-1024x314.png 1024w, https:\/\/dhg1h5j42swfq.cloudfront.net\/2021\/11\/04073005\/captura-de-tela-2021-11-04-as-07-29-44-300x92.png 300w, https:\/\/dhg1h5j42swfq.cloudfront.net\/2021\/11\/04073005\/captura-de-tela-2021-11-04-as-07-29-44-768x236.png 768w, https:\/\/dhg1h5j42swfq.cloudfront.net\/2021\/11\/04073005\/captura-de-tela-2021-11-04-as-07-29-44-610x187.png 610w, https:\/\/dhg1h5j42swfq.cloudfront.net\/2021\/11\/04073005\/captura-de-tela-2021-11-04-as-07-29-44.png 1368w\" sizes=\"auto, (max-width: 1024px) 100vw, 1024px\" \/><\/figure>\n\n\n\n<figure class=\"wp-block-image\"><img loading=\"lazy\" decoding=\"async\" width=\"1024\" height=\"963\" src=\"https:\/\/dhg1h5j42swfq.cloudfront.net\/2021\/11\/04073210\/captura-de-tela-2021-11-04-as-07-30-22-1-1024x963.png\" alt=\"\" class=\"wp-image-900162\" srcset=\"https:\/\/dhg1h5j42swfq.cloudfront.net\/2021\/11\/04073210\/captura-de-tela-2021-11-04-as-07-30-22-1-1024x963.png 1024w, https:\/\/dhg1h5j42swfq.cloudfront.net\/2021\/11\/04073210\/captura-de-tela-2021-11-04-as-07-30-22-1-300x282.png 300w, https:\/\/dhg1h5j42swfq.cloudfront.net\/2021\/11\/04073210\/captura-de-tela-2021-11-04-as-07-30-22-1-768x722.png 768w, https:\/\/dhg1h5j42swfq.cloudfront.net\/2021\/11\/04073210\/captura-de-tela-2021-11-04-as-07-30-22-1-610x573.png 610w, https:\/\/dhg1h5j42swfq.cloudfront.net\/2021\/11\/04073210\/captura-de-tela-2021-11-04-as-07-30-22-1.png 1334w\" sizes=\"auto, (max-width: 1024px) 100vw, 1024px\" \/><\/figure>\n\n\n\n<h3 class=\"wp-block-heading\" id=\"retifica\u00e7\u00e3o\"><a href=\"https:\/\/dhg1h5j42swfq.cloudfront.net\/2021\/08\/24094712\/image-10-1.png\" target=\"_blank\" rel=\"noreferrer noopener\">Retifica\u00e7\u00e3o<\/a><\/h3>\n\n\n\n<ul class=\"wp-block-list\"><li><strong>Onde se l\u00ea:&nbsp;<\/strong>\u201c<strong>Toda legisla\u00e7\u00e3o e jurisprud\u00eancia<\/strong>&nbsp;devem ser consideradas com as altera\u00e7\u00f5es e atualiza\u00e7\u00f5es vigentes at\u00e9 a data da publica\u00e7\u00e3o deste Edital de Abertura de inscri\u00e7\u00f5es. Legisla\u00e7\u00e3o e julgados com entrada em vigor ap\u00f3s a publica\u00e7\u00e3o deste Edital de Abertura de inscri\u00e7\u00f5es poder\u00e3o ser utilizados, quando supervenientes ou complementares a algum t\u00f3pico j\u00e1 previsto ou indispens\u00e1vel \u00e0 avalia\u00e7\u00e3o da(s) prova(s). Todos os tema englobam tamb\u00e9m a legisla\u00e7\u00e3o que lhes \u00e9 pertinente, ainda que n\u00e3o expressas no(s) conte\u00fado(s) program\u00e1tico(s).\u201d<\/li><\/ul>\n\n\n\n<ul class=\"wp-block-list\"><li><strong>Leia-se: \u201cToda legisla\u00e7\u00e3o<\/strong>&nbsp;deve ser considerada com as altera\u00e7\u00f5es e atualiza\u00e7\u00f5es vigentes at\u00e9 a data da publica\u00e7\u00e3o deste Edital de Abertura de inscri\u00e7\u00f5es. Legisla\u00e7\u00e3o com entrada em vigor ap\u00f3s a publica\u00e7\u00e3o deste Edital de Abertura de inscri\u00e7\u00f5es poder\u00e1 ser utilizada, quando superveniente ou complementar a algum t\u00f3pico j\u00e1 previsto ou indispens\u00e1vel \u00e0 avalia\u00e7\u00e3o da prova. Todos os temas englobam tamb\u00e9m a legisla\u00e7\u00e3o que lhes \u00e9 pertinente, ainda que n\u00e3o expressas no(s) conte\u00fado(s) program\u00e1tico(s)\u201d.<\/li><\/ul>\n\n\n\n<h2 class=\"wp-block-heading\" id=\"cargos-vagas\">Edital TJ SP: cargos, vagas e remunera\u00e7\u00f5es<\/h2>\n\n\n\n<h4 class=\"wp-block-heading\" id=\"h-1-regi-o-administrativa\">1\u00aa Regi\u00e3o Administrativa<\/h4>\n\n\n\n<div class=\"wp-block-image\"><figure class=\"aligncenter size-large\"><img loading=\"lazy\" decoding=\"async\" width=\"648\" height=\"287\" src=\"https:\/\/dhg1h5j42swfq.cloudfront.net\/2021\/07\/29001328\/image-603.png\" alt=\"Quadro de vagas do concurso TJ SP 1a regi\u00e3o administrativa\" class=\"wp-image-824450\" srcset=\"https:\/\/dhg1h5j42swfq.cloudfront.net\/2021\/07\/29001328\/image-603.png 648w, https:\/\/dhg1h5j42swfq.cloudfront.net\/2021\/07\/29001328\/image-603-300x133.png 300w, https:\/\/dhg1h5j42swfq.cloudfront.net\/2021\/07\/29001328\/image-603-610x270.png 610w\" sizes=\"auto, (max-width: 648px) 100vw, 648px\" \/><\/figure><\/div>\n\n\n\n<div class=\"wp-block-image\"><figure class=\"aligncenter size-large\"><img loading=\"lazy\" decoding=\"async\" width=\"649\" height=\"459\" src=\"https:\/\/dhg1h5j42swfq.cloudfront.net\/2021\/07\/29001407\/image-605.png\" alt=\"Quadro de vagas do concurso TJ SP 1a regi\u00e3o administrativa\" class=\"wp-image-824452\" srcset=\"https:\/\/dhg1h5j42swfq.cloudfront.net\/2021\/07\/29001407\/image-605.png 649w, https:\/\/dhg1h5j42swfq.cloudfront.net\/2021\/07\/29001407\/image-605-300x212.png 300w, https:\/\/dhg1h5j42swfq.cloudfront.net\/2021\/07\/29001407\/image-605-610x431.png 610w\" sizes=\"auto, (max-width: 649px) 100vw, 649px\" \/><\/figure><\/div>\n\n\n\n<h4 class=\"wp-block-heading\" id=\"h-2-regi-o-administrativa\">2\u00aa Regi\u00e3o Administrativa<\/h4>\n\n\n\n<div class=\"wp-block-image\"><figure class=\"aligncenter size-large\"><img loading=\"lazy\" decoding=\"async\" width=\"649\" height=\"461\" src=\"https:\/\/dhg1h5j42swfq.cloudfront.net\/2021\/07\/29001500\/image-607.png\" alt=\"Quadro de vagas do concurso TJ SP 2a regi\u00e3o administrativa\" class=\"wp-image-824456\" srcset=\"https:\/\/dhg1h5j42swfq.cloudfront.net\/2021\/07\/29001500\/image-607.png 649w, https:\/\/dhg1h5j42swfq.cloudfront.net\/2021\/07\/29001500\/image-607-300x213.png 300w, https:\/\/dhg1h5j42swfq.cloudfront.net\/2021\/07\/29001500\/image-607-610x433.png 610w\" sizes=\"auto, (max-width: 649px) 100vw, 649px\" \/><\/figure><\/div>\n\n\n\n<h4 class=\"wp-block-heading\" id=\"h-3-regi-o-administrativa\">3\u00aa Regi\u00e3o Administrativa<\/h4>\n\n\n\n<div class=\"wp-block-image\"><figure class=\"aligncenter size-large\"><img loading=\"lazy\" decoding=\"async\" width=\"650\" height=\"593\" src=\"https:\/\/dhg1h5j42swfq.cloudfront.net\/2021\/07\/29001524\/image-609.png\" alt=\"Quadro de vagas do concurso TJ SP 3a regi\u00e3o administrativa\" class=\"wp-image-824458\" srcset=\"https:\/\/dhg1h5j42swfq.cloudfront.net\/2021\/07\/29001524\/image-609.png 650w, https:\/\/dhg1h5j42swfq.cloudfront.net\/2021\/07\/29001524\/image-609-300x274.png 300w, https:\/\/dhg1h5j42swfq.cloudfront.net\/2021\/07\/29001524\/image-609-610x557.png 610w\" sizes=\"auto, (max-width: 650px) 100vw, 650px\" \/><\/figure><\/div>\n\n\n\n<h4 class=\"wp-block-heading\" id=\"h-4-regi-o-administrativa\">4\u00aa Regi\u00e3o Administrativa<\/h4>\n\n\n\n<div class=\"wp-block-image\"><figure class=\"aligncenter size-large\"><img loading=\"lazy\" decoding=\"async\" width=\"650\" height=\"345\" src=\"https:\/\/dhg1h5j42swfq.cloudfront.net\/2021\/07\/29001607\/image-611.png\" alt=\"Quadro de vagas do concurso TJ SP 4a regi\u00e3o administrativa\" class=\"wp-image-824460\" srcset=\"https:\/\/dhg1h5j42swfq.cloudfront.net\/2021\/07\/29001607\/image-611.png 650w, https:\/\/dhg1h5j42swfq.cloudfront.net\/2021\/07\/29001607\/image-611-300x159.png 300w, https:\/\/dhg1h5j42swfq.cloudfront.net\/2021\/07\/29001607\/image-611-610x324.png 610w\" sizes=\"auto, (max-width: 650px) 100vw, 650px\" \/><\/figure><\/div>\n\n\n\n<div class=\"wp-block-image\"><figure class=\"aligncenter size-large is-resized\"><img loading=\"lazy\" decoding=\"async\" src=\"https:\/\/dhg1h5j42swfq.cloudfront.net\/2021\/07\/29001716\/image-612.png\" alt=\"Quadro de vagas do concurso TJ SP 4a regi\u00e3o administrativa\" class=\"wp-image-824461\" width=\"651\" height=\"960\" srcset=\"https:\/\/dhg1h5j42swfq.cloudfront.net\/2021\/07\/29001716\/image-612.png 522w, https:\/\/dhg1h5j42swfq.cloudfront.net\/2021\/07\/29001716\/image-612-203x300.png 203w\" sizes=\"auto, (max-width: 651px) 100vw, 651px\" \/><\/figure><\/div>\n\n\n\n<h4 class=\"wp-block-heading\" id=\"h-5-regi-o-administrativa\">5\u00aa Regi\u00e3o Administrativa<\/h4>\n\n\n\n<div class=\"wp-block-image\"><figure class=\"aligncenter size-large\"><img loading=\"lazy\" decoding=\"async\" width=\"646\" height=\"703\" src=\"https:\/\/dhg1h5j42swfq.cloudfront.net\/2021\/07\/29001858\/image-614.png\" alt=\"Quadro de vagas do concurso TJ SP 5a regi\u00e3o administrativa\" class=\"wp-image-824463\" srcset=\"https:\/\/dhg1h5j42swfq.cloudfront.net\/2021\/07\/29001858\/image-614.png 646w, https:\/\/dhg1h5j42swfq.cloudfront.net\/2021\/07\/29001858\/image-614-276x300.png 276w, https:\/\/dhg1h5j42swfq.cloudfront.net\/2021\/07\/29001858\/image-614-610x664.png 610w\" sizes=\"auto, (max-width: 646px) 100vw, 646px\" \/><\/figure><\/div>\n\n\n\n<h4 class=\"wp-block-heading\" id=\"h-6-regi-o-administrativa\">6\u00aa Regi\u00e3o Administrativa<\/h4>\n\n\n\n<div class=\"wp-block-image\"><figure class=\"aligncenter size-large\"><img loading=\"lazy\" decoding=\"async\" width=\"647\" height=\"284\" src=\"https:\/\/dhg1h5j42swfq.cloudfront.net\/2021\/07\/29001932\/image-616.png\" alt=\"Quadro de vagas do concurso TJ SP 6a regi\u00e3o administrativa\" class=\"wp-image-824465\" srcset=\"https:\/\/dhg1h5j42swfq.cloudfront.net\/2021\/07\/29001932\/image-616.png 647w, https:\/\/dhg1h5j42swfq.cloudfront.net\/2021\/07\/29001932\/image-616-300x132.png 300w, https:\/\/dhg1h5j42swfq.cloudfront.net\/2021\/07\/29001932\/image-616-610x268.png 610w\" sizes=\"auto, (max-width: 647px) 100vw, 647px\" \/><\/figure><\/div>\n\n\n\n<div class=\"wp-block-image\"><figure class=\"aligncenter size-large\"><img loading=\"lazy\" decoding=\"async\" width=\"648\" height=\"712\" src=\"https:\/\/dhg1h5j42swfq.cloudfront.net\/2021\/07\/29001952\/image-618.png\" alt=\"Quadro de vagas do concurso TJ SP 6a regi\u00e3o administrativa\" class=\"wp-image-824467\" srcset=\"https:\/\/dhg1h5j42swfq.cloudfront.net\/2021\/07\/29001952\/image-618.png 648w, https:\/\/dhg1h5j42swfq.cloudfront.net\/2021\/07\/29001952\/image-618-273x300.png 273w, https:\/\/dhg1h5j42swfq.cloudfront.net\/2021\/07\/29001952\/image-618-610x670.png 610w\" sizes=\"auto, (max-width: 648px) 100vw, 648px\" \/><\/figure><\/div>\n\n\n\n<h4 class=\"wp-block-heading\" id=\"h-7-regi-o-administrativa\">7\u00aa Regi\u00e3o Administrativa<\/h4>\n\n\n\n<div class=\"wp-block-image\"><figure class=\"aligncenter size-large\"><img loading=\"lazy\" decoding=\"async\" width=\"649\" height=\"160\" src=\"https:\/\/dhg1h5j42swfq.cloudfront.net\/2021\/07\/29002016\/image-619.png\" alt=\"Quadro de vagas do concurso TJ SP 7a regi\u00e3o administrativa\" class=\"wp-image-824468\" srcset=\"https:\/\/dhg1h5j42swfq.cloudfront.net\/2021\/07\/29002016\/image-619.png 649w, https:\/\/dhg1h5j42swfq.cloudfront.net\/2021\/07\/29002016\/image-619-300x74.png 300w, https:\/\/dhg1h5j42swfq.cloudfront.net\/2021\/07\/29002016\/image-619-610x150.png 610w\" sizes=\"auto, (max-width: 649px) 100vw, 649px\" \/><\/figure><\/div>\n\n\n\n<div class=\"wp-block-image\"><figure class=\"aligncenter size-large\"><img loading=\"lazy\" decoding=\"async\" width=\"648\" height=\"243\" src=\"https:\/\/dhg1h5j42swfq.cloudfront.net\/2021\/07\/29002050\/image-621.png\" alt=\"Quadro de vagas do concurso TJ SP 7a regi\u00e3o administrativa\" class=\"wp-image-824470\" srcset=\"https:\/\/dhg1h5j42swfq.cloudfront.net\/2021\/07\/29002050\/image-621.png 648w, https:\/\/dhg1h5j42swfq.cloudfront.net\/2021\/07\/29002050\/image-621-300x113.png 300w, https:\/\/dhg1h5j42swfq.cloudfront.net\/2021\/07\/29002050\/image-621-610x229.png 610w\" sizes=\"auto, (max-width: 648px) 100vw, 648px\" \/><\/figure><\/div>\n\n\n\n<h4 class=\"wp-block-heading\" id=\"h-8-regi-o-administrativa\">8\u00aa Regi\u00e3o Administrativa<\/h4>\n\n\n\n<div class=\"wp-block-image\"><figure class=\"aligncenter size-large\"><img loading=\"lazy\" decoding=\"async\" width=\"648\" height=\"649\" src=\"https:\/\/dhg1h5j42swfq.cloudfront.net\/2021\/07\/29002119\/image-623.png\" alt=\"Quadro de vagas do concurso TJ SP 8a regi\u00e3o administrativa\" class=\"wp-image-824472\" srcset=\"https:\/\/dhg1h5j42swfq.cloudfront.net\/2021\/07\/29002119\/image-623.png 648w, https:\/\/dhg1h5j42swfq.cloudfront.net\/2021\/07\/29002119\/image-623-300x300.png 300w, https:\/\/dhg1h5j42swfq.cloudfront.net\/2021\/07\/29002119\/image-623-150x150.png 150w, https:\/\/dhg1h5j42swfq.cloudfront.net\/2021\/07\/29002119\/image-623-610x611.png 610w\" sizes=\"auto, (max-width: 648px) 100vw, 648px\" \/><\/figure><\/div>\n\n\n\n<h4 class=\"wp-block-heading\" id=\"h-9-regi-o-administrativa\">9\u00aa Regi\u00e3o Administrativa<\/h4>\n\n\n\n<div class=\"wp-block-image\"><figure class=\"aligncenter size-large\"><img loading=\"lazy\" decoding=\"async\" width=\"648\" height=\"538\" src=\"https:\/\/dhg1h5j42swfq.cloudfront.net\/2021\/07\/29002140\/image-624.png\" alt=\"Quadro de vagas do concurso TJ SP 9a regi\u00e3o administrativa\" class=\"wp-image-824473\" srcset=\"https:\/\/dhg1h5j42swfq.cloudfront.net\/2021\/07\/29002140\/image-624.png 648w, https:\/\/dhg1h5j42swfq.cloudfront.net\/2021\/07\/29002140\/image-624-300x249.png 300w, https:\/\/dhg1h5j42swfq.cloudfront.net\/2021\/07\/29002140\/image-624-610x506.png 610w\" sizes=\"auto, (max-width: 648px) 100vw, 648px\" \/><\/figure><\/div>\n\n\n\n<h4 class=\"wp-block-heading\" id=\"h-10-regi-o-administrativa\">10\u00aa Regi\u00e3o Administrativa<\/h4>\n\n\n\n<div class=\"wp-block-image\"><figure class=\"aligncenter size-large\"><img loading=\"lazy\" decoding=\"async\" width=\"647\" height=\"421\" src=\"https:\/\/dhg1h5j42swfq.cloudfront.net\/2021\/07\/29002218\/image-626.png\" alt=\"Quadro de vagas do concurso TJ SP 10a regi\u00e3o administrativa\" class=\"wp-image-824475\" srcset=\"https:\/\/dhg1h5j42swfq.cloudfront.net\/2021\/07\/29002218\/image-626.png 647w, https:\/\/dhg1h5j42swfq.cloudfront.net\/2021\/07\/29002218\/image-626-300x195.png 300w, https:\/\/dhg1h5j42swfq.cloudfront.net\/2021\/07\/29002218\/image-626-610x397.png 610w\" sizes=\"auto, (max-width: 647px) 100vw, 647px\" \/><\/figure><\/div>\n\n\n\n<div class=\"wp-block-image\"><figure class=\"aligncenter size-large\"><img loading=\"lazy\" decoding=\"async\" width=\"647\" height=\"125\" src=\"https:\/\/dhg1h5j42swfq.cloudfront.net\/2021\/07\/29002238\/image-628.png\" alt=\"Quadro de vagas do concurso TJ SP 10a regi\u00e3o administrativa\" class=\"wp-image-824478\" srcset=\"https:\/\/dhg1h5j42swfq.cloudfront.net\/2021\/07\/29002238\/image-628.png 647w, https:\/\/dhg1h5j42swfq.cloudfront.net\/2021\/07\/29002238\/image-628-300x58.png 300w, https:\/\/dhg1h5j42swfq.cloudfront.net\/2021\/07\/29002238\/image-628-610x118.png 610w\" sizes=\"auto, (max-width: 647px) 100vw, 647px\" \/><\/figure><\/div>\n\n\n\n<h3 class=\"wp-block-heading\" id=\"h-remunera-es\">Remunera\u00e7\u00f5es<\/h3>\n\n\n\n<p>O candidato aprovado que vier a ser nomeado estar\u00e1 sujeito \u00e0 jornada de trabalho de 40 (quarenta) horas semanais, recebendo os vencimentos e demais vantagens, num total de <strong>R$ 4.981,71<\/strong> (quatro mil, novecentos e oitenta e um reais e setenta e um centavos), mais aux\u00edlios para alimenta\u00e7\u00e3o, sa\u00fade e transporte.<\/p>\n\n\n\n<h2 class=\"wp-block-heading\" id=\"etapas\">Edital TJ SP: etapas e provas<\/h2>\n\n\n\n<p>De acordo com o edital de abertura, o concurso ser\u00e1 constitu\u00eddo pelas etapas de provas Objetiva e Pr\u00e1tica. Confira os detalhes abaixo!<\/p>\n\n\n\n<h3 class=\"wp-block-heading\" id=\"objetiva\">Provas Objetivas<\/h3>\n\n\n\n<p>A prova objetiva, de car\u00e1ter eliminat\u00f3rio e classificat\u00f3rio, ter\u00e1 dura\u00e7\u00e3o de 5 (cinco) horas e visa avaliar o grau de conhecimento te\u00f3rico do candidato necess\u00e1rio ao desempenho do cargo.<\/p>\n\n\n\n<p>A etapa ser\u00e1 composta por 100 quest\u00f5es de m\u00faltipla escolha, com 5 (cinco) alternativas cada, sendo uma \u00fanica a alternativa correta. <\/p>\n\n\n\n<p>Cada Circunscri\u00e7\u00e3o Judici\u00e1ria, independente da Regi\u00e3o Administrativa Judici\u00e1ria a que pertencer, ter\u00e1 sua pr\u00f3pria nota de corte, a qual ser\u00e1 divulgada no site da Funda\u00e7\u00e3o VUNESP &#8211; www.vunesp.com.br.\/ <\/p>\n\n\n\n<p class=\"has-medium-font-size\"><strong>Bloco I:<\/strong><\/p>\n\n\n\n<ul class=\"wp-block-list\"><li>L\u00edngua Portuguesa &#8211; 24 quest\u00f5es<\/li><\/ul>\n\n\n\n<p class=\"has-medium-font-size\"><strong>Bloco II &#8211; 40 quest\u00f5es:<\/strong><\/p>\n\n\n\n<ul class=\"wp-block-list\"><li>Direito Penal <\/li><li>Direito Processual Penal<\/li><li>Direito Processual Civil<\/li><li>Direito Constitucional<\/li><li>Direito Administrativo<\/li><li>Normas da Corregedoria Geral da Justi\u00e7a<\/li><\/ul>\n\n\n\n<p class=\"has-medium-font-size\"><strong>Bloco II &#8211; Conhecimentos gerais:<\/strong><\/p>\n\n\n\n<ul class=\"wp-block-list\"><li>Atualidades &#8211; 6 quest\u00f5es<\/li><li>Matem\u00e1tica &#8211; 6 quest\u00f5es<\/li><li>Inform\u00e1tica &#8211; 14 quest\u00f5es<\/li><li>Racioc\u00ednio L\u00f3gico &#8211; 10 quest\u00f5es<\/li><\/ul>\n\n\n\n<h3 class=\"wp-block-heading\" id=\"discursiva\">Prova Pr\u00e1tica &#8211; edital TJ SP<\/h3>\n\n\n\n<p>A prova pr\u00e1tica, de car\u00e1ter eliminat\u00f3rio, buscar\u00e1 aferir o conhecimento e habilidades do candidato, utilizando o editor de texto em microcomputador do tipo PC, em ambiente gr\u00e1fico Microsoft Windows.<\/p>\n\n\n\n<p>A etapa ser\u00e1 avaliada na escala de 0 a 10 pontos, sendo considerado APROVADO o candidato que obtiver nota igual ou superior a 5 pontos na prova pr\u00e1tica.<\/p>\n\n\n\n<h3 class=\"wp-block-heading\" id=\"h-crit-rios-de-desempate\">Crit\u00e9rios de desempate<\/h3>\n\n\n\n<p><strong>No caso de empate, dar-se-\u00e1 prefer\u00eancia ao candidato que, sucessivamente:<\/strong><br \/>a) tiver idade igual ou superior a 60 (sessenta) anos completos at\u00e9 o encerramento das inscri\u00e7\u00f5es (Lei 10.741\/2003);<br \/>b) tiver obtido o maior n\u00famero de acertos na Prova de L\u00edngua Portuguesa;<br \/>c) tiver obtido o maior n\u00famero de acertos na Prova de Conhecimentos em Direito;<br \/>d) for mais idoso entre aqueles com idade inferior a 60 (sessenta) anos;<br \/>e) tiver maior n\u00famero de filhos menores de 18 anos de idade at\u00e9 o encerramento das inscri\u00e7\u00f5es;<br \/>f) for casado;<br \/>g) for servidor do Poder Judici\u00e1rio, sob qualquer regime, dando-se prefer\u00eancia ao mais antigo;<br \/>h) tenha prestado servi\u00e7o gratuito nos Juizados Especiais;<br \/>i) tenha prestado servi\u00e7o gratuito ao Ju\u00edzo da Inf\u00e2ncia e Juventude;<br \/>j) tenha prestado servi\u00e7o \u00e0 Justi\u00e7a Eleitoral; e<br \/>k) tenha servido, como jurado, do Conselho de Senten\u00e7a do Tribunal do J\u00fari<\/p>\n\n\n\n<h2 class=\"wp-block-heading\" id=\"provas-anteriores\">Concurso TJ SP: provas e gabaritos <\/h2>\n\n\n\n<ul class=\"wp-block-list\"><li><a href=\"https:\/\/dhg1h5j42swfq.cloudfront.net\/2020\/01\/29142512\/vunesp-2018-tj-sp-escrevente-tecnico-judiciario-interior-prova.pdf\" target=\"_blank\" rel=\"noreferrer noopener nofollow\">Prova VUNESP &#8211; 2018 &#8211; TJ-SP &#8211; Escrevente T\u00e9cnico Judici\u00e1rio (Interior)<\/a> | <a href=\"https:\/\/dhg1h5j42swfq.cloudfront.net\/2020\/01\/29142509\/vunesp-2018-tj-sp-escrevente-tecnico-judiciario-interior-gabarito.pdf\" target=\"_blank\" rel=\"noreferrer noopener nofollow\">Gabarito<\/a> <\/li><li><a href=\"https:\/\/dhg1h5j42swfq.cloudfront.net\/2020\/01\/29142603\/vunesp-2017-tj-sp-escrevente-tecnico-judiciario-prova.pdf\" target=\"_blank\" rel=\"noreferrer noopener nofollow\">Prova VUNESP &#8211; 2017 &#8211; TJ-SP &#8211; Escrevente T\u00e9cnico Judici\u00e1rio<\/a> | <a href=\"https:\/\/dhg1h5j42swfq.cloudfront.net\/2020\/01\/29142604\/vunesp-2017-tj-sp-escrevente-tecnico-judiciario-gabarito.pdf\" target=\"_blank\" rel=\"noreferrer noopener nofollow\">Gabarito<\/a><\/li><li><a href=\"https:\/\/dhg1h5j42swfq.cloudfront.net\/2020\/01\/29142657\/vunesp-2015-tj-sp-escrevente-tecnico-judiciario-prova.pdf\" target=\"_blank\" rel=\"noreferrer noopener nofollow\">Prova VUNESP &#8211; 2015 &#8211; TJ-SP &#8211; Escrevente T\u00e9cnico Judici\u00e1rio <\/a>| <a href=\"https:\/\/dhg1h5j42swfq.cloudfront.net\/2020\/01\/29142653\/vunesp-2015-tj-sp-escrevente-tecnico-judiciario-gabarito.pdf\" target=\"_blank\" rel=\"noreferrer noopener nofollow\">Gabarito<\/a><\/li><li><a href=\"https:\/\/dhg1h5j42swfq.cloudfront.net\/2020\/01\/29142749\/vunesp-2014-tj-sp-escrevente-tecnico-judiciario-prova.pdf\" target=\"_blank\" rel=\"noreferrer noopener nofollow\">Prova VUNESP &#8211; 2014 &#8211; TJ-SP &#8211; Escrevente T\u00e9cnico Judici\u00e1rio<\/a> |<a href=\"https:\/\/dhg1h5j42swfq.cloudfront.net\/2020\/01\/29142750\/vunesp-2014-tj-sp-escrevente-tecnico-judiciario-gabarito.pdf\" target=\"_blank\" rel=\"noreferrer noopener nofollow\"> Gabarito<\/a><\/li><li><a href=\"https:\/\/dhg1h5j42swfq.cloudfront.net\/2020\/01\/29142840\/vunesp-2013-tj-sp-escrevente-tecnico-judiciario-prova.pdf\" target=\"_blank\" rel=\"noreferrer noopener nofollow\">Prova VUNESP &#8211; 2013 &#8211; TJ-SP &#8211; Escrevente T\u00e9cnico Judici\u00e1rio<\/a> | <a href=\"https:\/\/dhg1h5j42swfq.cloudfront.net\/2020\/01\/29142831\/vunesp-2013-tj-sp-escrevente-tecnico-judiciario-gabarito.pdf\" target=\"_blank\" rel=\"noreferrer noopener nofollow\">Gabarito<\/a><\/li><li><a href=\"https:\/\/dhg1h5j42swfq.cloudfront.net\/2020\/01\/29142949\/vunesp-2012-tj-sp-escrevente-tecnico-judiciario-prova-versao-1-prova.pdf\" target=\"_blank\" rel=\"noreferrer noopener nofollow\">Prova VUNESP &#8211; 2012 &#8211; TJ-SP &#8211; Escrevente T\u00e9cnico Judici\u00e1rio<\/a> | <a href=\"https:\/\/dhg1h5j42swfq.cloudfront.net\/2020\/01\/29142942\/vunesp-2012-tj-sp-escrevente-tecnico-judiciario-prova-versao-1-gabarito.pdf\" target=\"_blank\" rel=\"noreferrer noopener nofollow\">Gabarito<\/a><\/li><li><a href=\"https:\/\/dhg1h5j42swfq.cloudfront.net\/2020\/01\/29143043\/vunesp-2011-tj-sp-escrevente-tecnico-judiciario-prova.pdf\" target=\"_blank\" rel=\"noreferrer noopener nofollow\">Prova VUNESP &#8211; 2011 &#8211; TJ-SP &#8211; Escrevente T\u00e9cnico Judici\u00e1rio<\/a> | <a href=\"https:\/\/dhg1h5j42swfq.cloudfront.net\/2020\/01\/29143044\/vunesp-2011-tj-sp-escrevente-tecnico-judiciario-gabarito.pdf\" target=\"_blank\" rel=\"noreferrer noopener nofollow\">Gabarito<\/a><\/li><li><a href=\"https:\/\/dhg1h5j42swfq.cloudfront.net\/2020\/01\/29143131\/vunesp-2010-tj-sp-escrevente-tecnico-judiciario-prova.pdf\" target=\"_blank\" rel=\"noreferrer noopener nofollow\">Prova VUNESP &#8211; 2010 &#8211; TJ-SP &#8211; Escrevente T\u00e9cnico Judici\u00e1rio<\/a> | <a href=\"https:\/\/dhg1h5j42swfq.cloudfront.net\/2020\/01\/29143130\/vunesp-2010-tj-sp-escrevente-tecnico-judiciario-gabarito.pdf\" target=\"_blank\" rel=\"noreferrer noopener nofollow\">Gabarito<\/a><\/li><\/ul>\n\n\n\n<h3 class=\"wp-block-heading\">Guia de Estudos para o TJ SP<\/h3>\n\n\n\n<p>Os Guias s\u00e3o artigos postados no site do Estrat\u00e9gia Concursos com links para Cadernos de Quest\u00f5es, por disciplina, customizados de acordo com o conte\u00fado program\u00e1tico de cada edital.<\/p>\n\n\n\n<h3 class=\"has-text-align-center has-luminous-vivid-amber-background-color has-background wp-block-heading\" id=\"h-acesse-guia-de-estudos-para-o-tj-sp\"><strong>ACESSE: <a href=\"https:\/\/www.estrategiaconcursos.com.br\/blog\/guia-de-estudos-escrevente-tj-sp\" target=\"_blank\" rel=\"noreferrer noopener\">Guia de Estudos para o TJ SP<\/a><\/strong><\/h3>\n\n\n\n<h2 class=\"wp-block-heading\" id=\"vade\">Vade Mecum TJ SP Escrevente &#8211; P\u00f3s edital<\/h2>\n\n\n\n<p>O&nbsp;<strong><em>Vade Mecum<\/em><\/strong>&nbsp;<strong><em>Estrat\u00e9gico<\/em><\/strong>&nbsp;\u00e9 uma compila\u00e7\u00e3o das principais normas do concurso TJ SP Escrevente. Queremos que ele seja um material de consulta, a ser utilizado em toda a sua prepara\u00e7\u00e3o.<\/p>\n\n\n\n<p>Pretendemos que ele seja o seu companheiro sempre que voc\u00ea estiver assistindo nossas v\u00eddeoaulas ou lendo os nossos livros digitais (PDFs). E o melhor de tudo, \u00e9 gratuito! Aproveite j\u00e1 e fa\u00e7a o download:<\/p>\n\n\n\n<p class=\"has-text-align-center has-luminous-vivid-amber-background-color has-background has-medium-font-size\"><a href=\"https:\/\/dhg1h5j42swfq.cloudfront.net\/2021\/08\/02104411\/vm-tjsp-escrevente-1.pdf\" target=\"_blank\" rel=\"noreferrer noopener\"><strong>TJ SP <\/strong><\/a><a href=\"https:\/\/dhg1h5j42swfq.cloudfront.net\/2021\/08\/02104411\/vm-tjsp-escrevente-1.pdf\" target=\"_blank\" rel=\"noreferrer noopener nofollow\"><strong>Escrevente &#8211; P\u00f3s Edital<\/strong><\/a><\/p>\n\n\n\n<p class=\"has-text-align-center has-background has-medium-font-size\" style=\"background-color:#e3e5e7\"><strong>Saiba mais: <a href=\"https:\/\/www.estrategiaconcursos.com.br\/blog\/concurso-tj-sp-2021\/\" target=\"_blank\" rel=\"noreferrer noopener\">concurso TJ SP<\/a><\/strong><\/p>\n\n\n\n<hr class=\"wp-block-separator\"\/>\n\n\n\n<h2 class=\"has-text-align-center wp-block-heading\" id=\"h-quer-saber-tudo-sobre-concursos-previstos-confira-nossos-artigos\">Quer saber tudo sobre concursos previstos?<br \/>Confira nossos artigos!<\/h2>\n\n\n\n<ul class=\"wp-block-list\"><li><a href=\"https:\/\/www.estrategiaconcursos.com.br\/blog\/concursos-abertos\/\" target=\"_blank\" rel=\"noreferrer noopener\">Concursos abertos<\/a><\/li><li><a href=\"https:\/\/www.estrategiaconcursos.com.br\/blog\/concursos-2021\/\" target=\"_blank\" rel=\"noreferrer noopener\">Concursos 2021<\/a><\/li><li><a href=\"https:\/\/www.estrategiaconcursos.com.br\/blog\/concursos-2022\/\" target=\"_blank\" rel=\"noreferrer noopener\">Concursos 2022<\/a><\/li><\/ul>\n\n\n\n<h2 class=\"has-text-align-center wp-block-heading\" id=\"cursos-assinatura\">Quer estudar para o edital do concurso TJ SP?<\/h2>\n\n\n\n<div class=\"container\" id=\"boxes\">\n  <div class=\"row\">\n\n    <div class=\"col-sm\">\n      <div class=\"banner-tribunal\" id=\"box-assinatura\">\n        <h3 class=\"titulo-assinatura\">Concurso TJ SP<\/h3>\n        <p class=\"subtitulo-assinatura\">Conhe\u00e7a os cursos<\/p>\n        <div class=\"box-botao\">\n          <a class=\"btn-assinatura\" target=\"_blank\" href=\"https:\/\/www.estrategiaconcursos.com.br\/cursosPorConcurso\/tj-sp-escrevente\/\" role=\"button\" rel=\"noopener noreferrer\">Conhe\u00e7a mais<\/a>\n        <\/div>\n      <\/div>\n     \n    <\/div>\n\n  <\/div>\n<\/div>\n\n\n\n<div class=\"container\" id=\"boxes\">\n  <div class=\"row\">\n\n    <div class=\"col-sm\">\n      <div class=\"estrategia\" id=\"box-assinatura\">\n        <h3 class=\"titulo-assinatura\">Assinatura Concursos<\/h3>\n        <p class=\"subtitulo-assinatura\">Assinatura de 1 ano ou 2 anos<\/p>\n        <div class=\"box-botao\">\n          <a class=\"btn-assinatura\" target=\"_blank\" href=\"https:\/\/www.estrategiaconcursos.com.br\/assinaturas\/\" role=\"button\" rel=\"noopener noreferrer\">ASSINE AGORA<\/a>\n        <\/div>\n      <\/div><\/div><\/div><\/div>\n\n\n\n<figure class=\"wp-block-image size-large is-resized\"><img loading=\"lazy\" decoding=\"async\" src=\"https:\/\/dhg1h5j42swfq.cloudfront.net\/2025\/06\/27101122\/ficha-tecnica-1-1024x632.png\" alt=\"Ficha do edital TJ SP\" class=\"wp-image-702728\" width=\"269\" height=\"166\" srcset=\"https:\/\/dhg1h5j42swfq.cloudfront.net\/2025\/06\/27101122\/ficha-tecnica-1-1024x632.png 1024w, https:\/\/dhg1h5j42swfq.cloudfront.net\/2025\/06\/27101122\/ficha-tecnica-1-300x185.png 300w, https:\/\/dhg1h5j42swfq.cloudfront.net\/2025\/06\/27101122\/ficha-tecnica-1-768x474.png 768w, https:\/\/dhg1h5j42swfq.cloudfront.net\/2025\/06\/27101122\/ficha-tecnica-1-1536x948.png 1536w, https:\/\/dhg1h5j42swfq.cloudfront.net\/2025\/06\/27101122\/ficha-tecnica-1-610x377.png 610w, https:\/\/dhg1h5j42swfq.cloudfront.net\/2025\/06\/27101122\/ficha-tecnica-1.png 1571w\" sizes=\"auto, (max-width: 269px) 100vw, 269px\" \/><\/figure>\n\n\n\n<h3 class=\"wp-block-heading\" id=\"ficha\">Informa\u00e7\u00f5es do edital do concurso TJ SP<\/h3>\n\n\n\n<ul class=\"wp-block-list\"><li><strong>Inscri\u00e7\u00f5es<\/strong>: <s>30 de julho a 02 de setembro de 2021<\/s><\/li><li><strong>Provas<\/strong>: <s>31 de outubro<\/s><\/li><li><strong>Vagas<\/strong>: 845<\/li><li><strong>Cargos<\/strong>: Escrevente T\u00e9cnico Judici\u00e1rio<\/li><li><strong>Banca<\/strong>: Vunesp<\/li><li><strong>Escolaridade<\/strong>: N\u00edvel m\u00e9dio<\/li><li><strong>Edital<\/strong>:\u00a0<strong><a href=\"https:\/\/dhg1h5j42swfq.cloudfront.net\/2021\/07\/29002332\/edital_tjsp_estrategia.pdf\" target=\"_blank\" rel=\"noreferrer noopener nofollow\">Baixe AQUI!<\/a><\/strong><\/li><li><a href=\"https:\/\/www.estrategiaconcursos.com.br\/cursosPorConcurso\/tj-sp-escrevente\/\" target=\"_blank\" rel=\"noreferrer noopener\">Curso Escrevente TJ SP<\/a><\/li><\/ul>\n\n\n\n<p><\/p>\n","protected":false},"excerpt":{"rendered":"<p>845 vagas para Escrevente; R$ 5 mil! Foram divulgados os gabaritos da prova objetiva do concurso TJ SP. Com quatro vers\u00f5es, os exames foram realizados no dia 31\/10\/2021. Para conferir os gabaritos basta clicar aqui! Agora os aprovados no exame ser\u00e3o convocados para a prova pr\u00e1tica. No t\u00f3pico &#8220;etapas de provas&#8221; colocamos todos os detalhes [&hellip;]<\/p>\n","protected":false},"author":1,"featured_media":862026,"comment_status":"open","ping_status":"closed","sticky":false,"template":"","format":"standard","meta":{"post_tipo":"news","footnotes":""},"categories":[1984,220219],"tags":[],"tax_estado":[219989],"class_list":["post-824292","post","type-post","status-publish","format-standard","has-post-thumbnail","hentry","category-tribunais","category-noticias","tax_estado-sp"],"acf":[],"yoast_head":"<!-- This site is optimized with the Yoast SEO Premium plugin v27.2 (Yoast SEO v27.2) - https:\/\/yoast.com\/product\/yoast-seo-premium-wordpress\/ -->\n<title>Edital TJ SP: saiu o gabarito da objetiva! Confira!<\/title>\n<meta name=\"description\" content=\"Edital TJ SP: veja o gabarito da prova objetiva! S\u00e3o ofertadas 845 vagas para o cargo de Escrevente. Confira mais informa\u00e7\u00f5es neste artigo!\" \/>\n<meta name=\"robots\" content=\"index, follow, max-snippet:-1, max-image-preview:large, max-video-preview:-1\" \/>\n<link rel=\"canonical\" href=\"https:\/\/www.estrategiaconcursos.com.br\/blog\/edital-tj-sp\/\" \/>\n<meta property=\"og:locale\" content=\"pt_BR\" \/>\n<meta property=\"og:type\" content=\"article\" \/>\n<meta property=\"og:title\" content=\"Edital TJ SP: saiu o gabarito da objetiva! Confira!\" \/>\n<meta property=\"og:description\" content=\"Edital TJ SP: veja o gabarito da prova objetiva! S\u00e3o ofertadas 845 vagas para o cargo de Escrevente. Confira mais informa\u00e7\u00f5es neste artigo!\" \/>\n<meta property=\"og:url\" content=\"https:\/\/www.estrategiaconcursos.com.br\/blog\/edital-tj-sp\/\" \/>\n<meta property=\"og:site_name\" content=\"Estrat\u00e9gia Concursos\" \/>\n<meta property=\"article:author\" content=\"https:\/\/www.facebook.com\/EstrategiaConcursos\" \/>\n<meta property=\"article:published_time\" content=\"2021-10-31T03:00:00+00:00\" \/>\n<meta property=\"article:modified_time\" content=\"2024-05-22T02:38:28+00:00\" \/>\n<meta property=\"og:image\" content=\"https:\/\/dhg1h5j42swfq.cloudfront.net\/2021\/09\/15171554\/tj-sp-4.jpg\" \/>\n\t<meta property=\"og:image:width\" content=\"1200\" \/>\n\t<meta property=\"og:image:height\" content=\"628\" \/>\n\t<meta property=\"og:image:type\" content=\"image\/jpeg\" \/>\n<meta name=\"author\" content=\"Coordena\u00e7\u00e3o\" \/>\n<meta name=\"twitter:card\" content=\"summary_large_image\" \/>\n<meta name=\"twitter:creator\" content=\"@EstratConcursos\" \/>\n<meta name=\"twitter:site\" content=\"@EstratConcursos\" \/>\n<meta name=\"twitter:label1\" content=\"Escrito por\" \/>\n\t<meta name=\"twitter:data1\" content=\"Coordena\u00e7\u00e3o\" \/>\n\t<meta name=\"twitter:label2\" content=\"Est. tempo de leitura\" \/>\n\t<meta name=\"twitter:data2\" content=\"9 minutos\" \/>\n<script type=\"application\/ld+json\" class=\"yoast-schema-graph\">{\"@context\":\"https:\/\/schema.org\",\"@graph\":[{\"@type\":\"NewsArticle\",\"@id\":\"https:\/\/www.estrategiaconcursos.com.br\/blog\/edital-tj-sp\/#article\",\"isPartOf\":{\"@id\":\"https:\/\/www.estrategiaconcursos.com.br\/blog\/edital-tj-sp\/\"},\"author\":{\"name\":\"Coordena\u00e7\u00e3o\",\"@id\":\"https:\/\/www.estrategiaconcursos.com.br\/blog\/#\/schema\/person\/b4a388c97673c5f483d72185668afa1f\"},\"headline\":\"Edital TJ SP: saiu o gabarito da objetiva! Confira!\",\"datePublished\":\"2021-10-31T03:00:00+00:00\",\"dateModified\":\"2024-05-22T02:38:28+00:00\",\"mainEntityOfPage\":{\"@id\":\"https:\/\/www.estrategiaconcursos.com.br\/blog\/edital-tj-sp\/\"},\"wordCount\":1293,\"commentCount\":0,\"publisher\":{\"@id\":\"https:\/\/www.estrategiaconcursos.com.br\/blog\/#organization\"},\"image\":{\"@id\":\"https:\/\/www.estrategiaconcursos.com.br\/blog\/edital-tj-sp\/#primaryimage\"},\"thumbnailUrl\":\"https:\/\/dhg1h5j42swfq.cloudfront.net\/2021\/09\/15171554\/tj-sp-4.jpg\",\"articleSection\":[\"Tribunais\",\"\u00daltimas not\u00edcias\"],\"inLanguage\":\"pt-BR\",\"potentialAction\":[{\"@type\":\"CommentAction\",\"name\":\"Comment\",\"target\":[\"https:\/\/www.estrategiaconcursos.com.br\/blog\/edital-tj-sp\/#respond\"]}],\"copyrightYear\":\"2021\",\"copyrightHolder\":{\"@id\":\"https:\/\/www.estrategiaconcursos.com.br\/blog\/#organization\"}},{\"@type\":\"WebPage\",\"@id\":\"https:\/\/www.estrategiaconcursos.com.br\/blog\/edital-tj-sp\/\",\"url\":\"https:\/\/www.estrategiaconcursos.com.br\/blog\/edital-tj-sp\/\",\"name\":\"Edital TJ SP: saiu o gabarito da objetiva! Confira!\",\"isPartOf\":{\"@id\":\"https:\/\/www.estrategiaconcursos.com.br\/blog\/#website\"},\"primaryImageOfPage\":{\"@id\":\"https:\/\/www.estrategiaconcursos.com.br\/blog\/edital-tj-sp\/#primaryimage\"},\"image\":{\"@id\":\"https:\/\/www.estrategiaconcursos.com.br\/blog\/edital-tj-sp\/#primaryimage\"},\"thumbnailUrl\":\"https:\/\/dhg1h5j42swfq.cloudfront.net\/2021\/09\/15171554\/tj-sp-4.jpg\",\"datePublished\":\"2021-10-31T03:00:00+00:00\",\"dateModified\":\"2024-05-22T02:38:28+00:00\",\"description\":\"Edital TJ SP: veja o gabarito da prova objetiva! S\u00e3o ofertadas 845 vagas para o cargo de Escrevente. Confira mais informa\u00e7\u00f5es neste artigo!\",\"breadcrumb\":{\"@id\":\"https:\/\/www.estrategiaconcursos.com.br\/blog\/edital-tj-sp\/#breadcrumb\"},\"inLanguage\":\"pt-BR\",\"potentialAction\":[{\"@type\":\"ReadAction\",\"target\":[\"https:\/\/www.estrategiaconcursos.com.br\/blog\/edital-tj-sp\/\"]}]},{\"@type\":\"ImageObject\",\"inLanguage\":\"pt-BR\",\"@id\":\"https:\/\/www.estrategiaconcursos.com.br\/blog\/edital-tj-sp\/#primaryimage\",\"url\":\"https:\/\/dhg1h5j42swfq.cloudfront.net\/2021\/09\/15171554\/tj-sp-4.jpg\",\"contentUrl\":\"https:\/\/dhg1h5j42swfq.cloudfront.net\/2021\/09\/15171554\/tj-sp-4.jpg\",\"width\":1200,\"height\":628,\"caption\":\"Resumo da Lei 12.153\/09 (Juizados Especiais da Fazenda) para o TJ-SP\"},{\"@type\":\"BreadcrumbList\",\"@id\":\"https:\/\/www.estrategiaconcursos.com.br\/blog\/edital-tj-sp\/#breadcrumb\",\"itemListElement\":[{\"@type\":\"ListItem\",\"position\":1,\"name\":\"In\u00edcio\",\"item\":\"https:\/\/www.estrategiaconcursos.com.br\/blog\/\"},{\"@type\":\"ListItem\",\"position\":2,\"name\":\"Edital TJ SP: saiu o gabarito da objetiva! Confira!\"}]},{\"@type\":\"WebSite\",\"@id\":\"https:\/\/www.estrategiaconcursos.com.br\/blog\/#website\",\"url\":\"https:\/\/www.estrategiaconcursos.com.br\/blog\/\",\"name\":\"Estrat\u00e9gia Concursos\",\"description\":\"O blog da Estrat\u00e9gia Concursos traz not\u00edcias sobre concursos e artigos de professores oferecendo cursos para concursos (pdf + videaulas) no site.\",\"publisher\":{\"@id\":\"https:\/\/www.estrategiaconcursos.com.br\/blog\/#organization\"},\"potentialAction\":[{\"@type\":\"SearchAction\",\"target\":{\"@type\":\"EntryPoint\",\"urlTemplate\":\"https:\/\/www.estrategiaconcursos.com.br\/blog\/?s={search_term_string}\"},\"query-input\":{\"@type\":\"PropertyValueSpecification\",\"valueRequired\":true,\"valueName\":\"search_term_string\"}}],\"inLanguage\":\"pt-BR\"},{\"@type\":\"Organization\",\"@id\":\"https:\/\/www.estrategiaconcursos.com.br\/blog\/#organization\",\"name\":\"Estrat\u00e9gia Concursos\",\"url\":\"https:\/\/www.estrategiaconcursos.com.br\/blog\/\",\"logo\":{\"@type\":\"ImageObject\",\"inLanguage\":\"pt-BR\",\"@id\":\"https:\/\/www.estrategiaconcursos.com.br\/blog\/#\/schema\/logo\/image\/\",\"url\":\"https:\/\/dhg1h5j42swfq.cloudfront.net\/2025\/06\/03203428\/logo_concursos-1.jpg\",\"contentUrl\":\"https:\/\/dhg1h5j42swfq.cloudfront.net\/2025\/06\/03203428\/logo_concursos-1.jpg\",\"width\":230,\"height\":60,\"caption\":\"Estrat\u00e9gia Concursos\"},\"image\":{\"@id\":\"https:\/\/www.estrategiaconcursos.com.br\/blog\/#\/schema\/logo\/image\/\"},\"sameAs\":[\"https:\/\/x.com\/EstratConcursos\"]},{\"@type\":\"Person\",\"@id\":\"https:\/\/www.estrategiaconcursos.com.br\/blog\/#\/schema\/person\/b4a388c97673c5f483d72185668afa1f\",\"name\":\"Coordena\u00e7\u00e3o\",\"image\":{\"@type\":\"ImageObject\",\"inLanguage\":\"pt-BR\",\"@id\":\"https:\/\/secure.gravatar.com\/avatar\/b720319e4c9a967eb58678d110f4fe35452fc5d5f97b202bac7b8acceb18c6ad?s=96&d=mm&r=g\",\"url\":\"https:\/\/secure.gravatar.com\/avatar\/b720319e4c9a967eb58678d110f4fe35452fc5d5f97b202bac7b8acceb18c6ad?s=96&d=mm&r=g\",\"contentUrl\":\"https:\/\/secure.gravatar.com\/avatar\/b720319e4c9a967eb58678d110f4fe35452fc5d5f97b202bac7b8acceb18c6ad?s=96&d=mm&r=g\",\"caption\":\"Coordena\u00e7\u00e3o\"},\"sameAs\":[\"https:\/\/www.facebook.com\/EstrategiaConcursos\",\"https:\/\/x.com\/EstratConcursos\"],\"url\":\"https:\/\/www.estrategiaconcursos.com.br\/blog\/author\/estrategia2013\/\"}]}<\/script>\n<!-- \/ Yoast SEO Premium plugin. -->","yoast_head_json":{"title":"Edital TJ SP: saiu o gabarito da objetiva! Confira!","description":"Edital TJ SP: veja o gabarito da prova objetiva! S\u00e3o ofertadas 845 vagas para o cargo de Escrevente. Confira mais informa\u00e7\u00f5es neste artigo!","robots":{"index":"index","follow":"follow","max-snippet":"max-snippet:-1","max-image-preview":"max-image-preview:large","max-video-preview":"max-video-preview:-1"},"canonical":"https:\/\/www.estrategiaconcursos.com.br\/blog\/edital-tj-sp\/","og_locale":"pt_BR","og_type":"article","og_title":"Edital TJ SP: saiu o gabarito da objetiva! Confira!","og_description":"Edital TJ SP: veja o gabarito da prova objetiva! S\u00e3o ofertadas 845 vagas para o cargo de Escrevente. Confira mais informa\u00e7\u00f5es neste artigo!","og_url":"https:\/\/www.estrategiaconcursos.com.br\/blog\/edital-tj-sp\/","og_site_name":"Estrat\u00e9gia Concursos","article_author":"https:\/\/www.facebook.com\/EstrategiaConcursos","article_published_time":"2021-10-31T03:00:00+00:00","article_modified_time":"2024-05-22T02:38:28+00:00","og_image":[{"width":1200,"height":628,"url":"https:\/\/dhg1h5j42swfq.cloudfront.net\/2021\/09\/15171554\/tj-sp-4.jpg","type":"image\/jpeg"}],"author":"Coordena\u00e7\u00e3o","twitter_card":"summary_large_image","twitter_creator":"@EstratConcursos","twitter_site":"@EstratConcursos","twitter_misc":{"Escrito por":"Coordena\u00e7\u00e3o","Est. tempo de leitura":"9 minutos"},"schema":{"@context":"https:\/\/schema.org","@graph":[{"@type":"NewsArticle","@id":"https:\/\/www.estrategiaconcursos.com.br\/blog\/edital-tj-sp\/#article","isPartOf":{"@id":"https:\/\/www.estrategiaconcursos.com.br\/blog\/edital-tj-sp\/"},"author":{"name":"Coordena\u00e7\u00e3o","@id":"https:\/\/www.estrategiaconcursos.com.br\/blog\/#\/schema\/person\/b4a388c97673c5f483d72185668afa1f"},"headline":"Edital TJ SP: saiu o gabarito da objetiva! Confira!","datePublished":"2021-10-31T03:00:00+00:00","dateModified":"2024-05-22T02:38:28+00:00","mainEntityOfPage":{"@id":"https:\/\/www.estrategiaconcursos.com.br\/blog\/edital-tj-sp\/"},"wordCount":1293,"commentCount":0,"publisher":{"@id":"https:\/\/www.estrategiaconcursos.com.br\/blog\/#organization"},"image":{"@id":"https:\/\/www.estrategiaconcursos.com.br\/blog\/edital-tj-sp\/#primaryimage"},"thumbnailUrl":"https:\/\/dhg1h5j42swfq.cloudfront.net\/2021\/09\/15171554\/tj-sp-4.jpg","articleSection":["Tribunais","\u00daltimas not\u00edcias"],"inLanguage":"pt-BR","potentialAction":[{"@type":"CommentAction","name":"Comment","target":["https:\/\/www.estrategiaconcursos.com.br\/blog\/edital-tj-sp\/#respond"]}],"copyrightYear":"2021","copyrightHolder":{"@id":"https:\/\/www.estrategiaconcursos.com.br\/blog\/#organization"}},{"@type":"WebPage","@id":"https:\/\/www.estrategiaconcursos.com.br\/blog\/edital-tj-sp\/","url":"https:\/\/www.estrategiaconcursos.com.br\/blog\/edital-tj-sp\/","name":"Edital TJ SP: saiu o gabarito da objetiva! Confira!","isPartOf":{"@id":"https:\/\/www.estrategiaconcursos.com.br\/blog\/#website"},"primaryImageOfPage":{"@id":"https:\/\/www.estrategiaconcursos.com.br\/blog\/edital-tj-sp\/#primaryimage"},"image":{"@id":"https:\/\/www.estrategiaconcursos.com.br\/blog\/edital-tj-sp\/#primaryimage"},"thumbnailUrl":"https:\/\/dhg1h5j42swfq.cloudfront.net\/2021\/09\/15171554\/tj-sp-4.jpg","datePublished":"2021-10-31T03:00:00+00:00","dateModified":"2024-05-22T02:38:28+00:00","description":"Edital TJ SP: veja o gabarito da prova objetiva! S\u00e3o ofertadas 845 vagas para o cargo de Escrevente. Confira mais informa\u00e7\u00f5es neste artigo!","breadcrumb":{"@id":"https:\/\/www.estrategiaconcursos.com.br\/blog\/edital-tj-sp\/#breadcrumb"},"inLanguage":"pt-BR","potentialAction":[{"@type":"ReadAction","target":["https:\/\/www.estrategiaconcursos.com.br\/blog\/edital-tj-sp\/"]}]},{"@type":"ImageObject","inLanguage":"pt-BR","@id":"https:\/\/www.estrategiaconcursos.com.br\/blog\/edital-tj-sp\/#primaryimage","url":"https:\/\/dhg1h5j42swfq.cloudfront.net\/2021\/09\/15171554\/tj-sp-4.jpg","contentUrl":"https:\/\/dhg1h5j42swfq.cloudfront.net\/2021\/09\/15171554\/tj-sp-4.jpg","width":1200,"height":628,"caption":"Resumo da Lei 12.153\/09 (Juizados Especiais da Fazenda) para o TJ-SP"},{"@type":"BreadcrumbList","@id":"https:\/\/www.estrategiaconcursos.com.br\/blog\/edital-tj-sp\/#breadcrumb","itemListElement":[{"@type":"ListItem","position":1,"name":"In\u00edcio","item":"https:\/\/www.estrategiaconcursos.com.br\/blog\/"},{"@type":"ListItem","position":2,"name":"Edital TJ SP: saiu o gabarito da objetiva! Confira!"}]},{"@type":"WebSite","@id":"https:\/\/www.estrategiaconcursos.com.br\/blog\/#website","url":"https:\/\/www.estrategiaconcursos.com.br\/blog\/","name":"Estrat\u00e9gia Concursos","description":"O blog da Estrat\u00e9gia Concursos traz not\u00edcias sobre concursos e artigos de professores oferecendo cursos para concursos (pdf + videaulas) no site.","publisher":{"@id":"https:\/\/www.estrategiaconcursos.com.br\/blog\/#organization"},"potentialAction":[{"@type":"SearchAction","target":{"@type":"EntryPoint","urlTemplate":"https:\/\/www.estrategiaconcursos.com.br\/blog\/?s={search_term_string}"},"query-input":{"@type":"PropertyValueSpecification","valueRequired":true,"valueName":"search_term_string"}}],"inLanguage":"pt-BR"},{"@type":"Organization","@id":"https:\/\/www.estrategiaconcursos.com.br\/blog\/#organization","name":"Estrat\u00e9gia Concursos","url":"https:\/\/www.estrategiaconcursos.com.br\/blog\/","logo":{"@type":"ImageObject","inLanguage":"pt-BR","@id":"https:\/\/www.estrategiaconcursos.com.br\/blog\/#\/schema\/logo\/image\/","url":"https:\/\/dhg1h5j42swfq.cloudfront.net\/2025\/06\/03203428\/logo_concursos-1.jpg","contentUrl":"https:\/\/dhg1h5j42swfq.cloudfront.net\/2025\/06\/03203428\/logo_concursos-1.jpg","width":230,"height":60,"caption":"Estrat\u00e9gia Concursos"},"image":{"@id":"https:\/\/www.estrategiaconcursos.com.br\/blog\/#\/schema\/logo\/image\/"},"sameAs":["https:\/\/x.com\/EstratConcursos"]},{"@type":"Person","@id":"https:\/\/www.estrategiaconcursos.com.br\/blog\/#\/schema\/person\/b4a388c97673c5f483d72185668afa1f","name":"Coordena\u00e7\u00e3o","image":{"@type":"ImageObject","inLanguage":"pt-BR","@id":"https:\/\/secure.gravatar.com\/avatar\/b720319e4c9a967eb58678d110f4fe35452fc5d5f97b202bac7b8acceb18c6ad?s=96&d=mm&r=g","url":"https:\/\/secure.gravatar.com\/avatar\/b720319e4c9a967eb58678d110f4fe35452fc5d5f97b202bac7b8acceb18c6ad?s=96&d=mm&r=g","contentUrl":"https:\/\/secure.gravatar.com\/avatar\/b720319e4c9a967eb58678d110f4fe35452fc5d5f97b202bac7b8acceb18c6ad?s=96&d=mm&r=g","caption":"Coordena\u00e7\u00e3o"},"sameAs":["https:\/\/www.facebook.com\/EstrategiaConcursos","https:\/\/x.com\/EstratConcursos"],"url":"https:\/\/www.estrategiaconcursos.com.br\/blog\/author\/estrategia2013\/"}]}},"_links":{"self":[{"href":"https:\/\/www.estrategiaconcursos.com.br\/blog\/wp-json\/wp\/v2\/posts\/824292","targetHints":{"allow":["GET"]}}],"collection":[{"href":"https:\/\/www.estrategiaconcursos.com.br\/blog\/wp-json\/wp\/v2\/posts"}],"about":[{"href":"https:\/\/www.estrategiaconcursos.com.br\/blog\/wp-json\/wp\/v2\/types\/post"}],"author":[{"embeddable":true,"href":"https:\/\/www.estrategiaconcursos.com.br\/blog\/wp-json\/wp\/v2\/users\/1"}],"replies":[{"embeddable":true,"href":"https:\/\/www.estrategiaconcursos.com.br\/blog\/wp-json\/wp\/v2\/comments?post=824292"}],"version-history":[{"count":46,"href":"https:\/\/www.estrategiaconcursos.com.br\/blog\/wp-json\/wp\/v2\/posts\/824292\/revisions"}],"predecessor-version":[{"id":900202,"href":"https:\/\/www.estrategiaconcursos.com.br\/blog\/wp-json\/wp\/v2\/posts\/824292\/revisions\/900202"}],"wp:featuredmedia":[{"embeddable":true,"href":"https:\/\/www.estrategiaconcursos.com.br\/blog\/wp-json\/wp\/v2\/media\/862026"}],"wp:attachment":[{"href":"https:\/\/www.estrategiaconcursos.com.br\/blog\/wp-json\/wp\/v2\/media?parent=824292"}],"wp:term":[{"taxonomy":"category","embeddable":true,"href":"https:\/\/www.estrategiaconcursos.com.br\/blog\/wp-json\/wp\/v2\/categories?post=824292"},{"taxonomy":"post_tag","embeddable":true,"href":"https:\/\/www.estrategiaconcursos.com.br\/blog\/wp-json\/wp\/v2\/tags?post=824292"},{"taxonomy":"tax_estado","embeddable":true,"href":"https:\/\/www.estrategiaconcursos.com.br\/blog\/wp-json\/wp\/v2\/tax_estado?post=824292"}],"curies":[{"name":"wp","href":"https:\/\/api.w.org\/{rel}","templated":true}]}}