{"id":824202,"date":"2021-07-28T19:09:51","date_gmt":"2021-07-28T22:09:51","guid":{"rendered":"https:\/\/www.estrategiaconcursos.com.br\/blog\/?p=824202"},"modified":"2021-07-29T15:19:36","modified_gmt":"2021-07-29T18:19:36","slug":"pss-ministerio-da-economia-cronograma-e-alterado","status":"publish","type":"post","link":"https:\/\/www.estrategiaconcursos.com.br\/blog\/pss-ministerio-da-economia-cronograma-e-alterado\/","title":{"rendered":"PSS Minist\u00e9rio da Economia: Cronograma \u00e9 alterado"},"content":{"rendered":"\n<p>Na \u00faltima ter\u00e7a-feira, foi divulgado no Di\u00e1rio Oficial da Uni\u00e3o (<a href=\"https:\/\/www.in.gov.br\/en\/web\/dou\/-\/edital-n-32-me-de-27-de-julho-de-2021-334680494\" target=\"_blank\" rel=\"noreferrer noopener\">DOU<\/a>) um edital de retifica\u00e7\u00e3o do cronograma do processo seletivo (pss) do Minist\u00e9rio da Economia.<\/p>\n\n\n\n<p>Preparamos um quadro com a retifica\u00e7\u00e3o do CRONOGRAMA DE EXECU\u00c7\u00c3O previsto no Anexo VII, do Edital N\u00ba 15, DE 16 DE MAR\u00c7O DE 2021, que passa a viger como segue. Entretanto, vale ressaltar que as demais disposi\u00e7\u00f5es contidas no Edital n\u00ba 5 &#8211; ME, de 05 de fevereiro de 2021 permanecem inalteradas.<\/p>\n\n\n\n<figure class=\"wp-block-table is-style-stripes\"><table class=\"has-subtle-pale-blue-background-color has-fixed-layout has-background\"><thead><tr><th class=\"has-text-align-center\" data-align=\"center\">Atividade<\/th><th class=\"has-text-align-center\" data-align=\"center\">Inicio<\/th><th class=\"has-text-align-center\" data-align=\"center\">Fim<\/th><\/tr><\/thead><tbody><tr><td class=\"has-text-align-center\" data-align=\"center\">Edital de convoca\u00e7\u00e3o para o Procedimento de Heteroidentifica\u00e7\u00e3o<\/td><td class=\"has-text-align-center\" data-align=\"center\">28\/07\/2021<\/td><\/tr><tr><td class=\"has-text-align-center\" data-align=\"center\">Edital de convoca\u00e7\u00e3o para a Avalia\u00e7\u00e3o Biopsicossocial<\/td><td class=\"has-text-align-center\" data-align=\"center\">28\/07\/2021<\/td><\/tr><tr><td class=\"has-text-align-center\" data-align=\"center\">Realiza\u00e7\u00e3o do Procedimento de Heteroidentifica\u00e7\u00e3o \/ Envio de foto e v\u00eddeo para aferi\u00e7\u00e3o<\/td><td class=\"has-text-align-center\" data-align=\"center\">29\/07\/2021<\/td><td class=\"has-text-align-center\" data-align=\"center\">31\/07\/2021<\/td><\/tr><tr><td class=\"has-text-align-center\" data-align=\"center\">Realiza\u00e7\u00e3o da Avalia\u00e7\u00e3o Biopsicossocial<\/td><td class=\"has-text-align-center\" data-align=\"center\">03\/08\/2021<\/td><\/tr><tr><td class=\"has-text-align-center\" data-align=\"center\">Divulga\u00e7\u00e3o do resultado preliminar do Procedimento de Heteroidentifica\u00e7\u00e3o<\/td><td class=\"has-text-align-center\" data-align=\"center\">03\/08\/2021<\/td><\/tr><tr><td class=\"has-text-align-center\" data-align=\"center\">Divulga\u00e7\u00e3o do resultado preliminar da Avalia\u00e7\u00e3o Biopsicossocial<\/td><td class=\"has-text-align-center\" data-align=\"center\">04\/08\/2021<\/td><\/tr><tr><td class=\"has-text-align-center\" data-align=\"center\">Prazo para interposi\u00e7\u00e3o de recurso contra o resultado preliminar do Procedimento de Heteroidentifica\u00e7\u00e3o<\/td><td class=\"has-text-align-center\" data-align=\"center\">04\/08\/2021<\/td><td class=\"has-text-align-center\" data-align=\"center\">05\/08\/2021<\/td><\/tr><tr><td class=\"has-text-align-center\" data-align=\"center\">Prazo para interposi\u00e7\u00e3o de recurso contra o resultado preliminar da Avalia\u00e7\u00e3o Biopsicossocial<\/td><td class=\"has-text-align-center\" data-align=\"center\">05\/08\/2021<\/td><td class=\"has-text-align-center\" data-align=\"center\">06\/08\/2021<\/td><\/tr><tr><td class=\"has-text-align-center\" data-align=\"center\">Divulga\u00e7\u00e3o do Resultado Final do Procedimento de Heteroidentifica\u00e7\u00e3o<\/td><td class=\"has-text-align-center\" data-align=\"center\">10\/08\/2021<\/td><\/tr><tr><td class=\"has-text-align-center\" data-align=\"center\">Divulga\u00e7\u00e3o do Resultado Final da Avalia\u00e7\u00e3o Biopsicossocial<\/td><td class=\"has-text-align-center\" data-align=\"center\">10\/08\/2021<\/td><\/tr><tr><td class=\"has-text-align-center\" data-align=\"center\">Divulga\u00e7\u00e3o \/ Publica\u00e7\u00e3o do Resultado Final do Processo Seletivo<\/td><td class=\"has-text-align-center\" data-align=\"center\">10\/08\/2021<\/td><\/tr><tr><td class=\"has-text-align-center\" data-align=\"center\">Homologa\u00e7\u00e3o<\/td><td class=\"has-text-align-center\" data-align=\"center\">11\/08\/2021<\/td><\/tr><\/tbody><\/table><figcaption>Altera\u00e7\u00f5es do cronograma do PSS Minist\u00e9rio da Economia<\/figcaption><\/figure>\n\n\n\n<p>Para voc\u00ea que ainda n\u00e3o adquiriu o olhar atento da coruja, com provas j\u00e1 aplicadas, <strong>19.745 candidatos inscritos<\/strong> est\u00e3o disputando&nbsp;<strong>100 vagas<\/strong>&nbsp;imediatas e&nbsp;<strong>490 para forma\u00e7\u00e3o de cadastro reserva<\/strong>. No adendo, as oportunidades s\u00e3o distribu\u00eddas entre cargos de n\u00edvel m\u00e9dio\/t\u00e9cnico e superior, com sal\u00e1rios que variam de <em><strong>R$ 1.700,00 <\/strong><\/em>a <strong><em>R$ 6.130,00<\/em><\/strong>.<\/p>\n\n\n\n<p>As provas foram realizadas sob organiza\u00e7\u00e3o da banca Instituto de Desenvolvimento Institucional Brasileiro &#8211; IDIB, diferentemente de certames de 2020 do \u00f3rg\u00e3o, que estavam sob inspe\u00e7\u00e3o do Cebraspe. <\/p>\n\n\n\n<p>Com esse novo cronograma definido, o resultado final e a homologa\u00e7\u00e3o do pss do Minist\u00e9rio da Economia se encaminha para sua finaliza\u00e7\u00e3o, prevista para a primeira quinzena do m\u00eas de agosto.<\/p>\n\n\n\n<p class=\"has-text-align-center\"><em>Para ficar por dentro de todos os detalhes acerca do PSS Minist\u00e9rio da Economia (edital, cronograma e atualiza\u00e7\u00f5es fresquinhas), confira um artigo completo, de f\u00e1cil compreens\u00e3o, que elaboramos EXCLUSIVAMENTE para voc\u00ea!<\/em><\/p>\n\n\n\n<p class=\"has-text-align-center has-black-color has-pale-cyan-blue-background-color has-text-color has-background\" style=\"font-size:clamp(14.642px, 0.915rem + ((1vw - 3.2px) * 0.721), 22px);px\"><strong>Mais informa\u00e7\u00f5es: <a href=\"https:\/\/www.estrategiaconcursos.com.br\/blog\/concurso-ministerio-da-economia\/\" target=\"_blank\" rel=\"noreferrer noopener\">Concurso PSS Minist\u00e9rio da Economia<\/a><\/strong><\/p>\n\n\n\n<hr class=\"wp-block-separator\"\/>\n\n\n\n<p class=\"has-text-align-center\"><em>Voc\u00ea sabia que no pss do Minist\u00e9rio da Economia de 2020, das 37 vagas na \u00e1rea de Direito,<strong>&nbsp;19&nbsp;aprovados foram alunos do Estrat\u00e9gia<\/strong>? Se voc\u00ea tamb\u00e9m quer fazer parte dessa estat\u00edstica, n\u00e3o perca tempo e estude com a Coruja!<\/em><\/p>\n\n\n\n<div class=\"container\" id=\"boxes\">\n  <div class=\"row\">\n\n    <div class=\"col-sm\">\n      <div class=\"banner-adm\" id=\"box-assinatura\">\n        <h3 class=\"titulo-assinatura\">Carreiras Administrativas<\/h3>\n        <p class=\"subtitulo-assinatura\">Estude conosco<\/p>\n        <div class=\"box-botao\">\n          <a class=\"btn-assinatura\" target=\"_blank\" href=\"https:\/\/www.estrategiaconcursos.com.br\/cursosPorConcurso\/ministerio-da-economia\/\" role=\"button\" rel=\"noopener noreferrer\">Concurso Minist\u00e9rio da Economia<\/a>\n        <\/div>\n      <\/div>\n      \n    <\/div>\n\n  <\/div>\n<\/div>\n\n\n\n<div class=\"container\" id=\"boxes\">\n  <div class=\"row\">\n\n    <div class=\"col-sm\">\n      <div class=\"estrategia\" id=\"box-assinatura\">\n        <h3 class=\"titulo-assinatura\">Assinatura Concursos<\/h3>\n        <p class=\"subtitulo-assinatura\">Assinatura de 1 ano ou 2 anos<\/p>\n        <div class=\"box-botao\">\n          <a class=\"btn-assinatura\" target=\"_blank\" href=\"https:\/\/www.estrategiaconcursos.com.br\/assinaturas\/\" role=\"button\" rel=\"noopener noreferrer\">ASSINE AGORA<\/a>\n        <\/div>\n      <\/div><\/div><\/div><\/div>\n\n\n\n<div class=\"container\" id=\"boxes\">\n  <div class=\"row\">\n\n    <div class=\"col-sm\" id=\"boxes-concursos\">\n      <div style=\"background-color: #005DAD;\" class=\"conteudo-concursos\" id=\"box-concursos\">\n        <h3 class=\"titulo-assinatura\">Concursos Abertos<\/h3>\n        <p class=\"subtitulo-assinatura\">Confira os editais publicados<\/p>\n        <div class=\"box-botao\">\n          <a class=\"btn-assinatura\" target=\"_blank\" href=\"https:\/\/www.estrategiaconcursos.com.br\/blog\/concursos-abertos\/\" role=\"button\" rel=\"noopener noreferrer\">Conhe\u00e7a Agora<\/a>\n        <\/div>\n      <\/div>\n    <\/div>\n\n    <div class=\"col-sm\" id=\"boxes-concursos\">\n      <div style=\"background-color: #1A7ED5;\" class=\"conteudo-concursos\" id=\"box-concursos\">\n        <h3 class=\"titulo-assinatura\">Concursos 2021<\/h3>\n        <p class=\"subtitulo-assinatura\">As oportunidades previstas<\/p>\n        <div class=\"box-botao\">\n          <a class=\"btn-assinatura\" target=\"_blank\" href=\"https:\/\/www.estrategiaconcursos.com.br\/blog\/concursos-2021\/\" role=\"button\" rel=\"noopener noreferrer\">Conhe\u00e7a Agora<\/a>\n        <\/div>\n      <\/div>\n    <\/div>\n\n    <div class=\"col-sm\" id=\"boxes-concursos\">\n      <div style=\"background-color: #419FF0;\" class=\"conteudo-concursos\" id=\"box-concursos\">\n        <h3 class=\"titulo-assinatura\">Concursos 2022<\/h3>\n        <p class=\"subtitulo-assinatura\">Vagas para o pr\u00f3ximo ano<\/p>\n        <div class=\"box-botao\">\n          <a class=\"btn-assinatura\" target=\"_blank\" href=\"https:\/\/www.estrategiaconcursos.com.br\/blog\/concursos-2022\/\" role=\"button\" rel=\"noopener noreferrer\">Conhe\u00e7a Agora<\/a>\n        <\/div>\n      <\/div>\n    <\/div>\n\n  <\/div>\n<\/div>\n","protected":false},"excerpt":{"rendered":"<p>Na \u00faltima ter\u00e7a-feira, foi divulgado no Di\u00e1rio Oficial da Uni\u00e3o (DOU) um edital de retifica\u00e7\u00e3o do cronograma do processo seletivo (pss) do Minist\u00e9rio da Economia. Preparamos um quadro com a retifica\u00e7\u00e3o do CRONOGRAMA DE EXECU\u00c7\u00c3O previsto no Anexo VII, do Edital N\u00ba 15, DE 16 DE MAR\u00c7O DE 2021, que passa a viger como segue. [&hellip;]<\/p>\n","protected":false},"author":2099,"featured_media":756003,"comment_status":"open","ping_status":"closed","sticky":false,"template":"","format":"standard","meta":{"post_tipo":"news","footnotes":""},"categories":[214992,220219],"tags":[],"tax_estado":[219963],"class_list":["post-824202","post","type-post","status-publish","format-standard","has-post-thumbnail","hentry","category-concursos-administrativos","category-noticias","tax_estado-concursos-federais"],"acf":[],"yoast_head":"<!-- This site is optimized with the Yoast SEO Premium plugin v27.2 (Yoast SEO v27.2) - https:\/\/yoast.com\/product\/yoast-seo-premium-wordpress\/ -->\n<title>PSS Minist\u00e9rio da Economia: Cronograma \u00e9 alterado<\/title>\n<meta name=\"description\" content=\"Na ultima ter\u00e7a-feira, 27, o Minist\u00e9rio da Economia divulgou o edital EDITAL N\u00ba 32- ME de retifica\u00e7\u00e3o do cronograma de seu PSS; Veja!\" \/>\n<meta name=\"robots\" content=\"index, follow, max-snippet:-1, max-image-preview:large, max-video-preview:-1\" \/>\n<link rel=\"canonical\" href=\"https:\/\/www.estrategiaconcursos.com.br\/blog\/pss-ministerio-da-economia-cronograma-e-alterado\/\" \/>\n<meta property=\"og:locale\" content=\"pt_BR\" \/>\n<meta property=\"og:type\" content=\"article\" \/>\n<meta property=\"og:title\" content=\"PSS Minist\u00e9rio da Economia: Cronograma \u00e9 alterado\" \/>\n<meta property=\"og:description\" content=\"Na ultima ter\u00e7a-feira, 27, o Minist\u00e9rio da Economia divulgou o edital EDITAL N\u00ba 32- ME de retifica\u00e7\u00e3o do cronograma de seu PSS; Veja!\" \/>\n<meta property=\"og:url\" content=\"https:\/\/www.estrategiaconcursos.com.br\/blog\/pss-ministerio-da-economia-cronograma-e-alterado\/\" \/>\n<meta property=\"og:site_name\" content=\"Estrat\u00e9gia Concursos\" \/>\n<meta property=\"article:published_time\" content=\"2021-07-28T22:09:51+00:00\" \/>\n<meta property=\"article:modified_time\" content=\"2021-07-29T18:19:36+00:00\" \/>\n<meta property=\"og:image\" content=\"https:\/\/dhg1h5j42swfq.cloudfront.net\/2021\/05\/31140019\/ministerio-da-economia.jpg\" \/>\n\t<meta property=\"og:image:width\" content=\"768\" \/>\n\t<meta property=\"og:image:height\" content=\"432\" \/>\n\t<meta property=\"og:image:type\" content=\"image\/jpeg\" \/>\n<meta name=\"author\" content=\"Elo\u00edsa da Rosa Ferro\" \/>\n<meta name=\"twitter:card\" content=\"summary_large_image\" \/>\n<meta name=\"twitter:creator\" content=\"@EstratConcursos\" \/>\n<meta name=\"twitter:site\" content=\"@EstratConcursos\" \/>\n<meta name=\"twitter:label1\" content=\"Escrito por\" \/>\n\t<meta name=\"twitter:data1\" content=\"Elo\u00edsa da Rosa Ferro\" \/>\n\t<meta name=\"twitter:label2\" content=\"Est. tempo de leitura\" \/>\n\t<meta name=\"twitter:data2\" content=\"2 minutos\" \/>\n<script type=\"application\/ld+json\" class=\"yoast-schema-graph\">{\"@context\":\"https:\/\/schema.org\",\"@graph\":[{\"@type\":\"NewsArticle\",\"@id\":\"https:\/\/www.estrategiaconcursos.com.br\/blog\/pss-ministerio-da-economia-cronograma-e-alterado\/#article\",\"isPartOf\":{\"@id\":\"https:\/\/www.estrategiaconcursos.com.br\/blog\/pss-ministerio-da-economia-cronograma-e-alterado\/\"},\"author\":{\"name\":\"Elo\u00edsa da Rosa Ferro\",\"@id\":\"https:\/\/www.estrategiaconcursos.com.br\/blog\/#\/schema\/person\/57d9394bb68400dbec62ff8a943ab201\"},\"headline\":\"PSS Minist\u00e9rio da Economia: Cronograma \u00e9 alterado\",\"datePublished\":\"2021-07-28T22:09:51+00:00\",\"dateModified\":\"2021-07-29T18:19:36+00:00\",\"mainEntityOfPage\":{\"@id\":\"https:\/\/www.estrategiaconcursos.com.br\/blog\/pss-ministerio-da-economia-cronograma-e-alterado\/\"},\"wordCount\":478,\"commentCount\":0,\"publisher\":{\"@id\":\"https:\/\/www.estrategiaconcursos.com.br\/blog\/#organization\"},\"image\":{\"@id\":\"https:\/\/www.estrategiaconcursos.com.br\/blog\/pss-ministerio-da-economia-cronograma-e-alterado\/#primaryimage\"},\"thumbnailUrl\":\"https:\/\/dhg1h5j42swfq.cloudfront.net\/2021\/05\/31140019\/ministerio-da-economia.jpg\",\"articleSection\":[\"Executivo (Administrativa)\",\"\u00daltimas not\u00edcias\"],\"inLanguage\":\"pt-BR\",\"potentialAction\":[{\"@type\":\"CommentAction\",\"name\":\"Comment\",\"target\":[\"https:\/\/www.estrategiaconcursos.com.br\/blog\/pss-ministerio-da-economia-cronograma-e-alterado\/#respond\"]}],\"copyrightYear\":\"2021\",\"copyrightHolder\":{\"@id\":\"https:\/\/www.estrategiaconcursos.com.br\/blog\/#organization\"}},{\"@type\":\"WebPage\",\"@id\":\"https:\/\/www.estrategiaconcursos.com.br\/blog\/pss-ministerio-da-economia-cronograma-e-alterado\/\",\"url\":\"https:\/\/www.estrategiaconcursos.com.br\/blog\/pss-ministerio-da-economia-cronograma-e-alterado\/\",\"name\":\"PSS Minist\u00e9rio da Economia: Cronograma \u00e9 alterado\",\"isPartOf\":{\"@id\":\"https:\/\/www.estrategiaconcursos.com.br\/blog\/#website\"},\"primaryImageOfPage\":{\"@id\":\"https:\/\/www.estrategiaconcursos.com.br\/blog\/pss-ministerio-da-economia-cronograma-e-alterado\/#primaryimage\"},\"image\":{\"@id\":\"https:\/\/www.estrategiaconcursos.com.br\/blog\/pss-ministerio-da-economia-cronograma-e-alterado\/#primaryimage\"},\"thumbnailUrl\":\"https:\/\/dhg1h5j42swfq.cloudfront.net\/2021\/05\/31140019\/ministerio-da-economia.jpg\",\"datePublished\":\"2021-07-28T22:09:51+00:00\",\"dateModified\":\"2021-07-29T18:19:36+00:00\",\"description\":\"Na ultima ter\u00e7a-feira, 27, o Minist\u00e9rio da Economia divulgou o edital EDITAL N\u00ba 32- ME de retifica\u00e7\u00e3o do cronograma de seu PSS; Veja!\",\"breadcrumb\":{\"@id\":\"https:\/\/www.estrategiaconcursos.com.br\/blog\/pss-ministerio-da-economia-cronograma-e-alterado\/#breadcrumb\"},\"inLanguage\":\"pt-BR\",\"potentialAction\":[{\"@type\":\"ReadAction\",\"target\":[\"https:\/\/www.estrategiaconcursos.com.br\/blog\/pss-ministerio-da-economia-cronograma-e-alterado\/\"]}]},{\"@type\":\"ImageObject\",\"inLanguage\":\"pt-BR\",\"@id\":\"https:\/\/www.estrategiaconcursos.com.br\/blog\/pss-ministerio-da-economia-cronograma-e-alterado\/#primaryimage\",\"url\":\"https:\/\/dhg1h5j42swfq.cloudfront.net\/2021\/05\/31140019\/ministerio-da-economia.jpg\",\"contentUrl\":\"https:\/\/dhg1h5j42swfq.cloudfront.net\/2021\/05\/31140019\/ministerio-da-economia.jpg\",\"width\":768,\"height\":432,\"caption\":\"Minist\u00e9rio da Economia banca\"},{\"@type\":\"BreadcrumbList\",\"@id\":\"https:\/\/www.estrategiaconcursos.com.br\/blog\/pss-ministerio-da-economia-cronograma-e-alterado\/#breadcrumb\",\"itemListElement\":[{\"@type\":\"ListItem\",\"position\":1,\"name\":\"In\u00edcio\",\"item\":\"https:\/\/www.estrategiaconcursos.com.br\/blog\/\"},{\"@type\":\"ListItem\",\"position\":2,\"name\":\"PSS Minist\u00e9rio da Economia: Cronograma \u00e9 alterado\"}]},{\"@type\":\"WebSite\",\"@id\":\"https:\/\/www.estrategiaconcursos.com.br\/blog\/#website\",\"url\":\"https:\/\/www.estrategiaconcursos.com.br\/blog\/\",\"name\":\"Estrat\u00e9gia Concursos\",\"description\":\"O blog da Estrat\u00e9gia Concursos traz not\u00edcias sobre concursos e artigos de professores oferecendo cursos para concursos (pdf + videaulas) no site.\",\"publisher\":{\"@id\":\"https:\/\/www.estrategiaconcursos.com.br\/blog\/#organization\"},\"potentialAction\":[{\"@type\":\"SearchAction\",\"target\":{\"@type\":\"EntryPoint\",\"urlTemplate\":\"https:\/\/www.estrategiaconcursos.com.br\/blog\/?s={search_term_string}\"},\"query-input\":{\"@type\":\"PropertyValueSpecification\",\"valueRequired\":true,\"valueName\":\"search_term_string\"}}],\"inLanguage\":\"pt-BR\"},{\"@type\":\"Organization\",\"@id\":\"https:\/\/www.estrategiaconcursos.com.br\/blog\/#organization\",\"name\":\"Estrat\u00e9gia Concursos\",\"url\":\"https:\/\/www.estrategiaconcursos.com.br\/blog\/\",\"logo\":{\"@type\":\"ImageObject\",\"inLanguage\":\"pt-BR\",\"@id\":\"https:\/\/www.estrategiaconcursos.com.br\/blog\/#\/schema\/logo\/image\/\",\"url\":\"https:\/\/dhg1h5j42swfq.cloudfront.net\/2025\/06\/03203428\/logo_concursos-1.jpg\",\"contentUrl\":\"https:\/\/dhg1h5j42swfq.cloudfront.net\/2025\/06\/03203428\/logo_concursos-1.jpg\",\"width\":230,\"height\":60,\"caption\":\"Estrat\u00e9gia Concursos\"},\"image\":{\"@id\":\"https:\/\/www.estrategiaconcursos.com.br\/blog\/#\/schema\/logo\/image\/\"},\"sameAs\":[\"https:\/\/x.com\/EstratConcursos\"]},{\"@type\":\"Person\",\"@id\":\"https:\/\/www.estrategiaconcursos.com.br\/blog\/#\/schema\/person\/57d9394bb68400dbec62ff8a943ab201\",\"name\":\"Elo\u00edsa da Rosa Ferro\",\"image\":{\"@type\":\"ImageObject\",\"inLanguage\":\"pt-BR\",\"@id\":\"https:\/\/secure.gravatar.com\/avatar\/?s=96&d=mm&r=g\",\"url\":\"https:\/\/secure.gravatar.com\/avatar\/?s=96&d=mm&r=g\",\"contentUrl\":\"https:\/\/secure.gravatar.com\/avatar\/?s=96&d=mm&r=g\",\"caption\":\"Elo\u00edsa da Rosa Ferro\"},\"url\":\"https:\/\/www.estrategiaconcursos.com.br\/blog\/author\/eloisa-ferro\/\"}]}<\/script>\n<!-- \/ Yoast SEO Premium plugin. -->","yoast_head_json":{"title":"PSS Minist\u00e9rio da Economia: Cronograma \u00e9 alterado","description":"Na ultima ter\u00e7a-feira, 27, o Minist\u00e9rio da Economia divulgou o edital EDITAL N\u00ba 32- ME de retifica\u00e7\u00e3o do cronograma de seu PSS; Veja!","robots":{"index":"index","follow":"follow","max-snippet":"max-snippet:-1","max-image-preview":"max-image-preview:large","max-video-preview":"max-video-preview:-1"},"canonical":"https:\/\/www.estrategiaconcursos.com.br\/blog\/pss-ministerio-da-economia-cronograma-e-alterado\/","og_locale":"pt_BR","og_type":"article","og_title":"PSS Minist\u00e9rio da Economia: Cronograma \u00e9 alterado","og_description":"Na ultima ter\u00e7a-feira, 27, o Minist\u00e9rio da Economia divulgou o edital EDITAL N\u00ba 32- ME de retifica\u00e7\u00e3o do cronograma de seu PSS; Veja!","og_url":"https:\/\/www.estrategiaconcursos.com.br\/blog\/pss-ministerio-da-economia-cronograma-e-alterado\/","og_site_name":"Estrat\u00e9gia Concursos","article_published_time":"2021-07-28T22:09:51+00:00","article_modified_time":"2021-07-29T18:19:36+00:00","og_image":[{"width":768,"height":432,"url":"https:\/\/dhg1h5j42swfq.cloudfront.net\/2021\/05\/31140019\/ministerio-da-economia.jpg","type":"image\/jpeg"}],"author":"Elo\u00edsa da Rosa Ferro","twitter_card":"summary_large_image","twitter_creator":"@EstratConcursos","twitter_site":"@EstratConcursos","twitter_misc":{"Escrito por":"Elo\u00edsa da Rosa Ferro","Est. tempo de leitura":"2 minutos"},"schema":{"@context":"https:\/\/schema.org","@graph":[{"@type":"NewsArticle","@id":"https:\/\/www.estrategiaconcursos.com.br\/blog\/pss-ministerio-da-economia-cronograma-e-alterado\/#article","isPartOf":{"@id":"https:\/\/www.estrategiaconcursos.com.br\/blog\/pss-ministerio-da-economia-cronograma-e-alterado\/"},"author":{"name":"Elo\u00edsa da Rosa Ferro","@id":"https:\/\/www.estrategiaconcursos.com.br\/blog\/#\/schema\/person\/57d9394bb68400dbec62ff8a943ab201"},"headline":"PSS Minist\u00e9rio da Economia: Cronograma \u00e9 alterado","datePublished":"2021-07-28T22:09:51+00:00","dateModified":"2021-07-29T18:19:36+00:00","mainEntityOfPage":{"@id":"https:\/\/www.estrategiaconcursos.com.br\/blog\/pss-ministerio-da-economia-cronograma-e-alterado\/"},"wordCount":478,"commentCount":0,"publisher":{"@id":"https:\/\/www.estrategiaconcursos.com.br\/blog\/#organization"},"image":{"@id":"https:\/\/www.estrategiaconcursos.com.br\/blog\/pss-ministerio-da-economia-cronograma-e-alterado\/#primaryimage"},"thumbnailUrl":"https:\/\/dhg1h5j42swfq.cloudfront.net\/2021\/05\/31140019\/ministerio-da-economia.jpg","articleSection":["Executivo (Administrativa)","\u00daltimas not\u00edcias"],"inLanguage":"pt-BR","potentialAction":[{"@type":"CommentAction","name":"Comment","target":["https:\/\/www.estrategiaconcursos.com.br\/blog\/pss-ministerio-da-economia-cronograma-e-alterado\/#respond"]}],"copyrightYear":"2021","copyrightHolder":{"@id":"https:\/\/www.estrategiaconcursos.com.br\/blog\/#organization"}},{"@type":"WebPage","@id":"https:\/\/www.estrategiaconcursos.com.br\/blog\/pss-ministerio-da-economia-cronograma-e-alterado\/","url":"https:\/\/www.estrategiaconcursos.com.br\/blog\/pss-ministerio-da-economia-cronograma-e-alterado\/","name":"PSS Minist\u00e9rio da Economia: Cronograma \u00e9 alterado","isPartOf":{"@id":"https:\/\/www.estrategiaconcursos.com.br\/blog\/#website"},"primaryImageOfPage":{"@id":"https:\/\/www.estrategiaconcursos.com.br\/blog\/pss-ministerio-da-economia-cronograma-e-alterado\/#primaryimage"},"image":{"@id":"https:\/\/www.estrategiaconcursos.com.br\/blog\/pss-ministerio-da-economia-cronograma-e-alterado\/#primaryimage"},"thumbnailUrl":"https:\/\/dhg1h5j42swfq.cloudfront.net\/2021\/05\/31140019\/ministerio-da-economia.jpg","datePublished":"2021-07-28T22:09:51+00:00","dateModified":"2021-07-29T18:19:36+00:00","description":"Na ultima ter\u00e7a-feira, 27, o Minist\u00e9rio da Economia divulgou o edital EDITAL N\u00ba 32- ME de retifica\u00e7\u00e3o do cronograma de seu PSS; Veja!","breadcrumb":{"@id":"https:\/\/www.estrategiaconcursos.com.br\/blog\/pss-ministerio-da-economia-cronograma-e-alterado\/#breadcrumb"},"inLanguage":"pt-BR","potentialAction":[{"@type":"ReadAction","target":["https:\/\/www.estrategiaconcursos.com.br\/blog\/pss-ministerio-da-economia-cronograma-e-alterado\/"]}]},{"@type":"ImageObject","inLanguage":"pt-BR","@id":"https:\/\/www.estrategiaconcursos.com.br\/blog\/pss-ministerio-da-economia-cronograma-e-alterado\/#primaryimage","url":"https:\/\/dhg1h5j42swfq.cloudfront.net\/2021\/05\/31140019\/ministerio-da-economia.jpg","contentUrl":"https:\/\/dhg1h5j42swfq.cloudfront.net\/2021\/05\/31140019\/ministerio-da-economia.jpg","width":768,"height":432,"caption":"Minist\u00e9rio da Economia banca"},{"@type":"BreadcrumbList","@id":"https:\/\/www.estrategiaconcursos.com.br\/blog\/pss-ministerio-da-economia-cronograma-e-alterado\/#breadcrumb","itemListElement":[{"@type":"ListItem","position":1,"name":"In\u00edcio","item":"https:\/\/www.estrategiaconcursos.com.br\/blog\/"},{"@type":"ListItem","position":2,"name":"PSS Minist\u00e9rio da Economia: Cronograma \u00e9 alterado"}]},{"@type":"WebSite","@id":"https:\/\/www.estrategiaconcursos.com.br\/blog\/#website","url":"https:\/\/www.estrategiaconcursos.com.br\/blog\/","name":"Estrat\u00e9gia Concursos","description":"O blog da Estrat\u00e9gia Concursos traz not\u00edcias sobre concursos e artigos de professores oferecendo cursos para concursos (pdf + videaulas) no site.","publisher":{"@id":"https:\/\/www.estrategiaconcursos.com.br\/blog\/#organization"},"potentialAction":[{"@type":"SearchAction","target":{"@type":"EntryPoint","urlTemplate":"https:\/\/www.estrategiaconcursos.com.br\/blog\/?s={search_term_string}"},"query-input":{"@type":"PropertyValueSpecification","valueRequired":true,"valueName":"search_term_string"}}],"inLanguage":"pt-BR"},{"@type":"Organization","@id":"https:\/\/www.estrategiaconcursos.com.br\/blog\/#organization","name":"Estrat\u00e9gia Concursos","url":"https:\/\/www.estrategiaconcursos.com.br\/blog\/","logo":{"@type":"ImageObject","inLanguage":"pt-BR","@id":"https:\/\/www.estrategiaconcursos.com.br\/blog\/#\/schema\/logo\/image\/","url":"https:\/\/dhg1h5j42swfq.cloudfront.net\/2025\/06\/03203428\/logo_concursos-1.jpg","contentUrl":"https:\/\/dhg1h5j42swfq.cloudfront.net\/2025\/06\/03203428\/logo_concursos-1.jpg","width":230,"height":60,"caption":"Estrat\u00e9gia Concursos"},"image":{"@id":"https:\/\/www.estrategiaconcursos.com.br\/blog\/#\/schema\/logo\/image\/"},"sameAs":["https:\/\/x.com\/EstratConcursos"]},{"@type":"Person","@id":"https:\/\/www.estrategiaconcursos.com.br\/blog\/#\/schema\/person\/57d9394bb68400dbec62ff8a943ab201","name":"Elo\u00edsa da Rosa Ferro","image":{"@type":"ImageObject","inLanguage":"pt-BR","@id":"https:\/\/secure.gravatar.com\/avatar\/?s=96&d=mm&r=g","url":"https:\/\/secure.gravatar.com\/avatar\/?s=96&d=mm&r=g","contentUrl":"https:\/\/secure.gravatar.com\/avatar\/?s=96&d=mm&r=g","caption":"Elo\u00edsa da Rosa Ferro"},"url":"https:\/\/www.estrategiaconcursos.com.br\/blog\/author\/eloisa-ferro\/"}]}},"_links":{"self":[{"href":"https:\/\/www.estrategiaconcursos.com.br\/blog\/wp-json\/wp\/v2\/posts\/824202","targetHints":{"allow":["GET"]}}],"collection":[{"href":"https:\/\/www.estrategiaconcursos.com.br\/blog\/wp-json\/wp\/v2\/posts"}],"about":[{"href":"https:\/\/www.estrategiaconcursos.com.br\/blog\/wp-json\/wp\/v2\/types\/post"}],"author":[{"embeddable":true,"href":"https:\/\/www.estrategiaconcursos.com.br\/blog\/wp-json\/wp\/v2\/users\/2099"}],"replies":[{"embeddable":true,"href":"https:\/\/www.estrategiaconcursos.com.br\/blog\/wp-json\/wp\/v2\/comments?post=824202"}],"version-history":[{"count":17,"href":"https:\/\/www.estrategiaconcursos.com.br\/blog\/wp-json\/wp\/v2\/posts\/824202\/revisions"}],"predecessor-version":[{"id":825047,"href":"https:\/\/www.estrategiaconcursos.com.br\/blog\/wp-json\/wp\/v2\/posts\/824202\/revisions\/825047"}],"wp:featuredmedia":[{"embeddable":true,"href":"https:\/\/www.estrategiaconcursos.com.br\/blog\/wp-json\/wp\/v2\/media\/756003"}],"wp:attachment":[{"href":"https:\/\/www.estrategiaconcursos.com.br\/blog\/wp-json\/wp\/v2\/media?parent=824202"}],"wp:term":[{"taxonomy":"category","embeddable":true,"href":"https:\/\/www.estrategiaconcursos.com.br\/blog\/wp-json\/wp\/v2\/categories?post=824202"},{"taxonomy":"post_tag","embeddable":true,"href":"https:\/\/www.estrategiaconcursos.com.br\/blog\/wp-json\/wp\/v2\/tags?post=824202"},{"taxonomy":"tax_estado","embeddable":true,"href":"https:\/\/www.estrategiaconcursos.com.br\/blog\/wp-json\/wp\/v2\/tax_estado?post=824202"}],"curies":[{"name":"wp","href":"https:\/\/api.w.org\/{rel}","templated":true}]}}