{"id":823807,"date":"2023-07-10T11:00:00","date_gmt":"2023-07-10T14:00:00","guid":{"rendered":"https:\/\/www.estrategiaconcursos.com.br\/blog\/?p=823807"},"modified":"2023-09-26T14:13:41","modified_gmt":"2023-09-26T17:13:41","slug":"concurso-undf","status":"publish","type":"post","link":"https:\/\/www.estrategiaconcursos.com.br\/blog\/concurso-undf\/","title":{"rendered":"Concurso UnDF: nomea\u00e7\u00f5es previstas!"},"content":{"rendered":"\n<p>Os resultados finais do <strong>concurso UnDF<\/strong> (<a href=\"https:\/\/www.estrategiaconcursos.com.br\/cursosPorConcurso\/universidade-do-distrito-federal-jorge-amaury-undf\/\" target=\"_blank\" rel=\"noreferrer noopener\">Universidade do Distrito Federal Jorge Amaury<\/a>) foram homologados!<\/p>\n\n\n\n<p>Agora, os aprovados j\u00e1 podem ser convocados para a posse. Segundo a LDO para 2024, est\u00e3o previstas 409 nomea\u00e7\u00f5es para 2024. <a href=\"https:\/\/www.estrategiaconcursos.com.br\/blog\/concurso-undf-nomeacoes-2024\/\" target=\"_blank\" rel=\"noreferrer noopener\">Veja aqui!<\/a><\/p>\n\n\n\n<p>O edital oferta <strong>350 vagas imediatas<\/strong> mais <strong>1.050<\/strong> oportunidades em cadastro de reserva distribu\u00eddas na carreira de magist\u00e9rio entre os cargos de Professor de Educa\u00e7\u00e3o Superior e Tutor da Educa\u00e7\u00e3o Superior, de n\u00edvel superior de escolaridade.<\/p>\n\n\n\n<p>Para conferir a lista de aprovados na aba &#8216;situa\u00e7\u00e3o atual&#8217; disposta no \u00edndice abaixo!<\/p>\n\n\n\n<ul id=\"block-ee678516-e9d1-48bd-b327-7b9acd55f0fd\" class=\"has-very-light-gray-to-cyan-bluish-gray-gradient-background has-background wp-block-list\">\n<li><strong>Concurso UnDF<\/strong><\/li>\n\n\n\n<li><strong>Status:<\/strong> resultado homologado<\/li>\n\n\n\n<li><strong>Banca: <\/strong>Iades<\/li>\n\n\n\n<li><strong>Vagas:&nbsp;<\/strong>350 + 1.050 CR<\/li>\n\n\n\n<li><strong>Sal\u00e1rio inicial:<\/strong>&nbsp;R$ 2.200,00 \/ R$ 5.200,00<\/li>\n\n\n\n<li><strong>Edital:<\/strong> <a href=\"https:\/\/dhg1h5j42swfq.cloudfront.net\/2022\/06\/22062217\/diariooficial-80-51-86.pdf\" target=\"_blank\" rel=\"noreferrer noopener nofollow\"><strong>UnDF<\/strong><\/a><\/li>\n<\/ul>\n\n\n\n<p>A <strong>Universidade oferecer\u00e1 cursos <\/strong>com os seguintes campos de conhecimento: <em><strong>ci\u00eancias humanas, cidadania e meio ambiente; gest\u00e3o governamental de pol\u00edticas p\u00fablicas e de servi\u00e7os; educa\u00e7\u00e3o e magist\u00e9rio; letras, artes e l\u00ednguas estrangeiras modernas; ci\u00eancias da natureza e matem\u00e1tica; educa\u00e7\u00e3o f\u00edsica e esportes; seguran\u00e7a p\u00fablica e defesa social; engenharias e \u00e1reas tecnol\u00f3gicas de setores produtivos; arquitetura e urbanismo, e ci\u00eancias da sa\u00fade.<\/strong><\/em><\/p>\n\n\n\n<div class=\"col-sm\">\n      <div class=\"banner-estrategia\" id=\"box-assinatura\">\n        <h2 class=\"titulo-assinatura\">Cursos para UnDF<\/h2>\n        <p class=\"subtitulo-assinatura\">Conhe\u00e7a os cursos<\/p>\n        <div class=\"box-botao\">\n          <a class=\"btn-assinatura\" target=\"_blank\" href=\"https:\/\/www.estrategiaconcursos.com.br\/cursosPorConcurso\/universidade-do-distrito-federal-jorge-amaury-undf\/\" role=\"button\" rel=\"noopener noreferrer\">Conhe\u00e7a mais<\/a>\n        <\/div>\n      <\/div>\n      <p class=\"texto-auxiliar\">Prepare-se com o melhor material e com quem mais aprova em Concursos P\u00fablicos em todo o pa\u00eds.<\/p>\n    <\/div>\n\n\n\n<p>Todos as informa\u00e7\u00f5es do concurso UnDF:<\/p>\n\n\n\n<ul class=\"wp-block-list\" id=\"indice\">\n<li><strong><a href=\"#situacao-atual\">Situa\u00e7\u00e3o atual<\/a><\/strong>\n<ul class=\"wp-block-list\">\n<li><a href=\"#homologa\u00e7\u00e3o\"><strong>Homologa\u00e7\u00e3o<\/strong><\/a><\/li>\n\n\n\n<li><a href=\"#resultados\"><strong>Resultados<\/strong><\/a><\/li>\n\n\n\n<li><a href=\"#nova-retificacao\"><strong>Nova retifica\u00e7\u00e3o<\/strong><\/a><\/li>\n\n\n\n<li><a href=\"#edital-retificado\"><strong>Edital retificado<\/strong><\/a><\/li>\n<\/ul>\n<\/li>\n\n\n\n<li><strong><a href=\"#carreira\">Carreira<\/a> <\/strong>\n<ul class=\"wp-block-list\">\n<li><strong><a href=\"#vaga\">Cargos e Vagas<\/a><\/strong><\/li>\n\n\n\n<li><a href=\"#salario\"><strong>Sal\u00e1rios e Benef\u00edcios <\/strong><\/a><\/li>\n\n\n\n<li><strong><a href=\"#requisito\">Requisitos<\/a> <\/strong><\/li>\n\n\n\n<li><a href=\"#atribuicao-undf\"><strong>Atribui\u00e7\u00f5es<\/strong><\/a><\/li>\n<\/ul>\n<\/li>\n\n\n\n<li><a href=\"#concurso-undf-provas-e-etapas\"><strong>Provas e etapas<\/strong><\/a><\/li>\n\n\n\n<li><strong><a href=\"#CURSO\">Cursos e Assinaturas<\/a><\/strong><\/li>\n\n\n\n<li><strong><a href=\"#ficha-tecnica-concurso-undf\">Ficha T\u00e9cnica<\/a><\/strong><\/li>\n<\/ul>\n\n\n\n<h2 class=\"wp-block-heading\" id=\"situacao-atual\">Concurso UnDF: situa\u00e7\u00e3o atual<\/h2>\n\n\n\n<h3 class=\"wp-block-heading\" id=\"homologa\u00e7\u00e3o\">Homologa\u00e7\u00e3o<\/h3>\n\n\n\n<p>Foi divulgado na edi\u00e7\u00e3o do dia 27 de abril de 2023 do Di\u00e1rio Oficial do Distrito Federal o resultado final homologado do concurso UnDF. Confira abaixo!<\/p>\n\n\n\n<ul class=\"wp-block-list\">\n<li><a href=\"https:\/\/dhg1h5j42swfq.cloudfront.net\/2023\/04\/27085437\/diariooficial-2023-04-27t062534-338-2.pdf\" target=\"_blank\" rel=\"noreferrer noopener nofollow\"><strong>Homologa\u00e7\u00e3o concurso UnDF<\/strong><\/a><\/li>\n<\/ul>\n\n\n\n<h3 class=\"wp-block-heading\" id=\"resultados\">Resultado preliminar da avalia\u00e7\u00e3o de t\u00edtulos<\/h3>\n\n\n\n<p>No dia 30 de mar\u00e7o foi divulgado o resultado preliminar da avalia\u00e7\u00e3o de t\u00edtulos do certame. Confira atrav\u00e9s do \u00edndice abaixo:<\/p>\n\n\n\n<ul class=\"wp-block-list\">\n<li><a href=\"https:\/\/www.iades.com.br\/inscricao\/upload\/306\/20230329173833301.pdf\" target=\"_blank\" rel=\"noreferrer noopener\">Avalia\u00e7\u00e3o de t\u00edtulos UnDF &#8211; resultado preliminar<\/a><\/li>\n<\/ul>\n\n\n\n<h3 class=\"wp-block-heading\" id=\"resultado-objetiva\">Resultado final objetiva<\/h3>\n\n\n\n<p>Foram divulgados no dia 29 de novembro, o resultado final da prova objetiva e a convoca\u00e7\u00e3o para a prova discursiva do <strong>concurso UnDF<\/strong>. Os candidatos foram avaliados por prova objetiva com 60 quest\u00f5es de m\u00faltipla escolha, de car\u00e1ter eliminat\u00f3rio e classificat\u00f3ria, no dia 23 de outubro de 2022.<\/p>\n\n\n\n<p>Confira o resultado <a href=\"https:\/\/www.estrategiaconcursos.com.br\/blog\/concurso-undf-resultado-final-objetiva\/\" target=\"_blank\" rel=\"noreferrer noopener\">AQUI<\/a>!<\/p>\n\n\n\n<h3 class=\"wp-block-heading\" id=\"nova-retificacao\">Nova retifica\u00e7\u00e3o <\/h3>\n\n\n\n<p>O edital passou por nova retifica\u00e7\u00e3o referente aos requisitos do cargo de  Professor \u2013 Engenharia de Materiais.<\/p>\n\n\n\n<p>A altera\u00e7\u00e3o foi publicada no Di\u00e1rio Oficial do Distrito Federal do dia 2 de agosto, veja:<\/p>\n\n\n\n<figure class=\"wp-block-image aligncenter\"><img decoding=\"async\" src=\"https:\/\/cdn.direcaoconcursos.com.br\/uploads\/2022\/08\/image-22.png\" alt=\"Concurso UnDF: edital retificado\" class=\"wp-image-209179\"\/><figcaption class=\"wp-element-caption\">Concurso UnDF: edital retificado<\/figcaption><\/figure>\n\n\n\n<h3 class=\"wp-block-heading\" id=\"edital-retificado\">Edital retificado<\/h3>\n\n\n\n<p>Foi publicado no dia 15 de julho, o documento que trouxe diversas altera\u00e7\u00f5es no edital do concurso UnDF. <\/p>\n\n\n\n<p>Al\u00e9m do cronograma e conte\u00fado program\u00e1tico, foram alterados os requisitos e documentos exigidos para a comprova\u00e7\u00e3o de escolaridade, bem como as condi\u00e7\u00f5es para concorrer \u00e0s vagas para PCD.<\/p>\n\n\n\n<p>As retifica\u00e7\u00f5es podem ser conferidas na \u00edntegra atrav\u00e9s do link abaixo:<\/p>\n\n\n\n<ul class=\"wp-block-list\">\n<li><strong><a href=\"https:\/\/www.iades.com.br\/inscricao\/upload\/306\/2022071511364622.pdf\" target=\"_blank\" rel=\"noreferrer noopener\">Altera\u00e7\u00f5es na \u00edntegra<\/a><\/strong><\/li>\n<\/ul>\n\n\n\n<h2 class=\"wp-block-heading\" id=\"concurso-undf-cargos-e-vagas\">Concurso UnDF: cargos e Vagas<\/h2>\n\n\n\n<figure class=\"wp-block-table is-style-stripes\"><table class=\"has-pale-ocean-gradient-background has-background has-fixed-layout\"><thead><tr><th class=\"has-text-align-center\" data-align=\"center\">CARGOS<\/th><th class=\"has-text-align-center\" data-align=\"center\">VAGAS<\/th><\/tr><\/thead><tbody><tr><td class=\"has-text-align-center\" data-align=\"center\">Professor<\/td><td class=\"has-text-align-center\" data-align=\"center\">250 + CR<\/td><\/tr><tr><td class=\"has-text-align-center\" data-align=\"center\">Tutor de Educa\u00e7\u00e3o Superior<\/td><td class=\"has-text-align-center\" data-align=\"center\">100 + CR<\/td><\/tr><\/tbody><\/table><figcaption class=\"wp-element-caption\">Vagas de n\u00edvel superior concurso UnDF<\/figcaption><\/figure>\n\n\n\n<p><em><strong>As oportunidades ser\u00e3o para as seguintes \u00e1reas:<\/strong><\/em><\/p>\n\n\n\n<ul class=\"wp-block-list\">\n<li><strong>Ci\u00eancias Humanas;<\/strong><\/li>\n\n\n\n<li><strong>Cidadania e Meio Ambiente;<\/strong><\/li>\n\n\n\n<li><strong>Gest\u00e3o Governamental de Pol\u00edticas P\u00fablicas e de Servi\u00e7os;<\/strong><\/li>\n\n\n\n<li><strong>Educa\u00e7\u00e3o e Magist\u00e9rio; Letras,<\/strong><\/li>\n\n\n\n<li><strong>Arte e L\u00ednguas Estrangeiras Modernas;<\/strong><\/li>\n\n\n\n<li><strong>Ci\u00eancia da Natureza e Matem\u00e1tica;<\/strong><\/li>\n\n\n\n<li><strong>Educa\u00e7\u00e3o F\u00edsica e Esportes;<\/strong><\/li>\n\n\n\n<li><strong>Seguran\u00e7a P\u00fablica e Defesa Social;<\/strong><\/li>\n\n\n\n<li><strong>Engenharia e \u00c1reas Tecnol\u00f3gicas de Setores Produtivos;<\/strong><\/li>\n\n\n\n<li><strong>Arquitetura e Urbanismo e<\/strong><\/li>\n\n\n\n<li><strong>Ci\u00eancia da Sa\u00fade.<\/strong><\/li>\n<\/ul>\n\n\n\n<h2 class=\"wp-block-heading\" id=\"concurso-undf-salarios\">Concurso UnDF: sal\u00e1rios<\/h2>\n\n\n\n<p>De acordo com o edital publicado, os aprovados far\u00e3o jus \u00e0s seguintes remunera\u00e7\u00f5es iniciais:<\/p>\n\n\n\n<ul class=\"wp-block-list\">\n<li><strong>Forma\u00e7\u00e3o &#8211; Especializa\u00e7\u00e3o<\/strong>\n<ul class=\"wp-block-list\">\n<li>20 horas:&nbsp;<strong>R$ 2.200,00<\/strong>; ou<\/li>\n\n\n\n<li>40 horas:&nbsp;<strong>R$ 4.400,00<\/strong>.<\/li>\n<\/ul>\n<\/li>\n\n\n\n<li><strong>Forma\u00e7\u00e3o &#8211; Mestrado<\/strong>\n<ul class=\"wp-block-list\">\n<li>20 horas:&nbsp;<strong>R$ 2.400,00<\/strong>; ou<\/li>\n\n\n\n<li>40 horas:&nbsp;<strong>R$ 4.800,00<\/strong>.<\/li>\n<\/ul>\n<\/li>\n\n\n\n<li><strong>Forma\u00e7\u00e3o &#8211; Doutorado<\/strong>\n<ul class=\"wp-block-list\">\n<li>20 horas:&nbsp;<strong>R$ 2.600,00<\/strong>; ou<\/li>\n\n\n\n<li>40 horas:&nbsp;<strong>R$ 5.200,00<\/strong>.<\/li>\n<\/ul>\n<\/li>\n<\/ul>\n\n\n\n<p>Veja maiores detalhes na imagem abaixo:<\/p>\n\n\n\n<figure class=\"wp-block-image aligncenter size-large\"><img loading=\"lazy\" decoding=\"async\" width=\"1024\" height=\"82\" src=\"https:\/\/dhg1h5j42swfq.cloudfront.net\/2022\/06\/22065947\/captura-de-tela-2022-06-22-as-06-58-12-1024x82.png\" alt=\"Edital UnDF: sal\u00e1rios iniciais \" class=\"wp-image-1048189\" srcset=\"https:\/\/dhg1h5j42swfq.cloudfront.net\/2022\/06\/22065947\/captura-de-tela-2022-06-22-as-06-58-12-1024x82.png 1024w, https:\/\/dhg1h5j42swfq.cloudfront.net\/2022\/06\/22065947\/captura-de-tela-2022-06-22-as-06-58-12-300x24.png 300w, https:\/\/dhg1h5j42swfq.cloudfront.net\/2022\/06\/22065947\/captura-de-tela-2022-06-22-as-06-58-12-768x62.png 768w, https:\/\/dhg1h5j42swfq.cloudfront.net\/2022\/06\/22065947\/captura-de-tela-2022-06-22-as-06-58-12-1536x123.png 1536w, https:\/\/dhg1h5j42swfq.cloudfront.net\/2022\/06\/22065947\/captura-de-tela-2022-06-22-as-06-58-12-2048x164.png 2048w, https:\/\/dhg1h5j42swfq.cloudfront.net\/2022\/06\/22065947\/captura-de-tela-2022-06-22-as-06-58-12-610x49.png 610w\" sizes=\"auto, (max-width: 1024px) 100vw, 1024px\" \/><figcaption class=\"wp-element-caption\">Edital UnDF: sal\u00e1rios iniciais <\/figcaption><\/figure>\n\n\n\n<h2 class=\"wp-block-heading\" id=\"requisito\">Requisitos <\/h2>\n\n\n\n<p><strong>I \u2013 professor de educa\u00e7\u00e3o superior:&nbsp;<\/strong>diploma de curso superior ou habilita\u00e7\u00e3o legal equivalente e titula\u00e7\u00e3o m\u00ednima obrigat\u00f3ria de especializa\u00e7\u00e3o, com carga hor\u00e1ria m\u00ednima de 360 horas, ambos fornecidos por institui\u00e7\u00e3o de ensino devidamente reconhecida pelo Minist\u00e9rio da Educa\u00e7\u00e3o, com forma\u00e7\u00e3o nas \u00e1reas definidas no edital normativo do concurso p\u00fablico e registro no conselho de classe profissional, quando o edital assim estabelecer;<br \/><strong>II \u2013 tutor da educa\u00e7\u00e3o superior:<\/strong>&nbsp;diploma de curso superior ou habilita\u00e7\u00e3o legal equivalente e titula\u00e7\u00e3o m\u00ednima obrigat\u00f3ria de especializa\u00e7\u00e3o, com carga hor\u00e1ria m\u00ednima de 360 horas, ambos fornecidos por institui\u00e7\u00e3o de ensino devidamente reconhecida pelo Minist\u00e9rio da Educa\u00e7\u00e3o, com forma\u00e7\u00e3o nas \u00e1reas definidas no edital normativo do concurso p\u00fablico e registro no conselho de classe profissional, quando o edital assim estabelecer.<\/p>\n\n\n\n<h2 class=\"wp-block-heading\" id=\"atribuicao-undf\">Atribui\u00e7\u00f5es<\/h2>\n\n\n\n<p>S\u00e3o atribui\u00e7\u00f5es gerais dos cargos de professor e tutor de educa\u00e7\u00e3o superior:<\/p>\n\n\n\n<p>I \u2013 formular, planejar, coordenar, supervisionar, avaliar e executar atividades cujas atribui\u00e7\u00f5es abranjam as fun\u00e7\u00f5es de magist\u00e9rio e as atividades de doc\u00eancia; o desenvolvimento de pesquisas; e a promo\u00e7\u00e3o de atividades de extens\u00e3o universit\u00e1ria;<br \/>II \u2013 executar outras atividades de mesma natureza e n\u00edvel de complexidade, observadas as peculiaridades do cargo determinadas em normas espec\u00edficas;<br \/>III \u2013 participar da avalia\u00e7\u00e3o institucional, docente e estudantil, conforme disposto no regimento da universidade e respeitada a legisla\u00e7\u00e3o vigente;<br \/>IV \u2013 elaborar, desenvolver e revisar periodicamente o material did\u00e1tico-pedag\u00f3gico e os ambientes inovadores, de modo a fomentar o interesse do corpo discente e o desenvolvimento de habilidades, compet\u00eancias e aprendizagens calcadas em princ\u00edpios cr\u00edticos, criativos e construtivos;<br \/>V \u2013 desenvolver, propor e garantir a viv\u00eancia de curr\u00edculo integrado nos cursos em que atua. Par\u00e1grafo \u00fanico. As atribui\u00e7\u00f5es espec\u00edficas dos cargos de que trata este artigo s\u00e3o definidas em ato conjunto do \u00f3rg\u00e3o central de gest\u00e3o de pessoas e do \u00f3rg\u00e3o gestor da carreira pertencentes \u00e0 UnDF.<\/p>\n\n\n\n<h2 class=\"wp-block-heading\" id=\"concurso-undf-provas-e-etapas\">Concurso UnDF: provas e etapas<\/h2>\n\n\n\n<p>Os candidatos foram avaliados por meio de prova objetiva no dia <strong>23 de outubro<\/strong> de 2022. A etapa foi composta de 60&nbsp; quest\u00f5es, de m\u00faltipla escolha, com 5 alternativas em cada quest\u00e3o, para escolha de 1 \u00fanica resposta correta; de acordo com a pontua\u00e7\u00e3o total.<\/p>\n\n\n\n<p>A avalia\u00e7\u00e3o foi constitu\u00edda pelas seguintes disciplinas:<\/p>\n\n\n\n<p>CONHECIMENTOS GERAIS<\/p>\n\n\n\n<ul class=\"wp-block-list\">\n<li>L\u00edngua Portuguesa<\/li>\n\n\n\n<li>Legisla\u00e7\u00e3o Aplicada aos Servidores da UnDF<\/li>\n\n\n\n<li>Conhecimentos sobre o Distrito Federal e sobre a RIDE<\/li>\n<\/ul>\n\n\n\n<p>CONHECIMENTOS ESPEC\u00cdFICOS<\/p>\n\n\n\n<ul class=\"wp-block-list\">\n<li>Conhecimentos Pedag\u00f3gicos (Para todos os cargos).<\/li>\n<\/ul>\n\n\n\n<p>1. Transposi\u00e7\u00e3o curricular: pressupostos, fundamentos e processos.<\/p>\n\n\n\n<p>2. Pedagogias problematizadoras e as metodologias ativas de ensino e aprendizagem.<\/p>\n\n\n\n<p>3. Ensino por compet\u00eancias (as tr\u00eas dimens\u00f5es da compet\u00eancia: conhecimento, habilidades e atitudes).<\/p>\n\n\n\n<p>4. Pir\u00e2mide de Miller (saber, saber como, demonstrar como, fazer).<\/p>\n\n\n\n<p>5. Taxonomia de Bloom: aprendizagens e constru\u00e7\u00e3o de objetivos de aprendizagem.<\/p>\n\n\n\n<p>6. Problematiza\u00e7\u00e3o e preceptoria.<\/p>\n\n\n\n<p>7. Estrat\u00e9gias pedag\u00f3gicas diversificadas, t\u00e9cnicas de estudo e pesquisa cient\u00edfica.<\/p>\n\n\n\n<p>8. Ser e saber docente.<\/p>\n\n\n\n<p>9. Diferen\u00e7as entre educa\u00e7\u00e3o tradicional e educa\u00e7\u00e3o ativa.<\/p>\n\n\n\n<p>10. Ensinar e aprender.<\/p>\n\n\n\n<p>11. Progress\u00e3o das aprendizagens.<\/p>\n\n\n\n<p>12. Coordena\u00e7\u00e3o pedag\u00f3gica.<\/p>\n\n\n\n<p>13. Tecnologias da informa\u00e7\u00e3o: uso de recursos did\u00e1ticos-tecnol\u00f3gicos na pr\u00e1tica docente.<\/p>\n\n\n\n<p>14. Educa\u00e7\u00e3o emancipadora.<\/p>\n\n\n\n<p>15. Aprendizagem dial\u00f3gica: princ\u00edpios e fundamentos.<\/p>\n\n\n\n<p>16. Aprendizagens significativas.<\/p>\n\n\n\n<p>17. Andragogia.<\/p>\n\n\n\n<p>18. A autonomia do estudante.<\/p>\n\n\n\n<p>19. Abordagens pedag\u00f3gicas.<\/p>\n\n\n\n<p>20. Avalia\u00e7\u00e3o formativa e avalia\u00e7\u00e3o das aprendizagens.<\/p>\n\n\n\n<h2 class=\"wp-block-heading has-text-align-center\" id=\"h-quer-saber-tudo-sobre-concursos-previstos-confira-nossos-artigos\">Quer saber tudo sobre concursos previstos?<br \/>Confira nossos artigos!<\/h2>\n\n\n\n<ul class=\"wp-block-list\">\n<li><a href=\"https:\/\/www.estrategiaconcursos.com.br\/blog\/concursos-educacao\/\" target=\"_blank\" rel=\"noreferrer noopener\">Concursos Educa\u00e7\u00e3o<\/a><\/li>\n\n\n\n<li><a href=\"https:\/\/www.estrategiaconcursos.com.br\/blog\/concursos-abertos\/\" target=\"_blank\" rel=\"noreferrer noopener\">Concursos abertos<\/a><\/li>\n\n\n\n<li><a href=\"https:\/\/www.estrategiaconcursos.com.br\/blog\/concursos-2023\/\" target=\"_blank\" rel=\"noreferrer noopener\">Concursos 2023<\/a><\/li>\n\n\n\n<li><a href=\"https:\/\/www.estrategiaconcursos.com.br\/blog\/concursos-2024\/\" target=\"_blank\" rel=\"noreferrer noopener\">Concursos 2024<\/a><\/li>\n\n\n\n<li><a href=\"https:\/\/www.estrategiaconcursos.com.br\/blog\/concursos-df\/\" target=\"_blank\" rel=\"noreferrer noopener\">Concursos DF<\/a><\/li>\n<\/ul>\n\n\n\n<h2 class=\"wp-block-heading has-text-align-center\" id=\"CURSO\">CURSOS E ASSINATURAS<\/h2>\n\n\n\n<p class=\"has-text-align-center\"><strong><em>Gostou dessa oportunidade&nbsp;e deseja se preparar para este concurso?<\/em><\/strong><br \/><strong><em>Esteja mais preparado com nossos cursos. Acompanhe as novidades!<\/em><\/strong><\/p>\n\n\n\n<div class=\"col-sm\">\n      <div class=\"banner-estrategia\" id=\"box-assinatura\">\n        <h3 class=\"titulo-assinatura\">Cursos para UnDF<\/h3>\n        <p class=\"subtitulo-assinatura\">Conhe\u00e7a os cursos<\/p>\n        <div class=\"box-botao\">\n          <a class=\"btn-assinatura\" target=\"_blank\" href=\"https:\/\/www.estrategiaconcursos.com.br\/cursosPorConcurso\/universidade-do-distrito-federal-jorge-amaury-undf\/\" role=\"button\" rel=\"noopener noreferrer\">Conhe\u00e7a mais<\/a>\n        <\/div>\n      <\/div>\n      <p class=\"texto-auxiliar\">Prepare-se com o melhor material e com quem mais aprova em Concursos P\u00fablicos em todo o pa\u00eds.<\/p>\n    <\/div>\n\n\n\n<div class=\"container\" id=\"boxes\">\n  <div class=\"row\">\n\n    <div class=\"col-sm\">\n      <div class=\"estrategia\" id=\"box-assinatura\">\n        <h3 class=\"titulo-assinatura\">Assinatura Concursos<\/h3>\n        <p class=\"subtitulo-assinatura\">Assinatura de 1 ano ou 2 anos<\/p>\n        <div class=\"box-botao\">\n          <a class=\"btn-assinatura\" target=\"_blank\" href=\"https:\/\/www.estrategiaconcursos.com.br\/assinaturas\/\" role=\"button\" rel=\"noopener noreferrer\">ASSINE AGORA<\/a>\n        <\/div>\n      <\/div>\n     \n    <\/div><\/div><\/div>\n\n\n\n<figure class=\"wp-block-image size-large is-resized\"><img loading=\"lazy\" decoding=\"async\" src=\"https:\/\/dhg1h5j42swfq.cloudfront.net\/2021\/05\/03090731\/ficha-tecnica-1024x632.png\" alt=\"ficha t\u00e9cnica concurso undf\" class=\"wp-image-729491\" style=\"width:195px;height:120px\" width=\"195\" height=\"120\" srcset=\"https:\/\/dhg1h5j42swfq.cloudfront.net\/2021\/05\/03090731\/ficha-tecnica-1024x632.png 1024w, https:\/\/dhg1h5j42swfq.cloudfront.net\/2021\/05\/03090731\/ficha-tecnica-300x185.png 300w, https:\/\/dhg1h5j42swfq.cloudfront.net\/2021\/05\/03090731\/ficha-tecnica-768x474.png 768w, https:\/\/dhg1h5j42swfq.cloudfront.net\/2021\/05\/03090731\/ficha-tecnica-1536x948.png 1536w, https:\/\/dhg1h5j42swfq.cloudfront.net\/2021\/05\/03090731\/ficha-tecnica-610x377.png 610w, https:\/\/dhg1h5j42swfq.cloudfront.net\/2021\/05\/03090731\/ficha-tecnica.png 1571w\" sizes=\"auto, (max-width: 195px) 100vw, 195px\" \/><figcaption class=\"wp-element-caption\">\ufeff<\/figcaption><\/figure>\n\n\n\n<h3 class=\"wp-block-heading\" id=\"ficha-tecnica-concurso-undf\">Informa\u00e7\u00f5es sobre o concurso UnDF<\/h3>\n\n\n\n<ul class=\"wp-block-list\">\n<li>\u25ba<strong>Data da prova<\/strong>: &nbsp;23 de outubro de 2022<\/li>\n\n\n\n<li>\u25ba<strong>Vagas<\/strong>: 350 +  1.050 CR<\/li>\n\n\n\n<li>\u25ba<strong>Cargos<\/strong>:&nbsp;Professor \/ Tutor de Educa\u00e7\u00e3o superior<\/li>\n\n\n\n<li>\u25ba<strong>Lota\u00e7\u00f5es<\/strong>: DF<\/li>\n\n\n\n<li>\u25ba<strong>Banca<\/strong>: Iades <\/li>\n\n\n\n<li>\u25ba<strong>Escolaridade<\/strong>: N\u00edvel Superior<\/li>\n\n\n\n<li><strong>Edital:<\/strong> <a href=\"https:\/\/dhg1h5j42swfq.cloudfront.net\/2022\/06\/22062217\/diariooficial-80-51-86.pdf\" target=\"_blank\" rel=\"noreferrer noopener nofollow\"><strong>UnDF<\/strong><\/a><\/li>\n<\/ul>\n","protected":false},"excerpt":{"rendered":"<p>Os resultados finais do concurso UnDF (Universidade do Distrito Federal Jorge Amaury) foram homologados! Agora, os aprovados j\u00e1 podem ser convocados para a posse. Segundo a LDO para 2024, est\u00e3o previstas 409 nomea\u00e7\u00f5es para 2024. Veja aqui! O edital oferta 350 vagas imediatas mais 1.050 oportunidades em cadastro de reserva distribu\u00eddas na carreira de magist\u00e9rio [&hellip;]<\/p>\n","protected":false},"author":1,"featured_media":827682,"comment_status":"open","ping_status":"closed","sticky":false,"template":"","format":"standard","meta":{"post_tipo":"news_page","footnotes":""},"categories":[3766],"tags":[],"tax_estado":[219970],"class_list":["post-823807","post","type-post","status-publish","format-standard","has-post-thumbnail","hentry","category-educacional","tax_estado-df"],"acf":[],"yoast_head":"<!-- This site is optimized with the Yoast SEO Premium plugin v27.2 (Yoast SEO v27.2) - https:\/\/yoast.com\/product\/yoast-seo-premium-wordpress\/ -->\n<title>Concurso UnDF: nomea\u00e7\u00f5es previstas!<\/title>\n<meta name=\"description\" content=\"Concurso UnDF: resultado homologado para 1.400 vagas! Confira todos os detalhes do concurso p\u00fablico com o Estrat\u00e9gia Concursos.\" \/>\n<meta name=\"robots\" content=\"index, follow, max-snippet:-1, max-image-preview:large, max-video-preview:-1\" \/>\n<link rel=\"canonical\" href=\"https:\/\/www.estrategiaconcursos.com.br\/blog\/concurso-undf\/\" \/>\n<meta property=\"og:locale\" content=\"pt_BR\" \/>\n<meta property=\"og:type\" content=\"article\" \/>\n<meta property=\"og:title\" content=\"Concurso UnDF: nomea\u00e7\u00f5es previstas!\" \/>\n<meta property=\"og:description\" content=\"Concurso UnDF: resultado homologado para 1.400 vagas! Confira todos os detalhes do concurso p\u00fablico com o Estrat\u00e9gia Concursos.\" \/>\n<meta property=\"og:url\" content=\"https:\/\/www.estrategiaconcursos.com.br\/blog\/concurso-undf\/\" \/>\n<meta property=\"og:site_name\" content=\"Estrat\u00e9gia Concursos\" \/>\n<meta property=\"article:author\" content=\"https:\/\/www.facebook.com\/EstrategiaConcursos\" \/>\n<meta property=\"article:published_time\" content=\"2023-07-10T14:00:00+00:00\" \/>\n<meta property=\"article:modified_time\" content=\"2023-09-26T17:13:41+00:00\" \/>\n<meta property=\"og:image\" content=\"https:\/\/dhg1h5j42swfq.cloudfront.net\/2021\/07\/03112755\/undf.jpeg\" \/>\n\t<meta property=\"og:image:width\" content=\"768\" \/>\n\t<meta property=\"og:image:height\" content=\"432\" \/>\n\t<meta property=\"og:image:type\" content=\"image\/jpeg\" \/>\n<meta name=\"author\" content=\"Coordena\u00e7\u00e3o\" \/>\n<meta name=\"twitter:card\" content=\"summary_large_image\" \/>\n<meta name=\"twitter:creator\" content=\"@EstratConcursos\" \/>\n<meta name=\"twitter:site\" content=\"@EstratConcursos\" \/>\n<meta name=\"twitter:label1\" content=\"Escrito por\" \/>\n\t<meta name=\"twitter:data1\" content=\"Coordena\u00e7\u00e3o\" \/>\n\t<meta name=\"twitter:label2\" content=\"Est. tempo de leitura\" \/>\n\t<meta name=\"twitter:data2\" content=\"8 minutos\" \/>\n<script type=\"application\/ld+json\" class=\"yoast-schema-graph\">{\"@context\":\"https:\/\/schema.org\",\"@graph\":[{\"@type\":\"NewsArticle\",\"@id\":\"https:\/\/www.estrategiaconcursos.com.br\/blog\/concurso-undf\/#article\",\"isPartOf\":{\"@id\":\"https:\/\/www.estrategiaconcursos.com.br\/blog\/concurso-undf\/\"},\"author\":{\"name\":\"Coordena\u00e7\u00e3o\",\"@id\":\"https:\/\/www.estrategiaconcursos.com.br\/blog\/#\/schema\/person\/b4a388c97673c5f483d72185668afa1f\"},\"headline\":\"Concurso UnDF: nomea\u00e7\u00f5es previstas!\",\"datePublished\":\"2023-07-10T14:00:00+00:00\",\"dateModified\":\"2023-09-26T17:13:41+00:00\",\"mainEntityOfPage\":{\"@id\":\"https:\/\/www.estrategiaconcursos.com.br\/blog\/concurso-undf\/\"},\"wordCount\":1356,\"commentCount\":0,\"publisher\":{\"@id\":\"https:\/\/www.estrategiaconcursos.com.br\/blog\/#organization\"},\"image\":{\"@id\":\"https:\/\/www.estrategiaconcursos.com.br\/blog\/concurso-undf\/#primaryimage\"},\"thumbnailUrl\":\"https:\/\/dhg1h5j42swfq.cloudfront.net\/2021\/07\/03112755\/undf.jpeg\",\"articleSection\":[\"Educa\u00e7\u00e3o\"],\"inLanguage\":\"pt-BR\",\"potentialAction\":[{\"@type\":\"CommentAction\",\"name\":\"Comment\",\"target\":[\"https:\/\/www.estrategiaconcursos.com.br\/blog\/concurso-undf\/#respond\"]}],\"copyrightYear\":\"2023\",\"copyrightHolder\":{\"@id\":\"https:\/\/www.estrategiaconcursos.com.br\/blog\/#organization\"}},{\"@type\":\"WebPage\",\"@id\":\"https:\/\/www.estrategiaconcursos.com.br\/blog\/concurso-undf\/\",\"url\":\"https:\/\/www.estrategiaconcursos.com.br\/blog\/concurso-undf\/\",\"name\":\"Concurso UnDF: nomea\u00e7\u00f5es previstas!\",\"isPartOf\":{\"@id\":\"https:\/\/www.estrategiaconcursos.com.br\/blog\/#website\"},\"primaryImageOfPage\":{\"@id\":\"https:\/\/www.estrategiaconcursos.com.br\/blog\/concurso-undf\/#primaryimage\"},\"image\":{\"@id\":\"https:\/\/www.estrategiaconcursos.com.br\/blog\/concurso-undf\/#primaryimage\"},\"thumbnailUrl\":\"https:\/\/dhg1h5j42swfq.cloudfront.net\/2021\/07\/03112755\/undf.jpeg\",\"datePublished\":\"2023-07-10T14:00:00+00:00\",\"dateModified\":\"2023-09-26T17:13:41+00:00\",\"description\":\"Concurso UnDF: resultado homologado para 1.400 vagas! Confira todos os detalhes do concurso p\u00fablico com o Estrat\u00e9gia Concursos.\",\"breadcrumb\":{\"@id\":\"https:\/\/www.estrategiaconcursos.com.br\/blog\/concurso-undf\/#breadcrumb\"},\"inLanguage\":\"pt-BR\",\"potentialAction\":[{\"@type\":\"ReadAction\",\"target\":[\"https:\/\/www.estrategiaconcursos.com.br\/blog\/concurso-undf\/\"]}]},{\"@type\":\"ImageObject\",\"inLanguage\":\"pt-BR\",\"@id\":\"https:\/\/www.estrategiaconcursos.com.br\/blog\/concurso-undf\/#primaryimage\",\"url\":\"https:\/\/dhg1h5j42swfq.cloudfront.net\/2021\/07\/03112755\/undf.jpeg\",\"contentUrl\":\"https:\/\/dhg1h5j42swfq.cloudfront.net\/2021\/07\/03112755\/undf.jpeg\",\"width\":768,\"height\":432,\"caption\":\"Concurso UnDF inscri\u00e7\u00f5es\"},{\"@type\":\"BreadcrumbList\",\"@id\":\"https:\/\/www.estrategiaconcursos.com.br\/blog\/concurso-undf\/#breadcrumb\",\"itemListElement\":[{\"@type\":\"ListItem\",\"position\":1,\"name\":\"In\u00edcio\",\"item\":\"https:\/\/www.estrategiaconcursos.com.br\/blog\/\"},{\"@type\":\"ListItem\",\"position\":2,\"name\":\"Concurso UnDF: nomea\u00e7\u00f5es previstas!\"}]},{\"@type\":\"WebSite\",\"@id\":\"https:\/\/www.estrategiaconcursos.com.br\/blog\/#website\",\"url\":\"https:\/\/www.estrategiaconcursos.com.br\/blog\/\",\"name\":\"Estrat\u00e9gia Concursos\",\"description\":\"O blog da Estrat\u00e9gia Concursos traz not\u00edcias sobre concursos e artigos de professores oferecendo cursos para concursos (pdf + videaulas) no site.\",\"publisher\":{\"@id\":\"https:\/\/www.estrategiaconcursos.com.br\/blog\/#organization\"},\"potentialAction\":[{\"@type\":\"SearchAction\",\"target\":{\"@type\":\"EntryPoint\",\"urlTemplate\":\"https:\/\/www.estrategiaconcursos.com.br\/blog\/?s={search_term_string}\"},\"query-input\":{\"@type\":\"PropertyValueSpecification\",\"valueRequired\":true,\"valueName\":\"search_term_string\"}}],\"inLanguage\":\"pt-BR\"},{\"@type\":\"Organization\",\"@id\":\"https:\/\/www.estrategiaconcursos.com.br\/blog\/#organization\",\"name\":\"Estrat\u00e9gia Concursos\",\"url\":\"https:\/\/www.estrategiaconcursos.com.br\/blog\/\",\"logo\":{\"@type\":\"ImageObject\",\"inLanguage\":\"pt-BR\",\"@id\":\"https:\/\/www.estrategiaconcursos.com.br\/blog\/#\/schema\/logo\/image\/\",\"url\":\"https:\/\/dhg1h5j42swfq.cloudfront.net\/2025\/06\/03203428\/logo_concursos-1.jpg\",\"contentUrl\":\"https:\/\/dhg1h5j42swfq.cloudfront.net\/2025\/06\/03203428\/logo_concursos-1.jpg\",\"width\":230,\"height\":60,\"caption\":\"Estrat\u00e9gia Concursos\"},\"image\":{\"@id\":\"https:\/\/www.estrategiaconcursos.com.br\/blog\/#\/schema\/logo\/image\/\"},\"sameAs\":[\"https:\/\/x.com\/EstratConcursos\"]},{\"@type\":\"Person\",\"@id\":\"https:\/\/www.estrategiaconcursos.com.br\/blog\/#\/schema\/person\/b4a388c97673c5f483d72185668afa1f\",\"name\":\"Coordena\u00e7\u00e3o\",\"image\":{\"@type\":\"ImageObject\",\"inLanguage\":\"pt-BR\",\"@id\":\"https:\/\/secure.gravatar.com\/avatar\/b720319e4c9a967eb58678d110f4fe35452fc5d5f97b202bac7b8acceb18c6ad?s=96&d=mm&r=g\",\"url\":\"https:\/\/secure.gravatar.com\/avatar\/b720319e4c9a967eb58678d110f4fe35452fc5d5f97b202bac7b8acceb18c6ad?s=96&d=mm&r=g\",\"contentUrl\":\"https:\/\/secure.gravatar.com\/avatar\/b720319e4c9a967eb58678d110f4fe35452fc5d5f97b202bac7b8acceb18c6ad?s=96&d=mm&r=g\",\"caption\":\"Coordena\u00e7\u00e3o\"},\"sameAs\":[\"https:\/\/www.facebook.com\/EstrategiaConcursos\",\"https:\/\/x.com\/EstratConcursos\"],\"url\":\"https:\/\/www.estrategiaconcursos.com.br\/blog\/author\/estrategia2013\/\"}]}<\/script>\n<!-- \/ Yoast SEO Premium plugin. -->","yoast_head_json":{"title":"Concurso UnDF: nomea\u00e7\u00f5es previstas!","description":"Concurso UnDF: resultado homologado para 1.400 vagas! Confira todos os detalhes do concurso p\u00fablico com o Estrat\u00e9gia Concursos.","robots":{"index":"index","follow":"follow","max-snippet":"max-snippet:-1","max-image-preview":"max-image-preview:large","max-video-preview":"max-video-preview:-1"},"canonical":"https:\/\/www.estrategiaconcursos.com.br\/blog\/concurso-undf\/","og_locale":"pt_BR","og_type":"article","og_title":"Concurso UnDF: nomea\u00e7\u00f5es previstas!","og_description":"Concurso UnDF: resultado homologado para 1.400 vagas! Confira todos os detalhes do concurso p\u00fablico com o Estrat\u00e9gia Concursos.","og_url":"https:\/\/www.estrategiaconcursos.com.br\/blog\/concurso-undf\/","og_site_name":"Estrat\u00e9gia Concursos","article_author":"https:\/\/www.facebook.com\/EstrategiaConcursos","article_published_time":"2023-07-10T14:00:00+00:00","article_modified_time":"2023-09-26T17:13:41+00:00","og_image":[{"width":768,"height":432,"url":"https:\/\/dhg1h5j42swfq.cloudfront.net\/2021\/07\/03112755\/undf.jpeg","type":"image\/jpeg"}],"author":"Coordena\u00e7\u00e3o","twitter_card":"summary_large_image","twitter_creator":"@EstratConcursos","twitter_site":"@EstratConcursos","twitter_misc":{"Escrito por":"Coordena\u00e7\u00e3o","Est. tempo de leitura":"8 minutos"},"schema":{"@context":"https:\/\/schema.org","@graph":[{"@type":"NewsArticle","@id":"https:\/\/www.estrategiaconcursos.com.br\/blog\/concurso-undf\/#article","isPartOf":{"@id":"https:\/\/www.estrategiaconcursos.com.br\/blog\/concurso-undf\/"},"author":{"name":"Coordena\u00e7\u00e3o","@id":"https:\/\/www.estrategiaconcursos.com.br\/blog\/#\/schema\/person\/b4a388c97673c5f483d72185668afa1f"},"headline":"Concurso UnDF: nomea\u00e7\u00f5es previstas!","datePublished":"2023-07-10T14:00:00+00:00","dateModified":"2023-09-26T17:13:41+00:00","mainEntityOfPage":{"@id":"https:\/\/www.estrategiaconcursos.com.br\/blog\/concurso-undf\/"},"wordCount":1356,"commentCount":0,"publisher":{"@id":"https:\/\/www.estrategiaconcursos.com.br\/blog\/#organization"},"image":{"@id":"https:\/\/www.estrategiaconcursos.com.br\/blog\/concurso-undf\/#primaryimage"},"thumbnailUrl":"https:\/\/dhg1h5j42swfq.cloudfront.net\/2021\/07\/03112755\/undf.jpeg","articleSection":["Educa\u00e7\u00e3o"],"inLanguage":"pt-BR","potentialAction":[{"@type":"CommentAction","name":"Comment","target":["https:\/\/www.estrategiaconcursos.com.br\/blog\/concurso-undf\/#respond"]}],"copyrightYear":"2023","copyrightHolder":{"@id":"https:\/\/www.estrategiaconcursos.com.br\/blog\/#organization"}},{"@type":"WebPage","@id":"https:\/\/www.estrategiaconcursos.com.br\/blog\/concurso-undf\/","url":"https:\/\/www.estrategiaconcursos.com.br\/blog\/concurso-undf\/","name":"Concurso UnDF: nomea\u00e7\u00f5es previstas!","isPartOf":{"@id":"https:\/\/www.estrategiaconcursos.com.br\/blog\/#website"},"primaryImageOfPage":{"@id":"https:\/\/www.estrategiaconcursos.com.br\/blog\/concurso-undf\/#primaryimage"},"image":{"@id":"https:\/\/www.estrategiaconcursos.com.br\/blog\/concurso-undf\/#primaryimage"},"thumbnailUrl":"https:\/\/dhg1h5j42swfq.cloudfront.net\/2021\/07\/03112755\/undf.jpeg","datePublished":"2023-07-10T14:00:00+00:00","dateModified":"2023-09-26T17:13:41+00:00","description":"Concurso UnDF: resultado homologado para 1.400 vagas! Confira todos os detalhes do concurso p\u00fablico com o Estrat\u00e9gia Concursos.","breadcrumb":{"@id":"https:\/\/www.estrategiaconcursos.com.br\/blog\/concurso-undf\/#breadcrumb"},"inLanguage":"pt-BR","potentialAction":[{"@type":"ReadAction","target":["https:\/\/www.estrategiaconcursos.com.br\/blog\/concurso-undf\/"]}]},{"@type":"ImageObject","inLanguage":"pt-BR","@id":"https:\/\/www.estrategiaconcursos.com.br\/blog\/concurso-undf\/#primaryimage","url":"https:\/\/dhg1h5j42swfq.cloudfront.net\/2021\/07\/03112755\/undf.jpeg","contentUrl":"https:\/\/dhg1h5j42swfq.cloudfront.net\/2021\/07\/03112755\/undf.jpeg","width":768,"height":432,"caption":"Concurso UnDF inscri\u00e7\u00f5es"},{"@type":"BreadcrumbList","@id":"https:\/\/www.estrategiaconcursos.com.br\/blog\/concurso-undf\/#breadcrumb","itemListElement":[{"@type":"ListItem","position":1,"name":"In\u00edcio","item":"https:\/\/www.estrategiaconcursos.com.br\/blog\/"},{"@type":"ListItem","position":2,"name":"Concurso UnDF: nomea\u00e7\u00f5es previstas!"}]},{"@type":"WebSite","@id":"https:\/\/www.estrategiaconcursos.com.br\/blog\/#website","url":"https:\/\/www.estrategiaconcursos.com.br\/blog\/","name":"Estrat\u00e9gia Concursos","description":"O blog da Estrat\u00e9gia Concursos traz not\u00edcias sobre concursos e artigos de professores oferecendo cursos para concursos (pdf + videaulas) no site.","publisher":{"@id":"https:\/\/www.estrategiaconcursos.com.br\/blog\/#organization"},"potentialAction":[{"@type":"SearchAction","target":{"@type":"EntryPoint","urlTemplate":"https:\/\/www.estrategiaconcursos.com.br\/blog\/?s={search_term_string}"},"query-input":{"@type":"PropertyValueSpecification","valueRequired":true,"valueName":"search_term_string"}}],"inLanguage":"pt-BR"},{"@type":"Organization","@id":"https:\/\/www.estrategiaconcursos.com.br\/blog\/#organization","name":"Estrat\u00e9gia Concursos","url":"https:\/\/www.estrategiaconcursos.com.br\/blog\/","logo":{"@type":"ImageObject","inLanguage":"pt-BR","@id":"https:\/\/www.estrategiaconcursos.com.br\/blog\/#\/schema\/logo\/image\/","url":"https:\/\/dhg1h5j42swfq.cloudfront.net\/2025\/06\/03203428\/logo_concursos-1.jpg","contentUrl":"https:\/\/dhg1h5j42swfq.cloudfront.net\/2025\/06\/03203428\/logo_concursos-1.jpg","width":230,"height":60,"caption":"Estrat\u00e9gia Concursos"},"image":{"@id":"https:\/\/www.estrategiaconcursos.com.br\/blog\/#\/schema\/logo\/image\/"},"sameAs":["https:\/\/x.com\/EstratConcursos"]},{"@type":"Person","@id":"https:\/\/www.estrategiaconcursos.com.br\/blog\/#\/schema\/person\/b4a388c97673c5f483d72185668afa1f","name":"Coordena\u00e7\u00e3o","image":{"@type":"ImageObject","inLanguage":"pt-BR","@id":"https:\/\/secure.gravatar.com\/avatar\/b720319e4c9a967eb58678d110f4fe35452fc5d5f97b202bac7b8acceb18c6ad?s=96&d=mm&r=g","url":"https:\/\/secure.gravatar.com\/avatar\/b720319e4c9a967eb58678d110f4fe35452fc5d5f97b202bac7b8acceb18c6ad?s=96&d=mm&r=g","contentUrl":"https:\/\/secure.gravatar.com\/avatar\/b720319e4c9a967eb58678d110f4fe35452fc5d5f97b202bac7b8acceb18c6ad?s=96&d=mm&r=g","caption":"Coordena\u00e7\u00e3o"},"sameAs":["https:\/\/www.facebook.com\/EstrategiaConcursos","https:\/\/x.com\/EstratConcursos"],"url":"https:\/\/www.estrategiaconcursos.com.br\/blog\/author\/estrategia2013\/"}]}},"_links":{"self":[{"href":"https:\/\/www.estrategiaconcursos.com.br\/blog\/wp-json\/wp\/v2\/posts\/823807","targetHints":{"allow":["GET"]}}],"collection":[{"href":"https:\/\/www.estrategiaconcursos.com.br\/blog\/wp-json\/wp\/v2\/posts"}],"about":[{"href":"https:\/\/www.estrategiaconcursos.com.br\/blog\/wp-json\/wp\/v2\/types\/post"}],"author":[{"embeddable":true,"href":"https:\/\/www.estrategiaconcursos.com.br\/blog\/wp-json\/wp\/v2\/users\/1"}],"replies":[{"embeddable":true,"href":"https:\/\/www.estrategiaconcursos.com.br\/blog\/wp-json\/wp\/v2\/comments?post=823807"}],"version-history":[{"count":102,"href":"https:\/\/www.estrategiaconcursos.com.br\/blog\/wp-json\/wp\/v2\/posts\/823807\/revisions"}],"predecessor-version":[{"id":1283625,"href":"https:\/\/www.estrategiaconcursos.com.br\/blog\/wp-json\/wp\/v2\/posts\/823807\/revisions\/1283625"}],"wp:featuredmedia":[{"embeddable":true,"href":"https:\/\/www.estrategiaconcursos.com.br\/blog\/wp-json\/wp\/v2\/media\/827682"}],"wp:attachment":[{"href":"https:\/\/www.estrategiaconcursos.com.br\/blog\/wp-json\/wp\/v2\/media?parent=823807"}],"wp:term":[{"taxonomy":"category","embeddable":true,"href":"https:\/\/www.estrategiaconcursos.com.br\/blog\/wp-json\/wp\/v2\/categories?post=823807"},{"taxonomy":"post_tag","embeddable":true,"href":"https:\/\/www.estrategiaconcursos.com.br\/blog\/wp-json\/wp\/v2\/tags?post=823807"},{"taxonomy":"tax_estado","embeddable":true,"href":"https:\/\/www.estrategiaconcursos.com.br\/blog\/wp-json\/wp\/v2\/tax_estado?post=823807"}],"curies":[{"name":"wp","href":"https:\/\/api.w.org\/{rel}","templated":true}]}}