{"id":822717,"date":"2023-02-01T10:30:00","date_gmt":"2023-02-01T13:30:00","guid":{"rendered":"https:\/\/www.estrategiaconcursos.com.br\/blog\/?p=822717"},"modified":"2023-02-01T10:35:37","modified_gmt":"2023-02-01T13:35:37","slug":"concurso-sme-olinda-pe","status":"publish","type":"post","link":"https:\/\/www.estrategiaconcursos.com.br\/blog\/concurso-sme-olinda-pe\/","title":{"rendered":"Concurso SME Olinda (PE): inscri\u00e7\u00f5es encerradas; provas em mar\u00e7o"},"content":{"rendered":"\n<p>Foram encerradas as inscri\u00e7\u00f5es do concurso para a <a href=\"https:\/\/www.estrategiaconcursos.com.br\/cursos\/concurso\/\" target=\"_blank\" rel=\"noreferrer noopener\">Secretaria Municipal de Educa\u00e7\u00e3o<\/a> (<strong>SME<\/strong>) ofertado Prefeitura de Olinda, em Pernambuco.<\/p>\n\n\n\n<p>O edital do certame oferta <strong>230 vagas<\/strong> para a carreira de professor e se dividem entre os anos iniciais, anos finais e no Centro de Educa\u00e7\u00e3o Musical de Olinda (Cemo).<\/p>\n\n\n\n<p>Os sal\u00e1rios s\u00e3o <strong>R$ 3.867,47<\/strong> para quem optar por 200 horas\/aula, e <strong>R$ 2.960<\/strong> para os optantes por 150 horas\/aula.<\/p>\n\n\n\n<p>Os interessados se candidataram entre os dias 22 de dezembro e 31 de janeiro de 2023 atrav\u00e9s site do Instituto IBDO, banca respons\u00e1vel pelo edital. A taxa de participa\u00e7\u00e3o est\u00e1 fixada em R$ 130,00.<\/p>\n\n\n\n<p>Confira maiores detalhes ao longo do artigo!<\/p>\n\n\n\n<ul class=\"wp-block-list\">\n<li><strong>Concurso SME Olinda PE<\/strong><\/li>\n\n\n\n<li><strong>Status:<\/strong>\u00a0inscri\u00e7\u00f5es encerradas<\/li>\n\n\n\n<li><strong>Banca:<\/strong> IBDO<\/li>\n\n\n\n<li><strong>Cargos:<\/strong>&nbsp;Professor <\/li>\n\n\n\n<li><strong>Escolaridade:<\/strong> n\u00edvel superior e\/ou licenciatura<\/li>\n\n\n\n<li><strong>Vagas:&nbsp;<\/strong>230<\/li>\n\n\n\n<li><strong>Remunera\u00e7\u00e3o inicial: <\/strong>de R$ 2.960 at\u00e9 R$ 3.867,47<\/li>\n\n\n\n<li><a href=\"https:\/\/dhg1h5j42swfq.cloudfront.net\/2022\/12\/22082458\/blu3qe2tp2ttr6ijzcbcoy7gpcz6uh2p0h6mgbbv.pdf\" target=\"_blank\" rel=\"noreferrer noopener\">Edital SME Olinda<\/a><\/li>\n<\/ul>\n\n\n\n<div class=\"container\" id=\"boxes\">\n  <div class=\"row\">\n\n    <div class=\"col-sm\">\n      <div class=\"banner-estrategia\" id=\"box-assinatura\">\n        <h3 class=\"titulo-assinatura\">concurso SME Olinda PE<\/h3>\n        <p class=\"subtitulo-assinatura\">Conhe\u00e7a os cursos<\/p>\n        <div class=\"box-botao\">\n          <a class=\"btn-assinatura\" target=\"_blank\" href=\"https:\/\/www.estrategiaconcursos.com.br\/cursos\/concurso\/\" role=\"button\" rel=\"noopener noreferrer\">Conhe\u00e7a mais<\/a>\n        <\/div>\n      <\/div><\/div><\/div><\/div>\n\n\n\n<ul class=\"wp-block-list\">\n<li><a href=\"#atual\">Situa\u00e7\u00e3o atual<\/a>\n<ul class=\"wp-block-list\">\n<li><a href=\"#principais-datas\">Principais datas<\/a><\/li>\n<\/ul>\n<\/li>\n\n\n\n<li><a href=\"#carreira\">Carreira<\/a>\n<ul class=\"wp-block-list\">\n<li><a href=\"#vagas\">Cargos e Vagas<\/a><\/li>\n\n\n\n<li><a href=\"#vagas\">Sal\u00e1rios e Benef\u00edcios <\/a><\/li>\n\n\n\n<li><a href=\"#requisitos\">Requisitos<\/a><\/li>\n<\/ul>\n<\/li>\n\n\n\n<li><a href=\"#provas\">Provas e etapas<\/a>\n<ul class=\"wp-block-list\">\n<li><a href=\"#objetiva\">Prova objetiva<\/a><\/li>\n\n\n\n<li><a href=\"#titulos\">Prova de t\u00edtulos<\/a><\/li>\n<\/ul>\n<\/li>\n\n\n\n<li><a href=\"#ultimo\">\u00daltimo concurso<\/a><\/li>\n\n\n\n<li><a href=\"#prova\">Provas do \u00faltimo edital<\/a><\/li>\n\n\n\n<li><a href=\"#CURSO\">Cursos e Assinaturas<\/a><\/li>\n\n\n\n<li><a href=\"#FICHA\">Ficha T\u00e9cnica<\/a><\/li>\n<\/ul>\n\n\n\n<h2 class=\"wp-block-heading\" id=\"atual\">Concurso SME Olinda PE: situa\u00e7\u00e3o atual<\/h2>\n\n\n\n<h3 class=\"wp-block-heading\" id=\"principais-datas\">Principais datas<\/h3>\n\n\n\n<ul class=\"wp-block-list\">\n<li><strong>Inscri\u00e7\u00f5es: <\/strong><s>22 de dezembro a 31 de janeiro<\/s><\/li>\n\n\n\n<li><strong>Pedido de isen\u00e7\u00e3o:<\/strong> <s>22 a 23 de dezembro<\/s><\/li>\n\n\n\n<li><strong>Pagamento da taxa:<\/strong> <s>at\u00e9 31 de janeiro<\/s><\/li>\n\n\n\n<li><strong>Data da prova: <\/strong>19 de mar\u00e7o de 2023<\/li>\n<\/ul>\n\n\n\n<h2 class=\"wp-block-heading\" id=\"carreira\">Concurso SME Olinda PE: carreira<\/h2>\n\n\n\n<h3 class=\"wp-block-heading\" id=\"vagas\">Cargos e vagas<\/h3>\n\n\n\n<figure class=\"wp-block-table is-style-stripes\"><table class=\"has-fixed-layout\"><thead><tr><th><strong>CARGO<\/strong><\/th><th class=\"has-text-align-center\" data-align=\"center\">CARGA HOR\u00c1RIA<\/th><th class=\"has-text-align-center\" data-align=\"center\">VAGAS AC<\/th><th class=\"has-text-align-center\" data-align=\"center\">VAGAS PCD<\/th><th>SAL\u00c1RIO<\/th><\/tr><\/thead><tbody><tr><td>Professor I (Educa\u00e7\u00e3o Infantil e Ensino Fundamental &#8211; Anos Iniciais)<\/td><td class=\"has-text-align-center\" data-align=\"center\">188<\/td><td class=\"has-text-align-center\" data-align=\"center\">170 + CR<\/td><td class=\"has-text-align-center\" data-align=\"center\">9<\/td><td>R$ 3.635,41<\/td><\/tr><tr><td>Professor Braillista&nbsp;\u2013&nbsp;N\u00edvel Superior<\/td><td class=\"has-text-align-center\" data-align=\"center\">188<\/td><td class=\"has-text-align-center\" data-align=\"center\">2<br \/>+ CR<\/td><td class=\"has-text-align-center\" data-align=\"center\">1<\/td><td>R$ 3.635,41<\/td><\/tr><tr><td>Professor Int\u00e9rprete de LIBRAS&nbsp;\u2013&nbsp;N\u00edvel Superior<\/td><td class=\"has-text-align-center\" data-align=\"center\">188<\/td><td class=\"has-text-align-center\" data-align=\"center\">2<br \/>+ CR<\/td><td class=\"has-text-align-center\" data-align=\"center\">1<\/td><td>R$ 3.635,41<\/td><\/tr><tr><td>Professor II &#8211; Artes<\/td><td class=\"has-text-align-center\" data-align=\"center\">150 ou 200<\/td><td class=\"has-text-align-center\" data-align=\"center\">2<br \/>+ CR<\/td><td class=\"has-text-align-center\" data-align=\"center\">1<\/td><td>150 h\/a&nbsp;\u2013&nbsp;R$ 2.900,60 <br \/>200 h\/a&nbsp;\u2013&nbsp;R$ 3.867,47<\/td><\/tr><tr><td>Professor II &#8211; Ci\u00eancias<\/td><td class=\"has-text-align-center\" data-align=\"center\">150 ou 200<\/td><td class=\"has-text-align-center\" data-align=\"center\">4<br \/>+ CR<\/td><td class=\"has-text-align-center\" data-align=\"center\">1<\/td><td>150 h\/a&nbsp;\u2013&nbsp;R$ 2.900,60 <br \/>200 h\/a&nbsp;\u2013&nbsp;R$ 3.867,47<\/td><\/tr><tr><td>Professor II&nbsp;\u2013&nbsp;Educa\u00e7\u00e3o F\u00edsica<\/td><td class=\"has-text-align-center\" data-align=\"center\">150 ou 200<\/td><td class=\"has-text-align-center\" data-align=\"center\">4<br \/>+ CR<\/td><td class=\"has-text-align-center\" data-align=\"center\">1<\/td><td>150 h\/a&nbsp;\u2013&nbsp;R$ 2.900,60 <br \/>200 h\/a&nbsp;\u2013&nbsp;R$ 3.867,47<\/td><\/tr><tr><td>Professor II&nbsp;\u2013&nbsp;Geografia<\/td><td class=\"has-text-align-center\" data-align=\"center\">150 ou 200<\/td><td class=\"has-text-align-center\" data-align=\"center\">3<br \/>+ CR<\/td><td class=\"has-text-align-center\" data-align=\"center\">1<\/td><td>150 h\/a&nbsp;\u2013&nbsp;R$ 2.900,60 <br \/>200 h\/a&nbsp;\u2013&nbsp;R$ 3.867,47<\/td><\/tr><tr><td>Professor II&nbsp;\u2013&nbsp;Hist\u00f3ria<\/td><td class=\"has-text-align-center\" data-align=\"center\">150 ou 200<\/td><td class=\"has-text-align-center\" data-align=\"center\">3<br \/>+ CR<\/td><td class=\"has-text-align-center\" data-align=\"center\">1<\/td><td>150 h\/a&nbsp;\u2013&nbsp;R$ 2.900,60 <br \/>200 h\/a&nbsp;\u2013&nbsp;R$ 3.867,47<\/td><\/tr><tr><td>Professor II &#8211; L\u00edngua Estrangeira (Ingl\u00eas)<\/td><td class=\"has-text-align-center\" data-align=\"center\">150 ou 200<\/td><td class=\"has-text-align-center\" data-align=\"center\">3<br \/>+ CR<\/td><td class=\"has-text-align-center\" data-align=\"center\">1<\/td><td>150 h\/a&nbsp;\u2013&nbsp;R$ 2.900,60 <br \/>200 h\/a&nbsp;\u2013&nbsp;R$ 3.867,47<\/td><\/tr><tr><td>Professor II &#8211; L\u00edngua Portuguesa<\/td><td class=\"has-text-align-center\" data-align=\"center\">150 ou 200<\/td><td class=\"has-text-align-center\" data-align=\"center\">6<br \/>+ CR<\/td><td class=\"has-text-align-center\" data-align=\"center\">1<\/td><td>150 h\/a&nbsp;\u2013&nbsp;R$ 2.900,60 <br \/>200 h\/a&nbsp;\u2013&nbsp;R$ 3.867,47<\/td><\/tr><tr><td>Professor II &#8211; Matem\u00e1tica<\/td><td class=\"has-text-align-center\" data-align=\"center\">150 ou 200<\/td><td class=\"has-text-align-center\" data-align=\"center\">8<br \/>+ CR<\/td><td class=\"has-text-align-center\" data-align=\"center\">1<\/td><td>150 h\/a&nbsp;\u2013&nbsp;R$ 2.900,60 <br \/>200 h\/a&nbsp;\u2013&nbsp;R$ 3.867,47<\/td><\/tr><tr><td>Professor II- M\u00fasica (Canto Popular\/Erudito)<\/td><td class=\"has-text-align-center\" data-align=\"center\">150 ou 200<\/td><td class=\"has-text-align-center\" data-align=\"center\">1<br \/>+ CR<\/td><td class=\"has-text-align-center\" data-align=\"center\">&#8211;<\/td><td>150 h\/a&nbsp;\u2013&nbsp;R$ 2.900,60 <br \/>200 h\/a&nbsp;\u2013&nbsp;R$ 3.867,47<\/td><\/tr><tr><td>Professor II- M\u00fasica (Viol\u00e3o Popular\/Viola Nordestina)<\/td><td class=\"has-text-align-center\" data-align=\"center\">150 ou 200<\/td><td class=\"has-text-align-center\" data-align=\"center\">1<br \/>+ CR<\/td><td class=\"has-text-align-center\" data-align=\"center\">&#8211;<\/td><td>150 h\/a&nbsp;\u2013&nbsp;R$ 2.900,60 <br \/>200 h\/a&nbsp;\u2013&nbsp;R$ 3.867,47<\/td><\/tr><tr><td>Professor II- M\u00fasica (Piano Popular\/Teclado)<\/td><td class=\"has-text-align-center\" data-align=\"center\">150 ou 200<\/td><td class=\"has-text-align-center\" data-align=\"center\">1<br \/>+ CR<\/td><td class=\"has-text-align-center\" data-align=\"center\">&#8211;<\/td><td>150 h\/a&nbsp;\u2013&nbsp;R$ 2.900,60 <br \/>200 h\/a&nbsp;\u2013&nbsp;R$ 3.867,47<\/td><\/tr><tr><td>Professor II- M\u00fasica (Percurss\u00e3o Popular\/Bateria)<\/td><td class=\"has-text-align-center\" data-align=\"center\">150 ou 200<\/td><td class=\"has-text-align-center\" data-align=\"center\">1<br \/>+ CR<\/td><td class=\"has-text-align-center\" data-align=\"center\">&#8211;<\/td><td>150 h\/a&nbsp;\u2013&nbsp;R$ 2.900,60 <br \/>200 h\/a&nbsp;\u2013&nbsp;R$ 3.867,47<\/td><\/tr><tr><td>Professor II- M\u00fasica (Violino)<\/td><td class=\"has-text-align-center\" data-align=\"center\">150 ou 200<\/td><td class=\"has-text-align-center\" data-align=\"center\">CR<\/td><td class=\"has-text-align-center\" data-align=\"center\"><\/td><td>150 h\/a&nbsp;\u2013&nbsp;R$ 2.900,60 <br \/>200 h\/a&nbsp;\u2013&nbsp;R$ 3.867,47<\/td><\/tr><tr><td>Professor II- M\u00fasica (Violoncelo)<\/td><td class=\"has-text-align-center\" data-align=\"center\">150 ou 200<\/td><td class=\"has-text-align-center\" data-align=\"center\">CR<\/td><td class=\"has-text-align-center\" data-align=\"center\"><\/td><td>150 h\/a&nbsp;\u2013&nbsp;R$ 2.900,60 <br \/>200 h\/a&nbsp;\u2013&nbsp;R$ 3.867,47<\/td><\/tr><tr><td>Professor II- M\u00fasica (Contrabaixo Ac\u00fastico)<\/td><td class=\"has-text-align-center\" data-align=\"center\">150 ou 200<\/td><td class=\"has-text-align-center\" data-align=\"center\">CR<\/td><td class=\"has-text-align-center\" data-align=\"center\"><\/td><td>150 h\/a&nbsp;\u2013&nbsp;R$ 2.900,60 <br \/>200 h\/a&nbsp;\u2013&nbsp;R$ 3.867,47<\/td><\/tr><tr><td>Professor II- M\u00fasica (Obo\u00e9)<\/td><td class=\"has-text-align-center\" data-align=\"center\">150 ou 200<\/td><td class=\"has-text-align-center\" data-align=\"center\">CR<\/td><td class=\"has-text-align-center\" data-align=\"center\"><\/td><td>150 h\/a&nbsp;\u2013&nbsp;R$ 2.900,60 <br \/>200 h\/a&nbsp;\u2013&nbsp;R$ 3.867,47<\/td><\/tr><tr><td>Professor II- M\u00fasica (Fagote)<\/td><td class=\"has-text-align-center\" data-align=\"center\">150 ou 200<\/td><td class=\"has-text-align-center\" data-align=\"center\">CR<\/td><td class=\"has-text-align-center\" data-align=\"center\"><\/td><td>150 h\/a&nbsp;\u2013&nbsp;R$ 2.900,60 <br \/>200 h\/a&nbsp;\u2013&nbsp;R$ 3.867,47<\/td><\/tr><\/tbody><\/table><\/figure>\n\n\n\n<h3 class=\"wp-block-heading\" id=\"requisitos\">Requisitos<\/h3>\n\n\n\n<ul class=\"wp-block-list\">\n<li>Professor I (Educa\u00e7\u00e3o Infantil e Ensino Fundamental &#8211; Anos Iniciais): Curso Superior de Licenciatura Plena em Pedagogia, com Habilita\u00e7\u00e3o para o Magist\u00e9rio fornecido por Institui\u00e7\u00e3o reconhecida pelo Minist\u00e9rio da Educa\u00e7\u00e3o, devidamente registrado e comprovado<\/li>\n\n\n\n<li>Professor Braillista&nbsp;\u2013&nbsp;N\u00edvel Superior: Curso Superior de Licenciatura em qualquer \u00e1rea do curr\u00edculo Escolar, fornecido por Institui\u00e7\u00e3o reconhecidapelo Minist\u00e9rio da Educa\u00e7\u00e3o, devidamente registrado, comprovadoe com Certificado de Especialista em Brailleou com certifica\u00e7\u00e3o emCurso Avan\u00e7ado de Tiflologia.<\/li>\n\n\n\n<li>Professor Int\u00e9rprete de LIBRAS&nbsp;\u2013&nbsp;N\u00edvel Superior: Curso Superior nas diversas \u00e1reas do Curr\u00edculo Escolar e\/ou Licenciatura em Pedagogia e\/ou Licenciatura em Letras LIBRAS, fornecido por Institui\u00e7\u00e3o reconhecida pelo Minist\u00e9rio da Educa\u00e7\u00e3o, com certificado de profici\u00eancia no Ensino de LIBRAS ou tradu\u00e7\u00e3o e interpreta\u00e7\u00e3o de LIBRAS, emitido pelo MEC.<\/li>\n\n\n\n<li>Professor II &#8211; Artes: Diploma ou certificado de Licenciatura plena em Educa\u00e7\u00e3o Art\u00edstica, Teatro, Artes visuais, Dan\u00e7a, fornecido por Institui\u00e7\u00e3o devidamente reconhecida pelo Minist\u00e9rio da Educa\u00e7\u00e3o.<\/li>\n\n\n\n<li>Professor II &#8211; Ci\u00eancias: Diploma ou certificado de Licenciatura Plena em Ci\u00eancias Biol\u00f3gicas, Qu\u00edmica ou F\u00edsica, fornecido por Institui\u00e7\u00e3o devidamente reconhecida pelo Minist\u00e9rio da Educa\u00e7\u00e3o.<\/li>\n\n\n\n<li>Professor II&nbsp;\u2013&nbsp;Educa\u00e7\u00e3o F\u00edsica: Diploma ou certificado de Licenciatura Plena em Educa\u00e7\u00e3o F\u00edsica, fornecido por Institui\u00e7\u00e3o devidamente reconhecida pelo Minist\u00e9rio da Educa\u00e7\u00e3o, e Registro no Conselhoprofissional espec\u00edfico.<\/li>\n\n\n\n<li>Professor II&nbsp;\u2013&nbsp;Geografia: Diploma ou certificado de Licenciatura Plena em Geografia, fornecido por Institui\u00e7\u00e3o devidamente reconhecida pelo Minist\u00e9rio da Educa\u00e7\u00e3o.<\/li>\n\n\n\n<li>Professor II&nbsp;\u2013&nbsp;Hist\u00f3ria: Diploma ou certificado de Licenciatura Plena em Hist\u00f3ria, fornecido por Institui\u00e7\u00e3o devidamente reconhecida pelo Minist\u00e9rio da Educa\u00e7\u00e3o.<\/li>\n\n\n\n<li>Professor II &#8211; L\u00edngua Estrangeira (Ingl\u00eas): Diploma ou certificado,de Licenciatura Plena em Letras, com habilita\u00e7\u00e3o em L\u00edngua Inglesa ou Licenciatura Dupla Portugu\u00eas\/Ingl\u00eas), fornecido por Institui\u00e7\u00e3o devidamente reconhecida pelo Minist\u00e9rio da Educa\u00e7\u00e3o.<\/li>\n\n\n\n<li>Professor II &#8211; L\u00edngua Portuguesa: Diploma ou certificado de Licenciatura Plena em Letras, com habilita\u00e7\u00e3o em L\u00edngua Portuguesa, fornecido por Institui\u00e7\u00e3o devidamente reconhecida pelo Minist\u00e9rio da Educa\u00e7\u00e3o.<\/li>\n\n\n\n<li>Professor II &#8211; Matem\u00e1tica: Diploma ou certificado de Licenciatura Plena em Matem\u00e1tica, fornecido por Institui\u00e7\u00e3o devidamente reconhecida pelo Minist\u00e9rio da Educa\u00e7\u00e3o.<\/li>\n\n\n\n<li>Professor II- M\u00fasica (todas as modalidades): Diploma ou certificado de Licenciatura Plena em M\u00fasica, fornecido por Institui\u00e7\u00e3o devidamente reconhecida pelo Minist\u00e9rio da Educa\u00e7\u00e3o.<\/li>\n<\/ul>\n\n\n\n<h2 class=\"wp-block-heading\" id=\"provas\">Provas e etapas<\/h2>\n\n\n\n<p>Os candidatos ser\u00e3o avaliados por meio de prova objetiva na data prov\u00e1vel do dia 19 de mar\u00e7o de 2023 em dois per\u00edodos, sendo:<\/p>\n\n\n\n<ul class=\"wp-block-list\">\n<li><strong>MANH\u00c3<\/strong>: Professor Braillista \u2013 N\u00edvel Superior, Professor Int\u00e9rprete de Libras \u2013 N\u00edvel Superior, Professor II \u2013 Artes, Professor II \u2013 Ci\u00eancias, Professor II \u2013 Educa\u00e7\u00e3o F\u00edsica, Professor II \u2013 Geografia, Professor II \u2013 Hist\u00f3ria, Professor II \u2013 L\u00edngua Estrangeira (Ingl\u00eas), Professor II \u2013 L\u00edngua Portuguesa, Professor II \u2013 M\u00fasica (Todas as especialidades) e Professor II \u2013 Matem\u00e1tica.<\/li>\n\n\n\n<li><strong>TARDE:<\/strong> Professor I (Educa\u00e7\u00e3o Infantil e Ensino Fundamental \u2013 Anos Iniciais)<\/li>\n<\/ul>\n\n\n\n<h3 class=\"wp-block-heading\" id=\"objetiva\">Prova objetiva<\/h3>\n\n\n\n<p>As provas ser\u00e3o compostas da seguinte forma:<\/p>\n\n\n\n<ul class=\"wp-block-list\">\n<li>Professor I (Educa\u00e7\u00e3o Infantil e Ensino Fundamental &#8211; Anos Iniciais)<\/li>\n<\/ul>\n\n\n\n<figure class=\"wp-block-image aligncenter size-large\"><img loading=\"lazy\" decoding=\"async\" width=\"1024\" height=\"174\" src=\"https:\/\/dhg1h5j42swfq.cloudfront.net\/2022\/12\/22091310\/captura-de-tela-2022-12-22-as-09-11-38-1024x174.png\" alt=\"Concurso SME Olinda - provas objetivas\" class=\"wp-image-1141985\" srcset=\"https:\/\/dhg1h5j42swfq.cloudfront.net\/2022\/12\/22091310\/captura-de-tela-2022-12-22-as-09-11-38-1024x174.png 1024w, https:\/\/dhg1h5j42swfq.cloudfront.net\/2022\/12\/22091310\/captura-de-tela-2022-12-22-as-09-11-38-300x51.png 300w, https:\/\/dhg1h5j42swfq.cloudfront.net\/2022\/12\/22091310\/captura-de-tela-2022-12-22-as-09-11-38-768x131.png 768w, https:\/\/dhg1h5j42swfq.cloudfront.net\/2022\/12\/22091310\/captura-de-tela-2022-12-22-as-09-11-38-1536x261.png 1536w, https:\/\/dhg1h5j42swfq.cloudfront.net\/2022\/12\/22091310\/captura-de-tela-2022-12-22-as-09-11-38-2048x349.png 2048w, https:\/\/dhg1h5j42swfq.cloudfront.net\/2022\/12\/22091310\/captura-de-tela-2022-12-22-as-09-11-38-610x104.png 610w, https:\/\/dhg1h5j42swfq.cloudfront.net\/2022\/12\/22091310\/captura-de-tela-2022-12-22-as-09-11-38-150x26.png 150w\" sizes=\"auto, (max-width: 1024px) 100vw, 1024px\" \/><figcaption class=\"wp-element-caption\">Concurso SME Olinda &#8211; provas objetivas<\/figcaption><\/figure>\n\n\n\n<ul class=\"wp-block-list\">\n<li>Professor Braillista \u2013 N\u00edvel Superior, Professor Int\u00e9rprete de LIBRAS \u2013 N\u00edvel Superior, Professor II \u2013 Artes, Professor II \u2013 Ci\u00eancias, Professor II \u2013 Educa\u00e7\u00e3o F\u00edsica, Professor II \u2013 Geografia, Professor II \u2013 Hist\u00f3ria, Professor II \u2013 L\u00edngua Estrangeira (Ingl\u00eas), Professor II \u2013 L\u00edngua Portuguesa, Professor II- M\u00fasica(Todas as especialidades) e Professor II \u2013 Matem\u00e1tica.<\/li>\n<\/ul>\n\n\n\n<figure class=\"wp-block-image size-large\"><img loading=\"lazy\" decoding=\"async\" width=\"1024\" height=\"174\" src=\"https:\/\/dhg1h5j42swfq.cloudfront.net\/2022\/12\/22091418\/captura-de-tela-2022-12-22-as-09-11-38-1-1024x174.png\" alt=\"Concurso SME Olinda - provas objetivas\" class=\"wp-image-1141989\" srcset=\"https:\/\/dhg1h5j42swfq.cloudfront.net\/2022\/12\/22091418\/captura-de-tela-2022-12-22-as-09-11-38-1-1024x174.png 1024w, https:\/\/dhg1h5j42swfq.cloudfront.net\/2022\/12\/22091418\/captura-de-tela-2022-12-22-as-09-11-38-1-300x51.png 300w, https:\/\/dhg1h5j42swfq.cloudfront.net\/2022\/12\/22091418\/captura-de-tela-2022-12-22-as-09-11-38-1-768x131.png 768w, https:\/\/dhg1h5j42swfq.cloudfront.net\/2022\/12\/22091418\/captura-de-tela-2022-12-22-as-09-11-38-1-1536x261.png 1536w, https:\/\/dhg1h5j42swfq.cloudfront.net\/2022\/12\/22091418\/captura-de-tela-2022-12-22-as-09-11-38-1-2048x349.png 2048w, https:\/\/dhg1h5j42swfq.cloudfront.net\/2022\/12\/22091418\/captura-de-tela-2022-12-22-as-09-11-38-1-610x104.png 610w, https:\/\/dhg1h5j42swfq.cloudfront.net\/2022\/12\/22091418\/captura-de-tela-2022-12-22-as-09-11-38-1-150x26.png 150w\" sizes=\"auto, (max-width: 1024px) 100vw, 1024px\" \/><figcaption class=\"wp-element-caption\">Concurso SME Olinda &#8211; provas objetivas<\/figcaption><\/figure>\n\n\n\n<p>A nota da Prova Objetiva ser\u00e1 obtida pela multiplica\u00e7\u00e3o do n\u00famero de acertos em cada disciplina pelo peso de cada quest\u00e3o. Ser\u00e1 atribu\u00eddo o seguinte resultado:<br \/>&#8211; APROVADO: o candidato alcan\u00e7ou o m\u00ednimo de 60% (sessenta por cento) da pontua\u00e7\u00e3o total da Prova Objetiva;<br \/>&#8211; REPROVADO: o candidato n\u00e3o alcan\u00e7ou o m\u00ednimo de 60% (sessenta por cento) da pontua\u00e7\u00e3o total da Prova Objetiva, acarretando em sua elimina\u00e7\u00e3o.<\/p>\n\n\n\n<h3 class=\"wp-block-heading\" id=\"titulos\">Avalia\u00e7\u00e3o de t\u00edtulos <\/h3>\n\n\n\n<p>Os candidatos tamb\u00e9m ser\u00e3o submetidos \u00e0 avalia\u00e7\u00e3o de t\u00edtulos de car\u00e1ter unicamente classificat\u00f3rio. Ser\u00e3o observados os seguintes crit\u00e9rios:<\/p>\n\n\n\n<figure class=\"wp-block-image aligncenter size-large\"><img loading=\"lazy\" decoding=\"async\" width=\"1024\" height=\"308\" src=\"https:\/\/dhg1h5j42swfq.cloudfront.net\/2022\/12\/22092841\/captura-de-tela-2022-12-22-as-09-27-12-1024x308.png\" alt=\"Concurso SME Olinda - prova de t\u00edtulos\" class=\"wp-image-1142004\" srcset=\"https:\/\/dhg1h5j42swfq.cloudfront.net\/2022\/12\/22092841\/captura-de-tela-2022-12-22-as-09-27-12-1024x308.png 1024w, https:\/\/dhg1h5j42swfq.cloudfront.net\/2022\/12\/22092841\/captura-de-tela-2022-12-22-as-09-27-12-300x90.png 300w, https:\/\/dhg1h5j42swfq.cloudfront.net\/2022\/12\/22092841\/captura-de-tela-2022-12-22-as-09-27-12-768x231.png 768w, https:\/\/dhg1h5j42swfq.cloudfront.net\/2022\/12\/22092841\/captura-de-tela-2022-12-22-as-09-27-12-1536x462.png 1536w, https:\/\/dhg1h5j42swfq.cloudfront.net\/2022\/12\/22092841\/captura-de-tela-2022-12-22-as-09-27-12-2048x615.png 2048w, https:\/\/dhg1h5j42swfq.cloudfront.net\/2022\/12\/22092841\/captura-de-tela-2022-12-22-as-09-27-12-610x183.png 610w, https:\/\/dhg1h5j42swfq.cloudfront.net\/2022\/12\/22092841\/captura-de-tela-2022-12-22-as-09-27-12-150x45.png 150w\" sizes=\"auto, (max-width: 1024px) 100vw, 1024px\" \/><figcaption class=\"wp-element-caption\">Concurso SME Olinda &#8211; prova de t\u00edtulos<\/figcaption><\/figure>\n\n\n\n<h2 class=\"wp-block-heading\" id=\"ULTIMO\">\u00daltimo concurso SME Olinda PE<\/h2>\n\n\n\n<p>O <strong>\u00faltimo concurso<\/strong> da Prefeitura de Olinda aconteceu <strong>h\u00e1 dez anos, em 2011<\/strong>. A organiza\u00e7\u00e3o da sele\u00e7\u00e3o foi realizada pelo IAUPE. O Concurso P\u00fablico foi destinado \u00e0 sele\u00e7\u00e3o de candidatos para o preenchimento no total de 344 (trezentas e quarenta e quatro) vagas de todos os cargos do Quadro de servidores efetivos do Poder Executivo Municipal. <\/p>\n\n\n\n<h3 class=\"wp-block-heading\" id=\"prova\">Provas do \u00faltimo edital <\/h3>\n\n\n\n<h4 class=\"wp-block-heading\" id=\"h-prova-objetiva\">Prova Objetiva <\/h4>\n\n\n\n<p>Para os cargos de Professor do 6\u00ba ao 9\u00ba ano do Ensino Fundamental, a Prova Objetiva de Conhecimentos foi constitu\u00edda dos seguintes componentes: 15 (quinze) quest\u00f5es de Conhecimentos da L\u00edngua Portuguesa, 10 (dez) quest\u00f5es de Conhecimentos Pedag\u00f3gicos e 25 (vinte e cinco) quest\u00f5es de Conhecimentos Espec\u00edficos.<\/p>\n\n\n\n<p>Para os cargos de Professor do 1\u00ba ao 5\u00ba ano do Ensino Fundamental, a Prova Objetiva de Conhecimentos foi constitu\u00edda dos seguintes componentes: 15 (quinze) quest\u00f5es de Conhecimentos da L\u00edngua Portuguesa e 35 (trinta e cinco) quest\u00f5es de Conhecimentos Pedag\u00f3gicos.<\/p>\n\n\n\n<h4 class=\"wp-block-heading\" id=\"h-prova-pratica\">Prova Pr\u00e1tica <\/h4>\n\n\n\n<p>A prova pr\u00e1tica para o cargo de Professor de Ingl\u00eas e de Espanhol consistiru na leitura de um texto fornecido ao candidato contendo entre 10 (dez) e 20 (vinte) linhas escrito no respectivo idioma perante uma banca examinadora, bem como na apresenta\u00e7\u00e3o verbal de respostas no respectivo idioma estrangeiro a 5 (cinco) perguntas formuladas pela banca examinadora no mesmo idioma.<\/p>\n\n\n\n<p>A prova pr\u00e1tica para o cargo de Professor de M\u00fasica, de car\u00e1ter eliminat\u00f3rio, consistiu na apresenta\u00e7\u00e3o de uma aula e na execu\u00e7\u00e3o de uma pe\u00e7a, cujos temas, previstos foram sorteados no momento da apresenta\u00e7\u00e3o. A execu\u00e7\u00e3o da pe\u00e7a consistiu numa performance de 15 minutos com o instrumento\/modalidade escolhida realizada pelo candidato perante uma banca examinadora. <\/p>\n\n\n\n<h4 class=\"wp-block-heading\" id=\"h-prova-de-titulos\">Prova de T\u00edtulos<\/h4>\n\n\n\n<figure class=\"wp-block-image aligncenter size-large\"><img loading=\"lazy\" decoding=\"async\" width=\"520\" height=\"218\" src=\"https:\/\/dhg1h5j42swfq.cloudfront.net\/2021\/07\/27114810\/image-578.png\" alt=\"\" class=\"wp-image-822793\" srcset=\"https:\/\/dhg1h5j42swfq.cloudfront.net\/2021\/07\/27114810\/image-578.png 520w, https:\/\/dhg1h5j42swfq.cloudfront.net\/2021\/07\/27114810\/image-578-300x126.png 300w\" sizes=\"auto, (max-width: 520px) 100vw, 520px\" \/><\/figure>\n\n\n\n<h2 class=\"has-text-align-center wp-block-heading\" id=\"h-quer-saber-tudo-sobre-concursos-previstos-confira-nossos-artigos\">Quer saber tudo sobre concursos previstos?<br \/>Confira nossos artigos!<\/h2>\n\n\n\n<ul class=\"wp-block-list\">\n<li><a href=\"https:\/\/www.estrategiaconcursos.com.br\/blog\/concursos-abertos\/\" target=\"_blank\" rel=\"noreferrer noopener\">Concursos abertos<\/a><\/li>\n\n\n\n<li><a href=\"https:\/\/www.estrategiaconcursos.com.br\/blog\/concursos-2022\/\" target=\"_blank\" rel=\"noreferrer noopener\">Concursos 2022<\/a><\/li>\n\n\n\n<li><a href=\"https:\/\/www.estrategiaconcursos.com.br\/blog\/concursos-educacao-2022\/\" target=\"_blank\" rel=\"noreferrer noopener\">Concursos Educa\u00e7\u00e3o<\/a><\/li>\n\n\n\n<li><a href=\"https:\/\/www.estrategiaconcursos.com.br\/blog\/concursos-pe\/\" target=\"_blank\" rel=\"noreferrer noopener\">Concursos PE<\/a><\/li>\n<\/ul>\n\n\n\n<h2 class=\"has-text-align-center wp-block-heading\" id=\"CURSO\">Quer estudar para o concurso SME Olinda PE?<\/h2>\n\n\n\n<div class=\"container\" id=\"boxes\">\n  <div class=\"row\">\n\n    <div class=\"col-sm\">\n      <div class=\"banner-estrategia\" id=\"box-assinatura\">\n        <h3 class=\"titulo-assinatura\">concurso SME Olinda PE<\/h3>\n        <p class=\"subtitulo-assinatura\">Conhe\u00e7a os cursos<\/p>\n        <div class=\"box-botao\">\n          <a class=\"btn-assinatura\" target=\"_blank\" href=\"https:\/\/www.estrategiaconcursos.com.br\/cursos\/concurso\/\" role=\"button\" rel=\"noopener noreferrer\">Conhe\u00e7a mais<\/a>\n        <\/div>\n      <\/div><\/div><\/div><\/div>\n\n\n\n<div class=\"container\" id=\"boxes\">\n  <div class=\"row\">\n\n    <div class=\"col-sm\">\n      <div class=\"estrategia\" id=\"box-assinatura\">\n        <h3 class=\"titulo-assinatura\">Assinatura de Concursos<\/h3>\n        <p class=\"subtitulo-assinatura\">Assinatura de 1 ano ou 2 anos<\/p>\n        <div class=\"box-botao\">\n          <a class=\"btn-assinatura\" target=\"_blank\" href=\"https:\/\/www.estrategiaconcursos.com.br\/assinaturas\/\" role=\"button\" rel=\"noopener noreferrer\">ASSINE AGORA<\/a>\n        <\/div>\n      <\/div><\/div><\/div><\/div>\n\n\n\n<figure class=\"wp-block-image size-large is-resized\"><img loading=\"lazy\" decoding=\"async\" src=\"https:\/\/dhg1h5j42swfq.cloudfront.net\/2025\/06\/27101122\/ficha-tecnica-1-1024x632.png\" alt=\"Informa\u00e7\u00f5es do concurso Prefeitura de Olinda-PE\" class=\"wp-image-702728\" width=\"269\" height=\"166\" srcset=\"https:\/\/dhg1h5j42swfq.cloudfront.net\/2025\/06\/27101122\/ficha-tecnica-1-1024x632.png 1024w, https:\/\/dhg1h5j42swfq.cloudfront.net\/2025\/06\/27101122\/ficha-tecnica-1-300x185.png 300w, https:\/\/dhg1h5j42swfq.cloudfront.net\/2025\/06\/27101122\/ficha-tecnica-1-768x474.png 768w, https:\/\/dhg1h5j42swfq.cloudfront.net\/2025\/06\/27101122\/ficha-tecnica-1-1536x948.png 1536w, https:\/\/dhg1h5j42swfq.cloudfront.net\/2025\/06\/27101122\/ficha-tecnica-1-610x377.png 610w, https:\/\/dhg1h5j42swfq.cloudfront.net\/2025\/06\/27101122\/ficha-tecnica-1.png 1571w\" sizes=\"auto, (max-width: 269px) 100vw, 269px\" \/><\/figure>\n\n\n\n<h3 class=\"wp-block-heading\" id=\"ficha\">Informa\u00e7\u00f5es do concurso SME Olinda PE<\/h3>\n\n\n\n<ul class=\"wp-block-list\">\n<li><strong>Vagas<\/strong>: 230<\/li>\n\n\n\n<li><strong>Cargos:<\/strong>&nbsp;Professor <\/li>\n\n\n\n<li><strong>Escolaridade:<\/strong> n\u00edvel superior e\/ou licenciatura<\/li>\n\n\n\n<li><strong>Data da prova: <\/strong>19 de mar\u00e7o de 2023<\/li>\n\n\n\n<li><strong>Remunera\u00e7\u00e3o inicial: <\/strong>de R$ 2.960 at\u00e9 R$ 3.867,47<\/li>\n\n\n\n<li><a href=\"https:\/\/dhg1h5j42swfq.cloudfront.net\/2022\/12\/22082458\/blu3qe2tp2ttr6ijzcbcoy7gpcz6uh2p0h6mgbbv.pdf\" target=\"_blank\" rel=\"noreferrer noopener\">Edital SME Olinda<\/a><\/li>\n<\/ul>\n","protected":false},"excerpt":{"rendered":"<p>Foram encerradas as inscri\u00e7\u00f5es do concurso para a Secretaria Municipal de Educa\u00e7\u00e3o (SME) ofertado Prefeitura de Olinda, em Pernambuco. O edital do certame oferta 230 vagas para a carreira de professor e se dividem entre os anos iniciais, anos finais e no Centro de Educa\u00e7\u00e3o Musical de Olinda (Cemo). Os sal\u00e1rios s\u00e3o R$ 3.867,47 para [&hellip;]<\/p>\n","protected":false},"author":1,"featured_media":827685,"comment_status":"open","ping_status":"closed","sticky":false,"template":"","format":"standard","meta":{"post_tipo":"news_page","footnotes":""},"categories":[3766],"tags":[],"tax_estado":[219979],"class_list":["post-822717","post","type-post","status-publish","format-standard","has-post-thumbnail","hentry","category-educacional","tax_estado-pe"],"acf":[],"yoast_head":"<!-- This site is optimized with the Yoast SEO Premium plugin v27.2 (Yoast SEO v27.2) - https:\/\/yoast.com\/product\/yoast-seo-premium-wordpress\/ -->\n<title>Concurso SME Olinda (PE): inscri\u00e7\u00f5es encerradas; provas em mar\u00e7o<\/title>\n<meta name=\"description\" content=\"Concurso SME OLINDA PE: edital oferta 230 vagas de n\u00edvel superior. Inscri\u00e7\u00f5es encerradas. Saiba todos os detalhes da sele\u00e7\u00e3o aqui!\" \/>\n<meta name=\"robots\" content=\"index, follow, max-snippet:-1, max-image-preview:large, max-video-preview:-1\" \/>\n<link rel=\"canonical\" href=\"https:\/\/www.estrategiaconcursos.com.br\/blog\/concurso-sme-olinda-pe\/\" \/>\n<meta property=\"og:locale\" content=\"pt_BR\" \/>\n<meta property=\"og:type\" content=\"article\" \/>\n<meta property=\"og:title\" content=\"Concurso SME Olinda (PE): inscri\u00e7\u00f5es encerradas; provas em mar\u00e7o\" \/>\n<meta property=\"og:description\" content=\"Concurso SME OLINDA PE: edital oferta 230 vagas de n\u00edvel superior. Inscri\u00e7\u00f5es encerradas. Saiba todos os detalhes da sele\u00e7\u00e3o aqui!\" \/>\n<meta property=\"og:url\" content=\"https:\/\/www.estrategiaconcursos.com.br\/blog\/concurso-sme-olinda-pe\/\" \/>\n<meta property=\"og:site_name\" content=\"Estrat\u00e9gia Concursos\" \/>\n<meta property=\"article:author\" content=\"https:\/\/www.facebook.com\/EstrategiaConcursos\" \/>\n<meta property=\"article:published_time\" content=\"2023-02-01T13:30:00+00:00\" \/>\n<meta property=\"article:modified_time\" content=\"2023-02-01T13:35:37+00:00\" \/>\n<meta property=\"og:image\" content=\"https:\/\/dhg1h5j42swfq.cloudfront.net\/2021\/07\/03113016\/sme-olinda.jpeg\" \/>\n\t<meta property=\"og:image:width\" content=\"768\" \/>\n\t<meta property=\"og:image:height\" content=\"432\" \/>\n\t<meta property=\"og:image:type\" content=\"image\/jpeg\" \/>\n<meta name=\"author\" content=\"Coordena\u00e7\u00e3o\" \/>\n<meta name=\"twitter:card\" content=\"summary_large_image\" \/>\n<meta name=\"twitter:creator\" content=\"@EstratConcursos\" \/>\n<meta name=\"twitter:site\" content=\"@EstratConcursos\" \/>\n<meta name=\"twitter:label1\" content=\"Escrito por\" \/>\n\t<meta name=\"twitter:data1\" content=\"Coordena\u00e7\u00e3o\" \/>\n\t<meta name=\"twitter:label2\" content=\"Est. tempo de leitura\" \/>\n\t<meta name=\"twitter:data2\" content=\"4 minutos\" \/>\n<script type=\"application\/ld+json\" class=\"yoast-schema-graph\">{\"@context\":\"https:\/\/schema.org\",\"@graph\":[{\"@type\":\"NewsArticle\",\"@id\":\"https:\/\/www.estrategiaconcursos.com.br\/blog\/concurso-sme-olinda-pe\/#article\",\"isPartOf\":{\"@id\":\"https:\/\/www.estrategiaconcursos.com.br\/blog\/concurso-sme-olinda-pe\/\"},\"author\":{\"name\":\"Coordena\u00e7\u00e3o\",\"@id\":\"https:\/\/www.estrategiaconcursos.com.br\/blog\/#\/schema\/person\/b4a388c97673c5f483d72185668afa1f\"},\"headline\":\"Concurso SME Olinda (PE): inscri\u00e7\u00f5es encerradas; provas em mar\u00e7o\",\"datePublished\":\"2023-02-01T13:30:00+00:00\",\"dateModified\":\"2023-02-01T13:35:37+00:00\",\"mainEntityOfPage\":{\"@id\":\"https:\/\/www.estrategiaconcursos.com.br\/blog\/concurso-sme-olinda-pe\/\"},\"wordCount\":1704,\"commentCount\":0,\"publisher\":{\"@id\":\"https:\/\/www.estrategiaconcursos.com.br\/blog\/#organization\"},\"image\":{\"@id\":\"https:\/\/www.estrategiaconcursos.com.br\/blog\/concurso-sme-olinda-pe\/#primaryimage\"},\"thumbnailUrl\":\"https:\/\/dhg1h5j42swfq.cloudfront.net\/2021\/07\/03113016\/sme-olinda.jpeg\",\"articleSection\":[\"Educa\u00e7\u00e3o\"],\"inLanguage\":\"pt-BR\",\"potentialAction\":[{\"@type\":\"CommentAction\",\"name\":\"Comment\",\"target\":[\"https:\/\/www.estrategiaconcursos.com.br\/blog\/concurso-sme-olinda-pe\/#respond\"]}],\"copyrightYear\":\"2023\",\"copyrightHolder\":{\"@id\":\"https:\/\/www.estrategiaconcursos.com.br\/blog\/#organization\"}},{\"@type\":\"WebPage\",\"@id\":\"https:\/\/www.estrategiaconcursos.com.br\/blog\/concurso-sme-olinda-pe\/\",\"url\":\"https:\/\/www.estrategiaconcursos.com.br\/blog\/concurso-sme-olinda-pe\/\",\"name\":\"Concurso SME Olinda (PE): inscri\u00e7\u00f5es encerradas; provas em mar\u00e7o\",\"isPartOf\":{\"@id\":\"https:\/\/www.estrategiaconcursos.com.br\/blog\/#website\"},\"primaryImageOfPage\":{\"@id\":\"https:\/\/www.estrategiaconcursos.com.br\/blog\/concurso-sme-olinda-pe\/#primaryimage\"},\"image\":{\"@id\":\"https:\/\/www.estrategiaconcursos.com.br\/blog\/concurso-sme-olinda-pe\/#primaryimage\"},\"thumbnailUrl\":\"https:\/\/dhg1h5j42swfq.cloudfront.net\/2021\/07\/03113016\/sme-olinda.jpeg\",\"datePublished\":\"2023-02-01T13:30:00+00:00\",\"dateModified\":\"2023-02-01T13:35:37+00:00\",\"description\":\"Concurso SME OLINDA PE: edital oferta 230 vagas de n\u00edvel superior. Inscri\u00e7\u00f5es encerradas. Saiba todos os detalhes da sele\u00e7\u00e3o aqui!\",\"breadcrumb\":{\"@id\":\"https:\/\/www.estrategiaconcursos.com.br\/blog\/concurso-sme-olinda-pe\/#breadcrumb\"},\"inLanguage\":\"pt-BR\",\"potentialAction\":[{\"@type\":\"ReadAction\",\"target\":[\"https:\/\/www.estrategiaconcursos.com.br\/blog\/concurso-sme-olinda-pe\/\"]}]},{\"@type\":\"ImageObject\",\"inLanguage\":\"pt-BR\",\"@id\":\"https:\/\/www.estrategiaconcursos.com.br\/blog\/concurso-sme-olinda-pe\/#primaryimage\",\"url\":\"https:\/\/dhg1h5j42swfq.cloudfront.net\/2021\/07\/03113016\/sme-olinda.jpeg\",\"contentUrl\":\"https:\/\/dhg1h5j42swfq.cloudfront.net\/2021\/07\/03113016\/sme-olinda.jpeg\",\"width\":768,\"height\":432,\"caption\":\"SME Olinda\"},{\"@type\":\"BreadcrumbList\",\"@id\":\"https:\/\/www.estrategiaconcursos.com.br\/blog\/concurso-sme-olinda-pe\/#breadcrumb\",\"itemListElement\":[{\"@type\":\"ListItem\",\"position\":1,\"name\":\"In\u00edcio\",\"item\":\"https:\/\/www.estrategiaconcursos.com.br\/blog\/\"},{\"@type\":\"ListItem\",\"position\":2,\"name\":\"Concurso SME Olinda (PE): inscri\u00e7\u00f5es encerradas; provas em mar\u00e7o\"}]},{\"@type\":\"WebSite\",\"@id\":\"https:\/\/www.estrategiaconcursos.com.br\/blog\/#website\",\"url\":\"https:\/\/www.estrategiaconcursos.com.br\/blog\/\",\"name\":\"Estrat\u00e9gia Concursos\",\"description\":\"O blog da Estrat\u00e9gia Concursos traz not\u00edcias sobre concursos e artigos de professores oferecendo cursos para concursos (pdf + videaulas) no site.\",\"publisher\":{\"@id\":\"https:\/\/www.estrategiaconcursos.com.br\/blog\/#organization\"},\"potentialAction\":[{\"@type\":\"SearchAction\",\"target\":{\"@type\":\"EntryPoint\",\"urlTemplate\":\"https:\/\/www.estrategiaconcursos.com.br\/blog\/?s={search_term_string}\"},\"query-input\":{\"@type\":\"PropertyValueSpecification\",\"valueRequired\":true,\"valueName\":\"search_term_string\"}}],\"inLanguage\":\"pt-BR\"},{\"@type\":\"Organization\",\"@id\":\"https:\/\/www.estrategiaconcursos.com.br\/blog\/#organization\",\"name\":\"Estrat\u00e9gia Concursos\",\"url\":\"https:\/\/www.estrategiaconcursos.com.br\/blog\/\",\"logo\":{\"@type\":\"ImageObject\",\"inLanguage\":\"pt-BR\",\"@id\":\"https:\/\/www.estrategiaconcursos.com.br\/blog\/#\/schema\/logo\/image\/\",\"url\":\"https:\/\/dhg1h5j42swfq.cloudfront.net\/2025\/06\/03203428\/logo_concursos-1.jpg\",\"contentUrl\":\"https:\/\/dhg1h5j42swfq.cloudfront.net\/2025\/06\/03203428\/logo_concursos-1.jpg\",\"width\":230,\"height\":60,\"caption\":\"Estrat\u00e9gia Concursos\"},\"image\":{\"@id\":\"https:\/\/www.estrategiaconcursos.com.br\/blog\/#\/schema\/logo\/image\/\"},\"sameAs\":[\"https:\/\/x.com\/EstratConcursos\"]},{\"@type\":\"Person\",\"@id\":\"https:\/\/www.estrategiaconcursos.com.br\/blog\/#\/schema\/person\/b4a388c97673c5f483d72185668afa1f\",\"name\":\"Coordena\u00e7\u00e3o\",\"image\":{\"@type\":\"ImageObject\",\"inLanguage\":\"pt-BR\",\"@id\":\"https:\/\/secure.gravatar.com\/avatar\/b720319e4c9a967eb58678d110f4fe35452fc5d5f97b202bac7b8acceb18c6ad?s=96&d=mm&r=g\",\"url\":\"https:\/\/secure.gravatar.com\/avatar\/b720319e4c9a967eb58678d110f4fe35452fc5d5f97b202bac7b8acceb18c6ad?s=96&d=mm&r=g\",\"contentUrl\":\"https:\/\/secure.gravatar.com\/avatar\/b720319e4c9a967eb58678d110f4fe35452fc5d5f97b202bac7b8acceb18c6ad?s=96&d=mm&r=g\",\"caption\":\"Coordena\u00e7\u00e3o\"},\"sameAs\":[\"https:\/\/www.facebook.com\/EstrategiaConcursos\",\"https:\/\/x.com\/EstratConcursos\"],\"url\":\"https:\/\/www.estrategiaconcursos.com.br\/blog\/author\/estrategia2013\/\"}]}<\/script>\n<!-- \/ Yoast SEO Premium plugin. -->","yoast_head_json":{"title":"Concurso SME Olinda (PE): inscri\u00e7\u00f5es encerradas; provas em mar\u00e7o","description":"Concurso SME OLINDA PE: edital oferta 230 vagas de n\u00edvel superior. Inscri\u00e7\u00f5es encerradas. Saiba todos os detalhes da sele\u00e7\u00e3o aqui!","robots":{"index":"index","follow":"follow","max-snippet":"max-snippet:-1","max-image-preview":"max-image-preview:large","max-video-preview":"max-video-preview:-1"},"canonical":"https:\/\/www.estrategiaconcursos.com.br\/blog\/concurso-sme-olinda-pe\/","og_locale":"pt_BR","og_type":"article","og_title":"Concurso SME Olinda (PE): inscri\u00e7\u00f5es encerradas; provas em mar\u00e7o","og_description":"Concurso SME OLINDA PE: edital oferta 230 vagas de n\u00edvel superior. Inscri\u00e7\u00f5es encerradas. Saiba todos os detalhes da sele\u00e7\u00e3o aqui!","og_url":"https:\/\/www.estrategiaconcursos.com.br\/blog\/concurso-sme-olinda-pe\/","og_site_name":"Estrat\u00e9gia Concursos","article_author":"https:\/\/www.facebook.com\/EstrategiaConcursos","article_published_time":"2023-02-01T13:30:00+00:00","article_modified_time":"2023-02-01T13:35:37+00:00","og_image":[{"width":768,"height":432,"url":"https:\/\/dhg1h5j42swfq.cloudfront.net\/2021\/07\/03113016\/sme-olinda.jpeg","type":"image\/jpeg"}],"author":"Coordena\u00e7\u00e3o","twitter_card":"summary_large_image","twitter_creator":"@EstratConcursos","twitter_site":"@EstratConcursos","twitter_misc":{"Escrito por":"Coordena\u00e7\u00e3o","Est. tempo de leitura":"4 minutos"},"schema":{"@context":"https:\/\/schema.org","@graph":[{"@type":"NewsArticle","@id":"https:\/\/www.estrategiaconcursos.com.br\/blog\/concurso-sme-olinda-pe\/#article","isPartOf":{"@id":"https:\/\/www.estrategiaconcursos.com.br\/blog\/concurso-sme-olinda-pe\/"},"author":{"name":"Coordena\u00e7\u00e3o","@id":"https:\/\/www.estrategiaconcursos.com.br\/blog\/#\/schema\/person\/b4a388c97673c5f483d72185668afa1f"},"headline":"Concurso SME Olinda (PE): inscri\u00e7\u00f5es encerradas; provas em mar\u00e7o","datePublished":"2023-02-01T13:30:00+00:00","dateModified":"2023-02-01T13:35:37+00:00","mainEntityOfPage":{"@id":"https:\/\/www.estrategiaconcursos.com.br\/blog\/concurso-sme-olinda-pe\/"},"wordCount":1704,"commentCount":0,"publisher":{"@id":"https:\/\/www.estrategiaconcursos.com.br\/blog\/#organization"},"image":{"@id":"https:\/\/www.estrategiaconcursos.com.br\/blog\/concurso-sme-olinda-pe\/#primaryimage"},"thumbnailUrl":"https:\/\/dhg1h5j42swfq.cloudfront.net\/2021\/07\/03113016\/sme-olinda.jpeg","articleSection":["Educa\u00e7\u00e3o"],"inLanguage":"pt-BR","potentialAction":[{"@type":"CommentAction","name":"Comment","target":["https:\/\/www.estrategiaconcursos.com.br\/blog\/concurso-sme-olinda-pe\/#respond"]}],"copyrightYear":"2023","copyrightHolder":{"@id":"https:\/\/www.estrategiaconcursos.com.br\/blog\/#organization"}},{"@type":"WebPage","@id":"https:\/\/www.estrategiaconcursos.com.br\/blog\/concurso-sme-olinda-pe\/","url":"https:\/\/www.estrategiaconcursos.com.br\/blog\/concurso-sme-olinda-pe\/","name":"Concurso SME Olinda (PE): inscri\u00e7\u00f5es encerradas; provas em mar\u00e7o","isPartOf":{"@id":"https:\/\/www.estrategiaconcursos.com.br\/blog\/#website"},"primaryImageOfPage":{"@id":"https:\/\/www.estrategiaconcursos.com.br\/blog\/concurso-sme-olinda-pe\/#primaryimage"},"image":{"@id":"https:\/\/www.estrategiaconcursos.com.br\/blog\/concurso-sme-olinda-pe\/#primaryimage"},"thumbnailUrl":"https:\/\/dhg1h5j42swfq.cloudfront.net\/2021\/07\/03113016\/sme-olinda.jpeg","datePublished":"2023-02-01T13:30:00+00:00","dateModified":"2023-02-01T13:35:37+00:00","description":"Concurso SME OLINDA PE: edital oferta 230 vagas de n\u00edvel superior. Inscri\u00e7\u00f5es encerradas. Saiba todos os detalhes da sele\u00e7\u00e3o aqui!","breadcrumb":{"@id":"https:\/\/www.estrategiaconcursos.com.br\/blog\/concurso-sme-olinda-pe\/#breadcrumb"},"inLanguage":"pt-BR","potentialAction":[{"@type":"ReadAction","target":["https:\/\/www.estrategiaconcursos.com.br\/blog\/concurso-sme-olinda-pe\/"]}]},{"@type":"ImageObject","inLanguage":"pt-BR","@id":"https:\/\/www.estrategiaconcursos.com.br\/blog\/concurso-sme-olinda-pe\/#primaryimage","url":"https:\/\/dhg1h5j42swfq.cloudfront.net\/2021\/07\/03113016\/sme-olinda.jpeg","contentUrl":"https:\/\/dhg1h5j42swfq.cloudfront.net\/2021\/07\/03113016\/sme-olinda.jpeg","width":768,"height":432,"caption":"SME Olinda"},{"@type":"BreadcrumbList","@id":"https:\/\/www.estrategiaconcursos.com.br\/blog\/concurso-sme-olinda-pe\/#breadcrumb","itemListElement":[{"@type":"ListItem","position":1,"name":"In\u00edcio","item":"https:\/\/www.estrategiaconcursos.com.br\/blog\/"},{"@type":"ListItem","position":2,"name":"Concurso SME Olinda (PE): inscri\u00e7\u00f5es encerradas; provas em mar\u00e7o"}]},{"@type":"WebSite","@id":"https:\/\/www.estrategiaconcursos.com.br\/blog\/#website","url":"https:\/\/www.estrategiaconcursos.com.br\/blog\/","name":"Estrat\u00e9gia Concursos","description":"O blog da Estrat\u00e9gia Concursos traz not\u00edcias sobre concursos e artigos de professores oferecendo cursos para concursos (pdf + videaulas) no site.","publisher":{"@id":"https:\/\/www.estrategiaconcursos.com.br\/blog\/#organization"},"potentialAction":[{"@type":"SearchAction","target":{"@type":"EntryPoint","urlTemplate":"https:\/\/www.estrategiaconcursos.com.br\/blog\/?s={search_term_string}"},"query-input":{"@type":"PropertyValueSpecification","valueRequired":true,"valueName":"search_term_string"}}],"inLanguage":"pt-BR"},{"@type":"Organization","@id":"https:\/\/www.estrategiaconcursos.com.br\/blog\/#organization","name":"Estrat\u00e9gia Concursos","url":"https:\/\/www.estrategiaconcursos.com.br\/blog\/","logo":{"@type":"ImageObject","inLanguage":"pt-BR","@id":"https:\/\/www.estrategiaconcursos.com.br\/blog\/#\/schema\/logo\/image\/","url":"https:\/\/dhg1h5j42swfq.cloudfront.net\/2025\/06\/03203428\/logo_concursos-1.jpg","contentUrl":"https:\/\/dhg1h5j42swfq.cloudfront.net\/2025\/06\/03203428\/logo_concursos-1.jpg","width":230,"height":60,"caption":"Estrat\u00e9gia Concursos"},"image":{"@id":"https:\/\/www.estrategiaconcursos.com.br\/blog\/#\/schema\/logo\/image\/"},"sameAs":["https:\/\/x.com\/EstratConcursos"]},{"@type":"Person","@id":"https:\/\/www.estrategiaconcursos.com.br\/blog\/#\/schema\/person\/b4a388c97673c5f483d72185668afa1f","name":"Coordena\u00e7\u00e3o","image":{"@type":"ImageObject","inLanguage":"pt-BR","@id":"https:\/\/secure.gravatar.com\/avatar\/b720319e4c9a967eb58678d110f4fe35452fc5d5f97b202bac7b8acceb18c6ad?s=96&d=mm&r=g","url":"https:\/\/secure.gravatar.com\/avatar\/b720319e4c9a967eb58678d110f4fe35452fc5d5f97b202bac7b8acceb18c6ad?s=96&d=mm&r=g","contentUrl":"https:\/\/secure.gravatar.com\/avatar\/b720319e4c9a967eb58678d110f4fe35452fc5d5f97b202bac7b8acceb18c6ad?s=96&d=mm&r=g","caption":"Coordena\u00e7\u00e3o"},"sameAs":["https:\/\/www.facebook.com\/EstrategiaConcursos","https:\/\/x.com\/EstratConcursos"],"url":"https:\/\/www.estrategiaconcursos.com.br\/blog\/author\/estrategia2013\/"}]}},"_links":{"self":[{"href":"https:\/\/www.estrategiaconcursos.com.br\/blog\/wp-json\/wp\/v2\/posts\/822717","targetHints":{"allow":["GET"]}}],"collection":[{"href":"https:\/\/www.estrategiaconcursos.com.br\/blog\/wp-json\/wp\/v2\/posts"}],"about":[{"href":"https:\/\/www.estrategiaconcursos.com.br\/blog\/wp-json\/wp\/v2\/types\/post"}],"author":[{"embeddable":true,"href":"https:\/\/www.estrategiaconcursos.com.br\/blog\/wp-json\/wp\/v2\/users\/1"}],"replies":[{"embeddable":true,"href":"https:\/\/www.estrategiaconcursos.com.br\/blog\/wp-json\/wp\/v2\/comments?post=822717"}],"version-history":[{"count":73,"href":"https:\/\/www.estrategiaconcursos.com.br\/blog\/wp-json\/wp\/v2\/posts\/822717\/revisions"}],"predecessor-version":[{"id":1162695,"href":"https:\/\/www.estrategiaconcursos.com.br\/blog\/wp-json\/wp\/v2\/posts\/822717\/revisions\/1162695"}],"wp:featuredmedia":[{"embeddable":true,"href":"https:\/\/www.estrategiaconcursos.com.br\/blog\/wp-json\/wp\/v2\/media\/827685"}],"wp:attachment":[{"href":"https:\/\/www.estrategiaconcursos.com.br\/blog\/wp-json\/wp\/v2\/media?parent=822717"}],"wp:term":[{"taxonomy":"category","embeddable":true,"href":"https:\/\/www.estrategiaconcursos.com.br\/blog\/wp-json\/wp\/v2\/categories?post=822717"},{"taxonomy":"post_tag","embeddable":true,"href":"https:\/\/www.estrategiaconcursos.com.br\/blog\/wp-json\/wp\/v2\/tags?post=822717"},{"taxonomy":"tax_estado","embeddable":true,"href":"https:\/\/www.estrategiaconcursos.com.br\/blog\/wp-json\/wp\/v2\/tax_estado?post=822717"}],"curies":[{"name":"wp","href":"https:\/\/api.w.org\/{rel}","templated":true}]}}