{"id":822298,"date":"2021-07-26T17:46:05","date_gmt":"2021-07-26T20:46:05","guid":{"rendered":"https:\/\/www.estrategiaconcursos.com.br\/blog\/?p=822298"},"modified":"2021-08-02T08:12:32","modified_gmt":"2021-08-02T11:12:32","slug":"recursos-itep-rn-prova","status":"publish","type":"post","link":"https:\/\/www.estrategiaconcursos.com.br\/blog\/recursos-itep-rn-prova\/","title":{"rendered":"Recursos ITEP RN: confira os poss\u00edveis recursos da prova!"},"content":{"rendered":"\n<h4 class=\"wp-block-heading\" id=\"h-confira-neste-artigo-os-poss-veis-recursos-cab-veis-em-algumas-quest-es-das-provas-dos-cargos-de-agente-e-perito-do-itep-rn\"><strong><em>Confira neste artigo os poss\u00edveis recursos cab\u00edveis em algumas quest\u00f5es das provas dos cargos de Agente e Perito do ITEP-RN.<\/em><\/strong><\/h4>\n\n\n\n<p>Ap\u00f3s a realiza\u00e7\u00e3o das provas do concurso PC RN para os cargos de Agente e Escriv\u00e3o, no \u00faltimo domingo, dia 11 de julho, foram divulgados os <a href=\"https:\/\/www.institutoaocp.org.br\/concurso.jsp?id=332&amp;__cf_chl_jschl_tk__=pmd_028e327567ac395d0499ea219b708aee072c947d-1627331040-0-gqNtZGzNAeKjcnBszQmO\">gabaritos preliminares<\/a> da referida etapa. Com isso, preparamos esse artigo com os poss\u00edveis recursos contra o resultado preliminar da prova objetiva do ITEP RN <em>(confira a numera\u00e7\u00e3o das quest\u00f5es de acordo com o seu tipo de prova).<\/em><\/p>\n\n\n\n<h2 class=\"has-cyan-bluish-gray-background-color has-background wp-block-heading\" id=\"h-recursos-de-odontologia-legal-prof-alexandre-herculano\"><strong>Recursos de ODONTOLOGIA LEGAL (Prof. Alexandre Herculano)<\/strong><\/h2>\n\n\n\n<h3 class=\"wp-block-heading\" id=\"h-cargo-agente-de-necropsia\">Cargo: Agente de Necropsia<\/h3>\n\n\n\n<p><strong><span class=\"has-inline-color has-vivid-cyan-blue-color\">Para a elabora\u00e7\u00e3o desses recursos, utilizamos o tipo de PROVA 4.<\/span><\/strong><\/p>\n\n\n\n<hr class=\"wp-block-separator\"\/>\n\n\n\n<p><strong><em>Quest\u00e3o 62 \u2013 Indiv\u00edduo do sexo masculino, 32 anos, &#8230;<\/em><\/strong><\/p>\n\n\n\n<p><strong><em>Quest\u00e3o 63 &#8211; Cad\u00e1ver recente chega ao IML&#8230;<\/em><\/strong><\/p>\n\n\n\n<p><strong><span class=\"has-inline-color has-vivid-cyan-blue-color\">Coment\u00e1rios:<\/span><\/strong><\/p>\n\n\n\n<p>Essas quest\u00f5es devem ser anuladas. <strong>Conte\u00fado fora do edital<\/strong>. Perceba que no edital a banca n\u00e3o especifica <strong>\u201cNo\u00e7\u00f5es de Traumatologia Forense\u201d<\/strong>. Pois a banca s\u00f3 exigiu os conhecimentos abaixo:<\/p>\n\n\n\n<p><strong><em>\u201cAGENTE DE NECROPSIA<\/em><\/strong><\/p>\n\n\n\n<p><em>No\u00e7\u00f5es de Odontologia Legal: 1. Conceitos fundamentais de Odontologia Legal. 2. Per\u00edcia odontol\u00f3gica na esfera penal. 3. Documentos odontolegais.\u201d<\/em><\/p>\n\n\n\n<p>Como exemplo, trago os t\u00f3picos que poderiam ser cobrados com base no livro do professor Vanrell. Vejamos:<\/p>\n\n\n\n<p><em>Livro Odontologia Legal e Antropologia Forense \u2013 3\u00aa Edi\u00e7\u00e3o &#8211; Jorge Paulete Vanrell<\/em><\/p>\n\n\n\n<p><strong><em>1. Conceitos e No\u00e7\u00f5es Hist\u00f3ricas em Odontologia Legal<\/em><\/strong><\/p>\n\n\n\n<p><em>Denomina\u00e7\u00e3o e campo de atua\u00e7\u00e3o<\/em><\/p>\n\n\n\n<p><em>Odontologia Legal nos seus prim\u00f3rdios<\/em><\/p>\n\n\n\n<p><em>Odontologia Legal nos tempos atuais<\/em><\/p>\n\n\n\n<p><em>Prepara\u00e7\u00e3o para o exerc\u00edcio da Odontologia Legal<\/em><\/p>\n\n\n\n<p><strong><em>2. Odontologia Legal e suas Rela\u00e7\u00f5es com o Direito<\/em><\/strong><\/p>\n\n\n\n<p><em>Introdu\u00e7\u00e3o<\/em><\/p>\n\n\n\n<p><strong><em>Rela\u00e7\u00f5es com o Direito Penal<\/em><\/strong><\/p>\n\n\n\n<p><em>(&#8230;)<\/em><\/p>\n\n\n\n<p><strong><em>19. Documentos Odontolegais<\/em><\/strong><\/p>\n\n\n\n<p><em>Classifica\u00e7\u00e3o<\/em><\/p>\n\n\n\n<p><em>Tipos<\/em><\/p>\n\n\n\n<p><strong><span class=\"has-inline-color has-vivid-red-color\">Assim, o aluno deve pedir a anula\u00e7\u00e3o!<\/span><\/strong><\/p>\n\n\n\n<hr class=\"wp-block-separator\"\/>\n\n\n\n<p><strong><em>Quest\u00e3o 65 \u2013 Considerando as marcas de mordidas&#8230;<\/em><\/strong><\/p>\n\n\n\n<p><strong><span class=\"has-inline-color has-vivid-cyan-blue-color\">Coment\u00e1rios:<\/span><\/strong><\/p>\n\n\n\n<p>Cabe anula\u00e7\u00e3o. <strong>Conte\u00fado fora do edital.<\/strong> Perceba que no edital a banca n\u00e3o especifica \u201c<strong>Estudo das Mordeduras\u201d.<\/strong> Pois a banca s\u00f3 exigiu os conhecimentos abaixo:<\/p>\n\n\n\n<p><strong><em>\u201cAGENTE DE NECROPSIA<\/em><\/strong><\/p>\n\n\n\n<p><em>No\u00e7\u00f5es de Odontologia Legal: 1. Conceitos fundamentais de Odontologia Legal. 2. Per\u00edcia odontol\u00f3gica na esfera penal. 3. Documentos odontolegais.\u201d<\/em><\/p>\n\n\n\n<p>Como exemplo, trago os t\u00f3picos que poderiam ser cobrados com base no livro do professor Vanrell. Vejamos:<\/p>\n\n\n\n<p><em>Livro Odontologia Legal e Antropologia Forense \u2013 3\u00aa Edi\u00e7\u00e3o &#8211; Jorge Paulete Vanrell<\/em><\/p>\n\n\n\n<p><strong><em>1. Conceitos e No\u00e7\u00f5es Hist\u00f3ricas em Odontologia Legal<\/em><\/strong><\/p>\n\n\n\n<p><em>Denomina\u00e7\u00e3o e campo de atua\u00e7\u00e3o<\/em><\/p>\n\n\n\n<p><em>Odontologia Legal nos seus prim\u00f3rdios<\/em><\/p>\n\n\n\n<p><em>Odontologia Legal nos tempos atuais<\/em><\/p>\n\n\n\n<p><em>Prepara\u00e7\u00e3o para o exerc\u00edcio da Odontologia Legal<\/em><\/p>\n\n\n\n<p><strong><em>2. Odontologia Legal e suas Rela\u00e7\u00f5es com o Direito<\/em><\/strong><\/p>\n\n\n\n<p><em>Introdu\u00e7\u00e3o<\/em><\/p>\n\n\n\n<p><strong><em>Rela\u00e7\u00f5es com o Direito Penal<\/em><\/strong><\/p>\n\n\n\n<p><em>(&#8230;)<\/em><\/p>\n\n\n\n<p><strong><em>19. Documentos Odontolegais<\/em><\/strong><\/p>\n\n\n\n<p><em>Classifica\u00e7\u00e3o<\/em><\/p>\n\n\n\n<p><em>Tipos<\/em><\/p>\n\n\n\n<p><strong><span class=\"has-inline-color has-vivid-red-color\">Assim, o aluno deve pedir a anula\u00e7\u00e3o!<\/span><\/strong><\/p>\n\n\n\n<hr class=\"wp-block-separator\"\/>\n\n\n\n<p><strong><em>Quest\u00e3o 66 \u2013 Para estimativa da estatura&#8230;.<\/em><\/strong><\/p>\n\n\n\n<p><strong><em>Quest\u00e3o 67 \u2013 Foi levado ao IML um cr\u00e2nio&#8230;<\/em><\/strong><\/p>\n\n\n\n<p><strong><em>Quest\u00e3o 68 \u2013 Considerando a utiliza\u00e7\u00e3o dos dentes&#8230;<\/em><\/strong><\/p>\n\n\n\n<p><strong><em>Quest\u00e3o 69 \u2013 Uma justificativa que possibilita&#8230;<\/em><\/strong><\/p>\n\n\n\n<p><strong><em>Quest\u00e3o 70 \u2013 Considerando a investiga\u00e7\u00e3o de marcas de mordidas&#8230;<\/em><\/strong><\/p>\n\n\n\n<p><strong><span class=\"has-inline-color has-vivid-cyan-blue-color\">Coment\u00e1rios:<\/span><\/strong><\/p>\n\n\n\n<p>As quest\u00f5es acima devem ser anuladas. <strong>Conte\u00fado fora do edital.<\/strong> Perceba que no edital a banca n\u00e3o especifica \u201c<strong>Estudo das Mordeduras\u201d, e tamb\u00e9m, Antropologia Forense.<\/strong> Pois a banca s\u00f3 exigiu os conhecimentos abaixo:<\/p>\n\n\n\n<p><strong><em>\u201cAGENTE DE NECROPSIA<\/em><\/strong><\/p>\n\n\n\n<p><em>No\u00e7\u00f5es de Odontologia Legal: 1. Conceitos fundamentais de Odontologia Legal. 2. Per\u00edcia odontol\u00f3gica na esfera penal. 3. Documentos odontolegais.\u201d<\/em><\/p>\n\n\n\n<p>Como exemplo, trago os t\u00f3picos que poderiam ser cobrados com base no livro do professor Vanrell. Vejamos:<\/p>\n\n\n\n<p><em>Livro Odontologia Legal e Antropologia Forense \u2013 3\u00aa Edi\u00e7\u00e3o &#8211; Jorge Paulete Vanrell<\/em><\/p>\n\n\n\n<p><strong><em>1. Conceitos e No\u00e7\u00f5es Hist\u00f3ricas em Odontologia Legal<\/em><\/strong><\/p>\n\n\n\n<p><em>Denomina\u00e7\u00e3o e campo de atua\u00e7\u00e3o<\/em><\/p>\n\n\n\n<p><em>Odontologia Legal nos seus prim\u00f3rdios<\/em><\/p>\n\n\n\n<p><em>Odontologia Legal nos tempos atuais<\/em><\/p>\n\n\n\n<p><em>Prepara\u00e7\u00e3o para o exerc\u00edcio da Odontologia Legal<\/em><\/p>\n\n\n\n<p><strong><em>2. Odontologia Legal e suas Rela\u00e7\u00f5es com o Direito<\/em><\/strong><\/p>\n\n\n\n<p><em>Introdu\u00e7\u00e3o<\/em><\/p>\n\n\n\n<p><strong><em>Rela\u00e7\u00f5es com o Direito Penal<\/em><\/strong><\/p>\n\n\n\n<p><em>(&#8230;)<\/em><\/p>\n\n\n\n<p><strong><em>19. Documentos Odontolegais<\/em><\/strong><\/p>\n\n\n\n<p><em>Classifica\u00e7\u00e3o<\/em><\/p>\n\n\n\n<p><em>Tipos<\/em><\/p>\n\n\n\n<p><strong><span class=\"has-inline-color has-vivid-red-color\">Assim, o aluno deve pedir a anula\u00e7\u00e3o!<\/span><\/strong><\/p>\n\n\n\n<h3 class=\"wp-block-heading\" id=\"h-cargo-agente-t-cnico-forense\">Cargo: Agente T\u00e9cnico Forense<\/h3>\n\n\n\n<p><strong><span class=\"has-inline-color has-vivid-cyan-blue-color\">Para a elabora\u00e7\u00e3o desses recursos, utilizamos o tipo de PROVA 1.<\/span><\/strong><\/p>\n\n\n\n<p><strong>Coment\u00e1rios:<\/strong><\/p>\n\n\n\n<p>As quest\u00f5es 74 at\u00e9 a 80 devem ser anuladas. <strong>Conte\u00fado fora do edital.<\/strong> Perceba que no edital a banca n\u00e3o especifica \u201c<strong>Estudo das Mordeduras\u201d, \u201cAntropologia Forense\u201d e \u201cRela\u00e7\u00e3o da Odontologia Legal com outras ci\u00eancias\u201d, exceto com o \u201cDireito Penal\u201d.<\/strong> Pois a banca s\u00f3 exigiu os conhecimentos abaixo:<\/p>\n\n\n\n<p><strong><em>\u201cAGENTE T\u00c9CNICO FORENSE<\/em><\/strong><\/p>\n\n\n\n<p><em>No\u00e7\u00f5es de Odontologia Legal: 1. Conceitos fundamentais de Odontologia Legal. 2. Per\u00edcia odontol\u00f3gica na esfera penal. 3. Documentos odontolegais.\u201d<\/em><\/p>\n\n\n\n<p>Como exemplo, trago os t\u00f3picos que poderiam ser cobrados com base no livro do professor Vanrell. Vejamos:<\/p>\n\n\n\n<p><em>Livro Odontologia Legal e Antropologia Forense \u2013 3\u00aa Edi\u00e7\u00e3o &#8211; Jorge Paulete Vanrell<\/em><\/p>\n\n\n\n<p><strong><em>1. Conceitos e No\u00e7\u00f5es Hist\u00f3ricas em Odontologia Legal<\/em><\/strong><\/p>\n\n\n\n<p><em>Denomina\u00e7\u00e3o e campo de atua\u00e7\u00e3o<\/em><\/p>\n\n\n\n<p><em>Odontologia Legal nos seus prim\u00f3rdios<\/em><\/p>\n\n\n\n<p><em>Odontologia Legal nos tempos atuais<\/em><\/p>\n\n\n\n<p><em>Prepara\u00e7\u00e3o para o exerc\u00edcio da Odontologia Legal<\/em><\/p>\n\n\n\n<p><strong><em>2. Odontologia Legal e suas Rela\u00e7\u00f5es com o Direito<\/em><\/strong><\/p>\n\n\n\n<p><em>Introdu\u00e7\u00e3o<\/em><\/p>\n\n\n\n<p><strong><em>Rela\u00e7\u00f5es com o Direito Penal<\/em><\/strong><\/p>\n\n\n\n<p><em>(&#8230;)<\/em><\/p>\n\n\n\n<p><strong><em>19. Documentos Odontolegais<\/em><\/strong><\/p>\n\n\n\n<p><em>Classifica\u00e7\u00e3o<\/em><\/p>\n\n\n\n<p><em>Tipos<\/em><\/p>\n\n\n\n<p><strong><span class=\"has-inline-color has-vivid-red-color\">Assim, o aluno deve pedir a anula\u00e7\u00e3o!<\/span><\/strong><\/p>\n\n\n\n<h2 class=\"has-cyan-bluish-gray-background-color has-background wp-block-heading\" id=\"h-recursos-de-criminal-stica-prof-alexandre-herculano\"><strong>Recursos de CRIMINAL\u00cdSTICA (Prof. Alexandre Herculano)<\/strong><\/h2>\n\n\n\n<h3 class=\"wp-block-heading\" id=\"h-cargo-agente-de-necropsia-1\">Cargo: Agente de Necropsia<\/h3>\n\n\n\n<p><strong><span class=\"has-inline-color has-vivid-cyan-blue-color\">Para a elabora\u00e7\u00e3o desses recursos, utilizamos o tipo de PROVA 4.<\/span><\/strong><\/p>\n\n\n\n<p><strong><em>Quest\u00e3o 47 \u2013 No desempenho de suas fun\u00e7\u00f5es, um agente de necropsia..<\/em>.<\/strong><\/p>\n\n\n\n<p><strong><span class=\"has-inline-color has-vivid-cyan-blue-color\">Coment\u00e1rios:<\/span><\/strong><\/p>\n\n\n\n<p>O edital n\u00e3o menciona as atribui\u00e7\u00f5es do agente de necropsia, logo, ao ser demandado em um local de crime, caberia o registro de todos os vest\u00edgios apontados pelo perito criminal. Vejamos o que mencionam os artigos 158-A e 164 do C\u00f3digo de Processo Penal:<\/p>\n\n\n\n<p><em>\u201c158-A (&#8230;)<\/em><\/p>\n\n\n\n<p><em>\u00a7 3\u00ba <strong>Vest\u00edgio<\/strong> \u00e9 todo objeto ou material bruto, vis\u00edvel ou latente, constatado ou recolhido, que se relaciona \u00e0 infra\u00e7\u00e3o penal.\u201d<\/em><\/p>\n\n\n\n<p><em>\u201cArt. 164. Os cad\u00e1veres ser\u00e3o sempre fotografados na posi\u00e7\u00e3o em que forem encontrados, bem como, na medida do poss\u00edvel, todas as les\u00f5es externas <strong>e vest\u00edgios deixados no local do crime<\/strong>.\u201d<\/em><\/p>\n\n\n\n<p>Assim, <strong><span class=\"has-inline-color has-vivid-red-color\">cabe anula\u00e7\u00e3o, pois as op\u00e7\u00f5es \u201cC\u201d e \u201cD\u201d seriam v\u00e1lidas.<\/span><\/strong><\/p>\n\n\n\n<h3 class=\"wp-block-heading\" id=\"h-cargo-perito-criminal\">Cargo: Perito Criminal<\/h3>\n\n\n\n<p><strong><span class=\"has-inline-color has-vivid-cyan-blue-color\">Para a elabora\u00e7\u00e3o desses recursos, utilizamos o tipo de PROVA 4.<\/span><\/strong><\/p>\n\n\n\n<p><strong><em>Quest\u00e3o 22 \u2013 Sobre a preserva\u00e7\u00e3o de local de acidente&#8230;<\/em><\/strong><\/p>\n\n\n\n<p><strong><span class=\"has-inline-color has-vivid-cyan-blue-color\">Coment\u00e1rios:<\/span><\/strong><\/p>\n\n\n\n<p>H\u00e1 diverg\u00eancias entre as normas envolvida. Entendo n\u00e3o ter uma op\u00e7\u00e3o nesta quest\u00e3o, pois o CTB destaca a possibilidade de libera\u00e7\u00e3o do tr\u00e2nsito quando n\u00e3o h\u00e1 v\u00edtimas. Vejamos: <em>\u201cDeixar o condutor, <strong>envolvido em acidente sem v\u00edtima<\/strong>, de adotar provid\u00eancias para remover o ve\u00edculo do local, quando necess\u00e1ria tal medida para assegurar a seguran\u00e7a e a fluidez do tr\u00e2nsito:\u201d<\/em><\/p>\n\n\n\n<p><strong><em>C\u00f3digo de Processo Penal<\/em><\/strong><\/p>\n\n\n\n<p><em>Art. 6\u00ba&nbsp; Logo que tiver conhecimento da pr\u00e1tica da infra\u00e7\u00e3o penal, a autoridade policial dever\u00e1:<\/em><\/p>\n\n\n\n<p><em>I &#8211; dirigir-se ao local, providenciando para que n\u00e3o se alterem o estado e conserva\u00e7\u00e3o das coisas, at\u00e9 a chegada dos peritos criminais;&nbsp;&nbsp;&nbsp;&nbsp;&nbsp;&nbsp;&nbsp;&nbsp;&nbsp; (Reda\u00e7\u00e3o dada pela Lei n\u00ba 8.862, de 28.3.1994)<\/em><\/p>\n\n\n\n<p><em>II &#8211; apreender os objetos que tiverem rela\u00e7\u00e3o com o fato, ap\u00f3s liberados pelos peritos criminais;&nbsp;&nbsp;&nbsp;&nbsp;&nbsp;&nbsp;&nbsp;&nbsp;&nbsp; (Reda\u00e7\u00e3o dada pela Lei n\u00ba 8.862, de 28.3.1994)<\/em><\/p>\n\n\n\n<p><em>III &#8211; colher todas as provas que servirem para o esclarecimento do fato e suas circunst\u00e2ncias;<\/em><\/p>\n\n\n\n<p><strong><em>C\u00f3digo de Tr\u00e2nsito Brasileiro<\/em><\/strong><\/p>\n\n\n\n<p><em>Art. 178. Deixar o condutor, envolvido em acidente sem v\u00edtima, de adotar provid\u00eancias para remover o ve\u00edculo do local, quando necess\u00e1ria tal medida para assegurar a seguran\u00e7a e a fluidez do tr\u00e2nsito:<\/em><\/p>\n\n\n\n<p><em>Infra\u00e7\u00e3o &#8211; m\u00e9dia;<\/em><\/p>\n\n\n\n<p><em>Penalidade &#8211; multa.<\/em><\/p>\n\n\n\n<p><strong><span class=\"has-inline-color has-vivid-red-color\">Dessa forma, entendo que n\u00e3o h\u00e1 op\u00e7\u00e3o. Deve ser anulada!<\/span><\/strong><\/p>\n\n\n\n<h2 class=\"has-cyan-bluish-gray-background-color has-background wp-block-heading\" id=\"h-recursos-de-inform-tica-prof-renato-da-costa\"><strong>Recursos de INFORM\u00c1TICA (Prof. Renato da Costa)<\/strong><\/h2>\n\n\n\n<h3 class=\"wp-block-heading\" id=\"h-cargo-agente-t-cnico-forense-1\">Cargo: Agente T\u00e9cnico Forense<\/h3>\n\n\n\n<p><strong><span class=\"has-inline-color has-vivid-cyan-blue-color\">Para a elabora\u00e7\u00e3o desses recursos, utilizamos o tipo de PROVA 1.<\/span><\/strong><\/p>\n\n\n\n<figure class=\"wp-block-image size-large is-resized\"><img loading=\"lazy\" decoding=\"async\" src=\"https:\/\/dhg1h5j42swfq.cloudfront.net\/2021\/07\/26173358\/image-564.png\" alt=\"\" class=\"wp-image-822319\" width=\"461\" height=\"363\"\/><\/figure>\n\n\n\n<p><strong><span class=\"has-inline-color has-vivid-cyan-blue-color\">Conte\u00fado program\u00e1tico:<\/span><\/strong><\/p>\n\n\n\n<figure class=\"wp-block-image size-large is-resized\"><img loading=\"lazy\" decoding=\"async\" src=\"https:\/\/dhg1h5j42swfq.cloudfront.net\/2021\/07\/26173408\/image-565.png\" alt=\"\" class=\"wp-image-822320\" width=\"829\" height=\"193\" srcset=\"https:\/\/dhg1h5j42swfq.cloudfront.net\/2021\/07\/26173408\/image-565.png 567w, https:\/\/dhg1h5j42swfq.cloudfront.net\/2021\/07\/26173408\/image-565-300x70.png 300w\" sizes=\"auto, (max-width: 829px) 100vw, 829px\" \/><\/figure>\n\n\n\n<p><strong><span class=\"has-inline-color has-vivid-red-color\">PLEITO: ANULA\u00c7\u00c3O<\/span><\/strong><\/p>\n\n\n\n<p>O enunciado versa sobre uma vers\u00e3o do Windows em desacordo com a proposta no edital, motivo pelo qual requeremos a anula\u00e7\u00e3o da quest\u00e3o.<\/p>\n\n\n\n<h3 class=\"wp-block-heading\" id=\"h-cargo-perito-criminal-1\">Cargo: Perito Criminal<\/h3>\n\n\n\n<p><strong><span class=\"has-inline-color has-vivid-cyan-blue-color\">Para a elabora\u00e7\u00e3o desses recursos, utilizamos o tipo de PROVA 4.<\/span><\/strong><\/p>\n\n\n\n<p><strong><em>Quest\u00e3o 19:<\/em><\/strong><\/p>\n\n\n\n<figure class=\"wp-block-image size-large is-resized\"><img loading=\"lazy\" decoding=\"async\" src=\"https:\/\/dhg1h5j42swfq.cloudfront.net\/2021\/07\/26175621\/image-571.png\" alt=\"\" class=\"wp-image-822354\" width=\"606\" height=\"410\" srcset=\"https:\/\/dhg1h5j42swfq.cloudfront.net\/2021\/07\/26175621\/image-571.png 486w, https:\/\/dhg1h5j42swfq.cloudfront.net\/2021\/07\/26175621\/image-571-300x203.png 300w\" sizes=\"auto, (max-width: 606px) 100vw, 606px\" \/><\/figure>\n\n\n\n<p>A quest\u00e3o apresenta como resposta a mem\u00f3ria cache (letra E) que \u00e9 uma mem\u00f3ria de alta velocidade e alto custo, infere-se que houve um equ\u00edvoco no enunciado pois onde se l\u00ea comparando deveria se ler contraditando para que a resposta e o enunciado fizessem sentido. Observa-se que n\u00e3o h\u00e1 uma combina\u00e7\u00e3o de fato entre os opostos, a mem\u00f3ria cache se enquadra especificamente na primeira proposi\u00e7\u00e3o onde se fala em alta velocidade e alto custo mas n\u00e3o tem nenhuma rela\u00e7\u00e3o com mem\u00f3rias de menor velocidade, maior tamanho e baixo custo.<\/p>\n\n\n\n<figure class=\"wp-block-image size-large is-resized\"><img loading=\"lazy\" decoding=\"async\" src=\"https:\/\/dhg1h5j42swfq.cloudfront.net\/2021\/07\/26175638\/image-572.png\" alt=\"\" class=\"wp-image-822355\" width=\"778\" height=\"188\" srcset=\"https:\/\/dhg1h5j42swfq.cloudfront.net\/2021\/07\/26175638\/image-572.png 567w, https:\/\/dhg1h5j42swfq.cloudfront.net\/2021\/07\/26175638\/image-572-300x72.png 300w\" sizes=\"auto, (max-width: 778px) 100vw, 778px\" \/><\/figure>\n\n\n\n<p>O uso da palavra combina\u00e7\u00e3o entre os opostos deixa a quest\u00e3o amb\u00edgua, portanto requeremos a anula\u00e7\u00e3o do item.<\/p>\n\n\n\n<p><strong>Bibliografia:<\/strong><\/p>\n\n\n\n<p><em>Inform\u00e1tica para concursos \u2013 Editora Impetus \u2013 Autor: Renato da Costa \u2013 P\u00e1gina 37<\/em><\/p>\n\n\n\n<figure class=\"wp-block-image size-large is-resized\"><img loading=\"lazy\" decoding=\"async\" src=\"https:\/\/dhg1h5j42swfq.cloudfront.net\/2021\/07\/26175703\/image-573.png\" alt=\"\" class=\"wp-image-822356\" width=\"818\" height=\"248\" srcset=\"https:\/\/dhg1h5j42swfq.cloudfront.net\/2021\/07\/26175703\/image-573.png 567w, https:\/\/dhg1h5j42swfq.cloudfront.net\/2021\/07\/26175703\/image-573-300x91.png 300w\" sizes=\"auto, (max-width: 818px) 100vw, 818px\" \/><\/figure>\n\n\n\n<h2 class=\"has-cyan-bluish-gray-background-color has-background wp-block-heading\" id=\"h-recursos-de-matem-tica-prof-jhoni-zini\"><strong>Recursos de MATEM\u00c1TICA (Prof. Jhoni Zini)<\/strong><\/h2>\n\n\n\n<h3 class=\"wp-block-heading\" id=\"h-cargo-perito-criminal-2\">Cargo: Perito Criminal<\/h3>\n\n\n\n<p><strong><span class=\"has-inline-color has-vivid-cyan-blue-color\">Para a elabora\u00e7\u00e3o desses recursos, utilizamos o tipo de PROVA 4.<\/span><\/strong><\/p>\n\n\n\n<p><u><strong><span class=\"has-inline-color has-black-color\">RECURSO QUEST\u00c3O 63<\/span><\/strong><\/u><\/p>\n\n\n\n<p><strong><span class=\"has-inline-color has-vivid-red-color\">Pedido: Anula\u00e7\u00e3o<\/span><\/strong><\/p>\n\n\n\n<p><strong>Justificativa<\/strong>:<\/p>\n\n\n\n<p>\u00c9 sabido, desde Euclides, que a bissetriz de um \u00e2ngulo A\u00d4B \u00e9 a semirreta SOC tal que A\u00d4C = C\u00d4B. Sendo a bissetriz uma semirreta, n\u00e3o faz sentido falar que \u201ca medida da bissetriz interna relativa ao \u00e2ngulo B \u00e9 igual a 5\u221a3 u , j\u00e1 que semirretas s\u00e3o infinitas. Dessa maneira a quest\u00e3o est\u00e1 mal formulada e inconsistente.<\/p>\n\n\n\n<hr class=\"wp-block-separator\"\/>\n\n\n\n<p><strong><span class=\"has-inline-color has-black-color\">RECURSO QUEST\u00c3O 64<\/span><\/strong><\/p>\n\n\n\n<p><strong><span class=\"has-inline-color has-vivid-red-color\">PEDIDO: ANULA\u00c7\u00c3O<\/span><\/strong><\/p>\n\n\n\n<p><strong>JUSTIFICATIVA<\/strong>: Com as informa\u00e7\u00f5es apresentadas, todas as alternativas poderiam ser marcadas.<\/p>\n\n\n\n<p>Para ilustrar, temos abaixo as montagens, usando rigorosamente as informa\u00e7\u00f5es dadas no texto, que tornam correta cada alternativa.<\/p>\n\n\n\n<p><strong><u>Alternativa A correta:<\/u><\/strong><\/p>\n\n\n\n<figure class=\"wp-block-image size-large\"><img loading=\"lazy\" decoding=\"async\" width=\"522\" height=\"425\" src=\"https:\/\/dhg1h5j42swfq.cloudfront.net\/2021\/07\/26173949\/image-566.png\" alt=\"\" class=\"wp-image-822324\" srcset=\"https:\/\/dhg1h5j42swfq.cloudfront.net\/2021\/07\/26173949\/image-566.png 522w, https:\/\/dhg1h5j42swfq.cloudfront.net\/2021\/07\/26173949\/image-566-300x244.png 300w\" sizes=\"auto, (max-width: 522px) 100vw, 522px\" \/><\/figure>\n\n\n\n<p>Nesse caso, 40 pessoas teriam comprovado os itens 1 e 3.<\/p>\n\n\n\n<p><strong><u>Alternativa B correta:<\/u><\/strong><\/p>\n\n\n\n<figure class=\"wp-block-image size-large\"><img loading=\"lazy\" decoding=\"async\" width=\"508\" height=\"418\" src=\"https:\/\/dhg1h5j42swfq.cloudfront.net\/2021\/07\/26174025\/image-567.png\" alt=\"\" class=\"wp-image-822325\" srcset=\"https:\/\/dhg1h5j42swfq.cloudfront.net\/2021\/07\/26174025\/image-567.png 508w, https:\/\/dhg1h5j42swfq.cloudfront.net\/2021\/07\/26174025\/image-567-300x247.png 300w\" sizes=\"auto, (max-width: 508px) 100vw, 508px\" \/><\/figure>\n\n\n\n<p>Nesse caso, 60 candidatos teriam comprovado os itens 1 e 3.<\/p>\n\n\n\n<p><strong><u>Alternativa C correta:<\/u><\/strong><\/p>\n\n\n\n<figure class=\"wp-block-image size-large\"><img loading=\"lazy\" decoding=\"async\" width=\"498\" height=\"421\" src=\"https:\/\/dhg1h5j42swfq.cloudfront.net\/2021\/07\/26174053\/image-568.png\" alt=\"\" class=\"wp-image-822326\" srcset=\"https:\/\/dhg1h5j42swfq.cloudfront.net\/2021\/07\/26174053\/image-568.png 498w, https:\/\/dhg1h5j42swfq.cloudfront.net\/2021\/07\/26174053\/image-568-300x254.png 300w\" sizes=\"auto, (max-width: 498px) 100vw, 498px\" \/><\/figure>\n\n\n\n<p>Nesse caso, 80 candidatos teriam comprovado os itens 1 e 3.<\/p>\n\n\n\n<p><strong><u>Alternativa D correta:<\/u><\/strong><\/p>\n\n\n\n<figure class=\"wp-block-image size-large\"><img loading=\"lazy\" decoding=\"async\" width=\"494\" height=\"421\" src=\"https:\/\/dhg1h5j42swfq.cloudfront.net\/2021\/07\/26174118\/image-569.png\" alt=\"\" class=\"wp-image-822328\" srcset=\"https:\/\/dhg1h5j42swfq.cloudfront.net\/2021\/07\/26174118\/image-569.png 494w, https:\/\/dhg1h5j42swfq.cloudfront.net\/2021\/07\/26174118\/image-569-300x256.png 300w\" sizes=\"auto, (max-width: 494px) 100vw, 494px\" \/><\/figure>\n\n\n\n<p>Nesse caso, 82 candidatos teriam comprovado os itens 1 e 3.<\/p>\n\n\n\n<p><strong><u>Alternativa E correta:<\/u><\/strong><\/p>\n\n\n\n<figure class=\"wp-block-image size-large\"><img loading=\"lazy\" decoding=\"async\" width=\"463\" height=\"407\" src=\"https:\/\/dhg1h5j42swfq.cloudfront.net\/2021\/07\/26174143\/image-570.png\" alt=\"\" class=\"wp-image-822329\" srcset=\"https:\/\/dhg1h5j42swfq.cloudfront.net\/2021\/07\/26174143\/image-570.png 463w, https:\/\/dhg1h5j42swfq.cloudfront.net\/2021\/07\/26174143\/image-570-300x264.png 300w\" sizes=\"auto, (max-width: 463px) 100vw, 463px\" \/><\/figure>\n\n\n\n<p>Nesse caso, 85 candidatos teriam comprovado os itens 1 e 3<\/p>\n\n\n\n<h2 class=\"has-cyan-bluish-gray-background-color has-background wp-block-heading\" id=\"h-recursos-de-qu-mica-prof-diego-souza\"><strong>Recursos de QU\u00cdMICA (Prof. Diego Souza)<\/strong><\/h2>\n\n\n\n<h3 class=\"wp-block-heading\" id=\"h-cargo-perito-criminal-3\">Cargo: Perito Criminal<\/h3>\n\n\n\n<p><strong><span class=\"has-inline-color has-vivid-cyan-blue-color\">Para a elabora\u00e7\u00e3o desses recursos, utilizamos o tipo de PROVA 4.<\/span><\/strong><\/p>\n\n\n\n<p><strong><em>Quest\u00e3o 96 da Prova Tipo 4<\/em><\/strong><\/p>\n\n\n\n<p><strong><em>Sob condi\u00e7\u00f5es adequadas e na presen\u00e7a de oxig\u00eanio, a prata met\u00e1lica pode ser oxidada, de acordo com a rea\u00e7\u00e3o que segue:<\/em><\/strong><\/p>\n\n\n\n<p>4 Ag<sub>(s)<\/sub> + O<sub>2(g)<\/sub> + 4 H<sup>+<\/sup><sub>(aq)<\/sub> \u2192 4 Ag<sup>+<\/sup><sub>(aq)<\/sub> + 2 H<sub>2<\/sub>O<sub>(l)<\/sub><\/p>\n\n\n\n<p>Com base nessa rea\u00e7\u00e3o, o valor de varia\u00e7\u00e3o de energia livre de Gibbs padr\u00e3o (\u0394G<sup>0<\/sup>) \u00e9, aproximadamente, igual a<\/p>\n\n\n\n<p>Dados: E<sup>0<\/sup> Ag<sup>+<\/sup>\/Ag<sup>0<\/sup> = -0,80 V; E<sup>0<\/sup> O<sub>2(g)<\/sub>\/H<sub>2<\/sub>O = 1,23 V; Constante de Faraday (F) = 96500 C mol<sup>-1<\/sup><\/p>\n\n\n\n<p>(A) 83 kJ mol<sup>-1<\/sup><\/p>\n\n\n\n<p>(B) 1,7&#215;10<sup>5<\/sup> kJ mol<sup>-1<\/sup><\/p>\n\n\n\n<p>(C) \u2013 7,8 x 10<sup>5<\/sup> J mol<sup>-1<\/sup><\/p>\n\n\n\n<p>(D) \u2013 170 kJ mol<sup>-1<\/sup><\/p>\n\n\n\n<p>(E) \u2013 83 kJ mol<sup>-1<\/sup><\/p>\n\n\n\n<p><strong>Considera\u00e7\u00f5es pr\u00e9vias:<\/strong><\/p>\n\n\n\n<p><strong><span class=\"has-inline-color has-vivid-red-color\">Pleito: Altera\u00e7\u00e3o de gabarito<\/span><\/strong><\/p>\n\n\n\n<p><strong>Coment\u00e1rio (argumenta\u00e7\u00e3o)<\/strong><\/p>\n\n\n\n<p>A varia\u00e7\u00e3o de energia livre de Gibbs (\u0394G) de um eletrodo funcionando reversivelmente se relaciona com o seu potencial por meio da seguinte equa\u00e7\u00e3o:<\/p>\n\n\n\n<p>\u0394G = &#8211; n.F.E<\/p>\n\n\n\n<p>A 25\u00baC e 1 atm de press\u00e3o, pode ser escrita como<\/p>\n\n\n\n<p>\u0394G<sup>0<\/sup> = &#8211; n.F.E<sup>0<\/sup><\/p>\n\n\n\n<p>em que E<sup>0<\/sup> corresponde ao potencial padr\u00e3o da c\u00e9lula galv\u00e2nica<\/p>\n\n\n\n<p>E<sup>0<\/sup> = E<sup>0<\/sup><sub>(c\u00e1todo)<\/sub> \u2013 E<sup>0<\/sup><sub>(\u00e2nodo)<\/sub><\/p>\n\n\n\n<p>Na rea\u00e7\u00e3o de oxirredu\u00e7\u00e3o informada no enunciado, o c\u00e1todo \u00e9 representado pela semirrea\u00e7\u00e3o de redu\u00e7\u00e3o O<sub>2(s)<\/sub>\/H<sub>2<\/sub>O e o \u00e2nodo pela oxida\u00e7\u00e3o Ag<sup>+<\/sup>\/Ag<sup>0<\/sup>. Considerando que na rea\u00e7\u00e3o balanceada s\u00e3o transferidos 4 el\u00e9trons da esp\u00e9cie redutora (Ag<sub>(s)<\/sub>) para a oxidante (O<sub>2(g)<\/sub>) e aplicando os valores informados no enunciado \u00e0 equa\u00e7\u00e3o de \u0394G<sup>0<\/sup>, tem-se:<\/p>\n\n\n\n<p>\u0394G<sup>0<\/sup> = &#8211; n . F . (E<sup>0<\/sup><sub>(c\u00e1todo)<\/sub> \u2013 E<sup>0<\/sup><sub>(\u00e2nodo)<\/sub>)<\/p>\n\n\n\n<p>\u0394G<sup>0<\/sup> = &#8211; 4 . 96500 . (1,23 \u2013 (-0,80))<\/p>\n\n\n\n<p>\u0394G<sup>0<\/sup> = &#8211; 7,84.10<sup>5<\/sup> J mol<sup>-1<\/sup><\/p>\n\n\n\n<p>O resultado \u00e9 compat\u00edvel com o valor apresentado na alternativa C e n\u00e3o na alternativa D como informa o gabarito preliminar da banca. Muito embora tenha sido fornecido o valor de E<sup>0<\/sup> Ag<sup>+<\/sup>\/Ag<sup>0<\/sup> com sinal invertido no enunciado, o candidato est\u00e1 adstrito \u00e0s informa\u00e7\u00f5es delimitadas no enunciado.<\/p>\n\n\n\n<p>Com base no exposto e discutido, fica demonstrado que a alternativa correta diverge da apontada no gabarito preliminar. Sendo assim, o candidato confia na compreens\u00e3o da Banca para alterar o gabarito da quest\u00e3o de D para C.<\/p>\n\n\n\n<p><strong>Refer\u00eancias<\/strong><\/p>\n\n\n\n<p>GENTIL, Vicente. <strong>Corros\u00e3o<\/strong>. Grupo Gen-LTC, 2000.<\/p>\n\n\n\n<p>ATKINS, Peter; JONES, Loretta; LAVERMAN, Leroy. <strong>Princ\u00edpios de Qu\u00edmica: Questionando a Vida Moderna e o Meio Ambiente<\/strong>. Bookman Editora, 2018.<\/p>\n\n\n\n<p>KOTZ, J. C. et al. <strong>Qu\u00edmica geral e rea\u00e7\u00f5es qu\u00edmicas<\/strong>, tradu\u00e7\u00e3o. Brasil: Cengage Learning, v. 1, 2016.<\/p>\n\n\n\n<hr class=\"wp-block-separator\"\/>\n\n\n\n<p><strong><em>Quest\u00e3o 92 da Prova Tipo 4<\/em><\/strong><\/p>\n\n\n\n<p><strong><em>Assinale a alternativa na qual N\u00c3O \u00e9 poss\u00edvel atingir o equil\u00edbrio:<\/em><\/strong><\/p>\n\n\n\n<p>CaCO<sub>3(s)<\/sub> D CaO<sub>(s)<\/sub> + CO<sub>2(g)<\/sub><\/p>\n\n\n\n<p>sabendo que cada uma das seguintes misturas (ou uma dada subst\u00e2ncia) est\u00e1 contida em um recipiente fechado sob determinada temperatura em repouso.<\/p>\n\n\n\n<p>(A) CaCO<sub>3(s)<\/sub> e CaO<sub>(s)<\/sub>.<\/p>\n\n\n\n<p>(B) CaCO<sub>3(s)<\/sub> e CO<sub>2(s)<\/sub> a uma press\u00e3o maior que o valor de K<sub>p<\/sub>.<\/p>\n\n\n\n<p>(C) CaCO<sub>3(s)<\/sub>.<\/p>\n\n\n\n<p>(D) CaO<sub>(s)<\/sub> e CO<sub>2(s)<\/sub> a uma press\u00e3o maior que o valor de K<sub>p<\/sub>.<\/p>\n\n\n\n<p>(E) CaCO<sub>3(s)<\/sub>, CaO<sub>(s)<\/sub> e CO<sub>2(g)<\/sub>.<\/p>\n\n\n\n<p><strong>Considera\u00e7\u00f5es pr\u00e9vias:<\/strong><\/p>\n\n\n\n<p>Embora, em nossa an\u00e1lise para o gabarito extraoficial, tenhamos apontado corretamente o poss\u00edvel gabarito preliminar da banca, entendo que o enunciado foi incompleto, impossibilitando o candidato decidir entre as alternativas A e B conforme explico na argumenta\u00e7\u00e3o a seguir para ajud\u00e1-los a embasar o recurso.<\/p>\n\n\n\n<p><span class=\"has-inline-color has-vivid-red-color\"><strong>Pleito<\/strong>: <strong>Anula\u00e7\u00e3o<\/strong><\/span><\/p>\n\n\n\n<p><strong>Coment\u00e1rio (argumenta\u00e7\u00e3o)<\/strong><\/p>\n\n\n\n<p>A quest\u00e3o exigia dos candidatos conhecimentos acerca de equil\u00edbrio qu\u00edmico din\u00e2mico em que, ao mesmo tempo que parte do CaCO<sub>3(s)<\/sub> se decomp\u00f5em em CaO<sub>(s)<\/sub> e CO<sub>2(g)<\/sub>, tamb\u00e9m ocorre a rea\u00e7\u00e3o no sentido inverso em que os produtos recomp\u00f5em o produto CaCO<sub>3(s)<\/sub>.<\/p>\n\n\n\n<p>As tr\u00eas esp\u00e9cies (produtos e reagente) presentes no equil\u00edbrio podem ser obtidas mesmo que alguma delas n\u00e3o estivesse inicialmente presente no recipiente, j\u00e1 que o equil\u00edbrio \u00e9 din\u00e2mico e, por exemplo, o CaCO<sub>3(s)<\/sub> poderia se decompor em CaO<sub>(s)<\/sub> e CO<sub>2(g)<\/sub>.<\/p>\n\n\n\n<p>Para que o equil\u00edbrio mencionado n\u00e3o seja alcan\u00e7ado, algum fator externo (exemplos: temperatura ou press\u00e3o) deve impedir a forma\u00e7\u00e3o das tr\u00eas esp\u00e9cies envolvidas (CaCO<sub>3(s)<\/sub>, CaO<sub>(s)<\/sub> e CO<sub>2(g)<\/sub>) no interior do recipiente.<\/p>\n\n\n\n<p>Na alternativa B, gabarito informado, a press\u00e3o superior ao valor de K<sub>b<\/sub>, segundo princ\u00edpio de Le Ch\u00e2telier, deslocar\u00e1 o equil\u00edbrio qu\u00edmico para o sentido do reagente por apresentar menor volume em rela\u00e7\u00e3o aos produtos. Esse efeito da press\u00e3o dificultar\u00e1 que a rea\u00e7\u00e3o ocorra no sentido de decomposi\u00e7\u00e3o do CaCO<sub>3(s)<\/sub>, ou seja, de forma\u00e7\u00e3o de produtos, CaO<sub>(s)<\/sub> e CO<sub>2(g)<\/sub>, e, como aquele \u00f3xido n\u00e3o foi adicionado inicialmente, pode n\u00e3o ser formado e o equil\u00edbrio n\u00e3o alcan\u00e7ado.<\/p>\n\n\n\n<p>Por outro lado, na alternativa B, o equil\u00edbrio tamb\u00e9m N\u00c3O poderia ser atingido caso a press\u00e3o fosse suficientemente elevada para manter o g\u00e1s carb\u00f4nico no estado s\u00f3lido, pois participa do equil\u00edbrio din\u00e2mico na forma gasosa e, portanto, s\u00f3 neste estado f\u00edsico da mat\u00e9ria poderia reagir com CaO<sub>(s)<\/sub> para formar o reagente CaCO<sub>3(s)<\/sub>, esp\u00e9cie n\u00e3o adicionada inicialmente.<\/p>\n\n\n\n<p>Com base no exposto e discutido, fica demonstrado que tanto enunciado quanto as alternativas B e D n\u00e3o forneceram dados suficientes para o candidato inferir se o g\u00e1s carb\u00f4nico poderia sublimar ou se permaneceria no estado s\u00f3lido, possibilitando, portanto, duas alternativas como gabarito.<\/p>\n\n\n\n<p>Por isso mesmo, o candidato confia na compreens\u00e3o da Banca para anular o item.<\/p>\n\n\n\n<p><strong>Refer\u00eancias<\/strong><\/p>\n\n\n\n<p>ATKINS, Peter; JONES, Loretta; LAVERMAN, Leroy. <strong>Princ\u00edpios de Qu\u00edmica: Questionando a Vida Moderna e o Meio Ambiente<\/strong>. Bookman Editora, 2018.<\/p>\n\n\n\n<p>CASTELLAN, G. <strong>Fundamentos de F\u00edsico-Qu\u00edmica<\/strong>, 1 edi\u00e7\u00e3o. Rio de Janeiro: LTC S, 1986.<\/p>\n\n\n\n<p>KOTZ, J. C. et al. <strong>Qu\u00edmica geral e rea\u00e7\u00f5es qu\u00edmicas<\/strong>, tradu\u00e7\u00e3o. Brasil: Cengage Learning, v. 1, 2016.<\/p>\n\n\n\n<hr class=\"wp-block-separator\"\/>\n\n\n\n<p><strong><em>Quest\u00e3o 95 da Prova Tipo 4<\/em><\/strong><\/p>\n\n\n\n<p><strong>A rea\u00e7\u00e3o entre o benzoato de etila e o hidr\u00f3xido de s\u00f3dio tem como produtos<\/strong><\/p>\n\n\n\n<p>(A) fenol e et\u00f3xido de s\u00f3dio<\/p>\n\n\n\n<p>(B) \u00e1icdo benz\u00f3ico e etanol<\/p>\n\n\n\n<p>(C) \u00e1cido benz\u00f3ico e et\u00f3xido de s\u00f3dio<\/p>\n\n\n\n<p>(D) benzoato de s\u00f3dio e \u00edon et\u00f3xido<\/p>\n\n\n\n<p>(E) benzoato de s\u00f3dio e etanol<\/p>\n\n\n\n<p><span class=\"has-inline-color has-vivid-red-color\"><strong>Pleito:<\/strong> <strong>Anula\u00e7\u00e3o por extrapolar o conte\u00fado do edital.<\/strong><\/span><\/p>\n\n\n\n<p><strong>Coment\u00e1rios (argumenta\u00e7\u00e3o)<\/strong><\/p>\n\n\n\n<p>A quest\u00e3o exigia dos candidatos conhecimentos sobre rea\u00e7\u00f5es org\u00e2nicas, n\u00e3o previsto no conte\u00fado program\u00e1tico para o cargo Perito Criminal \u2013 \u00c1rea Geral. Rea\u00e7\u00f5es org\u00e2nicas \u00e9 um t\u00f3pico abordado \u00e0 parte de \u201c<strong>fundamentos da qu\u00edmica org\u00e2nica<\/strong>\u201d, \u00fanico conte\u00fado de qu\u00edmica org\u00e2nica previsto no conte\u00fado exigido para o cargo. Tal separa\u00e7\u00e3o \u00e9 observada nas principais bibliografias da \u00e1rea (Solomons, 2012; Allinger, 1974; Clayden, 2012; McMurry, 2011).<\/p>\n\n\n\n<p>No ANEXO II do Edital de Concurso P\u00fablico N\u00ba 001\/2021 do Instituto T\u00e9cnico-Cient\u00edfico de Per\u00edcia (ITEP-RN), a pr\u00f3pria banca organizadora deixa claro que, quando ela objetiva avaliar conhecimentos sobre rea\u00e7\u00f5es org\u00e2nicas, explicita no conte\u00fado program\u00e1tico como fez para o cargo PERITO CRIMINAL \u2013 ENGENHARIA QU\u00cdMICA \/ QU\u00cdMICA, conforme trecho do anexo transcrito a seguir:<\/p>\n\n\n\n<p>4. QU\u00cdMICA ORG\u00c2NICA. 4.1 <strong>Fundamentos da qu\u00edmica org\u00e2nica<\/strong>. 4.2 Grupos funcionais. 4.2.1 Nomenclatura. 4.2.2 Propriedades e <strong>rea\u00e7\u00f5es dos compostos org\u00e2nicos<\/strong>. 4.3 Estereoqu\u00edmica. 4.4 Bioqu\u00edmica.<\/p>\n\n\n\n<p>Ademais, no mesmo trecho transcrito do anexo do edital do concurso do ITEP-RN, fica claro tamb\u00e9m que rea\u00e7\u00f5es org\u00e2nicas e fundamentos da qu\u00edmica org\u00e2nica s\u00e3o considerados t\u00f3picos apartados pela banca.<\/p>\n\n\n\n<p>Com base no exposto e discutido, fica demonstrado que os assuntos cobrados nas alternativas B (gabarito da quest\u00e3o) e D extrapolam os objetos de avalia\u00e7\u00e3o definidos no edital de abertura do concurso da PC-PA.<\/p>\n\n\n\n<p><strong>Refer\u00eancias<\/strong><\/p>\n\n\n\n<p>Solomons, T. W. G.; Fryhle, C. B.;&nbsp;<strong>Qu\u00edmica Org\u00e2nica<\/strong>, 10a ed., vol.1 e 2, LTC Livros T\u00e9cnicos e &nbsp;Cient\u00edficos Editora S.A., RJ, 2012.<\/p>\n\n\n\n<p>McMurry, J.;&nbsp;<strong>Qu\u00edmica Org\u00e2nica<\/strong>, 7\u00aa ed. Combo, Cengage Learning, S\u00e3o Paulo, 2011.<\/p>\n\n\n\n<p>Clayden, J.; Greeves, N.; Warren, S.;&nbsp;<strong>Organic Chemistry<\/strong>, Oxford University Press, Oxford, 2012.<\/p>\n\n\n\n<p>ALLINGER, Norman L.&nbsp;<strong>Qu\u00edmica org\u00e2nica<\/strong>. Revert\u00e9, 1974.<\/p>\n\n\n\n<p>NELSON, David L.; COX, Michael M.&nbsp;<strong>Princ\u00edpios de Bioqu\u00edmica de Lehninger-7<\/strong>. Artmed Editora, 2018.<\/p>\n\n\n\n<h2 class=\"has-cyan-bluish-gray-background-color has-background wp-block-heading\" id=\"h-recursos-de-biologia-prof-andr-d-vila\"><strong>Recursos de BIOLOGIA (Prof. Andr\u00e9 D&#8217;\u00c1vila)<\/strong><\/h2>\n\n\n\n<h3 class=\"wp-block-heading\" id=\"h-cargo-agente-de-necropsia-2\">Cargo: Agente de Necropsia<\/h3>\n\n\n\n<p><strong><span class=\"has-inline-color has-vivid-cyan-blue-color\">Para a elabora\u00e7\u00e3o desses recursos, utilizamos o tipo de PROVA 4.<\/span><\/strong><\/p>\n\n\n\n<p><strong>Quest\u00e3o 75.<\/strong><\/p>\n\n\n\n<p><strong>Considerando a anatomia do corpo humano, referente aos sistemas circulat\u00f3rio aberto e fechado&#8230;<\/strong><\/p>\n\n\n\n<p><strong>Coment\u00e1rio:<\/strong><\/p>\n\n\n\n<p>Trata-se de quest\u00e3o que foge do conte\u00fado do edital, consistindo em mat\u00e9ria adstrita aos conhecimentos de fisiologia comparativa, tratando de assunto abordado no estudo evolutivo dos sistemas corporais dos animais<sup>1<\/sup>.<\/p>\n\n\n\n<p>Ademais, a alternativa correta apontada pela banca (alternativa D) afirma que o sistema circulat\u00f3rio aberto \u00e9 mais eficiente do que o sistema circulat\u00f3rio fechado, fato que n\u00e3o se sustenta no paradigma do conhecimento acad\u00eamico atual, j\u00e1 que neste tipo de sistema o sangue ou hemolinfa circulam mais lentamente, o que atrasa o transporte de gases e nutrientes para os tecidos.<\/p>\n\n\n\n<p>Aprofundando nesse tema, Reiber e MacGaw<sup>2<\/sup> demonstram que apesar da disparidade na efici\u00eancia apresentada pelos diferentes sistemas, h\u00e1 n\u00edveis de complexidade observadas no sistema circulat\u00f3rio de alguns taxa dos metazoa que podem ser levados em conta para repensar o paradigma entre os tipos de circula\u00e7\u00e3o tratados nesta quest\u00e3o.<\/p>\n\n\n\n<p>Assim, pelos motivos elencados, <strong><span class=\"has-inline-color has-vivid-red-color\">pode-se requerer a anula\u00e7\u00e3o da quest\u00e3o.<\/span><\/strong><\/p>\n\n\n\n<p><strong>Bibliografia:<\/strong><\/p>\n\n\n\n<ol class=\"wp-block-list\" type=\"1\"><li>AMABIS, J.M. Biologia Moderna: Amabis &amp; Martho. 1ed. Ed. Moderna. 2016.<\/li><li>REIBER, C.L.. MCGAW, I. J.. A Review of the \u201cOpen\u201d and \u201cClosed\u201d Circulatory Systems: New Terminology for Complex Invertebrate Circulatory Systems in Light of Current Findings. International Journal of Zoology. 2009.<\/li><\/ol>\n\n\n\n<h3 class=\"wp-block-heading\" id=\"h-cargo-perito-criminal-4\">Cargo: Perito Criminal<\/h3>\n\n\n\n<p><strong><span class=\"has-inline-color has-vivid-cyan-blue-color\">Para a elabora\u00e7\u00e3o desses recursos, utilizamos o tipo de PROVA 4.<\/span><\/strong><\/p>\n\n\n\n<p><strong>Quest\u00e3o 47.<\/strong><\/p>\n\n\n\n<p><strong>Considerando os processos citol\u00f3gicos que embasam o funcionamento do organismo&#8230;<\/strong><\/p>\n\n\n\n<p>O gabarito preliminar apresenta a alternativa A como correta. Nelas temos a afirma\u00e7\u00e3o de que todos os n\u00facleos das c\u00e9lulas diferenciadas do corpo, exceto os linf\u00f3citos, mant\u00eam os genes originalmente presentes no zigoto.<\/p>\n\n\n\n<p>Os linf\u00f3citos sofrem um processo de recombina\u00e7\u00e3o som\u00e1tica, no qual genes relacionados a variabilidade antig\u00eanica sofrem rearranjos no processo de matura\u00e7\u00e3o tanto de linf\u00f3citos T como linf\u00f3citos B. Observa-se entretanto que n\u00e3o se trata do surgimento de novos genes ou de sua dele\u00e7\u00e3o, mas do rearranjo, ou da reorganiza\u00e7\u00e3o dos genes VDJ, entre outros<sup>1<\/sup>. Assim, o texto da alternativa resta duvidoso acerca da presen\u00e7a destes genes nos n\u00facleos dos linf\u00f3citos. Em termo, os genes se apresentam nos n\u00facleos destas c\u00e9lulas do sistema imune, mas em organiza\u00e7\u00e3o distinta daquela observada no zigoto.<\/p>\n\n\n\n<p><strong><span class=\"has-inline-color has-vivid-red-color\">Assim, trata-se de quest\u00e3o pass\u00edvel de anula\u00e7\u00e3o.<\/span><\/strong><\/p>\n\n\n\n<hr class=\"wp-block-separator\"\/>\n\n\n\n<p><strong>Quest\u00e3o 50.<\/strong><\/p>\n\n\n\n<p><strong>Os efeitos danosos causados pela coca\u00edna&#8230;<\/strong><\/p>\n\n\n\n<p>A quest\u00e3o aborda de forma controversa tema que foge do edital, sendo este compreendido na grande \u00e1rea da Toxicologia.<\/p>\n\n\n\n<p>No gabarito preliminar a banca aponta como correta a alternativa E, constando a necrose cerebral como algo que se encaixaria no dano citol\u00f3gico detect\u00e1vel em exame laboratorial. No entanto, o uso cont\u00ednuo associado a longos per\u00edodos pode tamb\u00e9m aumentar o t\u00f4nus simp\u00e1tico gerando taquicardia intensa, que pode levar a isquemia card\u00edaca por falta de irriga\u00e7\u00e3o coron\u00e1ria, gerando infartos<sup>2<\/sup>.&nbsp; Nestes casos, a necrose mioc\u00e1rdica eleva marcadores sens\u00edveis ao eletrocardiograma e marcadores bioqu\u00edmicos como CK-MB e troponina. Nesta esteira, a alternativa B n\u00e3o pode ser descartada. &nbsp;<\/p>\n\n\n\n<p>Sob o argumento de duplicidade na possibilidade de resposta, bem como abordagem de tema que foge ao edital, a <strong><span class=\"has-inline-color has-vivid-red-color\">quest\u00e3o \u00e9 pass\u00edvel de anula\u00e7\u00e3o.<\/span><\/strong><\/p>\n\n\n\n<p><strong>Bibliografia:<\/strong><\/p>\n\n\n\n<ol class=\"wp-block-list\" type=\"1\"><li>MARTI, L.C. Et Al.. Lymphoid hematopoiesis and lymphocyte differentiation and maturation. 2017. DOI: 10.5772\/intechopen.69058.<\/li><li>FLANAGAN, R.J. Et. A.. Fundamentals of analytical toxicology. Ed. Wiley. 2007.<\/li><\/ol>\n\n\n\n<h2 class=\"has-cyan-bluish-gray-background-color has-background wp-block-heading\" id=\"h-recursos-de-portugu-s-prof-patr-cia-manzato\"><strong>Recursos de PORTUGU\u00caS (Prof. Patr\u00edcia Manzato)<\/strong><\/h2>\n\n\n\n<h3 class=\"wp-block-heading\" id=\"h-cargo-agente-de-necropsia-3\">Cargo: Agente de Necropsia<\/h3>\n\n\n\n<p><strong><span class=\"has-inline-color has-vivid-cyan-blue-color\">Para a elabora\u00e7\u00e3o desses recursos, utilizamos o tipo de PROVA 4.<\/span><\/strong><\/p>\n\n\n\n<p><strong>01. (AOCP\/ITEP-RN\/2021<\/strong>)<\/p>\n\n\n\n<p><strong>Gabarito<\/strong>&nbsp;<strong>da Banca<\/strong>: Letra A<\/p>\n\n\n\n<p><strong>Gabarito pleiteado:<\/strong>&nbsp;<strong><span class=\"has-inline-color has-vivid-red-color\">ANULA\u00c7\u00c3O<\/span><\/strong><\/p>\n\n\n\n<p><strong>Fundamento para Recurso<\/strong>:<\/p>\n\n\n\n<p>A quest\u00e3o de n\u00famero 01 traz o seguinte enunciado: \u201cEm, \u2018Entretanto, <strong><u>\u00e0 medida que<\/u><\/strong> vamos crescendo, come\u00e7amos a aprender (&#8230;)\u2019, o termo em destaque poderia ser substitu\u00eddo, sem que isso modificasse o sentido do excerto por\u201d. A resposta correta, de acordo com o gabarito preliminar, \u00e9 Letra A: conforme.<\/p>\n\n\n\n<p>Dada essa afirma\u00e7\u00e3o, nota-se que h\u00e1 duas alternativas corretas, como ser\u00e1 demonstrado a seguir.<\/p>\n\n\n\n<p>A ideia que o trecho passa \u00e9 de duas a\u00e7\u00f5es que acontecem simultaneamente: (i) crescer e (ii) come\u00e7ar a aprender.<\/p>\n\n\n\n<p>Al\u00e9m disso, entende-se que a locu\u00e7\u00e3o \u201c\u00e0 medida que\u201d, que inicia ora\u00e7\u00e3o subordinada adverbial, &nbsp;tradicionalmente, tem valor de proporcionalidade. Corroboram com esse entendimento BECHARA (\u201cModerna Gram\u00e1tica Portuguesa\u201d. Lucerna, 2001) e CEGALLA (\u201cModerna Gram\u00e1tica Portuguesa\u201d. Nacional, 2008).<\/p>\n\n\n\n<p>Contudo, a manuten\u00e7\u00e3o do sentido original da ora\u00e7\u00e3o tamb\u00e9m \u00e9 mantido ao se substituir por \u201cao mesmo tempo em que\u201d, pois, frise-se, no contexto em que a ora\u00e7\u00e3o est\u00e1 inserido, \u00e9 poss\u00edvel a leitura das a\u00e7\u00f5es acontecerem concomitantemente.<\/p>\n\n\n\n<p>Diante do exposto, n\u00e3o h\u00e1 como manter o gabarito, pois h\u00e1 duas respostas corretas para a quest\u00e3o, o que a inviabiliza. Por isso, requer a ANULA\u00c7\u00c3O da quest\u00e3o.<\/p>\n\n\n\n<hr class=\"wp-block-separator\"\/>\n\n\n\n<p><strong>07. (AOCP\/ITEP-RN\/2021<\/strong>)<\/p>\n\n\n\n<p><strong>Gabarito<\/strong>&nbsp;<strong>da Banca<\/strong>: Letra A<\/p>\n\n\n\n<p><strong>Gabarito pleiteado:<\/strong>&nbsp;<strong><span class=\"has-inline-color has-vivid-red-color\">Letra E<\/span><\/strong><\/p>\n\n\n\n<p><strong>Fundamento para Recurso<\/strong>:<\/p>\n\n\n\n<p>A quest\u00e3o de n\u00famero 07 traz o seguinte enunciado: \u201cA partir da leitura do texto\u201d. A resposta correta, de acordo com o gabarito preliminar, \u00e9 Letra A: o \u201csapiens\u201d (equivalentes a \u201cser humano\u201d) est\u00e1 em desvantagem no quesito agilidade em compara\u00e7\u00e3o com as moscas.<\/p>\n\n\n\n<p>Dada essa afirma\u00e7\u00e3o, nota-se um equ\u00edvoco ao considerar a afirma\u00e7\u00e3o como correta.<\/p>\n\n\n\n<p>De acordo com texto, em sua \u00faltima ora\u00e7\u00e3o, \u00e9 na perspectiva das moscas que o \u201csapiens\u201d tem desvantagem, ou seja, n\u00e3o se confirma como ponto de vista do autor.<\/p>\n\n\n\n<p>Al\u00e9m disso, n\u00e3o se pode deixar de considerar o uso estil\u00edstico dos travess\u00f5es de explica\u00e7\u00e3o. BECHARA (\u201cModerna Gram\u00e1tica Portuguesa\u201d. Lucerna, 2001) e CEGALLA (\u201cModerna Gram\u00e1tica Portuguesa\u201d. Nacional, 2008) t\u00eam o posicionamento no sentido de que se emprega o travess\u00e3o duplo para (i) isolar ora\u00e7\u00f5es intercaladas; (ii) <strong>assinalar (no meio do per\u00edodo) uma reflex\u00e3o ou esclarecimento, um coment\u00e1rio \u00e0 margem<\/strong>; ou (iii) para destacar, enfaticamente, uma palavra ou frase num contexto:<\/p>\n\n\n\n<p>&nbsp;A segunda fun\u00e7\u00e3o acima destacada \u00e9 exatamente o que acontece no texto: \u201cn\u00e3o fique triste, o seu fracasso est\u00e1 dentro da m\u00e9dia\u201d, \u201co tempo de um piscar de olhos\u201d e \u201cpara mudar de dire\u00e7\u00e3o rapidamente sem perder estabilidade\u201d explicam os termos anteriormente citados e convergem para o entendimento de Cegalla e Bechara.<\/p>\n\n\n\n<p>Diante do exposto, requer a ALTERA\u00c7\u00c3O do Gabarito para LETRA E.<\/p>\n\n\n\n<h2 class=\"has-cyan-bluish-gray-background-color has-background wp-block-heading\" id=\"h-recursos-de-para-a-prova-de-perito-m-dico-legista\"><strong>Recursos de para a prova de Perito M\u00e9dico Legista<\/strong><\/h2>\n\n\n\n<p><em><strong>36. A personalidade civil do homem come\u00e7a do nascimento com vida e termina com a morte. Referente ao exposto, qual \u00e9 o documento que tem como finalidade principal definir a causa mortis e satisfazer o interesse m\u00e9dico-sanit\u00e1rio,<\/strong> <strong>pol\u00edtico e social?<\/strong><\/em><\/p>\n\n\n\n<p>(A) Atestado de \u00f3bito.<\/p>\n\n\n\n<p>(B) Certid\u00e3o de \u00f3bito.<\/p>\n\n\n\n<p>(C) Declara\u00e7\u00e3o de \u00f3bito.<\/p>\n\n\n\n<p>(D) Auto de \u00f3bito.<\/p>\n\n\n\n<p>(E) Laudo necrosc\u00f3pico.<\/p>\n\n\n\n<p><strong>Gabarito: C.<\/strong><\/p>\n\n\n\n<p>Segundo Genival Veloso de Fran\u00e7a, na p\u00e1gina 964:<\/p>\n\n\n\n<p><em>ATESTADOS DE \u00d3BITO<\/em><\/p>\n\n\n\n<p><em>Esses documentos t\u00eam como finalidades principais confirmar a morte, definir a causa mortis e satisfazer o interesse m\u00e9dico-sanit\u00e1rio, pol\u00edtico e social. O registro de \u00f3bito satisfaz a um interesse de ordem p\u00fablica tanto quanto o de nascimento. O atestado de \u00f3bito \u00e9 um documento p\u00fablico e preenchido por algu\u00e9m devidamente habilitado, que o faz por obriga\u00e7\u00e3o, n\u00e3o por op\u00e7\u00e3o.<\/em><\/p>\n\n\n\n<p><em>\u00c9 por meio do atestado de \u00f3bito que se estabelece o fim da exist\u00eancia humana e da personalidade civil. \u00c9 uma forma de garantir \u00e0 fam\u00edlia e \u00e0 sociedade que n\u00e3o h\u00e1 possibilidade de algu\u00e9m estar vivo, podendo-se processar legalmente a inuma\u00e7\u00e3o.<\/em><\/p>\n\n\n\n<p><em>A legisla\u00e7\u00e3o pertinente fala sempre em \u201cdeclara\u00e7\u00e3o de \u00f3bito\u201d (Lei no 11.976\/2009), entendendo-se como tal o documento com todos os seus itens constitutivos. Entre estes itens est\u00e1 o \u201catestado m\u00e9dico de morte\u201d preenchido por profissional m\u00e9dico habilitado em que constam as causas de morte.<\/em><\/p>\n\n\n\n<p>Editora GEN<\/p>\n\n\n\n<p>10\u00aa edi\u00e7\u00e3o<\/p>\n\n\n\n<p>Medicina Legal<\/p>\n\n\n\n<p>Genival Veloso de Fran\u00e7a<\/p>\n\n\n\n<p><strong><span class=\"has-inline-color has-vivid-red-color\">Cabe anula\u00e7\u00e3o.<\/span><\/strong><\/p>\n\n\n\n<p><strong><em>39. \u00c9 considerado um Auto<\/em><\/strong><\/p>\n\n\n\n<p>(A) o depoimento oral ao juiz.<\/p>\n\n\n\n<p>(B) o relat\u00f3rio.<\/p>\n\n\n\n<p>(C) a informa\u00e7\u00e3o.<\/p>\n\n\n\n<p>(D) o laudo.<\/p>\n\n\n\n<p>(E) o esclarecimento.<\/p>\n\n\n\n<p><strong>Gabarito: B.<\/strong><\/p>\n\n\n\n<p>Na verdade, o Auto \u00e9 considerado um RELAT\u00d3RIO M\u00c9DICO-LEGAL.<\/p>\n\n\n\n<p>\u00c9 a narra\u00e7\u00e3o escrita e minuciosa de todas as opera\u00e7\u00f5es de uma per\u00edcia m\u00e9dica determinada por <strong>autoridade policial <\/strong>ou judici\u00e1ria.<\/p>\n\n\n\n<p>Quando ditado a um escriv\u00e3o durante o exame, chama-se AUTO<\/p>\n\n\n\n<p>Se redigido depois de terminada a per\u00edcia, deve ser chamado de LAUDO<\/p>\n\n\n\n<p>Segundo Delton Croce:<em> \u201cSe o relat\u00f3rio \u00e9 ditado diretamente ao escriv\u00e3o, na presen\u00e7a de testemunhas, chamar-se-\u00e1 auto, e, se redigido posteriormente pelos peritos, ou seja, ap\u00f3s suas investiga\u00e7\u00f5es e consultas ou n\u00e3o a tratados especializados, recebe o nome de laudo. A parte objetiva do auto de exame cadav\u00e9rico (necroscopia) \u00e9 chamada protocolo.\u201d<\/em><\/p>\n\n\n\n<p>Manual de Medicina Legal<\/p>\n\n\n\n<p>8\u00aa Edi\u00e7\u00e3o<\/p>\n\n\n\n<p>Delton Croce<\/p>\n\n\n\n<p><strong><span class=\"has-inline-color has-vivid-red-color\">Cabe anula\u00e7\u00e3o.<\/span><\/strong><\/p>\n\n\n\n<p><strong><em>71. Cad\u00e1ver do sexo masculino, 40 anos, chega ao IML com hist\u00f3rico de suic\u00eddio com um tiro em cavidade oral. Qual caracter\u00edstica a seguir afastaria a hip\u00f3tese descrita na hist\u00f3ria?<\/em><\/strong><\/p>\n\n\n\n<p>(A) A integridade da l\u00edngua.<\/p>\n\n\n\n<p>(B) A trajet\u00f3ria ter incid\u00eancia horizontal.<\/p>\n\n\n\n<p>(C) A causa da morte ser dano encef\u00e1lico.<\/p>\n\n\n\n<p>(D) A dire\u00e7\u00e3o do tiro ser anteroposterior e descendente.<\/p>\n\n\n\n<p>(E) O ferimento de entrada se localizar no palato duro.<\/p>\n\n\n\n<p><strong>Gabarito: B.<\/strong><\/p>\n\n\n\n<p>Nos disparos intraoral, no caso do suic\u00eddio, normalmente, a arma com o cano apontado para cima, por isso o ferimento de entrada \u00e9 no teto da boca (palato duro); dire\u00e7\u00e3o anteroposterior e ascendente.<\/p>\n\n\n\n<p><strong><span class=\"has-inline-color has-vivid-red-color\">Aqui cabe anula\u00e7\u00e3o.<\/span><\/strong><\/p>\n\n\n\n<p><strong><em>75. A morte ou qualquer efeito que \u00e9 resultado da eletricidade industrial denomina-se<\/em><\/strong><\/p>\n\n\n\n<p>(A) fulgura\u00e7\u00e3o.<\/p>\n\n\n\n<p>(B) fulmina\u00e7\u00e3o.<\/p>\n\n\n\n<p>(C) metaliza\u00e7\u00e3o.<\/p>\n\n\n\n<p>(D) eletrocuss\u00e3o.<\/p>\n\n\n\n<p>(E) eletropless\u00e3o.<\/p>\n\n\n\n<p><strong>Gabarito: B.<\/strong><\/p>\n\n\n\n<p>Nesse caso h\u00e1 diverg\u00eancias entre autores. H\u00e1 especialistas que mencionam que quando h\u00e1 a morte proposital, seria eletrocuss\u00e3o. A banca n\u00e3o menciona se foi acidental ou proposital. Assim, a quest\u00e3o ficou prejudicada.<\/p>\n\n\n\n<p>Fonte: <a href=\"https:\/\/criminal.mppr.mp.br\/\">https:\/\/criminal.mppr.mp.br\/<\/a><\/p>\n\n\n\n<p>Perceba que at\u00e9 o CEBRASPE j\u00e1 cobrou e destacou como eletrocuss\u00e3o.&nbsp;&nbsp;<\/p>\n\n\n\n<p><em>(CESPE\/CEBRASPE \u2013 M\u00e9dico Legista \u2013 PC-MA\/2018) Durante a instala\u00e7\u00e3o de uma cerca el\u00e9trica, um fazendeiro morreu ao tocar em um arame eletrizado por energia industrial. O exame de necropsia evidenciou les\u00e3o eletroespec\u00edfica com forma circular, tonalidade branco-amarelada, bordos elevados e fundo retra\u00eddo. Nessa situa\u00e7\u00e3o hipot\u00e9tica, a les\u00e3o descrita e o mecanismo de morte s\u00e3o conhecidos, respectivamente, como<\/em><\/p>\n\n\n\n<p><em>A) marca el\u00e9trica de Jellinek e fulmina\u00e7\u00e3o.<\/em><\/p>\n\n\n\n<p><em>B) sinal de Lichtenberg e fulmina\u00e7\u00e3o.<\/em><\/p>\n\n\n\n<p><em>C) marca el\u00e9trica de Jellinek e eletrocuss\u00e3o.\u00a0\u00a0<\/em><\/p>\n\n\n\n<p><em>D) sinal de Joule e eletrocuss\u00e3o.<\/em><\/p>\n\n\n\n<p><em>E) sinal de Lichtenberg e eletrocuss\u00e3o.<\/em><\/p>\n\n\n\n<p><em>Gabarito: C.<\/em><em><\/em><\/p>\n\n\n\n<p><strong><span class=\"has-inline-color has-vivid-red-color\">Aqui cabe anula\u00e7\u00e3o!<\/span><\/strong><\/p>\n\n\n\n<hr class=\"wp-block-separator\"\/>\n\n\n\n<p class=\"has-text-align-center has-luminous-vivid-amber-background-color has-background has-medium-font-size\"><strong><a href=\"https:\/\/www.estrategiaconcursos.com.br\/blog\/concurso-itep-rn\/\">Concurso ITEP RN<\/a><\/strong><\/p>\n","protected":false},"excerpt":{"rendered":"<p>Confira neste artigo os poss\u00edveis recursos cab\u00edveis em algumas quest\u00f5es das provas dos cargos de Agente e Perito do ITEP-RN. Ap\u00f3s a realiza\u00e7\u00e3o das provas do concurso PC RN para os cargos de Agente e Escriv\u00e3o, no \u00faltimo domingo, dia 11 de julho, foram divulgados os gabaritos preliminares da referida etapa. Com isso, preparamos esse [&hellip;]<\/p>\n","protected":false},"author":1,"featured_media":821447,"comment_status":"open","ping_status":"closed","sticky":false,"template":"","format":"standard","meta":{"post_tipo":"article","footnotes":""},"categories":[220190],"tags":[],"tax_estado":[219983],"class_list":["post-822298","post","type-post","status-publish","format-standard","has-post-thumbnail","hentry","category-policial-peritos","tax_estado-rn"],"acf":[],"yoast_head":"<!-- This site is optimized with the Yoast SEO Premium plugin v27.2 (Yoast SEO v27.2) - https:\/\/yoast.com\/product\/yoast-seo-premium-wordpress\/ -->\n<title>Recursos ITEP RN: confira os poss\u00edveis recursos da prova!<\/title>\n<meta name=\"description\" content=\"Confira neste artigo os poss\u00edveis recursos cab\u00edveis em quest\u00f5es da prova de Agente e Perito do Concurso ITEP-RN.\" \/>\n<meta name=\"robots\" content=\"index, follow, max-snippet:-1, max-image-preview:large, max-video-preview:-1\" \/>\n<link rel=\"canonical\" href=\"https:\/\/www.estrategiaconcursos.com.br\/blog\/recursos-itep-rn-prova\/\" \/>\n<meta property=\"og:locale\" content=\"pt_BR\" \/>\n<meta property=\"og:type\" content=\"article\" \/>\n<meta property=\"og:title\" content=\"Recursos ITEP RN: confira os poss\u00edveis recursos da prova!\" \/>\n<meta property=\"og:description\" content=\"Confira neste artigo os poss\u00edveis recursos cab\u00edveis em quest\u00f5es da prova de Agente e Perito do Concurso ITEP-RN.\" \/>\n<meta property=\"og:url\" content=\"https:\/\/www.estrategiaconcursos.com.br\/blog\/recursos-itep-rn-prova\/\" \/>\n<meta property=\"og:site_name\" content=\"Estrat\u00e9gia Concursos\" \/>\n<meta property=\"article:author\" content=\"https:\/\/www.facebook.com\/EstrategiaConcursos\" \/>\n<meta property=\"article:published_time\" content=\"2021-07-26T20:46:05+00:00\" \/>\n<meta property=\"article:modified_time\" content=\"2021-08-02T11:12:32+00:00\" \/>\n<meta property=\"og:image\" content=\"https:\/\/dhg1h5j42swfq.cloudfront.net\/2021\/07\/25155728\/iteprn.jpg\" \/>\n\t<meta property=\"og:image:width\" content=\"1200\" \/>\n\t<meta property=\"og:image:height\" content=\"628\" \/>\n\t<meta property=\"og:image:type\" content=\"image\/jpeg\" \/>\n<meta name=\"author\" content=\"Coordena\u00e7\u00e3o\" \/>\n<meta name=\"twitter:card\" content=\"summary_large_image\" \/>\n<meta name=\"twitter:creator\" content=\"@EstratConcursos\" \/>\n<meta name=\"twitter:site\" content=\"@EstratConcursos\" \/>\n<meta name=\"twitter:label1\" content=\"Escrito por\" \/>\n\t<meta name=\"twitter:data1\" content=\"Coordena\u00e7\u00e3o\" \/>\n\t<meta name=\"twitter:label2\" content=\"Est. tempo de leitura\" \/>\n\t<meta name=\"twitter:data2\" content=\"22 minutos\" \/>\n<script type=\"application\/ld+json\" class=\"yoast-schema-graph\">{\"@context\":\"https:\/\/schema.org\",\"@graph\":[{\"@type\":\"NewsArticle\",\"@id\":\"https:\/\/www.estrategiaconcursos.com.br\/blog\/recursos-itep-rn-prova\/#article\",\"isPartOf\":{\"@id\":\"https:\/\/www.estrategiaconcursos.com.br\/blog\/recursos-itep-rn-prova\/\"},\"author\":{\"name\":\"Coordena\u00e7\u00e3o\",\"@id\":\"https:\/\/www.estrategiaconcursos.com.br\/blog\/#\/schema\/person\/b4a388c97673c5f483d72185668afa1f\"},\"headline\":\"Recursos ITEP RN: confira os poss\u00edveis recursos da prova!\",\"datePublished\":\"2021-07-26T20:46:05+00:00\",\"dateModified\":\"2021-08-02T11:12:32+00:00\",\"mainEntityOfPage\":{\"@id\":\"https:\/\/www.estrategiaconcursos.com.br\/blog\/recursos-itep-rn-prova\/\"},\"wordCount\":4857,\"commentCount\":0,\"publisher\":{\"@id\":\"https:\/\/www.estrategiaconcursos.com.br\/blog\/#organization\"},\"image\":{\"@id\":\"https:\/\/www.estrategiaconcursos.com.br\/blog\/recursos-itep-rn-prova\/#primaryimage\"},\"thumbnailUrl\":\"https:\/\/dhg1h5j42swfq.cloudfront.net\/2021\/07\/25155728\/iteprn.jpg\",\"articleSection\":[\"Policial (Peritos, Papiloscopistas)\"],\"inLanguage\":\"pt-BR\",\"potentialAction\":[{\"@type\":\"CommentAction\",\"name\":\"Comment\",\"target\":[\"https:\/\/www.estrategiaconcursos.com.br\/blog\/recursos-itep-rn-prova\/#respond\"]}],\"copyrightYear\":\"2021\",\"copyrightHolder\":{\"@id\":\"https:\/\/www.estrategiaconcursos.com.br\/blog\/#organization\"}},{\"@type\":\"WebPage\",\"@id\":\"https:\/\/www.estrategiaconcursos.com.br\/blog\/recursos-itep-rn-prova\/\",\"url\":\"https:\/\/www.estrategiaconcursos.com.br\/blog\/recursos-itep-rn-prova\/\",\"name\":\"Recursos ITEP RN: confira os poss\u00edveis recursos da prova!\",\"isPartOf\":{\"@id\":\"https:\/\/www.estrategiaconcursos.com.br\/blog\/#website\"},\"primaryImageOfPage\":{\"@id\":\"https:\/\/www.estrategiaconcursos.com.br\/blog\/recursos-itep-rn-prova\/#primaryimage\"},\"image\":{\"@id\":\"https:\/\/www.estrategiaconcursos.com.br\/blog\/recursos-itep-rn-prova\/#primaryimage\"},\"thumbnailUrl\":\"https:\/\/dhg1h5j42swfq.cloudfront.net\/2021\/07\/25155728\/iteprn.jpg\",\"datePublished\":\"2021-07-26T20:46:05+00:00\",\"dateModified\":\"2021-08-02T11:12:32+00:00\",\"description\":\"Confira neste artigo os poss\u00edveis recursos cab\u00edveis em quest\u00f5es da prova de Agente e Perito do Concurso ITEP-RN.\",\"breadcrumb\":{\"@id\":\"https:\/\/www.estrategiaconcursos.com.br\/blog\/recursos-itep-rn-prova\/#breadcrumb\"},\"inLanguage\":\"pt-BR\",\"potentialAction\":[{\"@type\":\"ReadAction\",\"target\":[\"https:\/\/www.estrategiaconcursos.com.br\/blog\/recursos-itep-rn-prova\/\"]}]},{\"@type\":\"ImageObject\",\"inLanguage\":\"pt-BR\",\"@id\":\"https:\/\/www.estrategiaconcursos.com.br\/blog\/recursos-itep-rn-prova\/#primaryimage\",\"url\":\"https:\/\/dhg1h5j42swfq.cloudfront.net\/2021\/07\/25155728\/iteprn.jpg\",\"contentUrl\":\"https:\/\/dhg1h5j42swfq.cloudfront.net\/2021\/07\/25155728\/iteprn.jpg\",\"width\":1200,\"height\":628,\"caption\":\"itep rn\"},{\"@type\":\"BreadcrumbList\",\"@id\":\"https:\/\/www.estrategiaconcursos.com.br\/blog\/recursos-itep-rn-prova\/#breadcrumb\",\"itemListElement\":[{\"@type\":\"ListItem\",\"position\":1,\"name\":\"In\u00edcio\",\"item\":\"https:\/\/www.estrategiaconcursos.com.br\/blog\/\"},{\"@type\":\"ListItem\",\"position\":2,\"name\":\"Recursos ITEP RN: confira os poss\u00edveis recursos da prova!\"}]},{\"@type\":\"WebSite\",\"@id\":\"https:\/\/www.estrategiaconcursos.com.br\/blog\/#website\",\"url\":\"https:\/\/www.estrategiaconcursos.com.br\/blog\/\",\"name\":\"Estrat\u00e9gia Concursos\",\"description\":\"O blog da Estrat\u00e9gia Concursos traz not\u00edcias sobre concursos e artigos de professores oferecendo cursos para concursos (pdf + videaulas) no site.\",\"publisher\":{\"@id\":\"https:\/\/www.estrategiaconcursos.com.br\/blog\/#organization\"},\"potentialAction\":[{\"@type\":\"SearchAction\",\"target\":{\"@type\":\"EntryPoint\",\"urlTemplate\":\"https:\/\/www.estrategiaconcursos.com.br\/blog\/?s={search_term_string}\"},\"query-input\":{\"@type\":\"PropertyValueSpecification\",\"valueRequired\":true,\"valueName\":\"search_term_string\"}}],\"inLanguage\":\"pt-BR\"},{\"@type\":\"Organization\",\"@id\":\"https:\/\/www.estrategiaconcursos.com.br\/blog\/#organization\",\"name\":\"Estrat\u00e9gia Concursos\",\"url\":\"https:\/\/www.estrategiaconcursos.com.br\/blog\/\",\"logo\":{\"@type\":\"ImageObject\",\"inLanguage\":\"pt-BR\",\"@id\":\"https:\/\/www.estrategiaconcursos.com.br\/blog\/#\/schema\/logo\/image\/\",\"url\":\"https:\/\/dhg1h5j42swfq.cloudfront.net\/2025\/06\/03203428\/logo_concursos-1.jpg\",\"contentUrl\":\"https:\/\/dhg1h5j42swfq.cloudfront.net\/2025\/06\/03203428\/logo_concursos-1.jpg\",\"width\":230,\"height\":60,\"caption\":\"Estrat\u00e9gia Concursos\"},\"image\":{\"@id\":\"https:\/\/www.estrategiaconcursos.com.br\/blog\/#\/schema\/logo\/image\/\"},\"sameAs\":[\"https:\/\/x.com\/EstratConcursos\"]},{\"@type\":\"Person\",\"@id\":\"https:\/\/www.estrategiaconcursos.com.br\/blog\/#\/schema\/person\/b4a388c97673c5f483d72185668afa1f\",\"name\":\"Coordena\u00e7\u00e3o\",\"image\":{\"@type\":\"ImageObject\",\"inLanguage\":\"pt-BR\",\"@id\":\"https:\/\/secure.gravatar.com\/avatar\/b720319e4c9a967eb58678d110f4fe35452fc5d5f97b202bac7b8acceb18c6ad?s=96&d=mm&r=g\",\"url\":\"https:\/\/secure.gravatar.com\/avatar\/b720319e4c9a967eb58678d110f4fe35452fc5d5f97b202bac7b8acceb18c6ad?s=96&d=mm&r=g\",\"contentUrl\":\"https:\/\/secure.gravatar.com\/avatar\/b720319e4c9a967eb58678d110f4fe35452fc5d5f97b202bac7b8acceb18c6ad?s=96&d=mm&r=g\",\"caption\":\"Coordena\u00e7\u00e3o\"},\"sameAs\":[\"https:\/\/www.facebook.com\/EstrategiaConcursos\",\"https:\/\/x.com\/EstratConcursos\"],\"url\":\"https:\/\/www.estrategiaconcursos.com.br\/blog\/author\/estrategia2013\/\"}]}<\/script>\n<!-- \/ Yoast SEO Premium plugin. -->","yoast_head_json":{"title":"Recursos ITEP RN: confira os poss\u00edveis recursos da prova!","description":"Confira neste artigo os poss\u00edveis recursos cab\u00edveis em quest\u00f5es da prova de Agente e Perito do Concurso ITEP-RN.","robots":{"index":"index","follow":"follow","max-snippet":"max-snippet:-1","max-image-preview":"max-image-preview:large","max-video-preview":"max-video-preview:-1"},"canonical":"https:\/\/www.estrategiaconcursos.com.br\/blog\/recursos-itep-rn-prova\/","og_locale":"pt_BR","og_type":"article","og_title":"Recursos ITEP RN: confira os poss\u00edveis recursos da prova!","og_description":"Confira neste artigo os poss\u00edveis recursos cab\u00edveis em quest\u00f5es da prova de Agente e Perito do Concurso ITEP-RN.","og_url":"https:\/\/www.estrategiaconcursos.com.br\/blog\/recursos-itep-rn-prova\/","og_site_name":"Estrat\u00e9gia Concursos","article_author":"https:\/\/www.facebook.com\/EstrategiaConcursos","article_published_time":"2021-07-26T20:46:05+00:00","article_modified_time":"2021-08-02T11:12:32+00:00","og_image":[{"width":1200,"height":628,"url":"https:\/\/dhg1h5j42swfq.cloudfront.net\/2021\/07\/25155728\/iteprn.jpg","type":"image\/jpeg"}],"author":"Coordena\u00e7\u00e3o","twitter_card":"summary_large_image","twitter_creator":"@EstratConcursos","twitter_site":"@EstratConcursos","twitter_misc":{"Escrito por":"Coordena\u00e7\u00e3o","Est. tempo de leitura":"22 minutos"},"schema":{"@context":"https:\/\/schema.org","@graph":[{"@type":"NewsArticle","@id":"https:\/\/www.estrategiaconcursos.com.br\/blog\/recursos-itep-rn-prova\/#article","isPartOf":{"@id":"https:\/\/www.estrategiaconcursos.com.br\/blog\/recursos-itep-rn-prova\/"},"author":{"name":"Coordena\u00e7\u00e3o","@id":"https:\/\/www.estrategiaconcursos.com.br\/blog\/#\/schema\/person\/b4a388c97673c5f483d72185668afa1f"},"headline":"Recursos ITEP RN: confira os poss\u00edveis recursos da prova!","datePublished":"2021-07-26T20:46:05+00:00","dateModified":"2021-08-02T11:12:32+00:00","mainEntityOfPage":{"@id":"https:\/\/www.estrategiaconcursos.com.br\/blog\/recursos-itep-rn-prova\/"},"wordCount":4857,"commentCount":0,"publisher":{"@id":"https:\/\/www.estrategiaconcursos.com.br\/blog\/#organization"},"image":{"@id":"https:\/\/www.estrategiaconcursos.com.br\/blog\/recursos-itep-rn-prova\/#primaryimage"},"thumbnailUrl":"https:\/\/dhg1h5j42swfq.cloudfront.net\/2021\/07\/25155728\/iteprn.jpg","articleSection":["Policial (Peritos, Papiloscopistas)"],"inLanguage":"pt-BR","potentialAction":[{"@type":"CommentAction","name":"Comment","target":["https:\/\/www.estrategiaconcursos.com.br\/blog\/recursos-itep-rn-prova\/#respond"]}],"copyrightYear":"2021","copyrightHolder":{"@id":"https:\/\/www.estrategiaconcursos.com.br\/blog\/#organization"}},{"@type":"WebPage","@id":"https:\/\/www.estrategiaconcursos.com.br\/blog\/recursos-itep-rn-prova\/","url":"https:\/\/www.estrategiaconcursos.com.br\/blog\/recursos-itep-rn-prova\/","name":"Recursos ITEP RN: confira os poss\u00edveis recursos da prova!","isPartOf":{"@id":"https:\/\/www.estrategiaconcursos.com.br\/blog\/#website"},"primaryImageOfPage":{"@id":"https:\/\/www.estrategiaconcursos.com.br\/blog\/recursos-itep-rn-prova\/#primaryimage"},"image":{"@id":"https:\/\/www.estrategiaconcursos.com.br\/blog\/recursos-itep-rn-prova\/#primaryimage"},"thumbnailUrl":"https:\/\/dhg1h5j42swfq.cloudfront.net\/2021\/07\/25155728\/iteprn.jpg","datePublished":"2021-07-26T20:46:05+00:00","dateModified":"2021-08-02T11:12:32+00:00","description":"Confira neste artigo os poss\u00edveis recursos cab\u00edveis em quest\u00f5es da prova de Agente e Perito do Concurso ITEP-RN.","breadcrumb":{"@id":"https:\/\/www.estrategiaconcursos.com.br\/blog\/recursos-itep-rn-prova\/#breadcrumb"},"inLanguage":"pt-BR","potentialAction":[{"@type":"ReadAction","target":["https:\/\/www.estrategiaconcursos.com.br\/blog\/recursos-itep-rn-prova\/"]}]},{"@type":"ImageObject","inLanguage":"pt-BR","@id":"https:\/\/www.estrategiaconcursos.com.br\/blog\/recursos-itep-rn-prova\/#primaryimage","url":"https:\/\/dhg1h5j42swfq.cloudfront.net\/2021\/07\/25155728\/iteprn.jpg","contentUrl":"https:\/\/dhg1h5j42swfq.cloudfront.net\/2021\/07\/25155728\/iteprn.jpg","width":1200,"height":628,"caption":"itep rn"},{"@type":"BreadcrumbList","@id":"https:\/\/www.estrategiaconcursos.com.br\/blog\/recursos-itep-rn-prova\/#breadcrumb","itemListElement":[{"@type":"ListItem","position":1,"name":"In\u00edcio","item":"https:\/\/www.estrategiaconcursos.com.br\/blog\/"},{"@type":"ListItem","position":2,"name":"Recursos ITEP RN: confira os poss\u00edveis recursos da prova!"}]},{"@type":"WebSite","@id":"https:\/\/www.estrategiaconcursos.com.br\/blog\/#website","url":"https:\/\/www.estrategiaconcursos.com.br\/blog\/","name":"Estrat\u00e9gia Concursos","description":"O blog da Estrat\u00e9gia Concursos traz not\u00edcias sobre concursos e artigos de professores oferecendo cursos para concursos (pdf + videaulas) no site.","publisher":{"@id":"https:\/\/www.estrategiaconcursos.com.br\/blog\/#organization"},"potentialAction":[{"@type":"SearchAction","target":{"@type":"EntryPoint","urlTemplate":"https:\/\/www.estrategiaconcursos.com.br\/blog\/?s={search_term_string}"},"query-input":{"@type":"PropertyValueSpecification","valueRequired":true,"valueName":"search_term_string"}}],"inLanguage":"pt-BR"},{"@type":"Organization","@id":"https:\/\/www.estrategiaconcursos.com.br\/blog\/#organization","name":"Estrat\u00e9gia Concursos","url":"https:\/\/www.estrategiaconcursos.com.br\/blog\/","logo":{"@type":"ImageObject","inLanguage":"pt-BR","@id":"https:\/\/www.estrategiaconcursos.com.br\/blog\/#\/schema\/logo\/image\/","url":"https:\/\/dhg1h5j42swfq.cloudfront.net\/2025\/06\/03203428\/logo_concursos-1.jpg","contentUrl":"https:\/\/dhg1h5j42swfq.cloudfront.net\/2025\/06\/03203428\/logo_concursos-1.jpg","width":230,"height":60,"caption":"Estrat\u00e9gia Concursos"},"image":{"@id":"https:\/\/www.estrategiaconcursos.com.br\/blog\/#\/schema\/logo\/image\/"},"sameAs":["https:\/\/x.com\/EstratConcursos"]},{"@type":"Person","@id":"https:\/\/www.estrategiaconcursos.com.br\/blog\/#\/schema\/person\/b4a388c97673c5f483d72185668afa1f","name":"Coordena\u00e7\u00e3o","image":{"@type":"ImageObject","inLanguage":"pt-BR","@id":"https:\/\/secure.gravatar.com\/avatar\/b720319e4c9a967eb58678d110f4fe35452fc5d5f97b202bac7b8acceb18c6ad?s=96&d=mm&r=g","url":"https:\/\/secure.gravatar.com\/avatar\/b720319e4c9a967eb58678d110f4fe35452fc5d5f97b202bac7b8acceb18c6ad?s=96&d=mm&r=g","contentUrl":"https:\/\/secure.gravatar.com\/avatar\/b720319e4c9a967eb58678d110f4fe35452fc5d5f97b202bac7b8acceb18c6ad?s=96&d=mm&r=g","caption":"Coordena\u00e7\u00e3o"},"sameAs":["https:\/\/www.facebook.com\/EstrategiaConcursos","https:\/\/x.com\/EstratConcursos"],"url":"https:\/\/www.estrategiaconcursos.com.br\/blog\/author\/estrategia2013\/"}]}},"_links":{"self":[{"href":"https:\/\/www.estrategiaconcursos.com.br\/blog\/wp-json\/wp\/v2\/posts\/822298","targetHints":{"allow":["GET"]}}],"collection":[{"href":"https:\/\/www.estrategiaconcursos.com.br\/blog\/wp-json\/wp\/v2\/posts"}],"about":[{"href":"https:\/\/www.estrategiaconcursos.com.br\/blog\/wp-json\/wp\/v2\/types\/post"}],"author":[{"embeddable":true,"href":"https:\/\/www.estrategiaconcursos.com.br\/blog\/wp-json\/wp\/v2\/users\/1"}],"replies":[{"embeddable":true,"href":"https:\/\/www.estrategiaconcursos.com.br\/blog\/wp-json\/wp\/v2\/comments?post=822298"}],"version-history":[{"count":12,"href":"https:\/\/www.estrategiaconcursos.com.br\/blog\/wp-json\/wp\/v2\/posts\/822298\/revisions"}],"predecessor-version":[{"id":823597,"href":"https:\/\/www.estrategiaconcursos.com.br\/blog\/wp-json\/wp\/v2\/posts\/822298\/revisions\/823597"}],"wp:featuredmedia":[{"embeddable":true,"href":"https:\/\/www.estrategiaconcursos.com.br\/blog\/wp-json\/wp\/v2\/media\/821447"}],"wp:attachment":[{"href":"https:\/\/www.estrategiaconcursos.com.br\/blog\/wp-json\/wp\/v2\/media?parent=822298"}],"wp:term":[{"taxonomy":"category","embeddable":true,"href":"https:\/\/www.estrategiaconcursos.com.br\/blog\/wp-json\/wp\/v2\/categories?post=822298"},{"taxonomy":"post_tag","embeddable":true,"href":"https:\/\/www.estrategiaconcursos.com.br\/blog\/wp-json\/wp\/v2\/tags?post=822298"},{"taxonomy":"tax_estado","embeddable":true,"href":"https:\/\/www.estrategiaconcursos.com.br\/blog\/wp-json\/wp\/v2\/tax_estado?post=822298"}],"curies":[{"name":"wp","href":"https:\/\/api.w.org\/{rel}","templated":true}]}}