{"id":821832,"date":"2021-07-26T10:33:26","date_gmt":"2021-07-26T13:33:26","guid":{"rendered":"https:\/\/www.estrategiaconcursos.com.br\/blog\/?p=821832"},"modified":"2021-07-26T15:19:49","modified_gmt":"2021-07-26T18:19:49","slug":"fiscalizacao-do-exercicio-da-profissao-contabil-sera-ampliada","status":"publish","type":"post","link":"https:\/\/www.estrategiaconcursos.com.br\/blog\/fiscalizacao-do-exercicio-da-profissao-contabil-sera-ampliada\/","title":{"rendered":"Fiscaliza\u00e7\u00e3o do exerc\u00edcio da profiss\u00e3o cont\u00e1bil ser\u00e1 ampliada"},"content":{"rendered":"\n<p>Foi firmado um acordo entre o Conselho Federal de\u00a0Contabilidade\u00a0(<a href=\"https:\/\/cfc.org.br\/\" target=\"_blank\" rel=\"noreferrer noopener\">CFC<\/a>) e a Secretaria Especial de Previd\u00eancia e Trabalho (SEPRT) para ampliar e fortalecer a <strong>fiscaliza\u00e7\u00e3o do exerc\u00edcio ilegal da profiss\u00e3o cont\u00e1bil no pa\u00eds<\/strong>. <\/p>\n\n\n\n<p>A medida j\u00e1 est\u00e1 valendo desde abril deste ano e ter\u00e1 dura\u00e7\u00e3o de tr\u00eas anos, podendo ser renovada por igual per\u00edodo. Agora, o Conselho tem <strong>acesso \u00e0 base de dados <\/strong>da Rela\u00e7\u00e3o Anual de Informa\u00e7\u00f5es Sociais (Rais) e ao Cadastro Geral de Empregados e Desempregados (Caged).<\/p>\n\n\n\n<p>Dessa forma, \u00e9 poss\u00edvel efetuar um <strong>cruzamento de dados <\/strong>com os cadastros de registro profissional cont\u00e1bil do Conselho, identificando contadores e t\u00e9cnicos em&nbsp;contabilidade&nbsp;que<strong> atuam sem o registro<\/strong>, assim como o trabalho de pessoas f\u00edsicas<strong> sem forma\u00e7\u00e3o em&nbsp;Ci\u00eancias Cont\u00e1beis<\/strong>.&nbsp;<\/p>\n\n\n\n<p>Trabalhadores que atuarem de forma ilegal e empresas que os contratam ser\u00e3o <strong>notificados <\/strong>para que possa haver a <strong>regulariza\u00e7\u00e3o <\/strong>do profissional, no prazo de 15 dias.<\/p>\n\n\n\n<p>A a\u00e7\u00e3o tem como foco <strong>orientar <\/strong>profissionais e realizar <strong>fiscaliza\u00e7\u00e3o preventiva <\/strong>antes da lavratura de auto de infra\u00e7\u00e3o e consequente abertura de processos administrativos de fiscaliza\u00e7\u00e3o.&nbsp;<\/p>\n\n\n\n<blockquote class=\"wp-block-quote is-layout-flow wp-block-quote-is-layout-flow\"><p><em>\u201cTodos os que forem notificados ter\u00e3o um prazo para regularizar o registro que, al\u00e9m de obrigat\u00f3rio, \u00e9 de extrema import\u00e2ncia para a manuten\u00e7\u00e3o da integridade e da credibilidade do exerc\u00edcio da atividade cont\u00e1bil na sociedade\u201d<\/em>, afirma a vice-presidente de Fiscaliza\u00e7\u00e3o, \u00c9tica e Disciplina, Sandra Maria de Carvalho Campos.<\/p><\/blockquote>\n\n\n\n<h3 class=\"wp-block-heading\" id=\"h-exerc-cio-da-profiss-o-cont-bil\">Exerc\u00edcio da profiss\u00e3o cont\u00e1bil<\/h3>\n\n\n\n<p>Importante ressaltar, que, de acordo com a&nbsp;legisla\u00e7\u00e3o&nbsp;em vigor, integram a profiss\u00e3o cont\u00e1bil os profissionais <strong>habilitados como Contadores <\/strong>(graduados em Ci\u00eancias Cont\u00e1beis) e <strong>T\u00e9cnicos em Contabilidade<\/strong> (ensino m\u00e9dio).<\/p>\n\n\n\n<p class=\"has-text-align-center\"><em>Quer ingressar na carreira p\u00fablica atrav\u00e9s da \u00e1rea cont\u00e1bil? Ent\u00e3o n\u00e3o deixe de conferir os principais concursos previstos:<\/em><\/p>\n\n\n\n<p class=\"has-text-align-center has-luminous-vivid-amber-background-color has-background has-medium-font-size\"><strong><a href=\"https:\/\/www.estrategiaconcursos.com.br\/blog\/concursos-contabilidade-2021\/\" target=\"_blank\" rel=\"noreferrer noopener\">Concursos de Contabilidade<\/a><\/strong><\/p>\n\n\n\n<div class=\"wp-block-image\"><figure class=\"aligncenter size-large is-resized\"><img loading=\"lazy\" decoding=\"async\" src=\"https:\/\/dhg1h5j42swfq.cloudfront.net\/2020\/09\/18141901\/Coruja_Concursos%404x-506x1024.png\" alt=\"Fiscaliza\u00e7\u00e3o do exerc\u00edcio da profiss\u00e3o cont\u00e1bil ser\u00e1 ampliada\" class=\"wp-image-574355\" width=\"29\" height=\"58\" srcset=\"https:\/\/dhg1h5j42swfq.cloudfront.net\/2020\/09\/18141901\/Coruja_Concursos%404x-506x1024.png 506w, https:\/\/dhg1h5j42swfq.cloudfront.net\/2020\/09\/18141901\/Coruja_Concursos%404x-148x300.png 148w, https:\/\/dhg1h5j42swfq.cloudfront.net\/2020\/09\/18141901\/Coruja_Concursos%404x-610x1236.png 610w, https:\/\/dhg1h5j42swfq.cloudfront.net\/2020\/09\/18141901\/Coruja_Concursos%404x.png 745w\" sizes=\"auto, (max-width: 29px) 100vw, 29px\" \/><\/figure><\/div>\n\n\n\n<h2 class=\"has-text-align-center wp-block-heading\" id=\"h-quer-estudar-para-a-rea-cont-bil-ent-o-n-o-deixe-de-conhecer-nossos-cursos\">Quer estudar para a \u00e1rea cont\u00e1bil? Ent\u00e3o n\u00e3o deixe de conhecer nossos cursos:<\/h2>\n\n\n\n<div class=\"container\" id=\"boxes\">\n  <div class=\"row\">\n\n    <div class=\"col-sm\">\n      <div class=\"banner-estrategia\" id=\"box-assinatura\">\n        <h3 class=\"titulo-assinatura\">Cursos para contabilidade<\/h3>\n        <p class=\"subtitulo-assinatura\">Estude conosco<\/p>\n        <div class=\"box-botao\">\n          <a class=\"btn-assinatura\" target=\"_blank\" href=\"https:\/\/www.estrategiaconcursos.com.br\/cursosPorMateria\/contabilidade-958\/\" role=\"button\" rel=\"noopener noreferrer\">Conhe\u00e7a os cursos<\/a>\n        <\/div>\n      <\/div>\n     \n    <\/div>\n\n  <\/div>\n<\/div>\n\n\n\n<div class=\"container\" id=\"boxes\">\n  <div class=\"row\">\n\n    <div class=\"col-sm\">\n      <div class=\"estrategia\" id=\"box-assinatura\">\n        <h3 class=\"titulo-assinatura\">Assinatura Concursos<\/h3>\n        <p class=\"subtitulo-assinatura\">Assinatura de 1 ano ou 2 anos<\/p>\n        <div class=\"box-botao\">\n          <a class=\"btn-assinatura\" target=\"_blank\" href=\"https:\/\/www.estrategiaconcursos.com.br\/assinaturas\/\" role=\"button\" rel=\"noopener noreferrer\">ASSINE AGORA<\/a>\n        <\/div>\n      <\/div><\/div><\/div><\/div>\n\n\n\n<div class=\"container\" id=\"boxes\">\n  <div class=\"row\">\n\n    <div class=\"col-sm\" id=\"boxes-concursos\">\n      <div style=\"background-color: #005DAD;\" class=\"conteudo-concursos\" id=\"box-concursos\">\n        <h3 class=\"titulo-assinatura\">Concursos Abertos<\/h3>\n        <p class=\"subtitulo-assinatura\">Confira os editais publicados<\/p>\n        <div class=\"box-botao\">\n          <a class=\"btn-assinatura\" target=\"_blank\" href=\"https:\/\/www.estrategiaconcursos.com.br\/blog\/concursos-abertos\/\" role=\"button\" rel=\"noopener noreferrer\">Conhe\u00e7a Agora<\/a>\n        <\/div>\n      <\/div>\n    <\/div>\n\n    <div class=\"col-sm\" id=\"boxes-concursos\">\n      <div style=\"background-color: #1A7ED5;\" class=\"conteudo-concursos\" id=\"box-concursos\">\n        <h3 class=\"titulo-assinatura\">Concursos 2021<\/h3>\n        <p class=\"subtitulo-assinatura\">As oportunidades previstas<\/p>\n        <div class=\"box-botao\">\n          <a class=\"btn-assinatura\" target=\"_blank\" href=\"https:\/\/www.estrategiaconcursos.com.br\/blog\/concursos-2021\/\" role=\"button\" rel=\"noopener noreferrer\">Conhe\u00e7a Agora<\/a>\n        <\/div>\n      <\/div>\n    <\/div>\n\n    <div class=\"col-sm\" id=\"boxes-concursos\">\n      <div style=\"background-color: #419FF0;\" class=\"conteudo-concursos\" id=\"box-concursos\">\n        <h3 class=\"titulo-assinatura\">Concursos 2022<\/h3>\n        <p class=\"subtitulo-assinatura\">Vagas para o pr\u00f3ximo ano<\/p>\n        <div class=\"box-botao\">\n          <a class=\"btn-assinatura\" target=\"_blank\" href=\"https:\/\/www.estrategiaconcursos.com.br\/blog\/concursos-2022\/\" role=\"button\" rel=\"noopener noreferrer\">Conhe\u00e7a Agora<\/a>\n        <\/div>\n      <\/div>\n    <\/div>\n\n  <\/div>\n<\/div>\n\n\n\n<p><\/p>\n","protected":false},"excerpt":{"rendered":"<p>Foi firmado um acordo entre o Conselho Federal de\u00a0Contabilidade\u00a0(CFC) e a Secretaria Especial de Previd\u00eancia e Trabalho (SEPRT) para ampliar e fortalecer a fiscaliza\u00e7\u00e3o do exerc\u00edcio ilegal da profiss\u00e3o cont\u00e1bil no pa\u00eds. A medida j\u00e1 est\u00e1 valendo desde abril deste ano e ter\u00e1 dura\u00e7\u00e3o de tr\u00eas anos, podendo ser renovada por igual per\u00edodo. Agora, o [&hellip;]<\/p>\n","protected":false},"author":659,"featured_media":796822,"comment_status":"open","ping_status":"closed","sticky":false,"template":"","format":"standard","meta":{"post_tipo":"news","footnotes":""},"categories":[220015,220219],"tags":[],"tax_estado":[219963],"class_list":["post-821832","post","type-post","status-publish","format-standard","has-post-thumbnail","hentry","category-cfc","category-noticias","tax_estado-concursos-federais"],"acf":[],"yoast_head":"<!-- This site is optimized with the Yoast SEO Premium plugin v27.2 (Yoast SEO v27.2) - https:\/\/yoast.com\/product\/yoast-seo-premium-wordpress\/ -->\n<title>Fiscaliza\u00e7\u00e3o do exerc\u00edcio da profiss\u00e3o cont\u00e1bil ser\u00e1 ampliada<\/title>\n<meta name=\"description\" content=\"Firmado acordo entre o CFC e a SEPRT para ampliar a fiscaliza\u00e7\u00e3o do exerc\u00edcio da profiss\u00e3o cont\u00e1bil de forma ilegal em todo o pa\u00eds.\" \/>\n<meta name=\"robots\" content=\"index, follow, max-snippet:-1, max-image-preview:large, max-video-preview:-1\" \/>\n<link rel=\"canonical\" href=\"https:\/\/www.estrategiaconcursos.com.br\/blog\/fiscalizacao-do-exercicio-da-profissao-contabil-sera-ampliada\/\" \/>\n<meta property=\"og:locale\" content=\"pt_BR\" \/>\n<meta property=\"og:type\" content=\"article\" \/>\n<meta property=\"og:title\" content=\"Fiscaliza\u00e7\u00e3o do exerc\u00edcio da profiss\u00e3o cont\u00e1bil ser\u00e1 ampliada\" \/>\n<meta property=\"og:description\" content=\"Firmado acordo entre o CFC e a SEPRT para ampliar a fiscaliza\u00e7\u00e3o do exerc\u00edcio da profiss\u00e3o cont\u00e1bil de forma ilegal em todo o pa\u00eds.\" \/>\n<meta property=\"og:url\" content=\"https:\/\/www.estrategiaconcursos.com.br\/blog\/fiscalizacao-do-exercicio-da-profissao-contabil-sera-ampliada\/\" \/>\n<meta property=\"og:site_name\" content=\"Estrat\u00e9gia Concursos\" \/>\n<meta property=\"article:published_time\" content=\"2021-07-26T13:33:26+00:00\" \/>\n<meta property=\"article:modified_time\" content=\"2021-07-26T18:19:49+00:00\" \/>\n<meta property=\"og:image\" content=\"https:\/\/dhg1h5j42swfq.cloudfront.net\/2021\/07\/16145342\/contabilidade.jpg\" \/>\n\t<meta property=\"og:image:width\" content=\"1254\" \/>\n\t<meta property=\"og:image:height\" content=\"836\" \/>\n\t<meta property=\"og:image:type\" content=\"image\/jpeg\" \/>\n<meta name=\"author\" content=\"Camila Leite\" \/>\n<meta name=\"twitter:card\" content=\"summary_large_image\" \/>\n<meta name=\"twitter:creator\" content=\"@EstratConcursos\" \/>\n<meta name=\"twitter:site\" content=\"@EstratConcursos\" \/>\n<meta name=\"twitter:label1\" content=\"Escrito por\" \/>\n\t<meta name=\"twitter:data1\" content=\"Camila Leite\" \/>\n\t<meta name=\"twitter:label2\" content=\"Est. tempo de leitura\" \/>\n\t<meta name=\"twitter:data2\" content=\"2 minutos\" \/>\n<script type=\"application\/ld+json\" class=\"yoast-schema-graph\">{\"@context\":\"https:\/\/schema.org\",\"@graph\":[{\"@type\":\"NewsArticle\",\"@id\":\"https:\/\/www.estrategiaconcursos.com.br\/blog\/fiscalizacao-do-exercicio-da-profissao-contabil-sera-ampliada\/#article\",\"isPartOf\":{\"@id\":\"https:\/\/www.estrategiaconcursos.com.br\/blog\/fiscalizacao-do-exercicio-da-profissao-contabil-sera-ampliada\/\"},\"author\":{\"name\":\"Camila Leite\",\"@id\":\"https:\/\/www.estrategiaconcursos.com.br\/blog\/#\/schema\/person\/84ecdc6eb58d3cf1689bf76c5cd8fb38\"},\"headline\":\"Fiscaliza\u00e7\u00e3o do exerc\u00edcio da profiss\u00e3o cont\u00e1bil ser\u00e1 ampliada\",\"datePublished\":\"2021-07-26T13:33:26+00:00\",\"dateModified\":\"2021-07-26T18:19:49+00:00\",\"mainEntityOfPage\":{\"@id\":\"https:\/\/www.estrategiaconcursos.com.br\/blog\/fiscalizacao-do-exercicio-da-profissao-contabil-sera-ampliada\/\"},\"wordCount\":397,\"commentCount\":0,\"publisher\":{\"@id\":\"https:\/\/www.estrategiaconcursos.com.br\/blog\/#organization\"},\"image\":{\"@id\":\"https:\/\/www.estrategiaconcursos.com.br\/blog\/fiscalizacao-do-exercicio-da-profissao-contabil-sera-ampliada\/#primaryimage\"},\"thumbnailUrl\":\"https:\/\/dhg1h5j42swfq.cloudfront.net\/2021\/07\/16145342\/contabilidade.jpg\",\"articleSection\":[\"CFC\",\"\u00daltimas not\u00edcias\"],\"inLanguage\":\"pt-BR\",\"potentialAction\":[{\"@type\":\"CommentAction\",\"name\":\"Comment\",\"target\":[\"https:\/\/www.estrategiaconcursos.com.br\/blog\/fiscalizacao-do-exercicio-da-profissao-contabil-sera-ampliada\/#respond\"]}],\"copyrightYear\":\"2021\",\"copyrightHolder\":{\"@id\":\"https:\/\/www.estrategiaconcursos.com.br\/blog\/#organization\"}},{\"@type\":\"WebPage\",\"@id\":\"https:\/\/www.estrategiaconcursos.com.br\/blog\/fiscalizacao-do-exercicio-da-profissao-contabil-sera-ampliada\/\",\"url\":\"https:\/\/www.estrategiaconcursos.com.br\/blog\/fiscalizacao-do-exercicio-da-profissao-contabil-sera-ampliada\/\",\"name\":\"Fiscaliza\u00e7\u00e3o do exerc\u00edcio da profiss\u00e3o cont\u00e1bil ser\u00e1 ampliada\",\"isPartOf\":{\"@id\":\"https:\/\/www.estrategiaconcursos.com.br\/blog\/#website\"},\"primaryImageOfPage\":{\"@id\":\"https:\/\/www.estrategiaconcursos.com.br\/blog\/fiscalizacao-do-exercicio-da-profissao-contabil-sera-ampliada\/#primaryimage\"},\"image\":{\"@id\":\"https:\/\/www.estrategiaconcursos.com.br\/blog\/fiscalizacao-do-exercicio-da-profissao-contabil-sera-ampliada\/#primaryimage\"},\"thumbnailUrl\":\"https:\/\/dhg1h5j42swfq.cloudfront.net\/2021\/07\/16145342\/contabilidade.jpg\",\"datePublished\":\"2021-07-26T13:33:26+00:00\",\"dateModified\":\"2021-07-26T18:19:49+00:00\",\"description\":\"Firmado acordo entre o CFC e a SEPRT para ampliar a fiscaliza\u00e7\u00e3o do exerc\u00edcio da profiss\u00e3o cont\u00e1bil de forma ilegal em todo o pa\u00eds.\",\"breadcrumb\":{\"@id\":\"https:\/\/www.estrategiaconcursos.com.br\/blog\/fiscalizacao-do-exercicio-da-profissao-contabil-sera-ampliada\/#breadcrumb\"},\"inLanguage\":\"pt-BR\",\"potentialAction\":[{\"@type\":\"ReadAction\",\"target\":[\"https:\/\/www.estrategiaconcursos.com.br\/blog\/fiscalizacao-do-exercicio-da-profissao-contabil-sera-ampliada\/\"]}]},{\"@type\":\"ImageObject\",\"inLanguage\":\"pt-BR\",\"@id\":\"https:\/\/www.estrategiaconcursos.com.br\/blog\/fiscalizacao-do-exercicio-da-profissao-contabil-sera-ampliada\/#primaryimage\",\"url\":\"https:\/\/dhg1h5j42swfq.cloudfront.net\/2021\/07\/16145342\/contabilidade.jpg\",\"contentUrl\":\"https:\/\/dhg1h5j42swfq.cloudfront.net\/2021\/07\/16145342\/contabilidade.jpg\",\"width\":1254,\"height\":836,\"caption\":\"NBC TSP 03\"},{\"@type\":\"BreadcrumbList\",\"@id\":\"https:\/\/www.estrategiaconcursos.com.br\/blog\/fiscalizacao-do-exercicio-da-profissao-contabil-sera-ampliada\/#breadcrumb\",\"itemListElement\":[{\"@type\":\"ListItem\",\"position\":1,\"name\":\"In\u00edcio\",\"item\":\"https:\/\/www.estrategiaconcursos.com.br\/blog\/\"},{\"@type\":\"ListItem\",\"position\":2,\"name\":\"Fiscaliza\u00e7\u00e3o do exerc\u00edcio da profiss\u00e3o cont\u00e1bil ser\u00e1 ampliada\"}]},{\"@type\":\"WebSite\",\"@id\":\"https:\/\/www.estrategiaconcursos.com.br\/blog\/#website\",\"url\":\"https:\/\/www.estrategiaconcursos.com.br\/blog\/\",\"name\":\"Estrat\u00e9gia Concursos\",\"description\":\"O blog da Estrat\u00e9gia Concursos traz not\u00edcias sobre concursos e artigos de professores oferecendo cursos para concursos (pdf + videaulas) no site.\",\"publisher\":{\"@id\":\"https:\/\/www.estrategiaconcursos.com.br\/blog\/#organization\"},\"potentialAction\":[{\"@type\":\"SearchAction\",\"target\":{\"@type\":\"EntryPoint\",\"urlTemplate\":\"https:\/\/www.estrategiaconcursos.com.br\/blog\/?s={search_term_string}\"},\"query-input\":{\"@type\":\"PropertyValueSpecification\",\"valueRequired\":true,\"valueName\":\"search_term_string\"}}],\"inLanguage\":\"pt-BR\"},{\"@type\":\"Organization\",\"@id\":\"https:\/\/www.estrategiaconcursos.com.br\/blog\/#organization\",\"name\":\"Estrat\u00e9gia Concursos\",\"url\":\"https:\/\/www.estrategiaconcursos.com.br\/blog\/\",\"logo\":{\"@type\":\"ImageObject\",\"inLanguage\":\"pt-BR\",\"@id\":\"https:\/\/www.estrategiaconcursos.com.br\/blog\/#\/schema\/logo\/image\/\",\"url\":\"https:\/\/dhg1h5j42swfq.cloudfront.net\/2025\/06\/03203428\/logo_concursos-1.jpg\",\"contentUrl\":\"https:\/\/dhg1h5j42swfq.cloudfront.net\/2025\/06\/03203428\/logo_concursos-1.jpg\",\"width\":230,\"height\":60,\"caption\":\"Estrat\u00e9gia Concursos\"},\"image\":{\"@id\":\"https:\/\/www.estrategiaconcursos.com.br\/blog\/#\/schema\/logo\/image\/\"},\"sameAs\":[\"https:\/\/x.com\/EstratConcursos\"]},{\"@type\":\"Person\",\"@id\":\"https:\/\/www.estrategiaconcursos.com.br\/blog\/#\/schema\/person\/84ecdc6eb58d3cf1689bf76c5cd8fb38\",\"name\":\"Camila Leite\",\"image\":{\"@type\":\"ImageObject\",\"inLanguage\":\"pt-BR\",\"@id\":\"https:\/\/secure.gravatar.com\/avatar\/f2f8faef639c8a2bfb7fb909912a56917f4c3a0aed064500168e2fb8ea55cf61?s=96&d=mm&r=g\",\"url\":\"https:\/\/secure.gravatar.com\/avatar\/f2f8faef639c8a2bfb7fb909912a56917f4c3a0aed064500168e2fb8ea55cf61?s=96&d=mm&r=g\",\"contentUrl\":\"https:\/\/secure.gravatar.com\/avatar\/f2f8faef639c8a2bfb7fb909912a56917f4c3a0aed064500168e2fb8ea55cf61?s=96&d=mm&r=g\",\"caption\":\"Camila Leite\"},\"description\":\"Formada em Design Gr\u00e1fico e em Propaganda e Marketing pela UNIP, integra a equipe de jornalismo do Estrat\u00e9gia Concursos desde 2018. Ao longo dos anos, construiu uma s\u00f3lida experi\u00eancia na produ\u00e7\u00e3o de conte\u00fado informativo e relevante para concurseiros. Desde 2020, atua na cobertura das \u00e1reas Fiscal \u2014 com \u00eanfase nas Secretarias de Fazenda (Sefaz) das regi\u00f5es Sul e Sudeste \u2014, al\u00e9m da cobertura de concursos federais, como CNU, Petrobras, CGU, Receita Federal, ag\u00eancias reguladoras (Anvisa, ANAC, entre outras) e INSS. Mant\u00e9m contato direto com os principais \u00f3rg\u00e3os p\u00fablicos, acompanhando editais, atualiza\u00e7\u00f5es e movimenta\u00e7\u00f5es importantes para os candidatos.\",\"sameAs\":[\"https:\/\/www.linkedin.com\/in\/camila-pinheiro-leite-9ba135b6\/\"],\"url\":\"https:\/\/www.estrategiaconcursos.com.br\/blog\/author\/camila-leiteestrategiaconcursos-com-br\/\"}]}<\/script>\n<!-- \/ Yoast SEO Premium plugin. -->","yoast_head_json":{"title":"Fiscaliza\u00e7\u00e3o do exerc\u00edcio da profiss\u00e3o cont\u00e1bil ser\u00e1 ampliada","description":"Firmado acordo entre o CFC e a SEPRT para ampliar a fiscaliza\u00e7\u00e3o do exerc\u00edcio da profiss\u00e3o cont\u00e1bil de forma ilegal em todo o pa\u00eds.","robots":{"index":"index","follow":"follow","max-snippet":"max-snippet:-1","max-image-preview":"max-image-preview:large","max-video-preview":"max-video-preview:-1"},"canonical":"https:\/\/www.estrategiaconcursos.com.br\/blog\/fiscalizacao-do-exercicio-da-profissao-contabil-sera-ampliada\/","og_locale":"pt_BR","og_type":"article","og_title":"Fiscaliza\u00e7\u00e3o do exerc\u00edcio da profiss\u00e3o cont\u00e1bil ser\u00e1 ampliada","og_description":"Firmado acordo entre o CFC e a SEPRT para ampliar a fiscaliza\u00e7\u00e3o do exerc\u00edcio da profiss\u00e3o cont\u00e1bil de forma ilegal em todo o pa\u00eds.","og_url":"https:\/\/www.estrategiaconcursos.com.br\/blog\/fiscalizacao-do-exercicio-da-profissao-contabil-sera-ampliada\/","og_site_name":"Estrat\u00e9gia Concursos","article_published_time":"2021-07-26T13:33:26+00:00","article_modified_time":"2021-07-26T18:19:49+00:00","og_image":[{"width":1254,"height":836,"url":"https:\/\/dhg1h5j42swfq.cloudfront.net\/2021\/07\/16145342\/contabilidade.jpg","type":"image\/jpeg"}],"author":"Camila Leite","twitter_card":"summary_large_image","twitter_creator":"@EstratConcursos","twitter_site":"@EstratConcursos","twitter_misc":{"Escrito por":"Camila Leite","Est. tempo de leitura":"2 minutos"},"schema":{"@context":"https:\/\/schema.org","@graph":[{"@type":"NewsArticle","@id":"https:\/\/www.estrategiaconcursos.com.br\/blog\/fiscalizacao-do-exercicio-da-profissao-contabil-sera-ampliada\/#article","isPartOf":{"@id":"https:\/\/www.estrategiaconcursos.com.br\/blog\/fiscalizacao-do-exercicio-da-profissao-contabil-sera-ampliada\/"},"author":{"name":"Camila Leite","@id":"https:\/\/www.estrategiaconcursos.com.br\/blog\/#\/schema\/person\/84ecdc6eb58d3cf1689bf76c5cd8fb38"},"headline":"Fiscaliza\u00e7\u00e3o do exerc\u00edcio da profiss\u00e3o cont\u00e1bil ser\u00e1 ampliada","datePublished":"2021-07-26T13:33:26+00:00","dateModified":"2021-07-26T18:19:49+00:00","mainEntityOfPage":{"@id":"https:\/\/www.estrategiaconcursos.com.br\/blog\/fiscalizacao-do-exercicio-da-profissao-contabil-sera-ampliada\/"},"wordCount":397,"commentCount":0,"publisher":{"@id":"https:\/\/www.estrategiaconcursos.com.br\/blog\/#organization"},"image":{"@id":"https:\/\/www.estrategiaconcursos.com.br\/blog\/fiscalizacao-do-exercicio-da-profissao-contabil-sera-ampliada\/#primaryimage"},"thumbnailUrl":"https:\/\/dhg1h5j42swfq.cloudfront.net\/2021\/07\/16145342\/contabilidade.jpg","articleSection":["CFC","\u00daltimas not\u00edcias"],"inLanguage":"pt-BR","potentialAction":[{"@type":"CommentAction","name":"Comment","target":["https:\/\/www.estrategiaconcursos.com.br\/blog\/fiscalizacao-do-exercicio-da-profissao-contabil-sera-ampliada\/#respond"]}],"copyrightYear":"2021","copyrightHolder":{"@id":"https:\/\/www.estrategiaconcursos.com.br\/blog\/#organization"}},{"@type":"WebPage","@id":"https:\/\/www.estrategiaconcursos.com.br\/blog\/fiscalizacao-do-exercicio-da-profissao-contabil-sera-ampliada\/","url":"https:\/\/www.estrategiaconcursos.com.br\/blog\/fiscalizacao-do-exercicio-da-profissao-contabil-sera-ampliada\/","name":"Fiscaliza\u00e7\u00e3o do exerc\u00edcio da profiss\u00e3o cont\u00e1bil ser\u00e1 ampliada","isPartOf":{"@id":"https:\/\/www.estrategiaconcursos.com.br\/blog\/#website"},"primaryImageOfPage":{"@id":"https:\/\/www.estrategiaconcursos.com.br\/blog\/fiscalizacao-do-exercicio-da-profissao-contabil-sera-ampliada\/#primaryimage"},"image":{"@id":"https:\/\/www.estrategiaconcursos.com.br\/blog\/fiscalizacao-do-exercicio-da-profissao-contabil-sera-ampliada\/#primaryimage"},"thumbnailUrl":"https:\/\/dhg1h5j42swfq.cloudfront.net\/2021\/07\/16145342\/contabilidade.jpg","datePublished":"2021-07-26T13:33:26+00:00","dateModified":"2021-07-26T18:19:49+00:00","description":"Firmado acordo entre o CFC e a SEPRT para ampliar a fiscaliza\u00e7\u00e3o do exerc\u00edcio da profiss\u00e3o cont\u00e1bil de forma ilegal em todo o pa\u00eds.","breadcrumb":{"@id":"https:\/\/www.estrategiaconcursos.com.br\/blog\/fiscalizacao-do-exercicio-da-profissao-contabil-sera-ampliada\/#breadcrumb"},"inLanguage":"pt-BR","potentialAction":[{"@type":"ReadAction","target":["https:\/\/www.estrategiaconcursos.com.br\/blog\/fiscalizacao-do-exercicio-da-profissao-contabil-sera-ampliada\/"]}]},{"@type":"ImageObject","inLanguage":"pt-BR","@id":"https:\/\/www.estrategiaconcursos.com.br\/blog\/fiscalizacao-do-exercicio-da-profissao-contabil-sera-ampliada\/#primaryimage","url":"https:\/\/dhg1h5j42swfq.cloudfront.net\/2021\/07\/16145342\/contabilidade.jpg","contentUrl":"https:\/\/dhg1h5j42swfq.cloudfront.net\/2021\/07\/16145342\/contabilidade.jpg","width":1254,"height":836,"caption":"NBC TSP 03"},{"@type":"BreadcrumbList","@id":"https:\/\/www.estrategiaconcursos.com.br\/blog\/fiscalizacao-do-exercicio-da-profissao-contabil-sera-ampliada\/#breadcrumb","itemListElement":[{"@type":"ListItem","position":1,"name":"In\u00edcio","item":"https:\/\/www.estrategiaconcursos.com.br\/blog\/"},{"@type":"ListItem","position":2,"name":"Fiscaliza\u00e7\u00e3o do exerc\u00edcio da profiss\u00e3o cont\u00e1bil ser\u00e1 ampliada"}]},{"@type":"WebSite","@id":"https:\/\/www.estrategiaconcursos.com.br\/blog\/#website","url":"https:\/\/www.estrategiaconcursos.com.br\/blog\/","name":"Estrat\u00e9gia Concursos","description":"O blog da Estrat\u00e9gia Concursos traz not\u00edcias sobre concursos e artigos de professores oferecendo cursos para concursos (pdf + videaulas) no site.","publisher":{"@id":"https:\/\/www.estrategiaconcursos.com.br\/blog\/#organization"},"potentialAction":[{"@type":"SearchAction","target":{"@type":"EntryPoint","urlTemplate":"https:\/\/www.estrategiaconcursos.com.br\/blog\/?s={search_term_string}"},"query-input":{"@type":"PropertyValueSpecification","valueRequired":true,"valueName":"search_term_string"}}],"inLanguage":"pt-BR"},{"@type":"Organization","@id":"https:\/\/www.estrategiaconcursos.com.br\/blog\/#organization","name":"Estrat\u00e9gia Concursos","url":"https:\/\/www.estrategiaconcursos.com.br\/blog\/","logo":{"@type":"ImageObject","inLanguage":"pt-BR","@id":"https:\/\/www.estrategiaconcursos.com.br\/blog\/#\/schema\/logo\/image\/","url":"https:\/\/dhg1h5j42swfq.cloudfront.net\/2025\/06\/03203428\/logo_concursos-1.jpg","contentUrl":"https:\/\/dhg1h5j42swfq.cloudfront.net\/2025\/06\/03203428\/logo_concursos-1.jpg","width":230,"height":60,"caption":"Estrat\u00e9gia Concursos"},"image":{"@id":"https:\/\/www.estrategiaconcursos.com.br\/blog\/#\/schema\/logo\/image\/"},"sameAs":["https:\/\/x.com\/EstratConcursos"]},{"@type":"Person","@id":"https:\/\/www.estrategiaconcursos.com.br\/blog\/#\/schema\/person\/84ecdc6eb58d3cf1689bf76c5cd8fb38","name":"Camila Leite","image":{"@type":"ImageObject","inLanguage":"pt-BR","@id":"https:\/\/secure.gravatar.com\/avatar\/f2f8faef639c8a2bfb7fb909912a56917f4c3a0aed064500168e2fb8ea55cf61?s=96&d=mm&r=g","url":"https:\/\/secure.gravatar.com\/avatar\/f2f8faef639c8a2bfb7fb909912a56917f4c3a0aed064500168e2fb8ea55cf61?s=96&d=mm&r=g","contentUrl":"https:\/\/secure.gravatar.com\/avatar\/f2f8faef639c8a2bfb7fb909912a56917f4c3a0aed064500168e2fb8ea55cf61?s=96&d=mm&r=g","caption":"Camila Leite"},"description":"Formada em Design Gr\u00e1fico e em Propaganda e Marketing pela UNIP, integra a equipe de jornalismo do Estrat\u00e9gia Concursos desde 2018. Ao longo dos anos, construiu uma s\u00f3lida experi\u00eancia na produ\u00e7\u00e3o de conte\u00fado informativo e relevante para concurseiros. Desde 2020, atua na cobertura das \u00e1reas Fiscal \u2014 com \u00eanfase nas Secretarias de Fazenda (Sefaz) das regi\u00f5es Sul e Sudeste \u2014, al\u00e9m da cobertura de concursos federais, como CNU, Petrobras, CGU, Receita Federal, ag\u00eancias reguladoras (Anvisa, ANAC, entre outras) e INSS. Mant\u00e9m contato direto com os principais \u00f3rg\u00e3os p\u00fablicos, acompanhando editais, atualiza\u00e7\u00f5es e movimenta\u00e7\u00f5es importantes para os candidatos.","sameAs":["https:\/\/www.linkedin.com\/in\/camila-pinheiro-leite-9ba135b6\/"],"url":"https:\/\/www.estrategiaconcursos.com.br\/blog\/author\/camila-leiteestrategiaconcursos-com-br\/"}]}},"_links":{"self":[{"href":"https:\/\/www.estrategiaconcursos.com.br\/blog\/wp-json\/wp\/v2\/posts\/821832","targetHints":{"allow":["GET"]}}],"collection":[{"href":"https:\/\/www.estrategiaconcursos.com.br\/blog\/wp-json\/wp\/v2\/posts"}],"about":[{"href":"https:\/\/www.estrategiaconcursos.com.br\/blog\/wp-json\/wp\/v2\/types\/post"}],"author":[{"embeddable":true,"href":"https:\/\/www.estrategiaconcursos.com.br\/blog\/wp-json\/wp\/v2\/users\/659"}],"replies":[{"embeddable":true,"href":"https:\/\/www.estrategiaconcursos.com.br\/blog\/wp-json\/wp\/v2\/comments?post=821832"}],"version-history":[{"count":10,"href":"https:\/\/www.estrategiaconcursos.com.br\/blog\/wp-json\/wp\/v2\/posts\/821832\/revisions"}],"predecessor-version":[{"id":822104,"href":"https:\/\/www.estrategiaconcursos.com.br\/blog\/wp-json\/wp\/v2\/posts\/821832\/revisions\/822104"}],"wp:featuredmedia":[{"embeddable":true,"href":"https:\/\/www.estrategiaconcursos.com.br\/blog\/wp-json\/wp\/v2\/media\/796822"}],"wp:attachment":[{"href":"https:\/\/www.estrategiaconcursos.com.br\/blog\/wp-json\/wp\/v2\/media?parent=821832"}],"wp:term":[{"taxonomy":"category","embeddable":true,"href":"https:\/\/www.estrategiaconcursos.com.br\/blog\/wp-json\/wp\/v2\/categories?post=821832"},{"taxonomy":"post_tag","embeddable":true,"href":"https:\/\/www.estrategiaconcursos.com.br\/blog\/wp-json\/wp\/v2\/tags?post=821832"},{"taxonomy":"tax_estado","embeddable":true,"href":"https:\/\/www.estrategiaconcursos.com.br\/blog\/wp-json\/wp\/v2\/tax_estado?post=821832"}],"curies":[{"name":"wp","href":"https:\/\/api.w.org\/{rel}","templated":true}]}}