{"id":821094,"date":"2021-08-04T08:18:00","date_gmt":"2021-08-04T11:18:00","guid":{"rendered":"https:\/\/www.estrategiaconcursos.com.br\/blog\/?p=821094"},"modified":"2021-08-12T09:37:55","modified_gmt":"2021-08-12T12:37:55","slug":"pos-edital-o-edital-saiu","status":"publish","type":"post","link":"https:\/\/www.estrategiaconcursos.com.br\/blog\/pos-edital-o-edital-saiu\/","title":{"rendered":"P\u00f3s-Edital: O edital saiu e agora o que eu devo fazer?"},"content":{"rendered":"\n<p>Ol\u00e1, Pessoal, tudo bem com voc\u00eas? No artigo de hoje vamos falar sobre o p\u00f3s-edital, o que o concurseiro deve fazer quando sai o edital do concurso p\u00fablico. Vamos l\u00e1?<\/p>\n\n\n\n<p><\/p>\n\n\n\n<figure class=\"wp-block-image\"><img loading=\"lazy\" decoding=\"async\" width=\"1024\" height=\"536\" src=\"https:\/\/dhg1h5j42swfq.cloudfront.net\/2021\/06\/03194333\/saiu-edital-1024x536.jpg\" alt=\"P\u00f3s Edital: O que devo fazer?\" class=\"wp-image-758933\" srcset=\"https:\/\/dhg1h5j42swfq.cloudfront.net\/2021\/06\/03194333\/saiu-edital-1024x536.jpg 1024w, https:\/\/dhg1h5j42swfq.cloudfront.net\/2021\/06\/03194333\/saiu-edital-300x157.jpg 300w, https:\/\/dhg1h5j42swfq.cloudfront.net\/2021\/06\/03194333\/saiu-edital-768x402.jpg 768w, https:\/\/dhg1h5j42swfq.cloudfront.net\/2021\/06\/03194333\/saiu-edital-610x319.jpg 610w, https:\/\/dhg1h5j42swfq.cloudfront.net\/2021\/06\/03194333\/saiu-edital.jpg 1200w\" sizes=\"auto, (max-width: 1024px) 100vw, 1024px\" \/><figcaption>P\u00f3s-Edital: O edital saiu e agora o que eu devo fazer?<\/figcaption><\/figure>\n\n\n\n<p>P\u00f3s-Edital: O edital saiu e agora?<\/p>\n\n\n\n<p>Depois do lan\u00e7amento do edital, o concurseiro j\u00e1 tem \u201cas regras do jogo\u201d em m\u00e3os, s\u00e3o apresentadas as mat\u00e9rias cobradas, os conte\u00fados de cada mat\u00e9ria que ser\u00e3o cobrados nas provas objetivas e\/ou discursivas e o principal: A BANCA EXAMINADORA.<\/p>\n\n\n\n<p>Desse modo, o foco n\u00e3o vai ser apenas no conhecimento de todos os itens previstos no conte\u00fado program\u00e1tico: o objetivo principal \u00e9 trabalhar os prazos at\u00e9 o dia da prova.<\/p>\n\n\n\n<p>N\u00e3o existe uma f\u00f3rmula m\u00e1gica de estudo no p\u00f3s edital, mas existem algumas t\u00e9cnicas que tendem a ser mais eficazes.<\/p>\n\n\n\n<h3 class=\"wp-block-heading\" id=\"h-pr-x-p-s-edital\">Pr\u00e9 x P\u00f3s-Edital<\/h3>\n\n\n\n<p>Antes de o edital ser colocado na pra\u00e7a, o concurseiro ainda estava naquela fase de planejamento. Ele deve tomar como base editais anteriores do concurso que ele almeja, a banca examinadora, assim como as tend\u00eancias que s\u00e3o recorrentes para as provas e enunciados de quest\u00f5es daquele concurso.<\/p>\n\n\n\n<p>Nesse momento, o concurseiro tem tempo h\u00e1bil para escolher o material e organizar seu plano de estudos. <\/p>\n\n\n\n<p>J\u00e1 no per\u00edodo p\u00f3s-edital, o concurseiro tem um prazo e as &#8220;regras do jogo&#8221;. Ele vai ter acesso ao conte\u00fado program\u00e1tico detalhadamente, bem como as etapas exigidas no concurso. Nessa etapa ele deve verificar se alguma das mat\u00e9rias ou conte\u00fados que ele vinha estudando ainda v\u00e3o se manter ou devem ser descartados.<\/p>\n\n\n\n<h3 class=\"wp-block-heading\" id=\"h-p-s-edital-o-edital-saiu\">P\u00f3s-Edital: O edital saiu <\/h3>\n\n\n\n<p>O p\u00f3s-edital \u00e9 o momento que o concurseiro deve verificar se precisa mudar os estudos de acordo com as prioridades, deve analisar se tem mat\u00e9rias de maior peso, se o edital veio com alguma mat\u00e9ria que ele ainda n\u00e3o domina ou que \u00e9 mais complexa.<\/p>\n\n\n\n<p>\u00c9 o per\u00edodo em que os estudos devem ser intensificados, aperfei\u00e7oando as mat\u00e9rias por meio de muita revis\u00e3o.<\/p>\n\n\n\n<p>A palavra-chave no p\u00f3s edital \u00e9: ORGANIZA\u00c7\u00c3O, depois que saiu o edital haver\u00e1 um intervalo de dois a quatro meses at\u00e9 aplica\u00e7\u00e3o das provas.<\/p>\n\n\n\n<p>Alguns pontos que o concurseiro deve levantar quando sai o edital:<\/p>\n\n\n\n<ul class=\"wp-block-list\"><li>Quanto tempo tem at\u00e9 o dia de aplica\u00e7\u00e3o das provas?<\/li><li>Quantas horas por dia eu tenho dispon\u00edvel para me dedicar ao conte\u00fado program\u00e1tico?<\/li><li>Quanto tempo eu consigo ficar focado nos estudos?<\/li><li>Tem alguma mat\u00e9ria que eu n\u00e3o tenha estudado?<\/li><li>Tem alguma mat\u00e9ria com maior peso no edital?<\/li><\/ul>\n\n\n\n<h3 class=\"wp-block-heading\" id=\"h-1-p-s-edital-leia-o-edital-com-aten-o\">1. P\u00f3s-edital: Leia o edital com aten\u00e7\u00e3o<\/h3>\n\n\n\n<p>O edital \u00e9 o documento que determina a regra de todo o processo seletivo e inclui os requisitos para fazer o concurso. Nele v\u00e3o estar os documentos necess\u00e1rios no ato de inscri\u00e7\u00e3o, as etapas, as disciplinas para estudar e v\u00e1rias outras informa\u00e7\u00f5es.<\/p>\n\n\n\n<p>O concurseiro deve ler atentamente os crit\u00e9rios estabelecidos no edital, n\u00e3o se ater apenas ao conte\u00fado program\u00e1tico.  Ao fazer isso, voc\u00ea ter\u00e1 ci\u00eancia das disciplinas que s\u00e3o mais relevantes para a sua aprova\u00e7\u00e3o. Normalmente, s\u00e3o as disciplinas presentes na parte de conhecimentos espec\u00edficos. Em alguns casos, elas podem representar at\u00e9 mais de 70% da pontua\u00e7\u00e3o da sua prova.<\/p>\n\n\n\n<h3 class=\"wp-block-heading\" id=\"h-2-p-s-edital-verifique-se-tem-mat-rias-que-exigem-pontua-o-m-nima\">2. P\u00f3s-edital: Verifique se tem mat\u00e9rias que exigem pontua\u00e7\u00e3o m\u00ednima<\/h3>\n\n\n\n<p>Alguns editais exigem uma nota m\u00ednima por disciplinas, \u00e9 uma pontua\u00e7\u00e3o m\u00ednima que o candidato precisa ter para conseguir ser nomeado para o cargo, ou seja, se n\u00e3o conseguisse obter aquela pontua\u00e7\u00e3o, seria eliminado, independente da pontua\u00e7\u00e3o das outras mat\u00e9rias.<\/p>\n\n\n\n<p>Por exemplo, no caso do concurso da Receita Federal de 2014, o edital dizia que o candidato seria habilitado a prosseguir no concurso se fosse classificado na primeira etapa, ou seja, se tivesse obtido, no m\u00ednimo, 40% dos pontos ponderados em cada uma das disciplinas que integram as provas objetivas; no m\u00ednimo, 60% do somat\u00f3rio dos pontos ponderados do conjunto das provas objetivas; e no m\u00ednimo, 60% dos pontos totais correspondentes \u00e0s duas provas discursivas.<\/p>\n\n\n\n<h3 class=\"wp-block-heading\" id=\"h-3-p-s-edital-dedique-mais-tempo-as-mat-rias-com-maior-peso-e-ou-maior-n-mero-de-quest-es\">3. P\u00f3s-edital: Dedique mais tempo as mat\u00e9rias com maior peso e\/ou maior n\u00famero de quest\u00f5es<\/h3>\n\n\n\n<p>O candidato deve distribuir as horas de estudo para cada disciplina exigida, por\u00e9m&nbsp;essa divis\u00e3o n\u00e3o deve ser igual, uma vez que algumas delas v\u00e3o ter pesos maiores ou at\u00e9 mesmo maior n\u00famero de quest\u00f5es.<\/p>\n\n\n\n<p>Fa\u00e7a as seguintes perguntas quando sair o edital:<\/p>\n\n\n\n<ul class=\"wp-block-list\"><li>Quantas disciplinas foram exigidas no concurso e quais s\u00e3o?<\/li><li>Quais disciplinas possuem maior peso na prova?<\/li><li>Quais s\u00e3o as disciplinas mais complexas e que eu apresento mais dificuldade?<\/li><\/ul>\n\n\n\n<p>Essas disciplinas com mais peso e\/ou mais quest\u00f5es, s\u00e3o justamente as disciplinas que voc\u00ea deve alocar mais tempo de estudo para elas.<\/p>\n\n\n\n<h3 class=\"wp-block-heading\" id=\"h-4-p-s-edital-o-edital-saiu\">4. P\u00f3s-Edital: O edital saiu<\/h3>\n\n\n\n<h3 class=\"wp-block-heading\" id=\"h-fa-a-um-checklist-do-conte-do-exigido\">Fa\u00e7a um checklist do conte\u00fado exigido<\/h3>\n\n\n\n<p>\u00c9 importante criar uma lista com todas as mat\u00e9rias cobradas e ir marcando as que j\u00e1 foram estudadas.<\/p>\n\n\n\n<p>Todas as etapas do concurso em quest\u00e3o precisam ser levadas em conta quando os concurseiros estiverem planejando as metas de estudo. Somente assim ser\u00e1 poss\u00edvel&nbsp;distribuir os esfor\u00e7os&nbsp;rumo \u00e0 aprova\u00e7\u00e3o no p\u00f3s-edital.<\/p>\n\n\n\n<p>exemplo: EDITAL ESAF N\u00ba 18, DE 7 DE MAR\u00c7O DE 2014 &#8211; AUDITOR-FISCAL DA RECEITA FEDERAL DO BRASIL:<\/p>\n\n\n\n<p>DIREITO CONSTITUCIONAL 1. Teoria geral do Estado. 2. Os poderes do Estado e as respectivas fun\u00e7\u00f5es. 3. Teoria geral da Constitui\u00e7\u00e3o: conceito, origens, conte\u00fado, estrutura e classifica\u00e7\u00e3o. 4. Supremacia da Constitui\u00e7\u00e3o. 5. Tipos de Constitui\u00e7\u00e3o. 6. Poder constituinte. 7. Princ\u00edpios constitucionais. 8. Interpreta\u00e7\u00e3o da Constitui\u00e7\u00e3o e Controle de Constitucionalidade. Normas constitucionais e inconstitucionais. Legitimados. Compet\u00eancia dos Tribunais. Efeitos da decis\u00e3o no controle de constitucionalidade. 9. Emenda, reforma e revis\u00e3o constitucional <\/p>\n\n\n\n<p>10. An\u00e1lise do princ\u00edpio hier\u00e1rquico das normas. 11. Princ\u00edpios fundamentais da CF\/88. 12. Direitos e garantias fundamentais. 13. Organiza\u00e7\u00e3o do Estado pol\u00edtico-administrativo. 14. Administra\u00e7\u00e3o P\u00fablica. 15. Organiza\u00e7\u00e3o dos Poderes. O Poder Legislativo. A fiscaliza\u00e7\u00e3o cont\u00e1bil, financeira e or\u00e7ament\u00e1ria. O Controle Externo e os Sistemas de Controle Interno. Tribunal de Contas da Uni\u00e3o. O Poder Executivo e o Poder Judici\u00e1rio. O Minist\u00e9rio P\u00fablico. <\/p>\n\n\n\n<p>16. A defesa do Estado e das institui\u00e7\u00f5es democr\u00e1ticas. 17. Da tributa\u00e7\u00e3o e do or\u00e7amento. Sistema Tribut\u00e1rio Nacional. Das finan\u00e7as p\u00fablicas. Do or\u00e7amento. 18. Da ordem econ\u00f4mica e financeira. 19. Da ordem social. 20. Das disposi\u00e7\u00f5es gerais e das disposi\u00e7\u00f5es constitucionais transit\u00f3rias.<\/p>\n\n\n\n<h4 class=\"wp-block-heading\" id=\"h-checklist-p-s-edital\">Checklist <mark>p\u00f3s-edital<\/mark>:<\/h4>\n\n\n\n<p>DIREITO CONSTITUCIONAL <\/p>\n\n\n\n<p>1. Teoria geral do Estado. <strong>ok<\/strong><\/p>\n\n\n\n<p>2. Os poderes do Estado e as respectivas fun\u00e7\u00f5es. <strong>ok<\/strong><\/p>\n\n\n\n<p>3. Teoria geral da Constitui\u00e7\u00e3o: conceito, origens, conte\u00fado, estrutura e classifica\u00e7\u00e3o. <strong>ok<\/strong><\/p>\n\n\n\n<p>4. Supremacia da Constitui\u00e7\u00e3o. <strong>ok<\/strong><\/p>\n\n\n\n<p>5. Tipos de Constitui\u00e7\u00e3o. 6. Poder constituinte. <\/p>\n\n\n\n<p>7. Princ\u00edpios constitucionais. <\/p>\n\n\n\n<p>8. Interpreta\u00e7\u00e3o da Constitui\u00e7\u00e3o e Controle de Constitucionalidade. Normas constitucionais e inconstitucionais. Legitimados. Compet\u00eancia dos Tribunais. Efeitos da decis\u00e3o no controle de constitucionalidade. <\/p>\n\n\n\n<p>&#8230;<\/p>\n\n\n\n<h3 class=\"wp-block-heading\" id=\"h-5-p-s-edital-o-edital-saiu\">5. P\u00f3s-Edital: O edital saiu<\/h3>\n\n\n\n<h3 class=\"wp-block-heading\" id=\"h-fa-a-muitas-revis-es-dos-conte-dos-estudados\">Fa\u00e7a muitas revis\u00f5es dos conte\u00fados estudados<\/h3>\n\n\n\n<p>Nosso c\u00e9rebro trabalha com v\u00e1rios tipos diferentes de mem\u00f3rias, mas destacam-se duas: a de longo prazo e a de curto prazo.&nbsp;Mem\u00f3ria de longo prazo \u00e9 a que voc\u00ea jamais esquecer\u00e1, tais mem\u00f3rias&nbsp;est\u00e3o gravadas na sua mente. Entretanto, a mem\u00f3ria de curto prazo \u00e9 aquela que voc\u00ea esquece com o passar dos anos ou se for irrelevante, em apenas alguns dias.<\/p>\n\n\n\n<p id=\"block-afeeecd7-8d63-493b-bfd4-00bbd4295e02\">O livro \u201cSupermem\u00f3ria&#8221; de Alberto Dell\u2019Isola, elucida que esse esquecimento \u00e9 algo normal do c\u00e9rebro. Ou seja, n\u00e3o \u00e9 nenhum problema de sa\u00fade ou algo do tipo.&nbsp;<\/p>\n\n\n\n<p id=\"block-9b16312c-9ec6-4fda-b5f3-aba1adcc2ab3\">Sendo assim, por meio da revis\u00e3o (ou dos m\u00e9todos de revis\u00e3o) conseguimos transformar a mem\u00f3ria de curto prazo em mem\u00f3ria de longo prazo. Isto \u00e9, quando voc\u00ea revisa o que aprendeu, aquilo vai se tornando parte do seu dia a dia. N\u00e3o basta apenas aprender e estudar o conte\u00fado, mas&nbsp;manter as informa\u00e7\u00f5es fixas na mem\u00f3ria at\u00e9 o dia da prova e para isso a revis\u00e3o \u00e9 bastante importante.<\/p>\n\n\n\n<h3 class=\"wp-block-heading\" id=\"h-6-p-s-edital-o-edital-saiu\">6. P\u00f3s-Edital: O edital saiu<\/h3>\n\n\n\n<h3 class=\"wp-block-heading\" id=\"h-fa-a-muitas-quest-es-da-banca-examinadora\">Fa\u00e7a muitas quest\u00f5es da banca examinadora<\/h3>\n\n\n\n<p>Estudar fazendo&nbsp;quest\u00f5es de concursos&nbsp;\u00e9 um m\u00e9todo muito eficiente, j\u00e1 que durante a resolu\u00e7\u00e3o de exerc\u00edcios voc\u00ea&nbsp;exercita mais o c\u00e9rebro, aumentando a sua capacidade de&nbsp;memorizar o assunto. <\/p>\n\n\n\n<p>Quando voc\u00ea resolve quest\u00f5es de concursos p\u00fablicos, voc\u00ea ativa mais o&nbsp;hemisf\u00e9rio esquerdo do c\u00e9rebro, que \u00e9 respons\u00e1vel pelo<strong>&nbsp;<\/strong>racioc\u00ednio l\u00f3gico, sendo tamb\u00e9m chamado de \u201cc\u00e9rebro acad\u00eamico\u201d.<\/p>\n\n\n\n<p>O estudo por quest\u00f5es \u00e9 um estudo mais ativo e din\u00e2mico do que simplesmente quando se l\u00ea um material te\u00f3rico, j\u00e1 que quando voc\u00ea responde uma quest\u00e3o, voc\u00ea tem que acessar aquele conte\u00fado te\u00f3rico na sua mem\u00f3ria, for\u00e7ando assim seu c\u00e9rebro.<\/p>\n\n\n\n<p>Al\u00e9m do mais,&nbsp;quando voc\u00ea resolve muitas quest\u00f5es, voc\u00ea percebe quais<strong>&nbsp;<\/strong>conte\u00fados s\u00e3o mais cobrados, concentrando melhor seus esfor\u00e7os nesses, potencializando assim seu tempo dispon\u00edvel.<\/p>\n\n\n\n<h4 class=\"wp-block-heading\" id=\"h-p-s-edital-marque-as-quest-es-que-voc-errou-ou-teve-d-vidas\">P\u00f3s-edital: Marque as quest\u00f5es que voc\u00ea errou ou teve d\u00favidas<\/h4>\n\n\n\n<p>Assim que voc\u00ea acabar de resolver as quest\u00f5es, verifique quais voc\u00ea errou. Desse modo,&nbsp;marque todas as quest\u00f5es erradas e as que teve d\u00favida (quest\u00f5es que apesar de ter acertado, teve dificuldade de resolver), para que voc\u00ea possa&nbsp;estud\u00e1-las novamente. <\/p>\n\n\n\n<p>Ao levar em considera\u00e7\u00e3o os seus erros, \u00e9 poss\u00edvel reconhecer quais s\u00e3o suas d\u00favidas e fraquezas, ent\u00e3o focar em elimin\u00e1-las, para que n\u00e3o volte a errar, principalmente na sua prova. <\/p>\n\n\n\n<p>Espero que tenham gostado do artigo!<\/p>\n\n\n\n<p>Um abra\u00e7o e bons estudos!<\/p>\n\n\n\n<p>Leonardo Mathias <\/p>\n\n\n\n<p>@profleomathias<\/p>\n\n\n\n<figure class=\"wp-block-embed is-type-wp-embed is-provider-estrategia-concursos wp-block-embed-estrategia-concursos\"><div class=\"wp-block-embed__wrapper\">\n<blockquote class=\"wp-embedded-content\" data-secret=\"85nWdhlehJ\"><a href=\"https:\/\/www.estrategiaconcursos.com.br\/blog\/lei-seca-como-estudar-de-forma-eficiente\/\">Lei seca: Como estudar de forma eficiente?<\/a><\/blockquote><iframe loading=\"lazy\" class=\"wp-embedded-content\" sandbox=\"allow-scripts\" security=\"restricted\" style=\"position: absolute; clip: rect(1px, 1px, 1px, 1px);\" title=\"&#8220;Lei seca: Como estudar de forma eficiente?&#8221; &#8212; Estrat\u00e9gia Concursos\" src=\"https:\/\/www.estrategiaconcursos.com.br\/blog\/lei-seca-como-estudar-de-forma-eficiente\/embed\/#?secret=CfCYLhiWcy#?secret=85nWdhlehJ\" data-secret=\"85nWdhlehJ\" width=\"500\" height=\"282\" frameborder=\"0\" marginwidth=\"0\" marginheight=\"0\" scrolling=\"no\"><\/iframe>\n<\/div><\/figure>\n\n\n\n<p><a href=\"https:\/\/www.gov.br\/receitafederal\/pt-br\">https:\/\/www.gov.br\/receitafederal\/pt-br<\/a><\/p>\n\n\n\n<p>Prepare-se com o melhor material e com quem mais aprova em Concursos P\u00fablicos em todo o pa\u00eds!<\/p>\n\n\n\n<div class=\"container\" id=\"boxes\">\n  <div class=\"row\">\n    <div class=\"col-sm\">\n      <div class=\"estrategia\" id=\"box-assinatura\">\n        <h3 class=\"titulo-assinatura\">Assinatura de Concursos<\/h3>\n        <p class=\"subtitulo-assinatura\">Assinatura de 1 ano ou 2 anos<\/p>\n        <div class=\"box-botao\">\n          <a class=\"btn-assinatura\" target=\"_blank\" href=\"https:\/\/www.estrategiaconcursos.com.br\/assinaturas\/\" role=\"button\" rel=\"noopener noreferrer\">ASSINE AGORA<\/a>\n        <\/div>\n      <\/div>\n      <p class=\"texto-auxiliar\"><\/p>\n    <\/div>\n    <div class=\"col-sm\">\n      <div class=\"questoes\" id=\"box-assinatura\">\n        <h3 class=\"titulo-assinatura\">Sistema de Quest\u00f5es<\/h3>\n        <p class=\"subtitulo-assinatura\">Assinatura de 1 ano ou 2 anos\n<\/p>\n        <div class=\"box-botao\">\n          <a class=\"btn-assinatura\" target=\"_blank\" href=\"https:\/\/www.estrategiaconcursos.com.br\/cursosPorConcurso\/sistema-de-questoes\/#\/\" role=\"button\" rel=\"noopener noreferrer\">ASSINE AGORA<\/a>\n        <\/div>\n      <\/div>\n      <p class=\"texto-auxiliar\"><\/p>\n    <\/div>\n  <\/div>\n<\/div>\n\n\n\n<div class=\"container\" id=\"boxes\">\n  <div class=\"row\">\n\n    <div class=\"col-sm\" id=\"boxes-concursos\">\n      <div style=\"background-color: #005DAD;\" class=\"conteudo-concursos\" id=\"box-concursos\">\n        <h3 class=\"titulo-assinatura\">Concursos Abertos<\/h3>\n        <p class=\"subtitulo-assinatura\">mais de 15 mil vagas<\/p>\n        <div class=\"box-botao\">\n          <a class=\"btn-assinatura\" target=\"_blank\" href=\"https:\/\/www.estrategiaconcursos.com.br\/blog\/concursos-abertos\/\" role=\"button\" rel=\"noopener noreferrer\">Conhe\u00e7a Agora<\/a>\n        <\/div>\n      <\/div>\n    <\/div>\n\n    \n\n    <div class=\"col-sm\" id=\"boxes-concursos\">\n      <div style=\"background-color: #419FF0;\" class=\"conteudo-concursos\" id=\"box-concursos\">\n        <h3 class=\"titulo-assinatura\">Concursos 2021<\/h3>\n        <p class=\"subtitulo-assinatura\">mais de 17 mil vagas<\/p>\n        <div class=\"box-botao\">\n          <a class=\"btn-assinatura\" target=\"_blank\" href=\"https:\/\/www.estrategiaconcursos.com.br\/blog\/concursos-2021\/\" role=\"button\" rel=\"noopener noreferrer\">Conhe\u00e7a Agora<\/a>\n        <\/div>\n      <\/div>\n    <\/div>\n\n  <\/div>\n<\/div>\n\n\n\n<p>.<\/p>\n","protected":false},"excerpt":{"rendered":"<p>Ol\u00e1, Pessoal, tudo bem com voc\u00eas? No artigo de hoje vamos falar sobre o p\u00f3s-edital, o que o concurseiro deve fazer quando sai o edital do concurso p\u00fablico. Vamos l\u00e1? P\u00f3s-Edital: O edital saiu e agora? Depois do lan\u00e7amento do edital, o concurseiro j\u00e1 tem \u201cas regras do jogo\u201d em m\u00e3os, s\u00e3o apresentadas as mat\u00e9rias [&hellip;]<\/p>\n","protected":false},"author":773,"featured_media":797472,"comment_status":"open","ping_status":"closed","sticky":false,"template":"","format":"standard","meta":{"post_tipo":"article","footnotes":""},"categories":[1],"tags":[],"tax_estado":[219964,219965,219966,219967,219968,219969,219963,219970,219971,219972,219973,219974,219975,219976,219977,219978,219979,219980,219981,219982,219983,219984,219985,219986,219987,219988,219989,219990],"class_list":["post-821094","post","type-post","status-publish","format-standard","has-post-thumbnail","hentry","category-cursos-e-concursos","tax_estado-ac","tax_estado-al","tax_estado-am","tax_estado-ap","tax_estado-ba","tax_estado-ce","tax_estado-concursos-federais","tax_estado-df","tax_estado-es","tax_estado-go","tax_estado-ma","tax_estado-mg","tax_estado-ms","tax_estado-mt","tax_estado-pa","tax_estado-pb","tax_estado-pe","tax_estado-pi","tax_estado-pr","tax_estado-rj","tax_estado-rn","tax_estado-ro","tax_estado-rr","tax_estado-rs","tax_estado-sc","tax_estado-se","tax_estado-sp","tax_estado-to"],"acf":[],"yoast_head":"<!-- This site is optimized with the Yoast SEO Premium plugin v27.2 (Yoast SEO v27.2) - https:\/\/yoast.com\/product\/yoast-seo-premium-wordpress\/ -->\n<title>P\u00f3s-Edital: O edital saiu e agora o que eu devo fazer?<\/title>\n<meta name=\"description\" content=\"P\u00f3s-Edital: O edital saiu e agora o que eu devo fazer? como mantenho meus estudos depois que o edital do meu concurso p\u00fablico saiu?\" \/>\n<meta name=\"robots\" content=\"index, follow, max-snippet:-1, max-image-preview:large, max-video-preview:-1\" \/>\n<link rel=\"canonical\" href=\"https:\/\/www.estrategiaconcursos.com.br\/blog\/pos-edital-o-edital-saiu\/\" \/>\n<meta property=\"og:locale\" content=\"pt_BR\" \/>\n<meta property=\"og:type\" content=\"article\" \/>\n<meta property=\"og:title\" content=\"P\u00f3s-Edital: O edital saiu e agora o que eu devo fazer?\" \/>\n<meta property=\"og:description\" content=\"P\u00f3s-Edital: O edital saiu e agora o que eu devo fazer? como mantenho meus estudos depois que o edital do meu concurso p\u00fablico saiu?\" \/>\n<meta property=\"og:url\" content=\"https:\/\/www.estrategiaconcursos.com.br\/blog\/pos-edital-o-edital-saiu\/\" \/>\n<meta property=\"og:site_name\" content=\"Estrat\u00e9gia Concursos\" \/>\n<meta property=\"article:published_time\" content=\"2021-08-04T11:18:00+00:00\" \/>\n<meta property=\"article:modified_time\" content=\"2021-08-12T12:37:55+00:00\" \/>\n<meta property=\"og:image\" content=\"https:\/\/dhg1h5j42swfq.cloudfront.net\/2021\/07\/17113805\/saiu-edital-1.jpg\" \/>\n\t<meta property=\"og:image:width\" content=\"1200\" \/>\n\t<meta property=\"og:image:height\" content=\"628\" \/>\n\t<meta property=\"og:image:type\" content=\"image\/jpeg\" \/>\n<meta name=\"author\" content=\"Leonardo Mathias\" \/>\n<meta name=\"twitter:card\" content=\"summary_large_image\" \/>\n<meta name=\"twitter:creator\" content=\"@EstratConcursos\" \/>\n<meta name=\"twitter:site\" content=\"@EstratConcursos\" \/>\n<meta name=\"twitter:label1\" content=\"Escrito por\" \/>\n\t<meta name=\"twitter:data1\" content=\"Leonardo Mathias\" \/>\n\t<meta name=\"twitter:label2\" content=\"Est. tempo de leitura\" \/>\n\t<meta name=\"twitter:data2\" content=\"7 minutos\" \/>\n<script type=\"application\/ld+json\" class=\"yoast-schema-graph\">{\"@context\":\"https:\/\/schema.org\",\"@graph\":[{\"@type\":\"NewsArticle\",\"@id\":\"https:\/\/www.estrategiaconcursos.com.br\/blog\/pos-edital-o-edital-saiu\/#article\",\"isPartOf\":{\"@id\":\"https:\/\/www.estrategiaconcursos.com.br\/blog\/pos-edital-o-edital-saiu\/\"},\"author\":{\"name\":\"Leonardo Mathias\",\"@id\":\"https:\/\/www.estrategiaconcursos.com.br\/blog\/#\/schema\/person\/ffa1e327b35698a5329b293a0627bd55\"},\"headline\":\"P\u00f3s-Edital: O edital saiu e agora o que eu devo fazer?\",\"datePublished\":\"2021-08-04T11:18:00+00:00\",\"dateModified\":\"2021-08-12T12:37:55+00:00\",\"mainEntityOfPage\":{\"@id\":\"https:\/\/www.estrategiaconcursos.com.br\/blog\/pos-edital-o-edital-saiu\/\"},\"wordCount\":1743,\"commentCount\":0,\"publisher\":{\"@id\":\"https:\/\/www.estrategiaconcursos.com.br\/blog\/#organization\"},\"image\":{\"@id\":\"https:\/\/www.estrategiaconcursos.com.br\/blog\/pos-edital-o-edital-saiu\/#primaryimage\"},\"thumbnailUrl\":\"https:\/\/dhg1h5j42swfq.cloudfront.net\/2021\/07\/17113805\/saiu-edital-1.jpg\",\"articleSection\":[\"Concursos P\u00fablicos\"],\"inLanguage\":\"pt-BR\",\"potentialAction\":[{\"@type\":\"CommentAction\",\"name\":\"Comment\",\"target\":[\"https:\/\/www.estrategiaconcursos.com.br\/blog\/pos-edital-o-edital-saiu\/#respond\"]}],\"copyrightYear\":\"2021\",\"copyrightHolder\":{\"@id\":\"https:\/\/www.estrategiaconcursos.com.br\/blog\/#organization\"}},{\"@type\":\"WebPage\",\"@id\":\"https:\/\/www.estrategiaconcursos.com.br\/blog\/pos-edital-o-edital-saiu\/\",\"url\":\"https:\/\/www.estrategiaconcursos.com.br\/blog\/pos-edital-o-edital-saiu\/\",\"name\":\"P\u00f3s-Edital: O edital saiu e agora o que eu devo fazer?\",\"isPartOf\":{\"@id\":\"https:\/\/www.estrategiaconcursos.com.br\/blog\/#website\"},\"primaryImageOfPage\":{\"@id\":\"https:\/\/www.estrategiaconcursos.com.br\/blog\/pos-edital-o-edital-saiu\/#primaryimage\"},\"image\":{\"@id\":\"https:\/\/www.estrategiaconcursos.com.br\/blog\/pos-edital-o-edital-saiu\/#primaryimage\"},\"thumbnailUrl\":\"https:\/\/dhg1h5j42swfq.cloudfront.net\/2021\/07\/17113805\/saiu-edital-1.jpg\",\"datePublished\":\"2021-08-04T11:18:00+00:00\",\"dateModified\":\"2021-08-12T12:37:55+00:00\",\"description\":\"P\u00f3s-Edital: O edital saiu e agora o que eu devo fazer? como mantenho meus estudos depois que o edital do meu concurso p\u00fablico saiu?\",\"breadcrumb\":{\"@id\":\"https:\/\/www.estrategiaconcursos.com.br\/blog\/pos-edital-o-edital-saiu\/#breadcrumb\"},\"inLanguage\":\"pt-BR\",\"potentialAction\":[{\"@type\":\"ReadAction\",\"target\":[\"https:\/\/www.estrategiaconcursos.com.br\/blog\/pos-edital-o-edital-saiu\/\"]}]},{\"@type\":\"ImageObject\",\"inLanguage\":\"pt-BR\",\"@id\":\"https:\/\/www.estrategiaconcursos.com.br\/blog\/pos-edital-o-edital-saiu\/#primaryimage\",\"url\":\"https:\/\/dhg1h5j42swfq.cloudfront.net\/2021\/07\/17113805\/saiu-edital-1.jpg\",\"contentUrl\":\"https:\/\/dhg1h5j42swfq.cloudfront.net\/2021\/07\/17113805\/saiu-edital-1.jpg\",\"width\":1200,\"height\":628},{\"@type\":\"BreadcrumbList\",\"@id\":\"https:\/\/www.estrategiaconcursos.com.br\/blog\/pos-edital-o-edital-saiu\/#breadcrumb\",\"itemListElement\":[{\"@type\":\"ListItem\",\"position\":1,\"name\":\"In\u00edcio\",\"item\":\"https:\/\/www.estrategiaconcursos.com.br\/blog\/\"},{\"@type\":\"ListItem\",\"position\":2,\"name\":\"P\u00f3s-Edital: O edital saiu e agora o que eu devo fazer?\"}]},{\"@type\":\"WebSite\",\"@id\":\"https:\/\/www.estrategiaconcursos.com.br\/blog\/#website\",\"url\":\"https:\/\/www.estrategiaconcursos.com.br\/blog\/\",\"name\":\"Estrat\u00e9gia Concursos\",\"description\":\"O blog da Estrat\u00e9gia Concursos traz not\u00edcias sobre concursos e artigos de professores oferecendo cursos para concursos (pdf + videaulas) no site.\",\"publisher\":{\"@id\":\"https:\/\/www.estrategiaconcursos.com.br\/blog\/#organization\"},\"potentialAction\":[{\"@type\":\"SearchAction\",\"target\":{\"@type\":\"EntryPoint\",\"urlTemplate\":\"https:\/\/www.estrategiaconcursos.com.br\/blog\/?s={search_term_string}\"},\"query-input\":{\"@type\":\"PropertyValueSpecification\",\"valueRequired\":true,\"valueName\":\"search_term_string\"}}],\"inLanguage\":\"pt-BR\"},{\"@type\":\"Organization\",\"@id\":\"https:\/\/www.estrategiaconcursos.com.br\/blog\/#organization\",\"name\":\"Estrat\u00e9gia Concursos\",\"url\":\"https:\/\/www.estrategiaconcursos.com.br\/blog\/\",\"logo\":{\"@type\":\"ImageObject\",\"inLanguage\":\"pt-BR\",\"@id\":\"https:\/\/www.estrategiaconcursos.com.br\/blog\/#\/schema\/logo\/image\/\",\"url\":\"https:\/\/dhg1h5j42swfq.cloudfront.net\/2025\/06\/03203428\/logo_concursos-1.jpg\",\"contentUrl\":\"https:\/\/dhg1h5j42swfq.cloudfront.net\/2025\/06\/03203428\/logo_concursos-1.jpg\",\"width\":230,\"height\":60,\"caption\":\"Estrat\u00e9gia Concursos\"},\"image\":{\"@id\":\"https:\/\/www.estrategiaconcursos.com.br\/blog\/#\/schema\/logo\/image\/\"},\"sameAs\":[\"https:\/\/x.com\/EstratConcursos\"]},{\"@type\":\"Person\",\"@id\":\"https:\/\/www.estrategiaconcursos.com.br\/blog\/#\/schema\/person\/ffa1e327b35698a5329b293a0627bd55\",\"name\":\"Leonardo Mathias\",\"image\":{\"@type\":\"ImageObject\",\"inLanguage\":\"pt-BR\",\"@id\":\"https:\/\/secure.gravatar.com\/avatar\/f02a0a4304a1537239604f568c9b6a69a3a7bbd6a5033b760cb4a5697f00295b?s=96&d=mm&r=g\",\"url\":\"https:\/\/secure.gravatar.com\/avatar\/f02a0a4304a1537239604f568c9b6a69a3a7bbd6a5033b760cb4a5697f00295b?s=96&d=mm&r=g\",\"contentUrl\":\"https:\/\/secure.gravatar.com\/avatar\/f02a0a4304a1537239604f568c9b6a69a3a7bbd6a5033b760cb4a5697f00295b?s=96&d=mm&r=g\",\"caption\":\"Leonardo Mathias\"},\"url\":\"https:\/\/www.estrategiaconcursos.com.br\/blog\/author\/leonardomathiasestrategiaconcursos-com-br\/\"}]}<\/script>\n<!-- \/ Yoast SEO Premium plugin. -->","yoast_head_json":{"title":"P\u00f3s-Edital: O edital saiu e agora o que eu devo fazer?","description":"P\u00f3s-Edital: O edital saiu e agora o que eu devo fazer? como mantenho meus estudos depois que o edital do meu concurso p\u00fablico saiu?","robots":{"index":"index","follow":"follow","max-snippet":"max-snippet:-1","max-image-preview":"max-image-preview:large","max-video-preview":"max-video-preview:-1"},"canonical":"https:\/\/www.estrategiaconcursos.com.br\/blog\/pos-edital-o-edital-saiu\/","og_locale":"pt_BR","og_type":"article","og_title":"P\u00f3s-Edital: O edital saiu e agora o que eu devo fazer?","og_description":"P\u00f3s-Edital: O edital saiu e agora o que eu devo fazer? como mantenho meus estudos depois que o edital do meu concurso p\u00fablico saiu?","og_url":"https:\/\/www.estrategiaconcursos.com.br\/blog\/pos-edital-o-edital-saiu\/","og_site_name":"Estrat\u00e9gia Concursos","article_published_time":"2021-08-04T11:18:00+00:00","article_modified_time":"2021-08-12T12:37:55+00:00","og_image":[{"width":1200,"height":628,"url":"https:\/\/dhg1h5j42swfq.cloudfront.net\/2021\/07\/17113805\/saiu-edital-1.jpg","type":"image\/jpeg"}],"author":"Leonardo Mathias","twitter_card":"summary_large_image","twitter_creator":"@EstratConcursos","twitter_site":"@EstratConcursos","twitter_misc":{"Escrito por":"Leonardo Mathias","Est. tempo de leitura":"7 minutos"},"schema":{"@context":"https:\/\/schema.org","@graph":[{"@type":"NewsArticle","@id":"https:\/\/www.estrategiaconcursos.com.br\/blog\/pos-edital-o-edital-saiu\/#article","isPartOf":{"@id":"https:\/\/www.estrategiaconcursos.com.br\/blog\/pos-edital-o-edital-saiu\/"},"author":{"name":"Leonardo Mathias","@id":"https:\/\/www.estrategiaconcursos.com.br\/blog\/#\/schema\/person\/ffa1e327b35698a5329b293a0627bd55"},"headline":"P\u00f3s-Edital: O edital saiu e agora o que eu devo fazer?","datePublished":"2021-08-04T11:18:00+00:00","dateModified":"2021-08-12T12:37:55+00:00","mainEntityOfPage":{"@id":"https:\/\/www.estrategiaconcursos.com.br\/blog\/pos-edital-o-edital-saiu\/"},"wordCount":1743,"commentCount":0,"publisher":{"@id":"https:\/\/www.estrategiaconcursos.com.br\/blog\/#organization"},"image":{"@id":"https:\/\/www.estrategiaconcursos.com.br\/blog\/pos-edital-o-edital-saiu\/#primaryimage"},"thumbnailUrl":"https:\/\/dhg1h5j42swfq.cloudfront.net\/2021\/07\/17113805\/saiu-edital-1.jpg","articleSection":["Concursos P\u00fablicos"],"inLanguage":"pt-BR","potentialAction":[{"@type":"CommentAction","name":"Comment","target":["https:\/\/www.estrategiaconcursos.com.br\/blog\/pos-edital-o-edital-saiu\/#respond"]}],"copyrightYear":"2021","copyrightHolder":{"@id":"https:\/\/www.estrategiaconcursos.com.br\/blog\/#organization"}},{"@type":"WebPage","@id":"https:\/\/www.estrategiaconcursos.com.br\/blog\/pos-edital-o-edital-saiu\/","url":"https:\/\/www.estrategiaconcursos.com.br\/blog\/pos-edital-o-edital-saiu\/","name":"P\u00f3s-Edital: O edital saiu e agora o que eu devo fazer?","isPartOf":{"@id":"https:\/\/www.estrategiaconcursos.com.br\/blog\/#website"},"primaryImageOfPage":{"@id":"https:\/\/www.estrategiaconcursos.com.br\/blog\/pos-edital-o-edital-saiu\/#primaryimage"},"image":{"@id":"https:\/\/www.estrategiaconcursos.com.br\/blog\/pos-edital-o-edital-saiu\/#primaryimage"},"thumbnailUrl":"https:\/\/dhg1h5j42swfq.cloudfront.net\/2021\/07\/17113805\/saiu-edital-1.jpg","datePublished":"2021-08-04T11:18:00+00:00","dateModified":"2021-08-12T12:37:55+00:00","description":"P\u00f3s-Edital: O edital saiu e agora o que eu devo fazer? como mantenho meus estudos depois que o edital do meu concurso p\u00fablico saiu?","breadcrumb":{"@id":"https:\/\/www.estrategiaconcursos.com.br\/blog\/pos-edital-o-edital-saiu\/#breadcrumb"},"inLanguage":"pt-BR","potentialAction":[{"@type":"ReadAction","target":["https:\/\/www.estrategiaconcursos.com.br\/blog\/pos-edital-o-edital-saiu\/"]}]},{"@type":"ImageObject","inLanguage":"pt-BR","@id":"https:\/\/www.estrategiaconcursos.com.br\/blog\/pos-edital-o-edital-saiu\/#primaryimage","url":"https:\/\/dhg1h5j42swfq.cloudfront.net\/2021\/07\/17113805\/saiu-edital-1.jpg","contentUrl":"https:\/\/dhg1h5j42swfq.cloudfront.net\/2021\/07\/17113805\/saiu-edital-1.jpg","width":1200,"height":628},{"@type":"BreadcrumbList","@id":"https:\/\/www.estrategiaconcursos.com.br\/blog\/pos-edital-o-edital-saiu\/#breadcrumb","itemListElement":[{"@type":"ListItem","position":1,"name":"In\u00edcio","item":"https:\/\/www.estrategiaconcursos.com.br\/blog\/"},{"@type":"ListItem","position":2,"name":"P\u00f3s-Edital: O edital saiu e agora o que eu devo fazer?"}]},{"@type":"WebSite","@id":"https:\/\/www.estrategiaconcursos.com.br\/blog\/#website","url":"https:\/\/www.estrategiaconcursos.com.br\/blog\/","name":"Estrat\u00e9gia Concursos","description":"O blog da Estrat\u00e9gia Concursos traz not\u00edcias sobre concursos e artigos de professores oferecendo cursos para concursos (pdf + videaulas) no site.","publisher":{"@id":"https:\/\/www.estrategiaconcursos.com.br\/blog\/#organization"},"potentialAction":[{"@type":"SearchAction","target":{"@type":"EntryPoint","urlTemplate":"https:\/\/www.estrategiaconcursos.com.br\/blog\/?s={search_term_string}"},"query-input":{"@type":"PropertyValueSpecification","valueRequired":true,"valueName":"search_term_string"}}],"inLanguage":"pt-BR"},{"@type":"Organization","@id":"https:\/\/www.estrategiaconcursos.com.br\/blog\/#organization","name":"Estrat\u00e9gia Concursos","url":"https:\/\/www.estrategiaconcursos.com.br\/blog\/","logo":{"@type":"ImageObject","inLanguage":"pt-BR","@id":"https:\/\/www.estrategiaconcursos.com.br\/blog\/#\/schema\/logo\/image\/","url":"https:\/\/dhg1h5j42swfq.cloudfront.net\/2025\/06\/03203428\/logo_concursos-1.jpg","contentUrl":"https:\/\/dhg1h5j42swfq.cloudfront.net\/2025\/06\/03203428\/logo_concursos-1.jpg","width":230,"height":60,"caption":"Estrat\u00e9gia Concursos"},"image":{"@id":"https:\/\/www.estrategiaconcursos.com.br\/blog\/#\/schema\/logo\/image\/"},"sameAs":["https:\/\/x.com\/EstratConcursos"]},{"@type":"Person","@id":"https:\/\/www.estrategiaconcursos.com.br\/blog\/#\/schema\/person\/ffa1e327b35698a5329b293a0627bd55","name":"Leonardo Mathias","image":{"@type":"ImageObject","inLanguage":"pt-BR","@id":"https:\/\/secure.gravatar.com\/avatar\/f02a0a4304a1537239604f568c9b6a69a3a7bbd6a5033b760cb4a5697f00295b?s=96&d=mm&r=g","url":"https:\/\/secure.gravatar.com\/avatar\/f02a0a4304a1537239604f568c9b6a69a3a7bbd6a5033b760cb4a5697f00295b?s=96&d=mm&r=g","contentUrl":"https:\/\/secure.gravatar.com\/avatar\/f02a0a4304a1537239604f568c9b6a69a3a7bbd6a5033b760cb4a5697f00295b?s=96&d=mm&r=g","caption":"Leonardo Mathias"},"url":"https:\/\/www.estrategiaconcursos.com.br\/blog\/author\/leonardomathiasestrategiaconcursos-com-br\/"}]}},"_links":{"self":[{"href":"https:\/\/www.estrategiaconcursos.com.br\/blog\/wp-json\/wp\/v2\/posts\/821094","targetHints":{"allow":["GET"]}}],"collection":[{"href":"https:\/\/www.estrategiaconcursos.com.br\/blog\/wp-json\/wp\/v2\/posts"}],"about":[{"href":"https:\/\/www.estrategiaconcursos.com.br\/blog\/wp-json\/wp\/v2\/types\/post"}],"author":[{"embeddable":true,"href":"https:\/\/www.estrategiaconcursos.com.br\/blog\/wp-json\/wp\/v2\/users\/773"}],"replies":[{"embeddable":true,"href":"https:\/\/www.estrategiaconcursos.com.br\/blog\/wp-json\/wp\/v2\/comments?post=821094"}],"version-history":[{"count":7,"href":"https:\/\/www.estrategiaconcursos.com.br\/blog\/wp-json\/wp\/v2\/posts\/821094\/revisions"}],"predecessor-version":[{"id":838060,"href":"https:\/\/www.estrategiaconcursos.com.br\/blog\/wp-json\/wp\/v2\/posts\/821094\/revisions\/838060"}],"wp:featuredmedia":[{"embeddable":true,"href":"https:\/\/www.estrategiaconcursos.com.br\/blog\/wp-json\/wp\/v2\/media\/797472"}],"wp:attachment":[{"href":"https:\/\/www.estrategiaconcursos.com.br\/blog\/wp-json\/wp\/v2\/media?parent=821094"}],"wp:term":[{"taxonomy":"category","embeddable":true,"href":"https:\/\/www.estrategiaconcursos.com.br\/blog\/wp-json\/wp\/v2\/categories?post=821094"},{"taxonomy":"post_tag","embeddable":true,"href":"https:\/\/www.estrategiaconcursos.com.br\/blog\/wp-json\/wp\/v2\/tags?post=821094"},{"taxonomy":"tax_estado","embeddable":true,"href":"https:\/\/www.estrategiaconcursos.com.br\/blog\/wp-json\/wp\/v2\/tax_estado?post=821094"}],"curies":[{"name":"wp","href":"https:\/\/api.w.org\/{rel}","templated":true}]}}