{"id":82064,"date":"2018-01-10T06:00:22","date_gmt":"2018-01-10T09:00:22","guid":{"rendered":"https:\/\/www.estrategiaconcursos.com.br\/blog\/?p=82064"},"modified":"2025-10-30T15:58:40","modified_gmt":"2025-10-30T18:58:40","slug":"concurso-camara-de-salvador","status":"publish","type":"post","link":"https:\/\/www.estrategiaconcursos.com.br\/blog\/concurso-camara-de-salvador\/","title":{"rendered":"Concurso C\u00e2mara de Salvador: \u00faltimo edital ofertou 60 vagas"},"content":{"rendered":"\n<p>No fim de novembro de 2017, foi publicado o edital do\u00a0<strong style=\"color: #000000; text-align: justify;\">Concurso C\u00e2mara de Salvador<\/strong>.\u00a0<span style=\"color: #000000; text-align: justify;\">A FGV, Funda\u00e7\u00e3o Get\u00falio Vargas, foi a banca respons\u00e1vel por este certame.\u00a0<\/span><\/p>\n\n\n\n<p>As inscri\u00e7\u00f5es foram aceitas at\u00e9 10 de janeiro de 2018, ao custo de R$ 55 para n\u00edvel m\u00e9dio e R$ 95 para n\u00edvel superior. Lembrando que do total de oportunidades, 30% foram destinadas a candidatos que se autodeclararem afrodescendentes e 5% para pessoas com defici\u00eancia.<\/p>\n\n\n\n<p>Se voc\u00ea deseja ficar informado sobre as \u00faltimas informa\u00e7\u00f5es deste certame, acompanhe os t\u00f3picos a seguir:<\/p>\n\n\n\n<ul class=\"wp-block-list\"><li><strong><em><a href=\"https:\/\/www.estrategiaconcursos.com.br\/blog\/concurso-camara-de-cruzeiro-sp\/#situacao\">Situa\u00e7\u00e3o atual<\/a><\/em><\/strong><\/li><li><strong><em><a href=\"https:\/\/www.estrategiaconcursos.com.br\/blog\/concurso-camara-de-cruzeiro-sp\/#ultimo\">\u00daltimo concurso<\/a><\/em><\/strong><\/li><li><strong><em><a href=\"https:\/\/www.estrategiaconcursos.com.br\/blog\/concurso-camara-de-cruzeiro-sp\/#etapas\">Etapas do \u00faltimo certame<\/a><\/em><\/strong><\/li><li><strong><em>Provas e Gabaritos<\/em><\/strong><\/li><li><strong><em><a href=\"https:\/\/www.estrategiaconcursos.com.br\/blog\/concurso-camara-de-cruzeiro-sp\/#assinatura\">Assinaturas<\/a><\/em><\/strong><\/li><li><strong><em><a href=\"https:\/\/www.estrategiaconcursos.com.br\/blog\/concurso-camara-de-cruzeiro-sp\/#ficha\">Ficha T\u00e9cnica<\/a><\/em><\/strong><\/li><\/ul>\n\n\n\n<h2 class=\"wp-block-heading\">\u00daltimo concurso C\u00e2mara de Salvador<\/h2>\n\n\n\n<p>Na ocasi\u00e3o do lan\u00e7amento do \u00faltimo edital, em 2017, foram oferecidas 60 vagas, sendo 26 para candidatos de n\u00edvel m\u00e9dio e 34 para n\u00edvel superior, al\u00e9m de 100 vagas para cadastro reserva. As remunera\u00e7\u00f5es variaram entre R$ 4.575,44 (n\u00edvel m\u00e9dio) e R$ R$ 5.751,35 (n\u00edvel superior), al\u00e9m de benef\u00edcios como aux\u00edlio sa\u00fade, educa\u00e7\u00e3o e alimenta\u00e7\u00e3o.<\/p>\n\n\n\n<h3 class=\"wp-block-heading\"><span style=\"color: #000000;\">Cargos do Concurso C\u00e2mara de Salvador<\/span><\/h3>\n\n\n\n<div class=\"wp-block-image\"><figure class=\"aligncenter\"><img loading=\"lazy\" decoding=\"async\" width=\"900\" height=\"648\" src=\"https:\/\/dhg1h5j42swfq.cloudfront.net\/2017\/11\/28081904\/CARGOS-sALVADOR.jpg\" alt=\"\" class=\"wp-image-97353\" srcset=\"https:\/\/dhg1h5j42swfq.cloudfront.net\/2017\/11\/28081904\/CARGOS-sALVADOR.jpg 900w, https:\/\/dhg1h5j42swfq.cloudfront.net\/2017\/11\/28081904\/CARGOS-sALVADOR.jpg 300w, https:\/\/dhg1h5j42swfq.cloudfront.net\/2017\/11\/28081904\/CARGOS-sALVADOR.jpg 768w, https:\/\/dhg1h5j42swfq.cloudfront.net\/2017\/11\/28081904\/CARGOS-sALVADOR.jpg 610w\" sizes=\"auto, (max-width: 900px) 100vw, 900px\" \/><\/figure><\/div>\n\n\n\n<div class=\"wp-block-image\"><figure class=\"aligncenter\"><img loading=\"lazy\" decoding=\"async\" width=\"897\" height=\"853\" src=\"https:\/\/dhg1h5j42swfq.cloudfront.net\/2017\/11\/28081922\/CARGOS-sALVADOR.1JPG.jpg\" alt=\"\" class=\"wp-image-97354\" srcset=\"https:\/\/dhg1h5j42swfq.cloudfront.net\/2017\/11\/28081922\/CARGOS-sALVADOR.1JPG.jpg 897w, https:\/\/dhg1h5j42swfq.cloudfront.net\/2017\/11\/28081922\/CARGOS-sALVADOR.1JPG.jpg 300w, https:\/\/dhg1h5j42swfq.cloudfront.net\/2017\/11\/28081922\/CARGOS-sALVADOR.1JPG.jpg 768w, https:\/\/dhg1h5j42swfq.cloudfront.net\/2017\/11\/28081922\/CARGOS-sALVADOR.1JPG.jpg 610w\" sizes=\"auto, (max-width: 897px) 100vw, 897px\" \/><\/figure><\/div>\n\n\n\n<div class=\"wp-block-image\"><figure class=\"aligncenter\"><img loading=\"lazy\" decoding=\"async\" width=\"898\" height=\"269\" src=\"https:\/\/dhg1h5j42swfq.cloudfront.net\/2017\/11\/28081923\/CARGOS-sALVADOR.2JPG.jpg\" alt=\"\" class=\"wp-image-97355\" srcset=\"https:\/\/dhg1h5j42swfq.cloudfront.net\/2017\/11\/28081923\/CARGOS-sALVADOR.2JPG.jpg 898w, https:\/\/dhg1h5j42swfq.cloudfront.net\/2017\/11\/28081923\/CARGOS-sALVADOR.2JPG.jpg 300w, https:\/\/dhg1h5j42swfq.cloudfront.net\/2017\/11\/28081923\/CARGOS-sALVADOR.2JPG.jpg 768w, https:\/\/dhg1h5j42swfq.cloudfront.net\/2017\/11\/28081923\/CARGOS-sALVADOR.2JPG.jpg 610w\" sizes=\"auto, (max-width: 898px) 100vw, 898px\" \/><\/figure><\/div>\n\n\n\n<div class=\"wp-block-image\"><figure class=\"aligncenter\"><img loading=\"lazy\" decoding=\"async\" width=\"894\" height=\"157\" src=\"https:\/\/dhg1h5j42swfq.cloudfront.net\/2017\/11\/28081924\/CARGOS-sALVADOR.3JPG.jpg\" alt=\"\" class=\"wp-image-97356\" srcset=\"https:\/\/dhg1h5j42swfq.cloudfront.net\/2017\/11\/28081924\/CARGOS-sALVADOR.3JPG.jpg 894w, https:\/\/dhg1h5j42swfq.cloudfront.net\/2017\/11\/28081924\/CARGOS-sALVADOR.3JPG.jpg 300w, https:\/\/dhg1h5j42swfq.cloudfront.net\/2017\/11\/28081924\/CARGOS-sALVADOR.3JPG.jpg 768w, https:\/\/dhg1h5j42swfq.cloudfront.net\/2017\/11\/28081924\/CARGOS-sALVADOR.3JPG.jpg 610w\" sizes=\"auto, (max-width: 894px) 100vw, 894px\" \/><\/figure><\/div>\n\n\n\n<h2 class=\"wp-block-heading\">Etapas do \u00faltimo certame<\/h2>\n\n\n\n<ul class=\"wp-block-list\"><li><strong>Para os cargos de N\u00edvel M\u00e9dio<\/strong> constitu\u00edda por uma \u00fanica etapa:\u00a0Prova Escrita Objetiva <ul><li><span style=\"text-decoration: underline;\">70 quest\u00f5es<\/span> de m\u00faltipla escolha, numeradas sequencialmente, com 05 (cinco)\u00a0alternativas &#8211; <em>30 Quest\u00f5es de Portugu\u00eas; 10 de Legisla\u00e7\u00e3o Espec\u00edfica; 30 quest\u00f5es de Conhecimentos Espec\u00edficos<\/em> <\/li><\/ul><\/li><\/ul>\n\n\n\n<figure class=\"wp-block-image size-large\"><img loading=\"lazy\" decoding=\"async\" width=\"497\" height=\"126\" src=\"https:\/\/dhg1h5j42swfq.cloudfront.net\/2020\/07\/08172409\/image-56.png\" alt=\"\" class=\"wp-image-539511\" srcset=\"https:\/\/dhg1h5j42swfq.cloudfront.net\/2020\/07\/08172409\/image-56.png 497w, https:\/\/dhg1h5j42swfq.cloudfront.net\/2020\/07\/08172409\/image-56-300x76.png 300w\" sizes=\"auto, (max-width: 497px) 100vw, 497px\" \/><\/figure>\n\n\n\n<ul class=\"wp-block-list\"><li><strong>Para os cargos de N\u00edvel Superior,<\/strong> exceto para o N\u00edvel de carreira de Analista \u2013 \u00c1rea de Taquigrafia \u2013 Taquigrafia e Revis\u00e3o, foi realizada por meio de Prova Escrita Objetiva e Prova Escrita Discursiva <ul><li>70 quest\u00f5es de m\u00faltipla escolha, numeradas sequencialmente, com 05 (cinco)\u00a0alternativas &#8211; <em>20 Quest\u00f5es de Portugu\u00eas; 10 de Legisla\u00e7\u00e3o Espec\u00edfica; 40 quest\u00f5es de conhecimentos Espec\u00edficos<\/em><\/li><li>OBS:\u00a0Para o cargo de <span style=\"text-decoration: underline;\">Advogado Legislativo,<\/span> a Prova Escrita Discursiva ser\u00e1 composta por 2 (duas) quest\u00f5es\u00a0discursivas <\/li><\/ul><\/li><\/ul>\n\n\n\n<figure class=\"wp-block-image size-large\"><img loading=\"lazy\" decoding=\"async\" width=\"497\" height=\"126\" src=\"https:\/\/dhg1h5j42swfq.cloudfront.net\/2020\/07\/08172454\/image-57.png\" alt=\"\" class=\"wp-image-539512\" srcset=\"https:\/\/dhg1h5j42swfq.cloudfront.net\/2020\/07\/08172454\/image-57.png 497w, https:\/\/dhg1h5j42swfq.cloudfront.net\/2020\/07\/08172454\/image-57-300x76.png 300w\" sizes=\"auto, (max-width: 497px) 100vw, 497px\" \/><\/figure>\n\n\n\n<ul class=\"wp-block-list\"><li><strong>Para o N\u00edvel de carreira de Analista \u2013 \u00c1rea de Taquigrafia<\/strong> \u2013 Taquigrafia e Revis\u00e3o, ocorreu por meio de Prova Escrita Objetiva, Prova Escrita Discursiva e Prova Pr\u00e1tica <ul><li>70 quest\u00f5es de m\u00faltipla escolha, numeradas sequencialmente, com 05 (cinco)\u00a0alternativas &#8211; <em>20 Quest\u00f5es de Portugu\u00eas; 10 de Legisla\u00e7\u00e3o Espec\u00edfica; 40 quest\u00f5es de conhecimentos Espec\u00edficos<\/em><\/li><li>A prova pr\u00e1tica de apanhamento taquigr\u00e1fico foi aplicada durante cinco minutos e consistiu de\u00a0ditado feito em velocidade m\u00e9dia de 80 a 90 palavras por minuto, seguido de tradu\u00e7\u00e3o\u00a0digitada em computador compat\u00edvel com IBM\/PC, em processador de texto, com prazo m\u00e1ximo de 2\u00a0horas. <\/li><\/ul><\/li><\/ul>\n\n\n\n<h2 class=\"wp-block-heading\">Provas e Gabaritos do certame<\/h2>\n\n\n\n<p><strong>Especialista &#8211; Advogado Legislativo &#8211; <a rel=\"noreferrer noopener\" href=\"https:\/\/dhg1h5j42swfq.cloudfront.net\/2020\/07\/08182915\/fgv-2018-camara-de-salvador-ba-especialista-advogado-legislativo-prova.pdf\" target=\"_blank\">Prova<\/a> &#8211; <a rel=\"noreferrer noopener\" href=\"https:\/\/dhg1h5j42swfq.cloudfront.net\/2020\/07\/08182951\/fgv-2018-camara-de-salvador-ba-especialista-advogado-legislativo-gabarito.pdf\" target=\"_blank\">Gabarito<\/a> (2018)<br \/>Especialista &#8211; Arquiteto &#8211; <a rel=\"noreferrer noopener\" href=\"https:\/\/dhg1h5j42swfq.cloudfront.net\/2020\/07\/08183112\/fgv-2018-camara-de-salvador-ba-especialista-arquiteto-prova.pdf\" target=\"_blank\">Prova<\/a> &#8211; <a rel=\"noreferrer noopener\" href=\"https:\/\/dhg1h5j42swfq.cloudfront.net\/2020\/07\/08183148\/fgv-2018-camara-de-salvador-ba-especialista-arquiteto-gabarito.pdf\" target=\"_blank\">Gabarito<\/a> (2018)<br \/>Especialista &#8211; Assistente Social &#8211; <a rel=\"noreferrer noopener\" href=\"https:\/\/dhg1h5j42swfq.cloudfront.net\/2020\/07\/08183303\/fgv-2018-camara-de-salvador-ba-especialista-assistente-social-prova.pdf\" target=\"_blank\">Prova<\/a> &#8211; <a rel=\"noreferrer noopener\" href=\"https:\/\/dhg1h5j42swfq.cloudfront.net\/2020\/07\/08183330\/fgv-2018-camara-de-salvador-ba-especialista-assistente-social-gabarito.pdf\" target=\"_blank\">Gabarito<\/a> (2018)<br \/>Especialista &#8211; Engenheiro Civil &#8211; <a rel=\"noreferrer noopener\" href=\"https:\/\/dhg1h5j42swfq.cloudfront.net\/2020\/07\/08183439\/fgv-2018-camara-de-salvador-ba-especialista-engenheiro-civil-prova.pdf\" target=\"_blank\">Prova<\/a> &#8211; <a rel=\"noreferrer noopener\" href=\"https:\/\/dhg1h5j42swfq.cloudfront.net\/2020\/07\/08183536\/fgv-2018-camara-de-salvador-ba-especialista-engenheiro-civil-gabarito-1.pdf\" target=\"_blank\">Gabarito<\/a> (2018)<br \/>Analista de Tecnologia da Informa\u00e7\u00e3o &#8211; <a href=\"https:\/\/dhg1h5j42swfq.cloudfront.net\/2020\/07\/08183645\/fgv-2018-camara-de-salvador-ba-analista-de-tecnologia-da-informacao-prova.pdf\" target=\"_blank\" rel=\"noreferrer noopener\">Prova<\/a> &#8211; <a href=\"https:\/\/dhg1h5j42swfq.cloudfront.net\/2020\/07\/08183710\/fgv-2018-camara-de-salvador-ba-analista-de-tecnologia-da-informacao-gabarito.pdf\">Gabarito<\/a> (2018)<\/strong><\/p>\n\n\n\n<p class=\"has-background has-text-align-center has-luminous-vivid-amber-background-color\"><em><strong><span style=\"font-size: 18pt;\"><a rel=\"noopener noreferrer\" href=\"https:\/\/www.estrategiaconcursos.com.br\/cursosPorConcurso\/camara-de-salvador-cms-ba\/\" target=\"_blank\">CURSOS Estrat\u00e9gia Concursos<\/a><\/span><\/strong><\/em><\/p>\n\n\n\n<figure class=\"wp-block-image\"><a href=\"https:\/\/gratis.estrategiaconcursos.com.br\/2a-semana-dos-concursos-publicos\/?utm_source=site&amp;utm_medium=banner&amp;utm_campaign=secp01\" target=\"_blank\" rel=\"noreferrer noopener\"><img loading=\"lazy\" decoding=\"async\" width=\"1024\" height=\"274\" src=\"https:\/\/dhg1h5j42swfq.cloudfront.net\/2020\/06\/29145056\/semana-nacional-1024x274.jpeg\" alt=\"\" class=\"wp-image-534359\" srcset=\"https:\/\/dhg1h5j42swfq.cloudfront.net\/2020\/06\/29145056\/semana-nacional-1024x274.jpeg 1024w, https:\/\/dhg1h5j42swfq.cloudfront.net\/2020\/06\/29145056\/semana-nacional-300x80.jpeg 300w, https:\/\/dhg1h5j42swfq.cloudfront.net\/2020\/06\/29145056\/semana-nacional-768x206.jpeg 768w, https:\/\/dhg1h5j42swfq.cloudfront.net\/2020\/06\/29145056\/semana-nacional-610x163.jpeg 610w, https:\/\/dhg1h5j42swfq.cloudfront.net\/2020\/06\/29145056\/semana-nacional.jpeg 1280w\" sizes=\"auto, (max-width: 1024px) 100vw, 1024px\" \/><\/a><\/figure>\n\n\n\n<h4 class=\"has-text-align-center wp-block-heading\" id=\"assinatura\"><em><strong>Assinatura Anual Ilimitada*<\/strong><\/em><\/h4>\n\n\n\n<p class=\"has-text-align-center\"><em>Prepare-se com o melhor material e com quem mais aprova em Concursos P\u00fablicos em todo o pa\u00eds. Assine agora a nossa Assinatura Anual e tenha acesso ilimitado* a todos os nossos cursos.<\/em><\/p>\n\n\n\n<p style=\"font-size:22px\" class=\"has-background has-text-align-center has-light-green-cyan-background-color\"><strong>ASSINE AGORA<\/strong>&nbsp;\u2013&nbsp;<a rel=\"noreferrer noopener\" href=\"https:\/\/www.estrategiaconcursos.com.br\/assinaturas\" target=\"_blank\"><strong>Assinatura Ilimitada<\/strong><\/a><\/p>\n\n\n\n<p style=\"font-size:18px\" class=\"has-text-align-center\"><strong><em>Sistema de Quest\u00f5es<\/em><\/strong><\/p>\n\n\n\n<p class=\"has-text-align-center\"><em>Estrat\u00e9gia Quest\u00f5es nasceu maior do que todos os concorrentes, com mais quest\u00f5es cadastradas e mais solu\u00e7\u00f5es por professores. Clique no link e aproveite os descontos e b\u00f4nus imperd\u00edveis!<\/em><\/p>\n\n\n\n<p class=\"has-background has-text-align-center has-medium-font-size has-light-green-cyan-background-color\"><strong>ASSINE AGORA \u2013&nbsp;<a href=\"https:\/\/www.estrategiaconcursos.com.br\/cursosPorConcurso\/sistema-de-questoes\/#\/\" target=\"_blank\" rel=\"noreferrer noopener\">Sistema de Quest\u00f5es<\/a><\/strong><\/p>\n\n\n\n<p class=\"has-background has-text-align-center has-medium-font-size has-pale-cyan-blue-background-color\"><strong><a href=\"https:\/\/www.estrategiaconcursos.com.br\/blog\/concursos-abertos\/\">CONCURSOS ABERTOS<\/a><\/strong><\/p>\n\n\n\n<p class=\"has-background has-text-align-center has-medium-font-size has-pale-cyan-blue-background-color\"><a href=\"https:\/\/www.estrategiaconcursos.com.br\/blog\/concursos-2020\/\"><strong>CONCURSOS<\/strong><\/a><strong><a href=\"https:\/\/www.estrategiaconcursos.com.br\/blog\/concursos-2020\/\">&nbsp;2020<\/a><\/strong><\/p>\n\n\n\n<p class=\"has-background has-text-align-center has-medium-font-size has-pale-cyan-blue-background-color\"><a href=\"https:\/\/www.estrategiaconcursos.com.br\/blog\/concursos-2021\/\"><strong>Concursos 2021<\/strong><\/a><\/p>\n\n\n\n<figure class=\"wp-block-image\"><img loading=\"lazy\" decoding=\"async\" width=\"300\" height=\"102\" src=\"https:\/\/dhg1h5j42swfq.cloudfront.net\/2017\/03\/28152500\/coruja-ficha-tecnica-300x102.png\" alt=\"Ficha t\u00e9cnica concurso pm to\" class=\"wp-image-68542\"\/><\/figure>\n\n\n\n<p><span style=\"color: #000000;\"><strong>\u2666Informa\u00e7\u00f5es do Pr\u00f3ximo Concurso\u00a0C\u00e2mara de Salvador<\/strong><\/span><br \/><span style=\"color: #000000;\">\u25baAno: 2018<\/span><br \/><span style=\"color: #000000;\">\u25baVagas: 60 imediatas +100 CR<\/span><br \/><span style=\"color: #000000;\">\u25baBanca: FGV<\/span><br \/><span style=\"color: #000000;\">\u25baEdital:\u00a0<a rel=\"noopener noreferrer\" href=\"https:\/\/dhg1h5j42swfq.cloudfront.net\/2017\/11\/28083157\/EDITAL-Salvador-C%C3%A2mara.pdf\" target=\"_blank\">Baixe aqui!<\/a><\/span><br \/><span style=\"color: #000000;\">\u25baEscolaridade: Ensino M\u00e9dio e Ensino Superior<\/span><\/p>\n","protected":false},"excerpt":{"rendered":"<p>No fim de novembro de 2017, foi publicado o edital do\u00a0Concurso C\u00e2mara de Salvador.\u00a0A FGV, Funda\u00e7\u00e3o Get\u00falio Vargas, foi a banca respons\u00e1vel por este certame.\u00a0 As inscri\u00e7\u00f5es foram aceitas at\u00e9 10 de janeiro de 2018, ao custo de R$ 55 para n\u00edvel m\u00e9dio e R$ 95 para n\u00edvel superior. Lembrando que do total de oportunidades, [&hellip;]<\/p>\n","protected":false},"author":1483,"featured_media":97932,"comment_status":"open","ping_status":"open","sticky":false,"template":"","format":"standard","meta":{"post_tipo":"news","footnotes":""},"categories":[1,2017],"tags":[2768],"tax_estado":[],"class_list":["post-82064","post","type-post","status-publish","format-standard","has-post-thumbnail","hentry","category-cursos-e-concursos","category-concursos-legislativos","tag-concurso-camara-de-salvador"],"acf":[],"yoast_head":"<!-- This site is optimized with the Yoast SEO Premium plugin v27.2 (Yoast SEO v27.2) - https:\/\/yoast.com\/product\/yoast-seo-premium-wordpress\/ -->\n<title>Concurso C\u00e2mara de Salvador BA:Encerrando as inscri\u00e7\u00f5es hoje (10\/01)<\/title>\n<meta name=\"description\" content=\"Concurso C\u00e2mara de Salvador BA: O edital para concurso C\u00e2mara Municipal de Salvador foi nesta ter\u00e7a-feira com oferta de 60 vagas + 100 CR! Confira tudo!\" \/>\n<meta name=\"robots\" content=\"index, follow, max-snippet:-1, max-image-preview:large, max-video-preview:-1\" \/>\n<link rel=\"canonical\" href=\"https:\/\/www.estrategiaconcursos.com.br\/blog\/concurso-camara-de-salvador\/\" \/>\n<meta property=\"og:locale\" content=\"pt_BR\" \/>\n<meta property=\"og:type\" content=\"article\" \/>\n<meta property=\"og:title\" content=\"Concurso C\u00e2mara de Salvador: \u00faltimo edital ofertou 60 vagas\" \/>\n<meta property=\"og:description\" content=\"Concurso C\u00e2mara de Salvador BA: O edital para concurso C\u00e2mara Municipal de Salvador foi nesta ter\u00e7a-feira com oferta de 60 vagas + 100 CR! Confira tudo!\" \/>\n<meta property=\"og:url\" content=\"https:\/\/www.estrategiaconcursos.com.br\/blog\/concurso-camara-de-salvador\/\" \/>\n<meta property=\"og:site_name\" content=\"Estrat\u00e9gia Concursos\" \/>\n<meta property=\"article:published_time\" content=\"2018-01-10T09:00:22+00:00\" \/>\n<meta property=\"article:modified_time\" content=\"2025-10-30T18:58:40+00:00\" \/>\n<meta property=\"og:image\" content=\"https:\/\/dhg1h5j42swfq.cloudfront.net\/2017\/11\/04070759\/CAMARA-SALVADOR4-e1512382089277.jpg\" \/>\n\t<meta property=\"og:image:width\" content=\"400\" \/>\n\t<meta property=\"og:image:height\" content=\"209\" \/>\n\t<meta property=\"og:image:type\" content=\"image\/jpeg\" \/>\n<meta name=\"author\" content=\"Diogo Mendes\" \/>\n<meta name=\"twitter:card\" content=\"summary_large_image\" \/>\n<meta name=\"twitter:creator\" content=\"@EstratConcursos\" \/>\n<meta name=\"twitter:site\" content=\"@EstratConcursos\" \/>\n<meta name=\"twitter:label1\" content=\"Escrito por\" \/>\n\t<meta name=\"twitter:data1\" content=\"Diogo Mendes\" \/>\n\t<meta name=\"twitter:label2\" content=\"Est. tempo de leitura\" \/>\n\t<meta name=\"twitter:data2\" content=\"3 minutos\" \/>\n<script type=\"application\/ld+json\" class=\"yoast-schema-graph\">{\"@context\":\"https:\/\/schema.org\",\"@graph\":[{\"@type\":\"NewsArticle\",\"@id\":\"https:\/\/www.estrategiaconcursos.com.br\/blog\/concurso-camara-de-salvador\/#article\",\"isPartOf\":{\"@id\":\"https:\/\/www.estrategiaconcursos.com.br\/blog\/concurso-camara-de-salvador\/\"},\"author\":{\"name\":\"Diogo Mendes\",\"@id\":\"https:\/\/www.estrategiaconcursos.com.br\/blog\/#\/schema\/person\/cc9e76173880338ce9f656c88664a1f6\"},\"headline\":\"Concurso C\u00e2mara de Salvador: \u00faltimo edital ofertou 60 vagas\",\"datePublished\":\"2018-01-10T09:00:22+00:00\",\"dateModified\":\"2025-10-30T18:58:40+00:00\",\"mainEntityOfPage\":{\"@id\":\"https:\/\/www.estrategiaconcursos.com.br\/blog\/concurso-camara-de-salvador\/\"},\"wordCount\":599,\"commentCount\":8,\"publisher\":{\"@id\":\"https:\/\/www.estrategiaconcursos.com.br\/blog\/#organization\"},\"image\":{\"@id\":\"https:\/\/www.estrategiaconcursos.com.br\/blog\/concurso-camara-de-salvador\/#primaryimage\"},\"thumbnailUrl\":\"https:\/\/dhg1h5j42swfq.cloudfront.net\/2017\/11\/04070759\/CAMARA-SALVADOR4-e1512382089277.jpg\",\"keywords\":[\"Concurso C\u00e2mara de Salvador\"],\"articleSection\":[\"Concursos P\u00fablicos\",\"Legislativo\"],\"inLanguage\":\"pt-BR\",\"potentialAction\":[{\"@type\":\"CommentAction\",\"name\":\"Comment\",\"target\":[\"https:\/\/www.estrategiaconcursos.com.br\/blog\/concurso-camara-de-salvador\/#respond\"]}],\"copyrightYear\":\"2018\",\"copyrightHolder\":{\"@id\":\"https:\/\/www.estrategiaconcursos.com.br\/blog\/#organization\"}},{\"@type\":\"WebPage\",\"@id\":\"https:\/\/www.estrategiaconcursos.com.br\/blog\/concurso-camara-de-salvador\/\",\"url\":\"https:\/\/www.estrategiaconcursos.com.br\/blog\/concurso-camara-de-salvador\/\",\"name\":\"Concurso C\u00e2mara de Salvador BA:Encerrando as inscri\u00e7\u00f5es hoje (10\/01)\",\"isPartOf\":{\"@id\":\"https:\/\/www.estrategiaconcursos.com.br\/blog\/#website\"},\"primaryImageOfPage\":{\"@id\":\"https:\/\/www.estrategiaconcursos.com.br\/blog\/concurso-camara-de-salvador\/#primaryimage\"},\"image\":{\"@id\":\"https:\/\/www.estrategiaconcursos.com.br\/blog\/concurso-camara-de-salvador\/#primaryimage\"},\"thumbnailUrl\":\"https:\/\/dhg1h5j42swfq.cloudfront.net\/2017\/11\/04070759\/CAMARA-SALVADOR4-e1512382089277.jpg\",\"datePublished\":\"2018-01-10T09:00:22+00:00\",\"dateModified\":\"2025-10-30T18:58:40+00:00\",\"description\":\"Concurso C\u00e2mara de Salvador BA: O edital para concurso C\u00e2mara Municipal de Salvador foi nesta ter\u00e7a-feira com oferta de 60 vagas + 100 CR! Confira tudo!\",\"breadcrumb\":{\"@id\":\"https:\/\/www.estrategiaconcursos.com.br\/blog\/concurso-camara-de-salvador\/#breadcrumb\"},\"inLanguage\":\"pt-BR\",\"potentialAction\":[{\"@type\":\"ReadAction\",\"target\":[\"https:\/\/www.estrategiaconcursos.com.br\/blog\/concurso-camara-de-salvador\/\"]}]},{\"@type\":\"ImageObject\",\"inLanguage\":\"pt-BR\",\"@id\":\"https:\/\/www.estrategiaconcursos.com.br\/blog\/concurso-camara-de-salvador\/#primaryimage\",\"url\":\"https:\/\/dhg1h5j42swfq.cloudfront.net\/2017\/11\/04070759\/CAMARA-SALVADOR4-e1512382089277.jpg\",\"contentUrl\":\"https:\/\/dhg1h5j42swfq.cloudfront.net\/2017\/11\/04070759\/CAMARA-SALVADOR4-e1512382089277.jpg\",\"width\":400,\"height\":209,\"caption\":\"Concurso C\u00e2mara de Salvador\"},{\"@type\":\"BreadcrumbList\",\"@id\":\"https:\/\/www.estrategiaconcursos.com.br\/blog\/concurso-camara-de-salvador\/#breadcrumb\",\"itemListElement\":[{\"@type\":\"ListItem\",\"position\":1,\"name\":\"In\u00edcio\",\"item\":\"https:\/\/www.estrategiaconcursos.com.br\/blog\/\"},{\"@type\":\"ListItem\",\"position\":2,\"name\":\"Concurso C\u00e2mara de Salvador: \u00faltimo edital ofertou 60 vagas\"}]},{\"@type\":\"WebSite\",\"@id\":\"https:\/\/www.estrategiaconcursos.com.br\/blog\/#website\",\"url\":\"https:\/\/www.estrategiaconcursos.com.br\/blog\/\",\"name\":\"Estrat\u00e9gia Concursos\",\"description\":\"O blog da Estrat\u00e9gia Concursos traz not\u00edcias sobre concursos e artigos de professores oferecendo cursos para concursos (pdf + videaulas) no site.\",\"publisher\":{\"@id\":\"https:\/\/www.estrategiaconcursos.com.br\/blog\/#organization\"},\"potentialAction\":[{\"@type\":\"SearchAction\",\"target\":{\"@type\":\"EntryPoint\",\"urlTemplate\":\"https:\/\/www.estrategiaconcursos.com.br\/blog\/?s={search_term_string}\"},\"query-input\":{\"@type\":\"PropertyValueSpecification\",\"valueRequired\":true,\"valueName\":\"search_term_string\"}}],\"inLanguage\":\"pt-BR\"},{\"@type\":\"Organization\",\"@id\":\"https:\/\/www.estrategiaconcursos.com.br\/blog\/#organization\",\"name\":\"Estrat\u00e9gia Concursos\",\"url\":\"https:\/\/www.estrategiaconcursos.com.br\/blog\/\",\"logo\":{\"@type\":\"ImageObject\",\"inLanguage\":\"pt-BR\",\"@id\":\"https:\/\/www.estrategiaconcursos.com.br\/blog\/#\/schema\/logo\/image\/\",\"url\":\"https:\/\/dhg1h5j42swfq.cloudfront.net\/2025\/06\/03203428\/logo_concursos-1.jpg\",\"contentUrl\":\"https:\/\/dhg1h5j42swfq.cloudfront.net\/2025\/06\/03203428\/logo_concursos-1.jpg\",\"width\":230,\"height\":60,\"caption\":\"Estrat\u00e9gia Concursos\"},\"image\":{\"@id\":\"https:\/\/www.estrategiaconcursos.com.br\/blog\/#\/schema\/logo\/image\/\"},\"sameAs\":[\"https:\/\/x.com\/EstratConcursos\"]},{\"@type\":\"Person\",\"@id\":\"https:\/\/www.estrategiaconcursos.com.br\/blog\/#\/schema\/person\/cc9e76173880338ce9f656c88664a1f6\",\"name\":\"Diogo Mendes\",\"image\":{\"@type\":\"ImageObject\",\"inLanguage\":\"pt-BR\",\"@id\":\"https:\/\/secure.gravatar.com\/avatar\/9754d6777d460a45ef4067b586b94c32005cc2345a0404b8d96adc620cf63806?s=96&d=mm&r=g\",\"url\":\"https:\/\/secure.gravatar.com\/avatar\/9754d6777d460a45ef4067b586b94c32005cc2345a0404b8d96adc620cf63806?s=96&d=mm&r=g\",\"contentUrl\":\"https:\/\/secure.gravatar.com\/avatar\/9754d6777d460a45ef4067b586b94c32005cc2345a0404b8d96adc620cf63806?s=96&d=mm&r=g\",\"caption\":\"Diogo Mendes\"},\"description\":\"Diogo Mendes \u00e9 jornalista formado pela Universidade Paulista, com experi\u00eancia em reda\u00e7\u00f5es de diversos ve\u00edculos e na produ\u00e7\u00e3o de conte\u00fados especializados em concursos p\u00fablicos. Desde 2019, atua no Estrat\u00e9gia Concursos como Jornalista e Analista de Conte\u00fado, com foco na apura\u00e7\u00e3o de informa\u00e7\u00f5es junto a \u00f3rg\u00e3os e fontes oficiais. Dedica-se especialmente \u00e0 produ\u00e7\u00e3o de not\u00edcias e reportagens sobre Concursos Legislativos, al\u00e9m de acompanhar diariamente os concursos policiais, banc\u00e1rios e da \u00e1rea da sa\u00fade.\",\"url\":\"https:\/\/www.estrategiaconcursos.com.br\/blog\/author\/diogo-mendesestrategiaconcursos-com-br\/\"}]}<\/script>\n<!-- \/ Yoast SEO Premium plugin. -->","yoast_head_json":{"title":"Concurso C\u00e2mara de Salvador BA:Encerrando as inscri\u00e7\u00f5es hoje (10\/01)","description":"Concurso C\u00e2mara de Salvador BA: O edital para concurso C\u00e2mara Municipal de Salvador foi nesta ter\u00e7a-feira com oferta de 60 vagas + 100 CR! Confira tudo!","robots":{"index":"index","follow":"follow","max-snippet":"max-snippet:-1","max-image-preview":"max-image-preview:large","max-video-preview":"max-video-preview:-1"},"canonical":"https:\/\/www.estrategiaconcursos.com.br\/blog\/concurso-camara-de-salvador\/","og_locale":"pt_BR","og_type":"article","og_title":"Concurso C\u00e2mara de Salvador: \u00faltimo edital ofertou 60 vagas","og_description":"Concurso C\u00e2mara de Salvador BA: O edital para concurso C\u00e2mara Municipal de Salvador foi nesta ter\u00e7a-feira com oferta de 60 vagas + 100 CR! Confira tudo!","og_url":"https:\/\/www.estrategiaconcursos.com.br\/blog\/concurso-camara-de-salvador\/","og_site_name":"Estrat\u00e9gia Concursos","article_published_time":"2018-01-10T09:00:22+00:00","article_modified_time":"2025-10-30T18:58:40+00:00","og_image":[{"width":400,"height":209,"url":"https:\/\/dhg1h5j42swfq.cloudfront.net\/2017\/11\/04070759\/CAMARA-SALVADOR4-e1512382089277.jpg","type":"image\/jpeg"}],"author":"Diogo Mendes","twitter_card":"summary_large_image","twitter_creator":"@EstratConcursos","twitter_site":"@EstratConcursos","twitter_misc":{"Escrito por":"Diogo Mendes","Est. tempo de leitura":"3 minutos"},"schema":{"@context":"https:\/\/schema.org","@graph":[{"@type":"NewsArticle","@id":"https:\/\/www.estrategiaconcursos.com.br\/blog\/concurso-camara-de-salvador\/#article","isPartOf":{"@id":"https:\/\/www.estrategiaconcursos.com.br\/blog\/concurso-camara-de-salvador\/"},"author":{"name":"Diogo Mendes","@id":"https:\/\/www.estrategiaconcursos.com.br\/blog\/#\/schema\/person\/cc9e76173880338ce9f656c88664a1f6"},"headline":"Concurso C\u00e2mara de Salvador: \u00faltimo edital ofertou 60 vagas","datePublished":"2018-01-10T09:00:22+00:00","dateModified":"2025-10-30T18:58:40+00:00","mainEntityOfPage":{"@id":"https:\/\/www.estrategiaconcursos.com.br\/blog\/concurso-camara-de-salvador\/"},"wordCount":599,"commentCount":8,"publisher":{"@id":"https:\/\/www.estrategiaconcursos.com.br\/blog\/#organization"},"image":{"@id":"https:\/\/www.estrategiaconcursos.com.br\/blog\/concurso-camara-de-salvador\/#primaryimage"},"thumbnailUrl":"https:\/\/dhg1h5j42swfq.cloudfront.net\/2017\/11\/04070759\/CAMARA-SALVADOR4-e1512382089277.jpg","keywords":["Concurso C\u00e2mara de Salvador"],"articleSection":["Concursos P\u00fablicos","Legislativo"],"inLanguage":"pt-BR","potentialAction":[{"@type":"CommentAction","name":"Comment","target":["https:\/\/www.estrategiaconcursos.com.br\/blog\/concurso-camara-de-salvador\/#respond"]}],"copyrightYear":"2018","copyrightHolder":{"@id":"https:\/\/www.estrategiaconcursos.com.br\/blog\/#organization"}},{"@type":"WebPage","@id":"https:\/\/www.estrategiaconcursos.com.br\/blog\/concurso-camara-de-salvador\/","url":"https:\/\/www.estrategiaconcursos.com.br\/blog\/concurso-camara-de-salvador\/","name":"Concurso C\u00e2mara de Salvador BA:Encerrando as inscri\u00e7\u00f5es hoje (10\/01)","isPartOf":{"@id":"https:\/\/www.estrategiaconcursos.com.br\/blog\/#website"},"primaryImageOfPage":{"@id":"https:\/\/www.estrategiaconcursos.com.br\/blog\/concurso-camara-de-salvador\/#primaryimage"},"image":{"@id":"https:\/\/www.estrategiaconcursos.com.br\/blog\/concurso-camara-de-salvador\/#primaryimage"},"thumbnailUrl":"https:\/\/dhg1h5j42swfq.cloudfront.net\/2017\/11\/04070759\/CAMARA-SALVADOR4-e1512382089277.jpg","datePublished":"2018-01-10T09:00:22+00:00","dateModified":"2025-10-30T18:58:40+00:00","description":"Concurso C\u00e2mara de Salvador BA: O edital para concurso C\u00e2mara Municipal de Salvador foi nesta ter\u00e7a-feira com oferta de 60 vagas + 100 CR! Confira tudo!","breadcrumb":{"@id":"https:\/\/www.estrategiaconcursos.com.br\/blog\/concurso-camara-de-salvador\/#breadcrumb"},"inLanguage":"pt-BR","potentialAction":[{"@type":"ReadAction","target":["https:\/\/www.estrategiaconcursos.com.br\/blog\/concurso-camara-de-salvador\/"]}]},{"@type":"ImageObject","inLanguage":"pt-BR","@id":"https:\/\/www.estrategiaconcursos.com.br\/blog\/concurso-camara-de-salvador\/#primaryimage","url":"https:\/\/dhg1h5j42swfq.cloudfront.net\/2017\/11\/04070759\/CAMARA-SALVADOR4-e1512382089277.jpg","contentUrl":"https:\/\/dhg1h5j42swfq.cloudfront.net\/2017\/11\/04070759\/CAMARA-SALVADOR4-e1512382089277.jpg","width":400,"height":209,"caption":"Concurso C\u00e2mara de Salvador"},{"@type":"BreadcrumbList","@id":"https:\/\/www.estrategiaconcursos.com.br\/blog\/concurso-camara-de-salvador\/#breadcrumb","itemListElement":[{"@type":"ListItem","position":1,"name":"In\u00edcio","item":"https:\/\/www.estrategiaconcursos.com.br\/blog\/"},{"@type":"ListItem","position":2,"name":"Concurso C\u00e2mara de Salvador: \u00faltimo edital ofertou 60 vagas"}]},{"@type":"WebSite","@id":"https:\/\/www.estrategiaconcursos.com.br\/blog\/#website","url":"https:\/\/www.estrategiaconcursos.com.br\/blog\/","name":"Estrat\u00e9gia Concursos","description":"O blog da Estrat\u00e9gia Concursos traz not\u00edcias sobre concursos e artigos de professores oferecendo cursos para concursos (pdf + videaulas) no site.","publisher":{"@id":"https:\/\/www.estrategiaconcursos.com.br\/blog\/#organization"},"potentialAction":[{"@type":"SearchAction","target":{"@type":"EntryPoint","urlTemplate":"https:\/\/www.estrategiaconcursos.com.br\/blog\/?s={search_term_string}"},"query-input":{"@type":"PropertyValueSpecification","valueRequired":true,"valueName":"search_term_string"}}],"inLanguage":"pt-BR"},{"@type":"Organization","@id":"https:\/\/www.estrategiaconcursos.com.br\/blog\/#organization","name":"Estrat\u00e9gia Concursos","url":"https:\/\/www.estrategiaconcursos.com.br\/blog\/","logo":{"@type":"ImageObject","inLanguage":"pt-BR","@id":"https:\/\/www.estrategiaconcursos.com.br\/blog\/#\/schema\/logo\/image\/","url":"https:\/\/dhg1h5j42swfq.cloudfront.net\/2025\/06\/03203428\/logo_concursos-1.jpg","contentUrl":"https:\/\/dhg1h5j42swfq.cloudfront.net\/2025\/06\/03203428\/logo_concursos-1.jpg","width":230,"height":60,"caption":"Estrat\u00e9gia Concursos"},"image":{"@id":"https:\/\/www.estrategiaconcursos.com.br\/blog\/#\/schema\/logo\/image\/"},"sameAs":["https:\/\/x.com\/EstratConcursos"]},{"@type":"Person","@id":"https:\/\/www.estrategiaconcursos.com.br\/blog\/#\/schema\/person\/cc9e76173880338ce9f656c88664a1f6","name":"Diogo Mendes","image":{"@type":"ImageObject","inLanguage":"pt-BR","@id":"https:\/\/secure.gravatar.com\/avatar\/9754d6777d460a45ef4067b586b94c32005cc2345a0404b8d96adc620cf63806?s=96&d=mm&r=g","url":"https:\/\/secure.gravatar.com\/avatar\/9754d6777d460a45ef4067b586b94c32005cc2345a0404b8d96adc620cf63806?s=96&d=mm&r=g","contentUrl":"https:\/\/secure.gravatar.com\/avatar\/9754d6777d460a45ef4067b586b94c32005cc2345a0404b8d96adc620cf63806?s=96&d=mm&r=g","caption":"Diogo Mendes"},"description":"Diogo Mendes \u00e9 jornalista formado pela Universidade Paulista, com experi\u00eancia em reda\u00e7\u00f5es de diversos ve\u00edculos e na produ\u00e7\u00e3o de conte\u00fados especializados em concursos p\u00fablicos. Desde 2019, atua no Estrat\u00e9gia Concursos como Jornalista e Analista de Conte\u00fado, com foco na apura\u00e7\u00e3o de informa\u00e7\u00f5es junto a \u00f3rg\u00e3os e fontes oficiais. Dedica-se especialmente \u00e0 produ\u00e7\u00e3o de not\u00edcias e reportagens sobre Concursos Legislativos, al\u00e9m de acompanhar diariamente os concursos policiais, banc\u00e1rios e da \u00e1rea da sa\u00fade.","url":"https:\/\/www.estrategiaconcursos.com.br\/blog\/author\/diogo-mendesestrategiaconcursos-com-br\/"}]}},"_links":{"self":[{"href":"https:\/\/www.estrategiaconcursos.com.br\/blog\/wp-json\/wp\/v2\/posts\/82064","targetHints":{"allow":["GET"]}}],"collection":[{"href":"https:\/\/www.estrategiaconcursos.com.br\/blog\/wp-json\/wp\/v2\/posts"}],"about":[{"href":"https:\/\/www.estrategiaconcursos.com.br\/blog\/wp-json\/wp\/v2\/types\/post"}],"author":[{"embeddable":true,"href":"https:\/\/www.estrategiaconcursos.com.br\/blog\/wp-json\/wp\/v2\/users\/1483"}],"replies":[{"embeddable":true,"href":"https:\/\/www.estrategiaconcursos.com.br\/blog\/wp-json\/wp\/v2\/comments?post=82064"}],"version-history":[{"count":33,"href":"https:\/\/www.estrategiaconcursos.com.br\/blog\/wp-json\/wp\/v2\/posts\/82064\/revisions"}],"predecessor-version":[{"id":539548,"href":"https:\/\/www.estrategiaconcursos.com.br\/blog\/wp-json\/wp\/v2\/posts\/82064\/revisions\/539548"}],"wp:featuredmedia":[{"embeddable":true,"href":"https:\/\/www.estrategiaconcursos.com.br\/blog\/wp-json\/wp\/v2\/media\/97932"}],"wp:attachment":[{"href":"https:\/\/www.estrategiaconcursos.com.br\/blog\/wp-json\/wp\/v2\/media?parent=82064"}],"wp:term":[{"taxonomy":"category","embeddable":true,"href":"https:\/\/www.estrategiaconcursos.com.br\/blog\/wp-json\/wp\/v2\/categories?post=82064"},{"taxonomy":"post_tag","embeddable":true,"href":"https:\/\/www.estrategiaconcursos.com.br\/blog\/wp-json\/wp\/v2\/tags?post=82064"},{"taxonomy":"tax_estado","embeddable":true,"href":"https:\/\/www.estrategiaconcursos.com.br\/blog\/wp-json\/wp\/v2\/tax_estado?post=82064"}],"curies":[{"name":"wp","href":"https:\/\/api.w.org\/{rel}","templated":true}]}}