{"id":819990,"date":"2021-07-28T17:41:53","date_gmt":"2021-07-28T20:41:53","guid":{"rendered":"https:\/\/www.estrategiaconcursos.com.br\/blog\/?p=819990"},"modified":"2021-07-29T09:06:04","modified_gmt":"2021-07-29T12:06:04","slug":"concurso-publico-editais-previstos-2021","status":"publish","type":"post","link":"https:\/\/www.estrategiaconcursos.com.br\/blog\/concurso-publico-editais-previstos-2021\/","title":{"rendered":"Concurso p\u00fablico: quais s\u00e3o os editais previstos para 2021?"},"content":{"rendered":"\n<p>Devido \u00e0s complica\u00e7\u00f5es causadas pela pandemia da Covid-19, diversos concursos p\u00fablicos previstos para 2020 foram postergados e, consequentemente, a publica\u00e7\u00e3o destes editais acabaram ocorrendo em 2021 ou seguem previstas para esse ano. <\/p>\n\n\n\n<p>Contudo, alguns concursos j\u00e1 foram retomados e, aos poucos, temos observado uma abertura gradual da economia e das atividades locais em estados e munic\u00edpios de todo o pa\u00eds. <\/p>\n\n\n\n<p>Sendo assim, o <strong>ano de 2021<\/strong> permanece quent\u00edssimo! S\u00e3o milhares de oportunidades para quem almeja conquistar a t\u00e3o sonhada estabilidade profissional e financeira que s\u00f3 a aprova\u00e7\u00e3o em um concurso p\u00fablico pode oferecer.<\/p>\n\n\n\n<p>Desta forma, o Estrat\u00e9gia Concursos preparou um artigo especial para que voc\u00ea, estrategista, tenha acesso aos principais <strong>editais previstos ainda para 2021<\/strong> <strong>em TODAS as \u00e1reas<\/strong>. <\/p>\n\n\n\n<p>Estamos de olho em todas as novidades e atualizaremos diariamente as informa\u00e7\u00f5es para que voc\u00ea se mantenha bem informado. <a href=\"https:\/\/www.estrategiaconcursos.com.br\/blog\/concursos-2021\/\" target=\"_blank\" rel=\"noreferrer noopener\">Acompanhe-nos<\/a>! <\/p>\n\n\n\n<h2 class=\"wp-block-heading\" id=\"h-concurso-p-blico-principais-editais-previstos-para-2021\">Concurso p\u00fablico: principais editais previstos para 2021<\/h2>\n\n\n\n<h3 class=\"has-background wp-block-heading\" id=\"h-concursos-tribunais-regionais-federais-trfs\" style=\"background-color:#ddd6e3\">Concursos Tribunais Regionais Federais (TRFs)<\/h3>\n\n\n\n<h4 class=\"wp-block-heading\" id=\"h-concurso-trf3\"><a href=\"https:\/\/www.estrategiaconcursos.com.br\/blog\/concurso-trf3\/\" target=\"_blank\" rel=\"noreferrer noopener\">Concurso TRF3<\/a><\/h4>\n\n\n\n<p><strong>Perspectiva:<\/strong>&nbsp;banca organizadora em defini\u00e7\u00e3o.<\/p>\n\n\n\n<ul class=\"wp-block-list\" id=\"block-ba89310e-1c38-48d6-97f6-a94d60f676ed\"><li><strong>Cargo:<\/strong>&nbsp;T\u00e9cnico e Analista Judici\u00e1rio<\/li><li><strong>Escolaridade:&nbsp;<\/strong>N\u00edvel m\u00e9dio e superior<\/li><li><strong>N\u00famero de Vagas:<\/strong>&nbsp;15<\/li><li><strong>Remunera\u00e7\u00e3o:<\/strong>&nbsp;R$7.591,37 a R$ 18.701,52<\/li><li><strong>Situa\u00e7\u00e3o<\/strong>: banca em defini\u00e7\u00e3o<\/li><\/ul>\n\n\n\n<h3 class=\"has-background wp-block-heading\" id=\"block-25d97bcc-0f7f-4775-bd7d-5c189caf7cdf\" style=\"background-color:#ddd6e3\">Concursos Tribunais de Justi\u00e7a (TJs)<\/h3>\n\n\n\n<h4 class=\"wp-block-heading\" id=\"block-d61dce75-dbfc-4535-ad06-8e4ceb22c54e\"><a href=\"https:\/\/www.estrategiaconcursos.com.br\/blog\/concurso-tj-ro\/\" target=\"_blank\" rel=\"noreferrer noopener\"><strong>Concurso TJ RO<\/strong><\/a><\/h4>\n\n\n\n<p id=\"block-d449dc68-780b-430d-8a92-cee80a219c79\"><strong>Perspectiva<\/strong>: O \u00f3rg\u00e3o formou a comiss\u00e3o organizadora do pr\u00f3ximo concurso para servidores. Sele\u00e7\u00e3o autorizada! FGV \u00e9 a banca organizadora.<\/p>\n\n\n\n<ul class=\"wp-block-list\" id=\"block-7ebc44be-3c35-4845-a073-5ced4e2f6aba\"><li><strong>Cargo:<\/strong>&nbsp;a definir<\/li><li><strong>Escolaridade:&nbsp;<\/strong>n\u00edvel m\u00e9dio e superior<\/li><li><strong>N\u00famero de Vagas:<\/strong>&nbsp;43<\/li><li><strong>Remunera\u00e7\u00e3o:<\/strong>&nbsp;a definir<\/li><li><strong>Situa\u00e7\u00e3o<\/strong>: Banca definida (FGV)<\/li><\/ul>\n\n\n\n<h4 class=\"wp-block-heading\" id=\"h-concurso-tj-rj\"><a href=\"https:\/\/www.estrategiaconcursos.com.br\/blog\/concurso-tj-rj\" target=\"_blank\" rel=\"noreferrer noopener\"><strong>Concurso TJ RJ<\/strong><\/a><\/h4>\n\n\n\n<p><strong>Perspectivas<\/strong>: O \u00f3rg\u00e3o revelou que o prazo de inscri\u00e7\u00f5es para o certame ser\u00e1 reaberto em 2021<strong>.<\/strong>&nbsp;Novo Presidente confirmou retomada em breve. Composi\u00e7\u00e3o da nova comiss\u00e3o divulgada.<\/p>\n\n\n\n<ul class=\"wp-block-list\"><li><strong>Cargo:&nbsp;<\/strong>T\u00e9cnico Judici\u00e1rio \u2013 Analista Judici\u00e1rio<\/li><li><strong>Escolaridade:&nbsp;<\/strong>N\u00edvel M\u00e9dio e N\u00edvel Superior<\/li><li><strong>Vagas:<\/strong>&nbsp;160<\/li><li><strong>Sal\u00e1rio:<\/strong>&nbsp;R$ 3.870,06 a R$ 6.373,89<\/li><li><strong>Situa\u00e7\u00e3o:<\/strong>&nbsp;suspenso \/ prestes a ser retomado<\/li><\/ul>\n\n\n\n<h4 class=\"wp-block-heading\" id=\"block-fc44bae9-ea7b-4257-917a-bc48a18f2979\"><strong><a href=\"https:\/\/www.estrategiaconcursos.com.br\/blog\/concurso-tjmg-2020\/\" target=\"_blank\" rel=\"noreferrer noopener\">Concurso TJ MG<\/a><\/strong><\/h4>\n\n\n\n<p id=\"block-245192b6-0d6f-4559-bbc3-167208d05506\"><strong>Perspectiva<\/strong>: Foi assinado um novo ato prevendo a deflagra\u00e7\u00e3o do procedimento administrativo para realiza\u00e7\u00e3o&nbsp;do pr\u00f3ximo concurso TJ MG, com o quadro de servidores das 1\u00aa e 2\u00aa inst\u00e2ncias j\u00e1 unificado. Comiss\u00e3o formada! Sindicatos de servidores pressionam tribunal para abertura de nova sele\u00e7\u00e3o.<\/p>\n\n\n\n<ul class=\"wp-block-list\" id=\"block-da0cfa81-24e8-48c1-9b80-dea37edcdf5e\"><li><strong>Cargo:<\/strong>Analista Judici\u00e1rio&nbsp;\u2013 Assistente Social e Psic\u00f3logo Judicial e&nbsp;Oficial Judici\u00e1rio&nbsp;\u2013 Oficial de Justi\u00e7a Avaliador<\/li><li><strong>Escolaridade:&nbsp;<\/strong>N\u00edvel m\u00e9dio e superior<\/li><li><strong>N\u00famero de Vagas:<\/strong>&nbsp;A definir<\/li><li><strong>Remunera\u00e7\u00e3o:<\/strong>&nbsp;A definir<\/li><li><strong>Situa\u00e7\u00e3o<\/strong>: Em planejamento<\/li><\/ul>\n\n\n\n<h4 class=\"wp-block-heading\" id=\"block-eacd52f8-b45a-4b9a-839f-1985c7b69bec\"><strong><a href=\"https:\/\/www.estrategiaconcursos.com.br\/blog\/concurso-tjdft-2019\/\" target=\"_blank\" rel=\"noreferrer noopener\">Concurso TJDFT<\/a><\/strong><\/h4>\n\n\n\n<p id=\"block-651c001f-4ecc-4e59-8764-5424b5957888\"><strong>Perspectiva<\/strong>: O Tribunal de Justi\u00e7a do Distrito Federal e Territ\u00f3rios (TJDFT) vai realizar um novo concurso em 2021. O certame foi confirmado pelo presidente do \u00f3rg\u00e3o.<\/p>\n\n\n\n<ul class=\"wp-block-list\" id=\"block-a9ededea-2d94-4a44-b2ec-168ebb124b67\"><li><strong>Cargo:<\/strong>&nbsp;Analista e T\u00e9cnico<\/li><li><strong>Escolaridade:&nbsp;<\/strong>N\u00edvel m\u00e9dio e superior<\/li><li><strong>N\u00famero de Vagas:<\/strong>&nbsp;A definir<\/li><li><strong>Remunera\u00e7\u00e3o:<\/strong>&nbsp;A definir<\/li><li><strong>Situa\u00e7\u00e3o<\/strong>: em estudos \/ previsto para o segundo semestre\/ minuta do edital em produ\u00e7\u00e3o<\/li><\/ul>\n\n\n\n<h4 class=\"wp-block-heading\" id=\"block-22adb9a7-625b-4296-a521-8cb611ff8d2e\"><a href=\"https:\/\/www.estrategiaconcursos.com.br\/blog\/concurso-tj-ap\" target=\"_blank\" rel=\"noreferrer noopener\"><strong>Concurso TJ AP<\/strong><\/a><\/h4>\n\n\n\n<p id=\"block-870ee0ae-6308-495c-9d87-907e02efe11e\"><strong>Perspectiva<\/strong>: sele\u00e7\u00e3o autorizada para 2021. S\u00e3o 5 vagas imediatas mais cadastro de reserva para Analista Judici\u00e1rio Multidisciplinar. O novo concurso para servidores do Tribunal de Justi\u00e7a do Amap\u00e1&nbsp;ser\u00e1 um dos assuntos abordados na sess\u00e3o de 28 de julho do Pleno Administrativo.<\/p>\n\n\n\n<ul class=\"wp-block-list\" id=\"block-308ccd12-6ddb-4b0f-ac55-b75c285fbadd\"><li><strong>Cargo:<\/strong>&nbsp;Analista Judici\u00e1rio Multidisciplinar<\/li><li><strong>Escolaridade:&nbsp;<\/strong>N\u00edvel superior<\/li><li><strong>N\u00famero de Vagas:<\/strong>&nbsp;5 + CR<\/li><li><strong>Remunera\u00e7\u00e3o:<\/strong>&nbsp;Entre R$ 7.102,68 e R$ 15.388,32<\/li><li><strong>Situa\u00e7\u00e3o<\/strong>: Autorizado<\/li><\/ul>\n\n\n\n<h4 class=\"wp-block-heading\" id=\"block-96d610b3-71e9-4c1c-ab56-ec0b9585e7ee\"><strong><a href=\"https:\/\/www.estrategiaconcursos.com.br\/blog\/concurso-tj-go\/\" target=\"_blank\" rel=\"noreferrer noopener\"><strong>Concurso TJ GO<\/strong><\/a><\/strong><\/h4>\n\n\n\n<p id=\"block-8d8822c8-d6b1-4ac9-82b1-de46eec6e876\"><strong>Perspectiva<\/strong>: Segundo a&nbsp;Presidente da Associa\u00e7\u00e3o dos Magistrados de Goi\u00e1s, Patr\u00edcia Carrijo, ser\u00e3o ofertadas 101 vagas para o cargo de analista judici\u00e1rio no 1\u00ba grau de jurisdi\u00e7\u00e3o. Al\u00e9m disso a presidente da ASMEGO disse que existe a&nbsp;possibilidade da posse dos Analistas ocorrer em ainda em 2021.&nbsp;<\/p>\n\n\n\n<ul class=\"wp-block-list\" id=\"block-06debc6d-ed36-4763-bf06-075347f45d14\"><li><strong>Cargo:<\/strong>&nbsp;Analista Judici\u00e1rio<\/li><li><strong>Escolaridade:&nbsp;<\/strong>N\u00edvel Superior<\/li><li><strong>N\u00famero de Vagas:<\/strong>&nbsp;101<\/li><li><strong>Remunera\u00e7\u00e3o:<\/strong>&nbsp;R$ 4.259.86<\/li><li><strong>Situa\u00e7\u00e3o<\/strong>: autorizado \/ Regulamento publicado<\/li><\/ul>\n\n\n\n<h3 class=\"has-background wp-block-heading\" id=\"block-51d1b3b7-985e-4fdb-b030-a4da2ec4c1c5\" style=\"background-color:#ddd6e3\">Concursos Tribunais Regionais Eleitorais (TREs)<\/h3>\n\n\n\n<h4 class=\"wp-block-heading\" id=\"h-concurso-tre-ce\"><a href=\"https:\/\/www.estrategiaconcursos.com.br\/blog\/concurso-tre-ce\/\">Concurso TRE CE<\/a><\/h4>\n\n\n\n<p><strong>Perspectiva:<\/strong>&nbsp;O novo presidente do TRE CE revelou que vai iniciar os estudos para a realiza\u00e7\u00e3o da pr\u00f3xima sele\u00e7\u00e3o do \u00f3rg\u00e3o. O TSE autorizou o preenchimento de 3 vagas para analista e 6 para t\u00e9cnico judici\u00e1rio.&nbsp;<\/p>\n\n\n\n<ul class=\"wp-block-list\" id=\"block-eaab6881-6499-4793-95e0-f977d1d98640\"><li><strong>Cargo:<\/strong>&nbsp;T\u00e9cnico e Analista Judici\u00e1rio<\/li><li><strong>Escolaridade:&nbsp;<\/strong>n\u00edvel m\u00e9dio e superior<\/li><li><strong>N\u00famero de Vagas:<\/strong>&nbsp;9<\/li><li><strong>Remunera\u00e7\u00e3o:<\/strong>&nbsp;a definir<\/li><li><strong>Situa\u00e7\u00e3o<\/strong>: Em estudos<\/li><\/ul>\n\n\n\n<h4 class=\"wp-block-heading\" id=\"h-concurso-tre-pi\"><a href=\"https:\/\/www.estrategiaconcursos.com.br\/blog\/concurso-tre-pi\/\">Concurso TRE PI<\/a><\/h4>\n\n\n\n<p><strong>Perspectiva:<\/strong>&nbsp;O Tribunal Regional Eleitoral do Piau\u00ed autorizou o novo concurso e formou a comiss\u00e3o organizadora. A sele\u00e7\u00e3o acontecer\u00e1 em 2021.<\/p>\n\n\n\n<ul class=\"wp-block-list\" id=\"block-8eddd206-d987-4ed3-9f41-c67fbe3caecc\"><li><strong>Cargo:<\/strong>&nbsp;T\u00e9cnico e Analista Judici\u00e1rio<\/li><li><strong>Escolaridade:&nbsp;<\/strong>N\u00edvel m\u00e9dio e superior<\/li><li><strong>N\u00famero de Vagas:<\/strong>&nbsp;A definir<\/li><li><strong>Remunera\u00e7\u00e3o:<\/strong>&nbsp;A definir<\/li><li><strong>Situa\u00e7\u00e3o<\/strong>: autorizado \/ comiss\u00e3o formada\/ comiss\u00e3o solicitou suspens\u00e3o dos trabalhos<\/li><\/ul>\n\n\n\n<h2 class=\"has-background wp-block-heading\" id=\"mps\" style=\"background-color:#ddd6e3\">Concursos MPs<\/h2>\n\n\n\n<h4 class=\"wp-block-heading\" id=\"h-concurso-mp-am\"><a href=\"https:\/\/www.estrategiaconcursos.com.br\/blog\/concurso-mp-am\/\">Concurso MP AM<\/a><\/h4>\n\n\n\n<p><strong>Perspectivas<\/strong>: O Minist\u00e9rio P\u00fablico do Amazonas autorizou a realiza\u00e7\u00e3o de um novo concurso para servidores. Poss\u00edveis vagas divulgadas.<\/p>\n\n\n\n<ul class=\"wp-block-list\" id=\"block-e49a7895-b5e7-4c4e-ab91-203ab6f866be\"><li><strong>Cargo:<\/strong>&nbsp;a definir<\/li><li><strong>Escolaridade:&nbsp;<\/strong>m\u00e9dio e superior<\/li><li><strong>N\u00famero de Vagas:<\/strong>&nbsp;a definir<\/li><li><strong>Remunera\u00e7\u00e3o:<\/strong>&nbsp;a definir<\/li><li><strong>Situa\u00e7\u00e3o<\/strong>: autorizado<\/li><\/ul>\n\n\n\n<h4 class=\"wp-block-heading\" id=\"h-concurso-mp-pa\"><a href=\"https:\/\/www.estrategiaconcursos.com.br\/blog\/concurso-mp-pa\/\" target=\"_blank\" rel=\"noreferrer noopener\"><strong>Concurso MP PA<\/strong><\/a><\/h4>\n\n\n\n<p><strong>Perspectivas:<\/strong>&nbsp;A administra\u00e7\u00e3o superior do Minist\u00e9rio P\u00fablico do Estado do Par\u00e1 revelou em reuni\u00e3o que iniciou o processo de retomada das etapas preparat\u00f3rias para a realiza\u00e7\u00e3o do concurso MP PA.<\/p>\n\n\n\n<ul class=\"wp-block-list\" id=\"block-ba89310e-1c38-48d6-97f6-a94d60f676ed\"><li><strong>Cargo:<\/strong>&nbsp;a definir<\/li><li><strong>Escolaridade:&nbsp;<\/strong>N\u00edvel M\u00e9dio<\/li><li><strong>N\u00famero de Vagas:<\/strong>&nbsp;a definir<\/li><li><strong>Remunera\u00e7\u00e3o:<\/strong>&nbsp;a definir<\/li><li><strong>Situa\u00e7\u00e3o<\/strong>: Retomado<\/li><\/ul>\n\n\n\n<h4 class=\"wp-block-heading\" id=\"h-concurso-mp-sc\"><strong><a href=\"https:\/\/www.estrategiaconcursos.com.br\/blog\/concurso-mpc-rr\/\" target=\"_blank\" rel=\"noreferrer noopener\">Concurso MP SC<\/a><\/strong><\/h4>\n\n\n\n<p><strong>Perspectivas<\/strong>: Est\u00e1 formada a comiss\u00e3o do novo concurso MP SC, do Minist\u00e9rio Publico de Santa Catarina.<\/p>\n\n\n\n<ul class=\"wp-block-list\" id=\"block-ba89310e-1c38-48d6-97f6-a94d60f676ed\"><li><strong>Cargo:<\/strong>&nbsp;servidores<\/li><li><strong>Escolaridade:&nbsp;<\/strong>m\u00e9dio e superior<\/li><li><strong>N\u00famero de Vagas:<\/strong>&nbsp;a definir<\/li><li><strong>Remunera\u00e7\u00e3o:<\/strong>&nbsp;a definir<\/li><li><strong>Situa\u00e7\u00e3o<\/strong>: comiss\u00e3o formada<\/li><\/ul>\n\n\n\n<h2 class=\"has-background wp-block-heading\" id=\"defensorias\" style=\"background-color:#ddd6e3\">Concursos Defensorias<\/h2>\n\n\n\n<h4 class=\"wp-block-heading\" id=\"h-concurso-dpe-mt\"><strong><a href=\"https:\/\/www.estrategiaconcursos.com.br\/blog\/concurso-dpe-mt\/\" target=\"_blank\" rel=\"noreferrer noopener\">Concurso DPE MT<\/a><\/strong><\/h4>\n\n\n\n<p><strong>Perspectivas:<\/strong>&nbsp; A Defensoria P\u00fablica do Mato Grosso j\u00e1 formou a comiss\u00e3o de seu novo concurso p\u00fablico para a \u00e1rea de apoio. Banca em processo de escolha.<\/p>\n\n\n\n<ul class=\"wp-block-list\" id=\"block-ba89310e-1c38-48d6-97f6-a94d60f676ed\"><li><strong>Cargo:<\/strong>&nbsp;Analista \u2013 Controlador Interno e T\u00e9cnico<\/li><li><strong>Escolaridade:&nbsp;<\/strong>m\u00e9dio e superior<\/li><li><strong>N\u00famero de Vagas:<\/strong>&nbsp;a definir<\/li><li><strong>Remunera\u00e7\u00e3o:<\/strong>&nbsp;R$ 1.896,56 a R$ 8.720,23<\/li><li><strong>Situa\u00e7\u00e3o<\/strong>: Comiss\u00e3o formada\/ banca em processo de escolha<\/li><\/ul>\n\n\n\n<h4 class=\"wp-block-heading\" id=\"h-concurso-dpe-ro\"><strong><a href=\"https:\/\/www.estrategiaconcursos.com.br\/blog\/concurso-dpe-ro\/\" target=\"_blank\" rel=\"noreferrer noopener\">Concurso DPE RO<\/a><\/strong><\/h4>\n\n\n\n<p><strong>Perspectivas:&nbsp;<\/strong>termo de contrato divulgado entre o Cebraspe e o \u00f3rg\u00e3o. Comiss\u00e3o formada e regulamento publicado para \u00e1rea administrativa. Ser\u00e3o 6 vagas imediatas + CR.<\/p>\n\n\n\n<ul class=\"wp-block-list\" id=\"block-ba89310e-1c38-48d6-97f6-a94d60f676ed\"><li><strong>Cargo:<\/strong>&nbsp;T\u00e9cnico e Analista<\/li><li><strong>Escolaridade:&nbsp;<\/strong>m\u00e9dio e superior<\/li><li><strong>N\u00famero de Vagas:<\/strong>&nbsp;a definir<\/li><li><strong>Remunera\u00e7\u00e3o:<\/strong>&nbsp;R$ 4.260,66<\/li><li><strong>Situa\u00e7\u00e3o<\/strong>: Banca definida \/ regulamento publicado<\/li><\/ul>\n\n\n\n<h4 class=\"wp-block-heading\" id=\"h-concurso-dpe-pr\"><a href=\"https:\/\/www.estrategiaconcursos.com.br\/blog\/concurso-dpe-pr\/\" target=\"_blank\" rel=\"noreferrer noopener\"><strong>Concurso DPE PR<\/strong><\/a><\/h4>\n\n\n\n<p><strong>Perspectivas<\/strong>: O regulamento do seu novo concurso para servidores foi divulgado. O documento cont\u00e9m as principais regras para a organiza\u00e7\u00e3o do concurso. Comiss\u00e3o organizadora formada.<\/p>\n\n\n\n<ul class=\"wp-block-list\" id=\"block-ba89310e-1c38-48d6-97f6-a94d60f676ed\"><li><strong>Cargo:<\/strong>&nbsp;diversos<\/li><li><strong>Escolaridade:&nbsp;<\/strong>Ensino M\u00e9dio e Superior<\/li><li><strong>N\u00famero de Vagas:<\/strong>&nbsp;a definir<\/li><li><strong>Remunera\u00e7\u00e3o:<\/strong>&nbsp;a definir<\/li><li><strong>Situa\u00e7\u00e3o<\/strong>: Autorizado\/ Regulamento publicado\/ Comiss\u00e3o formada<\/li><\/ul>\n\n\n\n<h3 class=\"has-background wp-block-heading\" id=\"h-concursos-rea-fiscal\" style=\"background-color:#ddd6e3\">Concursos \u00c1rea Fiscal<\/h3>\n\n\n\n<h4 class=\"wp-block-heading\" id=\"block-e1a5d6f2-fc52-4a7f-8573-199a06f8187d\"><strong><a href=\"https:\/\/www.estrategiaconcursos.com.br\/blog\/concurso-receita-federal\/\" target=\"_blank\" rel=\"noreferrer noopener\">Concurso Receita Federal<\/a><\/strong><\/h4>\n\n\n\n<p id=\"block-3135771c-9e2d-477a-897c-02440e260cf2\"><strong>Perspectiva<\/strong>: Ap\u00f3s muita expectativa, a autoriza\u00e7\u00e3o do concurso atrasou. Agora, a nova previs\u00e3o \u00e9 que o edital seja publicado em setembro, com nomea\u00e7\u00f5es no 1\u00ba trimestre de 2022.<\/p>\n\n\n\n<ul class=\"wp-block-list\" id=\"block-96028b0d-8fa6-4f95-a16b-e46fd03f29eb\"><li><strong>Cargo:<\/strong>&nbsp;Analista Tribut\u00e1rio e Auditor Fiscal<\/li><li><strong>Escolaridade:&nbsp;<\/strong>N\u00edvel Superior<\/li><li><strong>N\u00famero de Vagas:<\/strong>&nbsp;699 solicitadas<\/li><li><strong>Remunera\u00e7\u00e3o:<\/strong>&nbsp;Entre R$ 11.684,39 e R$ 21.029,09<\/li><li><strong>Situa\u00e7\u00e3o<\/strong>: Solicitado<\/li><\/ul>\n\n\n\n<h4 class=\"wp-block-heading\" id=\"block-a93ea9c4-ecee-430a-8837-2571f18a6481\"><strong><a href=\"https:\/\/www.estrategiaconcursos.com.br\/blog\/concurso-sefaz-sc\/\" target=\"_blank\" rel=\"noreferrer noopener\">Concurso Sefaz SC<\/a><\/strong><\/h4>\n\n\n\n<p id=\"block-83d38bb6-6219-4c0d-b8b2-fc0b25896bf7\"><strong>Perspectivas<\/strong>: Est\u00e1&nbsp;formada a comiss\u00e3o organizadora do pr\u00f3ximo concurso Sefaz SC! Segundo informa\u00e7\u00f5es concedidas ao Jornalismo do Estrat\u00e9gia Concursos, 58 vagas&nbsp;imediatas para o cargo de&nbsp;Analista da Receita Estadual est\u00e3o confirmadas. Al\u00e9m disso, o edital deve ser publicado no in\u00edcio deste segundo semestre.<\/p>\n\n\n\n<ul class=\"wp-block-list\" id=\"block-1f35aaea-2654-45ed-9024-2b109b68255c\"><li><strong>Cargos:<\/strong>&nbsp;Analista da Receita Estadual<\/li><li><strong>Escolaridade:&nbsp;<\/strong>N\u00edvel superior<\/li><li><strong>N\u00famero de vagas:&nbsp;<\/strong>58<\/li><li><strong>Remunera\u00e7\u00e3o:&nbsp;<\/strong>R$ 20.000,00<\/li><li><strong>Situa\u00e7\u00e3o:<\/strong>&nbsp;Comiss\u00e3o formada<\/li><\/ul>\n\n\n\n<h4 class=\"wp-block-heading\" id=\"block-a93ea9c4-ecee-430a-8837-2571f18a6481\"><a href=\"https:\/\/www.estrategiaconcursos.com.br\/blog\/concurso-sefaz-pa\/\" target=\"_blank\" rel=\"noreferrer noopener\"><strong>Concurso Sefaz PA<\/strong><\/a><\/h4>\n\n\n\n<p id=\"block-83d38bb6-6219-4c0d-b8b2-fc0b25896bf7\"><strong>Perspectivas<\/strong>: 5 bancas seguem na disputa pela organiza\u00e7\u00e3o do certame: CETAP, IBAM, FUNDATEC, Fadesp e Consulplan.<\/p>\n\n\n\n<ul class=\"wp-block-list\" id=\"block-1f35aaea-2654-45ed-9024-2b109b68255c\"><li><strong>Cargos:&nbsp;<\/strong>Fiscal de Receitas e Auditor Fiscal<\/li><li><strong>Escolaridade:&nbsp;<\/strong>N\u00edvel superior<\/li><li><strong>N\u00famero de vagas:&nbsp;<\/strong>48 + 62 CR<\/li><li><strong>Remunera\u00e7\u00e3o:&nbsp;<\/strong>R$ 11.910,51 e R$ 15.076,58<\/li><li><strong>Situa\u00e7\u00e3o:<\/strong>&nbsp;Definindo banca<\/li><\/ul>\n\n\n\n<h4 class=\"wp-block-heading\" id=\"block-d3f48d67-895c-4361-94dd-c653e7ce2e43\"><strong><a href=\"https:\/\/www.estrategiaconcursos.com.br\/blog\/concurso-sefaz-rr\/\" target=\"_blank\" rel=\"noreferrer noopener\">Concurso Sefaz RR<\/a><\/strong><\/h4>\n\n\n\n<p><strong>Perspectivas:<\/strong>&nbsp;Divulgada a dispensa de licita\u00e7\u00e3o&nbsp;que oficializa a escolha do&nbsp;Cebraspe como banca organizadora do certame. Ser\u00e3o 20 vagas imediatas mais 10 em cadastro reserva para Auditor Fiscal. Edital at\u00e9 16 de agosto.<\/p>\n\n\n\n<ul class=\"wp-block-list\" id=\"block-359aafd3-be32-4b07-9dc6-142c89ac53d8\"><li><strong>Cargos:&nbsp;<\/strong>Auditor Fiscal de Tributos Estaduais<\/li><li><strong>Escolaridade:&nbsp;<\/strong>N\u00edvel superior<\/li><li><strong>N\u00famero de vagas:&nbsp;<\/strong>20 + 10 CR<\/li><li><strong>Remunera\u00e7\u00e3o:&nbsp;<\/strong>Mais de R$ 20 mil<\/li><li><strong>Situa\u00e7\u00e3o:<\/strong>&nbsp;Banca definida (Cebraspe)<\/li><\/ul>\n\n\n\n<h4 class=\"wp-block-heading\" id=\"h-concurso-sefaz-mg\"><strong><a href=\"https:\/\/www.estrategiaconcursos.com.br\/blog\/concurso-sefaz-mg\/\" target=\"_blank\" rel=\"noreferrer noopener\">Concurso Sefaz MG<\/a><\/strong><\/h4>\n\n\n\n<p><strong>Perspectivas<\/strong>: A Comiss\u00e3o de Finan\u00e7as (COFIN) da Sefaz MG&nbsp;concordou em&nbsp;aprovar a realiza\u00e7\u00e3o&nbsp;de um novo concurso com cerca de&nbsp;300 vagas. Entretanto, \u00e9 importante ressaltar que tal decis\u00e3o ainda&nbsp;n\u00e3o se trata de uma autoriza\u00e7\u00e3o, que est\u00e1 condicionada \u00e0s regras da Lei de Responsabilidade Fiscal (LRF).<\/p>\n\n\n\n<ul class=\"wp-block-list\"><li><strong>Cargo:<\/strong>&nbsp;Auditor Fiscal da Receita Estadual<\/li><li><strong>Escolaridade:<\/strong>&nbsp;N\u00edvel superior<\/li><li><strong>N\u00famero de vagas:<\/strong>&nbsp;317 previstas<\/li><li><strong>Remunera\u00e7\u00e3o:<\/strong>&nbsp;R$ 5.189,31 + gratifica\u00e7\u00f5es<\/li><li><strong>Situa\u00e7\u00e3o<\/strong>: Em estudo<\/li><\/ul>\n\n\n\n<h4 class=\"wp-block-heading\" id=\"h-concurso-sefaz-se\"><strong><a href=\"https:\/\/www.estrategiaconcursos.com.br\/blog\/concurso-sefaz-se\/\" target=\"_blank\" rel=\"noreferrer noopener\">Concurso Sefaz SE<\/a><\/strong><\/h4>\n\n\n\n<p><strong>Perspectiva:<\/strong>&nbsp;H\u00e1 32 anos sem concurso, foi oficialmente autorizado um novo certame para o cargo de Auditor T\u00e9cnico de Tributos. Foram autorizadas 10 vagas imediatas mais 40 para forma\u00e7\u00e3o de cadastro reserva.<\/p>\n\n\n\n<ul class=\"wp-block-list\"><li><strong>Cargo:&nbsp;<\/strong>Auditor T\u00e9cnico de Tributos<\/li><li><strong>Escolaridade:&nbsp;<\/strong>N\u00edvel superior<\/li><li><strong>N\u00famero de vagas:<\/strong>&nbsp;10 + 40 CR<\/li><li><strong>Remunera\u00e7\u00e3o:<\/strong>&nbsp;R$ 9.400,00<\/li><li><strong>Situa\u00e7\u00e3o:<\/strong>&nbsp;Comiss\u00e3o formada<\/li><\/ul>\n\n\n\n<h4 class=\"wp-block-heading\" id=\"block-5a4ddc62-f242-4c17-a0da-93c6e1555234\"><strong><a href=\"https:\/\/www.estrategiaconcursos.com.br\/blog\/concurso-iss-fortaleza\/\" target=\"_blank\" rel=\"noreferrer noopener\">Concurso ISS Fortaleza<\/a>&nbsp;(CE)<\/strong><\/h4>\n\n\n\n<p id=\"block-706067ba-4246-4006-8c30-6a9a248adecc\"><strong>Perspectiva:<\/strong>&nbsp;Ap\u00f3s a retomada do concurso entre a Sefin e o Cebraspe, o cronograma da sele\u00e7\u00e3o precisou ser refeito. Ser\u00e3o ofertadas 50 vagas para o cargo de Analista do Tesouro Municipal.<\/p>\n\n\n\n<ul class=\"wp-block-list\" id=\"block-17c32d95-f70a-4700-b69d-58ea4824b832\"><li><strong>Cargos:&nbsp;<\/strong>Analista do Tesouro Municipal<\/li><li><strong>Escolaridade:&nbsp;<\/strong>N\u00edvel superior<\/li><li><strong>N\u00famero de vagas:&nbsp;<\/strong>50<\/li><li><strong>Remunera\u00e7\u00e3o:&nbsp;<\/strong>R$ 8.986,71<\/li><li><strong>Situa\u00e7\u00e3o:<\/strong>&nbsp;Banca definida (Cebraspe)<\/li><\/ul>\n\n\n\n<h4 class=\"wp-block-heading\" id=\"block-71c5b118-2444-4c60-b42b-1f7ec418ddf5\"><a href=\"https:\/\/www.estrategiaconcursos.com.br\/blog\/concurso-iss-belo-horizonte\/\" target=\"_blank\" rel=\"noreferrer noopener\"><strong>Concurso ISS Belo Horizonte<\/strong><\/a>&nbsp;<strong>(MG)<\/strong><\/h4>\n\n\n\n<p id=\"block-fee961c9-70b8-4c25-838a-fc543ff568bc\"><strong>Perspectivas<\/strong>: RBO Servi\u00e7os P\u00fablicos e Projetos Municipais&nbsp;apresentou a melhor proposta e teve sua documenta\u00e7\u00e3o habilitada.<\/p>\n\n\n\n<ul class=\"wp-block-list\" id=\"block-d24dc2b7-8062-4b09-a343-3564377a0895\"><li><strong>Cargos:&nbsp;<\/strong>Auditor Fiscal<\/li><li><strong>Escolaridade:&nbsp;<\/strong>N\u00edvel superior<\/li><li><strong>N\u00famero de vagas:&nbsp;<\/strong>14<\/li><li><strong>Remunera\u00e7\u00e3o:&nbsp;<\/strong>R$ 15.180,56<\/li><li><strong>Situa\u00e7\u00e3o:<\/strong>&nbsp;Banca definida (RBO)<\/li><\/ul>\n\n\n\n<h3 class=\"has-background wp-block-heading\" id=\"h-concursos-controle-e-gest-o\" style=\"background-color:#ddd6e3\">Concursos Controle e Gest\u00e3o<\/h3>\n\n\n\n<h4 class=\"wp-block-heading\" id=\"block-2d507a52-38da-4c0b-b7bb-8c068eeb07ea\"><strong><a href=\"https:\/\/www.estrategiaconcursos.com.br\/blog\/concurso-cge-ms\/\" target=\"_blank\" rel=\"noreferrer noopener\">Concurso CGE MS<\/a><\/strong><\/h4>\n\n\n\n<p id=\"block-f5ed8118-f559-4649-a14e-cf4a50d26161\"><strong>Perspectivas<\/strong>: O governo do Mato Grosso do Sul autorizou oconcurso CGE MS(Controladoria-Geral do Estado), para o provimento do&nbsp;cargo de&nbsp;Auditor do Estado.<\/p>\n\n\n\n<ul class=\"wp-block-list\" id=\"block-02ff5a6c-2417-4902-ad12-9c19aafcaa4b\"><li><strong>Cargo:<\/strong>&nbsp;Auditor do Estado<\/li><li><strong>Escolaridade:&nbsp;<\/strong>N\u00edvel superior<\/li><li><strong>N\u00famero de Vagas:<\/strong>&nbsp;28<\/li><li><strong>Remunera\u00e7\u00e3o:&nbsp;<\/strong>R$ 5.881,72<\/li><li><strong>Situa\u00e7\u00e3o<\/strong>: Autorizado<\/li><\/ul>\n\n\n\n<h4 class=\"wp-block-heading\" id=\"block-2d507a52-38da-4c0b-b7bb-8c068eeb07ea\"><strong><a href=\"https:\/\/www.estrategiaconcursos.com.br\/blog\/concurso-cgu\/\" target=\"_blank\" rel=\"noreferrer noopener\">Concurso CGU<\/a><\/strong><\/h4>\n\n\n\n<p id=\"block-f5ed8118-f559-4649-a14e-cf4a50d26161\"><strong>Perspectivas<\/strong>: Concurso \u00e9 oficialmente autorizado e deve ser realizado j\u00e1 no in\u00edcio de 2022. Ser\u00e3o 300 vagas para Auditor e 75 para T\u00e9cnico.<\/p>\n\n\n\n<ul class=\"wp-block-list\" id=\"block-02ff5a6c-2417-4902-ad12-9c19aafcaa4b\"><li><strong>Cargo:<\/strong>&nbsp;Auditor e T\u00e9cnico<\/li><li><strong>Escolaridade:&nbsp;<\/strong>N\u00edvel m\u00e9dio e superior<\/li><li><strong>N\u00famero de Vagas:<\/strong>&nbsp;375<\/li><li><strong>Remunera\u00e7\u00e3o:<\/strong>&nbsp;R$ 7.283,31 e R$ 19.197,06<\/li><li><strong>Situa\u00e7\u00e3o<\/strong>: Autorizado<\/li><\/ul>\n\n\n\n<h4 class=\"wp-block-heading\" id=\"block-a539aaa0-e25a-4491-abb7-3c72fbb1d062\"><strong><a href=\"https:\/\/www.estrategiaconcursos.com.br\/blog\/concurso-tcu\/\" target=\"_blank\" rel=\"noreferrer noopener\">Concurso TCU<\/a><\/strong><\/h4>\n\n\n\n<p id=\"block-fd369924-9d17-442f-b643-c485924afaee\"><strong>Perspectivas:<\/strong>&nbsp;Publicada nova autoriza\u00e7\u00e3o para 20 vagas mais forma\u00e7\u00e3o de cadastro reserva. Grupo de Trabalho tamb\u00e9m foi redefinido. LOA 2021 prev\u00ea o provimento de 30 vagas.<\/p>\n\n\n\n<ul class=\"wp-block-list\" id=\"block-decddebe-131e-445e-9a68-57856611e48f\"><li><strong>Cargos:&nbsp;<\/strong>Auditor Federal de Controle Externo<\/li><li><strong>Escolaridade:&nbsp;<\/strong>N\u00edvel superior<\/li><li><strong>N\u00famero de vagas:&nbsp;<\/strong>20 + CR<\/li><li><strong>Remunera\u00e7\u00e3o:&nbsp;<\/strong>R$ 21.947,82<\/li><li><strong>Situa\u00e7\u00e3o:<\/strong>&nbsp;Autorizado\/Grupo de Trabalho formado<\/li><\/ul>\n\n\n\n<h3 class=\"has-background wp-block-heading\" id=\"block-a75ac4c2-1517-4910-b47b-d37b96bcf51e\" style=\"background-color:#ddd6e3\">Tribunais de Contas (TCEs)<\/h3>\n\n\n\n<h4 class=\"wp-block-heading\" id=\"block-38e061fd-72b7-471e-a4a8-abbf01f4de9f\"><strong><a href=\"https:\/\/www.estrategiaconcursos.com.br\/blog\/concurso-tce-rj\/\" target=\"_blank\" rel=\"noreferrer noopener\">Concurso TCE RJ<\/a><\/strong><\/h4>\n\n\n\n<p id=\"block-5843d093-78d9-4999-9114-db855b8ddeb9\"><strong>Perspectivas<\/strong>: Novo concurso \u00e9 autorizado para cargos de n\u00edvel m\u00e9dio e superior. Comiss\u00e3o tamb\u00e9m foi institu\u00edda.<\/p>\n\n\n\n<ul class=\"wp-block-list\" id=\"block-1009f213-26ac-4893-989f-acb069d0000f\"><li><strong>Cargos:&nbsp;<\/strong>T\u00e9cnico, Analista TI e Procurador do MPC<\/li><li><strong>Escolaridade:&nbsp;<\/strong>N\u00edveis m\u00e9dio e superior<\/li><li><strong>N\u00famero de vagas:&nbsp;<\/strong>25<\/li><li><strong>Remunera\u00e7\u00e3o:&nbsp;<\/strong>a definir<\/li><li><strong>Situa\u00e7\u00e3o:<\/strong>&nbsp;Autorizado<\/li><\/ul>\n\n\n\n<h4 class=\"wp-block-heading\" id=\"block-38e061fd-72b7-471e-a4a8-abbf01f4de9f\"><a href=\"https:\/\/www.estrategiaconcursos.com.br\/blog\/concurso-tce-ma\/\" target=\"_blank\" rel=\"noreferrer noopener\"><strong>Concurso TCE MA<\/strong><\/a><\/h4>\n\n\n\n<p id=\"block-5843d093-78d9-4999-9114-db855b8ddeb9\"><strong>Perspectivas<\/strong>: Ap\u00f3s 16 anos sem concurso, foi formada Comiss\u00e3o para estudos de nova sele\u00e7\u00e3o para o cargo de T\u00e9cnico de Controle Externo, na especialidade de Tecnologia da Informa\u00e7\u00e3o.<\/p>\n\n\n\n<ul class=\"wp-block-list\" id=\"block-1009f213-26ac-4893-989f-acb069d0000f\"><li><strong>Cargos:&nbsp;<\/strong>T\u00e9cnico de Controle Externo \u2013 TI<\/li><li><strong>Escolaridade:&nbsp;<\/strong>N\u00edvel m\u00e9dio<\/li><li><strong>N\u00famero de vagas:&nbsp;<\/strong>a definir<\/li><li><strong>Remunera\u00e7\u00e3o:&nbsp;<\/strong>R$ 9.563,03<\/li><li><strong>Situa\u00e7\u00e3o:<\/strong>&nbsp;Comiss\u00e3o formada<\/li><\/ul>\n\n\n\n<h4 class=\"wp-block-heading\" id=\"block-38e061fd-72b7-471e-a4a8-abbf01f4de9f\"><strong><a href=\"https:\/\/www.estrategiaconcursos.com.br\/blog\/concurso-tce-ms\/\" target=\"_blank\" rel=\"noreferrer noopener\">Concurso TCE MS<\/a><\/strong><\/h4>\n\n\n\n<p id=\"block-5843d093-78d9-4999-9114-db855b8ddeb9\"><strong>Perspectivas<\/strong>: Ap\u00f3s 8 anos sem concurso, foi autorizada sele\u00e7\u00e3o para cinco cargos distribu\u00eddos entre quatro editais.<\/p>\n\n\n\n<ul class=\"wp-block-list\" id=\"block-1009f213-26ac-4893-989f-acb069d0000f\"><li><strong>Cargos:&nbsp;<\/strong>Procurador de Contas, Auditor, Auditor Estadual e Analista e T\u00e9cnico de Gest\u00e3o Institucional<\/li><li><strong>Escolaridade:&nbsp;<\/strong>N\u00edvel m\u00e9dio e superior<\/li><li><strong>N\u00famero de vagas:&nbsp;<\/strong>a definir<\/li><li><strong>Remunera\u00e7\u00e3o:&nbsp;<\/strong>R$ 3.164,53 a R$ 35.462,28<\/li><li><strong>Situa\u00e7\u00e3o:<\/strong>&nbsp;Autorizado<\/li><\/ul>\n\n\n\n<h4 class=\"wp-block-heading\" id=\"block-adae273a-c8a6-4a79-8b6b-b94a4dd0a0a9\"><strong><a href=\"https:\/\/www.estrategiaconcursos.com.br\/blog\/concurso-tce-sc\/\" target=\"_blank\" rel=\"noreferrer noopener\">Concurso TCE SC<\/a><\/strong><\/h4>\n\n\n\n<p id=\"block-7bf2b360-24a5-4154-a02b-18b7feda43fb\"><strong>Perspectivas:<\/strong>&nbsp;O Cebraspe foi contratado como banca do concurso para Auditor Fiscal de Controle Externo. Portaria que suspende atividades foi revogada.<\/p>\n\n\n\n<ul class=\"wp-block-list\" id=\"block-1f134158-c817-408a-b4bb-82b92843654f\"><li><strong>Cargos:&nbsp;<\/strong>Auditor Fiscal de Controle Externo<\/li><li><strong>Escolaridade:&nbsp;<\/strong>N\u00edvel superior<\/li><li><strong>N\u00famero de vagas:&nbsp;<\/strong>40 + 120 CR<\/li><li><strong>Remunera\u00e7\u00e3o:&nbsp;<\/strong>R$ 14.926,37<\/li><li><strong>Situa\u00e7\u00e3o:<\/strong>&nbsp;Banca definida (Cebraspe)<\/li><\/ul>\n\n\n\n<h3 class=\"has-background wp-block-heading\" id=\"block-25e802ab-373b-47af-8f32-38c789d4402c\" style=\"background-color:#ddd6e3\">Controladorias Gerais (CGEs)<\/h3>\n\n\n\n<h4 class=\"wp-block-heading\" id=\"block-9ae1afe0-c806-4928-965f-5c8e527eab1c\"><strong><a href=\"https:\/\/www.estrategiaconcursos.com.br\/blog\/concurso-cgdf\/\" target=\"_blank\" rel=\"noreferrer noopener\">Concurso CGDF<\/a><\/strong><\/h4>\n\n\n\n<p id=\"block-4ea31b70-e463-49f7-a5b0-bfb6734ed04e\"><strong>Perspectivas:<\/strong>&nbsp;Aguardado desde 2018, concurso recebeu nova autoriza\u00e7\u00e3o. Com Comiss\u00e3o j\u00e1 formada, s\u00e3o previstas 234 vagas entre imediatas e cadastro reserva.<\/p>\n\n\n\n<ul class=\"wp-block-list\" id=\"block-d9ed3a6f-d48c-4246-9c97-11ad29d9cf2d\"><li><strong>Cargos:&nbsp;<\/strong>Auditor de Controle Interno<\/li><li><strong>Escolaridade:&nbsp;<\/strong>N\u00edvel superior<\/li><li><strong>N\u00famero de vagas:&nbsp;<\/strong>234 previstas<\/li><li><strong>Remunera\u00e7\u00e3o:&nbsp;<\/strong>R$ 12.800,00<\/li><li><strong>Situa\u00e7\u00e3o:<\/strong>&nbsp;Autorizado<\/li><\/ul>\n\n\n\n<h4 class=\"wp-block-heading\" id=\"block-c0a2a88f-bf3c-4c79-b6bb-806e41646a72\"><strong><a href=\"https:\/\/www.estrategiaconcursos.com.br\/blog\/concurso-cge-rr\/\" target=\"_blank\" rel=\"noreferrer noopener\">Concurso CGE RR<\/a><\/strong><\/h4>\n\n\n\n<p id=\"block-b2ed8b70-7113-4659-96fb-c71e9d53b488\"><strong>Perspectivas:<\/strong>&nbsp;Foi institu\u00edda uma Comiss\u00e3o respons\u00e1vel pelos estudos de viabilidade t\u00e9cnica-econ\u00f4mica&nbsp;para o 1\u00ba do concurso CGE RR. O grupo tem at\u00e9 setembro para finalizar as an\u00e1lises.<\/p>\n\n\n\n<ul class=\"wp-block-list\" id=\"block-1ff6de3c-c3d3-4ecb-ba84-bb95f56fafd7\"><li><strong>Cargos:&nbsp;<\/strong>a definir<\/li><li><strong>Escolaridade:&nbsp;<\/strong>a definir<\/li><li><strong>N\u00famero de vagas:&nbsp;<\/strong>a definir<\/li><li><strong>Remunera\u00e7\u00e3o:&nbsp;<\/strong>a definir<\/li><li><strong>Situa\u00e7\u00e3o:<\/strong>&nbsp;Comiss\u00e3o de estudos formada<\/li><\/ul>\n\n\n\n<h4 class=\"wp-block-heading\" id=\"block-c8da7929-59bf-4700-9dc8-71df6ff19f15\"><strong><a href=\"https:\/\/www.estrategiaconcursos.com.br\/blog\/concurso-age-pa\/\" target=\"_blank\" rel=\"noreferrer noopener\">Concurso AGE PA<\/a><\/strong><\/h4>\n\n\n\n<p id=\"block-d7575794-ea54-41ed-beab-94242eabe6f0\"><strong>Perspectivas:<\/strong>&nbsp;Contrato com a Funda\u00e7\u00e3o CETAP \u00e9 assinado. Edital da Auditoria Geral do Estado do Par\u00e1 previsto para o in\u00edcio do segundo semestre.<\/p>\n\n\n\n<ul class=\"wp-block-list\" id=\"block-5749e9d8-6cdd-4535-a38a-20d9d8db3ce2\"><li><strong>Cargos:&nbsp;<\/strong>Auditor de Finan\u00e7as e Controle; T\u00e9cnico em Gest\u00e3o de Inform\u00e1tica; Agente Administrativo<\/li><li><strong>Escolaridade:&nbsp;<\/strong>N\u00edvel m\u00e9dio e superior<\/li><li><strong>N\u00famero de vagas:&nbsp;<\/strong>21<\/li><li><strong>Remunera\u00e7\u00e3o:&nbsp;<\/strong>R$ 1.145,00 a R$ 5.026,81<\/li><li><strong>Situa\u00e7\u00e3o:<\/strong>&nbsp;Banca definida (CETAP)<\/li><\/ul>\n\n\n\n<h3 class=\"has-background wp-block-heading\" id=\"block-202eb479-2f48-4cb2-99d8-2fbe856e82bc\" style=\"background-color:#ddd6e3\">Concursos Pol\u00edcia Civil<\/h3>\n\n\n\n<h4 class=\"wp-block-heading\" id=\"block-28118ace-cfb3-4a20-8595-b94ba4fcf170\"><strong><a href=\"https:\/\/www.estrategiaconcursos.com.br\/blog\/concurso-pc-pb\/\" target=\"_blank\" rel=\"noreferrer noopener\">Concurso PC PB<\/a><\/strong><\/h4>\n\n\n\n<p id=\"block-833e0a88-7faf-4911-9b9d-166b04834130\"><strong>Perspectivas:<\/strong>&nbsp;O&nbsp;cebraspefoi escolhido como banca, o edital segue previsto para julho ou agosto.<\/p>\n\n\n\n<ul class=\"wp-block-list\" id=\"block-0e7685c4-9671-4dd1-9b93-481db834a32e\"><li><strong>Cargos:&nbsp;<\/strong>diversos<\/li><li><strong>Escolaridade:&nbsp;<\/strong>m\u00e9dio e superior<\/li><li><strong>N\u00famero de vagas:&nbsp;<\/strong>1.400<\/li><li><strong>Remunera\u00e7\u00e3o:&nbsp;<\/strong>R$ 3.434,66 a R$ 11.124,42<\/li><li><strong>Situa\u00e7\u00e3o:<\/strong>&nbsp;Banca definida<\/li><\/ul>\n\n\n\n<h4 class=\"wp-block-heading\" id=\"block-28118ace-cfb3-4a20-8595-b94ba4fcf170\"><strong><a href=\"https:\/\/www.estrategiaconcursos.com.br\/blog\/concurso-pc-to\/\" target=\"_blank\" rel=\"noreferrer noopener\">Concurso PC TO<\/a><\/strong><\/h4>\n\n\n\n<p id=\"block-833e0a88-7faf-4911-9b9d-166b04834130\"><strong>Perspectivas:<\/strong>&nbsp;Um novo concurso PC TO foi anunciado. Com comiss\u00e3o formada, o edital est\u00e1 previsto para 2021.<\/p>\n\n\n\n<ul class=\"wp-block-list\" id=\"block-0e7685c4-9671-4dd1-9b93-481db834a32e\"><li><strong>Cargos:&nbsp;<\/strong>diversos<\/li><li><strong>Escolaridade:&nbsp;<\/strong>superior<\/li><li><strong>N\u00famero de vagas:&nbsp;<\/strong>a definir<\/li><li><strong>Remunera\u00e7\u00e3o:&nbsp;<\/strong>a definir<\/li><li><strong>Situa\u00e7\u00e3o:<\/strong>&nbsp;Comiss\u00e3o formada<\/li><\/ul>\n\n\n\n<h4 class=\"wp-block-heading\" id=\"block-541e0cb5-48df-408b-aa00-a8d8b9730402\"><a href=\"https:\/\/www.estrategiaconcursos.com.br\/blog\/concurso-pc-ba\/\" target=\"_blank\" rel=\"noreferrer noopener\"><strong>Concurso PC BA<\/strong><\/a><\/h4>\n\n\n\n<p id=\"block-65ed0484-c66a-45bc-a059-5c573aa869e8\"><strong>Perspectivas:<\/strong>&nbsp;O governador do Estado, Rui Costa confirmou que um novo edital ser\u00e1 publicado em breve. Mais de mil vagas previstas na LOA 2021 para a \u00e1rea de seguran\u00e7a.<\/p>\n\n\n\n<ul class=\"wp-block-list\" id=\"block-f39445bb-087b-4c72-a111-f9b07a41bbba\"><li><strong>Cargos:&nbsp;<\/strong>a definir<\/li><li><strong>Escolaridade:&nbsp;<\/strong>a definir<\/li><li><strong>N\u00famero de vagas:&nbsp;<\/strong>a definir<\/li><li><strong>Remunera\u00e7\u00e3o:&nbsp;<\/strong>a definir<\/li><li><strong>Situa\u00e7\u00e3o:<\/strong>&nbsp;previsto para o 2\u00ba semestre\/autorizado<\/li><\/ul>\n\n\n\n<h4 class=\"wp-block-heading\" id=\"block-af6d4495-8850-4736-99df-c11fd526fbef\"><strong><a href=\"https:\/\/www.estrategiaconcursos.com.br\/blog\/concurso-pc-ro\/\" target=\"_blank\" rel=\"noreferrer noopener\">Concurso PC RO<\/a><\/strong><\/h4>\n\n\n\n<p id=\"block-e03c7629-6039-46e1-b10d-cfdfbd1868d7\"><strong>Perspectivas:<\/strong>&nbsp;Ap\u00f3s ser oficialmente autorizado, o concurso PC RO, da Pol\u00edcia Civil de Rond\u00f4nia, teve a comiss\u00e3o formada. Agora, a pr\u00f3xima etapa do certame ser\u00e1 a escolha da banca organizadora.<\/p>\n\n\n\n<ul class=\"wp-block-list\" id=\"block-e4d1b339-4609-4ad6-ae7b-799ad607bbe2\"><li><strong>Cargos:&nbsp;<\/strong>Delegado, M\u00e9dico Legista, Agente, Escriv\u00e3o, Papiloscopista e T\u00e9cnico de Necropsia<\/li><li><strong>Escolaridade:&nbsp;<\/strong>m\u00e9dio e superior<\/li><li><strong>N\u00famero de vagas:&nbsp;<\/strong>379<\/li><li><strong>Remunera\u00e7\u00e3o:&nbsp;<\/strong>a definir<\/li><li><strong>Situa\u00e7\u00e3o:<\/strong>&nbsp;comiss\u00e3o formada<\/li><\/ul>\n\n\n\n<h4 class=\"wp-block-heading\" id=\"block-7ada302b-1060-4943-8fd5-0eb33ea2c11a\"><strong><a href=\"https:\/\/www.estrategiaconcursos.com.br\/blog\/concurso-pc-mg\/\" target=\"_blank\" rel=\"noreferrer noopener\">Concurso PC MG<\/a><\/strong><\/h4>\n\n\n\n<p id=\"block-68a2c270-3b5c-49ca-9a97-f2d54a8f7cb4\"><strong>Perspectivas:<\/strong>&nbsp;Um novo concurso para a Pol\u00edcia Civil de Minas Gerais foi solicitado. 688&nbsp; vagas, para todas as carreiras, est\u00e3o previstas. Romeu Zema confirmou um novo certame.<\/p>\n\n\n\n<ul class=\"wp-block-list\" id=\"block-58cdd8ab-2a60-4f70-9e20-0d5e2b25e032\"><li><strong>Cargos:&nbsp;<\/strong>a definir<\/li><li><strong>Escolaridade:&nbsp;<\/strong>superior<\/li><li><strong>N\u00famero de vagas:&nbsp;<\/strong>688&nbsp;<\/li><li><strong>Remunera\u00e7\u00e3o:&nbsp;<\/strong>a definir<\/li><li><strong>Situa\u00e7\u00e3o:<\/strong>&nbsp;autorizado<\/li><\/ul>\n\n\n\n<h4 class=\"wp-block-heading\" id=\"block-3410a9cc-40d5-4c11-b8f5-66388c381b36\"><strong><a href=\"https:\/\/www.estrategiaconcursos.com.br\/blog\/concurso-policia-civil-goias\/\" target=\"_blank\" rel=\"noreferrer noopener\">Concurso PC GO<\/a><\/strong><\/h4>\n\n\n\n<p id=\"block-588541d2-c451-410e-9666-0887065b912f\"><strong>Perspectivas:<\/strong>&nbsp;A comiss\u00e3o do pr\u00f3ximo concurso j\u00e1 esta formada e o edital pode ser publicado em 2021. Est\u00e3o previstas 418 vagas, para os cargos de Agente e Escriv\u00e3o.<\/p>\n\n\n\n<ul class=\"wp-block-list\" id=\"block-4cc8e243-13ae-417e-a68f-31f5a4e0ec98\"><li><strong>Cargos:&nbsp;<\/strong>agente e escriv\u00e3o<\/li><li><strong>Escolaridade:<\/strong>&nbsp;superior<\/li><li><strong>N\u00famero de vagas:&nbsp;<\/strong>418<\/li><li><strong>Remunera\u00e7\u00e3o:&nbsp;<\/strong>R$ 10.000,00<\/li><li><strong>Situa\u00e7\u00e3o:<\/strong>&nbsp;Comiss\u00e3o formada<\/li><\/ul>\n\n\n\n<h4 class=\"wp-block-heading\" id=\"block-2307bd50-4e5f-48f0-ab9c-ef3d5136a2e8\"><strong><a href=\"https:\/\/www.estrategiaconcursos.com.br\/blog\/concurso-policia-civil-rj\/\" target=\"_blank\" rel=\"noreferrer noopener\">Concurso PC RJ<\/a><\/strong><\/h4>\n\n\n\n<p id=\"block-96ebe640-effd-45b1-81e1-d785e084bf4f\"><strong>Perspectivas:<\/strong>&nbsp;O concurso PC RJ ofertar\u00e1, segundo Decreto 47.585,&nbsp;400 vagas&nbsp;imediatas para os cargos de Delegado, Investigador, Inspetor, Perito, T\u00e9cnico e Auxiliar de Necropsia.<\/p>\n\n\n\n<ul class=\"wp-block-list\" id=\"block-cb5abeb6-c544-4d35-9fcd-2d8cda515725\"><li><strong>Cargos:&nbsp;<\/strong>Delegado, Investigador, Inspetor, Perito, T\u00e9cnico e Auxiliar de Necropsia<\/li><li><strong>Escolaridade:<\/strong>&nbsp;fundamental, m\u00e9dio e superior<\/li><li><strong>N\u00famero de vagas:&nbsp;<\/strong>400<\/li><li><strong>Remunera\u00e7\u00e3o:&nbsp;<\/strong>de R$ 4.732,23 a R$ 10.311,32<\/li><li><strong>Situa\u00e7\u00e3o:<\/strong>&nbsp;banca definida (Cebraspe)<\/li><\/ul>\n\n\n\n<h4 class=\"wp-block-heading\" id=\"block-2951c818-dcb6-42c1-b110-d8abdd5e0c27\"><strong><a href=\"https:\/\/www.estrategiaconcursos.com.br\/blog\/concurso-pc-am\/\" target=\"_blank\" rel=\"noreferrer noopener\">Concurso PC AM<\/a><\/strong><\/h4>\n\n\n\n<p id=\"block-b5fdba07-5e4c-4558-8ee4-a0a8a4d45396\"><strong>Perspectivas:<\/strong>&nbsp;O governador do Amazonas, Wilson Lima, criou a comiss\u00e3o de acompanhamento do concurso PC AM. Ser\u00e3o 362 vagas para Delegado, Escriv\u00e3o, Investigador e Perito.<\/p>\n\n\n\n<ul class=\"wp-block-list\" id=\"block-66b5adce-8fd9-469d-b01a-efea4c2df57d\"><li><strong>Cargos:&nbsp;<\/strong>Delegado, Escriv\u00e3o, Investigador e Perito<\/li><li><strong>Escolaridade:<\/strong>&nbsp;a definir<\/li><li><strong>N\u00famero de vagas:&nbsp;<\/strong>362<\/li><li><strong>Remunera\u00e7\u00e3o:&nbsp;<\/strong>de R$ 11.281,26 a R$ 20.449,05<\/li><li><strong>Situa\u00e7\u00e3o:<\/strong>&nbsp;Comiss\u00e3o criada<\/li><\/ul>\n\n\n\n<h4 class=\"wp-block-heading\" id=\"block-61378704-c5c9-4d79-bb47-a9ad2f7eb118\"><a href=\"https:\/\/www.estrategiaconcursos.com.br\/blog\/concurso-pc-ac\/\" target=\"_blank\" rel=\"noreferrer noopener\"><strong>Concurso PC AC<\/strong><\/a><\/h4>\n\n\n\n<p id=\"block-52638599-171f-4059-ab5c-aa4add58a1a7\"><strong>Perspectivas:<\/strong>&nbsp;A comiss\u00e3o foi constitu\u00edda para realizar proposta para realiza\u00e7\u00e3o de concursos para Seguran\u00e7a P\u00fablica do Acre.<\/p>\n\n\n\n<ul class=\"wp-block-list\" id=\"block-e8cdf8c6-5b0a-49af-8067-7c991e61da9e\"><li><strong>Cargos:&nbsp;<\/strong>a definir<\/li><li><strong>Escolaridade:<\/strong>&nbsp;a definir<\/li><li><strong>N\u00famero de vagas:&nbsp;<\/strong>a definir<\/li><li><strong>Remunera\u00e7\u00e3o:&nbsp;<\/strong>a definir<\/li><li><strong>Situa\u00e7\u00e3o:<\/strong>&nbsp;comiss\u00e3o integrada formada<\/li><\/ul>\n\n\n\n<h4 class=\"wp-block-heading\" id=\"block-1952b90f-8109-43aa-941e-4a39db8b5d44\"><strong><a href=\"https:\/\/www.estrategiaconcursos.com.br\/blog\/concurso-pc-rr\/\" target=\"_blank\" rel=\"noreferrer noopener\">Concurso PC RR<\/a><\/strong><\/h4>\n\n\n\n<p id=\"block-81849aba-adfd-453e-95fa-99d04c6d998c\"><strong>Perspectivas:<\/strong>&nbsp;O novo concurso PC RR j\u00e1 tem comiss\u00e3o formada e est\u00e1 previsto para este ano.<\/p>\n\n\n\n<ul class=\"wp-block-list\" id=\"block-987e2f0c-6f98-4760-ad46-1983d83a20ec\"><li><strong>Cargos:&nbsp;<\/strong>a definir<\/li><li><strong>Escolaridade:<\/strong>&nbsp;m\u00e9dio e superior<\/li><li><strong>N\u00famero de vagas:&nbsp;<\/strong>a definir<\/li><li><strong>Remunera\u00e7\u00e3o:&nbsp;<\/strong>de R$ 3.035,16 a R$ 18.387,42<\/li><li><strong>Situa\u00e7\u00e3o:<\/strong>&nbsp;Comiss\u00e3o formada<\/li><\/ul>\n\n\n\n<h4 class=\"wp-block-heading\" id=\"h-concurso-pc-ms\"><strong><a href=\"https:\/\/www.estrategiaconcursos.com.br\/blog\/concurso-pc-ms-2019\/\">Concurso PC MS<\/a><\/strong><\/h4>\n\n\n\n<p><strong>Perspectivas:<\/strong>&nbsp;Comiss\u00e3o formada para as 206 vagas para um novo concurso Pol\u00edcia Civil MS<strong>.<\/strong>&nbsp;As oportunidades s\u00e3o para os cargos de Perito Papiloscopista, Agente de Pol\u00edcia Cient\u00edfica e Perito Oficial Forense.<\/p>\n\n\n\n<p><strong>Vagas\/Cargos e sal\u00e1rio inicial:<\/strong><\/p>\n\n\n\n<ul class=\"wp-block-list\" id=\"block-3da48ed4-369c-4d0a-8360-1d184064d3ce\"><li><strong>Cargos:&nbsp;<\/strong>diversos<\/li><li><strong>Forma\u00e7\u00e3o:<\/strong>&nbsp;superior<\/li><li><strong>Vagas:<\/strong>&nbsp;206<\/li><li><strong>Remunera\u00e7\u00e3o:<\/strong>&nbsp;de R$ 3.888,26 a R$ 14.978,26<\/li><li><strong>Situa\u00e7\u00e3o:<\/strong>&nbsp;Autorizado<\/li><\/ul>\n\n\n\n<h4 class=\"wp-block-heading\" id=\"h-concurso-pcdf-administrativo\"><a href=\"https:\/\/www.estrategiaconcursos.com.br\/blog\/concurso-pcdf-administrativo\/\" target=\"_blank\" rel=\"noreferrer noopener\"><strong>Concurso PCDF<\/strong>&nbsp;\u2013&nbsp;<strong>Administrativo<\/strong><\/a><\/h4>\n\n\n\n<p><strong>Perspectivas:<\/strong>&nbsp;Foi autorizado o primeiro concurso da PCDF para os cargos de apoio, Analista e Gestor, somando 260 vagas.<\/p>\n\n\n\n<p><strong>Vagas\/ Cargos e sal\u00e1rio inicial<\/strong><\/p>\n\n\n\n<ul class=\"wp-block-list\"><li><strong>Cargo:&nbsp;<\/strong>Analista e Gestor<\/li><li><strong>Forma\u00e7\u00e3o:&nbsp;<\/strong>N\u00edvel superior<\/li><li><strong>Vagas:<\/strong>&nbsp;260<\/li><li><strong>Sal\u00e1rio:<\/strong>&nbsp;R$4.480,00 e R$6.670,00<\/li><li><strong>Situa\u00e7\u00e3o:<\/strong>&nbsp;Autorizado<\/li><\/ul>\n\n\n\n<h3 class=\"has-background wp-block-heading\" id=\"block-0de898de-304c-4205-a56b-627cb4dea2d8\" style=\"background-color:#ddd6e3\">Concursos Pol\u00edcia Militar<\/h3>\n\n\n\n<h4 class=\"wp-block-heading\" id=\"h-concurso-pm-sc\"><strong><a href=\"https:\/\/www.estrategiaconcursos.com.br\/blog\/concurso-pm-sc\/\" target=\"_blank\" rel=\"noreferrer noopener\">Concurso PM SC<\/a><\/strong><\/h4>\n\n\n\n<p><strong>Perspectivas:&nbsp;<\/strong>A&nbsp;Pol\u00edcia Militar de Santa Catarina&nbsp;(PM SC) informou, ao jornalismo do Estrat\u00e9gia, que um novo concurso \u00e9 previsto para o&nbsp;segundo semestre deste ano.<\/p>\n\n\n\n<p><strong>Vagas\/ Cargos e sal\u00e1rio inicial<\/strong><\/p>\n\n\n\n<ul class=\"wp-block-list\"><li><strong>Cargos:&nbsp;<\/strong>Soldado (previsto)<\/li><li><strong>Forma\u00e7\u00e3o:<\/strong>&nbsp;n\u00edvel superior<\/li><li><strong>N\u00famero<\/strong>&nbsp;<strong>de vagas:<\/strong>&nbsp;a definir<\/li><li><strong>Remunera\u00e7\u00e3o:<\/strong>&nbsp;R$ 3.842,20 (durante curso de forma\u00e7\u00e3o)<\/li><li><strong>Situa\u00e7\u00e3o<\/strong>:&nbsp;Previsto para 2\u00ba semestre<\/li><\/ul>\n\n\n\n<h4 class=\"wp-block-heading\" id=\"block-1d384061-6002-4bc4-b5f6-bd63176e4d45\"><strong><a href=\"https:\/\/www.estrategiaconcursos.com.br\/blog\/concurso-pm-ro\/\" target=\"_blank\" rel=\"noreferrer noopener\">Concurso PM RO<\/a><\/strong><\/h4>\n\n\n\n<p id=\"block-a097b5aa-5ee8-4ee9-8c16-8fdaf98d8ed7\"><strong>Perspectivas:&nbsp;<\/strong>O novo concurso PM RO foi autorizado com 20 vagas para Oficial Combatente.<\/p>\n\n\n\n<ul class=\"wp-block-list\" id=\"block-de25252b-06ef-4c9b-bce8-deccea1f4e44\"><li><strong>Cargos:&nbsp;<\/strong>oficial combatente<\/li><li><strong>Escolaridade:<\/strong>&nbsp;superior<\/li><li><strong>N\u00famero de vagas:&nbsp;<\/strong>20<\/li><li><strong>Remunera\u00e7\u00e3o:&nbsp;<\/strong>R$ 3.100,00 a R$ 4.793,93<\/li><li><strong>Situa\u00e7\u00e3o:<\/strong>&nbsp;comiss\u00e3o formada<\/li><\/ul>\n\n\n\n<h4 class=\"wp-block-heading\" id=\"block-674737f8-35a0-4e2a-94c5-d15f5a3d43b6\"><strong><a href=\"https:\/\/www.estrategiaconcursos.com.br\/blog\/concurso-pm-ce\/\" target=\"_blank\" rel=\"noreferrer noopener\">Concurso PM CE<\/a><\/strong><\/h4>\n\n\n\n<p id=\"block-c245f9f4-aab7-42b9-8a92-df0cf17173a5\"><strong>Perspectivas:<\/strong>&nbsp;O novo concurso PM CE ofertar\u00e1 2.200 vagas em dois editais, previstos para 2021 e 2022, respectivamente.<\/p>\n\n\n\n<ul class=\"wp-block-list\" id=\"block-9f929b81-a327-4df0-a57f-d404554eb8d7\"><li><strong>Cargos:&nbsp;<\/strong>oficial e soldado<\/li><li><strong>Escolaridade:<\/strong>&nbsp;superior<\/li><li><strong>N\u00famero de vagas:&nbsp;<\/strong>2.200<\/li><li><strong>Remunera\u00e7\u00e3o:&nbsp;<\/strong>R$ 3.885,44 (soldado) e R$ 5.950,00 (oficial)<\/li><li><strong>Situa\u00e7\u00e3o:<\/strong>&nbsp;Banca para soldado (FGV) | Banca para oficial (Vunesp)<\/li><\/ul>\n\n\n\n<h4 class=\"wp-block-heading\" id=\"block-59202a5a-37d3-4381-8c4d-825d732492e8\"><a href=\"https:\/\/www.estrategiaconcursos.com.br\/blog\/concurso-pmdf-2018\/\" target=\"_blank\" rel=\"noreferrer noopener\"><strong>Concurso PMDF<\/strong><\/a><\/h4>\n\n\n\n<p id=\"block-a705123f-f10f-4c0e-93ec-3e41dd3bf6af\"><strong>Perspectivas:<\/strong>&nbsp;A assessoria de comunica\u00e7\u00e3o da Pol\u00edcia Militar do Distrito Federal confirmou que solicitou autoriza\u00e7\u00e3o para realizar um novo concurso PMDF em 2021, com 2.100 vagas para o cargo de Soldado.<\/p>\n\n\n\n<ul class=\"wp-block-list\" id=\"block-a6bb4b30-b970-43a7-bde1-7d332b2ce6c7\"><li><strong>Cargos:<\/strong>&nbsp;soldado<\/li><li><strong>Escolaridade:<\/strong>&nbsp;superior<\/li><li><strong>N\u00famero de vagas:&nbsp;<\/strong>2.100<\/li><li><strong>Remunera\u00e7\u00e3o:&nbsp;<\/strong>R$ 6.500,00<\/li><li><strong>Situa\u00e7\u00e3o:<\/strong>&nbsp;Previsto para 2021<\/li><\/ul>\n\n\n\n<h4 class=\"wp-block-heading\" id=\"block-8e8278ad-8748-4288-9a54-fbf8433a40b6\"><strong><a href=\"https:\/\/www.estrategiaconcursos.com.br\/blog\/concurso-pm-rn\/\" target=\"_blank\" rel=\"noreferrer noopener\">Concurso PM RN<\/a><\/strong><\/h4>\n\n\n\n<p id=\"block-760ca988-6d92-468c-a471-6cd4f6a19ee7\"><strong>Perspectivas:&nbsp;<\/strong>211 vagas poder\u00e3o ser ofertadas no novo concurso PM RN voltado \u00e0 \u00e1rea da Sa\u00fade cuja comiss\u00e3o est\u00e1 formada.<\/p>\n\n\n\n<ul class=\"wp-block-list\" id=\"block-c9055d9a-8705-4e7f-865c-b8b4fe033d60\"><li><strong>Cargos:<\/strong>&nbsp;oficial e pra\u00e7as da sa\u00fade<\/li><li><strong>Escolaridade:<\/strong>&nbsp;superior<\/li><li><strong>N\u00famero de vagas:&nbsp;<\/strong>211 previstas<\/li><li><strong>Remunera\u00e7\u00e3o:&nbsp;<\/strong>a definir<\/li><li><strong>Situa\u00e7\u00e3o:<\/strong>&nbsp;Comiss\u00e3o formada<\/li><\/ul>\n\n\n\n<h4 class=\"wp-block-heading\" id=\"block-c0846817-fb82-40dd-a544-3e9de7c861e7\"><strong><a href=\"https:\/\/www.estrategiaconcursos.com.br\/blog\/concurso-pm-go\/\" target=\"_blank\" rel=\"noreferrer noopener\">Concurso PM GO<\/a><\/strong><\/h4>\n\n\n\n<p id=\"block-d18551d5-165d-4d4f-bf78-f3b329cea6fd\"><strong>Perspectivas:&nbsp;<\/strong>O Instituto AOCP ser\u00e1 banca organizadora do pr\u00f3ximo concurso PM GO. O edital deve ser publicado em breve!<\/p>\n\n\n\n<ul class=\"wp-block-list\" id=\"block-dc8494e6-b64e-4951-b192-b4e946bd0cad\"><li><strong>Cargos:<\/strong>&nbsp;soldado e cadete<\/li><li><strong>Escolaridade:<\/strong>&nbsp;m\u00e9dio e superior<\/li><li><strong>N\u00famero de vagas:&nbsp;<\/strong>2.000<\/li><li><strong>Remunera\u00e7\u00e3o:&nbsp;<\/strong>R$ 3.202,60 a R$ 5.401,43<\/li><li><strong>Situa\u00e7\u00e3o:<\/strong>&nbsp;Banca definida (Instituto AOCP)<\/li><\/ul>\n\n\n\n<h4 class=\"wp-block-heading\" id=\"block-e3f47ebc-189c-43ea-8053-23fffeae3da1\"><strong><a href=\"https:\/\/www.estrategiaconcursos.com.br\/blog\/concurso-pm-am\/\" target=\"_blank\" rel=\"noreferrer noopener\">Concurso PM AM<\/a><\/strong><\/h4>\n\n\n\n<p id=\"block-2a51caa2-ec05-49a6-a693-16dd75c5a6f6\"><strong>Perspectivas:<\/strong>&nbsp;O governador do Amazonas, Wilson Lima, criou a comiss\u00e3o de acompanhamento do concurso PM AM. O edital ofertar\u00e1 1.350 para Soldado e Oficial.<\/p>\n\n\n\n<ul class=\"wp-block-list\" id=\"block-4e9fc644-3d82-4a6b-959b-37d9fadb2112\"><li><strong>Cargos:<\/strong>&nbsp;Soldado e Oficial<\/li><li><strong>Escolaridade:<\/strong>&nbsp;a definir<\/li><li><strong>N\u00famero de vagas:&nbsp;<\/strong>1.350<\/li><li><strong>Remunera\u00e7\u00e3o:&nbsp;<\/strong>R$2.657,28 e R$7.180,34<\/li><li><strong>Situa\u00e7\u00e3o:<\/strong>&nbsp;Comiss\u00e3o criada<\/li><\/ul>\n\n\n\n<h4 class=\"wp-block-heading\" id=\"block-6ab218a1-bb19-4779-b8cd-842ed85e843a\"><a href=\"https:\/\/www.estrategiaconcursos.com.br\/blog\/concurso-pm-acre\/\" target=\"_blank\" rel=\"noreferrer noopener\"><strong>Concurso PM AC<\/strong><\/a><\/h4>\n\n\n\n<p id=\"block-81928060-e75c-4121-81c2-73eb9d924cc6\"><strong>Perspectivas<\/strong>: A comiss\u00e3o foi constitu\u00edda para realizar proposta para realiza\u00e7\u00e3o de concursos para Seguran\u00e7a P\u00fablica do Acre.<\/p>\n\n\n\n<ul class=\"wp-block-list\" id=\"block-866a8eb3-309a-475a-8d20-3cc19a3e0f2f\"><li><strong>Cargos:<\/strong>&nbsp;Soldado<\/li><li><strong>Escolaridade:<\/strong>&nbsp;m\u00e9dio<\/li><li><strong>N\u00famero de vagas:&nbsp;<\/strong>230<\/li><li><strong>Remunera\u00e7\u00e3o:&nbsp;<\/strong>a definir<\/li><li><strong>Situa\u00e7\u00e3o:<\/strong>&nbsp;comiss\u00e3o integrada formada<\/li><\/ul>\n\n\n\n<h4 class=\"wp-block-heading\" id=\"block-0bdfa18d-f516-45d4-ab13-282fb67a9f7c\"><strong><a href=\"https:\/\/www.estrategiaconcursos.com.br\/blog\/concurso-pm-to\/\" target=\"_blank\" rel=\"noreferrer noopener\">Concurso PM TO<\/a><\/strong><\/h4>\n\n\n\n<p id=\"block-21e538af-0465-40d6-9c46-cc29a9cc0614\"><strong>Perspectivas:&nbsp;<\/strong>Foi autorizado e definida a comiss\u00e3o do novo concurso PM TO para Oficial, com previs\u00e3o de 30 vagas!<\/p>\n\n\n\n<ul class=\"wp-block-list\" id=\"block-22da7f48-08aa-405f-ac9e-8cba5bba82a3\"><li><strong>Cargos:<\/strong>&nbsp;Oficial<\/li><li><strong>Escolaridade:<\/strong>&nbsp;m\u00e9dio<\/li><li><strong>N\u00famero de vagas:&nbsp;<\/strong>30 previstas<\/li><li><strong>Remunera\u00e7\u00e3o:&nbsp;<\/strong>R$ 4.499,52<\/li><li><strong>Situa\u00e7\u00e3o:<\/strong>&nbsp;Comiss\u00e3o formada<\/li><\/ul>\n\n\n\n<h3 class=\"has-background wp-block-heading\" id=\"block-adf51cd4-b39a-478d-ac1b-2c1c910f737a\" style=\"background-color:#ddd6e3\">Concursos Bombeiros<\/h3>\n\n\n\n<h4 class=\"wp-block-heading\" id=\"block-0ae73961-d46e-4ae6-9e78-9d86ec69aafb\"><strong><a href=\"https:\/\/www.estrategiaconcursos.com.br\/blog\/concurso-bombeiro-am\/\" target=\"_blank\" rel=\"noreferrer noopener\">Concursos Bombeiros AM<\/a><\/strong><\/h4>\n\n\n\n<p id=\"block-f6911bef-7390-4f3b-91d8-68960e4ac41b\"><strong>Perspectivas:<\/strong>&nbsp;O governador do Amazonas, Wilson Lima, anunciou a comiss\u00e3o de acompanhamento do concurso Bombeiros AM.<\/p>\n\n\n\n<ul class=\"wp-block-list\" id=\"block-9ed1cfe8-12db-4f71-b885-86c13bde7f53\"><li><strong>Cargos:<\/strong>&nbsp;Soldado e Oficial<\/li><li><strong>Forma\u00e7\u00e3o:<\/strong>&nbsp;m\u00e9dio e superior<\/li><li><strong>Vagas:&nbsp;<\/strong>453<\/li><li><strong>Sal\u00e1rio:&nbsp;<\/strong>R$ 2.657,28 a R$ 7.180, 34<\/li><li><strong>Situa\u00e7\u00e3o:<\/strong>&nbsp;Comiss\u00e3o formada<\/li><\/ul>\n\n\n\n<h4 class=\"wp-block-heading\" id=\"block-0ae73961-d46e-4ae6-9e78-9d86ec69aafb\"><strong><a href=\"https:\/\/www.estrategiaconcursos.com.br\/blog\/concurso-bombeiros-ro\/\" target=\"_blank\" rel=\"noreferrer noopener\">Concursos Bombeiros RO<\/a><\/strong><\/h4>\n\n\n\n<p id=\"block-f6911bef-7390-4f3b-91d8-68960e4ac41b\"><strong>Perspectivas:<\/strong>&nbsp;O novo concurso PM RO est\u00e1 oficialmente autorizado.<\/p>\n\n\n\n<ul class=\"wp-block-list\" id=\"block-9ed1cfe8-12db-4f71-b885-86c13bde7f53\"><li><strong>Cargos:<\/strong>&nbsp;Oficial combatente e quadro complementar<\/li><li><strong>Escolaridade:<\/strong>&nbsp;m\u00e9dio e superior<\/li><li><strong>N\u00famero de vagas:&nbsp;<\/strong>08<\/li><li><strong>Remunera\u00e7\u00e3o:&nbsp;<\/strong>a definir<\/li><li><strong>Situa\u00e7\u00e3o:<\/strong>&nbsp;Autorizado<\/li><\/ul>\n\n\n\n<h4 class=\"wp-block-heading\" id=\"h-concurso-bombeiro-pb\"><a href=\"https:\/\/www.estrategiaconcursos.com.br\/blog\/concurso-bombeiro-pb\/\" target=\"_blank\" rel=\"noreferrer noopener\"><strong>Concurso Bombeiro PB<\/strong><\/a><\/h4>\n\n\n\n<p><strong>Perspectivas:<\/strong>&nbsp;Novo edital do concurso Bombeiro PB j\u00e1 tem comiss\u00e3o formada. Sele\u00e7\u00e3o ser\u00e1 atrav\u00e9s do Enem.<\/p>\n\n\n\n<ul class=\"wp-block-list\" id=\"block-229a7a89-e499-4cad-9172-aacccec33cd4\"><li><strong>Cargos:&nbsp;<\/strong>Oficial<\/li><li><strong>Escolaridade<\/strong>: N\u00edvel superior<\/li><li><strong>N\u00famero de vagas<\/strong>:&nbsp;a definir<\/li><li><strong>Remunera\u00e7\u00e3o:<\/strong>&nbsp;&nbsp;R$ 6.061,00<\/li><li><strong>Situa\u00e7\u00e3o:<\/strong>&nbsp;a definir<\/li><\/ul>\n\n\n\n<h4 class=\"wp-block-heading\" id=\"h-concurso-bombeiros-mg\"><strong><a href=\"https:\/\/www.estrategiaconcursos.com.br\/blog\/concurso-bombeiros-mg\/\" target=\"_blank\" rel=\"noreferrer noopener\">Concurso Bombeiros MG<\/a><\/strong><\/h4>\n\n\n\n<p><strong>Perspectivas:<\/strong>&nbsp;Quantatitivo de vagas foi reajustado, agora, ser\u00e3o ofertadas 166 vagas. Edital previsto para agosto.<\/p>\n\n\n\n<ul class=\"wp-block-list\" id=\"block-71b64bfe-8d59-4f22-a7ee-a83c227da9ec\"><li><strong>Cargos:&nbsp;<\/strong>Soldado e Oficial<\/li><li><strong>Escolaridade<\/strong>: N\u00edvel m\u00e9dio<\/li><li><strong>N\u00famero de vagas<\/strong>:&nbsp;166<\/li><li><strong>Remunera\u00e7\u00e3o:<\/strong>&nbsp;R$ 3.506,40 a R$ 4.098,42<\/li><li><strong>Situa\u00e7\u00e3o:<\/strong>&nbsp;autorizado<\/li><\/ul>\n\n\n\n<h4 class=\"wp-block-heading\" id=\"block-edbb2716-8017-46c3-b451-d317ed95c98a\"><strong><a href=\"https:\/\/www.estrategiaconcursos.com.br\/blog\/concurso-bombeiro-pa\/\" target=\"_blank\" rel=\"noreferrer noopener\">Concurso Bombeiro PA<\/a><\/strong><\/h4>\n\n\n\n<p id=\"block-e84407c3-8a71-462c-9162-16db24021f9a\"><strong>Perspectivas:<\/strong>&nbsp;Novo edital do concurso Bombeiro PA j\u00e1 tem comiss\u00e3o formada. Certame ofertar\u00e1 405 vagas!<\/p>\n\n\n\n<ul class=\"wp-block-list\" id=\"block-343533b2-13e8-43a3-83b4-73335a54c71a\"><li><strong>Cargos:<\/strong>&nbsp;soldado<\/li><li><strong>Escolaridade:<\/strong>&nbsp;m\u00e9dio<\/li><li><strong>N\u00famero de vagas:&nbsp;<\/strong>405<\/li><li><strong>Remunera\u00e7\u00e3o:&nbsp;<\/strong>R$ 3.633,85<\/li><li><strong>Situa\u00e7\u00e3o:<\/strong>&nbsp;Comiss\u00e3o formada<\/li><\/ul>\n\n\n\n<h4 class=\"wp-block-heading\" id=\"block-2f6af15f-c2c1-4b6c-b79b-921e8195eb6b\"><strong><a href=\"https:\/\/www.estrategiaconcursos.com.br\/blog\/concurso-bombeiro-ce\/\" target=\"_blank\" rel=\"noreferrer noopener\">Concurso Bombeiros CE<\/a><\/strong><\/h4>\n\n\n\n<p id=\"block-154caea9-f79f-42f4-bc07-fce8172eb965\"><strong>Perspectivas:<\/strong>&nbsp;Um novo concurso Bombeiro CE est\u00e1 previsto para 2021.<\/p>\n\n\n\n<ul class=\"wp-block-list\" id=\"block-e690eff3-c0ab-4a7d-a542-3a7c861a252b\"><li><strong>Cargos:<\/strong>&nbsp;soldado<\/li><li><strong>Escolaridade:<\/strong>&nbsp;m\u00e9dio<\/li><li><strong>N\u00famero de vagas:&nbsp;<\/strong>210<\/li><li><strong>Remunera\u00e7\u00e3o:&nbsp;<\/strong>a definir<\/li><li><strong>Situa\u00e7\u00e3o:<\/strong>&nbsp;Anunciado<\/li><\/ul>\n\n\n\n<h4 class=\"wp-block-heading\" id=\"block-2f6af15f-c2c1-4b6c-b79b-921e8195eb6b\"><a href=\"https:\/\/www.estrategiaconcursos.com.br\/blog\/concurso-bombeiro-acre\/\" target=\"_blank\" rel=\"noreferrer noopener\"><strong>Concurso Bombeiros AC<\/strong><\/a><\/h4>\n\n\n\n<p id=\"block-154caea9-f79f-42f4-bc07-fce8172eb965\"><strong>Perspectivas:<\/strong>&nbsp;Em 2017, o ent\u00e3o governador anunciou a realiza\u00e7\u00e3o de um novo concurso para o Corpo de Bombeiros do Acre, com vagas para o cargo de Soldado.<\/p>\n\n\n\n<ul class=\"wp-block-list\" id=\"block-e690eff3-c0ab-4a7d-a542-3a7c861a252b\"><li><strong>Cargos:<\/strong>&nbsp;soldado<\/li><li><strong>Escolaridade:<\/strong>&nbsp;superior<\/li><li><strong>N\u00famero de vagas:&nbsp;<\/strong>a definir<\/li><li><strong>Remunera\u00e7\u00e3o:&nbsp;<\/strong>R$ 4.344,22<\/li><li><strong>Situa\u00e7\u00e3o:<\/strong>&nbsp;Comiss\u00e3o formada<\/li><\/ul>\n\n\n\n<h3 class=\"has-background wp-block-heading\" id=\"block-714ea524-95e1-4352-aef7-9a888136ca93\" style=\"background-color:#ddd6e3\">Concursos CGM<\/h3>\n\n\n\n<h4 class=\"wp-block-heading\" id=\"h-concurso-guarda-de-palmas-to\"><strong><a href=\"https:\/\/www.estrategiaconcursos.com.br\/blog\/concurso-guarda-de-palmas\/\" target=\"_blank\" rel=\"noreferrer noopener\">Concurso Guarda de Palmas TO<\/a><\/strong><\/h4>\n\n\n\n<p><strong>Perspectivas:<\/strong>&nbsp;Vunesp ser\u00e1 banca organizadora do pr\u00f3ximo concurso Guarda de Palmas. 50 vagas previstas!<\/p>\n\n\n\n<p><strong>Vagas\/ Cargos e sal\u00e1rio inicial<\/strong><\/p>\n\n\n\n<ul class=\"wp-block-list\"><li><strong>Cargo:<\/strong>&nbsp;Guarda Municipal<\/li><li><strong>Escolaridade<\/strong>:&nbsp;N\u00edvel m\u00e9dio<\/li><li><strong>N\u00famero de vagas<\/strong>:&nbsp;50<\/li><li><strong>Remunera\u00e7\u00e3o:<\/strong>&nbsp;a definir<\/li><li><strong>Status:<\/strong>&nbsp;banca definida<\/li><\/ul>\n\n\n\n<h4 class=\"wp-block-heading\" id=\"block-1248b71e-e2f6-4044-9bc1-7f64ef87edd5\"><strong><a href=\"https:\/\/www.estrategiaconcursos.com.br\/blog\/comissao-do-concurso-guarda-municipal-de-sao-luis-ma-e-definida\/\" target=\"_blank\" rel=\"noreferrer noopener\">Concurso Guarda Municipal de S\u00e3o Lu\u00eds MA<\/a><\/strong><\/h4>\n\n\n\n<p id=\"block-4674824c-8b32-41d9-b05d-dc69a04b876d\"><strong>Perspectiva<\/strong>: O pr\u00f3ximo concurso Guarda Municipal de S\u00e3o Lu\u00eds MA, ainda sem quantitativo de vagas e cargos definidos, teve a comiss\u00e3o definida. O pr\u00f3ximo passo \u00e9 a escolha da banca organizadora do certame.<\/p>\n\n\n\n<ul class=\"wp-block-list\" id=\"block-86e8ae7f-d374-4972-a111-8d1b90c8969e\"><li><strong>Cargos:<\/strong>&nbsp;guarda municipal<\/li><li><strong>Escolaridade:<\/strong>&nbsp;m\u00e9dio<\/li><li><strong>N\u00famero de vagas:&nbsp;<\/strong>a definir<\/li><li><strong>Remunera\u00e7\u00e3o:&nbsp;<\/strong>a definir<\/li><li><strong>Situa\u00e7\u00e3o:<\/strong>&nbsp;Comiss\u00e3o formada<\/li><\/ul>\n\n\n\n<h3 class=\"has-background wp-block-heading\" id=\"block-7577c667-9e34-4344-9eb8-664e006dfeed\" style=\"background-color:#ddd6e3\">Concursos Agente Penitenci\u00e1rio<\/h3>\n\n\n\n<h4 class=\"wp-block-heading\" id=\"block-b19b4d81-2e0b-4f91-bb51-f49ebc2ae7fa\"><a href=\"https:\/\/www.estrategiaconcursos.com.br\/blog\/concurso-fundase-rn\/\" target=\"_blank\" rel=\"noreferrer noopener\">Concurso Fundase RN<\/a><\/h4>\n\n\n\n<p id=\"block-b19b4d81-2e0b-4f91-bb51-f49ebc2ae7fa\"><strong>Perspectiva<\/strong>: O concurso Fundase RN dever\u00e1 ter um novo edital publicado at\u00e9 dezembro de 2021. O certame tem comiss\u00e3o formada e est\u00e1 em processo de escolha da banca.<\/p>\n\n\n\n<ul class=\"wp-block-list\" id=\"block-18f1ba98-750a-4ac8-b99d-38754adda453\"><li><strong>Cargos:<\/strong>&nbsp;Agente Socioeducativo, Analista Socioeducativo e Analista Socioeducativo<\/li><li><strong>Escolaridade:<\/strong>&nbsp;m\u00e9dio e superior<\/li><li><strong>N\u00famero de vagas:&nbsp;<\/strong>741<\/li><li><strong>Remunera\u00e7\u00e3o:<\/strong>&nbsp;R$ 1.899,83 a R$ 3.041,69<\/li><li><strong>Situa\u00e7\u00e3o:<\/strong>&nbsp;Comiss\u00e3o formada<\/li><\/ul>\n\n\n\n<h4 class=\"wp-block-heading\" id=\"block-b19b4d81-2e0b-4f91-bb51-f49ebc2ae7fa\"><a href=\"https:\/\/www.estrategiaconcursos.com.br\/blog\/concurso-fase-rs\/\" target=\"_blank\" rel=\"noreferrer noopener\">Concurso FASE RS<\/a><\/h4>\n\n\n\n<p id=\"block-b19b4d81-2e0b-4f91-bb51-f49ebc2ae7fa\"><strong>Perspectiva<\/strong>: Um novo concurso FASE RS poder\u00e1 ser realizado ainda em 2021. O certame tem comiss\u00e3o formada e est\u00e1 em processo de escolha da banca.<\/p>\n\n\n\n<ul class=\"wp-block-list\" id=\"block-18f1ba98-750a-4ac8-b99d-38754adda453\"><li><strong>Cargos:<\/strong>&nbsp;a definir<\/li><li><strong>Escolaridade:<\/strong>&nbsp;a definir<\/li><li><strong>N\u00famero de vagas:&nbsp;<\/strong>a definir<\/li><li><strong>Remunera\u00e7\u00e3o:<\/strong>&nbsp;a definir<\/li><li><strong>Situa\u00e7\u00e3o:<\/strong>&nbsp;Comiss\u00e3o formada<\/li><\/ul>\n\n\n\n<h4 class=\"wp-block-heading\" id=\"block-b19b4d81-2e0b-4f91-bb51-f49ebc2ae7fa\"><a href=\"https:\/\/www.estrategiaconcursos.com.br\/blog\/concurso-sejusp-ms\/\" target=\"_blank\" rel=\"noreferrer noopener\">Concurso Sejusp MS<\/a><\/h4>\n\n\n\n<p id=\"block-b19b4d81-2e0b-4f91-bb51-f49ebc2ae7fa\"><strong>Perspectiva<\/strong>: O concurso deve ocorrer em 2021. Isso porque, em reuni\u00e3o com o Secret\u00e1rio de Seguran\u00e7a, Ant\u00f4nio Carlos Videira, foi colocado em pauta a realiza\u00e7\u00e3o de um novo concurso para ampliar o efetivo da Sejusp.<\/p>\n\n\n\n<ul class=\"wp-block-list\" id=\"block-18f1ba98-750a-4ac8-b99d-38754adda453\"><li><strong>Cargos:<\/strong>&nbsp;a definir<\/li><li><strong>Escolaridade:<\/strong>&nbsp;a definir<\/li><li><strong>N\u00famero de vagas:&nbsp;<\/strong>a definir<\/li><li><strong>Remunera\u00e7\u00e3o:<\/strong>&nbsp;a definir<\/li><li><strong>Situa\u00e7\u00e3o:<\/strong>&nbsp;Previsto para 2021<\/li><\/ul>\n\n\n\n<h4 class=\"wp-block-heading\" id=\"block-81d0727b-12f6-4ee7-9914-6e9defa5b735\"><strong><a href=\"https:\/\/www.estrategiaconcursos.com.br\/blog\/concurso-seas-ce\/\" target=\"_blank\" rel=\"noreferrer noopener\">Concurso SEAS CE<\/a><\/strong><\/h4>\n\n\n\n<p id=\"block-26c8b2b9-8073-4f21-866c-39686ea8db5c\"><strong>Perspectivas:<\/strong>&nbsp;A FUNECE ser\u00e1 banca organizadora do pr\u00f3ximo concurso SEAS CE para tempor\u00e1rios. Edital pr\u00f3ximo!<\/p>\n\n\n\n<ul class=\"wp-block-list\" id=\"block-20f1317c-65db-4adb-8937-f6283bc0d98d\"><li><strong>Cargos:<\/strong>&nbsp;Socioeducador<\/li><li><strong>Escolaridade:<\/strong>&nbsp;m\u00e9dio<\/li><li><strong>N\u00famero de vagas:&nbsp;<\/strong>173 + CR<\/li><li><strong>Remunera\u00e7\u00e3o:&nbsp;<\/strong>a definir<\/li><li><strong>Situa\u00e7\u00e3o:<\/strong>&nbsp;Banca definida<\/li><\/ul>\n\n\n\n<h4 class=\"wp-block-heading\" id=\"h-concurso-seres-pe\"><strong><a href=\"https:\/\/www.estrategiaconcursos.com.br\/blog\/concurso-seres-pe\/\" target=\"_blank\" rel=\"noreferrer noopener\">Concurso SERES PE<\/a><\/strong><\/h4>\n\n\n\n<p><strong>Perspectiva:<\/strong>&nbsp;O secret\u00e1rio de seguran\u00e7a p\u00fablica do estado de Pernambuco, Pedro Eurico, confirmou que o governo do estado autorizou um novo concurso para a Pol\u00edcia Penal, anteriormente chamado de Agente Penitenci\u00e1rio.<\/p>\n\n\n\n<ul class=\"wp-block-list\" id=\"block-9c8bbfcd-060e-4f69-b9c6-35764cb551ed\"><li><strong>Cargos:<\/strong>&nbsp;agente penitenci\u00e1rio \u2013 Policial Penal<\/li><li><strong>Escolaridade:<\/strong>&nbsp;superior<\/li><li><strong>N\u00famero de vagas:&nbsp;<\/strong>1.000<\/li><li><strong>Remunera\u00e7\u00e3o:&nbsp;<\/strong>R$ 3.872,82<\/li><li><strong>Situa\u00e7\u00e3o:<\/strong>&nbsp;anunciado<\/li><\/ul>\n\n\n\n<h4 class=\"wp-block-heading\" id=\"block-1341cab9-d933-4c25-8814-42ce070ca673\"><a href=\"https:\/\/www.estrategiaconcursos.com.br\/blog\/concurso-agente-penitenciario-mg\/\" target=\"_blank\" rel=\"noreferrer noopener\"><strong>Concurso Pol\u00edcia Penal MG<\/strong><\/a><\/h4>\n\n\n\n<p id=\"block-f3180806-6c2b-46e2-95a9-0dff3ace6dcf\"><strong>Perspectivas:<\/strong>&nbsp;O pr\u00f3ximo concurso Agepen MG, j\u00e1 no \u00e2mbito da Pol\u00edcia Penal, foi autorizado pelo governo de Minas Gerais. A comiss\u00e3o j\u00e1 est\u00e1 formada e a banca definida.<\/p>\n\n\n\n<ul class=\"wp-block-list\" id=\"block-071c5fa1-4ab5-4309-8337-b97f2e43ae6e\"><li><strong>Cargos:<\/strong>&nbsp;policial penal<\/li><li><strong>Escolaridade:<\/strong>&nbsp;m\u00e9dio<\/li><li><strong>N\u00famero de vagas:&nbsp;<\/strong>2.420<\/li><li><strong>Remunera\u00e7\u00e3o:&nbsp;<\/strong>R$ 4.098,00<\/li><li><strong>Situa\u00e7\u00e3o:<\/strong>&nbsp;Banca definida (Instituto Selecon)<\/li><\/ul>\n\n\n\n<h4 class=\"wp-block-heading\" id=\"block-4bfa01f7-a1bf-4460-b3e8-2b75365446e4\"><strong><a href=\"https:\/\/www.estrategiaconcursos.com.br\/blog\/concurso-sesipe-df\/\" target=\"_blank\" rel=\"noreferrer noopener\">Concurso SESIPE DF<\/a><\/strong><\/h4>\n\n\n\n<p id=\"block-5c24cf2d-4559-4a15-9b84-62cca39191db\"><strong>Perspectivas:<\/strong>&nbsp;Foi autorizado um novo concurso com&nbsp;400 vagas imediatas para Agente de Execu\u00e7\u00e3o Penal. Grupo de trabalho formado para contrata\u00e7\u00e3o da banca.<\/p>\n\n\n\n<ul class=\"wp-block-list\" id=\"block-d61b76ff-0c83-4e56-9bf2-d0582a8f3826\"><li><strong>Cargos:<\/strong>&nbsp;agente penitenci\u00e1rio<\/li><li><strong>Escolaridade:<\/strong>&nbsp;superior<\/li><li><strong>N\u00famero de vagas:&nbsp;<\/strong>400 \/ 779 CR<\/li><li><strong>Remunera\u00e7\u00e3o:&nbsp;<\/strong>R$ 4.745,00<\/li><li><strong>Situa\u00e7\u00e3o:<\/strong>&nbsp;Autorizado<\/li><\/ul>\n\n\n\n<h4 class=\"wp-block-heading\" id=\"block-6775bac8-fd8b-4dfe-ab10-27330f6e1ce8\"><strong><a href=\"https:\/\/www.estrategiaconcursos.com.br\/blog\/concurso-iapen-acre\/\" target=\"_blank\" rel=\"noreferrer noopener\">Concurso IAPEN Acre<\/a><\/strong><\/h4>\n\n\n\n<p id=\"block-953e82a1-2bf6-4ae9-b92c-be84adaf0f32\"><strong>Perspectivas:<\/strong>&nbsp;A comiss\u00e3o para a realiza\u00e7\u00e3o do novo concurso IAPEN Acre est\u00e1 formada.<\/p>\n\n\n\n<ul class=\"wp-block-list\" id=\"block-c5ed2cbd-8361-4562-b28e-88b68711416c\"><li><strong>Cargos:<\/strong>&nbsp;a definir<\/li><li><strong>Escolaridade:<\/strong>&nbsp;a definir<\/li><li><strong>N\u00famero de vagas:&nbsp;<\/strong>a definir<\/li><li><strong>Remunera\u00e7\u00e3o:&nbsp;<\/strong>a definir<\/li><li><strong>Situa\u00e7\u00e3o:<\/strong>&nbsp;Comiss\u00e3o formada<\/li><\/ul>\n\n\n\n<h3 class=\"has-background wp-block-heading\" id=\"block-a6890a6b-87ce-4af5-a150-c8f9022c6696\" style=\"background-color:#ddd6e3\">Concursos DETRANs<\/h3>\n\n\n\n<h4 class=\"wp-block-heading\" id=\"block-2be837c5-81c6-4ba7-94ef-65f90a3aea0f\"><a href=\"https:\/\/www.estrategiaconcursos.com.br\/blog\/concurso-detran-am\/\" target=\"_blank\" rel=\"noreferrer noopener\"><strong>Concurso Detran&nbsp;<\/strong>AM<\/a><\/h4>\n\n\n\n<p id=\"block-310ed877-a172-4395-ab73-65a253ca49b2\"><strong>Perspectivas:<\/strong>&nbsp;O governador do Amazonas criou a comiss\u00e3o de acompanhamento do pr\u00f3ximo concurso Detran AM.<\/p>\n\n\n\n<ul class=\"wp-block-list\" id=\"block-c23382df-4f9a-4d82-9384-0b1cbcb3e054\"><li><strong>Cargos:<\/strong>&nbsp;a definir<\/li><li><strong>Escolaridade:<\/strong>&nbsp;m\u00e9dio e superior<\/li><li><strong>N\u00famero de vagas:&nbsp;<\/strong>210<\/li><li><strong>Remunera\u00e7\u00e3o:&nbsp;<\/strong>a definir<\/li><li><strong>Situa\u00e7\u00e3o:<\/strong>&nbsp;comiss\u00e3o criadda<\/li><\/ul>\n\n\n\n<h3 class=\"has-background wp-block-heading\" id=\"block-5d8f1996-a094-441c-bc5e-77523d860124\" style=\"background-color:#ddd6e3\">Concursos de Pol\u00edcia Cient\u00edfica e Forense<\/h3>\n\n\n\n<h4 class=\"wp-block-heading\" id=\"block-5f4ae58f-921a-44c3-a3e5-84217589d9e9\"><strong><a href=\"https:\/\/www.estrategiaconcursos.com.br\/blog\/concurso-igp-sc\/\" target=\"_blank\" rel=\"noreferrer noopener\">Concurso IGP SC<\/a><\/strong><\/h4>\n\n\n\n<p id=\"block-b6966756-2c1f-4bf7-93ed-2b1319ccd0df\"><strong>Perspectivas:<\/strong>&nbsp;Est\u00e1 formada a comiss\u00e3o do novo concurso IGP SC.<\/p>\n\n\n\n<ul class=\"wp-block-list\" id=\"block-adcc751a-94dc-460b-9619-5b04a68c1478\"><li><strong>Cargo:&nbsp;<\/strong>Auxiliar de Medicina-Legal<\/li><li><strong>Escolaridade:<\/strong>&nbsp;m\u00e9dio<\/li><li><strong>N\u00famero de vagas:&nbsp;<\/strong>70<\/li><li><strong>Remunera\u00e7\u00e3o:&nbsp;<\/strong>a definir<\/li><li><strong>Situa\u00e7\u00e3o:<\/strong>&nbsp;comiss\u00e3o formada<\/li><\/ul>\n\n\n\n<h2 class=\"has-background wp-block-heading\" id=\"h-concursos-rea-da-educa-o\" style=\"background-color:#ddd6e3\">Concursos \u00c1rea da Educa\u00e7\u00e3o<\/h2>\n\n\n\n<h4 class=\"wp-block-heading\" id=\"h-concurso-undf\"><a href=\"https:\/\/www.estrategiaconcursos.com.br\/blog\/concurso-undf\/\" target=\"_blank\" rel=\"noreferrer noopener\"><strong>Concurso UnDF<\/strong><\/a><\/h4>\n\n\n\n<p><strong>Perspectivas:<\/strong>&nbsp;O&nbsp;Governador do Distrito Federal, Ibaneis Rocha, sancionou o&nbsp;PLC 34\/2020, que prev\u00ea a&nbsp;cria\u00e7\u00e3o da&nbsp;Universidade do Distrito Federal (UnDF). A sele\u00e7\u00e3o&nbsp;ofertar\u00e1&nbsp;aos candidatos&nbsp;3,5 mil vagas.&nbsp;De acordo com o governador, o edital ser\u00e1 publicado em&nbsp;agosto de 2021.<\/p>\n\n\n\n<ul class=\"wp-block-list\" id=\"block-85613333-5ef2-449f-982a-705e464f8ee8\"><li><strong>Cargos:<\/strong>&nbsp;a definir<\/li><li><strong>Escolaridade:<\/strong>&nbsp;a definir<\/li><li><strong>N\u00famero de vagas:&nbsp;<\/strong>&nbsp;3,5 mil<\/li><li><strong>Remunera\u00e7\u00e3o:<\/strong>&nbsp;a definir<\/li><li><strong>Situa\u00e7\u00e3o:<\/strong>&nbsp;Cria\u00e7\u00e3o sancionada<\/li><\/ul>\n\n\n\n<h4 class=\"wp-block-heading\" id=\"h-concurso-sme-olinda-pe\"><a href=\"https:\/\/www.estrategiaconcursos.com.br\/blog\/concurso-sme-olinda-pe\/\" target=\"_blank\" rel=\"noreferrer noopener\">Concurso SME OLINDA PE<\/a><\/h4>\n\n\n\n<p><strong>Perspectivas:<\/strong>&nbsp;O prefeito de Olinda-PE, Professor Lup\u00e9rcio, designou a&nbsp;comiss\u00e3o que vai elaborar todo planejamento do&nbsp;novo concurso SME Olinda PE. Ser\u00e3o&nbsp;200 vagas para professor, mais o cadastro de reserva.<\/p>\n\n\n\n<ul class=\"wp-block-list\" id=\"block-85613333-5ef2-449f-982a-705e464f8ee8\"><li><strong>Cargos:<\/strong>&nbsp;Professor<\/li><li><strong>Escolaridade:<\/strong>&nbsp;n\u00edvel superior<\/li><li><strong>N\u00famero de vagas:&nbsp;<\/strong>&nbsp;200<\/li><li><strong>Remunera\u00e7\u00e3o:<\/strong>&nbsp;R$ 2.164,62<\/li><li><strong>Situa\u00e7\u00e3o:<\/strong>&nbsp;Comiss\u00e3o formada<\/li><\/ul>\n\n\n\n<h4 class=\"wp-block-heading\" id=\"h-concurso-ifce\"><a href=\"https:\/\/www.estrategiaconcursos.com.br\/blog\/concurso-ifce\/\" target=\"_blank\" rel=\"noreferrer noopener\">Concurso IFCE<\/a><\/h4>\n\n\n\n<p><strong>Perspectivas:<\/strong>&nbsp;IDECAN \u00e9 a banca organizadora! Extrato do contrato publicado.&nbsp;O pr\u00f3-reitor do Instituto Federal do Cear\u00e1 afirmou que o \u00f3rg\u00e3o aguarda at\u00e9 a segunda quinzena do m\u00eas de julho&nbsp;para publicar o novo edital do concurso IFCE. \u00c9 prov\u00e1vel que as provas ocorram em outubro ou novembro. &nbsp;<\/p>\n\n\n\n<ul class=\"wp-block-list\" id=\"block-85613333-5ef2-449f-982a-705e464f8ee8\"><li><strong>Cargos:<\/strong>&nbsp;t\u00e9cnico-administrativos e Docentes<\/li><li><strong>Escolaridade:<\/strong>&nbsp;n\u00edvel m\u00e9dio e superior<\/li><li><strong>N\u00famero de vagas:&nbsp;<\/strong>&nbsp;175<\/li><li><strong>Remunera\u00e7\u00e3o:<\/strong>&nbsp;a definir<\/li><li><strong>Situa\u00e7\u00e3o:<\/strong>&nbsp;banca definida (IDECAN)<\/li><\/ul>\n\n\n\n<h4 class=\"wp-block-heading\" id=\"h-concurso-semed-marab\"><a href=\"https:\/\/www.estrategiaconcursos.com.br\/blog\/concurso-semed-maraba\/\">Concurso SEMED Marab\u00e1<\/a><\/h4>\n\n\n\n<p><strong>Perspectivas:<\/strong>&nbsp;O Prefeito Municipal de Marab\u00e1, Sebasti\u00e3o Miranda Filho, instituiu a comiss\u00e3o organizadora do novo concurso SEMED Marab\u00e1.&nbsp;<\/p>\n\n\n\n<ul class=\"wp-block-list\" id=\"block-85613333-5ef2-449f-982a-705e464f8ee8\"><li><strong>Cargos:<\/strong>&nbsp;Cuidador<\/li><li><strong>Escolaridade:<\/strong>&nbsp;n\u00edvel m\u00e9dio<\/li><li><strong>N\u00famero de vagas:&nbsp;<\/strong>50<\/li><li><strong>Remunera\u00e7\u00e3o:<\/strong>&nbsp;a definir<\/li><li><strong>Situa\u00e7\u00e3o:<\/strong>&nbsp;comiss\u00e3o formada<\/li><\/ul>\n\n\n\n<h4 class=\"wp-block-heading\" id=\"h-concurso-seduc-ro\"><a href=\"https:\/\/www.estrategiaconcursos.com.br\/blog\/concurso-seduc-ro\/\">Concurso SEDUC RO<\/a><\/h4>\n\n\n\n<p><strong>Perspectivas:<\/strong>&nbsp;A Secretaria de Estado da Educa\u00e7\u00e3o&nbsp;de Rond\u00f4nia designou seis servidores para comporem a comiss\u00e3o respons\u00e1vel pelo acompanhamento do novo&nbsp;Concurso Seduc RO.<\/p>\n\n\n\n<ul class=\"wp-block-list\" id=\"block-85613333-5ef2-449f-982a-705e464f8ee8\"><li><strong>Cargos:<\/strong>&nbsp;a definir<\/li><li><strong>Escolaridade:<\/strong>&nbsp;a definir<\/li><li><strong>N\u00famero de vagas:&nbsp;<\/strong>a definir<\/li><li><strong>Remunera\u00e7\u00e3o:<\/strong>&nbsp;a definir<\/li><li><strong>Situa\u00e7\u00e3o:<\/strong>&nbsp;comiss\u00e3o formada<\/li><\/ul>\n\n\n\n<h4 class=\"wp-block-heading\" id=\"h-concurso-ueap\"><a href=\"https:\/\/www.estrategiaconcursos.com.br\/blog\/concurso-ueap\/\">Concurso UEAP<\/a><\/h4>\n\n\n\n<p><strong>Perspectivas:<\/strong>&nbsp;A UEAP est\u00e1 com o concurso autorizado. Ser\u00e3o ofertadas 60 vagas para o cargo de professor e 20 para o cargo de t\u00e9cnico-administrativo.<\/p>\n\n\n\n<ul class=\"wp-block-list\" id=\"block-06ddb2fb-9e41-4653-b875-0229f2d51ea1\"><li><strong>Cargos:<\/strong>&nbsp;Professor e t\u00e9cnico-administrativo.<\/li><li><strong>Escolaridade:<\/strong>&nbsp;m\u00e9dio e superior<\/li><li><strong>N\u00famero de vagas:&nbsp;<\/strong>80<\/li><li><strong>Remunera\u00e7\u00e3o:<\/strong>&nbsp;a definir<\/li><li><strong>Situa\u00e7\u00e3o:<\/strong>&nbsp;comiss\u00e3o formada \/ autorizado<\/li><\/ul>\n\n\n\n<h4 class=\"wp-block-heading\" id=\"block-34586ab7-10be-4640-b349-07482b9ffe97\"><a href=\"https:\/\/www.estrategiaconcursos.com.br\/blog\/concurso-seeduc-rj\/\" target=\"_blank\" rel=\"noreferrer noopener\">Concurso SEEDUC RJ<\/a><\/h4>\n\n\n\n<p id=\"block-febc9203-fade-48d2-b99f-5a24c040401a\"><strong>Perspectivas:<\/strong>&nbsp;A&nbsp;Funda\u00e7\u00e3o Ceperj&nbsp;ser\u00e1 a organizadora do novo concurso para a Secretaria de Estado de Educa\u00e7\u00e3o do Rio de Janeiro. Decreto publicado indica redu\u00e7\u00e3o das vagas para 300.<\/p>\n\n\n\n<ul class=\"wp-block-list\" id=\"block-054b8aad-d837-4549-9674-6fc870217eea\"><li><strong>Cargos:<\/strong>&nbsp;Professor<\/li><li><strong>Escolaridade:<\/strong>&nbsp;a definir<\/li><li><strong>N\u00famero de vagas:&nbsp;<\/strong>300<\/li><li><strong>Remunera\u00e7\u00e3o:<\/strong>&nbsp;a definir<\/li><li><strong>Situa\u00e7\u00e3o:<\/strong>&nbsp;banca definida<\/li><\/ul>\n\n\n\n<h4 class=\"wp-block-heading\" id=\"block-f6e507e6-67af-4497-aeea-76255d4c89a2\"><a href=\"https:\/\/www.estrategiaconcursos.com.br\/blog\/processo-seletivo-sedf-professor-temporario\/\" target=\"_blank\" rel=\"noreferrer noopener\"><strong>Processo Seletivo SEDF<\/strong><\/a><\/h4>\n\n\n\n<p><strong>Perspectivas:<\/strong>&nbsp;A Secretaria de Estado de Educa\u00e7\u00e3o do Distrito Federal divulgou o Quadrix como banca organizadora. Nova sele\u00e7\u00e3o autorizada teve composi\u00e7\u00e3o da comiss\u00e3o alterada e trabalhos retomados. PSS de 2018 foi prorrogado por mais um ano.<\/p>\n\n\n\n<ul class=\"wp-block-list\" id=\"block-cf5e7c7b-46b3-41ec-8290-f84a318f9972\"><li><strong>Cargos:<\/strong>&nbsp;Professor<\/li><li><strong>Escolaridade:<\/strong>&nbsp;superior<\/li><li><strong>N\u00famero de vagas:&nbsp;<\/strong>a definir<\/li><li><strong>Remunera\u00e7\u00e3o:<\/strong>&nbsp;2,5 mil<\/li><li><strong>Situa\u00e7\u00e3o:<\/strong>&nbsp;Comiss\u00e3o alterada\/ Banca definida \/ Projeto B\u00e1sico\/ Retomado<\/li><\/ul>\n\n\n\n<h4 class=\"wp-block-heading\" id=\"block-9a4fc854-dd4e-45e2-af7c-f87a34174d69\"><a href=\"https:\/\/www.estrategiaconcursos.com.br\/blog\/concurso-sedf\/\" target=\"_blank\" rel=\"noreferrer noopener\"><strong>Concurso SEDF<\/strong><\/a><\/h4>\n\n\n\n<p id=\"block-3a706819-7f25-42d4-b884-2211090a9e48\"><strong>Perspectivas:<\/strong>&nbsp;Sele\u00e7\u00e3o autorizada! O Secret\u00e1rio de Educa\u00e7\u00e3o divulgou que haver\u00e1 concurso para Professor efetivo em 2021.<\/p>\n\n\n\n<ul class=\"wp-block-list\" id=\"block-3d78b3b2-1daa-4331-8f04-73e175e6b9a8\"><li><strong>Cargos:<\/strong>&nbsp;Professor<\/li><li><strong>Escolaridade:<\/strong>&nbsp;superior<\/li><li><strong>N\u00famero de vagas:&nbsp;<\/strong>superior<\/li><li><strong>Remunera\u00e7\u00e3o:<\/strong>&nbsp;2,5 mil<\/li><li><strong>Situa\u00e7\u00e3o:<\/strong>&nbsp;previsto para 2021<\/li><\/ul>\n\n\n\n<h4 class=\"wp-block-heading\" id=\"block-6b68fc2a-a650-421c-8638-7cba9f60cfeb\"><strong><a href=\"https:\/\/www.estrategiaconcursos.com.br\/blog\/concurso-sme-belo-horizonte-data\/\" target=\"_blank\" rel=\"noreferrer noopener\">SME Belo Horizonte<\/a><\/strong>&nbsp;(MG)<\/h4>\n\n\n\n<p id=\"block-afbda8b9-e543-4157-acec-97f99a958e88\"><strong>Perspectivas<\/strong>: Divulgada a composi\u00e7\u00e3o da comiss\u00e3o formada e tamb\u00e9m o extrato do contrato com o Instituto AOCP, que ser\u00e1 a banca organizadora do concurso.<\/p>\n\n\n\n<ul class=\"wp-block-list\" id=\"block-40cbfc2a-7930-4784-9b27-6b8d4be1e345\"><li><strong>Cargos:<\/strong>&nbsp;Professor de 1\u00b0 e 2\u00b0 ciclos do ensino fundamental e Bibliotec\u00e1rio escolar.<\/li><li><strong>Escolaridade:<\/strong>&nbsp;N\u00edvel Superior<\/li><li><strong>N\u00famero de vagas:&nbsp;<\/strong>22 + CR<\/li><li><strong>Remunera\u00e7\u00e3o:<\/strong>&nbsp;a definir<\/li><li><strong>Situa\u00e7\u00e3o:<\/strong>&nbsp;Banca definida\/comiss\u00e3o constitu\u00edda<\/li><\/ul>\n\n\n\n<h4 class=\"wp-block-heading\" id=\"block-6b68fc2a-a650-421c-8638-7cba9f60cfeb\"><a href=\"https:\/\/www.estrategiaconcursos.com.br\/blog\/concurso-sme-recife\" target=\"_blank\" rel=\"noreferrer noopener\"><strong>Concurso SME Recife<\/strong><\/a>&nbsp;(PE)<\/h4>\n\n\n\n<p id=\"block-afbda8b9-e543-4157-acec-97f99a958e88\"><strong>Perspectivas<\/strong>: Foi autorizado e j\u00e1 possui comiss\u00e3o organizadora formada o novo concurso para a Secretaria Municipal de Educa\u00e7\u00e3o do Recife. Ser\u00e3o ofertadas 1.300 vagas para Professor I e II.<\/p>\n\n\n\n<ul class=\"wp-block-list\" id=\"block-40cbfc2a-7930-4784-9b27-6b8d4be1e345\"><li><strong>Cargos:<\/strong>&nbsp;Professor I e II<\/li><li><strong>Escolaridade:<\/strong>&nbsp;N\u00edvel M\u00e9dio e Superior<\/li><li><strong>N\u00famero de vagas:&nbsp;<\/strong>1.300<\/li><li><strong>Remunera\u00e7\u00e3o:<\/strong>&nbsp;a definir<\/li><li><strong>Situa\u00e7\u00e3o:<\/strong>&nbsp;Comiss\u00e3o constitu\u00edda\/ autorizado \/ vagas definidas<\/li><\/ul>\n\n\n\n<h4 class=\"wp-block-heading\" id=\"block-5727d38f-e6e7-4ddb-8df5-408b531b2be3\"><a href=\"https:\/\/www.estrategiaconcursos.com.br\/blog\/concurso-seed-rr\/\" target=\"_blank\" rel=\"noreferrer noopener\"><strong>Concurso SEED RR<\/strong><\/a><\/h4>\n\n\n\n<p id=\"block-e97e66e7-fe34-4204-a19a-d9afeb09479d\"><strong>Perspectivas:<\/strong>&nbsp;O Idecan \u00e9 a banca do novo concurso que oferta 1.000 vagas para Professor Ind\u00edgena.<\/p>\n\n\n\n<ul class=\"wp-block-list\" id=\"block-f974b958-a8c5-4753-8c4e-b42921963577\"><li><strong>Cargos:<\/strong>&nbsp; Professor Ind\u00edgena<\/li><li><strong>Escolaridade:<\/strong>&nbsp;N\u00edvel Superior<\/li><li><strong>N\u00famero de vagas:&nbsp;<\/strong>1.000<\/li><li><strong>Remunera\u00e7\u00e3o:<\/strong>&nbsp;R$ 1.669,09 a R$ 4.005,82<\/li><li><strong>Situa\u00e7\u00e3o:<\/strong>&nbsp;Comiss\u00e3o formada \/ Banca definida<\/li><\/ul>\n\n\n\n<h4 class=\"wp-block-heading\" id=\"block-5727d38f-e6e7-4ddb-8df5-408b531b2be3\"><strong><a href=\"https:\/\/www.estrategiaconcursos.com.br\/blog\/concurso-seed-ap\/\" target=\"_blank\" rel=\"noreferrer noopener\">Concurso SEED AP<\/a><\/strong><\/h4>\n\n\n\n<p id=\"block-e97e66e7-fe34-4204-a19a-d9afeb09479d\"><strong>Perspectivas:<\/strong>&nbsp;No dia 25 de fevereiro de 2021, o Minist\u00e9rio P\u00fablico do Amap\u00e1 obteve uma senten\u00e7a procedente concedida pela justi\u00e7a em uma ACP que havia proposto, no sentido de obrigar o Governo do Estado a realizar um novo concurso SEED AP, na \u00e1rea educacional, em 180 dias.<\/p>\n\n\n\n<ul class=\"wp-block-list\" id=\"block-f974b958-a8c5-4753-8c4e-b42921963577\"><li><strong>Cargos:<\/strong>&nbsp;Professor (prov\u00e1vel)<\/li><li><strong>Escolaridade:<\/strong>&nbsp;N\u00edvel M\u00e9dio e Superior<\/li><li><strong>N\u00famero de vagas:&nbsp;<\/strong>a definir<\/li><li><strong>Remunera\u00e7\u00e3o:<\/strong>&nbsp;a definir<\/li><li><strong>Situa\u00e7\u00e3o:<\/strong>&nbsp;Requerido<\/li><\/ul>\n\n\n\n<h4 class=\"wp-block-heading\" id=\"block-25b8b240-6913-46b3-a98d-b1cacc981b36\"><strong><a href=\"https:\/\/www.estrategiaconcursos.com.br\/blog\/concurso-see-pb\" target=\"_blank\" rel=\"noreferrer noopener\">Concurso SEE PB<\/a><\/strong><\/h4>\n\n\n\n<p id=\"block-729d0c25-1d31-41d4-a7c4-68a70b244c4b\"><strong>Perspectivas<\/strong>: O Governador do Estado confirmou em sua rede social a abertura de 1.000 vagas para professor.<\/p>\n\n\n\n<ul class=\"wp-block-list\" id=\"block-015b7b28-de0a-41b1-940a-59a2d1d67019\"><li><strong>Cargos:<\/strong>&nbsp;Professor de Educa\u00e7\u00e3o B\u00e1sica<\/li><li><strong>Escolaridade:<\/strong>&nbsp;superior<\/li><li><strong>N\u00famero de vagas:&nbsp;<\/strong>1.000<\/li><li><strong>Remunera\u00e7\u00e3o:<\/strong>&nbsp;a definir<\/li><li><strong>Situa\u00e7\u00e3o:<\/strong>&nbsp;Previsto<\/li><\/ul>\n\n\n\n<h4 class=\"wp-block-heading\" id=\"block-3df2b1b4-c519-4dd2-839f-a3c08e18e885\"><a href=\"https:\/\/www.estrategiaconcursos.com.br\/blog\/concurso-seduc-to\/\" target=\"_blank\" rel=\"noreferrer noopener\"><strong>Concurso SEDUC TO<\/strong><\/a><\/h4>\n\n\n\n<p id=\"block-10084e70-71cc-4dc1-b63d-4be508d6a238\"><strong>Perspectivas<\/strong>: A Secretaria de Educa\u00e7\u00e3o do Tocantins divulgou a composi\u00e7\u00e3o da comiss\u00e3o organizadora do pr\u00f3ximo certame.<\/p>\n\n\n\n<ul class=\"wp-block-list\" id=\"block-9bd03558-9e8e-43e3-9dae-820b5def2639\"><li><strong>Cargos:<\/strong>&nbsp;a definir<\/li><li><strong>Escolaridade:<\/strong>&nbsp;a definir<\/li><li><strong>N\u00famero de vagas:&nbsp;<\/strong>a definir<\/li><li><strong>Remunera\u00e7\u00e3o:<\/strong>&nbsp;a definir<\/li><li><strong>Situa\u00e7\u00e3o:<\/strong>&nbsp;Comiss\u00e3o formada<\/li><\/ul>\n\n\n\n<h4 class=\"wp-block-heading\" id=\"block-3df2b1b4-c519-4dd2-839f-a3c08e18e885\"><strong><a href=\"https:\/\/www.estrategiaconcursos.com.br\/blog\/concurso-colegio-pedro-ii\" target=\"_blank\" rel=\"noreferrer noopener\">Concurso Col\u00e9gio Pedro II<\/a><\/strong><\/h4>\n\n\n\n<p id=\"block-10084e70-71cc-4dc1-b63d-4be508d6a238\"><strong>Perspectivas<\/strong>: O Departamento de comunica\u00e7\u00e3o do&nbsp;Col\u00e9gio Pedro II, localizado no Estado do Rio de Janeiro, confirmou para a equipe de jornalismo do Estrat\u00e9gia Concursos a realiza\u00e7\u00e3o de um novo concurso para cargos T\u00e9cnico-Administrativos em Educa\u00e7\u00e3o (TAE) em 2021, de n\u00edvel m\u00e9dio e superior.<\/p>\n\n\n\n<ul class=\"wp-block-list\" id=\"block-9bd03558-9e8e-43e3-9dae-820b5def2639\"><li><strong>Cargos:<\/strong>&nbsp;Assistente Social, Contador, Fonoaudi\u00f3logo, Analista de Tecnologia da Informa\u00e7\u00e3o, T\u00e9cnico em Assuntos Educacionais, e T\u00e9cnico de Laborat\u00f3rio.<\/li><li><strong>Escolaridade:<\/strong>&nbsp;n\u00edvel m\u00e9dio e superior<\/li><li><strong>N\u00famero de vagas:&nbsp;<\/strong>a definir<\/li><li><strong>Remunera\u00e7\u00e3o:<\/strong>&nbsp;a definir<\/li><li><strong>Situa\u00e7\u00e3o:<\/strong>&nbsp;previsto e confirmado<\/li><\/ul>\n\n\n\n<h2 class=\"has-background wp-block-heading\" id=\"saude\" style=\"background-color:#ddd6e3\">Concursos \u00c1rea da Sa\u00fade<\/h2>\n\n\n\n<h4 class=\"wp-block-heading\" id=\"h-concurso-sespa\"><a href=\"https:\/\/www.estrategiaconcursos.com.br\/blog\/concurso-sespa\/\">Concurso SESPA<\/a><\/h4>\n\n\n\n<p><strong>Perspectivas<\/strong>: O certame visa o preenchimento de 44 vagas, mas os cargos ainda n\u00e3o foram definidos. Banca e comiss\u00e3o j\u00e1 formadas.<\/p>\n\n\n\n<p><strong>Vagas\/Cargos e sal\u00e1rio inicial<\/strong><\/p>\n\n\n\n<ul class=\"wp-block-list\"><li><strong>Cargo:&nbsp;<\/strong>a definir<\/li><li><strong>Forma\u00e7\u00e3o:<\/strong>&nbsp;m\u00e9dio, t\u00e9cnico e superior<\/li><li><strong>Vagas:<\/strong>&nbsp;44 previstas<\/li><li><strong>Sal\u00e1rio:<\/strong>&nbsp;R$1.004,95 e R$3.247,70<\/li><li><strong>Status:<\/strong>&nbsp;Banca definida (Instituto AOCP)&nbsp;<\/li><\/ul>\n\n\n\n<h4 class=\"wp-block-heading\" id=\"h-concurso-minist-rio-da-sa-de-tempor-rios\"><strong><a href=\"https:\/\/www.estrategiaconcursos.com.br\/blog\/concurso-ministerio-da-saude\/\" target=\"_blank\" rel=\"noreferrer noopener\">Concurso Minist\u00e9rio da Sa\u00fade Tempor\u00e1rios<\/a><\/strong><\/h4>\n\n\n\n<p><strong>Perspectivas<\/strong>: a banca organizadora para a nova sele\u00e7\u00e3o do Minist\u00e9rio da Sa\u00fade foi contratada (FGV).<\/p>\n\n\n\n<p><strong>Vagas\/Cargos e sal\u00e1rio inicial<\/strong><\/p>\n\n\n\n<ul class=\"wp-block-list\"><li><strong>Cargo:&nbsp;<\/strong>a definir<\/li><li><strong>Forma\u00e7\u00e3o:<\/strong>&nbsp;a definir<\/li><li><strong>Vagas:<\/strong>&nbsp;a definir<\/li><li><strong>Sal\u00e1rio:<\/strong>&nbsp;&nbsp;R$ 4.784,27 a R$ 5.744,88<\/li><li><strong>Status:<\/strong>&nbsp;banca contratada (FGV)<\/li><\/ul>\n\n\n\n<h4 class=\"wp-block-heading\" id=\"h-concurso-ses-df-efetivo\"><a href=\"https:\/\/www.estrategiaconcursos.com.br\/blog\/concurso-ses-df\/\" target=\"_blank\" rel=\"noreferrer noopener\"><strong>Concurso SES DF (efetivo)<\/strong><\/a><\/h4>\n\n\n\n<p><strong>Perspectivas<\/strong>: Foi publicada no Di\u00e1rio Oficial a&nbsp;portaria&nbsp;que autoriza novos concursos no Distrito Federal, entre eles, o da Secretaria de Sa\u00fade do Distrito Federal.<\/p>\n\n\n\n<ul class=\"wp-block-list\"><li><strong>Cargo:&nbsp;<\/strong>Assist\u00eancia P\u00fablica \u00e0 sa\u00fade, Cirurgi\u00e3o-Dentista, Enfermeiro e M\u00e9dico, Auditoria de atividades urbanas<\/li><li><strong>Forma\u00e7\u00e3o:<\/strong>&nbsp;m\u00e9dio e superior<\/li><li><strong>Vagas:<\/strong>&nbsp;1.843<\/li><li><strong>Sal\u00e1rio:<\/strong>&nbsp;R$ 1.430,00 a R$ 12.654,00<\/li><\/ul>\n\n\n\n<h4 class=\"wp-block-heading\" id=\"h-concurso-seas-ro\"><strong><a href=\"https:\/\/www.estrategiaconcursos.com.br\/blog\/concurso-seas-ro\/\" target=\"_blank\" rel=\"noreferrer noopener\">Concurso SEAS RO<\/a><\/strong><\/h4>\n\n\n\n<p><strong>Perspectivas:<\/strong>&nbsp;foi publicada, no Di\u00e1rio Oficial do Estado, a comiss\u00e3o de acompanhamento das atividades do futuro certame, que poder\u00e1 ocorrer ainda em 2021.<\/p>\n\n\n\n<ul class=\"wp-block-list\"><li><strong>Cargo:&nbsp;<\/strong>a definir<\/li><li><strong>Forma\u00e7\u00e3o:&nbsp;<\/strong>a definir<\/li><li><strong>Vagas:<\/strong>&nbsp;a definir<\/li><li><strong>Sal\u00e1rio:<\/strong>&nbsp;a definir<\/li><li><strong>Status:<\/strong>&nbsp;comiss\u00e3o formada<\/li><\/ul>\n\n\n\n<h4 class=\"wp-block-heading\" id=\"block-cd646666-5343-460d-83f6-ac7e8d6663b2\"><strong><a href=\"https:\/\/www.estrategiaconcursos.com.br\/blog\/concurso-pmerj-saude\/\" target=\"_blank\" rel=\"noreferrer noopener\">Concurso PMER<\/a><\/strong><a href=\"https:\/\/www.estrategiaconcursos.com.br\/blog\/concurso-pmerj-saude\/\" target=\"_blank\" rel=\"noreferrer noopener\">J Sa\u00fade<\/a><\/h4>\n\n\n\n<p id=\"block-b846e049-6bfb-4e48-8a89-95e4433b7fd9\"><strong>Perspectiva<\/strong>: o concurso PMERJ Sa\u00fade est\u00e1 autorizado e ofertar\u00e1 67 vagas, de n\u00edveis t\u00e9cnico e superior, sendo 42 para M\u00e9dico Oficial e 25 vagas para T\u00e9cnico de enfermagem.<\/p>\n\n\n\n<ul class=\"wp-block-list\" id=\"block-e4ea7d7e-e55e-4f9e-a5d6-e2d1896592e3\"><li><strong>Cargos:<\/strong>&nbsp;M\u00e9dico Oficial e T\u00e9cnico de Enfermagem<\/li><li><strong>Escolaridade:<\/strong>&nbsp;N\u00edvel M\u00e9dio\/T\u00e9cnico e Superior<\/li><li><strong>N\u00famero de vagas:&nbsp;<\/strong>67<\/li><li><strong>Remunera\u00e7\u00e3o:<\/strong>&nbsp;R$ 3.246,42 a R$ 6.014,19<\/li><li><strong>Situa\u00e7\u00e3o:<\/strong>&nbsp;Autorizado\/encolhendo Banca<\/li><\/ul>\n\n\n\n<h4 class=\"wp-block-heading\" id=\"block-3dbd1adc-c29c-40dc-93ac-1bdd5e2b4824\"><a href=\"https:\/\/www.estrategiaconcursos.com.br\/blog\/concurso-ses-rs\/\" target=\"_blank\" rel=\"noreferrer noopener\">Concurso SES RS<\/a><\/h4>\n\n\n\n<p id=\"block-3dbd1adc-c29c-40dc-93ac-1bdd5e2b4824\"><strong>Perspectiva<\/strong>: Com&nbsp;concurso autorizado, a Secretaria de Sa\u00fade do Rio Grande do Sul formou a comiss\u00e3o organizadora. S\u00e3o previstas&nbsp;948 vagas.<\/p>\n\n\n\n<ul class=\"wp-block-list\" id=\"block-18f1ba98-750a-4ac8-b99d-38754adda453\"><li><strong>Cargos:<\/strong>&nbsp;Especialistas em Sa\u00fade e T\u00e9cnicos em Sa\u00fade<\/li><li><strong>Escolaridade:<\/strong>&nbsp;N\u00edvel superior e m\u00e9dio\/t\u00e9cnico<\/li><li><strong>N\u00famero de vagas:&nbsp;<\/strong>948<\/li><li><strong>Remunera\u00e7\u00e3o:<\/strong>&nbsp;a definir<\/li><li><strong>Situa\u00e7\u00e3o:<\/strong>&nbsp;Comiss\u00e3o formada<\/li><\/ul>\n\n\n\n<h4 class=\"wp-block-heading\" id=\"block-5ee08821-64b3-4413-a815-76215464effd\"><strong><a href=\"https:\/\/www.estrategiaconcursos.com.br\/blog\/concurso-hospital-de-clinicas-gaspar-vianna\/\" target=\"_blank\" rel=\"noreferrer noopener\">Concurso Hospital de Cl\u00ednicas Gaspar Vianna<\/a><\/strong><\/h4>\n\n\n\n<p id=\"block-42864f75-b28f-43b3-9588-2174cbf99d06\"><strong>Perspectiva<\/strong>: Um novo concurso ser\u00e1 realizado em 2021. A informa\u00e7\u00e3o foi confirmada pelo governo do Par\u00e1, por meio da Secretaria de Planejamento e Administra\u00e7\u00e3o do Estado do Par\u00e1 (SEPLAD).<\/p>\n\n\n\n<ul class=\"wp-block-list\" id=\"block-69043123-6332-49d6-ab10-ce77832b5138\"><li><strong>Cargos:<\/strong>&nbsp;a definir<\/li><li><strong>Escolaridade:<\/strong>&nbsp;a definir<\/li><li><strong>N\u00famero de vagas:&nbsp;<\/strong>67<\/li><li><strong>Remunera\u00e7\u00e3o:<\/strong>&nbsp;R$ 1.804,28&nbsp;<\/li><li><strong>Situa\u00e7\u00e3o:<\/strong>&nbsp;Previsto<\/li><\/ul>\n\n\n\n<h4 class=\"wp-block-heading\" id=\"block-5db5880e-21c9-4149-aafe-ce3cb4fd6eb4\"><strong><a href=\"https:\/\/www.estrategiaconcursos.com.br\/blog\/concurso-hospital-ophir-loyola\/\" target=\"_blank\" rel=\"noreferrer noopener\">Concurso Hospital Ophir Loyola<\/a><\/strong><\/h4>\n\n\n\n<p id=\"block-ac82693f-6bf3-4753-9a9f-35f1fec7f08e\"><strong>Perspectiva<\/strong>: Um novo concurso Hospital Ophir Loyola ser\u00e1 realizado em 2021. A informa\u00e7\u00e3o foi confirmada pelo governo do Par\u00e1, por meio da SEPLAD (Secretaria de Planejamento e Administra\u00e7\u00e3o do Estado do Par\u00e1).<\/p>\n\n\n\n<ul class=\"wp-block-list\" id=\"block-d4d6c5b1-e382-4740-90e0-21d4a12d4d02\"><li><strong>Cargos:<\/strong>&nbsp;a definir<\/li><li><strong>Escolaridade:<\/strong>&nbsp;N\u00edvel Superior e M\u00e9dio<\/li><li><strong>N\u00famero de vagas:&nbsp;<\/strong>a definir<\/li><li><strong>Remunera\u00e7\u00e3o:<\/strong>&nbsp;R$ 1.039,00 e R$ 1.858,41<\/li><li><strong>Situa\u00e7\u00e3o:<\/strong>&nbsp;Confirmado pela SEPLAD<\/li><\/ul>\n\n\n\n<h4 class=\"wp-block-heading\" id=\"block-a564696e-fc78-446b-8320-b11db5ee9a91\"><strong><a href=\"https:\/\/www.estrategiaconcursos.com.br\/blog\/concurso-semsa-manaus\/\" target=\"_blank\" rel=\"noreferrer noopener\">Concurso SEMSA Manaus<\/a><\/strong><\/h4>\n\n\n\n<p id=\"block-ae053567-b62b-45b0-adea-7a02c42b19b8\"><strong>Perspectivas:<\/strong>&nbsp;O an\u00fancio de que o&nbsp;Instituto Brasileiro de Forma\u00e7\u00e3o e Capacita\u00e7\u00e3o (IBFC)&nbsp;ser\u00e1 a empresa organizadora do certame foi feito no in\u00edcio de mar\u00e7o.<\/p>\n\n\n\n<ul class=\"wp-block-list\" id=\"block-88054303-4a21-43ae-bdb9-529b896df7f8\"><li><strong>Cargos:<\/strong>&nbsp;a definir<\/li><li><strong>Escolaridade:<\/strong>&nbsp;a definir<\/li><li><strong>N\u00famero de vagas:&nbsp;<\/strong>568<\/li><li><strong>Remunera\u00e7\u00e3o:<\/strong>&nbsp;R$ 1.586,67 a R$ 12.271,80<\/li><li><strong>Situa\u00e7\u00e3o:<\/strong>&nbsp;Banca Definida<\/li><\/ul>\n\n\n\n<h4 class=\"wp-block-heading\" id=\"block-fb10c906-ac95-4fe4-91ca-9e234e3800e5\"><a href=\"https:\/\/www.estrategiaconcursos.com.br\/blog\/concurso-ses-df\/\" target=\"_blank\" rel=\"noreferrer noopener\"><strong>Concurso SES DF<\/strong>&nbsp;<strong>(PSS)<\/strong><\/a><\/h4>\n\n\n\n<p id=\"block-b6766af5-146a-43a8-bc40-a088bfee60b7\"><strong>Perspectivas<\/strong>: foram publicadas autoriza\u00e7\u00f5es para dois processos seletivos &nbsp;da Secretaria de Estado de Sa\u00fade do Distrito Federal.<\/p>\n\n\n\n<ul class=\"wp-block-list\" id=\"block-9580f674-67e9-4768-845f-8c2eb42ab815\"><li><strong>Cargos:<\/strong>&nbsp;diversos<\/li><li><strong>Escolaridade:<\/strong>&nbsp;m\u00e9dio, t\u00e9cnico e m\u00e9dio<\/li><li><strong>N\u00famero de vagas:&nbsp;<\/strong>1.432+ 217 CR<\/li><li><strong>Remunera\u00e7\u00e3o:<\/strong>&nbsp;R$ 1.988,00 a R$ 6.110,00<\/li><li><strong>Situa\u00e7\u00e3o:<\/strong>&nbsp;autorizado<\/li><\/ul>\n\n\n\n<h4 class=\"wp-block-heading\" id=\"block-f4778cde-3b80-4e40-ad72-7895f8e45f4b\"><a href=\"https:\/\/www.estrategiaconcursos.com.br\/blog\/concurso-sms-contagem-mg\/\" target=\"_blank\" rel=\"noreferrer noopener\"><strong>Concurso SMS Contagem<\/strong>&nbsp;<strong>MG<\/strong><\/a><\/h4>\n\n\n\n<p id=\"block-c2804cfc-1061-49db-bad9-d398a5092fe3\"><strong>Perspectivas:<\/strong>&nbsp;Foi definida, atrav\u00e9s de Dispensa de Licita\u00e7\u00e3o, a Banca do pr\u00f3ximo Processo Seletivo Simplificado SMS Contagem, em Minas Gerais. A empresa que ser\u00e1 respons\u00e1vel por conduzir o PSS \u00e9 a&nbsp;Associa\u00e7\u00e3o Brasileira de&nbsp;<a href=\"https:\/\/blog.orientu.com.br\/orientacao-profissional\/concursos-publicos\/\" target=\"_blank\" rel=\"noreferrer noopener\">Concursos P\u00fablicos<\/a>&nbsp;(ABCP).<\/p>\n\n\n\n<ul class=\"wp-block-list\" id=\"block-71865bce-3801-4d11-b220-8b741cb4c475\"><li><strong>Cargos:<\/strong>&nbsp;a definir<\/li><li><strong>Escolaridade:<\/strong>&nbsp;a definir<\/li><li><strong>N\u00famero de vagas:&nbsp;<\/strong>a definir<\/li><li><strong>Remunera\u00e7\u00e3o:<\/strong>&nbsp;R$ 1.292,42 a R$ 2.444,42<\/li><li><strong>Situa\u00e7\u00e3o:<\/strong>&nbsp;Banca definida<\/li><\/ul>\n\n\n\n<h4 class=\"wp-block-heading\" id=\"block-5aa5f095-9883-42d9-8d30-25a8548e8407\"><strong><a href=\"https:\/\/www.estrategiaconcursos.com.br\/blog\/concurso-susam\/\" target=\"_blank\" rel=\"noreferrer noopener\">Concurso SUSAM<\/a><\/strong><\/h4>\n\n\n\n<p id=\"block-42e1e50a-1dd3-4a35-a61f-1ba6b866caa0\"><strong>Perspectiva<\/strong>: Foi publicada no Di\u00e1rio Oficial a portaria que estabelece&nbsp;Comiss\u00e3o Especial para o concurso da Secretaria de Estado de Sa\u00fade do Amazonas<\/p>\n\n\n\n<ul class=\"wp-block-list\" id=\"block-e643427c-e866-4a2f-9483-ce49c9d66020\"><li><strong>Cargos:<\/strong>&nbsp;a definir<\/li><li><strong>Escolaridade:<\/strong>&nbsp;a definir<\/li><li><strong>N\u00famero de vagas:&nbsp;<\/strong>a definir<\/li><li><strong>Remunera\u00e7\u00e3o:<\/strong>&nbsp;a definir<\/li><li><strong>Situa\u00e7\u00e3o:<\/strong>&nbsp;Comiss\u00e3o formada<\/li><\/ul>\n\n\n\n<h2 class=\"has-background wp-block-heading\" id=\"outras-oportunidades\" style=\"background-color:#ddd6e3\">Concursos em outras \u00e1reas<\/h2>\n\n\n\n<h4 class=\"wp-block-heading\" id=\"h-concurso-anm\"><a href=\"https:\/\/www.estrategiaconcursos.com.br\/blog\/concurso-anm\/\" target=\"_blank\" rel=\"noreferrer noopener\">Concurso ANM<\/a><\/h4>\n\n\n\n<p><strong>Perspectivas<\/strong>: Foi&nbsp;autorizadaa realiza\u00e7\u00e3o de nova sele\u00e7\u00e3o para o provimento de&nbsp;40 vagas&nbsp;de&nbsp;Especialista em Recursos Minerais&nbsp;do quadro de pessoal do \u00f3rg\u00e3o.<\/p>\n\n\n\n<ul class=\"wp-block-list\" id=\"block-decddebe-131e-445e-9a68-57856611e48f\"><li><strong>Cargos:&nbsp;<\/strong>Especialista em Recursos Minerais<\/li><li><strong>Escolaridade:&nbsp;<\/strong>N\u00edvel superior<\/li><li><strong>N\u00famero de vagas:&nbsp;<\/strong>40<\/li><li><strong>Remunera\u00e7\u00e3o:<\/strong>&nbsp;R$ 12.797,61<\/li><li><strong>Situa\u00e7\u00e3o:<\/strong>&nbsp;Autorizado<\/li><\/ul>\n\n\n\n<h4 class=\"wp-block-heading\" id=\"h-concurso-seplad-pa\"><a href=\"https:\/\/www.estrategiaconcursos.com.br\/blog\/concurso-seplad-pa\/\" target=\"_blank\" rel=\"noreferrer noopener\">Concurso SEPLAD PA<\/a><\/h4>\n\n\n\n<p><strong>Perspectivas<\/strong>: CETAP \u00e9 confirmada como banca organizadora. Contrato assinado. Edital previsto para o segundo semestre.<\/p>\n\n\n\n<ul class=\"wp-block-list\" id=\"block-decddebe-131e-445e-9a68-57856611e48f\"><li><strong>Cargos:&nbsp;<\/strong>V\u00e1rios<\/li><li><strong>Escolaridade:&nbsp;<\/strong>N\u00edvel superior<\/li><li><strong>N\u00famero de vagas:&nbsp;<\/strong>24<\/li><li><strong>Remunera\u00e7\u00e3o:<\/strong>&nbsp;R$ 2.809,35<\/li><li><strong>Situa\u00e7\u00e3o:<\/strong>&nbsp;Banca definida (CETAP)<\/li><\/ul>\n\n\n\n<h4 class=\"wp-block-heading\" id=\"h-concurso-agenersa\"><a href=\"https:\/\/www.estrategiaconcursos.com.br\/blog\/concurso-agenersa-rj\/\" target=\"_blank\" rel=\"noreferrer noopener\">Concurso AGENERSA<\/a><\/h4>\n\n\n\n<p><strong>Perspectivas<\/strong>: concurso autorizado e comiss\u00e3o formada para realiza\u00e7\u00e3o do certame AGENERSA, do estado do Rio de Janeiro.<\/p>\n\n\n\n<ul class=\"wp-block-list\" id=\"block-decddebe-131e-445e-9a68-57856611e48f\"><li><strong>Cargos:&nbsp;<\/strong>Analista T\u00e9cnico, Assistente em Regula\u00e7\u00e3o e Especialista em Regula\u00e7\u00e3o<\/li><li><strong>Escolaridade:&nbsp;<\/strong>m\u00e9dio e superior<\/li><li><strong>N\u00famero de vagas:&nbsp;<\/strong>50<\/li><li><strong>Remunera\u00e7\u00e3o:&nbsp;<\/strong>a definir<\/li><li><strong>Situa\u00e7\u00e3o:<\/strong>&nbsp;autorizado<\/li><\/ul>\n\n\n\n<h4 class=\"wp-block-heading\" id=\"h-concurso-funpresp\"><a href=\"https:\/\/www.estrategiaconcursos.com.br\/blog\/concurso-funpresp\/\" target=\"_blank\" rel=\"noreferrer noopener\">Concurso Funpresp<\/a><\/h4>\n\n\n\n<p><strong>Perspectivas<\/strong>: Banca definida. O&nbsp;Instituto AOCP&nbsp;ser\u00e1 respons\u00e1vel pela organiza\u00e7\u00e3o do pr\u00f3ximo certame.<\/p>\n\n\n\n<ul class=\"wp-block-list\" id=\"block-decddebe-131e-445e-9a68-57856611e48f\"><li><strong>Cargos:&nbsp;<\/strong>a definir<\/li><li><strong>Escolaridade:&nbsp;<\/strong>a definir<\/li><li><strong>N\u00famero de vagas:&nbsp;<\/strong>a definir<\/li><li><strong>Remunera\u00e7\u00e3o:&nbsp;<\/strong>a definir<\/li><li><strong>Situa\u00e7\u00e3o:<\/strong>&nbsp;banca definida<\/li><\/ul>\n\n\n\n<h4 class=\"wp-block-heading\" id=\"h-concurso-idaf-es\"><a href=\"https:\/\/www.estrategiaconcursos.com.br\/blog\/concurso-idaf-es\/\" target=\"_blank\" rel=\"noreferrer noopener\">Concurso IDAF ES<\/a><\/h4>\n\n\n\n<p><strong>Perspectivas<\/strong>: Ap\u00f3s ser autorizado, concurso IDAF ES tem comiss\u00e3o formada para in\u00edcio dos trabalhos da sele\u00e7\u00e3o.<\/p>\n\n\n\n<ul class=\"wp-block-list\" id=\"block-decddebe-131e-445e-9a68-57856611e48f\"><li><strong>Cargos:&nbsp;<\/strong>a definir<\/li><li><strong>Escolaridade:&nbsp;<\/strong>a definir<\/li><li><strong>N\u00famero de vagas:&nbsp;<\/strong>a definir<\/li><li><strong>Remunera\u00e7\u00e3o:&nbsp;<\/strong>a definir<\/li><li><strong>Situa\u00e7\u00e3o:<\/strong>&nbsp;Comiss\u00e3o formada<\/li><\/ul>\n\n\n\n<h4 class=\"wp-block-heading\" id=\"h-concurso-telebras\"><a href=\"https:\/\/www.estrategiaconcursos.com.br\/blog\/concurso-telebras\/\" target=\"_blank\" rel=\"noreferrer noopener\">Concurso Telebras<\/a><\/h4>\n\n\n\n<p id=\"block-fd369924-9d17-442f-b643-c485924afaee\"><strong>Perspectivas:<\/strong>&nbsp;Extrato de Dispensa de Licita\u00e7\u00e3o define o Cebraspe com banca organizadora do novo concurso p\u00fablico da Telecomunica\u00e7\u00f5es Brasileiras.<\/p>\n\n\n\n<ul class=\"wp-block-list\" id=\"block-decddebe-131e-445e-9a68-57856611e48f\"><li><strong>Cargos:&nbsp;<\/strong>a definir<\/li><li><strong>Escolaridade:&nbsp;<\/strong>a definir<\/li><li><strong>N\u00famero de vagas:&nbsp;<\/strong>a definir<\/li><li><strong>Remunera\u00e7\u00e3o:&nbsp;<\/strong>R$ 3.873 e R$ 8.998<\/li><li><strong>Situa\u00e7\u00e3o:<\/strong>&nbsp;Banca definida (Cebraspe)<\/li><\/ul>\n\n\n\n<h4 class=\"wp-block-heading\" id=\"h-concurso-spgg-rs\"><a href=\"https:\/\/www.estrategiaconcursos.com.br\/blog\/concurso-spgg-rs\/\" target=\"_blank\" rel=\"noreferrer noopener\">Concurso SPGG RS<\/a><\/h4>\n\n\n\n<p id=\"block-fd369924-9d17-442f-b643-c485924afaee\"><strong>Perspectivas:<\/strong>&nbsp;O governo do estado autorizou a realiza\u00e7\u00e3o do concurso daSecretaria de Planejamento, Governan\u00e7a e Gest\u00e3o (SPGG RS). No total, foram autorizadas 676 vagas para cargos de n\u00edvel superior. Comiss\u00e3o formada!<\/p>\n\n\n\n<ul class=\"wp-block-list\" id=\"block-decddebe-131e-445e-9a68-57856611e48f\"><li><strong>Cargos:&nbsp;<\/strong>Analista de Planejamento e Analistas de Projetos e Pol\u00edticas<\/li><li><strong>Escolaridade:&nbsp;<\/strong>N\u00edvel superior<\/li><li><strong>N\u00famero de vagas:&nbsp;<\/strong>676<\/li><li><strong>Remunera\u00e7\u00e3o:&nbsp;<\/strong>&nbsp;R$ 4.038,00<\/li><li><strong>Situa\u00e7\u00e3o:<\/strong>&nbsp;Comiss\u00e3o formada<\/li><\/ul>\n\n\n\n<h4 class=\"wp-block-heading\" id=\"block-a539aaa0-e25a-4491-abb7-3c72fbb1d062\"><strong><a href=\"https:\/\/www.estrategiaconcursos.com.br\/blog\/concurso-ppgg-df\/\" target=\"_blank\" rel=\"noreferrer noopener\">Concurso PPGG DF<\/a><\/strong><\/h4>\n\n\n\n<p id=\"block-fd369924-9d17-442f-b643-c485924afaee\"><strong>Perspectivas:<\/strong>&nbsp;Foi publicada a autoriza\u00e7\u00e3o para o primeiro concurso da carreira de PPGG DF, que prev\u00ea 250 vagas imediatas 1.150 em cadastro reserva. Grupo de Trabalho vai realizar estudos para escolha da banca.<\/p>\n\n\n\n<ul class=\"wp-block-list\" id=\"block-decddebe-131e-445e-9a68-57856611e48f\"><li><strong>Cargos:&nbsp;<\/strong>Gestor e Analista<\/li><li><strong>Escolaridade:&nbsp;<\/strong>N\u00edvel superior<\/li><li><strong>N\u00famero de vagas:&nbsp;<\/strong>250 + 1.150 CR<\/li><li><strong>Remunera\u00e7\u00e3o:&nbsp;<\/strong>(30h) R$ 3.360 e R$ 5.070 ou (40h) R$ 4.480 e R$ 6.760<\/li><li><strong>Situa\u00e7\u00e3o:<\/strong>&nbsp;Autorizado\/Grupo de Trabalho<\/li><\/ul>\n\n\n\n<h4 class=\"wp-block-heading\" id=\"block-601c1200-4d7a-4d27-be5b-c85356da063f\"><a href=\"https:\/\/www.estrategiaconcursos.com.br\/blog\/concurso-manausprev\/\" target=\"_blank\" rel=\"noreferrer noopener\">Concurso Manausprev<\/a><\/h4>\n\n\n\n<p id=\"block-601c1200-4d7a-4d27-be5b-c85356da063f\"><strong>Perspectiva<\/strong>: Foi publicado o extrato de contrato que oficializa a&nbsp;Funda\u00e7\u00e3o Carlos Chagas como banca organizadora do certame. O prazo do contrato ser\u00e1 de 12 meses a contar de 28 de abril, ou seja, at\u00e9 abril de 2022.<\/p>\n\n\n\n<ul class=\"wp-block-list\" id=\"block-18f1ba98-750a-4ac8-b99d-38754adda453\"><li><strong>Cargos:<\/strong>&nbsp;Procurador Aut\u00e1rquico, Analista e T\u00e9cnico Previdenci\u00e1rio<\/li><li><strong>Escolaridade:<\/strong>&nbsp;N\u00edvel m\u00e9dio e superior<\/li><li><strong>N\u00famero de vagas:&nbsp;<\/strong>5 + CR<\/li><li><strong>Remunera\u00e7\u00e3o:<\/strong>&nbsp;R$ 4.000,00 e R$ 6.000,00<\/li><li><strong>Situa\u00e7\u00e3o:<\/strong>&nbsp;Banca definida (FCC)<\/li><\/ul>\n\n\n\n<h4 class=\"wp-block-heading\" id=\"block-7a2b39fa-4c6b-43b1-9f21-9d8e09dbc0c7\"><a href=\"https:\/\/www.estrategiaconcursos.com.br\/blog\/concurso-ceasa-rs\/\" target=\"_blank\" rel=\"noreferrer noopener\">Concurso Ceasa RS<\/a><\/h4>\n\n\n\n<p><strong>Perspectivas<\/strong>: Foi contratada a banca organizadora do concurso p\u00fablico das Centrais de Abastecimento do Rio Grande do Sul. De acordo com o documento publicado no Di\u00e1rio Oficial do Estado, a&nbsp;FUNDATEC&nbsp;\u00e9 a empresa respons\u00e1vel pelo certame.<\/p>\n\n\n\n<ul class=\"wp-block-list\" id=\"block-18f1ba98-750a-4ac8-b99d-38754adda453\"><li><strong>Banca:<\/strong>&nbsp;FUNDATEC<\/li><li><strong>Cargos:<\/strong>&nbsp;Analistas e Agentes T\u00e9cnicos<\/li><li><strong>Escolaridade:<\/strong>&nbsp;N\u00edvel t\u00e9cnico e superior<\/li><li><strong>N\u00famero de vagas:&nbsp;<\/strong>10<\/li><li><strong>Remunera\u00e7\u00e3o:<\/strong>&nbsp;R$ 4.277,71 a R$ 4.379,65<\/li><li><strong>Situa\u00e7\u00e3o:<\/strong>&nbsp;Banca contratada<\/li><\/ul>\n\n\n\n<h4 class=\"wp-block-heading\" id=\"block-1af00323-f91e-413a-82c3-1d5c631b56f5\"><a href=\"https:\/\/www.estrategiaconcursos.com.br\/blog\/concurso-seplad-pa\/\" target=\"_blank\" rel=\"noreferrer noopener\">Concurso SEPLAD PA<\/a><\/h4>\n\n\n\n<p id=\"block-1af00323-f91e-413a-82c3-1d5c631b56f5\"><strong>Perspectiva<\/strong>: Ap\u00f3s an\u00e1lise das propostas, Funda\u00e7\u00e3o CETAP foi a melhor avaliada e ficar\u00e1 respons\u00e1vel pela organiza\u00e7\u00e3o do concurso da Secretaria de Estado de Planejamento e Administra\u00e7\u00e3o.&nbsp;&nbsp;<\/p>\n\n\n\n<ul class=\"wp-block-list\" id=\"block-18f1ba98-750a-4ac8-b99d-38754adda453\"><li><strong>Cargos:<\/strong>&nbsp;T\u00e9cnico em Gest\u00e3o P\u00fablica; T\u00e9cnico em Gest\u00e3o de Infraestrutura; T\u00e9cnico em Gest\u00e3o de Inform\u00e1tica<\/li><li><strong>Escolaridade:<\/strong>&nbsp;N\u00edvel superior<\/li><li><strong>N\u00famero de vagas:&nbsp;<\/strong>24<\/li><li><strong>Remunera\u00e7\u00e3o:<\/strong>&nbsp;R$ 2.809,35<\/li><li><strong>Situa\u00e7\u00e3o:<\/strong>&nbsp;Banca definida (CETAP)<\/li><\/ul>\n\n\n\n<h4 class=\"wp-block-heading\" id=\"block-a02f1dba-b04f-4f4e-9b98-28668284b1b5\"><a href=\"https:\/\/www.estrategiaconcursos.com.br\/blog\/concurso-slu-df\/\" target=\"_blank\" rel=\"noreferrer noopener\">Concurso SLU DF<\/a><\/h4>\n\n\n\n<p id=\"block-a02f1dba-b04f-4f4e-9b98-28668284b1b5\"><strong>Perspectiva<\/strong>: Concurso \u00e9 oficialmente autorizado! LDO 2021 prev\u00ea oferta de 100 vagas para Assistente, al\u00e9m de nomea\u00e7\u00e3o de 05 candidatos do concurso anterior.<\/p>\n\n\n\n<ul class=\"wp-block-list\" id=\"block-18f1ba98-750a-4ac8-b99d-38754adda453\"><li><strong>Cargos:<\/strong>&nbsp;Assistente de Gest\u00e3o em Res\u00edduos S\u00f3lidos<\/li><li><strong>Escolaridade:<\/strong>&nbsp;N\u00edvel m\u00e9dio<\/li><li><strong>N\u00famero de vagas:&nbsp;<\/strong>100<\/li><li><strong>Remunera\u00e7\u00e3o:<\/strong>&nbsp;R$ 3.360,00 (30h) ou R$ 4.480,00 (40h)<\/li><li><strong>Situa\u00e7\u00e3o:<\/strong>&nbsp;Autorizado<\/li><\/ul>\n\n\n\n<h4 class=\"wp-block-heading\" id=\"block-f9c9ad2a-7ca0-4958-bd12-1d214d7c4709\"><a href=\"https:\/\/www.estrategiaconcursos.com.br\/blog\/concurso-procon-df\/\" target=\"_blank\" rel=\"noreferrer noopener\">Concurso Procon DF<\/a><\/h4>\n\n\n\n<p id=\"block-f9c9ad2a-7ca0-4958-bd12-1d214d7c4709\"><strong>Perspectiva<\/strong>: Grupo de trabalho formado para contrata\u00e7\u00e3o da banca organizadora. Edital pode sair em setembro, com 69 vagas imediatas e 105 CR, para cargos de n\u00edvel m\u00e9dio e superior.<\/p>\n\n\n\n<ul class=\"wp-block-list\" id=\"block-18f1ba98-750a-4ac8-b99d-38754adda453\"><li><strong>Cargos:<\/strong>&nbsp;T\u00e9cnico, Analista e Fiscal<\/li><li><strong>Escolaridade:<\/strong>&nbsp;N\u00edvel m\u00e9dio e superior<\/li><li><strong>N\u00famero de vagas:&nbsp;<\/strong>69 + 105 CR<\/li><li><strong>Remunera\u00e7\u00e3o:<\/strong>&nbsp;R$ 3.919,13 a R$ 5.293,30<\/li><li><strong>Situa\u00e7\u00e3o:<\/strong>&nbsp;Grupo de trabalho formado<\/li><\/ul>\n\n\n\n<h4 class=\"wp-block-heading\" id=\"block-0d727a09-97c8-4580-b87b-0ccc28ba9143\"><a href=\"https:\/\/www.estrategiaconcursos.com.br\/blog\/concurso-jucepa\/\" target=\"_blank\" rel=\"noreferrer noopener\">Concurso JUCEPA<\/a><\/h4>\n\n\n\n<p id=\"block-0d727a09-97c8-4580-b87b-0ccc28ba9143\"><strong>Perspectiva<\/strong>: Ap\u00f3s an\u00e1lise das propostas, Funda\u00e7\u00e3o CETAP foi a melhor avaliada e ficar\u00e1 respons\u00e1vel pela organiza\u00e7\u00e3o do concurso da Junta Comercial do Estado do Par\u00e1.&nbsp;Contrato j\u00e1 foi assinado. Edital no segundo semestre deste ano.<\/p>\n\n\n\n<ul class=\"wp-block-list\" id=\"block-18f1ba98-750a-4ac8-b99d-38754adda453\"><li><strong>Cargos:<\/strong>&nbsp;T\u00e9cnico de Administra\u00e7\u00e3o e Finan\u00e7as; T\u00e9cnico do Registro Mercantil; Assistente do Registro Mercantil<\/li><li><strong>Escolaridade:<\/strong>&nbsp;N\u00edvel m\u00e9dio e superior<\/li><li><strong>N\u00famero de vagas:&nbsp;<\/strong>15<\/li><li><strong>Remunera\u00e7\u00e3o:<\/strong>&nbsp;R$ 1.145,00 e R$ 2.809,35<\/li><li><strong>Situa\u00e7\u00e3o:<\/strong>&nbsp;Banca contratada (CETAP)<\/li><\/ul>\n\n\n\n<div class=\"wp-block-image\"><figure class=\"aligncenter size-large is-resized\"><img loading=\"lazy\" decoding=\"async\" src=\"https:\/\/dhg1h5j42swfq.cloudfront.net\/2020\/09\/18141901\/Coruja_Concursos%404x-506x1024.png\" alt=\"Concurso p\u00fablico: quais s\u00e3o os editais previstos para 2021?\" class=\"wp-image-574355\" width=\"62\" height=\"126\" srcset=\"https:\/\/dhg1h5j42swfq.cloudfront.net\/2020\/09\/18141901\/Coruja_Concursos%404x-506x1024.png 506w, https:\/\/dhg1h5j42swfq.cloudfront.net\/2020\/09\/18141901\/Coruja_Concursos%404x-148x300.png 148w, https:\/\/dhg1h5j42swfq.cloudfront.net\/2020\/09\/18141901\/Coruja_Concursos%404x-610x1236.png 610w, https:\/\/dhg1h5j42swfq.cloudfront.net\/2020\/09\/18141901\/Coruja_Concursos%404x.png 745w\" sizes=\"auto, (max-width: 62px) 100vw, 62px\" \/><\/figure><\/div>\n\n\n\n<p class=\"has-text-align-center\">Veja os principais <a href=\"https:\/\/www.estrategiaconcursos.com.br\/blog\/concursos-abertos\/\" target=\"_blank\" rel=\"noreferrer noopener\">concursos abertos<\/a> e <a href=\"https:\/\/www.estrategiaconcursos.com.br\/blog\/concursos-2022\/\" target=\"_blank\" rel=\"noreferrer noopener\">previstos para 2022<\/a>, com altos sal\u00e1rios que oferecem oportunidades para todos os n\u00edveis de escolaridade!<\/p>\n\n\n\n<div class=\"container\" id=\"boxes\">\n  <div class=\"row\">\n\n    <div class=\"col-sm\" id=\"boxes-concursos\">\n      <div style=\"background-color: #005DAD;\" class=\"conteudo-concursos\" id=\"box-concursos\">\n        <h3 class=\"titulo-assinatura\">Concursos Abertos<\/h3>\n        <p class=\"subtitulo-assinatura\">Confira os editais publicados<\/p>\n        <div class=\"box-botao\">\n          <a class=\"btn-assinatura\" target=\"_blank\" href=\"https:\/\/www.estrategiaconcursos.com.br\/blog\/concursos-abertos\/\" role=\"button\" rel=\"noopener noreferrer\">Conhe\u00e7a Agora<\/a>\n        <\/div>\n      <\/div>\n    <\/div>\n\n\n\n    <div class=\"col-sm\" id=\"boxes-concursos\">\n      <div style=\"background-color: #419FF0;\" class=\"conteudo-concursos\" id=\"box-concursos\">\n        <h3 class=\"titulo-assinatura\">Concursos 2022<\/h3>\n        <p class=\"subtitulo-assinatura\">Oportunidades previstas para o pr\u00f3ximo ano<\/p>\n        <div class=\"box-botao\">\n          <a class=\"btn-assinatura\" target=\"_blank\" href=\"https:\/\/www.estrategiaconcursos.com.br\/blog\/concursos-2022\/\" role=\"button\" rel=\"noopener noreferrer\">Conhe\u00e7a Agora<\/a>\n        <\/div>\n      <\/div>\n    <\/div>\n\n  <\/div>\n<\/div>\n","protected":false},"excerpt":{"rendered":"<p>Devido \u00e0s complica\u00e7\u00f5es causadas pela pandemia da Covid-19, diversos concursos p\u00fablicos previstos para 2020 foram postergados e, consequentemente, a publica\u00e7\u00e3o destes editais acabaram ocorrendo em 2021 ou seguem previstas para esse ano. Contudo, alguns concursos j\u00e1 foram retomados e, aos poucos, temos observado uma abertura gradual da economia e das atividades locais em estados e [&hellip;]<\/p>\n","protected":false},"author":2018,"featured_media":700064,"comment_status":"open","ping_status":"closed","sticky":false,"template":"","format":"standard","meta":{"post_tipo":"news","footnotes":""},"categories":[1,220219],"tags":[],"tax_estado":[219963],"class_list":["post-819990","post","type-post","status-publish","format-standard","has-post-thumbnail","hentry","category-cursos-e-concursos","category-noticias","tax_estado-concursos-federais"],"acf":[],"yoast_head":"<!-- This site is optimized with the Yoast SEO Premium plugin v27.2 (Yoast SEO v27.2) - https:\/\/yoast.com\/product\/yoast-seo-premium-wordpress\/ -->\n<title>Concurso p\u00fablico: quais s\u00e3o os editais previstos para 2021?<\/title>\n<meta name=\"description\" content=\"2021 permanece quent\u00edssimo na \u00e1rea de concurso p\u00fablico, com centenas de editais previstos. Confira aqui as melhores oportunidades.\" \/>\n<meta name=\"robots\" content=\"index, follow, max-snippet:-1, max-image-preview:large, max-video-preview:-1\" \/>\n<link rel=\"canonical\" href=\"https:\/\/www.estrategiaconcursos.com.br\/blog\/concurso-publico-editais-previstos-2021\/\" \/>\n<meta property=\"og:locale\" content=\"pt_BR\" \/>\n<meta property=\"og:type\" content=\"article\" \/>\n<meta property=\"og:title\" content=\"Concurso p\u00fablico: quais s\u00e3o os editais previstos para 2021?\" \/>\n<meta property=\"og:description\" content=\"2021 permanece quent\u00edssimo na \u00e1rea de concurso p\u00fablico, com centenas de editais previstos. Confira aqui as melhores oportunidades.\" \/>\n<meta property=\"og:url\" content=\"https:\/\/www.estrategiaconcursos.com.br\/blog\/concurso-publico-editais-previstos-2021\/\" \/>\n<meta property=\"og:site_name\" content=\"Estrat\u00e9gia Concursos\" \/>\n<meta property=\"article:published_time\" content=\"2021-07-28T20:41:53+00:00\" \/>\n<meta property=\"article:modified_time\" content=\"2021-07-29T12:06:04+00:00\" \/>\n<meta property=\"og:image\" content=\"https:\/\/dhg1h5j42swfq.cloudfront.net\/2021\/03\/24102410\/concursos-2021.jpg\" \/>\n\t<meta property=\"og:image:width\" content=\"1200\" \/>\n\t<meta property=\"og:image:height\" content=\"628\" \/>\n\t<meta property=\"og:image:type\" content=\"image\/jpeg\" \/>\n<meta name=\"author\" content=\"B\u00e1rbara Carvalho Santos\" \/>\n<meta name=\"twitter:card\" content=\"summary_large_image\" \/>\n<meta name=\"twitter:creator\" content=\"@EstratConcursos\" \/>\n<meta name=\"twitter:site\" content=\"@EstratConcursos\" \/>\n<meta name=\"twitter:label1\" content=\"Escrito por\" \/>\n\t<meta name=\"twitter:data1\" content=\"B\u00e1rbara Carvalho Santos\" \/>\n\t<meta name=\"twitter:label2\" content=\"Est. tempo de leitura\" \/>\n\t<meta name=\"twitter:data2\" content=\"26 minutos\" \/>\n<script type=\"application\/ld+json\" class=\"yoast-schema-graph\">{\"@context\":\"https:\/\/schema.org\",\"@graph\":[{\"@type\":\"NewsArticle\",\"@id\":\"https:\/\/www.estrategiaconcursos.com.br\/blog\/concurso-publico-editais-previstos-2021\/#article\",\"isPartOf\":{\"@id\":\"https:\/\/www.estrategiaconcursos.com.br\/blog\/concurso-publico-editais-previstos-2021\/\"},\"author\":{\"name\":\"B\u00e1rbara Carvalho Santos\",\"@id\":\"https:\/\/www.estrategiaconcursos.com.br\/blog\/#\/schema\/person\/e3882259fa157d54c44c21f4ee4e0e60\"},\"headline\":\"Concurso p\u00fablico: quais s\u00e3o os editais previstos para 2021?\",\"datePublished\":\"2021-07-28T20:41:53+00:00\",\"dateModified\":\"2021-07-29T12:06:04+00:00\",\"mainEntityOfPage\":{\"@id\":\"https:\/\/www.estrategiaconcursos.com.br\/blog\/concurso-publico-editais-previstos-2021\/\"},\"wordCount\":7181,\"commentCount\":0,\"publisher\":{\"@id\":\"https:\/\/www.estrategiaconcursos.com.br\/blog\/#organization\"},\"image\":{\"@id\":\"https:\/\/www.estrategiaconcursos.com.br\/blog\/concurso-publico-editais-previstos-2021\/#primaryimage\"},\"thumbnailUrl\":\"https:\/\/dhg1h5j42swfq.cloudfront.net\/2021\/03\/24102410\/concursos-2021.jpg\",\"articleSection\":[\"Concursos P\u00fablicos\",\"\u00daltimas not\u00edcias\"],\"inLanguage\":\"pt-BR\",\"potentialAction\":[{\"@type\":\"CommentAction\",\"name\":\"Comment\",\"target\":[\"https:\/\/www.estrategiaconcursos.com.br\/blog\/concurso-publico-editais-previstos-2021\/#respond\"]}],\"copyrightYear\":\"2021\",\"copyrightHolder\":{\"@id\":\"https:\/\/www.estrategiaconcursos.com.br\/blog\/#organization\"}},{\"@type\":\"WebPage\",\"@id\":\"https:\/\/www.estrategiaconcursos.com.br\/blog\/concurso-publico-editais-previstos-2021\/\",\"url\":\"https:\/\/www.estrategiaconcursos.com.br\/blog\/concurso-publico-editais-previstos-2021\/\",\"name\":\"Concurso p\u00fablico: quais s\u00e3o os editais previstos para 2021?\",\"isPartOf\":{\"@id\":\"https:\/\/www.estrategiaconcursos.com.br\/blog\/#website\"},\"primaryImageOfPage\":{\"@id\":\"https:\/\/www.estrategiaconcursos.com.br\/blog\/concurso-publico-editais-previstos-2021\/#primaryimage\"},\"image\":{\"@id\":\"https:\/\/www.estrategiaconcursos.com.br\/blog\/concurso-publico-editais-previstos-2021\/#primaryimage\"},\"thumbnailUrl\":\"https:\/\/dhg1h5j42swfq.cloudfront.net\/2021\/03\/24102410\/concursos-2021.jpg\",\"datePublished\":\"2021-07-28T20:41:53+00:00\",\"dateModified\":\"2021-07-29T12:06:04+00:00\",\"description\":\"2021 permanece quent\u00edssimo na \u00e1rea de concurso p\u00fablico, com centenas de editais previstos. Confira aqui as melhores oportunidades.\",\"breadcrumb\":{\"@id\":\"https:\/\/www.estrategiaconcursos.com.br\/blog\/concurso-publico-editais-previstos-2021\/#breadcrumb\"},\"inLanguage\":\"pt-BR\",\"potentialAction\":[{\"@type\":\"ReadAction\",\"target\":[\"https:\/\/www.estrategiaconcursos.com.br\/blog\/concurso-publico-editais-previstos-2021\/\"]}]},{\"@type\":\"ImageObject\",\"inLanguage\":\"pt-BR\",\"@id\":\"https:\/\/www.estrategiaconcursos.com.br\/blog\/concurso-publico-editais-previstos-2021\/#primaryimage\",\"url\":\"https:\/\/dhg1h5j42swfq.cloudfront.net\/2021\/03\/24102410\/concursos-2021.jpg\",\"contentUrl\":\"https:\/\/dhg1h5j42swfq.cloudfront.net\/2021\/03\/24102410\/concursos-2021.jpg\",\"width\":1200,\"height\":628,\"caption\":\"concursos 2022\"},{\"@type\":\"BreadcrumbList\",\"@id\":\"https:\/\/www.estrategiaconcursos.com.br\/blog\/concurso-publico-editais-previstos-2021\/#breadcrumb\",\"itemListElement\":[{\"@type\":\"ListItem\",\"position\":1,\"name\":\"In\u00edcio\",\"item\":\"https:\/\/www.estrategiaconcursos.com.br\/blog\/\"},{\"@type\":\"ListItem\",\"position\":2,\"name\":\"Concurso p\u00fablico: quais s\u00e3o os editais previstos para 2021?\"}]},{\"@type\":\"WebSite\",\"@id\":\"https:\/\/www.estrategiaconcursos.com.br\/blog\/#website\",\"url\":\"https:\/\/www.estrategiaconcursos.com.br\/blog\/\",\"name\":\"Estrat\u00e9gia Concursos\",\"description\":\"O blog da Estrat\u00e9gia Concursos traz not\u00edcias sobre concursos e artigos de professores oferecendo cursos para concursos (pdf + videaulas) no site.\",\"publisher\":{\"@id\":\"https:\/\/www.estrategiaconcursos.com.br\/blog\/#organization\"},\"potentialAction\":[{\"@type\":\"SearchAction\",\"target\":{\"@type\":\"EntryPoint\",\"urlTemplate\":\"https:\/\/www.estrategiaconcursos.com.br\/blog\/?s={search_term_string}\"},\"query-input\":{\"@type\":\"PropertyValueSpecification\",\"valueRequired\":true,\"valueName\":\"search_term_string\"}}],\"inLanguage\":\"pt-BR\"},{\"@type\":\"Organization\",\"@id\":\"https:\/\/www.estrategiaconcursos.com.br\/blog\/#organization\",\"name\":\"Estrat\u00e9gia Concursos\",\"url\":\"https:\/\/www.estrategiaconcursos.com.br\/blog\/\",\"logo\":{\"@type\":\"ImageObject\",\"inLanguage\":\"pt-BR\",\"@id\":\"https:\/\/www.estrategiaconcursos.com.br\/blog\/#\/schema\/logo\/image\/\",\"url\":\"https:\/\/dhg1h5j42swfq.cloudfront.net\/2025\/06\/03203428\/logo_concursos-1.jpg\",\"contentUrl\":\"https:\/\/dhg1h5j42swfq.cloudfront.net\/2025\/06\/03203428\/logo_concursos-1.jpg\",\"width\":230,\"height\":60,\"caption\":\"Estrat\u00e9gia Concursos\"},\"image\":{\"@id\":\"https:\/\/www.estrategiaconcursos.com.br\/blog\/#\/schema\/logo\/image\/\"},\"sameAs\":[\"https:\/\/x.com\/EstratConcursos\"]},{\"@type\":\"Person\",\"@id\":\"https:\/\/www.estrategiaconcursos.com.br\/blog\/#\/schema\/person\/e3882259fa157d54c44c21f4ee4e0e60\",\"name\":\"B\u00e1rbara Carvalho Santos\",\"image\":{\"@type\":\"ImageObject\",\"inLanguage\":\"pt-BR\",\"@id\":\"https:\/\/secure.gravatar.com\/avatar\/353300f73140f779692b9be2b39f434d1341e4e34c7f55bd5a990fe29ef352eb?s=96&d=mm&r=g\",\"url\":\"https:\/\/secure.gravatar.com\/avatar\/353300f73140f779692b9be2b39f434d1341e4e34c7f55bd5a990fe29ef352eb?s=96&d=mm&r=g\",\"contentUrl\":\"https:\/\/secure.gravatar.com\/avatar\/353300f73140f779692b9be2b39f434d1341e4e34c7f55bd5a990fe29ef352eb?s=96&d=mm&r=g\",\"caption\":\"B\u00e1rbara Carvalho Santos\"},\"description\":\"M\u00e3e e jornalista formada pela UNIP, possui ampla experi\u00eancia na cobertura de entretenimento em grandes ve\u00edculos, como o site da CNN, RedeTV! e Estrat\u00e9gia Educacional. Atuou tamb\u00e9m em ag\u00eancias de marketing, produtoras musicais e assessorias de imprensa, com foco especial no trabalho com personalidades p\u00fablicas. Atualmente, integra a equipe do Estrat\u00e9gia Concursos, onde \u00e9 respons\u00e1vel pela produ\u00e7\u00e3o de conte\u00fados estrat\u00e9gicos voltados para o setor de concursos p\u00fablicos, com destaque para a \u00e1rea fiscal, gest\u00e3o, controle, concursos administrativos e Minist\u00e9rios participantes do CNU, al\u00e9m de diversos \u00f3rg\u00e3os federais. Tem como miss\u00e3o transformar informa\u00e7\u00f5es complexas em conte\u00fados acess\u00edveis, relevantes e de alto valor para quem sonha com uma carreira no servi\u00e7o p\u00fablico.\",\"url\":\"https:\/\/www.estrategiaconcursos.com.br\/blog\/author\/barbara-santos\/\"}]}<\/script>\n<!-- \/ Yoast SEO Premium plugin. -->","yoast_head_json":{"title":"Concurso p\u00fablico: quais s\u00e3o os editais previstos para 2021?","description":"2021 permanece quent\u00edssimo na \u00e1rea de concurso p\u00fablico, com centenas de editais previstos. Confira aqui as melhores oportunidades.","robots":{"index":"index","follow":"follow","max-snippet":"max-snippet:-1","max-image-preview":"max-image-preview:large","max-video-preview":"max-video-preview:-1"},"canonical":"https:\/\/www.estrategiaconcursos.com.br\/blog\/concurso-publico-editais-previstos-2021\/","og_locale":"pt_BR","og_type":"article","og_title":"Concurso p\u00fablico: quais s\u00e3o os editais previstos para 2021?","og_description":"2021 permanece quent\u00edssimo na \u00e1rea de concurso p\u00fablico, com centenas de editais previstos. Confira aqui as melhores oportunidades.","og_url":"https:\/\/www.estrategiaconcursos.com.br\/blog\/concurso-publico-editais-previstos-2021\/","og_site_name":"Estrat\u00e9gia Concursos","article_published_time":"2021-07-28T20:41:53+00:00","article_modified_time":"2021-07-29T12:06:04+00:00","og_image":[{"width":1200,"height":628,"url":"https:\/\/dhg1h5j42swfq.cloudfront.net\/2021\/03\/24102410\/concursos-2021.jpg","type":"image\/jpeg"}],"author":"B\u00e1rbara Carvalho Santos","twitter_card":"summary_large_image","twitter_creator":"@EstratConcursos","twitter_site":"@EstratConcursos","twitter_misc":{"Escrito por":"B\u00e1rbara Carvalho Santos","Est. tempo de leitura":"26 minutos"},"schema":{"@context":"https:\/\/schema.org","@graph":[{"@type":"NewsArticle","@id":"https:\/\/www.estrategiaconcursos.com.br\/blog\/concurso-publico-editais-previstos-2021\/#article","isPartOf":{"@id":"https:\/\/www.estrategiaconcursos.com.br\/blog\/concurso-publico-editais-previstos-2021\/"},"author":{"name":"B\u00e1rbara Carvalho Santos","@id":"https:\/\/www.estrategiaconcursos.com.br\/blog\/#\/schema\/person\/e3882259fa157d54c44c21f4ee4e0e60"},"headline":"Concurso p\u00fablico: quais s\u00e3o os editais previstos para 2021?","datePublished":"2021-07-28T20:41:53+00:00","dateModified":"2021-07-29T12:06:04+00:00","mainEntityOfPage":{"@id":"https:\/\/www.estrategiaconcursos.com.br\/blog\/concurso-publico-editais-previstos-2021\/"},"wordCount":7181,"commentCount":0,"publisher":{"@id":"https:\/\/www.estrategiaconcursos.com.br\/blog\/#organization"},"image":{"@id":"https:\/\/www.estrategiaconcursos.com.br\/blog\/concurso-publico-editais-previstos-2021\/#primaryimage"},"thumbnailUrl":"https:\/\/dhg1h5j42swfq.cloudfront.net\/2021\/03\/24102410\/concursos-2021.jpg","articleSection":["Concursos P\u00fablicos","\u00daltimas not\u00edcias"],"inLanguage":"pt-BR","potentialAction":[{"@type":"CommentAction","name":"Comment","target":["https:\/\/www.estrategiaconcursos.com.br\/blog\/concurso-publico-editais-previstos-2021\/#respond"]}],"copyrightYear":"2021","copyrightHolder":{"@id":"https:\/\/www.estrategiaconcursos.com.br\/blog\/#organization"}},{"@type":"WebPage","@id":"https:\/\/www.estrategiaconcursos.com.br\/blog\/concurso-publico-editais-previstos-2021\/","url":"https:\/\/www.estrategiaconcursos.com.br\/blog\/concurso-publico-editais-previstos-2021\/","name":"Concurso p\u00fablico: quais s\u00e3o os editais previstos para 2021?","isPartOf":{"@id":"https:\/\/www.estrategiaconcursos.com.br\/blog\/#website"},"primaryImageOfPage":{"@id":"https:\/\/www.estrategiaconcursos.com.br\/blog\/concurso-publico-editais-previstos-2021\/#primaryimage"},"image":{"@id":"https:\/\/www.estrategiaconcursos.com.br\/blog\/concurso-publico-editais-previstos-2021\/#primaryimage"},"thumbnailUrl":"https:\/\/dhg1h5j42swfq.cloudfront.net\/2021\/03\/24102410\/concursos-2021.jpg","datePublished":"2021-07-28T20:41:53+00:00","dateModified":"2021-07-29T12:06:04+00:00","description":"2021 permanece quent\u00edssimo na \u00e1rea de concurso p\u00fablico, com centenas de editais previstos. Confira aqui as melhores oportunidades.","breadcrumb":{"@id":"https:\/\/www.estrategiaconcursos.com.br\/blog\/concurso-publico-editais-previstos-2021\/#breadcrumb"},"inLanguage":"pt-BR","potentialAction":[{"@type":"ReadAction","target":["https:\/\/www.estrategiaconcursos.com.br\/blog\/concurso-publico-editais-previstos-2021\/"]}]},{"@type":"ImageObject","inLanguage":"pt-BR","@id":"https:\/\/www.estrategiaconcursos.com.br\/blog\/concurso-publico-editais-previstos-2021\/#primaryimage","url":"https:\/\/dhg1h5j42swfq.cloudfront.net\/2021\/03\/24102410\/concursos-2021.jpg","contentUrl":"https:\/\/dhg1h5j42swfq.cloudfront.net\/2021\/03\/24102410\/concursos-2021.jpg","width":1200,"height":628,"caption":"concursos 2022"},{"@type":"BreadcrumbList","@id":"https:\/\/www.estrategiaconcursos.com.br\/blog\/concurso-publico-editais-previstos-2021\/#breadcrumb","itemListElement":[{"@type":"ListItem","position":1,"name":"In\u00edcio","item":"https:\/\/www.estrategiaconcursos.com.br\/blog\/"},{"@type":"ListItem","position":2,"name":"Concurso p\u00fablico: quais s\u00e3o os editais previstos para 2021?"}]},{"@type":"WebSite","@id":"https:\/\/www.estrategiaconcursos.com.br\/blog\/#website","url":"https:\/\/www.estrategiaconcursos.com.br\/blog\/","name":"Estrat\u00e9gia Concursos","description":"O blog da Estrat\u00e9gia Concursos traz not\u00edcias sobre concursos e artigos de professores oferecendo cursos para concursos (pdf + videaulas) no site.","publisher":{"@id":"https:\/\/www.estrategiaconcursos.com.br\/blog\/#organization"},"potentialAction":[{"@type":"SearchAction","target":{"@type":"EntryPoint","urlTemplate":"https:\/\/www.estrategiaconcursos.com.br\/blog\/?s={search_term_string}"},"query-input":{"@type":"PropertyValueSpecification","valueRequired":true,"valueName":"search_term_string"}}],"inLanguage":"pt-BR"},{"@type":"Organization","@id":"https:\/\/www.estrategiaconcursos.com.br\/blog\/#organization","name":"Estrat\u00e9gia Concursos","url":"https:\/\/www.estrategiaconcursos.com.br\/blog\/","logo":{"@type":"ImageObject","inLanguage":"pt-BR","@id":"https:\/\/www.estrategiaconcursos.com.br\/blog\/#\/schema\/logo\/image\/","url":"https:\/\/dhg1h5j42swfq.cloudfront.net\/2025\/06\/03203428\/logo_concursos-1.jpg","contentUrl":"https:\/\/dhg1h5j42swfq.cloudfront.net\/2025\/06\/03203428\/logo_concursos-1.jpg","width":230,"height":60,"caption":"Estrat\u00e9gia Concursos"},"image":{"@id":"https:\/\/www.estrategiaconcursos.com.br\/blog\/#\/schema\/logo\/image\/"},"sameAs":["https:\/\/x.com\/EstratConcursos"]},{"@type":"Person","@id":"https:\/\/www.estrategiaconcursos.com.br\/blog\/#\/schema\/person\/e3882259fa157d54c44c21f4ee4e0e60","name":"B\u00e1rbara Carvalho Santos","image":{"@type":"ImageObject","inLanguage":"pt-BR","@id":"https:\/\/secure.gravatar.com\/avatar\/353300f73140f779692b9be2b39f434d1341e4e34c7f55bd5a990fe29ef352eb?s=96&d=mm&r=g","url":"https:\/\/secure.gravatar.com\/avatar\/353300f73140f779692b9be2b39f434d1341e4e34c7f55bd5a990fe29ef352eb?s=96&d=mm&r=g","contentUrl":"https:\/\/secure.gravatar.com\/avatar\/353300f73140f779692b9be2b39f434d1341e4e34c7f55bd5a990fe29ef352eb?s=96&d=mm&r=g","caption":"B\u00e1rbara Carvalho Santos"},"description":"M\u00e3e e jornalista formada pela UNIP, possui ampla experi\u00eancia na cobertura de entretenimento em grandes ve\u00edculos, como o site da CNN, RedeTV! e Estrat\u00e9gia Educacional. Atuou tamb\u00e9m em ag\u00eancias de marketing, produtoras musicais e assessorias de imprensa, com foco especial no trabalho com personalidades p\u00fablicas. Atualmente, integra a equipe do Estrat\u00e9gia Concursos, onde \u00e9 respons\u00e1vel pela produ\u00e7\u00e3o de conte\u00fados estrat\u00e9gicos voltados para o setor de concursos p\u00fablicos, com destaque para a \u00e1rea fiscal, gest\u00e3o, controle, concursos administrativos e Minist\u00e9rios participantes do CNU, al\u00e9m de diversos \u00f3rg\u00e3os federais. Tem como miss\u00e3o transformar informa\u00e7\u00f5es complexas em conte\u00fados acess\u00edveis, relevantes e de alto valor para quem sonha com uma carreira no servi\u00e7o p\u00fablico.","url":"https:\/\/www.estrategiaconcursos.com.br\/blog\/author\/barbara-santos\/"}]}},"_links":{"self":[{"href":"https:\/\/www.estrategiaconcursos.com.br\/blog\/wp-json\/wp\/v2\/posts\/819990","targetHints":{"allow":["GET"]}}],"collection":[{"href":"https:\/\/www.estrategiaconcursos.com.br\/blog\/wp-json\/wp\/v2\/posts"}],"about":[{"href":"https:\/\/www.estrategiaconcursos.com.br\/blog\/wp-json\/wp\/v2\/types\/post"}],"author":[{"embeddable":true,"href":"https:\/\/www.estrategiaconcursos.com.br\/blog\/wp-json\/wp\/v2\/users\/2018"}],"replies":[{"embeddable":true,"href":"https:\/\/www.estrategiaconcursos.com.br\/blog\/wp-json\/wp\/v2\/comments?post=819990"}],"version-history":[{"count":17,"href":"https:\/\/www.estrategiaconcursos.com.br\/blog\/wp-json\/wp\/v2\/posts\/819990\/revisions"}],"predecessor-version":[{"id":824657,"href":"https:\/\/www.estrategiaconcursos.com.br\/blog\/wp-json\/wp\/v2\/posts\/819990\/revisions\/824657"}],"wp:featuredmedia":[{"embeddable":true,"href":"https:\/\/www.estrategiaconcursos.com.br\/blog\/wp-json\/wp\/v2\/media\/700064"}],"wp:attachment":[{"href":"https:\/\/www.estrategiaconcursos.com.br\/blog\/wp-json\/wp\/v2\/media?parent=819990"}],"wp:term":[{"taxonomy":"category","embeddable":true,"href":"https:\/\/www.estrategiaconcursos.com.br\/blog\/wp-json\/wp\/v2\/categories?post=819990"},{"taxonomy":"post_tag","embeddable":true,"href":"https:\/\/www.estrategiaconcursos.com.br\/blog\/wp-json\/wp\/v2\/tags?post=819990"},{"taxonomy":"tax_estado","embeddable":true,"href":"https:\/\/www.estrategiaconcursos.com.br\/blog\/wp-json\/wp\/v2\/tax_estado?post=819990"}],"curies":[{"name":"wp","href":"https:\/\/api.w.org\/{rel}","templated":true}]}}