{"id":819560,"date":"2021-07-22T15:59:00","date_gmt":"2021-07-22T18:59:00","guid":{"rendered":"https:\/\/www.estrategiaconcursos.com.br\/blog\/?p=819560"},"modified":"2022-04-28T17:46:44","modified_gmt":"2022-04-28T20:46:44","slug":"concurso-pericia-oficial-al-edital-no-inicio-de-2022","status":"publish","type":"post","link":"https:\/\/www.estrategiaconcursos.com.br\/blog\/concurso-pericia-oficial-al-edital-no-inicio-de-2022\/","title":{"rendered":"Concurso Per\u00edcia Oficial AL: edital no in\u00edcio de 2022"},"content":{"rendered":"\n<p>O secret\u00e1rio de Planejamento, Gest\u00e3o e Patrim\u00f4nio de Alagoas, Fabr\u00edcio Marques, afirmou que o edital do <strong>concurso Per\u00edcia Oficial AL<\/strong> deve ficar para o in\u00edcio de 2022 em raz\u00e3o das dificuldades impostas pela Lei Complementar (LC) 173\/2020.<\/p>\n\n\n\n<p><em>\u201cA Lei Complementar 173, sancionada durante a pandemia, nos trouxe algumas veda\u00e7\u00f5es, uma delas \u00e9 na realiza\u00e7\u00e3o de concursos p\u00fablicos. Hoje, para soltarmos um edital, \u00e9 preciso, antes, que cumpramos muitas etapas. \u00c9 preciso ter vac\u00e2ncia dos cargos, por exemplo. No caso do concurso da Per\u00edcia Oficial, a expectativa \u00e9 para o in\u00edcio do ano que vem&#8221;<\/em><\/p>\n\n\n\n<p>A LC 173\/2020 foi publicada para estabelecer uma um diretriz fiscal provis\u00f3ria para organizar as contas p\u00fablicas durante a pandemia de covid-19. Entre as restri\u00e7\u00f5es definidas pela norma est\u00e1 a proibi\u00e7\u00e3o de aumento nas despesas p\u00fablicas de crescimento no gasto com servidores p\u00fablicos.<\/p>\n\n\n\n<p>A Lei Complementar 173\/2020 veda at\u00e9 <strong>31 de dezembro de 2021<\/strong>:<\/p>\n\n\n\n<ul class=\"wp-block-list\"><li>a concess\u00e3o de qualquer aumento, reajuste ou adequa\u00e7\u00e3o de remunera\u00e7\u00e3o a membros de Poder, de \u00f3rg\u00e3o, servidores e empregados p\u00fablicos e militares;<\/li><li>a cria\u00e7\u00e3o ou aumento de aux\u00edlios, vantagens, b\u00f4nus, abonos, verbas de representa\u00e7\u00e3o ou benef\u00edcios, inclusive os de cunho indenizat\u00f3rio em favor de membros de Poder, do Minist\u00e9rio P\u00fablico ou da Defensoria P\u00fablica e de servidores e empregados p\u00fablicos e militares, ou ainda de seus dependentes,<\/li><li>a altera\u00e7\u00e3o da estrutura de carreira ou de criar cargo, emprego ou fun\u00e7\u00e3o que implique aumento de despesa;<\/li><li>admiss\u00e3o ou contrata\u00e7\u00e3o de pessoal, a qualquer t\u00edtulo;<\/li><li>realiza\u00e7\u00e3o de&nbsp; concurso p\u00fablico (exceto para reposi\u00e7\u00e3o de vac\u00e2ncias).<\/li><\/ul>\n\n\n\n<p>O <strong><a href=\"https:\/\/dhg1h5j42swfq.cloudfront.net\/2020\/12\/15121926\/edital-pericia-oficial-de-alagoas-2013-1.pdf\" target=\"_blank\" rel=\"noreferrer noopener nofollow\">edital<\/a><\/strong> do \u00faltimo concurso Per\u00edcia Oficial AL foi lan\u00e7ado em 2013. A sele\u00e7\u00e3o foi organizada pelo Cebraspe (Centro Brasileiro de Pesquisa em Sele\u00e7\u00e3o e de Promo\u00e7\u00e3o de Eventos) e ofertou 37 vagas para Perito Criminal, Perito M\u00e9dico-Legista, Papiloscopista e T\u00e9cnico Forense.<\/p>\n\n\n\n<p>O certame foi constitu\u00eddo pelas seguintes etapas:<\/p>\n\n\n\n<ul class=\"wp-block-list\"><li>Provas objetivas;<\/li><li>Prova discursiva (n\u00edvel superior);<\/li><li>Prova de capacidade f\u00edsica;<\/li><li>Avalia\u00e7\u00e3o psicol\u00f3gica;<\/li><li>Investiga\u00e7\u00e3o social e de conduta pessoal.<\/li><\/ul>\n\n\n\n<p class=\"has-text-align-center\">Para saber todas as informa\u00e7\u00f5es sobre o concurso Per\u00edcia Oficial AL acesse o artigo abaixo:<\/p>\n\n\n\n<p class=\"has-text-align-center has-cyan-bluish-gray-background-color has-background\"><strong>Saiba mais: <a href=\"https:\/\/www.estrategiaconcursos.com.br\/blog\/concurso-pericia-oficial-al\/\" target=\"_blank\" rel=\"noreferrer noopener\">concurso Per\u00edcia Oficial AL<\/a><\/strong><\/p>\n\n\n\n<h2 class=\"has-text-align-center wp-block-heading\" id=\"cursos-assinatura\"><br \/><strong><em>Quer estudar para o concurso Per\u00edcia Oficial AL<\/em><\/strong><em>?<\/em><\/h2>\n\n\n\n<div class=\"container\" id=\"boxes\">\n  <div class=\"row\">\n\n    <div class=\"col-sm\">\n      <div class=\"banner-policial\" id=\"box-assinatura\">\n        <h3 class=\"titulo-assinatura\">Curso Per\u00edcia Oficial AL<\/h3>\n        <p class=\"subtitulo-assinatura\">Conhe\u00e7a os cursos<\/p>\n        <div class=\"box-botao\">\n          <a class=\"btn-assinatura\" target=\"_blank\" href=\"https:\/\/www.estrategiaconcursos.com.br\/cursosPorConcurso\/pericia-oficial-do-estado-de-alagoas-poal\/\" role=\"button\" rel=\"noopener noreferrer\">Conhe\u00e7a mais<\/a>\n        <\/div>\n      <\/div>\n      <p class=\"texto-auxiliar\">Prepare-se com o melhor material e com quem mais aprova em Concursos P\u00fablicos em todo o pa\u00eds. <\/p>\n    <\/div>\n\n  <\/div>\n<\/div>\n\n\n\n<div class=\"container\" id=\"boxes\">\n  <div class=\"row\">\n\n    <div class=\"col-sm\">\n      <div class=\"estrategia\" id=\"box-assinatura\">\n        <h3 class=\"titulo-assinatura\">Assinatura de Concursos<\/h3>\n        <p class=\"subtitulo-assinatura\">Assinatura de 1 ou 2 anos<\/p>\n        <div class=\"box-botao\">\n          <a class=\"btn-assinatura\" target=\"_blank\" href=\"https:\/\/www.estrategiaconcursos.com.br\/assinaturas\/\" role=\"button\" rel=\"noopener noreferrer\">ASSINE AGORA<\/a>\n        <\/div>\n      <\/div>\n      <p class=\"texto-auxiliar\"><\/p>\n    <\/div>\n\n    <div class=\"col-sm\">\n      <div class=\"questoes\" id=\"box-assinatura\">\n        <h3 class=\"titulo-assinatura\">Sistema de Quest\u00f5es<\/h3>\n        <p class=\"subtitulo-assinatura\">Assinatura de 1 ou 2 anos<\/p>\n        <div class=\"box-botao\">\n          <a class=\"btn-assinatura\" target=\"_blank\" href=\"https:\/\/www.estrategiaconcursos.com.br\/cursosPorConcurso\/sistema-de-questoes\/#\/\" role=\"button\" rel=\"noopener noreferrer\">ASSINE AGORA<\/a>\n        <\/div>\n      <\/div>\n      <p class=\"texto-auxiliar\"><\/p>\n    <\/div>\n  <\/div>\n<\/div>\n\n\n\n<div class=\"container\" id=\"boxes\">\n  <div class=\"row\">\n\n    <div class=\"col-sm\" id=\"boxes-concursos\">\n      <div style=\"background-color: #005DAD;\" class=\"conteudo-concursos\" id=\"box-concursos\">\n        <h3 class=\"titulo-assinatura\">Concursos Abertos<\/h3>\n        <p class=\"subtitulo-assinatura\">Os editais publicados<\/p>\n        <div class=\"box-botao\">\n          <a class=\"btn-assinatura\" target=\"_blank\" href=\"https:\/\/www.estrategiaconcursos.com.br\/blog\/concursos-abertos\/\" role=\"button\" rel=\"noopener noreferrer\">Conhe\u00e7a Agora<\/a>\n        <\/div>\n      <\/div>\n    <\/div>\n\n    <div class=\"col-sm\" id=\"boxes-concursos\">\n      <div style=\"background-color: #1A7ED5;\" class=\"conteudo-concursos\" id=\"box-concursos\">\n        <h3 class=\"titulo-assinatura\">Concursos 2021<\/h3>\n        <p class=\"subtitulo-assinatura\">As oportunidades previstas<\/p>\n        <div class=\"box-botao\">\n          <a class=\"btn-assinatura\" target=\"_blank\" href=\"https:\/\/www.estrategiaconcursos.com.br\/blog\/concursos-2021\/\" role=\"button\" rel=\"noopener noreferrer\">Conhe\u00e7a Agora<\/a>\n        <\/div>\n      <\/div>\n    <\/div>\n\n    <div class=\"col-sm\" id=\"boxes-concursos\">\n      <div style=\"background-color: #419FF0;\" class=\"conteudo-concursos\" id=\"box-concursos\">\n        <h3 class=\"titulo-assinatura\">Concursos 2022<\/h3>\n        <p class=\"subtitulo-assinatura\">Vagas para o pr\u00f3ximo ano<\/p>\n        <div class=\"box-botao\">\n          <a class=\"btn-assinatura\" target=\"_blank\" href=\"https:\/\/www.estrategiaconcursos.com.br\/blog\/concursos-2022\/\" role=\"button\" rel=\"noopener noreferrer\">Conhe\u00e7a Agora<\/a>\n        <\/div>\n      <\/div>\n    <\/div>\n\n  <\/div>\n<\/div>\n","protected":false},"excerpt":{"rendered":"<p>O secret\u00e1rio de Planejamento, Gest\u00e3o e Patrim\u00f4nio de Alagoas, Fabr\u00edcio Marques, afirmou que o edital do concurso Per\u00edcia Oficial AL deve ficar para o in\u00edcio de 2022 em raz\u00e3o das dificuldades impostas pela Lei Complementar (LC) 173\/2020. \u201cA Lei Complementar 173, sancionada durante a pandemia, nos trouxe algumas veda\u00e7\u00f5es, uma delas \u00e9 na realiza\u00e7\u00e3o de [&hellip;]<\/p>\n","protected":false},"author":1,"featured_media":702309,"comment_status":"open","ping_status":"closed","sticky":false,"template":"","format":"standard","meta":{"post_tipo":"news","footnotes":""},"categories":[220190,220219],"tags":[],"tax_estado":[219965],"class_list":["post-819560","post","type-post","status-publish","format-standard","has-post-thumbnail","hentry","category-policial-peritos","category-noticias","tax_estado-al"],"acf":[],"yoast_head":"<!-- This site is optimized with the Yoast SEO Premium plugin v27.2 (Yoast SEO v27.2) - https:\/\/yoast.com\/product\/yoast-seo-premium-wordpress\/ -->\n<title>Concurso Per\u00edcia Oficial AL: edital no in\u00edcio de 2022<\/title>\n<meta name=\"description\" content=\"O edital do concurso Per\u00edcia Oficial AL deve ficar para o in\u00edcio de 2022 em raz\u00e3o das dificuldades impostas pela Lei Complementar 173\/2020.\" \/>\n<meta name=\"robots\" content=\"index, follow, max-snippet:-1, max-image-preview:large, max-video-preview:-1\" \/>\n<link rel=\"canonical\" href=\"https:\/\/www.estrategiaconcursos.com.br\/blog\/concurso-pericia-oficial-al-edital-no-inicio-de-2022\/\" \/>\n<meta property=\"og:locale\" content=\"pt_BR\" \/>\n<meta property=\"og:type\" content=\"article\" \/>\n<meta property=\"og:title\" content=\"Concurso Per\u00edcia Oficial AL: edital no in\u00edcio de 2022\" \/>\n<meta property=\"og:description\" content=\"O edital do concurso Per\u00edcia Oficial AL deve ficar para o in\u00edcio de 2022 em raz\u00e3o das dificuldades impostas pela Lei Complementar 173\/2020.\" \/>\n<meta property=\"og:url\" content=\"https:\/\/www.estrategiaconcursos.com.br\/blog\/concurso-pericia-oficial-al-edital-no-inicio-de-2022\/\" \/>\n<meta property=\"og:site_name\" content=\"Estrat\u00e9gia Concursos\" \/>\n<meta property=\"article:author\" content=\"https:\/\/www.facebook.com\/EstrategiaConcursos\" \/>\n<meta property=\"article:published_time\" content=\"2021-07-22T18:59:00+00:00\" \/>\n<meta property=\"article:modified_time\" content=\"2022-04-28T20:46:44+00:00\" \/>\n<meta property=\"og:image\" content=\"https:\/\/dhg1h5j42swfq.cloudfront.net\/2021\/02\/26163115\/pericia_oficial_al.jpg\" \/>\n\t<meta property=\"og:image:width\" content=\"1200\" \/>\n\t<meta property=\"og:image:height\" content=\"628\" \/>\n\t<meta property=\"og:image:type\" content=\"image\/jpeg\" \/>\n<meta name=\"author\" content=\"Coordena\u00e7\u00e3o\" \/>\n<meta name=\"twitter:card\" content=\"summary_large_image\" \/>\n<meta name=\"twitter:creator\" content=\"@EstratConcursos\" \/>\n<meta name=\"twitter:site\" content=\"@EstratConcursos\" \/>\n<meta name=\"twitter:label1\" content=\"Escrito por\" \/>\n\t<meta name=\"twitter:data1\" content=\"Coordena\u00e7\u00e3o\" \/>\n\t<meta name=\"twitter:label2\" content=\"Est. tempo de leitura\" \/>\n\t<meta name=\"twitter:data2\" content=\"3 minutos\" \/>\n<script type=\"application\/ld+json\" class=\"yoast-schema-graph\">{\"@context\":\"https:\/\/schema.org\",\"@graph\":[{\"@type\":\"NewsArticle\",\"@id\":\"https:\/\/www.estrategiaconcursos.com.br\/blog\/concurso-pericia-oficial-al-edital-no-inicio-de-2022\/#article\",\"isPartOf\":{\"@id\":\"https:\/\/www.estrategiaconcursos.com.br\/blog\/concurso-pericia-oficial-al-edital-no-inicio-de-2022\/\"},\"author\":{\"name\":\"Coordena\u00e7\u00e3o\",\"@id\":\"https:\/\/www.estrategiaconcursos.com.br\/blog\/#\/schema\/person\/b4a388c97673c5f483d72185668afa1f\"},\"headline\":\"Concurso Per\u00edcia Oficial AL: edital no in\u00edcio de 2022\",\"datePublished\":\"2021-07-22T18:59:00+00:00\",\"dateModified\":\"2022-04-28T20:46:44+00:00\",\"mainEntityOfPage\":{\"@id\":\"https:\/\/www.estrategiaconcursos.com.br\/blog\/concurso-pericia-oficial-al-edital-no-inicio-de-2022\/\"},\"wordCount\":479,\"commentCount\":0,\"publisher\":{\"@id\":\"https:\/\/www.estrategiaconcursos.com.br\/blog\/#organization\"},\"image\":{\"@id\":\"https:\/\/www.estrategiaconcursos.com.br\/blog\/concurso-pericia-oficial-al-edital-no-inicio-de-2022\/#primaryimage\"},\"thumbnailUrl\":\"https:\/\/dhg1h5j42swfq.cloudfront.net\/2021\/02\/26163115\/pericia_oficial_al.jpg\",\"articleSection\":[\"Policial (Peritos, Papiloscopistas)\",\"\u00daltimas not\u00edcias\"],\"inLanguage\":\"pt-BR\",\"potentialAction\":[{\"@type\":\"CommentAction\",\"name\":\"Comment\",\"target\":[\"https:\/\/www.estrategiaconcursos.com.br\/blog\/concurso-pericia-oficial-al-edital-no-inicio-de-2022\/#respond\"]}],\"copyrightYear\":\"2021\",\"copyrightHolder\":{\"@id\":\"https:\/\/www.estrategiaconcursos.com.br\/blog\/#organization\"}},{\"@type\":\"WebPage\",\"@id\":\"https:\/\/www.estrategiaconcursos.com.br\/blog\/concurso-pericia-oficial-al-edital-no-inicio-de-2022\/\",\"url\":\"https:\/\/www.estrategiaconcursos.com.br\/blog\/concurso-pericia-oficial-al-edital-no-inicio-de-2022\/\",\"name\":\"Concurso Per\u00edcia Oficial AL: edital no in\u00edcio de 2022\",\"isPartOf\":{\"@id\":\"https:\/\/www.estrategiaconcursos.com.br\/blog\/#website\"},\"primaryImageOfPage\":{\"@id\":\"https:\/\/www.estrategiaconcursos.com.br\/blog\/concurso-pericia-oficial-al-edital-no-inicio-de-2022\/#primaryimage\"},\"image\":{\"@id\":\"https:\/\/www.estrategiaconcursos.com.br\/blog\/concurso-pericia-oficial-al-edital-no-inicio-de-2022\/#primaryimage\"},\"thumbnailUrl\":\"https:\/\/dhg1h5j42swfq.cloudfront.net\/2021\/02\/26163115\/pericia_oficial_al.jpg\",\"datePublished\":\"2021-07-22T18:59:00+00:00\",\"dateModified\":\"2022-04-28T20:46:44+00:00\",\"description\":\"O edital do concurso Per\u00edcia Oficial AL deve ficar para o in\u00edcio de 2022 em raz\u00e3o das dificuldades impostas pela Lei Complementar 173\/2020.\",\"breadcrumb\":{\"@id\":\"https:\/\/www.estrategiaconcursos.com.br\/blog\/concurso-pericia-oficial-al-edital-no-inicio-de-2022\/#breadcrumb\"},\"inLanguage\":\"pt-BR\",\"potentialAction\":[{\"@type\":\"ReadAction\",\"target\":[\"https:\/\/www.estrategiaconcursos.com.br\/blog\/concurso-pericia-oficial-al-edital-no-inicio-de-2022\/\"]}]},{\"@type\":\"ImageObject\",\"inLanguage\":\"pt-BR\",\"@id\":\"https:\/\/www.estrategiaconcursos.com.br\/blog\/concurso-pericia-oficial-al-edital-no-inicio-de-2022\/#primaryimage\",\"url\":\"https:\/\/dhg1h5j42swfq.cloudfront.net\/2021\/02\/26163115\/pericia_oficial_al.jpg\",\"contentUrl\":\"https:\/\/dhg1h5j42swfq.cloudfront.net\/2021\/02\/26163115\/pericia_oficial_al.jpg\",\"width\":1200,\"height\":628,\"caption\":\"Per\u00edcia Oficial AL\"},{\"@type\":\"BreadcrumbList\",\"@id\":\"https:\/\/www.estrategiaconcursos.com.br\/blog\/concurso-pericia-oficial-al-edital-no-inicio-de-2022\/#breadcrumb\",\"itemListElement\":[{\"@type\":\"ListItem\",\"position\":1,\"name\":\"In\u00edcio\",\"item\":\"https:\/\/www.estrategiaconcursos.com.br\/blog\/\"},{\"@type\":\"ListItem\",\"position\":2,\"name\":\"Concurso Per\u00edcia Oficial AL: edital no in\u00edcio de 2022\"}]},{\"@type\":\"WebSite\",\"@id\":\"https:\/\/www.estrategiaconcursos.com.br\/blog\/#website\",\"url\":\"https:\/\/www.estrategiaconcursos.com.br\/blog\/\",\"name\":\"Estrat\u00e9gia Concursos\",\"description\":\"O blog da Estrat\u00e9gia Concursos traz not\u00edcias sobre concursos e artigos de professores oferecendo cursos para concursos (pdf + videaulas) no site.\",\"publisher\":{\"@id\":\"https:\/\/www.estrategiaconcursos.com.br\/blog\/#organization\"},\"potentialAction\":[{\"@type\":\"SearchAction\",\"target\":{\"@type\":\"EntryPoint\",\"urlTemplate\":\"https:\/\/www.estrategiaconcursos.com.br\/blog\/?s={search_term_string}\"},\"query-input\":{\"@type\":\"PropertyValueSpecification\",\"valueRequired\":true,\"valueName\":\"search_term_string\"}}],\"inLanguage\":\"pt-BR\"},{\"@type\":\"Organization\",\"@id\":\"https:\/\/www.estrategiaconcursos.com.br\/blog\/#organization\",\"name\":\"Estrat\u00e9gia Concursos\",\"url\":\"https:\/\/www.estrategiaconcursos.com.br\/blog\/\",\"logo\":{\"@type\":\"ImageObject\",\"inLanguage\":\"pt-BR\",\"@id\":\"https:\/\/www.estrategiaconcursos.com.br\/blog\/#\/schema\/logo\/image\/\",\"url\":\"https:\/\/dhg1h5j42swfq.cloudfront.net\/2025\/06\/03203428\/logo_concursos-1.jpg\",\"contentUrl\":\"https:\/\/dhg1h5j42swfq.cloudfront.net\/2025\/06\/03203428\/logo_concursos-1.jpg\",\"width\":230,\"height\":60,\"caption\":\"Estrat\u00e9gia Concursos\"},\"image\":{\"@id\":\"https:\/\/www.estrategiaconcursos.com.br\/blog\/#\/schema\/logo\/image\/\"},\"sameAs\":[\"https:\/\/x.com\/EstratConcursos\"]},{\"@type\":\"Person\",\"@id\":\"https:\/\/www.estrategiaconcursos.com.br\/blog\/#\/schema\/person\/b4a388c97673c5f483d72185668afa1f\",\"name\":\"Coordena\u00e7\u00e3o\",\"image\":{\"@type\":\"ImageObject\",\"inLanguage\":\"pt-BR\",\"@id\":\"https:\/\/secure.gravatar.com\/avatar\/b720319e4c9a967eb58678d110f4fe35452fc5d5f97b202bac7b8acceb18c6ad?s=96&d=mm&r=g\",\"url\":\"https:\/\/secure.gravatar.com\/avatar\/b720319e4c9a967eb58678d110f4fe35452fc5d5f97b202bac7b8acceb18c6ad?s=96&d=mm&r=g\",\"contentUrl\":\"https:\/\/secure.gravatar.com\/avatar\/b720319e4c9a967eb58678d110f4fe35452fc5d5f97b202bac7b8acceb18c6ad?s=96&d=mm&r=g\",\"caption\":\"Coordena\u00e7\u00e3o\"},\"sameAs\":[\"https:\/\/www.facebook.com\/EstrategiaConcursos\",\"https:\/\/x.com\/EstratConcursos\"],\"url\":\"https:\/\/www.estrategiaconcursos.com.br\/blog\/author\/estrategia2013\/\"}]}<\/script>\n<!-- \/ Yoast SEO Premium plugin. -->","yoast_head_json":{"title":"Concurso Per\u00edcia Oficial AL: edital no in\u00edcio de 2022","description":"O edital do concurso Per\u00edcia Oficial AL deve ficar para o in\u00edcio de 2022 em raz\u00e3o das dificuldades impostas pela Lei Complementar 173\/2020.","robots":{"index":"index","follow":"follow","max-snippet":"max-snippet:-1","max-image-preview":"max-image-preview:large","max-video-preview":"max-video-preview:-1"},"canonical":"https:\/\/www.estrategiaconcursos.com.br\/blog\/concurso-pericia-oficial-al-edital-no-inicio-de-2022\/","og_locale":"pt_BR","og_type":"article","og_title":"Concurso Per\u00edcia Oficial AL: edital no in\u00edcio de 2022","og_description":"O edital do concurso Per\u00edcia Oficial AL deve ficar para o in\u00edcio de 2022 em raz\u00e3o das dificuldades impostas pela Lei Complementar 173\/2020.","og_url":"https:\/\/www.estrategiaconcursos.com.br\/blog\/concurso-pericia-oficial-al-edital-no-inicio-de-2022\/","og_site_name":"Estrat\u00e9gia Concursos","article_author":"https:\/\/www.facebook.com\/EstrategiaConcursos","article_published_time":"2021-07-22T18:59:00+00:00","article_modified_time":"2022-04-28T20:46:44+00:00","og_image":[{"width":1200,"height":628,"url":"https:\/\/dhg1h5j42swfq.cloudfront.net\/2021\/02\/26163115\/pericia_oficial_al.jpg","type":"image\/jpeg"}],"author":"Coordena\u00e7\u00e3o","twitter_card":"summary_large_image","twitter_creator":"@EstratConcursos","twitter_site":"@EstratConcursos","twitter_misc":{"Escrito por":"Coordena\u00e7\u00e3o","Est. tempo de leitura":"3 minutos"},"schema":{"@context":"https:\/\/schema.org","@graph":[{"@type":"NewsArticle","@id":"https:\/\/www.estrategiaconcursos.com.br\/blog\/concurso-pericia-oficial-al-edital-no-inicio-de-2022\/#article","isPartOf":{"@id":"https:\/\/www.estrategiaconcursos.com.br\/blog\/concurso-pericia-oficial-al-edital-no-inicio-de-2022\/"},"author":{"name":"Coordena\u00e7\u00e3o","@id":"https:\/\/www.estrategiaconcursos.com.br\/blog\/#\/schema\/person\/b4a388c97673c5f483d72185668afa1f"},"headline":"Concurso Per\u00edcia Oficial AL: edital no in\u00edcio de 2022","datePublished":"2021-07-22T18:59:00+00:00","dateModified":"2022-04-28T20:46:44+00:00","mainEntityOfPage":{"@id":"https:\/\/www.estrategiaconcursos.com.br\/blog\/concurso-pericia-oficial-al-edital-no-inicio-de-2022\/"},"wordCount":479,"commentCount":0,"publisher":{"@id":"https:\/\/www.estrategiaconcursos.com.br\/blog\/#organization"},"image":{"@id":"https:\/\/www.estrategiaconcursos.com.br\/blog\/concurso-pericia-oficial-al-edital-no-inicio-de-2022\/#primaryimage"},"thumbnailUrl":"https:\/\/dhg1h5j42swfq.cloudfront.net\/2021\/02\/26163115\/pericia_oficial_al.jpg","articleSection":["Policial (Peritos, Papiloscopistas)","\u00daltimas not\u00edcias"],"inLanguage":"pt-BR","potentialAction":[{"@type":"CommentAction","name":"Comment","target":["https:\/\/www.estrategiaconcursos.com.br\/blog\/concurso-pericia-oficial-al-edital-no-inicio-de-2022\/#respond"]}],"copyrightYear":"2021","copyrightHolder":{"@id":"https:\/\/www.estrategiaconcursos.com.br\/blog\/#organization"}},{"@type":"WebPage","@id":"https:\/\/www.estrategiaconcursos.com.br\/blog\/concurso-pericia-oficial-al-edital-no-inicio-de-2022\/","url":"https:\/\/www.estrategiaconcursos.com.br\/blog\/concurso-pericia-oficial-al-edital-no-inicio-de-2022\/","name":"Concurso Per\u00edcia Oficial AL: edital no in\u00edcio de 2022","isPartOf":{"@id":"https:\/\/www.estrategiaconcursos.com.br\/blog\/#website"},"primaryImageOfPage":{"@id":"https:\/\/www.estrategiaconcursos.com.br\/blog\/concurso-pericia-oficial-al-edital-no-inicio-de-2022\/#primaryimage"},"image":{"@id":"https:\/\/www.estrategiaconcursos.com.br\/blog\/concurso-pericia-oficial-al-edital-no-inicio-de-2022\/#primaryimage"},"thumbnailUrl":"https:\/\/dhg1h5j42swfq.cloudfront.net\/2021\/02\/26163115\/pericia_oficial_al.jpg","datePublished":"2021-07-22T18:59:00+00:00","dateModified":"2022-04-28T20:46:44+00:00","description":"O edital do concurso Per\u00edcia Oficial AL deve ficar para o in\u00edcio de 2022 em raz\u00e3o das dificuldades impostas pela Lei Complementar 173\/2020.","breadcrumb":{"@id":"https:\/\/www.estrategiaconcursos.com.br\/blog\/concurso-pericia-oficial-al-edital-no-inicio-de-2022\/#breadcrumb"},"inLanguage":"pt-BR","potentialAction":[{"@type":"ReadAction","target":["https:\/\/www.estrategiaconcursos.com.br\/blog\/concurso-pericia-oficial-al-edital-no-inicio-de-2022\/"]}]},{"@type":"ImageObject","inLanguage":"pt-BR","@id":"https:\/\/www.estrategiaconcursos.com.br\/blog\/concurso-pericia-oficial-al-edital-no-inicio-de-2022\/#primaryimage","url":"https:\/\/dhg1h5j42swfq.cloudfront.net\/2021\/02\/26163115\/pericia_oficial_al.jpg","contentUrl":"https:\/\/dhg1h5j42swfq.cloudfront.net\/2021\/02\/26163115\/pericia_oficial_al.jpg","width":1200,"height":628,"caption":"Per\u00edcia Oficial AL"},{"@type":"BreadcrumbList","@id":"https:\/\/www.estrategiaconcursos.com.br\/blog\/concurso-pericia-oficial-al-edital-no-inicio-de-2022\/#breadcrumb","itemListElement":[{"@type":"ListItem","position":1,"name":"In\u00edcio","item":"https:\/\/www.estrategiaconcursos.com.br\/blog\/"},{"@type":"ListItem","position":2,"name":"Concurso Per\u00edcia Oficial AL: edital no in\u00edcio de 2022"}]},{"@type":"WebSite","@id":"https:\/\/www.estrategiaconcursos.com.br\/blog\/#website","url":"https:\/\/www.estrategiaconcursos.com.br\/blog\/","name":"Estrat\u00e9gia Concursos","description":"O blog da Estrat\u00e9gia Concursos traz not\u00edcias sobre concursos e artigos de professores oferecendo cursos para concursos (pdf + videaulas) no site.","publisher":{"@id":"https:\/\/www.estrategiaconcursos.com.br\/blog\/#organization"},"potentialAction":[{"@type":"SearchAction","target":{"@type":"EntryPoint","urlTemplate":"https:\/\/www.estrategiaconcursos.com.br\/blog\/?s={search_term_string}"},"query-input":{"@type":"PropertyValueSpecification","valueRequired":true,"valueName":"search_term_string"}}],"inLanguage":"pt-BR"},{"@type":"Organization","@id":"https:\/\/www.estrategiaconcursos.com.br\/blog\/#organization","name":"Estrat\u00e9gia Concursos","url":"https:\/\/www.estrategiaconcursos.com.br\/blog\/","logo":{"@type":"ImageObject","inLanguage":"pt-BR","@id":"https:\/\/www.estrategiaconcursos.com.br\/blog\/#\/schema\/logo\/image\/","url":"https:\/\/dhg1h5j42swfq.cloudfront.net\/2025\/06\/03203428\/logo_concursos-1.jpg","contentUrl":"https:\/\/dhg1h5j42swfq.cloudfront.net\/2025\/06\/03203428\/logo_concursos-1.jpg","width":230,"height":60,"caption":"Estrat\u00e9gia Concursos"},"image":{"@id":"https:\/\/www.estrategiaconcursos.com.br\/blog\/#\/schema\/logo\/image\/"},"sameAs":["https:\/\/x.com\/EstratConcursos"]},{"@type":"Person","@id":"https:\/\/www.estrategiaconcursos.com.br\/blog\/#\/schema\/person\/b4a388c97673c5f483d72185668afa1f","name":"Coordena\u00e7\u00e3o","image":{"@type":"ImageObject","inLanguage":"pt-BR","@id":"https:\/\/secure.gravatar.com\/avatar\/b720319e4c9a967eb58678d110f4fe35452fc5d5f97b202bac7b8acceb18c6ad?s=96&d=mm&r=g","url":"https:\/\/secure.gravatar.com\/avatar\/b720319e4c9a967eb58678d110f4fe35452fc5d5f97b202bac7b8acceb18c6ad?s=96&d=mm&r=g","contentUrl":"https:\/\/secure.gravatar.com\/avatar\/b720319e4c9a967eb58678d110f4fe35452fc5d5f97b202bac7b8acceb18c6ad?s=96&d=mm&r=g","caption":"Coordena\u00e7\u00e3o"},"sameAs":["https:\/\/www.facebook.com\/EstrategiaConcursos","https:\/\/x.com\/EstratConcursos"],"url":"https:\/\/www.estrategiaconcursos.com.br\/blog\/author\/estrategia2013\/"}]}},"_links":{"self":[{"href":"https:\/\/www.estrategiaconcursos.com.br\/blog\/wp-json\/wp\/v2\/posts\/819560","targetHints":{"allow":["GET"]}}],"collection":[{"href":"https:\/\/www.estrategiaconcursos.com.br\/blog\/wp-json\/wp\/v2\/posts"}],"about":[{"href":"https:\/\/www.estrategiaconcursos.com.br\/blog\/wp-json\/wp\/v2\/types\/post"}],"author":[{"embeddable":true,"href":"https:\/\/www.estrategiaconcursos.com.br\/blog\/wp-json\/wp\/v2\/users\/1"}],"replies":[{"embeddable":true,"href":"https:\/\/www.estrategiaconcursos.com.br\/blog\/wp-json\/wp\/v2\/comments?post=819560"}],"version-history":[{"count":6,"href":"https:\/\/www.estrategiaconcursos.com.br\/blog\/wp-json\/wp\/v2\/posts\/819560\/revisions"}],"predecessor-version":[{"id":819729,"href":"https:\/\/www.estrategiaconcursos.com.br\/blog\/wp-json\/wp\/v2\/posts\/819560\/revisions\/819729"}],"wp:featuredmedia":[{"embeddable":true,"href":"https:\/\/www.estrategiaconcursos.com.br\/blog\/wp-json\/wp\/v2\/media\/702309"}],"wp:attachment":[{"href":"https:\/\/www.estrategiaconcursos.com.br\/blog\/wp-json\/wp\/v2\/media?parent=819560"}],"wp:term":[{"taxonomy":"category","embeddable":true,"href":"https:\/\/www.estrategiaconcursos.com.br\/blog\/wp-json\/wp\/v2\/categories?post=819560"},{"taxonomy":"post_tag","embeddable":true,"href":"https:\/\/www.estrategiaconcursos.com.br\/blog\/wp-json\/wp\/v2\/tags?post=819560"},{"taxonomy":"tax_estado","embeddable":true,"href":"https:\/\/www.estrategiaconcursos.com.br\/blog\/wp-json\/wp\/v2\/tax_estado?post=819560"}],"curies":[{"name":"wp","href":"https:\/\/api.w.org\/{rel}","templated":true}]}}