{"id":81827,"date":"2017-07-17T20:41:56","date_gmt":"2017-07-17T23:41:56","guid":{"rendered":"https:\/\/www.estrategiaconcursos.com.br\/blog\/?p=81827"},"modified":"2022-12-29T17:58:12","modified_gmt":"2022-12-29T20:58:12","slug":"fgv-divulga-locais-de-prova-do-xxiii-exame-de-ordem","status":"publish","type":"post","link":"https:\/\/www.estrategiaconcursos.com.br\/blog\/fgv-divulga-locais-de-prova-do-xxiii-exame-de-ordem\/","title":{"rendered":"FGV divulga locais de prova do XXIII Exame de Ordem"},"content":{"rendered":"<p style=\"text-align: justify;\">Na manh\u00e3 de hoje, a FGV em sua p\u00e1gina os locais de prova do XXIII Exame de Ordem. J\u00e1 conferiu? <a href=\"https:\/\/fgvprojetos.s3.amazonaws.com\/626\/116245_Edital_Locais_1_fase.pdf\" target=\"_blank\" rel=\"noopener\">S\u00e3o centenas de locais espalhados por todo o territ\u00f3rio<\/a>:<\/p>\n<p style=\"text-align: justify;\"><a href=\"http:\/\/inscricaooab.fgv.br\/ConsultaLocalProva.aspx?key=801&amp;f=1\" target=\"_blank\" rel=\"noopener\">CONSULTA INDIVIDUAL<\/a><\/p>\n<p style=\"text-align: justify;\">Importante lembrar que \u00e9 fundamental voc\u00ea organizar o seu itiner\u00e1rio. Evite surpresas no dia do Exame. Verifique com anteced\u00eancia a condu\u00e7\u00e3o que voc\u00ea utilizar\u00e1. Saia de casa com anteced\u00eancia de modo que, se houver algum imprevisto, voc\u00ea ter\u00e1 tempo de contornar a situa\u00e7\u00e3o. Considerando que as provas iniciam-se \u00e0s 13h e que voc\u00ea deve chegar no local de provas, programe-se para chegar com, pelo menos, 1h de anteced\u00eancia. Logo, voc\u00ea deve estar programado para chegar no local da prova at\u00e9 \u00e0s 12h.<\/p>\n<p style=\"text-align: justify;\">Por fim, gostaria de lembr\u00e1-los que a Semana OAB est\u00e1 acontecendo. J\u00e1 tivemos aula de Direito do Consumidor (domingo) e de Direito Processual Civil (segunda).<\/p>\n<p style=\"text-align: justify;\">O v\u00eddeo est\u00e1 dispon\u00edvel no Youtube!<\/p>\n<p style=\"text-align: justify;\">&#8211; Direito do Consumidor, com o Prof. Igor Maciel.<\/p>\n<p>&#8211; Direito Processual Civil, com o Prof. Ricardo Torques.<\/p>\n<p>\u00c9 isso, vou ficando por aqui. Convido-o, ainda, para conhecer nossos cursos para a primeira fase do XIV Exame de Ordem e tamb\u00e9m para a segunda fase do XXIII Exame. Confira no link abaixo:<\/p>\n<p><a href=\"https:\/\/oab.estrategia.com\/\">CURSO OAB<\/a><\/p>\n<p>Bons estudos!<\/p>\n<p>\u00a0<\/p>\n\n\n<p class=\"has-text-align-center has-background has-medium-font-size\" style=\"background-color:#f78da842\"><strong>Saiba mais: <\/strong><a href=\"https:\/\/oab.estrategia.com\/portal\/prova-oab\/\" target=\"_blank\" rel=\"noreferrer noopener\">Prova OAB<\/a>\u00a0<\/p>\n","protected":false},"excerpt":{"rendered":"<p>Na manh\u00e3 de hoje, a FGV em sua p\u00e1gina os locais de prova do XXIII Exame de Ordem. J\u00e1 conferiu? S\u00e3o centenas de locais espalhados por todo o territ\u00f3rio: CONSULTA INDIVIDUAL Importante lembrar que \u00e9 fundamental voc\u00ea organizar o seu itiner\u00e1rio. Evite surpresas no dia do Exame. Verifique com anteced\u00eancia a condu\u00e7\u00e3o que voc\u00ea utilizar\u00e1. [&hellip;]<\/p>\n","protected":false},"author":180,"featured_media":81831,"comment_status":"open","ping_status":"open","sticky":false,"template":"","format":"standard","meta":{"post_tipo":"article","footnotes":""},"categories":[1],"tags":[1116,2759,71,2758],"tax_estado":[],"class_list":["post-81827","post","type-post","status-publish","format-standard","has-post-thumbnail","hentry","category-cursos-e-concursos","tag-exame-de-ordem","tag-local-de-prova","tag-oab","tag-xxiii-exame-oab"],"acf":[],"yoast_head":"<!-- This site is optimized with the Yoast SEO Premium plugin v27.2 (Yoast SEO v27.2) - https:\/\/yoast.com\/product\/yoast-seo-premium-wordpress\/ -->\n<title>FGV divulga locais de prova do XXIII Exame de Ordem<\/title>\n<meta name=\"robots\" content=\"index, follow, max-snippet:-1, max-image-preview:large, max-video-preview:-1\" \/>\n<link rel=\"canonical\" href=\"https:\/\/www.estrategiaconcursos.com.br\/blog\/fgv-divulga-locais-de-prova-do-xxiii-exame-de-ordem\/\" \/>\n<meta property=\"og:locale\" content=\"pt_BR\" \/>\n<meta property=\"og:type\" content=\"article\" \/>\n<meta property=\"og:title\" content=\"FGV divulga locais de prova do XXIII Exame de Ordem\" \/>\n<meta property=\"og:description\" content=\"Na manh\u00e3 de hoje, a FGV em sua p\u00e1gina os locais de prova do XXIII Exame de Ordem. J\u00e1 conferiu? S\u00e3o centenas de locais espalhados por todo o territ\u00f3rio: CONSULTA INDIVIDUAL Importante lembrar que \u00e9 fundamental voc\u00ea organizar o seu itiner\u00e1rio. Evite surpresas no dia do Exame. Verifique com anteced\u00eancia a condu\u00e7\u00e3o que voc\u00ea utilizar\u00e1. [&hellip;]\" \/>\n<meta property=\"og:url\" content=\"https:\/\/www.estrategiaconcursos.com.br\/blog\/fgv-divulga-locais-de-prova-do-xxiii-exame-de-ordem\/\" \/>\n<meta property=\"og:site_name\" content=\"Estrat\u00e9gia Concursos\" \/>\n<meta property=\"article:author\" content=\"https:\/\/www.facebook.com\/ricardo.s.torques\" \/>\n<meta property=\"article:published_time\" content=\"2017-07-17T23:41:56+00:00\" \/>\n<meta property=\"article:modified_time\" content=\"2022-12-29T20:58:12+00:00\" \/>\n<meta property=\"og:image\" content=\"https:\/\/dhg1h5j42swfq.cloudfront.net\/2017\/07\/17204139\/local-de-prova1.jpg\" \/>\n\t<meta property=\"og:image:width\" content=\"500\" \/>\n\t<meta property=\"og:image:height\" content=\"334\" \/>\n\t<meta property=\"og:image:type\" content=\"image\/jpeg\" \/>\n<meta name=\"author\" content=\"Ricardo Torques\" \/>\n<meta name=\"twitter:card\" content=\"summary_large_image\" \/>\n<meta name=\"twitter:creator\" content=\"@EstratConcursos\" \/>\n<meta name=\"twitter:site\" content=\"@EstratConcursos\" \/>\n<meta name=\"twitter:label1\" content=\"Escrito por\" \/>\n\t<meta name=\"twitter:data1\" content=\"Ricardo Torques\" \/>\n\t<meta name=\"twitter:label2\" content=\"Est. tempo de leitura\" \/>\n\t<meta name=\"twitter:data2\" content=\"1 minuto\" \/>\n<script type=\"application\/ld+json\" class=\"yoast-schema-graph\">{\"@context\":\"https:\/\/schema.org\",\"@graph\":[{\"@type\":\"NewsArticle\",\"@id\":\"https:\/\/www.estrategiaconcursos.com.br\/blog\/fgv-divulga-locais-de-prova-do-xxiii-exame-de-ordem\/#article\",\"isPartOf\":{\"@id\":\"https:\/\/www.estrategiaconcursos.com.br\/blog\/fgv-divulga-locais-de-prova-do-xxiii-exame-de-ordem\/\"},\"author\":{\"name\":\"Ricardo Torques\",\"@id\":\"https:\/\/www.estrategiaconcursos.com.br\/blog\/#\/schema\/person\/aa39cf5ddb518e5bdce27c35788405e2\"},\"headline\":\"FGV divulga locais de prova do XXIII Exame de Ordem\",\"datePublished\":\"2017-07-17T23:41:56+00:00\",\"dateModified\":\"2022-12-29T20:58:12+00:00\",\"mainEntityOfPage\":{\"@id\":\"https:\/\/www.estrategiaconcursos.com.br\/blog\/fgv-divulga-locais-de-prova-do-xxiii-exame-de-ordem\/\"},\"wordCount\":225,\"commentCount\":0,\"publisher\":{\"@id\":\"https:\/\/www.estrategiaconcursos.com.br\/blog\/#organization\"},\"image\":{\"@id\":\"https:\/\/www.estrategiaconcursos.com.br\/blog\/fgv-divulga-locais-de-prova-do-xxiii-exame-de-ordem\/#primaryimage\"},\"thumbnailUrl\":\"https:\/\/dhg1h5j42swfq.cloudfront.net\/2017\/07\/17204139\/local-de-prova1.jpg\",\"keywords\":[\"Exame de Ordem\",\"local de prova\",\"OAB\",\"XXIII Exame OAB\"],\"articleSection\":[\"Concursos P\u00fablicos\"],\"inLanguage\":\"pt-BR\",\"potentialAction\":[{\"@type\":\"CommentAction\",\"name\":\"Comment\",\"target\":[\"https:\/\/www.estrategiaconcursos.com.br\/blog\/fgv-divulga-locais-de-prova-do-xxiii-exame-de-ordem\/#respond\"]}],\"copyrightYear\":\"2017\",\"copyrightHolder\":{\"@id\":\"https:\/\/www.estrategiaconcursos.com.br\/blog\/#organization\"}},{\"@type\":\"WebPage\",\"@id\":\"https:\/\/www.estrategiaconcursos.com.br\/blog\/fgv-divulga-locais-de-prova-do-xxiii-exame-de-ordem\/\",\"url\":\"https:\/\/www.estrategiaconcursos.com.br\/blog\/fgv-divulga-locais-de-prova-do-xxiii-exame-de-ordem\/\",\"name\":\"FGV divulga locais de prova do XXIII Exame de Ordem\",\"isPartOf\":{\"@id\":\"https:\/\/www.estrategiaconcursos.com.br\/blog\/#website\"},\"primaryImageOfPage\":{\"@id\":\"https:\/\/www.estrategiaconcursos.com.br\/blog\/fgv-divulga-locais-de-prova-do-xxiii-exame-de-ordem\/#primaryimage\"},\"image\":{\"@id\":\"https:\/\/www.estrategiaconcursos.com.br\/blog\/fgv-divulga-locais-de-prova-do-xxiii-exame-de-ordem\/#primaryimage\"},\"thumbnailUrl\":\"https:\/\/dhg1h5j42swfq.cloudfront.net\/2017\/07\/17204139\/local-de-prova1.jpg\",\"datePublished\":\"2017-07-17T23:41:56+00:00\",\"dateModified\":\"2022-12-29T20:58:12+00:00\",\"breadcrumb\":{\"@id\":\"https:\/\/www.estrategiaconcursos.com.br\/blog\/fgv-divulga-locais-de-prova-do-xxiii-exame-de-ordem\/#breadcrumb\"},\"inLanguage\":\"pt-BR\",\"potentialAction\":[{\"@type\":\"ReadAction\",\"target\":[\"https:\/\/www.estrategiaconcursos.com.br\/blog\/fgv-divulga-locais-de-prova-do-xxiii-exame-de-ordem\/\"]}]},{\"@type\":\"ImageObject\",\"inLanguage\":\"pt-BR\",\"@id\":\"https:\/\/www.estrategiaconcursos.com.br\/blog\/fgv-divulga-locais-de-prova-do-xxiii-exame-de-ordem\/#primaryimage\",\"url\":\"https:\/\/dhg1h5j42swfq.cloudfront.net\/2017\/07\/17204139\/local-de-prova1.jpg\",\"contentUrl\":\"https:\/\/dhg1h5j42swfq.cloudfront.net\/2017\/07\/17204139\/local-de-prova1.jpg\",\"width\":500,\"height\":334},{\"@type\":\"BreadcrumbList\",\"@id\":\"https:\/\/www.estrategiaconcursos.com.br\/blog\/fgv-divulga-locais-de-prova-do-xxiii-exame-de-ordem\/#breadcrumb\",\"itemListElement\":[{\"@type\":\"ListItem\",\"position\":1,\"name\":\"In\u00edcio\",\"item\":\"https:\/\/www.estrategiaconcursos.com.br\/blog\/\"},{\"@type\":\"ListItem\",\"position\":2,\"name\":\"FGV divulga locais de prova do XXIII Exame de Ordem\"}]},{\"@type\":\"WebSite\",\"@id\":\"https:\/\/www.estrategiaconcursos.com.br\/blog\/#website\",\"url\":\"https:\/\/www.estrategiaconcursos.com.br\/blog\/\",\"name\":\"Estrat\u00e9gia Concursos\",\"description\":\"O blog da Estrat\u00e9gia Concursos traz not\u00edcias sobre concursos e artigos de professores oferecendo cursos para concursos (pdf + videaulas) no site.\",\"publisher\":{\"@id\":\"https:\/\/www.estrategiaconcursos.com.br\/blog\/#organization\"},\"potentialAction\":[{\"@type\":\"SearchAction\",\"target\":{\"@type\":\"EntryPoint\",\"urlTemplate\":\"https:\/\/www.estrategiaconcursos.com.br\/blog\/?s={search_term_string}\"},\"query-input\":{\"@type\":\"PropertyValueSpecification\",\"valueRequired\":true,\"valueName\":\"search_term_string\"}}],\"inLanguage\":\"pt-BR\"},{\"@type\":\"Organization\",\"@id\":\"https:\/\/www.estrategiaconcursos.com.br\/blog\/#organization\",\"name\":\"Estrat\u00e9gia Concursos\",\"url\":\"https:\/\/www.estrategiaconcursos.com.br\/blog\/\",\"logo\":{\"@type\":\"ImageObject\",\"inLanguage\":\"pt-BR\",\"@id\":\"https:\/\/www.estrategiaconcursos.com.br\/blog\/#\/schema\/logo\/image\/\",\"url\":\"https:\/\/dhg1h5j42swfq.cloudfront.net\/2025\/06\/03203428\/logo_concursos-1.jpg\",\"contentUrl\":\"https:\/\/dhg1h5j42swfq.cloudfront.net\/2025\/06\/03203428\/logo_concursos-1.jpg\",\"width\":230,\"height\":60,\"caption\":\"Estrat\u00e9gia Concursos\"},\"image\":{\"@id\":\"https:\/\/www.estrategiaconcursos.com.br\/blog\/#\/schema\/logo\/image\/\"},\"sameAs\":[\"https:\/\/x.com\/EstratConcursos\"]},{\"@type\":\"Person\",\"@id\":\"https:\/\/www.estrategiaconcursos.com.br\/blog\/#\/schema\/person\/aa39cf5ddb518e5bdce27c35788405e2\",\"name\":\"Ricardo Torques\",\"image\":{\"@type\":\"ImageObject\",\"inLanguage\":\"pt-BR\",\"@id\":\"https:\/\/secure.gravatar.com\/avatar\/ce9ac6c3cff25fe86d15ed568ebc64d1724baf5c0693133bcb1f6073f712f92a?s=96&d=mm&r=g\",\"url\":\"https:\/\/secure.gravatar.com\/avatar\/ce9ac6c3cff25fe86d15ed568ebc64d1724baf5c0693133bcb1f6073f712f92a?s=96&d=mm&r=g\",\"contentUrl\":\"https:\/\/secure.gravatar.com\/avatar\/ce9ac6c3cff25fe86d15ed568ebc64d1724baf5c0693133bcb1f6073f712f92a?s=96&d=mm&r=g\",\"caption\":\"Ricardo Torques\"},\"sameAs\":[\"https:\/\/www.facebook.com\/ricardo.s.torques\"],\"url\":\"https:\/\/www.estrategiaconcursos.com.br\/blog\/author\/ricardotorquesestrategiaconcursos-com-br\/\"}]}<\/script>\n<!-- \/ Yoast SEO Premium plugin. -->","yoast_head_json":{"title":"FGV divulga locais de prova do XXIII Exame de Ordem","robots":{"index":"index","follow":"follow","max-snippet":"max-snippet:-1","max-image-preview":"max-image-preview:large","max-video-preview":"max-video-preview:-1"},"canonical":"https:\/\/www.estrategiaconcursos.com.br\/blog\/fgv-divulga-locais-de-prova-do-xxiii-exame-de-ordem\/","og_locale":"pt_BR","og_type":"article","og_title":"FGV divulga locais de prova do XXIII Exame de Ordem","og_description":"Na manh\u00e3 de hoje, a FGV em sua p\u00e1gina os locais de prova do XXIII Exame de Ordem. J\u00e1 conferiu? S\u00e3o centenas de locais espalhados por todo o territ\u00f3rio: CONSULTA INDIVIDUAL Importante lembrar que \u00e9 fundamental voc\u00ea organizar o seu itiner\u00e1rio. Evite surpresas no dia do Exame. Verifique com anteced\u00eancia a condu\u00e7\u00e3o que voc\u00ea utilizar\u00e1. [&hellip;]","og_url":"https:\/\/www.estrategiaconcursos.com.br\/blog\/fgv-divulga-locais-de-prova-do-xxiii-exame-de-ordem\/","og_site_name":"Estrat\u00e9gia Concursos","article_author":"https:\/\/www.facebook.com\/ricardo.s.torques","article_published_time":"2017-07-17T23:41:56+00:00","article_modified_time":"2022-12-29T20:58:12+00:00","og_image":[{"width":500,"height":334,"url":"https:\/\/dhg1h5j42swfq.cloudfront.net\/2017\/07\/17204139\/local-de-prova1.jpg","type":"image\/jpeg"}],"author":"Ricardo Torques","twitter_card":"summary_large_image","twitter_creator":"@EstratConcursos","twitter_site":"@EstratConcursos","twitter_misc":{"Escrito por":"Ricardo Torques","Est. tempo de leitura":"1 minuto"},"schema":{"@context":"https:\/\/schema.org","@graph":[{"@type":"NewsArticle","@id":"https:\/\/www.estrategiaconcursos.com.br\/blog\/fgv-divulga-locais-de-prova-do-xxiii-exame-de-ordem\/#article","isPartOf":{"@id":"https:\/\/www.estrategiaconcursos.com.br\/blog\/fgv-divulga-locais-de-prova-do-xxiii-exame-de-ordem\/"},"author":{"name":"Ricardo Torques","@id":"https:\/\/www.estrategiaconcursos.com.br\/blog\/#\/schema\/person\/aa39cf5ddb518e5bdce27c35788405e2"},"headline":"FGV divulga locais de prova do XXIII Exame de Ordem","datePublished":"2017-07-17T23:41:56+00:00","dateModified":"2022-12-29T20:58:12+00:00","mainEntityOfPage":{"@id":"https:\/\/www.estrategiaconcursos.com.br\/blog\/fgv-divulga-locais-de-prova-do-xxiii-exame-de-ordem\/"},"wordCount":225,"commentCount":0,"publisher":{"@id":"https:\/\/www.estrategiaconcursos.com.br\/blog\/#organization"},"image":{"@id":"https:\/\/www.estrategiaconcursos.com.br\/blog\/fgv-divulga-locais-de-prova-do-xxiii-exame-de-ordem\/#primaryimage"},"thumbnailUrl":"https:\/\/dhg1h5j42swfq.cloudfront.net\/2017\/07\/17204139\/local-de-prova1.jpg","keywords":["Exame de Ordem","local de prova","OAB","XXIII Exame OAB"],"articleSection":["Concursos P\u00fablicos"],"inLanguage":"pt-BR","potentialAction":[{"@type":"CommentAction","name":"Comment","target":["https:\/\/www.estrategiaconcursos.com.br\/blog\/fgv-divulga-locais-de-prova-do-xxiii-exame-de-ordem\/#respond"]}],"copyrightYear":"2017","copyrightHolder":{"@id":"https:\/\/www.estrategiaconcursos.com.br\/blog\/#organization"}},{"@type":"WebPage","@id":"https:\/\/www.estrategiaconcursos.com.br\/blog\/fgv-divulga-locais-de-prova-do-xxiii-exame-de-ordem\/","url":"https:\/\/www.estrategiaconcursos.com.br\/blog\/fgv-divulga-locais-de-prova-do-xxiii-exame-de-ordem\/","name":"FGV divulga locais de prova do XXIII Exame de Ordem","isPartOf":{"@id":"https:\/\/www.estrategiaconcursos.com.br\/blog\/#website"},"primaryImageOfPage":{"@id":"https:\/\/www.estrategiaconcursos.com.br\/blog\/fgv-divulga-locais-de-prova-do-xxiii-exame-de-ordem\/#primaryimage"},"image":{"@id":"https:\/\/www.estrategiaconcursos.com.br\/blog\/fgv-divulga-locais-de-prova-do-xxiii-exame-de-ordem\/#primaryimage"},"thumbnailUrl":"https:\/\/dhg1h5j42swfq.cloudfront.net\/2017\/07\/17204139\/local-de-prova1.jpg","datePublished":"2017-07-17T23:41:56+00:00","dateModified":"2022-12-29T20:58:12+00:00","breadcrumb":{"@id":"https:\/\/www.estrategiaconcursos.com.br\/blog\/fgv-divulga-locais-de-prova-do-xxiii-exame-de-ordem\/#breadcrumb"},"inLanguage":"pt-BR","potentialAction":[{"@type":"ReadAction","target":["https:\/\/www.estrategiaconcursos.com.br\/blog\/fgv-divulga-locais-de-prova-do-xxiii-exame-de-ordem\/"]}]},{"@type":"ImageObject","inLanguage":"pt-BR","@id":"https:\/\/www.estrategiaconcursos.com.br\/blog\/fgv-divulga-locais-de-prova-do-xxiii-exame-de-ordem\/#primaryimage","url":"https:\/\/dhg1h5j42swfq.cloudfront.net\/2017\/07\/17204139\/local-de-prova1.jpg","contentUrl":"https:\/\/dhg1h5j42swfq.cloudfront.net\/2017\/07\/17204139\/local-de-prova1.jpg","width":500,"height":334},{"@type":"BreadcrumbList","@id":"https:\/\/www.estrategiaconcursos.com.br\/blog\/fgv-divulga-locais-de-prova-do-xxiii-exame-de-ordem\/#breadcrumb","itemListElement":[{"@type":"ListItem","position":1,"name":"In\u00edcio","item":"https:\/\/www.estrategiaconcursos.com.br\/blog\/"},{"@type":"ListItem","position":2,"name":"FGV divulga locais de prova do XXIII Exame de Ordem"}]},{"@type":"WebSite","@id":"https:\/\/www.estrategiaconcursos.com.br\/blog\/#website","url":"https:\/\/www.estrategiaconcursos.com.br\/blog\/","name":"Estrat\u00e9gia Concursos","description":"O blog da Estrat\u00e9gia Concursos traz not\u00edcias sobre concursos e artigos de professores oferecendo cursos para concursos (pdf + videaulas) no site.","publisher":{"@id":"https:\/\/www.estrategiaconcursos.com.br\/blog\/#organization"},"potentialAction":[{"@type":"SearchAction","target":{"@type":"EntryPoint","urlTemplate":"https:\/\/www.estrategiaconcursos.com.br\/blog\/?s={search_term_string}"},"query-input":{"@type":"PropertyValueSpecification","valueRequired":true,"valueName":"search_term_string"}}],"inLanguage":"pt-BR"},{"@type":"Organization","@id":"https:\/\/www.estrategiaconcursos.com.br\/blog\/#organization","name":"Estrat\u00e9gia Concursos","url":"https:\/\/www.estrategiaconcursos.com.br\/blog\/","logo":{"@type":"ImageObject","inLanguage":"pt-BR","@id":"https:\/\/www.estrategiaconcursos.com.br\/blog\/#\/schema\/logo\/image\/","url":"https:\/\/dhg1h5j42swfq.cloudfront.net\/2025\/06\/03203428\/logo_concursos-1.jpg","contentUrl":"https:\/\/dhg1h5j42swfq.cloudfront.net\/2025\/06\/03203428\/logo_concursos-1.jpg","width":230,"height":60,"caption":"Estrat\u00e9gia Concursos"},"image":{"@id":"https:\/\/www.estrategiaconcursos.com.br\/blog\/#\/schema\/logo\/image\/"},"sameAs":["https:\/\/x.com\/EstratConcursos"]},{"@type":"Person","@id":"https:\/\/www.estrategiaconcursos.com.br\/blog\/#\/schema\/person\/aa39cf5ddb518e5bdce27c35788405e2","name":"Ricardo Torques","image":{"@type":"ImageObject","inLanguage":"pt-BR","@id":"https:\/\/secure.gravatar.com\/avatar\/ce9ac6c3cff25fe86d15ed568ebc64d1724baf5c0693133bcb1f6073f712f92a?s=96&d=mm&r=g","url":"https:\/\/secure.gravatar.com\/avatar\/ce9ac6c3cff25fe86d15ed568ebc64d1724baf5c0693133bcb1f6073f712f92a?s=96&d=mm&r=g","contentUrl":"https:\/\/secure.gravatar.com\/avatar\/ce9ac6c3cff25fe86d15ed568ebc64d1724baf5c0693133bcb1f6073f712f92a?s=96&d=mm&r=g","caption":"Ricardo Torques"},"sameAs":["https:\/\/www.facebook.com\/ricardo.s.torques"],"url":"https:\/\/www.estrategiaconcursos.com.br\/blog\/author\/ricardotorquesestrategiaconcursos-com-br\/"}]}},"_links":{"self":[{"href":"https:\/\/www.estrategiaconcursos.com.br\/blog\/wp-json\/wp\/v2\/posts\/81827","targetHints":{"allow":["GET"]}}],"collection":[{"href":"https:\/\/www.estrategiaconcursos.com.br\/blog\/wp-json\/wp\/v2\/posts"}],"about":[{"href":"https:\/\/www.estrategiaconcursos.com.br\/blog\/wp-json\/wp\/v2\/types\/post"}],"author":[{"embeddable":true,"href":"https:\/\/www.estrategiaconcursos.com.br\/blog\/wp-json\/wp\/v2\/users\/180"}],"replies":[{"embeddable":true,"href":"https:\/\/www.estrategiaconcursos.com.br\/blog\/wp-json\/wp\/v2\/comments?post=81827"}],"version-history":[{"count":7,"href":"https:\/\/www.estrategiaconcursos.com.br\/blog\/wp-json\/wp\/v2\/posts\/81827\/revisions"}],"predecessor-version":[{"id":1144745,"href":"https:\/\/www.estrategiaconcursos.com.br\/blog\/wp-json\/wp\/v2\/posts\/81827\/revisions\/1144745"}],"wp:featuredmedia":[{"embeddable":true,"href":"https:\/\/www.estrategiaconcursos.com.br\/blog\/wp-json\/wp\/v2\/media\/81831"}],"wp:attachment":[{"href":"https:\/\/www.estrategiaconcursos.com.br\/blog\/wp-json\/wp\/v2\/media?parent=81827"}],"wp:term":[{"taxonomy":"category","embeddable":true,"href":"https:\/\/www.estrategiaconcursos.com.br\/blog\/wp-json\/wp\/v2\/categories?post=81827"},{"taxonomy":"post_tag","embeddable":true,"href":"https:\/\/www.estrategiaconcursos.com.br\/blog\/wp-json\/wp\/v2\/tags?post=81827"},{"taxonomy":"tax_estado","embeddable":true,"href":"https:\/\/www.estrategiaconcursos.com.br\/blog\/wp-json\/wp\/v2\/tax_estado?post=81827"}],"curies":[{"name":"wp","href":"https:\/\/api.w.org\/{rel}","templated":true}]}}