{"id":81601,"date":"2026-04-13T19:34:53","date_gmt":"2026-04-13T22:34:53","guid":{"rendered":"https:\/\/www.estrategiaconcursos.com.br\/blog\/?p=81601"},"modified":"2026-04-13T23:54:42","modified_gmt":"2026-04-14T02:54:42","slug":"concurso-politec-ap","status":"publish","type":"post","link":"https:\/\/www.estrategiaconcursos.com.br\/blog\/concurso-politec-ap\/","title":{"rendered":"Concurso Politec AP: novo edital previsto? Entenda!"},"content":{"rendered":"\n<p>A secret\u00e1ria de Administra\u00e7\u00e3o, Cinthya Noemia Mendes, informou com exclusividade ao Estrat\u00e9gia detalhes sobre a realiza\u00e7\u00e3o de um novo <strong>concurso da Pol\u00edcia T\u00e9cnico-Cient\u00edfica do Estado do Amap\u00e1 (Politec AP).<\/strong><\/p>\n\n\n\n<p>De acordo com a gestora, a pr\u00f3pria institui\u00e7\u00e3o buscou a Secretaria em raz\u00e3o da exist\u00eancia de cargos que n\u00e3o foram integralmente preenchidos no \u00faltimo certame, especialmente nas \u00e1reas de papiloscopista e m\u00e9dico-perito.<\/p>\n\n\n\n<p>Sob organiza\u00e7\u00e3o da <a href=\"https:\/\/conhecimento.fgv.br\/concursos\/seadap.peritos22\" target=\"_blank\" rel=\"noreferrer noopener\">FGV<\/a>, o \u00faltimo edital contou com <strong>430 vagas para forma\u00e7\u00e3o de cadastro de reserva<\/strong>, nos n\u00edveis t\u00e9cnico e superior e <strong>remunera\u00e7\u00e3o inicial entre R$ 2.666,28 e R$ 12.440,54<\/strong>.<\/p>\n\n\n\n<p>As oportunidades foram distribu\u00eddas entre os cargos de <strong>Perito Criminal<\/strong> (180), <a href=\"https:\/\/www.estrategiaconcursos.com.br\/curso\/politec-ap-odontologista-odontologia-pacote-2022-pos-edital\/\" target=\"_blank\" rel=\"noreferrer noopener\"><strong>Odontolegista<\/strong><\/a> (10), <a href=\"https:\/\/www.estrategiaconcursos.com.br\/curso\/politec-ap-papiloscopista-pacote-2022-pos-edital\/\" target=\"_blank\" rel=\"noreferrer noopener\"><strong>Papiloscopista<\/strong><\/a> (70), <a href=\"https:\/\/www.estrategiaconcursos.com.br\/curso\/politec-ap-tecnologo-em-gestao-ambiental-pacote-2022-pos-edital\/\" target=\"_blank\" rel=\"noreferrer noopener\"><strong>T\u00e9cnico Pericial<\/strong><\/a> (40) e <strong>Auxiliar T\u00e9cnico-Pericial<\/strong> (130).<\/p>\n\n\n\n<ul class=\"wp-block-list has-very-light-gray-to-cyan-bluish-gray-gradient-background has-background\">\n<li><strong>Concurso Politec AP<\/strong><\/li>\n\n\n\n<li><strong>Situa\u00e7\u00e3o<\/strong>: previsto<\/li>\n\n\n\n<li><strong>Banca<\/strong>: a definir<\/li>\n\n\n\n<li><strong>Vagas<\/strong>: a definir<\/li>\n\n\n\n<li><strong style=\"background-color: initial; color: initial;\">Sal\u00e1rio inicial<\/strong><span style=\"background-color: initial; color: initial;\">: R$ 2.666,28 a R$ 12.440,54<\/span> [\u00faltimo edital]<\/li>\n\n\n\n<li><strong>\u00daltimo edital: <\/strong><a href=\"https:\/\/dhg1h5j42swfq.cloudfront.net\/2022\/09\/05204838\/edital_pca-_revisao_final-2_-_04-09-2022-2.pdf\" target=\"_blank\" rel=\"noreferrer noopener nofollow\">Politec AP-2022<\/a><\/li>\n<\/ul>\n\n\n\n<p>Nosso objetivo \u00e9 deix\u00e1-los 100% informados. Confira nos t\u00f3picos a seguir todas as informa\u00e7\u00f5es sobre este concurso p\u00fablico da Politec AP! <\/p>\n\n\n\n<ul class=\"wp-block-list\">\n<li><a href=\"#situ\">Situa\u00e7\u00e3o atual<\/a>\n<ul class=\"wp-block-list\">\n<li><a href=\"#previsao\">Previs\u00e3o<\/a><\/li>\n<\/ul>\n<\/li>\n\n\n\n<li><a href=\"#principais\">\u00daltimo concurso<\/a>\n<ul class=\"wp-block-list\">\n<li><a href=\"#anunciada\">Cargos e vagas<\/a><\/li>\n\n\n\n<li><a href=\"#lotacoes\">Lota\u00e7\u00f5es<\/a><\/li>\n\n\n\n<li><a href=\"#comissao\">Etapas e provas<\/a><\/li>\n<\/ul>\n<\/li>\n\n\n\n<li><a href=\"#cargos\">Sobre os cargos<\/a>\n<ul class=\"wp-block-list\">\n<li><a href=\"#requisitos\">Requisitos<\/a><\/li>\n\n\n\n<li><a href=\"#salarios\">Sal\u00e1rios<\/a><\/li>\n<\/ul>\n<\/li>\n\n\n\n<li><a href=\"#cursos\">Cursos e assinaturas<\/a><\/li>\n\n\n\n<li><a href=\"#ficha-tecnica\">Ficha T\u00e9cnica<\/a><\/li>\n<\/ul>\n\n\n\n<div class=\"container\" id=\"boxes\">\n  <div class=\"row\"> \n\n    <div class=\"col-sm\">\n      <div class=\"banner-adm\" id=\"box-assinatura\">\n        <h3 class=\"titulo-assinatura\">Concurso Politec AP<\/h3>\n        <p class=\"subtitulo-assinatura\">Conhe\u00e7a os cursos<\/p>\n        <div class=\"box-botao\">\n          <a class=\"btn-assinatura\" target=\"_blank\" href=\"https:\/\/www.estrategiaconcursos.com.br\/cursosPorConcurso\/politec-ap\/\" role=\"button\" rel=\"noopener noreferrer\">Conhe\u00e7a mais<\/a>\n        <\/div>\n      <\/div>\n     \n\n  <\/div>\n<\/div><\/div>\n\n\n\n<h2 class=\"wp-block-heading has-background\" id=\"situ\" style=\"background-color:#a7bfe1\">Situa\u00e7\u00e3o atual do concurso Politec AP<\/h2>\n\n\n\n<p id=\"previsao\">Previs\u00e3o<\/p>\n\n\n\n<p>A secret\u00e1ria de Administra\u00e7\u00e3o, Cinthya Noemia Mendes, informou que j\u00e1 foram iniciados estudos para a realiza\u00e7\u00e3o de um novo concurso da Pol\u00edcia T\u00e9cnico-Cient\u00edfica do Amap\u00e1 (Politec AP).<\/p>\n\n\n\n<p>Segundo a gestora, a pr\u00f3pria institui\u00e7\u00e3o procurou a Secretaria em raz\u00e3o da exist\u00eancia de cargos que n\u00e3o foram totalmente preenchidos no \u00faltimo certame, como papiloscopista e m\u00e9dico-perito.<\/p>\n\n\n<figure class=\"wp-block-embed-youtube wp-block-embed is-type-video is-provider-youtube wp-embed-aspect-16-9 wp-has-aspect-ratio\"><div class=\"lyte-wrapper\" style=\"width:853px;max-width:100%;margin:5px;\"><div class=\"lyMe\" id=\"WYL_etRtBBzClMM\"><div id=\"lyte_etRtBBzClMM\" data-src=\"\/\/i.ytimg.com\/vi\/etRtBBzClMM\/hqdefault.jpg\" class=\"pL\"><div class=\"tC\"><div class=\"tT\"><\/div><\/div><div class=\"play\"><\/div><div class=\"ctrl\"><div class=\"Lctrl\"><\/div><div class=\"Rctrl\"><\/div><\/div><\/div><noscript><a href=\"https:\/\/youtu.be\/etRtBBzClMM\" rel=\"nofollow\"><img loading=\"lazy\" decoding=\"async\" src=\"https:\/\/i.ytimg.com\/vi\/etRtBBzClMM\/0.jpg\" alt=\"YouTube video thumbnail\" width=\"853\" height=\"460\" \/><br \/>Assista a este v\u00eddeo no YouTube<\/a><\/noscript><\/div><\/div><div class=\"lL\" style=\"max-width:100%;width:853px;margin:5px;\"><\/div><figcaption><\/figcaption><\/figure>\n\n\n<p>Por fim, destacou a <strong>import\u00e2ncia da prepara\u00e7\u00e3o antecipada e a qualidade do material do Estrat\u00e9gia Concursos:<\/strong><\/p>\n\n\n\n<p>&#8220;<em>Eu sei que estudar para concurso n\u00e3o \u00e9 f\u00e1cil. A gente abre m\u00e3o de muita coisa, de viv\u00eancia familiar, muito tempo na telinha, porque eu fazia muito isso. Eu estudava, eu trabalhava o dia todo e de madrugada eu assistia minhas videoaulas do Estrat\u00e9gia. Fui aluna do Estrat\u00e9gia, ent\u00e3o eu sei da qualidade do curso de voc\u00eas.&nbsp;<br \/>Ent\u00e3o, queridos, estudem, n\u00e3o deixem para sair o edital. A gente est\u00e1 falando, comunicando que vai abrir bastante concurso, vai sair o edital, n\u00e3o deixe para cima da hora.<br \/>J\u00e1 garanta o seu material a\u00ed com o Estrat\u00e9gia. Eles v\u00e3o fazer material de excel\u00eancia, tenho certeza disso, preparando voc\u00eas para os nossos concursos p\u00fablicos e o Estado \u00e9 uma pasta de portas abertas para todos voc\u00eas.<br \/>Tenho certeza que o nosso Estado, com a nossa gastronomia, que \u00e9 de alta qualidade, vai conquistar o cora\u00e7\u00e3o de voc\u00eas. Ent\u00e3o, estudem, que a gente est\u00e1 aguardando voc\u00eas em breve.\u201d<\/em><\/p>\n\n\n\n<h2 class=\"wp-block-heading has-background\" id=\"ultimo\" style=\"background-color:#a7bfe1\">\u00daltimo concurso Politec AP<\/h2>\n\n\n\n<ul class=\"wp-block-list\">\n<li><a href=\"https:\/\/dhg1h5j42swfq.cloudfront.net\/2022\/09\/19170121\/1a_retificacao_1.pdf\" target=\"_blank\" rel=\"noreferrer noopener nofollow\">1\u00aa Retifica\u00e7\u00e3o<\/a><\/li>\n\n\n\n<li><a href=\"https:\/\/dhg1h5j42swfq.cloudfront.net\/2022\/10\/20150115\/2a_retificacao_-_concurso_pca_2022.pdf\" target=\"_blank\" rel=\"noreferrer noopener nofollow\">2\u00aa Retifica\u00e7\u00e3o<\/a> | <a href=\"https:\/\/dhg1h5j42swfq.cloudfront.net\/2022\/10\/20150119\/comunicado_8.pdf\" target=\"_blank\" rel=\"noreferrer noopener nofollow\">Comunicado<\/a><\/li>\n<\/ul>\n\n\n\n<h3 class=\"wp-block-heading\" id=\"cargos-e-vagas-previstos\">Cargos e vagas do concurso Politec AP<\/h3>\n\n\n\n<figure class=\"wp-block-table is-style-stripes\"><table class=\"has-background has-fixed-layout\" style=\"background-color:#dae3ef\"><thead><tr><th class=\"has-text-align-center\" data-align=\"center\">Cargos<\/th><th class=\"has-text-align-center\" data-align=\"center\">Vagas<\/th><th class=\"has-text-align-center\" data-align=\"center\">Remunera\u00e7\u00e3o<\/th><\/tr><\/thead><tbody><tr><td class=\"has-text-align-center\" data-align=\"center\">Perito Criminal<\/td><td class=\"has-text-align-center\" data-align=\"center\">180 CR<\/td><td class=\"has-text-align-center\" data-align=\"center\">R$ 12.440,54<\/td><\/tr><tr><td class=\"has-text-align-center\" data-align=\"center\"><a href=\"https:\/\/www.estrategiaconcursos.com.br\/curso\/politec-ap-odontologista-odontologia-pacote-2022-pos-edital\/\" target=\"_blank\" rel=\"noreferrer noopener\">Odontolegista<\/a><\/td><td class=\"has-text-align-center\" data-align=\"center\">10 CR<\/td><td class=\"has-text-align-center\" data-align=\"center\">R$ 12.440,54<\/td><\/tr><tr><td class=\"has-text-align-center\" data-align=\"center\"><a href=\"https:\/\/www.estrategiaconcursos.com.br\/curso\/politec-ap-papiloscopista-pacote-2022-pos-edital\/\" target=\"_blank\" rel=\"noreferrer noopener\">Papiloscopista<\/a><\/td><td class=\"has-text-align-center\" data-align=\"center\">70 CR<\/td><td class=\"has-text-align-center\" data-align=\"center\">R$ 4.333,58<\/td><\/tr><tr><td class=\"has-text-align-center\" data-align=\"center\"><a href=\"https:\/\/www.estrategiaconcursos.com.br\/curso\/politec-ap-tecnologo-em-gestao-ambiental-pacote-2022-pos-edital\/\" target=\"_blank\" rel=\"noreferrer noopener\">T\u00e9cnico Pericial<\/a><\/td><td class=\"has-text-align-center\" data-align=\"center\">40 CR<\/td><td class=\"has-text-align-center\" data-align=\"center\">R$ 4.333,58<\/td><\/tr><tr><td class=\"has-text-align-center\" data-align=\"center\">Auxiliar T\u00e9cnico-Pericial<\/td><td class=\"has-text-align-center\" data-align=\"center\">130 CR<\/td><td class=\"has-text-align-center\" data-align=\"center\">R$ 2.666,28<\/td><\/tr><\/tbody><\/table><figcaption class=\"wp-element-caption\">Quadro com as vagas e remunera\u00e7\u00e3o divididas por cargos.<\/figcaption><\/figure>\n\n\n\n<h3 class=\"wp-block-heading\" id=\"areas\">\u00c1reas de forma\u00e7\u00e3o<\/h3>\n\n\n\n<p><strong><span style=\"text-decoration: underline;\">Perito Criminal:<\/span><\/strong><\/p>\n\n\n\n<ul class=\"wp-block-list\">\n<li>Analista de Sistemas\/Ci\u00eancia da Computa\u00e7\u00e3o;<\/li>\n\n\n\n<li>Biologia;<\/li>\n\n\n\n<li><a href=\"https:\/\/www.estrategiaconcursos.com.br\/curso\/politec-ap-perito-criminal-engenharia-sanitaria-e-ambiental-pacote-2022-pos-edital\/\" target=\"_blank\" rel=\"noreferrer noopener\">Engenharia Sanit\u00e1ria e Ambiental<\/a>;<\/li>\n\n\n\n<li>Geologia;<\/li>\n\n\n\n<li>Medicina Veterin\u00e1ria;<\/li>\n\n\n\n<li>Psicologia;<\/li>\n\n\n\n<li>Fonoaudiologia;<\/li>\n\n\n\n<li><a href=\"https:\/\/www.estrategiaconcursos.com.br\/curso\/politec-ap-perito-criminal-ciencias-contabeis-pacote-2022-pos-edital\/\" target=\"_blank\" rel=\"noreferrer noopener\">Ci\u00eancias Cont\u00e1beis<\/a>;<\/li>\n\n\n\n<li>Engenharia Florestal;<\/li>\n\n\n\n<li>Farm\u00e1cia Bioqu\u00edmica\/Biomedicina;<\/li>\n\n\n\n<li>Engenharia El\u00e9trica;<\/li>\n\n\n\n<li>Engenharia Eletr\u00f4nica;<\/li>\n\n\n\n<li><a href=\"https:\/\/www.estrategiaconcursos.com.br\/curso\/politec-ap-perito-criminal-engenheiro-civil-pacote-2022-pos-edital\/\" target=\"_blank\" rel=\"noreferrer noopener\">Engenharia Civil<\/a>.<\/li>\n<\/ul>\n\n\n\n<p><strong><span style=\"text-decoration: underline;\">Perito Odontolegista:<\/span><\/strong><\/p>\n\n\n\n<ul class=\"wp-block-list\">\n<li>Odontologia.<\/li>\n<\/ul>\n\n\n\n<p><strong><span style=\"text-decoration: underline;\">T\u00e9cnico Pericial:<\/span><\/strong><\/p>\n\n\n\n<ul class=\"wp-block-list\">\n<li>Enfermagem e Medicina Legal;<\/li>\n\n\n\n<li>Biomedicina;<\/li>\n\n\n\n<li>Tecn\u00f3logo em constru\u00e7\u00e3o de edif\u00edcios;<\/li>\n\n\n\n<li>Tecn\u00f3logo em Gest\u00e3o Ambiental.<\/li>\n<\/ul>\n\n\n\n<p><span style=\"text-decoration: underline;\"><strong>Auxiliar T\u00e9cnico-Pericial:<\/strong><\/span><\/p>\n\n\n\n<ul class=\"wp-block-list\">\n<li>T\u00e9cnico em Enfermagem\/T\u00e9cnico em Farm\u00e1cia;<\/li>\n\n\n\n<li>T\u00e9cnico em sa\u00fade bucal;<\/li>\n\n\n\n<li>T\u00e9cnico em Raio X;<\/li>\n\n\n\n<li>T\u00e9cnico em Qu\u00edmica\/T\u00e9cnico An\u00e1lises Cl\u00ednicas;<\/li>\n\n\n\n<li>T\u00e9cnico em Meio Ambiente;<\/li>\n\n\n\n<li>T\u00e9cnico em Edifica\u00e7\u00f5es;<\/li>\n\n\n\n<li>T\u00e9cnico em Mec\u00e2nica;<\/li>\n\n\n\n<li>T\u00e9cnico em Agrimensura;<\/li>\n\n\n\n<li>T\u00e9cnico em Inform\u00e1tica.<\/li>\n<\/ul>\n\n\n\n<h3 class=\"wp-block-heading\" id=\"lotacoes\">Lota\u00e7\u00f5es<\/h3>\n\n\n\n<p>A distribui\u00e7\u00e3o das vagas <strong>foi feita de forma regionalizada<\/strong> e distribu\u00eddas conforme a seguir:<\/p>\n\n\n\n<ul class=\"wp-block-list\">\n<li><strong>REGI\u00c3O I: <\/strong>Macap\u00e1, Santana, Itaubal e Mazag\u00e3o;<\/li>\n\n\n\n<li><strong>REGI\u00c3O II:<\/strong> Tartarugalzinho, Pracu\u00faba, Cutias, Amap\u00e1, Cal\u00e7oene e Oiapoque;<\/li>\n\n\n\n<li><strong>REGI\u00c3O III:<\/strong> Laranjal do Jari e Vit\u00f3ria do Jari; e<\/li>\n\n\n\n<li><strong>REGI\u00c3O IV:<\/strong> Porto Grande, Ferreria Gomes, Pedra Branca do Amapari e Serra do Navio.<\/li>\n<\/ul>\n\n\n\n<h3 class=\"wp-block-heading\" id=\"anunciada\">Etapas e provas do concurso Politec AP<\/h3>\n\n\n\n<p>O concurso Politec AP foi aplicado mediante as seguintes etapas, divididas em <strong>cinco fases:<\/strong><\/p>\n\n\n\n<p><strong><span style=\"text-decoration: underline;\">1\u00aa Etapa:<\/span><\/strong><\/p>\n\n\n\n<ul class=\"wp-block-list\">\n<li>1\u00aa Fase: Prova Objetiva e Discursiva, de car\u00e1ter eliminat\u00f3rio e classificat\u00f3rio;<\/li>\n\n\n\n<li>2\u00aa Fase: Prova de T\u00edtulos, de car\u00e1ter classificat\u00f3rio.<\/li>\n<\/ul>\n\n\n\n<p><strong><span style=\"text-decoration: underline;\">2\u00aa Etapa:<\/span><\/strong><\/p>\n\n\n\n<ul class=\"wp-block-list\">\n<li>3\u00aa Fase: Exame documental, de car\u00e1ter eliminat\u00f3rio;<\/li>\n\n\n\n<li>4\u00aa Fase: Exame de Sa\u00fade e Psicol\u00f3gico, de car\u00e1ter eliminat\u00f3rio; e<\/li>\n\n\n\n<li>5\u00aa Fase: Curso de Forma\u00e7\u00e3o, de car\u00e1ter eliminat\u00f3rio.<\/li>\n<\/ul>\n\n\n\n<h3 class=\"wp-block-heading\">Prova Objetiva<\/h3>\n\n\n\n<p>As provas foram aplicadas da seguinte forma:<\/p>\n\n\n\n<ul class=\"wp-block-list\">\n<li>Para os cargos de T\u00e9cnico Pericial e Auxiliar T\u00e9cnico Pericial &#8211; Prova Objetiva de m\u00faltipla escolha;<\/li>\n\n\n\n<li>Para os cargos de Perito Criminal, Perito Odontolegista e Papiloscopista &#8211; Prova Objetiva de m\u00faltipla escolha e Prova Discursiva.<\/li>\n<\/ul>\n\n\n\n<p>A etapa do concurso Politec AP foi composta por <strong>60 quest\u00f5es<\/strong> de m\u00faltipla escolha, sendo 5 alternativas e apenas uma considerada correta:<\/p>\n\n\n\n<p><strong><span style=\"text-decoration: underline;\">Perito Criminal:<\/span><\/strong><\/p>\n\n\n\n<ul class=\"wp-block-list\">\n<li>L\u00edngua Portuguesa &#8211; 10 quest\u00f5es;<\/li>\n\n\n\n<li>Inform\u00e1tica &#8211; 05 quest\u00f5es;<\/li>\n\n\n\n<li>Direito &#8211; 15 quest\u00f5es;<\/li>\n\n\n\n<li>Conhecimentos Espec\u00edficos (conforme \u00e1rea de forma\u00e7\u00e3o) &#8211; 30 quest\u00f5es.<\/li>\n<\/ul>\n\n\n\n<p><strong><span style=\"text-decoration: underline;\">Perito Odontolegista:<\/span><\/strong><\/p>\n\n\n\n<ul class=\"wp-block-list\">\n<li>L\u00edngua Portuguesa &#8211; 10 quest\u00f5es;<\/li>\n\n\n\n<li>Inform\u00e1tica &#8211; 05 quest\u00f5es;<\/li>\n\n\n\n<li>Direito &#8211; 15 quest\u00f5es;<\/li>\n\n\n\n<li>Odontologia &#8211; 30 quest\u00f5es.<\/li>\n<\/ul>\n\n\n\n<p><strong><span style=\"text-decoration: underline;\">Papiloscopista:<\/span><\/strong><\/p>\n\n\n\n<ul class=\"wp-block-list\">\n<li>L\u00edngua Portuguesa &#8211; 10 quest\u00f5es;<\/li>\n\n\n\n<li>Inform\u00e1tica &#8211; 05 quest\u00f5es;<\/li>\n\n\n\n<li>Direito &#8211; 15 quest\u00f5es;<\/li>\n\n\n\n<li>Biologia &#8211; 10 quest\u00f5es;<\/li>\n\n\n\n<li>F\u00edsica &#8211; 10 quest\u00f5es;<\/li>\n\n\n\n<li>Qu\u00edmica &#8211; 10 quest\u00f5es.<\/li>\n<\/ul>\n\n\n\n<p><strong><span style=\"text-decoration: underline;\">T\u00e9cnico Pericial:<\/span><\/strong><\/p>\n\n\n\n<ul class=\"wp-block-list\">\n<li>L\u00edngua Portuguesa &#8211; 10 quest\u00f5es;<\/li>\n\n\n\n<li>Inform\u00e1tica &#8211; 05 quest\u00f5es;<\/li>\n\n\n\n<li>Direito &#8211; 15 quest\u00f5es;<\/li>\n\n\n\n<li>Conhecimentos Espec\u00edficos (conforme \u00e1rea de forma\u00e7\u00e3o) &#8211; 30 quest\u00f5es.<\/li>\n<\/ul>\n\n\n\n<p><strong><span style=\"text-decoration: underline;\">Auxiliar <\/span><\/strong><span><span style=\"font-weight: bold; text-decoration: underline;\">T\u00e9cnico Pericial:<\/span><\/span><\/p>\n\n\n\n<ul class=\"wp-block-list\">\n<li>L\u00edngua Portuguesa &#8211; 10 quest\u00f5es;<\/li>\n\n\n\n<li>Inform\u00e1tica &#8211; 10 quest\u00f5es;<\/li>\n\n\n\n<li>No\u00e7\u00f5es de Direito &#8211; 10 quest\u00f5es;<\/li>\n\n\n\n<li>No\u00e7\u00f5es de Criminal\u00edstica e de Medicina Legal &#8211; 06 quest\u00f5es;<\/li>\n\n\n\n<li>Biologia &#8211; 06 quest\u00f5es;<\/li>\n\n\n\n<li>F\u00edsica &#8211; 06 quest\u00f5es;<\/li>\n\n\n\n<li>Qu\u00edmica &#8211; 06 quest\u00f5es;<\/li>\n\n\n\n<li>Matem\u00e1tica &#8211; 06 quest\u00f5es.<\/li>\n<\/ul>\n\n\n\n<p>Para todos os cargos, foi considerado aprovado na Prova Objetiva, o candidato que obteve <strong>54 pontos<\/strong>, correspondentes a 60% do total de pontos poss\u00edveis.<\/p>\n\n\n\n<h3 class=\"wp-block-heading\">Prova Discursiva<\/h3>\n\n\n\n<p>A prova discursiva do concurso Politec AP foi aplicada no mesmo dia e hor\u00e1rio da prova objetiva, aos cargos de Perito Criminal, Perito Odontolegista e Papiloscopista.<\/p>\n\n\n\n<p>A etapa constou de uma \u00fanica quest\u00e3o que deveria ser redigida em g\u00eanero dissertativo-argumentativo, de acordo com o conhecimento espec\u00edfico da \u00e1rea de forma\u00e7\u00e3o em at\u00e9 30 linhas, e teve nota m\u00e1xima de at\u00e9 15 pontos.<\/p>\n\n\n\n<p>Foram considerados aprovados na prova discursiva os candidatos que obtiveram no m\u00ednimo 7,5 ou mais pontos.<\/p>\n\n\n\n<h3 class=\"wp-block-heading\">Avalia\u00e7\u00e3o de T\u00edtulos<\/h3>\n\n\n\n<p>Foram avaliados os t\u00edtulos do concurso Politec AP para os cargos de Perito Criminal, Perito Odontolegista, Papiloscopista, T\u00e9cnico Pericial e Auxiliar T\u00e9cnico Pericial.<\/p>\n\n\n\n<figure class=\"wp-block-image aligncenter size-full is-resized\"><img loading=\"lazy\" decoding=\"async\" width=\"763\" height=\"795\" src=\"https:\/\/dhg1h5j42swfq.cloudfront.net\/2022\/09\/05204307\/image-67.png\" alt=\"Tabela com a pontua\u00e7\u00e3o dos T\u00edtulos ao cargo de Perito do Concurso Politec AP.\" class=\"wp-image-1089865\" style=\"width:706px;height:736px\" srcset=\"https:\/\/dhg1h5j42swfq.cloudfront.net\/2022\/09\/05204307\/image-67.png 763w, https:\/\/dhg1h5j42swfq.cloudfront.net\/2022\/09\/05204307\/image-67-288x300.png 288w, https:\/\/dhg1h5j42swfq.cloudfront.net\/2022\/09\/05204307\/image-67-610x636.png 610w, https:\/\/dhg1h5j42swfq.cloudfront.net\/2022\/09\/05204307\/image-67-150x156.png 150w\" sizes=\"auto, (max-width: 763px) 100vw, 763px\" \/><figcaption class=\"wp-element-caption\">Avalia\u00e7\u00e3o de T\u00edtulos &#8211; Perito<\/figcaption><\/figure>\n\n\n\n<figure class=\"wp-block-image aligncenter size-full is-resized\"><img loading=\"lazy\" decoding=\"async\" width=\"727\" height=\"356\" src=\"https:\/\/dhg1h5j42swfq.cloudfront.net\/2022\/09\/05204340\/image-68.png\" alt=\"Tabela de atribui\u00e7\u00e3o de pontos da prova de t\u00edtulos ao cargo de Papiloscopistas.\" class=\"wp-image-1089866\" style=\"width:679px;height:332px\" srcset=\"https:\/\/dhg1h5j42swfq.cloudfront.net\/2022\/09\/05204340\/image-68.png 727w, https:\/\/dhg1h5j42swfq.cloudfront.net\/2022\/09\/05204340\/image-68-300x147.png 300w, https:\/\/dhg1h5j42swfq.cloudfront.net\/2022\/09\/05204340\/image-68-610x299.png 610w, https:\/\/dhg1h5j42swfq.cloudfront.net\/2022\/09\/05204340\/image-68-150x73.png 150w\" sizes=\"auto, (max-width: 727px) 100vw, 727px\" \/><figcaption class=\"wp-element-caption\">Avalia\u00e7\u00e3o de T\u00edtulos &#8211; Papiloscopista<\/figcaption><\/figure>\n\n\n\n<figure class=\"wp-block-image aligncenter size-full is-resized\"><img loading=\"lazy\" decoding=\"async\" width=\"743\" height=\"642\" src=\"https:\/\/dhg1h5j42swfq.cloudfront.net\/2022\/09\/05204449\/image-69.png\" alt=\"Quadro de atribui\u00e7\u00e3o dos Pontos de T\u00edtulos aos cargos de T\u00e9cnico e Auxiliar Pericial do concurso Politec AP.\" class=\"wp-image-1089867\" style=\"width:678px;height:586px\" srcset=\"https:\/\/dhg1h5j42swfq.cloudfront.net\/2022\/09\/05204449\/image-69.png 743w, https:\/\/dhg1h5j42swfq.cloudfront.net\/2022\/09\/05204449\/image-69-300x259.png 300w, https:\/\/dhg1h5j42swfq.cloudfront.net\/2022\/09\/05204449\/image-69-610x527.png 610w, https:\/\/dhg1h5j42swfq.cloudfront.net\/2022\/09\/05204449\/image-69-150x130.png 150w\" sizes=\"auto, (max-width: 743px) 100vw, 743px\" \/><figcaption class=\"wp-element-caption\">Avalia\u00e7\u00e3o de T\u00edtulos &#8211; T\u00e9cnico e Auxiliar Pericial<\/figcaption><\/figure>\n\n\n\n<h3 class=\"wp-block-heading\">Curso de Forma\u00e7\u00e3o<\/h3>\n\n\n\n<p>O curso de forma\u00e7\u00e3o correspondeu \u00e0 5\u00aa fase para os cargos de Perito Criminal, Perito Odontolegista, Papiloscopista, T\u00e9cnico Pericial e Auxiliar T\u00e9cnico Pericial, de car\u00e1ter eliminat\u00f3rio.<\/p>\n\n\n\n<p>A etapa foi realizada sob a responsabilidade da Secretaria de Estado da Administra\u00e7\u00e3o, Escola da Administra\u00e7\u00e3o P\u00fablica \u2013 EAP e Academia Integrada de Forma\u00e7\u00e3o e Aperfei\u00e7oamento \u2013 AIFA.<\/p>\n\n\n\n<p>Foi eliminado da referida etapa o aluno que n\u00e3o alcan\u00e7ou aproveitamento m\u00ednimo de 60% nas provas de conhecimentos espec\u00edficos das disciplinas constantes na grade curricular, ou n\u00e3o registrou frequ\u00eancia m\u00ednima de 75% \u00e0s atividades.<\/p>\n\n\n\n<h2 class=\"wp-block-heading has-background\" id=\"cargos\" style=\"background-color:#a7bfe1\">Sobre os cargos do concurso Politec AP<\/h2>\n\n\n\n<h3 class=\"wp-block-heading\" id=\"requisitos\">Requisitos<\/h3>\n\n\n\n<ul class=\"wp-block-list\">\n<li><strong>Perito Criminal<\/strong>: curso superior de gradua\u00e7\u00e3o conforme \u00e1rea a ser definida no edital do concurso p\u00fablico, nos termos em que dispuser a legisla\u00e7\u00e3o vigente;<\/li>\n\n\n\n<li><strong>Perito Odontolegista<\/strong>: curso superior de gradua\u00e7\u00e3o em Odontologia;<\/li>\n\n\n\n<li><strong>Papiloscopista<\/strong>: n\u00edvel superior;<\/li>\n\n\n\n<li><strong>T\u00e9cnico Pericial<\/strong>: n\u00edvel superior; e<\/li>\n\n\n\n<li><strong>Auxiliar T\u00e9cnico-Pericial<\/strong>: n\u00edvel t\u00e9cnico.<\/li>\n<\/ul>\n\n\n\n<p><span style=\"color: #000000;\">A Funda\u00e7\u00e3o Carlos Chagas publicou, <strong>em 2017<\/strong>, o edital do Concurso para a Pol\u00edcia T\u00e9cnico-Cient\u00edfica do Estado do Amap\u00e1 (<strong>Concurso Politec AP<\/strong>). Foram ofertadas <strong>80 oportunidades para os cargos de Perito M\u00e9dico Legista e para Perito M\u00e9dico Legista, com especializa\u00e7\u00e3o em Psiquiatria<\/strong>.<\/span><\/p>\n\n\n\n<p><span style=\"color: #000000;\">Os rendimentos iniciais foram de <strong>R$ 10.067,96<\/strong>. O edital ofertou 20 vagas imediatas e 60 Cadastro de Reserva. O quantitativo de vagas ficou assim distribu\u00eddo:<\/span><\/p>\n\n\n\n<ul class=\"wp-block-list\">\n<li><span style=\"color: #000000;\">Perito M\u00e9dico Legista &#8211; 18 imediatas \/ 52 Cadastro de Reserva<\/span><\/li>\n\n\n\n<li><span style=\"color: #000000;\">Perito M\u00e9dico Legista (Psiquiatra) &#8211; 2 imediatas \/ 8 Cadastro de Reserva<\/span><\/li>\n<\/ul>\n\n\n\n<p><span style=\"color: #000000;\">Para se candidatar ao cargo foi preciso ter possuir diploma de conclus\u00e3o de Curso Superior em Medicina, al\u00e9m de possuir registro junto ao Conselho Regional de Medicina (CRM).<\/span><\/p>\n\n\n\n<p><span style=\"color: #000000;\">Os candidatos que concorreram ao cargo de M\u00e9dico Legista com Especializa\u00e7\u00e3o em Psiquiatria, al\u00e9m desses requisitos, deveriam possuir registro da especialidade junto ao CRM.<\/span><\/p>\n\n\n\n<h3 class=\"wp-block-heading\" id=\"atribuicao\">Atribui\u00e7\u00f5es dos cargos<\/h3>\n\n\n\n<p>S\u00e3o atribui\u00e7\u00f5es de <strong>Perito<\/strong> <strong>M\u00e9dico Legista<\/strong> em conformidade com a Lei n\u00ba 1468\/10:<\/p>\n\n\n\n<ul class=\"wp-block-list\">\n<li>proceder aos exames de per\u00edcia m\u00e9dico-legal, com autonomia, exclusividade e independ\u00eancia, no cumprimento da legisla\u00e7\u00e3o vigente;<\/li>\n\n\n\n<li>elaborar e assinar os laudos periciais dos exames procedidos, de acordo com a padroniza\u00e7\u00e3o estabelecida em regulamento;<\/li>\n\n\n\n<li>requisitar exames radiol\u00f3gicos, an\u00e1tomo patol\u00f3gicos, microsc\u00f3picos e toxicol\u00f3gicos, na medida em que o interesse m\u00e9dico-legal o exigir;<\/li>\n\n\n\n<li>colher e enviar ao laborat\u00f3rio, material para exame;<\/li>\n\n\n\n<li>proceder aos exames de les\u00f5es corporais, sanidade mental, sexol\u00f3gica e antropologia forense, necropsias, exuma\u00e7\u00f5es e outras per\u00edcias criminais;<\/li>\n\n\n\n<li>efetuar estudos, an\u00e1lises e pesquisas de interesse da Autoridade Policial;<\/li>\n\n\n\n<li>prestar aux\u00edlio de sua especialidade, quando solicitado, aos peritos criminais e odontolegistas;<\/li>\n\n\n\n<li>atender as requisi\u00e7\u00f5es das Autoridades Policiais e Judici\u00e1rias, na instrumenta\u00e7\u00e3o de inqu\u00e9ritos policiais e a\u00e7\u00f5es penais;<\/li>\n\n\n\n<li>comparecer aos locais de eventos suscet\u00edveis de per\u00edcias, a qualquer hora e dia, bem como emitir parecer m\u00e9dico-legal, em atendimento \u00e0 requisi\u00e7\u00e3o de Autoridade competente;<\/li>\n\n\n\n<li>cumprir outras atividades inerentes a seu cargo estabelecidas em lei, norma ou regulamento.<\/li>\n<\/ul>\n\n\n\n<p>S\u00e3o atribui\u00e7\u00f5es do <strong>Perito M\u00e9dico Legista com Especializa\u00e7\u00e3o em Psiquiatria<\/strong>, al\u00e9m daquelas elencadas anteriormente para Perito M\u00e9dico Legista,<\/p>\n\n\n\n<ul class=\"wp-block-list\">\n<li>Proceder avalia\u00e7\u00e3o com fito a aferir e emitir laudos quanto a poss\u00edveis afec\u00e7\u00f5es psicopatol\u00f3gicas, neuroses, esquizofrenias e outros, com finalidade jur\u00eddica \u2013 legal, auxiliando na poss\u00edvel elucida\u00e7\u00e3o de crimes, contraven\u00e7\u00f5es, suic\u00eddios, acidentes e les\u00f5es corporais e outros, quando necess\u00e1rio.<\/li>\n\n\n\n<li>Proceder avalia\u00e7\u00e3o da sa\u00fade mental, emitindo laudo conclusivo sobre a capacidade do avaliado quanto aos atos praticados e de suas faculdades mentais, para fins de responsabiliza\u00e7\u00e3o (se cab\u00edvel) nas esferas c\u00edveis e criminais e outros quando necess\u00e1rio.<\/li>\n\n\n\n<li>Estudar e analisar os processos afins com sua \u00e1rea de atua\u00e7\u00e3o, responsabilizando-se por avaliar e emitir laudo ou parecer anamnese, exames, laudos e atestados de uma per\u00edcia, sempre com o objetivo de esclarecer o nexo causal necess\u00e1rio a respostas aos quesitos de lei.<\/li>\n<\/ul>\n\n\n\n<h3 class=\"wp-block-heading\" id=\"provas\">Etapas e provas do concurso Politec AP<\/h3>\n\n\n\n<p><span style=\"color: #000000;\">As provas, composta de <strong>50 quest\u00f5es<\/strong> objetivas de m\u00faltipla escolha e uma prova dissertativa, tiveram dura\u00e7\u00e3o de 4 horas. Esta etapa do concurso Politec AP cobrou dos candidatos conhecimentos nas \u00e1reas de:<\/span><\/p>\n\n\n\n<ul class=\"wp-block-list\">\n<li><span style=\"color: #000000;\"><strong>Conhecimentos Gerais<\/strong><\/span>\n<ul class=\"wp-block-list\">\n<li><span style=\"color: #000000;\">L\u00edngua Portuguesa &#8211; 8 quest\u00f5es<\/span>;<\/li>\n\n\n\n<li><span style=\"color: #000000;\">Direito Processual Penal &#8211; 6 quest\u00f5es<\/span>;<\/li>\n\n\n\n<li><span style=\"color: #000000;\">Direito Penal &#8211; 6 quest\u00f5es<\/span>.<\/li>\n<\/ul>\n<\/li>\n<\/ul>\n\n\n\n<ul class=\"wp-block-list\">\n<li><span style=\"color: #000000;\"><strong>Conhecimentos Espec\u00edficos<\/strong><\/span>\n<ul class=\"wp-block-list\">\n<li><span style=\"color: #000000;\">Leis Espec\u00edficas<\/span>;<\/li>\n\n\n\n<li><span style=\"color: #000000;\">Medicina Legal<\/span>.<\/li>\n<\/ul>\n<\/li>\n<\/ul>\n\n\n\n<p><span style=\"color: #000000;\">Esta etapa foi de inteira responsabilidade da FCC. As fases seguintes foram realizadas pela Secretaria de Estado da Administra\u00e7\u00e3o e pela Pol\u00edcia T\u00e9cnico Cient\u00edfica do Estado do Amap\u00e1.<\/span><\/p>\n\n\n\n<ul class=\"wp-block-list\">\n<li><span style=\"color: #000000;\">3\u00aa Fase &#8211; Exame documental e Exame de Sa\u00fade de car\u00e1ter eliminat\u00f3rio<\/span><\/li>\n\n\n\n<li><span style=\"color: #000000;\">4\u00aa Fase \u2013 Programa de Forma\u00e7\u00e3o, de car\u00e1ter eliminat\u00f3rio.<\/span><\/li>\n<\/ul>\n\n\n\n<h2 class=\"wp-block-heading has-text-align-center\" id=\"h-quer-saber-tudo-sobre-concursos-previstos-confira-nossos-artigos\">Quer saber tudo sobre concursos previstos?<br \/>Confira nossos artigos!<\/h2>\n\n\n\n<ul class=\"wp-block-list\">\n<li><a href=\"https:\/\/www.estrategiaconcursos.com.br\/blog\/concursos-abertos\/\" target=\"_blank\" rel=\"noreferrer noopener\">Concursos abertos<\/a><\/li>\n\n\n\n<li><a href=\"https:\/\/www.estrategiaconcursos.com.br\/blog\/concursos-2026\" target=\"_blank\" rel=\"noreferrer noopener\">Concursos 2026<\/a><\/li>\n<\/ul>\n\n\n\n<h2 class=\"wp-block-heading has-text-align-center\" id=\"cursos\">Quer estudar para o concurso Politec AP?<\/h2>\n\n\n\n<div class=\"container\" id=\"boxes\">\n  <div class=\"row\"> \n\n    <div class=\"col-sm\">\n      <div class=\"banner-adm\" id=\"box-assinatura\">\n        <h3 class=\"titulo-assinatura\">Concurso Politec AP<\/h3>\n        <p class=\"subtitulo-assinatura\">Conhe\u00e7a os cursos<\/p>\n        <div class=\"box-botao\">\n          <a class=\"btn-assinatura\" target=\"_blank\" href=\"https:\/\/www.estrategiaconcursos.com.br\/cursosPorConcurso\/politec-ap\/\" role=\"button\" rel=\"noopener noreferrer\">Conhe\u00e7a mais<\/a>\n        <\/div>\n      <\/div>\n     \n\n  <\/div>\n<\/div><\/div>\n\n\n\n<div class=\"container\" id=\"boxes\">\n  <div class=\"row\">\n\n    <div class=\"col-sm\">\n      <div class=\"estrategia\" id=\"box-assinatura\">\n        <h3 class=\"titulo-assinatura\">Assinatura de Concursos<\/h3>\n        <p class=\"subtitulo-assinatura\">Assinatura de 1 ano ou 2 anos<\/p>\n        <div class=\"box-botao\">\n          <a class=\"btn-assinatura\" target=\"_blank\" href=\"https:\/\/www.estrategiaconcursos.com.br\/assinaturas\/\" role=\"button\" rel=\"noopener noreferrer\">ASSINE AGORA<\/a>\n        <\/div>\n      <\/div>\n     \n    <\/div><\/div><\/div>\n\n\n\n<figure class=\"wp-block-image size-large is-resized\"><img loading=\"lazy\" decoding=\"async\" width=\"1024\" height=\"632\" src=\"https:\/\/dhg1h5j42swfq.cloudfront.net\/2021\/08\/02092425\/ficha-tecnica-1024x632.png\" alt=\"Ficha t\u00e9cnica concurso politec ap\" class=\"wp-image-826813\" style=\"width:268px;height:165px\" srcset=\"https:\/\/dhg1h5j42swfq.cloudfront.net\/2021\/08\/02092425\/ficha-tecnica-1024x632.png 1024w, https:\/\/dhg1h5j42swfq.cloudfront.net\/2021\/08\/02092425\/ficha-tecnica-300x185.png 300w, https:\/\/dhg1h5j42swfq.cloudfront.net\/2021\/08\/02092425\/ficha-tecnica-768x474.png 768w, https:\/\/dhg1h5j42swfq.cloudfront.net\/2021\/08\/02092425\/ficha-tecnica-1536x948.png 1536w, https:\/\/dhg1h5j42swfq.cloudfront.net\/2021\/08\/02092425\/ficha-tecnica-610x377.png 610w, https:\/\/dhg1h5j42swfq.cloudfront.net\/2021\/08\/02092425\/ficha-tecnica.png 1571w\" sizes=\"auto, (max-width: 1024px) 100vw, 1024px\" \/><\/figure>\n\n\n\n<h3 class=\"wp-block-heading\" id=\"ficha-tecnica\">Informa\u00e7\u00f5es do<strong>&nbsp;<\/strong>\u00faltimo concurso Politec AP<\/h3>\n\n\n\n<p>\u25ba<strong>Provas:&nbsp;<\/strong>04\/12\/2022<strong><br \/>\u25baVagas:&nbsp;<\/strong>430 CR<strong><br \/>\u25baLota\u00e7\u00f5es:&nbsp;<\/strong>Amap\u00e1<strong><br \/>\u25baBanca:&nbsp;<\/strong>FGV<br \/><strong>\u25baEscolaridade:<\/strong>&nbsp;t\u00e9cnico e superior<br \/><strong>\u25baEdital<\/strong>: <a href=\"https:\/\/dhg1h5j42swfq.cloudfront.net\/2022\/09\/05204838\/edital_pca-_revisao_final-2_-_04-09-2022-2.pdf\" target=\"_blank\" rel=\"noreferrer noopener\">Politec AP-2022<\/a><\/p>\n","protected":false},"excerpt":{"rendered":"<p>A secret\u00e1ria de Administra\u00e7\u00e3o, Cinthya Noemia Mendes, informou com exclusividade ao Estrat\u00e9gia detalhes sobre a realiza\u00e7\u00e3o de um novo concurso da Pol\u00edcia T\u00e9cnico-Cient\u00edfica do Estado do Amap\u00e1 (Politec AP). De acordo com a gestora, a pr\u00f3pria institui\u00e7\u00e3o buscou a Secretaria em raz\u00e3o da exist\u00eancia de cargos que n\u00e3o foram integralmente preenchidos no \u00faltimo certame, especialmente [&hellip;]<\/p>\n","protected":false},"author":1,"featured_media":931557,"comment_status":"open","ping_status":"open","sticky":false,"template":"","format":"standard","meta":{"post_tipo":"news_page","footnotes":""},"categories":[220190],"tags":[],"tax_estado":[219967],"class_list":["post-81601","post","type-post","status-publish","format-standard","has-post-thumbnail","hentry","category-policial-peritos","tax_estado-ap"],"acf":[],"yoast_head":"<!-- This site is optimized with the Yoast SEO Premium plugin v27.2 (Yoast SEO v27.2) - https:\/\/yoast.com\/product\/yoast-seo-premium-wordpress\/ -->\n<title>Concurso Politec AP: novo edital previsto? Entenda!<\/title>\n<meta name=\"description\" content=\"Concurso Politec AP: novo edital est\u00e1 previsto para papiloscopista e m\u00e9dico-perito. Confira todos os detalhes no blog!\" \/>\n<meta name=\"robots\" content=\"index, follow, max-snippet:-1, max-image-preview:large, max-video-preview:-1\" \/>\n<link rel=\"canonical\" href=\"https:\/\/www.estrategiaconcursos.com.br\/blog\/concurso-politec-ap\/\" \/>\n<meta property=\"og:locale\" content=\"pt_BR\" \/>\n<meta property=\"og:type\" content=\"article\" \/>\n<meta property=\"og:title\" content=\"Concurso Politec AP: novo edital previsto? Entenda!\" \/>\n<meta property=\"og:description\" content=\"Concurso Politec AP: novo edital est\u00e1 previsto para papiloscopista e m\u00e9dico-perito. Confira todos os detalhes no blog!\" \/>\n<meta property=\"og:url\" content=\"https:\/\/www.estrategiaconcursos.com.br\/blog\/concurso-politec-ap\/\" \/>\n<meta property=\"og:site_name\" content=\"Estrat\u00e9gia Concursos\" \/>\n<meta property=\"article:author\" content=\"https:\/\/www.facebook.com\/EstrategiaConcursos\" \/>\n<meta property=\"article:published_time\" content=\"2026-04-13T22:34:53+00:00\" \/>\n<meta property=\"article:modified_time\" content=\"2026-04-14T02:54:42+00:00\" \/>\n<meta property=\"og:image\" content=\"https:\/\/dhg1h5j42swfq.cloudfront.net\/2021\/12\/17133534\/politec_ap.jpg\" \/>\n\t<meta property=\"og:image:width\" content=\"768\" \/>\n\t<meta property=\"og:image:height\" content=\"432\" \/>\n\t<meta property=\"og:image:type\" content=\"image\/jpeg\" \/>\n<meta name=\"author\" content=\"Coordena\u00e7\u00e3o\" \/>\n<meta name=\"twitter:card\" content=\"summary_large_image\" \/>\n<meta name=\"twitter:creator\" content=\"@EstratConcursos\" \/>\n<meta name=\"twitter:site\" content=\"@EstratConcursos\" \/>\n<meta name=\"twitter:label1\" content=\"Escrito por\" \/>\n\t<meta name=\"twitter:data1\" content=\"Coordena\u00e7\u00e3o\" \/>\n\t<meta name=\"twitter:label2\" content=\"Est. tempo de leitura\" \/>\n\t<meta name=\"twitter:data2\" content=\"7 minutos\" \/>\n<script type=\"application\/ld+json\" class=\"yoast-schema-graph\">{\"@context\":\"https:\/\/schema.org\",\"@graph\":[{\"@type\":\"NewsArticle\",\"@id\":\"https:\/\/www.estrategiaconcursos.com.br\/blog\/concurso-politec-ap\/#article\",\"isPartOf\":{\"@id\":\"https:\/\/www.estrategiaconcursos.com.br\/blog\/concurso-politec-ap\/\"},\"author\":{\"name\":\"Coordena\u00e7\u00e3o\",\"@id\":\"https:\/\/www.estrategiaconcursos.com.br\/blog\/#\/schema\/person\/b4a388c97673c5f483d72185668afa1f\"},\"headline\":\"Concurso Politec AP: novo edital previsto? Entenda!\",\"datePublished\":\"2026-04-13T22:34:53+00:00\",\"dateModified\":\"2026-04-14T02:54:42+00:00\",\"mainEntityOfPage\":{\"@id\":\"https:\/\/www.estrategiaconcursos.com.br\/blog\/concurso-politec-ap\/\"},\"wordCount\":2069,\"commentCount\":0,\"publisher\":{\"@id\":\"https:\/\/www.estrategiaconcursos.com.br\/blog\/#organization\"},\"image\":{\"@id\":\"https:\/\/www.estrategiaconcursos.com.br\/blog\/concurso-politec-ap\/#primaryimage\"},\"thumbnailUrl\":\"https:\/\/dhg1h5j42swfq.cloudfront.net\/2021\/12\/17133534\/politec_ap.jpg\",\"articleSection\":[\"Policial (Peritos, Papiloscopistas)\"],\"inLanguage\":\"pt-BR\",\"potentialAction\":[{\"@type\":\"CommentAction\",\"name\":\"Comment\",\"target\":[\"https:\/\/www.estrategiaconcursos.com.br\/blog\/concurso-politec-ap\/#respond\"]}],\"copyrightYear\":\"2026\",\"copyrightHolder\":{\"@id\":\"https:\/\/www.estrategiaconcursos.com.br\/blog\/#organization\"}},{\"@type\":\"WebPage\",\"@id\":\"https:\/\/www.estrategiaconcursos.com.br\/blog\/concurso-politec-ap\/\",\"url\":\"https:\/\/www.estrategiaconcursos.com.br\/blog\/concurso-politec-ap\/\",\"name\":\"Concurso Politec AP: novo edital previsto? Entenda!\",\"isPartOf\":{\"@id\":\"https:\/\/www.estrategiaconcursos.com.br\/blog\/#website\"},\"primaryImageOfPage\":{\"@id\":\"https:\/\/www.estrategiaconcursos.com.br\/blog\/concurso-politec-ap\/#primaryimage\"},\"image\":{\"@id\":\"https:\/\/www.estrategiaconcursos.com.br\/blog\/concurso-politec-ap\/#primaryimage\"},\"thumbnailUrl\":\"https:\/\/dhg1h5j42swfq.cloudfront.net\/2021\/12\/17133534\/politec_ap.jpg\",\"datePublished\":\"2026-04-13T22:34:53+00:00\",\"dateModified\":\"2026-04-14T02:54:42+00:00\",\"description\":\"Concurso Politec AP: novo edital est\u00e1 previsto para papiloscopista e m\u00e9dico-perito. Confira todos os detalhes no blog!\",\"breadcrumb\":{\"@id\":\"https:\/\/www.estrategiaconcursos.com.br\/blog\/concurso-politec-ap\/#breadcrumb\"},\"inLanguage\":\"pt-BR\",\"potentialAction\":[{\"@type\":\"ReadAction\",\"target\":[\"https:\/\/www.estrategiaconcursos.com.br\/blog\/concurso-politec-ap\/\"]}]},{\"@type\":\"ImageObject\",\"inLanguage\":\"pt-BR\",\"@id\":\"https:\/\/www.estrategiaconcursos.com.br\/blog\/concurso-politec-ap\/#primaryimage\",\"url\":\"https:\/\/dhg1h5j42swfq.cloudfront.net\/2021\/12\/17133534\/politec_ap.jpg\",\"contentUrl\":\"https:\/\/dhg1h5j42swfq.cloudfront.net\/2021\/12\/17133534\/politec_ap.jpg\",\"width\":768,\"height\":432,\"caption\":\"politec ap\"},{\"@type\":\"BreadcrumbList\",\"@id\":\"https:\/\/www.estrategiaconcursos.com.br\/blog\/concurso-politec-ap\/#breadcrumb\",\"itemListElement\":[{\"@type\":\"ListItem\",\"position\":1,\"name\":\"In\u00edcio\",\"item\":\"https:\/\/www.estrategiaconcursos.com.br\/blog\/\"},{\"@type\":\"ListItem\",\"position\":2,\"name\":\"Concurso Politec AP: novo edital previsto? Entenda!\"}]},{\"@type\":\"WebSite\",\"@id\":\"https:\/\/www.estrategiaconcursos.com.br\/blog\/#website\",\"url\":\"https:\/\/www.estrategiaconcursos.com.br\/blog\/\",\"name\":\"Estrat\u00e9gia Concursos\",\"description\":\"O blog da Estrat\u00e9gia Concursos traz not\u00edcias sobre concursos e artigos de professores oferecendo cursos para concursos (pdf + videaulas) no site.\",\"publisher\":{\"@id\":\"https:\/\/www.estrategiaconcursos.com.br\/blog\/#organization\"},\"potentialAction\":[{\"@type\":\"SearchAction\",\"target\":{\"@type\":\"EntryPoint\",\"urlTemplate\":\"https:\/\/www.estrategiaconcursos.com.br\/blog\/?s={search_term_string}\"},\"query-input\":{\"@type\":\"PropertyValueSpecification\",\"valueRequired\":true,\"valueName\":\"search_term_string\"}}],\"inLanguage\":\"pt-BR\"},{\"@type\":\"Organization\",\"@id\":\"https:\/\/www.estrategiaconcursos.com.br\/blog\/#organization\",\"name\":\"Estrat\u00e9gia Concursos\",\"url\":\"https:\/\/www.estrategiaconcursos.com.br\/blog\/\",\"logo\":{\"@type\":\"ImageObject\",\"inLanguage\":\"pt-BR\",\"@id\":\"https:\/\/www.estrategiaconcursos.com.br\/blog\/#\/schema\/logo\/image\/\",\"url\":\"https:\/\/dhg1h5j42swfq.cloudfront.net\/2025\/06\/03203428\/logo_concursos-1.jpg\",\"contentUrl\":\"https:\/\/dhg1h5j42swfq.cloudfront.net\/2025\/06\/03203428\/logo_concursos-1.jpg\",\"width\":230,\"height\":60,\"caption\":\"Estrat\u00e9gia Concursos\"},\"image\":{\"@id\":\"https:\/\/www.estrategiaconcursos.com.br\/blog\/#\/schema\/logo\/image\/\"},\"sameAs\":[\"https:\/\/x.com\/EstratConcursos\"]},{\"@type\":\"Person\",\"@id\":\"https:\/\/www.estrategiaconcursos.com.br\/blog\/#\/schema\/person\/b4a388c97673c5f483d72185668afa1f\",\"name\":\"Coordena\u00e7\u00e3o\",\"image\":{\"@type\":\"ImageObject\",\"inLanguage\":\"pt-BR\",\"@id\":\"https:\/\/secure.gravatar.com\/avatar\/b720319e4c9a967eb58678d110f4fe35452fc5d5f97b202bac7b8acceb18c6ad?s=96&d=mm&r=g\",\"url\":\"https:\/\/secure.gravatar.com\/avatar\/b720319e4c9a967eb58678d110f4fe35452fc5d5f97b202bac7b8acceb18c6ad?s=96&d=mm&r=g\",\"contentUrl\":\"https:\/\/secure.gravatar.com\/avatar\/b720319e4c9a967eb58678d110f4fe35452fc5d5f97b202bac7b8acceb18c6ad?s=96&d=mm&r=g\",\"caption\":\"Coordena\u00e7\u00e3o\"},\"sameAs\":[\"https:\/\/www.facebook.com\/EstrategiaConcursos\",\"https:\/\/x.com\/EstratConcursos\"],\"url\":\"https:\/\/www.estrategiaconcursos.com.br\/blog\/author\/estrategia2013\/\"}]}<\/script>\n<!-- \/ Yoast SEO Premium plugin. -->","yoast_head_json":{"title":"Concurso Politec AP: novo edital previsto? Entenda!","description":"Concurso Politec AP: novo edital est\u00e1 previsto para papiloscopista e m\u00e9dico-perito. Confira todos os detalhes no blog!","robots":{"index":"index","follow":"follow","max-snippet":"max-snippet:-1","max-image-preview":"max-image-preview:large","max-video-preview":"max-video-preview:-1"},"canonical":"https:\/\/www.estrategiaconcursos.com.br\/blog\/concurso-politec-ap\/","og_locale":"pt_BR","og_type":"article","og_title":"Concurso Politec AP: novo edital previsto? Entenda!","og_description":"Concurso Politec AP: novo edital est\u00e1 previsto para papiloscopista e m\u00e9dico-perito. Confira todos os detalhes no blog!","og_url":"https:\/\/www.estrategiaconcursos.com.br\/blog\/concurso-politec-ap\/","og_site_name":"Estrat\u00e9gia Concursos","article_author":"https:\/\/www.facebook.com\/EstrategiaConcursos","article_published_time":"2026-04-13T22:34:53+00:00","article_modified_time":"2026-04-14T02:54:42+00:00","og_image":[{"width":768,"height":432,"url":"https:\/\/dhg1h5j42swfq.cloudfront.net\/2021\/12\/17133534\/politec_ap.jpg","type":"image\/jpeg"}],"author":"Coordena\u00e7\u00e3o","twitter_card":"summary_large_image","twitter_creator":"@EstratConcursos","twitter_site":"@EstratConcursos","twitter_misc":{"Escrito por":"Coordena\u00e7\u00e3o","Est. tempo de leitura":"7 minutos"},"schema":{"@context":"https:\/\/schema.org","@graph":[{"@type":"NewsArticle","@id":"https:\/\/www.estrategiaconcursos.com.br\/blog\/concurso-politec-ap\/#article","isPartOf":{"@id":"https:\/\/www.estrategiaconcursos.com.br\/blog\/concurso-politec-ap\/"},"author":{"name":"Coordena\u00e7\u00e3o","@id":"https:\/\/www.estrategiaconcursos.com.br\/blog\/#\/schema\/person\/b4a388c97673c5f483d72185668afa1f"},"headline":"Concurso Politec AP: novo edital previsto? Entenda!","datePublished":"2026-04-13T22:34:53+00:00","dateModified":"2026-04-14T02:54:42+00:00","mainEntityOfPage":{"@id":"https:\/\/www.estrategiaconcursos.com.br\/blog\/concurso-politec-ap\/"},"wordCount":2069,"commentCount":0,"publisher":{"@id":"https:\/\/www.estrategiaconcursos.com.br\/blog\/#organization"},"image":{"@id":"https:\/\/www.estrategiaconcursos.com.br\/blog\/concurso-politec-ap\/#primaryimage"},"thumbnailUrl":"https:\/\/dhg1h5j42swfq.cloudfront.net\/2021\/12\/17133534\/politec_ap.jpg","articleSection":["Policial (Peritos, Papiloscopistas)"],"inLanguage":"pt-BR","potentialAction":[{"@type":"CommentAction","name":"Comment","target":["https:\/\/www.estrategiaconcursos.com.br\/blog\/concurso-politec-ap\/#respond"]}],"copyrightYear":"2026","copyrightHolder":{"@id":"https:\/\/www.estrategiaconcursos.com.br\/blog\/#organization"}},{"@type":"WebPage","@id":"https:\/\/www.estrategiaconcursos.com.br\/blog\/concurso-politec-ap\/","url":"https:\/\/www.estrategiaconcursos.com.br\/blog\/concurso-politec-ap\/","name":"Concurso Politec AP: novo edital previsto? Entenda!","isPartOf":{"@id":"https:\/\/www.estrategiaconcursos.com.br\/blog\/#website"},"primaryImageOfPage":{"@id":"https:\/\/www.estrategiaconcursos.com.br\/blog\/concurso-politec-ap\/#primaryimage"},"image":{"@id":"https:\/\/www.estrategiaconcursos.com.br\/blog\/concurso-politec-ap\/#primaryimage"},"thumbnailUrl":"https:\/\/dhg1h5j42swfq.cloudfront.net\/2021\/12\/17133534\/politec_ap.jpg","datePublished":"2026-04-13T22:34:53+00:00","dateModified":"2026-04-14T02:54:42+00:00","description":"Concurso Politec AP: novo edital est\u00e1 previsto para papiloscopista e m\u00e9dico-perito. Confira todos os detalhes no blog!","breadcrumb":{"@id":"https:\/\/www.estrategiaconcursos.com.br\/blog\/concurso-politec-ap\/#breadcrumb"},"inLanguage":"pt-BR","potentialAction":[{"@type":"ReadAction","target":["https:\/\/www.estrategiaconcursos.com.br\/blog\/concurso-politec-ap\/"]}]},{"@type":"ImageObject","inLanguage":"pt-BR","@id":"https:\/\/www.estrategiaconcursos.com.br\/blog\/concurso-politec-ap\/#primaryimage","url":"https:\/\/dhg1h5j42swfq.cloudfront.net\/2021\/12\/17133534\/politec_ap.jpg","contentUrl":"https:\/\/dhg1h5j42swfq.cloudfront.net\/2021\/12\/17133534\/politec_ap.jpg","width":768,"height":432,"caption":"politec ap"},{"@type":"BreadcrumbList","@id":"https:\/\/www.estrategiaconcursos.com.br\/blog\/concurso-politec-ap\/#breadcrumb","itemListElement":[{"@type":"ListItem","position":1,"name":"In\u00edcio","item":"https:\/\/www.estrategiaconcursos.com.br\/blog\/"},{"@type":"ListItem","position":2,"name":"Concurso Politec AP: novo edital previsto? Entenda!"}]},{"@type":"WebSite","@id":"https:\/\/www.estrategiaconcursos.com.br\/blog\/#website","url":"https:\/\/www.estrategiaconcursos.com.br\/blog\/","name":"Estrat\u00e9gia Concursos","description":"O blog da Estrat\u00e9gia Concursos traz not\u00edcias sobre concursos e artigos de professores oferecendo cursos para concursos (pdf + videaulas) no site.","publisher":{"@id":"https:\/\/www.estrategiaconcursos.com.br\/blog\/#organization"},"potentialAction":[{"@type":"SearchAction","target":{"@type":"EntryPoint","urlTemplate":"https:\/\/www.estrategiaconcursos.com.br\/blog\/?s={search_term_string}"},"query-input":{"@type":"PropertyValueSpecification","valueRequired":true,"valueName":"search_term_string"}}],"inLanguage":"pt-BR"},{"@type":"Organization","@id":"https:\/\/www.estrategiaconcursos.com.br\/blog\/#organization","name":"Estrat\u00e9gia Concursos","url":"https:\/\/www.estrategiaconcursos.com.br\/blog\/","logo":{"@type":"ImageObject","inLanguage":"pt-BR","@id":"https:\/\/www.estrategiaconcursos.com.br\/blog\/#\/schema\/logo\/image\/","url":"https:\/\/dhg1h5j42swfq.cloudfront.net\/2025\/06\/03203428\/logo_concursos-1.jpg","contentUrl":"https:\/\/dhg1h5j42swfq.cloudfront.net\/2025\/06\/03203428\/logo_concursos-1.jpg","width":230,"height":60,"caption":"Estrat\u00e9gia Concursos"},"image":{"@id":"https:\/\/www.estrategiaconcursos.com.br\/blog\/#\/schema\/logo\/image\/"},"sameAs":["https:\/\/x.com\/EstratConcursos"]},{"@type":"Person","@id":"https:\/\/www.estrategiaconcursos.com.br\/blog\/#\/schema\/person\/b4a388c97673c5f483d72185668afa1f","name":"Coordena\u00e7\u00e3o","image":{"@type":"ImageObject","inLanguage":"pt-BR","@id":"https:\/\/secure.gravatar.com\/avatar\/b720319e4c9a967eb58678d110f4fe35452fc5d5f97b202bac7b8acceb18c6ad?s=96&d=mm&r=g","url":"https:\/\/secure.gravatar.com\/avatar\/b720319e4c9a967eb58678d110f4fe35452fc5d5f97b202bac7b8acceb18c6ad?s=96&d=mm&r=g","contentUrl":"https:\/\/secure.gravatar.com\/avatar\/b720319e4c9a967eb58678d110f4fe35452fc5d5f97b202bac7b8acceb18c6ad?s=96&d=mm&r=g","caption":"Coordena\u00e7\u00e3o"},"sameAs":["https:\/\/www.facebook.com\/EstrategiaConcursos","https:\/\/x.com\/EstratConcursos"],"url":"https:\/\/www.estrategiaconcursos.com.br\/blog\/author\/estrategia2013\/"}]}},"_links":{"self":[{"href":"https:\/\/www.estrategiaconcursos.com.br\/blog\/wp-json\/wp\/v2\/posts\/81601","targetHints":{"allow":["GET"]}}],"collection":[{"href":"https:\/\/www.estrategiaconcursos.com.br\/blog\/wp-json\/wp\/v2\/posts"}],"about":[{"href":"https:\/\/www.estrategiaconcursos.com.br\/blog\/wp-json\/wp\/v2\/types\/post"}],"author":[{"embeddable":true,"href":"https:\/\/www.estrategiaconcursos.com.br\/blog\/wp-json\/wp\/v2\/users\/1"}],"replies":[{"embeddable":true,"href":"https:\/\/www.estrategiaconcursos.com.br\/blog\/wp-json\/wp\/v2\/comments?post=81601"}],"version-history":[{"count":73,"href":"https:\/\/www.estrategiaconcursos.com.br\/blog\/wp-json\/wp\/v2\/posts\/81601\/revisions"}],"predecessor-version":[{"id":1752976,"href":"https:\/\/www.estrategiaconcursos.com.br\/blog\/wp-json\/wp\/v2\/posts\/81601\/revisions\/1752976"}],"wp:featuredmedia":[{"embeddable":true,"href":"https:\/\/www.estrategiaconcursos.com.br\/blog\/wp-json\/wp\/v2\/media\/931557"}],"wp:attachment":[{"href":"https:\/\/www.estrategiaconcursos.com.br\/blog\/wp-json\/wp\/v2\/media?parent=81601"}],"wp:term":[{"taxonomy":"category","embeddable":true,"href":"https:\/\/www.estrategiaconcursos.com.br\/blog\/wp-json\/wp\/v2\/categories?post=81601"},{"taxonomy":"post_tag","embeddable":true,"href":"https:\/\/www.estrategiaconcursos.com.br\/blog\/wp-json\/wp\/v2\/tags?post=81601"},{"taxonomy":"tax_estado","embeddable":true,"href":"https:\/\/www.estrategiaconcursos.com.br\/blog\/wp-json\/wp\/v2\/tax_estado?post=81601"}],"curies":[{"name":"wp","href":"https:\/\/api.w.org\/{rel}","templated":true}]}}