{"id":81353,"date":"2017-07-13T00:47:10","date_gmt":"2017-07-13T03:47:10","guid":{"rendered":"https:\/\/www.estrategiaconcursos.com.br\/blog\/?p=81353"},"modified":"2017-07-17T01:45:34","modified_gmt":"2017-07-17T04:45:34","slug":"atualidades-para-prova-discursiva-do-tce-pe","status":"publish","type":"post","link":"https:\/\/www.estrategiaconcursos.com.br\/blog\/atualidades-para-prova-discursiva-do-tce-pe\/","title":{"rendered":"Atualidades para a prova discursiva do TCE-PE"},"content":{"rendered":"<p style=\"text-align: justify\">Ol\u00e1 galera,<\/p>\n<p style=\"text-align: justify\">Conforme o Edital n\u00ba 1 \u2013 TCE\/PE, de 29 de junho de 2017, para os cargos do Grupo Ocupacional de Controle Externo (Auditor e Analista de Controle Externo), o tema da prova discursiva vir\u00e1 da \u00e1rea de conhecimento de <span style=\"color: #0000ff\"><strong>Atualidades<\/strong><\/span>.<\/p>\n<p style=\"text-align: justify\">A prova valer\u00e1 <span style=\"color: #0000ff\"><strong>40,00 pontos<\/strong><\/span> e consistir\u00e1 da reda\u00e7\u00e3o de texto dissertativo, de at\u00e9 30 linhas. Ou seja, <span style=\"color: #0000ff\"><strong>25% do total da nota do concurso<\/strong><\/span>, vir\u00e1 da prova discursiva. Est\u00e1 clar\u00edssimo que voc\u00ea n\u00e3o pode desprezar minimamente a sua prepara\u00e7\u00e3o para a prova discursiva.<\/p>\n<p style=\"text-align: justify\">\u00c9 uma pontua\u00e7\u00e3o significativa, que com certeza, faz a diferen\u00e7a na nota final e classifica\u00e7\u00e3o final do concurso!<\/p>\n<p style=\"text-align: justify\">O candidato dever\u00e1 produzir, com base em temas formulados pela banca examinadora, texto<span style=\"color: #0000ff\"><strong> dissertativo<\/strong><\/span>, primando pela coer\u00eancia e pela coes\u00e3o.<\/p>\n<p>&nbsp;<\/p>\n<p><strong>Das Vagas<\/strong><\/p>\n<p>O quadro a seguir, apresenta o n\u00famero de vagas nos cargos que ter\u00e3o a prova discursiva.<\/p>\n<p>Olhe bem este quadro:<\/p>\n<p>&nbsp;<\/p>\n<table style=\"width: 862px\">\n<tbody>\n<tr>\n<td style=\"text-align: center;width: 314px\"><strong>Cargos\/\u00e1rea<\/strong><\/td>\n<td style=\"text-align: center;width: 187px\"><strong>Candidatos \u00e0 ampla concorr\u00eancia<\/strong><\/td>\n<td style=\"text-align: center;width: 234.117px\"><strong>Candidatos que se declararam com defici\u00eancia<\/strong><\/td>\n<td style=\"text-align: center;width: 92.8833px\"><strong>Total<\/strong><\/td>\n<\/tr>\n<tr>\n<td style=\"text-align: justify;width: 314px\">Cargo 1:\u00a0 Auditor de Controle Externo \u2013\u00a0 \u00c1rea: Auditoria de Contas P\u00fablicas<\/td>\n<td style=\"text-align: center;width: 187px\">12<\/td>\n<td style=\"text-align: center;width: 234.117px\">1<\/td>\n<td style=\"text-align: center;width: 92.8833px\">13<\/td>\n<\/tr>\n<tr>\n<td style=\"text-align: justify;width: 314px\">Cargo 2:\u00a0 Auditor de Controle Externo \u2013\u00a0 \u00c1rea: Auditoria de Obras P\u00fablicas<\/td>\n<td style=\"text-align: center;width: 187px\">1<\/td>\n<td style=\"text-align: center;width: 234.117px\">*<\/td>\n<td style=\"text-align: center;width: 92.8833px\">1<\/td>\n<\/tr>\n<tr>\n<td style=\"text-align: justify;width: 314px\">Cargo 3:\u00a0 Analista de Controle Externo \u2013\u00a0 \u00c1rea: Auditoria de Contas P\u00fablicas<\/td>\n<td style=\"text-align: center;width: 187px\">7<\/td>\n<td style=\"text-align: center;width: 234.117px\">1<\/td>\n<td style=\"text-align: center;width: 92.8833px\">8<\/td>\n<\/tr>\n<\/tbody>\n<\/table>\n<p><strong>\u00a0<\/strong><\/p>\n<p>Agora, olhe melhor ainda o quadro abaixo:<\/p>\n<p>&nbsp;<\/p>\n<table style=\"width: 865px\">\n<tbody>\n<tr>\n<td style=\"text-align: center;width: 314px\"><strong>Cargos\/\u00e1rea<\/strong><\/td>\n<td style=\"text-align: center;width: 187px\"><strong>Candidatos \u00e0 ampla concorr\u00eancia<\/strong><\/td>\n<td style=\"text-align: center;width: 234px\"><strong>Candidatos que se declararam com defici\u00eancia<\/strong><\/td>\n<td style=\"text-align: center;width: 102px\"><strong>Total<\/strong><\/td>\n<\/tr>\n<tr>\n<td style=\"text-align: justify;width: 314px\">Cargo 1:\u00a0 Auditor de Controle Externo \u2013\u00a0 \u00c1rea: Auditoria de Contas P\u00fablicas<\/td>\n<td style=\"text-align: center;width: 187px\">185\u00aa<\/td>\n<td style=\"text-align: center;width: 234px\">10\u00aa<\/td>\n<td style=\"text-align: center;width: 102px\">195\u00aa<\/td>\n<\/tr>\n<tr>\n<td style=\"text-align: justify;width: 314px\">Cargo 2:\u00a0 Auditor de Controle Externo \u2013\u00a0 \u00c1rea: Auditoria de Obras P\u00fablicas<\/td>\n<td style=\"text-align: center;width: 187px\">28\u00aa<\/td>\n<td style=\"text-align: center;width: 234px\">2\u00aa<\/td>\n<td style=\"text-align: center;width: 102px\">30\u00aa<\/td>\n<\/tr>\n<tr>\n<td style=\"text-align: justify;width: 314px\">Cargo 3:\u00a0 Analista de Controle Externo \u2013\u00a0 \u00c1rea: Auditoria de Contas P\u00fablicas<\/td>\n<td style=\"text-align: center;width: 187px\">114\u00aa<\/td>\n<td style=\"text-align: center;width: 234px\">6\u00aa<\/td>\n<td style=\"text-align: center;width: 102px\">6\u00aa<\/td>\n<\/tr>\n<\/tbody>\n<\/table>\n<p>&nbsp;<\/p>\n<p style=\"text-align: justify\">Se n\u00e3o olhou bem, olhe novamente.<\/p>\n<p style=\"text-align: justify\">Este ser\u00e1 o quantitativo de provas corrigidas dos candidatos aprovados e classificados nas provas objetivas. Ser\u00e3o 231 provas.<\/p>\n<p style=\"text-align: justify\">E a sua prova ter\u00e1 que estar entre elas. Isso, porque o candidato cuja prova discursiva n\u00e3o for corrigida estar\u00e1 automaticamente eliminado e n\u00e3o ter\u00e1 classifica\u00e7\u00e3o alguma no concurso.<\/p>\n<p style=\"text-align: justify\">A sua prova estar\u00e1 l\u00e1!<\/p>\n<p style=\"text-align: justify\">Assim, o que voc\u00ea tem que fazer \u00e9 estudar muito a parte objetiva da prova, sem deixar de estudar para a prova a discursiva, pois \u00e9 ela quem classificar\u00e1 voc\u00ea no grupo mais \u00e0 frente, mais atr\u00e1s ou at\u00e9 poder\u00e1 desclassificar quem n\u00e3o se preparar.<\/p>\n<p style=\"text-align: justify\"><strong>Avalia\u00e7\u00e3o de conte\u00fado da discursiva<\/strong><\/p>\n<p style=\"text-align: justify\">A banca avaliar\u00e1 o conte\u00fado \u2013\u00a0 conhecimento do tema, a capacidade de express\u00e3o na modalidade escrita e o uso das normas do registro formal culto da L\u00edngua Portuguesa. Ser\u00e3o duas avalia\u00e7\u00f5es: uma de <span style=\"color: #0000ff\"><strong>conte\u00fado<\/strong> <\/span>e outra de dom\u00ednio da modalidade escrita da L\u00edngua Portuguesa.<\/p>\n<p style=\"text-align: justify\">Em provas anteriores, em que a banca estabeleceu o valor de 40 pontos para a prova discursiva, na prova aplicada o Cespe trouxe a seguinte informa\u00e7\u00e3o:<\/p>\n<p style=\"text-align: justify\"><em>Ao dom\u00ednio do conte\u00fado ser\u00e3o atribu\u00eddos at\u00e9 <span style=\"color: #0000ff\"><strong>40,00 pontos<\/strong><\/span>, dos quais at\u00e9 <span style=\"color: #0000ff\"><strong>2,00 pontos<\/strong><\/span> ser\u00e3o atribu\u00eddos ao quesito apresenta\u00e7\u00e3o (legibilidade, respeito \u00e0s margens e indica\u00e7\u00e3o de par\u00e1grafo) e estrutura textual (organiza\u00e7\u00e3o das ideias em texto estruturado). Ou seja, o candidato poder\u00e1 obter at\u00e9 38 pontos na nota de conte\u00fado. <\/em><\/p>\n<p><em>\u00a0<\/em><\/p>\n<p><strong>O estilo do Cespe<\/strong><\/p>\n<p>As quest\u00f5es discursivas do Cespe tratam de temas relevantes e atuais do Brasil e do mundo. N\u00e3o tem mist\u00e9rio. N\u00e3o \u00e9 do perfil da banca se aprofundar em temas filos\u00f3ficos e sociol\u00f3gicos.<\/p>\n<p>Para voc\u00ea ter uma ideia, veja o quadro a seguir, onde relacionei as \u00faltimas 13 provas discursivas de Atualidades aplicadas pelo Cespe:<\/p>\n<p>&nbsp;<\/p>\n<table style=\"width: 889px\">\n<tbody>\n<tr>\n<td style=\"text-align: center;width: 55px\"><span style=\"font-size: 10pt\"><strong>Ano<\/strong><\/span><\/td>\n<td style=\"text-align: center;width: 124px\"><span style=\"font-size: 10pt\"><strong>\u00c1rea<\/strong><\/span><\/td>\n<td style=\"text-align: center;width: 112px\"><span style=\"font-size: 10pt\"><strong>Concurso<\/strong><\/span><\/td>\n<td style=\"text-align: center;width: 108px\"><span style=\"font-size: 10pt\"><strong>Aplica\u00e7\u00e3o da Prova<\/strong><\/span><\/td>\n<td style=\"text-align: center;width: 190px\"><span style=\"font-size: 10pt\"><strong>Tema<\/strong><\/span><\/td>\n<td style=\"text-align: center;width: 260px\"><span style=\"font-size: 10pt\"><strong>Aspectos a serem abordados<\/strong><\/span><\/td>\n<\/tr>\n<tr>\n<td style=\"text-align: center;width: 55px\"><span style=\"font-size: 10pt\">2017<\/span><\/td>\n<td style=\"text-align: center;width: 124px\"><span style=\"font-size: 10pt\">Tecnologia e sociedade<\/span><\/td>\n<td style=\"text-align: center;width: 112px\"><span style=\"font-size: 10pt\">SEE-DF<\/span><\/td>\n<td style=\"text-align: center;width: 108px\"><span style=\"font-size: 10pt\">22\/01\/2017<\/span><\/td>\n<td style=\"text-align: center;width: 190px\"><span style=\"font-size: 10pt\">SOCIEDADE CONTEMPOR\u00c2NEA: ENTRE A EXPANS\u00c3O TECNOL\u00d3GICA E A INSTABILIDADE SOCIAL<\/span><\/td>\n<td style=\"text-align: justify;width: 260px\"><span style=\"font-size: 10pt\">1 A cont\u00ednua revolu\u00e7\u00e3o t\u00e9cnico-cient\u00edfica e seu impacto na vida cotidiana.<\/span><\/p>\n<p><span style=\"font-size: 10pt\">2 Tecnologias digitais e a crescente exposi\u00e7\u00e3o da individualidade.<\/span><\/p>\n<p><span style=\"font-size: 10pt\">3 Alternativas poss\u00edveis para o enfrentamento dos problemas emocionais suscitados pela vida moderna.<\/span><\/td>\n<\/tr>\n<tr>\n<td style=\"text-align: center;width: 55px\"><span style=\"font-size: 10pt\">2016<\/span><\/td>\n<td style=\"text-align: center;width: 124px\"><span style=\"font-size: 10pt\">Migra\u00e7\u00f5es<\/span><\/td>\n<td style=\"text-align: center;width: 112px\"><span style=\"font-size: 10pt\">TRE\/PE<\/span><\/td>\n<td style=\"text-align: center;width: 108px\"><span style=\"font-size: 10pt\">19\/03\/2017<\/span><\/td>\n<td style=\"text-align: center;width: 190px\"><span style=\"font-size: 10pt\">CORRENTES MIGRAT\u00d3RIAS ATUAIS: QUEST\u00c3O POL\u00cdTICA, DRAMA HUMANO<\/span><\/td>\n<td style=\"text-align: justify;width: 260px\"><span style=\"font-size: 10pt\">1 causas diversas das migra\u00e7\u00f5es;<\/span><\/p>\n<p><span style=\"font-size: 10pt\">2 comunidade internacional frente \u00e0 quest\u00e3o da migra\u00e7\u00e3o;<\/span><\/p>\n<p><span style=\"font-size: 10pt\">3 rela\u00e7\u00e3o entre as pol\u00edticas restritivas \u00e0 migra\u00e7\u00e3o e manifesta\u00e7\u00f5es de xenofobia.<\/span><\/td>\n<\/tr>\n<tr>\n<td style=\"text-align: center;width: 55px\"><span style=\"font-size: 10pt\">2016<\/span><\/td>\n<td style=\"text-align: center;width: 124px\"><span style=\"font-size: 10pt\">Educa\u00e7\u00e3o<\/span><\/td>\n<td style=\"text-align: center;width: 112px\"><span style=\"font-size: 10pt\">FUB<\/span><\/td>\n<td style=\"text-align: center;width: 108px\"><span style=\"font-size: 10pt\">18\/12\/2016<\/span><\/td>\n<td style=\"text-align: center;width: 190px\"><span style=\"font-size: 10pt\">EDUCA\u00c7\u00c3O, FATOR DE DESENVOLVIMENTO PESSOAL E SOCIAL<\/span><\/td>\n<td style=\"text-align: justify;width: 260px\"><span style=\"font-size: 10pt\">1 educa\u00e7\u00e3o como base da cidadania;<\/span><\/p>\n<p><span style=\"font-size: 10pt\">2 educa\u00e7\u00e3o como base para o desenvolvimento;<\/span><\/p>\n<p><span style=\"font-size: 10pt\">3 educa\u00e7\u00e3o de que o Brasil necessita.<\/span><\/td>\n<\/tr>\n<tr>\n<td style=\"text-align: center;width: 55px\"><span style=\"font-size: 10pt\">2016<\/span><\/td>\n<td style=\"text-align: center;width: 124px\"><span style=\"font-size: 10pt\">Meio Ambiente<\/span><\/td>\n<td style=\"text-align: center;width: 112px\"><span style=\"font-size: 10pt\">FUB<\/span><\/td>\n<td style=\"text-align: center;width: 108px\"><span style=\"font-size: 10pt\">18\/12\/2016<\/span><\/td>\n<td style=\"text-align: center;width: 190px\"><span style=\"font-size: 10pt\">A HUMANIDADE CONTRA O AQUECIMENTO GLOBAL, PELO FUTURO DA TERRA<\/span><\/td>\n<td style=\"text-align: justify;width: 260px\"><span style=\"font-size: 10pt\">1 a preserva\u00e7\u00e3o do meio ambiente como luta coletiva;<\/span><\/p>\n<p><span style=\"font-size: 10pt\">2 a necess\u00e1ria op\u00e7\u00e3o pelo desenvolvimento sustent\u00e1vel;<\/span><\/p>\n<p><span style=\"font-size: 10pt\">3 o presente como base para a garantia do futuro do planeta.<\/span><\/td>\n<\/tr>\n<tr>\n<td style=\"text-align: center;width: 55px\"><span style=\"font-size: 10pt\">2016<\/span><\/td>\n<td style=\"text-align: center;width: 124px\"><span style=\"font-size: 10pt\">Conflitos Internacionais<\/span><\/td>\n<td style=\"text-align: center;width: 112px\"><span style=\"font-size: 10pt\">FUB<\/span><\/td>\n<td style=\"text-align: center;width: 108px\"><span style=\"font-size: 10pt\">18\/12\/2016<\/span><\/td>\n<td style=\"text-align: center;width: 190px\"><span style=\"font-size: 10pt\">IMPLICA\u00c7\u00d5ES POTENCIAIS DO USO DE ARMAS NUCLEARES<\/span><\/td>\n<td style=\"text-align: justify;width: 260px\"><span style=\"font-size: 10pt\">1 Discorra sobre os impactos das armas nucleares para a paz mundial.<\/span><\/p>\n<p><span style=\"font-size: 10pt\">2 A ditadura norte-coreana e sua capacidade nuclear.<\/span><\/p>\n<p><span style=\"font-size: 10pt\">3 Como a comunidade internacional deve atuar para limitar e controlar o uso de armas nucleares?<\/span><\/td>\n<\/tr>\n<tr>\n<td style=\"text-align: center;width: 55px\"><span style=\"font-size: 10pt\">2016<\/span><\/td>\n<td style=\"text-align: center;width: 124px\"><span style=\"font-size: 10pt\">Meio Ambiente<\/span><\/td>\n<td style=\"text-align: center;width: 112px\"><span style=\"font-size: 10pt\">ANVISA<\/span><\/td>\n<td style=\"text-align: center;width: 108px\"><span style=\"font-size: 10pt\">4\/12\/2016<\/span><\/td>\n<td style=\"text-align: center;width: 190px\"><span style=\"font-size: 10pt\">PRESERVA\u00c7\u00c3O DO ECOSSISTEMA:<\/span><\/p>\n<p><span style=\"font-size: 10pt\">RESPONSABILIDADE DO ESTADO, DA SOCIEDADE E DE CADA CIDAD\u00c3O<\/span><\/td>\n<td style=\"text-align: justify;width: 260px\"><span style=\"font-size: 10pt\">&gt; Rela\u00e7\u00e3o entre os cuidados com o meio ambiente e a preserva\u00e7\u00e3o das condi\u00e7\u00f5es sanit\u00e1rias;<\/span><\/p>\n<p><span style=\"font-size: 10pt\">&gt; Atitudes individuais que podem reduzir os efeitos da a\u00e7\u00e3o humana sobre o planeta;<\/span><\/p>\n<p><span style=\"font-size: 10pt\">&gt; Formas de atua\u00e7\u00e3o da sociedade para que os governos cumpram compromissos relacionados \u00e0 preserva\u00e7\u00e3o ambiental.<\/span><\/td>\n<\/tr>\n<tr>\n<td style=\"text-align: center;width: 55px\"><span style=\"font-size: 10pt\">2016<\/span><\/td>\n<td style=\"text-align: center;width: 124px\"><span style=\"font-size: 10pt\">Meio Ambiente<\/span><\/td>\n<td style=\"text-align: center;width: 112px\"><span style=\"font-size: 10pt\">TCE-PA<\/span><\/td>\n<td style=\"text-align: center;width: 108px\"><span style=\"font-size: 10pt\">7\/08\/2016<\/span><\/td>\n<td style=\"text-align: center;width: 190px\"><span style=\"font-size: 10pt\">AGENDA PARA A HUMANIDADE: O IMPERATIVO DO DESENVOLVIMENTO SUSTENT\u00c1VEL<\/span><\/td>\n<td style=\"text-align: justify;width: 260px\"><span style=\"font-size: 10pt\">1 a amplitude do conceito de desenvolvimento sustent\u00e1vel;<\/span><\/p>\n<p><span style=\"font-size: 10pt\">2 o futuro das sociedades e do planeta como consequ\u00eancia das decis\u00f5es e das atitudes do presente;<\/span><\/p>\n<p><span style=\"font-size: 10pt\">3 a sustentabilidade aplicada \u00e0 gest\u00e3o municipal.<\/span><\/td>\n<\/tr>\n<tr>\n<td style=\"text-align: center;width: 55px\"><span style=\"font-size: 10pt\">2016<\/span><\/td>\n<td style=\"text-align: center;width: 124px\"><span style=\"font-size: 10pt\">Conflitos Internacionais<\/span><\/td>\n<td style=\"text-align: center;width: 112px\"><span style=\"font-size: 10pt\">TCE-PA<\/span><\/td>\n<td style=\"text-align: center;width: 108px\"><span style=\"font-size: 10pt\">7\/08\/2016<\/span><\/td>\n<td style=\"text-align: center;width: 190px\"><span style=\"font-size: 10pt\">A CIVILIZA\u00c7\u00c3O CONTRA A BARB\u00c1RIE: O TERRORISMO NO MUNDO CONTEMPOR\u00c2NEO<\/span><\/td>\n<td style=\"text-align: justify;width: 260px\"><span style=\"font-size: 10pt\">1 intoler\u00e2ncia como uma das motiva\u00e7\u00f5es das a\u00e7\u00f5es terroristas;<\/span><\/p>\n<p><span style=\"font-size: 10pt\">2 instrumentos para o combate ao terrorismo;<\/span><\/p>\n<p><span style=\"font-size: 10pt\">3 democracia como meio de conten\u00e7\u00e3o das pr\u00e1ticas terroristas.<\/span><\/td>\n<\/tr>\n<tr>\n<td style=\"text-align: center;width: 55px\"><span style=\"font-size: 10pt\">2016<\/span><\/td>\n<td style=\"text-align: center;width: 124px\"><span style=\"font-size: 10pt\">Drogas<\/span><\/td>\n<td style=\"text-align: center;width: 112px\"><span style=\"font-size: 10pt\">TCE-PA<\/span><\/td>\n<td style=\"text-align: center;width: 108px\"><span style=\"font-size: 10pt\">7\/08\/2016<\/span><\/td>\n<td style=\"text-align: center;width: 190px\"><span style=\"font-size: 10pt\">UM GRANDE DESAFIO: A CIVILIZA\u00c7\u00c3O CONTEMPOR\u00c2NEA FRENTE \u00c0S DROGAS IL\u00cdCITAS<\/span><\/td>\n<td style=\"text-align: justify;width: 260px\"><span style=\"font-size: 10pt\">1 drogas il\u00edcitas e crime organizado global;<\/span><\/p>\n<p><span style=\"font-size: 10pt\">2 rela\u00e7\u00e3o entre tr\u00e1fico de drogas e viol\u00eancia;<\/span><\/p>\n<p><span style=\"font-size: 10pt\">3 alternativas \u00e0 denominada guerra \u00e0s drogas.<\/span><\/td>\n<\/tr>\n<tr>\n<td style=\"text-align: center;width: 55px\"><span style=\"font-size: 10pt\">2016<\/span><\/td>\n<td style=\"text-align: center;width: 124px\"><span style=\"font-size: 10pt\">Quest\u00e3o urbana<\/span><\/td>\n<td style=\"text-align: center;width: 112px\"><span style=\"font-size: 10pt\">PC-PE<\/span><\/td>\n<td style=\"text-align: center;width: 108px\"><span style=\"font-size: 10pt\">12\/06\/2016<\/span><\/td>\n<td style=\"text-align: center;width: 190px\"><span style=\"font-size: 10pt\">URBANIZA\u00c7\u00c3O DA SOCIEDADE CONTEMPOR\u00c2NEA: PROBLEMAS, ALTERNATIVAS E DESAFIOS<\/span><\/td>\n<td style=\"text-align: justify;width: 260px\"><span style=\"font-size: 10pt\">1 problemas da administra\u00e7\u00e3o p\u00fablica que dificultam a ocupa\u00e7\u00e3o urbana ordenada;<\/span><\/p>\n<p><span style=\"font-size: 10pt\">2 alternativas para enfrentar os problemas de mobilidade nas grandes metr\u00f3poles;<\/span><\/p>\n<p><span style=\"font-size: 10pt\">3 desafios para a defesa social resultantes do crescimento desordenado das cidades.<\/span><\/td>\n<\/tr>\n<tr>\n<td style=\"text-align: center;width: 55px\"><span style=\"font-size: 10pt\">2016<\/span><\/td>\n<td style=\"text-align: center;width: 124px\"><span style=\"font-size: 10pt\">Conflitos internacionais<\/span><\/td>\n<td style=\"text-align: center;width: 112px\"><span style=\"font-size: 10pt\">Pol\u00edcia Cient\u00edfica &#8211; PE<\/span><\/td>\n<td style=\"text-align: center;width: 108px\"><span style=\"font-size: 10pt\">12\/06\/2016<\/span><\/td>\n<td style=\"text-align: center;width: 190px\"><span style=\"font-size: 10pt\">ATAQUES DIRETOS E INTENCIONAIS A HOSPITAIS NO MUNDO CONTEMPOR\u00c2NEO: CRIMES DE GUERRA<\/span><\/td>\n<td style=\"text-align: justify;width: 260px\"><span style=\"font-size: 10pt\">1 guerra civil na S\u00edria: s\u00edmbolo de um mundo em ebuli\u00e7\u00e3o;<\/span><\/p>\n<p><span style=\"font-size: 10pt\">2 ataques a hospitais e as diversas faces do terrorismo;<\/span><\/p>\n<p><span style=\"font-size: 10pt\">3 a\u00e7\u00e3o internacional no combate aos crimes de guerra.<\/span><\/td>\n<\/tr>\n<tr>\n<td style=\"text-align: center;width: 55px\"><span style=\"font-size: 10pt\">2015<\/span><\/td>\n<td style=\"text-align: center;width: 124px\"><span style=\"font-size: 10pt\">Drogas<\/span><\/td>\n<td style=\"text-align: center;width: 112px\"><span style=\"font-size: 10pt\">FUB<\/span><\/td>\n<td style=\"text-align: center;width: 108px\"><span style=\"font-size: 10pt\">09\/08\/2015<\/span><\/td>\n<td style=\"text-align: center;width: 190px\"><span style=\"font-size: 10pt\">A DISCUSS\u00c3O SOBRE A GUERRA \u00c0S DROGAS NA AM\u00c9RICA LATINA<\/span><\/td>\n<td style=\"text-align: justify;width: 260px\"><span style=\"font-size: 10pt\">&gt; Discorra sobre o problema social das drogas il\u00edcitas no mundo contempor\u00e2neo.<\/span><\/p>\n<p><span style=\"font-size: 10pt\">&gt; Comente a respeito do fracasso da pol\u00edtica antidrogas militarizada.<\/span><\/p>\n<p><span style=\"font-size: 10pt\">&gt; Cite alternativas \u00e0 atual pol\u00edtica antidrogas.<\/span><\/td>\n<\/tr>\n<tr>\n<td style=\"text-align: center;width: 55px\"><span style=\"font-size: 10pt\">2015<\/span><\/td>\n<td style=\"text-align: center;width: 124px\"><span style=\"font-size: 10pt\">Meio Ambiente<\/span><\/p>\n<p><span style=\"font-size: 10pt\">Quest\u00e3o urbana<\/span><\/td>\n<td style=\"text-align: center;width: 112px\"><span style=\"font-size: 10pt\">FUB<\/span><\/td>\n<td style=\"text-align: center;width: 108px\"><span style=\"font-size: 10pt\">12\/04\/2015<\/span><\/td>\n<td style=\"text-align: center;width: 190px\"><span style=\"font-size: 10pt\">A EXPANS\u00c3O URBANA E O MEIO AMBIENTE<\/span><\/td>\n<td style=\"text-align: justify;width: 260px\"><span style=\"font-size: 10pt\">&gt; expans\u00e3o da vida urbana na sociedade contempor\u00e2nea;<\/span><\/p>\n<p><span style=\"font-size: 10pt\">&gt; efeitos da urbaniza\u00e7\u00e3o desenfreada: tr\u00e2nsito ca\u00f3tico e polui\u00e7\u00e3o;<\/span><\/p>\n<p><span style=\"font-size: 10pt\">&gt; medidas para enfrentamento dos problemas de tr\u00e2nsito urbano.<\/span><\/td>\n<\/tr>\n<\/tbody>\n<\/table>\n<p>&nbsp;<\/p>\n<p style=\"text-align: justify\">Tamb\u00e9m fiz uma an\u00e1lise das 73 provas discursivas de Atualidades j\u00e1 aplicadas pelo Cespe. Outra conclus\u00e3o que chegamos \u00e9 que, geralmente, o tema da prova discursiva n\u00e3o tem rela\u00e7\u00e3o com a \u00e1rea de atua\u00e7\u00e3o da institui\u00e7\u00e3o. Digo geralmente, por que em alguns poucos casos o tema teve rela\u00e7\u00e3o com a \u00e1rea de atua\u00e7\u00e3o da institui\u00e7\u00e3o.<\/p>\n<p style=\"text-align: justify\">Via de regra, o tema tem rela\u00e7\u00e3o com algo relevante da atualidade. Pode ser do Brasil, do mundo ou at\u00e9 da regi\u00e3o em que atua ou est\u00e1 localizada a institui\u00e7\u00e3o que est\u00e1 realizando o concurso.<\/p>\n<p style=\"text-align: justify\">Seguran\u00e7a P\u00fablica e Meio Ambiente s\u00e3o as \u00e1reas que mais aparecem nas provas do Cespe. Foram cobradas em dez e oito provas respectivamente. Ali\u00e1s, de seguran\u00e7a p\u00fablica, podemos dizer que a \u00e1rea de conhecimento tem uma boa rela\u00e7\u00e3o com as institui\u00e7\u00f5es que realizam o concurso. Das dez provas que cobraram temas de seguran\u00e7a p\u00fablica, seis foram de \u00f3rg\u00e3os da \u00e1rea de seguran\u00e7a p\u00fablica.<\/p>\n<p style=\"text-align: justify\">E os temas relacionados ao meio ambiente est\u00e3o em alta nas \u00faltimas provas do Cespe. Foram cobrados em tr\u00eas das \u00faltimas dez provas discursivas de Atualidades.<\/p>\n<p>&nbsp;<\/p>\n<p><strong>\u00a0Aprendendo a fazer uma prova discursiva<\/strong><\/p>\n<p>Caro aluno, neste quesito, o mestre dos mestres \u00e9 o <span style=\"color: #0000ff\"><strong>professor D\u00e9cio Terror<\/strong><\/span>. De nada adianta voc\u00ea dominar completamente o conte\u00fado da prova discursiva, se n\u00e3o souber fazer a prova.<\/p>\n<p>Voc\u00ea tem que saber como estruturar uma excelente prova discursiva, no que se refere \u00e0 macroestrutura e a microestrutura.<\/p>\n<p>Recomendo que voc\u00ea assista as aulas e estude pelo curso do Terror. Procure pelo curso espec\u00edfico dele para o TCE-PE no site do Estrat\u00e9gia. Leia a aula demonstrativa e assista as aulas gratuitas disponibilizadas pelo professor.<\/p>\n<p>&nbsp;<\/p>\n<p>\u00c9 isso a\u00ed galera! Segue o link do nosso curso de Atualidades para a prova discursiva do TCE-PE:<\/p>\n<p style=\"text-align: center\"><a href=\"https:\/\/www.estrategiaconcursos.com.br\/curso\/atualidades-p-tce-pe-todos-os-cargos-com-videoaulas\/\">https:\/\/www.estrategiaconcursos.com.br\/curso\/atualidades-p-tce-pe-todos-os-cargos-com-videoaulas\/<\/a><\/p>\n<p>No curso, vou abordar os principais temas da Atualidade do Brasil e do mundo, conforme o perfil do Cespe. Vamos trazer provas de concursos anteriores, com o padr\u00e3o de resposta da banca ou sugest\u00e3o de resposta elaborada pelo professor.<\/p>\n<p>Claro, voc\u00eas ter\u00e3o dicas preciosas do que escrever e do que n\u00e3o escrever na sua reda\u00e7\u00e3o.<\/p>\n<p>Abra\u00e7os,<\/p>\n<p>Leandro Signori<\/p>\n<p>&nbsp;<\/p>\n<p>&nbsp;<\/p>\n","protected":false},"excerpt":{"rendered":"<p>Ol\u00e1 galera, Conforme o Edital n\u00ba 1 \u2013 TCE\/PE, de 29 de junho de 2017, para os cargos do Grupo Ocupacional de Controle Externo (Auditor e Analista de Controle Externo), o tema da prova discursiva vir\u00e1 da \u00e1rea de conhecimento de Atualidades. A prova valer\u00e1 40,00 pontos e consistir\u00e1 da reda\u00e7\u00e3o de texto dissertativo, de [&hellip;]<\/p>\n","protected":false},"author":306,"featured_media":0,"comment_status":"open","ping_status":"open","sticky":false,"template":"","format":"standard","meta":{"post_tipo":"article","footnotes":""},"categories":[1,1983,1984],"tags":[549],"tax_estado":[],"class_list":["post-81353","post","type-post","status-publish","format-standard","hentry","category-cursos-e-concursos","category-fiscal-estadual","category-tribunais","tag-atualidades"],"acf":[],"yoast_head":"<!-- This site is optimized with the Yoast SEO Premium plugin v27.2 (Yoast SEO v27.2) - https:\/\/yoast.com\/product\/yoast-seo-premium-wordpress\/ -->\n<title>Atualidades para a prova discursiva do TCE-PE<\/title>\n<meta name=\"robots\" content=\"index, follow, max-snippet:-1, max-image-preview:large, max-video-preview:-1\" \/>\n<link rel=\"canonical\" href=\"https:\/\/www.estrategiaconcursos.com.br\/blog\/atualidades-para-prova-discursiva-do-tce-pe\/\" \/>\n<meta property=\"og:locale\" content=\"pt_BR\" \/>\n<meta property=\"og:type\" content=\"article\" \/>\n<meta property=\"og:title\" content=\"Atualidades para a prova discursiva do TCE-PE\" \/>\n<meta property=\"og:description\" content=\"Ol\u00e1 galera, Conforme o Edital n\u00ba 1 \u2013 TCE\/PE, de 29 de junho de 2017, para os cargos do Grupo Ocupacional de Controle Externo (Auditor e Analista de Controle Externo), o tema da prova discursiva vir\u00e1 da \u00e1rea de conhecimento de Atualidades. A prova valer\u00e1 40,00 pontos e consistir\u00e1 da reda\u00e7\u00e3o de texto dissertativo, de [&hellip;]\" \/>\n<meta property=\"og:url\" content=\"https:\/\/www.estrategiaconcursos.com.br\/blog\/atualidades-para-prova-discursiva-do-tce-pe\/\" \/>\n<meta property=\"og:site_name\" content=\"Estrat\u00e9gia Concursos\" \/>\n<meta property=\"article:author\" content=\"https:\/\/www.facebook.com\/leandrosignoriatualidades\/\" \/>\n<meta property=\"article:published_time\" content=\"2017-07-13T03:47:10+00:00\" \/>\n<meta property=\"article:modified_time\" content=\"2017-07-17T04:45:34+00:00\" \/>\n<meta name=\"author\" content=\"Leandro Signori\" \/>\n<meta name=\"twitter:card\" content=\"summary_large_image\" \/>\n<meta name=\"twitter:creator\" content=\"@EstratConcursos\" \/>\n<meta name=\"twitter:site\" content=\"@EstratConcursos\" \/>\n<meta name=\"twitter:label1\" content=\"Escrito por\" \/>\n\t<meta name=\"twitter:data1\" content=\"Leandro Signori\" \/>\n\t<meta name=\"twitter:label2\" content=\"Est. tempo de leitura\" \/>\n\t<meta name=\"twitter:data2\" content=\"8 minutos\" \/>\n<script type=\"application\/ld+json\" class=\"yoast-schema-graph\">{\"@context\":\"https:\/\/schema.org\",\"@graph\":[{\"@type\":\"NewsArticle\",\"@id\":\"https:\/\/www.estrategiaconcursos.com.br\/blog\/atualidades-para-prova-discursiva-do-tce-pe\/#article\",\"isPartOf\":{\"@id\":\"https:\/\/www.estrategiaconcursos.com.br\/blog\/atualidades-para-prova-discursiva-do-tce-pe\/\"},\"author\":{\"name\":\"Leandro Signori\",\"@id\":\"https:\/\/www.estrategiaconcursos.com.br\/blog\/#\/schema\/person\/d2e7d78de4b9d6ba51cc24fd558a7f42\"},\"headline\":\"Atualidades para a prova discursiva do TCE-PE\",\"datePublished\":\"2017-07-13T03:47:10+00:00\",\"dateModified\":\"2017-07-17T04:45:34+00:00\",\"mainEntityOfPage\":{\"@id\":\"https:\/\/www.estrategiaconcursos.com.br\/blog\/atualidades-para-prova-discursiva-do-tce-pe\/\"},\"wordCount\":1575,\"commentCount\":4,\"publisher\":{\"@id\":\"https:\/\/www.estrategiaconcursos.com.br\/blog\/#organization\"},\"keywords\":[\"Atualidades\"],\"articleSection\":[\"Concursos P\u00fablicos\",\"Fiscal - Estadual (ICMS)\",\"Tribunais\"],\"inLanguage\":\"pt-BR\",\"potentialAction\":[{\"@type\":\"CommentAction\",\"name\":\"Comment\",\"target\":[\"https:\/\/www.estrategiaconcursos.com.br\/blog\/atualidades-para-prova-discursiva-do-tce-pe\/#respond\"]}],\"copyrightYear\":\"2017\",\"copyrightHolder\":{\"@id\":\"https:\/\/www.estrategiaconcursos.com.br\/blog\/#organization\"}},{\"@type\":\"WebPage\",\"@id\":\"https:\/\/www.estrategiaconcursos.com.br\/blog\/atualidades-para-prova-discursiva-do-tce-pe\/\",\"url\":\"https:\/\/www.estrategiaconcursos.com.br\/blog\/atualidades-para-prova-discursiva-do-tce-pe\/\",\"name\":\"Atualidades para a prova discursiva do TCE-PE\",\"isPartOf\":{\"@id\":\"https:\/\/www.estrategiaconcursos.com.br\/blog\/#website\"},\"datePublished\":\"2017-07-13T03:47:10+00:00\",\"dateModified\":\"2017-07-17T04:45:34+00:00\",\"breadcrumb\":{\"@id\":\"https:\/\/www.estrategiaconcursos.com.br\/blog\/atualidades-para-prova-discursiva-do-tce-pe\/#breadcrumb\"},\"inLanguage\":\"pt-BR\",\"potentialAction\":[{\"@type\":\"ReadAction\",\"target\":[\"https:\/\/www.estrategiaconcursos.com.br\/blog\/atualidades-para-prova-discursiva-do-tce-pe\/\"]}]},{\"@type\":\"BreadcrumbList\",\"@id\":\"https:\/\/www.estrategiaconcursos.com.br\/blog\/atualidades-para-prova-discursiva-do-tce-pe\/#breadcrumb\",\"itemListElement\":[{\"@type\":\"ListItem\",\"position\":1,\"name\":\"In\u00edcio\",\"item\":\"https:\/\/www.estrategiaconcursos.com.br\/blog\/\"},{\"@type\":\"ListItem\",\"position\":2,\"name\":\"Atualidades para a prova discursiva do TCE-PE\"}]},{\"@type\":\"WebSite\",\"@id\":\"https:\/\/www.estrategiaconcursos.com.br\/blog\/#website\",\"url\":\"https:\/\/www.estrategiaconcursos.com.br\/blog\/\",\"name\":\"Estrat\u00e9gia Concursos\",\"description\":\"O blog da Estrat\u00e9gia Concursos traz not\u00edcias sobre concursos e artigos de professores oferecendo cursos para concursos (pdf + videaulas) no site.\",\"publisher\":{\"@id\":\"https:\/\/www.estrategiaconcursos.com.br\/blog\/#organization\"},\"potentialAction\":[{\"@type\":\"SearchAction\",\"target\":{\"@type\":\"EntryPoint\",\"urlTemplate\":\"https:\/\/www.estrategiaconcursos.com.br\/blog\/?s={search_term_string}\"},\"query-input\":{\"@type\":\"PropertyValueSpecification\",\"valueRequired\":true,\"valueName\":\"search_term_string\"}}],\"inLanguage\":\"pt-BR\"},{\"@type\":\"Organization\",\"@id\":\"https:\/\/www.estrategiaconcursos.com.br\/blog\/#organization\",\"name\":\"Estrat\u00e9gia Concursos\",\"url\":\"https:\/\/www.estrategiaconcursos.com.br\/blog\/\",\"logo\":{\"@type\":\"ImageObject\",\"inLanguage\":\"pt-BR\",\"@id\":\"https:\/\/www.estrategiaconcursos.com.br\/blog\/#\/schema\/logo\/image\/\",\"url\":\"https:\/\/dhg1h5j42swfq.cloudfront.net\/2025\/06\/03203428\/logo_concursos-1.jpg\",\"contentUrl\":\"https:\/\/dhg1h5j42swfq.cloudfront.net\/2025\/06\/03203428\/logo_concursos-1.jpg\",\"width\":230,\"height\":60,\"caption\":\"Estrat\u00e9gia Concursos\"},\"image\":{\"@id\":\"https:\/\/www.estrategiaconcursos.com.br\/blog\/#\/schema\/logo\/image\/\"},\"sameAs\":[\"https:\/\/x.com\/EstratConcursos\"]},{\"@type\":\"Person\",\"@id\":\"https:\/\/www.estrategiaconcursos.com.br\/blog\/#\/schema\/person\/d2e7d78de4b9d6ba51cc24fd558a7f42\",\"name\":\"Leandro Signori\",\"image\":{\"@type\":\"ImageObject\",\"inLanguage\":\"pt-BR\",\"@id\":\"https:\/\/secure.gravatar.com\/avatar\/aa2ef98e93764dcf1758f52d2792d4b3e4089ee25bc520608dde62ad802ae541?s=96&d=mm&r=g\",\"url\":\"https:\/\/secure.gravatar.com\/avatar\/aa2ef98e93764dcf1758f52d2792d4b3e4089ee25bc520608dde62ad802ae541?s=96&d=mm&r=g\",\"contentUrl\":\"https:\/\/secure.gravatar.com\/avatar\/aa2ef98e93764dcf1758f52d2792d4b3e4089ee25bc520608dde62ad802ae541?s=96&d=mm&r=g\",\"caption\":\"Leandro Signori\"},\"description\":\"Licenciado em Geografia pela Universidade Federal do Rio Grande do Sul (UFRGS) e Bacharel em Geografia pela Uniceub (Bras\u00edlia). Como servidor p\u00fablico, foi funcion\u00e1rio da Prefeitura de S\u00e3o Leopoldo (RS), Prefeitura de Porto Alegre (RS), Companhia Riograndense de Saneamento (Corsan) e Minist\u00e9rio da Integra\u00e7\u00e3o Nacional. \u00c9 professor de Geografia para o ensino m\u00e9dio na rede particular de ensino. Leciona as disciplinas de Atualidades, Conhecimentos Gerais, Geografia, Realidade Brasileira e Hist\u00f3ria, em cursos on line e presenciais preparat\u00f3rios para concursos p\u00fablicos.\",\"sameAs\":[\"https:\/\/www.facebook.com\/leandrosignoriatualidades\/\"],\"url\":\"https:\/\/www.estrategiaconcursos.com.br\/blog\/author\/leandroestrategiaconcursos-com-br\/\"}]}<\/script>\n<!-- \/ Yoast SEO Premium plugin. -->","yoast_head_json":{"title":"Atualidades para a prova discursiva do TCE-PE","robots":{"index":"index","follow":"follow","max-snippet":"max-snippet:-1","max-image-preview":"max-image-preview:large","max-video-preview":"max-video-preview:-1"},"canonical":"https:\/\/www.estrategiaconcursos.com.br\/blog\/atualidades-para-prova-discursiva-do-tce-pe\/","og_locale":"pt_BR","og_type":"article","og_title":"Atualidades para a prova discursiva do TCE-PE","og_description":"Ol\u00e1 galera, Conforme o Edital n\u00ba 1 \u2013 TCE\/PE, de 29 de junho de 2017, para os cargos do Grupo Ocupacional de Controle Externo (Auditor e Analista de Controle Externo), o tema da prova discursiva vir\u00e1 da \u00e1rea de conhecimento de Atualidades. A prova valer\u00e1 40,00 pontos e consistir\u00e1 da reda\u00e7\u00e3o de texto dissertativo, de [&hellip;]","og_url":"https:\/\/www.estrategiaconcursos.com.br\/blog\/atualidades-para-prova-discursiva-do-tce-pe\/","og_site_name":"Estrat\u00e9gia Concursos","article_author":"https:\/\/www.facebook.com\/leandrosignoriatualidades\/","article_published_time":"2017-07-13T03:47:10+00:00","article_modified_time":"2017-07-17T04:45:34+00:00","author":"Leandro Signori","twitter_card":"summary_large_image","twitter_creator":"@EstratConcursos","twitter_site":"@EstratConcursos","twitter_misc":{"Escrito por":"Leandro Signori","Est. tempo de leitura":"8 minutos"},"schema":{"@context":"https:\/\/schema.org","@graph":[{"@type":"NewsArticle","@id":"https:\/\/www.estrategiaconcursos.com.br\/blog\/atualidades-para-prova-discursiva-do-tce-pe\/#article","isPartOf":{"@id":"https:\/\/www.estrategiaconcursos.com.br\/blog\/atualidades-para-prova-discursiva-do-tce-pe\/"},"author":{"name":"Leandro Signori","@id":"https:\/\/www.estrategiaconcursos.com.br\/blog\/#\/schema\/person\/d2e7d78de4b9d6ba51cc24fd558a7f42"},"headline":"Atualidades para a prova discursiva do TCE-PE","datePublished":"2017-07-13T03:47:10+00:00","dateModified":"2017-07-17T04:45:34+00:00","mainEntityOfPage":{"@id":"https:\/\/www.estrategiaconcursos.com.br\/blog\/atualidades-para-prova-discursiva-do-tce-pe\/"},"wordCount":1575,"commentCount":4,"publisher":{"@id":"https:\/\/www.estrategiaconcursos.com.br\/blog\/#organization"},"keywords":["Atualidades"],"articleSection":["Concursos P\u00fablicos","Fiscal - Estadual (ICMS)","Tribunais"],"inLanguage":"pt-BR","potentialAction":[{"@type":"CommentAction","name":"Comment","target":["https:\/\/www.estrategiaconcursos.com.br\/blog\/atualidades-para-prova-discursiva-do-tce-pe\/#respond"]}],"copyrightYear":"2017","copyrightHolder":{"@id":"https:\/\/www.estrategiaconcursos.com.br\/blog\/#organization"}},{"@type":"WebPage","@id":"https:\/\/www.estrategiaconcursos.com.br\/blog\/atualidades-para-prova-discursiva-do-tce-pe\/","url":"https:\/\/www.estrategiaconcursos.com.br\/blog\/atualidades-para-prova-discursiva-do-tce-pe\/","name":"Atualidades para a prova discursiva do TCE-PE","isPartOf":{"@id":"https:\/\/www.estrategiaconcursos.com.br\/blog\/#website"},"datePublished":"2017-07-13T03:47:10+00:00","dateModified":"2017-07-17T04:45:34+00:00","breadcrumb":{"@id":"https:\/\/www.estrategiaconcursos.com.br\/blog\/atualidades-para-prova-discursiva-do-tce-pe\/#breadcrumb"},"inLanguage":"pt-BR","potentialAction":[{"@type":"ReadAction","target":["https:\/\/www.estrategiaconcursos.com.br\/blog\/atualidades-para-prova-discursiva-do-tce-pe\/"]}]},{"@type":"BreadcrumbList","@id":"https:\/\/www.estrategiaconcursos.com.br\/blog\/atualidades-para-prova-discursiva-do-tce-pe\/#breadcrumb","itemListElement":[{"@type":"ListItem","position":1,"name":"In\u00edcio","item":"https:\/\/www.estrategiaconcursos.com.br\/blog\/"},{"@type":"ListItem","position":2,"name":"Atualidades para a prova discursiva do TCE-PE"}]},{"@type":"WebSite","@id":"https:\/\/www.estrategiaconcursos.com.br\/blog\/#website","url":"https:\/\/www.estrategiaconcursos.com.br\/blog\/","name":"Estrat\u00e9gia Concursos","description":"O blog da Estrat\u00e9gia Concursos traz not\u00edcias sobre concursos e artigos de professores oferecendo cursos para concursos (pdf + videaulas) no site.","publisher":{"@id":"https:\/\/www.estrategiaconcursos.com.br\/blog\/#organization"},"potentialAction":[{"@type":"SearchAction","target":{"@type":"EntryPoint","urlTemplate":"https:\/\/www.estrategiaconcursos.com.br\/blog\/?s={search_term_string}"},"query-input":{"@type":"PropertyValueSpecification","valueRequired":true,"valueName":"search_term_string"}}],"inLanguage":"pt-BR"},{"@type":"Organization","@id":"https:\/\/www.estrategiaconcursos.com.br\/blog\/#organization","name":"Estrat\u00e9gia Concursos","url":"https:\/\/www.estrategiaconcursos.com.br\/blog\/","logo":{"@type":"ImageObject","inLanguage":"pt-BR","@id":"https:\/\/www.estrategiaconcursos.com.br\/blog\/#\/schema\/logo\/image\/","url":"https:\/\/dhg1h5j42swfq.cloudfront.net\/2025\/06\/03203428\/logo_concursos-1.jpg","contentUrl":"https:\/\/dhg1h5j42swfq.cloudfront.net\/2025\/06\/03203428\/logo_concursos-1.jpg","width":230,"height":60,"caption":"Estrat\u00e9gia Concursos"},"image":{"@id":"https:\/\/www.estrategiaconcursos.com.br\/blog\/#\/schema\/logo\/image\/"},"sameAs":["https:\/\/x.com\/EstratConcursos"]},{"@type":"Person","@id":"https:\/\/www.estrategiaconcursos.com.br\/blog\/#\/schema\/person\/d2e7d78de4b9d6ba51cc24fd558a7f42","name":"Leandro Signori","image":{"@type":"ImageObject","inLanguage":"pt-BR","@id":"https:\/\/secure.gravatar.com\/avatar\/aa2ef98e93764dcf1758f52d2792d4b3e4089ee25bc520608dde62ad802ae541?s=96&d=mm&r=g","url":"https:\/\/secure.gravatar.com\/avatar\/aa2ef98e93764dcf1758f52d2792d4b3e4089ee25bc520608dde62ad802ae541?s=96&d=mm&r=g","contentUrl":"https:\/\/secure.gravatar.com\/avatar\/aa2ef98e93764dcf1758f52d2792d4b3e4089ee25bc520608dde62ad802ae541?s=96&d=mm&r=g","caption":"Leandro Signori"},"description":"Licenciado em Geografia pela Universidade Federal do Rio Grande do Sul (UFRGS) e Bacharel em Geografia pela Uniceub (Bras\u00edlia). Como servidor p\u00fablico, foi funcion\u00e1rio da Prefeitura de S\u00e3o Leopoldo (RS), Prefeitura de Porto Alegre (RS), Companhia Riograndense de Saneamento (Corsan) e Minist\u00e9rio da Integra\u00e7\u00e3o Nacional. \u00c9 professor de Geografia para o ensino m\u00e9dio na rede particular de ensino. Leciona as disciplinas de Atualidades, Conhecimentos Gerais, Geografia, Realidade Brasileira e Hist\u00f3ria, em cursos on line e presenciais preparat\u00f3rios para concursos p\u00fablicos.","sameAs":["https:\/\/www.facebook.com\/leandrosignoriatualidades\/"],"url":"https:\/\/www.estrategiaconcursos.com.br\/blog\/author\/leandroestrategiaconcursos-com-br\/"}]}},"_links":{"self":[{"href":"https:\/\/www.estrategiaconcursos.com.br\/blog\/wp-json\/wp\/v2\/posts\/81353","targetHints":{"allow":["GET"]}}],"collection":[{"href":"https:\/\/www.estrategiaconcursos.com.br\/blog\/wp-json\/wp\/v2\/posts"}],"about":[{"href":"https:\/\/www.estrategiaconcursos.com.br\/blog\/wp-json\/wp\/v2\/types\/post"}],"author":[{"embeddable":true,"href":"https:\/\/www.estrategiaconcursos.com.br\/blog\/wp-json\/wp\/v2\/users\/306"}],"replies":[{"embeddable":true,"href":"https:\/\/www.estrategiaconcursos.com.br\/blog\/wp-json\/wp\/v2\/comments?post=81353"}],"version-history":[{"count":8,"href":"https:\/\/www.estrategiaconcursos.com.br\/blog\/wp-json\/wp\/v2\/posts\/81353\/revisions"}],"predecessor-version":[{"id":81657,"href":"https:\/\/www.estrategiaconcursos.com.br\/blog\/wp-json\/wp\/v2\/posts\/81353\/revisions\/81657"}],"wp:attachment":[{"href":"https:\/\/www.estrategiaconcursos.com.br\/blog\/wp-json\/wp\/v2\/media?parent=81353"}],"wp:term":[{"taxonomy":"category","embeddable":true,"href":"https:\/\/www.estrategiaconcursos.com.br\/blog\/wp-json\/wp\/v2\/categories?post=81353"},{"taxonomy":"post_tag","embeddable":true,"href":"https:\/\/www.estrategiaconcursos.com.br\/blog\/wp-json\/wp\/v2\/tags?post=81353"},{"taxonomy":"tax_estado","embeddable":true,"href":"https:\/\/www.estrategiaconcursos.com.br\/blog\/wp-json\/wp\/v2\/tax_estado?post=81353"}],"curies":[{"name":"wp","href":"https:\/\/api.w.org\/{rel}","templated":true}]}}