{"id":8111,"date":"2012-07-09T01:28:05","date_gmt":"2012-07-09T04:28:05","guid":{"rendered":"https:\/\/www.estrategiaconcursos.com.br\/blog\/a-rotina-de-um-auditor-fiscal-do-trabalho-vi-7\/"},"modified":"2015-01-05T16:13:23","modified_gmt":"2015-01-05T19:13:23","slug":"a-rotina-de-um-auditor-fiscal-do-trabalho-vi-7","status":"publish","type":"post","link":"https:\/\/www.estrategiaconcursos.com.br\/blog\/a-rotina-de-um-auditor-fiscal-do-trabalho-vi-7\/","title":{"rendered":"A rotina de um Auditor-Fiscal do Trabalho &#8211; VI"},"content":{"rendered":"<div style=\"text-align: justify;\"><span style=\"color: #000080;\"><span style=\"color: #000080;\"><span style=\"font-size: 12px;\"><span style=\"font-family: Verdana;\">Oi amigos(as),<\/span><\/span><\/span><\/span>Neste artigo vamos conversar um pouco sobre o tema Erradica\u00e7\u00e3o do <b>Trabalho Escravo<\/b>.<\/p>\n<p>Este \u00e9 um assunto que tem tido destaque na m\u00eddia, pois a redu\u00e7\u00e3o de trabalhadores \u00e0 condi\u00e7\u00e3o an\u00e1loga \u00e0 de escravo n\u00e3o \u00e9 t\u00e3o distante quanto parece.<\/p>\n<p>Muitas vezes acredita-se que tais fatos ocorram apenas em outros pa\u00edses, ou que, no Brasil, s\u00f3 existam em localidades muito remotas de regi\u00f5es de selva.<\/p>\n<p>Na verdade a redu\u00e7\u00e3o de\u00a0 trabalhadores \u00e0 condi\u00e7\u00e3o an\u00e1loga \u00e0 de escravo tem sido combatida em todas as regi\u00f5es do nosso pa\u00eds, e muitas vezes at\u00e9 mesmo pr\u00f3ximas de grandes centros urbanos.<\/p>\n<p>E qual o amparo legal relacionado a esta situa\u00e7\u00e3o? Nossa resposta est\u00e1 no Decreto-Lei 2848\/40 (C\u00f3digo Penal):<br \/>\n<b><br \/>\nRedu\u00e7\u00e3o a condi\u00e7\u00e3o an\u00e1loga \u00e0 de escravo<\/b><\/p>\n<p>&#8220;Art. 149. Reduzir algu\u00e9m a condi\u00e7\u00e3o an\u00e1loga \u00e0 de escravo, quer submetendo-o a <span style=\"text-decoration: underline;\">trabalhos for\u00e7ados<\/span> ou a <span style=\"text-decoration: underline;\">jornada exaustiva<\/span>, quer sujeitando-o a <span style=\"text-decoration: underline;\">condi\u00e7\u00f5es degradantes de trabalho<\/span>, quer <span style=\"text-decoration: underline;\">restringindo, por qualquer meio, sua locomo\u00e7\u00e3o<\/span> em raz\u00e3o de d\u00edvida contra\u00edda com o empregador ou preposto:<\/p>\n<p>Pena &#8211; reclus\u00e3o, de dois a oito anos, e multa, al\u00e9m da pena correspondente \u00e0 viol\u00eancia.<\/p>\n<p>\u00a7 1o Nas mesmas penas incorre quem:<\/p>\n<p>I \u2013 cerceia o uso de qualquer meio de transporte por parte do trabalhador, com o fim de ret\u00ea-lo no local de trabalho;<\/p>\n<p>II \u2013 mant\u00e9m vigil\u00e2ncia ostensiva no local de trabalho ou se apodera de documentos ou objetos pessoais do trabalhador, com o fim de ret\u00ea-lo no local de trabalho&#8221;.<\/p>\n<p>Quando a equipe de combate ao trabalho escravo identifica as situa\u00e7\u00f5es f\u00e1ticas que caracterizam essa irregularidade, deve-se proceder ao afastamento dos trabalhadores, rescis\u00e3o dos contratos de trabalho, autua\u00e7\u00f5es do(s) respons\u00e1vel(is) e encaminhamento de relat\u00f3rio para os \u00f3rg\u00e3os como Minist\u00e9rio P\u00fablico do Trabalho e Pol\u00edcia Federal.<\/p>\n<p>S\u00f3 neste m\u00eas de mar\u00e7o 03 a\u00e7\u00f5es tiveram destaque no site do MTE:<\/p>\n<p><span style=\"font-family: Verdana;\"><span style=\"font-family: Verdana;\"><span style=\"font-family: Verdana;\"><a href=\"http:\/\/portal.mte.gov.br\/imprensa\/fiscalizacao-resgata-24-trabalhadores-de-situacao-analoga-a-de-escravo-em-goias.htm\"><span style=\"font-size: 14px;\"><span style=\"text-decoration: underline;\">http:\/\/portal.mte.gov.br\/imprensa\/fiscalizacao-resgata-24-trabalhadores-de-situacao-analoga-a-de-escravo-em-goias.htm<\/span><\/span><\/a><\/span><\/span><\/span>&nbsp;<\/p>\n<p><span style=\"font-family: Verdana;\"><span style=\"font-family: Verdana;\"><span style=\"font-family: Verdana;\"><a href=\"http:\/\/portal.mte.gov.br\/imprensa\/fiscais-da-srte-pr-resgatam-5-trabalhadores-em-situacao-analoga-a-de-escravo.htm\"><span style=\"font-size: 14px;\"><span style=\"text-decoration: underline;\">http:\/\/portal.mte.gov.br\/imprensa\/fiscais-da-srte-pr-resgatam-5-trabalhadores-em-situacao-analoga-a-de-escravo.htm<\/span><\/span><\/a><\/span><\/span><\/span>&nbsp;<\/p>\n<p><span style=\"font-family: Verdana;\"><a href=\"http:\/\/portal.mte.gov.br\/imprensa\/acao-fiscal-da-srte-resgata-26-trabalhadores-do-trabalho-escravo-em-fazendas-no-para.htm\"><span style=\"font-size: 14px;\"><span style=\"text-decoration: underline;\">http:\/\/portal.mte.gov.br\/imprensa\/acao-fiscal-da-srte-resgata-26-trabalhadores-do-trabalho-escravo-em-fazendas-no-para.htm<\/span><\/span><\/a><span style=\"font-size: 12px;\"><span style=\"color: #000080;\"><br \/>\n<\/span><\/span><\/span><span style=\"color: #000080;\"><span style=\"color: #000080;\"><span style=\"font-size: 12px;\"><br \/>\n<span style=\"font-family: Verdana;\"> Ap\u00f3s a aprova\u00e7\u00e3o no concurso, todos poder\u00e3o se voluntariar para participar das a\u00e7\u00f5es realizadas pelo Grupo M\u00f3vel de Combate ao Trabalho Escravo.<\/span><\/span><\/span><\/span><span style=\"font-family: Verdana;\"> Por hoje era isso pessoal, espero que tenham gostado deste panorama sobre o tema.<\/span><\/p>\n<p><span style=\"font-family: Verdana;\"> Grande abra\u00e7o,<\/span><\/p>\n<p><span style=\"font-family: Verdana;\"> Prof M\u00e1rio Pinheiro<\/span><\/p>\n<p><span style=\"font-family: 'Comic Sans MS';\"><span style=\"font-size: 14px;\"><span style=\"font-family: Verdana;\"><span style=\"text-decoration: underline;\">http:\/\/www.facebook.com\/M\u00e1rio Pinheiro<\/span><\/span><\/span><\/span><\/div>\n<div style=\"text-align: justify;\"><a href=\"http:\/\/profissaoconcursos.blogspot.com\/\"><span style=\"color: #000080;\"><span style=\"font-family: Verdana;\"><br \/>\n<\/span> <\/span><br \/>\n<\/a><\/div>\n<div style=\"text-align: justify;\"><\/div>\n<p>&nbsp;<\/p>\n","protected":false},"excerpt":{"rendered":"<p>Oi amigos(as),Neste artigo vamos conversar um pouco sobre o tema Erradica\u00e7\u00e3o do Trabalho Escravo. Este \u00e9 um assunto que tem tido destaque na m\u00eddia, pois a redu\u00e7\u00e3o de trabalhadores \u00e0 condi\u00e7\u00e3o an\u00e1loga \u00e0 de escravo n\u00e3o \u00e9 t\u00e3o distante quanto parece. Muitas vezes acredita-se que tais fatos ocorram apenas em outros pa\u00edses, ou que, no [&hellip;]<\/p>\n","protected":false},"author":22,"featured_media":0,"comment_status":"open","ping_status":"open","sticky":false,"template":"","format":"standard","meta":{"post_tipo":"article","footnotes":""},"categories":[1],"tags":[542],"tax_estado":[],"class_list":["post-8111","post","type-post","status-publish","format-standard","hentry","category-cursos-e-concursos","tag-aft"],"acf":[],"yoast_head":"<!-- This site is optimized with the Yoast SEO Premium plugin v27.2 (Yoast SEO v27.2) - https:\/\/yoast.com\/product\/yoast-seo-premium-wordpress\/ -->\n<title>A rotina de um Auditor-Fiscal do Trabalho - VI<\/title>\n<meta name=\"robots\" content=\"index, follow, max-snippet:-1, max-image-preview:large, max-video-preview:-1\" \/>\n<link rel=\"canonical\" href=\"https:\/\/www.estrategiaconcursos.com.br\/blog\/a-rotina-de-um-auditor-fiscal-do-trabalho-vi-7\/\" \/>\n<meta property=\"og:locale\" content=\"pt_BR\" \/>\n<meta property=\"og:type\" content=\"article\" \/>\n<meta property=\"og:title\" content=\"A rotina de um Auditor-Fiscal do Trabalho - VI\" \/>\n<meta property=\"og:description\" content=\"Oi amigos(as),Neste artigo vamos conversar um pouco sobre o tema Erradica\u00e7\u00e3o do Trabalho Escravo. Este \u00e9 um assunto que tem tido destaque na m\u00eddia, pois a redu\u00e7\u00e3o de trabalhadores \u00e0 condi\u00e7\u00e3o an\u00e1loga \u00e0 de escravo n\u00e3o \u00e9 t\u00e3o distante quanto parece. Muitas vezes acredita-se que tais fatos ocorram apenas em outros pa\u00edses, ou que, no [&hellip;]\" \/>\n<meta property=\"og:url\" content=\"https:\/\/www.estrategiaconcursos.com.br\/blog\/a-rotina-de-um-auditor-fiscal-do-trabalho-vi-7\/\" \/>\n<meta property=\"og:site_name\" content=\"Estrat\u00e9gia Concursos\" \/>\n<meta property=\"article:author\" content=\"https:\/\/www.facebook.com\/mario.pinheiro.18\" \/>\n<meta property=\"article:published_time\" content=\"2012-07-09T04:28:05+00:00\" \/>\n<meta property=\"article:modified_time\" content=\"2015-01-05T19:13:23+00:00\" \/>\n<meta name=\"author\" content=\"M\u00e1rio Pinheiro\" \/>\n<meta name=\"twitter:card\" content=\"summary_large_image\" \/>\n<meta name=\"twitter:creator\" content=\"@https:\/\/twitter.com\/EstratConcursos\" \/>\n<meta name=\"twitter:site\" content=\"@EstratConcursos\" \/>\n<meta name=\"twitter:label1\" content=\"Escrito por\" \/>\n\t<meta name=\"twitter:data1\" content=\"M\u00e1rio Pinheiro\" \/>\n\t<meta name=\"twitter:label2\" content=\"Est. tempo de leitura\" \/>\n\t<meta name=\"twitter:data2\" content=\"2 minutos\" \/>\n<script type=\"application\/ld+json\" class=\"yoast-schema-graph\">{\"@context\":\"https:\/\/schema.org\",\"@graph\":[{\"@type\":\"NewsArticle\",\"@id\":\"https:\/\/www.estrategiaconcursos.com.br\/blog\/a-rotina-de-um-auditor-fiscal-do-trabalho-vi-7\/#article\",\"isPartOf\":{\"@id\":\"https:\/\/www.estrategiaconcursos.com.br\/blog\/a-rotina-de-um-auditor-fiscal-do-trabalho-vi-7\/\"},\"author\":{\"name\":\"M\u00e1rio Pinheiro\",\"@id\":\"https:\/\/www.estrategiaconcursos.com.br\/blog\/#\/schema\/person\/263a505d4cf873862a093b2314df57e9\"},\"headline\":\"A rotina de um Auditor-Fiscal do Trabalho &#8211; VI\",\"datePublished\":\"2012-07-09T04:28:05+00:00\",\"dateModified\":\"2015-01-05T19:13:23+00:00\",\"mainEntityOfPage\":{\"@id\":\"https:\/\/www.estrategiaconcursos.com.br\/blog\/a-rotina-de-um-auditor-fiscal-do-trabalho-vi-7\/\"},\"wordCount\":429,\"commentCount\":0,\"publisher\":{\"@id\":\"https:\/\/www.estrategiaconcursos.com.br\/blog\/#organization\"},\"keywords\":[\"AFT\"],\"articleSection\":[\"Concursos P\u00fablicos\"],\"inLanguage\":\"pt-BR\",\"potentialAction\":[{\"@type\":\"CommentAction\",\"name\":\"Comment\",\"target\":[\"https:\/\/www.estrategiaconcursos.com.br\/blog\/a-rotina-de-um-auditor-fiscal-do-trabalho-vi-7\/#respond\"]}],\"copyrightYear\":\"2012\",\"copyrightHolder\":{\"@id\":\"https:\/\/www.estrategiaconcursos.com.br\/blog\/#organization\"}},{\"@type\":\"WebPage\",\"@id\":\"https:\/\/www.estrategiaconcursos.com.br\/blog\/a-rotina-de-um-auditor-fiscal-do-trabalho-vi-7\/\",\"url\":\"https:\/\/www.estrategiaconcursos.com.br\/blog\/a-rotina-de-um-auditor-fiscal-do-trabalho-vi-7\/\",\"name\":\"A rotina de um Auditor-Fiscal do Trabalho - VI\",\"isPartOf\":{\"@id\":\"https:\/\/www.estrategiaconcursos.com.br\/blog\/#website\"},\"datePublished\":\"2012-07-09T04:28:05+00:00\",\"dateModified\":\"2015-01-05T19:13:23+00:00\",\"breadcrumb\":{\"@id\":\"https:\/\/www.estrategiaconcursos.com.br\/blog\/a-rotina-de-um-auditor-fiscal-do-trabalho-vi-7\/#breadcrumb\"},\"inLanguage\":\"pt-BR\",\"potentialAction\":[{\"@type\":\"ReadAction\",\"target\":[\"https:\/\/www.estrategiaconcursos.com.br\/blog\/a-rotina-de-um-auditor-fiscal-do-trabalho-vi-7\/\"]}]},{\"@type\":\"BreadcrumbList\",\"@id\":\"https:\/\/www.estrategiaconcursos.com.br\/blog\/a-rotina-de-um-auditor-fiscal-do-trabalho-vi-7\/#breadcrumb\",\"itemListElement\":[{\"@type\":\"ListItem\",\"position\":1,\"name\":\"In\u00edcio\",\"item\":\"https:\/\/www.estrategiaconcursos.com.br\/blog\/\"},{\"@type\":\"ListItem\",\"position\":2,\"name\":\"A rotina de um Auditor-Fiscal do Trabalho &#8211; VI\"}]},{\"@type\":\"WebSite\",\"@id\":\"https:\/\/www.estrategiaconcursos.com.br\/blog\/#website\",\"url\":\"https:\/\/www.estrategiaconcursos.com.br\/blog\/\",\"name\":\"Estrat\u00e9gia Concursos\",\"description\":\"O blog da Estrat\u00e9gia Concursos traz not\u00edcias sobre concursos e artigos de professores oferecendo cursos para concursos (pdf + videaulas) no site.\",\"publisher\":{\"@id\":\"https:\/\/www.estrategiaconcursos.com.br\/blog\/#organization\"},\"potentialAction\":[{\"@type\":\"SearchAction\",\"target\":{\"@type\":\"EntryPoint\",\"urlTemplate\":\"https:\/\/www.estrategiaconcursos.com.br\/blog\/?s={search_term_string}\"},\"query-input\":{\"@type\":\"PropertyValueSpecification\",\"valueRequired\":true,\"valueName\":\"search_term_string\"}}],\"inLanguage\":\"pt-BR\"},{\"@type\":\"Organization\",\"@id\":\"https:\/\/www.estrategiaconcursos.com.br\/blog\/#organization\",\"name\":\"Estrat\u00e9gia Concursos\",\"url\":\"https:\/\/www.estrategiaconcursos.com.br\/blog\/\",\"logo\":{\"@type\":\"ImageObject\",\"inLanguage\":\"pt-BR\",\"@id\":\"https:\/\/www.estrategiaconcursos.com.br\/blog\/#\/schema\/logo\/image\/\",\"url\":\"https:\/\/dhg1h5j42swfq.cloudfront.net\/2025\/06\/03203428\/logo_concursos-1.jpg\",\"contentUrl\":\"https:\/\/dhg1h5j42swfq.cloudfront.net\/2025\/06\/03203428\/logo_concursos-1.jpg\",\"width\":230,\"height\":60,\"caption\":\"Estrat\u00e9gia Concursos\"},\"image\":{\"@id\":\"https:\/\/www.estrategiaconcursos.com.br\/blog\/#\/schema\/logo\/image\/\"},\"sameAs\":[\"https:\/\/x.com\/EstratConcursos\"]},{\"@type\":\"Person\",\"@id\":\"https:\/\/www.estrategiaconcursos.com.br\/blog\/#\/schema\/person\/263a505d4cf873862a093b2314df57e9\",\"name\":\"M\u00e1rio Pinheiro\",\"image\":{\"@type\":\"ImageObject\",\"inLanguage\":\"pt-BR\",\"@id\":\"https:\/\/secure.gravatar.com\/avatar\/20baf5175bad463e4e1f63d74d633d42e86b4028c320527e859914f6a57cb66a?s=96&d=mm&r=g\",\"url\":\"https:\/\/secure.gravatar.com\/avatar\/20baf5175bad463e4e1f63d74d633d42e86b4028c320527e859914f6a57cb66a?s=96&d=mm&r=g\",\"contentUrl\":\"https:\/\/secure.gravatar.com\/avatar\/20baf5175bad463e4e1f63d74d633d42e86b4028c320527e859914f6a57cb66a?s=96&d=mm&r=g\",\"caption\":\"M\u00e1rio Pinheiro\"},\"sameAs\":[\"https:\/\/www.facebook.com\/mario.pinheiro.18\",\"https:\/\/x.com\/https:\/\/twitter.com\/EstratConcursos\"],\"url\":\"https:\/\/www.estrategiaconcursos.com.br\/blog\/author\/mariopinheiroestrategiaconcursos-com-br\/\"}]}<\/script>\n<!-- \/ Yoast SEO Premium plugin. -->","yoast_head_json":{"title":"A rotina de um Auditor-Fiscal do Trabalho - VI","robots":{"index":"index","follow":"follow","max-snippet":"max-snippet:-1","max-image-preview":"max-image-preview:large","max-video-preview":"max-video-preview:-1"},"canonical":"https:\/\/www.estrategiaconcursos.com.br\/blog\/a-rotina-de-um-auditor-fiscal-do-trabalho-vi-7\/","og_locale":"pt_BR","og_type":"article","og_title":"A rotina de um Auditor-Fiscal do Trabalho - VI","og_description":"Oi amigos(as),Neste artigo vamos conversar um pouco sobre o tema Erradica\u00e7\u00e3o do Trabalho Escravo. Este \u00e9 um assunto que tem tido destaque na m\u00eddia, pois a redu\u00e7\u00e3o de trabalhadores \u00e0 condi\u00e7\u00e3o an\u00e1loga \u00e0 de escravo n\u00e3o \u00e9 t\u00e3o distante quanto parece. Muitas vezes acredita-se que tais fatos ocorram apenas em outros pa\u00edses, ou que, no [&hellip;]","og_url":"https:\/\/www.estrategiaconcursos.com.br\/blog\/a-rotina-de-um-auditor-fiscal-do-trabalho-vi-7\/","og_site_name":"Estrat\u00e9gia Concursos","article_author":"https:\/\/www.facebook.com\/mario.pinheiro.18","article_published_time":"2012-07-09T04:28:05+00:00","article_modified_time":"2015-01-05T19:13:23+00:00","author":"M\u00e1rio Pinheiro","twitter_card":"summary_large_image","twitter_creator":"@https:\/\/twitter.com\/EstratConcursos","twitter_site":"@EstratConcursos","twitter_misc":{"Escrito por":"M\u00e1rio Pinheiro","Est. tempo de leitura":"2 minutos"},"schema":{"@context":"https:\/\/schema.org","@graph":[{"@type":"NewsArticle","@id":"https:\/\/www.estrategiaconcursos.com.br\/blog\/a-rotina-de-um-auditor-fiscal-do-trabalho-vi-7\/#article","isPartOf":{"@id":"https:\/\/www.estrategiaconcursos.com.br\/blog\/a-rotina-de-um-auditor-fiscal-do-trabalho-vi-7\/"},"author":{"name":"M\u00e1rio Pinheiro","@id":"https:\/\/www.estrategiaconcursos.com.br\/blog\/#\/schema\/person\/263a505d4cf873862a093b2314df57e9"},"headline":"A rotina de um Auditor-Fiscal do Trabalho &#8211; VI","datePublished":"2012-07-09T04:28:05+00:00","dateModified":"2015-01-05T19:13:23+00:00","mainEntityOfPage":{"@id":"https:\/\/www.estrategiaconcursos.com.br\/blog\/a-rotina-de-um-auditor-fiscal-do-trabalho-vi-7\/"},"wordCount":429,"commentCount":0,"publisher":{"@id":"https:\/\/www.estrategiaconcursos.com.br\/blog\/#organization"},"keywords":["AFT"],"articleSection":["Concursos P\u00fablicos"],"inLanguage":"pt-BR","potentialAction":[{"@type":"CommentAction","name":"Comment","target":["https:\/\/www.estrategiaconcursos.com.br\/blog\/a-rotina-de-um-auditor-fiscal-do-trabalho-vi-7\/#respond"]}],"copyrightYear":"2012","copyrightHolder":{"@id":"https:\/\/www.estrategiaconcursos.com.br\/blog\/#organization"}},{"@type":"WebPage","@id":"https:\/\/www.estrategiaconcursos.com.br\/blog\/a-rotina-de-um-auditor-fiscal-do-trabalho-vi-7\/","url":"https:\/\/www.estrategiaconcursos.com.br\/blog\/a-rotina-de-um-auditor-fiscal-do-trabalho-vi-7\/","name":"A rotina de um Auditor-Fiscal do Trabalho - VI","isPartOf":{"@id":"https:\/\/www.estrategiaconcursos.com.br\/blog\/#website"},"datePublished":"2012-07-09T04:28:05+00:00","dateModified":"2015-01-05T19:13:23+00:00","breadcrumb":{"@id":"https:\/\/www.estrategiaconcursos.com.br\/blog\/a-rotina-de-um-auditor-fiscal-do-trabalho-vi-7\/#breadcrumb"},"inLanguage":"pt-BR","potentialAction":[{"@type":"ReadAction","target":["https:\/\/www.estrategiaconcursos.com.br\/blog\/a-rotina-de-um-auditor-fiscal-do-trabalho-vi-7\/"]}]},{"@type":"BreadcrumbList","@id":"https:\/\/www.estrategiaconcursos.com.br\/blog\/a-rotina-de-um-auditor-fiscal-do-trabalho-vi-7\/#breadcrumb","itemListElement":[{"@type":"ListItem","position":1,"name":"In\u00edcio","item":"https:\/\/www.estrategiaconcursos.com.br\/blog\/"},{"@type":"ListItem","position":2,"name":"A rotina de um Auditor-Fiscal do Trabalho &#8211; VI"}]},{"@type":"WebSite","@id":"https:\/\/www.estrategiaconcursos.com.br\/blog\/#website","url":"https:\/\/www.estrategiaconcursos.com.br\/blog\/","name":"Estrat\u00e9gia Concursos","description":"O blog da Estrat\u00e9gia Concursos traz not\u00edcias sobre concursos e artigos de professores oferecendo cursos para concursos (pdf + videaulas) no site.","publisher":{"@id":"https:\/\/www.estrategiaconcursos.com.br\/blog\/#organization"},"potentialAction":[{"@type":"SearchAction","target":{"@type":"EntryPoint","urlTemplate":"https:\/\/www.estrategiaconcursos.com.br\/blog\/?s={search_term_string}"},"query-input":{"@type":"PropertyValueSpecification","valueRequired":true,"valueName":"search_term_string"}}],"inLanguage":"pt-BR"},{"@type":"Organization","@id":"https:\/\/www.estrategiaconcursos.com.br\/blog\/#organization","name":"Estrat\u00e9gia Concursos","url":"https:\/\/www.estrategiaconcursos.com.br\/blog\/","logo":{"@type":"ImageObject","inLanguage":"pt-BR","@id":"https:\/\/www.estrategiaconcursos.com.br\/blog\/#\/schema\/logo\/image\/","url":"https:\/\/dhg1h5j42swfq.cloudfront.net\/2025\/06\/03203428\/logo_concursos-1.jpg","contentUrl":"https:\/\/dhg1h5j42swfq.cloudfront.net\/2025\/06\/03203428\/logo_concursos-1.jpg","width":230,"height":60,"caption":"Estrat\u00e9gia Concursos"},"image":{"@id":"https:\/\/www.estrategiaconcursos.com.br\/blog\/#\/schema\/logo\/image\/"},"sameAs":["https:\/\/x.com\/EstratConcursos"]},{"@type":"Person","@id":"https:\/\/www.estrategiaconcursos.com.br\/blog\/#\/schema\/person\/263a505d4cf873862a093b2314df57e9","name":"M\u00e1rio Pinheiro","image":{"@type":"ImageObject","inLanguage":"pt-BR","@id":"https:\/\/secure.gravatar.com\/avatar\/20baf5175bad463e4e1f63d74d633d42e86b4028c320527e859914f6a57cb66a?s=96&d=mm&r=g","url":"https:\/\/secure.gravatar.com\/avatar\/20baf5175bad463e4e1f63d74d633d42e86b4028c320527e859914f6a57cb66a?s=96&d=mm&r=g","contentUrl":"https:\/\/secure.gravatar.com\/avatar\/20baf5175bad463e4e1f63d74d633d42e86b4028c320527e859914f6a57cb66a?s=96&d=mm&r=g","caption":"M\u00e1rio Pinheiro"},"sameAs":["https:\/\/www.facebook.com\/mario.pinheiro.18","https:\/\/x.com\/https:\/\/twitter.com\/EstratConcursos"],"url":"https:\/\/www.estrategiaconcursos.com.br\/blog\/author\/mariopinheiroestrategiaconcursos-com-br\/"}]}},"_links":{"self":[{"href":"https:\/\/www.estrategiaconcursos.com.br\/blog\/wp-json\/wp\/v2\/posts\/8111","targetHints":{"allow":["GET"]}}],"collection":[{"href":"https:\/\/www.estrategiaconcursos.com.br\/blog\/wp-json\/wp\/v2\/posts"}],"about":[{"href":"https:\/\/www.estrategiaconcursos.com.br\/blog\/wp-json\/wp\/v2\/types\/post"}],"author":[{"embeddable":true,"href":"https:\/\/www.estrategiaconcursos.com.br\/blog\/wp-json\/wp\/v2\/users\/22"}],"replies":[{"embeddable":true,"href":"https:\/\/www.estrategiaconcursos.com.br\/blog\/wp-json\/wp\/v2\/comments?post=8111"}],"version-history":[{"count":1,"href":"https:\/\/www.estrategiaconcursos.com.br\/blog\/wp-json\/wp\/v2\/posts\/8111\/revisions"}],"predecessor-version":[{"id":18903,"href":"https:\/\/www.estrategiaconcursos.com.br\/blog\/wp-json\/wp\/v2\/posts\/8111\/revisions\/18903"}],"wp:attachment":[{"href":"https:\/\/www.estrategiaconcursos.com.br\/blog\/wp-json\/wp\/v2\/media?parent=8111"}],"wp:term":[{"taxonomy":"category","embeddable":true,"href":"https:\/\/www.estrategiaconcursos.com.br\/blog\/wp-json\/wp\/v2\/categories?post=8111"},{"taxonomy":"post_tag","embeddable":true,"href":"https:\/\/www.estrategiaconcursos.com.br\/blog\/wp-json\/wp\/v2\/tags?post=8111"},{"taxonomy":"tax_estado","embeddable":true,"href":"https:\/\/www.estrategiaconcursos.com.br\/blog\/wp-json\/wp\/v2\/tax_estado?post=8111"}],"curies":[{"name":"wp","href":"https:\/\/api.w.org\/{rel}","templated":true}]}}