{"id":81059,"date":"2017-07-11T11:13:50","date_gmt":"2017-07-11T14:13:50","guid":{"rendered":"https:\/\/www.estrategiaconcursos.com.br\/blog\/?p=81059"},"modified":"2017-07-11T11:14:19","modified_gmt":"2017-07-11T14:14:19","slug":"81059-2","status":"publish","type":"post","link":"https:\/\/www.estrategiaconcursos.com.br\/blog\/81059-2\/","title":{"rendered":"De tr\u00e1s para frente"},"content":{"rendered":"<p style=\"text-align: justify\"><span style=\"font-family: verdana, geneva, sans-serif\">Bata um papinho com algum idoso. Ver\u00e1 que ele ter\u00e1 MUITA clareza sobre o que gostaria de ter feito e n\u00e3o fez na vida. Como ele gostaria de ter priorizado mais certas coisas em detrimento de outras. Eles possuem uma clareza que a gente n\u00e3o consegue ter com 30, 35, 40, 50 anos. N\u00e3o consegue porque ningu\u00e9m curte pensar que a vida \u00e9 finita. Melhor abstrair esse fato e ir vivendo, muitos pensam. <span style=\"color: #0000ff\"><strong>Mas como priorizar com assertividade e tomar decis\u00f5es com mais precis\u00e3o se voc\u00ea n\u00e3o consegue nem pensar em estimar o tempo que tem? Complicado <em>feat<\/em> imposs\u00edvel!<\/strong><\/span><\/span><\/p>\n<p style=\"text-align: justify\"><span style=\"font-family: verdana, geneva, sans-serif\"><span style=\"color: #ff0000\"><strong>Corta para o assunto CONCURSO.<\/strong> <\/span>Quando sai o edital voc\u00ea deve PROJETAR como ser\u00e3o os pr\u00f3ximos 2 meses at\u00e9 a data da sua prova. <span style=\"color: #0000ff\"><strong>J\u00e1 ensinei em outros artigos que se voc\u00ea n\u00e3o escolher o que vai estudar e o que vai deixar de fora porque simplesmente n\u00e3o vai dar para ver tudo, o tempo vai escolher por voc\u00ea.<\/strong> <strong>E o tempo n\u00e3o sabe priorizar.<\/strong><\/span> Ele corre linear e as coisas acontecem em sua ordem natural. Voc\u00ea vai seguir o edital na ordem dos assuntos estipulada pelo examinador. Assim, pode (e vai) acabar estudando coisas que n\u00e3o caem muito e deixando de fora coisas muito importantes s\u00f3 porque elas apareceram l\u00e1 no final do conte\u00fado de cada mat\u00e9ria.<\/span><\/p>\n<p style=\"text-align: justify\"><span style=\"font-family: verdana, geneva, sans-serif\">Para seu \u201cProjeto Reta Final\u201d ser bem-sucedido, o que voc\u00ea precisa \u00e9 determinar a ordem de estudos dos t\u00f3picos do edital de modo que os assuntos importantes sejam revistos primeiro (para garantir que ser\u00e3o \u2013 de fato \u2013 bem revisados) e os menos relevantes fiquem para o final. Assim, se houver atraso, os temas com menos chances de cair ser\u00e3o sumariamente cortados (e isso n\u00e3o gerar\u00e1 um preju\u00edzo irrepar\u00e1vel para sua aprova\u00e7\u00e3o).<\/span><\/p>\n<p style=\"text-align: justify\"><span style=\"font-family: verdana, geneva, sans-serif\"><span style=\"color: #0000ff\"><strong>Tamb\u00e9m j\u00e1 disse para voc\u00eas que o modo de fazer essa proje\u00e7\u00e3o dos estudos no tempo \u00e9 via cria\u00e7\u00e3o de metas de volume.<\/strong><\/span> Semana a semana do edital at\u00e9 a prova voc\u00ea tem que estipular o que vai ver e em quanto tempo vai ver. Assim, fica f\u00e1cil saber o tempo de que realmente disp\u00f5e e o que consegue fazer com ele. E quem n\u00e3o est\u00e1 com edital na pra\u00e7a e precisa criar metas de volume para se manter \u201cna linha\u201d e motivado? Fixe uma data qualquer para acabar de ver um certo tanto de mat\u00e9ria. Simule o edital. <span style=\"color: #0000ff\"><strong>A<\/strong><strong> cria\u00e7\u00e3o de metas de volume s\u00f3 \u00e9 poss\u00edvel quando temos uma data final.<\/strong> <\/span>Isso porque a gente precisa se imaginar no dia da prova\/data estipulada com resultado pretendido. Voc\u00ea est\u00e1 com o edital rec\u00e9m-sa\u00eddo do forno nas ma\u00f5s e pensa: \u201cComo eu chego ao dia D muito afiado em Constitucional, Administrativo, Portugu\u00eas, Racioc\u00ednio L\u00f3gico&#8230;? Voc\u00ea pode n\u00e3o perceber, mas \u00e9 desse questionamento quase autom\u00e1tico (e t\u00e3o r\u00e1pido que \u00e9 at\u00e9 impercept\u00edvel) que todas as a\u00e7\u00f5es descritas acima se desenrolam.<span style=\"color: #0000ff\"><strong> Prestem aten\u00e7\u00e3o em um detalhe: Voc\u00ea se colocou l\u00e1 na frente, na data final, na linha de chegada e olhou para tr\u00e1s at\u00e9 o dia do edital. Voc\u00ea pensou no tempo DE TR\u00c1S PARA FRENTE.<\/strong><\/span><\/span><\/p>\n<p style=\"text-align: justify\"><span style=\"font-family: verdana, geneva, sans-serif\">Quando olhamos o tempo de forma n\u00e3o natural, n\u00e3o linear, temos muito mais clareza para tomar decis\u00f5es e priorizar. Para fazer um excelente plano Reta Final ter\u00e1 que se colocar no dia da prova e pensar \u201cO tempo acabou. O que eu fiz de bom? O que eu priorizei? Onde eu errei? Onde eu acertei? O que eu deveria ter feito de diferente se pudesse voltar no tempo?\u201d. Esse deve ser seu pensamento. <span style=\"color: #0000ff\"><strong>Repare que a chave para acertar uma proje\u00e7\u00e3o, independente de sua natureza, \u00e9 OLHAR O TEMPO DE TR\u00c1S PARA FRENTE.<\/strong><\/span><\/span><\/p>\n<p style=\"text-align: justify\"><span style=\"font-family: verdana, geneva, sans-serif\">Mas esse artigo n\u00e3o \u00e9 sobre metas de volume no concurso. Sobre isso n\u00f3s j\u00e1 conversamos antes. <span style=\"color: #0000ff\"><strong>Meu objetivo hoje \u00e9 que voc\u00eas usem esse ensinamento de tempo finito, prioriza\u00e7\u00e3o, metas de volume e olhar o tempo de tr\u00e1s para frente NA VIDA.<\/strong><\/span><\/span><\/p>\n<p style=\"text-align: justify\"><span style=\"font-family: verdana, geneva, sans-serif\"><span style=\"color: #ff0000\"><strong>VAMOS VOLTAR PARA A FILOSOFIA.<\/strong> <\/span>O que \u00e9 a vida sen\u00e3o o tempo entre o edital e a prova? Ui&#8230; t\u00f4 profunda&#8230;rs.. Mas gente, o princ\u00edpio \u00e9 o mesmo. <span style=\"color: #0000ff\"><strong>Tudo converge em usar sabiamente o curto tempo que se tem, certo? 2 meses ou 90 anos.<\/strong><\/span><\/span><\/p>\n<p style=\"text-align: justify\"><span style=\"color: #0000ff\"><strong><span style=\"font-family: verdana, geneva, sans-serif\">O que quero sugerir nesse artigo \u00e9 o uso do conceito de metas de volume para motivar e balizar a tomada de decis\u00f5es NA VIDA. \u201cAh&#8230; mas o que uma coisa tem a ver com outra?\u201d J\u00e1 explico.<\/span><\/strong><\/span><\/p>\n<p style=\"text-align: justify\"><span style=\"font-family: verdana, geneva, sans-serif\">Sabe uma das coisas mais legais que aprendi estudando (n\u00e3o s\u00f3 para concurso, mas a vida toda, lendo sobre assuntos diferentes&#8230;)? <span style=\"color: #ff0000\"><strong>\u00c9 que o conhecimento EXTRAPOLA e verdadeiramente INUNDA todas as outras \u00e1reas da sua vida.<\/strong><\/span> Cara, poucas coisas s\u00e3o t\u00e3o maneiras quanto isso. S\u00e9rio! <span style=\"color: #ff0000\"><strong>\u00c9 o fator multiplicador da intelig\u00eancia, o crescimento exponencial da capacidade de pensar, entender e interpretar o mundo.<\/strong> <\/span>Eu era p\u00e9ssima em matem\u00e1tica quando estava na escola. Eu tirava \u00f3timas notas sempre, mas enquanto meus irm\u00e3os (de exatas e eu \u2013 claramente \u2013 de humanas) estudavam&#8230; sei l\u00e1&#8230; 15 minutos para uma prova, eu estudava dias a fio. Meu pai sempre tinha que sentar comigo e pacientemente explicar mil vezes que (X + 2) ao quadrado n\u00e3o era X ao quadrado + 2 ao quadrado. Dei trabalho. S\u00e9culos depois, j\u00e1 formada em Jornalismo, fiz o Teste ANPAD para o mestrado de Administra\u00e7\u00e3o na UFES. Caia matem\u00e1tica, meu terror. Chamei meu pai para me ajudar. Sabe que conclus\u00e3o n\u00f3s 2 chegamos? Que eu tinha ficado muito sinistra em matem\u00e1tica, mod\u00e9stia \u00e0 parte&#8230; sem ter estudado nada de matem\u00e1tica por anos! Foi milagre? N\u00e3o! Foi resultado de leitura e muitos estudos em \u00e1reas diferentes que \u201cabriram\u201d minha mente para TUDO \u2013 inclusive para matem\u00e1tica.<span style=\"color: #ff0000\"><strong> E \u00e9 assim que \u201cuma coisa tem a ver com a outra\u201d.<\/strong><\/span><\/span><\/p>\n<p style=\"text-align: justify\"><span style=\"font-family: verdana, geneva, sans-serif\">Para os curiosos: Arrasei na prova, mas n\u00e3o ingressei no mestrado pois escolhi estudar para concursos.<\/span><\/p>\n<p style=\"text-align: justify\"><span style=\"font-family: verdana, geneva, sans-serif\"><span style=\"color: #0000ff\"><strong>Voc\u00ea tem uma data final na vida. Todos n\u00f3s temos. A gente n\u00e3o sabe qual \u00e9. Falei hoje que sem ter uma data final, n\u00e3o d\u00e1 para priorizar direitinho, tomar decis\u00f5es embasadas e criar as metas de volume na vida (de modo que cada marco aconte\u00e7a quando puder ser curtido ao m\u00e1ximo) para garantir que vamos priorizar o que realmente importa. O que fazer ent\u00e3o?<\/strong> <\/span>O mesmo que fazemos quando simulamos a exist\u00eancia de um edital: fixar uma data imagin\u00e1ria! Imagine que viver\u00e1 at\u00e9 os 90 anos. Olhe a vida de tr\u00e1s para frente no dia do seu anivers\u00e1rio de 90 anos.<\/span><\/p>\n<p style=\"text-align: justify\"><span style=\"color: #ff0000\"><strong><span style=\"font-family: verdana, geneva, sans-serif\">Ok&#8230; mas como fazer isso pode me ajudar a passar em um concurso?<\/span><\/strong><\/span><\/p>\n<p style=\"text-align: justify\"><span style=\"font-family: verdana, geneva, sans-serif\">Pode ser que hoje voc\u00ea esteja dedicando grande parte do seu tempo para algo abstraindo o fato de que a vida \u00e9 finita.<span style=\"color: #0000ff\"><strong> Se voc\u00ea estivesse bem idoso olhando para como dividiu seu tempo hoje, ficaria arrependido?<\/strong> <\/span>Ser\u00e1 que as 3 horas que passa na internet vendo bobagens n\u00e3o teriam sido melhor aproveitadas papeando com sua av\u00f3? Ou estudando para algo que gerasse um enorme impacto positivo na sua vida e na vida de quem te rodeia?<\/span><\/p>\n<p style=\"text-align: justify\"><span style=\"font-family: verdana, geneva, sans-serif\">CORTA, POR FIM, PARA SEU ANIVERS\u00c1RIO DE 90 ANOS. Imagine-se vendo as fotos da viagem para as Maldivas na comemora\u00e7\u00e3o das primeiras f\u00e9rias como servidor. As fotos da mudan\u00e7a para a casa dos seus sonhos que comprou alguns anos depois de aprovado. Imagine voc\u00ea conversando com seu filho, que est\u00e1 super feliz fazendo muito sucesso na carreira que ele adora e que s\u00f3 rolou porque voc\u00ea conseguiu dar uma boa escola para ele depois que virou servidor. <span style=\"color: #0000ff\"><strong>Tudo se resume a que fotos voc\u00ea quer ver no seu anivers\u00e1rio de 90 anos. Como voc\u00ea gostaria de ter vivido sua vida? Quem voc\u00ea gostaria de ter sido? O que voc\u00ea pode fazer agora para que tudo isso aconte\u00e7a?<\/strong><\/span><\/span><\/p>\n","protected":false},"excerpt":{"rendered":"<p>Bata um papinho com algum idoso. Ver\u00e1 que ele ter\u00e1 MUITA clareza sobre o que gostaria de ter feito e n\u00e3o fez na vida. Como ele gostaria de ter priorizado mais certas coisas em detrimento de outras. Eles possuem uma clareza que a gente n\u00e3o consegue ter com 30, 35, 40, 50 anos. N\u00e3o consegue [&hellip;]<\/p>\n","protected":false},"author":423,"featured_media":0,"comment_status":"open","ping_status":"open","sticky":false,"template":"","format":"standard","meta":{"post_tipo":"article","footnotes":""},"categories":[1],"tags":[],"tax_estado":[],"class_list":["post-81059","post","type-post","status-publish","format-standard","hentry","category-cursos-e-concursos"],"acf":[],"yoast_head":"<!-- This site is optimized with the Yoast SEO Premium plugin v27.2 (Yoast SEO v27.2) - https:\/\/yoast.com\/product\/yoast-seo-premium-wordpress\/ -->\n<title>De tr\u00e1s para frente<\/title>\n<meta name=\"robots\" content=\"index, follow, max-snippet:-1, max-image-preview:large, max-video-preview:-1\" \/>\n<link rel=\"canonical\" href=\"https:\/\/www.estrategiaconcursos.com.br\/blog\/81059-2\/\" \/>\n<meta property=\"og:locale\" content=\"pt_BR\" \/>\n<meta property=\"og:type\" content=\"article\" \/>\n<meta property=\"og:title\" content=\"De tr\u00e1s para frente\" \/>\n<meta property=\"og:description\" content=\"Bata um papinho com algum idoso. Ver\u00e1 que ele ter\u00e1 MUITA clareza sobre o que gostaria de ter feito e n\u00e3o fez na vida. Como ele gostaria de ter priorizado mais certas coisas em detrimento de outras. Eles possuem uma clareza que a gente n\u00e3o consegue ter com 30, 35, 40, 50 anos. N\u00e3o consegue [&hellip;]\" \/>\n<meta property=\"og:url\" content=\"https:\/\/www.estrategiaconcursos.com.br\/blog\/81059-2\/\" \/>\n<meta property=\"og:site_name\" content=\"Estrat\u00e9gia Concursos\" \/>\n<meta property=\"article:published_time\" content=\"2017-07-11T14:13:50+00:00\" \/>\n<meta property=\"article:modified_time\" content=\"2017-07-11T14:14:19+00:00\" \/>\n<meta name=\"author\" content=\"Gabriela Knoblauch\" \/>\n<meta name=\"twitter:card\" content=\"summary_large_image\" \/>\n<meta name=\"twitter:creator\" content=\"@EstratConcursos\" \/>\n<meta name=\"twitter:site\" content=\"@EstratConcursos\" \/>\n<meta name=\"twitter:label1\" content=\"Escrito por\" \/>\n\t<meta name=\"twitter:data1\" content=\"Gabriela Knoblauch\" \/>\n\t<meta name=\"twitter:label2\" content=\"Est. tempo de leitura\" \/>\n\t<meta name=\"twitter:data2\" content=\"7 minutos\" \/>\n<script type=\"application\/ld+json\" class=\"yoast-schema-graph\">{\"@context\":\"https:\/\/schema.org\",\"@graph\":[{\"@type\":\"NewsArticle\",\"@id\":\"https:\/\/www.estrategiaconcursos.com.br\/blog\/81059-2\/#article\",\"isPartOf\":{\"@id\":\"https:\/\/www.estrategiaconcursos.com.br\/blog\/81059-2\/\"},\"author\":{\"name\":\"Gabriela Knoblauch\",\"@id\":\"https:\/\/www.estrategiaconcursos.com.br\/blog\/#\/schema\/person\/622d93253cb9ef3af014a0ce658d184a\"},\"headline\":\"De tr\u00e1s para frente\",\"datePublished\":\"2017-07-11T14:13:50+00:00\",\"dateModified\":\"2017-07-11T14:14:19+00:00\",\"mainEntityOfPage\":{\"@id\":\"https:\/\/www.estrategiaconcursos.com.br\/blog\/81059-2\/\"},\"wordCount\":1333,\"commentCount\":27,\"publisher\":{\"@id\":\"https:\/\/www.estrategiaconcursos.com.br\/blog\/#organization\"},\"articleSection\":[\"Concursos P\u00fablicos\"],\"inLanguage\":\"pt-BR\",\"potentialAction\":[{\"@type\":\"CommentAction\",\"name\":\"Comment\",\"target\":[\"https:\/\/www.estrategiaconcursos.com.br\/blog\/81059-2\/#respond\"]}],\"copyrightYear\":\"2017\",\"copyrightHolder\":{\"@id\":\"https:\/\/www.estrategiaconcursos.com.br\/blog\/#organization\"}},{\"@type\":\"WebPage\",\"@id\":\"https:\/\/www.estrategiaconcursos.com.br\/blog\/81059-2\/\",\"url\":\"https:\/\/www.estrategiaconcursos.com.br\/blog\/81059-2\/\",\"name\":\"De tr\u00e1s para frente\",\"isPartOf\":{\"@id\":\"https:\/\/www.estrategiaconcursos.com.br\/blog\/#website\"},\"datePublished\":\"2017-07-11T14:13:50+00:00\",\"dateModified\":\"2017-07-11T14:14:19+00:00\",\"breadcrumb\":{\"@id\":\"https:\/\/www.estrategiaconcursos.com.br\/blog\/81059-2\/#breadcrumb\"},\"inLanguage\":\"pt-BR\",\"potentialAction\":[{\"@type\":\"ReadAction\",\"target\":[\"https:\/\/www.estrategiaconcursos.com.br\/blog\/81059-2\/\"]}]},{\"@type\":\"BreadcrumbList\",\"@id\":\"https:\/\/www.estrategiaconcursos.com.br\/blog\/81059-2\/#breadcrumb\",\"itemListElement\":[{\"@type\":\"ListItem\",\"position\":1,\"name\":\"In\u00edcio\",\"item\":\"https:\/\/www.estrategiaconcursos.com.br\/blog\/\"},{\"@type\":\"ListItem\",\"position\":2,\"name\":\"De tr\u00e1s para frente\"}]},{\"@type\":\"WebSite\",\"@id\":\"https:\/\/www.estrategiaconcursos.com.br\/blog\/#website\",\"url\":\"https:\/\/www.estrategiaconcursos.com.br\/blog\/\",\"name\":\"Estrat\u00e9gia Concursos\",\"description\":\"O blog da Estrat\u00e9gia Concursos traz not\u00edcias sobre concursos e artigos de professores oferecendo cursos para concursos (pdf + videaulas) no site.\",\"publisher\":{\"@id\":\"https:\/\/www.estrategiaconcursos.com.br\/blog\/#organization\"},\"potentialAction\":[{\"@type\":\"SearchAction\",\"target\":{\"@type\":\"EntryPoint\",\"urlTemplate\":\"https:\/\/www.estrategiaconcursos.com.br\/blog\/?s={search_term_string}\"},\"query-input\":{\"@type\":\"PropertyValueSpecification\",\"valueRequired\":true,\"valueName\":\"search_term_string\"}}],\"inLanguage\":\"pt-BR\"},{\"@type\":\"Organization\",\"@id\":\"https:\/\/www.estrategiaconcursos.com.br\/blog\/#organization\",\"name\":\"Estrat\u00e9gia Concursos\",\"url\":\"https:\/\/www.estrategiaconcursos.com.br\/blog\/\",\"logo\":{\"@type\":\"ImageObject\",\"inLanguage\":\"pt-BR\",\"@id\":\"https:\/\/www.estrategiaconcursos.com.br\/blog\/#\/schema\/logo\/image\/\",\"url\":\"https:\/\/dhg1h5j42swfq.cloudfront.net\/2025\/06\/03203428\/logo_concursos-1.jpg\",\"contentUrl\":\"https:\/\/dhg1h5j42swfq.cloudfront.net\/2025\/06\/03203428\/logo_concursos-1.jpg\",\"width\":230,\"height\":60,\"caption\":\"Estrat\u00e9gia Concursos\"},\"image\":{\"@id\":\"https:\/\/www.estrategiaconcursos.com.br\/blog\/#\/schema\/logo\/image\/\"},\"sameAs\":[\"https:\/\/x.com\/EstratConcursos\"]},{\"@type\":\"Person\",\"@id\":\"https:\/\/www.estrategiaconcursos.com.br\/blog\/#\/schema\/person\/622d93253cb9ef3af014a0ce658d184a\",\"name\":\"Gabriela Knoblauch\",\"image\":{\"@type\":\"ImageObject\",\"inLanguage\":\"pt-BR\",\"@id\":\"https:\/\/secure.gravatar.com\/avatar\/d26c5a121c8db2de08ffbc428752dadaae2055eefb797f261688ca1ac09b241f?s=96&d=mm&r=g\",\"url\":\"https:\/\/secure.gravatar.com\/avatar\/d26c5a121c8db2de08ffbc428752dadaae2055eefb797f261688ca1ac09b241f?s=96&d=mm&r=g\",\"contentUrl\":\"https:\/\/secure.gravatar.com\/avatar\/d26c5a121c8db2de08ffbc428752dadaae2055eefb797f261688ca1ac09b241f?s=96&d=mm&r=g\",\"caption\":\"Gabriela Knoblauch\"},\"description\":\"Acredito no poder da persist\u00eancia e na import\u00e2ncia da estrat\u00e9gia nos estudos para acelerar a aprova\u00e7\u00e3o. No meu curso de Coaching trabalho em 2 frentes: 1 - T\u00e9cnicas de estudo 2 - Intelig\u00eancia emocional para concursos Entendo que ambas s\u00e3o fundamentais para obter um resultado excelente em qualquer certame. Toda ter\u00e7a posto artigo no site sobre os temas citados. N\u00e3o perca! :)\",\"url\":\"https:\/\/www.estrategiaconcursos.com.br\/blog\/author\/gabrielaknobluachestrategiaconcursos-com-br\/\"}]}<\/script>\n<!-- \/ Yoast SEO Premium plugin. -->","yoast_head_json":{"title":"De tr\u00e1s para frente","robots":{"index":"index","follow":"follow","max-snippet":"max-snippet:-1","max-image-preview":"max-image-preview:large","max-video-preview":"max-video-preview:-1"},"canonical":"https:\/\/www.estrategiaconcursos.com.br\/blog\/81059-2\/","og_locale":"pt_BR","og_type":"article","og_title":"De tr\u00e1s para frente","og_description":"Bata um papinho com algum idoso. Ver\u00e1 que ele ter\u00e1 MUITA clareza sobre o que gostaria de ter feito e n\u00e3o fez na vida. Como ele gostaria de ter priorizado mais certas coisas em detrimento de outras. Eles possuem uma clareza que a gente n\u00e3o consegue ter com 30, 35, 40, 50 anos. N\u00e3o consegue [&hellip;]","og_url":"https:\/\/www.estrategiaconcursos.com.br\/blog\/81059-2\/","og_site_name":"Estrat\u00e9gia Concursos","article_published_time":"2017-07-11T14:13:50+00:00","article_modified_time":"2017-07-11T14:14:19+00:00","author":"Gabriela Knoblauch","twitter_card":"summary_large_image","twitter_creator":"@EstratConcursos","twitter_site":"@EstratConcursos","twitter_misc":{"Escrito por":"Gabriela Knoblauch","Est. tempo de leitura":"7 minutos"},"schema":{"@context":"https:\/\/schema.org","@graph":[{"@type":"NewsArticle","@id":"https:\/\/www.estrategiaconcursos.com.br\/blog\/81059-2\/#article","isPartOf":{"@id":"https:\/\/www.estrategiaconcursos.com.br\/blog\/81059-2\/"},"author":{"name":"Gabriela Knoblauch","@id":"https:\/\/www.estrategiaconcursos.com.br\/blog\/#\/schema\/person\/622d93253cb9ef3af014a0ce658d184a"},"headline":"De tr\u00e1s para frente","datePublished":"2017-07-11T14:13:50+00:00","dateModified":"2017-07-11T14:14:19+00:00","mainEntityOfPage":{"@id":"https:\/\/www.estrategiaconcursos.com.br\/blog\/81059-2\/"},"wordCount":1333,"commentCount":27,"publisher":{"@id":"https:\/\/www.estrategiaconcursos.com.br\/blog\/#organization"},"articleSection":["Concursos P\u00fablicos"],"inLanguage":"pt-BR","potentialAction":[{"@type":"CommentAction","name":"Comment","target":["https:\/\/www.estrategiaconcursos.com.br\/blog\/81059-2\/#respond"]}],"copyrightYear":"2017","copyrightHolder":{"@id":"https:\/\/www.estrategiaconcursos.com.br\/blog\/#organization"}},{"@type":"WebPage","@id":"https:\/\/www.estrategiaconcursos.com.br\/blog\/81059-2\/","url":"https:\/\/www.estrategiaconcursos.com.br\/blog\/81059-2\/","name":"De tr\u00e1s para frente","isPartOf":{"@id":"https:\/\/www.estrategiaconcursos.com.br\/blog\/#website"},"datePublished":"2017-07-11T14:13:50+00:00","dateModified":"2017-07-11T14:14:19+00:00","breadcrumb":{"@id":"https:\/\/www.estrategiaconcursos.com.br\/blog\/81059-2\/#breadcrumb"},"inLanguage":"pt-BR","potentialAction":[{"@type":"ReadAction","target":["https:\/\/www.estrategiaconcursos.com.br\/blog\/81059-2\/"]}]},{"@type":"BreadcrumbList","@id":"https:\/\/www.estrategiaconcursos.com.br\/blog\/81059-2\/#breadcrumb","itemListElement":[{"@type":"ListItem","position":1,"name":"In\u00edcio","item":"https:\/\/www.estrategiaconcursos.com.br\/blog\/"},{"@type":"ListItem","position":2,"name":"De tr\u00e1s para frente"}]},{"@type":"WebSite","@id":"https:\/\/www.estrategiaconcursos.com.br\/blog\/#website","url":"https:\/\/www.estrategiaconcursos.com.br\/blog\/","name":"Estrat\u00e9gia Concursos","description":"O blog da Estrat\u00e9gia Concursos traz not\u00edcias sobre concursos e artigos de professores oferecendo cursos para concursos (pdf + videaulas) no site.","publisher":{"@id":"https:\/\/www.estrategiaconcursos.com.br\/blog\/#organization"},"potentialAction":[{"@type":"SearchAction","target":{"@type":"EntryPoint","urlTemplate":"https:\/\/www.estrategiaconcursos.com.br\/blog\/?s={search_term_string}"},"query-input":{"@type":"PropertyValueSpecification","valueRequired":true,"valueName":"search_term_string"}}],"inLanguage":"pt-BR"},{"@type":"Organization","@id":"https:\/\/www.estrategiaconcursos.com.br\/blog\/#organization","name":"Estrat\u00e9gia Concursos","url":"https:\/\/www.estrategiaconcursos.com.br\/blog\/","logo":{"@type":"ImageObject","inLanguage":"pt-BR","@id":"https:\/\/www.estrategiaconcursos.com.br\/blog\/#\/schema\/logo\/image\/","url":"https:\/\/dhg1h5j42swfq.cloudfront.net\/2025\/06\/03203428\/logo_concursos-1.jpg","contentUrl":"https:\/\/dhg1h5j42swfq.cloudfront.net\/2025\/06\/03203428\/logo_concursos-1.jpg","width":230,"height":60,"caption":"Estrat\u00e9gia Concursos"},"image":{"@id":"https:\/\/www.estrategiaconcursos.com.br\/blog\/#\/schema\/logo\/image\/"},"sameAs":["https:\/\/x.com\/EstratConcursos"]},{"@type":"Person","@id":"https:\/\/www.estrategiaconcursos.com.br\/blog\/#\/schema\/person\/622d93253cb9ef3af014a0ce658d184a","name":"Gabriela Knoblauch","image":{"@type":"ImageObject","inLanguage":"pt-BR","@id":"https:\/\/secure.gravatar.com\/avatar\/d26c5a121c8db2de08ffbc428752dadaae2055eefb797f261688ca1ac09b241f?s=96&d=mm&r=g","url":"https:\/\/secure.gravatar.com\/avatar\/d26c5a121c8db2de08ffbc428752dadaae2055eefb797f261688ca1ac09b241f?s=96&d=mm&r=g","contentUrl":"https:\/\/secure.gravatar.com\/avatar\/d26c5a121c8db2de08ffbc428752dadaae2055eefb797f261688ca1ac09b241f?s=96&d=mm&r=g","caption":"Gabriela Knoblauch"},"description":"Acredito no poder da persist\u00eancia e na import\u00e2ncia da estrat\u00e9gia nos estudos para acelerar a aprova\u00e7\u00e3o. No meu curso de Coaching trabalho em 2 frentes: 1 - T\u00e9cnicas de estudo 2 - Intelig\u00eancia emocional para concursos Entendo que ambas s\u00e3o fundamentais para obter um resultado excelente em qualquer certame. Toda ter\u00e7a posto artigo no site sobre os temas citados. N\u00e3o perca! :)","url":"https:\/\/www.estrategiaconcursos.com.br\/blog\/author\/gabrielaknobluachestrategiaconcursos-com-br\/"}]}},"_links":{"self":[{"href":"https:\/\/www.estrategiaconcursos.com.br\/blog\/wp-json\/wp\/v2\/posts\/81059","targetHints":{"allow":["GET"]}}],"collection":[{"href":"https:\/\/www.estrategiaconcursos.com.br\/blog\/wp-json\/wp\/v2\/posts"}],"about":[{"href":"https:\/\/www.estrategiaconcursos.com.br\/blog\/wp-json\/wp\/v2\/types\/post"}],"author":[{"embeddable":true,"href":"https:\/\/www.estrategiaconcursos.com.br\/blog\/wp-json\/wp\/v2\/users\/423"}],"replies":[{"embeddable":true,"href":"https:\/\/www.estrategiaconcursos.com.br\/blog\/wp-json\/wp\/v2\/comments?post=81059"}],"version-history":[{"count":2,"href":"https:\/\/www.estrategiaconcursos.com.br\/blog\/wp-json\/wp\/v2\/posts\/81059\/revisions"}],"predecessor-version":[{"id":81078,"href":"https:\/\/www.estrategiaconcursos.com.br\/blog\/wp-json\/wp\/v2\/posts\/81059\/revisions\/81078"}],"wp:attachment":[{"href":"https:\/\/www.estrategiaconcursos.com.br\/blog\/wp-json\/wp\/v2\/media?parent=81059"}],"wp:term":[{"taxonomy":"category","embeddable":true,"href":"https:\/\/www.estrategiaconcursos.com.br\/blog\/wp-json\/wp\/v2\/categories?post=81059"},{"taxonomy":"post_tag","embeddable":true,"href":"https:\/\/www.estrategiaconcursos.com.br\/blog\/wp-json\/wp\/v2\/tags?post=81059"},{"taxonomy":"tax_estado","embeddable":true,"href":"https:\/\/www.estrategiaconcursos.com.br\/blog\/wp-json\/wp\/v2\/tax_estado?post=81059"}],"curies":[{"name":"wp","href":"https:\/\/api.w.org\/{rel}","templated":true}]}}