{"id":80732,"date":"2017-07-07T11:31:41","date_gmt":"2017-07-07T14:31:41","guid":{"rendered":"https:\/\/www.estrategiaconcursos.com.br\/blog\/?p=80732"},"modified":"2019-04-09T15:37:42","modified_gmt":"2019-04-09T18:37:42","slug":"semana-oab-vem-ai","status":"publish","type":"post","link":"https:\/\/www.estrategiaconcursos.com.br\/blog\/semana-oab-vem-ai\/","title":{"rendered":"Semana OAB vem a\u00ed!"},"content":{"rendered":"<p><img loading=\"lazy\" decoding=\"async\" class=\"aligncenter wp-image-80733 size-full\" src=\"https:\/\/dhg1h5j42swfq.cloudfront.net\/2017\/07\/06202012\/semana-oab.jpg\" alt=\"\" width=\"600\" height=\"250\" srcset=\"https:\/\/dhg1h5j42swfq.cloudfront.net\/2017\/07\/06202012\/semana-oab.jpg 600w, https:\/\/dhg1h5j42swfq.cloudfront.net\/2017\/07\/06202012\/semana-oab.jpg 300w\" sizes=\"auto, (max-width: 600px) 100vw, 600px\" \/><\/p>\n<p style=\"text-align: justify;\">Ol\u00e1 pessoal, a prova do XXIII Exame de Ordem se aproxima e, com ela, a preocupa\u00e7\u00e3o quanto \u00e0 revis\u00e3o dos conte\u00fados estudados.<\/p>\n<p style=\"text-align: justify;\">Um dos fatores fundamentais para um bom desempenho na primeira fase do Exame de Ordem \u00e9 dar aten\u00e7\u00e3o para os pontos centrais da mat\u00e9ria. Afinal, s\u00e3o 17 disciplinas, com conte\u00fados extensos.<\/p>\n<p style=\"text-align: justify;\">Evidentemente que voc\u00ea n\u00e3o conseguir\u00e1 memorizar todo o conte\u00fado te\u00f3rico de Direito Civil, por exemplo. Contudo, conforme nos ensina o Prof. Paulo Sousa, n\u00e3o h\u00e1 como ir para a prova do dia 23\/7 sem estudar direitos de personalidade. O mesmo se aplica ao Direito Constitucional. Vai estudar tudo ou priorizar temas como controle de constitucionalidade e direitos e deveres individuais? Segundo os Profs. Ricardo Vale e Diego Cerqueira, esses assuntos s\u00e3o frequentes na prova objetiva do Exame de Ordem.<\/p>\n<p style=\"text-align: justify;\">Nos pr\u00f3ximos dias vamos comentar sobre os assuntos mais cobrados no Exame de Ordem. Continue nos acompanhando\u2026<\/p>\n<p style=\"text-align: justify;\">Justamente com o intuito de bem revisar os assuntos mais importantes, vem a\u00ed a Semana OAB!<\/p>\n<p style=\"text-align: justify;\">Dos dias 16 a 22 de julho, faremos, ao vivo e gratuitamente, uma revis\u00e3o estrat\u00e9gica, atacando os principais pontos cobrados na prova objetiva. Ser\u00e1 um prazer t\u00ea-los conosco. Saiba das dicas mais importantes, dos pontos centrais, tire suas d\u00favidas pelo chat com nossos professores.<\/p>\n<p style=\"text-align: justify;\">Inscreva-se no banner abaixo:<\/p>\n<p><a href=\"http:\/\/www.estrategiaoab.com.br\/gratis\/revisao-com-estrategia\/\"><img loading=\"lazy\" decoding=\"async\" class=\"aligncenter wp-image-80740 size-full\" src=\"https:\/\/dhg1h5j42swfq.cloudfront.net\/2017\/07\/06203541\/semana-oab-22.jpg\" alt=\"\" width=\"668\" height=\"355\" srcset=\"https:\/\/dhg1h5j42swfq.cloudfront.net\/2017\/07\/06203541\/semana-oab-22.jpg 668w, https:\/\/dhg1h5j42swfq.cloudfront.net\/2017\/07\/06203541\/semana-oab-22.jpg 300w, https:\/\/dhg1h5j42swfq.cloudfront.net\/2017\/07\/06203541\/semana-oab-22.jpg 610w\" sizes=\"auto, (max-width: 668px) 100vw, 668px\" \/><\/a><\/p>\n<p>Confira a programa\u00e7\u00e3o:<\/p>\n<p><a href=\"http:\/\/www.estrategiaoab.com.br\/gratis\/revisao-com-estrategia\/\"><img loading=\"lazy\" decoding=\"async\" class=\"aligncenter wp-image-80741 size-full\" src=\"https:\/\/dhg1h5j42swfq.cloudfront.net\/2017\/07\/06203622\/semana-oab-31.jpg\" alt=\"\" width=\"990\" height=\"567\" srcset=\"https:\/\/dhg1h5j42swfq.cloudfront.net\/2017\/07\/06203622\/semana-oab-31.jpg 990w, https:\/\/dhg1h5j42swfq.cloudfront.net\/2017\/07\/06203622\/semana-oab-31.jpg 300w, https:\/\/dhg1h5j42swfq.cloudfront.net\/2017\/07\/06203622\/semana-oab-31.jpg 768w, https:\/\/dhg1h5j42swfq.cloudfront.net\/2017\/07\/06203622\/semana-oab-31.jpg 610w\" sizes=\"auto, (max-width: 990px) 100vw, 990px\" \/><\/a><\/p>\n<p style=\"text-align: justify;\">Como os hor\u00e1rios das transmiss\u00f5es podem ser alterados em raz\u00e3o da agenda e disponibilidade t\u00e9cnica dos nossos est\u00fadios, inscreva-se na nossa p\u00e1gina especial para receber e-mails e materiais para a sua prova:<\/p>\n<p style=\"text-align: justify;\"><a href=\"http:\/\/www.estrategiaoab.com.br\/gratis\/revisao-com-estrategia\/\" target=\"_blank\" rel=\"noopener noreferrer\">QUERO ME INSCREVER NA SEMANA OAB<\/a><\/p>\n<p style=\"text-align: justify;\">Qualquer d\u00favida, entre em contato conosco.<\/p>\n<p style=\"text-align: justify;\">Claro, se voc\u00ea \u00e9 nosso aluno, fica como sugest\u00e3o imprimir e ter em m\u00e3os os\u00a0<a href=\"https:\/\/www.estrategiaconcursos.com.br\/curso\/pacote-completo-p-oab-1-fase-com-videoaulas-201703140503\/\" target=\"_blank\" rel=\"noopener noreferrer\">resumos de reta final<\/a>, gratuitamente disponibilizado em nossos cursos. Assim voc\u00ea chegar\u00e1 aquecido para o evento, para sanar as d\u00favidas finais para a prova! Lembre tamb\u00e9m de fazer os\u00a0<a href=\"https:\/\/www.estrategiaconcursos.com.br\/curso\/pacote-completo-p-oab-1-fase-com-videoaulas-201703140503\/\" target=\"_blank\" rel=\"noopener noreferrer\">simulados in\u00e9ditos<\/a>, tamb\u00e9m disponibilizados gratuitamente para voc\u00ea, aluno do pacote. O condicionamento de prova \u00e9 fundamental, a final s\u00e3o 5 horas para resolver 80 quest\u00f5es de variadas mat\u00e9rias.<\/p>\n<p style=\"text-align: justify;\">\u00c9 isso, vou ficando por aqui!<\/p>\n<p style=\"text-align: justify;\">At\u00e9 breve,<\/p>\n<p style=\"text-align: justify;\">Prof. Ricardo Torques<\/p>\n","protected":false},"excerpt":{"rendered":"<p>Ol\u00e1 pessoal, a prova do XXIII Exame de Ordem se aproxima e, com ela, a preocupa\u00e7\u00e3o quanto \u00e0 revis\u00e3o dos conte\u00fados estudados. Um dos fatores fundamentais para um bom desempenho na primeira fase do Exame de Ordem \u00e9 dar aten\u00e7\u00e3o para os pontos centrais da mat\u00e9ria. Afinal, s\u00e3o 17 disciplinas, com conte\u00fados extensos. Evidentemente que [&hellip;]<\/p>\n","protected":false},"author":180,"featured_media":0,"comment_status":"open","ping_status":"open","sticky":false,"template":"","format":"standard","meta":{"post_tipo":"article","footnotes":""},"categories":[1],"tags":[2731,71,1976],"tax_estado":[],"class_list":["post-80732","post","type-post","status-publish","format-standard","hentry","category-cursos-e-concursos","tag-exame-oab-xxiii","tag-oab","tag-semana-oab"],"acf":[],"yoast_head":"<!-- This site is optimized with the Yoast SEO Premium plugin v27.2 (Yoast SEO v27.2) - https:\/\/yoast.com\/product\/yoast-seo-premium-wordpress\/ -->\n<title>Semana OAB vem a\u00ed!<\/title>\n<meta name=\"robots\" content=\"index, follow, max-snippet:-1, max-image-preview:large, max-video-preview:-1\" \/>\n<link rel=\"canonical\" href=\"https:\/\/www.estrategiaconcursos.com.br\/blog\/semana-oab-vem-ai\/\" \/>\n<meta property=\"og:locale\" content=\"pt_BR\" \/>\n<meta property=\"og:type\" content=\"article\" \/>\n<meta property=\"og:title\" content=\"Semana OAB vem a\u00ed!\" \/>\n<meta property=\"og:description\" content=\"Ol\u00e1 pessoal, a prova do XXIII Exame de Ordem se aproxima e, com ela, a preocupa\u00e7\u00e3o quanto \u00e0 revis\u00e3o dos conte\u00fados estudados. Um dos fatores fundamentais para um bom desempenho na primeira fase do Exame de Ordem \u00e9 dar aten\u00e7\u00e3o para os pontos centrais da mat\u00e9ria. Afinal, s\u00e3o 17 disciplinas, com conte\u00fados extensos. Evidentemente que [&hellip;]\" \/>\n<meta property=\"og:url\" content=\"https:\/\/www.estrategiaconcursos.com.br\/blog\/semana-oab-vem-ai\/\" \/>\n<meta property=\"og:site_name\" content=\"Estrat\u00e9gia Concursos\" \/>\n<meta property=\"article:author\" content=\"https:\/\/www.facebook.com\/ricardo.s.torques\" \/>\n<meta property=\"article:published_time\" content=\"2017-07-07T14:31:41+00:00\" \/>\n<meta property=\"article:modified_time\" content=\"2019-04-09T18:37:42+00:00\" \/>\n<meta property=\"og:image\" content=\"https:\/\/www.estrategiaconcursos.com.br\/blog\/wp-content\/uploads\/2017\/07\/semana-oab.jpg\" \/>\n<meta name=\"author\" content=\"Ricardo Torques\" \/>\n<meta name=\"twitter:card\" content=\"summary_large_image\" \/>\n<meta name=\"twitter:creator\" content=\"@EstratConcursos\" \/>\n<meta name=\"twitter:site\" content=\"@EstratConcursos\" \/>\n<meta name=\"twitter:label1\" content=\"Escrito por\" \/>\n\t<meta name=\"twitter:data1\" content=\"Ricardo Torques\" \/>\n\t<meta name=\"twitter:label2\" content=\"Est. tempo de leitura\" \/>\n\t<meta name=\"twitter:data2\" content=\"2 minutos\" \/>\n<script type=\"application\/ld+json\" class=\"yoast-schema-graph\">{\"@context\":\"https:\/\/schema.org\",\"@graph\":[{\"@type\":\"NewsArticle\",\"@id\":\"https:\/\/www.estrategiaconcursos.com.br\/blog\/semana-oab-vem-ai\/#article\",\"isPartOf\":{\"@id\":\"https:\/\/www.estrategiaconcursos.com.br\/blog\/semana-oab-vem-ai\/\"},\"author\":{\"name\":\"Ricardo Torques\",\"@id\":\"https:\/\/www.estrategiaconcursos.com.br\/blog\/#\/schema\/person\/aa39cf5ddb518e5bdce27c35788405e2\"},\"headline\":\"Semana OAB vem a\u00ed!\",\"datePublished\":\"2017-07-07T14:31:41+00:00\",\"dateModified\":\"2019-04-09T18:37:42+00:00\",\"mainEntityOfPage\":{\"@id\":\"https:\/\/www.estrategiaconcursos.com.br\/blog\/semana-oab-vem-ai\/\"},\"wordCount\":370,\"commentCount\":2,\"publisher\":{\"@id\":\"https:\/\/www.estrategiaconcursos.com.br\/blog\/#organization\"},\"image\":{\"@id\":\"https:\/\/www.estrategiaconcursos.com.br\/blog\/semana-oab-vem-ai\/#primaryimage\"},\"thumbnailUrl\":\"https:\/\/www.estrategiaconcursos.com.br\/blog\/wp-content\/uploads\/2017\/07\/semana-oab.jpg\",\"keywords\":[\"Exame OAB XXIII\",\"OAB\",\"Semana OAB\"],\"articleSection\":[\"Concursos P\u00fablicos\"],\"inLanguage\":\"pt-BR\",\"potentialAction\":[{\"@type\":\"CommentAction\",\"name\":\"Comment\",\"target\":[\"https:\/\/www.estrategiaconcursos.com.br\/blog\/semana-oab-vem-ai\/#respond\"]}],\"copyrightYear\":\"2017\",\"copyrightHolder\":{\"@id\":\"https:\/\/www.estrategiaconcursos.com.br\/blog\/#organization\"}},{\"@type\":\"WebPage\",\"@id\":\"https:\/\/www.estrategiaconcursos.com.br\/blog\/semana-oab-vem-ai\/\",\"url\":\"https:\/\/www.estrategiaconcursos.com.br\/blog\/semana-oab-vem-ai\/\",\"name\":\"Semana OAB vem a\u00ed!\",\"isPartOf\":{\"@id\":\"https:\/\/www.estrategiaconcursos.com.br\/blog\/#website\"},\"primaryImageOfPage\":{\"@id\":\"https:\/\/www.estrategiaconcursos.com.br\/blog\/semana-oab-vem-ai\/#primaryimage\"},\"image\":{\"@id\":\"https:\/\/www.estrategiaconcursos.com.br\/blog\/semana-oab-vem-ai\/#primaryimage\"},\"thumbnailUrl\":\"https:\/\/www.estrategiaconcursos.com.br\/blog\/wp-content\/uploads\/2017\/07\/semana-oab.jpg\",\"datePublished\":\"2017-07-07T14:31:41+00:00\",\"dateModified\":\"2019-04-09T18:37:42+00:00\",\"breadcrumb\":{\"@id\":\"https:\/\/www.estrategiaconcursos.com.br\/blog\/semana-oab-vem-ai\/#breadcrumb\"},\"inLanguage\":\"pt-BR\",\"potentialAction\":[{\"@type\":\"ReadAction\",\"target\":[\"https:\/\/www.estrategiaconcursos.com.br\/blog\/semana-oab-vem-ai\/\"]}]},{\"@type\":\"ImageObject\",\"inLanguage\":\"pt-BR\",\"@id\":\"https:\/\/www.estrategiaconcursos.com.br\/blog\/semana-oab-vem-ai\/#primaryimage\",\"url\":\"https:\/\/dhg1h5j42swfq.cloudfront.net\/2017\/07\/06202012\/semana-oab.jpg\",\"contentUrl\":\"https:\/\/dhg1h5j42swfq.cloudfront.net\/2017\/07\/06202012\/semana-oab.jpg\",\"width\":600,\"height\":250},{\"@type\":\"BreadcrumbList\",\"@id\":\"https:\/\/www.estrategiaconcursos.com.br\/blog\/semana-oab-vem-ai\/#breadcrumb\",\"itemListElement\":[{\"@type\":\"ListItem\",\"position\":1,\"name\":\"In\u00edcio\",\"item\":\"https:\/\/www.estrategiaconcursos.com.br\/blog\/\"},{\"@type\":\"ListItem\",\"position\":2,\"name\":\"Semana OAB vem a\u00ed!\"}]},{\"@type\":\"WebSite\",\"@id\":\"https:\/\/www.estrategiaconcursos.com.br\/blog\/#website\",\"url\":\"https:\/\/www.estrategiaconcursos.com.br\/blog\/\",\"name\":\"Estrat\u00e9gia Concursos\",\"description\":\"O blog da Estrat\u00e9gia Concursos traz not\u00edcias sobre concursos e artigos de professores oferecendo cursos para concursos (pdf + videaulas) no site.\",\"publisher\":{\"@id\":\"https:\/\/www.estrategiaconcursos.com.br\/blog\/#organization\"},\"potentialAction\":[{\"@type\":\"SearchAction\",\"target\":{\"@type\":\"EntryPoint\",\"urlTemplate\":\"https:\/\/www.estrategiaconcursos.com.br\/blog\/?s={search_term_string}\"},\"query-input\":{\"@type\":\"PropertyValueSpecification\",\"valueRequired\":true,\"valueName\":\"search_term_string\"}}],\"inLanguage\":\"pt-BR\"},{\"@type\":\"Organization\",\"@id\":\"https:\/\/www.estrategiaconcursos.com.br\/blog\/#organization\",\"name\":\"Estrat\u00e9gia Concursos\",\"url\":\"https:\/\/www.estrategiaconcursos.com.br\/blog\/\",\"logo\":{\"@type\":\"ImageObject\",\"inLanguage\":\"pt-BR\",\"@id\":\"https:\/\/www.estrategiaconcursos.com.br\/blog\/#\/schema\/logo\/image\/\",\"url\":\"https:\/\/dhg1h5j42swfq.cloudfront.net\/2025\/06\/03203428\/logo_concursos-1.jpg\",\"contentUrl\":\"https:\/\/dhg1h5j42swfq.cloudfront.net\/2025\/06\/03203428\/logo_concursos-1.jpg\",\"width\":230,\"height\":60,\"caption\":\"Estrat\u00e9gia Concursos\"},\"image\":{\"@id\":\"https:\/\/www.estrategiaconcursos.com.br\/blog\/#\/schema\/logo\/image\/\"},\"sameAs\":[\"https:\/\/x.com\/EstratConcursos\"]},{\"@type\":\"Person\",\"@id\":\"https:\/\/www.estrategiaconcursos.com.br\/blog\/#\/schema\/person\/aa39cf5ddb518e5bdce27c35788405e2\",\"name\":\"Ricardo Torques\",\"image\":{\"@type\":\"ImageObject\",\"inLanguage\":\"pt-BR\",\"@id\":\"https:\/\/secure.gravatar.com\/avatar\/ce9ac6c3cff25fe86d15ed568ebc64d1724baf5c0693133bcb1f6073f712f92a?s=96&d=mm&r=g\",\"url\":\"https:\/\/secure.gravatar.com\/avatar\/ce9ac6c3cff25fe86d15ed568ebc64d1724baf5c0693133bcb1f6073f712f92a?s=96&d=mm&r=g\",\"contentUrl\":\"https:\/\/secure.gravatar.com\/avatar\/ce9ac6c3cff25fe86d15ed568ebc64d1724baf5c0693133bcb1f6073f712f92a?s=96&d=mm&r=g\",\"caption\":\"Ricardo Torques\"},\"sameAs\":[\"https:\/\/www.facebook.com\/ricardo.s.torques\"],\"url\":\"https:\/\/www.estrategiaconcursos.com.br\/blog\/author\/ricardotorquesestrategiaconcursos-com-br\/\"}]}<\/script>\n<!-- \/ Yoast SEO Premium plugin. -->","yoast_head_json":{"title":"Semana OAB vem a\u00ed!","robots":{"index":"index","follow":"follow","max-snippet":"max-snippet:-1","max-image-preview":"max-image-preview:large","max-video-preview":"max-video-preview:-1"},"canonical":"https:\/\/www.estrategiaconcursos.com.br\/blog\/semana-oab-vem-ai\/","og_locale":"pt_BR","og_type":"article","og_title":"Semana OAB vem a\u00ed!","og_description":"Ol\u00e1 pessoal, a prova do XXIII Exame de Ordem se aproxima e, com ela, a preocupa\u00e7\u00e3o quanto \u00e0 revis\u00e3o dos conte\u00fados estudados. Um dos fatores fundamentais para um bom desempenho na primeira fase do Exame de Ordem \u00e9 dar aten\u00e7\u00e3o para os pontos centrais da mat\u00e9ria. Afinal, s\u00e3o 17 disciplinas, com conte\u00fados extensos. Evidentemente que [&hellip;]","og_url":"https:\/\/www.estrategiaconcursos.com.br\/blog\/semana-oab-vem-ai\/","og_site_name":"Estrat\u00e9gia Concursos","article_author":"https:\/\/www.facebook.com\/ricardo.s.torques","article_published_time":"2017-07-07T14:31:41+00:00","article_modified_time":"2019-04-09T18:37:42+00:00","og_image":[{"url":"https:\/\/www.estrategiaconcursos.com.br\/blog\/wp-content\/uploads\/2017\/07\/semana-oab.jpg","type":"","width":"","height":""}],"author":"Ricardo Torques","twitter_card":"summary_large_image","twitter_creator":"@EstratConcursos","twitter_site":"@EstratConcursos","twitter_misc":{"Escrito por":"Ricardo Torques","Est. tempo de leitura":"2 minutos"},"schema":{"@context":"https:\/\/schema.org","@graph":[{"@type":"NewsArticle","@id":"https:\/\/www.estrategiaconcursos.com.br\/blog\/semana-oab-vem-ai\/#article","isPartOf":{"@id":"https:\/\/www.estrategiaconcursos.com.br\/blog\/semana-oab-vem-ai\/"},"author":{"name":"Ricardo Torques","@id":"https:\/\/www.estrategiaconcursos.com.br\/blog\/#\/schema\/person\/aa39cf5ddb518e5bdce27c35788405e2"},"headline":"Semana OAB vem a\u00ed!","datePublished":"2017-07-07T14:31:41+00:00","dateModified":"2019-04-09T18:37:42+00:00","mainEntityOfPage":{"@id":"https:\/\/www.estrategiaconcursos.com.br\/blog\/semana-oab-vem-ai\/"},"wordCount":370,"commentCount":2,"publisher":{"@id":"https:\/\/www.estrategiaconcursos.com.br\/blog\/#organization"},"image":{"@id":"https:\/\/www.estrategiaconcursos.com.br\/blog\/semana-oab-vem-ai\/#primaryimage"},"thumbnailUrl":"https:\/\/www.estrategiaconcursos.com.br\/blog\/wp-content\/uploads\/2017\/07\/semana-oab.jpg","keywords":["Exame OAB XXIII","OAB","Semana OAB"],"articleSection":["Concursos P\u00fablicos"],"inLanguage":"pt-BR","potentialAction":[{"@type":"CommentAction","name":"Comment","target":["https:\/\/www.estrategiaconcursos.com.br\/blog\/semana-oab-vem-ai\/#respond"]}],"copyrightYear":"2017","copyrightHolder":{"@id":"https:\/\/www.estrategiaconcursos.com.br\/blog\/#organization"}},{"@type":"WebPage","@id":"https:\/\/www.estrategiaconcursos.com.br\/blog\/semana-oab-vem-ai\/","url":"https:\/\/www.estrategiaconcursos.com.br\/blog\/semana-oab-vem-ai\/","name":"Semana OAB vem a\u00ed!","isPartOf":{"@id":"https:\/\/www.estrategiaconcursos.com.br\/blog\/#website"},"primaryImageOfPage":{"@id":"https:\/\/www.estrategiaconcursos.com.br\/blog\/semana-oab-vem-ai\/#primaryimage"},"image":{"@id":"https:\/\/www.estrategiaconcursos.com.br\/blog\/semana-oab-vem-ai\/#primaryimage"},"thumbnailUrl":"https:\/\/www.estrategiaconcursos.com.br\/blog\/wp-content\/uploads\/2017\/07\/semana-oab.jpg","datePublished":"2017-07-07T14:31:41+00:00","dateModified":"2019-04-09T18:37:42+00:00","breadcrumb":{"@id":"https:\/\/www.estrategiaconcursos.com.br\/blog\/semana-oab-vem-ai\/#breadcrumb"},"inLanguage":"pt-BR","potentialAction":[{"@type":"ReadAction","target":["https:\/\/www.estrategiaconcursos.com.br\/blog\/semana-oab-vem-ai\/"]}]},{"@type":"ImageObject","inLanguage":"pt-BR","@id":"https:\/\/www.estrategiaconcursos.com.br\/blog\/semana-oab-vem-ai\/#primaryimage","url":"https:\/\/dhg1h5j42swfq.cloudfront.net\/2017\/07\/06202012\/semana-oab.jpg","contentUrl":"https:\/\/dhg1h5j42swfq.cloudfront.net\/2017\/07\/06202012\/semana-oab.jpg","width":600,"height":250},{"@type":"BreadcrumbList","@id":"https:\/\/www.estrategiaconcursos.com.br\/blog\/semana-oab-vem-ai\/#breadcrumb","itemListElement":[{"@type":"ListItem","position":1,"name":"In\u00edcio","item":"https:\/\/www.estrategiaconcursos.com.br\/blog\/"},{"@type":"ListItem","position":2,"name":"Semana OAB vem a\u00ed!"}]},{"@type":"WebSite","@id":"https:\/\/www.estrategiaconcursos.com.br\/blog\/#website","url":"https:\/\/www.estrategiaconcursos.com.br\/blog\/","name":"Estrat\u00e9gia Concursos","description":"O blog da Estrat\u00e9gia Concursos traz not\u00edcias sobre concursos e artigos de professores oferecendo cursos para concursos (pdf + videaulas) no site.","publisher":{"@id":"https:\/\/www.estrategiaconcursos.com.br\/blog\/#organization"},"potentialAction":[{"@type":"SearchAction","target":{"@type":"EntryPoint","urlTemplate":"https:\/\/www.estrategiaconcursos.com.br\/blog\/?s={search_term_string}"},"query-input":{"@type":"PropertyValueSpecification","valueRequired":true,"valueName":"search_term_string"}}],"inLanguage":"pt-BR"},{"@type":"Organization","@id":"https:\/\/www.estrategiaconcursos.com.br\/blog\/#organization","name":"Estrat\u00e9gia Concursos","url":"https:\/\/www.estrategiaconcursos.com.br\/blog\/","logo":{"@type":"ImageObject","inLanguage":"pt-BR","@id":"https:\/\/www.estrategiaconcursos.com.br\/blog\/#\/schema\/logo\/image\/","url":"https:\/\/dhg1h5j42swfq.cloudfront.net\/2025\/06\/03203428\/logo_concursos-1.jpg","contentUrl":"https:\/\/dhg1h5j42swfq.cloudfront.net\/2025\/06\/03203428\/logo_concursos-1.jpg","width":230,"height":60,"caption":"Estrat\u00e9gia Concursos"},"image":{"@id":"https:\/\/www.estrategiaconcursos.com.br\/blog\/#\/schema\/logo\/image\/"},"sameAs":["https:\/\/x.com\/EstratConcursos"]},{"@type":"Person","@id":"https:\/\/www.estrategiaconcursos.com.br\/blog\/#\/schema\/person\/aa39cf5ddb518e5bdce27c35788405e2","name":"Ricardo Torques","image":{"@type":"ImageObject","inLanguage":"pt-BR","@id":"https:\/\/secure.gravatar.com\/avatar\/ce9ac6c3cff25fe86d15ed568ebc64d1724baf5c0693133bcb1f6073f712f92a?s=96&d=mm&r=g","url":"https:\/\/secure.gravatar.com\/avatar\/ce9ac6c3cff25fe86d15ed568ebc64d1724baf5c0693133bcb1f6073f712f92a?s=96&d=mm&r=g","contentUrl":"https:\/\/secure.gravatar.com\/avatar\/ce9ac6c3cff25fe86d15ed568ebc64d1724baf5c0693133bcb1f6073f712f92a?s=96&d=mm&r=g","caption":"Ricardo Torques"},"sameAs":["https:\/\/www.facebook.com\/ricardo.s.torques"],"url":"https:\/\/www.estrategiaconcursos.com.br\/blog\/author\/ricardotorquesestrategiaconcursos-com-br\/"}]}},"_links":{"self":[{"href":"https:\/\/www.estrategiaconcursos.com.br\/blog\/wp-json\/wp\/v2\/posts\/80732","targetHints":{"allow":["GET"]}}],"collection":[{"href":"https:\/\/www.estrategiaconcursos.com.br\/blog\/wp-json\/wp\/v2\/posts"}],"about":[{"href":"https:\/\/www.estrategiaconcursos.com.br\/blog\/wp-json\/wp\/v2\/types\/post"}],"author":[{"embeddable":true,"href":"https:\/\/www.estrategiaconcursos.com.br\/blog\/wp-json\/wp\/v2\/users\/180"}],"replies":[{"embeddable":true,"href":"https:\/\/www.estrategiaconcursos.com.br\/blog\/wp-json\/wp\/v2\/comments?post=80732"}],"version-history":[{"count":4,"href":"https:\/\/www.estrategiaconcursos.com.br\/blog\/wp-json\/wp\/v2\/posts\/80732\/revisions"}],"predecessor-version":[{"id":80765,"href":"https:\/\/www.estrategiaconcursos.com.br\/blog\/wp-json\/wp\/v2\/posts\/80732\/revisions\/80765"}],"wp:attachment":[{"href":"https:\/\/www.estrategiaconcursos.com.br\/blog\/wp-json\/wp\/v2\/media?parent=80732"}],"wp:term":[{"taxonomy":"category","embeddable":true,"href":"https:\/\/www.estrategiaconcursos.com.br\/blog\/wp-json\/wp\/v2\/categories?post=80732"},{"taxonomy":"post_tag","embeddable":true,"href":"https:\/\/www.estrategiaconcursos.com.br\/blog\/wp-json\/wp\/v2\/tags?post=80732"},{"taxonomy":"tax_estado","embeddable":true,"href":"https:\/\/www.estrategiaconcursos.com.br\/blog\/wp-json\/wp\/v2\/tax_estado?post=80732"}],"curies":[{"name":"wp","href":"https:\/\/api.w.org\/{rel}","templated":true}]}}